{"id":41369,"date":"2025-09-18T10:28:24","date_gmt":"2025-09-18T08:28:24","guid":{"rendered":"https:\/\/www.italpassion.fr\/?p=41369"},"modified":"2025-09-18T10:28:24","modified_gmt":"2025-09-18T08:28:24","slug":"o-condutor-do-falso-ferrari-f1-revela-o-video-da-sua-detencao","status":"publish","type":"post","link":"https:\/\/www.italpassion.fr\/pt\/ferrari\/le-pilote-de-la-fausse-ferrari-f1-devoile-la-video-de-son-arrestation\/","title":{"rendered":"O piloto do falso Ferrari de F1 revela o v\u00eddeo da sua deten\u00e7\u00e3o"},"content":{"rendered":"<figure class=\"wp-block-image size-full\"><img loading=\"lazy\" decoding=\"async\" width=\"1200\" height=\"800\" src=\"https:\/\/www.italpassion.fr\/wp-content\/uploads\/2025\/09\/pilote-arrestataion.jpg\" alt=\"\" class=\"wp-image-41372\" srcset=\"https:\/\/www.italpassion.fr\/wp-content\/uploads\/2025\/09\/pilote-arrestataion.jpg 1200w, https:\/\/www.italpassion.fr\/wp-content\/uploads\/2025\/09\/pilote-arrestataion-420x280.jpg 420w, https:\/\/www.italpassion.fr\/wp-content\/uploads\/2025\/09\/pilote-arrestataion-768x512.jpg 768w, https:\/\/www.italpassion.fr\/wp-content\/uploads\/2025\/09\/pilote-arrestataion-18x12.jpg 18w\" sizes=\"auto, (max-width: 1200px) 100vw, 1200px\" \/><\/figure>\n\n\n\n<p>Era como uma cena de cinema: um monolugar vermelho, pintado com as cores da <a href=\"https:\/\/www.italpassion.fr\/pt\/ferrari\/\">Ferrari<\/a>O carro, sem matr\u00edcula nem indicadores, percorreu os quil\u00f3metros na D4, parou para abastecer e regressou \u00e0 aldeia, onde o esperava um verdadeiro enxame de pol\u00edcias e um helic\u00f3ptero. Dez dias depois de as primeiras imagens terem sido difundidas pelos meios de comunica\u00e7\u00e3o social e pelas redes sociais, o canal do Youtube TrackZone, ligado ao presum\u00edvel propriet\u00e1rio, publicou o v\u00eddeo completo da deten\u00e7\u00e3o. E, desta vez, o espet\u00e1culo n\u00e3o \u00e9 nada parecido com um cortejo glamoroso: \u00e9 um confronto tenso e surreal entre um homem de capacete e a pol\u00edcia.<\/p>\n\n\n\n<h2 class=\"wp-block-heading\">A deten\u00e7\u00e3o que p\u00f5e fim a seis anos de fuga<\/h2>\n\n\n\n<p>A cronologia \u00e9 agora clara: o monolugar j\u00e1 tinha sido noticiado v\u00e1rias vezes desde 2019 nesta mesma rota a sudoeste de Praga, sempre filmado, sempre conduzido por um capacete sem rosto vis\u00edvel, e v\u00e1rios v\u00eddeos virais mantiveram a lenda viva. Em 7 de setembro de 2025, os automobilistas relataram novamente a paragem do monolugar numa esta\u00e7\u00e3o de servi\u00e7o da Shell perto de Dob\u0159\u00ed\u0161; a pol\u00edcia mobilizou patrulhas e um helic\u00f3ptero, seguiu o comboio at\u00e9 \u00e0 aldeia de Buk e intercetou-o. O condutor, um homem de 51 anos, foi finalmente identificado e levado para a esquadra da pol\u00edcia.<\/p>\n\n\n\n<figure class=\"wp-block-image size-full\"><img loading=\"lazy\" decoding=\"async\" width=\"1200\" height=\"800\" src=\"https:\/\/www.italpassion.fr\/wp-content\/uploads\/2025\/09\/ferrari-f1-arrest.jpg\" alt=\"\" class=\"wp-image-41370\" srcset=\"https:\/\/www.italpassion.fr\/wp-content\/uploads\/2025\/09\/ferrari-f1-arrest.jpg 1200w, https:\/\/www.italpassion.fr\/wp-content\/uploads\/2025\/09\/ferrari-f1-arrest-420x280.jpg 420w, https:\/\/www.italpassion.fr\/wp-content\/uploads\/2025\/09\/ferrari-f1-arrest-768x512.jpg 768w, https:\/\/www.italpassion.fr\/wp-content\/uploads\/2025\/09\/ferrari-f1-arrest-18x12.jpg 18w\" sizes=\"auto, (max-width: 1200px) 100vw, 1200px\" \/><\/figure>\n\n\n\n<h2 class=\"wp-block-heading\">O v\u00eddeo da TrackZone revela tudo<\/h2>\n\n\n\n<p>O v\u00eddeo publicado pela TrackZone conta a hist\u00f3ria de um ponto de vista direto: primeiro, vemos o carro a sair da estrada numa carreata (o monolugar acompanhado por um Ferrari F40 e um Lamborghini Murci\u00e9lago), com alguns planos e acelera\u00e7\u00f5es bem conseguidos - tudo parece ter sido filmado para dar nas vistas. Depois, a caminho de casa, um companheiro avisa: \"H\u00e1 pol\u00edcias por todo o lado na esta\u00e7\u00e3o de servi\u00e7o SHELL, literalmente por todo o lado. Vemos a caravana estacionar e tentar rebocar o monolugar com um Skoda que parece pertencer ao filho do condutor; \u00e9 nesta altura que a pol\u00edcia aparece e come\u00e7a a troca de imagens.<\/p>\n\n\n\n<p>O di\u00e1logo, por si s\u00f3, resume todo o caso:<br>- Pol\u00edcia: \"Ol\u00e1 senhor, saia do seu ve\u00edculo...\".<br>- Piloto: \"Creio que est\u00e3o em propriedade privada, meus senhores\".<br>- Pol\u00edcia: \"Em nome da lei, a pol\u00edcia ordena-lhe que se identifique, est\u00e1 bem?<br>- Piloto: \"Tem um mandado de busca? Abandonem esta propriedade privada\".<\/p>\n\n\n\n<p>O padr\u00e3o repete-se durante quase dez minutos: o condutor recusa-se a identificar-se, alegando que n\u00e3o tem mandado, enquanto a pol\u00edcia lhe recorda a suspeita de infra\u00e7\u00e3o e a legalidade da sua interven\u00e7\u00e3o. No final, o condutor entrega-se \u00e0 pol\u00edcia.<\/p>\n\n\n\n<figure class=\"wp-block-image size-full\"><img loading=\"lazy\" decoding=\"async\" width=\"1200\" height=\"800\" src=\"https:\/\/www.italpassion.fr\/wp-content\/uploads\/2025\/09\/ferrari-f1-arrest-2.jpg\" alt=\"\" class=\"wp-image-41371\" srcset=\"https:\/\/www.italpassion.fr\/wp-content\/uploads\/2025\/09\/ferrari-f1-arrest-2.jpg 1200w, https:\/\/www.italpassion.fr\/wp-content\/uploads\/2025\/09\/ferrari-f1-arrest-2-420x280.jpg 420w, https:\/\/www.italpassion.fr\/wp-content\/uploads\/2025\/09\/ferrari-f1-arrest-2-768x512.jpg 768w, https:\/\/www.italpassion.fr\/wp-content\/uploads\/2025\/09\/ferrari-f1-arrest-2-18x12.jpg 18w\" sizes=\"auto, (max-width: 1200px) 100vw, 1200px\" \/><\/figure>\n\n\n\n<h2 class=\"wp-block-heading\">F1, Dallara GPF1 de 2006 ou Dallara GP2 de 2008?<\/h2>\n\n\n\n<p>Do ponto de vista t\u00e9cnico, circulam v\u00e1rias vers\u00f5es: o carro, embora vestido como um \"Ferrari\", n\u00e3o \u00e9 muito provavelmente um carro de F1 moderno. Alguns observadores referem-se a um chassis Dallara GP2 de 2008 com V8 de aspira\u00e7\u00e3o natural; o filho do propriet\u00e1rio, num v\u00eddeo anterior, refere-se a um \"Ferrari Dallara GPF1 de 2006\". A d\u00favida alimenta a curiosidade... e o p\u00fablico.<\/p>\n\n\n\n<p>O v\u00eddeo aproximou-se rapidamente das 300.000 visualiza\u00e7\u00f5es, com quase 3.000 coment\u00e1rios. O tom dominante: tro\u00e7a e indigna\u00e7\u00e3o com a atitude do piloto, e respeito pela paci\u00eancia dos pol\u00edcias. Muitos resumiram o epis\u00f3dio numa frase: \"de her\u00f3i a zero\".<\/p>\n\n\n\n<h2 class=\"wp-block-heading\">O que \u00e9 que acontece ao condutor?<\/h2>\n\n\n\n<p>O caso foi remetido para as autoridades administrativas: coima(s) pesada(s), poss\u00edvel retirada da carta de condu\u00e7\u00e3o e imobiliza\u00e7\u00e3o de um ve\u00edculo que n\u00e3o est\u00e1 homologado nem segurado. Os v\u00eddeos anteriores - incluindo os da autoestrada - poder\u00e3o ser utilizados para avaliar as infrac\u00e7\u00f5es. \u00c9 de salientar que os testes n\u00e3o revelaram a presen\u00e7a de \u00e1lcool ou de drogas no momento da deten\u00e7\u00e3o.<\/p>\n\n\n\n<figure class=\"wp-block-embed is-type-video is-provider-youtube wp-block-embed-youtube wp-embed-aspect-16-9 wp-has-aspect-ratio\"><div class=\"wp-block-embed__wrapper\">\n<iframe loading=\"lazy\" title=\"O que acontece quando um carro de F1 bate v\u00e1rias vezes na autoestrada?\" width=\"1200\" height=\"675\" src=\"https:\/\/www.youtube-nocookie.com\/embed\/65kM1y820E4?feature=oembed\" frameborder=\"0\" allow=\"accelerometer; autoplay; clipboard-write; encrypted-media; gyroscope; picture-in-picture; web-share\" referrerpolicy=\"strict-origin-when-cross-origin\" allowfullscreen><\/iframe>\n<\/div><\/figure>","protected":false},"excerpt":{"rendered":"","protected":false},"author":1,"featured_media":41372,"comment_status":"open","ping_status":"open","sticky":false,"template":"","format":"standard","meta":{"_acf_changed":false,"_sitemap_exclude":false,"_sitemap_priority":"","_sitemap_frequency":"","footnotes":""},"categories":[23],"tags":[],"class_list":["post-41369","post","type-post","status-publish","format-standard","has-post-thumbnail","hentry","category-ferrari","generate-columns","tablet-grid-50","mobile-grid-100","grid-parent","grid-33"],"acf":[],"yoast_head":"<!-- This site is optimized with the Yoast SEO plugin v25.8 - https:\/\/yoast.com\/wordpress\/plugins\/seo\/ -->\n<title>Le pilote de la fausse Ferrari F1 d\u00e9voile la vid\u00e9o de son arrestation - ItalPassion<\/title>\n<meta name=\"description\" content=\"On aurait dit une sc\u00e8ne \u00e9crite pour le cin\u00e9ma : une monoplace rouge, peinte aux couleurs de Ferrari, sans plaques ni clignotants, avale les kilom\u00e8tres sur\" \/>\n<meta name=\"robots\" content=\"index, follow, max-snippet:-1, max-image-preview:large, max-video-preview:-1\" \/>\n<link rel=\"canonical\" href=\"https:\/\/www.italpassion.fr\/pt\/ferrari\/o-condutor-do-falso-ferrari-f1-revela-o-video-da-sua-detencao\/\" \/>\n<meta property=\"og:locale\" content=\"pt_PT\" \/>\n<meta property=\"og:type\" content=\"article\" \/>\n<meta property=\"og:title\" content=\"Le pilote de la fausse Ferrari F1 d\u00e9voile la vid\u00e9o de son arrestation - ItalPassion\" \/>\n<meta property=\"og:description\" content=\"On aurait dit une sc\u00e8ne \u00e9crite pour le cin\u00e9ma : une monoplace rouge, peinte aux couleurs de Ferrari, sans plaques ni clignotants, avale les kilom\u00e8tres sur\" \/>\n<meta property=\"og:url\" content=\"https:\/\/www.italpassion.fr\/pt\/ferrari\/o-condutor-do-falso-ferrari-f1-revela-o-video-da-sua-detencao\/\" \/>\n<meta property=\"og:site_name\" content=\"ItalPassion\" \/>\n<meta property=\"article:publisher\" content=\"https:\/\/www.facebook.com\/italpassion\" \/>\n<meta property=\"article:published_time\" content=\"2025-09-18T08:28:24+00:00\" \/>\n<meta property=\"og:image\" content=\"https:\/\/www.italpassion.fr\/wp-content\/uploads\/2025\/09\/pilote-arrestataion.jpg\" \/>\n\t<meta property=\"og:image:width\" content=\"1200\" \/>\n\t<meta property=\"og:image:height\" content=\"800\" \/>\n\t<meta property=\"og:image:type\" content=\"image\/jpeg\" \/>\n<meta name=\"author\" content=\"Alexandre Filluzeau\" \/>\n<meta name=\"twitter:card\" content=\"summary_large_image\" \/>\n<meta name=\"twitter:creator\" content=\"@italpassion\" \/>\n<meta name=\"twitter:site\" content=\"@italpassion\" \/>\n<script type=\"application\/ld+json\" class=\"yoast-schema-graph\">{\"@context\":\"https:\/\/schema.org\",\"@graph\":[{\"@type\":\"NewsArticle\",\"@id\":\"https:\/\/www.italpassion.fr\/pt\/ferrari\/le-pilote-de-la-fausse-ferrari-f1-devoile-la-video-de-son-arrestation\/#article\",\"isPartOf\":{\"@id\":\"https:\/\/www.italpassion.fr\/pt\/ferrari\/le-pilote-de-la-fausse-ferrari-f1-devoile-la-video-de-son-arrestation\/\"},\"author\":{\"name\":\"Alexandre Filluzeau\",\"@id\":\"https:\/\/www.italpassion.fr\/pt\/#\/schema\/person\/36f747b2a759ca202d847e85a9434ca0\"},\"headline\":\"Le pilote de la fausse Ferrari F1 d\u00e9voile la vid\u00e9o de son arrestation\",\"datePublished\":\"2025-09-18T08:28:24+00:00\",\"mainEntityOfPage\":{\"@id\":\"https:\/\/www.italpassion.fr\/pt\/ferrari\/le-pilote-de-la-fausse-ferrari-f1-devoile-la-video-de-son-arrestation\/\"},\"wordCount\":677,\"commentCount\":0,\"publisher\":{\"@id\":\"https:\/\/www.italpassion.fr\/pt\/#organization\"},\"image\":{\"@id\":\"https:\/\/www.italpassion.fr\/pt\/ferrari\/le-pilote-de-la-fausse-ferrari-f1-devoile-la-video-de-son-arrestation\/#primaryimage\"},\"thumbnailUrl\":\"https:\/\/www.italpassion.fr\/wp-content\/uploads\/2025\/09\/pilote-arrestataion.jpg\",\"articleSection\":[\"Ferrari\"],\"inLanguage\":\"pt-PT\",\"potentialAction\":[{\"@type\":\"CommentAction\",\"name\":\"Comment\",\"target\":[\"https:\/\/www.italpassion.fr\/pt\/ferrari\/le-pilote-de-la-fausse-ferrari-f1-devoile-la-video-de-son-arrestation\/#respond\"]}]},{\"@type\":\"WebPage\",\"@id\":\"https:\/\/www.italpassion.fr\/pt\/ferrari\/le-pilote-de-la-fausse-ferrari-f1-devoile-la-video-de-son-arrestation\/\",\"url\":\"https:\/\/www.italpassion.fr\/pt\/ferrari\/le-pilote-de-la-fausse-ferrari-f1-devoile-la-video-de-son-arrestation\/\",\"name\":\"Le pilote de la fausse Ferrari F1 d\u00e9voile la vid\u00e9o de son arrestation - ItalPassion\",\"isPartOf\":{\"@id\":\"https:\/\/www.italpassion.fr\/pt\/#website\"},\"primaryImageOfPage\":{\"@id\":\"https:\/\/www.italpassion.fr\/pt\/ferrari\/le-pilote-de-la-fausse-ferrari-f1-devoile-la-video-de-son-arrestation\/#primaryimage\"},\"image\":{\"@id\":\"https:\/\/www.italpassion.fr\/pt\/ferrari\/le-pilote-de-la-fausse-ferrari-f1-devoile-la-video-de-son-arrestation\/#primaryimage\"},\"thumbnailUrl\":\"https:\/\/www.italpassion.fr\/wp-content\/uploads\/2025\/09\/pilote-arrestataion.jpg\",\"datePublished\":\"2025-09-18T08:28:24+00:00\",\"description\":\"On aurait dit une sc\u00e8ne \u00e9crite pour le cin\u00e9ma : une monoplace rouge, peinte aux couleurs de Ferrari, sans plaques ni clignotants, avale les kilom\u00e8tres sur\",\"breadcrumb\":{\"@id\":\"https:\/\/www.italpassion.fr\/pt\/ferrari\/le-pilote-de-la-fausse-ferrari-f1-devoile-la-video-de-son-arrestation\/#breadcrumb\"},\"inLanguage\":\"pt-PT\",\"potentialAction\":[{\"@type\":\"ReadAction\",\"target\":[\"https:\/\/www.italpassion.fr\/pt\/ferrari\/le-pilote-de-la-fausse-ferrari-f1-devoile-la-video-de-son-arrestation\/\"]}]},{\"@type\":\"ImageObject\",\"inLanguage\":\"pt-PT\",\"@id\":\"https:\/\/www.italpassion.fr\/pt\/ferrari\/le-pilote-de-la-fausse-ferrari-f1-devoile-la-video-de-son-arrestation\/#primaryimage\",\"url\":\"https:\/\/www.italpassion.fr\/wp-content\/uploads\/2025\/09\/pilote-arrestataion.jpg\",\"contentUrl\":\"https:\/\/www.italpassion.fr\/wp-content\/uploads\/2025\/09\/pilote-arrestataion.jpg\",\"width\":1200,\"height\":800},{\"@type\":\"BreadcrumbList\",\"@id\":\"https:\/\/www.italpassion.fr\/pt\/ferrari\/le-pilote-de-la-fausse-ferrari-f1-devoile-la-video-de-son-arrestation\/#breadcrumb\",\"itemListElement\":[{\"@type\":\"ListItem\",\"position\":1,\"name\":\"Accueil\",\"item\":\"https:\/\/www.italpassion.fr\/pt\/\"},{\"@type\":\"ListItem\",\"position\":2,\"name\":\"Le pilote de la fausse Ferrari F1 d\u00e9voile la vid\u00e9o de son arrestation\"}]},{\"@type\":\"WebSite\",\"@id\":\"https:\/\/www.italpassion.fr\/pt\/#website\",\"url\":\"https:\/\/www.italpassion.fr\/pt\/\",\"name\":\"ItalPassion\",\"description\":\"Les Passionn\u00e9s d&#039;Automobiles Italiennes\",\"publisher\":{\"@id\":\"https:\/\/www.italpassion.fr\/pt\/#organization\"},\"potentialAction\":[{\"@type\":\"SearchAction\",\"target\":{\"@type\":\"EntryPoint\",\"urlTemplate\":\"https:\/\/www.italpassion.fr\/pt\/?s={search_term_string}\"},\"query-input\":{\"@type\":\"PropertyValueSpecification\",\"valueRequired\":true,\"valueName\":\"search_term_string\"}}],\"inLanguage\":\"pt-PT\"},{\"@type\":\"Organization\",\"@id\":\"https:\/\/www.italpassion.fr\/pt\/#organization\",\"name\":\"Italpassion\",\"url\":\"https:\/\/www.italpassion.fr\/pt\/\",\"logo\":{\"@type\":\"ImageObject\",\"inLanguage\":\"pt-PT\",\"@id\":\"https:\/\/www.italpassion.fr\/pt\/#\/schema\/logo\/image\/\",\"url\":\"https:\/\/www.italpassion.fr\/wp-content\/uploads\/2023\/07\/italpassion-yoast.jpg\",\"contentUrl\":\"https:\/\/www.italpassion.fr\/wp-content\/uploads\/2023\/07\/italpassion-yoast.jpg\",\"width\":696,\"height\":696,\"caption\":\"Italpassion\"},\"image\":{\"@id\":\"https:\/\/www.italpassion.fr\/pt\/#\/schema\/logo\/image\/\"},\"sameAs\":[\"https:\/\/www.facebook.com\/italpassion\",\"https:\/\/x.com\/italpassion\",\"https:\/\/www.instagram.com\/italpassionfr\/\",\"https:\/\/www.youtube.com\/channel\/UCleq-ByQaA42OjhopwevRjQ\",\"https:\/\/www.facebook.com\/italpassion.en\/\",\"https:\/\/www.facebook.com\/italpassion.it\/\",\"https:\/\/www.facebook.com\/italpassion.de\/\",\"https:\/\/www.facebook.com\/italpassion.ja\/\"]},{\"@type\":\"Person\",\"@id\":\"https:\/\/www.italpassion.fr\/pt\/#\/schema\/person\/36f747b2a759ca202d847e85a9434ca0\",\"name\":\"Alexandre Filluzeau\",\"image\":{\"@type\":\"ImageObject\",\"inLanguage\":\"pt-PT\",\"@id\":\"https:\/\/www.italpassion.fr\/pt\/#\/schema\/person\/image\/\",\"url\":\"https:\/\/www.italpassion.fr\/wp-content\/uploads\/2025\/04\/avatar-alexandre-160x160.jpg\",\"contentUrl\":\"https:\/\/www.italpassion.fr\/wp-content\/uploads\/2025\/04\/avatar-alexandre-160x160.jpg\",\"caption\":\"Alexandre Filluzeau\"},\"description\":\"Fondateur du site ItalPassion, passionn\u00e9 de voitures italiennes et de l'Italie en g\u00e9n\u00e9ral. J'apporte un regard critique et technique aux actualit\u00e9s des marques italiennes quand cela est possible. Propri\u00e9taire d'une Maserati GranTurismo, Alfa Romeo MiTo, Lancia Fulvia et Ducati 695. Ex-propri\u00e9taire d'une Alfa Romeo Giulia.\",\"sameAs\":[\"https:\/\/www.italpassion.fr\/\"],\"url\":\"https:\/\/www.italpassion.fr\/pt\/author\/alexandre\/\"}]}<\/script>\n<!-- \/ Yoast SEO plugin. -->","yoast_head_json":{"title":"O piloto do falso Ferrari de F1 revela o v\u00eddeo da sua deten\u00e7\u00e3o - ItalPassion","description":"Parecia uma cena de cinema: um monovolume vermelho, pintado com as cores da Ferrari, sem matr\u00edcula nem indicadores, desce a estrada em","robots":{"index":"index","follow":"follow","max-snippet":"max-snippet:-1","max-image-preview":"max-image-preview:large","max-video-preview":"max-video-preview:-1"},"canonical":"https:\/\/www.italpassion.fr\/pt\/ferrari\/o-condutor-do-falso-ferrari-f1-revela-o-video-da-sua-detencao\/","og_locale":"pt_PT","og_type":"article","og_title":"Le pilote de la fausse Ferrari F1 d\u00e9voile la vid\u00e9o de son arrestation - ItalPassion","og_description":"On aurait dit une sc\u00e8ne \u00e9crite pour le cin\u00e9ma : une monoplace rouge, peinte aux couleurs de Ferrari, sans plaques ni clignotants, avale les kilom\u00e8tres sur","og_url":"https:\/\/www.italpassion.fr\/pt\/ferrari\/o-condutor-do-falso-ferrari-f1-revela-o-video-da-sua-detencao\/","og_site_name":"ItalPassion","article_publisher":"https:\/\/www.facebook.com\/italpassion","article_published_time":"2025-09-18T08:28:24+00:00","og_image":[{"width":1200,"height":800,"url":"https:\/\/www.italpassion.fr\/wp-content\/uploads\/2025\/09\/pilote-arrestataion.jpg","type":"image\/jpeg"}],"author":"Alexandre Filluzeau","twitter_card":"summary_large_image","twitter_creator":"@italpassion","twitter_site":"@italpassion","schema":{"@context":"https:\/\/schema.org","@graph":[{"@type":"NewsArticle","@id":"https:\/\/www.italpassion.fr\/pt\/ferrari\/le-pilote-de-la-fausse-ferrari-f1-devoile-la-video-de-son-arrestation\/#article","isPartOf":{"@id":"https:\/\/www.italpassion.fr\/pt\/ferrari\/le-pilote-de-la-fausse-ferrari-f1-devoile-la-video-de-son-arrestation\/"},"author":{"name":"Alexandre Filluzeau","@id":"https:\/\/www.italpassion.fr\/pt\/#\/schema\/person\/36f747b2a759ca202d847e85a9434ca0"},"headline":"Le pilote de la fausse Ferrari F1 d\u00e9voile la vid\u00e9o de son arrestation","datePublished":"2025-09-18T08:28:24+00:00","mainEntityOfPage":{"@id":"https:\/\/www.italpassion.fr\/pt\/ferrari\/le-pilote-de-la-fausse-ferrari-f1-devoile-la-video-de-son-arrestation\/"},"wordCount":677,"commentCount":0,"publisher":{"@id":"https:\/\/www.italpassion.fr\/pt\/#organization"},"image":{"@id":"https:\/\/www.italpassion.fr\/pt\/ferrari\/le-pilote-de-la-fausse-ferrari-f1-devoile-la-video-de-son-arrestation\/#primaryimage"},"thumbnailUrl":"https:\/\/www.italpassion.fr\/wp-content\/uploads\/2025\/09\/pilote-arrestataion.jpg","articleSection":["Ferrari"],"inLanguage":"pt-PT","potentialAction":[{"@type":"CommentAction","name":"Comment","target":["https:\/\/www.italpassion.fr\/pt\/ferrari\/le-pilote-de-la-fausse-ferrari-f1-devoile-la-video-de-son-arrestation\/#respond"]}]},{"@type":"WebPage","@id":"https:\/\/www.italpassion.fr\/pt\/ferrari\/le-pilote-de-la-fausse-ferrari-f1-devoile-la-video-de-son-arrestation\/","url":"https:\/\/www.italpassion.fr\/pt\/ferrari\/le-pilote-de-la-fausse-ferrari-f1-devoile-la-video-de-son-arrestation\/","name":"O piloto do falso Ferrari de F1 revela o v\u00eddeo da sua deten\u00e7\u00e3o - ItalPassion","isPartOf":{"@id":"https:\/\/www.italpassion.fr\/pt\/#website"},"primaryImageOfPage":{"@id":"https:\/\/www.italpassion.fr\/pt\/ferrari\/le-pilote-de-la-fausse-ferrari-f1-devoile-la-video-de-son-arrestation\/#primaryimage"},"image":{"@id":"https:\/\/www.italpassion.fr\/pt\/ferrari\/le-pilote-de-la-fausse-ferrari-f1-devoile-la-video-de-son-arrestation\/#primaryimage"},"thumbnailUrl":"https:\/\/www.italpassion.fr\/wp-content\/uploads\/2025\/09\/pilote-arrestataion.jpg","datePublished":"2025-09-18T08:28:24+00:00","description":"Parecia uma cena de cinema: um monovolume vermelho, pintado com as cores da Ferrari, sem matr\u00edcula nem indicadores, desce a estrada em","breadcrumb":{"@id":"https:\/\/www.italpassion.fr\/pt\/ferrari\/le-pilote-de-la-fausse-ferrari-f1-devoile-la-video-de-son-arrestation\/#breadcrumb"},"inLanguage":"pt-PT","potentialAction":[{"@type":"ReadAction","target":["https:\/\/www.italpassion.fr\/pt\/ferrari\/le-pilote-de-la-fausse-ferrari-f1-devoile-la-video-de-son-arrestation\/"]}]},{"@type":"ImageObject","inLanguage":"pt-PT","@id":"https:\/\/www.italpassion.fr\/pt\/ferrari\/le-pilote-de-la-fausse-ferrari-f1-devoile-la-video-de-son-arrestation\/#primaryimage","url":"https:\/\/www.italpassion.fr\/wp-content\/uploads\/2025\/09\/pilote-arrestataion.jpg","contentUrl":"https:\/\/www.italpassion.fr\/wp-content\/uploads\/2025\/09\/pilote-arrestataion.jpg","width":1200,"height":800},{"@type":"BreadcrumbList","@id":"https:\/\/www.italpassion.fr\/pt\/ferrari\/le-pilote-de-la-fausse-ferrari-f1-devoile-la-video-de-son-arrestation\/#breadcrumb","itemListElement":[{"@type":"ListItem","position":1,"name":"Accueil","item":"https:\/\/www.italpassion.fr\/pt\/"},{"@type":"ListItem","position":2,"name":"Le pilote de la fausse Ferrari F1 d\u00e9voile la vid\u00e9o de son arrestation"}]},{"@type":"WebSite","@id":"https:\/\/www.italpassion.fr\/pt\/#website","url":"https:\/\/www.italpassion.fr\/pt\/","name":"ItalPassion","description":"Entusiastas de autom\u00f3veis italianos","publisher":{"@id":"https:\/\/www.italpassion.fr\/pt\/#organization"},"potentialAction":[{"@type":"SearchAction","target":{"@type":"EntryPoint","urlTemplate":"https:\/\/www.italpassion.fr\/pt\/?s={search_term_string}"},"query-input":{"@type":"PropertyValueSpecification","valueRequired":true,"valueName":"search_term_string"}}],"inLanguage":"pt-PT"},{"@type":"Organization","@id":"https:\/\/www.italpassion.fr\/pt\/#organization","name":"Italpassion","url":"https:\/\/www.italpassion.fr\/pt\/","logo":{"@type":"ImageObject","inLanguage":"pt-PT","@id":"https:\/\/www.italpassion.fr\/pt\/#\/schema\/logo\/image\/","url":"https:\/\/www.italpassion.fr\/wp-content\/uploads\/2023\/07\/italpassion-yoast.jpg","contentUrl":"https:\/\/www.italpassion.fr\/wp-content\/uploads\/2023\/07\/italpassion-yoast.jpg","width":696,"height":696,"caption":"Italpassion"},"image":{"@id":"https:\/\/www.italpassion.fr\/pt\/#\/schema\/logo\/image\/"},"sameAs":["https:\/\/www.facebook.com\/italpassion","https:\/\/x.com\/italpassion","https:\/\/www.instagram.com\/italpassionfr\/","https:\/\/www.youtube.com\/channel\/UCleq-ByQaA42OjhopwevRjQ","https:\/\/www.facebook.com\/italpassion.en\/","https:\/\/www.facebook.com\/italpassion.it\/","https:\/\/www.facebook.com\/italpassion.de\/","https:\/\/www.facebook.com\/italpassion.ja\/"]},{"@type":"Person","@id":"https:\/\/www.italpassion.fr\/pt\/#\/schema\/person\/36f747b2a759ca202d847e85a9434ca0","name":"Alexandre Filluzeau","image":{"@type":"ImageObject","inLanguage":"pt-PT","@id":"https:\/\/www.italpassion.fr\/pt\/#\/schema\/person\/image\/","url":"https:\/\/www.italpassion.fr\/wp-content\/uploads\/2025\/04\/avatar-alexandre-160x160.jpg","contentUrl":"https:\/\/www.italpassion.fr\/wp-content\/uploads\/2025\/04\/avatar-alexandre-160x160.jpg","caption":"Alexandre Filluzeau"},"description":"Fundador do site ItalPassion, apaixonado por carros italianos e pela It\u00e1lia em geral. Trago um olhar cr\u00edtico e t\u00e9cnico \u00e0s not\u00edcias das marcas italianas, sempre que poss\u00edvel. Propriet\u00e1ria de um Maserati GranTurismo, Alfa Romeo MiTo, Lancia Fulvia e Ducati 695. Ex-propriet\u00e1rio de uma Alfa Romeo Giulia.","sameAs":["https:\/\/www.italpassion.fr\/"],"url":"https:\/\/www.italpassion.fr\/pt\/author\/alexandre\/"}]}},"_links":{"self":[{"href":"https:\/\/www.italpassion.fr\/pt\/wp-json\/wp\/v2\/posts\/41369","targetHints":{"allow":["GET"]}}],"collection":[{"href":"https:\/\/www.italpassion.fr\/pt\/wp-json\/wp\/v2\/posts"}],"about":[{"href":"https:\/\/www.italpassion.fr\/pt\/wp-json\/wp\/v2\/types\/post"}],"author":[{"embeddable":true,"href":"https:\/\/www.italpassion.fr\/pt\/wp-json\/wp\/v2\/users\/1"}],"replies":[{"embeddable":true,"href":"https:\/\/www.italpassion.fr\/pt\/wp-json\/wp\/v2\/comments?post=41369"}],"version-history":[{"count":1,"href":"https:\/\/www.italpassion.fr\/pt\/wp-json\/wp\/v2\/posts\/41369\/revisions"}],"predecessor-version":[{"id":41373,"href":"https:\/\/www.italpassion.fr\/pt\/wp-json\/wp\/v2\/posts\/41369\/revisions\/41373"}],"wp:featuredmedia":[{"embeddable":true,"href":"https:\/\/www.italpassion.fr\/pt\/wp-json\/wp\/v2\/media\/41372"}],"wp:attachment":[{"href":"https:\/\/www.italpassion.fr\/pt\/wp-json\/wp\/v2\/media?parent=41369"}],"wp:term":[{"taxonomy":"category","embeddable":true,"href":"https:\/\/www.italpassion.fr\/pt\/wp-json\/wp\/v2\/categories?post=41369"},{"taxonomy":"post_tag","embeddable":true,"href":"https:\/\/www.italpassion.fr\/pt\/wp-json\/wp\/v2\/tags?post=41369"}],"curies":[{"name":"wp","href":"https:\/\/api.w.org\/{rel}","templated":true}]}}