{"id":41275,"date":"2025-09-15T11:05:45","date_gmt":"2025-09-15T09:05:45","guid":{"rendered":"https:\/\/www.italpassion.fr\/?p=41275"},"modified":"2025-09-15T11:05:45","modified_gmt":"2025-09-15T09:05:45","slug":"o-novo-ferrari-849-quase-nao-se-chamava-testarossa","status":"publish","type":"post","link":"https:\/\/www.italpassion.fr\/pt\/ferrari\/la-nouvelle-ferrari-849-a-failli-ne-pas-sappeler-testarossa\/","title":{"rendered":"O novo Ferrari 849 quase n\u00e3o se chamava Testarossa"},"content":{"rendered":"<figure class=\"wp-block-image size-full\"><img loading=\"lazy\" decoding=\"async\" width=\"1200\" height=\"800\" src=\"https:\/\/www.italpassion.fr\/wp-content\/uploads\/2025\/09\/ferrari-849-testarossa-M.jpg\" alt=\"\" class=\"wp-image-41246\" srcset=\"https:\/\/www.italpassion.fr\/wp-content\/uploads\/2025\/09\/ferrari-849-testarossa-M.jpg 1200w, https:\/\/www.italpassion.fr\/wp-content\/uploads\/2025\/09\/ferrari-849-testarossa-M-420x280.jpg 420w, https:\/\/www.italpassion.fr\/wp-content\/uploads\/2025\/09\/ferrari-849-testarossa-M-768x512.jpg 768w, https:\/\/www.italpassion.fr\/wp-content\/uploads\/2025\/09\/ferrari-849-testarossa-M-18x12.jpg 18w\" sizes=\"auto, (max-width: 1200px) 100vw, 1200px\" \/><\/figure>\n\n\n\n<p>Quando foi revelado a 9 de setembro de 2025, o Ferrari 849 Testarossa causou imediatamente impacto. N\u00e3o s\u00f3 pelas suas especifica\u00e7\u00f5es t\u00e9cnicas - um V8 h\u00edbrido twin-turbo de 1050 cv - mas tamb\u00e9m pelo seu nome. Quatro s\u00edlabas repletas de hist\u00f3ria: Testarossa. Uma heran\u00e7a t\u00e3o pesada que poderia ter escapado <a href=\"https:\/\/www.italpassion.fr\/pt\/ferrari\/\">Ferrari<\/a>. Afinal de contas, este supercarro quase nunca teve o seu nome lend\u00e1rio.<\/p>\n\n\n\n<h2 class=\"wp-block-heading\">Um nome intimamente ligado \u00e0 Ferrari<\/h2>\n\n\n\n<p>Desde 1957, com o 250 Testa Rossa, e sobretudo com a berlinetta de 1984, \"Testarossa\" tornou-se insepar\u00e1vel do cavalo empinado. Em italiano, significa \"cabe\u00e7a vermelha\", em refer\u00eancia \u00e0s tampas das cabe\u00e7as dos cilindros pintadas com esta cor. S\u00edmbolo de uma \u00e9poca, de um estilo e de um motor de doze cilindros, o Testarossa deixou a sua marca no imagin\u00e1rio coletivo ao ponto de s\u00f3 o seu nome evocar a Ferrari, mesmo para os n\u00e3o iniciados.<\/p>\n\n\n\n<h2 class=\"wp-block-heading\">Mas a Ferrari quase perdeu tudo<\/h2>\n\n\n\n<p>E, no entanto, em 2015, a marca de Maranello viu os seus direitos sobre \"Testarossa\" serem cancelados pelo Instituto Europeu da Propriedade Intelectual. O argumento? A aus\u00eancia de \"utiliza\u00e7\u00e3o efectiva\" do nome durante mais de cinco anos. O ataque foi apresentado por um empres\u00e1rio alem\u00e3o, Kurt Hesse, ativo no sector dos brinquedos e dos carros em miniatura. De acordo com a lei, se n\u00e3o foi produzido nenhum modelo com o nome, a Ferrari n\u00e3o tinha raz\u00e3o para o conservar. Um terramoto: o nome \"Testarossa\" tornou-se legalmente livre.<\/p>\n\n\n\n<p>A Ferrari ripostou, claro. Ap\u00f3s uma longa batalha legal, a decis\u00e3o foi finalmente anulada em 2025 pelo Tribunal Europeu de Primeira Inst\u00e2ncia. O fabricante recuperou os seus direitos. Mas em Maranello, sab\u00edamos que t\u00ednhamos de assegurar o futuro.<\/p>\n\n\n\n<h2 class=\"wp-block-heading\">O truque island\u00eas: o dep\u00f3sito \"849 Testarossa<\/h2>\n\n\n\n<p>Algumas semanas antes do lan\u00e7amento do autom\u00f3vel, <a href=\"https:\/\/www.italpassion.fr\/pt\/ferrari\/a-ferrari-poderia-lancar-um-novo-testarossa-com-um-v12-ainda-mais-potente-do-que-o-12cilindri\/\">A Ferrari regista uma nova marca: \"849 Testarossa\".<\/a>. Curiosamente, este registo n\u00e3o est\u00e1 registado em Genebra ou em Madrid, mas... na Isl\u00e2ndia. Uma subtileza jur\u00eddica. Este pa\u00eds, situado nas placas tect\u00f3nicas europeia e norte-americana, oferece uma forma de refor\u00e7ar os direitos sobre duas \u00e1reas geogr\u00e1ficas. Gra\u00e7as a esta aposta jur\u00eddica, o nome est\u00e1 protegido at\u00e9 2035, tanto na Europa como na Am\u00e9rica.<\/p>\n\n\n\n<p>Este movimento explica porque \u00e9 que, j\u00e1 em julho de 2025, recebemos a not\u00edcia quando descobrimos este misterioso registo de marca. Alguns imaginaram um V12 de 849 cv, uma refer\u00eancia direta ao n\u00famero. No final, o 849 Testarossa \u00e9 alimentado por um V8 h\u00edbrido twin-turbo, apoiado por tr\u00eas motores el\u00e9ctricos para um total de 1.050 cv.<\/p>\n\n\n\n<h2 class=\"wp-block-heading\">E se se tivesse chamado outra coisa?<\/h2>\n\n\n\n<p>Imaginemos por um momento que a Ferrari tinha perdido a batalha legal. O supercarro que hoje conhecemos como 849 Testarossa teria de se contentar com outro nome: 849 GTB e 849 GTS? 849 Superfast? Mas a quest\u00e3o tamb\u00e9m pode ser colocada ao contr\u00e1rio: n\u00e3o ter\u00e1 a Ferrari acabado por chamar Testarossa ao seu carro apenas para proteger legalmente a marca?<\/p>","protected":false},"excerpt":{"rendered":"","protected":false},"author":1,"featured_media":41246,"comment_status":"open","ping_status":"open","sticky":false,"template":"","format":"standard","meta":{"_acf_changed":false,"_sitemap_exclude":false,"_sitemap_priority":"","_sitemap_frequency":"","footnotes":""},"categories":[23],"tags":[567],"class_list":["post-41275","post","type-post","status-publish","format-standard","has-post-thumbnail","hentry","category-ferrari","tag-ferrari-849-testarossa","generate-columns","tablet-grid-50","mobile-grid-100","grid-parent","grid-33"],"acf":[],"yoast_head":"<!-- This site is optimized with the Yoast SEO plugin v25.8 - https:\/\/yoast.com\/wordpress\/plugins\/seo\/ -->\n<title>La nouvelle Ferrari 849 a failli ne pas s&#039;appeler Testarossa - ItalPassion<\/title>\n<meta name=\"description\" content=\"Lorsqu\u2019elle a \u00e9t\u00e9 d\u00e9voil\u00e9e le 9 septembre 2025, la Ferrari 849 Testarossa a imm\u00e9diatement frapp\u00e9 les esprits. Non seulement par sa fiche technique, un V8\" \/>\n<meta name=\"robots\" content=\"index, follow, max-snippet:-1, max-image-preview:large, max-video-preview:-1\" \/>\n<link rel=\"canonical\" href=\"https:\/\/www.italpassion.fr\/pt\/ferrari\/o-novo-ferrari-849-quase-nao-se-chamava-testarossa\/\" \/>\n<meta property=\"og:locale\" content=\"pt_PT\" \/>\n<meta property=\"og:type\" content=\"article\" \/>\n<meta property=\"og:title\" content=\"La nouvelle Ferrari 849 a failli ne pas s&#039;appeler Testarossa - ItalPassion\" \/>\n<meta property=\"og:description\" content=\"Lorsqu\u2019elle a \u00e9t\u00e9 d\u00e9voil\u00e9e le 9 septembre 2025, la Ferrari 849 Testarossa a imm\u00e9diatement frapp\u00e9 les esprits. Non seulement par sa fiche technique, un V8\" \/>\n<meta property=\"og:url\" content=\"https:\/\/www.italpassion.fr\/pt\/ferrari\/o-novo-ferrari-849-quase-nao-se-chamava-testarossa\/\" \/>\n<meta property=\"og:site_name\" content=\"ItalPassion\" \/>\n<meta property=\"article:publisher\" content=\"https:\/\/www.facebook.com\/italpassion\" \/>\n<meta property=\"article:published_time\" content=\"2025-09-15T09:05:45+00:00\" \/>\n<meta property=\"og:image\" content=\"https:\/\/www.italpassion.fr\/wp-content\/uploads\/2025\/09\/ferrari-849-testarossa-M.jpg\" \/>\n\t<meta property=\"og:image:width\" content=\"1200\" \/>\n\t<meta property=\"og:image:height\" content=\"800\" \/>\n\t<meta property=\"og:image:type\" content=\"image\/jpeg\" \/>\n<meta name=\"author\" content=\"Alexandre Filluzeau\" \/>\n<meta name=\"twitter:card\" content=\"summary_large_image\" \/>\n<meta name=\"twitter:creator\" content=\"@italpassion\" \/>\n<meta name=\"twitter:site\" content=\"@italpassion\" \/>\n<script type=\"application\/ld+json\" class=\"yoast-schema-graph\">{\"@context\":\"https:\/\/schema.org\",\"@graph\":[{\"@type\":\"NewsArticle\",\"@id\":\"https:\/\/www.italpassion.fr\/pt\/ferrari\/la-nouvelle-ferrari-849-a-failli-ne-pas-sappeler-testarossa\/#article\",\"isPartOf\":{\"@id\":\"https:\/\/www.italpassion.fr\/pt\/ferrari\/la-nouvelle-ferrari-849-a-failli-ne-pas-sappeler-testarossa\/\"},\"author\":{\"name\":\"Alexandre Filluzeau\",\"@id\":\"https:\/\/www.italpassion.fr\/pt\/#\/schema\/person\/36f747b2a759ca202d847e85a9434ca0\"},\"headline\":\"La nouvelle Ferrari 849 a failli ne pas s&rsquo;appeler Testarossa\",\"datePublished\":\"2025-09-15T09:05:45+00:00\",\"mainEntityOfPage\":{\"@id\":\"https:\/\/www.italpassion.fr\/pt\/ferrari\/la-nouvelle-ferrari-849-a-failli-ne-pas-sappeler-testarossa\/\"},\"wordCount\":511,\"commentCount\":4,\"publisher\":{\"@id\":\"https:\/\/www.italpassion.fr\/pt\/#organization\"},\"image\":{\"@id\":\"https:\/\/www.italpassion.fr\/pt\/ferrari\/la-nouvelle-ferrari-849-a-failli-ne-pas-sappeler-testarossa\/#primaryimage\"},\"thumbnailUrl\":\"https:\/\/www.italpassion.fr\/wp-content\/uploads\/2025\/09\/ferrari-849-testarossa-M.jpg\",\"keywords\":[\"Ferrari 849 Testarossa\"],\"articleSection\":[\"Ferrari\"],\"inLanguage\":\"pt-PT\",\"potentialAction\":[{\"@type\":\"CommentAction\",\"name\":\"Comment\",\"target\":[\"https:\/\/www.italpassion.fr\/pt\/ferrari\/la-nouvelle-ferrari-849-a-failli-ne-pas-sappeler-testarossa\/#respond\"]}]},{\"@type\":\"WebPage\",\"@id\":\"https:\/\/www.italpassion.fr\/pt\/ferrari\/la-nouvelle-ferrari-849-a-failli-ne-pas-sappeler-testarossa\/\",\"url\":\"https:\/\/www.italpassion.fr\/pt\/ferrari\/la-nouvelle-ferrari-849-a-failli-ne-pas-sappeler-testarossa\/\",\"name\":\"La nouvelle Ferrari 849 a failli ne pas s'appeler Testarossa - ItalPassion\",\"isPartOf\":{\"@id\":\"https:\/\/www.italpassion.fr\/pt\/#website\"},\"primaryImageOfPage\":{\"@id\":\"https:\/\/www.italpassion.fr\/pt\/ferrari\/la-nouvelle-ferrari-849-a-failli-ne-pas-sappeler-testarossa\/#primaryimage\"},\"image\":{\"@id\":\"https:\/\/www.italpassion.fr\/pt\/ferrari\/la-nouvelle-ferrari-849-a-failli-ne-pas-sappeler-testarossa\/#primaryimage\"},\"thumbnailUrl\":\"https:\/\/www.italpassion.fr\/wp-content\/uploads\/2025\/09\/ferrari-849-testarossa-M.jpg\",\"datePublished\":\"2025-09-15T09:05:45+00:00\",\"description\":\"Lorsqu\u2019elle a \u00e9t\u00e9 d\u00e9voil\u00e9e le 9 septembre 2025, la Ferrari 849 Testarossa a imm\u00e9diatement frapp\u00e9 les esprits. Non seulement par sa fiche technique, un V8\",\"breadcrumb\":{\"@id\":\"https:\/\/www.italpassion.fr\/pt\/ferrari\/la-nouvelle-ferrari-849-a-failli-ne-pas-sappeler-testarossa\/#breadcrumb\"},\"inLanguage\":\"pt-PT\",\"potentialAction\":[{\"@type\":\"ReadAction\",\"target\":[\"https:\/\/www.italpassion.fr\/pt\/ferrari\/la-nouvelle-ferrari-849-a-failli-ne-pas-sappeler-testarossa\/\"]}]},{\"@type\":\"ImageObject\",\"inLanguage\":\"pt-PT\",\"@id\":\"https:\/\/www.italpassion.fr\/pt\/ferrari\/la-nouvelle-ferrari-849-a-failli-ne-pas-sappeler-testarossa\/#primaryimage\",\"url\":\"https:\/\/www.italpassion.fr\/wp-content\/uploads\/2025\/09\/ferrari-849-testarossa-M.jpg\",\"contentUrl\":\"https:\/\/www.italpassion.fr\/wp-content\/uploads\/2025\/09\/ferrari-849-testarossa-M.jpg\",\"width\":1200,\"height\":800},{\"@type\":\"BreadcrumbList\",\"@id\":\"https:\/\/www.italpassion.fr\/pt\/ferrari\/la-nouvelle-ferrari-849-a-failli-ne-pas-sappeler-testarossa\/#breadcrumb\",\"itemListElement\":[{\"@type\":\"ListItem\",\"position\":1,\"name\":\"Accueil\",\"item\":\"https:\/\/www.italpassion.fr\/pt\/\"},{\"@type\":\"ListItem\",\"position\":2,\"name\":\"La nouvelle Ferrari 849 a failli ne pas s&rsquo;appeler Testarossa\"}]},{\"@type\":\"WebSite\",\"@id\":\"https:\/\/www.italpassion.fr\/pt\/#website\",\"url\":\"https:\/\/www.italpassion.fr\/pt\/\",\"name\":\"ItalPassion\",\"description\":\"Les Passionn\u00e9s d&#039;Automobiles Italiennes\",\"publisher\":{\"@id\":\"https:\/\/www.italpassion.fr\/pt\/#organization\"},\"potentialAction\":[{\"@type\":\"SearchAction\",\"target\":{\"@type\":\"EntryPoint\",\"urlTemplate\":\"https:\/\/www.italpassion.fr\/pt\/?s={search_term_string}\"},\"query-input\":{\"@type\":\"PropertyValueSpecification\",\"valueRequired\":true,\"valueName\":\"search_term_string\"}}],\"inLanguage\":\"pt-PT\"},{\"@type\":\"Organization\",\"@id\":\"https:\/\/www.italpassion.fr\/pt\/#organization\",\"name\":\"Italpassion\",\"url\":\"https:\/\/www.italpassion.fr\/pt\/\",\"logo\":{\"@type\":\"ImageObject\",\"inLanguage\":\"pt-PT\",\"@id\":\"https:\/\/www.italpassion.fr\/pt\/#\/schema\/logo\/image\/\",\"url\":\"https:\/\/www.italpassion.fr\/wp-content\/uploads\/2023\/07\/italpassion-yoast.jpg\",\"contentUrl\":\"https:\/\/www.italpassion.fr\/wp-content\/uploads\/2023\/07\/italpassion-yoast.jpg\",\"width\":696,\"height\":696,\"caption\":\"Italpassion\"},\"image\":{\"@id\":\"https:\/\/www.italpassion.fr\/pt\/#\/schema\/logo\/image\/\"},\"sameAs\":[\"https:\/\/www.facebook.com\/italpassion\",\"https:\/\/x.com\/italpassion\",\"https:\/\/www.instagram.com\/italpassionfr\/\",\"https:\/\/www.youtube.com\/channel\/UCleq-ByQaA42OjhopwevRjQ\",\"https:\/\/www.facebook.com\/italpassion.en\/\",\"https:\/\/www.facebook.com\/italpassion.it\/\",\"https:\/\/www.facebook.com\/italpassion.de\/\",\"https:\/\/www.facebook.com\/italpassion.ja\/\"]},{\"@type\":\"Person\",\"@id\":\"https:\/\/www.italpassion.fr\/pt\/#\/schema\/person\/36f747b2a759ca202d847e85a9434ca0\",\"name\":\"Alexandre Filluzeau\",\"image\":{\"@type\":\"ImageObject\",\"inLanguage\":\"pt-PT\",\"@id\":\"https:\/\/www.italpassion.fr\/pt\/#\/schema\/person\/image\/\",\"url\":\"https:\/\/www.italpassion.fr\/wp-content\/uploads\/2025\/04\/avatar-alexandre-160x160.jpg\",\"contentUrl\":\"https:\/\/www.italpassion.fr\/wp-content\/uploads\/2025\/04\/avatar-alexandre-160x160.jpg\",\"caption\":\"Alexandre Filluzeau\"},\"description\":\"Fondateur du site ItalPassion, passionn\u00e9 de voitures italiennes et de l'Italie en g\u00e9n\u00e9ral. J'apporte un regard critique et technique aux actualit\u00e9s des marques italiennes quand cela est possible. Propri\u00e9taire d'une Maserati GranTurismo, Alfa Romeo MiTo, Lancia Fulvia et Ducati 695. Ex-propri\u00e9taire d'une Alfa Romeo Giulia.\",\"sameAs\":[\"https:\/\/www.italpassion.fr\/\"],\"url\":\"https:\/\/www.italpassion.fr\/pt\/author\/alexandre\/\"}]}<\/script>\n<!-- \/ Yoast SEO plugin. -->","yoast_head_json":{"title":"O novo Ferrari 849 quase n\u00e3o se chamava Testarossa - ItalPassion","description":"Quando foi revelado a 9 de setembro de 2025, o Ferrari 849 Testarossa causou imediatamente sensa\u00e7\u00e3o. N\u00e3o s\u00f3 pelas suas carater\u00edsticas t\u00e9cnicas, um V8","robots":{"index":"index","follow":"follow","max-snippet":"max-snippet:-1","max-image-preview":"max-image-preview:large","max-video-preview":"max-video-preview:-1"},"canonical":"https:\/\/www.italpassion.fr\/pt\/ferrari\/o-novo-ferrari-849-quase-nao-se-chamava-testarossa\/","og_locale":"pt_PT","og_type":"article","og_title":"La nouvelle Ferrari 849 a failli ne pas s'appeler Testarossa - ItalPassion","og_description":"Lorsqu\u2019elle a \u00e9t\u00e9 d\u00e9voil\u00e9e le 9 septembre 2025, la Ferrari 849 Testarossa a imm\u00e9diatement frapp\u00e9 les esprits. Non seulement par sa fiche technique, un V8","og_url":"https:\/\/www.italpassion.fr\/pt\/ferrari\/o-novo-ferrari-849-quase-nao-se-chamava-testarossa\/","og_site_name":"ItalPassion","article_publisher":"https:\/\/www.facebook.com\/italpassion","article_published_time":"2025-09-15T09:05:45+00:00","og_image":[{"width":1200,"height":800,"url":"https:\/\/www.italpassion.fr\/wp-content\/uploads\/2025\/09\/ferrari-849-testarossa-M.jpg","type":"image\/jpeg"}],"author":"Alexandre Filluzeau","twitter_card":"summary_large_image","twitter_creator":"@italpassion","twitter_site":"@italpassion","schema":{"@context":"https:\/\/schema.org","@graph":[{"@type":"NewsArticle","@id":"https:\/\/www.italpassion.fr\/pt\/ferrari\/la-nouvelle-ferrari-849-a-failli-ne-pas-sappeler-testarossa\/#article","isPartOf":{"@id":"https:\/\/www.italpassion.fr\/pt\/ferrari\/la-nouvelle-ferrari-849-a-failli-ne-pas-sappeler-testarossa\/"},"author":{"name":"Alexandre Filluzeau","@id":"https:\/\/www.italpassion.fr\/pt\/#\/schema\/person\/36f747b2a759ca202d847e85a9434ca0"},"headline":"La nouvelle Ferrari 849 a failli ne pas s&rsquo;appeler Testarossa","datePublished":"2025-09-15T09:05:45+00:00","mainEntityOfPage":{"@id":"https:\/\/www.italpassion.fr\/pt\/ferrari\/la-nouvelle-ferrari-849-a-failli-ne-pas-sappeler-testarossa\/"},"wordCount":511,"commentCount":4,"publisher":{"@id":"https:\/\/www.italpassion.fr\/pt\/#organization"},"image":{"@id":"https:\/\/www.italpassion.fr\/pt\/ferrari\/la-nouvelle-ferrari-849-a-failli-ne-pas-sappeler-testarossa\/#primaryimage"},"thumbnailUrl":"https:\/\/www.italpassion.fr\/wp-content\/uploads\/2025\/09\/ferrari-849-testarossa-M.jpg","keywords":["Ferrari 849 Testarossa"],"articleSection":["Ferrari"],"inLanguage":"pt-PT","potentialAction":[{"@type":"CommentAction","name":"Comment","target":["https:\/\/www.italpassion.fr\/pt\/ferrari\/la-nouvelle-ferrari-849-a-failli-ne-pas-sappeler-testarossa\/#respond"]}]},{"@type":"WebPage","@id":"https:\/\/www.italpassion.fr\/pt\/ferrari\/la-nouvelle-ferrari-849-a-failli-ne-pas-sappeler-testarossa\/","url":"https:\/\/www.italpassion.fr\/pt\/ferrari\/la-nouvelle-ferrari-849-a-failli-ne-pas-sappeler-testarossa\/","name":"O novo Ferrari 849 quase n\u00e3o se chamava Testarossa - ItalPassion","isPartOf":{"@id":"https:\/\/www.italpassion.fr\/pt\/#website"},"primaryImageOfPage":{"@id":"https:\/\/www.italpassion.fr\/pt\/ferrari\/la-nouvelle-ferrari-849-a-failli-ne-pas-sappeler-testarossa\/#primaryimage"},"image":{"@id":"https:\/\/www.italpassion.fr\/pt\/ferrari\/la-nouvelle-ferrari-849-a-failli-ne-pas-sappeler-testarossa\/#primaryimage"},"thumbnailUrl":"https:\/\/www.italpassion.fr\/wp-content\/uploads\/2025\/09\/ferrari-849-testarossa-M.jpg","datePublished":"2025-09-15T09:05:45+00:00","description":"Quando foi revelado a 9 de setembro de 2025, o Ferrari 849 Testarossa causou imediatamente sensa\u00e7\u00e3o. N\u00e3o s\u00f3 pelas suas carater\u00edsticas t\u00e9cnicas, um V8","breadcrumb":{"@id":"https:\/\/www.italpassion.fr\/pt\/ferrari\/la-nouvelle-ferrari-849-a-failli-ne-pas-sappeler-testarossa\/#breadcrumb"},"inLanguage":"pt-PT","potentialAction":[{"@type":"ReadAction","target":["https:\/\/www.italpassion.fr\/pt\/ferrari\/la-nouvelle-ferrari-849-a-failli-ne-pas-sappeler-testarossa\/"]}]},{"@type":"ImageObject","inLanguage":"pt-PT","@id":"https:\/\/www.italpassion.fr\/pt\/ferrari\/la-nouvelle-ferrari-849-a-failli-ne-pas-sappeler-testarossa\/#primaryimage","url":"https:\/\/www.italpassion.fr\/wp-content\/uploads\/2025\/09\/ferrari-849-testarossa-M.jpg","contentUrl":"https:\/\/www.italpassion.fr\/wp-content\/uploads\/2025\/09\/ferrari-849-testarossa-M.jpg","width":1200,"height":800},{"@type":"BreadcrumbList","@id":"https:\/\/www.italpassion.fr\/pt\/ferrari\/la-nouvelle-ferrari-849-a-failli-ne-pas-sappeler-testarossa\/#breadcrumb","itemListElement":[{"@type":"ListItem","position":1,"name":"Accueil","item":"https:\/\/www.italpassion.fr\/pt\/"},{"@type":"ListItem","position":2,"name":"La nouvelle Ferrari 849 a failli ne pas s&rsquo;appeler Testarossa"}]},{"@type":"WebSite","@id":"https:\/\/www.italpassion.fr\/pt\/#website","url":"https:\/\/www.italpassion.fr\/pt\/","name":"ItalPassion","description":"Entusiastas de autom\u00f3veis italianos","publisher":{"@id":"https:\/\/www.italpassion.fr\/pt\/#organization"},"potentialAction":[{"@type":"SearchAction","target":{"@type":"EntryPoint","urlTemplate":"https:\/\/www.italpassion.fr\/pt\/?s={search_term_string}"},"query-input":{"@type":"PropertyValueSpecification","valueRequired":true,"valueName":"search_term_string"}}],"inLanguage":"pt-PT"},{"@type":"Organization","@id":"https:\/\/www.italpassion.fr\/pt\/#organization","name":"Italpassion","url":"https:\/\/www.italpassion.fr\/pt\/","logo":{"@type":"ImageObject","inLanguage":"pt-PT","@id":"https:\/\/www.italpassion.fr\/pt\/#\/schema\/logo\/image\/","url":"https:\/\/www.italpassion.fr\/wp-content\/uploads\/2023\/07\/italpassion-yoast.jpg","contentUrl":"https:\/\/www.italpassion.fr\/wp-content\/uploads\/2023\/07\/italpassion-yoast.jpg","width":696,"height":696,"caption":"Italpassion"},"image":{"@id":"https:\/\/www.italpassion.fr\/pt\/#\/schema\/logo\/image\/"},"sameAs":["https:\/\/www.facebook.com\/italpassion","https:\/\/x.com\/italpassion","https:\/\/www.instagram.com\/italpassionfr\/","https:\/\/www.youtube.com\/channel\/UCleq-ByQaA42OjhopwevRjQ","https:\/\/www.facebook.com\/italpassion.en\/","https:\/\/www.facebook.com\/italpassion.it\/","https:\/\/www.facebook.com\/italpassion.de\/","https:\/\/www.facebook.com\/italpassion.ja\/"]},{"@type":"Person","@id":"https:\/\/www.italpassion.fr\/pt\/#\/schema\/person\/36f747b2a759ca202d847e85a9434ca0","name":"Alexandre Filluzeau","image":{"@type":"ImageObject","inLanguage":"pt-PT","@id":"https:\/\/www.italpassion.fr\/pt\/#\/schema\/person\/image\/","url":"https:\/\/www.italpassion.fr\/wp-content\/uploads\/2025\/04\/avatar-alexandre-160x160.jpg","contentUrl":"https:\/\/www.italpassion.fr\/wp-content\/uploads\/2025\/04\/avatar-alexandre-160x160.jpg","caption":"Alexandre Filluzeau"},"description":"Fundador do site ItalPassion, apaixonado por carros italianos e pela It\u00e1lia em geral. Trago um olhar cr\u00edtico e t\u00e9cnico \u00e0s not\u00edcias das marcas italianas, sempre que poss\u00edvel. Propriet\u00e1ria de um Maserati GranTurismo, Alfa Romeo MiTo, Lancia Fulvia e Ducati 695. Ex-propriet\u00e1rio de uma Alfa Romeo Giulia.","sameAs":["https:\/\/www.italpassion.fr\/"],"url":"https:\/\/www.italpassion.fr\/pt\/author\/alexandre\/"}]}},"_links":{"self":[{"href":"https:\/\/www.italpassion.fr\/pt\/wp-json\/wp\/v2\/posts\/41275","targetHints":{"allow":["GET"]}}],"collection":[{"href":"https:\/\/www.italpassion.fr\/pt\/wp-json\/wp\/v2\/posts"}],"about":[{"href":"https:\/\/www.italpassion.fr\/pt\/wp-json\/wp\/v2\/types\/post"}],"author":[{"embeddable":true,"href":"https:\/\/www.italpassion.fr\/pt\/wp-json\/wp\/v2\/users\/1"}],"replies":[{"embeddable":true,"href":"https:\/\/www.italpassion.fr\/pt\/wp-json\/wp\/v2\/comments?post=41275"}],"version-history":[{"count":3,"href":"https:\/\/www.italpassion.fr\/pt\/wp-json\/wp\/v2\/posts\/41275\/revisions"}],"predecessor-version":[{"id":41290,"href":"https:\/\/www.italpassion.fr\/pt\/wp-json\/wp\/v2\/posts\/41275\/revisions\/41290"}],"wp:featuredmedia":[{"embeddable":true,"href":"https:\/\/www.italpassion.fr\/pt\/wp-json\/wp\/v2\/media\/41246"}],"wp:attachment":[{"href":"https:\/\/www.italpassion.fr\/pt\/wp-json\/wp\/v2\/media?parent=41275"}],"wp:term":[{"taxonomy":"category","embeddable":true,"href":"https:\/\/www.italpassion.fr\/pt\/wp-json\/wp\/v2\/categories?post=41275"},{"taxonomy":"post_tag","embeddable":true,"href":"https:\/\/www.italpassion.fr\/pt\/wp-json\/wp\/v2\/tags?post=41275"}],"curies":[{"name":"wp","href":"https:\/\/api.w.org\/{rel}","templated":true}]}}