{"id":41226,"date":"2025-09-12T09:52:41","date_gmt":"2025-09-12T07:52:41","guid":{"rendered":"https:\/\/www.italpassion.fr\/?p=41226"},"modified":"2025-09-12T09:52:41","modified_gmt":"2025-09-12T07:52:41","slug":"porque-e-que-o-projeto-e-car-da-uniao-europeia-pode-beneficiar-a-stellantis-e-sobretudo-a-fiat","status":"publish","type":"post","link":"https:\/\/www.italpassion.fr\/pt\/stellantis\/pourquoi-projet-e-car-de-lunion-europeenne-pourrait-profiter-a-stellantis-et-surtout-a-fiat\/","title":{"rendered":"Porque \u00e9 que o projeto E-Car da Uni\u00e3o Europeia pode beneficiar Stellantis e, em particular, a Fiat"},"content":{"rendered":"<figure class=\"wp-block-image size-full\"><img loading=\"lazy\" decoding=\"async\" width=\"1200\" height=\"800\" src=\"https:\/\/www.italpassion.fr\/wp-content\/uploads\/2025\/09\/fiat-500-jaune.jpg\" alt=\"\" class=\"wp-image-41227\" srcset=\"https:\/\/www.italpassion.fr\/wp-content\/uploads\/2025\/09\/fiat-500-jaune.jpg 1200w, https:\/\/www.italpassion.fr\/wp-content\/uploads\/2025\/09\/fiat-500-jaune-420x280.jpg 420w, https:\/\/www.italpassion.fr\/wp-content\/uploads\/2025\/09\/fiat-500-jaune-768x512.jpg 768w, https:\/\/www.italpassion.fr\/wp-content\/uploads\/2025\/09\/fiat-500-jaune-18x12.jpg 18w\" sizes=\"auto, (max-width: 1200px) 100vw, 1200px\" \/><\/figure>\n\n\n\n<p>Nos \u00faltimos dias, tem havido um an\u00fancio atr\u00e1s do outro sobre a ind\u00fastria autom\u00f3vel europeia. Antonio Filosa, o novo Diretor-Geral da <a href=\"https:\/\/www.italpassion.fr\/pt\/stellantis\/\">Stellantis<\/a>Jean-Philippe Imparato, Diretor da Stellantis Europe, falou no Sal\u00e3o Autom\u00f3vel de Munique e Ursula von der Leyen, Presidente da Comiss\u00e3o Europeia, revelou uma nova orienta\u00e7\u00e3o legislativa. Por detr\u00e1s destas declara\u00e7\u00f5es, h\u00e1 um fio condutor comum: o projeto E-Car da Uni\u00e3o Europeia, destinado a dar um novo f\u00f4lego aos autom\u00f3veis pequenos e acess\u00edveis, pode vir a ser um trunfo para Stellantis. E, sobretudo, para <a href=\"https:\/\/www.italpassion.fr\/pt\/fiat\/\">Fiat<\/a>a marca mais leg\u00edtima neste dom\u00ednio.<\/p>\n\n\n\n<h2 class=\"wp-block-heading\">Europa em decl\u00ednio no sector autom\u00f3vel<\/h2>\n\n\n\n<p>Antonio Filosa chegou a uma conclus\u00e3o muito clara: a Europa \u00e9 a \u00fanica grande regi\u00e3o do mundo que viu as suas vendas de autom\u00f3veis ca\u00edrem t\u00e3o rapidamente. \"Pass\u00e1mos de 19 para 15 milh\u00f5es de autom\u00f3veis, com uma perda de cerca de 3 milh\u00f5es de ve\u00edculos\", afirmou. O segmento dos autom\u00f3veis compactos, historicamente muito popular na Europa, foi particularmente afetado por este decl\u00ednio.<\/p>\n\n\n\n<h2 class=\"wp-block-heading\">Ursula von der Leyen d\u00e1 o toque de partida<\/h2>\n\n\n\n<p>Consciente da necessidade de adaptar a oferta de autom\u00f3veis \u00e0 procura real dos europeus, Ursula von der Leyen revelou uma iniciativa fundamental: \"Temos de investir em ve\u00edculos compactos e econ\u00f3micos, tanto para o mercado europeu como para satisfazer a forte procura mundial. Para o efeito, vamos propor trabalhar com a ind\u00fastria numa nova iniciativa intitulada Affordable Small Cars. Menos burocracia, menos regras\".<\/p>\n\n\n\n<p>Em suma, Bruxelas est\u00e1 a abrir caminho a uma regulamenta\u00e7\u00e3o mais flex\u00edvel para impulsionar a produ\u00e7\u00e3o de autom\u00f3veis pequenos, baratos e el\u00e9ctricos. \u00c9 exatamente disto que a Fiat precisa para se preparar para o futuro.<\/p>\n\n\n\n<h2 class=\"wp-block-heading\">Jean-Philippe Imparato p\u00f5e os n\u00fameros na mesa<\/h2>\n\n\n\n<p>Jean-Philippe Imparato foi mais longe, apontando para o virtual desaparecimento do segmento A: \"Em 2019, havia 49 modelos que custavam menos de 15.000 euros. Hoje, resta apenas um. Na sua opini\u00e3o, voltando \u00e0s condi\u00e7\u00f5es de homologa\u00e7\u00e3o semelhantes \u00e0s de 2018, e limitando a pot\u00eancia e a velocidade, \u00e9 poss\u00edvel produzir carros de 3,50 a 3,70 metros que s\u00e3o vendidos por cerca de 15.000 euros. Exatamente o esp\u00edrito do projeto europeu E-Car.<\/p>\n\n\n\n<h2 class=\"wp-block-heading\">Porque \u00e9 que o projeto E-Car \u00e9 ideal para a Fiat<\/h2>\n\n\n\n<p>O projeto descreve duas categorias de pequenos autom\u00f3veis el\u00e9ctricos:<\/p>\n\n\n\n<ul class=\"wp-block-list\">\n<li>M0: pot\u00eancia limitada a 54 cv, proibido nas auto-estradas, seguran\u00e7a reduzida.<\/li>\n\n\n\n<li>M1 ASEV: mais pr\u00f3ximo dos autom\u00f3veis actuais, com conforto e autoriza\u00e7\u00e3o de utiliza\u00e7\u00e3o das vias r\u00e1pidas, mantendo-se compacto (3,80 m no m\u00e1ximo, 1 tonelada incluindo a bateria).<\/li>\n<\/ul>\n\n\n\n<p>\u00c9 precisamente esta segunda categoria que poderia acomodar <a href=\"https:\/\/www.italpassion.fr\/pt\/fiat\/futura-alteracao-da-plataforma-do-fiat-500-2030-e-do-panda-2030\/\">os futuros Fiat 500 e Fiat Panda previstos para 2030<\/a>. Estes modelos dever\u00e3o basear-se numa plataforma espec\u00edfica, e n\u00e3o na STLA Small utilizada por outros ve\u00edculos Stellantis, o que demonstra a import\u00e2ncia estrat\u00e9gica do projeto para Turim.<\/p>\n\n\n\n<p>Desde a cria\u00e7\u00e3o do Stellantis, o segmento A \u00e9 o segmento esquecido. O Fiat 500 el\u00e9trico tentou preencher este papel, mas com pouco sucesso devido a um pre\u00e7o considerado demasiado elevado e ao fim progressivo dos subs\u00eddios europeus. O Fiat Panda continua a suscitar um grande interesse em It\u00e1lia, mas dever\u00e1 ser substitu\u00eddo at\u00e9 2030.<\/p>\n\n\n\n<p>Se o projeto E-Car se concretizar, a Fiat poder\u00e1 retomar o seu papel hist\u00f3rico de campe\u00e3 dos autom\u00f3veis pequenos e populares. Melhor ainda, este impulso poderia inspirar outras marcas do Stellantis Group a regressar ao segmento A, como a Citro\u00ebn com o C1 ou a Peugeot com um 108.<\/p>\n\n\n\n<p>A mensagem \u00e9 clara: a Uni\u00e3o Europeia, a Stellantis e a Fiat est\u00e3o finalmente a convergir para a mesma vis\u00e3o. Por um lado, Bruxelas quer autom\u00f3veis compactos, acess\u00edveis e el\u00e9ctricos. Por outro lado, a Stellantis poderia aproveitar o projeto E-Car para aumentar as vendas dos seus futuros Fiat 500 e Fiat Panda.<\/p>","protected":false},"excerpt":{"rendered":"","protected":false},"author":1,"featured_media":41227,"comment_status":"open","ping_status":"open","sticky":false,"template":"","format":"standard","meta":{"_acf_changed":false,"_sitemap_exclude":false,"_sitemap_priority":"","_sitemap_frequency":"","footnotes":""},"categories":[24,29],"tags":[],"class_list":["post-41226","post","type-post","status-publish","format-standard","has-post-thumbnail","hentry","category-fiat","category-stellantis","generate-columns","tablet-grid-50","mobile-grid-100","grid-parent","grid-33"],"acf":[],"yoast_head":"<!-- This site is optimized with the Yoast SEO plugin v25.8 - https:\/\/yoast.com\/wordpress\/plugins\/seo\/ -->\n<title>Pourquoi projet E-Car de l&#039;Union europ\u00e9enne pourrait profiter \u00e0 Stellantis, et surtout \u00e0 Fiat - ItalPassion<\/title>\n<meta name=\"description\" content=\"Depuis quelques jours, les annonces s\u2019encha\u00eenent autour de l\u2019automobile europ\u00e9enne. Antonio Filosa, le nouveau CEO de Stellantis, multiplie les prises de\" \/>\n<meta name=\"robots\" content=\"index, follow, max-snippet:-1, max-image-preview:large, max-video-preview:-1\" \/>\n<link rel=\"canonical\" href=\"https:\/\/www.italpassion.fr\/pt\/stellantis\/porque-e-que-o-projeto-e-car-da-uniao-europeia-pode-beneficiar-a-stellantis-e-sobretudo-a-fiat\/\" \/>\n<meta property=\"og:locale\" content=\"pt_PT\" \/>\n<meta property=\"og:type\" content=\"article\" \/>\n<meta property=\"og:title\" content=\"Pourquoi projet E-Car de l&#039;Union europ\u00e9enne pourrait profiter \u00e0 Stellantis, et surtout \u00e0 Fiat - ItalPassion\" \/>\n<meta property=\"og:description\" content=\"Depuis quelques jours, les annonces s\u2019encha\u00eenent autour de l\u2019automobile europ\u00e9enne. Antonio Filosa, le nouveau CEO de Stellantis, multiplie les prises de\" \/>\n<meta property=\"og:url\" content=\"https:\/\/www.italpassion.fr\/pt\/stellantis\/porque-e-que-o-projeto-e-car-da-uniao-europeia-pode-beneficiar-a-stellantis-e-sobretudo-a-fiat\/\" \/>\n<meta property=\"og:site_name\" content=\"ItalPassion\" \/>\n<meta property=\"article:publisher\" content=\"https:\/\/www.facebook.com\/italpassion\" \/>\n<meta property=\"article:published_time\" content=\"2025-09-12T07:52:41+00:00\" \/>\n<meta property=\"og:image\" content=\"https:\/\/www.italpassion.fr\/wp-content\/uploads\/2025\/09\/fiat-500-jaune.jpg\" \/>\n\t<meta property=\"og:image:width\" content=\"1200\" \/>\n\t<meta property=\"og:image:height\" content=\"800\" \/>\n\t<meta property=\"og:image:type\" content=\"image\/jpeg\" \/>\n<meta name=\"author\" content=\"Alexandre Filluzeau\" \/>\n<meta name=\"twitter:card\" content=\"summary_large_image\" \/>\n<meta name=\"twitter:creator\" content=\"@italpassion\" \/>\n<meta name=\"twitter:site\" content=\"@italpassion\" \/>\n<script type=\"application\/ld+json\" class=\"yoast-schema-graph\">{\"@context\":\"https:\/\/schema.org\",\"@graph\":[{\"@type\":\"NewsArticle\",\"@id\":\"https:\/\/www.italpassion.fr\/pt\/stellantis\/pourquoi-projet-e-car-de-lunion-europeenne-pourrait-profiter-a-stellantis-et-surtout-a-fiat\/#article\",\"isPartOf\":{\"@id\":\"https:\/\/www.italpassion.fr\/pt\/stellantis\/pourquoi-projet-e-car-de-lunion-europeenne-pourrait-profiter-a-stellantis-et-surtout-a-fiat\/\"},\"author\":{\"name\":\"Alexandre Filluzeau\",\"@id\":\"https:\/\/www.italpassion.fr\/pt\/#\/schema\/person\/36f747b2a759ca202d847e85a9434ca0\"},\"headline\":\"Pourquoi projet E-Car de l&rsquo;Union europ\u00e9enne pourrait profiter \u00e0 Stellantis, et surtout \u00e0 Fiat\",\"datePublished\":\"2025-09-12T07:52:41+00:00\",\"mainEntityOfPage\":{\"@id\":\"https:\/\/www.italpassion.fr\/pt\/stellantis\/pourquoi-projet-e-car-de-lunion-europeenne-pourrait-profiter-a-stellantis-et-surtout-a-fiat\/\"},\"wordCount\":651,\"commentCount\":15,\"publisher\":{\"@id\":\"https:\/\/www.italpassion.fr\/pt\/#organization\"},\"image\":{\"@id\":\"https:\/\/www.italpassion.fr\/pt\/stellantis\/pourquoi-projet-e-car-de-lunion-europeenne-pourrait-profiter-a-stellantis-et-surtout-a-fiat\/#primaryimage\"},\"thumbnailUrl\":\"https:\/\/www.italpassion.fr\/wp-content\/uploads\/2025\/09\/fiat-500-jaune.jpg\",\"articleSection\":[\"Fiat\",\"Stellantis\"],\"inLanguage\":\"pt-PT\",\"potentialAction\":[{\"@type\":\"CommentAction\",\"name\":\"Comment\",\"target\":[\"https:\/\/www.italpassion.fr\/pt\/stellantis\/pourquoi-projet-e-car-de-lunion-europeenne-pourrait-profiter-a-stellantis-et-surtout-a-fiat\/#respond\"]}]},{\"@type\":\"WebPage\",\"@id\":\"https:\/\/www.italpassion.fr\/pt\/stellantis\/pourquoi-projet-e-car-de-lunion-europeenne-pourrait-profiter-a-stellantis-et-surtout-a-fiat\/\",\"url\":\"https:\/\/www.italpassion.fr\/pt\/stellantis\/pourquoi-projet-e-car-de-lunion-europeenne-pourrait-profiter-a-stellantis-et-surtout-a-fiat\/\",\"name\":\"Pourquoi projet E-Car de l'Union europ\u00e9enne pourrait profiter \u00e0 Stellantis, et surtout \u00e0 Fiat - ItalPassion\",\"isPartOf\":{\"@id\":\"https:\/\/www.italpassion.fr\/pt\/#website\"},\"primaryImageOfPage\":{\"@id\":\"https:\/\/www.italpassion.fr\/pt\/stellantis\/pourquoi-projet-e-car-de-lunion-europeenne-pourrait-profiter-a-stellantis-et-surtout-a-fiat\/#primaryimage\"},\"image\":{\"@id\":\"https:\/\/www.italpassion.fr\/pt\/stellantis\/pourquoi-projet-e-car-de-lunion-europeenne-pourrait-profiter-a-stellantis-et-surtout-a-fiat\/#primaryimage\"},\"thumbnailUrl\":\"https:\/\/www.italpassion.fr\/wp-content\/uploads\/2025\/09\/fiat-500-jaune.jpg\",\"datePublished\":\"2025-09-12T07:52:41+00:00\",\"description\":\"Depuis quelques jours, les annonces s\u2019encha\u00eenent autour de l\u2019automobile europ\u00e9enne. Antonio Filosa, le nouveau CEO de Stellantis, multiplie les prises de\",\"breadcrumb\":{\"@id\":\"https:\/\/www.italpassion.fr\/pt\/stellantis\/pourquoi-projet-e-car-de-lunion-europeenne-pourrait-profiter-a-stellantis-et-surtout-a-fiat\/#breadcrumb\"},\"inLanguage\":\"pt-PT\",\"potentialAction\":[{\"@type\":\"ReadAction\",\"target\":[\"https:\/\/www.italpassion.fr\/pt\/stellantis\/pourquoi-projet-e-car-de-lunion-europeenne-pourrait-profiter-a-stellantis-et-surtout-a-fiat\/\"]}]},{\"@type\":\"ImageObject\",\"inLanguage\":\"pt-PT\",\"@id\":\"https:\/\/www.italpassion.fr\/pt\/stellantis\/pourquoi-projet-e-car-de-lunion-europeenne-pourrait-profiter-a-stellantis-et-surtout-a-fiat\/#primaryimage\",\"url\":\"https:\/\/www.italpassion.fr\/wp-content\/uploads\/2025\/09\/fiat-500-jaune.jpg\",\"contentUrl\":\"https:\/\/www.italpassion.fr\/wp-content\/uploads\/2025\/09\/fiat-500-jaune.jpg\",\"width\":1200,\"height\":800},{\"@type\":\"BreadcrumbList\",\"@id\":\"https:\/\/www.italpassion.fr\/pt\/stellantis\/pourquoi-projet-e-car-de-lunion-europeenne-pourrait-profiter-a-stellantis-et-surtout-a-fiat\/#breadcrumb\",\"itemListElement\":[{\"@type\":\"ListItem\",\"position\":1,\"name\":\"Accueil\",\"item\":\"https:\/\/www.italpassion.fr\/pt\/\"},{\"@type\":\"ListItem\",\"position\":2,\"name\":\"Pourquoi projet E-Car de l&rsquo;Union europ\u00e9enne pourrait profiter \u00e0 Stellantis, et surtout \u00e0 Fiat\"}]},{\"@type\":\"WebSite\",\"@id\":\"https:\/\/www.italpassion.fr\/pt\/#website\",\"url\":\"https:\/\/www.italpassion.fr\/pt\/\",\"name\":\"ItalPassion\",\"description\":\"Les Passionn\u00e9s d&#039;Automobiles Italiennes\",\"publisher\":{\"@id\":\"https:\/\/www.italpassion.fr\/pt\/#organization\"},\"potentialAction\":[{\"@type\":\"SearchAction\",\"target\":{\"@type\":\"EntryPoint\",\"urlTemplate\":\"https:\/\/www.italpassion.fr\/pt\/?s={search_term_string}\"},\"query-input\":{\"@type\":\"PropertyValueSpecification\",\"valueRequired\":true,\"valueName\":\"search_term_string\"}}],\"inLanguage\":\"pt-PT\"},{\"@type\":\"Organization\",\"@id\":\"https:\/\/www.italpassion.fr\/pt\/#organization\",\"name\":\"Italpassion\",\"url\":\"https:\/\/www.italpassion.fr\/pt\/\",\"logo\":{\"@type\":\"ImageObject\",\"inLanguage\":\"pt-PT\",\"@id\":\"https:\/\/www.italpassion.fr\/pt\/#\/schema\/logo\/image\/\",\"url\":\"https:\/\/www.italpassion.fr\/wp-content\/uploads\/2023\/07\/italpassion-yoast.jpg\",\"contentUrl\":\"https:\/\/www.italpassion.fr\/wp-content\/uploads\/2023\/07\/italpassion-yoast.jpg\",\"width\":696,\"height\":696,\"caption\":\"Italpassion\"},\"image\":{\"@id\":\"https:\/\/www.italpassion.fr\/pt\/#\/schema\/logo\/image\/\"},\"sameAs\":[\"https:\/\/www.facebook.com\/italpassion\",\"https:\/\/x.com\/italpassion\",\"https:\/\/www.instagram.com\/italpassionfr\/\",\"https:\/\/www.youtube.com\/channel\/UCleq-ByQaA42OjhopwevRjQ\",\"https:\/\/www.facebook.com\/italpassion.en\/\",\"https:\/\/www.facebook.com\/italpassion.it\/\",\"https:\/\/www.facebook.com\/italpassion.de\/\",\"https:\/\/www.facebook.com\/italpassion.ja\/\"]},{\"@type\":\"Person\",\"@id\":\"https:\/\/www.italpassion.fr\/pt\/#\/schema\/person\/36f747b2a759ca202d847e85a9434ca0\",\"name\":\"Alexandre Filluzeau\",\"image\":{\"@type\":\"ImageObject\",\"inLanguage\":\"pt-PT\",\"@id\":\"https:\/\/www.italpassion.fr\/pt\/#\/schema\/person\/image\/\",\"url\":\"https:\/\/www.italpassion.fr\/wp-content\/uploads\/2025\/04\/avatar-alexandre-160x160.jpg\",\"contentUrl\":\"https:\/\/www.italpassion.fr\/wp-content\/uploads\/2025\/04\/avatar-alexandre-160x160.jpg\",\"caption\":\"Alexandre Filluzeau\"},\"description\":\"Fondateur du site ItalPassion, passionn\u00e9 de voitures italiennes et de l'Italie en g\u00e9n\u00e9ral. J'apporte un regard critique et technique aux actualit\u00e9s des marques italiennes quand cela est possible. Propri\u00e9taire d'une Maserati GranTurismo, Alfa Romeo MiTo, Lancia Fulvia et Ducati 695. Ex-propri\u00e9taire d'une Alfa Romeo Giulia.\",\"sameAs\":[\"https:\/\/www.italpassion.fr\/\"],\"url\":\"https:\/\/www.italpassion.fr\/pt\/author\/alexandre\/\"}]}<\/script>\n<!-- \/ Yoast SEO plugin. -->","yoast_head_json":{"title":"Porque \u00e9 que o projeto E-Car da UE pode beneficiar Stellantis, e a Fiat em particular - ItalPassion","description":"Nos \u00faltimos dias, tem havido um an\u00fancio atr\u00e1s do outro sobre a ind\u00fastria autom\u00f3vel europeia. Antonio Filosa, o novo Diretor-Geral da Stellantis, est\u00e1 a intensificar os seus comunicados de imprensa.","robots":{"index":"index","follow":"follow","max-snippet":"max-snippet:-1","max-image-preview":"max-image-preview:large","max-video-preview":"max-video-preview:-1"},"canonical":"https:\/\/www.italpassion.fr\/pt\/stellantis\/porque-e-que-o-projeto-e-car-da-uniao-europeia-pode-beneficiar-a-stellantis-e-sobretudo-a-fiat\/","og_locale":"pt_PT","og_type":"article","og_title":"Pourquoi projet E-Car de l'Union europ\u00e9enne pourrait profiter \u00e0 Stellantis, et surtout \u00e0 Fiat - ItalPassion","og_description":"Depuis quelques jours, les annonces s\u2019encha\u00eenent autour de l\u2019automobile europ\u00e9enne. Antonio Filosa, le nouveau CEO de Stellantis, multiplie les prises de","og_url":"https:\/\/www.italpassion.fr\/pt\/stellantis\/porque-e-que-o-projeto-e-car-da-uniao-europeia-pode-beneficiar-a-stellantis-e-sobretudo-a-fiat\/","og_site_name":"ItalPassion","article_publisher":"https:\/\/www.facebook.com\/italpassion","article_published_time":"2025-09-12T07:52:41+00:00","og_image":[{"width":1200,"height":800,"url":"https:\/\/www.italpassion.fr\/wp-content\/uploads\/2025\/09\/fiat-500-jaune.jpg","type":"image\/jpeg"}],"author":"Alexandre Filluzeau","twitter_card":"summary_large_image","twitter_creator":"@italpassion","twitter_site":"@italpassion","schema":{"@context":"https:\/\/schema.org","@graph":[{"@type":"NewsArticle","@id":"https:\/\/www.italpassion.fr\/pt\/stellantis\/pourquoi-projet-e-car-de-lunion-europeenne-pourrait-profiter-a-stellantis-et-surtout-a-fiat\/#article","isPartOf":{"@id":"https:\/\/www.italpassion.fr\/pt\/stellantis\/pourquoi-projet-e-car-de-lunion-europeenne-pourrait-profiter-a-stellantis-et-surtout-a-fiat\/"},"author":{"name":"Alexandre Filluzeau","@id":"https:\/\/www.italpassion.fr\/pt\/#\/schema\/person\/36f747b2a759ca202d847e85a9434ca0"},"headline":"Pourquoi projet E-Car de l&rsquo;Union europ\u00e9enne pourrait profiter \u00e0 Stellantis, et surtout \u00e0 Fiat","datePublished":"2025-09-12T07:52:41+00:00","mainEntityOfPage":{"@id":"https:\/\/www.italpassion.fr\/pt\/stellantis\/pourquoi-projet-e-car-de-lunion-europeenne-pourrait-profiter-a-stellantis-et-surtout-a-fiat\/"},"wordCount":651,"commentCount":15,"publisher":{"@id":"https:\/\/www.italpassion.fr\/pt\/#organization"},"image":{"@id":"https:\/\/www.italpassion.fr\/pt\/stellantis\/pourquoi-projet-e-car-de-lunion-europeenne-pourrait-profiter-a-stellantis-et-surtout-a-fiat\/#primaryimage"},"thumbnailUrl":"https:\/\/www.italpassion.fr\/wp-content\/uploads\/2025\/09\/fiat-500-jaune.jpg","articleSection":["Fiat","Stellantis"],"inLanguage":"pt-PT","potentialAction":[{"@type":"CommentAction","name":"Comment","target":["https:\/\/www.italpassion.fr\/pt\/stellantis\/pourquoi-projet-e-car-de-lunion-europeenne-pourrait-profiter-a-stellantis-et-surtout-a-fiat\/#respond"]}]},{"@type":"WebPage","@id":"https:\/\/www.italpassion.fr\/pt\/stellantis\/pourquoi-projet-e-car-de-lunion-europeenne-pourrait-profiter-a-stellantis-et-surtout-a-fiat\/","url":"https:\/\/www.italpassion.fr\/pt\/stellantis\/pourquoi-projet-e-car-de-lunion-europeenne-pourrait-profiter-a-stellantis-et-surtout-a-fiat\/","name":"Porque \u00e9 que o projeto E-Car da UE pode beneficiar Stellantis, e a Fiat em particular - ItalPassion","isPartOf":{"@id":"https:\/\/www.italpassion.fr\/pt\/#website"},"primaryImageOfPage":{"@id":"https:\/\/www.italpassion.fr\/pt\/stellantis\/pourquoi-projet-e-car-de-lunion-europeenne-pourrait-profiter-a-stellantis-et-surtout-a-fiat\/#primaryimage"},"image":{"@id":"https:\/\/www.italpassion.fr\/pt\/stellantis\/pourquoi-projet-e-car-de-lunion-europeenne-pourrait-profiter-a-stellantis-et-surtout-a-fiat\/#primaryimage"},"thumbnailUrl":"https:\/\/www.italpassion.fr\/wp-content\/uploads\/2025\/09\/fiat-500-jaune.jpg","datePublished":"2025-09-12T07:52:41+00:00","description":"Nos \u00faltimos dias, tem havido um an\u00fancio atr\u00e1s do outro sobre a ind\u00fastria autom\u00f3vel europeia. Antonio Filosa, o novo Diretor-Geral da Stellantis, est\u00e1 a intensificar os seus comunicados de imprensa.","breadcrumb":{"@id":"https:\/\/www.italpassion.fr\/pt\/stellantis\/pourquoi-projet-e-car-de-lunion-europeenne-pourrait-profiter-a-stellantis-et-surtout-a-fiat\/#breadcrumb"},"inLanguage":"pt-PT","potentialAction":[{"@type":"ReadAction","target":["https:\/\/www.italpassion.fr\/pt\/stellantis\/pourquoi-projet-e-car-de-lunion-europeenne-pourrait-profiter-a-stellantis-et-surtout-a-fiat\/"]}]},{"@type":"ImageObject","inLanguage":"pt-PT","@id":"https:\/\/www.italpassion.fr\/pt\/stellantis\/pourquoi-projet-e-car-de-lunion-europeenne-pourrait-profiter-a-stellantis-et-surtout-a-fiat\/#primaryimage","url":"https:\/\/www.italpassion.fr\/wp-content\/uploads\/2025\/09\/fiat-500-jaune.jpg","contentUrl":"https:\/\/www.italpassion.fr\/wp-content\/uploads\/2025\/09\/fiat-500-jaune.jpg","width":1200,"height":800},{"@type":"BreadcrumbList","@id":"https:\/\/www.italpassion.fr\/pt\/stellantis\/pourquoi-projet-e-car-de-lunion-europeenne-pourrait-profiter-a-stellantis-et-surtout-a-fiat\/#breadcrumb","itemListElement":[{"@type":"ListItem","position":1,"name":"Accueil","item":"https:\/\/www.italpassion.fr\/pt\/"},{"@type":"ListItem","position":2,"name":"Pourquoi projet E-Car de l&rsquo;Union europ\u00e9enne pourrait profiter \u00e0 Stellantis, et surtout \u00e0 Fiat"}]},{"@type":"WebSite","@id":"https:\/\/www.italpassion.fr\/pt\/#website","url":"https:\/\/www.italpassion.fr\/pt\/","name":"ItalPassion","description":"Entusiastas de autom\u00f3veis italianos","publisher":{"@id":"https:\/\/www.italpassion.fr\/pt\/#organization"},"potentialAction":[{"@type":"SearchAction","target":{"@type":"EntryPoint","urlTemplate":"https:\/\/www.italpassion.fr\/pt\/?s={search_term_string}"},"query-input":{"@type":"PropertyValueSpecification","valueRequired":true,"valueName":"search_term_string"}}],"inLanguage":"pt-PT"},{"@type":"Organization","@id":"https:\/\/www.italpassion.fr\/pt\/#organization","name":"Italpassion","url":"https:\/\/www.italpassion.fr\/pt\/","logo":{"@type":"ImageObject","inLanguage":"pt-PT","@id":"https:\/\/www.italpassion.fr\/pt\/#\/schema\/logo\/image\/","url":"https:\/\/www.italpassion.fr\/wp-content\/uploads\/2023\/07\/italpassion-yoast.jpg","contentUrl":"https:\/\/www.italpassion.fr\/wp-content\/uploads\/2023\/07\/italpassion-yoast.jpg","width":696,"height":696,"caption":"Italpassion"},"image":{"@id":"https:\/\/www.italpassion.fr\/pt\/#\/schema\/logo\/image\/"},"sameAs":["https:\/\/www.facebook.com\/italpassion","https:\/\/x.com\/italpassion","https:\/\/www.instagram.com\/italpassionfr\/","https:\/\/www.youtube.com\/channel\/UCleq-ByQaA42OjhopwevRjQ","https:\/\/www.facebook.com\/italpassion.en\/","https:\/\/www.facebook.com\/italpassion.it\/","https:\/\/www.facebook.com\/italpassion.de\/","https:\/\/www.facebook.com\/italpassion.ja\/"]},{"@type":"Person","@id":"https:\/\/www.italpassion.fr\/pt\/#\/schema\/person\/36f747b2a759ca202d847e85a9434ca0","name":"Alexandre Filluzeau","image":{"@type":"ImageObject","inLanguage":"pt-PT","@id":"https:\/\/www.italpassion.fr\/pt\/#\/schema\/person\/image\/","url":"https:\/\/www.italpassion.fr\/wp-content\/uploads\/2025\/04\/avatar-alexandre-160x160.jpg","contentUrl":"https:\/\/www.italpassion.fr\/wp-content\/uploads\/2025\/04\/avatar-alexandre-160x160.jpg","caption":"Alexandre Filluzeau"},"description":"Fundador do site ItalPassion, apaixonado por carros italianos e pela It\u00e1lia em geral. Trago um olhar cr\u00edtico e t\u00e9cnico \u00e0s not\u00edcias das marcas italianas, sempre que poss\u00edvel. Propriet\u00e1ria de um Maserati GranTurismo, Alfa Romeo MiTo, Lancia Fulvia e Ducati 695. Ex-propriet\u00e1rio de uma Alfa Romeo Giulia.","sameAs":["https:\/\/www.italpassion.fr\/"],"url":"https:\/\/www.italpassion.fr\/pt\/author\/alexandre\/"}]}},"_links":{"self":[{"href":"https:\/\/www.italpassion.fr\/pt\/wp-json\/wp\/v2\/posts\/41226","targetHints":{"allow":["GET"]}}],"collection":[{"href":"https:\/\/www.italpassion.fr\/pt\/wp-json\/wp\/v2\/posts"}],"about":[{"href":"https:\/\/www.italpassion.fr\/pt\/wp-json\/wp\/v2\/types\/post"}],"author":[{"embeddable":true,"href":"https:\/\/www.italpassion.fr\/pt\/wp-json\/wp\/v2\/users\/1"}],"replies":[{"embeddable":true,"href":"https:\/\/www.italpassion.fr\/pt\/wp-json\/wp\/v2\/comments?post=41226"}],"version-history":[{"count":1,"href":"https:\/\/www.italpassion.fr\/pt\/wp-json\/wp\/v2\/posts\/41226\/revisions"}],"predecessor-version":[{"id":41228,"href":"https:\/\/www.italpassion.fr\/pt\/wp-json\/wp\/v2\/posts\/41226\/revisions\/41228"}],"wp:featuredmedia":[{"embeddable":true,"href":"https:\/\/www.italpassion.fr\/pt\/wp-json\/wp\/v2\/media\/41227"}],"wp:attachment":[{"href":"https:\/\/www.italpassion.fr\/pt\/wp-json\/wp\/v2\/media?parent=41226"}],"wp:term":[{"taxonomy":"category","embeddable":true,"href":"https:\/\/www.italpassion.fr\/pt\/wp-json\/wp\/v2\/categories?post=41226"},{"taxonomy":"post_tag","embeddable":true,"href":"https:\/\/www.italpassion.fr\/pt\/wp-json\/wp\/v2\/tags?post=41226"}],"curies":[{"name":"wp","href":"https:\/\/api.w.org\/{rel}","templated":true}]}}