{"id":41192,"date":"2025-09-11T09:49:52","date_gmt":"2025-09-11T07:49:52","guid":{"rendered":"https:\/\/www.italpassion.fr\/?p=41192"},"modified":"2025-09-11T09:49:52","modified_gmt":"2025-09-11T07:49:52","slug":"este-e-o-lalfarrari-um-alfa-romeo-com-um-motor-ferrari-v8-de-400-cv","status":"publish","type":"post","link":"https:\/\/www.italpassion.fr\/pt\/alfa-romeo\/voici-lalfarrari-une-alfa-romeo-equipee-dun-moteur-v8-ferrari-de-400-ch\/","title":{"rendered":"Apresentamos o Alfarrari: um Alfa Romeo com um motor Ferrari V8 de 400 cv!"},"content":{"rendered":"<figure class=\"wp-block-image size-full\"><img loading=\"lazy\" decoding=\"async\" width=\"1200\" height=\"800\" src=\"https:\/\/www.italpassion.fr\/wp-content\/uploads\/2025\/09\/alfa-romeo-giulia-ferrari.jpg\" alt=\"\" class=\"wp-image-41198\" srcset=\"https:\/\/www.italpassion.fr\/wp-content\/uploads\/2025\/09\/alfa-romeo-giulia-ferrari.jpg 1200w, https:\/\/www.italpassion.fr\/wp-content\/uploads\/2025\/09\/alfa-romeo-giulia-ferrari-420x280.jpg 420w, https:\/\/www.italpassion.fr\/wp-content\/uploads\/2025\/09\/alfa-romeo-giulia-ferrari-768x512.jpg 768w, https:\/\/www.italpassion.fr\/wp-content\/uploads\/2025\/09\/alfa-romeo-giulia-ferrari-18x12.jpg 18w\" sizes=\"auto, (max-width: 1200px) 100vw, 1200px\" \/><\/figure>\n\n\n\n<p>Ferrari \u00e9 filha de<a href=\"https:\/\/www.italpassion.fr\/pt\/alfa-romeo\/\">Alfa Romeo<\/a>Todos os entusiastas sabem disso! A Scuderia, fundada em 1929, foi a equipa de corrida dos Biscione at\u00e9 1938, antes de o grande Enzo seguir o seu pr\u00f3prio caminho e fundar a Ferrari em 1947. Atualmente, o melhor de ambas as marcas foi combinado no Alfarrari: uma carro\u00e7aria Alfa Romeo 2000 GTV com um Ferrari V8!<\/p>\n\n\n\n<h2 class=\"wp-block-heading\">O motor vem da \"grande fam\u00edlia\".<\/h2>\n\n\n\n<p>Nos \u00faltimos tempos, j\u00e1 demos conta de uma s\u00e9rie de \"trocas\" mec\u00e2nicas, nomeadamente na Austr\u00e1lia, com <a href=\"https:\/\/www.italpassion.fr\/pt\/alfa-romeo\/alfa-romeo-alfetta-gtv-com-700-cv-v8-o-incrivel-carro-que-venceu-na-australia-durante-30-anos\/?fbclid=IwZXh0bgNhZW0CMTEAAR5_BA7Yqymxhfpg1BHIAODBF1Q4NMMge80CqTcwEaiQ9gvOMnx0G6iuO1NM3Q_aem_d0mXTJyBXtptlZgDp5NEqA\">O GTV de Tony Ricciardello<\/a> e a <a href=\"https:\/\/www.italpassion.fr\/pt\/ferrari\/ferrari-244-gtk-um-ferrari-308-gtb-de-1000-cv-com-um-motor-honda\/\">Ferrari 308 Honda<\/a> do World Time Attack Challenge. O modelo de hoje leva-nos mais uma vez para a Austr\u00e1lia, mas desta vez n\u00e3o h\u00e1 motor Honda ou Chevrolet: ficamos em solo italiano com um Alfa Romeo coup\u00e9 que trocou o seu lend\u00e1rio motor Bialbero por um Tipo F131 V8 de 3,6 litros do glorioso Ferrari 360 Modena.<\/p>\n\n\n\n<p>Embora o coup\u00e9 Bertone j\u00e1 seja um ve\u00edculo leve, foi efectuada uma redu\u00e7\u00e3o de peso para compensar o aumento de peso do motor Tipo F131, com o dobro do n\u00famero de cilindros do original, de modo a manter o peso total em torno de uma tonelada. Como resultado, o coup\u00e9 possui 400 cv e 373 Nm, dando a esta obra-prima pintada de amarelo uma impressionante rela\u00e7\u00e3o pot\u00eancia-peso. Iniciado em 2019, o projeto levou quatro anos de trabalho \u00e1rduo, todo ele documentado e filmado em mais de 200 epis\u00f3dios at\u00e9 \u00e0 sua revela\u00e7\u00e3o oficial em 2023. A hist\u00f3ria continua, no entanto, para melhorar o projeto, e novos v\u00eddeos foram lan\u00e7ados este ano.<\/p>\n\n\n\n<h2 class=\"wp-block-heading\">Use a sua intelig\u00eancia<\/h2>\n\n\n\n<figure class=\"wp-block-image size-full\"><img loading=\"lazy\" decoding=\"async\" width=\"1200\" height=\"800\" src=\"https:\/\/www.italpassion.fr\/wp-content\/uploads\/2025\/09\/alfa-romeo-ferrari-2.jpg\" alt=\"\" class=\"wp-image-41194\" srcset=\"https:\/\/www.italpassion.fr\/wp-content\/uploads\/2025\/09\/alfa-romeo-ferrari-2.jpg 1200w, https:\/\/www.italpassion.fr\/wp-content\/uploads\/2025\/09\/alfa-romeo-ferrari-2-420x280.jpg 420w, https:\/\/www.italpassion.fr\/wp-content\/uploads\/2025\/09\/alfa-romeo-ferrari-2-768x512.jpg 768w, https:\/\/www.italpassion.fr\/wp-content\/uploads\/2025\/09\/alfa-romeo-ferrari-2-18x12.jpg 18w\" sizes=\"auto, (max-width: 1200px) 100vw, 1200px\" \/><figcaption class=\"wp-element-caption\">foto do instagram @<a href=\"https:\/\/www.instagram.com\/homebuiltbyjeff\/?hl=fr#\">homebuiltbyjef<\/a>f<\/figcaption><\/figure>\n\n\n\n<p>O Alfarrari come\u00e7ou por ser um destro\u00e7o ferrugento de um GTV de 2000, abandonado debaixo de uma \u00e1rvore, que foi recuperado por um australiano apaixonado, Jeff Micklem. Depois de recuperar um motor Ferrari 360 Modena com poucos quil\u00f3metros de um ferro-velho em Adelaide, come\u00e7ou a trabalhar. <\/p>\n\n\n\n<figure class=\"wp-block-image size-full\"><img loading=\"lazy\" decoding=\"async\" width=\"1200\" height=\"800\" src=\"https:\/\/www.italpassion.fr\/wp-content\/uploads\/2025\/09\/alfa-romeo-ferrari-3.jpg\" alt=\"\" class=\"wp-image-41195\" srcset=\"https:\/\/www.italpassion.fr\/wp-content\/uploads\/2025\/09\/alfa-romeo-ferrari-3.jpg 1200w, https:\/\/www.italpassion.fr\/wp-content\/uploads\/2025\/09\/alfa-romeo-ferrari-3-420x280.jpg 420w, https:\/\/www.italpassion.fr\/wp-content\/uploads\/2025\/09\/alfa-romeo-ferrari-3-768x512.jpg 768w, https:\/\/www.italpassion.fr\/wp-content\/uploads\/2025\/09\/alfa-romeo-ferrari-3-18x12.jpg 18w\" sizes=\"auto, (max-width: 1200px) 100vw, 1200px\" \/><figcaption class=\"wp-element-caption\">foto do instagram @<a href=\"https:\/\/www.instagram.com\/homebuiltbyjeff\/?hl=fr#\">homebuiltbyjef<\/a>f<\/figcaption><\/figure>\n\n\n\n<p>Para o conseguir, a carro\u00e7aria teve de ser refeita, substituindo todos os pain\u00e9is do pilar B para cima, sem esquecer in\u00fameras outras repara\u00e7\u00f5es de ferrugem na carro\u00e7aria antes de descobrir como alojar o V8 de 3,6 litros debaixo do capot. A admiss\u00e3o teve de ser modificada, foram criados colectores por medida e a subestrutura modificada para dar espa\u00e7o ao motor Ferrari, que \u00e9 orgulhosamente exibido no capot, que est\u00e1 equipado com um painel transparente para mostrar o V8 de Maranello...<\/p>\n\n\n\n<figure class=\"wp-block-image size-full\"><img loading=\"lazy\" decoding=\"async\" width=\"1200\" height=\"800\" src=\"https:\/\/www.italpassion.fr\/wp-content\/uploads\/2025\/09\/alfa-romeo-v8-ferrari-1.jpg\" alt=\"\" class=\"wp-image-41193\" srcset=\"https:\/\/www.italpassion.fr\/wp-content\/uploads\/2025\/09\/alfa-romeo-v8-ferrari-1.jpg 1200w, https:\/\/www.italpassion.fr\/wp-content\/uploads\/2025\/09\/alfa-romeo-v8-ferrari-1-420x280.jpg 420w, https:\/\/www.italpassion.fr\/wp-content\/uploads\/2025\/09\/alfa-romeo-v8-ferrari-1-768x512.jpg 768w, https:\/\/www.italpassion.fr\/wp-content\/uploads\/2025\/09\/alfa-romeo-v8-ferrari-1-18x12.jpg 18w\" sizes=\"auto, (max-width: 1200px) 100vw, 1200px\" \/><figcaption class=\"wp-element-caption\">foto do instagram @<a href=\"https:\/\/www.instagram.com\/homebuiltbyjeff\/?hl=fr#\">homebuiltbyjef<\/a>f<\/figcaption><\/figure>\n\n\n\n<p>O motor do 360 foi originalmente concebido para ser colocado no centro, accionando as rodas traseiras. Mas com a sua nova posi\u00e7\u00e3o na frente, Micklem teve de encontrar uma forma de transmitir a pot\u00eancia \u00e0s rodas traseiras. A solu\u00e7\u00e3o veio de uma transmiss\u00e3o Subaru BRZ, que tinha de suportar os 400 cv do motor. <\/p>\n\n\n\n<figure class=\"wp-block-image size-full\"><img loading=\"lazy\" decoding=\"async\" width=\"1200\" height=\"800\" src=\"https:\/\/www.italpassion.fr\/wp-content\/uploads\/2025\/09\/alfa-romeo-ferrari-4.jpg\" alt=\"\" class=\"wp-image-41196\" srcset=\"https:\/\/www.italpassion.fr\/wp-content\/uploads\/2025\/09\/alfa-romeo-ferrari-4.jpg 1200w, https:\/\/www.italpassion.fr\/wp-content\/uploads\/2025\/09\/alfa-romeo-ferrari-4-420x280.jpg 420w, https:\/\/www.italpassion.fr\/wp-content\/uploads\/2025\/09\/alfa-romeo-ferrari-4-768x512.jpg 768w, https:\/\/www.italpassion.fr\/wp-content\/uploads\/2025\/09\/alfa-romeo-ferrari-4-18x12.jpg 18w\" sizes=\"auto, (max-width: 1200px) 100vw, 1200px\" \/><figcaption class=\"wp-element-caption\">foto do instagram @<a href=\"https:\/\/www.instagram.com\/homebuiltbyjeff\/?hl=fr#\">homebuiltbyjef<\/a>f<\/figcaption><\/figure>\n\n\n\n<p>Outras solu\u00e7\u00f5es engenhosas inclu\u00edram o fabrico de um dep\u00f3sito de \u00f3leo \u00e0 medida para o motor de c\u00e1rter seco e a instala\u00e7\u00e3o dos condensadores do ar condicionado na traseira. Para al\u00e9m de um moderno sistema de aquecimento, ventila\u00e7\u00e3o e ar condicionado, o autom\u00f3vel est\u00e1 tamb\u00e9m equipado com dire\u00e7\u00e3o assistida, controlo de velocidade de cruzeiro e vidros el\u00e9ctricos, porque, de acordo com Micklem, o Alfarrari tem de ser um condutor di\u00e1rio.<\/p>\n\n\n\n<figure class=\"wp-block-image size-full\"><img loading=\"lazy\" decoding=\"async\" width=\"1200\" height=\"800\" src=\"https:\/\/www.italpassion.fr\/wp-content\/uploads\/2025\/09\/alfa-aromeo-ferrari-7.jpg\" alt=\"\" class=\"wp-image-41197\" srcset=\"https:\/\/www.italpassion.fr\/wp-content\/uploads\/2025\/09\/alfa-aromeo-ferrari-7.jpg 1200w, https:\/\/www.italpassion.fr\/wp-content\/uploads\/2025\/09\/alfa-aromeo-ferrari-7-420x280.jpg 420w, https:\/\/www.italpassion.fr\/wp-content\/uploads\/2025\/09\/alfa-aromeo-ferrari-7-768x512.jpg 768w, https:\/\/www.italpassion.fr\/wp-content\/uploads\/2025\/09\/alfa-aromeo-ferrari-7-18x12.jpg 18w\" sizes=\"auto, (max-width: 1200px) 100vw, 1200px\" \/><figcaption class=\"wp-element-caption\">foto do instagram @<a href=\"https:\/\/www.instagram.com\/homebuiltbyjeff\/?hl=fr#\">homebuiltbyjef<\/a>f<\/figcaption><\/figure>\n\n\n\n<p>O projeto teve, obviamente, a sua quota-parte de dores de cabe\u00e7a t\u00e9cnicas e alguns aborrecimentos, tais como algumas amolgadelas grandes e indesej\u00e1veis no tejadilho e no vidro traseiro quando o carro foi montado numa plataforma, mas alguns artes\u00e3os engenhosos conseguiram reparar tudo, embora o corte e a forma do vidro traseiro do Bertone sejam muito especiais. No interior, o acabamento mistura o alum\u00ednio da consola central com um conjunto de estofos e guarni\u00e7\u00f5es das portas de cor castanha. Por fim, o volante de tr\u00eas raios revestido a pele apresenta um pequeno log\u00f3tipo Ferrari.<\/p>\n\n\n\n<figure class=\"wp-block-image size-full\"><img loading=\"lazy\" decoding=\"async\" width=\"1200\" height=\"800\" src=\"https:\/\/www.italpassion.fr\/wp-content\/uploads\/2025\/09\/alfa-romeo-giulia-ferrari-0.jpg\" alt=\"\" class=\"wp-image-41200\" srcset=\"https:\/\/www.italpassion.fr\/wp-content\/uploads\/2025\/09\/alfa-romeo-giulia-ferrari-0.jpg 1200w, https:\/\/www.italpassion.fr\/wp-content\/uploads\/2025\/09\/alfa-romeo-giulia-ferrari-0-420x280.jpg 420w, https:\/\/www.italpassion.fr\/wp-content\/uploads\/2025\/09\/alfa-romeo-giulia-ferrari-0-768x512.jpg 768w, https:\/\/www.italpassion.fr\/wp-content\/uploads\/2025\/09\/alfa-romeo-giulia-ferrari-0-18x12.jpg 18w\" sizes=\"auto, (max-width: 1200px) 100vw, 1200px\" \/><figcaption class=\"wp-element-caption\">foto do instagram @<a href=\"https:\/\/www.instagram.com\/homebuiltbyjeff\/?hl=fr#\">homebuiltbyjef<\/a>f<\/figcaption><\/figure>\n\n\n\n<h2 class=\"wp-block-heading\">Est\u00e1 totalmente operacional!<\/h2>\n\n\n\n<figure class=\"wp-block-image size-full\"><img loading=\"lazy\" decoding=\"async\" width=\"1200\" height=\"800\" src=\"https:\/\/www.italpassion.fr\/wp-content\/uploads\/2025\/09\/alfa-giulia-v8-ferrai.jpg\" alt=\"\" class=\"wp-image-41199\" srcset=\"https:\/\/www.italpassion.fr\/wp-content\/uploads\/2025\/09\/alfa-giulia-v8-ferrai.jpg 1200w, https:\/\/www.italpassion.fr\/wp-content\/uploads\/2025\/09\/alfa-giulia-v8-ferrai-420x280.jpg 420w, https:\/\/www.italpassion.fr\/wp-content\/uploads\/2025\/09\/alfa-giulia-v8-ferrai-768x512.jpg 768w, https:\/\/www.italpassion.fr\/wp-content\/uploads\/2025\/09\/alfa-giulia-v8-ferrai-18x12.jpg 18w\" sizes=\"auto, (max-width: 1200px) 100vw, 1200px\" \/><figcaption class=\"wp-element-caption\">foto do instagram @<a href=\"https:\/\/www.instagram.com\/homebuiltbyjeff\/?hl=fr#\">homebuiltbyjef<\/a>f<\/figcaption><\/figure>\n\n\n\n<p>Preparado para o Desafio Mundial de Contrarrel\u00f3gio de 2023 em Sydney, o Alfarrari foi muito bem recebido pelo seu n\u00edvel de acabamento e aten\u00e7\u00e3o aos pormenores. De um restauro completo de um Alfa Romeo abandonado a uma pe\u00e7a central feita \u00e0 medida, pode n\u00e3o agradar aos puristas, mas se houvesse uma troca de motor louca mas justificada para um Alfa Romeo cl\u00e1ssico, um Ferrari V8 seria a solu\u00e7\u00e3o para manter um m\u00ednimo de respeito!<\/p>\n\n\n\n<figure class=\"wp-block-image size-full\"><img loading=\"lazy\" decoding=\"async\" width=\"1200\" height=\"800\" src=\"https:\/\/www.italpassion.fr\/wp-content\/uploads\/2025\/09\/alfa-romeo-giulia-v8-0.jpg\" alt=\"\" class=\"wp-image-41201\" srcset=\"https:\/\/www.italpassion.fr\/wp-content\/uploads\/2025\/09\/alfa-romeo-giulia-v8-0.jpg 1200w, https:\/\/www.italpassion.fr\/wp-content\/uploads\/2025\/09\/alfa-romeo-giulia-v8-0-420x280.jpg 420w, https:\/\/www.italpassion.fr\/wp-content\/uploads\/2025\/09\/alfa-romeo-giulia-v8-0-768x512.jpg 768w, https:\/\/www.italpassion.fr\/wp-content\/uploads\/2025\/09\/alfa-romeo-giulia-v8-0-18x12.jpg 18w\" sizes=\"auto, (max-width: 1200px) 100vw, 1200px\" \/><figcaption class=\"wp-element-caption\">foto do instagram @<a href=\"https:\/\/www.instagram.com\/homebuiltbyjeff\/?hl=fr#\">homebuiltbyjef<\/a>f<\/figcaption><\/figure>\n\n\n\n<p>Jeff Minckley continua a trabalhar na sua obra, afinando a manobrabilidade da m\u00e1quina e o funcionamento do conjunto mec\u00e2nico, o que n\u00e3o \u00e9 tarefa f\u00e1cil! Depois de v\u00e1rias falhas t\u00e9cnicas durante as sess\u00f5es de track day, o Alfarrari parece estar agora no bom caminho!<\/p>\n\n\n\n<figure class=\"wp-block-embed is-type-video is-provider-youtube wp-block-embed-youtube wp-embed-aspect-16-9 wp-has-aspect-ratio\"><div class=\"wp-block-embed__wrapper\">\n<iframe loading=\"lazy\" title=\"De volta \u00e0 estrada - Alfa 105 Alfarrari com motor Ferrari - parte 234\" width=\"1200\" height=\"675\" src=\"https:\/\/www.youtube-nocookie.com\/embed\/EHZAt63fuhU?feature=oembed\" frameborder=\"0\" allow=\"accelerometer; autoplay; clipboard-write; encrypted-media; gyroscope; picture-in-picture; web-share\" referrerpolicy=\"strict-origin-when-cross-origin\" allowfullscreen><\/iframe>\n<\/div><\/figure>","protected":false},"excerpt":{"rendered":"","protected":false},"author":8,"featured_media":41198,"comment_status":"open","ping_status":"open","sticky":false,"template":"","format":"standard","meta":{"_acf_changed":false,"_sitemap_exclude":false,"_sitemap_priority":"","_sitemap_frequency":"","footnotes":""},"categories":[22],"tags":[568],"class_list":["post-41192","post","type-post","status-publish","format-standard","has-post-thumbnail","hentry","category-alfa-romeo","tag-restomod","generate-columns","tablet-grid-50","mobile-grid-100","grid-parent","grid-33"],"acf":[],"yoast_head":"<!-- This site is optimized with the Yoast SEO plugin v25.8 - https:\/\/yoast.com\/wordpress\/plugins\/seo\/ -->\n<title>Voici l\u2019Alfarrari : une Alfa Romeo \u00e9quip\u00e9e d&#039;un moteur V8 Ferrari de 400 ch ! - ItalPassion<\/title>\n<meta name=\"description\" content=\"Ferrari est la fille d\u2019Alfa Romeo, tout amateur le sait ! La Scuderia, fond\u00e9e en 1929, fut l\u2019\u00e9curie de course du Biscione, jusqu\u2019en 1938, avant que le\" \/>\n<meta name=\"robots\" content=\"index, follow, max-snippet:-1, max-image-preview:large, max-video-preview:-1\" \/>\n<link rel=\"canonical\" href=\"https:\/\/www.italpassion.fr\/pt\/alfa-romeo\/este-e-o-lalfarrari-um-alfa-romeo-com-um-motor-ferrari-v8-de-400-cv\/\" \/>\n<meta property=\"og:locale\" content=\"pt_PT\" \/>\n<meta property=\"og:type\" content=\"article\" \/>\n<meta property=\"og:title\" content=\"Voici l\u2019Alfarrari : une Alfa Romeo \u00e9quip\u00e9e d&#039;un moteur V8 Ferrari de 400 ch ! - ItalPassion\" \/>\n<meta property=\"og:description\" content=\"Ferrari est la fille d\u2019Alfa Romeo, tout amateur le sait ! La Scuderia, fond\u00e9e en 1929, fut l\u2019\u00e9curie de course du Biscione, jusqu\u2019en 1938, avant que le\" \/>\n<meta property=\"og:url\" content=\"https:\/\/www.italpassion.fr\/pt\/alfa-romeo\/este-e-o-lalfarrari-um-alfa-romeo-com-um-motor-ferrari-v8-de-400-cv\/\" \/>\n<meta property=\"og:site_name\" content=\"ItalPassion\" \/>\n<meta property=\"article:publisher\" content=\"https:\/\/www.facebook.com\/italpassion\" \/>\n<meta property=\"article:published_time\" content=\"2025-09-11T07:49:52+00:00\" \/>\n<meta property=\"og:image\" content=\"https:\/\/www.italpassion.fr\/wp-content\/uploads\/2025\/09\/alfa-romeo-giulia-ferrari.jpg\" \/>\n\t<meta property=\"og:image:width\" content=\"1200\" \/>\n\t<meta property=\"og:image:height\" content=\"800\" \/>\n\t<meta property=\"og:image:type\" content=\"image\/jpeg\" \/>\n<meta name=\"author\" content=\"Nicolas Anderbegani\" \/>\n<meta name=\"twitter:card\" content=\"summary_large_image\" \/>\n<meta name=\"twitter:creator\" content=\"@italpassion\" \/>\n<meta name=\"twitter:site\" content=\"@italpassion\" \/>\n<script type=\"application\/ld+json\" class=\"yoast-schema-graph\">{\"@context\":\"https:\/\/schema.org\",\"@graph\":[{\"@type\":\"NewsArticle\",\"@id\":\"https:\/\/www.italpassion.fr\/pt\/alfa-romeo\/voici-lalfarrari-une-alfa-romeo-equipee-dun-moteur-v8-ferrari-de-400-ch\/#article\",\"isPartOf\":{\"@id\":\"https:\/\/www.italpassion.fr\/pt\/alfa-romeo\/voici-lalfarrari-une-alfa-romeo-equipee-dun-moteur-v8-ferrari-de-400-ch\/\"},\"author\":{\"name\":\"Nicolas Anderbegani\",\"@id\":\"https:\/\/www.italpassion.fr\/pt\/#\/schema\/person\/efd63d72fc8007741c5836a896805b04\"},\"headline\":\"Voici l\u2019Alfarrari : une Alfa Romeo \u00e9quip\u00e9e d&rsquo;un moteur V8 Ferrari de 400 ch !\",\"datePublished\":\"2025-09-11T07:49:52+00:00\",\"mainEntityOfPage\":{\"@id\":\"https:\/\/www.italpassion.fr\/pt\/alfa-romeo\/voici-lalfarrari-une-alfa-romeo-equipee-dun-moteur-v8-ferrari-de-400-ch\/\"},\"wordCount\":877,\"commentCount\":11,\"publisher\":{\"@id\":\"https:\/\/www.italpassion.fr\/pt\/#organization\"},\"image\":{\"@id\":\"https:\/\/www.italpassion.fr\/pt\/alfa-romeo\/voici-lalfarrari-une-alfa-romeo-equipee-dun-moteur-v8-ferrari-de-400-ch\/#primaryimage\"},\"thumbnailUrl\":\"https:\/\/www.italpassion.fr\/wp-content\/uploads\/2025\/09\/alfa-romeo-giulia-ferrari.jpg\",\"keywords\":[\"Restomod\"],\"articleSection\":[\"Alfa Romeo\"],\"inLanguage\":\"pt-PT\",\"potentialAction\":[{\"@type\":\"CommentAction\",\"name\":\"Comment\",\"target\":[\"https:\/\/www.italpassion.fr\/pt\/alfa-romeo\/voici-lalfarrari-une-alfa-romeo-equipee-dun-moteur-v8-ferrari-de-400-ch\/#respond\"]}]},{\"@type\":\"WebPage\",\"@id\":\"https:\/\/www.italpassion.fr\/pt\/alfa-romeo\/voici-lalfarrari-une-alfa-romeo-equipee-dun-moteur-v8-ferrari-de-400-ch\/\",\"url\":\"https:\/\/www.italpassion.fr\/pt\/alfa-romeo\/voici-lalfarrari-une-alfa-romeo-equipee-dun-moteur-v8-ferrari-de-400-ch\/\",\"name\":\"Voici l\u2019Alfarrari : une Alfa Romeo \u00e9quip\u00e9e d'un moteur V8 Ferrari de 400 ch ! - ItalPassion\",\"isPartOf\":{\"@id\":\"https:\/\/www.italpassion.fr\/pt\/#website\"},\"primaryImageOfPage\":{\"@id\":\"https:\/\/www.italpassion.fr\/pt\/alfa-romeo\/voici-lalfarrari-une-alfa-romeo-equipee-dun-moteur-v8-ferrari-de-400-ch\/#primaryimage\"},\"image\":{\"@id\":\"https:\/\/www.italpassion.fr\/pt\/alfa-romeo\/voici-lalfarrari-une-alfa-romeo-equipee-dun-moteur-v8-ferrari-de-400-ch\/#primaryimage\"},\"thumbnailUrl\":\"https:\/\/www.italpassion.fr\/wp-content\/uploads\/2025\/09\/alfa-romeo-giulia-ferrari.jpg\",\"datePublished\":\"2025-09-11T07:49:52+00:00\",\"description\":\"Ferrari est la fille d\u2019Alfa Romeo, tout amateur le sait ! La Scuderia, fond\u00e9e en 1929, fut l\u2019\u00e9curie de course du Biscione, jusqu\u2019en 1938, avant que le\",\"breadcrumb\":{\"@id\":\"https:\/\/www.italpassion.fr\/pt\/alfa-romeo\/voici-lalfarrari-une-alfa-romeo-equipee-dun-moteur-v8-ferrari-de-400-ch\/#breadcrumb\"},\"inLanguage\":\"pt-PT\",\"potentialAction\":[{\"@type\":\"ReadAction\",\"target\":[\"https:\/\/www.italpassion.fr\/pt\/alfa-romeo\/voici-lalfarrari-une-alfa-romeo-equipee-dun-moteur-v8-ferrari-de-400-ch\/\"]}]},{\"@type\":\"ImageObject\",\"inLanguage\":\"pt-PT\",\"@id\":\"https:\/\/www.italpassion.fr\/pt\/alfa-romeo\/voici-lalfarrari-une-alfa-romeo-equipee-dun-moteur-v8-ferrari-de-400-ch\/#primaryimage\",\"url\":\"https:\/\/www.italpassion.fr\/wp-content\/uploads\/2025\/09\/alfa-romeo-giulia-ferrari.jpg\",\"contentUrl\":\"https:\/\/www.italpassion.fr\/wp-content\/uploads\/2025\/09\/alfa-romeo-giulia-ferrari.jpg\",\"width\":1200,\"height\":800},{\"@type\":\"BreadcrumbList\",\"@id\":\"https:\/\/www.italpassion.fr\/pt\/alfa-romeo\/voici-lalfarrari-une-alfa-romeo-equipee-dun-moteur-v8-ferrari-de-400-ch\/#breadcrumb\",\"itemListElement\":[{\"@type\":\"ListItem\",\"position\":1,\"name\":\"Accueil\",\"item\":\"https:\/\/www.italpassion.fr\/pt\/\"},{\"@type\":\"ListItem\",\"position\":2,\"name\":\"Voici l\u2019Alfarrari : une Alfa Romeo \u00e9quip\u00e9e d&rsquo;un moteur V8 Ferrari de 400 ch !\"}]},{\"@type\":\"WebSite\",\"@id\":\"https:\/\/www.italpassion.fr\/pt\/#website\",\"url\":\"https:\/\/www.italpassion.fr\/pt\/\",\"name\":\"ItalPassion\",\"description\":\"Les Passionn\u00e9s d&#039;Automobiles Italiennes\",\"publisher\":{\"@id\":\"https:\/\/www.italpassion.fr\/pt\/#organization\"},\"potentialAction\":[{\"@type\":\"SearchAction\",\"target\":{\"@type\":\"EntryPoint\",\"urlTemplate\":\"https:\/\/www.italpassion.fr\/pt\/?s={search_term_string}\"},\"query-input\":{\"@type\":\"PropertyValueSpecification\",\"valueRequired\":true,\"valueName\":\"search_term_string\"}}],\"inLanguage\":\"pt-PT\"},{\"@type\":\"Organization\",\"@id\":\"https:\/\/www.italpassion.fr\/pt\/#organization\",\"name\":\"Italpassion\",\"url\":\"https:\/\/www.italpassion.fr\/pt\/\",\"logo\":{\"@type\":\"ImageObject\",\"inLanguage\":\"pt-PT\",\"@id\":\"https:\/\/www.italpassion.fr\/pt\/#\/schema\/logo\/image\/\",\"url\":\"https:\/\/www.italpassion.fr\/wp-content\/uploads\/2023\/07\/italpassion-yoast.jpg\",\"contentUrl\":\"https:\/\/www.italpassion.fr\/wp-content\/uploads\/2023\/07\/italpassion-yoast.jpg\",\"width\":696,\"height\":696,\"caption\":\"Italpassion\"},\"image\":{\"@id\":\"https:\/\/www.italpassion.fr\/pt\/#\/schema\/logo\/image\/\"},\"sameAs\":[\"https:\/\/www.facebook.com\/italpassion\",\"https:\/\/x.com\/italpassion\",\"https:\/\/www.instagram.com\/italpassionfr\/\",\"https:\/\/www.youtube.com\/channel\/UCleq-ByQaA42OjhopwevRjQ\",\"https:\/\/www.facebook.com\/italpassion.en\/\",\"https:\/\/www.facebook.com\/italpassion.it\/\",\"https:\/\/www.facebook.com\/italpassion.de\/\",\"https:\/\/www.facebook.com\/italpassion.ja\/\"]},{\"@type\":\"Person\",\"@id\":\"https:\/\/www.italpassion.fr\/pt\/#\/schema\/person\/efd63d72fc8007741c5836a896805b04\",\"name\":\"Nicolas Anderbegani\",\"image\":{\"@type\":\"ImageObject\",\"inLanguage\":\"pt-PT\",\"@id\":\"https:\/\/www.italpassion.fr\/pt\/#\/schema\/person\/image\/\",\"url\":\"https:\/\/www.italpassion.fr\/wp-content\/uploads\/2025\/05\/nicolas-anderbegani-160x160.jpg\",\"contentUrl\":\"https:\/\/www.italpassion.fr\/wp-content\/uploads\/2025\/05\/nicolas-anderbegani-160x160.jpg\",\"caption\":\"Nicolas Anderbegani\"},\"description\":\"Nicolas est passionn\u00e9 d\u2019histoire et de sport automobile. Il roule en Alfa Romeo Giulietta et vous partagera avec vous sa passion de l\u2019automobile italienne.\",\"url\":\"https:\/\/www.italpassion.fr\/pt\/author\/nicolas\/\"}]}<\/script>\n<!-- \/ Yoast SEO plugin. -->","yoast_head_json":{"title":"Apresentamos o Alfarrari: um Alfa Romeo com um motor Ferrari V8 de 400 cv! - ItalPassion","description":"Ferrari \u00e9 a filha da Alfa Romeo, como todos os entusiastas sabem! A Scuderia, fundada em 1929, foi a equipa de corridas dos Biscione at\u00e9 1938, antes da","robots":{"index":"index","follow":"follow","max-snippet":"max-snippet:-1","max-image-preview":"max-image-preview:large","max-video-preview":"max-video-preview:-1"},"canonical":"https:\/\/www.italpassion.fr\/pt\/alfa-romeo\/este-e-o-lalfarrari-um-alfa-romeo-com-um-motor-ferrari-v8-de-400-cv\/","og_locale":"pt_PT","og_type":"article","og_title":"Voici l\u2019Alfarrari : une Alfa Romeo \u00e9quip\u00e9e d'un moteur V8 Ferrari de 400 ch ! - ItalPassion","og_description":"Ferrari est la fille d\u2019Alfa Romeo, tout amateur le sait ! La Scuderia, fond\u00e9e en 1929, fut l\u2019\u00e9curie de course du Biscione, jusqu\u2019en 1938, avant que le","og_url":"https:\/\/www.italpassion.fr\/pt\/alfa-romeo\/este-e-o-lalfarrari-um-alfa-romeo-com-um-motor-ferrari-v8-de-400-cv\/","og_site_name":"ItalPassion","article_publisher":"https:\/\/www.facebook.com\/italpassion","article_published_time":"2025-09-11T07:49:52+00:00","og_image":[{"width":1200,"height":800,"url":"https:\/\/www.italpassion.fr\/wp-content\/uploads\/2025\/09\/alfa-romeo-giulia-ferrari.jpg","type":"image\/jpeg"}],"author":"Nicolas Anderbegani","twitter_card":"summary_large_image","twitter_creator":"@italpassion","twitter_site":"@italpassion","schema":{"@context":"https:\/\/schema.org","@graph":[{"@type":"NewsArticle","@id":"https:\/\/www.italpassion.fr\/pt\/alfa-romeo\/voici-lalfarrari-une-alfa-romeo-equipee-dun-moteur-v8-ferrari-de-400-ch\/#article","isPartOf":{"@id":"https:\/\/www.italpassion.fr\/pt\/alfa-romeo\/voici-lalfarrari-une-alfa-romeo-equipee-dun-moteur-v8-ferrari-de-400-ch\/"},"author":{"name":"Nicolas Anderbegani","@id":"https:\/\/www.italpassion.fr\/pt\/#\/schema\/person\/efd63d72fc8007741c5836a896805b04"},"headline":"Voici l\u2019Alfarrari : une Alfa Romeo \u00e9quip\u00e9e d&rsquo;un moteur V8 Ferrari de 400 ch !","datePublished":"2025-09-11T07:49:52+00:00","mainEntityOfPage":{"@id":"https:\/\/www.italpassion.fr\/pt\/alfa-romeo\/voici-lalfarrari-une-alfa-romeo-equipee-dun-moteur-v8-ferrari-de-400-ch\/"},"wordCount":877,"commentCount":11,"publisher":{"@id":"https:\/\/www.italpassion.fr\/pt\/#organization"},"image":{"@id":"https:\/\/www.italpassion.fr\/pt\/alfa-romeo\/voici-lalfarrari-une-alfa-romeo-equipee-dun-moteur-v8-ferrari-de-400-ch\/#primaryimage"},"thumbnailUrl":"https:\/\/www.italpassion.fr\/wp-content\/uploads\/2025\/09\/alfa-romeo-giulia-ferrari.jpg","keywords":["Restomod"],"articleSection":["Alfa Romeo"],"inLanguage":"pt-PT","potentialAction":[{"@type":"CommentAction","name":"Comment","target":["https:\/\/www.italpassion.fr\/pt\/alfa-romeo\/voici-lalfarrari-une-alfa-romeo-equipee-dun-moteur-v8-ferrari-de-400-ch\/#respond"]}]},{"@type":"WebPage","@id":"https:\/\/www.italpassion.fr\/pt\/alfa-romeo\/voici-lalfarrari-une-alfa-romeo-equipee-dun-moteur-v8-ferrari-de-400-ch\/","url":"https:\/\/www.italpassion.fr\/pt\/alfa-romeo\/voici-lalfarrari-une-alfa-romeo-equipee-dun-moteur-v8-ferrari-de-400-ch\/","name":"Apresentamos o Alfarrari: um Alfa Romeo com um motor Ferrari V8 de 400 cv! - ItalPassion","isPartOf":{"@id":"https:\/\/www.italpassion.fr\/pt\/#website"},"primaryImageOfPage":{"@id":"https:\/\/www.italpassion.fr\/pt\/alfa-romeo\/voici-lalfarrari-une-alfa-romeo-equipee-dun-moteur-v8-ferrari-de-400-ch\/#primaryimage"},"image":{"@id":"https:\/\/www.italpassion.fr\/pt\/alfa-romeo\/voici-lalfarrari-une-alfa-romeo-equipee-dun-moteur-v8-ferrari-de-400-ch\/#primaryimage"},"thumbnailUrl":"https:\/\/www.italpassion.fr\/wp-content\/uploads\/2025\/09\/alfa-romeo-giulia-ferrari.jpg","datePublished":"2025-09-11T07:49:52+00:00","description":"Ferrari \u00e9 a filha da Alfa Romeo, como todos os entusiastas sabem! A Scuderia, fundada em 1929, foi a equipa de corridas dos Biscione at\u00e9 1938, antes da","breadcrumb":{"@id":"https:\/\/www.italpassion.fr\/pt\/alfa-romeo\/voici-lalfarrari-une-alfa-romeo-equipee-dun-moteur-v8-ferrari-de-400-ch\/#breadcrumb"},"inLanguage":"pt-PT","potentialAction":[{"@type":"ReadAction","target":["https:\/\/www.italpassion.fr\/pt\/alfa-romeo\/voici-lalfarrari-une-alfa-romeo-equipee-dun-moteur-v8-ferrari-de-400-ch\/"]}]},{"@type":"ImageObject","inLanguage":"pt-PT","@id":"https:\/\/www.italpassion.fr\/pt\/alfa-romeo\/voici-lalfarrari-une-alfa-romeo-equipee-dun-moteur-v8-ferrari-de-400-ch\/#primaryimage","url":"https:\/\/www.italpassion.fr\/wp-content\/uploads\/2025\/09\/alfa-romeo-giulia-ferrari.jpg","contentUrl":"https:\/\/www.italpassion.fr\/wp-content\/uploads\/2025\/09\/alfa-romeo-giulia-ferrari.jpg","width":1200,"height":800},{"@type":"BreadcrumbList","@id":"https:\/\/www.italpassion.fr\/pt\/alfa-romeo\/voici-lalfarrari-une-alfa-romeo-equipee-dun-moteur-v8-ferrari-de-400-ch\/#breadcrumb","itemListElement":[{"@type":"ListItem","position":1,"name":"Accueil","item":"https:\/\/www.italpassion.fr\/pt\/"},{"@type":"ListItem","position":2,"name":"Voici l\u2019Alfarrari : une Alfa Romeo \u00e9quip\u00e9e d&rsquo;un moteur V8 Ferrari de 400 ch !"}]},{"@type":"WebSite","@id":"https:\/\/www.italpassion.fr\/pt\/#website","url":"https:\/\/www.italpassion.fr\/pt\/","name":"ItalPassion","description":"Entusiastas de autom\u00f3veis italianos","publisher":{"@id":"https:\/\/www.italpassion.fr\/pt\/#organization"},"potentialAction":[{"@type":"SearchAction","target":{"@type":"EntryPoint","urlTemplate":"https:\/\/www.italpassion.fr\/pt\/?s={search_term_string}"},"query-input":{"@type":"PropertyValueSpecification","valueRequired":true,"valueName":"search_term_string"}}],"inLanguage":"pt-PT"},{"@type":"Organization","@id":"https:\/\/www.italpassion.fr\/pt\/#organization","name":"Italpassion","url":"https:\/\/www.italpassion.fr\/pt\/","logo":{"@type":"ImageObject","inLanguage":"pt-PT","@id":"https:\/\/www.italpassion.fr\/pt\/#\/schema\/logo\/image\/","url":"https:\/\/www.italpassion.fr\/wp-content\/uploads\/2023\/07\/italpassion-yoast.jpg","contentUrl":"https:\/\/www.italpassion.fr\/wp-content\/uploads\/2023\/07\/italpassion-yoast.jpg","width":696,"height":696,"caption":"Italpassion"},"image":{"@id":"https:\/\/www.italpassion.fr\/pt\/#\/schema\/logo\/image\/"},"sameAs":["https:\/\/www.facebook.com\/italpassion","https:\/\/x.com\/italpassion","https:\/\/www.instagram.com\/italpassionfr\/","https:\/\/www.youtube.com\/channel\/UCleq-ByQaA42OjhopwevRjQ","https:\/\/www.facebook.com\/italpassion.en\/","https:\/\/www.facebook.com\/italpassion.it\/","https:\/\/www.facebook.com\/italpassion.de\/","https:\/\/www.facebook.com\/italpassion.ja\/"]},{"@type":"Person","@id":"https:\/\/www.italpassion.fr\/pt\/#\/schema\/person\/efd63d72fc8007741c5836a896805b04","name":"Nicolas Anderbegani","image":{"@type":"ImageObject","inLanguage":"pt-PT","@id":"https:\/\/www.italpassion.fr\/pt\/#\/schema\/person\/image\/","url":"https:\/\/www.italpassion.fr\/wp-content\/uploads\/2025\/05\/nicolas-anderbegani-160x160.jpg","contentUrl":"https:\/\/www.italpassion.fr\/wp-content\/uploads\/2025\/05\/nicolas-anderbegani-160x160.jpg","caption":"Nicolas Anderbegani"},"description":"O Nicolas \u00e9 um apaixonado pela hist\u00f3ria e pelo desporto autom\u00f3vel. Conduz um Alfa Romeo Giulietta e ter\u00e1 todo o prazer em partilhar consigo a sua paix\u00e3o pelos autom\u00f3veis italianos.","url":"https:\/\/www.italpassion.fr\/pt\/author\/nicolas\/"}]}},"_links":{"self":[{"href":"https:\/\/www.italpassion.fr\/pt\/wp-json\/wp\/v2\/posts\/41192","targetHints":{"allow":["GET"]}}],"collection":[{"href":"https:\/\/www.italpassion.fr\/pt\/wp-json\/wp\/v2\/posts"}],"about":[{"href":"https:\/\/www.italpassion.fr\/pt\/wp-json\/wp\/v2\/types\/post"}],"author":[{"embeddable":true,"href":"https:\/\/www.italpassion.fr\/pt\/wp-json\/wp\/v2\/users\/8"}],"replies":[{"embeddable":true,"href":"https:\/\/www.italpassion.fr\/pt\/wp-json\/wp\/v2\/comments?post=41192"}],"version-history":[{"count":1,"href":"https:\/\/www.italpassion.fr\/pt\/wp-json\/wp\/v2\/posts\/41192\/revisions"}],"predecessor-version":[{"id":41202,"href":"https:\/\/www.italpassion.fr\/pt\/wp-json\/wp\/v2\/posts\/41192\/revisions\/41202"}],"wp:featuredmedia":[{"embeddable":true,"href":"https:\/\/www.italpassion.fr\/pt\/wp-json\/wp\/v2\/media\/41198"}],"wp:attachment":[{"href":"https:\/\/www.italpassion.fr\/pt\/wp-json\/wp\/v2\/media?parent=41192"}],"wp:term":[{"taxonomy":"category","embeddable":true,"href":"https:\/\/www.italpassion.fr\/pt\/wp-json\/wp\/v2\/categories?post=41192"},{"taxonomy":"post_tag","embeddable":true,"href":"https:\/\/www.italpassion.fr\/pt\/wp-json\/wp\/v2\/tags?post=41192"}],"curies":[{"name":"wp","href":"https:\/\/api.w.org\/{rel}","templated":true}]}}