{"id":41166,"date":"2025-09-09T20:48:44","date_gmt":"2025-09-09T18:48:44","guid":{"rendered":"https:\/\/www.italpassion.fr\/?p=41166"},"modified":"2025-09-09T20:48:44","modified_gmt":"2025-09-09T18:48:44","slug":"a-ferrari-revela-o-seu-novo-849-testarossa-com-um-v8-de-1050-cv-a-guerra-com-a-lamborghini-esta-declarada","status":"publish","type":"post","link":"https:\/\/www.italpassion.fr\/pt\/ferrari\/ferrari-devoile-sa-nouvelle-849-testarossa-avec-un-v8-de-1050-ch-la-guerre-avec-lamborghini-est-declaree\/","title":{"rendered":"A Ferrari revela o seu novo 849 Testarossa com um V8 de 1050 cv (a guerra com a Lamborghini est\u00e1 declarada)"},"content":{"rendered":"<figure class=\"wp-block-image size-full\"><img loading=\"lazy\" decoding=\"async\" width=\"1200\" height=\"800\" src=\"https:\/\/www.italpassion.fr\/wp-content\/uploads\/2025\/09\/ferrari-849-1.jpg\" alt=\"\" class=\"wp-image-41169\" srcset=\"https:\/\/www.italpassion.fr\/wp-content\/uploads\/2025\/09\/ferrari-849-1.jpg 1200w, https:\/\/www.italpassion.fr\/wp-content\/uploads\/2025\/09\/ferrari-849-1-420x280.jpg 420w, https:\/\/www.italpassion.fr\/wp-content\/uploads\/2025\/09\/ferrari-849-1-768x512.jpg 768w, https:\/\/www.italpassion.fr\/wp-content\/uploads\/2025\/09\/ferrari-849-1-18x12.jpg 18w\" sizes=\"auto, (max-width: 1200px) 100vw, 1200px\" \/><\/figure>\n\n\n\n<p><a href=\"https:\/\/www.italpassion.fr\/pt\/ferrari\/\">Ferrari<\/a> acaba de lan\u00e7ar uma bomba em Mil\u00e3o, a 9 de setembro de 2025: o 849 Testarossa, o substituto oficial do SF90 Stradale. E a mensagem \u00e9 clara: reclamar a coroa do supercarro h\u00edbrido mais potente... e bater o Lamborghini Revuelto (1015 cv). Depois da edi\u00e7\u00e3o muito limitada <a href=\"https:\/\/www.italpassion.fr\/pt\/carros\/ferrari-f80\/\">F80<\/a> (V6 h\u00edbrido de 1200 cv) que fez crescer \u00e1gua na boca, Maranello fez tudo o que estava ao seu alcance para a sua gama de \"produ\u00e7\u00e3o\". O resultado: um total de 1050 cv, um renascimento do nome lend\u00e1rio e um tempo de 1'17''500 em Fiorano. Jogo, set e (re)partida?<\/p>\n\n\n\n<h2 class=\"wp-block-heading\">Um nome de culto para um autom\u00f3vel com n\u00fameros<\/h2>\n\n\n\n<figure class=\"wp-block-image size-full\"><img loading=\"lazy\" decoding=\"async\" width=\"1200\" height=\"800\" src=\"https:\/\/www.italpassion.fr\/wp-content\/uploads\/2025\/09\/ferrari-849-2.jpg\" alt=\"\" class=\"wp-image-41170\" srcset=\"https:\/\/www.italpassion.fr\/wp-content\/uploads\/2025\/09\/ferrari-849-2.jpg 1200w, https:\/\/www.italpassion.fr\/wp-content\/uploads\/2025\/09\/ferrari-849-2-420x280.jpg 420w, https:\/\/www.italpassion.fr\/wp-content\/uploads\/2025\/09\/ferrari-849-2-768x512.jpg 768w, https:\/\/www.italpassion.fr\/wp-content\/uploads\/2025\/09\/ferrari-849-2-18x12.jpg 18w\" sizes=\"auto, (max-width: 1200px) 100vw, 1200px\" \/><\/figure>\n\n\n\n<p>A Ferrari n\u00e3o escolheu \"Testarossa\" por acaso. A marca, que apareceu pela primeira vez em 1956 (500 TR) e foi imortalizada pelo Testarossa de 1984, est\u00e1 a regressar com uma especifica\u00e7\u00e3o t\u00e9cnica louca. Sob o capot: um V8 twin-turbo de 3,9 litros (F154FC) completamente revisto, com 830 cv \u00e0s 7.500 rpm, 842 Nm \u00e0s 6.500 rpm e um breaker \u00e0s 8.300 rpm. \u00c9 apoiado por tr\u00eas motores el\u00e9ctricos (um do tipo MGU-K na traseira, dois na dianteira) para mais 220 cv. Tudo isto forma um sistema de tra\u00e7\u00e3o AWD, alimentado por uma bateria de 7,45 kWh capaz de proporcionar 25 km de autonomia em modo 100 % el\u00e9trico.<\/p>\n\n\n\n<p>Em termos de desempenho, a Ferrari anunciou :<\/p>\n\n\n\n<ul class=\"wp-block-list\">\n<li>0-100 km\/h &lt; 2,3 s<\/li>\n\n\n\n<li>0-200 km\/h em 6,35 s<\/li>\n\n\n\n<li>Velocidade m\u00e1xima &gt; 330 km\/h<\/li>\n<\/ul>\n\n\n\n<p>O peso a seco n\u00e3o deixa de ser impressionante, tendo em conta o arsenal do carro: 1.570 kg (a melhor rela\u00e7\u00e3o peso\/pot\u00eancia alguma vez alcan\u00e7ada por um modelo Ferrari da gama: 1,5 kg\/cv), gra\u00e7as a uma verdadeira ca\u00e7a aos gramas (\u00e1rvores de cames aligeiradas, parafusos em tit\u00e2nio, maquina\u00e7\u00e3o desportiva, etc.).<\/p>\n\n\n\n<h2 class=\"wp-block-heading\">Abrir \"guerra\" com Sant'Agata Bolognese<\/h2>\n\n\n\n<figure class=\"wp-block-image size-large\"><img loading=\"lazy\" decoding=\"async\" width=\"1024\" height=\"576\" src=\"https:\/\/www.italpassion.fr\/wp-content\/uploads\/2023\/03\/lamborghini-revuelto-2-1024x576.jpg\" alt=\"\" class=\"wp-image-31364\" srcset=\"https:\/\/www.italpassion.fr\/wp-content\/uploads\/2023\/03\/lamborghini-revuelto-2-1024x576.jpg 1024w, https:\/\/www.italpassion.fr\/wp-content\/uploads\/2023\/03\/lamborghini-revuelto-2-300x169.jpg 300w, https:\/\/www.italpassion.fr\/wp-content\/uploads\/2023\/03\/lamborghini-revuelto-2-768x432.jpg 768w, https:\/\/www.italpassion.fr\/wp-content\/uploads\/2023\/03\/lamborghini-revuelto-2-18x10.jpg 18w, https:\/\/www.italpassion.fr\/wp-content\/uploads\/2023\/03\/lamborghini-revuelto-2-192x108.jpg 192w, https:\/\/www.italpassion.fr\/wp-content\/uploads\/2023\/03\/lamborghini-revuelto-2-384x216.jpg 384w, https:\/\/www.italpassion.fr\/wp-content\/uploads\/2023\/03\/lamborghini-revuelto-2-364x205.jpg 364w, https:\/\/www.italpassion.fr\/wp-content\/uploads\/2023\/03\/lamborghini-revuelto-2-728x409.jpg 728w, https:\/\/www.italpassion.fr\/wp-content\/uploads\/2023\/03\/lamborghini-revuelto-2-561x316.jpg 561w, https:\/\/www.italpassion.fr\/wp-content\/uploads\/2023\/03\/lamborghini-revuelto-2-1122x631.jpg 1122w, https:\/\/www.italpassion.fr\/wp-content\/uploads\/2023\/03\/lamborghini-revuelto-2-265x149.jpg 265w, https:\/\/www.italpassion.fr\/wp-content\/uploads\/2023\/03\/lamborghini-revuelto-2-531x299.jpg 531w, https:\/\/www.italpassion.fr\/wp-content\/uploads\/2023\/03\/lamborghini-revuelto-2-608x342.jpg 608w, https:\/\/www.italpassion.fr\/wp-content\/uploads\/2023\/03\/lamborghini-revuelto-2-758x426.jpg 758w, https:\/\/www.italpassion.fr\/wp-content\/uploads\/2023\/03\/lamborghini-revuelto-2-1152x648.jpg 1152w, https:\/\/www.italpassion.fr\/wp-content\/uploads\/2023\/03\/lamborghini-revuelto-2-600x338.jpg 600w, https:\/\/www.italpassion.fr\/wp-content\/uploads\/2023\/03\/lamborghini-revuelto-2.jpg 1440w\" sizes=\"auto, (max-width: 1024px) 100vw, 1024px\" \/><\/figure>\n\n\n\n<p>Quando se trata da batalha dos n\u00fameros, o duelo \u00e9 frontal. O Lamborghini Revuelto possui um V12 h\u00edbrido com 1015 cv, enquanto o 849 Testarossa possui 1050 cv. A este n\u00edvel, a diferen\u00e7a j\u00e1 n\u00e3o \u00e9 simb\u00f3lica: a Ferrari est\u00e1 de novo na frente, e isso nota-se claramente. Para al\u00e9m disso, a aerodin\u00e2mica melhorou (voltaremos a este assunto mais tarde) e o tempo da volta em Fiorano sublinha o facto. O SF90 Stradale (1000 cv) foi ultrapassado e a diferen\u00e7a de filosofia est\u00e1 a aumentar: V8 twin-turbo + h\u00edbrido do lado de Maranello contra V12 atmos + hibridiza\u00e7\u00e3o do lado da Lamborghini. Dois caminhos, um objetivo: o dom\u00ednio. A guerra dos n\u00fameros est\u00e1 a come\u00e7ar!<\/p>\n\n\n\n<h2 class=\"wp-block-heading\">Tecnologia de ponta: XXL e CINCO turbos<\/h2>\n\n\n\n<figure class=\"wp-block-image size-full\"><img loading=\"lazy\" decoding=\"async\" width=\"1200\" height=\"800\" src=\"https:\/\/www.italpassion.fr\/wp-content\/uploads\/2025\/09\/ferrari-849-4.jpg\" alt=\"\" class=\"wp-image-41172\" srcset=\"https:\/\/www.italpassion.fr\/wp-content\/uploads\/2025\/09\/ferrari-849-4.jpg 1200w, https:\/\/www.italpassion.fr\/wp-content\/uploads\/2025\/09\/ferrari-849-4-420x280.jpg 420w, https:\/\/www.italpassion.fr\/wp-content\/uploads\/2025\/09\/ferrari-849-4-768x512.jpg 768w, https:\/\/www.italpassion.fr\/wp-content\/uploads\/2025\/09\/ferrari-849-4-18x12.jpg 18w\" sizes=\"auto, (max-width: 1200px) 100vw, 1200px\" \/><\/figure>\n\n\n\n<p>O motor V8 sofreu grandes altera\u00e7\u00f5es, com um novo turbo (o maior alguma vez instalado num Ferrari de produ\u00e7\u00e3o), gest\u00e3o t\u00e9rmica inspirada no 296 GT3, colectores de escape redesenhados e um intercooler optimizado. A utiliza\u00e7\u00e3o de alum\u00ednio fundido reciclado para os c\u00e1rteres tamb\u00e9m \u00e9 digna de nota.<\/p>\n\n\n\n<p>Do lado do chassis, a 849 introduz o Evo ABS e o novo estimador FIVE (Ferrari Integrated Vehicle Estimator): um g\u00e9meo digital que estima a velocidade, o \u00e2ngulo de guinada e os par\u00e2metros n\u00e3o mensur\u00e1veis em tempo real para afinar a tra\u00e7\u00e3o, o diferencial e a distribui\u00e7\u00e3o da travagem... O resultado \u00e9 uma travagem mais tardia, mais forte e mais repet\u00edvel do que na SF90.<\/p>\n\n\n\n<p>A suspens\u00e3o, o amortecimento e a calibra\u00e7\u00e3o foram revistos para proporcionar um aumento de 3 % na ader\u00eancia lateral. Tudo isto foi conseguido sem sacrificar o prazer: gest\u00e3o cuidadosa das transi\u00e7\u00f5es t\u00e9rmicas\/el\u00e9ctricas, regenera\u00e7\u00e3o mais progressiva e uma sensa\u00e7\u00e3o de pedal mais natural.<\/p>\n\n\n\n<h2 class=\"wp-block-heading\">Aerodin\u00e2mica e design escultural<\/h2>\n\n\n\n<p>Visualmente, o 849 Testarossa apresenta linhas angulares e geom\u00e9tricas para uma efici\u00eancia aerodin\u00e2mica m\u00e1xima:<\/p>\n\n\n\n<ul class=\"wp-block-list\">\n<li>415 kg de for\u00e7a descendente a 250 km\/h<\/li>\n\n\n\n<li>Spoiler dianteiro ativo com at\u00e9 100 kg de for\u00e7a descendente a 250 km\/h<\/li>\n\n\n\n<li>Spoiler traseiro duplo, difusor multi-n\u00edvel, geradores de v\u00f3rtice em cascata.<\/li>\n<\/ul>\n\n\n\n<figure class=\"wp-block-image size-full\"><img loading=\"lazy\" decoding=\"async\" width=\"1200\" height=\"800\" src=\"https:\/\/www.italpassion.fr\/wp-content\/uploads\/2025\/09\/ferrari-849-habitacle.jpg\" alt=\"\" class=\"wp-image-41173\" srcset=\"https:\/\/www.italpassion.fr\/wp-content\/uploads\/2025\/09\/ferrari-849-habitacle.jpg 1200w, https:\/\/www.italpassion.fr\/wp-content\/uploads\/2025\/09\/ferrari-849-habitacle-420x280.jpg 420w, https:\/\/www.italpassion.fr\/wp-content\/uploads\/2025\/09\/ferrari-849-habitacle-768x512.jpg 768w, https:\/\/www.italpassion.fr\/wp-content\/uploads\/2025\/09\/ferrari-849-habitacle-18x12.jpg 18w\" sizes=\"auto, (max-width: 1200px) 100vw, 1200px\" \/><\/figure>\n\n\n\n<p>A bordo, a ergonomia foi melhorada: um novo volante com bot\u00f5es mec\u00e2nicos (sim, <a href=\"https:\/\/www.italpassion.fr\/pt\/ferrari\/a-ferrari-abandona-os-irritantes-controlos-tacteis-e-volta-a-utilizar-os-bons-e-velhos-botoes\/\">Ferrari abandona o ecr\u00e3 t\u00e1til<\/a>), Apple CarPlay\/Android Auto e carregador sem fios. Acabamentos \u00e0 la carte, incluindo novas cores: Rosso Fiammante e Giallo Ambra no exterior, Alcantara Giallo Siena no interior.<\/p>\n\n\n\n<h2 class=\"wp-block-heading\">849 Testarossa Spider: ar fresco, as mesmas emo\u00e7\u00f5es<\/h2>\n\n\n\n<figure class=\"wp-block-image size-full\"><img loading=\"lazy\" decoding=\"async\" width=\"1200\" height=\"800\" src=\"https:\/\/www.italpassion.fr\/wp-content\/uploads\/2025\/09\/ferrari-849-et-849-spider.jpg\" alt=\"\" class=\"wp-image-41174\" srcset=\"https:\/\/www.italpassion.fr\/wp-content\/uploads\/2025\/09\/ferrari-849-et-849-spider.jpg 1200w, https:\/\/www.italpassion.fr\/wp-content\/uploads\/2025\/09\/ferrari-849-et-849-spider-420x280.jpg 420w, https:\/\/www.italpassion.fr\/wp-content\/uploads\/2025\/09\/ferrari-849-et-849-spider-768x512.jpg 768w, https:\/\/www.italpassion.fr\/wp-content\/uploads\/2025\/09\/ferrari-849-et-849-spider-18x12.jpg 18w\" sizes=\"auto, (max-width: 1200px) 100vw, 1200px\" \/><\/figure>\n\n\n\n<p>A Ferrari apresenta tamb\u00e9m o 849 Testarossa Spider. A capota r\u00edgida retr\u00e1til abre e fecha em 14 segundos a velocidades at\u00e9 45 km\/h. O desempenho mant\u00e9m-se estratosf\u00e9rico: &gt;330 km\/h, 0-100 &lt; 2,3 s, 0-200 em 6,5 s, 1&#039;18&#039;&#039;100 em Fiorano.<\/p>\n\n\n\n<p>Peso a seco: 1660 kg, divis\u00e3o 45\/55, e o mesmo conjunto de tecnologias (ABS Evo, FIVE, aerodin\u00e2mica ativa, etc.) com afina\u00e7\u00e3o espec\u00edfica da rigidez para preservar as qualidades din\u00e2micas do coup\u00e9.<\/p>\n\n\n\n<figure class=\"wp-block-image size-full\"><img loading=\"lazy\" decoding=\"async\" width=\"1200\" height=\"800\" src=\"https:\/\/www.italpassion.fr\/wp-content\/uploads\/2025\/09\/ferrari-849-spider.jpg\" alt=\"\" class=\"wp-image-41167\" srcset=\"https:\/\/www.italpassion.fr\/wp-content\/uploads\/2025\/09\/ferrari-849-spider.jpg 1200w, https:\/\/www.italpassion.fr\/wp-content\/uploads\/2025\/09\/ferrari-849-spider-420x280.jpg 420w, https:\/\/www.italpassion.fr\/wp-content\/uploads\/2025\/09\/ferrari-849-spider-768x512.jpg 768w, https:\/\/www.italpassion.fr\/wp-content\/uploads\/2025\/09\/ferrari-849-spider-18x12.jpg 18w\" sizes=\"auto, (max-width: 1200px) 100vw, 1200px\" \/><\/figure>\n\n\n\n<h2 class=\"wp-block-heading\">Assetto Fiorano: a op\u00e7\u00e3o da pista<\/h2>\n\n\n\n<figure class=\"wp-block-image size-full\"><img loading=\"lazy\" decoding=\"async\" width=\"1200\" height=\"800\" src=\"https:\/\/www.italpassion.fr\/wp-content\/uploads\/2025\/09\/ferrari-849-assetto.jpg\" alt=\"\" class=\"wp-image-41175\" srcset=\"https:\/\/www.italpassion.fr\/wp-content\/uploads\/2025\/09\/ferrari-849-assetto.jpg 1200w, https:\/\/www.italpassion.fr\/wp-content\/uploads\/2025\/09\/ferrari-849-assetto-420x280.jpg 420w, https:\/\/www.italpassion.fr\/wp-content\/uploads\/2025\/09\/ferrari-849-assetto-768x512.jpg 768w, https:\/\/www.italpassion.fr\/wp-content\/uploads\/2025\/09\/ferrari-849-assetto-18x12.jpg 18w\" sizes=\"auto, (max-width: 1200px) 100vw, 1200px\" \/><\/figure>\n\n\n\n<p>Tal como no SF90, o pack Assetto Fiorano radicaliza o 849 (coup\u00e9 ou Spider):<\/p>\n\n\n\n<ul class=\"wp-block-list\">\n<li>-30 kg (bancos tubulares em Alc\u00e2ntara, jantes de carbono de 20\", tit\u00e2nio, comp\u00f3sitos),<\/li>\n\n\n\n<li>Amortecedores Multimatic ,<\/li>\n\n\n\n<li>aerodin\u00e2mica melhorada e, em certas configura\u00e7\u00f5es, um spoiler traseiro duplo para triplicar a for\u00e7a descendente,<\/li>\n\n\n\n<li>Pneus Michelin Cup2R (opcional), Cup2 (Assetto Fiorano), Pirelli P Zero R ou Bridgestone Potenza Sport desenvolvidos em conjunto.<\/li>\n<\/ul>\n\n\n\n<figure class=\"wp-block-embed is-type-video is-provider-youtube wp-block-embed-youtube wp-embed-aspect-16-9 wp-has-aspect-ratio\"><div class=\"wp-block-embed__wrapper\">\n<iframe loading=\"lazy\" title=\"Bem-vindo o Ferrari 849 Testarossa\" width=\"1200\" height=\"675\" src=\"https:\/\/www.youtube-nocookie.com\/embed\/0EkSu4AoqBk?feature=oembed\" frameborder=\"0\" allow=\"accelerometer; autoplay; clipboard-write; encrypted-media; gyroscope; picture-in-picture; web-share\" referrerpolicy=\"strict-origin-when-cross-origin\" allowfullscreen><\/iframe>\n<\/div><\/figure>","protected":false},"excerpt":{"rendered":"","protected":false},"author":1,"featured_media":41169,"comment_status":"open","ping_status":"open","sticky":false,"template":"","format":"standard","meta":{"_acf_changed":false,"_sitemap_exclude":false,"_sitemap_priority":"","_sitemap_frequency":"","footnotes":""},"categories":[23],"tags":[567],"class_list":["post-41166","post","type-post","status-publish","format-standard","has-post-thumbnail","hentry","category-ferrari","tag-ferrari-849-testarossa","generate-columns","tablet-grid-50","mobile-grid-100","grid-parent","grid-33"],"acf":[],"yoast_head":"<!-- This site is optimized with the Yoast SEO plugin v25.8 - https:\/\/yoast.com\/wordpress\/plugins\/seo\/ -->\n<title>Ferrari d\u00e9voile sa nouvelle 849 Testarossa avec un V8 de 1050 ch (la guerre avec Lamborghini est d\u00e9clar\u00e9e) - ItalPassion<\/title>\n<meta name=\"description\" content=\"Ferrari vient de l\u00e2cher une bombe \u00e0 Milan ce 9 septembre 2025 : voici la 849 Testarossa, rempla\u00e7ante officielle de la SF90 Stradale. Et le message est\" \/>\n<meta name=\"robots\" content=\"index, follow, max-snippet:-1, max-image-preview:large, max-video-preview:-1\" \/>\n<link rel=\"canonical\" href=\"https:\/\/www.italpassion.fr\/pt\/ferrari\/a-ferrari-revela-o-seu-novo-849-testarossa-com-um-v8-de-1050-cv-a-guerra-com-a-lamborghini-esta-declarada\/\" \/>\n<meta property=\"og:locale\" content=\"pt_PT\" \/>\n<meta property=\"og:type\" content=\"article\" \/>\n<meta property=\"og:title\" content=\"Ferrari d\u00e9voile sa nouvelle 849 Testarossa avec un V8 de 1050 ch (la guerre avec Lamborghini est d\u00e9clar\u00e9e) - ItalPassion\" \/>\n<meta property=\"og:description\" content=\"Ferrari vient de l\u00e2cher une bombe \u00e0 Milan ce 9 septembre 2025 : voici la 849 Testarossa, rempla\u00e7ante officielle de la SF90 Stradale. Et le message est\" \/>\n<meta property=\"og:url\" content=\"https:\/\/www.italpassion.fr\/pt\/ferrari\/a-ferrari-revela-o-seu-novo-849-testarossa-com-um-v8-de-1050-cv-a-guerra-com-a-lamborghini-esta-declarada\/\" \/>\n<meta property=\"og:site_name\" content=\"ItalPassion\" \/>\n<meta property=\"article:publisher\" content=\"https:\/\/www.facebook.com\/italpassion\" \/>\n<meta property=\"article:published_time\" content=\"2025-09-09T18:48:44+00:00\" \/>\n<meta property=\"og:image\" content=\"https:\/\/www.italpassion.fr\/wp-content\/uploads\/2025\/09\/ferrari-849-1.jpg\" \/>\n\t<meta property=\"og:image:width\" content=\"1200\" \/>\n\t<meta property=\"og:image:height\" content=\"800\" \/>\n\t<meta property=\"og:image:type\" content=\"image\/jpeg\" \/>\n<meta name=\"author\" content=\"Alexandre Filluzeau\" \/>\n<meta name=\"twitter:card\" content=\"summary_large_image\" \/>\n<meta name=\"twitter:creator\" content=\"@italpassion\" \/>\n<meta name=\"twitter:site\" content=\"@italpassion\" \/>\n<script type=\"application\/ld+json\" class=\"yoast-schema-graph\">{\"@context\":\"https:\/\/schema.org\",\"@graph\":[{\"@type\":\"NewsArticle\",\"@id\":\"https:\/\/www.italpassion.fr\/pt\/ferrari\/ferrari-devoile-sa-nouvelle-849-testarossa-avec-un-v8-de-1050-ch-la-guerre-avec-lamborghini-est-declaree\/#article\",\"isPartOf\":{\"@id\":\"https:\/\/www.italpassion.fr\/pt\/ferrari\/ferrari-devoile-sa-nouvelle-849-testarossa-avec-un-v8-de-1050-ch-la-guerre-avec-lamborghini-est-declaree\/\"},\"author\":{\"name\":\"Alexandre Filluzeau\",\"@id\":\"https:\/\/www.italpassion.fr\/pt\/#\/schema\/person\/36f747b2a759ca202d847e85a9434ca0\"},\"headline\":\"Ferrari d\u00e9voile sa nouvelle 849 Testarossa avec un V8 de 1050 ch (la guerre avec Lamborghini est d\u00e9clar\u00e9e)\",\"datePublished\":\"2025-09-09T18:48:44+00:00\",\"mainEntityOfPage\":{\"@id\":\"https:\/\/www.italpassion.fr\/pt\/ferrari\/ferrari-devoile-sa-nouvelle-849-testarossa-avec-un-v8-de-1050-ch-la-guerre-avec-lamborghini-est-declaree\/\"},\"wordCount\":775,\"commentCount\":3,\"publisher\":{\"@id\":\"https:\/\/www.italpassion.fr\/pt\/#organization\"},\"image\":{\"@id\":\"https:\/\/www.italpassion.fr\/pt\/ferrari\/ferrari-devoile-sa-nouvelle-849-testarossa-avec-un-v8-de-1050-ch-la-guerre-avec-lamborghini-est-declaree\/#primaryimage\"},\"thumbnailUrl\":\"https:\/\/www.italpassion.fr\/wp-content\/uploads\/2025\/09\/ferrari-849-1.jpg\",\"keywords\":[\"Ferrari 849 Testarossa\"],\"articleSection\":[\"Ferrari\"],\"inLanguage\":\"pt-PT\",\"potentialAction\":[{\"@type\":\"CommentAction\",\"name\":\"Comment\",\"target\":[\"https:\/\/www.italpassion.fr\/pt\/ferrari\/ferrari-devoile-sa-nouvelle-849-testarossa-avec-un-v8-de-1050-ch-la-guerre-avec-lamborghini-est-declaree\/#respond\"]}]},{\"@type\":\"WebPage\",\"@id\":\"https:\/\/www.italpassion.fr\/pt\/ferrari\/ferrari-devoile-sa-nouvelle-849-testarossa-avec-un-v8-de-1050-ch-la-guerre-avec-lamborghini-est-declaree\/\",\"url\":\"https:\/\/www.italpassion.fr\/pt\/ferrari\/ferrari-devoile-sa-nouvelle-849-testarossa-avec-un-v8-de-1050-ch-la-guerre-avec-lamborghini-est-declaree\/\",\"name\":\"Ferrari d\u00e9voile sa nouvelle 849 Testarossa avec un V8 de 1050 ch (la guerre avec Lamborghini est d\u00e9clar\u00e9e) - ItalPassion\",\"isPartOf\":{\"@id\":\"https:\/\/www.italpassion.fr\/pt\/#website\"},\"primaryImageOfPage\":{\"@id\":\"https:\/\/www.italpassion.fr\/pt\/ferrari\/ferrari-devoile-sa-nouvelle-849-testarossa-avec-un-v8-de-1050-ch-la-guerre-avec-lamborghini-est-declaree\/#primaryimage\"},\"image\":{\"@id\":\"https:\/\/www.italpassion.fr\/pt\/ferrari\/ferrari-devoile-sa-nouvelle-849-testarossa-avec-un-v8-de-1050-ch-la-guerre-avec-lamborghini-est-declaree\/#primaryimage\"},\"thumbnailUrl\":\"https:\/\/www.italpassion.fr\/wp-content\/uploads\/2025\/09\/ferrari-849-1.jpg\",\"datePublished\":\"2025-09-09T18:48:44+00:00\",\"description\":\"Ferrari vient de l\u00e2cher une bombe \u00e0 Milan ce 9 septembre 2025 : voici la 849 Testarossa, rempla\u00e7ante officielle de la SF90 Stradale. Et le message est\",\"breadcrumb\":{\"@id\":\"https:\/\/www.italpassion.fr\/pt\/ferrari\/ferrari-devoile-sa-nouvelle-849-testarossa-avec-un-v8-de-1050-ch-la-guerre-avec-lamborghini-est-declaree\/#breadcrumb\"},\"inLanguage\":\"pt-PT\",\"potentialAction\":[{\"@type\":\"ReadAction\",\"target\":[\"https:\/\/www.italpassion.fr\/pt\/ferrari\/ferrari-devoile-sa-nouvelle-849-testarossa-avec-un-v8-de-1050-ch-la-guerre-avec-lamborghini-est-declaree\/\"]}]},{\"@type\":\"ImageObject\",\"inLanguage\":\"pt-PT\",\"@id\":\"https:\/\/www.italpassion.fr\/pt\/ferrari\/ferrari-devoile-sa-nouvelle-849-testarossa-avec-un-v8-de-1050-ch-la-guerre-avec-lamborghini-est-declaree\/#primaryimage\",\"url\":\"https:\/\/www.italpassion.fr\/wp-content\/uploads\/2025\/09\/ferrari-849-1.jpg\",\"contentUrl\":\"https:\/\/www.italpassion.fr\/wp-content\/uploads\/2025\/09\/ferrari-849-1.jpg\",\"width\":1200,\"height\":800},{\"@type\":\"BreadcrumbList\",\"@id\":\"https:\/\/www.italpassion.fr\/pt\/ferrari\/ferrari-devoile-sa-nouvelle-849-testarossa-avec-un-v8-de-1050-ch-la-guerre-avec-lamborghini-est-declaree\/#breadcrumb\",\"itemListElement\":[{\"@type\":\"ListItem\",\"position\":1,\"name\":\"Accueil\",\"item\":\"https:\/\/www.italpassion.fr\/pt\/\"},{\"@type\":\"ListItem\",\"position\":2,\"name\":\"Ferrari d\u00e9voile sa nouvelle 849 Testarossa avec un V8 de 1050 ch (la guerre avec Lamborghini est d\u00e9clar\u00e9e)\"}]},{\"@type\":\"WebSite\",\"@id\":\"https:\/\/www.italpassion.fr\/pt\/#website\",\"url\":\"https:\/\/www.italpassion.fr\/pt\/\",\"name\":\"ItalPassion\",\"description\":\"Les Passionn\u00e9s d&#039;Automobiles Italiennes\",\"publisher\":{\"@id\":\"https:\/\/www.italpassion.fr\/pt\/#organization\"},\"potentialAction\":[{\"@type\":\"SearchAction\",\"target\":{\"@type\":\"EntryPoint\",\"urlTemplate\":\"https:\/\/www.italpassion.fr\/pt\/?s={search_term_string}\"},\"query-input\":{\"@type\":\"PropertyValueSpecification\",\"valueRequired\":true,\"valueName\":\"search_term_string\"}}],\"inLanguage\":\"pt-PT\"},{\"@type\":\"Organization\",\"@id\":\"https:\/\/www.italpassion.fr\/pt\/#organization\",\"name\":\"Italpassion\",\"url\":\"https:\/\/www.italpassion.fr\/pt\/\",\"logo\":{\"@type\":\"ImageObject\",\"inLanguage\":\"pt-PT\",\"@id\":\"https:\/\/www.italpassion.fr\/pt\/#\/schema\/logo\/image\/\",\"url\":\"https:\/\/www.italpassion.fr\/wp-content\/uploads\/2023\/07\/italpassion-yoast.jpg\",\"contentUrl\":\"https:\/\/www.italpassion.fr\/wp-content\/uploads\/2023\/07\/italpassion-yoast.jpg\",\"width\":696,\"height\":696,\"caption\":\"Italpassion\"},\"image\":{\"@id\":\"https:\/\/www.italpassion.fr\/pt\/#\/schema\/logo\/image\/\"},\"sameAs\":[\"https:\/\/www.facebook.com\/italpassion\",\"https:\/\/x.com\/italpassion\",\"https:\/\/www.instagram.com\/italpassionfr\/\",\"https:\/\/www.youtube.com\/channel\/UCleq-ByQaA42OjhopwevRjQ\",\"https:\/\/www.facebook.com\/italpassion.en\/\",\"https:\/\/www.facebook.com\/italpassion.it\/\",\"https:\/\/www.facebook.com\/italpassion.de\/\",\"https:\/\/www.facebook.com\/italpassion.ja\/\"]},{\"@type\":\"Person\",\"@id\":\"https:\/\/www.italpassion.fr\/pt\/#\/schema\/person\/36f747b2a759ca202d847e85a9434ca0\",\"name\":\"Alexandre Filluzeau\",\"image\":{\"@type\":\"ImageObject\",\"inLanguage\":\"pt-PT\",\"@id\":\"https:\/\/www.italpassion.fr\/pt\/#\/schema\/person\/image\/\",\"url\":\"https:\/\/www.italpassion.fr\/wp-content\/uploads\/2025\/04\/avatar-alexandre-160x160.jpg\",\"contentUrl\":\"https:\/\/www.italpassion.fr\/wp-content\/uploads\/2025\/04\/avatar-alexandre-160x160.jpg\",\"caption\":\"Alexandre Filluzeau\"},\"description\":\"Fondateur du site ItalPassion, passionn\u00e9 de voitures italiennes et de l'Italie en g\u00e9n\u00e9ral. J'apporte un regard critique et technique aux actualit\u00e9s des marques italiennes quand cela est possible. Propri\u00e9taire d'une Maserati GranTurismo, Alfa Romeo MiTo, Lancia Fulvia et Ducati 695. Ex-propri\u00e9taire d'une Alfa Romeo Giulia.\",\"sameAs\":[\"https:\/\/www.italpassion.fr\/\"],\"url\":\"https:\/\/www.italpassion.fr\/pt\/author\/alexandre\/\"}]}<\/script>\n<!-- \/ Yoast SEO plugin. -->","yoast_head_json":{"title":"Ferrari revela novo 849 Testarossa com V8 de 1050 cv (guerra declarada com a Lamborghini) - ItalPassion","description":"A Ferrari acaba de lan\u00e7ar uma bomba em Mil\u00e3o, a 9 de setembro de 2025: eis o 849 Testarossa, o substituto oficial do SF90 Stradale. E a mensagem \u00e9","robots":{"index":"index","follow":"follow","max-snippet":"max-snippet:-1","max-image-preview":"max-image-preview:large","max-video-preview":"max-video-preview:-1"},"canonical":"https:\/\/www.italpassion.fr\/pt\/ferrari\/a-ferrari-revela-o-seu-novo-849-testarossa-com-um-v8-de-1050-cv-a-guerra-com-a-lamborghini-esta-declarada\/","og_locale":"pt_PT","og_type":"article","og_title":"Ferrari d\u00e9voile sa nouvelle 849 Testarossa avec un V8 de 1050 ch (la guerre avec Lamborghini est d\u00e9clar\u00e9e) - ItalPassion","og_description":"Ferrari vient de l\u00e2cher une bombe \u00e0 Milan ce 9 septembre 2025 : voici la 849 Testarossa, rempla\u00e7ante officielle de la SF90 Stradale. Et le message est","og_url":"https:\/\/www.italpassion.fr\/pt\/ferrari\/a-ferrari-revela-o-seu-novo-849-testarossa-com-um-v8-de-1050-cv-a-guerra-com-a-lamborghini-esta-declarada\/","og_site_name":"ItalPassion","article_publisher":"https:\/\/www.facebook.com\/italpassion","article_published_time":"2025-09-09T18:48:44+00:00","og_image":[{"width":1200,"height":800,"url":"https:\/\/www.italpassion.fr\/wp-content\/uploads\/2025\/09\/ferrari-849-1.jpg","type":"image\/jpeg"}],"author":"Alexandre Filluzeau","twitter_card":"summary_large_image","twitter_creator":"@italpassion","twitter_site":"@italpassion","schema":{"@context":"https:\/\/schema.org","@graph":[{"@type":"NewsArticle","@id":"https:\/\/www.italpassion.fr\/pt\/ferrari\/ferrari-devoile-sa-nouvelle-849-testarossa-avec-un-v8-de-1050-ch-la-guerre-avec-lamborghini-est-declaree\/#article","isPartOf":{"@id":"https:\/\/www.italpassion.fr\/pt\/ferrari\/ferrari-devoile-sa-nouvelle-849-testarossa-avec-un-v8-de-1050-ch-la-guerre-avec-lamborghini-est-declaree\/"},"author":{"name":"Alexandre Filluzeau","@id":"https:\/\/www.italpassion.fr\/pt\/#\/schema\/person\/36f747b2a759ca202d847e85a9434ca0"},"headline":"Ferrari d\u00e9voile sa nouvelle 849 Testarossa avec un V8 de 1050 ch (la guerre avec Lamborghini est d\u00e9clar\u00e9e)","datePublished":"2025-09-09T18:48:44+00:00","mainEntityOfPage":{"@id":"https:\/\/www.italpassion.fr\/pt\/ferrari\/ferrari-devoile-sa-nouvelle-849-testarossa-avec-un-v8-de-1050-ch-la-guerre-avec-lamborghini-est-declaree\/"},"wordCount":775,"commentCount":3,"publisher":{"@id":"https:\/\/www.italpassion.fr\/pt\/#organization"},"image":{"@id":"https:\/\/www.italpassion.fr\/pt\/ferrari\/ferrari-devoile-sa-nouvelle-849-testarossa-avec-un-v8-de-1050-ch-la-guerre-avec-lamborghini-est-declaree\/#primaryimage"},"thumbnailUrl":"https:\/\/www.italpassion.fr\/wp-content\/uploads\/2025\/09\/ferrari-849-1.jpg","keywords":["Ferrari 849 Testarossa"],"articleSection":["Ferrari"],"inLanguage":"pt-PT","potentialAction":[{"@type":"CommentAction","name":"Comment","target":["https:\/\/www.italpassion.fr\/pt\/ferrari\/ferrari-devoile-sa-nouvelle-849-testarossa-avec-un-v8-de-1050-ch-la-guerre-avec-lamborghini-est-declaree\/#respond"]}]},{"@type":"WebPage","@id":"https:\/\/www.italpassion.fr\/pt\/ferrari\/ferrari-devoile-sa-nouvelle-849-testarossa-avec-un-v8-de-1050-ch-la-guerre-avec-lamborghini-est-declaree\/","url":"https:\/\/www.italpassion.fr\/pt\/ferrari\/ferrari-devoile-sa-nouvelle-849-testarossa-avec-un-v8-de-1050-ch-la-guerre-avec-lamborghini-est-declaree\/","name":"Ferrari revela novo 849 Testarossa com V8 de 1050 cv (guerra declarada com a Lamborghini) - ItalPassion","isPartOf":{"@id":"https:\/\/www.italpassion.fr\/pt\/#website"},"primaryImageOfPage":{"@id":"https:\/\/www.italpassion.fr\/pt\/ferrari\/ferrari-devoile-sa-nouvelle-849-testarossa-avec-un-v8-de-1050-ch-la-guerre-avec-lamborghini-est-declaree\/#primaryimage"},"image":{"@id":"https:\/\/www.italpassion.fr\/pt\/ferrari\/ferrari-devoile-sa-nouvelle-849-testarossa-avec-un-v8-de-1050-ch-la-guerre-avec-lamborghini-est-declaree\/#primaryimage"},"thumbnailUrl":"https:\/\/www.italpassion.fr\/wp-content\/uploads\/2025\/09\/ferrari-849-1.jpg","datePublished":"2025-09-09T18:48:44+00:00","description":"A Ferrari acaba de lan\u00e7ar uma bomba em Mil\u00e3o, a 9 de setembro de 2025: eis o 849 Testarossa, o substituto oficial do SF90 Stradale. E a mensagem \u00e9","breadcrumb":{"@id":"https:\/\/www.italpassion.fr\/pt\/ferrari\/ferrari-devoile-sa-nouvelle-849-testarossa-avec-un-v8-de-1050-ch-la-guerre-avec-lamborghini-est-declaree\/#breadcrumb"},"inLanguage":"pt-PT","potentialAction":[{"@type":"ReadAction","target":["https:\/\/www.italpassion.fr\/pt\/ferrari\/ferrari-devoile-sa-nouvelle-849-testarossa-avec-un-v8-de-1050-ch-la-guerre-avec-lamborghini-est-declaree\/"]}]},{"@type":"ImageObject","inLanguage":"pt-PT","@id":"https:\/\/www.italpassion.fr\/pt\/ferrari\/ferrari-devoile-sa-nouvelle-849-testarossa-avec-un-v8-de-1050-ch-la-guerre-avec-lamborghini-est-declaree\/#primaryimage","url":"https:\/\/www.italpassion.fr\/wp-content\/uploads\/2025\/09\/ferrari-849-1.jpg","contentUrl":"https:\/\/www.italpassion.fr\/wp-content\/uploads\/2025\/09\/ferrari-849-1.jpg","width":1200,"height":800},{"@type":"BreadcrumbList","@id":"https:\/\/www.italpassion.fr\/pt\/ferrari\/ferrari-devoile-sa-nouvelle-849-testarossa-avec-un-v8-de-1050-ch-la-guerre-avec-lamborghini-est-declaree\/#breadcrumb","itemListElement":[{"@type":"ListItem","position":1,"name":"Accueil","item":"https:\/\/www.italpassion.fr\/pt\/"},{"@type":"ListItem","position":2,"name":"Ferrari d\u00e9voile sa nouvelle 849 Testarossa avec un V8 de 1050 ch (la guerre avec Lamborghini est d\u00e9clar\u00e9e)"}]},{"@type":"WebSite","@id":"https:\/\/www.italpassion.fr\/pt\/#website","url":"https:\/\/www.italpassion.fr\/pt\/","name":"ItalPassion","description":"Entusiastas de autom\u00f3veis italianos","publisher":{"@id":"https:\/\/www.italpassion.fr\/pt\/#organization"},"potentialAction":[{"@type":"SearchAction","target":{"@type":"EntryPoint","urlTemplate":"https:\/\/www.italpassion.fr\/pt\/?s={search_term_string}"},"query-input":{"@type":"PropertyValueSpecification","valueRequired":true,"valueName":"search_term_string"}}],"inLanguage":"pt-PT"},{"@type":"Organization","@id":"https:\/\/www.italpassion.fr\/pt\/#organization","name":"Italpassion","url":"https:\/\/www.italpassion.fr\/pt\/","logo":{"@type":"ImageObject","inLanguage":"pt-PT","@id":"https:\/\/www.italpassion.fr\/pt\/#\/schema\/logo\/image\/","url":"https:\/\/www.italpassion.fr\/wp-content\/uploads\/2023\/07\/italpassion-yoast.jpg","contentUrl":"https:\/\/www.italpassion.fr\/wp-content\/uploads\/2023\/07\/italpassion-yoast.jpg","width":696,"height":696,"caption":"Italpassion"},"image":{"@id":"https:\/\/www.italpassion.fr\/pt\/#\/schema\/logo\/image\/"},"sameAs":["https:\/\/www.facebook.com\/italpassion","https:\/\/x.com\/italpassion","https:\/\/www.instagram.com\/italpassionfr\/","https:\/\/www.youtube.com\/channel\/UCleq-ByQaA42OjhopwevRjQ","https:\/\/www.facebook.com\/italpassion.en\/","https:\/\/www.facebook.com\/italpassion.it\/","https:\/\/www.facebook.com\/italpassion.de\/","https:\/\/www.facebook.com\/italpassion.ja\/"]},{"@type":"Person","@id":"https:\/\/www.italpassion.fr\/pt\/#\/schema\/person\/36f747b2a759ca202d847e85a9434ca0","name":"Alexandre Filluzeau","image":{"@type":"ImageObject","inLanguage":"pt-PT","@id":"https:\/\/www.italpassion.fr\/pt\/#\/schema\/person\/image\/","url":"https:\/\/www.italpassion.fr\/wp-content\/uploads\/2025\/04\/avatar-alexandre-160x160.jpg","contentUrl":"https:\/\/www.italpassion.fr\/wp-content\/uploads\/2025\/04\/avatar-alexandre-160x160.jpg","caption":"Alexandre Filluzeau"},"description":"Fundador do site ItalPassion, apaixonado por carros italianos e pela It\u00e1lia em geral. Trago um olhar cr\u00edtico e t\u00e9cnico \u00e0s not\u00edcias das marcas italianas, sempre que poss\u00edvel. Propriet\u00e1ria de um Maserati GranTurismo, Alfa Romeo MiTo, Lancia Fulvia e Ducati 695. Ex-propriet\u00e1rio de uma Alfa Romeo Giulia.","sameAs":["https:\/\/www.italpassion.fr\/"],"url":"https:\/\/www.italpassion.fr\/pt\/author\/alexandre\/"}]}},"_links":{"self":[{"href":"https:\/\/www.italpassion.fr\/pt\/wp-json\/wp\/v2\/posts\/41166","targetHints":{"allow":["GET"]}}],"collection":[{"href":"https:\/\/www.italpassion.fr\/pt\/wp-json\/wp\/v2\/posts"}],"about":[{"href":"https:\/\/www.italpassion.fr\/pt\/wp-json\/wp\/v2\/types\/post"}],"author":[{"embeddable":true,"href":"https:\/\/www.italpassion.fr\/pt\/wp-json\/wp\/v2\/users\/1"}],"replies":[{"embeddable":true,"href":"https:\/\/www.italpassion.fr\/pt\/wp-json\/wp\/v2\/comments?post=41166"}],"version-history":[{"count":1,"href":"https:\/\/www.italpassion.fr\/pt\/wp-json\/wp\/v2\/posts\/41166\/revisions"}],"predecessor-version":[{"id":41176,"href":"https:\/\/www.italpassion.fr\/pt\/wp-json\/wp\/v2\/posts\/41166\/revisions\/41176"}],"wp:featuredmedia":[{"embeddable":true,"href":"https:\/\/www.italpassion.fr\/pt\/wp-json\/wp\/v2\/media\/41169"}],"wp:attachment":[{"href":"https:\/\/www.italpassion.fr\/pt\/wp-json\/wp\/v2\/media?parent=41166"}],"wp:term":[{"taxonomy":"category","embeddable":true,"href":"https:\/\/www.italpassion.fr\/pt\/wp-json\/wp\/v2\/categories?post=41166"},{"taxonomy":"post_tag","embeddable":true,"href":"https:\/\/www.italpassion.fr\/pt\/wp-json\/wp\/v2\/tags?post=41166"}],"curies":[{"name":"wp","href":"https:\/\/api.w.org\/{rel}","templated":true}]}}