{"id":40627,"date":"2025-09-03T16:19:15","date_gmt":"2025-09-03T14:19:15","guid":{"rendered":"https:\/\/www.italpassion.fr\/?p=40627"},"modified":"2025-09-03T16:19:15","modified_gmt":"2025-09-03T14:19:15","slug":"a-lamborghini-nao-esta-preparada-para-parar-o-v12-para-alem-de-2030","status":"publish","type":"post","link":"https:\/\/www.italpassion.fr\/pt\/lamborghini\/lamborghini-nest-pas-pres-darreter-le-v12-au-dela-de-2030\/","title":{"rendered":"A Lamborghini n\u00e3o est\u00e1 disposta a desistir do V12! \"Para al\u00e9m de 2030"},"content":{"rendered":"<figure class=\"wp-block-image size-full\"><img loading=\"lazy\" decoding=\"async\" width=\"1200\" height=\"800\" src=\"https:\/\/www.italpassion.fr\/wp-content\/uploads\/2025\/08\/lamborghini-revuelto-v12-00.jpg\" alt=\"\" class=\"wp-image-41041\" srcset=\"https:\/\/www.italpassion.fr\/wp-content\/uploads\/2025\/08\/lamborghini-revuelto-v12-00.jpg 1200w, https:\/\/www.italpassion.fr\/wp-content\/uploads\/2025\/08\/lamborghini-revuelto-v12-00-420x280.jpg 420w, https:\/\/www.italpassion.fr\/wp-content\/uploads\/2025\/08\/lamborghini-revuelto-v12-00-768x512.jpg 768w, https:\/\/www.italpassion.fr\/wp-content\/uploads\/2025\/08\/lamborghini-revuelto-v12-00-18x12.jpg 18w\" sizes=\"auto, (max-width: 1200px) 100vw, 1200px\" \/><\/figure>\n\n\n\n<p>Em <a href=\"https:\/\/www.italpassion.fr\/pt\/lamborghini\/\">Lamborghini<\/a>Mas h\u00e1 algumas coisas que parecem n\u00e3o mudar. O design angular, as portas elytra... e, acima de tudo, o lend\u00e1rio motor V12. Numa altura em que o mundo autom\u00f3vel se orienta para o downsizing e a eletrifica\u00e7\u00e3o em massa, a marca bolonhesa de Sant'Agata confirma que n\u00e3o tem qualquer inten\u00e7\u00e3o de virar a p\u00e1gina do seu \u00edcone mec\u00e2nico. Melhor ainda, o V12 sobreviver\u00e1 muito para al\u00e9m de 2030.<\/p>\n\n\n\n<p>Matteo Ortenzi, Diretor da Gama de Produtos da Lamborghini, deixou isso bem claro na apresenta\u00e7\u00e3o da mais recente cria\u00e7\u00e3o da marca, <a href=\"https:\/\/www.italpassion.fr\/pt\/lamborghini\/o-lamborghini-fenomeno-mais-potente-e-mais-rapido-numa-edicao-limitada\/\">la Fenomeno<\/a> O V12 \u00e9 muito seguro na Lamborghini. Para n\u00f3s, o horizonte est\u00e1 mesmo para al\u00e9m de 2030. \u00c9 uma assinatura para n\u00f3s, adoramos a capacidade de resposta deste motor e n\u00e3o queremos mud\u00e1-lo\".<\/p>\n\n\n\n<p>Uma afirma\u00e7\u00e3o poderosa, especialmente numa altura em que at\u00e9 a Ferrari teve de fazer compromissos, substituindo os seus V8 por V6 h\u00edbridos. A Lamborghini, um fabricante de dimens\u00e3o modesta em compara\u00e7\u00e3o com os gigantes da ind\u00fastria autom\u00f3vel, tem de fazer malabarismos com normas cada vez mais rigorosas. Mas o italiano encontrou uma solu\u00e7\u00e3o: a hibridiza\u00e7\u00e3o.<\/p>\n\n\n\n<figure class=\"wp-block-image size-full\"><img loading=\"lazy\" decoding=\"async\" width=\"1200\" height=\"800\" src=\"https:\/\/www.italpassion.fr\/wp-content\/uploads\/2025\/08\/lamborghini-v12-revuelto.jpg\" alt=\"\" class=\"wp-image-41040\" srcset=\"https:\/\/www.italpassion.fr\/wp-content\/uploads\/2025\/08\/lamborghini-v12-revuelto.jpg 1200w, https:\/\/www.italpassion.fr\/wp-content\/uploads\/2025\/08\/lamborghini-v12-revuelto-420x280.jpg 420w, https:\/\/www.italpassion.fr\/wp-content\/uploads\/2025\/08\/lamborghini-v12-revuelto-768x512.jpg 768w, https:\/\/www.italpassion.fr\/wp-content\/uploads\/2025\/08\/lamborghini-v12-revuelto-18x12.jpg 18w\" sizes=\"auto, (max-width: 1200px) 100vw, 1200px\" \/><\/figure>\n\n\n\n<p>A prova disso est\u00e1 no Revuelto, lan\u00e7ado em 2023, e ainda mais recentemente no Fenomeno, um \"few-off\" revelado durante a Monterey Car Week. Sob a sua carro\u00e7aria de fibra de carbono, o Fenomeno esconde um V12 de 6,5 litros de aspira\u00e7\u00e3o natural, apoiado por tr\u00eas motores el\u00e9ctricos para uma pot\u00eancia combinada de 1.065 cv. Tudo isto \u00e9 capaz de acelerar dos 0 aos 100 km\/h em 2,4 segundos e atingir velocidades superiores a 350 km\/h. \u00c9 um monstro tecnol\u00f3gico que grita at\u00e9 \u00e0s 9.500 rpm e que tamb\u00e9m \u00e9 capaz de viajar quase em sil\u00eancio no modo el\u00e9trico.<\/p>\n\n\n\n<p>Esta eletrifica\u00e7\u00e3o n\u00e3o \u00e9 uma nega\u00e7\u00e3o, mas uma t\u00e1bua de salva\u00e7\u00e3o para preservar o car\u00e1cter do V12 face aos regulamentos. Temos de ser realistas\", explica Ortenzi. Existem diferentes legisla\u00e7\u00f5es em todo o mundo, como a do C6 na China. Temos de ter uma solu\u00e7\u00e3o \u00fanica que funcione em todo o lado.<\/p>\n\n\n\n<p>Na pr\u00e1tica, isto significa que a Lamborghini n\u00e3o est\u00e1 a seguir o caminho da eletricidade a toda a velocidade. Embora um primeiro modelo el\u00e9trico 100 % estivesse previsto para 2028, seguido de um Urus el\u00e9trico em 2029, o CEO Stephan Winkelmann j\u00e1 qualificou estes planos: estes modelos <a href=\"https:\/\/www.italpassion.fr\/pt\/lamborghini\/o-primeiro-lamborghini-eletrico-podera-finalmente-ter-um-motor-a-gasolina\/\">poder\u00e1 finalmente chegar numa vers\u00e3o h\u00edbrida plug-in em vez de uma vers\u00e3o de emiss\u00f5es zero puras<\/a>.<\/p>\n\n\n\n<p>O futuro da Lamborghini \u00e9 claro: motores electrificados, sim, mas sempre associados a grupos motopropulsores nobres, dos quais o V12 continua a ser a joia. <\/p>\n\n\n\n<figure class=\"wp-block-embed is-type-video is-provider-youtube wp-block-embed-youtube wp-embed-aspect-9-16 wp-has-aspect-ratio\"><div class=\"wp-block-embed__wrapper\">\n<iframe loading=\"lazy\" title=\"Som do escape do Lamborghini Revuelto V12: Gintani vs Novitec vs R1 Motorsport\" width=\"563\" height=\"1000\" src=\"https:\/\/www.youtube-nocookie.com\/embed\/9Vdil5D5U9k?feature=oembed\" frameborder=\"0\" allow=\"accelerometer; autoplay; clipboard-write; encrypted-media; gyroscope; picture-in-picture; web-share\" referrerpolicy=\"strict-origin-when-cross-origin\" allowfullscreen><\/iframe>\n<\/div><\/figure>","protected":false},"excerpt":{"rendered":"","protected":false},"author":1,"featured_media":41041,"comment_status":"open","ping_status":"open","sticky":false,"template":"","format":"standard","meta":{"_acf_changed":false,"_sitemap_exclude":false,"_sitemap_priority":"","_sitemap_frequency":"","footnotes":""},"categories":[25],"tags":[],"class_list":["post-40627","post","type-post","status-publish","format-standard","has-post-thumbnail","hentry","category-lamborghini","generate-columns","tablet-grid-50","mobile-grid-100","grid-parent","grid-33"],"acf":[],"yoast_head":"<!-- This site is optimized with the Yoast SEO plugin v25.8 - https:\/\/yoast.com\/wordpress\/plugins\/seo\/ -->\n<title>Lamborghini n&#039;est pas pr\u00e8s d&#039;arr\u00eater le V12 ! &quot;Au-del\u00e0 de 2030&quot; - ItalPassion<\/title>\n<meta name=\"description\" content=\"Chez Lamborghini, certaines choses semblent immuables. Le design anguleux, les portes en \u00e9lytre\u2026 et surtout, le mythique moteur V12. Alors que le monde\" \/>\n<meta name=\"robots\" content=\"index, follow, max-snippet:-1, max-image-preview:large, max-video-preview:-1\" \/>\n<link rel=\"canonical\" href=\"https:\/\/www.italpassion.fr\/pt\/lamborghini\/a-lamborghini-nao-esta-preparada-para-parar-o-v12-para-alem-de-2030\/\" \/>\n<meta property=\"og:locale\" content=\"pt_PT\" \/>\n<meta property=\"og:type\" content=\"article\" \/>\n<meta property=\"og:title\" content=\"Lamborghini n&#039;est pas pr\u00e8s d&#039;arr\u00eater le V12 ! &quot;Au-del\u00e0 de 2030&quot; - ItalPassion\" \/>\n<meta property=\"og:description\" content=\"Chez Lamborghini, certaines choses semblent immuables. Le design anguleux, les portes en \u00e9lytre\u2026 et surtout, le mythique moteur V12. Alors que le monde\" \/>\n<meta property=\"og:url\" content=\"https:\/\/www.italpassion.fr\/pt\/lamborghini\/a-lamborghini-nao-esta-preparada-para-parar-o-v12-para-alem-de-2030\/\" \/>\n<meta property=\"og:site_name\" content=\"ItalPassion\" \/>\n<meta property=\"article:publisher\" content=\"https:\/\/www.facebook.com\/italpassion\" \/>\n<meta property=\"article:published_time\" content=\"2025-09-03T14:19:15+00:00\" \/>\n<meta property=\"og:image\" content=\"https:\/\/www.italpassion.fr\/wp-content\/uploads\/2025\/08\/lamborghini-revuelto-v12-00.jpg\" \/>\n\t<meta property=\"og:image:width\" content=\"1200\" \/>\n\t<meta property=\"og:image:height\" content=\"800\" \/>\n\t<meta property=\"og:image:type\" content=\"image\/jpeg\" \/>\n<meta name=\"author\" content=\"Alexandre Filluzeau\" \/>\n<meta name=\"twitter:card\" content=\"summary_large_image\" \/>\n<meta name=\"twitter:creator\" content=\"@italpassion\" \/>\n<meta name=\"twitter:site\" content=\"@italpassion\" \/>\n<script type=\"application\/ld+json\" class=\"yoast-schema-graph\">{\"@context\":\"https:\/\/schema.org\",\"@graph\":[{\"@type\":\"NewsArticle\",\"@id\":\"https:\/\/www.italpassion.fr\/pt\/lamborghini\/lamborghini-nest-pas-pres-darreter-le-v12-au-dela-de-2030\/#article\",\"isPartOf\":{\"@id\":\"https:\/\/www.italpassion.fr\/pt\/lamborghini\/lamborghini-nest-pas-pres-darreter-le-v12-au-dela-de-2030\/\"},\"author\":{\"name\":\"Alexandre Filluzeau\",\"@id\":\"https:\/\/www.italpassion.fr\/pt\/#\/schema\/person\/36f747b2a759ca202d847e85a9434ca0\"},\"headline\":\"Lamborghini n&rsquo;est pas pr\u00e8s d&rsquo;arr\u00eater le V12 ! \u00ab\u00a0Au-del\u00e0 de 2030\u00a0\u00bb\",\"datePublished\":\"2025-09-03T14:19:15+00:00\",\"mainEntityOfPage\":{\"@id\":\"https:\/\/www.italpassion.fr\/pt\/lamborghini\/lamborghini-nest-pas-pres-darreter-le-v12-au-dela-de-2030\/\"},\"wordCount\":452,\"commentCount\":0,\"publisher\":{\"@id\":\"https:\/\/www.italpassion.fr\/pt\/#organization\"},\"image\":{\"@id\":\"https:\/\/www.italpassion.fr\/pt\/lamborghini\/lamborghini-nest-pas-pres-darreter-le-v12-au-dela-de-2030\/#primaryimage\"},\"thumbnailUrl\":\"https:\/\/www.italpassion.fr\/wp-content\/uploads\/2025\/08\/lamborghini-revuelto-v12-00.jpg\",\"articleSection\":[\"Lamborghini\"],\"inLanguage\":\"pt-PT\",\"potentialAction\":[{\"@type\":\"CommentAction\",\"name\":\"Comment\",\"target\":[\"https:\/\/www.italpassion.fr\/pt\/lamborghini\/lamborghini-nest-pas-pres-darreter-le-v12-au-dela-de-2030\/#respond\"]}]},{\"@type\":\"WebPage\",\"@id\":\"https:\/\/www.italpassion.fr\/pt\/lamborghini\/lamborghini-nest-pas-pres-darreter-le-v12-au-dela-de-2030\/\",\"url\":\"https:\/\/www.italpassion.fr\/pt\/lamborghini\/lamborghini-nest-pas-pres-darreter-le-v12-au-dela-de-2030\/\",\"name\":\"Lamborghini n'est pas pr\u00e8s d'arr\u00eater le V12 ! \\\"Au-del\u00e0 de 2030\\\" - ItalPassion\",\"isPartOf\":{\"@id\":\"https:\/\/www.italpassion.fr\/pt\/#website\"},\"primaryImageOfPage\":{\"@id\":\"https:\/\/www.italpassion.fr\/pt\/lamborghini\/lamborghini-nest-pas-pres-darreter-le-v12-au-dela-de-2030\/#primaryimage\"},\"image\":{\"@id\":\"https:\/\/www.italpassion.fr\/pt\/lamborghini\/lamborghini-nest-pas-pres-darreter-le-v12-au-dela-de-2030\/#primaryimage\"},\"thumbnailUrl\":\"https:\/\/www.italpassion.fr\/wp-content\/uploads\/2025\/08\/lamborghini-revuelto-v12-00.jpg\",\"datePublished\":\"2025-09-03T14:19:15+00:00\",\"description\":\"Chez Lamborghini, certaines choses semblent immuables. Le design anguleux, les portes en \u00e9lytre\u2026 et surtout, le mythique moteur V12. Alors que le monde\",\"breadcrumb\":{\"@id\":\"https:\/\/www.italpassion.fr\/pt\/lamborghini\/lamborghini-nest-pas-pres-darreter-le-v12-au-dela-de-2030\/#breadcrumb\"},\"inLanguage\":\"pt-PT\",\"potentialAction\":[{\"@type\":\"ReadAction\",\"target\":[\"https:\/\/www.italpassion.fr\/pt\/lamborghini\/lamborghini-nest-pas-pres-darreter-le-v12-au-dela-de-2030\/\"]}]},{\"@type\":\"ImageObject\",\"inLanguage\":\"pt-PT\",\"@id\":\"https:\/\/www.italpassion.fr\/pt\/lamborghini\/lamborghini-nest-pas-pres-darreter-le-v12-au-dela-de-2030\/#primaryimage\",\"url\":\"https:\/\/www.italpassion.fr\/wp-content\/uploads\/2025\/08\/lamborghini-revuelto-v12-00.jpg\",\"contentUrl\":\"https:\/\/www.italpassion.fr\/wp-content\/uploads\/2025\/08\/lamborghini-revuelto-v12-00.jpg\",\"width\":1200,\"height\":800},{\"@type\":\"BreadcrumbList\",\"@id\":\"https:\/\/www.italpassion.fr\/pt\/lamborghini\/lamborghini-nest-pas-pres-darreter-le-v12-au-dela-de-2030\/#breadcrumb\",\"itemListElement\":[{\"@type\":\"ListItem\",\"position\":1,\"name\":\"Accueil\",\"item\":\"https:\/\/www.italpassion.fr\/pt\/\"},{\"@type\":\"ListItem\",\"position\":2,\"name\":\"Lamborghini n&rsquo;est pas pr\u00e8s d&rsquo;arr\u00eater le V12 ! \u00ab\u00a0Au-del\u00e0 de 2030\u00a0\u00bb\"}]},{\"@type\":\"WebSite\",\"@id\":\"https:\/\/www.italpassion.fr\/pt\/#website\",\"url\":\"https:\/\/www.italpassion.fr\/pt\/\",\"name\":\"ItalPassion\",\"description\":\"Les Passionn\u00e9s d&#039;Automobiles Italiennes\",\"publisher\":{\"@id\":\"https:\/\/www.italpassion.fr\/pt\/#organization\"},\"potentialAction\":[{\"@type\":\"SearchAction\",\"target\":{\"@type\":\"EntryPoint\",\"urlTemplate\":\"https:\/\/www.italpassion.fr\/pt\/?s={search_term_string}\"},\"query-input\":{\"@type\":\"PropertyValueSpecification\",\"valueRequired\":true,\"valueName\":\"search_term_string\"}}],\"inLanguage\":\"pt-PT\"},{\"@type\":\"Organization\",\"@id\":\"https:\/\/www.italpassion.fr\/pt\/#organization\",\"name\":\"Italpassion\",\"url\":\"https:\/\/www.italpassion.fr\/pt\/\",\"logo\":{\"@type\":\"ImageObject\",\"inLanguage\":\"pt-PT\",\"@id\":\"https:\/\/www.italpassion.fr\/pt\/#\/schema\/logo\/image\/\",\"url\":\"https:\/\/www.italpassion.fr\/wp-content\/uploads\/2023\/07\/italpassion-yoast.jpg\",\"contentUrl\":\"https:\/\/www.italpassion.fr\/wp-content\/uploads\/2023\/07\/italpassion-yoast.jpg\",\"width\":696,\"height\":696,\"caption\":\"Italpassion\"},\"image\":{\"@id\":\"https:\/\/www.italpassion.fr\/pt\/#\/schema\/logo\/image\/\"},\"sameAs\":[\"https:\/\/www.facebook.com\/italpassion\",\"https:\/\/x.com\/italpassion\",\"https:\/\/www.instagram.com\/italpassionfr\/\",\"https:\/\/www.youtube.com\/channel\/UCleq-ByQaA42OjhopwevRjQ\",\"https:\/\/www.facebook.com\/italpassion.en\/\",\"https:\/\/www.facebook.com\/italpassion.it\/\",\"https:\/\/www.facebook.com\/italpassion.de\/\",\"https:\/\/www.facebook.com\/italpassion.ja\/\"]},{\"@type\":\"Person\",\"@id\":\"https:\/\/www.italpassion.fr\/pt\/#\/schema\/person\/36f747b2a759ca202d847e85a9434ca0\",\"name\":\"Alexandre Filluzeau\",\"image\":{\"@type\":\"ImageObject\",\"inLanguage\":\"pt-PT\",\"@id\":\"https:\/\/www.italpassion.fr\/pt\/#\/schema\/person\/image\/\",\"url\":\"https:\/\/www.italpassion.fr\/wp-content\/uploads\/2025\/04\/avatar-alexandre-160x160.jpg\",\"contentUrl\":\"https:\/\/www.italpassion.fr\/wp-content\/uploads\/2025\/04\/avatar-alexandre-160x160.jpg\",\"caption\":\"Alexandre Filluzeau\"},\"description\":\"Fondateur du site ItalPassion, passionn\u00e9 de voitures italiennes et de l'Italie en g\u00e9n\u00e9ral. J'apporte un regard critique et technique aux actualit\u00e9s des marques italiennes quand cela est possible. Propri\u00e9taire d'une Maserati GranTurismo, Alfa Romeo MiTo, Lancia Fulvia et Ducati 695. Ex-propri\u00e9taire d'une Alfa Romeo Giulia.\",\"sameAs\":[\"https:\/\/www.italpassion.fr\/\"],\"url\":\"https:\/\/www.italpassion.fr\/pt\/author\/alexandre\/\"}]}<\/script>\n<!-- \/ Yoast SEO plugin. -->","yoast_head_json":{"title":"A Lamborghini n\u00e3o vai parar com o V12! \"Para al\u00e9m de 2030 - ItalPassion","description":"Na Lamborghini, certas coisas parecem imut\u00e1veis. O design angular, as portas elytra... e, acima de tudo, o lend\u00e1rio motor V12. Enquanto o mundo","robots":{"index":"index","follow":"follow","max-snippet":"max-snippet:-1","max-image-preview":"max-image-preview:large","max-video-preview":"max-video-preview:-1"},"canonical":"https:\/\/www.italpassion.fr\/pt\/lamborghini\/a-lamborghini-nao-esta-preparada-para-parar-o-v12-para-alem-de-2030\/","og_locale":"pt_PT","og_type":"article","og_title":"Lamborghini n'est pas pr\u00e8s d'arr\u00eater le V12 ! \"Au-del\u00e0 de 2030\" - ItalPassion","og_description":"Chez Lamborghini, certaines choses semblent immuables. Le design anguleux, les portes en \u00e9lytre\u2026 et surtout, le mythique moteur V12. Alors que le monde","og_url":"https:\/\/www.italpassion.fr\/pt\/lamborghini\/a-lamborghini-nao-esta-preparada-para-parar-o-v12-para-alem-de-2030\/","og_site_name":"ItalPassion","article_publisher":"https:\/\/www.facebook.com\/italpassion","article_published_time":"2025-09-03T14:19:15+00:00","og_image":[{"width":1200,"height":800,"url":"https:\/\/www.italpassion.fr\/wp-content\/uploads\/2025\/08\/lamborghini-revuelto-v12-00.jpg","type":"image\/jpeg"}],"author":"Alexandre Filluzeau","twitter_card":"summary_large_image","twitter_creator":"@italpassion","twitter_site":"@italpassion","schema":{"@context":"https:\/\/schema.org","@graph":[{"@type":"NewsArticle","@id":"https:\/\/www.italpassion.fr\/pt\/lamborghini\/lamborghini-nest-pas-pres-darreter-le-v12-au-dela-de-2030\/#article","isPartOf":{"@id":"https:\/\/www.italpassion.fr\/pt\/lamborghini\/lamborghini-nest-pas-pres-darreter-le-v12-au-dela-de-2030\/"},"author":{"name":"Alexandre Filluzeau","@id":"https:\/\/www.italpassion.fr\/pt\/#\/schema\/person\/36f747b2a759ca202d847e85a9434ca0"},"headline":"Lamborghini n&rsquo;est pas pr\u00e8s d&rsquo;arr\u00eater le V12 ! \u00ab\u00a0Au-del\u00e0 de 2030\u00a0\u00bb","datePublished":"2025-09-03T14:19:15+00:00","mainEntityOfPage":{"@id":"https:\/\/www.italpassion.fr\/pt\/lamborghini\/lamborghini-nest-pas-pres-darreter-le-v12-au-dela-de-2030\/"},"wordCount":452,"commentCount":0,"publisher":{"@id":"https:\/\/www.italpassion.fr\/pt\/#organization"},"image":{"@id":"https:\/\/www.italpassion.fr\/pt\/lamborghini\/lamborghini-nest-pas-pres-darreter-le-v12-au-dela-de-2030\/#primaryimage"},"thumbnailUrl":"https:\/\/www.italpassion.fr\/wp-content\/uploads\/2025\/08\/lamborghini-revuelto-v12-00.jpg","articleSection":["Lamborghini"],"inLanguage":"pt-PT","potentialAction":[{"@type":"CommentAction","name":"Comment","target":["https:\/\/www.italpassion.fr\/pt\/lamborghini\/lamborghini-nest-pas-pres-darreter-le-v12-au-dela-de-2030\/#respond"]}]},{"@type":"WebPage","@id":"https:\/\/www.italpassion.fr\/pt\/lamborghini\/lamborghini-nest-pas-pres-darreter-le-v12-au-dela-de-2030\/","url":"https:\/\/www.italpassion.fr\/pt\/lamborghini\/lamborghini-nest-pas-pres-darreter-le-v12-au-dela-de-2030\/","name":"A Lamborghini n\u00e3o vai parar com o V12! \"Para al\u00e9m de 2030 - ItalPassion","isPartOf":{"@id":"https:\/\/www.italpassion.fr\/pt\/#website"},"primaryImageOfPage":{"@id":"https:\/\/www.italpassion.fr\/pt\/lamborghini\/lamborghini-nest-pas-pres-darreter-le-v12-au-dela-de-2030\/#primaryimage"},"image":{"@id":"https:\/\/www.italpassion.fr\/pt\/lamborghini\/lamborghini-nest-pas-pres-darreter-le-v12-au-dela-de-2030\/#primaryimage"},"thumbnailUrl":"https:\/\/www.italpassion.fr\/wp-content\/uploads\/2025\/08\/lamborghini-revuelto-v12-00.jpg","datePublished":"2025-09-03T14:19:15+00:00","description":"Na Lamborghini, certas coisas parecem imut\u00e1veis. O design angular, as portas elytra... e, acima de tudo, o lend\u00e1rio motor V12. Enquanto o mundo","breadcrumb":{"@id":"https:\/\/www.italpassion.fr\/pt\/lamborghini\/lamborghini-nest-pas-pres-darreter-le-v12-au-dela-de-2030\/#breadcrumb"},"inLanguage":"pt-PT","potentialAction":[{"@type":"ReadAction","target":["https:\/\/www.italpassion.fr\/pt\/lamborghini\/lamborghini-nest-pas-pres-darreter-le-v12-au-dela-de-2030\/"]}]},{"@type":"ImageObject","inLanguage":"pt-PT","@id":"https:\/\/www.italpassion.fr\/pt\/lamborghini\/lamborghini-nest-pas-pres-darreter-le-v12-au-dela-de-2030\/#primaryimage","url":"https:\/\/www.italpassion.fr\/wp-content\/uploads\/2025\/08\/lamborghini-revuelto-v12-00.jpg","contentUrl":"https:\/\/www.italpassion.fr\/wp-content\/uploads\/2025\/08\/lamborghini-revuelto-v12-00.jpg","width":1200,"height":800},{"@type":"BreadcrumbList","@id":"https:\/\/www.italpassion.fr\/pt\/lamborghini\/lamborghini-nest-pas-pres-darreter-le-v12-au-dela-de-2030\/#breadcrumb","itemListElement":[{"@type":"ListItem","position":1,"name":"Accueil","item":"https:\/\/www.italpassion.fr\/pt\/"},{"@type":"ListItem","position":2,"name":"Lamborghini n&rsquo;est pas pr\u00e8s d&rsquo;arr\u00eater le V12 ! \u00ab\u00a0Au-del\u00e0 de 2030\u00a0\u00bb"}]},{"@type":"WebSite","@id":"https:\/\/www.italpassion.fr\/pt\/#website","url":"https:\/\/www.italpassion.fr\/pt\/","name":"ItalPassion","description":"Entusiastas de autom\u00f3veis italianos","publisher":{"@id":"https:\/\/www.italpassion.fr\/pt\/#organization"},"potentialAction":[{"@type":"SearchAction","target":{"@type":"EntryPoint","urlTemplate":"https:\/\/www.italpassion.fr\/pt\/?s={search_term_string}"},"query-input":{"@type":"PropertyValueSpecification","valueRequired":true,"valueName":"search_term_string"}}],"inLanguage":"pt-PT"},{"@type":"Organization","@id":"https:\/\/www.italpassion.fr\/pt\/#organization","name":"Italpassion","url":"https:\/\/www.italpassion.fr\/pt\/","logo":{"@type":"ImageObject","inLanguage":"pt-PT","@id":"https:\/\/www.italpassion.fr\/pt\/#\/schema\/logo\/image\/","url":"https:\/\/www.italpassion.fr\/wp-content\/uploads\/2023\/07\/italpassion-yoast.jpg","contentUrl":"https:\/\/www.italpassion.fr\/wp-content\/uploads\/2023\/07\/italpassion-yoast.jpg","width":696,"height":696,"caption":"Italpassion"},"image":{"@id":"https:\/\/www.italpassion.fr\/pt\/#\/schema\/logo\/image\/"},"sameAs":["https:\/\/www.facebook.com\/italpassion","https:\/\/x.com\/italpassion","https:\/\/www.instagram.com\/italpassionfr\/","https:\/\/www.youtube.com\/channel\/UCleq-ByQaA42OjhopwevRjQ","https:\/\/www.facebook.com\/italpassion.en\/","https:\/\/www.facebook.com\/italpassion.it\/","https:\/\/www.facebook.com\/italpassion.de\/","https:\/\/www.facebook.com\/italpassion.ja\/"]},{"@type":"Person","@id":"https:\/\/www.italpassion.fr\/pt\/#\/schema\/person\/36f747b2a759ca202d847e85a9434ca0","name":"Alexandre Filluzeau","image":{"@type":"ImageObject","inLanguage":"pt-PT","@id":"https:\/\/www.italpassion.fr\/pt\/#\/schema\/person\/image\/","url":"https:\/\/www.italpassion.fr\/wp-content\/uploads\/2025\/04\/avatar-alexandre-160x160.jpg","contentUrl":"https:\/\/www.italpassion.fr\/wp-content\/uploads\/2025\/04\/avatar-alexandre-160x160.jpg","caption":"Alexandre Filluzeau"},"description":"Fundador do site ItalPassion, apaixonado por carros italianos e pela It\u00e1lia em geral. Trago um olhar cr\u00edtico e t\u00e9cnico \u00e0s not\u00edcias das marcas italianas, sempre que poss\u00edvel. Propriet\u00e1ria de um Maserati GranTurismo, Alfa Romeo MiTo, Lancia Fulvia e Ducati 695. Ex-propriet\u00e1rio de uma Alfa Romeo Giulia.","sameAs":["https:\/\/www.italpassion.fr\/"],"url":"https:\/\/www.italpassion.fr\/pt\/author\/alexandre\/"}]}},"_links":{"self":[{"href":"https:\/\/www.italpassion.fr\/pt\/wp-json\/wp\/v2\/posts\/40627","targetHints":{"allow":["GET"]}}],"collection":[{"href":"https:\/\/www.italpassion.fr\/pt\/wp-json\/wp\/v2\/posts"}],"about":[{"href":"https:\/\/www.italpassion.fr\/pt\/wp-json\/wp\/v2\/types\/post"}],"author":[{"embeddable":true,"href":"https:\/\/www.italpassion.fr\/pt\/wp-json\/wp\/v2\/users\/1"}],"replies":[{"embeddable":true,"href":"https:\/\/www.italpassion.fr\/pt\/wp-json\/wp\/v2\/comments?post=40627"}],"version-history":[{"count":2,"href":"https:\/\/www.italpassion.fr\/pt\/wp-json\/wp\/v2\/posts\/40627\/revisions"}],"predecessor-version":[{"id":41042,"href":"https:\/\/www.italpassion.fr\/pt\/wp-json\/wp\/v2\/posts\/40627\/revisions\/41042"}],"wp:featuredmedia":[{"embeddable":true,"href":"https:\/\/www.italpassion.fr\/pt\/wp-json\/wp\/v2\/media\/41041"}],"wp:attachment":[{"href":"https:\/\/www.italpassion.fr\/pt\/wp-json\/wp\/v2\/media?parent=40627"}],"wp:term":[{"taxonomy":"category","embeddable":true,"href":"https:\/\/www.italpassion.fr\/pt\/wp-json\/wp\/v2\/categories?post=40627"},{"taxonomy":"post_tag","embeddable":true,"href":"https:\/\/www.italpassion.fr\/pt\/wp-json\/wp\/v2\/tags?post=40627"}],"curies":[{"name":"wp","href":"https:\/\/api.w.org\/{rel}","templated":true}]}}