{"id":40536,"date":"2025-08-15T08:19:03","date_gmt":"2025-08-15T06:19:03","guid":{"rendered":"https:\/\/www.italpassion.fr\/?p=40536"},"modified":"2025-08-14T17:32:42","modified_gmt":"2025-08-14T15:32:42","slug":"a-sonus-faber-e-a-lamborghini-apresentam-a-edicao-limitada-dos-altifalantes-cremonese-ex3me-ao-preco-de-um-carro-de-luxo","status":"publish","type":"post","link":"https:\/\/www.italpassion.fr\/pt\/lamborghini\/sonus-faber-et-lamborghini-devoilent-des-enceintes-cremonese-ex3me-en-edition-limitee-et-au-prix-dune-voiture-de-luxe\/","title":{"rendered":"A Sonus Faber e a Lamborghini revelam a edi\u00e7\u00e3o limitada dos altifalantes \"Cremonese Ex3me\"... ao pre\u00e7o de um carro de luxo!"},"content":{"rendered":"<figure class=\"wp-block-image size-full\"><img loading=\"lazy\" decoding=\"async\" width=\"1200\" height=\"800\" src=\"https:\/\/www.italpassion.fr\/wp-content\/uploads\/2025\/08\/lamborghini-sonus-faber-2.jpg\" alt=\"\" class=\"wp-image-40537\" srcset=\"https:\/\/www.italpassion.fr\/wp-content\/uploads\/2025\/08\/lamborghini-sonus-faber-2.jpg 1200w, https:\/\/www.italpassion.fr\/wp-content\/uploads\/2025\/08\/lamborghini-sonus-faber-2-420x280.jpg 420w, https:\/\/www.italpassion.fr\/wp-content\/uploads\/2025\/08\/lamborghini-sonus-faber-2-768x512.jpg 768w, https:\/\/www.italpassion.fr\/wp-content\/uploads\/2025\/08\/lamborghini-sonus-faber-2-18x12.jpg 18w\" sizes=\"auto, (max-width: 1200px) 100vw, 1200px\" \/><\/figure>\n\n\n\n<p>A It\u00e1lia sabe como emocionar! Na estrada, com o rugido de um Lamborghini V12. Em casa, com os altifalantes Sonus faber. Desta vez, os dois \u00edcones italianos juntaram os seus conhecimentos para criar algo t\u00e3o exclusivo quanto desej\u00e1vel: \"Cremonese Ex3me - Automobili Lamborghini Edition\", um par de colunas com um design devastador... e o pre\u00e7o de um carro desportivo.<\/p>\n\n\n\n<h2 class=\"wp-block-heading\">O casamento do som e da velocidade<\/h2>\n\n\n\n<p>A Sonus faber \u00e9 conhecida desde os anos 80 pelos seus altifalantes feitos \u00e0 m\u00e3o, apreciados pelos entusiastas de alta-fidelidade mais exigentes, e j\u00e1 colaborou com a Lamborghini, nomeadamente no supercarro Revuelto. Mas aqui, j\u00e1 n\u00e3o se trata de equipar um habit\u00e1culo: o objetivo \u00e9 transformar a sua sala de estar numa sala de concertos... com um toque de Lamborghini.<\/p>\n\n\n\n<figure class=\"wp-block-image size-full\"><img loading=\"lazy\" decoding=\"async\" width=\"1200\" height=\"800\" src=\"https:\/\/www.italpassion.fr\/wp-content\/uploads\/2025\/08\/lamborgini-sonus-faber.jpg\" alt=\"\" class=\"wp-image-40538\" srcset=\"https:\/\/www.italpassion.fr\/wp-content\/uploads\/2025\/08\/lamborgini-sonus-faber.jpg 1200w, https:\/\/www.italpassion.fr\/wp-content\/uploads\/2025\/08\/lamborgini-sonus-faber-420x280.jpg 420w, https:\/\/www.italpassion.fr\/wp-content\/uploads\/2025\/08\/lamborgini-sonus-faber-768x512.jpg 768w, https:\/\/www.italpassion.fr\/wp-content\/uploads\/2025\/08\/lamborgini-sonus-faber-18x12.jpg 18w\" sizes=\"auto, (max-width: 1200px) 100vw, 1200px\" \/><\/figure>\n\n\n\n<p>Limitada a 50 pares numerados, esta edi\u00e7\u00e3o especial baseia-se na base t\u00e9cnica do modelo Ex3me, revista e melhorada para a ocasi\u00e3o. O design faz lembrar um supercarro, com uma caixa angular de cinco faces, acabamentos Corsa-Tex\u00ae by Dinamica, inser\u00e7\u00f5es em fibra de carbono e o emblem\u00e1tico bras\u00e3o da Lamborghini.<\/p>\n\n\n\n<h2 class=\"wp-block-heading\">Um concentrado de tecnologia audi\u00f3fila<\/h2>\n\n\n\n<p>Sob as suas linhas elegantes, cada altifalante esconde um arsenal ac\u00fastico excecional:<\/p>\n\n\n\n<ul class=\"wp-block-list\">\n<li>Tweeter com diafragma de ber\u00edlio<\/li>\n\n\n\n<li>Controlador de gama m\u00e9dia de 180 mm<\/li>\n\n\n\n<li>Dois woofers de 180 mm<\/li>\n\n\n\n<li>Infrawoofers laterais refor\u00e7ados com fibra de carbono<\/li>\n\n\n\n<li>Novo filtro Paracross Topology, afinado pelos engenheiros da Sonus faber para uma reprodu\u00e7\u00e3o \u00f3ptima<\/li>\n<\/ul>\n\n\n\n<p>O resultado \u00e9 um som de precis\u00e3o cir\u00fargica, no qual cada instrumento encontra o seu lugar com uma clareza quase viva.<\/p>\n\n\n\n<h2 class=\"wp-block-heading\">Cinco cores, todas da paleta Lamborghini<\/h2>\n\n\n\n<p>Os compradores poder\u00e3o combinar o seu sistema \u00e1udio com a sua garagem ou com o seu gosto pessoal gra\u00e7as \u00e0s cinco cores lend\u00e1rias:<\/p>\n\n\n\n<ul class=\"wp-block-list\">\n<li>Countach Giallo (amarelo)<\/li>\n\n\n\n<li>Arancio Egon (laranja)<\/li>\n\n\n\n<li>Blu Marinus Matte (azul mate)<\/li>\n\n\n\n<li>Verde Mercurius (verde)<\/li>\n\n\n\n<li>Nero Nemesis Matte (preto mate)<\/li>\n<\/ul>\n\n\n\n<h2 class=\"wp-block-heading\">Uma estreia em Monterey... e um pr\u00e9mio que faz virar cabe\u00e7as<\/h2>\n\n\n\n<p>O 'Cremonese Ex3me - Automobili Lamborghini Edition' ser\u00e1 apresentado como uma antevis\u00e3o mundial durante a Monterey Car Week na Lamborghini Villa em Pebble Beach, Calif\u00f3rnia. E embora o pre\u00e7o oficial ainda n\u00e3o tenha sido anunciado, as estimativas rondam os 130.000 d\u00f3lares por par.<\/p>\n\n\n\n<p>Como resume Christian Mastro, Diretor de Marketing da Automobili Lamborghini:<\/p>\n\n\n\n<blockquote class=\"wp-block-quote is-layout-flow wp-block-quote-is-layout-flow\"><svg aria-hidden=\"true\" focusable=\"false\" class=\"icon icon-quote\" width=\"48\" height=\"48\"><use xlink:href=\"#icon-quote\"><\/use><\/svg>\n<p>\"Esta colabora\u00e7\u00e3o representa o casamento perfeito de dois \u00edcones italianos. O resultado \u00e9 uma experi\u00eancia ac\u00fastica sem compromissos que reflecte a nossa heran\u00e7a cultural e a nossa busca incessante pela perfei\u00e7\u00e3o.<\/p>\n<\/blockquote>\n\n\n\n<p>Com o seu design arrojado e desempenho sonoro, estas colunas s\u00e3o um tributo ao Made in Italy. Resta saber se far\u00e3o o seu cora\u00e7\u00e3o bater mais depressa do que o som de um motor V12 a arrancar.<\/p>\n\n\n\n<figure class=\"wp-block-embed is-type-video is-provider-youtube wp-block-embed-youtube wp-embed-aspect-16-9 wp-has-aspect-ratio\"><div class=\"wp-block-embed__wrapper\">\n<iframe loading=\"lazy\" title=\"Lamborghini X Sonus Faber\" width=\"1200\" height=\"675\" src=\"https:\/\/www.youtube-nocookie.com\/embed\/KQ7bbpTzi6U?feature=oembed\" frameborder=\"0\" allow=\"accelerometer; autoplay; clipboard-write; encrypted-media; gyroscope; picture-in-picture; web-share\" referrerpolicy=\"strict-origin-when-cross-origin\" allowfullscreen><\/iframe>\n<\/div><\/figure>","protected":false},"excerpt":{"rendered":"","protected":false},"author":1,"featured_media":40537,"comment_status":"open","ping_status":"open","sticky":false,"template":"","format":"standard","meta":{"_acf_changed":false,"_sitemap_exclude":false,"_sitemap_priority":"","_sitemap_frequency":"","footnotes":""},"categories":[25],"tags":[536],"class_list":["post-40536","post","type-post","status-publish","format-standard","has-post-thumbnail","hentry","category-lamborghini","tag-sonus-faber","generate-columns","tablet-grid-50","mobile-grid-100","grid-parent","grid-33"],"acf":[],"yoast_head":"<!-- This site is optimized with the Yoast SEO plugin v25.8 - https:\/\/yoast.com\/wordpress\/plugins\/seo\/ -->\n<title>Sonus Faber et Lamborghini d\u00e9voilent des enceintes &quot;Cremonese Ex3me&quot; en \u00e9dition limit\u00e9e... et au prix d&#039;une voiture de luxe ! - ItalPassion<\/title>\n<meta name=\"description\" content=\"L\u2019Italie sait faire vibrer ! Sur la route, avec les rugissements d\u2019un V12 Lamborghini. \u00c0 la maison, avec les enceintes Sonus faber. Cette fois, les deux\" \/>\n<meta name=\"robots\" content=\"index, follow, max-snippet:-1, max-image-preview:large, max-video-preview:-1\" \/>\n<link rel=\"canonical\" href=\"https:\/\/www.italpassion.fr\/pt\/lamborghini\/a-sonus-faber-e-a-lamborghini-apresentam-a-edicao-limitada-dos-altifalantes-cremonese-ex3me-ao-preco-de-um-carro-de-luxo\/\" \/>\n<meta property=\"og:locale\" content=\"pt_PT\" \/>\n<meta property=\"og:type\" content=\"article\" \/>\n<meta property=\"og:title\" content=\"Sonus Faber et Lamborghini d\u00e9voilent des enceintes &quot;Cremonese Ex3me&quot; en \u00e9dition limit\u00e9e... et au prix d&#039;une voiture de luxe ! - ItalPassion\" \/>\n<meta property=\"og:description\" content=\"L\u2019Italie sait faire vibrer ! Sur la route, avec les rugissements d\u2019un V12 Lamborghini. \u00c0 la maison, avec les enceintes Sonus faber. Cette fois, les deux\" \/>\n<meta property=\"og:url\" content=\"https:\/\/www.italpassion.fr\/pt\/lamborghini\/a-sonus-faber-e-a-lamborghini-apresentam-a-edicao-limitada-dos-altifalantes-cremonese-ex3me-ao-preco-de-um-carro-de-luxo\/\" \/>\n<meta property=\"og:site_name\" content=\"ItalPassion\" \/>\n<meta property=\"article:publisher\" content=\"https:\/\/www.facebook.com\/italpassion\" \/>\n<meta property=\"article:published_time\" content=\"2025-08-15T06:19:03+00:00\" \/>\n<meta property=\"og:image\" content=\"https:\/\/www.italpassion.fr\/wp-content\/uploads\/2025\/08\/lamborghini-sonus-faber-2.jpg\" \/>\n\t<meta property=\"og:image:width\" content=\"1200\" \/>\n\t<meta property=\"og:image:height\" content=\"800\" \/>\n\t<meta property=\"og:image:type\" content=\"image\/jpeg\" \/>\n<meta name=\"author\" content=\"Alexandre Filluzeau\" \/>\n<meta name=\"twitter:card\" content=\"summary_large_image\" \/>\n<meta name=\"twitter:creator\" content=\"@italpassion\" \/>\n<meta name=\"twitter:site\" content=\"@italpassion\" \/>\n<script type=\"application\/ld+json\" class=\"yoast-schema-graph\">{\"@context\":\"https:\/\/schema.org\",\"@graph\":[{\"@type\":\"NewsArticle\",\"@id\":\"https:\/\/www.italpassion.fr\/pt\/lamborghini\/sonus-faber-et-lamborghini-devoilent-des-enceintes-cremonese-ex3me-en-edition-limitee-et-au-prix-dune-voiture-de-luxe\/#article\",\"isPartOf\":{\"@id\":\"https:\/\/www.italpassion.fr\/pt\/lamborghini\/sonus-faber-et-lamborghini-devoilent-des-enceintes-cremonese-ex3me-en-edition-limitee-et-au-prix-dune-voiture-de-luxe\/\"},\"author\":{\"name\":\"Alexandre Filluzeau\",\"@id\":\"https:\/\/www.italpassion.fr\/pt\/#\/schema\/person\/36f747b2a759ca202d847e85a9434ca0\"},\"headline\":\"Sonus Faber et Lamborghini d\u00e9voilent des enceintes \u00ab\u00a0Cremonese Ex3me\u00a0\u00bb en \u00e9dition limit\u00e9e&#8230; et au prix d&rsquo;une voiture de luxe !\",\"datePublished\":\"2025-08-15T06:19:03+00:00\",\"mainEntityOfPage\":{\"@id\":\"https:\/\/www.italpassion.fr\/pt\/lamborghini\/sonus-faber-et-lamborghini-devoilent-des-enceintes-cremonese-ex3me-en-edition-limitee-et-au-prix-dune-voiture-de-luxe\/\"},\"wordCount\":481,\"commentCount\":0,\"publisher\":{\"@id\":\"https:\/\/www.italpassion.fr\/pt\/#organization\"},\"image\":{\"@id\":\"https:\/\/www.italpassion.fr\/pt\/lamborghini\/sonus-faber-et-lamborghini-devoilent-des-enceintes-cremonese-ex3me-en-edition-limitee-et-au-prix-dune-voiture-de-luxe\/#primaryimage\"},\"thumbnailUrl\":\"https:\/\/www.italpassion.fr\/wp-content\/uploads\/2025\/08\/lamborghini-sonus-faber-2.jpg\",\"keywords\":[\"Sonus Faber\"],\"articleSection\":[\"Lamborghini\"],\"inLanguage\":\"pt-PT\",\"potentialAction\":[{\"@type\":\"CommentAction\",\"name\":\"Comment\",\"target\":[\"https:\/\/www.italpassion.fr\/pt\/lamborghini\/sonus-faber-et-lamborghini-devoilent-des-enceintes-cremonese-ex3me-en-edition-limitee-et-au-prix-dune-voiture-de-luxe\/#respond\"]}]},{\"@type\":\"WebPage\",\"@id\":\"https:\/\/www.italpassion.fr\/pt\/lamborghini\/sonus-faber-et-lamborghini-devoilent-des-enceintes-cremonese-ex3me-en-edition-limitee-et-au-prix-dune-voiture-de-luxe\/\",\"url\":\"https:\/\/www.italpassion.fr\/pt\/lamborghini\/sonus-faber-et-lamborghini-devoilent-des-enceintes-cremonese-ex3me-en-edition-limitee-et-au-prix-dune-voiture-de-luxe\/\",\"name\":\"Sonus Faber et Lamborghini d\u00e9voilent des enceintes \\\"Cremonese Ex3me\\\" en \u00e9dition limit\u00e9e... et au prix d'une voiture de luxe ! - ItalPassion\",\"isPartOf\":{\"@id\":\"https:\/\/www.italpassion.fr\/pt\/#website\"},\"primaryImageOfPage\":{\"@id\":\"https:\/\/www.italpassion.fr\/pt\/lamborghini\/sonus-faber-et-lamborghini-devoilent-des-enceintes-cremonese-ex3me-en-edition-limitee-et-au-prix-dune-voiture-de-luxe\/#primaryimage\"},\"image\":{\"@id\":\"https:\/\/www.italpassion.fr\/pt\/lamborghini\/sonus-faber-et-lamborghini-devoilent-des-enceintes-cremonese-ex3me-en-edition-limitee-et-au-prix-dune-voiture-de-luxe\/#primaryimage\"},\"thumbnailUrl\":\"https:\/\/www.italpassion.fr\/wp-content\/uploads\/2025\/08\/lamborghini-sonus-faber-2.jpg\",\"datePublished\":\"2025-08-15T06:19:03+00:00\",\"description\":\"L\u2019Italie sait faire vibrer ! Sur la route, avec les rugissements d\u2019un V12 Lamborghini. \u00c0 la maison, avec les enceintes Sonus faber. Cette fois, les deux\",\"breadcrumb\":{\"@id\":\"https:\/\/www.italpassion.fr\/pt\/lamborghini\/sonus-faber-et-lamborghini-devoilent-des-enceintes-cremonese-ex3me-en-edition-limitee-et-au-prix-dune-voiture-de-luxe\/#breadcrumb\"},\"inLanguage\":\"pt-PT\",\"potentialAction\":[{\"@type\":\"ReadAction\",\"target\":[\"https:\/\/www.italpassion.fr\/pt\/lamborghini\/sonus-faber-et-lamborghini-devoilent-des-enceintes-cremonese-ex3me-en-edition-limitee-et-au-prix-dune-voiture-de-luxe\/\"]}]},{\"@type\":\"ImageObject\",\"inLanguage\":\"pt-PT\",\"@id\":\"https:\/\/www.italpassion.fr\/pt\/lamborghini\/sonus-faber-et-lamborghini-devoilent-des-enceintes-cremonese-ex3me-en-edition-limitee-et-au-prix-dune-voiture-de-luxe\/#primaryimage\",\"url\":\"https:\/\/www.italpassion.fr\/wp-content\/uploads\/2025\/08\/lamborghini-sonus-faber-2.jpg\",\"contentUrl\":\"https:\/\/www.italpassion.fr\/wp-content\/uploads\/2025\/08\/lamborghini-sonus-faber-2.jpg\",\"width\":1200,\"height\":800},{\"@type\":\"BreadcrumbList\",\"@id\":\"https:\/\/www.italpassion.fr\/pt\/lamborghini\/sonus-faber-et-lamborghini-devoilent-des-enceintes-cremonese-ex3me-en-edition-limitee-et-au-prix-dune-voiture-de-luxe\/#breadcrumb\",\"itemListElement\":[{\"@type\":\"ListItem\",\"position\":1,\"name\":\"Accueil\",\"item\":\"https:\/\/www.italpassion.fr\/pt\/\"},{\"@type\":\"ListItem\",\"position\":2,\"name\":\"Sonus Faber et Lamborghini d\u00e9voilent des enceintes \u00ab\u00a0Cremonese Ex3me\u00a0\u00bb en \u00e9dition limit\u00e9e&#8230; et au prix d&rsquo;une voiture de luxe !\"}]},{\"@type\":\"WebSite\",\"@id\":\"https:\/\/www.italpassion.fr\/pt\/#website\",\"url\":\"https:\/\/www.italpassion.fr\/pt\/\",\"name\":\"ItalPassion\",\"description\":\"Les Passionn\u00e9s d&#039;Automobiles Italiennes\",\"publisher\":{\"@id\":\"https:\/\/www.italpassion.fr\/pt\/#organization\"},\"potentialAction\":[{\"@type\":\"SearchAction\",\"target\":{\"@type\":\"EntryPoint\",\"urlTemplate\":\"https:\/\/www.italpassion.fr\/pt\/?s={search_term_string}\"},\"query-input\":{\"@type\":\"PropertyValueSpecification\",\"valueRequired\":true,\"valueName\":\"search_term_string\"}}],\"inLanguage\":\"pt-PT\"},{\"@type\":\"Organization\",\"@id\":\"https:\/\/www.italpassion.fr\/pt\/#organization\",\"name\":\"Italpassion\",\"url\":\"https:\/\/www.italpassion.fr\/pt\/\",\"logo\":{\"@type\":\"ImageObject\",\"inLanguage\":\"pt-PT\",\"@id\":\"https:\/\/www.italpassion.fr\/pt\/#\/schema\/logo\/image\/\",\"url\":\"https:\/\/www.italpassion.fr\/wp-content\/uploads\/2023\/07\/italpassion-yoast.jpg\",\"contentUrl\":\"https:\/\/www.italpassion.fr\/wp-content\/uploads\/2023\/07\/italpassion-yoast.jpg\",\"width\":696,\"height\":696,\"caption\":\"Italpassion\"},\"image\":{\"@id\":\"https:\/\/www.italpassion.fr\/pt\/#\/schema\/logo\/image\/\"},\"sameAs\":[\"https:\/\/www.facebook.com\/italpassion\",\"https:\/\/x.com\/italpassion\",\"https:\/\/www.instagram.com\/italpassionfr\/\",\"https:\/\/www.youtube.com\/channel\/UCleq-ByQaA42OjhopwevRjQ\",\"https:\/\/www.facebook.com\/italpassion.en\/\",\"https:\/\/www.facebook.com\/italpassion.it\/\",\"https:\/\/www.facebook.com\/italpassion.de\/\",\"https:\/\/www.facebook.com\/italpassion.ja\/\"]},{\"@type\":\"Person\",\"@id\":\"https:\/\/www.italpassion.fr\/pt\/#\/schema\/person\/36f747b2a759ca202d847e85a9434ca0\",\"name\":\"Alexandre Filluzeau\",\"image\":{\"@type\":\"ImageObject\",\"inLanguage\":\"pt-PT\",\"@id\":\"https:\/\/www.italpassion.fr\/pt\/#\/schema\/person\/image\/\",\"url\":\"https:\/\/www.italpassion.fr\/wp-content\/uploads\/2025\/04\/avatar-alexandre-160x160.jpg\",\"contentUrl\":\"https:\/\/www.italpassion.fr\/wp-content\/uploads\/2025\/04\/avatar-alexandre-160x160.jpg\",\"caption\":\"Alexandre Filluzeau\"},\"description\":\"Fondateur du site ItalPassion, passionn\u00e9 de voitures italiennes et de l'Italie en g\u00e9n\u00e9ral. J'apporte un regard critique et technique aux actualit\u00e9s des marques italiennes quand cela est possible. Propri\u00e9taire d'une Maserati GranTurismo, Alfa Romeo MiTo, Lancia Fulvia et Ducati 695. Ex-propri\u00e9taire d'une Alfa Romeo Giulia.\",\"sameAs\":[\"https:\/\/www.italpassion.fr\/\"],\"url\":\"https:\/\/www.italpassion.fr\/pt\/author\/alexandre\/\"}]}<\/script>\n<!-- \/ Yoast SEO plugin. -->","yoast_head_json":{"title":"A Sonus Faber e a Lamborghini apresentam a edi\u00e7\u00e3o limitada dos altifalantes \"Cremonese Ex3me\"... ao pre\u00e7o de um carro de luxo! - ItalPassion","description":"A It\u00e1lia sabe como emocionar! Na estrada, com o rugido de um Lamborghini V12. Em casa, com as colunas Sonus faber. Desta vez, ambos","robots":{"index":"index","follow":"follow","max-snippet":"max-snippet:-1","max-image-preview":"max-image-preview:large","max-video-preview":"max-video-preview:-1"},"canonical":"https:\/\/www.italpassion.fr\/pt\/lamborghini\/a-sonus-faber-e-a-lamborghini-apresentam-a-edicao-limitada-dos-altifalantes-cremonese-ex3me-ao-preco-de-um-carro-de-luxo\/","og_locale":"pt_PT","og_type":"article","og_title":"Sonus Faber et Lamborghini d\u00e9voilent des enceintes \"Cremonese Ex3me\" en \u00e9dition limit\u00e9e... et au prix d'une voiture de luxe ! - ItalPassion","og_description":"L\u2019Italie sait faire vibrer ! Sur la route, avec les rugissements d\u2019un V12 Lamborghini. \u00c0 la maison, avec les enceintes Sonus faber. Cette fois, les deux","og_url":"https:\/\/www.italpassion.fr\/pt\/lamborghini\/a-sonus-faber-e-a-lamborghini-apresentam-a-edicao-limitada-dos-altifalantes-cremonese-ex3me-ao-preco-de-um-carro-de-luxo\/","og_site_name":"ItalPassion","article_publisher":"https:\/\/www.facebook.com\/italpassion","article_published_time":"2025-08-15T06:19:03+00:00","og_image":[{"width":1200,"height":800,"url":"https:\/\/www.italpassion.fr\/wp-content\/uploads\/2025\/08\/lamborghini-sonus-faber-2.jpg","type":"image\/jpeg"}],"author":"Alexandre Filluzeau","twitter_card":"summary_large_image","twitter_creator":"@italpassion","twitter_site":"@italpassion","schema":{"@context":"https:\/\/schema.org","@graph":[{"@type":"NewsArticle","@id":"https:\/\/www.italpassion.fr\/pt\/lamborghini\/sonus-faber-et-lamborghini-devoilent-des-enceintes-cremonese-ex3me-en-edition-limitee-et-au-prix-dune-voiture-de-luxe\/#article","isPartOf":{"@id":"https:\/\/www.italpassion.fr\/pt\/lamborghini\/sonus-faber-et-lamborghini-devoilent-des-enceintes-cremonese-ex3me-en-edition-limitee-et-au-prix-dune-voiture-de-luxe\/"},"author":{"name":"Alexandre Filluzeau","@id":"https:\/\/www.italpassion.fr\/pt\/#\/schema\/person\/36f747b2a759ca202d847e85a9434ca0"},"headline":"Sonus Faber et Lamborghini d\u00e9voilent des enceintes \u00ab\u00a0Cremonese Ex3me\u00a0\u00bb en \u00e9dition limit\u00e9e&#8230; et au prix d&rsquo;une voiture de luxe !","datePublished":"2025-08-15T06:19:03+00:00","mainEntityOfPage":{"@id":"https:\/\/www.italpassion.fr\/pt\/lamborghini\/sonus-faber-et-lamborghini-devoilent-des-enceintes-cremonese-ex3me-en-edition-limitee-et-au-prix-dune-voiture-de-luxe\/"},"wordCount":481,"commentCount":0,"publisher":{"@id":"https:\/\/www.italpassion.fr\/pt\/#organization"},"image":{"@id":"https:\/\/www.italpassion.fr\/pt\/lamborghini\/sonus-faber-et-lamborghini-devoilent-des-enceintes-cremonese-ex3me-en-edition-limitee-et-au-prix-dune-voiture-de-luxe\/#primaryimage"},"thumbnailUrl":"https:\/\/www.italpassion.fr\/wp-content\/uploads\/2025\/08\/lamborghini-sonus-faber-2.jpg","keywords":["Sonus Faber"],"articleSection":["Lamborghini"],"inLanguage":"pt-PT","potentialAction":[{"@type":"CommentAction","name":"Comment","target":["https:\/\/www.italpassion.fr\/pt\/lamborghini\/sonus-faber-et-lamborghini-devoilent-des-enceintes-cremonese-ex3me-en-edition-limitee-et-au-prix-dune-voiture-de-luxe\/#respond"]}]},{"@type":"WebPage","@id":"https:\/\/www.italpassion.fr\/pt\/lamborghini\/sonus-faber-et-lamborghini-devoilent-des-enceintes-cremonese-ex3me-en-edition-limitee-et-au-prix-dune-voiture-de-luxe\/","url":"https:\/\/www.italpassion.fr\/pt\/lamborghini\/sonus-faber-et-lamborghini-devoilent-des-enceintes-cremonese-ex3me-en-edition-limitee-et-au-prix-dune-voiture-de-luxe\/","name":"A Sonus Faber e a Lamborghini apresentam a edi\u00e7\u00e3o limitada dos altifalantes \"Cremonese Ex3me\"... ao pre\u00e7o de um carro de luxo! - ItalPassion","isPartOf":{"@id":"https:\/\/www.italpassion.fr\/pt\/#website"},"primaryImageOfPage":{"@id":"https:\/\/www.italpassion.fr\/pt\/lamborghini\/sonus-faber-et-lamborghini-devoilent-des-enceintes-cremonese-ex3me-en-edition-limitee-et-au-prix-dune-voiture-de-luxe\/#primaryimage"},"image":{"@id":"https:\/\/www.italpassion.fr\/pt\/lamborghini\/sonus-faber-et-lamborghini-devoilent-des-enceintes-cremonese-ex3me-en-edition-limitee-et-au-prix-dune-voiture-de-luxe\/#primaryimage"},"thumbnailUrl":"https:\/\/www.italpassion.fr\/wp-content\/uploads\/2025\/08\/lamborghini-sonus-faber-2.jpg","datePublished":"2025-08-15T06:19:03+00:00","description":"A It\u00e1lia sabe como emocionar! Na estrada, com o rugido de um Lamborghini V12. Em casa, com as colunas Sonus faber. Desta vez, ambos","breadcrumb":{"@id":"https:\/\/www.italpassion.fr\/pt\/lamborghini\/sonus-faber-et-lamborghini-devoilent-des-enceintes-cremonese-ex3me-en-edition-limitee-et-au-prix-dune-voiture-de-luxe\/#breadcrumb"},"inLanguage":"pt-PT","potentialAction":[{"@type":"ReadAction","target":["https:\/\/www.italpassion.fr\/pt\/lamborghini\/sonus-faber-et-lamborghini-devoilent-des-enceintes-cremonese-ex3me-en-edition-limitee-et-au-prix-dune-voiture-de-luxe\/"]}]},{"@type":"ImageObject","inLanguage":"pt-PT","@id":"https:\/\/www.italpassion.fr\/pt\/lamborghini\/sonus-faber-et-lamborghini-devoilent-des-enceintes-cremonese-ex3me-en-edition-limitee-et-au-prix-dune-voiture-de-luxe\/#primaryimage","url":"https:\/\/www.italpassion.fr\/wp-content\/uploads\/2025\/08\/lamborghini-sonus-faber-2.jpg","contentUrl":"https:\/\/www.italpassion.fr\/wp-content\/uploads\/2025\/08\/lamborghini-sonus-faber-2.jpg","width":1200,"height":800},{"@type":"BreadcrumbList","@id":"https:\/\/www.italpassion.fr\/pt\/lamborghini\/sonus-faber-et-lamborghini-devoilent-des-enceintes-cremonese-ex3me-en-edition-limitee-et-au-prix-dune-voiture-de-luxe\/#breadcrumb","itemListElement":[{"@type":"ListItem","position":1,"name":"Accueil","item":"https:\/\/www.italpassion.fr\/pt\/"},{"@type":"ListItem","position":2,"name":"Sonus Faber et Lamborghini d\u00e9voilent des enceintes \u00ab\u00a0Cremonese Ex3me\u00a0\u00bb en \u00e9dition limit\u00e9e&#8230; et au prix d&rsquo;une voiture de luxe !"}]},{"@type":"WebSite","@id":"https:\/\/www.italpassion.fr\/pt\/#website","url":"https:\/\/www.italpassion.fr\/pt\/","name":"ItalPassion","description":"Entusiastas de autom\u00f3veis italianos","publisher":{"@id":"https:\/\/www.italpassion.fr\/pt\/#organization"},"potentialAction":[{"@type":"SearchAction","target":{"@type":"EntryPoint","urlTemplate":"https:\/\/www.italpassion.fr\/pt\/?s={search_term_string}"},"query-input":{"@type":"PropertyValueSpecification","valueRequired":true,"valueName":"search_term_string"}}],"inLanguage":"pt-PT"},{"@type":"Organization","@id":"https:\/\/www.italpassion.fr\/pt\/#organization","name":"Italpassion","url":"https:\/\/www.italpassion.fr\/pt\/","logo":{"@type":"ImageObject","inLanguage":"pt-PT","@id":"https:\/\/www.italpassion.fr\/pt\/#\/schema\/logo\/image\/","url":"https:\/\/www.italpassion.fr\/wp-content\/uploads\/2023\/07\/italpassion-yoast.jpg","contentUrl":"https:\/\/www.italpassion.fr\/wp-content\/uploads\/2023\/07\/italpassion-yoast.jpg","width":696,"height":696,"caption":"Italpassion"},"image":{"@id":"https:\/\/www.italpassion.fr\/pt\/#\/schema\/logo\/image\/"},"sameAs":["https:\/\/www.facebook.com\/italpassion","https:\/\/x.com\/italpassion","https:\/\/www.instagram.com\/italpassionfr\/","https:\/\/www.youtube.com\/channel\/UCleq-ByQaA42OjhopwevRjQ","https:\/\/www.facebook.com\/italpassion.en\/","https:\/\/www.facebook.com\/italpassion.it\/","https:\/\/www.facebook.com\/italpassion.de\/","https:\/\/www.facebook.com\/italpassion.ja\/"]},{"@type":"Person","@id":"https:\/\/www.italpassion.fr\/pt\/#\/schema\/person\/36f747b2a759ca202d847e85a9434ca0","name":"Alexandre Filluzeau","image":{"@type":"ImageObject","inLanguage":"pt-PT","@id":"https:\/\/www.italpassion.fr\/pt\/#\/schema\/person\/image\/","url":"https:\/\/www.italpassion.fr\/wp-content\/uploads\/2025\/04\/avatar-alexandre-160x160.jpg","contentUrl":"https:\/\/www.italpassion.fr\/wp-content\/uploads\/2025\/04\/avatar-alexandre-160x160.jpg","caption":"Alexandre Filluzeau"},"description":"Fundador do site ItalPassion, apaixonado por carros italianos e pela It\u00e1lia em geral. Trago um olhar cr\u00edtico e t\u00e9cnico \u00e0s not\u00edcias das marcas italianas, sempre que poss\u00edvel. Propriet\u00e1ria de um Maserati GranTurismo, Alfa Romeo MiTo, Lancia Fulvia e Ducati 695. Ex-propriet\u00e1rio de uma Alfa Romeo Giulia.","sameAs":["https:\/\/www.italpassion.fr\/"],"url":"https:\/\/www.italpassion.fr\/pt\/author\/alexandre\/"}]}},"_links":{"self":[{"href":"https:\/\/www.italpassion.fr\/pt\/wp-json\/wp\/v2\/posts\/40536","targetHints":{"allow":["GET"]}}],"collection":[{"href":"https:\/\/www.italpassion.fr\/pt\/wp-json\/wp\/v2\/posts"}],"about":[{"href":"https:\/\/www.italpassion.fr\/pt\/wp-json\/wp\/v2\/types\/post"}],"author":[{"embeddable":true,"href":"https:\/\/www.italpassion.fr\/pt\/wp-json\/wp\/v2\/users\/1"}],"replies":[{"embeddable":true,"href":"https:\/\/www.italpassion.fr\/pt\/wp-json\/wp\/v2\/comments?post=40536"}],"version-history":[{"count":2,"href":"https:\/\/www.italpassion.fr\/pt\/wp-json\/wp\/v2\/posts\/40536\/revisions"}],"predecessor-version":[{"id":40554,"href":"https:\/\/www.italpassion.fr\/pt\/wp-json\/wp\/v2\/posts\/40536\/revisions\/40554"}],"wp:featuredmedia":[{"embeddable":true,"href":"https:\/\/www.italpassion.fr\/pt\/wp-json\/wp\/v2\/media\/40537"}],"wp:attachment":[{"href":"https:\/\/www.italpassion.fr\/pt\/wp-json\/wp\/v2\/media?parent=40536"}],"wp:term":[{"taxonomy":"category","embeddable":true,"href":"https:\/\/www.italpassion.fr\/pt\/wp-json\/wp\/v2\/categories?post=40536"},{"taxonomy":"post_tag","embeddable":true,"href":"https:\/\/www.italpassion.fr\/pt\/wp-json\/wp\/v2\/tags?post=40536"}],"curies":[{"name":"wp","href":"https:\/\/api.w.org\/{rel}","templated":true}]}}