{"id":40318,"date":"2025-08-06T12:07:37","date_gmt":"2025-08-06T10:07:37","guid":{"rendered":"https:\/\/www.italpassion.fr\/?p=40318"},"modified":"2025-08-06T10:56:16","modified_gmt":"2025-08-06T08:56:16","slug":"o-primeiro-lamborghini-temerario-personalizado-foi-entregue-a-um-cliente-de-elite","status":"publish","type":"post","link":"https:\/\/www.italpassion.fr\/pt\/lamborghini\/la-premiere-lamborghini-temerario-personnalisee-a-ete-livree-a-un-client-elite\/","title":{"rendered":"O primeiro Lamborghini Temerario personalizado foi entregue a um cliente \"Elite"},"content":{"rendered":"<figure class=\"wp-block-image size-full\"><img loading=\"lazy\" decoding=\"async\" width=\"1200\" height=\"800\" src=\"https:\/\/www.italpassion.fr\/wp-content\/uploads\/2025\/08\/lamborghini-temerario-sardaine.jpg\" alt=\"\" class=\"wp-image-40348\" srcset=\"https:\/\/www.italpassion.fr\/wp-content\/uploads\/2025\/08\/lamborghini-temerario-sardaine.jpg 1200w, https:\/\/www.italpassion.fr\/wp-content\/uploads\/2025\/08\/lamborghini-temerario-sardaine-420x280.jpg 420w, https:\/\/www.italpassion.fr\/wp-content\/uploads\/2025\/08\/lamborghini-temerario-sardaine-768x512.jpg 768w, https:\/\/www.italpassion.fr\/wp-content\/uploads\/2025\/08\/lamborghini-temerario-sardaine-18x12.jpg 18w\" sizes=\"auto, (max-width: 1200px) 100vw, 1200px\" \/><\/figure>\n\n\n\n<p>No auge do ver\u00e3o, no cen\u00e1rio ultra-elegante de Porto Cervo, na Sardenha, <a href=\"https:\/\/www.italpassion.fr\/pt\/lamborghini\/\">Lamborghini<\/a> revelou o primeiro Temer\u00e1rio personalizado no seu programa Ad Personam. Este modelo \u00fanico, concebido para um cliente descrito como \"Elite\", encarna tanto o luxo discreto do Mediterr\u00e2neo como o desempenho bruto t\u00edpico da marca do touro.<\/p>\n\n\n\n<h2 class=\"wp-block-heading\">Homenagem \u00fanica \u00e0 Sardenha<\/h2>\n\n\n\n<p>Apresentado num evento privado realizado nos terra\u00e7os da Casa Fiorichiari, no exclusivo clube Twiga, este \"Temerario Porto Cervo\" \u00e9 uma verdadeira pe\u00e7a de alta costura autom\u00f3vel. Inspirado na paisagem da Sardenha.<\/p>\n\n\n\n<figure class=\"wp-block-image size-full\"><img loading=\"lazy\" decoding=\"async\" width=\"1200\" height=\"800\" src=\"https:\/\/www.italpassion.fr\/wp-content\/uploads\/2025\/08\/lamborghini-temerario-sardaigne-1.jpg\" alt=\"\" class=\"wp-image-40349\" srcset=\"https:\/\/www.italpassion.fr\/wp-content\/uploads\/2025\/08\/lamborghini-temerario-sardaigne-1.jpg 1200w, https:\/\/www.italpassion.fr\/wp-content\/uploads\/2025\/08\/lamborghini-temerario-sardaigne-1-420x280.jpg 420w, https:\/\/www.italpassion.fr\/wp-content\/uploads\/2025\/08\/lamborghini-temerario-sardaigne-1-768x512.jpg 768w, https:\/\/www.italpassion.fr\/wp-content\/uploads\/2025\/08\/lamborghini-temerario-sardaigne-1-18x12.jpg 18w\" sizes=\"auto, (max-width: 1200px) 100vw, 1200px\" \/><\/figure>\n\n\n\n<p>A cor exterior Grigio Serget, um cinzento com reflexos azulados vis\u00edveis \u00e0 luz do sol, evoca as \u00e1guas turquesa e o c\u00e9u limpo da ilha. A cor \u00e9 real\u00e7ada por elementos em Nero Noctis brilhante, tubagem Blu Royal que desce at\u00e9 ao spoiler traseiro e pe\u00e7as em fibra de carbono em preto brilhante. At\u00e9 as jantes Velador, em preto brilhante, contrastam com as pin\u00e7as de trav\u00e3o azuis, fazendo eco do tema de cor do modelo.<\/p>\n\n\n\n<figure class=\"wp-block-image size-full\"><img loading=\"lazy\" decoding=\"async\" width=\"1200\" height=\"800\" src=\"https:\/\/www.italpassion.fr\/wp-content\/uploads\/2025\/08\/lamborghini-temerario-sardaigne-2.jpg\" alt=\"\" class=\"wp-image-40350\" srcset=\"https:\/\/www.italpassion.fr\/wp-content\/uploads\/2025\/08\/lamborghini-temerario-sardaigne-2.jpg 1200w, https:\/\/www.italpassion.fr\/wp-content\/uploads\/2025\/08\/lamborghini-temerario-sardaigne-2-420x280.jpg 420w, https:\/\/www.italpassion.fr\/wp-content\/uploads\/2025\/08\/lamborghini-temerario-sardaigne-2-768x512.jpg 768w, https:\/\/www.italpassion.fr\/wp-content\/uploads\/2025\/08\/lamborghini-temerario-sardaigne-2-18x12.jpg 18w\" sizes=\"auto, (max-width: 1200px) 100vw, 1200px\" \/><\/figure>\n\n\n\n<h2 class=\"wp-block-heading\">Interiores feitos \u00e0 medida<\/h2>\n\n\n\n<p>O interior tamb\u00e9m n\u00e3o \u00e9 nada mau. Combina materiais nobres como a pele Grigio Octans, a fibra Corsa Tex e inser\u00e7\u00f5es em pele Blu Nethuns nos bancos, portas e pespontos. O nome \"Temerario\", acompanhado da bandeira italiana, est\u00e1 bordado na parte de tr\u00e1s do habit\u00e1culo, enquanto um perfil do autom\u00f3vel \u00e9 vis\u00edvel nos pain\u00e9is das portas. Existem duas placas especiais a bordo: uma exibe as palavras Ad Personam, a outra o evento Porto Cervo 2025, substitu\u00edda antes da entrega por uma placa personalizada com o nome do propriet\u00e1rio.<\/p>\n\n\n\n<figure class=\"wp-block-image size-full\"><img loading=\"lazy\" decoding=\"async\" width=\"1200\" height=\"800\" src=\"https:\/\/www.italpassion.fr\/wp-content\/uploads\/2025\/08\/lamborghini-temerario-sardaigne-4.jpg\" alt=\"\" class=\"wp-image-40351\" srcset=\"https:\/\/www.italpassion.fr\/wp-content\/uploads\/2025\/08\/lamborghini-temerario-sardaigne-4.jpg 1200w, https:\/\/www.italpassion.fr\/wp-content\/uploads\/2025\/08\/lamborghini-temerario-sardaigne-4-420x280.jpg 420w, https:\/\/www.italpassion.fr\/wp-content\/uploads\/2025\/08\/lamborghini-temerario-sardaigne-4-768x512.jpg 768w, https:\/\/www.italpassion.fr\/wp-content\/uploads\/2025\/08\/lamborghini-temerario-sardaigne-4-18x12.jpg 18w\" sizes=\"auto, (max-width: 1200px) 100vw, 1200px\" \/><\/figure>\n\n\n\n<figure class=\"wp-block-image size-full\"><img loading=\"lazy\" decoding=\"async\" width=\"1200\" height=\"800\" src=\"https:\/\/www.italpassion.fr\/wp-content\/uploads\/2025\/08\/lamborghini-temerario-sardaigne-5.jpg\" alt=\"\" class=\"wp-image-40352\" srcset=\"https:\/\/www.italpassion.fr\/wp-content\/uploads\/2025\/08\/lamborghini-temerario-sardaigne-5.jpg 1200w, https:\/\/www.italpassion.fr\/wp-content\/uploads\/2025\/08\/lamborghini-temerario-sardaigne-5-420x280.jpg 420w, https:\/\/www.italpassion.fr\/wp-content\/uploads\/2025\/08\/lamborghini-temerario-sardaigne-5-768x512.jpg 768w, https:\/\/www.italpassion.fr\/wp-content\/uploads\/2025\/08\/lamborghini-temerario-sardaigne-5-18x12.jpg 18w\" sizes=\"auto, (max-width: 1200px) 100vw, 1200px\" \/><\/figure>\n\n\n\n<h2 class=\"wp-block-heading\">Mec\u00e2nica inalterada<\/h2>\n\n\n\n<p>Sob este exterior exclusivo, o grupo motopropulsor mant\u00e9m-se inalterado: o V8 twin-turbo de 4,0 litros combinado com um motor el\u00e9trico proporciona uma pot\u00eancia combinada de 920 cv. Tudo isto coloca o Temerario entre os supercarros h\u00edbridos mais potentes do mercado atual.<\/p>\n\n\n\n<h2 class=\"wp-block-heading\">Um cliente misterioso mas n\u00e3o desconhecido?<\/h2>\n\n\n\n<p>Embora a Lamborghini n\u00e3o tenha revelado a identidade do propriet\u00e1rio, tudo indica que ser\u00e1 o mesmo patrocinador de um Revuelto one-off anterior, tamb\u00e9m inspirado na Sardenha. A mesma inspira\u00e7\u00e3o, a mesma paleta de cores preta e azul e o mesmo n\u00edvel extremo de personaliza\u00e7\u00e3o. Uma s\u00e9rie de coincid\u00eancias que sugerem que um colecionador apaixonado e fiel est\u00e1 por detr\u00e1s destas duas cria\u00e7\u00f5es \u00fanicas.<\/p>\n\n\n\n<p>Com este primeiro Temer\u00e1rio personalizado, a Lamborghini demonstra o poder do seu programa Ad Personam e a forma como este permite a cada cliente transformar o seu supercarro num objeto de arte.<\/p>\n\n\n\n<blockquote class=\"wp-block-quote is-layout-flow wp-block-quote-is-layout-flow\"><svg aria-hidden=\"true\" focusable=\"false\" class=\"icon icon-quote\" width=\"48\" height=\"48\"><use xlink:href=\"#icon-quote\"><\/use><\/svg>\n<p>Como resume o Diretor Executivo da Lamborghini, Stephan Winkelmann:<br><em>\"O programa Ad Personam permite a cada cliente possuir um verdadeiro Lamborghini, ao mesmo tempo que afirma a sua personalidade.<\/em><\/p>\n<\/blockquote>\n\n\n\n<figure class=\"wp-block-image size-full\"><img loading=\"lazy\" decoding=\"async\" width=\"1200\" height=\"800\" src=\"https:\/\/www.italpassion.fr\/wp-content\/uploads\/2025\/08\/lamborghini-temerario-sardaigne-7.jpg\" alt=\"\" class=\"wp-image-40353\" srcset=\"https:\/\/www.italpassion.fr\/wp-content\/uploads\/2025\/08\/lamborghini-temerario-sardaigne-7.jpg 1200w, https:\/\/www.italpassion.fr\/wp-content\/uploads\/2025\/08\/lamborghini-temerario-sardaigne-7-420x280.jpg 420w, https:\/\/www.italpassion.fr\/wp-content\/uploads\/2025\/08\/lamborghini-temerario-sardaigne-7-768x512.jpg 768w, https:\/\/www.italpassion.fr\/wp-content\/uploads\/2025\/08\/lamborghini-temerario-sardaigne-7-18x12.jpg 18w\" sizes=\"auto, (max-width: 1200px) 100vw, 1200px\" \/><\/figure>","protected":false},"excerpt":{"rendered":"","protected":false},"author":1,"featured_media":40348,"comment_status":"open","ping_status":"open","sticky":false,"template":"","format":"standard","meta":{"_acf_changed":false,"_sitemap_exclude":false,"_sitemap_priority":"","_sitemap_frequency":"","footnotes":""},"categories":[25],"tags":[374],"class_list":["post-40318","post","type-post","status-publish","format-standard","has-post-thumbnail","hentry","category-lamborghini","tag-lamborghini-temerario","generate-columns","tablet-grid-50","mobile-grid-100","grid-parent","grid-33"],"acf":[],"yoast_head":"<!-- This site is optimized with the Yoast SEO plugin v25.8 - https:\/\/yoast.com\/wordpress\/plugins\/seo\/ -->\n<title>La premi\u00e8re Lamborghini Temerario personnalis\u00e9e a \u00e9t\u00e9 livr\u00e9e \u00e0 un client &quot;Elite&quot; - ItalPassion<\/title>\n<meta name=\"description\" content=\"En plein c\u0153ur de l\u2019\u00e9t\u00e9, dans le cadre ultra-s\u00e9lect de Porto Cervo en Sardaigne, Lamborghini a r\u00e9v\u00e9l\u00e9 la premi\u00e8re Temerario personnalis\u00e9e de son programme\" \/>\n<meta name=\"robots\" content=\"index, follow, max-snippet:-1, max-image-preview:large, max-video-preview:-1\" \/>\n<link rel=\"canonical\" href=\"https:\/\/www.italpassion.fr\/pt\/lamborghini\/o-primeiro-lamborghini-temerario-personalizado-foi-entregue-a-um-cliente-de-elite\/\" \/>\n<meta property=\"og:locale\" content=\"pt_PT\" \/>\n<meta property=\"og:type\" content=\"article\" \/>\n<meta property=\"og:title\" content=\"La premi\u00e8re Lamborghini Temerario personnalis\u00e9e a \u00e9t\u00e9 livr\u00e9e \u00e0 un client &quot;Elite&quot; - ItalPassion\" \/>\n<meta property=\"og:description\" content=\"En plein c\u0153ur de l\u2019\u00e9t\u00e9, dans le cadre ultra-s\u00e9lect de Porto Cervo en Sardaigne, Lamborghini a r\u00e9v\u00e9l\u00e9 la premi\u00e8re Temerario personnalis\u00e9e de son programme\" \/>\n<meta property=\"og:url\" content=\"https:\/\/www.italpassion.fr\/pt\/lamborghini\/o-primeiro-lamborghini-temerario-personalizado-foi-entregue-a-um-cliente-de-elite\/\" \/>\n<meta property=\"og:site_name\" content=\"ItalPassion\" \/>\n<meta property=\"article:publisher\" content=\"https:\/\/www.facebook.com\/italpassion\" \/>\n<meta property=\"article:published_time\" content=\"2025-08-06T10:07:37+00:00\" \/>\n<meta property=\"og:image\" content=\"https:\/\/www.italpassion.fr\/wp-content\/uploads\/2025\/08\/lamborghini-temerario-sardaine.jpg\" \/>\n\t<meta property=\"og:image:width\" content=\"1200\" \/>\n\t<meta property=\"og:image:height\" content=\"800\" \/>\n\t<meta property=\"og:image:type\" content=\"image\/jpeg\" \/>\n<meta name=\"author\" content=\"Alexandre Filluzeau\" \/>\n<meta name=\"twitter:card\" content=\"summary_large_image\" \/>\n<meta name=\"twitter:creator\" content=\"@italpassion\" \/>\n<meta name=\"twitter:site\" content=\"@italpassion\" \/>\n<script type=\"application\/ld+json\" class=\"yoast-schema-graph\">{\"@context\":\"https:\/\/schema.org\",\"@graph\":[{\"@type\":\"NewsArticle\",\"@id\":\"https:\/\/www.italpassion.fr\/pt\/lamborghini\/la-premiere-lamborghini-temerario-personnalisee-a-ete-livree-a-un-client-elite\/#article\",\"isPartOf\":{\"@id\":\"https:\/\/www.italpassion.fr\/pt\/lamborghini\/la-premiere-lamborghini-temerario-personnalisee-a-ete-livree-a-un-client-elite\/\"},\"author\":{\"name\":\"Alexandre Filluzeau\",\"@id\":\"https:\/\/www.italpassion.fr\/pt\/#\/schema\/person\/36f747b2a759ca202d847e85a9434ca0\"},\"headline\":\"La premi\u00e8re Lamborghini Temerario personnalis\u00e9e a \u00e9t\u00e9 livr\u00e9e \u00e0 un client \u00ab\u00a0Elite\u00a0\u00bb\",\"datePublished\":\"2025-08-06T10:07:37+00:00\",\"mainEntityOfPage\":{\"@id\":\"https:\/\/www.italpassion.fr\/pt\/lamborghini\/la-premiere-lamborghini-temerario-personnalisee-a-ete-livree-a-un-client-elite\/\"},\"wordCount\":518,\"commentCount\":0,\"publisher\":{\"@id\":\"https:\/\/www.italpassion.fr\/pt\/#organization\"},\"image\":{\"@id\":\"https:\/\/www.italpassion.fr\/pt\/lamborghini\/la-premiere-lamborghini-temerario-personnalisee-a-ete-livree-a-un-client-elite\/#primaryimage\"},\"thumbnailUrl\":\"https:\/\/www.italpassion.fr\/wp-content\/uploads\/2025\/08\/lamborghini-temerario-sardaine.jpg\",\"keywords\":[\"Lamborghini Temerario\"],\"articleSection\":[\"Lamborghini\"],\"inLanguage\":\"pt-PT\",\"potentialAction\":[{\"@type\":\"CommentAction\",\"name\":\"Comment\",\"target\":[\"https:\/\/www.italpassion.fr\/pt\/lamborghini\/la-premiere-lamborghini-temerario-personnalisee-a-ete-livree-a-un-client-elite\/#respond\"]}]},{\"@type\":\"WebPage\",\"@id\":\"https:\/\/www.italpassion.fr\/pt\/lamborghini\/la-premiere-lamborghini-temerario-personnalisee-a-ete-livree-a-un-client-elite\/\",\"url\":\"https:\/\/www.italpassion.fr\/pt\/lamborghini\/la-premiere-lamborghini-temerario-personnalisee-a-ete-livree-a-un-client-elite\/\",\"name\":\"La premi\u00e8re Lamborghini Temerario personnalis\u00e9e a \u00e9t\u00e9 livr\u00e9e \u00e0 un client \\\"Elite\\\" - ItalPassion\",\"isPartOf\":{\"@id\":\"https:\/\/www.italpassion.fr\/pt\/#website\"},\"primaryImageOfPage\":{\"@id\":\"https:\/\/www.italpassion.fr\/pt\/lamborghini\/la-premiere-lamborghini-temerario-personnalisee-a-ete-livree-a-un-client-elite\/#primaryimage\"},\"image\":{\"@id\":\"https:\/\/www.italpassion.fr\/pt\/lamborghini\/la-premiere-lamborghini-temerario-personnalisee-a-ete-livree-a-un-client-elite\/#primaryimage\"},\"thumbnailUrl\":\"https:\/\/www.italpassion.fr\/wp-content\/uploads\/2025\/08\/lamborghini-temerario-sardaine.jpg\",\"datePublished\":\"2025-08-06T10:07:37+00:00\",\"description\":\"En plein c\u0153ur de l\u2019\u00e9t\u00e9, dans le cadre ultra-s\u00e9lect de Porto Cervo en Sardaigne, Lamborghini a r\u00e9v\u00e9l\u00e9 la premi\u00e8re Temerario personnalis\u00e9e de son programme\",\"breadcrumb\":{\"@id\":\"https:\/\/www.italpassion.fr\/pt\/lamborghini\/la-premiere-lamborghini-temerario-personnalisee-a-ete-livree-a-un-client-elite\/#breadcrumb\"},\"inLanguage\":\"pt-PT\",\"potentialAction\":[{\"@type\":\"ReadAction\",\"target\":[\"https:\/\/www.italpassion.fr\/pt\/lamborghini\/la-premiere-lamborghini-temerario-personnalisee-a-ete-livree-a-un-client-elite\/\"]}]},{\"@type\":\"ImageObject\",\"inLanguage\":\"pt-PT\",\"@id\":\"https:\/\/www.italpassion.fr\/pt\/lamborghini\/la-premiere-lamborghini-temerario-personnalisee-a-ete-livree-a-un-client-elite\/#primaryimage\",\"url\":\"https:\/\/www.italpassion.fr\/wp-content\/uploads\/2025\/08\/lamborghini-temerario-sardaine.jpg\",\"contentUrl\":\"https:\/\/www.italpassion.fr\/wp-content\/uploads\/2025\/08\/lamborghini-temerario-sardaine.jpg\",\"width\":1200,\"height\":800},{\"@type\":\"BreadcrumbList\",\"@id\":\"https:\/\/www.italpassion.fr\/pt\/lamborghini\/la-premiere-lamborghini-temerario-personnalisee-a-ete-livree-a-un-client-elite\/#breadcrumb\",\"itemListElement\":[{\"@type\":\"ListItem\",\"position\":1,\"name\":\"Accueil\",\"item\":\"https:\/\/www.italpassion.fr\/pt\/\"},{\"@type\":\"ListItem\",\"position\":2,\"name\":\"La premi\u00e8re Lamborghini Temerario personnalis\u00e9e a \u00e9t\u00e9 livr\u00e9e \u00e0 un client \u00ab\u00a0Elite\u00a0\u00bb\"}]},{\"@type\":\"WebSite\",\"@id\":\"https:\/\/www.italpassion.fr\/pt\/#website\",\"url\":\"https:\/\/www.italpassion.fr\/pt\/\",\"name\":\"ItalPassion\",\"description\":\"Les Passionn\u00e9s d&#039;Automobiles Italiennes\",\"publisher\":{\"@id\":\"https:\/\/www.italpassion.fr\/pt\/#organization\"},\"potentialAction\":[{\"@type\":\"SearchAction\",\"target\":{\"@type\":\"EntryPoint\",\"urlTemplate\":\"https:\/\/www.italpassion.fr\/pt\/?s={search_term_string}\"},\"query-input\":{\"@type\":\"PropertyValueSpecification\",\"valueRequired\":true,\"valueName\":\"search_term_string\"}}],\"inLanguage\":\"pt-PT\"},{\"@type\":\"Organization\",\"@id\":\"https:\/\/www.italpassion.fr\/pt\/#organization\",\"name\":\"Italpassion\",\"url\":\"https:\/\/www.italpassion.fr\/pt\/\",\"logo\":{\"@type\":\"ImageObject\",\"inLanguage\":\"pt-PT\",\"@id\":\"https:\/\/www.italpassion.fr\/pt\/#\/schema\/logo\/image\/\",\"url\":\"https:\/\/www.italpassion.fr\/wp-content\/uploads\/2023\/07\/italpassion-yoast.jpg\",\"contentUrl\":\"https:\/\/www.italpassion.fr\/wp-content\/uploads\/2023\/07\/italpassion-yoast.jpg\",\"width\":696,\"height\":696,\"caption\":\"Italpassion\"},\"image\":{\"@id\":\"https:\/\/www.italpassion.fr\/pt\/#\/schema\/logo\/image\/\"},\"sameAs\":[\"https:\/\/www.facebook.com\/italpassion\",\"https:\/\/x.com\/italpassion\",\"https:\/\/www.instagram.com\/italpassionfr\/\",\"https:\/\/www.youtube.com\/channel\/UCleq-ByQaA42OjhopwevRjQ\",\"https:\/\/www.facebook.com\/italpassion.en\/\",\"https:\/\/www.facebook.com\/italpassion.it\/\",\"https:\/\/www.facebook.com\/italpassion.de\/\",\"https:\/\/www.facebook.com\/italpassion.ja\/\"]},{\"@type\":\"Person\",\"@id\":\"https:\/\/www.italpassion.fr\/pt\/#\/schema\/person\/36f747b2a759ca202d847e85a9434ca0\",\"name\":\"Alexandre Filluzeau\",\"image\":{\"@type\":\"ImageObject\",\"inLanguage\":\"pt-PT\",\"@id\":\"https:\/\/www.italpassion.fr\/pt\/#\/schema\/person\/image\/\",\"url\":\"https:\/\/www.italpassion.fr\/wp-content\/uploads\/2025\/04\/avatar-alexandre-160x160.jpg\",\"contentUrl\":\"https:\/\/www.italpassion.fr\/wp-content\/uploads\/2025\/04\/avatar-alexandre-160x160.jpg\",\"caption\":\"Alexandre Filluzeau\"},\"description\":\"Fondateur du site ItalPassion, passionn\u00e9 de voitures italiennes et de l'Italie en g\u00e9n\u00e9ral. J'apporte un regard critique et technique aux actualit\u00e9s des marques italiennes quand cela est possible. Propri\u00e9taire d'une Maserati GranTurismo, Alfa Romeo MiTo, Lancia Fulvia et Ducati 695. Ex-propri\u00e9taire d'une Alfa Romeo Giulia.\",\"sameAs\":[\"https:\/\/www.italpassion.fr\/\"],\"url\":\"https:\/\/www.italpassion.fr\/pt\/author\/alexandre\/\"}]}<\/script>\n<!-- \/ Yoast SEO plugin. -->","yoast_head_json":{"title":"O primeiro Lamborghini Temerario personalizado foi entregue a um cliente \"Elite\" - ItalPassion","description":"No auge do ver\u00e3o, no cen\u00e1rio ultra-elegante de Porto Cervo, na Sardenha, a Lamborghini revelou o primeiro Temer\u00e1rio personalizado do seu programa de","robots":{"index":"index","follow":"follow","max-snippet":"max-snippet:-1","max-image-preview":"max-image-preview:large","max-video-preview":"max-video-preview:-1"},"canonical":"https:\/\/www.italpassion.fr\/pt\/lamborghini\/o-primeiro-lamborghini-temerario-personalizado-foi-entregue-a-um-cliente-de-elite\/","og_locale":"pt_PT","og_type":"article","og_title":"La premi\u00e8re Lamborghini Temerario personnalis\u00e9e a \u00e9t\u00e9 livr\u00e9e \u00e0 un client \"Elite\" - ItalPassion","og_description":"En plein c\u0153ur de l\u2019\u00e9t\u00e9, dans le cadre ultra-s\u00e9lect de Porto Cervo en Sardaigne, Lamborghini a r\u00e9v\u00e9l\u00e9 la premi\u00e8re Temerario personnalis\u00e9e de son programme","og_url":"https:\/\/www.italpassion.fr\/pt\/lamborghini\/o-primeiro-lamborghini-temerario-personalizado-foi-entregue-a-um-cliente-de-elite\/","og_site_name":"ItalPassion","article_publisher":"https:\/\/www.facebook.com\/italpassion","article_published_time":"2025-08-06T10:07:37+00:00","og_image":[{"width":1200,"height":800,"url":"https:\/\/www.italpassion.fr\/wp-content\/uploads\/2025\/08\/lamborghini-temerario-sardaine.jpg","type":"image\/jpeg"}],"author":"Alexandre Filluzeau","twitter_card":"summary_large_image","twitter_creator":"@italpassion","twitter_site":"@italpassion","schema":{"@context":"https:\/\/schema.org","@graph":[{"@type":"NewsArticle","@id":"https:\/\/www.italpassion.fr\/pt\/lamborghini\/la-premiere-lamborghini-temerario-personnalisee-a-ete-livree-a-un-client-elite\/#article","isPartOf":{"@id":"https:\/\/www.italpassion.fr\/pt\/lamborghini\/la-premiere-lamborghini-temerario-personnalisee-a-ete-livree-a-un-client-elite\/"},"author":{"name":"Alexandre Filluzeau","@id":"https:\/\/www.italpassion.fr\/pt\/#\/schema\/person\/36f747b2a759ca202d847e85a9434ca0"},"headline":"La premi\u00e8re Lamborghini Temerario personnalis\u00e9e a \u00e9t\u00e9 livr\u00e9e \u00e0 un client \u00ab\u00a0Elite\u00a0\u00bb","datePublished":"2025-08-06T10:07:37+00:00","mainEntityOfPage":{"@id":"https:\/\/www.italpassion.fr\/pt\/lamborghini\/la-premiere-lamborghini-temerario-personnalisee-a-ete-livree-a-un-client-elite\/"},"wordCount":518,"commentCount":0,"publisher":{"@id":"https:\/\/www.italpassion.fr\/pt\/#organization"},"image":{"@id":"https:\/\/www.italpassion.fr\/pt\/lamborghini\/la-premiere-lamborghini-temerario-personnalisee-a-ete-livree-a-un-client-elite\/#primaryimage"},"thumbnailUrl":"https:\/\/www.italpassion.fr\/wp-content\/uploads\/2025\/08\/lamborghini-temerario-sardaine.jpg","keywords":["Lamborghini Temerario"],"articleSection":["Lamborghini"],"inLanguage":"pt-PT","potentialAction":[{"@type":"CommentAction","name":"Comment","target":["https:\/\/www.italpassion.fr\/pt\/lamborghini\/la-premiere-lamborghini-temerario-personnalisee-a-ete-livree-a-un-client-elite\/#respond"]}]},{"@type":"WebPage","@id":"https:\/\/www.italpassion.fr\/pt\/lamborghini\/la-premiere-lamborghini-temerario-personnalisee-a-ete-livree-a-un-client-elite\/","url":"https:\/\/www.italpassion.fr\/pt\/lamborghini\/la-premiere-lamborghini-temerario-personnalisee-a-ete-livree-a-un-client-elite\/","name":"O primeiro Lamborghini Temerario personalizado foi entregue a um cliente \"Elite\" - ItalPassion","isPartOf":{"@id":"https:\/\/www.italpassion.fr\/pt\/#website"},"primaryImageOfPage":{"@id":"https:\/\/www.italpassion.fr\/pt\/lamborghini\/la-premiere-lamborghini-temerario-personnalisee-a-ete-livree-a-un-client-elite\/#primaryimage"},"image":{"@id":"https:\/\/www.italpassion.fr\/pt\/lamborghini\/la-premiere-lamborghini-temerario-personnalisee-a-ete-livree-a-un-client-elite\/#primaryimage"},"thumbnailUrl":"https:\/\/www.italpassion.fr\/wp-content\/uploads\/2025\/08\/lamborghini-temerario-sardaine.jpg","datePublished":"2025-08-06T10:07:37+00:00","description":"No auge do ver\u00e3o, no cen\u00e1rio ultra-elegante de Porto Cervo, na Sardenha, a Lamborghini revelou o primeiro Temer\u00e1rio personalizado do seu programa de","breadcrumb":{"@id":"https:\/\/www.italpassion.fr\/pt\/lamborghini\/la-premiere-lamborghini-temerario-personnalisee-a-ete-livree-a-un-client-elite\/#breadcrumb"},"inLanguage":"pt-PT","potentialAction":[{"@type":"ReadAction","target":["https:\/\/www.italpassion.fr\/pt\/lamborghini\/la-premiere-lamborghini-temerario-personnalisee-a-ete-livree-a-un-client-elite\/"]}]},{"@type":"ImageObject","inLanguage":"pt-PT","@id":"https:\/\/www.italpassion.fr\/pt\/lamborghini\/la-premiere-lamborghini-temerario-personnalisee-a-ete-livree-a-un-client-elite\/#primaryimage","url":"https:\/\/www.italpassion.fr\/wp-content\/uploads\/2025\/08\/lamborghini-temerario-sardaine.jpg","contentUrl":"https:\/\/www.italpassion.fr\/wp-content\/uploads\/2025\/08\/lamborghini-temerario-sardaine.jpg","width":1200,"height":800},{"@type":"BreadcrumbList","@id":"https:\/\/www.italpassion.fr\/pt\/lamborghini\/la-premiere-lamborghini-temerario-personnalisee-a-ete-livree-a-un-client-elite\/#breadcrumb","itemListElement":[{"@type":"ListItem","position":1,"name":"Accueil","item":"https:\/\/www.italpassion.fr\/pt\/"},{"@type":"ListItem","position":2,"name":"La premi\u00e8re Lamborghini Temerario personnalis\u00e9e a \u00e9t\u00e9 livr\u00e9e \u00e0 un client \u00ab\u00a0Elite\u00a0\u00bb"}]},{"@type":"WebSite","@id":"https:\/\/www.italpassion.fr\/pt\/#website","url":"https:\/\/www.italpassion.fr\/pt\/","name":"ItalPassion","description":"Entusiastas de autom\u00f3veis italianos","publisher":{"@id":"https:\/\/www.italpassion.fr\/pt\/#organization"},"potentialAction":[{"@type":"SearchAction","target":{"@type":"EntryPoint","urlTemplate":"https:\/\/www.italpassion.fr\/pt\/?s={search_term_string}"},"query-input":{"@type":"PropertyValueSpecification","valueRequired":true,"valueName":"search_term_string"}}],"inLanguage":"pt-PT"},{"@type":"Organization","@id":"https:\/\/www.italpassion.fr\/pt\/#organization","name":"Italpassion","url":"https:\/\/www.italpassion.fr\/pt\/","logo":{"@type":"ImageObject","inLanguage":"pt-PT","@id":"https:\/\/www.italpassion.fr\/pt\/#\/schema\/logo\/image\/","url":"https:\/\/www.italpassion.fr\/wp-content\/uploads\/2023\/07\/italpassion-yoast.jpg","contentUrl":"https:\/\/www.italpassion.fr\/wp-content\/uploads\/2023\/07\/italpassion-yoast.jpg","width":696,"height":696,"caption":"Italpassion"},"image":{"@id":"https:\/\/www.italpassion.fr\/pt\/#\/schema\/logo\/image\/"},"sameAs":["https:\/\/www.facebook.com\/italpassion","https:\/\/x.com\/italpassion","https:\/\/www.instagram.com\/italpassionfr\/","https:\/\/www.youtube.com\/channel\/UCleq-ByQaA42OjhopwevRjQ","https:\/\/www.facebook.com\/italpassion.en\/","https:\/\/www.facebook.com\/italpassion.it\/","https:\/\/www.facebook.com\/italpassion.de\/","https:\/\/www.facebook.com\/italpassion.ja\/"]},{"@type":"Person","@id":"https:\/\/www.italpassion.fr\/pt\/#\/schema\/person\/36f747b2a759ca202d847e85a9434ca0","name":"Alexandre Filluzeau","image":{"@type":"ImageObject","inLanguage":"pt-PT","@id":"https:\/\/www.italpassion.fr\/pt\/#\/schema\/person\/image\/","url":"https:\/\/www.italpassion.fr\/wp-content\/uploads\/2025\/04\/avatar-alexandre-160x160.jpg","contentUrl":"https:\/\/www.italpassion.fr\/wp-content\/uploads\/2025\/04\/avatar-alexandre-160x160.jpg","caption":"Alexandre Filluzeau"},"description":"Fundador do site ItalPassion, apaixonado por carros italianos e pela It\u00e1lia em geral. Trago um olhar cr\u00edtico e t\u00e9cnico \u00e0s not\u00edcias das marcas italianas, sempre que poss\u00edvel. Propriet\u00e1ria de um Maserati GranTurismo, Alfa Romeo MiTo, Lancia Fulvia e Ducati 695. Ex-propriet\u00e1rio de uma Alfa Romeo Giulia.","sameAs":["https:\/\/www.italpassion.fr\/"],"url":"https:\/\/www.italpassion.fr\/pt\/author\/alexandre\/"}]}},"_links":{"self":[{"href":"https:\/\/www.italpassion.fr\/pt\/wp-json\/wp\/v2\/posts\/40318","targetHints":{"allow":["GET"]}}],"collection":[{"href":"https:\/\/www.italpassion.fr\/pt\/wp-json\/wp\/v2\/posts"}],"about":[{"href":"https:\/\/www.italpassion.fr\/pt\/wp-json\/wp\/v2\/types\/post"}],"author":[{"embeddable":true,"href":"https:\/\/www.italpassion.fr\/pt\/wp-json\/wp\/v2\/users\/1"}],"replies":[{"embeddable":true,"href":"https:\/\/www.italpassion.fr\/pt\/wp-json\/wp\/v2\/comments?post=40318"}],"version-history":[{"count":3,"href":"https:\/\/www.italpassion.fr\/pt\/wp-json\/wp\/v2\/posts\/40318\/revisions"}],"predecessor-version":[{"id":40354,"href":"https:\/\/www.italpassion.fr\/pt\/wp-json\/wp\/v2\/posts\/40318\/revisions\/40354"}],"wp:featuredmedia":[{"embeddable":true,"href":"https:\/\/www.italpassion.fr\/pt\/wp-json\/wp\/v2\/media\/40348"}],"wp:attachment":[{"href":"https:\/\/www.italpassion.fr\/pt\/wp-json\/wp\/v2\/media?parent=40318"}],"wp:term":[{"taxonomy":"category","embeddable":true,"href":"https:\/\/www.italpassion.fr\/pt\/wp-json\/wp\/v2\/categories?post=40318"},{"taxonomy":"post_tag","embeddable":true,"href":"https:\/\/www.italpassion.fr\/pt\/wp-json\/wp\/v2\/tags?post=40318"}],"curies":[{"name":"wp","href":"https:\/\/api.w.org\/{rel}","templated":true}]}}