{"id":40067,"date":"2025-07-29T08:46:14","date_gmt":"2025-07-29T06:46:14","guid":{"rendered":"https:\/\/www.italpassion.fr\/?p=40067"},"modified":"2025-07-28T16:41:40","modified_gmt":"2025-07-28T14:41:40","slug":"invulgar-transforma-o-seu-alfa-romeo-junior-num-milano","status":"publish","type":"post","link":"https:\/\/www.italpassion.fr\/pt\/alfa-romeo\/insolite-il-transforme-son-alfa-romeo-junior-en-milano\/","title":{"rendered":"Invulgar: transforma o seu Alfa Romeo Junior... num Milano!"},"content":{"rendered":"<p>Quando algumas pessoas se contentam em publicar orgulhosamente uma fotografia do seu novo <a href=\"https:\/\/www.italpassion.fr\/pt\/carros\/alfa-romeo-junior\/\">Alfa Romeo J\u00fanior<\/a> no Facebook, outros v\u00e3o muito mais longe... muito mais longe. Quase um ano e meio ap\u00f3s o seu lan\u00e7amento, o pequeno SUV da marca Biscione continua a fazer ondas, por vezes de forma inesperada. A prova est\u00e1 na forma de um propriet\u00e1rio apaixonado que decidiu transformar o seu Alfa Romeo Junior... num Milano. \u00c9 uma homenagem a uma pol\u00e9mica que fez correr muita tinta.<\/p>\n\n\n\n<h2 class=\"wp-block-heading\">O regresso do nome proibido<\/h2>\n\n\n\n<p>Lembre-se: em abril de 2024, o BSUV de<a href=\"https:\/\/www.italpassion.fr\/pt\/alfa-romeo\/\">Alfa Romeo<\/a> chamar-se-ia Milano, em homenagem \u00e0 cidade onde a marca nasceu em 1910. Um nome forte, simb\u00f3lico... e, no entanto, proibido. O motivo? Uma lei italiana de 2003 destinada a impedir a \"sonoridade italiana\" para produtos fabricados no estrangeiro. O Junior \u00e9 produzido em Tychy, na Pol\u00f3nia. <a href=\"https:\/\/www.italpassion.fr\/pt\/alfa-romeo\/alfa-romeo-milano-o-nome-nao-agrada-ao-ministro-do-made-in-italy\/\">O Ministro do Made in Italy, Adolfo Urso, interveio, denunciando um nome enganador<\/a>e Stellantis teve de ceder: <a href=\"https:\/\/www.italpassion.fr\/pt\/alfa-romeo\/lalfa-romeo-milano-oficial-muda-o-seu-nome-para-junior\/\">Milano tornou-se J\u00fanior, apenas tr\u00eas dias ap\u00f3s a apresenta\u00e7\u00e3o oficial<\/a>.<\/p>\n\n\n\n<h2 class=\"wp-block-heading\">O modelo Junior \u00e9 popular... mas h\u00e1 quem queira o original<\/h2>\n\n\n\n<p>Desde o seu lan\u00e7amento, o Alfa Romeo Junior conquistou o seu p\u00fablico. Nas redes sociais, muitos propriet\u00e1rios partilham todos os pormenores da sua nova aquisi\u00e7\u00e3o. Mas um propriet\u00e1rio decidiu cruzar uma linha que nem mesmo a Alfa Romeo se atreveu a cruzar oficialmente: reviver o Milano.<\/p>\n\n\n\n<figure class=\"wp-block-image size-full\"><img loading=\"lazy\" decoding=\"async\" width=\"1200\" height=\"800\" src=\"https:\/\/www.italpassion.fr\/wp-content\/uploads\/2025\/07\/alfa-romeo-milano-blanc-2.jpg\" alt=\"\" class=\"wp-image-40149\" srcset=\"https:\/\/www.italpassion.fr\/wp-content\/uploads\/2025\/07\/alfa-romeo-milano-blanc-2.jpg 1200w, https:\/\/www.italpassion.fr\/wp-content\/uploads\/2025\/07\/alfa-romeo-milano-blanc-2-420x280.jpg 420w, https:\/\/www.italpassion.fr\/wp-content\/uploads\/2025\/07\/alfa-romeo-milano-blanc-2-768x512.jpg 768w, https:\/\/www.italpassion.fr\/wp-content\/uploads\/2025\/07\/alfa-romeo-milano-blanc-2-18x12.jpg 18w\" sizes=\"auto, (max-width: 1200px) 100vw, 1200px\" \/><figcaption class=\"wp-element-caption\">Mario's Alfa Romeo Milano<\/figcaption><\/figure>\n\n\n\n<figure class=\"wp-block-image size-full\"><img loading=\"lazy\" decoding=\"async\" width=\"1200\" height=\"800\" src=\"https:\/\/www.italpassion.fr\/wp-content\/uploads\/2025\/07\/alfa-romeo-milano-blanc-3.jpg\" alt=\"\" class=\"wp-image-40150\" srcset=\"https:\/\/www.italpassion.fr\/wp-content\/uploads\/2025\/07\/alfa-romeo-milano-blanc-3.jpg 1200w, https:\/\/www.italpassion.fr\/wp-content\/uploads\/2025\/07\/alfa-romeo-milano-blanc-3-420x280.jpg 420w, https:\/\/www.italpassion.fr\/wp-content\/uploads\/2025\/07\/alfa-romeo-milano-blanc-3-768x512.jpg 768w, https:\/\/www.italpassion.fr\/wp-content\/uploads\/2025\/07\/alfa-romeo-milano-blanc-3-18x12.jpg 18w\" sizes=\"auto, (max-width: 1200px) 100vw, 1200px\" \/><figcaption class=\"wp-element-caption\">Mario's Alfa Romeo Milano<\/figcaption><\/figure>\n\n\n\n<figure class=\"wp-block-image size-full\"><img loading=\"lazy\" decoding=\"async\" width=\"1200\" height=\"800\" src=\"https:\/\/www.italpassion.fr\/wp-content\/uploads\/2025\/07\/alfa-romeo-milano-1.jpg\" alt=\"\" class=\"wp-image-40148\" srcset=\"https:\/\/www.italpassion.fr\/wp-content\/uploads\/2025\/07\/alfa-romeo-milano-1.jpg 1200w, https:\/\/www.italpassion.fr\/wp-content\/uploads\/2025\/07\/alfa-romeo-milano-1-420x280.jpg 420w, https:\/\/www.italpassion.fr\/wp-content\/uploads\/2025\/07\/alfa-romeo-milano-1-768x512.jpg 768w, https:\/\/www.italpassion.fr\/wp-content\/uploads\/2025\/07\/alfa-romeo-milano-1-18x12.jpg 18w\" sizes=\"auto, (max-width: 1200px) 100vw, 1200px\" \/><figcaption class=\"wp-element-caption\">Mario's Alfa Romeo Milano<\/figcaption><\/figure>\n\n\n\n<p>O modelo em quest\u00e3o? Um Junior branco, transformado com precis\u00e3o. No exterior, o log\u00f3tipo Milano est\u00e1 orgulhosamente colocado nas asas. As jantes foram substitu\u00eddas por jantes MAK Monza de 18 polegadas, com um estilo mais assertivo. O capot apresenta um autocolante que representa o Biscione, o emblema hist\u00f3rico da Alfa Romeo. Os espelhos retrovisores exteriores apresentam uma bandeira italiana.<\/p>\n\n\n\n<p>No interior, a personaliza\u00e7\u00e3o continua: volante em alc\u00e2ntara, tapetes Milano bordados e um pormenor que far\u00e1 sorrir os entusiastas: o bot\u00e3o \"Start\" foi alterado de preto para vermelho, como no Giulia e no Stelvio Quadrifoglio. <\/p>\n\n\n\n<figure class=\"wp-block-image size-full\"><img loading=\"lazy\" decoding=\"async\" width=\"1200\" height=\"800\" src=\"https:\/\/www.italpassion.fr\/wp-content\/uploads\/2025\/07\/alfa-romeo-milano-blanc-4.jpg\" alt=\"\" class=\"wp-image-40151\" srcset=\"https:\/\/www.italpassion.fr\/wp-content\/uploads\/2025\/07\/alfa-romeo-milano-blanc-4.jpg 1200w, https:\/\/www.italpassion.fr\/wp-content\/uploads\/2025\/07\/alfa-romeo-milano-blanc-4-420x280.jpg 420w, https:\/\/www.italpassion.fr\/wp-content\/uploads\/2025\/07\/alfa-romeo-milano-blanc-4-768x512.jpg 768w, https:\/\/www.italpassion.fr\/wp-content\/uploads\/2025\/07\/alfa-romeo-milano-blanc-4-18x12.jpg 18w\" sizes=\"auto, (max-width: 1200px) 100vw, 1200px\" \/><figcaption class=\"wp-element-caption\">Mario's Alfa Romeo Milano<\/figcaption><\/figure>\n\n\n\n<p>Este modelo pode n\u00e3o ser oficialmente um Milano, mas tamb\u00e9m simboliza uma forma de protesto suave, contra uma decis\u00e3o pol\u00edtica que interrompeu a hist\u00f3ria de um modelo que mal tinha sido lan\u00e7ado. At\u00e9 hoje, \u00e9 provavelmente o \u00fanico \"Milano\" a ser visto nas estradas da Europa. <\/p>\n\n\n\n<p>PS: por favor, sejam respeitosos nos vossos coment\u00e1rios.<\/p>","protected":false},"excerpt":{"rendered":"","protected":false},"author":1,"featured_media":40149,"comment_status":"open","ping_status":"open","sticky":false,"template":"","format":"standard","meta":{"_acf_changed":false,"_sitemap_exclude":false,"_sitemap_priority":"","_sitemap_frequency":"","footnotes":""},"categories":[22],"tags":[403],"class_list":["post-40067","post","type-post","status-publish","format-standard","has-post-thumbnail","hentry","category-alfa-romeo","tag-alfa-romeo-junior","generate-columns","tablet-grid-50","mobile-grid-100","grid-parent","grid-33"],"acf":[],"yoast_head":"<!-- This site is optimized with the Yoast SEO plugin v25.8 - https:\/\/yoast.com\/wordpress\/plugins\/seo\/ -->\n<title>Insolite : il transforme son Alfa Romeo Junior... en Milano ! - ItalPassion<\/title>\n<meta name=\"description\" content=\"Quand certains se contentent de poster fi\u00e8rement la photo de leur nouvelle Alfa Romeo Junior sur Facebook, d\u2019autres vont plus loin\u2026 Beaucoup plus loin.\" \/>\n<meta name=\"robots\" content=\"index, follow, max-snippet:-1, max-image-preview:large, max-video-preview:-1\" \/>\n<link rel=\"canonical\" href=\"https:\/\/www.italpassion.fr\/pt\/alfa-romeo\/invulgar-transforma-o-seu-alfa-romeo-junior-num-milano\/\" \/>\n<meta property=\"og:locale\" content=\"pt_PT\" \/>\n<meta property=\"og:type\" content=\"article\" \/>\n<meta property=\"og:title\" content=\"Insolite : il transforme son Alfa Romeo Junior... en Milano ! - ItalPassion\" \/>\n<meta property=\"og:description\" content=\"Quand certains se contentent de poster fi\u00e8rement la photo de leur nouvelle Alfa Romeo Junior sur Facebook, d\u2019autres vont plus loin\u2026 Beaucoup plus loin.\" \/>\n<meta property=\"og:url\" content=\"https:\/\/www.italpassion.fr\/pt\/alfa-romeo\/invulgar-transforma-o-seu-alfa-romeo-junior-num-milano\/\" \/>\n<meta property=\"og:site_name\" content=\"ItalPassion\" \/>\n<meta property=\"article:publisher\" content=\"https:\/\/www.facebook.com\/italpassion\" \/>\n<meta property=\"article:published_time\" content=\"2025-07-29T06:46:14+00:00\" \/>\n<meta property=\"og:image\" content=\"https:\/\/www.italpassion.fr\/wp-content\/uploads\/2025\/07\/alfa-romeo-milano-blanc-2.jpg\" \/>\n\t<meta property=\"og:image:width\" content=\"1200\" \/>\n\t<meta property=\"og:image:height\" content=\"800\" \/>\n\t<meta property=\"og:image:type\" content=\"image\/jpeg\" \/>\n<meta name=\"author\" content=\"Alexandre Filluzeau\" \/>\n<meta name=\"twitter:card\" content=\"summary_large_image\" \/>\n<meta name=\"twitter:creator\" content=\"@italpassion\" \/>\n<meta name=\"twitter:site\" content=\"@italpassion\" \/>\n<script type=\"application\/ld+json\" class=\"yoast-schema-graph\">{\"@context\":\"https:\/\/schema.org\",\"@graph\":[{\"@type\":\"NewsArticle\",\"@id\":\"https:\/\/www.italpassion.fr\/pt\/alfa-romeo\/insolite-il-transforme-son-alfa-romeo-junior-en-milano\/#article\",\"isPartOf\":{\"@id\":\"https:\/\/www.italpassion.fr\/pt\/alfa-romeo\/insolite-il-transforme-son-alfa-romeo-junior-en-milano\/\"},\"author\":{\"name\":\"Alexandre Filluzeau\",\"@id\":\"https:\/\/www.italpassion.fr\/pt\/#\/schema\/person\/36f747b2a759ca202d847e85a9434ca0\"},\"headline\":\"Insolite : il transforme son Alfa Romeo Junior&#8230; en Milano !\",\"datePublished\":\"2025-07-29T06:46:14+00:00\",\"mainEntityOfPage\":{\"@id\":\"https:\/\/www.italpassion.fr\/pt\/alfa-romeo\/insolite-il-transforme-son-alfa-romeo-junior-en-milano\/\"},\"wordCount\":455,\"commentCount\":8,\"publisher\":{\"@id\":\"https:\/\/www.italpassion.fr\/pt\/#organization\"},\"image\":{\"@id\":\"https:\/\/www.italpassion.fr\/pt\/alfa-romeo\/insolite-il-transforme-son-alfa-romeo-junior-en-milano\/#primaryimage\"},\"thumbnailUrl\":\"https:\/\/www.italpassion.fr\/wp-content\/uploads\/2025\/07\/alfa-romeo-milano-blanc-2.jpg\",\"keywords\":[\"Alfa Romeo Junior\"],\"articleSection\":[\"Alfa Romeo\"],\"inLanguage\":\"pt-PT\",\"potentialAction\":[{\"@type\":\"CommentAction\",\"name\":\"Comment\",\"target\":[\"https:\/\/www.italpassion.fr\/pt\/alfa-romeo\/insolite-il-transforme-son-alfa-romeo-junior-en-milano\/#respond\"]}]},{\"@type\":\"WebPage\",\"@id\":\"https:\/\/www.italpassion.fr\/pt\/alfa-romeo\/insolite-il-transforme-son-alfa-romeo-junior-en-milano\/\",\"url\":\"https:\/\/www.italpassion.fr\/pt\/alfa-romeo\/insolite-il-transforme-son-alfa-romeo-junior-en-milano\/\",\"name\":\"Insolite : il transforme son Alfa Romeo Junior... en Milano ! - ItalPassion\",\"isPartOf\":{\"@id\":\"https:\/\/www.italpassion.fr\/pt\/#website\"},\"primaryImageOfPage\":{\"@id\":\"https:\/\/www.italpassion.fr\/pt\/alfa-romeo\/insolite-il-transforme-son-alfa-romeo-junior-en-milano\/#primaryimage\"},\"image\":{\"@id\":\"https:\/\/www.italpassion.fr\/pt\/alfa-romeo\/insolite-il-transforme-son-alfa-romeo-junior-en-milano\/#primaryimage\"},\"thumbnailUrl\":\"https:\/\/www.italpassion.fr\/wp-content\/uploads\/2025\/07\/alfa-romeo-milano-blanc-2.jpg\",\"datePublished\":\"2025-07-29T06:46:14+00:00\",\"description\":\"Quand certains se contentent de poster fi\u00e8rement la photo de leur nouvelle Alfa Romeo Junior sur Facebook, d\u2019autres vont plus loin\u2026 Beaucoup plus loin.\",\"breadcrumb\":{\"@id\":\"https:\/\/www.italpassion.fr\/pt\/alfa-romeo\/insolite-il-transforme-son-alfa-romeo-junior-en-milano\/#breadcrumb\"},\"inLanguage\":\"pt-PT\",\"potentialAction\":[{\"@type\":\"ReadAction\",\"target\":[\"https:\/\/www.italpassion.fr\/pt\/alfa-romeo\/insolite-il-transforme-son-alfa-romeo-junior-en-milano\/\"]}]},{\"@type\":\"ImageObject\",\"inLanguage\":\"pt-PT\",\"@id\":\"https:\/\/www.italpassion.fr\/pt\/alfa-romeo\/insolite-il-transforme-son-alfa-romeo-junior-en-milano\/#primaryimage\",\"url\":\"https:\/\/www.italpassion.fr\/wp-content\/uploads\/2025\/07\/alfa-romeo-milano-blanc-2.jpg\",\"contentUrl\":\"https:\/\/www.italpassion.fr\/wp-content\/uploads\/2025\/07\/alfa-romeo-milano-blanc-2.jpg\",\"width\":1200,\"height\":800},{\"@type\":\"BreadcrumbList\",\"@id\":\"https:\/\/www.italpassion.fr\/pt\/alfa-romeo\/insolite-il-transforme-son-alfa-romeo-junior-en-milano\/#breadcrumb\",\"itemListElement\":[{\"@type\":\"ListItem\",\"position\":1,\"name\":\"Accueil\",\"item\":\"https:\/\/www.italpassion.fr\/pt\/\"},{\"@type\":\"ListItem\",\"position\":2,\"name\":\"Insolite : il transforme son Alfa Romeo Junior&#8230; en Milano !\"}]},{\"@type\":\"WebSite\",\"@id\":\"https:\/\/www.italpassion.fr\/pt\/#website\",\"url\":\"https:\/\/www.italpassion.fr\/pt\/\",\"name\":\"ItalPassion\",\"description\":\"Les Passionn\u00e9s d&#039;Automobiles Italiennes\",\"publisher\":{\"@id\":\"https:\/\/www.italpassion.fr\/pt\/#organization\"},\"potentialAction\":[{\"@type\":\"SearchAction\",\"target\":{\"@type\":\"EntryPoint\",\"urlTemplate\":\"https:\/\/www.italpassion.fr\/pt\/?s={search_term_string}\"},\"query-input\":{\"@type\":\"PropertyValueSpecification\",\"valueRequired\":true,\"valueName\":\"search_term_string\"}}],\"inLanguage\":\"pt-PT\"},{\"@type\":\"Organization\",\"@id\":\"https:\/\/www.italpassion.fr\/pt\/#organization\",\"name\":\"Italpassion\",\"url\":\"https:\/\/www.italpassion.fr\/pt\/\",\"logo\":{\"@type\":\"ImageObject\",\"inLanguage\":\"pt-PT\",\"@id\":\"https:\/\/www.italpassion.fr\/pt\/#\/schema\/logo\/image\/\",\"url\":\"https:\/\/www.italpassion.fr\/wp-content\/uploads\/2023\/07\/italpassion-yoast.jpg\",\"contentUrl\":\"https:\/\/www.italpassion.fr\/wp-content\/uploads\/2023\/07\/italpassion-yoast.jpg\",\"width\":696,\"height\":696,\"caption\":\"Italpassion\"},\"image\":{\"@id\":\"https:\/\/www.italpassion.fr\/pt\/#\/schema\/logo\/image\/\"},\"sameAs\":[\"https:\/\/www.facebook.com\/italpassion\",\"https:\/\/x.com\/italpassion\",\"https:\/\/www.instagram.com\/italpassionfr\/\",\"https:\/\/www.youtube.com\/channel\/UCleq-ByQaA42OjhopwevRjQ\",\"https:\/\/www.facebook.com\/italpassion.en\/\",\"https:\/\/www.facebook.com\/italpassion.it\/\",\"https:\/\/www.facebook.com\/italpassion.de\/\",\"https:\/\/www.facebook.com\/italpassion.ja\/\"]},{\"@type\":\"Person\",\"@id\":\"https:\/\/www.italpassion.fr\/pt\/#\/schema\/person\/36f747b2a759ca202d847e85a9434ca0\",\"name\":\"Alexandre Filluzeau\",\"image\":{\"@type\":\"ImageObject\",\"inLanguage\":\"pt-PT\",\"@id\":\"https:\/\/www.italpassion.fr\/pt\/#\/schema\/person\/image\/\",\"url\":\"https:\/\/www.italpassion.fr\/wp-content\/uploads\/2025\/04\/avatar-alexandre-160x160.jpg\",\"contentUrl\":\"https:\/\/www.italpassion.fr\/wp-content\/uploads\/2025\/04\/avatar-alexandre-160x160.jpg\",\"caption\":\"Alexandre Filluzeau\"},\"description\":\"Fondateur du site ItalPassion, passionn\u00e9 de voitures italiennes et de l'Italie en g\u00e9n\u00e9ral. J'apporte un regard critique et technique aux actualit\u00e9s des marques italiennes quand cela est possible. Propri\u00e9taire d'une Maserati GranTurismo, Alfa Romeo MiTo, Lancia Fulvia et Ducati 695. Ex-propri\u00e9taire d'une Alfa Romeo Giulia.\",\"sameAs\":[\"https:\/\/www.italpassion.fr\/\"],\"url\":\"https:\/\/www.italpassion.fr\/pt\/author\/alexandre\/\"}]}<\/script>\n<!-- \/ Yoast SEO plugin. -->","yoast_head_json":{"title":"Ins\u00f3lito: transforma o seu Alfa Romeo Junior... num Milano! - ItalPassion","description":"Enquanto algumas pessoas se contentam em publicar orgulhosamente fotografias do seu novo Alfa Romeo Junior no Facebook, outras v\u00e3o mais longe... muito mais longe.","robots":{"index":"index","follow":"follow","max-snippet":"max-snippet:-1","max-image-preview":"max-image-preview:large","max-video-preview":"max-video-preview:-1"},"canonical":"https:\/\/www.italpassion.fr\/pt\/alfa-romeo\/invulgar-transforma-o-seu-alfa-romeo-junior-num-milano\/","og_locale":"pt_PT","og_type":"article","og_title":"Insolite : il transforme son Alfa Romeo Junior... en Milano ! - ItalPassion","og_description":"Quand certains se contentent de poster fi\u00e8rement la photo de leur nouvelle Alfa Romeo Junior sur Facebook, d\u2019autres vont plus loin\u2026 Beaucoup plus loin.","og_url":"https:\/\/www.italpassion.fr\/pt\/alfa-romeo\/invulgar-transforma-o-seu-alfa-romeo-junior-num-milano\/","og_site_name":"ItalPassion","article_publisher":"https:\/\/www.facebook.com\/italpassion","article_published_time":"2025-07-29T06:46:14+00:00","og_image":[{"width":1200,"height":800,"url":"https:\/\/www.italpassion.fr\/wp-content\/uploads\/2025\/07\/alfa-romeo-milano-blanc-2.jpg","type":"image\/jpeg"}],"author":"Alexandre Filluzeau","twitter_card":"summary_large_image","twitter_creator":"@italpassion","twitter_site":"@italpassion","schema":{"@context":"https:\/\/schema.org","@graph":[{"@type":"NewsArticle","@id":"https:\/\/www.italpassion.fr\/pt\/alfa-romeo\/insolite-il-transforme-son-alfa-romeo-junior-en-milano\/#article","isPartOf":{"@id":"https:\/\/www.italpassion.fr\/pt\/alfa-romeo\/insolite-il-transforme-son-alfa-romeo-junior-en-milano\/"},"author":{"name":"Alexandre Filluzeau","@id":"https:\/\/www.italpassion.fr\/pt\/#\/schema\/person\/36f747b2a759ca202d847e85a9434ca0"},"headline":"Insolite : il transforme son Alfa Romeo Junior&#8230; en Milano !","datePublished":"2025-07-29T06:46:14+00:00","mainEntityOfPage":{"@id":"https:\/\/www.italpassion.fr\/pt\/alfa-romeo\/insolite-il-transforme-son-alfa-romeo-junior-en-milano\/"},"wordCount":455,"commentCount":8,"publisher":{"@id":"https:\/\/www.italpassion.fr\/pt\/#organization"},"image":{"@id":"https:\/\/www.italpassion.fr\/pt\/alfa-romeo\/insolite-il-transforme-son-alfa-romeo-junior-en-milano\/#primaryimage"},"thumbnailUrl":"https:\/\/www.italpassion.fr\/wp-content\/uploads\/2025\/07\/alfa-romeo-milano-blanc-2.jpg","keywords":["Alfa Romeo Junior"],"articleSection":["Alfa Romeo"],"inLanguage":"pt-PT","potentialAction":[{"@type":"CommentAction","name":"Comment","target":["https:\/\/www.italpassion.fr\/pt\/alfa-romeo\/insolite-il-transforme-son-alfa-romeo-junior-en-milano\/#respond"]}]},{"@type":"WebPage","@id":"https:\/\/www.italpassion.fr\/pt\/alfa-romeo\/insolite-il-transforme-son-alfa-romeo-junior-en-milano\/","url":"https:\/\/www.italpassion.fr\/pt\/alfa-romeo\/insolite-il-transforme-son-alfa-romeo-junior-en-milano\/","name":"Ins\u00f3lito: transforma o seu Alfa Romeo Junior... num Milano! - ItalPassion","isPartOf":{"@id":"https:\/\/www.italpassion.fr\/pt\/#website"},"primaryImageOfPage":{"@id":"https:\/\/www.italpassion.fr\/pt\/alfa-romeo\/insolite-il-transforme-son-alfa-romeo-junior-en-milano\/#primaryimage"},"image":{"@id":"https:\/\/www.italpassion.fr\/pt\/alfa-romeo\/insolite-il-transforme-son-alfa-romeo-junior-en-milano\/#primaryimage"},"thumbnailUrl":"https:\/\/www.italpassion.fr\/wp-content\/uploads\/2025\/07\/alfa-romeo-milano-blanc-2.jpg","datePublished":"2025-07-29T06:46:14+00:00","description":"Enquanto algumas pessoas se contentam em publicar orgulhosamente fotografias do seu novo Alfa Romeo Junior no Facebook, outras v\u00e3o mais longe... muito mais longe.","breadcrumb":{"@id":"https:\/\/www.italpassion.fr\/pt\/alfa-romeo\/insolite-il-transforme-son-alfa-romeo-junior-en-milano\/#breadcrumb"},"inLanguage":"pt-PT","potentialAction":[{"@type":"ReadAction","target":["https:\/\/www.italpassion.fr\/pt\/alfa-romeo\/insolite-il-transforme-son-alfa-romeo-junior-en-milano\/"]}]},{"@type":"ImageObject","inLanguage":"pt-PT","@id":"https:\/\/www.italpassion.fr\/pt\/alfa-romeo\/insolite-il-transforme-son-alfa-romeo-junior-en-milano\/#primaryimage","url":"https:\/\/www.italpassion.fr\/wp-content\/uploads\/2025\/07\/alfa-romeo-milano-blanc-2.jpg","contentUrl":"https:\/\/www.italpassion.fr\/wp-content\/uploads\/2025\/07\/alfa-romeo-milano-blanc-2.jpg","width":1200,"height":800},{"@type":"BreadcrumbList","@id":"https:\/\/www.italpassion.fr\/pt\/alfa-romeo\/insolite-il-transforme-son-alfa-romeo-junior-en-milano\/#breadcrumb","itemListElement":[{"@type":"ListItem","position":1,"name":"Accueil","item":"https:\/\/www.italpassion.fr\/pt\/"},{"@type":"ListItem","position":2,"name":"Insolite : il transforme son Alfa Romeo Junior&#8230; en Milano !"}]},{"@type":"WebSite","@id":"https:\/\/www.italpassion.fr\/pt\/#website","url":"https:\/\/www.italpassion.fr\/pt\/","name":"ItalPassion","description":"Entusiastas de autom\u00f3veis italianos","publisher":{"@id":"https:\/\/www.italpassion.fr\/pt\/#organization"},"potentialAction":[{"@type":"SearchAction","target":{"@type":"EntryPoint","urlTemplate":"https:\/\/www.italpassion.fr\/pt\/?s={search_term_string}"},"query-input":{"@type":"PropertyValueSpecification","valueRequired":true,"valueName":"search_term_string"}}],"inLanguage":"pt-PT"},{"@type":"Organization","@id":"https:\/\/www.italpassion.fr\/pt\/#organization","name":"Italpassion","url":"https:\/\/www.italpassion.fr\/pt\/","logo":{"@type":"ImageObject","inLanguage":"pt-PT","@id":"https:\/\/www.italpassion.fr\/pt\/#\/schema\/logo\/image\/","url":"https:\/\/www.italpassion.fr\/wp-content\/uploads\/2023\/07\/italpassion-yoast.jpg","contentUrl":"https:\/\/www.italpassion.fr\/wp-content\/uploads\/2023\/07\/italpassion-yoast.jpg","width":696,"height":696,"caption":"Italpassion"},"image":{"@id":"https:\/\/www.italpassion.fr\/pt\/#\/schema\/logo\/image\/"},"sameAs":["https:\/\/www.facebook.com\/italpassion","https:\/\/x.com\/italpassion","https:\/\/www.instagram.com\/italpassionfr\/","https:\/\/www.youtube.com\/channel\/UCleq-ByQaA42OjhopwevRjQ","https:\/\/www.facebook.com\/italpassion.en\/","https:\/\/www.facebook.com\/italpassion.it\/","https:\/\/www.facebook.com\/italpassion.de\/","https:\/\/www.facebook.com\/italpassion.ja\/"]},{"@type":"Person","@id":"https:\/\/www.italpassion.fr\/pt\/#\/schema\/person\/36f747b2a759ca202d847e85a9434ca0","name":"Alexandre Filluzeau","image":{"@type":"ImageObject","inLanguage":"pt-PT","@id":"https:\/\/www.italpassion.fr\/pt\/#\/schema\/person\/image\/","url":"https:\/\/www.italpassion.fr\/wp-content\/uploads\/2025\/04\/avatar-alexandre-160x160.jpg","contentUrl":"https:\/\/www.italpassion.fr\/wp-content\/uploads\/2025\/04\/avatar-alexandre-160x160.jpg","caption":"Alexandre Filluzeau"},"description":"Fundador do site ItalPassion, apaixonado por carros italianos e pela It\u00e1lia em geral. Trago um olhar cr\u00edtico e t\u00e9cnico \u00e0s not\u00edcias das marcas italianas, sempre que poss\u00edvel. Propriet\u00e1ria de um Maserati GranTurismo, Alfa Romeo MiTo, Lancia Fulvia e Ducati 695. Ex-propriet\u00e1rio de uma Alfa Romeo Giulia.","sameAs":["https:\/\/www.italpassion.fr\/"],"url":"https:\/\/www.italpassion.fr\/pt\/author\/alexandre\/"}]}},"_links":{"self":[{"href":"https:\/\/www.italpassion.fr\/pt\/wp-json\/wp\/v2\/posts\/40067","targetHints":{"allow":["GET"]}}],"collection":[{"href":"https:\/\/www.italpassion.fr\/pt\/wp-json\/wp\/v2\/posts"}],"about":[{"href":"https:\/\/www.italpassion.fr\/pt\/wp-json\/wp\/v2\/types\/post"}],"author":[{"embeddable":true,"href":"https:\/\/www.italpassion.fr\/pt\/wp-json\/wp\/v2\/users\/1"}],"replies":[{"embeddable":true,"href":"https:\/\/www.italpassion.fr\/pt\/wp-json\/wp\/v2\/comments?post=40067"}],"version-history":[{"count":3,"href":"https:\/\/www.italpassion.fr\/pt\/wp-json\/wp\/v2\/posts\/40067\/revisions"}],"predecessor-version":[{"id":40153,"href":"https:\/\/www.italpassion.fr\/pt\/wp-json\/wp\/v2\/posts\/40067\/revisions\/40153"}],"wp:featuredmedia":[{"embeddable":true,"href":"https:\/\/www.italpassion.fr\/pt\/wp-json\/wp\/v2\/media\/40149"}],"wp:attachment":[{"href":"https:\/\/www.italpassion.fr\/pt\/wp-json\/wp\/v2\/media?parent=40067"}],"wp:term":[{"taxonomy":"category","embeddable":true,"href":"https:\/\/www.italpassion.fr\/pt\/wp-json\/wp\/v2\/categories?post=40067"},{"taxonomy":"post_tag","embeddable":true,"href":"https:\/\/www.italpassion.fr\/pt\/wp-json\/wp\/v2\/tags?post=40067"}],"curies":[{"name":"wp","href":"https:\/\/api.w.org\/{rel}","templated":true}]}}