{"id":40044,"date":"2025-07-24T10:35:19","date_gmt":"2025-07-24T08:35:19","guid":{"rendered":"https:\/\/www.italpassion.fr\/?p=40044"},"modified":"2025-07-24T10:35:19","modified_gmt":"2025-07-24T08:35:19","slug":"numeros-da-maserati-para-o-primeiro-semestre-de-2025-quando-e-que-a-marca-atinge-o-fundo-do-poco","status":"publish","type":"post","link":"https:\/\/www.italpassion.fr\/pt\/maserati\/chiffres-maserati-du-premier-semestre-2025-quand-est-ce-que-la-marque-aura-touche-le-fond\/","title":{"rendered":"N\u00fameros da Maserati para o primeiro semestre de 2025: quando \u00e9 que a marca atinge o fundo do po\u00e7o?"},"content":{"rendered":"<figure class=\"wp-block-image size-large\"><img loading=\"lazy\" decoding=\"async\" width=\"1024\" height=\"683\" src=\"https:\/\/www.italpassion.fr\/wp-content\/uploads\/2025\/03\/maserati-mc20-modene-1024x683.jpg\" alt=\"\" class=\"wp-image-37189\" srcset=\"https:\/\/www.italpassion.fr\/wp-content\/uploads\/2025\/03\/maserati-mc20-modene-1024x683.jpg 1024w, https:\/\/www.italpassion.fr\/wp-content\/uploads\/2025\/03\/maserati-mc20-modene-300x200.jpg 300w, https:\/\/www.italpassion.fr\/wp-content\/uploads\/2025\/03\/maserati-mc20-modene-768x512.jpg 768w, https:\/\/www.italpassion.fr\/wp-content\/uploads\/2025\/03\/maserati-mc20-modene-18x12.jpg 18w, https:\/\/www.italpassion.fr\/wp-content\/uploads\/2025\/03\/maserati-mc20-modene-561x374.jpg 561w, https:\/\/www.italpassion.fr\/wp-content\/uploads\/2025\/03\/maserati-mc20-modene-1122x748.jpg 1122w, https:\/\/www.italpassion.fr\/wp-content\/uploads\/2025\/03\/maserati-mc20-modene-265x177.jpg 265w, https:\/\/www.italpassion.fr\/wp-content\/uploads\/2025\/03\/maserati-mc20-modene-531x354.jpg 531w, https:\/\/www.italpassion.fr\/wp-content\/uploads\/2025\/03\/maserati-mc20-modene-364x243.jpg 364w, https:\/\/www.italpassion.fr\/wp-content\/uploads\/2025\/03\/maserati-mc20-modene-728x485.jpg 728w, https:\/\/www.italpassion.fr\/wp-content\/uploads\/2025\/03\/maserati-mc20-modene-608x405.jpg 608w, https:\/\/www.italpassion.fr\/wp-content\/uploads\/2025\/03\/maserati-mc20-modene-758x505.jpg 758w, https:\/\/www.italpassion.fr\/wp-content\/uploads\/2025\/03\/maserati-mc20-modene-1152x768.jpg 1152w, https:\/\/www.italpassion.fr\/wp-content\/uploads\/2025\/03\/maserati-mc20-modene.jpg 1200w\" sizes=\"auto, (max-width: 1024px) 100vw, 1024px\" \/><\/figure>\n\n\n\n<p>Desde o segundo semestre de 2023, <a href=\"https:\/\/www.italpassion.fr\/pt\/maserati\/\">Maserati<\/a> est\u00e1 a deslizar lenta mas seguramente para o fundo do ranking mundial de registos de marcas de luxo. Depois de <a href=\"https:\/\/www.italpassion.fr\/pt\/maserati\/a-maserati-apresenta-numeros-para-2024-a-marca-senfonce-no-vermelho-quando-ocorrera-o-eletrochoque\/\">2024 j\u00e1 est\u00e1 no vermelho<\/a>Infelizmente, a marca italiana confirma a tend\u00eancia em 2025, com um primeiro semestre catastr\u00f3fico: -32 % de matr\u00edculas nos 10 pa\u00edses mais importantes, ap\u00f3s uma queda de -31 % em 2024. <strong>Em dois anos, os volumes foram reduzidos para metade.<\/strong><\/p>\n\n\n\n<h2 class=\"wp-block-heading\">Uma queda acentuada em quase todos os pa\u00edses<\/h2>\n\n\n\n<p><strong>Todos os valores abaixo s\u00e3o recuperados pela Italpassion e requerem horas de trabalho. Obrigado por nos citar.<\/strong><\/p>\n\n\n\n<p>O mercado americano, historicamente o maior da marca, registou uma queda acentuada para 1.830 unidades, em compara\u00e7\u00e3o com 2.921 no mesmo per\u00edodo do ano passado, uma queda de 37 %. A It\u00e1lia, ber\u00e7o da Maserati, n\u00e3o foi exce\u00e7\u00e3o, com uma queda de vendas de 30 %, enquanto o Reino Unido caiu para 38 %. As \u00fanicas excep\u00e7\u00f5es dignas de nota s\u00e3o a Alemanha, que regista uma ligeira subida para +12 %, e a Fran\u00e7a, que progride timidamente (+7 %, mas com apenas... 48 matr\u00edculas em seis meses).<\/p>\n\n\n\n<p>A Su\u00ed\u00e7a \u00e9 um caso claro: menos 50 %, tal como o Jap\u00e3o (menos 36 %), a Espanha (menos 15 %) e a Austr\u00e1lia (menos 25 %). Mesmo a Turquia, que ainda era um pequeno mercado em crescimento em 2024, regista uma redu\u00e7\u00e3o de -8 %. Durante o primeiro semestre, a Maserati registou 4 328 registos, em compara\u00e7\u00e3o com 6 324 em 2024 e 9 194 em 2023.<\/p>\n\n\n\n<figure class=\"wp-block-table\"><table class=\"has-fixed-layout\"><thead><tr><th>Pa\u00eds<\/th><th>H1 2023<\/th><th>H1 2024<\/th><th>H1 2025<\/th><th>Alterar n-1<\/th><\/tr><\/thead><tbody><tr><td>Estados Unidos<\/td><td>3811<\/td><td>2921<\/td><td>1830<\/td><td>-37%<\/td><\/tr><tr><td>It\u00e1lia<\/td><td>2223<\/td><td>1445<\/td><td>1017<\/td><td>-30%<\/td><\/tr><tr><td>Jap\u00e3o<\/td><td>667<\/td><td>659<\/td><td>424<\/td><td>-36%<\/td><\/tr><tr><td>Alemanha<\/td><td>696<\/td><td>300<\/td><td>336<\/td><td>12%<\/td><\/tr><tr><td>Reino Unido<\/td><td>544<\/td><td>277<\/td><td>171<\/td><td>-38%<\/td><\/tr><tr><td>Su\u00ed\u00e7a<\/td><td>312<\/td><td>181<\/td><td>91<\/td><td>-50%<\/td><\/tr><tr><td>Austr\u00e1lia<\/td><td>319<\/td><td>200<\/td><td>151<\/td><td>-25%<\/td><\/tr><tr><td>Turquia<\/td><td>307<\/td><td>131<\/td><td>120<\/td><td>-8%<\/td><\/tr><tr><td>Espanha<\/td><td>245<\/td><td>165<\/td><td>140<\/td><td>-15%<\/td><\/tr><tr><td>Fran\u00e7a<\/td><td>70<\/td><td>45<\/td><td>48<\/td><td>7%<\/td><\/tr><tr><td><\/td><td>9194<\/td><td>6324<\/td><td>4328<\/td><td>-32%<\/td><\/tr><\/tbody><\/table><\/figure>\n\n\n\n<h2 class=\"wp-block-heading\">Mas bons produtos...<\/h2>\n\n\n\n<p>O paradoxo \u00e9 que a marca oferece v\u00e1rios modelos muito interessantes, nomeadamente para os amantes de carros desportivos:<\/p>\n\n\n\n<ul class=\"wp-block-list\">\n<li>O GT2 Stradale, a vers\u00e3o de estrada do carro de corrida GT2.<\/li>\n\n\n\n<li>O MCXtrema, um hipercarro extremo n\u00e3o homologado para a estrada, reservado a um punhado de coleccionadores.<\/li>\n\n\n\n<li>O MCPURA, um supercarro exclusivo produzido em Modena, \u00e9 um dos \u00faltimos sem um motor h\u00edbrido.<\/li>\n<\/ul>\n\n\n\n<p>Mas estes modelos s\u00e3o raros, caros e n\u00e3o contribuem para alterar a situa\u00e7\u00e3o comercial global da Maserati.<\/p>\n\n\n\n<h2 class=\"wp-block-heading\">Uma gama incoerente e mal posicionada<\/h2>\n\n\n\n<p>As verdadeiras dificuldades surgem na gama de consumidores:<\/p>\n\n\n\n<ul class=\"wp-block-list\">\n<li>A gama el\u00e9ctrica Folgore 100 % \u00e9 um fracasso.<\/li>\n\n\n\n<li>O SUV Grecale, que deveria ser um pilar do volume, continua a n\u00e3o ser proposto com um motor h\u00edbrido V6.<\/li>\n\n\n\n<li>Os novos Granturismo e Grancabrio, embora tecnicamente bem sucedidos, foram lan\u00e7ados a pre\u00e7os demasiado elevados. <a href=\"https:\/\/www.italpassion.fr\/pt\/maserati\/a-maserati-comeca-a-baixar-os-precos-de-alguns-modelos-da-sua-gama-2025\/\">Seguiram-se redu\u00e7\u00f5es de pre\u00e7os<\/a>Mas os estragos j\u00e1 tinham sido feitos.<\/li>\n\n\n\n<li>O desaparecimento do Ghibli, do Quattroporte e do Levante sem substitutos deixou tamb\u00e9m um vazio na gama Maserati.<\/li>\n<\/ul>\n\n\n\n<h2 class=\"wp-block-heading\">Um futuro vago... ou um futuro finalmente em constru\u00e7\u00e3o?<\/h2>\n\n\n\n<p>Perante esta situa\u00e7\u00e3o preocupante, o sil\u00eancio da Maserati nos \u00faltimos meses levanta quest\u00f5es. Foi-nos prometido um plano de recupera\u00e7\u00e3o desde o final de 2024. Inicialmente, era suposto ser em fevereiro de 2025. Foi adiado para o final de junho. Agora estamos no final de julho... e ainda n\u00e3o h\u00e1 um an\u00fancio oficial.<\/p>\n\n\n\n<p>No entanto, segundo as nossas informa\u00e7\u00f5es, um plano de produto foi apresentado internamente a alguns colaboradores da marca. Este plano deveria reorganizar a gama em torno de modelos mais adaptados \u00e0s expectativas do mercado e integrar motores h\u00edbridos.<\/p>\n\n\n\n<p>A produ\u00e7\u00e3o do Granturismo e do Grancabrio ser\u00e1 transferida para Modena at\u00e9 ao final de 2025, onde partilhar\u00e3o a linha com a MCPURA. Trata-se de uma forma de racionalizar os custos e de dar um novo significado \u00e0 produ\u00e7\u00e3o tradicional italiana.<\/p>\n\n\n\n<h2 class=\"wp-block-heading\">Poder\u00e1 a Maserati recuperar?<\/h2>\n\n\n\n<p>H\u00e1 todos os motivos para acreditar que a Maserati ainda n\u00e3o atingiu o fundo do po\u00e7o... mas que est\u00e1 a aproximar-se perigosamente. Em dois anos, o colapso das vendas foi real. Os erros estrat\u00e9gicos cometidos por Stellantis est\u00e3o a cobrar o seu pre\u00e7o: uma gama el\u00e9ctrica sem mercado, um SUV pouco potente, berlinas abandonadas, carros desportivos demasiado caros, etc. E a falta de comunica\u00e7\u00e3o n\u00e3o ajuda a tranquilizar os entusiastas nem os investidores.<\/p>","protected":false},"excerpt":{"rendered":"","protected":false},"author":1,"featured_media":37189,"comment_status":"open","ping_status":"open","sticky":false,"template":"","format":"standard","meta":{"_acf_changed":false,"_sitemap_exclude":false,"_sitemap_priority":"","_sitemap_frequency":"","footnotes":""},"categories":[27],"tags":[],"class_list":["post-40044","post","type-post","status-publish","format-standard","has-post-thumbnail","hentry","category-maserati","generate-columns","tablet-grid-50","mobile-grid-100","grid-parent","grid-33"],"acf":[],"yoast_head":"<!-- This site is optimized with the Yoast SEO plugin v25.8 - https:\/\/yoast.com\/wordpress\/plugins\/seo\/ -->\n<title>Chiffres Maserati du premier semestre 2025 : quand est-ce que la marque aura touch\u00e9 le fond ? - ItalPassion<\/title>\n<meta name=\"description\" content=\"Depuis la deuxi\u00e8me moiti\u00e9 de l\u2019ann\u00e9e 2023, Maserati glisse lentement, mais s\u00fbrement vers le fond du classement mondial des immatriculations des marques de\" \/>\n<meta name=\"robots\" content=\"index, follow, max-snippet:-1, max-image-preview:large, max-video-preview:-1\" \/>\n<link rel=\"canonical\" href=\"https:\/\/www.italpassion.fr\/pt\/maserati\/numeros-da-maserati-para-o-primeiro-semestre-de-2025-quando-e-que-a-marca-atinge-o-fundo-do-poco\/\" \/>\n<meta property=\"og:locale\" content=\"pt_PT\" \/>\n<meta property=\"og:type\" content=\"article\" \/>\n<meta property=\"og:title\" content=\"Chiffres Maserati du premier semestre 2025 : quand est-ce que la marque aura touch\u00e9 le fond ? - ItalPassion\" \/>\n<meta property=\"og:description\" content=\"Depuis la deuxi\u00e8me moiti\u00e9 de l\u2019ann\u00e9e 2023, Maserati glisse lentement, mais s\u00fbrement vers le fond du classement mondial des immatriculations des marques de\" \/>\n<meta property=\"og:url\" content=\"https:\/\/www.italpassion.fr\/pt\/maserati\/numeros-da-maserati-para-o-primeiro-semestre-de-2025-quando-e-que-a-marca-atinge-o-fundo-do-poco\/\" \/>\n<meta property=\"og:site_name\" content=\"ItalPassion\" \/>\n<meta property=\"article:publisher\" content=\"https:\/\/www.facebook.com\/italpassion\" \/>\n<meta property=\"article:published_time\" content=\"2025-07-24T08:35:19+00:00\" \/>\n<meta property=\"og:image\" content=\"https:\/\/www.italpassion.fr\/wp-content\/uploads\/2025\/03\/maserati-mc20-modene.jpg\" \/>\n\t<meta property=\"og:image:width\" content=\"1200\" \/>\n\t<meta property=\"og:image:height\" content=\"800\" \/>\n\t<meta property=\"og:image:type\" content=\"image\/jpeg\" \/>\n<meta name=\"author\" content=\"Alexandre Filluzeau\" \/>\n<meta name=\"twitter:card\" content=\"summary_large_image\" \/>\n<meta name=\"twitter:creator\" content=\"@italpassion\" \/>\n<meta name=\"twitter:site\" content=\"@italpassion\" \/>\n<script type=\"application\/ld+json\" class=\"yoast-schema-graph\">{\"@context\":\"https:\/\/schema.org\",\"@graph\":[{\"@type\":\"NewsArticle\",\"@id\":\"https:\/\/www.italpassion.fr\/pt\/maserati\/chiffres-maserati-du-premier-semestre-2025-quand-est-ce-que-la-marque-aura-touche-le-fond\/#article\",\"isPartOf\":{\"@id\":\"https:\/\/www.italpassion.fr\/pt\/maserati\/chiffres-maserati-du-premier-semestre-2025-quand-est-ce-que-la-marque-aura-touche-le-fond\/\"},\"author\":{\"name\":\"Alexandre Filluzeau\",\"@id\":\"https:\/\/www.italpassion.fr\/pt\/#\/schema\/person\/36f747b2a759ca202d847e85a9434ca0\"},\"headline\":\"Chiffres Maserati du premier semestre 2025 : quand est-ce que la marque aura touch\u00e9 le fond ?\",\"datePublished\":\"2025-07-24T08:35:19+00:00\",\"mainEntityOfPage\":{\"@id\":\"https:\/\/www.italpassion.fr\/pt\/maserati\/chiffres-maserati-du-premier-semestre-2025-quand-est-ce-que-la-marque-aura-touche-le-fond\/\"},\"wordCount\":672,\"commentCount\":18,\"publisher\":{\"@id\":\"https:\/\/www.italpassion.fr\/pt\/#organization\"},\"image\":{\"@id\":\"https:\/\/www.italpassion.fr\/pt\/maserati\/chiffres-maserati-du-premier-semestre-2025-quand-est-ce-que-la-marque-aura-touche-le-fond\/#primaryimage\"},\"thumbnailUrl\":\"https:\/\/www.italpassion.fr\/wp-content\/uploads\/2025\/03\/maserati-mc20-modene.jpg\",\"articleSection\":[\"Maserati\"],\"inLanguage\":\"pt-PT\",\"potentialAction\":[{\"@type\":\"CommentAction\",\"name\":\"Comment\",\"target\":[\"https:\/\/www.italpassion.fr\/pt\/maserati\/chiffres-maserati-du-premier-semestre-2025-quand-est-ce-que-la-marque-aura-touche-le-fond\/#respond\"]}]},{\"@type\":\"WebPage\",\"@id\":\"https:\/\/www.italpassion.fr\/pt\/maserati\/chiffres-maserati-du-premier-semestre-2025-quand-est-ce-que-la-marque-aura-touche-le-fond\/\",\"url\":\"https:\/\/www.italpassion.fr\/pt\/maserati\/chiffres-maserati-du-premier-semestre-2025-quand-est-ce-que-la-marque-aura-touche-le-fond\/\",\"name\":\"Chiffres Maserati du premier semestre 2025 : quand est-ce que la marque aura touch\u00e9 le fond ? - ItalPassion\",\"isPartOf\":{\"@id\":\"https:\/\/www.italpassion.fr\/pt\/#website\"},\"primaryImageOfPage\":{\"@id\":\"https:\/\/www.italpassion.fr\/pt\/maserati\/chiffres-maserati-du-premier-semestre-2025-quand-est-ce-que-la-marque-aura-touche-le-fond\/#primaryimage\"},\"image\":{\"@id\":\"https:\/\/www.italpassion.fr\/pt\/maserati\/chiffres-maserati-du-premier-semestre-2025-quand-est-ce-que-la-marque-aura-touche-le-fond\/#primaryimage\"},\"thumbnailUrl\":\"https:\/\/www.italpassion.fr\/wp-content\/uploads\/2025\/03\/maserati-mc20-modene.jpg\",\"datePublished\":\"2025-07-24T08:35:19+00:00\",\"description\":\"Depuis la deuxi\u00e8me moiti\u00e9 de l\u2019ann\u00e9e 2023, Maserati glisse lentement, mais s\u00fbrement vers le fond du classement mondial des immatriculations des marques de\",\"breadcrumb\":{\"@id\":\"https:\/\/www.italpassion.fr\/pt\/maserati\/chiffres-maserati-du-premier-semestre-2025-quand-est-ce-que-la-marque-aura-touche-le-fond\/#breadcrumb\"},\"inLanguage\":\"pt-PT\",\"potentialAction\":[{\"@type\":\"ReadAction\",\"target\":[\"https:\/\/www.italpassion.fr\/pt\/maserati\/chiffres-maserati-du-premier-semestre-2025-quand-est-ce-que-la-marque-aura-touche-le-fond\/\"]}]},{\"@type\":\"ImageObject\",\"inLanguage\":\"pt-PT\",\"@id\":\"https:\/\/www.italpassion.fr\/pt\/maserati\/chiffres-maserati-du-premier-semestre-2025-quand-est-ce-que-la-marque-aura-touche-le-fond\/#primaryimage\",\"url\":\"https:\/\/www.italpassion.fr\/wp-content\/uploads\/2025\/03\/maserati-mc20-modene.jpg\",\"contentUrl\":\"https:\/\/www.italpassion.fr\/wp-content\/uploads\/2025\/03\/maserati-mc20-modene.jpg\",\"width\":1200,\"height\":800},{\"@type\":\"BreadcrumbList\",\"@id\":\"https:\/\/www.italpassion.fr\/pt\/maserati\/chiffres-maserati-du-premier-semestre-2025-quand-est-ce-que-la-marque-aura-touche-le-fond\/#breadcrumb\",\"itemListElement\":[{\"@type\":\"ListItem\",\"position\":1,\"name\":\"Accueil\",\"item\":\"https:\/\/www.italpassion.fr\/pt\/\"},{\"@type\":\"ListItem\",\"position\":2,\"name\":\"Chiffres Maserati du premier semestre 2025 : quand est-ce que la marque aura touch\u00e9 le fond ?\"}]},{\"@type\":\"WebSite\",\"@id\":\"https:\/\/www.italpassion.fr\/pt\/#website\",\"url\":\"https:\/\/www.italpassion.fr\/pt\/\",\"name\":\"ItalPassion\",\"description\":\"Les Passionn\u00e9s d&#039;Automobiles Italiennes\",\"publisher\":{\"@id\":\"https:\/\/www.italpassion.fr\/pt\/#organization\"},\"potentialAction\":[{\"@type\":\"SearchAction\",\"target\":{\"@type\":\"EntryPoint\",\"urlTemplate\":\"https:\/\/www.italpassion.fr\/pt\/?s={search_term_string}\"},\"query-input\":{\"@type\":\"PropertyValueSpecification\",\"valueRequired\":true,\"valueName\":\"search_term_string\"}}],\"inLanguage\":\"pt-PT\"},{\"@type\":\"Organization\",\"@id\":\"https:\/\/www.italpassion.fr\/pt\/#organization\",\"name\":\"Italpassion\",\"url\":\"https:\/\/www.italpassion.fr\/pt\/\",\"logo\":{\"@type\":\"ImageObject\",\"inLanguage\":\"pt-PT\",\"@id\":\"https:\/\/www.italpassion.fr\/pt\/#\/schema\/logo\/image\/\",\"url\":\"https:\/\/www.italpassion.fr\/wp-content\/uploads\/2023\/07\/italpassion-yoast.jpg\",\"contentUrl\":\"https:\/\/www.italpassion.fr\/wp-content\/uploads\/2023\/07\/italpassion-yoast.jpg\",\"width\":696,\"height\":696,\"caption\":\"Italpassion\"},\"image\":{\"@id\":\"https:\/\/www.italpassion.fr\/pt\/#\/schema\/logo\/image\/\"},\"sameAs\":[\"https:\/\/www.facebook.com\/italpassion\",\"https:\/\/x.com\/italpassion\",\"https:\/\/www.instagram.com\/italpassionfr\/\",\"https:\/\/www.youtube.com\/channel\/UCleq-ByQaA42OjhopwevRjQ\",\"https:\/\/www.facebook.com\/italpassion.en\/\",\"https:\/\/www.facebook.com\/italpassion.it\/\",\"https:\/\/www.facebook.com\/italpassion.de\/\",\"https:\/\/www.facebook.com\/italpassion.ja\/\"]},{\"@type\":\"Person\",\"@id\":\"https:\/\/www.italpassion.fr\/pt\/#\/schema\/person\/36f747b2a759ca202d847e85a9434ca0\",\"name\":\"Alexandre Filluzeau\",\"image\":{\"@type\":\"ImageObject\",\"inLanguage\":\"pt-PT\",\"@id\":\"https:\/\/www.italpassion.fr\/pt\/#\/schema\/person\/image\/\",\"url\":\"https:\/\/www.italpassion.fr\/wp-content\/uploads\/2025\/04\/avatar-alexandre-160x160.jpg\",\"contentUrl\":\"https:\/\/www.italpassion.fr\/wp-content\/uploads\/2025\/04\/avatar-alexandre-160x160.jpg\",\"caption\":\"Alexandre Filluzeau\"},\"description\":\"Fondateur du site ItalPassion, passionn\u00e9 de voitures italiennes et de l'Italie en g\u00e9n\u00e9ral. J'apporte un regard critique et technique aux actualit\u00e9s des marques italiennes quand cela est possible. Propri\u00e9taire d'une Maserati GranTurismo, Alfa Romeo MiTo, Lancia Fulvia et Ducati 695. Ex-propri\u00e9taire d'une Alfa Romeo Giulia.\",\"sameAs\":[\"https:\/\/www.italpassion.fr\/\"],\"url\":\"https:\/\/www.italpassion.fr\/pt\/author\/alexandre\/\"}]}<\/script>\n<!-- \/ Yoast SEO plugin. -->","yoast_head_json":{"title":"N\u00fameros da Maserati para o primeiro semestre de 2025: quando \u00e9 que a marca ter\u00e1 atingido o fundo do po\u00e7o? - ItalPassion","description":"Desde o segundo semestre de 2023, a Maserati tem vindo a deslizar lenta mas seguramente para o fundo do ranking mundial de matr\u00edculas de marcas de autom\u00f3veis.","robots":{"index":"index","follow":"follow","max-snippet":"max-snippet:-1","max-image-preview":"max-image-preview:large","max-video-preview":"max-video-preview:-1"},"canonical":"https:\/\/www.italpassion.fr\/pt\/maserati\/numeros-da-maserati-para-o-primeiro-semestre-de-2025-quando-e-que-a-marca-atinge-o-fundo-do-poco\/","og_locale":"pt_PT","og_type":"article","og_title":"Chiffres Maserati du premier semestre 2025 : quand est-ce que la marque aura touch\u00e9 le fond ? - ItalPassion","og_description":"Depuis la deuxi\u00e8me moiti\u00e9 de l\u2019ann\u00e9e 2023, Maserati glisse lentement, mais s\u00fbrement vers le fond du classement mondial des immatriculations des marques de","og_url":"https:\/\/www.italpassion.fr\/pt\/maserati\/numeros-da-maserati-para-o-primeiro-semestre-de-2025-quando-e-que-a-marca-atinge-o-fundo-do-poco\/","og_site_name":"ItalPassion","article_publisher":"https:\/\/www.facebook.com\/italpassion","article_published_time":"2025-07-24T08:35:19+00:00","og_image":[{"width":1200,"height":800,"url":"https:\/\/www.italpassion.fr\/wp-content\/uploads\/2025\/03\/maserati-mc20-modene.jpg","type":"image\/jpeg"}],"author":"Alexandre Filluzeau","twitter_card":"summary_large_image","twitter_creator":"@italpassion","twitter_site":"@italpassion","schema":{"@context":"https:\/\/schema.org","@graph":[{"@type":"NewsArticle","@id":"https:\/\/www.italpassion.fr\/pt\/maserati\/chiffres-maserati-du-premier-semestre-2025-quand-est-ce-que-la-marque-aura-touche-le-fond\/#article","isPartOf":{"@id":"https:\/\/www.italpassion.fr\/pt\/maserati\/chiffres-maserati-du-premier-semestre-2025-quand-est-ce-que-la-marque-aura-touche-le-fond\/"},"author":{"name":"Alexandre Filluzeau","@id":"https:\/\/www.italpassion.fr\/pt\/#\/schema\/person\/36f747b2a759ca202d847e85a9434ca0"},"headline":"Chiffres Maserati du premier semestre 2025 : quand est-ce que la marque aura touch\u00e9 le fond ?","datePublished":"2025-07-24T08:35:19+00:00","mainEntityOfPage":{"@id":"https:\/\/www.italpassion.fr\/pt\/maserati\/chiffres-maserati-du-premier-semestre-2025-quand-est-ce-que-la-marque-aura-touche-le-fond\/"},"wordCount":672,"commentCount":18,"publisher":{"@id":"https:\/\/www.italpassion.fr\/pt\/#organization"},"image":{"@id":"https:\/\/www.italpassion.fr\/pt\/maserati\/chiffres-maserati-du-premier-semestre-2025-quand-est-ce-que-la-marque-aura-touche-le-fond\/#primaryimage"},"thumbnailUrl":"https:\/\/www.italpassion.fr\/wp-content\/uploads\/2025\/03\/maserati-mc20-modene.jpg","articleSection":["Maserati"],"inLanguage":"pt-PT","potentialAction":[{"@type":"CommentAction","name":"Comment","target":["https:\/\/www.italpassion.fr\/pt\/maserati\/chiffres-maserati-du-premier-semestre-2025-quand-est-ce-que-la-marque-aura-touche-le-fond\/#respond"]}]},{"@type":"WebPage","@id":"https:\/\/www.italpassion.fr\/pt\/maserati\/chiffres-maserati-du-premier-semestre-2025-quand-est-ce-que-la-marque-aura-touche-le-fond\/","url":"https:\/\/www.italpassion.fr\/pt\/maserati\/chiffres-maserati-du-premier-semestre-2025-quand-est-ce-que-la-marque-aura-touche-le-fond\/","name":"N\u00fameros da Maserati para o primeiro semestre de 2025: quando \u00e9 que a marca ter\u00e1 atingido o fundo do po\u00e7o? - ItalPassion","isPartOf":{"@id":"https:\/\/www.italpassion.fr\/pt\/#website"},"primaryImageOfPage":{"@id":"https:\/\/www.italpassion.fr\/pt\/maserati\/chiffres-maserati-du-premier-semestre-2025-quand-est-ce-que-la-marque-aura-touche-le-fond\/#primaryimage"},"image":{"@id":"https:\/\/www.italpassion.fr\/pt\/maserati\/chiffres-maserati-du-premier-semestre-2025-quand-est-ce-que-la-marque-aura-touche-le-fond\/#primaryimage"},"thumbnailUrl":"https:\/\/www.italpassion.fr\/wp-content\/uploads\/2025\/03\/maserati-mc20-modene.jpg","datePublished":"2025-07-24T08:35:19+00:00","description":"Desde o segundo semestre de 2023, a Maserati tem vindo a deslizar lenta mas seguramente para o fundo do ranking mundial de matr\u00edculas de marcas de autom\u00f3veis.","breadcrumb":{"@id":"https:\/\/www.italpassion.fr\/pt\/maserati\/chiffres-maserati-du-premier-semestre-2025-quand-est-ce-que-la-marque-aura-touche-le-fond\/#breadcrumb"},"inLanguage":"pt-PT","potentialAction":[{"@type":"ReadAction","target":["https:\/\/www.italpassion.fr\/pt\/maserati\/chiffres-maserati-du-premier-semestre-2025-quand-est-ce-que-la-marque-aura-touche-le-fond\/"]}]},{"@type":"ImageObject","inLanguage":"pt-PT","@id":"https:\/\/www.italpassion.fr\/pt\/maserati\/chiffres-maserati-du-premier-semestre-2025-quand-est-ce-que-la-marque-aura-touche-le-fond\/#primaryimage","url":"https:\/\/www.italpassion.fr\/wp-content\/uploads\/2025\/03\/maserati-mc20-modene.jpg","contentUrl":"https:\/\/www.italpassion.fr\/wp-content\/uploads\/2025\/03\/maserati-mc20-modene.jpg","width":1200,"height":800},{"@type":"BreadcrumbList","@id":"https:\/\/www.italpassion.fr\/pt\/maserati\/chiffres-maserati-du-premier-semestre-2025-quand-est-ce-que-la-marque-aura-touche-le-fond\/#breadcrumb","itemListElement":[{"@type":"ListItem","position":1,"name":"Accueil","item":"https:\/\/www.italpassion.fr\/pt\/"},{"@type":"ListItem","position":2,"name":"Chiffres Maserati du premier semestre 2025 : quand est-ce que la marque aura touch\u00e9 le fond ?"}]},{"@type":"WebSite","@id":"https:\/\/www.italpassion.fr\/pt\/#website","url":"https:\/\/www.italpassion.fr\/pt\/","name":"ItalPassion","description":"Entusiastas de autom\u00f3veis italianos","publisher":{"@id":"https:\/\/www.italpassion.fr\/pt\/#organization"},"potentialAction":[{"@type":"SearchAction","target":{"@type":"EntryPoint","urlTemplate":"https:\/\/www.italpassion.fr\/pt\/?s={search_term_string}"},"query-input":{"@type":"PropertyValueSpecification","valueRequired":true,"valueName":"search_term_string"}}],"inLanguage":"pt-PT"},{"@type":"Organization","@id":"https:\/\/www.italpassion.fr\/pt\/#organization","name":"Italpassion","url":"https:\/\/www.italpassion.fr\/pt\/","logo":{"@type":"ImageObject","inLanguage":"pt-PT","@id":"https:\/\/www.italpassion.fr\/pt\/#\/schema\/logo\/image\/","url":"https:\/\/www.italpassion.fr\/wp-content\/uploads\/2023\/07\/italpassion-yoast.jpg","contentUrl":"https:\/\/www.italpassion.fr\/wp-content\/uploads\/2023\/07\/italpassion-yoast.jpg","width":696,"height":696,"caption":"Italpassion"},"image":{"@id":"https:\/\/www.italpassion.fr\/pt\/#\/schema\/logo\/image\/"},"sameAs":["https:\/\/www.facebook.com\/italpassion","https:\/\/x.com\/italpassion","https:\/\/www.instagram.com\/italpassionfr\/","https:\/\/www.youtube.com\/channel\/UCleq-ByQaA42OjhopwevRjQ","https:\/\/www.facebook.com\/italpassion.en\/","https:\/\/www.facebook.com\/italpassion.it\/","https:\/\/www.facebook.com\/italpassion.de\/","https:\/\/www.facebook.com\/italpassion.ja\/"]},{"@type":"Person","@id":"https:\/\/www.italpassion.fr\/pt\/#\/schema\/person\/36f747b2a759ca202d847e85a9434ca0","name":"Alexandre Filluzeau","image":{"@type":"ImageObject","inLanguage":"pt-PT","@id":"https:\/\/www.italpassion.fr\/pt\/#\/schema\/person\/image\/","url":"https:\/\/www.italpassion.fr\/wp-content\/uploads\/2025\/04\/avatar-alexandre-160x160.jpg","contentUrl":"https:\/\/www.italpassion.fr\/wp-content\/uploads\/2025\/04\/avatar-alexandre-160x160.jpg","caption":"Alexandre Filluzeau"},"description":"Fundador do site ItalPassion, apaixonado por carros italianos e pela It\u00e1lia em geral. Trago um olhar cr\u00edtico e t\u00e9cnico \u00e0s not\u00edcias das marcas italianas, sempre que poss\u00edvel. Propriet\u00e1ria de um Maserati GranTurismo, Alfa Romeo MiTo, Lancia Fulvia e Ducati 695. Ex-propriet\u00e1rio de uma Alfa Romeo Giulia.","sameAs":["https:\/\/www.italpassion.fr\/"],"url":"https:\/\/www.italpassion.fr\/pt\/author\/alexandre\/"}]}},"_links":{"self":[{"href":"https:\/\/www.italpassion.fr\/pt\/wp-json\/wp\/v2\/posts\/40044","targetHints":{"allow":["GET"]}}],"collection":[{"href":"https:\/\/www.italpassion.fr\/pt\/wp-json\/wp\/v2\/posts"}],"about":[{"href":"https:\/\/www.italpassion.fr\/pt\/wp-json\/wp\/v2\/types\/post"}],"author":[{"embeddable":true,"href":"https:\/\/www.italpassion.fr\/pt\/wp-json\/wp\/v2\/users\/1"}],"replies":[{"embeddable":true,"href":"https:\/\/www.italpassion.fr\/pt\/wp-json\/wp\/v2\/comments?post=40044"}],"version-history":[{"count":1,"href":"https:\/\/www.italpassion.fr\/pt\/wp-json\/wp\/v2\/posts\/40044\/revisions"}],"predecessor-version":[{"id":40045,"href":"https:\/\/www.italpassion.fr\/pt\/wp-json\/wp\/v2\/posts\/40044\/revisions\/40045"}],"wp:featuredmedia":[{"embeddable":true,"href":"https:\/\/www.italpassion.fr\/pt\/wp-json\/wp\/v2\/media\/37189"}],"wp:attachment":[{"href":"https:\/\/www.italpassion.fr\/pt\/wp-json\/wp\/v2\/media?parent=40044"}],"wp:term":[{"taxonomy":"category","embeddable":true,"href":"https:\/\/www.italpassion.fr\/pt\/wp-json\/wp\/v2\/categories?post=40044"},{"taxonomy":"post_tag","embeddable":true,"href":"https:\/\/www.italpassion.fr\/pt\/wp-json\/wp\/v2\/tags?post=40044"}],"curies":[{"name":"wp","href":"https:\/\/api.w.org\/{rel}","templated":true}]}}