{"id":39073,"date":"2025-06-13T10:12:35","date_gmt":"2025-06-13T08:12:35","guid":{"rendered":"https:\/\/www.italpassion.fr\/?p=39073"},"modified":"2025-06-13T10:03:42","modified_gmt":"2025-06-13T08:03:42","slug":"a-abarth-actualiza-o-seu-suv-desportivo-de-185-cv-com-uma-grelha-inspirada-na-maserati","status":"publish","type":"post","link":"https:\/\/www.italpassion.fr\/pt\/abarth\/abarth-mets-a-jour-son-suv-sportif-de-185-ch-avec-une-calandre-inspiree-de-maserati\/","title":{"rendered":"A Abarth actualiza o seu SUV desportivo de 185 cv (com uma grelha inspirada no Maserati?)"},"content":{"rendered":"<figure class=\"wp-block-image size-full\"><img loading=\"lazy\" decoding=\"async\" width=\"1200\" height=\"800\" src=\"https:\/\/www.italpassion.fr\/wp-content\/uploads\/2025\/06\/abarth-pulse-1.jpg\" alt=\"\" class=\"wp-image-39078\" srcset=\"https:\/\/www.italpassion.fr\/wp-content\/uploads\/2025\/06\/abarth-pulse-1.jpg 1200w, https:\/\/www.italpassion.fr\/wp-content\/uploads\/2025\/06\/abarth-pulse-1-420x280.jpg 420w, https:\/\/www.italpassion.fr\/wp-content\/uploads\/2025\/06\/abarth-pulse-1-768x512.jpg 768w, https:\/\/www.italpassion.fr\/wp-content\/uploads\/2025\/06\/abarth-pulse-1-18x12.jpg 18w\" sizes=\"auto, (max-width: 1200px) 100vw, 1200px\" \/><\/figure>\n\n\n\n<p>Enquanto que na Europa, <a href=\"https:\/\/www.italpassion.fr\/pt\/abarth\/\">Abarth<\/a> A marca do escorpi\u00e3o est\u00e1 a tentar conquistar as pessoas com os seus 100 modelos el\u00e9ctricos % (o 500e e o rec\u00e9m-lan\u00e7ado 600e), que ainda n\u00e3o tiveram muito sucesso, mas a marca do escorpi\u00e3o continua a sua expans\u00e3o discretamente... no Brasil. E com algum sucesso! <strong>Ali, o Abarth Pulse, um pequeno SUV lan\u00e7ado em 2022, \u00e9 a personifica\u00e7\u00e3o perfeita do esp\u00edrito desportivo da marca. <\/strong>Para 2025, este modelo est\u00e1 a receber uma remodela\u00e7\u00e3o, com um design exterior reformulado, novas carater\u00edsticas tecnol\u00f3gicas e um interior mais requintado do que nunca.<\/p>\n\n\n\n<h2 class=\"wp-block-heading\">Uma grelha ao estilo do Maserati?<\/h2>\n\n\n\n<p>A primeira coisa que chama a aten\u00e7\u00e3o \u00e9 a nova dianteira do Pulse, que apresenta uma nova grelha superior com linhas verticais acentuadas em preto brilhante e vermelho, que lembrar\u00e1 imediatamente os f\u00e3s do design italiano de algo... Sim, a inspira\u00e7\u00e3o Maserati parece \u00f3bvia, mesmo que n\u00e3o seja reivindicada qualquer liga\u00e7\u00e3o oficial. Ser\u00e1 uma coincid\u00eancia ou um aceno \u00e0s marcas do Grupo Stellantis? O facto \u00e9 que este novo visual, combinado com um para-choques redesenhado, refor\u00e7a o car\u00e1cter agressivo e exclusivo do SUV.<\/p>\n\n\n\n<figure class=\"wp-block-image size-full\"><img loading=\"lazy\" decoding=\"async\" width=\"1200\" height=\"800\" src=\"https:\/\/www.italpassion.fr\/wp-content\/uploads\/2025\/06\/abarth-pulse-3.jpg\" alt=\"\" class=\"wp-image-39077\" srcset=\"https:\/\/www.italpassion.fr\/wp-content\/uploads\/2025\/06\/abarth-pulse-3.jpg 1200w, https:\/\/www.italpassion.fr\/wp-content\/uploads\/2025\/06\/abarth-pulse-3-420x280.jpg 420w, https:\/\/www.italpassion.fr\/wp-content\/uploads\/2025\/06\/abarth-pulse-3-768x512.jpg 768w, https:\/\/www.italpassion.fr\/wp-content\/uploads\/2025\/06\/abarth-pulse-3-18x12.jpg 18w\" sizes=\"auto, (max-width: 1200px) 100vw, 1200px\" \/><\/figure>\n\n\n\n<h2 class=\"wp-block-heading\">Mais desportivo, mais tecnol\u00f3gico<\/h2>\n\n\n\n<p>Mas a evolu\u00e7\u00e3o n\u00e3o se fica por aqui. <strong>O Pulse ganha um teto panor\u00e2mico, jantes espec\u00edficas de 18 polegadas em preto brilhante com detalhes vermelhos e um habit\u00e1culo decididamente premium: bancos desportivos el\u00e9ctricos com o log\u00f3tipo Abarth bordado, estofos com costuras vermelhas, painel de portas em vinil e volante em pele.<\/strong><\/p>\n\n\n\n<figure class=\"wp-block-image size-full\"><img loading=\"lazy\" decoding=\"async\" width=\"1200\" height=\"800\" src=\"https:\/\/www.italpassion.fr\/wp-content\/uploads\/2025\/06\/abarth-pulse-2.jpg\" alt=\"\" class=\"wp-image-39075\" srcset=\"https:\/\/www.italpassion.fr\/wp-content\/uploads\/2025\/06\/abarth-pulse-2.jpg 1200w, https:\/\/www.italpassion.fr\/wp-content\/uploads\/2025\/06\/abarth-pulse-2-420x280.jpg 420w, https:\/\/www.italpassion.fr\/wp-content\/uploads\/2025\/06\/abarth-pulse-2-768x512.jpg 768w, https:\/\/www.italpassion.fr\/wp-content\/uploads\/2025\/06\/abarth-pulse-2-18x12.jpg 18w\" sizes=\"auto, (max-width: 1200px) 100vw, 1200px\" \/><\/figure>\n\n\n\n<figure class=\"wp-block-image size-full\"><img loading=\"lazy\" decoding=\"async\" width=\"1200\" height=\"800\" src=\"https:\/\/www.italpassion.fr\/wp-content\/uploads\/2025\/06\/abarth-pulse-5.jpg\" alt=\"\" class=\"wp-image-39076\" srcset=\"https:\/\/www.italpassion.fr\/wp-content\/uploads\/2025\/06\/abarth-pulse-5.jpg 1200w, https:\/\/www.italpassion.fr\/wp-content\/uploads\/2025\/06\/abarth-pulse-5-420x280.jpg 420w, https:\/\/www.italpassion.fr\/wp-content\/uploads\/2025\/06\/abarth-pulse-5-768x512.jpg 768w, https:\/\/www.italpassion.fr\/wp-content\/uploads\/2025\/06\/abarth-pulse-5-18x12.jpg 18w\" sizes=\"auto, (max-width: 1200px) 100vw, 1200px\" \/><\/figure>\n\n\n\n<p>Sob o capot est\u00e1 o motor turbo T270 de 185 cv (270 Nm), associado a uma caixa autom\u00e1tica de 6 velocidades. Tudo isto permite-lhe acelerar dos 0 aos 100 km\/h em 7,6 segundos e atingir uma velocidade m\u00e1xima de 215 km\/h, tudo isto com um modo de condu\u00e7\u00e3o exclusivo denominado <strong>\"Veneno<\/strong>com uma resposta do acelerador ainda mais reactiva.<\/p>\n\n\n\n<figure class=\"wp-block-image size-full\"><img loading=\"lazy\" decoding=\"async\" width=\"1200\" height=\"800\" src=\"https:\/\/www.italpassion.fr\/wp-content\/uploads\/2025\/06\/abarth-pulse-moteur.jpg\" alt=\"\" class=\"wp-image-39079\" srcset=\"https:\/\/www.italpassion.fr\/wp-content\/uploads\/2025\/06\/abarth-pulse-moteur.jpg 1200w, https:\/\/www.italpassion.fr\/wp-content\/uploads\/2025\/06\/abarth-pulse-moteur-420x280.jpg 420w, https:\/\/www.italpassion.fr\/wp-content\/uploads\/2025\/06\/abarth-pulse-moteur-768x512.jpg 768w, https:\/\/www.italpassion.fr\/wp-content\/uploads\/2025\/06\/abarth-pulse-moteur-18x12.jpg 18w\" sizes=\"auto, (max-width: 1200px) 100vw, 1200px\" \/><\/figure>\n\n\n\n<figure class=\"wp-block-image size-full\"><img loading=\"lazy\" decoding=\"async\" width=\"1200\" height=\"800\" src=\"https:\/\/www.italpassion.fr\/wp-content\/uploads\/2025\/06\/abarth-pulse-arriere.jpg\" alt=\"\" class=\"wp-image-39081\" srcset=\"https:\/\/www.italpassion.fr\/wp-content\/uploads\/2025\/06\/abarth-pulse-arriere.jpg 1200w, https:\/\/www.italpassion.fr\/wp-content\/uploads\/2025\/06\/abarth-pulse-arriere-420x280.jpg 420w, https:\/\/www.italpassion.fr\/wp-content\/uploads\/2025\/06\/abarth-pulse-arriere-768x512.jpg 768w, https:\/\/www.italpassion.fr\/wp-content\/uploads\/2025\/06\/abarth-pulse-arriere-18x12.jpg 18w\" sizes=\"auto, (max-width: 1200px) 100vw, 1200px\" \/><\/figure>\n\n\n\n<h2 class=\"wp-block-heading\">Um SUV Abarth que tem tudo para dar certo... exceto que n\u00e3o vir\u00e1 para a Europa<\/h2>\n\n\n\n<p>O Pulse Abarth tamb\u00e9m possui uma gama abrangente de equipamentos de alta tecnologia: ecr\u00e3 t\u00e1til de 10,1\u2033, painel de instrumentos digital de 7\u2033, Apple CarPlay\/Android Auto, carregador de indu\u00e7\u00e3o, arranque remoto, climatiza\u00e7\u00e3o autom\u00e1tica, sensores de chuva\/luz, c\u00e2mara de marcha-atr\u00e1s, ajuda de estacionamento, travagem de emerg\u00eancia e aviso de sa\u00edda da faixa de rodagem.<\/p>\n\n\n\n<figure class=\"wp-block-image size-full\"><img loading=\"lazy\" decoding=\"async\" width=\"1200\" height=\"800\" src=\"https:\/\/www.italpassion.fr\/wp-content\/uploads\/2025\/06\/abarth-pulse-interieur-1.jpg\" alt=\"\" class=\"wp-image-39080\" srcset=\"https:\/\/www.italpassion.fr\/wp-content\/uploads\/2025\/06\/abarth-pulse-interieur-1.jpg 1200w, https:\/\/www.italpassion.fr\/wp-content\/uploads\/2025\/06\/abarth-pulse-interieur-1-420x280.jpg 420w, https:\/\/www.italpassion.fr\/wp-content\/uploads\/2025\/06\/abarth-pulse-interieur-1-768x512.jpg 768w, https:\/\/www.italpassion.fr\/wp-content\/uploads\/2025\/06\/abarth-pulse-interieur-1-18x12.jpg 18w\" sizes=\"auto, (max-width: 1200px) 100vw, 1200px\" \/><\/figure>\n\n\n\n<p>O pre\u00e7o? Cerca de 27.000 euros no Brasil (R$ 157.990), um pre\u00e7o muito competitivo tendo em conta as carater\u00edsticas oferecidas. Para relembrar, na Europa, um Abarth 500e custa 36.900 euros...<\/p>\n\n\n\n<h2 class=\"wp-block-heading\">E se a Abarth tivesse feito a escolha certa?<\/h2>\n\n\n\n<p>Perante o desinteresse crescente pelos carros el\u00e9ctricos urbanos, que s\u00e3o incomport\u00e1veis, e a procura persistente de modelos de combust\u00e3o interna de alto desempenho e a pre\u00e7os acess\u00edveis, n\u00e3o podemos deixar de pensar : <strong>Se ao menos este Pulse Abarth fosse vendido na Europa, poderia ser um verdadeiro sucesso.<\/strong> Encarna exatamente o que algumas pessoas ainda esperam do Abarth: um pequeno SUV divertido, musculado e bem equipado.<\/p>\n\n\n\n<p>Mas, por agora, temos de nos contentar com as fotografias... e sonhar com este SUV que combina o esp\u00edrito da Abarth com uma pitada de Maserati.<\/p>\n\n\n\n<figure class=\"wp-block-image size-full\"><img loading=\"lazy\" decoding=\"async\" width=\"1200\" height=\"800\" src=\"https:\/\/www.italpassion.fr\/wp-content\/uploads\/2025\/06\/abarth-pulse-9.jpg\" alt=\"\" class=\"wp-image-39082\" srcset=\"https:\/\/www.italpassion.fr\/wp-content\/uploads\/2025\/06\/abarth-pulse-9.jpg 1200w, https:\/\/www.italpassion.fr\/wp-content\/uploads\/2025\/06\/abarth-pulse-9-420x280.jpg 420w, https:\/\/www.italpassion.fr\/wp-content\/uploads\/2025\/06\/abarth-pulse-9-768x512.jpg 768w, https:\/\/www.italpassion.fr\/wp-content\/uploads\/2025\/06\/abarth-pulse-9-18x12.jpg 18w\" sizes=\"auto, (max-width: 1200px) 100vw, 1200px\" \/><\/figure>\n\n\n\n<figure class=\"wp-block-image size-full\"><img loading=\"lazy\" decoding=\"async\" width=\"1200\" height=\"800\" src=\"https:\/\/www.italpassion.fr\/wp-content\/uploads\/2025\/06\/abarth-pulse-8.jpg\" alt=\"\" class=\"wp-image-39083\" srcset=\"https:\/\/www.italpassion.fr\/wp-content\/uploads\/2025\/06\/abarth-pulse-8.jpg 1200w, https:\/\/www.italpassion.fr\/wp-content\/uploads\/2025\/06\/abarth-pulse-8-420x280.jpg 420w, https:\/\/www.italpassion.fr\/wp-content\/uploads\/2025\/06\/abarth-pulse-8-768x512.jpg 768w, https:\/\/www.italpassion.fr\/wp-content\/uploads\/2025\/06\/abarth-pulse-8-18x12.jpg 18w\" sizes=\"auto, (max-width: 1200px) 100vw, 1200px\" \/><\/figure>","protected":false},"excerpt":{"rendered":"","protected":false},"author":1,"featured_media":39078,"comment_status":"open","ping_status":"open","sticky":false,"template":"","format":"standard","meta":{"_acf_changed":false,"_sitemap_exclude":false,"_sitemap_priority":"","_sitemap_frequency":"","footnotes":""},"categories":[21],"tags":[480],"class_list":["post-39073","post","type-post","status-publish","format-standard","has-post-thumbnail","hentry","category-abarth","tag-abarth-pulse","generate-columns","tablet-grid-50","mobile-grid-100","grid-parent","grid-33"],"acf":[],"yoast_head":"<!-- This site is optimized with the Yoast SEO plugin v25.8 - https:\/\/yoast.com\/wordpress\/plugins\/seo\/ -->\n<title>Abarth mets \u00e0 jour son SUV sportif de 185 ch (avec une calandre inspir\u00e9e de Maserati ?) - ItalPassion<\/title>\n<meta name=\"description\" content=\"Alors qu\u2019en Europe, Abarth tente de s\u00e9duire avec ses mod\u00e8les 100 % \u00e9lectriques (la 500e et la r\u00e9cente 600e) au succ\u00e8s encore timide, la marque au scorpion\" \/>\n<meta name=\"robots\" content=\"index, follow, max-snippet:-1, max-image-preview:large, max-video-preview:-1\" \/>\n<link rel=\"canonical\" href=\"https:\/\/www.italpassion.fr\/pt\/abarth\/a-abarth-actualiza-o-seu-suv-desportivo-de-185-cv-com-uma-grelha-inspirada-na-maserati\/\" \/>\n<meta property=\"og:locale\" content=\"pt_PT\" \/>\n<meta property=\"og:type\" content=\"article\" \/>\n<meta property=\"og:title\" content=\"Abarth mets \u00e0 jour son SUV sportif de 185 ch (avec une calandre inspir\u00e9e de Maserati ?) - ItalPassion\" \/>\n<meta property=\"og:description\" content=\"Alors qu\u2019en Europe, Abarth tente de s\u00e9duire avec ses mod\u00e8les 100 % \u00e9lectriques (la 500e et la r\u00e9cente 600e) au succ\u00e8s encore timide, la marque au scorpion\" \/>\n<meta property=\"og:url\" content=\"https:\/\/www.italpassion.fr\/pt\/abarth\/a-abarth-actualiza-o-seu-suv-desportivo-de-185-cv-com-uma-grelha-inspirada-na-maserati\/\" \/>\n<meta property=\"og:site_name\" content=\"ItalPassion\" \/>\n<meta property=\"article:publisher\" content=\"https:\/\/www.facebook.com\/italpassion\" \/>\n<meta property=\"article:published_time\" content=\"2025-06-13T08:12:35+00:00\" \/>\n<meta property=\"og:image\" content=\"https:\/\/www.italpassion.fr\/wp-content\/uploads\/2025\/06\/abarth-pulse-1.jpg\" \/>\n\t<meta property=\"og:image:width\" content=\"1200\" \/>\n\t<meta property=\"og:image:height\" content=\"800\" \/>\n\t<meta property=\"og:image:type\" content=\"image\/jpeg\" \/>\n<meta name=\"author\" content=\"Alexandre Filluzeau\" \/>\n<meta name=\"twitter:card\" content=\"summary_large_image\" \/>\n<meta name=\"twitter:creator\" content=\"@italpassion\" \/>\n<meta name=\"twitter:site\" content=\"@italpassion\" \/>\n<script type=\"application\/ld+json\" class=\"yoast-schema-graph\">{\"@context\":\"https:\/\/schema.org\",\"@graph\":[{\"@type\":\"NewsArticle\",\"@id\":\"https:\/\/www.italpassion.fr\/pt\/abarth\/abarth-mets-a-jour-son-suv-sportif-de-185-ch-avec-une-calandre-inspiree-de-maserati\/#article\",\"isPartOf\":{\"@id\":\"https:\/\/www.italpassion.fr\/pt\/abarth\/abarth-mets-a-jour-son-suv-sportif-de-185-ch-avec-une-calandre-inspiree-de-maserati\/\"},\"author\":{\"name\":\"Alexandre Filluzeau\",\"@id\":\"https:\/\/www.italpassion.fr\/pt\/#\/schema\/person\/36f747b2a759ca202d847e85a9434ca0\"},\"headline\":\"Abarth mets \u00e0 jour son SUV sportif de 185 ch (avec une calandre inspir\u00e9e de Maserati ?)\",\"datePublished\":\"2025-06-13T08:12:35+00:00\",\"mainEntityOfPage\":{\"@id\":\"https:\/\/www.italpassion.fr\/pt\/abarth\/abarth-mets-a-jour-son-suv-sportif-de-185-ch-avec-une-calandre-inspiree-de-maserati\/\"},\"wordCount\":510,\"commentCount\":6,\"publisher\":{\"@id\":\"https:\/\/www.italpassion.fr\/pt\/#organization\"},\"image\":{\"@id\":\"https:\/\/www.italpassion.fr\/pt\/abarth\/abarth-mets-a-jour-son-suv-sportif-de-185-ch-avec-une-calandre-inspiree-de-maserati\/#primaryimage\"},\"thumbnailUrl\":\"https:\/\/www.italpassion.fr\/wp-content\/uploads\/2025\/06\/abarth-pulse-1.jpg\",\"keywords\":[\"Abarth Pulse\"],\"articleSection\":[\"Abarth\"],\"inLanguage\":\"pt-PT\",\"potentialAction\":[{\"@type\":\"CommentAction\",\"name\":\"Comment\",\"target\":[\"https:\/\/www.italpassion.fr\/pt\/abarth\/abarth-mets-a-jour-son-suv-sportif-de-185-ch-avec-une-calandre-inspiree-de-maserati\/#respond\"]}]},{\"@type\":\"WebPage\",\"@id\":\"https:\/\/www.italpassion.fr\/pt\/abarth\/abarth-mets-a-jour-son-suv-sportif-de-185-ch-avec-une-calandre-inspiree-de-maserati\/\",\"url\":\"https:\/\/www.italpassion.fr\/pt\/abarth\/abarth-mets-a-jour-son-suv-sportif-de-185-ch-avec-une-calandre-inspiree-de-maserati\/\",\"name\":\"Abarth mets \u00e0 jour son SUV sportif de 185 ch (avec une calandre inspir\u00e9e de Maserati ?) - ItalPassion\",\"isPartOf\":{\"@id\":\"https:\/\/www.italpassion.fr\/pt\/#website\"},\"primaryImageOfPage\":{\"@id\":\"https:\/\/www.italpassion.fr\/pt\/abarth\/abarth-mets-a-jour-son-suv-sportif-de-185-ch-avec-une-calandre-inspiree-de-maserati\/#primaryimage\"},\"image\":{\"@id\":\"https:\/\/www.italpassion.fr\/pt\/abarth\/abarth-mets-a-jour-son-suv-sportif-de-185-ch-avec-une-calandre-inspiree-de-maserati\/#primaryimage\"},\"thumbnailUrl\":\"https:\/\/www.italpassion.fr\/wp-content\/uploads\/2025\/06\/abarth-pulse-1.jpg\",\"datePublished\":\"2025-06-13T08:12:35+00:00\",\"description\":\"Alors qu\u2019en Europe, Abarth tente de s\u00e9duire avec ses mod\u00e8les 100 % \u00e9lectriques (la 500e et la r\u00e9cente 600e) au succ\u00e8s encore timide, la marque au scorpion\",\"breadcrumb\":{\"@id\":\"https:\/\/www.italpassion.fr\/pt\/abarth\/abarth-mets-a-jour-son-suv-sportif-de-185-ch-avec-une-calandre-inspiree-de-maserati\/#breadcrumb\"},\"inLanguage\":\"pt-PT\",\"potentialAction\":[{\"@type\":\"ReadAction\",\"target\":[\"https:\/\/www.italpassion.fr\/pt\/abarth\/abarth-mets-a-jour-son-suv-sportif-de-185-ch-avec-une-calandre-inspiree-de-maserati\/\"]}]},{\"@type\":\"ImageObject\",\"inLanguage\":\"pt-PT\",\"@id\":\"https:\/\/www.italpassion.fr\/pt\/abarth\/abarth-mets-a-jour-son-suv-sportif-de-185-ch-avec-une-calandre-inspiree-de-maserati\/#primaryimage\",\"url\":\"https:\/\/www.italpassion.fr\/wp-content\/uploads\/2025\/06\/abarth-pulse-1.jpg\",\"contentUrl\":\"https:\/\/www.italpassion.fr\/wp-content\/uploads\/2025\/06\/abarth-pulse-1.jpg\",\"width\":1200,\"height\":800},{\"@type\":\"BreadcrumbList\",\"@id\":\"https:\/\/www.italpassion.fr\/pt\/abarth\/abarth-mets-a-jour-son-suv-sportif-de-185-ch-avec-une-calandre-inspiree-de-maserati\/#breadcrumb\",\"itemListElement\":[{\"@type\":\"ListItem\",\"position\":1,\"name\":\"Accueil\",\"item\":\"https:\/\/www.italpassion.fr\/pt\/\"},{\"@type\":\"ListItem\",\"position\":2,\"name\":\"Abarth mets \u00e0 jour son SUV sportif de 185 ch (avec une calandre inspir\u00e9e de Maserati ?)\"}]},{\"@type\":\"WebSite\",\"@id\":\"https:\/\/www.italpassion.fr\/pt\/#website\",\"url\":\"https:\/\/www.italpassion.fr\/pt\/\",\"name\":\"ItalPassion\",\"description\":\"Les Passionn\u00e9s d&#039;Automobiles Italiennes\",\"publisher\":{\"@id\":\"https:\/\/www.italpassion.fr\/pt\/#organization\"},\"potentialAction\":[{\"@type\":\"SearchAction\",\"target\":{\"@type\":\"EntryPoint\",\"urlTemplate\":\"https:\/\/www.italpassion.fr\/pt\/?s={search_term_string}\"},\"query-input\":{\"@type\":\"PropertyValueSpecification\",\"valueRequired\":true,\"valueName\":\"search_term_string\"}}],\"inLanguage\":\"pt-PT\"},{\"@type\":\"Organization\",\"@id\":\"https:\/\/www.italpassion.fr\/pt\/#organization\",\"name\":\"Italpassion\",\"url\":\"https:\/\/www.italpassion.fr\/pt\/\",\"logo\":{\"@type\":\"ImageObject\",\"inLanguage\":\"pt-PT\",\"@id\":\"https:\/\/www.italpassion.fr\/pt\/#\/schema\/logo\/image\/\",\"url\":\"https:\/\/www.italpassion.fr\/wp-content\/uploads\/2023\/07\/italpassion-yoast.jpg\",\"contentUrl\":\"https:\/\/www.italpassion.fr\/wp-content\/uploads\/2023\/07\/italpassion-yoast.jpg\",\"width\":696,\"height\":696,\"caption\":\"Italpassion\"},\"image\":{\"@id\":\"https:\/\/www.italpassion.fr\/pt\/#\/schema\/logo\/image\/\"},\"sameAs\":[\"https:\/\/www.facebook.com\/italpassion\",\"https:\/\/x.com\/italpassion\",\"https:\/\/www.instagram.com\/italpassionfr\/\",\"https:\/\/www.youtube.com\/channel\/UCleq-ByQaA42OjhopwevRjQ\",\"https:\/\/www.facebook.com\/italpassion.en\/\",\"https:\/\/www.facebook.com\/italpassion.it\/\",\"https:\/\/www.facebook.com\/italpassion.de\/\",\"https:\/\/www.facebook.com\/italpassion.ja\/\"]},{\"@type\":\"Person\",\"@id\":\"https:\/\/www.italpassion.fr\/pt\/#\/schema\/person\/36f747b2a759ca202d847e85a9434ca0\",\"name\":\"Alexandre Filluzeau\",\"image\":{\"@type\":\"ImageObject\",\"inLanguage\":\"pt-PT\",\"@id\":\"https:\/\/www.italpassion.fr\/pt\/#\/schema\/person\/image\/\",\"url\":\"https:\/\/www.italpassion.fr\/wp-content\/uploads\/2025\/04\/avatar-alexandre-160x160.jpg\",\"contentUrl\":\"https:\/\/www.italpassion.fr\/wp-content\/uploads\/2025\/04\/avatar-alexandre-160x160.jpg\",\"caption\":\"Alexandre Filluzeau\"},\"description\":\"Fondateur du site ItalPassion, passionn\u00e9 de voitures italiennes et de l'Italie en g\u00e9n\u00e9ral. J'apporte un regard critique et technique aux actualit\u00e9s des marques italiennes quand cela est possible. Propri\u00e9taire d'une Maserati GranTurismo, Alfa Romeo MiTo, Lancia Fulvia et Ducati 695. Ex-propri\u00e9taire d'une Alfa Romeo Giulia.\",\"sameAs\":[\"https:\/\/www.italpassion.fr\/\"],\"url\":\"https:\/\/www.italpassion.fr\/pt\/author\/alexandre\/\"}]}<\/script>\n<!-- \/ Yoast SEO plugin. -->","yoast_head_json":{"title":"Abarth actualiza o seu SUV desportivo de 185 cv (com uma grelha inspirada no Maserati?) - ItalPassion","description":"Na Europa, a Abarth est\u00e1 a tentar conquistar clientes com os seus 100 modelos el\u00e9ctricos % (o 500e e o rec\u00e9m-lan\u00e7ado 600e), mas o sucesso destes modelos ainda \u00e9 hesitante.","robots":{"index":"index","follow":"follow","max-snippet":"max-snippet:-1","max-image-preview":"max-image-preview:large","max-video-preview":"max-video-preview:-1"},"canonical":"https:\/\/www.italpassion.fr\/pt\/abarth\/a-abarth-actualiza-o-seu-suv-desportivo-de-185-cv-com-uma-grelha-inspirada-na-maserati\/","og_locale":"pt_PT","og_type":"article","og_title":"Abarth mets \u00e0 jour son SUV sportif de 185 ch (avec une calandre inspir\u00e9e de Maserati ?) - ItalPassion","og_description":"Alors qu\u2019en Europe, Abarth tente de s\u00e9duire avec ses mod\u00e8les 100 % \u00e9lectriques (la 500e et la r\u00e9cente 600e) au succ\u00e8s encore timide, la marque au scorpion","og_url":"https:\/\/www.italpassion.fr\/pt\/abarth\/a-abarth-actualiza-o-seu-suv-desportivo-de-185-cv-com-uma-grelha-inspirada-na-maserati\/","og_site_name":"ItalPassion","article_publisher":"https:\/\/www.facebook.com\/italpassion","article_published_time":"2025-06-13T08:12:35+00:00","og_image":[{"width":1200,"height":800,"url":"https:\/\/www.italpassion.fr\/wp-content\/uploads\/2025\/06\/abarth-pulse-1.jpg","type":"image\/jpeg"}],"author":"Alexandre Filluzeau","twitter_card":"summary_large_image","twitter_creator":"@italpassion","twitter_site":"@italpassion","schema":{"@context":"https:\/\/schema.org","@graph":[{"@type":"NewsArticle","@id":"https:\/\/www.italpassion.fr\/pt\/abarth\/abarth-mets-a-jour-son-suv-sportif-de-185-ch-avec-une-calandre-inspiree-de-maserati\/#article","isPartOf":{"@id":"https:\/\/www.italpassion.fr\/pt\/abarth\/abarth-mets-a-jour-son-suv-sportif-de-185-ch-avec-une-calandre-inspiree-de-maserati\/"},"author":{"name":"Alexandre Filluzeau","@id":"https:\/\/www.italpassion.fr\/pt\/#\/schema\/person\/36f747b2a759ca202d847e85a9434ca0"},"headline":"Abarth mets \u00e0 jour son SUV sportif de 185 ch (avec une calandre inspir\u00e9e de Maserati ?)","datePublished":"2025-06-13T08:12:35+00:00","mainEntityOfPage":{"@id":"https:\/\/www.italpassion.fr\/pt\/abarth\/abarth-mets-a-jour-son-suv-sportif-de-185-ch-avec-une-calandre-inspiree-de-maserati\/"},"wordCount":510,"commentCount":6,"publisher":{"@id":"https:\/\/www.italpassion.fr\/pt\/#organization"},"image":{"@id":"https:\/\/www.italpassion.fr\/pt\/abarth\/abarth-mets-a-jour-son-suv-sportif-de-185-ch-avec-une-calandre-inspiree-de-maserati\/#primaryimage"},"thumbnailUrl":"https:\/\/www.italpassion.fr\/wp-content\/uploads\/2025\/06\/abarth-pulse-1.jpg","keywords":["Abarth Pulse"],"articleSection":["Abarth"],"inLanguage":"pt-PT","potentialAction":[{"@type":"CommentAction","name":"Comment","target":["https:\/\/www.italpassion.fr\/pt\/abarth\/abarth-mets-a-jour-son-suv-sportif-de-185-ch-avec-une-calandre-inspiree-de-maserati\/#respond"]}]},{"@type":"WebPage","@id":"https:\/\/www.italpassion.fr\/pt\/abarth\/abarth-mets-a-jour-son-suv-sportif-de-185-ch-avec-une-calandre-inspiree-de-maserati\/","url":"https:\/\/www.italpassion.fr\/pt\/abarth\/abarth-mets-a-jour-son-suv-sportif-de-185-ch-avec-une-calandre-inspiree-de-maserati\/","name":"Abarth actualiza o seu SUV desportivo de 185 cv (com uma grelha inspirada no Maserati?) - ItalPassion","isPartOf":{"@id":"https:\/\/www.italpassion.fr\/pt\/#website"},"primaryImageOfPage":{"@id":"https:\/\/www.italpassion.fr\/pt\/abarth\/abarth-mets-a-jour-son-suv-sportif-de-185-ch-avec-une-calandre-inspiree-de-maserati\/#primaryimage"},"image":{"@id":"https:\/\/www.italpassion.fr\/pt\/abarth\/abarth-mets-a-jour-son-suv-sportif-de-185-ch-avec-une-calandre-inspiree-de-maserati\/#primaryimage"},"thumbnailUrl":"https:\/\/www.italpassion.fr\/wp-content\/uploads\/2025\/06\/abarth-pulse-1.jpg","datePublished":"2025-06-13T08:12:35+00:00","description":"Na Europa, a Abarth est\u00e1 a tentar conquistar clientes com os seus 100 modelos el\u00e9ctricos % (o 500e e o rec\u00e9m-lan\u00e7ado 600e), mas o sucesso destes modelos ainda \u00e9 hesitante.","breadcrumb":{"@id":"https:\/\/www.italpassion.fr\/pt\/abarth\/abarth-mets-a-jour-son-suv-sportif-de-185-ch-avec-une-calandre-inspiree-de-maserati\/#breadcrumb"},"inLanguage":"pt-PT","potentialAction":[{"@type":"ReadAction","target":["https:\/\/www.italpassion.fr\/pt\/abarth\/abarth-mets-a-jour-son-suv-sportif-de-185-ch-avec-une-calandre-inspiree-de-maserati\/"]}]},{"@type":"ImageObject","inLanguage":"pt-PT","@id":"https:\/\/www.italpassion.fr\/pt\/abarth\/abarth-mets-a-jour-son-suv-sportif-de-185-ch-avec-une-calandre-inspiree-de-maserati\/#primaryimage","url":"https:\/\/www.italpassion.fr\/wp-content\/uploads\/2025\/06\/abarth-pulse-1.jpg","contentUrl":"https:\/\/www.italpassion.fr\/wp-content\/uploads\/2025\/06\/abarth-pulse-1.jpg","width":1200,"height":800},{"@type":"BreadcrumbList","@id":"https:\/\/www.italpassion.fr\/pt\/abarth\/abarth-mets-a-jour-son-suv-sportif-de-185-ch-avec-une-calandre-inspiree-de-maserati\/#breadcrumb","itemListElement":[{"@type":"ListItem","position":1,"name":"Accueil","item":"https:\/\/www.italpassion.fr\/pt\/"},{"@type":"ListItem","position":2,"name":"Abarth mets \u00e0 jour son SUV sportif de 185 ch (avec une calandre inspir\u00e9e de Maserati ?)"}]},{"@type":"WebSite","@id":"https:\/\/www.italpassion.fr\/pt\/#website","url":"https:\/\/www.italpassion.fr\/pt\/","name":"ItalPassion","description":"Entusiastas de autom\u00f3veis italianos","publisher":{"@id":"https:\/\/www.italpassion.fr\/pt\/#organization"},"potentialAction":[{"@type":"SearchAction","target":{"@type":"EntryPoint","urlTemplate":"https:\/\/www.italpassion.fr\/pt\/?s={search_term_string}"},"query-input":{"@type":"PropertyValueSpecification","valueRequired":true,"valueName":"search_term_string"}}],"inLanguage":"pt-PT"},{"@type":"Organization","@id":"https:\/\/www.italpassion.fr\/pt\/#organization","name":"Italpassion","url":"https:\/\/www.italpassion.fr\/pt\/","logo":{"@type":"ImageObject","inLanguage":"pt-PT","@id":"https:\/\/www.italpassion.fr\/pt\/#\/schema\/logo\/image\/","url":"https:\/\/www.italpassion.fr\/wp-content\/uploads\/2023\/07\/italpassion-yoast.jpg","contentUrl":"https:\/\/www.italpassion.fr\/wp-content\/uploads\/2023\/07\/italpassion-yoast.jpg","width":696,"height":696,"caption":"Italpassion"},"image":{"@id":"https:\/\/www.italpassion.fr\/pt\/#\/schema\/logo\/image\/"},"sameAs":["https:\/\/www.facebook.com\/italpassion","https:\/\/x.com\/italpassion","https:\/\/www.instagram.com\/italpassionfr\/","https:\/\/www.youtube.com\/channel\/UCleq-ByQaA42OjhopwevRjQ","https:\/\/www.facebook.com\/italpassion.en\/","https:\/\/www.facebook.com\/italpassion.it\/","https:\/\/www.facebook.com\/italpassion.de\/","https:\/\/www.facebook.com\/italpassion.ja\/"]},{"@type":"Person","@id":"https:\/\/www.italpassion.fr\/pt\/#\/schema\/person\/36f747b2a759ca202d847e85a9434ca0","name":"Alexandre Filluzeau","image":{"@type":"ImageObject","inLanguage":"pt-PT","@id":"https:\/\/www.italpassion.fr\/pt\/#\/schema\/person\/image\/","url":"https:\/\/www.italpassion.fr\/wp-content\/uploads\/2025\/04\/avatar-alexandre-160x160.jpg","contentUrl":"https:\/\/www.italpassion.fr\/wp-content\/uploads\/2025\/04\/avatar-alexandre-160x160.jpg","caption":"Alexandre Filluzeau"},"description":"Fundador do site ItalPassion, apaixonado por carros italianos e pela It\u00e1lia em geral. Trago um olhar cr\u00edtico e t\u00e9cnico \u00e0s not\u00edcias das marcas italianas, sempre que poss\u00edvel. Propriet\u00e1ria de um Maserati GranTurismo, Alfa Romeo MiTo, Lancia Fulvia e Ducati 695. Ex-propriet\u00e1rio de uma Alfa Romeo Giulia.","sameAs":["https:\/\/www.italpassion.fr\/"],"url":"https:\/\/www.italpassion.fr\/pt\/author\/alexandre\/"}]}},"_links":{"self":[{"href":"https:\/\/www.italpassion.fr\/pt\/wp-json\/wp\/v2\/posts\/39073","targetHints":{"allow":["GET"]}}],"collection":[{"href":"https:\/\/www.italpassion.fr\/pt\/wp-json\/wp\/v2\/posts"}],"about":[{"href":"https:\/\/www.italpassion.fr\/pt\/wp-json\/wp\/v2\/types\/post"}],"author":[{"embeddable":true,"href":"https:\/\/www.italpassion.fr\/pt\/wp-json\/wp\/v2\/users\/1"}],"replies":[{"embeddable":true,"href":"https:\/\/www.italpassion.fr\/pt\/wp-json\/wp\/v2\/comments?post=39073"}],"version-history":[{"count":2,"href":"https:\/\/www.italpassion.fr\/pt\/wp-json\/wp\/v2\/posts\/39073\/revisions"}],"predecessor-version":[{"id":39084,"href":"https:\/\/www.italpassion.fr\/pt\/wp-json\/wp\/v2\/posts\/39073\/revisions\/39084"}],"wp:featuredmedia":[{"embeddable":true,"href":"https:\/\/www.italpassion.fr\/pt\/wp-json\/wp\/v2\/media\/39078"}],"wp:attachment":[{"href":"https:\/\/www.italpassion.fr\/pt\/wp-json\/wp\/v2\/media?parent=39073"}],"wp:term":[{"taxonomy":"category","embeddable":true,"href":"https:\/\/www.italpassion.fr\/pt\/wp-json\/wp\/v2\/categories?post=39073"},{"taxonomy":"post_tag","embeddable":true,"href":"https:\/\/www.italpassion.fr\/pt\/wp-json\/wp\/v2\/tags?post=39073"}],"curies":[{"name":"wp","href":"https:\/\/api.w.org\/{rel}","templated":true}]}}