{"id":38823,"date":"2025-06-02T10:02:43","date_gmt":"2025-06-02T08:02:43","guid":{"rendered":"https:\/\/www.italpassion.fr\/?p=38823"},"modified":"2025-06-02T10:06:48","modified_gmt":"2025-06-02T08:06:48","slug":"estivemos-nos-dias-do-delta-aqui-estao-os-deltas-de-lancia-mais-espectaculares-em-imagens","status":"publish","type":"post","link":"https:\/\/www.italpassion.fr\/pt\/lancia\/on-etait-aux-delta-days-voici-les-lancia-delta-les-plus-spectaculaires-en-images\/","title":{"rendered":"Estivemos no Delta Days: aqui est\u00e3o as imagens mais espectaculares do Lancia Delta!"},"content":{"rendered":"<figure class=\"wp-block-image size-full\"><img loading=\"lazy\" decoding=\"async\" width=\"1200\" height=\"800\" src=\"https:\/\/www.italpassion.fr\/wp-content\/uploads\/2025\/06\/lancia-delta-days-thumn.jpg\" alt=\"\" class=\"wp-image-38840\" srcset=\"https:\/\/www.italpassion.fr\/wp-content\/uploads\/2025\/06\/lancia-delta-days-thumn.jpg 1200w, https:\/\/www.italpassion.fr\/wp-content\/uploads\/2025\/06\/lancia-delta-days-thumn-420x280.jpg 420w, https:\/\/www.italpassion.fr\/wp-content\/uploads\/2025\/06\/lancia-delta-days-thumn-768x512.jpg 768w, https:\/\/www.italpassion.fr\/wp-content\/uploads\/2025\/06\/lancia-delta-days-thumn-18x12.jpg 18w\" sizes=\"auto, (max-width: 1200px) 100vw, 1200px\" \/><\/figure>\n\n\n\n<p><strong>Criada em 2001, a Scuderia Lancia Int\u00e9grale, sediada no sudeste de Fran\u00e7a, organizou a primeira edi\u00e7\u00e3o dos \"Delta Days\", um grande encontro dedicado ao <a href=\"https:\/\/www.italpassion.fr\/pt\/lancia\/\">Lancia<\/a> Delta.<\/strong> Uma estreia deste lado dos Alpes. O cora\u00e7\u00e3o do encontro situa-se na comuna de Roquebilli\u00e8re, no vale de V\u00e9subie. No cora\u00e7\u00e3o desta terra de ralis, onde se situa o lend\u00e1rio Col du Turini, uma homenagem \u00e0 rainha do Grupo A era obrigat\u00f3ria.<\/p>\n\n\n\n<p><strong>Esperava-se que cerca de 120 autom\u00f3veis Lancia Delta participassem nesta primeira edi\u00e7\u00e3o.<\/strong> Por v\u00e1rias raz\u00f5es administrativas, a hist\u00f3rica subida do Col du Turini e os baptismos n\u00e3o puderam ter lugar, mas a Scuderia tenciona repetir este evento e torn\u00e1-lo maior. \u00c9 tudo o que podemos esperar, porque a qualidade dos carros em exposi\u00e7\u00e3o s\u00f3 \u00e9 igualada pela sua simpatia! <strong>Um dos participantes, o antigo piloto de ralis Raul Marchisio, esteve entre os que participaram no evento,<\/strong> bem conhecido dos jovens como o companheiro de GMK em numerosos v\u00eddeos.<\/p>\n\n\n\n<p>O Lancia Delta foi lan\u00e7ado em 1979. A berlina de classe tornou-se selvagem quando, em 1983, se lhe juntou a vers\u00e3o HF Turbo, em 1986 a HF 4WD e, em 1987, a HF Integral, que se tornou a ponta de lan\u00e7a da marca nos ralis ap\u00f3s o fim abrupto da categoria Grupo B. Este carro, por sua vez, sofreu uma s\u00e9rie de altera\u00e7\u00f5es, com a mudan\u00e7a para 16 v\u00e1lvulas em 1989, seguida pela \"Evoluzione 1\" em 1991 e pela \"Evoluzione 2\" em 1993. Nos ralis, o Delta chegou em 1985 na era do Grupo B com o S4, mas foi na era do Grupo A que o Delta escreveu a sua lenda, com t\u00edtulos de pilotos para Biasion (1988, 1989) e Kankkunen (1991), mas acima de tudo seis t\u00edtulos consecutivos de construtores entre 1987 e 1992.<\/p>\n\n\n\n<h2 class=\"wp-block-heading\">Eis alguns dos destaques do evento<\/h2>\n\n\n\n<p><strong>Este \u00e9 o carro do \"chefe\" Marco, um modelo que data de 1994, mas ainda na configura\u00e7\u00e3o Evolution 1, importado do Jap\u00e3o. <\/strong>A evolu\u00e7\u00e3o \u00e9 imediatamente vis\u00edvel nos guarda-lamas alargados e no spoiler traseiro no topo da porta da bagageira. A pintura e as decora\u00e7\u00f5es foram feitas em It\u00e1lia, enquanto o grupo propulsor recebeu algumas pequenas optimiza\u00e7\u00f5es para atingir 215 cv, quase tanto como o Evolution 2.<\/p>\n\n\n\n<figure class=\"wp-block-image size-full\"><img loading=\"lazy\" decoding=\"async\" width=\"1200\" height=\"800\" src=\"https:\/\/www.italpassion.fr\/wp-content\/uploads\/2025\/06\/lancia-delta-days-1.jpg\" alt=\"\" class=\"wp-image-38824\" srcset=\"https:\/\/www.italpassion.fr\/wp-content\/uploads\/2025\/06\/lancia-delta-days-1.jpg 1200w, https:\/\/www.italpassion.fr\/wp-content\/uploads\/2025\/06\/lancia-delta-days-1-420x280.jpg 420w, https:\/\/www.italpassion.fr\/wp-content\/uploads\/2025\/06\/lancia-delta-days-1-768x512.jpg 768w, https:\/\/www.italpassion.fr\/wp-content\/uploads\/2025\/06\/lancia-delta-days-1-18x12.jpg 18w\" sizes=\"auto, (max-width: 1200px) 100vw, 1200px\" \/><figcaption class=\"wp-element-caption\">Foto de Nicolas Anderbegani para a Italpassion<\/figcaption><\/figure>\n\n\n\n<figure class=\"wp-block-image size-full\"><img loading=\"lazy\" decoding=\"async\" width=\"1200\" height=\"800\" src=\"https:\/\/www.italpassion.fr\/wp-content\/uploads\/2025\/06\/lancia-delta-days-2.jpg\" alt=\"\" class=\"wp-image-38825\" srcset=\"https:\/\/www.italpassion.fr\/wp-content\/uploads\/2025\/06\/lancia-delta-days-2.jpg 1200w, https:\/\/www.italpassion.fr\/wp-content\/uploads\/2025\/06\/lancia-delta-days-2-420x280.jpg 420w, https:\/\/www.italpassion.fr\/wp-content\/uploads\/2025\/06\/lancia-delta-days-2-768x512.jpg 768w, https:\/\/www.italpassion.fr\/wp-content\/uploads\/2025\/06\/lancia-delta-days-2-18x12.jpg 18w\" sizes=\"auto, (max-width: 1200px) 100vw, 1200px\" \/><figcaption class=\"wp-element-caption\">Foto de Nicolas Anderbegani para a Italpassion<\/figcaption><\/figure>\n\n\n\n<figure class=\"wp-block-image size-full\"><img loading=\"lazy\" decoding=\"async\" width=\"1200\" height=\"800\" src=\"https:\/\/www.italpassion.fr\/wp-content\/uploads\/2025\/06\/lancia-delta-days-3.jpg\" alt=\"\" class=\"wp-image-38826\" srcset=\"https:\/\/www.italpassion.fr\/wp-content\/uploads\/2025\/06\/lancia-delta-days-3.jpg 1200w, https:\/\/www.italpassion.fr\/wp-content\/uploads\/2025\/06\/lancia-delta-days-3-420x280.jpg 420w, https:\/\/www.italpassion.fr\/wp-content\/uploads\/2025\/06\/lancia-delta-days-3-768x512.jpg 768w, https:\/\/www.italpassion.fr\/wp-content\/uploads\/2025\/06\/lancia-delta-days-3-18x12.jpg 18w\" sizes=\"auto, (max-width: 1200px) 100vw, 1200px\" \/><figcaption class=\"wp-element-caption\">Foto de Nicolas Anderbegani para a Italpassion<\/figcaption><\/figure>\n\n\n\n<p>Um Evolution 1 muito bom (210 cv \u00e0s 5.750 rpm e 300 Nm de bin\u00e1rio), <strong>com alguns pequenos toques de decalque e, sobretudo, uma bela tonalidade de azul-escuro,<\/strong> que n\u00e3o \u00e9 original e n\u00e3o constava do cat\u00e1logo na altura.<\/p>\n\n\n\n<figure class=\"wp-block-image size-full\"><img loading=\"lazy\" decoding=\"async\" width=\"1200\" height=\"800\" src=\"https:\/\/www.italpassion.fr\/wp-content\/uploads\/2025\/06\/lancia-delta-days-5.jpg\" alt=\"\" class=\"wp-image-38828\" srcset=\"https:\/\/www.italpassion.fr\/wp-content\/uploads\/2025\/06\/lancia-delta-days-5.jpg 1200w, https:\/\/www.italpassion.fr\/wp-content\/uploads\/2025\/06\/lancia-delta-days-5-420x280.jpg 420w, https:\/\/www.italpassion.fr\/wp-content\/uploads\/2025\/06\/lancia-delta-days-5-768x512.jpg 768w, https:\/\/www.italpassion.fr\/wp-content\/uploads\/2025\/06\/lancia-delta-days-5-18x12.jpg 18w\" sizes=\"auto, (max-width: 1200px) 100vw, 1200px\" \/><figcaption class=\"wp-element-caption\">Foto de Nicolas Anderbegani para a Italpassion<\/figcaption><\/figure>\n\n\n\n<figure class=\"wp-block-image size-full\"><img loading=\"lazy\" decoding=\"async\" width=\"1200\" height=\"800\" src=\"https:\/\/www.italpassion.fr\/wp-content\/uploads\/2025\/06\/lancia-delta-days-4.jpg\" alt=\"\" class=\"wp-image-38827\" srcset=\"https:\/\/www.italpassion.fr\/wp-content\/uploads\/2025\/06\/lancia-delta-days-4.jpg 1200w, https:\/\/www.italpassion.fr\/wp-content\/uploads\/2025\/06\/lancia-delta-days-4-420x280.jpg 420w, https:\/\/www.italpassion.fr\/wp-content\/uploads\/2025\/06\/lancia-delta-days-4-768x512.jpg 768w, https:\/\/www.italpassion.fr\/wp-content\/uploads\/2025\/06\/lancia-delta-days-4-18x12.jpg 18w\" sizes=\"auto, (max-width: 1200px) 100vw, 1200px\" \/><figcaption class=\"wp-element-caption\">Foto de Nicolas Anderbegani para a Italpassion<\/figcaption><\/figure>\n\n\n\n<p><strong>N\u00e3o pod\u00edamos deixar de ver este Delta Int\u00e9grale HF 16V \"Fina\", que participou simplesmente no Campeonato do Mundo de Ralis de 1991. <\/strong>Foi inscrito pelo Jolly Club, enquanto os carros Delta \"de f\u00e1brica\" tinham, obviamente, a famosa pintura Martini. Como se pode ver na porta, o n\u00ba 6, registado em Turim, foi conduzido por Didier Auriol e Bernard Occelli no Rali da Acr\u00f3pole, que terminou em 4\u00ba lugar. Este modelo pertence a Raul Marchisio. Logo \u00e0 frente est\u00e1 o HF Int\u00e9grale Evoluzione, que correu em 1992, o \u00faltimo ano de participa\u00e7\u00e3o oficial da Lancia no Campeonato do Mundo de Ralis.<\/p>\n\n\n\n<figure class=\"wp-block-image size-full\"><img loading=\"lazy\" decoding=\"async\" width=\"1200\" height=\"662\" src=\"https:\/\/www.italpassion.fr\/wp-content\/uploads\/2025\/06\/lancia-delta-days-6.jpg\" alt=\"\" class=\"wp-image-38829\" srcset=\"https:\/\/www.italpassion.fr\/wp-content\/uploads\/2025\/06\/lancia-delta-days-6.jpg 1200w, https:\/\/www.italpassion.fr\/wp-content\/uploads\/2025\/06\/lancia-delta-days-6-420x232.jpg 420w, https:\/\/www.italpassion.fr\/wp-content\/uploads\/2025\/06\/lancia-delta-days-6-768x424.jpg 768w, https:\/\/www.italpassion.fr\/wp-content\/uploads\/2025\/06\/lancia-delta-days-6-18x10.jpg 18w\" sizes=\"auto, (max-width: 1200px) 100vw, 1200px\" \/><figcaption class=\"wp-element-caption\">Foto de Nicolas Anderbegani para a Italpassion<\/figcaption><\/figure>\n\n\n\n<figure class=\"wp-block-image size-full\"><img loading=\"lazy\" decoding=\"async\" width=\"1200\" height=\"800\" src=\"https:\/\/www.italpassion.fr\/wp-content\/uploads\/2025\/06\/lancia-delta-days-7.jpg\" alt=\"\" class=\"wp-image-38830\" srcset=\"https:\/\/www.italpassion.fr\/wp-content\/uploads\/2025\/06\/lancia-delta-days-7.jpg 1200w, https:\/\/www.italpassion.fr\/wp-content\/uploads\/2025\/06\/lancia-delta-days-7-420x280.jpg 420w, https:\/\/www.italpassion.fr\/wp-content\/uploads\/2025\/06\/lancia-delta-days-7-768x512.jpg 768w, https:\/\/www.italpassion.fr\/wp-content\/uploads\/2025\/06\/lancia-delta-days-7-18x12.jpg 18w\" sizes=\"auto, (max-width: 1200px) 100vw, 1200px\" \/><\/figure>\n\n\n\n<p>\u00c9 um HF Int\u00e9grale \"Evoluzione\" de It\u00e1lia, muito bonito, com a mesma decora\u00e7\u00e3o, patrocinadores e design dos carros do Grupo A inscritos a partir de 1992, que se destacavam em particular pelos seus espelhos retrovisores aerodin\u00e2micos. No entanto, foram acrescentados deflectores de rodas \u00e0 frente.<\/p>\n\n\n\n<figure class=\"wp-block-image size-full\"><img loading=\"lazy\" decoding=\"async\" width=\"1200\" height=\"800\" src=\"https:\/\/www.italpassion.fr\/wp-content\/uploads\/2025\/06\/lancia-delta-days-9.jpg\" alt=\"\" class=\"wp-image-38831\" srcset=\"https:\/\/www.italpassion.fr\/wp-content\/uploads\/2025\/06\/lancia-delta-days-9.jpg 1200w, https:\/\/www.italpassion.fr\/wp-content\/uploads\/2025\/06\/lancia-delta-days-9-420x280.jpg 420w, https:\/\/www.italpassion.fr\/wp-content\/uploads\/2025\/06\/lancia-delta-days-9-768x512.jpg 768w, https:\/\/www.italpassion.fr\/wp-content\/uploads\/2025\/06\/lancia-delta-days-9-18x12.jpg 18w\" sizes=\"auto, (max-width: 1200px) 100vw, 1200px\" \/><figcaption class=\"wp-element-caption\">Foto de Nicolas Anderbegani para a Italpassion<\/figcaption><\/figure>\n\n\n\n<figure class=\"wp-block-image size-full\"><img loading=\"lazy\" decoding=\"async\" width=\"1200\" height=\"800\" src=\"https:\/\/www.italpassion.fr\/wp-content\/uploads\/2025\/06\/lancia-delta-days-10.jpg\" alt=\"\" class=\"wp-image-38832\" srcset=\"https:\/\/www.italpassion.fr\/wp-content\/uploads\/2025\/06\/lancia-delta-days-10.jpg 1200w, https:\/\/www.italpassion.fr\/wp-content\/uploads\/2025\/06\/lancia-delta-days-10-420x280.jpg 420w, https:\/\/www.italpassion.fr\/wp-content\/uploads\/2025\/06\/lancia-delta-days-10-768x512.jpg 768w, https:\/\/www.italpassion.fr\/wp-content\/uploads\/2025\/06\/lancia-delta-days-10-18x12.jpg 18w\" sizes=\"auto, (max-width: 1200px) 100vw, 1200px\" \/><figcaption class=\"wp-element-caption\">Foto de Nicolas Anderbegani para a Italpassion<\/figcaption><\/figure>\n\n\n\n<p><strong>O HF Int\u00e9grale Evoluzione estava em for\u00e7a, nas vers\u00f5es 1 ou 2, com uma grande variedade de cores,<\/strong> incluindo preto, vermelho e amarelo, alguns com interiores em pele. O Gialla Ginestra amarelo \u00e9 um Evo 2 e uma das \u00faltimas s\u00e9ries especiais produzidas. Apresenta vidros Solextra azulados e um interior mais rico e bem acabado. O branco \u00e9 uma s\u00e9rie especial para o \"5\u00ba Campe\u00e3o Mundial de Ralis\", comercializado desde o final de janeiro de 1992 para celebrar o quinto campeonato de construtores ganho pela Delta. Como lema principal, esta vers\u00e3o especial tinha decora\u00e7\u00e3o martini, bem como ar condicionado - sim, h\u00e1 um certo conforto no purismo - ABS e bancos dianteiros em tecido alc\u00e2ntara preto. <\/p>\n\n\n\n<figure class=\"wp-block-image size-full\"><img loading=\"lazy\" decoding=\"async\" width=\"1200\" height=\"800\" src=\"https:\/\/www.italpassion.fr\/wp-content\/uploads\/2025\/06\/lancia-delta-11.jpg\" alt=\"\" class=\"wp-image-38833\" srcset=\"https:\/\/www.italpassion.fr\/wp-content\/uploads\/2025\/06\/lancia-delta-11.jpg 1200w, https:\/\/www.italpassion.fr\/wp-content\/uploads\/2025\/06\/lancia-delta-11-420x280.jpg 420w, https:\/\/www.italpassion.fr\/wp-content\/uploads\/2025\/06\/lancia-delta-11-768x512.jpg 768w, https:\/\/www.italpassion.fr\/wp-content\/uploads\/2025\/06\/lancia-delta-11-18x12.jpg 18w\" sizes=\"auto, (max-width: 1200px) 100vw, 1200px\" \/><figcaption class=\"wp-element-caption\">Foto de Nicolas Anderbegani para a Italpassion<\/figcaption><\/figure>\n\n\n\n<figure class=\"wp-block-image size-full\"><img loading=\"lazy\" decoding=\"async\" width=\"1200\" height=\"800\" src=\"https:\/\/www.italpassion.fr\/wp-content\/uploads\/2025\/06\/lancia-delta-days-12.jpg\" alt=\"\" class=\"wp-image-38834\" srcset=\"https:\/\/www.italpassion.fr\/wp-content\/uploads\/2025\/06\/lancia-delta-days-12.jpg 1200w, https:\/\/www.italpassion.fr\/wp-content\/uploads\/2025\/06\/lancia-delta-days-12-420x280.jpg 420w, https:\/\/www.italpassion.fr\/wp-content\/uploads\/2025\/06\/lancia-delta-days-12-768x512.jpg 768w, https:\/\/www.italpassion.fr\/wp-content\/uploads\/2025\/06\/lancia-delta-days-12-18x12.jpg 18w\" sizes=\"auto, (max-width: 1200px) 100vw, 1200px\" \/><figcaption class=\"wp-element-caption\">Foto de Nicolas Anderbegani para a Italpassion<\/figcaption><\/figure>\n\n\n\n<figure class=\"wp-block-image size-full\"><img loading=\"lazy\" decoding=\"async\" width=\"1200\" height=\"800\" src=\"https:\/\/www.italpassion.fr\/wp-content\/uploads\/2025\/06\/lancia-delta-days.jpg\" alt=\"\" class=\"wp-image-38835\" srcset=\"https:\/\/www.italpassion.fr\/wp-content\/uploads\/2025\/06\/lancia-delta-days.jpg 1200w, https:\/\/www.italpassion.fr\/wp-content\/uploads\/2025\/06\/lancia-delta-days-420x280.jpg 420w, https:\/\/www.italpassion.fr\/wp-content\/uploads\/2025\/06\/lancia-delta-days-768x512.jpg 768w, https:\/\/www.italpassion.fr\/wp-content\/uploads\/2025\/06\/lancia-delta-days-18x12.jpg 18w\" sizes=\"auto, (max-width: 1200px) 100vw, 1200px\" \/><figcaption class=\"wp-element-caption\">Foto de Nicolas Anderbegani para a Italpassion<\/figcaption><\/figure>\n\n\n\n<figure class=\"wp-block-image size-full\"><img loading=\"lazy\" decoding=\"async\" width=\"1200\" height=\"800\" src=\"https:\/\/www.italpassion.fr\/wp-content\/uploads\/2025\/06\/lancia-delta-days-14.jpg\" alt=\"\" class=\"wp-image-38836\" srcset=\"https:\/\/www.italpassion.fr\/wp-content\/uploads\/2025\/06\/lancia-delta-days-14.jpg 1200w, https:\/\/www.italpassion.fr\/wp-content\/uploads\/2025\/06\/lancia-delta-days-14-420x280.jpg 420w, https:\/\/www.italpassion.fr\/wp-content\/uploads\/2025\/06\/lancia-delta-days-14-768x512.jpg 768w, https:\/\/www.italpassion.fr\/wp-content\/uploads\/2025\/06\/lancia-delta-days-14-18x12.jpg 18w\" sizes=\"auto, (max-width: 1200px) 100vw, 1200px\" \/><figcaption class=\"wp-element-caption\">Foto de Nicolas Anderbegani para a Italpassion<\/figcaption><\/figure>\n\n\n\n<p>De certa forma, o Delta HF Turbo abriu o caminho para a lenda, embora tenha sido posteriormente eclipsado pelo Int\u00e9grale. Na vers\u00e3o HF, o bloco de 1585cm3 atingia 130cv gra\u00e7as a este Garrett T3 Turbo, contra 105cv na sua vers\u00e3o de aspira\u00e7\u00e3o natural (o GT).<\/p>\n\n\n\n<p><strong>Este Lancia delta hf turbo ie est\u00e1 equipado com o famoso kit Martini Racing desenvolvido em 1984 pela Chardonnet,<\/strong> Um conhecido importador da Lancia e da Autobianchi: para al\u00e9m dos guarda-lamas e do kit aerodin\u00e2mico, apresenta os famosos tubos Martini Racing, incluindo no volante, e far\u00f3is duplos. <\/p>\n\n\n\n<figure class=\"wp-block-image size-full\"><img loading=\"lazy\" decoding=\"async\" width=\"1200\" height=\"800\" src=\"https:\/\/www.italpassion.fr\/wp-content\/uploads\/2025\/06\/lancia-delta-days-15.jpg\" alt=\"\" class=\"wp-image-38837\" srcset=\"https:\/\/www.italpassion.fr\/wp-content\/uploads\/2025\/06\/lancia-delta-days-15.jpg 1200w, https:\/\/www.italpassion.fr\/wp-content\/uploads\/2025\/06\/lancia-delta-days-15-420x280.jpg 420w, https:\/\/www.italpassion.fr\/wp-content\/uploads\/2025\/06\/lancia-delta-days-15-768x512.jpg 768w, https:\/\/www.italpassion.fr\/wp-content\/uploads\/2025\/06\/lancia-delta-days-15-18x12.jpg 18w\" sizes=\"auto, (max-width: 1200px) 100vw, 1200px\" \/><figcaption class=\"wp-element-caption\">Foto de Nicolas Anderbegani para a Italpassion<\/figcaption><\/figure>\n\n\n\n<figure class=\"wp-block-image size-full\"><img loading=\"lazy\" decoding=\"async\" width=\"1200\" height=\"800\" src=\"https:\/\/www.italpassion.fr\/wp-content\/uploads\/2025\/06\/lancia-delta-days-16.jpg\" alt=\"\" class=\"wp-image-38838\" srcset=\"https:\/\/www.italpassion.fr\/wp-content\/uploads\/2025\/06\/lancia-delta-days-16.jpg 1200w, https:\/\/www.italpassion.fr\/wp-content\/uploads\/2025\/06\/lancia-delta-days-16-420x280.jpg 420w, https:\/\/www.italpassion.fr\/wp-content\/uploads\/2025\/06\/lancia-delta-days-16-768x512.jpg 768w, https:\/\/www.italpassion.fr\/wp-content\/uploads\/2025\/06\/lancia-delta-days-16-18x12.jpg 18w\" sizes=\"auto, (max-width: 1200px) 100vw, 1200px\" \/><figcaption class=\"wp-element-caption\">Foto de Nicolas Anderbegani para a Italpassion<\/figcaption><\/figure>\n\n\n\n<p>De referir que, como os baptismos n\u00e3o puderam ser realizados, foram os membros do clube que se associaram \u00e0 associa\u00e7\u00e3o para passar um cheque de 2.000 euros \u00e0 ASBH, Association Nationale Spinda Bifida et Handicaps.<\/p>\n\n\n\n<figure class=\"wp-block-embed is-type-video is-provider-youtube wp-block-embed-youtube wp-embed-aspect-16-9 wp-has-aspect-ratio\"><div class=\"wp-block-embed__wrapper\">\n<iframe loading=\"lazy\" title=\"DIAS DO DELTA: O FESTIVAL LANCIA DELTA INTEGRALE NO DIA 06!\" width=\"1200\" height=\"675\" src=\"https:\/\/www.youtube-nocookie.com\/embed\/PkvkTPQ4D4A?feature=oembed\" frameborder=\"0\" allow=\"accelerometer; autoplay; clipboard-write; encrypted-media; gyroscope; picture-in-picture; web-share\" referrerpolicy=\"strict-origin-when-cross-origin\" allowfullscreen><\/iframe>\n<\/div><\/figure>","protected":false},"excerpt":{"rendered":"","protected":false},"author":8,"featured_media":38840,"comment_status":"open","ping_status":"open","sticky":false,"template":"","format":"standard","meta":{"_acf_changed":false,"_sitemap_exclude":false,"_sitemap_priority":"","_sitemap_frequency":"","footnotes":""},"categories":[26],"tags":[],"class_list":["post-38823","post","type-post","status-publish","format-standard","has-post-thumbnail","hentry","category-lancia","generate-columns","tablet-grid-50","mobile-grid-100","grid-parent","grid-33"],"acf":[],"yoast_head":"<!-- This site is optimized with the Yoast SEO plugin v25.8 - https:\/\/yoast.com\/wordpress\/plugins\/seo\/ -->\n<title>On \u00e9tait aux Delta Days : voici les Lancia Delta les plus spectaculaires en images ! - ItalPassion<\/title>\n<meta name=\"description\" content=\"Cr\u00e9\u00e9e en 2001, la Scuderia Lancia Int\u00e9grale, bas\u00e9e dans le sud-est de la France, organisait la premi\u00e8re \u00e9dition des \u00ab&nbsp;Delta Days&nbsp;\u00bb, un grand\" \/>\n<meta name=\"robots\" content=\"index, follow, max-snippet:-1, max-image-preview:large, max-video-preview:-1\" \/>\n<link rel=\"canonical\" href=\"https:\/\/www.italpassion.fr\/pt\/lancia\/estivemos-nos-dias-do-delta-aqui-estao-os-deltas-de-lancia-mais-espectaculares-em-imagens\/\" \/>\n<meta property=\"og:locale\" content=\"pt_PT\" \/>\n<meta property=\"og:type\" content=\"article\" \/>\n<meta property=\"og:title\" content=\"On \u00e9tait aux Delta Days : voici les Lancia Delta les plus spectaculaires en images ! - ItalPassion\" \/>\n<meta property=\"og:description\" content=\"Cr\u00e9\u00e9e en 2001, la Scuderia Lancia Int\u00e9grale, bas\u00e9e dans le sud-est de la France, organisait la premi\u00e8re \u00e9dition des \u00ab&nbsp;Delta Days&nbsp;\u00bb, un grand\" \/>\n<meta property=\"og:url\" content=\"https:\/\/www.italpassion.fr\/pt\/lancia\/estivemos-nos-dias-do-delta-aqui-estao-os-deltas-de-lancia-mais-espectaculares-em-imagens\/\" \/>\n<meta property=\"og:site_name\" content=\"ItalPassion\" \/>\n<meta property=\"article:publisher\" content=\"https:\/\/www.facebook.com\/italpassion\" \/>\n<meta property=\"article:published_time\" content=\"2025-06-02T08:02:43+00:00\" \/>\n<meta property=\"article:modified_time\" content=\"2025-06-02T08:06:48+00:00\" \/>\n<meta property=\"og:image\" content=\"https:\/\/www.italpassion.fr\/wp-content\/uploads\/2025\/06\/lancia-delta-days-thumn.jpg\" \/>\n\t<meta property=\"og:image:width\" content=\"1200\" \/>\n\t<meta property=\"og:image:height\" content=\"800\" \/>\n\t<meta property=\"og:image:type\" content=\"image\/jpeg\" \/>\n<meta name=\"author\" content=\"Nicolas Anderbegani\" \/>\n<meta name=\"twitter:card\" content=\"summary_large_image\" \/>\n<meta name=\"twitter:creator\" content=\"@italpassion\" \/>\n<meta name=\"twitter:site\" content=\"@italpassion\" \/>\n<script type=\"application\/ld+json\" class=\"yoast-schema-graph\">{\"@context\":\"https:\/\/schema.org\",\"@graph\":[{\"@type\":\"NewsArticle\",\"@id\":\"https:\/\/www.italpassion.fr\/pt\/lancia\/on-etait-aux-delta-days-voici-les-lancia-delta-les-plus-spectaculaires-en-images\/#article\",\"isPartOf\":{\"@id\":\"https:\/\/www.italpassion.fr\/pt\/lancia\/on-etait-aux-delta-days-voici-les-lancia-delta-les-plus-spectaculaires-en-images\/\"},\"author\":{\"name\":\"Nicolas Anderbegani\",\"@id\":\"https:\/\/www.italpassion.fr\/pt\/#\/schema\/person\/efd63d72fc8007741c5836a896805b04\"},\"headline\":\"On \u00e9tait aux Delta Days : voici les Lancia Delta les plus spectaculaires en images !\",\"datePublished\":\"2025-06-02T08:02:43+00:00\",\"dateModified\":\"2025-06-02T08:06:48+00:00\",\"mainEntityOfPage\":{\"@id\":\"https:\/\/www.italpassion.fr\/pt\/lancia\/on-etait-aux-delta-days-voici-les-lancia-delta-les-plus-spectaculaires-en-images\/\"},\"wordCount\":1032,\"commentCount\":0,\"publisher\":{\"@id\":\"https:\/\/www.italpassion.fr\/pt\/#organization\"},\"image\":{\"@id\":\"https:\/\/www.italpassion.fr\/pt\/lancia\/on-etait-aux-delta-days-voici-les-lancia-delta-les-plus-spectaculaires-en-images\/#primaryimage\"},\"thumbnailUrl\":\"https:\/\/www.italpassion.fr\/wp-content\/uploads\/2025\/06\/lancia-delta-days-thumn.jpg\",\"articleSection\":[\"Lancia\"],\"inLanguage\":\"pt-PT\",\"potentialAction\":[{\"@type\":\"CommentAction\",\"name\":\"Comment\",\"target\":[\"https:\/\/www.italpassion.fr\/pt\/lancia\/on-etait-aux-delta-days-voici-les-lancia-delta-les-plus-spectaculaires-en-images\/#respond\"]}]},{\"@type\":\"WebPage\",\"@id\":\"https:\/\/www.italpassion.fr\/pt\/lancia\/on-etait-aux-delta-days-voici-les-lancia-delta-les-plus-spectaculaires-en-images\/\",\"url\":\"https:\/\/www.italpassion.fr\/pt\/lancia\/on-etait-aux-delta-days-voici-les-lancia-delta-les-plus-spectaculaires-en-images\/\",\"name\":\"On \u00e9tait aux Delta Days : voici les Lancia Delta les plus spectaculaires en images ! - ItalPassion\",\"isPartOf\":{\"@id\":\"https:\/\/www.italpassion.fr\/pt\/#website\"},\"primaryImageOfPage\":{\"@id\":\"https:\/\/www.italpassion.fr\/pt\/lancia\/on-etait-aux-delta-days-voici-les-lancia-delta-les-plus-spectaculaires-en-images\/#primaryimage\"},\"image\":{\"@id\":\"https:\/\/www.italpassion.fr\/pt\/lancia\/on-etait-aux-delta-days-voici-les-lancia-delta-les-plus-spectaculaires-en-images\/#primaryimage\"},\"thumbnailUrl\":\"https:\/\/www.italpassion.fr\/wp-content\/uploads\/2025\/06\/lancia-delta-days-thumn.jpg\",\"datePublished\":\"2025-06-02T08:02:43+00:00\",\"dateModified\":\"2025-06-02T08:06:48+00:00\",\"description\":\"Cr\u00e9\u00e9e en 2001, la Scuderia Lancia Int\u00e9grale, bas\u00e9e dans le sud-est de la France, organisait la premi\u00e8re \u00e9dition des \u00ab&nbsp;Delta Days&nbsp;\u00bb, un grand\",\"breadcrumb\":{\"@id\":\"https:\/\/www.italpassion.fr\/pt\/lancia\/on-etait-aux-delta-days-voici-les-lancia-delta-les-plus-spectaculaires-en-images\/#breadcrumb\"},\"inLanguage\":\"pt-PT\",\"potentialAction\":[{\"@type\":\"ReadAction\",\"target\":[\"https:\/\/www.italpassion.fr\/pt\/lancia\/on-etait-aux-delta-days-voici-les-lancia-delta-les-plus-spectaculaires-en-images\/\"]}]},{\"@type\":\"ImageObject\",\"inLanguage\":\"pt-PT\",\"@id\":\"https:\/\/www.italpassion.fr\/pt\/lancia\/on-etait-aux-delta-days-voici-les-lancia-delta-les-plus-spectaculaires-en-images\/#primaryimage\",\"url\":\"https:\/\/www.italpassion.fr\/wp-content\/uploads\/2025\/06\/lancia-delta-days-thumn.jpg\",\"contentUrl\":\"https:\/\/www.italpassion.fr\/wp-content\/uploads\/2025\/06\/lancia-delta-days-thumn.jpg\",\"width\":1200,\"height\":800},{\"@type\":\"BreadcrumbList\",\"@id\":\"https:\/\/www.italpassion.fr\/pt\/lancia\/on-etait-aux-delta-days-voici-les-lancia-delta-les-plus-spectaculaires-en-images\/#breadcrumb\",\"itemListElement\":[{\"@type\":\"ListItem\",\"position\":1,\"name\":\"Accueil\",\"item\":\"https:\/\/www.italpassion.fr\/pt\/\"},{\"@type\":\"ListItem\",\"position\":2,\"name\":\"On \u00e9tait aux Delta Days : voici les Lancia Delta les plus spectaculaires en images !\"}]},{\"@type\":\"WebSite\",\"@id\":\"https:\/\/www.italpassion.fr\/pt\/#website\",\"url\":\"https:\/\/www.italpassion.fr\/pt\/\",\"name\":\"ItalPassion\",\"description\":\"Les Passionn\u00e9s d&#039;Automobiles Italiennes\",\"publisher\":{\"@id\":\"https:\/\/www.italpassion.fr\/pt\/#organization\"},\"potentialAction\":[{\"@type\":\"SearchAction\",\"target\":{\"@type\":\"EntryPoint\",\"urlTemplate\":\"https:\/\/www.italpassion.fr\/pt\/?s={search_term_string}\"},\"query-input\":{\"@type\":\"PropertyValueSpecification\",\"valueRequired\":true,\"valueName\":\"search_term_string\"}}],\"inLanguage\":\"pt-PT\"},{\"@type\":\"Organization\",\"@id\":\"https:\/\/www.italpassion.fr\/pt\/#organization\",\"name\":\"Italpassion\",\"url\":\"https:\/\/www.italpassion.fr\/pt\/\",\"logo\":{\"@type\":\"ImageObject\",\"inLanguage\":\"pt-PT\",\"@id\":\"https:\/\/www.italpassion.fr\/pt\/#\/schema\/logo\/image\/\",\"url\":\"https:\/\/www.italpassion.fr\/wp-content\/uploads\/2023\/07\/italpassion-yoast.jpg\",\"contentUrl\":\"https:\/\/www.italpassion.fr\/wp-content\/uploads\/2023\/07\/italpassion-yoast.jpg\",\"width\":696,\"height\":696,\"caption\":\"Italpassion\"},\"image\":{\"@id\":\"https:\/\/www.italpassion.fr\/pt\/#\/schema\/logo\/image\/\"},\"sameAs\":[\"https:\/\/www.facebook.com\/italpassion\",\"https:\/\/x.com\/italpassion\",\"https:\/\/www.instagram.com\/italpassionfr\/\",\"https:\/\/www.youtube.com\/channel\/UCleq-ByQaA42OjhopwevRjQ\",\"https:\/\/www.facebook.com\/italpassion.en\/\",\"https:\/\/www.facebook.com\/italpassion.it\/\",\"https:\/\/www.facebook.com\/italpassion.de\/\",\"https:\/\/www.facebook.com\/italpassion.ja\/\"]},{\"@type\":\"Person\",\"@id\":\"https:\/\/www.italpassion.fr\/pt\/#\/schema\/person\/efd63d72fc8007741c5836a896805b04\",\"name\":\"Nicolas Anderbegani\",\"image\":{\"@type\":\"ImageObject\",\"inLanguage\":\"pt-PT\",\"@id\":\"https:\/\/www.italpassion.fr\/pt\/#\/schema\/person\/image\/\",\"url\":\"https:\/\/www.italpassion.fr\/wp-content\/uploads\/2025\/05\/nicolas-anderbegani-160x160.jpg\",\"contentUrl\":\"https:\/\/www.italpassion.fr\/wp-content\/uploads\/2025\/05\/nicolas-anderbegani-160x160.jpg\",\"caption\":\"Nicolas Anderbegani\"},\"description\":\"Nicolas est passionn\u00e9 d\u2019histoire et de sport automobile. Il roule en Alfa Romeo Giulietta et vous partagera avec vous sa passion de l\u2019automobile italienne.\",\"url\":\"https:\/\/www.italpassion.fr\/pt\/author\/nicolas\/\"}]}<\/script>\n<!-- \/ Yoast SEO plugin. -->","yoast_head_json":{"title":"Estivemos no Delta Days: aqui est\u00e3o as fotos mais espectaculares do Lancia Delta! - ItalPassion","description":"Criada em 2001, a Scuderia Lancia Int\u00e9grale, sediada no sudeste de Fran\u00e7a, organizou a primeira edi\u00e7\u00e3o dos Delta Days, um evento de grande dimens\u00e3o","robots":{"index":"index","follow":"follow","max-snippet":"max-snippet:-1","max-image-preview":"max-image-preview:large","max-video-preview":"max-video-preview:-1"},"canonical":"https:\/\/www.italpassion.fr\/pt\/lancia\/estivemos-nos-dias-do-delta-aqui-estao-os-deltas-de-lancia-mais-espectaculares-em-imagens\/","og_locale":"pt_PT","og_type":"article","og_title":"On \u00e9tait aux Delta Days : voici les Lancia Delta les plus spectaculaires en images ! - ItalPassion","og_description":"Cr\u00e9\u00e9e en 2001, la Scuderia Lancia Int\u00e9grale, bas\u00e9e dans le sud-est de la France, organisait la premi\u00e8re \u00e9dition des \u00ab&nbsp;Delta Days&nbsp;\u00bb, un grand","og_url":"https:\/\/www.italpassion.fr\/pt\/lancia\/estivemos-nos-dias-do-delta-aqui-estao-os-deltas-de-lancia-mais-espectaculares-em-imagens\/","og_site_name":"ItalPassion","article_publisher":"https:\/\/www.facebook.com\/italpassion","article_published_time":"2025-06-02T08:02:43+00:00","article_modified_time":"2025-06-02T08:06:48+00:00","og_image":[{"width":1200,"height":800,"url":"https:\/\/www.italpassion.fr\/wp-content\/uploads\/2025\/06\/lancia-delta-days-thumn.jpg","type":"image\/jpeg"}],"author":"Nicolas Anderbegani","twitter_card":"summary_large_image","twitter_creator":"@italpassion","twitter_site":"@italpassion","schema":{"@context":"https:\/\/schema.org","@graph":[{"@type":"NewsArticle","@id":"https:\/\/www.italpassion.fr\/pt\/lancia\/on-etait-aux-delta-days-voici-les-lancia-delta-les-plus-spectaculaires-en-images\/#article","isPartOf":{"@id":"https:\/\/www.italpassion.fr\/pt\/lancia\/on-etait-aux-delta-days-voici-les-lancia-delta-les-plus-spectaculaires-en-images\/"},"author":{"name":"Nicolas Anderbegani","@id":"https:\/\/www.italpassion.fr\/pt\/#\/schema\/person\/efd63d72fc8007741c5836a896805b04"},"headline":"On \u00e9tait aux Delta Days : voici les Lancia Delta les plus spectaculaires en images !","datePublished":"2025-06-02T08:02:43+00:00","dateModified":"2025-06-02T08:06:48+00:00","mainEntityOfPage":{"@id":"https:\/\/www.italpassion.fr\/pt\/lancia\/on-etait-aux-delta-days-voici-les-lancia-delta-les-plus-spectaculaires-en-images\/"},"wordCount":1032,"commentCount":0,"publisher":{"@id":"https:\/\/www.italpassion.fr\/pt\/#organization"},"image":{"@id":"https:\/\/www.italpassion.fr\/pt\/lancia\/on-etait-aux-delta-days-voici-les-lancia-delta-les-plus-spectaculaires-en-images\/#primaryimage"},"thumbnailUrl":"https:\/\/www.italpassion.fr\/wp-content\/uploads\/2025\/06\/lancia-delta-days-thumn.jpg","articleSection":["Lancia"],"inLanguage":"pt-PT","potentialAction":[{"@type":"CommentAction","name":"Comment","target":["https:\/\/www.italpassion.fr\/pt\/lancia\/on-etait-aux-delta-days-voici-les-lancia-delta-les-plus-spectaculaires-en-images\/#respond"]}]},{"@type":"WebPage","@id":"https:\/\/www.italpassion.fr\/pt\/lancia\/on-etait-aux-delta-days-voici-les-lancia-delta-les-plus-spectaculaires-en-images\/","url":"https:\/\/www.italpassion.fr\/pt\/lancia\/on-etait-aux-delta-days-voici-les-lancia-delta-les-plus-spectaculaires-en-images\/","name":"Estivemos no Delta Days: aqui est\u00e3o as fotos mais espectaculares do Lancia Delta! - ItalPassion","isPartOf":{"@id":"https:\/\/www.italpassion.fr\/pt\/#website"},"primaryImageOfPage":{"@id":"https:\/\/www.italpassion.fr\/pt\/lancia\/on-etait-aux-delta-days-voici-les-lancia-delta-les-plus-spectaculaires-en-images\/#primaryimage"},"image":{"@id":"https:\/\/www.italpassion.fr\/pt\/lancia\/on-etait-aux-delta-days-voici-les-lancia-delta-les-plus-spectaculaires-en-images\/#primaryimage"},"thumbnailUrl":"https:\/\/www.italpassion.fr\/wp-content\/uploads\/2025\/06\/lancia-delta-days-thumn.jpg","datePublished":"2025-06-02T08:02:43+00:00","dateModified":"2025-06-02T08:06:48+00:00","description":"Criada em 2001, a Scuderia Lancia Int\u00e9grale, sediada no sudeste de Fran\u00e7a, organizou a primeira edi\u00e7\u00e3o dos Delta Days, um evento de grande dimens\u00e3o","breadcrumb":{"@id":"https:\/\/www.italpassion.fr\/pt\/lancia\/on-etait-aux-delta-days-voici-les-lancia-delta-les-plus-spectaculaires-en-images\/#breadcrumb"},"inLanguage":"pt-PT","potentialAction":[{"@type":"ReadAction","target":["https:\/\/www.italpassion.fr\/pt\/lancia\/on-etait-aux-delta-days-voici-les-lancia-delta-les-plus-spectaculaires-en-images\/"]}]},{"@type":"ImageObject","inLanguage":"pt-PT","@id":"https:\/\/www.italpassion.fr\/pt\/lancia\/on-etait-aux-delta-days-voici-les-lancia-delta-les-plus-spectaculaires-en-images\/#primaryimage","url":"https:\/\/www.italpassion.fr\/wp-content\/uploads\/2025\/06\/lancia-delta-days-thumn.jpg","contentUrl":"https:\/\/www.italpassion.fr\/wp-content\/uploads\/2025\/06\/lancia-delta-days-thumn.jpg","width":1200,"height":800},{"@type":"BreadcrumbList","@id":"https:\/\/www.italpassion.fr\/pt\/lancia\/on-etait-aux-delta-days-voici-les-lancia-delta-les-plus-spectaculaires-en-images\/#breadcrumb","itemListElement":[{"@type":"ListItem","position":1,"name":"Accueil","item":"https:\/\/www.italpassion.fr\/pt\/"},{"@type":"ListItem","position":2,"name":"On \u00e9tait aux Delta Days : voici les Lancia Delta les plus spectaculaires en images !"}]},{"@type":"WebSite","@id":"https:\/\/www.italpassion.fr\/pt\/#website","url":"https:\/\/www.italpassion.fr\/pt\/","name":"ItalPassion","description":"Entusiastas de autom\u00f3veis italianos","publisher":{"@id":"https:\/\/www.italpassion.fr\/pt\/#organization"},"potentialAction":[{"@type":"SearchAction","target":{"@type":"EntryPoint","urlTemplate":"https:\/\/www.italpassion.fr\/pt\/?s={search_term_string}"},"query-input":{"@type":"PropertyValueSpecification","valueRequired":true,"valueName":"search_term_string"}}],"inLanguage":"pt-PT"},{"@type":"Organization","@id":"https:\/\/www.italpassion.fr\/pt\/#organization","name":"Italpassion","url":"https:\/\/www.italpassion.fr\/pt\/","logo":{"@type":"ImageObject","inLanguage":"pt-PT","@id":"https:\/\/www.italpassion.fr\/pt\/#\/schema\/logo\/image\/","url":"https:\/\/www.italpassion.fr\/wp-content\/uploads\/2023\/07\/italpassion-yoast.jpg","contentUrl":"https:\/\/www.italpassion.fr\/wp-content\/uploads\/2023\/07\/italpassion-yoast.jpg","width":696,"height":696,"caption":"Italpassion"},"image":{"@id":"https:\/\/www.italpassion.fr\/pt\/#\/schema\/logo\/image\/"},"sameAs":["https:\/\/www.facebook.com\/italpassion","https:\/\/x.com\/italpassion","https:\/\/www.instagram.com\/italpassionfr\/","https:\/\/www.youtube.com\/channel\/UCleq-ByQaA42OjhopwevRjQ","https:\/\/www.facebook.com\/italpassion.en\/","https:\/\/www.facebook.com\/italpassion.it\/","https:\/\/www.facebook.com\/italpassion.de\/","https:\/\/www.facebook.com\/italpassion.ja\/"]},{"@type":"Person","@id":"https:\/\/www.italpassion.fr\/pt\/#\/schema\/person\/efd63d72fc8007741c5836a896805b04","name":"Nicolas Anderbegani","image":{"@type":"ImageObject","inLanguage":"pt-PT","@id":"https:\/\/www.italpassion.fr\/pt\/#\/schema\/person\/image\/","url":"https:\/\/www.italpassion.fr\/wp-content\/uploads\/2025\/05\/nicolas-anderbegani-160x160.jpg","contentUrl":"https:\/\/www.italpassion.fr\/wp-content\/uploads\/2025\/05\/nicolas-anderbegani-160x160.jpg","caption":"Nicolas Anderbegani"},"description":"O Nicolas \u00e9 um apaixonado pela hist\u00f3ria e pelo desporto autom\u00f3vel. Conduz um Alfa Romeo Giulietta e ter\u00e1 todo o prazer em partilhar consigo a sua paix\u00e3o pelos autom\u00f3veis italianos.","url":"https:\/\/www.italpassion.fr\/pt\/author\/nicolas\/"}]}},"_links":{"self":[{"href":"https:\/\/www.italpassion.fr\/pt\/wp-json\/wp\/v2\/posts\/38823","targetHints":{"allow":["GET"]}}],"collection":[{"href":"https:\/\/www.italpassion.fr\/pt\/wp-json\/wp\/v2\/posts"}],"about":[{"href":"https:\/\/www.italpassion.fr\/pt\/wp-json\/wp\/v2\/types\/post"}],"author":[{"embeddable":true,"href":"https:\/\/www.italpassion.fr\/pt\/wp-json\/wp\/v2\/users\/8"}],"replies":[{"embeddable":true,"href":"https:\/\/www.italpassion.fr\/pt\/wp-json\/wp\/v2\/comments?post=38823"}],"version-history":[{"count":3,"href":"https:\/\/www.italpassion.fr\/pt\/wp-json\/wp\/v2\/posts\/38823\/revisions"}],"predecessor-version":[{"id":38843,"href":"https:\/\/www.italpassion.fr\/pt\/wp-json\/wp\/v2\/posts\/38823\/revisions\/38843"}],"wp:featuredmedia":[{"embeddable":true,"href":"https:\/\/www.italpassion.fr\/pt\/wp-json\/wp\/v2\/media\/38840"}],"wp:attachment":[{"href":"https:\/\/www.italpassion.fr\/pt\/wp-json\/wp\/v2\/media?parent=38823"}],"wp:term":[{"taxonomy":"category","embeddable":true,"href":"https:\/\/www.italpassion.fr\/pt\/wp-json\/wp\/v2\/categories?post=38823"},{"taxonomy":"post_tag","embeddable":true,"href":"https:\/\/www.italpassion.fr\/pt\/wp-json\/wp\/v2\/tags?post=38823"}],"curies":[{"name":"wp","href":"https:\/\/api.w.org\/{rel}","templated":true}]}}