{"id":38778,"date":"2025-05-29T14:25:23","date_gmt":"2025-05-29T12:25:23","guid":{"rendered":"https:\/\/www.italpassion.fr\/?p=38778"},"modified":"2025-05-29T14:25:23","modified_gmt":"2025-05-29T12:25:23","slug":"estaciona-o-seu-lamborghini-num-espaco-para-deficientes-e-e-criticado-e-insultado","status":"publish","type":"post","link":"https:\/\/www.italpassion.fr\/pt\/lamborghini\/il-gare-sa-lamborghini-sur-une-place-handicape-se-fait-critiquer-insulter-et-pourtant\/","title":{"rendered":"Estaciona o seu Lamborghini num lugar reservado a deficientes, \u00e9 criticado e insultado e, no entanto..."},"content":{"rendered":"<p><strong>Nas redes sociais, a indigna\u00e7\u00e3o pode ser avassaladora. E por vezes... totalmente injusta. <\/strong>Foi exatamente o que aconteceu h\u00e1 alguns dias, quando um homem foi violentamente criticado por ter estacionado o seu <a href=\"https:\/\/www.italpassion.fr\/pt\/lamborghini\/\">Lamborghini<\/a> num espa\u00e7o reservado a deficientes. Julgado numa quest\u00e3o de segundos e insultado de imediato, esclareceu a situa\u00e7\u00e3o.<\/p>\n\n\n\n<h2 class=\"wp-block-heading\">Um supercarro num quadrado azul, e a indigna\u00e7\u00e3o explode<\/h2>\n\n\n\n<figure class=\"wp-block-image size-full\"><img loading=\"lazy\" decoding=\"async\" width=\"1200\" height=\"800\" src=\"https:\/\/www.italpassion.fr\/wp-content\/uploads\/2025\/05\/lamborghini-handicap.jpg\" alt=\"\" class=\"wp-image-38779\" srcset=\"https:\/\/www.italpassion.fr\/wp-content\/uploads\/2025\/05\/lamborghini-handicap.jpg 1200w, https:\/\/www.italpassion.fr\/wp-content\/uploads\/2025\/05\/lamborghini-handicap-420x280.jpg 420w, https:\/\/www.italpassion.fr\/wp-content\/uploads\/2025\/05\/lamborghini-handicap-768x512.jpg 768w, https:\/\/www.italpassion.fr\/wp-content\/uploads\/2025\/05\/lamborghini-handicap-18x12.jpg 18w\" sizes=\"auto, (max-width: 1200px) 100vw, 1200px\" \/><\/figure>\n\n\n\n<p>A cena foi captada numa fotografia e depois difundida amplamente no Facebook, Instagram e Reddit : <em>um Lamborghini Hurac\u00e1n orgulhosamente parado num lugar de estacionamento para deficientes.<\/em> Foi o que bastou para desencadear uma avalanche de coment\u00e1rios.<\/p>\n\n\n\n<p>\"Mais um rica\u00e7o que pensa que pode escapar impune a tudo\", \"A s\u00e9rio? Que ego\u00edsmo!\", \"Devia ser multado num valor recorde\"... Os internautas n\u00e3o tardaram a condenar, imaginando um propriet\u00e1rio arrogante, despreocupado e at\u00e9 desdenhoso. Mas, como acontece frequentemente, a verdade \u00e9 mais complexa do que as apar\u00eancias.<\/p>\n\n\n\n<h2 class=\"wp-block-heading\">A resposta do propriet\u00e1rio: um tiro que deixou toda a gente em alvoro\u00e7o<\/h2>\n\n\n\n<p>\u00c0 medida que a pol\u00e9mica aumentava, o propriet\u00e1rio do supercarro decidiu responder. E f\u00ea-lo com uma fotografia que p\u00f4s fim ao debate. Mostra-o deitado ao lado do seu Lamborghini, exibindo n\u00e3o s\u00f3 um cart\u00e3o de estacionamento para deficientes... mas tamb\u00e9m a sua perna prost\u00e9tica. Por baixo da imagem est\u00e1 uma legenda arrepiante e ir\u00f3nica: <strong>\"Uma fotografia para todos os meus f\u00e3s.\"<\/strong><\/p>\n\n\n\n<figure class=\"wp-block-image size-full\"><img loading=\"lazy\" decoding=\"async\" width=\"1200\" height=\"900\" src=\"https:\/\/www.italpassion.fr\/wp-content\/uploads\/2025\/05\/lamborghini-handicap-2.jpg\" alt=\"\" class=\"wp-image-38780\" srcset=\"https:\/\/www.italpassion.fr\/wp-content\/uploads\/2025\/05\/lamborghini-handicap-2.jpg 1200w, https:\/\/www.italpassion.fr\/wp-content\/uploads\/2025\/05\/lamborghini-handicap-2-420x315.jpg 420w, https:\/\/www.italpassion.fr\/wp-content\/uploads\/2025\/05\/lamborghini-handicap-2-768x576.jpg 768w, https:\/\/www.italpassion.fr\/wp-content\/uploads\/2025\/05\/lamborghini-handicap-2-16x12.jpg 16w\" sizes=\"auto, (max-width: 1200px) 100vw, 1200px\" \/><\/figure>\n\n\n\n<p>A publica\u00e7\u00e3o virou a opini\u00e3o p\u00fablica do avesso. N\u00e3o s\u00f3 este homem tinha todo o direito de estacionar ali, como tamb\u00e9m tinha escolhido um espa\u00e7o mais amplo para poder sair do seu carro em condi\u00e7\u00f5es adequadas.<\/p>\n\n\n\n<h2 class=\"wp-block-heading\">Um lembrete \u00fatil: nunca julgar demasiado depressa<\/h2>\n\n\n\n<p>Esta not\u00edcia, t\u00e3o viral quanto instrutiva, mostra como as apar\u00eancias podem enganar, especialmente quando se trata de carros de luxo. Ser propriet\u00e1rio de um Lamborghini n\u00e3o significa que n\u00e3o se tenha uma defici\u00eancia. E mesmo que o cart\u00e3o de cr\u00e9dito n\u00e3o fosse imediatamente vis\u00edvel no painel de instrumentos, isso n\u00e3o justificava a torrente de \u00f3dio recebida.<\/p>\n\n\n\n<p>Conv\u00e9m igualmente recordar que, nos ve\u00edculos muito baixos com para-brisas inclinados, como os supercarros, os cart\u00f5es podem deslizar e tornar-se invis\u00edveis do exterior.<\/p>\n\n\n\n<p><strong>A moral da hist\u00f3ria?<\/strong> Antes de julgar as redes, \u00e9 melhor esperar at\u00e9 conhecer todos os factos. Porque, por vezes, por detr\u00e1s das apar\u00eancias de luxo ostentoso, esconde-se uma realidade muito mais humana.<\/p>\n\n\n\n<iframe loading=\"lazy\" src=\"https:\/\/www.facebook.com\/plugins\/post.php?href=https%3A%2F%2Fwww.facebook.com%2Fspottedtorquay%2Fposts%2Fpfbid02Cgtc7VE3A4ZYpyf14aZLCRofcHTvFkqP1FFqhVN6QaXQWBC9TELAoXmYX41ovqw4l&#038;show_text=true&#038;width=500\" width=\"500\" height=\"466\" style=\"border:none;overflow:hidden\" scrolling=\"no\" frameborder=\"0\" allowfullscreen=\"true\" allow=\"autoplay; clipboard-write; encrypted-media; picture-in-picture; web-share\"><\/iframe>","protected":false},"excerpt":{"rendered":"","protected":false},"author":1,"featured_media":38779,"comment_status":"open","ping_status":"open","sticky":false,"template":"","format":"standard","meta":{"_acf_changed":false,"_sitemap_exclude":false,"_sitemap_priority":"","_sitemap_frequency":"","footnotes":""},"categories":[25],"tags":[375],"class_list":["post-38778","post","type-post","status-publish","format-standard","has-post-thumbnail","hentry","category-lamborghini","tag-lamborghini-huracan","generate-columns","tablet-grid-50","mobile-grid-100","grid-parent","grid-33"],"acf":[],"yoast_head":"<!-- This site is optimized with the Yoast SEO plugin v25.8 - https:\/\/yoast.com\/wordpress\/plugins\/seo\/ -->\n<title>Il gare sa Lamborghini sur une place handicap\u00e9, se fait critiquer, insulter, et pourtant... - ItalPassion<\/title>\n<meta name=\"description\" content=\"Sur les r\u00e9seaux sociaux, l\u2019indignation peut \u00eatre foudroyante. Et parfois\u2026 totalement injuste. C\u2019est exactement ce qui s\u2019est produit il y a quelques jours\" \/>\n<meta name=\"robots\" content=\"index, follow, max-snippet:-1, max-image-preview:large, max-video-preview:-1\" \/>\n<link rel=\"canonical\" href=\"https:\/\/www.italpassion.fr\/pt\/lamborghini\/estaciona-o-seu-lamborghini-num-espaco-para-deficientes-e-e-criticado-e-insultado\/\" \/>\n<meta property=\"og:locale\" content=\"pt_PT\" \/>\n<meta property=\"og:type\" content=\"article\" \/>\n<meta property=\"og:title\" content=\"Il gare sa Lamborghini sur une place handicap\u00e9, se fait critiquer, insulter, et pourtant... - ItalPassion\" \/>\n<meta property=\"og:description\" content=\"Sur les r\u00e9seaux sociaux, l\u2019indignation peut \u00eatre foudroyante. Et parfois\u2026 totalement injuste. C\u2019est exactement ce qui s\u2019est produit il y a quelques jours\" \/>\n<meta property=\"og:url\" content=\"https:\/\/www.italpassion.fr\/pt\/lamborghini\/estaciona-o-seu-lamborghini-num-espaco-para-deficientes-e-e-criticado-e-insultado\/\" \/>\n<meta property=\"og:site_name\" content=\"ItalPassion\" \/>\n<meta property=\"article:publisher\" content=\"https:\/\/www.facebook.com\/italpassion\" \/>\n<meta property=\"article:published_time\" content=\"2025-05-29T12:25:23+00:00\" \/>\n<meta property=\"og:image\" content=\"https:\/\/www.italpassion.fr\/wp-content\/uploads\/2025\/05\/lamborghini-handicap.jpg\" \/>\n\t<meta property=\"og:image:width\" content=\"1200\" \/>\n\t<meta property=\"og:image:height\" content=\"800\" \/>\n\t<meta property=\"og:image:type\" content=\"image\/jpeg\" \/>\n<meta name=\"author\" content=\"Alexandre Filluzeau\" \/>\n<meta name=\"twitter:card\" content=\"summary_large_image\" \/>\n<meta name=\"twitter:creator\" content=\"@italpassion\" \/>\n<meta name=\"twitter:site\" content=\"@italpassion\" \/>\n<script type=\"application\/ld+json\" class=\"yoast-schema-graph\">{\"@context\":\"https:\/\/schema.org\",\"@graph\":[{\"@type\":\"NewsArticle\",\"@id\":\"https:\/\/www.italpassion.fr\/pt\/lamborghini\/il-gare-sa-lamborghini-sur-une-place-handicape-se-fait-critiquer-insulter-et-pourtant\/#article\",\"isPartOf\":{\"@id\":\"https:\/\/www.italpassion.fr\/pt\/lamborghini\/il-gare-sa-lamborghini-sur-une-place-handicape-se-fait-critiquer-insulter-et-pourtant\/\"},\"author\":{\"name\":\"Alexandre Filluzeau\",\"@id\":\"https:\/\/www.italpassion.fr\/pt\/#\/schema\/person\/36f747b2a759ca202d847e85a9434ca0\"},\"headline\":\"Il gare sa Lamborghini sur une place handicap\u00e9, se fait critiquer, insulter, et pourtant&#8230;\",\"datePublished\":\"2025-05-29T12:25:23+00:00\",\"mainEntityOfPage\":{\"@id\":\"https:\/\/www.italpassion.fr\/pt\/lamborghini\/il-gare-sa-lamborghini-sur-une-place-handicape-se-fait-critiquer-insulter-et-pourtant\/\"},\"wordCount\":459,\"commentCount\":5,\"publisher\":{\"@id\":\"https:\/\/www.italpassion.fr\/pt\/#organization\"},\"image\":{\"@id\":\"https:\/\/www.italpassion.fr\/pt\/lamborghini\/il-gare-sa-lamborghini-sur-une-place-handicape-se-fait-critiquer-insulter-et-pourtant\/#primaryimage\"},\"thumbnailUrl\":\"https:\/\/www.italpassion.fr\/wp-content\/uploads\/2025\/05\/lamborghini-handicap.jpg\",\"keywords\":[\"Lamborghini Huracan\"],\"articleSection\":[\"Lamborghini\"],\"inLanguage\":\"pt-PT\",\"potentialAction\":[{\"@type\":\"CommentAction\",\"name\":\"Comment\",\"target\":[\"https:\/\/www.italpassion.fr\/pt\/lamborghini\/il-gare-sa-lamborghini-sur-une-place-handicape-se-fait-critiquer-insulter-et-pourtant\/#respond\"]}]},{\"@type\":\"WebPage\",\"@id\":\"https:\/\/www.italpassion.fr\/pt\/lamborghini\/il-gare-sa-lamborghini-sur-une-place-handicape-se-fait-critiquer-insulter-et-pourtant\/\",\"url\":\"https:\/\/www.italpassion.fr\/pt\/lamborghini\/il-gare-sa-lamborghini-sur-une-place-handicape-se-fait-critiquer-insulter-et-pourtant\/\",\"name\":\"Il gare sa Lamborghini sur une place handicap\u00e9, se fait critiquer, insulter, et pourtant... - ItalPassion\",\"isPartOf\":{\"@id\":\"https:\/\/www.italpassion.fr\/pt\/#website\"},\"primaryImageOfPage\":{\"@id\":\"https:\/\/www.italpassion.fr\/pt\/lamborghini\/il-gare-sa-lamborghini-sur-une-place-handicape-se-fait-critiquer-insulter-et-pourtant\/#primaryimage\"},\"image\":{\"@id\":\"https:\/\/www.italpassion.fr\/pt\/lamborghini\/il-gare-sa-lamborghini-sur-une-place-handicape-se-fait-critiquer-insulter-et-pourtant\/#primaryimage\"},\"thumbnailUrl\":\"https:\/\/www.italpassion.fr\/wp-content\/uploads\/2025\/05\/lamborghini-handicap.jpg\",\"datePublished\":\"2025-05-29T12:25:23+00:00\",\"description\":\"Sur les r\u00e9seaux sociaux, l\u2019indignation peut \u00eatre foudroyante. Et parfois\u2026 totalement injuste. C\u2019est exactement ce qui s\u2019est produit il y a quelques jours\",\"breadcrumb\":{\"@id\":\"https:\/\/www.italpassion.fr\/pt\/lamborghini\/il-gare-sa-lamborghini-sur-une-place-handicape-se-fait-critiquer-insulter-et-pourtant\/#breadcrumb\"},\"inLanguage\":\"pt-PT\",\"potentialAction\":[{\"@type\":\"ReadAction\",\"target\":[\"https:\/\/www.italpassion.fr\/pt\/lamborghini\/il-gare-sa-lamborghini-sur-une-place-handicape-se-fait-critiquer-insulter-et-pourtant\/\"]}]},{\"@type\":\"ImageObject\",\"inLanguage\":\"pt-PT\",\"@id\":\"https:\/\/www.italpassion.fr\/pt\/lamborghini\/il-gare-sa-lamborghini-sur-une-place-handicape-se-fait-critiquer-insulter-et-pourtant\/#primaryimage\",\"url\":\"https:\/\/www.italpassion.fr\/wp-content\/uploads\/2025\/05\/lamborghini-handicap.jpg\",\"contentUrl\":\"https:\/\/www.italpassion.fr\/wp-content\/uploads\/2025\/05\/lamborghini-handicap.jpg\",\"width\":1200,\"height\":800},{\"@type\":\"BreadcrumbList\",\"@id\":\"https:\/\/www.italpassion.fr\/pt\/lamborghini\/il-gare-sa-lamborghini-sur-une-place-handicape-se-fait-critiquer-insulter-et-pourtant\/#breadcrumb\",\"itemListElement\":[{\"@type\":\"ListItem\",\"position\":1,\"name\":\"Accueil\",\"item\":\"https:\/\/www.italpassion.fr\/pt\/\"},{\"@type\":\"ListItem\",\"position\":2,\"name\":\"Il gare sa Lamborghini sur une place handicap\u00e9, se fait critiquer, insulter, et pourtant&#8230;\"}]},{\"@type\":\"WebSite\",\"@id\":\"https:\/\/www.italpassion.fr\/pt\/#website\",\"url\":\"https:\/\/www.italpassion.fr\/pt\/\",\"name\":\"ItalPassion\",\"description\":\"Les Passionn\u00e9s d&#039;Automobiles Italiennes\",\"publisher\":{\"@id\":\"https:\/\/www.italpassion.fr\/pt\/#organization\"},\"potentialAction\":[{\"@type\":\"SearchAction\",\"target\":{\"@type\":\"EntryPoint\",\"urlTemplate\":\"https:\/\/www.italpassion.fr\/pt\/?s={search_term_string}\"},\"query-input\":{\"@type\":\"PropertyValueSpecification\",\"valueRequired\":true,\"valueName\":\"search_term_string\"}}],\"inLanguage\":\"pt-PT\"},{\"@type\":\"Organization\",\"@id\":\"https:\/\/www.italpassion.fr\/pt\/#organization\",\"name\":\"Italpassion\",\"url\":\"https:\/\/www.italpassion.fr\/pt\/\",\"logo\":{\"@type\":\"ImageObject\",\"inLanguage\":\"pt-PT\",\"@id\":\"https:\/\/www.italpassion.fr\/pt\/#\/schema\/logo\/image\/\",\"url\":\"https:\/\/www.italpassion.fr\/wp-content\/uploads\/2023\/07\/italpassion-yoast.jpg\",\"contentUrl\":\"https:\/\/www.italpassion.fr\/wp-content\/uploads\/2023\/07\/italpassion-yoast.jpg\",\"width\":696,\"height\":696,\"caption\":\"Italpassion\"},\"image\":{\"@id\":\"https:\/\/www.italpassion.fr\/pt\/#\/schema\/logo\/image\/\"},\"sameAs\":[\"https:\/\/www.facebook.com\/italpassion\",\"https:\/\/x.com\/italpassion\",\"https:\/\/www.instagram.com\/italpassionfr\/\",\"https:\/\/www.youtube.com\/channel\/UCleq-ByQaA42OjhopwevRjQ\",\"https:\/\/www.facebook.com\/italpassion.en\/\",\"https:\/\/www.facebook.com\/italpassion.it\/\",\"https:\/\/www.facebook.com\/italpassion.de\/\",\"https:\/\/www.facebook.com\/italpassion.ja\/\"]},{\"@type\":\"Person\",\"@id\":\"https:\/\/www.italpassion.fr\/pt\/#\/schema\/person\/36f747b2a759ca202d847e85a9434ca0\",\"name\":\"Alexandre Filluzeau\",\"image\":{\"@type\":\"ImageObject\",\"inLanguage\":\"pt-PT\",\"@id\":\"https:\/\/www.italpassion.fr\/pt\/#\/schema\/person\/image\/\",\"url\":\"https:\/\/www.italpassion.fr\/wp-content\/uploads\/2025\/04\/avatar-alexandre-160x160.jpg\",\"contentUrl\":\"https:\/\/www.italpassion.fr\/wp-content\/uploads\/2025\/04\/avatar-alexandre-160x160.jpg\",\"caption\":\"Alexandre Filluzeau\"},\"description\":\"Fondateur du site ItalPassion, passionn\u00e9 de voitures italiennes et de l'Italie en g\u00e9n\u00e9ral. J'apporte un regard critique et technique aux actualit\u00e9s des marques italiennes quand cela est possible. Propri\u00e9taire d'une Maserati GranTurismo, Alfa Romeo MiTo, Lancia Fulvia et Ducati 695. Ex-propri\u00e9taire d'une Alfa Romeo Giulia.\",\"sameAs\":[\"https:\/\/www.italpassion.fr\/\"],\"url\":\"https:\/\/www.italpassion.fr\/pt\/author\/alexandre\/\"}]}<\/script>\n<!-- \/ Yoast SEO plugin. -->","yoast_head_json":{"title":"Estacionou o seu Lamborghini num lugar reservado a deficientes, foi criticado e insultado e, no entanto,... - ItalPassion","description":"Nas redes sociais, a indigna\u00e7\u00e3o pode ser avassaladora. E por vezes... totalmente injusta. Foi exatamente isso que aconteceu h\u00e1 alguns dias","robots":{"index":"index","follow":"follow","max-snippet":"max-snippet:-1","max-image-preview":"max-image-preview:large","max-video-preview":"max-video-preview:-1"},"canonical":"https:\/\/www.italpassion.fr\/pt\/lamborghini\/estaciona-o-seu-lamborghini-num-espaco-para-deficientes-e-e-criticado-e-insultado\/","og_locale":"pt_PT","og_type":"article","og_title":"Il gare sa Lamborghini sur une place handicap\u00e9, se fait critiquer, insulter, et pourtant... - ItalPassion","og_description":"Sur les r\u00e9seaux sociaux, l\u2019indignation peut \u00eatre foudroyante. Et parfois\u2026 totalement injuste. C\u2019est exactement ce qui s\u2019est produit il y a quelques jours","og_url":"https:\/\/www.italpassion.fr\/pt\/lamborghini\/estaciona-o-seu-lamborghini-num-espaco-para-deficientes-e-e-criticado-e-insultado\/","og_site_name":"ItalPassion","article_publisher":"https:\/\/www.facebook.com\/italpassion","article_published_time":"2025-05-29T12:25:23+00:00","og_image":[{"width":1200,"height":800,"url":"https:\/\/www.italpassion.fr\/wp-content\/uploads\/2025\/05\/lamborghini-handicap.jpg","type":"image\/jpeg"}],"author":"Alexandre Filluzeau","twitter_card":"summary_large_image","twitter_creator":"@italpassion","twitter_site":"@italpassion","schema":{"@context":"https:\/\/schema.org","@graph":[{"@type":"NewsArticle","@id":"https:\/\/www.italpassion.fr\/pt\/lamborghini\/il-gare-sa-lamborghini-sur-une-place-handicape-se-fait-critiquer-insulter-et-pourtant\/#article","isPartOf":{"@id":"https:\/\/www.italpassion.fr\/pt\/lamborghini\/il-gare-sa-lamborghini-sur-une-place-handicape-se-fait-critiquer-insulter-et-pourtant\/"},"author":{"name":"Alexandre Filluzeau","@id":"https:\/\/www.italpassion.fr\/pt\/#\/schema\/person\/36f747b2a759ca202d847e85a9434ca0"},"headline":"Il gare sa Lamborghini sur une place handicap\u00e9, se fait critiquer, insulter, et pourtant&#8230;","datePublished":"2025-05-29T12:25:23+00:00","mainEntityOfPage":{"@id":"https:\/\/www.italpassion.fr\/pt\/lamborghini\/il-gare-sa-lamborghini-sur-une-place-handicape-se-fait-critiquer-insulter-et-pourtant\/"},"wordCount":459,"commentCount":5,"publisher":{"@id":"https:\/\/www.italpassion.fr\/pt\/#organization"},"image":{"@id":"https:\/\/www.italpassion.fr\/pt\/lamborghini\/il-gare-sa-lamborghini-sur-une-place-handicape-se-fait-critiquer-insulter-et-pourtant\/#primaryimage"},"thumbnailUrl":"https:\/\/www.italpassion.fr\/wp-content\/uploads\/2025\/05\/lamborghini-handicap.jpg","keywords":["Lamborghini Huracan"],"articleSection":["Lamborghini"],"inLanguage":"pt-PT","potentialAction":[{"@type":"CommentAction","name":"Comment","target":["https:\/\/www.italpassion.fr\/pt\/lamborghini\/il-gare-sa-lamborghini-sur-une-place-handicape-se-fait-critiquer-insulter-et-pourtant\/#respond"]}]},{"@type":"WebPage","@id":"https:\/\/www.italpassion.fr\/pt\/lamborghini\/il-gare-sa-lamborghini-sur-une-place-handicape-se-fait-critiquer-insulter-et-pourtant\/","url":"https:\/\/www.italpassion.fr\/pt\/lamborghini\/il-gare-sa-lamborghini-sur-une-place-handicape-se-fait-critiquer-insulter-et-pourtant\/","name":"Estacionou o seu Lamborghini num lugar reservado a deficientes, foi criticado e insultado e, no entanto,... - ItalPassion","isPartOf":{"@id":"https:\/\/www.italpassion.fr\/pt\/#website"},"primaryImageOfPage":{"@id":"https:\/\/www.italpassion.fr\/pt\/lamborghini\/il-gare-sa-lamborghini-sur-une-place-handicape-se-fait-critiquer-insulter-et-pourtant\/#primaryimage"},"image":{"@id":"https:\/\/www.italpassion.fr\/pt\/lamborghini\/il-gare-sa-lamborghini-sur-une-place-handicape-se-fait-critiquer-insulter-et-pourtant\/#primaryimage"},"thumbnailUrl":"https:\/\/www.italpassion.fr\/wp-content\/uploads\/2025\/05\/lamborghini-handicap.jpg","datePublished":"2025-05-29T12:25:23+00:00","description":"Nas redes sociais, a indigna\u00e7\u00e3o pode ser avassaladora. E por vezes... totalmente injusta. Foi exatamente isso que aconteceu h\u00e1 alguns dias","breadcrumb":{"@id":"https:\/\/www.italpassion.fr\/pt\/lamborghini\/il-gare-sa-lamborghini-sur-une-place-handicape-se-fait-critiquer-insulter-et-pourtant\/#breadcrumb"},"inLanguage":"pt-PT","potentialAction":[{"@type":"ReadAction","target":["https:\/\/www.italpassion.fr\/pt\/lamborghini\/il-gare-sa-lamborghini-sur-une-place-handicape-se-fait-critiquer-insulter-et-pourtant\/"]}]},{"@type":"ImageObject","inLanguage":"pt-PT","@id":"https:\/\/www.italpassion.fr\/pt\/lamborghini\/il-gare-sa-lamborghini-sur-une-place-handicape-se-fait-critiquer-insulter-et-pourtant\/#primaryimage","url":"https:\/\/www.italpassion.fr\/wp-content\/uploads\/2025\/05\/lamborghini-handicap.jpg","contentUrl":"https:\/\/www.italpassion.fr\/wp-content\/uploads\/2025\/05\/lamborghini-handicap.jpg","width":1200,"height":800},{"@type":"BreadcrumbList","@id":"https:\/\/www.italpassion.fr\/pt\/lamborghini\/il-gare-sa-lamborghini-sur-une-place-handicape-se-fait-critiquer-insulter-et-pourtant\/#breadcrumb","itemListElement":[{"@type":"ListItem","position":1,"name":"Accueil","item":"https:\/\/www.italpassion.fr\/pt\/"},{"@type":"ListItem","position":2,"name":"Il gare sa Lamborghini sur une place handicap\u00e9, se fait critiquer, insulter, et pourtant&#8230;"}]},{"@type":"WebSite","@id":"https:\/\/www.italpassion.fr\/pt\/#website","url":"https:\/\/www.italpassion.fr\/pt\/","name":"ItalPassion","description":"Entusiastas de autom\u00f3veis italianos","publisher":{"@id":"https:\/\/www.italpassion.fr\/pt\/#organization"},"potentialAction":[{"@type":"SearchAction","target":{"@type":"EntryPoint","urlTemplate":"https:\/\/www.italpassion.fr\/pt\/?s={search_term_string}"},"query-input":{"@type":"PropertyValueSpecification","valueRequired":true,"valueName":"search_term_string"}}],"inLanguage":"pt-PT"},{"@type":"Organization","@id":"https:\/\/www.italpassion.fr\/pt\/#organization","name":"Italpassion","url":"https:\/\/www.italpassion.fr\/pt\/","logo":{"@type":"ImageObject","inLanguage":"pt-PT","@id":"https:\/\/www.italpassion.fr\/pt\/#\/schema\/logo\/image\/","url":"https:\/\/www.italpassion.fr\/wp-content\/uploads\/2023\/07\/italpassion-yoast.jpg","contentUrl":"https:\/\/www.italpassion.fr\/wp-content\/uploads\/2023\/07\/italpassion-yoast.jpg","width":696,"height":696,"caption":"Italpassion"},"image":{"@id":"https:\/\/www.italpassion.fr\/pt\/#\/schema\/logo\/image\/"},"sameAs":["https:\/\/www.facebook.com\/italpassion","https:\/\/x.com\/italpassion","https:\/\/www.instagram.com\/italpassionfr\/","https:\/\/www.youtube.com\/channel\/UCleq-ByQaA42OjhopwevRjQ","https:\/\/www.facebook.com\/italpassion.en\/","https:\/\/www.facebook.com\/italpassion.it\/","https:\/\/www.facebook.com\/italpassion.de\/","https:\/\/www.facebook.com\/italpassion.ja\/"]},{"@type":"Person","@id":"https:\/\/www.italpassion.fr\/pt\/#\/schema\/person\/36f747b2a759ca202d847e85a9434ca0","name":"Alexandre Filluzeau","image":{"@type":"ImageObject","inLanguage":"pt-PT","@id":"https:\/\/www.italpassion.fr\/pt\/#\/schema\/person\/image\/","url":"https:\/\/www.italpassion.fr\/wp-content\/uploads\/2025\/04\/avatar-alexandre-160x160.jpg","contentUrl":"https:\/\/www.italpassion.fr\/wp-content\/uploads\/2025\/04\/avatar-alexandre-160x160.jpg","caption":"Alexandre Filluzeau"},"description":"Fundador do site ItalPassion, apaixonado por carros italianos e pela It\u00e1lia em geral. Trago um olhar cr\u00edtico e t\u00e9cnico \u00e0s not\u00edcias das marcas italianas, sempre que poss\u00edvel. Propriet\u00e1ria de um Maserati GranTurismo, Alfa Romeo MiTo, Lancia Fulvia e Ducati 695. Ex-propriet\u00e1rio de uma Alfa Romeo Giulia.","sameAs":["https:\/\/www.italpassion.fr\/"],"url":"https:\/\/www.italpassion.fr\/pt\/author\/alexandre\/"}]}},"_links":{"self":[{"href":"https:\/\/www.italpassion.fr\/pt\/wp-json\/wp\/v2\/posts\/38778","targetHints":{"allow":["GET"]}}],"collection":[{"href":"https:\/\/www.italpassion.fr\/pt\/wp-json\/wp\/v2\/posts"}],"about":[{"href":"https:\/\/www.italpassion.fr\/pt\/wp-json\/wp\/v2\/types\/post"}],"author":[{"embeddable":true,"href":"https:\/\/www.italpassion.fr\/pt\/wp-json\/wp\/v2\/users\/1"}],"replies":[{"embeddable":true,"href":"https:\/\/www.italpassion.fr\/pt\/wp-json\/wp\/v2\/comments?post=38778"}],"version-history":[{"count":1,"href":"https:\/\/www.italpassion.fr\/pt\/wp-json\/wp\/v2\/posts\/38778\/revisions"}],"predecessor-version":[{"id":38781,"href":"https:\/\/www.italpassion.fr\/pt\/wp-json\/wp\/v2\/posts\/38778\/revisions\/38781"}],"wp:featuredmedia":[{"embeddable":true,"href":"https:\/\/www.italpassion.fr\/pt\/wp-json\/wp\/v2\/media\/38779"}],"wp:attachment":[{"href":"https:\/\/www.italpassion.fr\/pt\/wp-json\/wp\/v2\/media?parent=38778"}],"wp:term":[{"taxonomy":"category","embeddable":true,"href":"https:\/\/www.italpassion.fr\/pt\/wp-json\/wp\/v2\/categories?post=38778"},{"taxonomy":"post_tag","embeddable":true,"href":"https:\/\/www.italpassion.fr\/pt\/wp-json\/wp\/v2\/tags?post=38778"}],"curies":[{"name":"wp","href":"https:\/\/api.w.org\/{rel}","templated":true}]}}