{"id":38764,"date":"2025-05-29T09:27:55","date_gmt":"2025-05-29T07:27:55","guid":{"rendered":"https:\/\/www.italpassion.fr\/?p=38764"},"modified":"2025-05-29T09:27:55","modified_gmt":"2025-05-29T07:27:55","slug":"stellantis-o-novo-ceo-presta-homenagem-a-sergio-marchionne","status":"publish","type":"post","link":"https:\/\/www.italpassion.fr\/pt\/stellantis\/stellantis-le-nouveau-ceo-rend-hommage-a-sergio-marchionne\/","title":{"rendered":"Stellantis: o novo diretor-geral presta homenagem a... Sergio Marchionne"},"content":{"rendered":"<figure class=\"wp-block-image size-full\"><img loading=\"lazy\" decoding=\"async\" width=\"1200\" height=\"800\" src=\"https:\/\/www.italpassion.fr\/wp-content\/uploads\/2025\/05\/sergio-marchionne.jpg\" alt=\"\" class=\"wp-image-38773\" srcset=\"https:\/\/www.italpassion.fr\/wp-content\/uploads\/2025\/05\/sergio-marchionne.jpg 1200w, https:\/\/www.italpassion.fr\/wp-content\/uploads\/2025\/05\/sergio-marchionne-420x280.jpg 420w, https:\/\/www.italpassion.fr\/wp-content\/uploads\/2025\/05\/sergio-marchionne-768x512.jpg 768w, https:\/\/www.italpassion.fr\/wp-content\/uploads\/2025\/05\/sergio-marchionne-18x12.jpg 18w\" sizes=\"auto, (max-width: 1200px) 100vw, 1200px\" \/><\/figure>\n\n\n\n<p>Antonio Filosa n\u00e3o teve de esperar at\u00e9 assumir oficialmente o cargo de <a href=\"https:\/\/www.italpassion.fr\/pt\/stellantis\/antonio-filosa-italiano-do-stellantis-antigo-membro-da-fca-torna-se-diretor-geral-do-grupo\/\">novo diretor executivo da Stellantis<\/a>em 23 de junho para dar o mote. Numa curta mensagem publicada ontem \u00e0 noite no LinkedIn, o futuro chefe da <a href=\"https:\/\/www.italpassion.fr\/pt\/stellantis\/\">Stellantis<\/a> agradeceu ao Presidente John Elkann, ao Conselho de Administra\u00e7\u00e3o, aos 272.000 colaboradores do Grupo... e, sobretudo, \u00e0 mem\u00f3ria de Sergio Marchionne:<\/p>\n\n\n\n<blockquote class=\"wp-block-quote is-layout-flow wp-block-quote-is-layout-flow\"><svg aria-hidden=\"true\" focusable=\"false\" class=\"icon icon-quote\" width=\"48\" height=\"48\"><use xlink:href=\"#icon-quote\"><\/use><\/svg>\n<p>Como diria Sergio Marchionne: \"A mediocridade n\u00e3o vale a viagem. Vamos levar esta vit\u00f3ria para casa juntos!<\/p>\n<\/blockquote>\n\n\n\n<p><strong>Em apenas duas frases, Filosa recordou-nos a sua origem,<\/strong> a quem deve grande parte da sua ascens\u00e3o e que cultura de excel\u00eancia pretende reinstalar no cora\u00e7\u00e3o do quarto maior fabricante de autom\u00f3veis do mundo. Mais surpreendente: nem uma palavra para o seu antecessor, Carlos Tavares, que se demitiu a 1\u1d49\u02b3 de dezembro de 2024. Um sil\u00eancio que diz muito.<\/p>\n\n\n\n<h2 class=\"wp-block-heading\">O regresso de um dos filhos de Marchionne<\/h2>\n\n\n\n<p>Nascido em N\u00e1poles e licenciado em engenharia mec\u00e2nica, Antonio Filosa cresceu \u00e0 sombra do \"Maestro\". Em 2004, Marchionne tinha acabado de assumir o comando da Fiat, enquanto Filosa, ent\u00e3o com trinta anos, j\u00e1 geria a f\u00e1brica de Betim, no Brasil. Os dois homens voltaram a encontrar-se em 2014 para a inaugura\u00e7\u00e3o do complexo Jeep em Pernambuco, um dos projectos emblem\u00e1ticos do programa \"Jeep Global\" que iria aumentar os lucros da FCA na Am\u00e9rica Latina. Em mar\u00e7o de 2018, o patr\u00e3o nomeou o seu protegido para o Conselho Executivo do Grupo, o mais alto \u00f3rg\u00e3o de decis\u00e3o do grupo.<\/p>\n\n\n\n<p>Quando Marchionne morreu subitamente, a 25 de julho de 2018, Filosa perdeu o seu mentor, mas manteve gravado o lema: \"A mediocridade n\u00e3o vale a pena a viagem\". Sete anos mais tarde, cita-o publicamente como um padr\u00e3o.<\/p>\n\n\n\n<p><strong>A 28 de maio, a Stellantis oficializa um segredo aberto: ap\u00f3s vinte e cinco anos na empresa, Antonio Filosa passar\u00e1 a ser o Diretor-Geral a 23 de junho. <\/strong>Entretanto, o napolitano visitar\u00e1 f\u00e1bricas e concession\u00e1rios em todo o mundo para \"ouvir\" e sentir o pulso de um grupo abalado: lucros operacionais divididos quase por tr\u00eas em 2024, stocks recorde nos Estados Unidos, concorr\u00eancia chinesa mais feroz do que nunca nos carros el\u00e9ctricos urbanos.<\/p>\n\n\n\n<p>Se John Elkann elogia uma \"lideran\u00e7a forte e eficaz\", \u00e9 tamb\u00e9m porque Filosa tem uma experi\u00eancia comprovada: n\u00famero 1 na regi\u00e3o da Am\u00e9rica do Sul, colocou a Fiat de novo no topo do mercado brasileiro, ao mesmo tempo que impulsionou as vendas da Peugeot, Citro\u00ebn, Ram e Jeep. Posteriormente nomeado COO das Am\u00e9ricas, reduziu os invent\u00e1rios nos EUA em seis meses e preparou uma nova vaga de modelos h\u00edbridos e el\u00e9ctricos.<\/p>\n\n\n\n<h2 class=\"wp-block-heading\">Esquecer o Tavares?<\/h2>\n\n\n\n<p><strong>A aus\u00eancia de qualquer refer\u00eancia a Carlos Tavares n\u00e3o \u00e9, sem d\u00favida, acidental.<\/strong> Em primeiro lugar, porque o luso-franc\u00eas encarnava uma disciplina or\u00e7amental f\u00e9rrea, por vezes criticada por apertar os parafusos ao ponto de sufocar a rede de distribui\u00e7\u00e3o. Acima de tudo, porque Tavares partiu de uma situa\u00e7\u00e3o dif\u00edcil: mercados em decl\u00ednio, rentabilidade em queda, tens\u00e3o crescente com o Governo italiano.<\/p>\n\n\n\n<p>Ao citar Marchionne, Filosa liga o Stellantis ao seu ADN \u00edtalo-americano, tranquiliza Turim e Modena quanto \u00e0 sua aten\u00e7\u00e3o \u00e0s marcas transalpinas (Fiat, Alfa Romeo, Lancia, Maserati) e posiciona-se simbolicamente como herdeiro de um l\u00edder que conseguiu transformar um gigante adormecido numa m\u00e1quina de fazer dinheiro.<\/p>","protected":false},"excerpt":{"rendered":"","protected":false},"author":1,"featured_media":38773,"comment_status":"open","ping_status":"open","sticky":false,"template":"","format":"standard","meta":{"_acf_changed":false,"_sitemap_exclude":false,"_sitemap_priority":"","_sitemap_frequency":"","footnotes":""},"categories":[29],"tags":[],"class_list":["post-38764","post","type-post","status-publish","format-standard","has-post-thumbnail","hentry","category-stellantis","generate-columns","tablet-grid-50","mobile-grid-100","grid-parent","grid-33"],"acf":[],"yoast_head":"<!-- This site is optimized with the Yoast SEO plugin v25.8 - https:\/\/yoast.com\/wordpress\/plugins\/seo\/ -->\n<title>Stellantis : le nouveau CEO rend hommage \u00e0\u2026 Sergio Marchionne - ItalPassion<\/title>\n<meta name=\"description\" content=\"Antonio Filosa n\u2019aura pas attendu de prendre officiellement ses fonctions de nouveau CEO de Stellantis, le 23 juin prochain, pour donner le ton. Dans un\" \/>\n<meta name=\"robots\" content=\"index, follow, max-snippet:-1, max-image-preview:large, max-video-preview:-1\" \/>\n<link rel=\"canonical\" href=\"https:\/\/www.italpassion.fr\/pt\/stellantis\/stellantis-o-novo-ceo-presta-homenagem-a-sergio-marchionne\/\" \/>\n<meta property=\"og:locale\" content=\"pt_PT\" \/>\n<meta property=\"og:type\" content=\"article\" \/>\n<meta property=\"og:title\" content=\"Stellantis : le nouveau CEO rend hommage \u00e0\u2026 Sergio Marchionne - ItalPassion\" \/>\n<meta property=\"og:description\" content=\"Antonio Filosa n\u2019aura pas attendu de prendre officiellement ses fonctions de nouveau CEO de Stellantis, le 23 juin prochain, pour donner le ton. Dans un\" \/>\n<meta property=\"og:url\" content=\"https:\/\/www.italpassion.fr\/pt\/stellantis\/stellantis-o-novo-ceo-presta-homenagem-a-sergio-marchionne\/\" \/>\n<meta property=\"og:site_name\" content=\"ItalPassion\" \/>\n<meta property=\"article:publisher\" content=\"https:\/\/www.facebook.com\/italpassion\" \/>\n<meta property=\"article:published_time\" content=\"2025-05-29T07:27:55+00:00\" \/>\n<meta property=\"og:image\" content=\"https:\/\/www.italpassion.fr\/wp-content\/uploads\/2025\/05\/sergio-marchionne.jpg\" \/>\n\t<meta property=\"og:image:width\" content=\"1200\" \/>\n\t<meta property=\"og:image:height\" content=\"800\" \/>\n\t<meta property=\"og:image:type\" content=\"image\/jpeg\" \/>\n<meta name=\"author\" content=\"Alexandre Filluzeau\" \/>\n<meta name=\"twitter:card\" content=\"summary_large_image\" \/>\n<meta name=\"twitter:creator\" content=\"@italpassion\" \/>\n<meta name=\"twitter:site\" content=\"@italpassion\" \/>\n<script type=\"application\/ld+json\" class=\"yoast-schema-graph\">{\"@context\":\"https:\/\/schema.org\",\"@graph\":[{\"@type\":\"NewsArticle\",\"@id\":\"https:\/\/www.italpassion.fr\/pt\/stellantis\/stellantis-le-nouveau-ceo-rend-hommage-a-sergio-marchionne\/#article\",\"isPartOf\":{\"@id\":\"https:\/\/www.italpassion.fr\/pt\/stellantis\/stellantis-le-nouveau-ceo-rend-hommage-a-sergio-marchionne\/\"},\"author\":{\"name\":\"Alexandre Filluzeau\",\"@id\":\"https:\/\/www.italpassion.fr\/pt\/#\/schema\/person\/36f747b2a759ca202d847e85a9434ca0\"},\"headline\":\"Stellantis : le nouveau CEO rend hommage \u00e0\u2026 Sergio Marchionne\",\"datePublished\":\"2025-05-29T07:27:55+00:00\",\"mainEntityOfPage\":{\"@id\":\"https:\/\/www.italpassion.fr\/pt\/stellantis\/stellantis-le-nouveau-ceo-rend-hommage-a-sergio-marchionne\/\"},\"wordCount\":557,\"commentCount\":16,\"publisher\":{\"@id\":\"https:\/\/www.italpassion.fr\/pt\/#organization\"},\"image\":{\"@id\":\"https:\/\/www.italpassion.fr\/pt\/stellantis\/stellantis-le-nouveau-ceo-rend-hommage-a-sergio-marchionne\/#primaryimage\"},\"thumbnailUrl\":\"https:\/\/www.italpassion.fr\/wp-content\/uploads\/2025\/05\/sergio-marchionne.jpg\",\"articleSection\":[\"Stellantis\"],\"inLanguage\":\"pt-PT\",\"potentialAction\":[{\"@type\":\"CommentAction\",\"name\":\"Comment\",\"target\":[\"https:\/\/www.italpassion.fr\/pt\/stellantis\/stellantis-le-nouveau-ceo-rend-hommage-a-sergio-marchionne\/#respond\"]}]},{\"@type\":\"WebPage\",\"@id\":\"https:\/\/www.italpassion.fr\/pt\/stellantis\/stellantis-le-nouveau-ceo-rend-hommage-a-sergio-marchionne\/\",\"url\":\"https:\/\/www.italpassion.fr\/pt\/stellantis\/stellantis-le-nouveau-ceo-rend-hommage-a-sergio-marchionne\/\",\"name\":\"Stellantis : le nouveau CEO rend hommage \u00e0\u2026 Sergio Marchionne - ItalPassion\",\"isPartOf\":{\"@id\":\"https:\/\/www.italpassion.fr\/pt\/#website\"},\"primaryImageOfPage\":{\"@id\":\"https:\/\/www.italpassion.fr\/pt\/stellantis\/stellantis-le-nouveau-ceo-rend-hommage-a-sergio-marchionne\/#primaryimage\"},\"image\":{\"@id\":\"https:\/\/www.italpassion.fr\/pt\/stellantis\/stellantis-le-nouveau-ceo-rend-hommage-a-sergio-marchionne\/#primaryimage\"},\"thumbnailUrl\":\"https:\/\/www.italpassion.fr\/wp-content\/uploads\/2025\/05\/sergio-marchionne.jpg\",\"datePublished\":\"2025-05-29T07:27:55+00:00\",\"description\":\"Antonio Filosa n\u2019aura pas attendu de prendre officiellement ses fonctions de nouveau CEO de Stellantis, le 23 juin prochain, pour donner le ton. Dans un\",\"breadcrumb\":{\"@id\":\"https:\/\/www.italpassion.fr\/pt\/stellantis\/stellantis-le-nouveau-ceo-rend-hommage-a-sergio-marchionne\/#breadcrumb\"},\"inLanguage\":\"pt-PT\",\"potentialAction\":[{\"@type\":\"ReadAction\",\"target\":[\"https:\/\/www.italpassion.fr\/pt\/stellantis\/stellantis-le-nouveau-ceo-rend-hommage-a-sergio-marchionne\/\"]}]},{\"@type\":\"ImageObject\",\"inLanguage\":\"pt-PT\",\"@id\":\"https:\/\/www.italpassion.fr\/pt\/stellantis\/stellantis-le-nouveau-ceo-rend-hommage-a-sergio-marchionne\/#primaryimage\",\"url\":\"https:\/\/www.italpassion.fr\/wp-content\/uploads\/2025\/05\/sergio-marchionne.jpg\",\"contentUrl\":\"https:\/\/www.italpassion.fr\/wp-content\/uploads\/2025\/05\/sergio-marchionne.jpg\",\"width\":1200,\"height\":800},{\"@type\":\"BreadcrumbList\",\"@id\":\"https:\/\/www.italpassion.fr\/pt\/stellantis\/stellantis-le-nouveau-ceo-rend-hommage-a-sergio-marchionne\/#breadcrumb\",\"itemListElement\":[{\"@type\":\"ListItem\",\"position\":1,\"name\":\"Accueil\",\"item\":\"https:\/\/www.italpassion.fr\/pt\/\"},{\"@type\":\"ListItem\",\"position\":2,\"name\":\"Stellantis : le nouveau CEO rend hommage \u00e0\u2026 Sergio Marchionne\"}]},{\"@type\":\"WebSite\",\"@id\":\"https:\/\/www.italpassion.fr\/pt\/#website\",\"url\":\"https:\/\/www.italpassion.fr\/pt\/\",\"name\":\"ItalPassion\",\"description\":\"Les Passionn\u00e9s d&#039;Automobiles Italiennes\",\"publisher\":{\"@id\":\"https:\/\/www.italpassion.fr\/pt\/#organization\"},\"potentialAction\":[{\"@type\":\"SearchAction\",\"target\":{\"@type\":\"EntryPoint\",\"urlTemplate\":\"https:\/\/www.italpassion.fr\/pt\/?s={search_term_string}\"},\"query-input\":{\"@type\":\"PropertyValueSpecification\",\"valueRequired\":true,\"valueName\":\"search_term_string\"}}],\"inLanguage\":\"pt-PT\"},{\"@type\":\"Organization\",\"@id\":\"https:\/\/www.italpassion.fr\/pt\/#organization\",\"name\":\"Italpassion\",\"url\":\"https:\/\/www.italpassion.fr\/pt\/\",\"logo\":{\"@type\":\"ImageObject\",\"inLanguage\":\"pt-PT\",\"@id\":\"https:\/\/www.italpassion.fr\/pt\/#\/schema\/logo\/image\/\",\"url\":\"https:\/\/www.italpassion.fr\/wp-content\/uploads\/2023\/07\/italpassion-yoast.jpg\",\"contentUrl\":\"https:\/\/www.italpassion.fr\/wp-content\/uploads\/2023\/07\/italpassion-yoast.jpg\",\"width\":696,\"height\":696,\"caption\":\"Italpassion\"},\"image\":{\"@id\":\"https:\/\/www.italpassion.fr\/pt\/#\/schema\/logo\/image\/\"},\"sameAs\":[\"https:\/\/www.facebook.com\/italpassion\",\"https:\/\/x.com\/italpassion\",\"https:\/\/www.instagram.com\/italpassionfr\/\",\"https:\/\/www.youtube.com\/channel\/UCleq-ByQaA42OjhopwevRjQ\",\"https:\/\/www.facebook.com\/italpassion.en\/\",\"https:\/\/www.facebook.com\/italpassion.it\/\",\"https:\/\/www.facebook.com\/italpassion.de\/\",\"https:\/\/www.facebook.com\/italpassion.ja\/\"]},{\"@type\":\"Person\",\"@id\":\"https:\/\/www.italpassion.fr\/pt\/#\/schema\/person\/36f747b2a759ca202d847e85a9434ca0\",\"name\":\"Alexandre Filluzeau\",\"image\":{\"@type\":\"ImageObject\",\"inLanguage\":\"pt-PT\",\"@id\":\"https:\/\/www.italpassion.fr\/pt\/#\/schema\/person\/image\/\",\"url\":\"https:\/\/www.italpassion.fr\/wp-content\/uploads\/2025\/04\/avatar-alexandre-160x160.jpg\",\"contentUrl\":\"https:\/\/www.italpassion.fr\/wp-content\/uploads\/2025\/04\/avatar-alexandre-160x160.jpg\",\"caption\":\"Alexandre Filluzeau\"},\"description\":\"Fondateur du site ItalPassion, passionn\u00e9 de voitures italiennes et de l'Italie en g\u00e9n\u00e9ral. J'apporte un regard critique et technique aux actualit\u00e9s des marques italiennes quand cela est possible. Propri\u00e9taire d'une Maserati GranTurismo, Alfa Romeo MiTo, Lancia Fulvia et Ducati 695. Ex-propri\u00e9taire d'une Alfa Romeo Giulia.\",\"sameAs\":[\"https:\/\/www.italpassion.fr\/\"],\"url\":\"https:\/\/www.italpassion.fr\/pt\/author\/alexandre\/\"}]}<\/script>\n<!-- \/ Yoast SEO plugin. -->","yoast_head_json":{"title":"Stellantis: o novo diretor-geral presta homenagem a... Sergio Marchionne - ItalPassion","description":"Antonio Filosa n\u00e3o precisou de esperar at\u00e9 assumir oficialmente o cargo de novo Diretor-Geral da Stellantis, a 23 de junho, para dar o mote. Numa","robots":{"index":"index","follow":"follow","max-snippet":"max-snippet:-1","max-image-preview":"max-image-preview:large","max-video-preview":"max-video-preview:-1"},"canonical":"https:\/\/www.italpassion.fr\/pt\/stellantis\/stellantis-o-novo-ceo-presta-homenagem-a-sergio-marchionne\/","og_locale":"pt_PT","og_type":"article","og_title":"Stellantis : le nouveau CEO rend hommage \u00e0\u2026 Sergio Marchionne - ItalPassion","og_description":"Antonio Filosa n\u2019aura pas attendu de prendre officiellement ses fonctions de nouveau CEO de Stellantis, le 23 juin prochain, pour donner le ton. Dans un","og_url":"https:\/\/www.italpassion.fr\/pt\/stellantis\/stellantis-o-novo-ceo-presta-homenagem-a-sergio-marchionne\/","og_site_name":"ItalPassion","article_publisher":"https:\/\/www.facebook.com\/italpassion","article_published_time":"2025-05-29T07:27:55+00:00","og_image":[{"width":1200,"height":800,"url":"https:\/\/www.italpassion.fr\/wp-content\/uploads\/2025\/05\/sergio-marchionne.jpg","type":"image\/jpeg"}],"author":"Alexandre Filluzeau","twitter_card":"summary_large_image","twitter_creator":"@italpassion","twitter_site":"@italpassion","schema":{"@context":"https:\/\/schema.org","@graph":[{"@type":"NewsArticle","@id":"https:\/\/www.italpassion.fr\/pt\/stellantis\/stellantis-le-nouveau-ceo-rend-hommage-a-sergio-marchionne\/#article","isPartOf":{"@id":"https:\/\/www.italpassion.fr\/pt\/stellantis\/stellantis-le-nouveau-ceo-rend-hommage-a-sergio-marchionne\/"},"author":{"name":"Alexandre Filluzeau","@id":"https:\/\/www.italpassion.fr\/pt\/#\/schema\/person\/36f747b2a759ca202d847e85a9434ca0"},"headline":"Stellantis : le nouveau CEO rend hommage \u00e0\u2026 Sergio Marchionne","datePublished":"2025-05-29T07:27:55+00:00","mainEntityOfPage":{"@id":"https:\/\/www.italpassion.fr\/pt\/stellantis\/stellantis-le-nouveau-ceo-rend-hommage-a-sergio-marchionne\/"},"wordCount":557,"commentCount":16,"publisher":{"@id":"https:\/\/www.italpassion.fr\/pt\/#organization"},"image":{"@id":"https:\/\/www.italpassion.fr\/pt\/stellantis\/stellantis-le-nouveau-ceo-rend-hommage-a-sergio-marchionne\/#primaryimage"},"thumbnailUrl":"https:\/\/www.italpassion.fr\/wp-content\/uploads\/2025\/05\/sergio-marchionne.jpg","articleSection":["Stellantis"],"inLanguage":"pt-PT","potentialAction":[{"@type":"CommentAction","name":"Comment","target":["https:\/\/www.italpassion.fr\/pt\/stellantis\/stellantis-le-nouveau-ceo-rend-hommage-a-sergio-marchionne\/#respond"]}]},{"@type":"WebPage","@id":"https:\/\/www.italpassion.fr\/pt\/stellantis\/stellantis-le-nouveau-ceo-rend-hommage-a-sergio-marchionne\/","url":"https:\/\/www.italpassion.fr\/pt\/stellantis\/stellantis-le-nouveau-ceo-rend-hommage-a-sergio-marchionne\/","name":"Stellantis: o novo diretor-geral presta homenagem a... Sergio Marchionne - ItalPassion","isPartOf":{"@id":"https:\/\/www.italpassion.fr\/pt\/#website"},"primaryImageOfPage":{"@id":"https:\/\/www.italpassion.fr\/pt\/stellantis\/stellantis-le-nouveau-ceo-rend-hommage-a-sergio-marchionne\/#primaryimage"},"image":{"@id":"https:\/\/www.italpassion.fr\/pt\/stellantis\/stellantis-le-nouveau-ceo-rend-hommage-a-sergio-marchionne\/#primaryimage"},"thumbnailUrl":"https:\/\/www.italpassion.fr\/wp-content\/uploads\/2025\/05\/sergio-marchionne.jpg","datePublished":"2025-05-29T07:27:55+00:00","description":"Antonio Filosa n\u00e3o precisou de esperar at\u00e9 assumir oficialmente o cargo de novo Diretor-Geral da Stellantis, a 23 de junho, para dar o mote. Numa","breadcrumb":{"@id":"https:\/\/www.italpassion.fr\/pt\/stellantis\/stellantis-le-nouveau-ceo-rend-hommage-a-sergio-marchionne\/#breadcrumb"},"inLanguage":"pt-PT","potentialAction":[{"@type":"ReadAction","target":["https:\/\/www.italpassion.fr\/pt\/stellantis\/stellantis-le-nouveau-ceo-rend-hommage-a-sergio-marchionne\/"]}]},{"@type":"ImageObject","inLanguage":"pt-PT","@id":"https:\/\/www.italpassion.fr\/pt\/stellantis\/stellantis-le-nouveau-ceo-rend-hommage-a-sergio-marchionne\/#primaryimage","url":"https:\/\/www.italpassion.fr\/wp-content\/uploads\/2025\/05\/sergio-marchionne.jpg","contentUrl":"https:\/\/www.italpassion.fr\/wp-content\/uploads\/2025\/05\/sergio-marchionne.jpg","width":1200,"height":800},{"@type":"BreadcrumbList","@id":"https:\/\/www.italpassion.fr\/pt\/stellantis\/stellantis-le-nouveau-ceo-rend-hommage-a-sergio-marchionne\/#breadcrumb","itemListElement":[{"@type":"ListItem","position":1,"name":"Accueil","item":"https:\/\/www.italpassion.fr\/pt\/"},{"@type":"ListItem","position":2,"name":"Stellantis : le nouveau CEO rend hommage \u00e0\u2026 Sergio Marchionne"}]},{"@type":"WebSite","@id":"https:\/\/www.italpassion.fr\/pt\/#website","url":"https:\/\/www.italpassion.fr\/pt\/","name":"ItalPassion","description":"Entusiastas de autom\u00f3veis italianos","publisher":{"@id":"https:\/\/www.italpassion.fr\/pt\/#organization"},"potentialAction":[{"@type":"SearchAction","target":{"@type":"EntryPoint","urlTemplate":"https:\/\/www.italpassion.fr\/pt\/?s={search_term_string}"},"query-input":{"@type":"PropertyValueSpecification","valueRequired":true,"valueName":"search_term_string"}}],"inLanguage":"pt-PT"},{"@type":"Organization","@id":"https:\/\/www.italpassion.fr\/pt\/#organization","name":"Italpassion","url":"https:\/\/www.italpassion.fr\/pt\/","logo":{"@type":"ImageObject","inLanguage":"pt-PT","@id":"https:\/\/www.italpassion.fr\/pt\/#\/schema\/logo\/image\/","url":"https:\/\/www.italpassion.fr\/wp-content\/uploads\/2023\/07\/italpassion-yoast.jpg","contentUrl":"https:\/\/www.italpassion.fr\/wp-content\/uploads\/2023\/07\/italpassion-yoast.jpg","width":696,"height":696,"caption":"Italpassion"},"image":{"@id":"https:\/\/www.italpassion.fr\/pt\/#\/schema\/logo\/image\/"},"sameAs":["https:\/\/www.facebook.com\/italpassion","https:\/\/x.com\/italpassion","https:\/\/www.instagram.com\/italpassionfr\/","https:\/\/www.youtube.com\/channel\/UCleq-ByQaA42OjhopwevRjQ","https:\/\/www.facebook.com\/italpassion.en\/","https:\/\/www.facebook.com\/italpassion.it\/","https:\/\/www.facebook.com\/italpassion.de\/","https:\/\/www.facebook.com\/italpassion.ja\/"]},{"@type":"Person","@id":"https:\/\/www.italpassion.fr\/pt\/#\/schema\/person\/36f747b2a759ca202d847e85a9434ca0","name":"Alexandre Filluzeau","image":{"@type":"ImageObject","inLanguage":"pt-PT","@id":"https:\/\/www.italpassion.fr\/pt\/#\/schema\/person\/image\/","url":"https:\/\/www.italpassion.fr\/wp-content\/uploads\/2025\/04\/avatar-alexandre-160x160.jpg","contentUrl":"https:\/\/www.italpassion.fr\/wp-content\/uploads\/2025\/04\/avatar-alexandre-160x160.jpg","caption":"Alexandre Filluzeau"},"description":"Fundador do site ItalPassion, apaixonado por carros italianos e pela It\u00e1lia em geral. Trago um olhar cr\u00edtico e t\u00e9cnico \u00e0s not\u00edcias das marcas italianas, sempre que poss\u00edvel. Propriet\u00e1ria de um Maserati GranTurismo, Alfa Romeo MiTo, Lancia Fulvia e Ducati 695. Ex-propriet\u00e1rio de uma Alfa Romeo Giulia.","sameAs":["https:\/\/www.italpassion.fr\/"],"url":"https:\/\/www.italpassion.fr\/pt\/author\/alexandre\/"}]}},"_links":{"self":[{"href":"https:\/\/www.italpassion.fr\/pt\/wp-json\/wp\/v2\/posts\/38764","targetHints":{"allow":["GET"]}}],"collection":[{"href":"https:\/\/www.italpassion.fr\/pt\/wp-json\/wp\/v2\/posts"}],"about":[{"href":"https:\/\/www.italpassion.fr\/pt\/wp-json\/wp\/v2\/types\/post"}],"author":[{"embeddable":true,"href":"https:\/\/www.italpassion.fr\/pt\/wp-json\/wp\/v2\/users\/1"}],"replies":[{"embeddable":true,"href":"https:\/\/www.italpassion.fr\/pt\/wp-json\/wp\/v2\/comments?post=38764"}],"version-history":[{"count":3,"href":"https:\/\/www.italpassion.fr\/pt\/wp-json\/wp\/v2\/posts\/38764\/revisions"}],"predecessor-version":[{"id":38777,"href":"https:\/\/www.italpassion.fr\/pt\/wp-json\/wp\/v2\/posts\/38764\/revisions\/38777"}],"wp:featuredmedia":[{"embeddable":true,"href":"https:\/\/www.italpassion.fr\/pt\/wp-json\/wp\/v2\/media\/38773"}],"wp:attachment":[{"href":"https:\/\/www.italpassion.fr\/pt\/wp-json\/wp\/v2\/media?parent=38764"}],"wp:term":[{"taxonomy":"category","embeddable":true,"href":"https:\/\/www.italpassion.fr\/pt\/wp-json\/wp\/v2\/categories?post=38764"},{"taxonomy":"post_tag","embeddable":true,"href":"https:\/\/www.italpassion.fr\/pt\/wp-json\/wp\/v2\/tags?post=38764"}],"curies":[{"name":"wp","href":"https:\/\/api.w.org\/{rel}","templated":true}]}}