{"id":38708,"date":"2025-05-27T10:02:15","date_gmt":"2025-05-27T08:02:15","guid":{"rendered":"https:\/\/www.italpassion.fr\/?p=38708"},"modified":"2025-05-27T10:02:15","modified_gmt":"2025-05-27T08:02:15","slug":"o-presidente-da-alfa-romeo-confirma-quadrifoglios-a-gasolina-e-electricos","status":"publish","type":"post","link":"https:\/\/www.italpassion.fr\/pt\/alfa-romeo\/alfa-romeo-le-ceo-a-confirme-des-quadrifoglio-a-essence-et-electrique\/","title":{"rendered":"Alfa Romeo: CEO confirma Quadrifoglio a gasolina e el\u00e9trico"},"content":{"rendered":"<figure class=\"wp-block-image size-full\"><img loading=\"lazy\" decoding=\"async\" width=\"1200\" height=\"800\" src=\"https:\/\/www.italpassion.fr\/wp-content\/uploads\/2025\/05\/alfa-romeo-quadrifoglio-2025.jpg\" alt=\"\" class=\"wp-image-38711\" srcset=\"https:\/\/www.italpassion.fr\/wp-content\/uploads\/2025\/05\/alfa-romeo-quadrifoglio-2025.jpg 1200w, https:\/\/www.italpassion.fr\/wp-content\/uploads\/2025\/05\/alfa-romeo-quadrifoglio-2025-420x280.jpg 420w, https:\/\/www.italpassion.fr\/wp-content\/uploads\/2025\/05\/alfa-romeo-quadrifoglio-2025-768x512.jpg 768w, https:\/\/www.italpassion.fr\/wp-content\/uploads\/2025\/05\/alfa-romeo-quadrifoglio-2025-18x12.jpg 18w\" sizes=\"auto, (max-width: 1200px) 100vw, 1200px\" \/><\/figure>\n\n\n\n<p>Foi no prestigiado evento FuoriConcorso 2025, realizado em 24 e 25 de maio nas margens do Lago de Como, juntamente com o Villa d'Este Concours d'Elegance, <strong>que Santo Ficili, Diretor-Geral da Alfa Romeo, levantou uma ponta do v\u00e9u sobre o futuro das vers\u00f5es Quadrifoglio. <\/strong>E se as suas declara\u00e7\u00f5es servirem para alguma coisa, os entusiastas do desempenho ter\u00e3o algumas surpresas el\u00e9ctricas... bem como t\u00e9rmicas.<\/p>\n\n\n\n<p>Entre as j\u00f3ias expostas estava o altamente exclusivo Alfa Romeo 33 Stradale, ao lado de outros modelos emblem\u00e1ticos da marca. Mas foi sobretudo a entrevista de Ficili \u00e0 imprensa, em particular \u00e0 Motor1, que chamou a aten\u00e7\u00e3o. Quando questionado sobre o futuro do Quadrifoglio, ele foi direto:<\/p>\n\n\n\n<blockquote class=\"wp-block-quote is-layout-flow wp-block-quote-is-layout-flow\"><svg aria-hidden=\"true\" focusable=\"false\" class=\"icon icon-quote\" width=\"48\" height=\"48\"><use xlink:href=\"#icon-quote\"><\/use><\/svg>\n<p>\"Vamos surpreend\u00ea-lo com motores el\u00e9ctricos e de combust\u00e3o.<\/p>\n<\/blockquote>\n\n\n\n<p>Esta \u00e9 uma resposta significativa, dado que a Alfa Romeo tinha inicialmente anunciado um 100 % el\u00e9trico para 2027. O respons\u00e1vel da Alfa Romeo disse aos meios de comunica\u00e7\u00e3o social \"alvolante\" que a marca est\u00e1 a trabalhar na redefini\u00e7\u00e3o do calend\u00e1rio do motor de combust\u00e3o interna:<\/p>\n\n\n\n<blockquote class=\"wp-block-quote is-layout-flow wp-block-quote-is-layout-flow\"><svg aria-hidden=\"true\" focusable=\"false\" class=\"icon icon-quote\" width=\"48\" height=\"48\"><use xlink:href=\"#icon-quote\"><\/use><\/svg>\n<p>\"Como sabem, t\u00ednhamos ido na dire\u00e7\u00e3o de ter apenas carros el\u00e9ctricos, mas tamb\u00e9m temos de desenvolver motores de combust\u00e3o interna, para os quais estamos a definir um calend\u00e1rio\".<br>Quanto \u00e0 quest\u00e3o do regresso \u00e0 energia t\u00e9rmica at\u00e9 2026, Ficili foi evasiva:<br>\"Em breve, dir-lhe-emos.\"<\/p>\n<\/blockquote>\n\n\n\n<h2 class=\"wp-block-heading\">Rumo a uma oferta dupla Quadrifoglio?<\/h2>\n\n\n\n<p>Quer isto dizer que a Alfa Romeo est\u00e1 a preparar uma dupla vers\u00e3o Quadrifoglio para os seus futuros modelos: uma vers\u00e3o h\u00edbrida com motor de combust\u00e3o interna (talvez para a nova gera\u00e7\u00e3o Giulia e Stelvio) e uma vers\u00e3o 100 % el\u00e9ctrica (como a que se espera para o 33 Stradale)? <strong>Ou que \"combust\u00e3o e el\u00e9trico\" indica simplesmente uma vers\u00e3o h\u00edbrida plug-in.<\/strong><\/p>\n\n\n\n<p>O mist\u00e9rio mant\u00e9m-se, mas uma coisa \u00e9 certa: o motor de combust\u00e3o interna continua a ser uma aposta. A Santo Ficili n\u00e3o confirmou qual o bloco de motor a utilizar, mas h\u00e1 dois candidatos que parecem destacar-se:<\/p>\n\n\n\n<ul class=\"wp-block-list\">\n<li>a <strong>GME 3.0L 6 cilindros<\/strong>j\u00e1 utilizado nos Estados Unidos nos modelos Dodge, Ram e Jeep;<\/li>\n\n\n\n<li>a <strong>Nettuno 3.0L V6<\/strong>  da Maserati, nomeadamente montado no MC20 (e derivado do Alfa Romeo 2.9L V6).<\/li>\n<\/ul>\n\n\n\n<p>Em todos os casos, a hibrida\u00e7\u00e3o \u00e9 expet\u00e1vel. E mesmo a tempo: revel\u00e1mos que <a href=\"https:\/\/www.italpassion.fr\/pt\/stellantis\/stellantis-vai-lancar-novos-motores-de-combustao-hibridos-para-os-seus-modelos-topo-de-gama\/\">Stellantis trabalha com a ZF para integrar uma transmiss\u00e3o h\u00edbrida<\/a> na plataforma STLA Large, que servir\u00e1 de base aos futuros modelos topo de gama da Alfa Romeo, Dodge e Jeep.<\/p>\n\n\n\n<h2 class=\"wp-block-heading\">Tecnologia ZF em apoio<\/h2>\n\n\n\n<p>A ZF desenvolveu a caixa de velocidades autom\u00e1tica 8HP Gen 4, cuja produ\u00e7\u00e3o teve in\u00edcio na Alemanha e ser\u00e1 brevemente fabricada nos Estados Unidos. Esta transmiss\u00e3o incorpora um potente motor el\u00e9trico na caixa de velocidades, oferecendo at\u00e9 160 kW (218 bhp) e 450 Nm de bin\u00e1rio, um desempenho digno de um EV. Melhor ainda:<\/p>\n\n\n\n<blockquote class=\"wp-block-quote is-layout-flow wp-block-quote-is-layout-flow\"><svg aria-hidden=\"true\" focusable=\"false\" class=\"icon icon-quote\" width=\"48\" height=\"48\"><use xlink:href=\"#icon-quote\"><\/use><\/svg>\n<p>\"Dependendo do fabricante e da bateria utilizada, \u00e9 poss\u00edvel uma autonomia de mais de 120 km com o 100 % el\u00e9trico\".<\/p>\n<\/blockquote>\n\n\n\n<p>Por outras palavras, com esta tecnologia, a Alfa Romeo poderia oferecer um Quadrifoglio h\u00edbrido plug-in de alto desempenho, mantendo o som, o car\u00e1cter e a sensa\u00e7\u00e3o de um motor de combust\u00e3o. O melhor dos dois mundos?<\/p>\n\n\n\n<figure class=\"wp-block-image size-full\"><img loading=\"lazy\" decoding=\"async\" width=\"960\" height=\"540\" src=\"https:\/\/www.italpassion.fr\/wp-content\/uploads\/2025\/05\/zf-8h-gen4.jpg\" alt=\"\" class=\"wp-image-38710\" srcset=\"https:\/\/www.italpassion.fr\/wp-content\/uploads\/2025\/05\/zf-8h-gen4.jpg 960w, https:\/\/www.italpassion.fr\/wp-content\/uploads\/2025\/05\/zf-8h-gen4-420x236.jpg 420w, https:\/\/www.italpassion.fr\/wp-content\/uploads\/2025\/05\/zf-8h-gen4-768x432.jpg 768w, https:\/\/www.italpassion.fr\/wp-content\/uploads\/2025\/05\/zf-8h-gen4-18x10.jpg 18w\" sizes=\"auto, (max-width: 960px) 100vw, 960px\" \/><\/figure>","protected":false},"excerpt":{"rendered":"","protected":false},"author":1,"featured_media":38711,"comment_status":"open","ping_status":"open","sticky":false,"template":"","format":"standard","meta":{"_acf_changed":false,"_sitemap_exclude":false,"_sitemap_priority":"","_sitemap_frequency":"","footnotes":""},"categories":[22],"tags":[],"class_list":["post-38708","post","type-post","status-publish","format-standard","has-post-thumbnail","hentry","category-alfa-romeo","generate-columns","tablet-grid-50","mobile-grid-100","grid-parent","grid-33"],"acf":[],"yoast_head":"<!-- This site is optimized with the Yoast SEO plugin v25.8 - https:\/\/yoast.com\/wordpress\/plugins\/seo\/ -->\n<title>Alfa Romeo : le CEO a confirm\u00e9 des Quadrifoglio \u00e0 essence et \u00e9lectrique - ItalPassion<\/title>\n<meta name=\"description\" content=\"C\u2019est \u00e0 l\u2019occasion du prestigieux \u00e9v\u00e9nement FuoriConcorso 2025, qui se tenait les 24 et 25 mai sur les rives du lac de C\u00f4me en marge du Concours\" \/>\n<meta name=\"robots\" content=\"index, follow, max-snippet:-1, max-image-preview:large, max-video-preview:-1\" \/>\n<link rel=\"canonical\" href=\"https:\/\/www.italpassion.fr\/pt\/alfa-romeo\/o-presidente-da-alfa-romeo-confirma-quadrifoglios-a-gasolina-e-electricos\/\" \/>\n<meta property=\"og:locale\" content=\"pt_PT\" \/>\n<meta property=\"og:type\" content=\"article\" \/>\n<meta property=\"og:title\" content=\"Alfa Romeo : le CEO a confirm\u00e9 des Quadrifoglio \u00e0 essence et \u00e9lectrique - ItalPassion\" \/>\n<meta property=\"og:description\" content=\"C\u2019est \u00e0 l\u2019occasion du prestigieux \u00e9v\u00e9nement FuoriConcorso 2025, qui se tenait les 24 et 25 mai sur les rives du lac de C\u00f4me en marge du Concours\" \/>\n<meta property=\"og:url\" content=\"https:\/\/www.italpassion.fr\/pt\/alfa-romeo\/o-presidente-da-alfa-romeo-confirma-quadrifoglios-a-gasolina-e-electricos\/\" \/>\n<meta property=\"og:site_name\" content=\"ItalPassion\" \/>\n<meta property=\"article:publisher\" content=\"https:\/\/www.facebook.com\/italpassion\" \/>\n<meta property=\"article:published_time\" content=\"2025-05-27T08:02:15+00:00\" \/>\n<meta property=\"og:image\" content=\"https:\/\/www.italpassion.fr\/wp-content\/uploads\/2025\/05\/alfa-romeo-quadrifoglio-2025.jpg\" \/>\n\t<meta property=\"og:image:width\" content=\"1200\" \/>\n\t<meta property=\"og:image:height\" content=\"800\" \/>\n\t<meta property=\"og:image:type\" content=\"image\/jpeg\" \/>\n<meta name=\"author\" content=\"Alexandre Filluzeau\" \/>\n<meta name=\"twitter:card\" content=\"summary_large_image\" \/>\n<meta name=\"twitter:creator\" content=\"@italpassion\" \/>\n<meta name=\"twitter:site\" content=\"@italpassion\" \/>\n<script type=\"application\/ld+json\" class=\"yoast-schema-graph\">{\"@context\":\"https:\/\/schema.org\",\"@graph\":[{\"@type\":\"NewsArticle\",\"@id\":\"https:\/\/www.italpassion.fr\/pt\/alfa-romeo\/alfa-romeo-le-ceo-a-confirme-des-quadrifoglio-a-essence-et-electrique\/#article\",\"isPartOf\":{\"@id\":\"https:\/\/www.italpassion.fr\/pt\/alfa-romeo\/alfa-romeo-le-ceo-a-confirme-des-quadrifoglio-a-essence-et-electrique\/\"},\"author\":{\"name\":\"Alexandre Filluzeau\",\"@id\":\"https:\/\/www.italpassion.fr\/pt\/#\/schema\/person\/36f747b2a759ca202d847e85a9434ca0\"},\"headline\":\"Alfa Romeo : le CEO a confirm\u00e9 des Quadrifoglio \u00e0 essence et \u00e9lectrique\",\"datePublished\":\"2025-05-27T08:02:15+00:00\",\"mainEntityOfPage\":{\"@id\":\"https:\/\/www.italpassion.fr\/pt\/alfa-romeo\/alfa-romeo-le-ceo-a-confirme-des-quadrifoglio-a-essence-et-electrique\/\"},\"wordCount\":557,\"commentCount\":6,\"publisher\":{\"@id\":\"https:\/\/www.italpassion.fr\/pt\/#organization\"},\"image\":{\"@id\":\"https:\/\/www.italpassion.fr\/pt\/alfa-romeo\/alfa-romeo-le-ceo-a-confirme-des-quadrifoglio-a-essence-et-electrique\/#primaryimage\"},\"thumbnailUrl\":\"https:\/\/www.italpassion.fr\/wp-content\/uploads\/2025\/05\/alfa-romeo-quadrifoglio-2025.jpg\",\"articleSection\":[\"Alfa Romeo\"],\"inLanguage\":\"pt-PT\",\"potentialAction\":[{\"@type\":\"CommentAction\",\"name\":\"Comment\",\"target\":[\"https:\/\/www.italpassion.fr\/pt\/alfa-romeo\/alfa-romeo-le-ceo-a-confirme-des-quadrifoglio-a-essence-et-electrique\/#respond\"]}]},{\"@type\":\"WebPage\",\"@id\":\"https:\/\/www.italpassion.fr\/pt\/alfa-romeo\/alfa-romeo-le-ceo-a-confirme-des-quadrifoglio-a-essence-et-electrique\/\",\"url\":\"https:\/\/www.italpassion.fr\/pt\/alfa-romeo\/alfa-romeo-le-ceo-a-confirme-des-quadrifoglio-a-essence-et-electrique\/\",\"name\":\"Alfa Romeo : le CEO a confirm\u00e9 des Quadrifoglio \u00e0 essence et \u00e9lectrique - ItalPassion\",\"isPartOf\":{\"@id\":\"https:\/\/www.italpassion.fr\/pt\/#website\"},\"primaryImageOfPage\":{\"@id\":\"https:\/\/www.italpassion.fr\/pt\/alfa-romeo\/alfa-romeo-le-ceo-a-confirme-des-quadrifoglio-a-essence-et-electrique\/#primaryimage\"},\"image\":{\"@id\":\"https:\/\/www.italpassion.fr\/pt\/alfa-romeo\/alfa-romeo-le-ceo-a-confirme-des-quadrifoglio-a-essence-et-electrique\/#primaryimage\"},\"thumbnailUrl\":\"https:\/\/www.italpassion.fr\/wp-content\/uploads\/2025\/05\/alfa-romeo-quadrifoglio-2025.jpg\",\"datePublished\":\"2025-05-27T08:02:15+00:00\",\"description\":\"C\u2019est \u00e0 l\u2019occasion du prestigieux \u00e9v\u00e9nement FuoriConcorso 2025, qui se tenait les 24 et 25 mai sur les rives du lac de C\u00f4me en marge du Concours\",\"breadcrumb\":{\"@id\":\"https:\/\/www.italpassion.fr\/pt\/alfa-romeo\/alfa-romeo-le-ceo-a-confirme-des-quadrifoglio-a-essence-et-electrique\/#breadcrumb\"},\"inLanguage\":\"pt-PT\",\"potentialAction\":[{\"@type\":\"ReadAction\",\"target\":[\"https:\/\/www.italpassion.fr\/pt\/alfa-romeo\/alfa-romeo-le-ceo-a-confirme-des-quadrifoglio-a-essence-et-electrique\/\"]}]},{\"@type\":\"ImageObject\",\"inLanguage\":\"pt-PT\",\"@id\":\"https:\/\/www.italpassion.fr\/pt\/alfa-romeo\/alfa-romeo-le-ceo-a-confirme-des-quadrifoglio-a-essence-et-electrique\/#primaryimage\",\"url\":\"https:\/\/www.italpassion.fr\/wp-content\/uploads\/2025\/05\/alfa-romeo-quadrifoglio-2025.jpg\",\"contentUrl\":\"https:\/\/www.italpassion.fr\/wp-content\/uploads\/2025\/05\/alfa-romeo-quadrifoglio-2025.jpg\",\"width\":1200,\"height\":800},{\"@type\":\"BreadcrumbList\",\"@id\":\"https:\/\/www.italpassion.fr\/pt\/alfa-romeo\/alfa-romeo-le-ceo-a-confirme-des-quadrifoglio-a-essence-et-electrique\/#breadcrumb\",\"itemListElement\":[{\"@type\":\"ListItem\",\"position\":1,\"name\":\"Accueil\",\"item\":\"https:\/\/www.italpassion.fr\/pt\/\"},{\"@type\":\"ListItem\",\"position\":2,\"name\":\"Alfa Romeo : le CEO a confirm\u00e9 des Quadrifoglio \u00e0 essence et \u00e9lectrique\"}]},{\"@type\":\"WebSite\",\"@id\":\"https:\/\/www.italpassion.fr\/pt\/#website\",\"url\":\"https:\/\/www.italpassion.fr\/pt\/\",\"name\":\"ItalPassion\",\"description\":\"Les Passionn\u00e9s d&#039;Automobiles Italiennes\",\"publisher\":{\"@id\":\"https:\/\/www.italpassion.fr\/pt\/#organization\"},\"potentialAction\":[{\"@type\":\"SearchAction\",\"target\":{\"@type\":\"EntryPoint\",\"urlTemplate\":\"https:\/\/www.italpassion.fr\/pt\/?s={search_term_string}\"},\"query-input\":{\"@type\":\"PropertyValueSpecification\",\"valueRequired\":true,\"valueName\":\"search_term_string\"}}],\"inLanguage\":\"pt-PT\"},{\"@type\":\"Organization\",\"@id\":\"https:\/\/www.italpassion.fr\/pt\/#organization\",\"name\":\"Italpassion\",\"url\":\"https:\/\/www.italpassion.fr\/pt\/\",\"logo\":{\"@type\":\"ImageObject\",\"inLanguage\":\"pt-PT\",\"@id\":\"https:\/\/www.italpassion.fr\/pt\/#\/schema\/logo\/image\/\",\"url\":\"https:\/\/www.italpassion.fr\/wp-content\/uploads\/2023\/07\/italpassion-yoast.jpg\",\"contentUrl\":\"https:\/\/www.italpassion.fr\/wp-content\/uploads\/2023\/07\/italpassion-yoast.jpg\",\"width\":696,\"height\":696,\"caption\":\"Italpassion\"},\"image\":{\"@id\":\"https:\/\/www.italpassion.fr\/pt\/#\/schema\/logo\/image\/\"},\"sameAs\":[\"https:\/\/www.facebook.com\/italpassion\",\"https:\/\/x.com\/italpassion\",\"https:\/\/www.instagram.com\/italpassionfr\/\",\"https:\/\/www.youtube.com\/channel\/UCleq-ByQaA42OjhopwevRjQ\",\"https:\/\/www.facebook.com\/italpassion.en\/\",\"https:\/\/www.facebook.com\/italpassion.it\/\",\"https:\/\/www.facebook.com\/italpassion.de\/\",\"https:\/\/www.facebook.com\/italpassion.ja\/\"]},{\"@type\":\"Person\",\"@id\":\"https:\/\/www.italpassion.fr\/pt\/#\/schema\/person\/36f747b2a759ca202d847e85a9434ca0\",\"name\":\"Alexandre Filluzeau\",\"image\":{\"@type\":\"ImageObject\",\"inLanguage\":\"pt-PT\",\"@id\":\"https:\/\/www.italpassion.fr\/pt\/#\/schema\/person\/image\/\",\"url\":\"https:\/\/www.italpassion.fr\/wp-content\/uploads\/2025\/04\/avatar-alexandre-160x160.jpg\",\"contentUrl\":\"https:\/\/www.italpassion.fr\/wp-content\/uploads\/2025\/04\/avatar-alexandre-160x160.jpg\",\"caption\":\"Alexandre Filluzeau\"},\"description\":\"Fondateur du site ItalPassion, passionn\u00e9 de voitures italiennes et de l'Italie en g\u00e9n\u00e9ral. J'apporte un regard critique et technique aux actualit\u00e9s des marques italiennes quand cela est possible. Propri\u00e9taire d'une Maserati GranTurismo, Alfa Romeo MiTo, Lancia Fulvia et Ducati 695. Ex-propri\u00e9taire d'une Alfa Romeo Giulia.\",\"sameAs\":[\"https:\/\/www.italpassion.fr\/\"],\"url\":\"https:\/\/www.italpassion.fr\/pt\/author\/alexandre\/\"}]}<\/script>\n<!-- \/ Yoast SEO plugin. -->","yoast_head_json":{"title":"Alfa Romeo: CEO confirma Quadrifoglio a gasolina e el\u00e9trico - ItalPassion","description":"Foi no prestigiado evento FuoriConcorso 2025, realizado a 24 e 25 de maio nas margens do Lago de Como, juntamente com o Concours","robots":{"index":"index","follow":"follow","max-snippet":"max-snippet:-1","max-image-preview":"max-image-preview:large","max-video-preview":"max-video-preview:-1"},"canonical":"https:\/\/www.italpassion.fr\/pt\/alfa-romeo\/o-presidente-da-alfa-romeo-confirma-quadrifoglios-a-gasolina-e-electricos\/","og_locale":"pt_PT","og_type":"article","og_title":"Alfa Romeo : le CEO a confirm\u00e9 des Quadrifoglio \u00e0 essence et \u00e9lectrique - ItalPassion","og_description":"C\u2019est \u00e0 l\u2019occasion du prestigieux \u00e9v\u00e9nement FuoriConcorso 2025, qui se tenait les 24 et 25 mai sur les rives du lac de C\u00f4me en marge du Concours","og_url":"https:\/\/www.italpassion.fr\/pt\/alfa-romeo\/o-presidente-da-alfa-romeo-confirma-quadrifoglios-a-gasolina-e-electricos\/","og_site_name":"ItalPassion","article_publisher":"https:\/\/www.facebook.com\/italpassion","article_published_time":"2025-05-27T08:02:15+00:00","og_image":[{"width":1200,"height":800,"url":"https:\/\/www.italpassion.fr\/wp-content\/uploads\/2025\/05\/alfa-romeo-quadrifoglio-2025.jpg","type":"image\/jpeg"}],"author":"Alexandre Filluzeau","twitter_card":"summary_large_image","twitter_creator":"@italpassion","twitter_site":"@italpassion","schema":{"@context":"https:\/\/schema.org","@graph":[{"@type":"NewsArticle","@id":"https:\/\/www.italpassion.fr\/pt\/alfa-romeo\/alfa-romeo-le-ceo-a-confirme-des-quadrifoglio-a-essence-et-electrique\/#article","isPartOf":{"@id":"https:\/\/www.italpassion.fr\/pt\/alfa-romeo\/alfa-romeo-le-ceo-a-confirme-des-quadrifoglio-a-essence-et-electrique\/"},"author":{"name":"Alexandre Filluzeau","@id":"https:\/\/www.italpassion.fr\/pt\/#\/schema\/person\/36f747b2a759ca202d847e85a9434ca0"},"headline":"Alfa Romeo : le CEO a confirm\u00e9 des Quadrifoglio \u00e0 essence et \u00e9lectrique","datePublished":"2025-05-27T08:02:15+00:00","mainEntityOfPage":{"@id":"https:\/\/www.italpassion.fr\/pt\/alfa-romeo\/alfa-romeo-le-ceo-a-confirme-des-quadrifoglio-a-essence-et-electrique\/"},"wordCount":557,"commentCount":6,"publisher":{"@id":"https:\/\/www.italpassion.fr\/pt\/#organization"},"image":{"@id":"https:\/\/www.italpassion.fr\/pt\/alfa-romeo\/alfa-romeo-le-ceo-a-confirme-des-quadrifoglio-a-essence-et-electrique\/#primaryimage"},"thumbnailUrl":"https:\/\/www.italpassion.fr\/wp-content\/uploads\/2025\/05\/alfa-romeo-quadrifoglio-2025.jpg","articleSection":["Alfa Romeo"],"inLanguage":"pt-PT","potentialAction":[{"@type":"CommentAction","name":"Comment","target":["https:\/\/www.italpassion.fr\/pt\/alfa-romeo\/alfa-romeo-le-ceo-a-confirme-des-quadrifoglio-a-essence-et-electrique\/#respond"]}]},{"@type":"WebPage","@id":"https:\/\/www.italpassion.fr\/pt\/alfa-romeo\/alfa-romeo-le-ceo-a-confirme-des-quadrifoglio-a-essence-et-electrique\/","url":"https:\/\/www.italpassion.fr\/pt\/alfa-romeo\/alfa-romeo-le-ceo-a-confirme-des-quadrifoglio-a-essence-et-electrique\/","name":"Alfa Romeo: CEO confirma Quadrifoglio a gasolina e el\u00e9trico - ItalPassion","isPartOf":{"@id":"https:\/\/www.italpassion.fr\/pt\/#website"},"primaryImageOfPage":{"@id":"https:\/\/www.italpassion.fr\/pt\/alfa-romeo\/alfa-romeo-le-ceo-a-confirme-des-quadrifoglio-a-essence-et-electrique\/#primaryimage"},"image":{"@id":"https:\/\/www.italpassion.fr\/pt\/alfa-romeo\/alfa-romeo-le-ceo-a-confirme-des-quadrifoglio-a-essence-et-electrique\/#primaryimage"},"thumbnailUrl":"https:\/\/www.italpassion.fr\/wp-content\/uploads\/2025\/05\/alfa-romeo-quadrifoglio-2025.jpg","datePublished":"2025-05-27T08:02:15+00:00","description":"Foi no prestigiado evento FuoriConcorso 2025, realizado a 24 e 25 de maio nas margens do Lago de Como, juntamente com o Concours","breadcrumb":{"@id":"https:\/\/www.italpassion.fr\/pt\/alfa-romeo\/alfa-romeo-le-ceo-a-confirme-des-quadrifoglio-a-essence-et-electrique\/#breadcrumb"},"inLanguage":"pt-PT","potentialAction":[{"@type":"ReadAction","target":["https:\/\/www.italpassion.fr\/pt\/alfa-romeo\/alfa-romeo-le-ceo-a-confirme-des-quadrifoglio-a-essence-et-electrique\/"]}]},{"@type":"ImageObject","inLanguage":"pt-PT","@id":"https:\/\/www.italpassion.fr\/pt\/alfa-romeo\/alfa-romeo-le-ceo-a-confirme-des-quadrifoglio-a-essence-et-electrique\/#primaryimage","url":"https:\/\/www.italpassion.fr\/wp-content\/uploads\/2025\/05\/alfa-romeo-quadrifoglio-2025.jpg","contentUrl":"https:\/\/www.italpassion.fr\/wp-content\/uploads\/2025\/05\/alfa-romeo-quadrifoglio-2025.jpg","width":1200,"height":800},{"@type":"BreadcrumbList","@id":"https:\/\/www.italpassion.fr\/pt\/alfa-romeo\/alfa-romeo-le-ceo-a-confirme-des-quadrifoglio-a-essence-et-electrique\/#breadcrumb","itemListElement":[{"@type":"ListItem","position":1,"name":"Accueil","item":"https:\/\/www.italpassion.fr\/pt\/"},{"@type":"ListItem","position":2,"name":"Alfa Romeo : le CEO a confirm\u00e9 des Quadrifoglio \u00e0 essence et \u00e9lectrique"}]},{"@type":"WebSite","@id":"https:\/\/www.italpassion.fr\/pt\/#website","url":"https:\/\/www.italpassion.fr\/pt\/","name":"ItalPassion","description":"Entusiastas de autom\u00f3veis italianos","publisher":{"@id":"https:\/\/www.italpassion.fr\/pt\/#organization"},"potentialAction":[{"@type":"SearchAction","target":{"@type":"EntryPoint","urlTemplate":"https:\/\/www.italpassion.fr\/pt\/?s={search_term_string}"},"query-input":{"@type":"PropertyValueSpecification","valueRequired":true,"valueName":"search_term_string"}}],"inLanguage":"pt-PT"},{"@type":"Organization","@id":"https:\/\/www.italpassion.fr\/pt\/#organization","name":"Italpassion","url":"https:\/\/www.italpassion.fr\/pt\/","logo":{"@type":"ImageObject","inLanguage":"pt-PT","@id":"https:\/\/www.italpassion.fr\/pt\/#\/schema\/logo\/image\/","url":"https:\/\/www.italpassion.fr\/wp-content\/uploads\/2023\/07\/italpassion-yoast.jpg","contentUrl":"https:\/\/www.italpassion.fr\/wp-content\/uploads\/2023\/07\/italpassion-yoast.jpg","width":696,"height":696,"caption":"Italpassion"},"image":{"@id":"https:\/\/www.italpassion.fr\/pt\/#\/schema\/logo\/image\/"},"sameAs":["https:\/\/www.facebook.com\/italpassion","https:\/\/x.com\/italpassion","https:\/\/www.instagram.com\/italpassionfr\/","https:\/\/www.youtube.com\/channel\/UCleq-ByQaA42OjhopwevRjQ","https:\/\/www.facebook.com\/italpassion.en\/","https:\/\/www.facebook.com\/italpassion.it\/","https:\/\/www.facebook.com\/italpassion.de\/","https:\/\/www.facebook.com\/italpassion.ja\/"]},{"@type":"Person","@id":"https:\/\/www.italpassion.fr\/pt\/#\/schema\/person\/36f747b2a759ca202d847e85a9434ca0","name":"Alexandre Filluzeau","image":{"@type":"ImageObject","inLanguage":"pt-PT","@id":"https:\/\/www.italpassion.fr\/pt\/#\/schema\/person\/image\/","url":"https:\/\/www.italpassion.fr\/wp-content\/uploads\/2025\/04\/avatar-alexandre-160x160.jpg","contentUrl":"https:\/\/www.italpassion.fr\/wp-content\/uploads\/2025\/04\/avatar-alexandre-160x160.jpg","caption":"Alexandre Filluzeau"},"description":"Fundador do site ItalPassion, apaixonado por carros italianos e pela It\u00e1lia em geral. Trago um olhar cr\u00edtico e t\u00e9cnico \u00e0s not\u00edcias das marcas italianas, sempre que poss\u00edvel. Propriet\u00e1ria de um Maserati GranTurismo, Alfa Romeo MiTo, Lancia Fulvia e Ducati 695. Ex-propriet\u00e1rio de uma Alfa Romeo Giulia.","sameAs":["https:\/\/www.italpassion.fr\/"],"url":"https:\/\/www.italpassion.fr\/pt\/author\/alexandre\/"}]}},"_links":{"self":[{"href":"https:\/\/www.italpassion.fr\/pt\/wp-json\/wp\/v2\/posts\/38708","targetHints":{"allow":["GET"]}}],"collection":[{"href":"https:\/\/www.italpassion.fr\/pt\/wp-json\/wp\/v2\/posts"}],"about":[{"href":"https:\/\/www.italpassion.fr\/pt\/wp-json\/wp\/v2\/types\/post"}],"author":[{"embeddable":true,"href":"https:\/\/www.italpassion.fr\/pt\/wp-json\/wp\/v2\/users\/1"}],"replies":[{"embeddable":true,"href":"https:\/\/www.italpassion.fr\/pt\/wp-json\/wp\/v2\/comments?post=38708"}],"version-history":[{"count":2,"href":"https:\/\/www.italpassion.fr\/pt\/wp-json\/wp\/v2\/posts\/38708\/revisions"}],"predecessor-version":[{"id":38712,"href":"https:\/\/www.italpassion.fr\/pt\/wp-json\/wp\/v2\/posts\/38708\/revisions\/38712"}],"wp:featuredmedia":[{"embeddable":true,"href":"https:\/\/www.italpassion.fr\/pt\/wp-json\/wp\/v2\/media\/38711"}],"wp:attachment":[{"href":"https:\/\/www.italpassion.fr\/pt\/wp-json\/wp\/v2\/media?parent=38708"}],"wp:term":[{"taxonomy":"category","embeddable":true,"href":"https:\/\/www.italpassion.fr\/pt\/wp-json\/wp\/v2\/categories?post=38708"},{"taxonomy":"post_tag","embeddable":true,"href":"https:\/\/www.italpassion.fr\/pt\/wp-json\/wp\/v2\/tags?post=38708"}],"curies":[{"name":"wp","href":"https:\/\/api.w.org\/{rel}","templated":true}]}}