{"id":38697,"date":"2025-05-26T14:29:33","date_gmt":"2025-05-26T12:29:33","guid":{"rendered":"https:\/\/www.italpassion.fr\/?p=38697"},"modified":"2025-05-26T14:29:33","modified_gmt":"2025-05-26T12:29:33","slug":"ele-compra-o-ferrari-360-mais-barato-do-mercado-um-bom-plano-ou-uma-armadilha-dourada-o-seu-balanco-um-ano-depois","status":"publish","type":"post","link":"https:\/\/www.italpassion.fr\/pt\/ferrari\/il-achete-la-ferrari-360-la-moins-chere-du-marche-bon-plan-ou-piege-dore-son-bilan-un-an-apres\/","title":{"rendered":"Compra o Ferrari 360 mais barato do mercado: bom neg\u00f3cio ou armadilha dourada? Um ano depois"},"content":{"rendered":"<figure class=\"wp-block-image size-full\"><img loading=\"lazy\" decoding=\"async\" width=\"1200\" height=\"800\" src=\"https:\/\/www.italpassion.fr\/wp-content\/uploads\/2025\/05\/ferrari-360-modena-grise.jpg\" alt=\"\" class=\"wp-image-38700\" srcset=\"https:\/\/www.italpassion.fr\/wp-content\/uploads\/2025\/05\/ferrari-360-modena-grise.jpg 1200w, https:\/\/www.italpassion.fr\/wp-content\/uploads\/2025\/05\/ferrari-360-modena-grise-420x280.jpg 420w, https:\/\/www.italpassion.fr\/wp-content\/uploads\/2025\/05\/ferrari-360-modena-grise-768x512.jpg 768w, https:\/\/www.italpassion.fr\/wp-content\/uploads\/2025\/05\/ferrari-360-modena-grise-18x12.jpg 18w\" sizes=\"auto, (max-width: 1200px) 100vw, 1200px\" \/><\/figure>\n\n\n\n<p><strong>Em 2024, o YouTuber americano Vin_Tra causou sensa\u00e7\u00e3o no seu v\u00eddeo ao comprar um Ferrari 360 Modena por apenas 47.000 $, <\/strong>provavelmente o mais barato do mercado norte-americano na altura. Um ano depois, qual \u00e9 a situa\u00e7\u00e3o desta aposta louca? Aqui est\u00e1 uma an\u00e1lise completa de um projeto como nenhum outro.<\/p>\n\n\n\n<h2 class=\"wp-block-heading\">Uma compra arriscada mas respons\u00e1vel<\/h2>\n\n\n\n<p>Sem concession\u00e1rio Ferrari, sem inspe\u00e7\u00e3o pr\u00e9-compra. <strong>Vin_Tra confiou nos seus instintos e levou este Ferrari de 1999 para casa,<\/strong> Vers\u00e3o F1 com caixa de velocidades robotizada, numa configura\u00e7\u00e3o menos popular: cor \"av\u00f4\" e interior \"Crema\" cansado. O veredito foi dado logo na primeira lavagem: pintura nova, far\u00f3is opacos, interior desbotado, pele que encolhe, estofos que pendem... mas um motor que funciona bem e um registo de manuten\u00e7\u00e3o impressionante, superior a 220.000 $ em facturas acumuladas (de 1999 a 2024).<\/p>\n\n\n\n<figure class=\"wp-block-embed is-type-video is-provider-youtube wp-block-embed-youtube wp-embed-aspect-16-9 wp-has-aspect-ratio\"><div class=\"wp-block-embed__wrapper\">\n<iframe loading=\"lazy\" title=\"INSPEC\u00c7\u00c3O DO FERRARI 360 MAIS BARATO DO MUNDO - QU\u00c3O MAU \u00c9?\" width=\"1200\" height=\"675\" src=\"https:\/\/www.youtube-nocookie.com\/embed\/EK4pb0_5XuI?feature=oembed\" frameborder=\"0\" allow=\"accelerometer; autoplay; clipboard-write; encrypted-media; gyroscope; picture-in-picture; web-share\" referrerpolicy=\"strict-origin-when-cross-origin\" allowfullscreen><\/iframe>\n<\/div><\/figure>\n\n\n\n<h2 class=\"wp-block-heading\">Objetivo: torn\u00e1-la uma atividade di\u00e1ria<\/h2>\n\n\n\n<p><strong>Contra todas as probabilidades, o 360 tornou-se o seu quotidiano. <\/strong>No espa\u00e7o de um ano, percorreu mais de 19.000 km, levou-o em viagens de carro, levou-o at\u00e9 Pikes Peak, empurrou-o para a pista e deu-lhe uma segunda vida mec\u00e2nica e est\u00e9tica.<\/p>\n\n\n\n<figure class=\"wp-block-image size-full\"><img loading=\"lazy\" decoding=\"async\" width=\"1200\" height=\"800\" src=\"https:\/\/www.italpassion.fr\/wp-content\/uploads\/2025\/05\/ferrari-360-grise-2.jpg\" alt=\"\" class=\"wp-image-38701\" srcset=\"https:\/\/www.italpassion.fr\/wp-content\/uploads\/2025\/05\/ferrari-360-grise-2.jpg 1200w, https:\/\/www.italpassion.fr\/wp-content\/uploads\/2025\/05\/ferrari-360-grise-2-420x280.jpg 420w, https:\/\/www.italpassion.fr\/wp-content\/uploads\/2025\/05\/ferrari-360-grise-2-768x512.jpg 768w, https:\/\/www.italpassion.fr\/wp-content\/uploads\/2025\/05\/ferrari-360-grise-2-18x12.jpg 18w\" sizes=\"auto, (max-width: 1200px) 100vw, 1200px\" \/><\/figure>\n\n\n\n<p><strong>As principais altera\u00e7\u00f5es incluem<\/strong><\/p>\n\n\n\n<ul class=\"wp-block-list\">\n<li>Convers\u00e3o da caixa manual de 6 velocidades<\/li>\n\n\n\n<li>Novo sistema de escape Inconel<\/li>\n\n\n\n<li>Suspens\u00e3o Nitron R3 com elevador dianteiro<\/li>\n\n\n\n<li>Jantes BBS modificadas de um Nissan 240SX<\/li>\n\n\n\n<li>Interior preto totalmente fumado<\/li>\n\n\n\n<li>Travagem optimizada com discos JuroDisc<\/li>\n<\/ul>\n\n\n\n<p><strong>O resultado? Um Ferrari transformado, mais fi\u00e1vel, mais vivo, mais pessoal.<\/strong><\/p>\n\n\n\n<h2 class=\"wp-block-heading\">Visibilidade inesperada<\/h2>\n\n\n\n<figure class=\"wp-block-image size-full\"><img loading=\"lazy\" decoding=\"async\" width=\"1200\" height=\"800\" src=\"https:\/\/www.italpassion.fr\/wp-content\/uploads\/2025\/05\/ferrari-360-grise-4.jpg\" alt=\"\" class=\"wp-image-38703\" srcset=\"https:\/\/www.italpassion.fr\/wp-content\/uploads\/2025\/05\/ferrari-360-grise-4.jpg 1200w, https:\/\/www.italpassion.fr\/wp-content\/uploads\/2025\/05\/ferrari-360-grise-4-420x280.jpg 420w, https:\/\/www.italpassion.fr\/wp-content\/uploads\/2025\/05\/ferrari-360-grise-4-768x512.jpg 768w, https:\/\/www.italpassion.fr\/wp-content\/uploads\/2025\/05\/ferrari-360-grise-4-18x12.jpg 18w\" sizes=\"auto, (max-width: 1200px) 100vw, 1200px\" \/><\/figure>\n\n\n\n<p>O 360 tamb\u00e9m transformou a carreira do seu propriet\u00e1rio. Aparecendo num v\u00eddeo musical e utilizado em dois an\u00fancios, o Ferrari tornou-se uma personagem de pleno direito no canal, apesar do seu aspeto muito criticado nos primeiros tempos. <strong>Esta \"especifica\u00e7\u00e3o do av\u00f4\" deu ao Youtuber muita notoriedade.<\/strong><\/p>\n\n\n\n<p>E os problemas? Claro que houve. O Ferrari sofreu alguns danos. Um fole do eixo cardan, remendado com fita adesiva, acabou por ceder e as asas dianteiras de alum\u00ednio ficaram partidas ap\u00f3s um impacto. Repara\u00e7\u00f5es? Demasiado caro. Substituir? Imposs\u00edvel sem mudar toda a parte dianteira. Por conseguinte, as asas foram reparadas.<\/p>\n\n\n\n<h2 class=\"wp-block-heading\">A mec\u00e2nica: uma agrad\u00e1vel surpresa<\/h2>\n\n\n\n<figure class=\"wp-block-image size-full\"><img loading=\"lazy\" decoding=\"async\" width=\"1200\" height=\"800\" src=\"https:\/\/www.italpassion.fr\/wp-content\/uploads\/2025\/05\/ferrari-360-grise-3.jpg\" alt=\"\" class=\"wp-image-38702\" srcset=\"https:\/\/www.italpassion.fr\/wp-content\/uploads\/2025\/05\/ferrari-360-grise-3.jpg 1200w, https:\/\/www.italpassion.fr\/wp-content\/uploads\/2025\/05\/ferrari-360-grise-3-420x280.jpg 420w, https:\/\/www.italpassion.fr\/wp-content\/uploads\/2025\/05\/ferrari-360-grise-3-768x512.jpg 768w, https:\/\/www.italpassion.fr\/wp-content\/uploads\/2025\/05\/ferrari-360-grise-3-18x12.jpg 18w\" sizes=\"auto, (max-width: 1200px) 100vw, 1200px\" \/><\/figure>\n\n\n\n<p><strong>Num ano de estrada: nenhuma avaria grave. <\/strong>Duas mudan\u00e7as de \u00f3leo, substitui\u00e7\u00e3o dos apoios do motor e uma mudan\u00e7a de embraiagem quando o carro foi convertido para uma caixa de velocidades manual. \u00c9 tudo. Nada mau para um Ferrari com uma reputa\u00e7\u00e3o de temperamento. E isto apesar de uma anomalia n\u00e3o resolvida nas emiss\u00f5es de CO2 que ainda impede o carro de passar nas normas californianas.<\/p>\n\n\n\n<p><strong>O projeto est\u00e1 agora a entrar na sua fase final:<\/strong><\/p>\n\n\n\n<ul class=\"wp-block-list\">\n<li>Pintura completa (corre\u00e7\u00e3o de defeitos da carro\u00e7aria, harmoniza\u00e7\u00e3o)<\/li>\n\n\n\n<li>Renova\u00e7\u00e3o do interior (painel de instrumentos, bancos Recaro)<\/li>\n\n\n\n<li>Acabamentos e novos elementos est\u00e9ticos<\/li>\n<\/ul>\n\n\n\n<p><strong>O que \u00e9 que se segue? Um Ferrari restomod verdadeiramente pessoal, constru\u00eddo com paix\u00e3o e engenho.<\/strong><\/p>\n\n\n\n<h2 class=\"wp-block-heading\">Resumo: bom plano ou armadilha dourada?<\/h2>\n\n\n\n<p><strong>Por menos de 65.000 $ (57.000 euros), Vin_Tra conduz um Ferrari 360 Modena manual, fi\u00e1vel, de alto desempenho e com um visual \u00fanico.<\/strong> Abriu-lhe portas, gerou opini\u00f5es e provou que um <strong>supercarro econ\u00f3mico<\/strong> poderia ainda existir, desde que tivesse <strong>coragem, ferramentas... e muita paci\u00eancia<\/strong>. Um ano depois, a sua aposta valeu a pena. E \u00e9 apenas o come\u00e7o.<\/p>\n\n\n\n<figure class=\"wp-block-embed is-type-video is-provider-youtube wp-block-embed-youtube wp-embed-aspect-16-9 wp-has-aspect-ratio\"><div class=\"wp-block-embed__wrapper\">\n<iframe loading=\"lazy\" title=\"O meu projeto de Ferrari barato desapareceu - Aqui est\u00e1 a verdade\" width=\"1200\" height=\"675\" src=\"https:\/\/www.youtube-nocookie.com\/embed\/7LuDK0IxxFY?feature=oembed\" frameborder=\"0\" allow=\"accelerometer; autoplay; clipboard-write; encrypted-media; gyroscope; picture-in-picture; web-share\" referrerpolicy=\"strict-origin-when-cross-origin\" allowfullscreen><\/iframe>\n<\/div><\/figure>","protected":false},"excerpt":{"rendered":"","protected":false},"author":1,"featured_media":38700,"comment_status":"open","ping_status":"open","sticky":false,"template":"","format":"standard","meta":{"_acf_changed":false,"_sitemap_exclude":false,"_sitemap_priority":"","_sitemap_frequency":"","footnotes":""},"categories":[23],"tags":[464,450],"class_list":["post-38697","post","type-post","status-publish","format-standard","has-post-thumbnail","hentry","category-ferrari","tag-ferrari-360","tag-ferrari-360-modena","generate-columns","tablet-grid-50","mobile-grid-100","grid-parent","grid-33"],"acf":[],"yoast_head":"<!-- This site is optimized with the Yoast SEO plugin v25.8 - https:\/\/yoast.com\/wordpress\/plugins\/seo\/ -->\n<title>Il ach\u00e8te la Ferrari 360 la moins ch\u00e8re du march\u00e9 : bon plan ou pi\u00e8ge dor\u00e9 ? Son bilan un an apr\u00e8s - ItalPassion<\/title>\n<meta name=\"description\" content=\"En 2024, le YouTuber am\u00e9ricain Vin_Tra faisait sensation dans sa vid\u00e9o en achetant une Ferrari 360 Modena pour seulement 47 000 $, probablement la moins\" \/>\n<meta name=\"robots\" content=\"index, follow, max-snippet:-1, max-image-preview:large, max-video-preview:-1\" \/>\n<link rel=\"canonical\" href=\"https:\/\/www.italpassion.fr\/pt\/ferrari\/ele-compra-o-ferrari-360-mais-barato-do-mercado-um-bom-plano-ou-uma-armadilha-dourada-o-seu-balanco-um-ano-depois\/\" \/>\n<meta property=\"og:locale\" content=\"pt_PT\" \/>\n<meta property=\"og:type\" content=\"article\" \/>\n<meta property=\"og:title\" content=\"Il ach\u00e8te la Ferrari 360 la moins ch\u00e8re du march\u00e9 : bon plan ou pi\u00e8ge dor\u00e9 ? Son bilan un an apr\u00e8s - ItalPassion\" \/>\n<meta property=\"og:description\" content=\"En 2024, le YouTuber am\u00e9ricain Vin_Tra faisait sensation dans sa vid\u00e9o en achetant une Ferrari 360 Modena pour seulement 47 000 $, probablement la moins\" \/>\n<meta property=\"og:url\" content=\"https:\/\/www.italpassion.fr\/pt\/ferrari\/ele-compra-o-ferrari-360-mais-barato-do-mercado-um-bom-plano-ou-uma-armadilha-dourada-o-seu-balanco-um-ano-depois\/\" \/>\n<meta property=\"og:site_name\" content=\"ItalPassion\" \/>\n<meta property=\"article:publisher\" content=\"https:\/\/www.facebook.com\/italpassion\" \/>\n<meta property=\"article:published_time\" content=\"2025-05-26T12:29:33+00:00\" \/>\n<meta property=\"og:image\" content=\"https:\/\/www.italpassion.fr\/wp-content\/uploads\/2025\/05\/ferrari-360-modena-grise.jpg\" \/>\n\t<meta property=\"og:image:width\" content=\"1200\" \/>\n\t<meta property=\"og:image:height\" content=\"800\" \/>\n\t<meta property=\"og:image:type\" content=\"image\/jpeg\" \/>\n<meta name=\"author\" content=\"Alexandre Filluzeau\" \/>\n<meta name=\"twitter:card\" content=\"summary_large_image\" \/>\n<meta name=\"twitter:creator\" content=\"@italpassion\" \/>\n<meta name=\"twitter:site\" content=\"@italpassion\" \/>\n<script type=\"application\/ld+json\" class=\"yoast-schema-graph\">{\"@context\":\"https:\/\/schema.org\",\"@graph\":[{\"@type\":\"NewsArticle\",\"@id\":\"https:\/\/www.italpassion.fr\/pt\/ferrari\/il-achete-la-ferrari-360-la-moins-chere-du-marche-bon-plan-ou-piege-dore-son-bilan-un-an-apres\/#article\",\"isPartOf\":{\"@id\":\"https:\/\/www.italpassion.fr\/pt\/ferrari\/il-achete-la-ferrari-360-la-moins-chere-du-marche-bon-plan-ou-piege-dore-son-bilan-un-an-apres\/\"},\"author\":{\"name\":\"Alexandre Filluzeau\",\"@id\":\"https:\/\/www.italpassion.fr\/pt\/#\/schema\/person\/36f747b2a759ca202d847e85a9434ca0\"},\"headline\":\"Il ach\u00e8te la Ferrari 360 la moins ch\u00e8re du march\u00e9 : bon plan ou pi\u00e8ge dor\u00e9 ? Son bilan un an apr\u00e8s\",\"datePublished\":\"2025-05-26T12:29:33+00:00\",\"mainEntityOfPage\":{\"@id\":\"https:\/\/www.italpassion.fr\/pt\/ferrari\/il-achete-la-ferrari-360-la-moins-chere-du-marche-bon-plan-ou-piege-dore-son-bilan-un-an-apres\/\"},\"wordCount\":604,\"commentCount\":0,\"publisher\":{\"@id\":\"https:\/\/www.italpassion.fr\/pt\/#organization\"},\"image\":{\"@id\":\"https:\/\/www.italpassion.fr\/pt\/ferrari\/il-achete-la-ferrari-360-la-moins-chere-du-marche-bon-plan-ou-piege-dore-son-bilan-un-an-apres\/#primaryimage\"},\"thumbnailUrl\":\"https:\/\/www.italpassion.fr\/wp-content\/uploads\/2025\/05\/ferrari-360-modena-grise.jpg\",\"keywords\":[\"Ferrari 360\",\"Ferrari 360 modena\"],\"articleSection\":[\"Ferrari\"],\"inLanguage\":\"pt-PT\",\"potentialAction\":[{\"@type\":\"CommentAction\",\"name\":\"Comment\",\"target\":[\"https:\/\/www.italpassion.fr\/pt\/ferrari\/il-achete-la-ferrari-360-la-moins-chere-du-marche-bon-plan-ou-piege-dore-son-bilan-un-an-apres\/#respond\"]}]},{\"@type\":\"WebPage\",\"@id\":\"https:\/\/www.italpassion.fr\/pt\/ferrari\/il-achete-la-ferrari-360-la-moins-chere-du-marche-bon-plan-ou-piege-dore-son-bilan-un-an-apres\/\",\"url\":\"https:\/\/www.italpassion.fr\/pt\/ferrari\/il-achete-la-ferrari-360-la-moins-chere-du-marche-bon-plan-ou-piege-dore-son-bilan-un-an-apres\/\",\"name\":\"Il ach\u00e8te la Ferrari 360 la moins ch\u00e8re du march\u00e9 : bon plan ou pi\u00e8ge dor\u00e9 ? Son bilan un an apr\u00e8s - ItalPassion\",\"isPartOf\":{\"@id\":\"https:\/\/www.italpassion.fr\/pt\/#website\"},\"primaryImageOfPage\":{\"@id\":\"https:\/\/www.italpassion.fr\/pt\/ferrari\/il-achete-la-ferrari-360-la-moins-chere-du-marche-bon-plan-ou-piege-dore-son-bilan-un-an-apres\/#primaryimage\"},\"image\":{\"@id\":\"https:\/\/www.italpassion.fr\/pt\/ferrari\/il-achete-la-ferrari-360-la-moins-chere-du-marche-bon-plan-ou-piege-dore-son-bilan-un-an-apres\/#primaryimage\"},\"thumbnailUrl\":\"https:\/\/www.italpassion.fr\/wp-content\/uploads\/2025\/05\/ferrari-360-modena-grise.jpg\",\"datePublished\":\"2025-05-26T12:29:33+00:00\",\"description\":\"En 2024, le YouTuber am\u00e9ricain Vin_Tra faisait sensation dans sa vid\u00e9o en achetant une Ferrari 360 Modena pour seulement 47 000 $, probablement la moins\",\"breadcrumb\":{\"@id\":\"https:\/\/www.italpassion.fr\/pt\/ferrari\/il-achete-la-ferrari-360-la-moins-chere-du-marche-bon-plan-ou-piege-dore-son-bilan-un-an-apres\/#breadcrumb\"},\"inLanguage\":\"pt-PT\",\"potentialAction\":[{\"@type\":\"ReadAction\",\"target\":[\"https:\/\/www.italpassion.fr\/pt\/ferrari\/il-achete-la-ferrari-360-la-moins-chere-du-marche-bon-plan-ou-piege-dore-son-bilan-un-an-apres\/\"]}]},{\"@type\":\"ImageObject\",\"inLanguage\":\"pt-PT\",\"@id\":\"https:\/\/www.italpassion.fr\/pt\/ferrari\/il-achete-la-ferrari-360-la-moins-chere-du-marche-bon-plan-ou-piege-dore-son-bilan-un-an-apres\/#primaryimage\",\"url\":\"https:\/\/www.italpassion.fr\/wp-content\/uploads\/2025\/05\/ferrari-360-modena-grise.jpg\",\"contentUrl\":\"https:\/\/www.italpassion.fr\/wp-content\/uploads\/2025\/05\/ferrari-360-modena-grise.jpg\",\"width\":1200,\"height\":800},{\"@type\":\"BreadcrumbList\",\"@id\":\"https:\/\/www.italpassion.fr\/pt\/ferrari\/il-achete-la-ferrari-360-la-moins-chere-du-marche-bon-plan-ou-piege-dore-son-bilan-un-an-apres\/#breadcrumb\",\"itemListElement\":[{\"@type\":\"ListItem\",\"position\":1,\"name\":\"Accueil\",\"item\":\"https:\/\/www.italpassion.fr\/pt\/\"},{\"@type\":\"ListItem\",\"position\":2,\"name\":\"Il ach\u00e8te la Ferrari 360 la moins ch\u00e8re du march\u00e9 : bon plan ou pi\u00e8ge dor\u00e9 ? Son bilan un an apr\u00e8s\"}]},{\"@type\":\"WebSite\",\"@id\":\"https:\/\/www.italpassion.fr\/pt\/#website\",\"url\":\"https:\/\/www.italpassion.fr\/pt\/\",\"name\":\"ItalPassion\",\"description\":\"Les Passionn\u00e9s d&#039;Automobiles Italiennes\",\"publisher\":{\"@id\":\"https:\/\/www.italpassion.fr\/pt\/#organization\"},\"potentialAction\":[{\"@type\":\"SearchAction\",\"target\":{\"@type\":\"EntryPoint\",\"urlTemplate\":\"https:\/\/www.italpassion.fr\/pt\/?s={search_term_string}\"},\"query-input\":{\"@type\":\"PropertyValueSpecification\",\"valueRequired\":true,\"valueName\":\"search_term_string\"}}],\"inLanguage\":\"pt-PT\"},{\"@type\":\"Organization\",\"@id\":\"https:\/\/www.italpassion.fr\/pt\/#organization\",\"name\":\"Italpassion\",\"url\":\"https:\/\/www.italpassion.fr\/pt\/\",\"logo\":{\"@type\":\"ImageObject\",\"inLanguage\":\"pt-PT\",\"@id\":\"https:\/\/www.italpassion.fr\/pt\/#\/schema\/logo\/image\/\",\"url\":\"https:\/\/www.italpassion.fr\/wp-content\/uploads\/2023\/07\/italpassion-yoast.jpg\",\"contentUrl\":\"https:\/\/www.italpassion.fr\/wp-content\/uploads\/2023\/07\/italpassion-yoast.jpg\",\"width\":696,\"height\":696,\"caption\":\"Italpassion\"},\"image\":{\"@id\":\"https:\/\/www.italpassion.fr\/pt\/#\/schema\/logo\/image\/\"},\"sameAs\":[\"https:\/\/www.facebook.com\/italpassion\",\"https:\/\/x.com\/italpassion\",\"https:\/\/www.instagram.com\/italpassionfr\/\",\"https:\/\/www.youtube.com\/channel\/UCleq-ByQaA42OjhopwevRjQ\",\"https:\/\/www.facebook.com\/italpassion.en\/\",\"https:\/\/www.facebook.com\/italpassion.it\/\",\"https:\/\/www.facebook.com\/italpassion.de\/\",\"https:\/\/www.facebook.com\/italpassion.ja\/\"]},{\"@type\":\"Person\",\"@id\":\"https:\/\/www.italpassion.fr\/pt\/#\/schema\/person\/36f747b2a759ca202d847e85a9434ca0\",\"name\":\"Alexandre Filluzeau\",\"image\":{\"@type\":\"ImageObject\",\"inLanguage\":\"pt-PT\",\"@id\":\"https:\/\/www.italpassion.fr\/pt\/#\/schema\/person\/image\/\",\"url\":\"https:\/\/www.italpassion.fr\/wp-content\/uploads\/2025\/04\/avatar-alexandre-160x160.jpg\",\"contentUrl\":\"https:\/\/www.italpassion.fr\/wp-content\/uploads\/2025\/04\/avatar-alexandre-160x160.jpg\",\"caption\":\"Alexandre Filluzeau\"},\"description\":\"Fondateur du site ItalPassion, passionn\u00e9 de voitures italiennes et de l'Italie en g\u00e9n\u00e9ral. J'apporte un regard critique et technique aux actualit\u00e9s des marques italiennes quand cela est possible. Propri\u00e9taire d'une Maserati GranTurismo, Alfa Romeo MiTo, Lancia Fulvia et Ducati 695. Ex-propri\u00e9taire d'une Alfa Romeo Giulia.\",\"sameAs\":[\"https:\/\/www.italpassion.fr\/\"],\"url\":\"https:\/\/www.italpassion.fr\/pt\/author\/alexandre\/\"}]}<\/script>\n<!-- \/ Yoast SEO plugin. -->","yoast_head_json":{"title":"Ele compra o Ferrari 360 mais barato do mercado: bom neg\u00f3cio ou armadilha dourada? Um ano depois - ItalPassion","description":"Em 2024, o YouTuber americano Vin_Tra causou sensa\u00e7\u00e3o no seu v\u00eddeo ao comprar um Ferrari 360 Modena por apenas 47.000 $, provavelmente o Ferrari mais barato do mundo.","robots":{"index":"index","follow":"follow","max-snippet":"max-snippet:-1","max-image-preview":"max-image-preview:large","max-video-preview":"max-video-preview:-1"},"canonical":"https:\/\/www.italpassion.fr\/pt\/ferrari\/ele-compra-o-ferrari-360-mais-barato-do-mercado-um-bom-plano-ou-uma-armadilha-dourada-o-seu-balanco-um-ano-depois\/","og_locale":"pt_PT","og_type":"article","og_title":"Il ach\u00e8te la Ferrari 360 la moins ch\u00e8re du march\u00e9 : bon plan ou pi\u00e8ge dor\u00e9 ? Son bilan un an apr\u00e8s - ItalPassion","og_description":"En 2024, le YouTuber am\u00e9ricain Vin_Tra faisait sensation dans sa vid\u00e9o en achetant une Ferrari 360 Modena pour seulement 47 000 $, probablement la moins","og_url":"https:\/\/www.italpassion.fr\/pt\/ferrari\/ele-compra-o-ferrari-360-mais-barato-do-mercado-um-bom-plano-ou-uma-armadilha-dourada-o-seu-balanco-um-ano-depois\/","og_site_name":"ItalPassion","article_publisher":"https:\/\/www.facebook.com\/italpassion","article_published_time":"2025-05-26T12:29:33+00:00","og_image":[{"width":1200,"height":800,"url":"https:\/\/www.italpassion.fr\/wp-content\/uploads\/2025\/05\/ferrari-360-modena-grise.jpg","type":"image\/jpeg"}],"author":"Alexandre Filluzeau","twitter_card":"summary_large_image","twitter_creator":"@italpassion","twitter_site":"@italpassion","schema":{"@context":"https:\/\/schema.org","@graph":[{"@type":"NewsArticle","@id":"https:\/\/www.italpassion.fr\/pt\/ferrari\/il-achete-la-ferrari-360-la-moins-chere-du-marche-bon-plan-ou-piege-dore-son-bilan-un-an-apres\/#article","isPartOf":{"@id":"https:\/\/www.italpassion.fr\/pt\/ferrari\/il-achete-la-ferrari-360-la-moins-chere-du-marche-bon-plan-ou-piege-dore-son-bilan-un-an-apres\/"},"author":{"name":"Alexandre Filluzeau","@id":"https:\/\/www.italpassion.fr\/pt\/#\/schema\/person\/36f747b2a759ca202d847e85a9434ca0"},"headline":"Il ach\u00e8te la Ferrari 360 la moins ch\u00e8re du march\u00e9 : bon plan ou pi\u00e8ge dor\u00e9 ? Son bilan un an apr\u00e8s","datePublished":"2025-05-26T12:29:33+00:00","mainEntityOfPage":{"@id":"https:\/\/www.italpassion.fr\/pt\/ferrari\/il-achete-la-ferrari-360-la-moins-chere-du-marche-bon-plan-ou-piege-dore-son-bilan-un-an-apres\/"},"wordCount":604,"commentCount":0,"publisher":{"@id":"https:\/\/www.italpassion.fr\/pt\/#organization"},"image":{"@id":"https:\/\/www.italpassion.fr\/pt\/ferrari\/il-achete-la-ferrari-360-la-moins-chere-du-marche-bon-plan-ou-piege-dore-son-bilan-un-an-apres\/#primaryimage"},"thumbnailUrl":"https:\/\/www.italpassion.fr\/wp-content\/uploads\/2025\/05\/ferrari-360-modena-grise.jpg","keywords":["Ferrari 360","Ferrari 360 modena"],"articleSection":["Ferrari"],"inLanguage":"pt-PT","potentialAction":[{"@type":"CommentAction","name":"Comment","target":["https:\/\/www.italpassion.fr\/pt\/ferrari\/il-achete-la-ferrari-360-la-moins-chere-du-marche-bon-plan-ou-piege-dore-son-bilan-un-an-apres\/#respond"]}]},{"@type":"WebPage","@id":"https:\/\/www.italpassion.fr\/pt\/ferrari\/il-achete-la-ferrari-360-la-moins-chere-du-marche-bon-plan-ou-piege-dore-son-bilan-un-an-apres\/","url":"https:\/\/www.italpassion.fr\/pt\/ferrari\/il-achete-la-ferrari-360-la-moins-chere-du-marche-bon-plan-ou-piege-dore-son-bilan-un-an-apres\/","name":"Ele compra o Ferrari 360 mais barato do mercado: bom neg\u00f3cio ou armadilha dourada? Um ano depois - ItalPassion","isPartOf":{"@id":"https:\/\/www.italpassion.fr\/pt\/#website"},"primaryImageOfPage":{"@id":"https:\/\/www.italpassion.fr\/pt\/ferrari\/il-achete-la-ferrari-360-la-moins-chere-du-marche-bon-plan-ou-piege-dore-son-bilan-un-an-apres\/#primaryimage"},"image":{"@id":"https:\/\/www.italpassion.fr\/pt\/ferrari\/il-achete-la-ferrari-360-la-moins-chere-du-marche-bon-plan-ou-piege-dore-son-bilan-un-an-apres\/#primaryimage"},"thumbnailUrl":"https:\/\/www.italpassion.fr\/wp-content\/uploads\/2025\/05\/ferrari-360-modena-grise.jpg","datePublished":"2025-05-26T12:29:33+00:00","description":"Em 2024, o YouTuber americano Vin_Tra causou sensa\u00e7\u00e3o no seu v\u00eddeo ao comprar um Ferrari 360 Modena por apenas 47.000 $, provavelmente o Ferrari mais barato do mundo.","breadcrumb":{"@id":"https:\/\/www.italpassion.fr\/pt\/ferrari\/il-achete-la-ferrari-360-la-moins-chere-du-marche-bon-plan-ou-piege-dore-son-bilan-un-an-apres\/#breadcrumb"},"inLanguage":"pt-PT","potentialAction":[{"@type":"ReadAction","target":["https:\/\/www.italpassion.fr\/pt\/ferrari\/il-achete-la-ferrari-360-la-moins-chere-du-marche-bon-plan-ou-piege-dore-son-bilan-un-an-apres\/"]}]},{"@type":"ImageObject","inLanguage":"pt-PT","@id":"https:\/\/www.italpassion.fr\/pt\/ferrari\/il-achete-la-ferrari-360-la-moins-chere-du-marche-bon-plan-ou-piege-dore-son-bilan-un-an-apres\/#primaryimage","url":"https:\/\/www.italpassion.fr\/wp-content\/uploads\/2025\/05\/ferrari-360-modena-grise.jpg","contentUrl":"https:\/\/www.italpassion.fr\/wp-content\/uploads\/2025\/05\/ferrari-360-modena-grise.jpg","width":1200,"height":800},{"@type":"BreadcrumbList","@id":"https:\/\/www.italpassion.fr\/pt\/ferrari\/il-achete-la-ferrari-360-la-moins-chere-du-marche-bon-plan-ou-piege-dore-son-bilan-un-an-apres\/#breadcrumb","itemListElement":[{"@type":"ListItem","position":1,"name":"Accueil","item":"https:\/\/www.italpassion.fr\/pt\/"},{"@type":"ListItem","position":2,"name":"Il ach\u00e8te la Ferrari 360 la moins ch\u00e8re du march\u00e9 : bon plan ou pi\u00e8ge dor\u00e9 ? Son bilan un an apr\u00e8s"}]},{"@type":"WebSite","@id":"https:\/\/www.italpassion.fr\/pt\/#website","url":"https:\/\/www.italpassion.fr\/pt\/","name":"ItalPassion","description":"Entusiastas de autom\u00f3veis italianos","publisher":{"@id":"https:\/\/www.italpassion.fr\/pt\/#organization"},"potentialAction":[{"@type":"SearchAction","target":{"@type":"EntryPoint","urlTemplate":"https:\/\/www.italpassion.fr\/pt\/?s={search_term_string}"},"query-input":{"@type":"PropertyValueSpecification","valueRequired":true,"valueName":"search_term_string"}}],"inLanguage":"pt-PT"},{"@type":"Organization","@id":"https:\/\/www.italpassion.fr\/pt\/#organization","name":"Italpassion","url":"https:\/\/www.italpassion.fr\/pt\/","logo":{"@type":"ImageObject","inLanguage":"pt-PT","@id":"https:\/\/www.italpassion.fr\/pt\/#\/schema\/logo\/image\/","url":"https:\/\/www.italpassion.fr\/wp-content\/uploads\/2023\/07\/italpassion-yoast.jpg","contentUrl":"https:\/\/www.italpassion.fr\/wp-content\/uploads\/2023\/07\/italpassion-yoast.jpg","width":696,"height":696,"caption":"Italpassion"},"image":{"@id":"https:\/\/www.italpassion.fr\/pt\/#\/schema\/logo\/image\/"},"sameAs":["https:\/\/www.facebook.com\/italpassion","https:\/\/x.com\/italpassion","https:\/\/www.instagram.com\/italpassionfr\/","https:\/\/www.youtube.com\/channel\/UCleq-ByQaA42OjhopwevRjQ","https:\/\/www.facebook.com\/italpassion.en\/","https:\/\/www.facebook.com\/italpassion.it\/","https:\/\/www.facebook.com\/italpassion.de\/","https:\/\/www.facebook.com\/italpassion.ja\/"]},{"@type":"Person","@id":"https:\/\/www.italpassion.fr\/pt\/#\/schema\/person\/36f747b2a759ca202d847e85a9434ca0","name":"Alexandre Filluzeau","image":{"@type":"ImageObject","inLanguage":"pt-PT","@id":"https:\/\/www.italpassion.fr\/pt\/#\/schema\/person\/image\/","url":"https:\/\/www.italpassion.fr\/wp-content\/uploads\/2025\/04\/avatar-alexandre-160x160.jpg","contentUrl":"https:\/\/www.italpassion.fr\/wp-content\/uploads\/2025\/04\/avatar-alexandre-160x160.jpg","caption":"Alexandre Filluzeau"},"description":"Fundador do site ItalPassion, apaixonado por carros italianos e pela It\u00e1lia em geral. Trago um olhar cr\u00edtico e t\u00e9cnico \u00e0s not\u00edcias das marcas italianas, sempre que poss\u00edvel. Propriet\u00e1ria de um Maserati GranTurismo, Alfa Romeo MiTo, Lancia Fulvia e Ducati 695. Ex-propriet\u00e1rio de uma Alfa Romeo Giulia.","sameAs":["https:\/\/www.italpassion.fr\/"],"url":"https:\/\/www.italpassion.fr\/pt\/author\/alexandre\/"}]}},"_links":{"self":[{"href":"https:\/\/www.italpassion.fr\/pt\/wp-json\/wp\/v2\/posts\/38697","targetHints":{"allow":["GET"]}}],"collection":[{"href":"https:\/\/www.italpassion.fr\/pt\/wp-json\/wp\/v2\/posts"}],"about":[{"href":"https:\/\/www.italpassion.fr\/pt\/wp-json\/wp\/v2\/types\/post"}],"author":[{"embeddable":true,"href":"https:\/\/www.italpassion.fr\/pt\/wp-json\/wp\/v2\/users\/1"}],"replies":[{"embeddable":true,"href":"https:\/\/www.italpassion.fr\/pt\/wp-json\/wp\/v2\/comments?post=38697"}],"version-history":[{"count":3,"href":"https:\/\/www.italpassion.fr\/pt\/wp-json\/wp\/v2\/posts\/38697\/revisions"}],"predecessor-version":[{"id":38704,"href":"https:\/\/www.italpassion.fr\/pt\/wp-json\/wp\/v2\/posts\/38697\/revisions\/38704"}],"wp:featuredmedia":[{"embeddable":true,"href":"https:\/\/www.italpassion.fr\/pt\/wp-json\/wp\/v2\/media\/38700"}],"wp:attachment":[{"href":"https:\/\/www.italpassion.fr\/pt\/wp-json\/wp\/v2\/media?parent=38697"}],"wp:term":[{"taxonomy":"category","embeddable":true,"href":"https:\/\/www.italpassion.fr\/pt\/wp-json\/wp\/v2\/categories?post=38697"},{"taxonomy":"post_tag","embeddable":true,"href":"https:\/\/www.italpassion.fr\/pt\/wp-json\/wp\/v2\/tags?post=38697"}],"curies":[{"name":"wp","href":"https:\/\/api.w.org\/{rel}","templated":true}]}}