{"id":38390,"date":"2025-05-12T10:31:35","date_gmt":"2025-05-12T08:31:35","guid":{"rendered":"https:\/\/www.italpassion.fr\/?p=38390"},"modified":"2025-05-12T10:31:35","modified_gmt":"2025-05-12T08:31:35","slug":"stellantis-tera-escolhido-o-substituto-de-carlos-tavares","status":"publish","type":"post","link":"https:\/\/www.italpassion.fr\/pt\/stellantis\/stellantis-aurait-choisi-le-remplacant-de-carlos-tavares\/","title":{"rendered":"Stellantis escolheu o substituto de Carlos Tavares"},"content":{"rendered":"<figure class=\"wp-block-image size-large\"><img loading=\"lazy\" decoding=\"async\" width=\"1024\" height=\"683\" src=\"https:\/\/www.italpassion.fr\/wp-content\/uploads\/2025\/01\/antonio-filosa-1024x683.jpg\" alt=\"\" class=\"wp-image-36056\" srcset=\"https:\/\/www.italpassion.fr\/wp-content\/uploads\/2025\/01\/antonio-filosa-1024x683.jpg 1024w, https:\/\/www.italpassion.fr\/wp-content\/uploads\/2025\/01\/antonio-filosa-300x200.jpg 300w, https:\/\/www.italpassion.fr\/wp-content\/uploads\/2025\/01\/antonio-filosa-768x512.jpg 768w, https:\/\/www.italpassion.fr\/wp-content\/uploads\/2025\/01\/antonio-filosa-18x12.jpg 18w, https:\/\/www.italpassion.fr\/wp-content\/uploads\/2025\/01\/antonio-filosa-561x374.jpg 561w, https:\/\/www.italpassion.fr\/wp-content\/uploads\/2025\/01\/antonio-filosa-1122x748.jpg 1122w, https:\/\/www.italpassion.fr\/wp-content\/uploads\/2025\/01\/antonio-filosa-265x177.jpg 265w, https:\/\/www.italpassion.fr\/wp-content\/uploads\/2025\/01\/antonio-filosa-531x354.jpg 531w, https:\/\/www.italpassion.fr\/wp-content\/uploads\/2025\/01\/antonio-filosa-364x243.jpg 364w, https:\/\/www.italpassion.fr\/wp-content\/uploads\/2025\/01\/antonio-filosa-728x485.jpg 728w, https:\/\/www.italpassion.fr\/wp-content\/uploads\/2025\/01\/antonio-filosa-608x405.jpg 608w, https:\/\/www.italpassion.fr\/wp-content\/uploads\/2025\/01\/antonio-filosa-758x505.jpg 758w, https:\/\/www.italpassion.fr\/wp-content\/uploads\/2025\/01\/antonio-filosa-1152x768.jpg 1152w, https:\/\/www.italpassion.fr\/wp-content\/uploads\/2025\/01\/antonio-filosa.jpg 1200w\" sizes=\"auto, (max-width: 1024px) 100vw, 1024px\" \/><\/figure>\n\n\n\n<p>Segundo a Bloomberg, <a href=\"https:\/\/www.italpassion.fr\/pt\/stellantis\/\">Stellantis<\/a> est\u00e1 prestes a nomear um novo Diretor-Geral, e Antonio Filosa, atualmente Diretor das Opera\u00e7\u00f5es na Am\u00e9rica do Norte, surge como o principal candidato.<\/p>\n\n\n\n<h2 class=\"wp-block-heading\">Uma sucess\u00e3o h\u00e1 muito esperada<\/h2>\n\n\n\n<p>A demiss\u00e3o de Carlos Tavares, <a href=\"https:\/\/www.italpassion.fr\/pt\/stellantis\/o-presidente-do-conselho-de-administracao-do-stellantis-carlos-tavares-demite-se\/\">em dezembro de 2024<\/a>Isto deixou o Stellantis sem uma dire\u00e7\u00e3o clara, um vazio \u00e0 frente do gigante autom\u00f3vel que levou v\u00e1rios meses a preencher. Inicialmente, o conselho de administra\u00e7\u00e3o do Stellantis tinha prometido uma nomea\u00e7\u00e3o r\u00e1pida, mas a aus\u00eancia de uma decis\u00e3o definitiva suscitou preocupa\u00e7\u00f5es. As delibera\u00e7\u00f5es demoraram mais tempo do que o previsto, devido \u00e0 complexidade das quest\u00f5es e \u00e0 dif\u00edcil situa\u00e7\u00e3o financeira do grupo.<\/p>\n\n\n\n<p>Ap\u00f3s cinco meses de especula\u00e7\u00e3o e de propostas concorrentes, <strong>Antonio Filosa, que entrou para a Fiat em 1999 e tem sido parte integrante da Stellantis desde a fus\u00e3o com a PSA em 2021, parece estar agora na pole position para suceder a Tavares. <\/strong>Filosa, um italiano de 50 anos, desempenhou um papel fundamental na expans\u00e3o do grupo, particularmente na Am\u00e9rica Latina e, mais recentemente, na Am\u00e9rica do Norte, onde assumiu a dire\u00e7\u00e3o da Jeep e supervisionou a reviravolta nas vendas.<\/p>\n\n\n\n<h2 class=\"wp-block-heading\">Subiu a escada de N\u00e1poles para os Estados Unidos<\/h2>\n\n\n\n<p>Filosa n\u00e3o \u00e9 um desconhecido no mundo dos neg\u00f3cios. Nascido em N\u00e1poles, subiu rapidamente na hierarquia da Fiat, antes de se encontrar \u00e0 frente de v\u00e1rias marcas Stellantis. Esta carreira impressionante deu-lhe um conhecimento profundo dos mercados europeu e americano. A sua nomea\u00e7\u00e3o como Diretor do Stellantis na Am\u00e9rica do Norte, em outubro de 2024, marcou um ponto de viragem decisivo na sua carreira, no meio de um per\u00edodo turbulento para o grupo.<\/p>\n\n\n\n<p>A sua abordagem pragm\u00e1tica, a sua capacidade de gerir crises e o seu carisma natural fizeram dele um l\u00edder muito respeitado no seio do grupo. \"L\u00e1, ele \u00e9 uma estrela\", diz um dos seus colegas, sublinhando o seu papel central no relan\u00e7amento da marca Jeep na Am\u00e9rica do Norte.<\/p>\n\n\n\n<h2 class=\"wp-block-heading\">Um grande desafio para o futuro Diretor Executivo<\/h2>\n\n\n\n<p>Embora a nomea\u00e7\u00e3o de Filosa pare\u00e7a agora quase um dado adquirido, ele enfrenta uma s\u00e9rie de desafios. O principal ser\u00e1 dar a volta ao desempenho do Grupo, particularmente na Am\u00e9rica, onde as vendas ca\u00edram de forma alarmante. Em 2024, a Stellantis viu as suas vendas nos EUA ca\u00edrem 15 %, uma tend\u00eancia que parece destinada a continuar em 2025.<\/p>\n\n\n\n<p>Mas n\u00e3o \u00e9 tudo. Na Europa, a Stellantis tamb\u00e9m se v\u00ea confrontada com o excesso de capacidade de produ\u00e7\u00e3o (as f\u00e1bricas de Termoli e Melfi, em It\u00e1lia, est\u00e3o atualmente a ser alvo de campanhas de despedimento volunt\u00e1rio) e com a press\u00e3o crescente dos construtores chineses, como a BYD, que se afirmam com ve\u00edculos competitivos. No que diz respeito \u00e0s marcas italianas, esperamos tamb\u00e9m que Filosa d\u00ea visibilidade \u00e0 marca Maserati, que parece ter sido colocada em suspenso desde a demiss\u00e3o de Carlos Tavares.<\/p>\n\n\n\n<h2 class=\"wp-block-heading\">O an\u00fancio poder\u00e1 ser feito em breve<\/h2>\n\n\n\n<p>Embora o conselho de administra\u00e7\u00e3o da Stellantis, presidido por John Elkann, tenha declarado que ainda n\u00e3o foi feito qualquer an\u00fancio oficial, a nomea\u00e7\u00e3o de Filosa parece iminente. Desde 9 de maio, a cota\u00e7\u00e3o das ac\u00e7\u00f5es da Stellantis subiu em resposta a estes rumores.<\/p>\n\n\n\n<figure class=\"wp-block-image size-full\"><img loading=\"lazy\" decoding=\"async\" width=\"1023\" height=\"411\" src=\"https:\/\/www.italpassion.fr\/wp-content\/uploads\/2025\/05\/cours-stellantis-mai-2025.jpg\" alt=\"\" class=\"wp-image-38391\" srcset=\"https:\/\/www.italpassion.fr\/wp-content\/uploads\/2025\/05\/cours-stellantis-mai-2025.jpg 1023w, https:\/\/www.italpassion.fr\/wp-content\/uploads\/2025\/05\/cours-stellantis-mai-2025-420x169.jpg 420w, https:\/\/www.italpassion.fr\/wp-content\/uploads\/2025\/05\/cours-stellantis-mai-2025-768x309.jpg 768w, https:\/\/www.italpassion.fr\/wp-content\/uploads\/2025\/05\/cours-stellantis-mai-2025-18x7.jpg 18w\" sizes=\"auto, (max-width: 1023px) 100vw, 1023px\" \/><\/figure>\n\n\n\n<p>Resta agora esperar pela confirma\u00e7\u00e3o oficial de que o italiano, com o seu historial e popularidade interna, ser\u00e1 capaz de conduzir o Stellantis a uma nova era de sucesso.<\/p>","protected":false},"excerpt":{"rendered":"","protected":false},"author":1,"featured_media":36056,"comment_status":"open","ping_status":"open","sticky":false,"template":"","format":"standard","meta":{"_acf_changed":false,"_sitemap_exclude":false,"_sitemap_priority":"","_sitemap_frequency":"","footnotes":""},"categories":[29],"tags":[],"class_list":["post-38390","post","type-post","status-publish","format-standard","has-post-thumbnail","hentry","category-stellantis","generate-columns","tablet-grid-50","mobile-grid-100","grid-parent","grid-33"],"acf":[],"yoast_head":"<!-- This site is optimized with the Yoast SEO plugin v25.8 - https:\/\/yoast.com\/wordpress\/plugins\/seo\/ -->\n<title>Stellantis aurait choisi le rempla\u00e7ant de Carlos Tavares - ItalPassion<\/title>\n<meta name=\"description\" content=\"Selon Bloomberg, Stellantis est sur le point de nommer un nouveau PDG, et c&#039;est Antonio Filosa, actuel responsable des op\u00e9rations en Am\u00e9rique du Nord, qui\" \/>\n<meta name=\"robots\" content=\"index, follow, max-snippet:-1, max-image-preview:large, max-video-preview:-1\" \/>\n<link rel=\"canonical\" href=\"https:\/\/www.italpassion.fr\/pt\/stellantis\/stellantis-tera-escolhido-o-substituto-de-carlos-tavares\/\" \/>\n<meta property=\"og:locale\" content=\"pt_PT\" \/>\n<meta property=\"og:type\" content=\"article\" \/>\n<meta property=\"og:title\" content=\"Stellantis aurait choisi le rempla\u00e7ant de Carlos Tavares - ItalPassion\" \/>\n<meta property=\"og:description\" content=\"Selon Bloomberg, Stellantis est sur le point de nommer un nouveau PDG, et c&#039;est Antonio Filosa, actuel responsable des op\u00e9rations en Am\u00e9rique du Nord, qui\" \/>\n<meta property=\"og:url\" content=\"https:\/\/www.italpassion.fr\/pt\/stellantis\/stellantis-tera-escolhido-o-substituto-de-carlos-tavares\/\" \/>\n<meta property=\"og:site_name\" content=\"ItalPassion\" \/>\n<meta property=\"article:publisher\" content=\"https:\/\/www.facebook.com\/italpassion\" \/>\n<meta property=\"article:published_time\" content=\"2025-05-12T08:31:35+00:00\" \/>\n<meta property=\"og:image\" content=\"https:\/\/www.italpassion.fr\/wp-content\/uploads\/2025\/01\/antonio-filosa.jpg\" \/>\n\t<meta property=\"og:image:width\" content=\"1200\" \/>\n\t<meta property=\"og:image:height\" content=\"800\" \/>\n\t<meta property=\"og:image:type\" content=\"image\/jpeg\" \/>\n<meta name=\"author\" content=\"Alexandre Filluzeau\" \/>\n<meta name=\"twitter:card\" content=\"summary_large_image\" \/>\n<meta name=\"twitter:creator\" content=\"@italpassion\" \/>\n<meta name=\"twitter:site\" content=\"@italpassion\" \/>\n<script type=\"application\/ld+json\" class=\"yoast-schema-graph\">{\"@context\":\"https:\/\/schema.org\",\"@graph\":[{\"@type\":\"NewsArticle\",\"@id\":\"https:\/\/www.italpassion.fr\/pt\/stellantis\/stellantis-aurait-choisi-le-remplacant-de-carlos-tavares\/#article\",\"isPartOf\":{\"@id\":\"https:\/\/www.italpassion.fr\/pt\/stellantis\/stellantis-aurait-choisi-le-remplacant-de-carlos-tavares\/\"},\"author\":{\"name\":\"Alexandre Filluzeau\",\"@id\":\"https:\/\/www.italpassion.fr\/pt\/#\/schema\/person\/36f747b2a759ca202d847e85a9434ca0\"},\"headline\":\"Stellantis aurait choisi le rempla\u00e7ant de Carlos Tavares\",\"datePublished\":\"2025-05-12T08:31:35+00:00\",\"mainEntityOfPage\":{\"@id\":\"https:\/\/www.italpassion.fr\/pt\/stellantis\/stellantis-aurait-choisi-le-remplacant-de-carlos-tavares\/\"},\"wordCount\":603,\"commentCount\":8,\"publisher\":{\"@id\":\"https:\/\/www.italpassion.fr\/pt\/#organization\"},\"image\":{\"@id\":\"https:\/\/www.italpassion.fr\/pt\/stellantis\/stellantis-aurait-choisi-le-remplacant-de-carlos-tavares\/#primaryimage\"},\"thumbnailUrl\":\"https:\/\/www.italpassion.fr\/wp-content\/uploads\/2025\/01\/antonio-filosa.jpg\",\"articleSection\":[\"Stellantis\"],\"inLanguage\":\"pt-PT\",\"potentialAction\":[{\"@type\":\"CommentAction\",\"name\":\"Comment\",\"target\":[\"https:\/\/www.italpassion.fr\/pt\/stellantis\/stellantis-aurait-choisi-le-remplacant-de-carlos-tavares\/#respond\"]}]},{\"@type\":\"WebPage\",\"@id\":\"https:\/\/www.italpassion.fr\/pt\/stellantis\/stellantis-aurait-choisi-le-remplacant-de-carlos-tavares\/\",\"url\":\"https:\/\/www.italpassion.fr\/pt\/stellantis\/stellantis-aurait-choisi-le-remplacant-de-carlos-tavares\/\",\"name\":\"Stellantis aurait choisi le rempla\u00e7ant de Carlos Tavares - ItalPassion\",\"isPartOf\":{\"@id\":\"https:\/\/www.italpassion.fr\/pt\/#website\"},\"primaryImageOfPage\":{\"@id\":\"https:\/\/www.italpassion.fr\/pt\/stellantis\/stellantis-aurait-choisi-le-remplacant-de-carlos-tavares\/#primaryimage\"},\"image\":{\"@id\":\"https:\/\/www.italpassion.fr\/pt\/stellantis\/stellantis-aurait-choisi-le-remplacant-de-carlos-tavares\/#primaryimage\"},\"thumbnailUrl\":\"https:\/\/www.italpassion.fr\/wp-content\/uploads\/2025\/01\/antonio-filosa.jpg\",\"datePublished\":\"2025-05-12T08:31:35+00:00\",\"description\":\"Selon Bloomberg, Stellantis est sur le point de nommer un nouveau PDG, et c'est Antonio Filosa, actuel responsable des op\u00e9rations en Am\u00e9rique du Nord, qui\",\"breadcrumb\":{\"@id\":\"https:\/\/www.italpassion.fr\/pt\/stellantis\/stellantis-aurait-choisi-le-remplacant-de-carlos-tavares\/#breadcrumb\"},\"inLanguage\":\"pt-PT\",\"potentialAction\":[{\"@type\":\"ReadAction\",\"target\":[\"https:\/\/www.italpassion.fr\/pt\/stellantis\/stellantis-aurait-choisi-le-remplacant-de-carlos-tavares\/\"]}]},{\"@type\":\"ImageObject\",\"inLanguage\":\"pt-PT\",\"@id\":\"https:\/\/www.italpassion.fr\/pt\/stellantis\/stellantis-aurait-choisi-le-remplacant-de-carlos-tavares\/#primaryimage\",\"url\":\"https:\/\/www.italpassion.fr\/wp-content\/uploads\/2025\/01\/antonio-filosa.jpg\",\"contentUrl\":\"https:\/\/www.italpassion.fr\/wp-content\/uploads\/2025\/01\/antonio-filosa.jpg\",\"width\":1200,\"height\":800},{\"@type\":\"BreadcrumbList\",\"@id\":\"https:\/\/www.italpassion.fr\/pt\/stellantis\/stellantis-aurait-choisi-le-remplacant-de-carlos-tavares\/#breadcrumb\",\"itemListElement\":[{\"@type\":\"ListItem\",\"position\":1,\"name\":\"Accueil\",\"item\":\"https:\/\/www.italpassion.fr\/pt\/\"},{\"@type\":\"ListItem\",\"position\":2,\"name\":\"Stellantis aurait choisi le rempla\u00e7ant de Carlos Tavares\"}]},{\"@type\":\"WebSite\",\"@id\":\"https:\/\/www.italpassion.fr\/pt\/#website\",\"url\":\"https:\/\/www.italpassion.fr\/pt\/\",\"name\":\"ItalPassion\",\"description\":\"Les Passionn\u00e9s d&#039;Automobiles Italiennes\",\"publisher\":{\"@id\":\"https:\/\/www.italpassion.fr\/pt\/#organization\"},\"potentialAction\":[{\"@type\":\"SearchAction\",\"target\":{\"@type\":\"EntryPoint\",\"urlTemplate\":\"https:\/\/www.italpassion.fr\/pt\/?s={search_term_string}\"},\"query-input\":{\"@type\":\"PropertyValueSpecification\",\"valueRequired\":true,\"valueName\":\"search_term_string\"}}],\"inLanguage\":\"pt-PT\"},{\"@type\":\"Organization\",\"@id\":\"https:\/\/www.italpassion.fr\/pt\/#organization\",\"name\":\"Italpassion\",\"url\":\"https:\/\/www.italpassion.fr\/pt\/\",\"logo\":{\"@type\":\"ImageObject\",\"inLanguage\":\"pt-PT\",\"@id\":\"https:\/\/www.italpassion.fr\/pt\/#\/schema\/logo\/image\/\",\"url\":\"https:\/\/www.italpassion.fr\/wp-content\/uploads\/2023\/07\/italpassion-yoast.jpg\",\"contentUrl\":\"https:\/\/www.italpassion.fr\/wp-content\/uploads\/2023\/07\/italpassion-yoast.jpg\",\"width\":696,\"height\":696,\"caption\":\"Italpassion\"},\"image\":{\"@id\":\"https:\/\/www.italpassion.fr\/pt\/#\/schema\/logo\/image\/\"},\"sameAs\":[\"https:\/\/www.facebook.com\/italpassion\",\"https:\/\/x.com\/italpassion\",\"https:\/\/www.instagram.com\/italpassionfr\/\",\"https:\/\/www.youtube.com\/channel\/UCleq-ByQaA42OjhopwevRjQ\",\"https:\/\/www.facebook.com\/italpassion.en\/\",\"https:\/\/www.facebook.com\/italpassion.it\/\",\"https:\/\/www.facebook.com\/italpassion.de\/\",\"https:\/\/www.facebook.com\/italpassion.ja\/\"]},{\"@type\":\"Person\",\"@id\":\"https:\/\/www.italpassion.fr\/pt\/#\/schema\/person\/36f747b2a759ca202d847e85a9434ca0\",\"name\":\"Alexandre Filluzeau\",\"image\":{\"@type\":\"ImageObject\",\"inLanguage\":\"pt-PT\",\"@id\":\"https:\/\/www.italpassion.fr\/pt\/#\/schema\/person\/image\/\",\"url\":\"https:\/\/www.italpassion.fr\/wp-content\/uploads\/2025\/04\/avatar-alexandre-160x160.jpg\",\"contentUrl\":\"https:\/\/www.italpassion.fr\/wp-content\/uploads\/2025\/04\/avatar-alexandre-160x160.jpg\",\"caption\":\"Alexandre Filluzeau\"},\"description\":\"Fondateur du site ItalPassion, passionn\u00e9 de voitures italiennes et de l'Italie en g\u00e9n\u00e9ral. J'apporte un regard critique et technique aux actualit\u00e9s des marques italiennes quand cela est possible. Propri\u00e9taire d'une Maserati GranTurismo, Alfa Romeo MiTo, Lancia Fulvia et Ducati 695. Ex-propri\u00e9taire d'une Alfa Romeo Giulia.\",\"sameAs\":[\"https:\/\/www.italpassion.fr\/\"],\"url\":\"https:\/\/www.italpassion.fr\/pt\/author\/alexandre\/\"}]}<\/script>\n<!-- \/ Yoast SEO plugin. -->","yoast_head_json":{"title":"Stellantis escolheu o substituto de Carlos Tavares - ItalPassion","description":"De acordo com a Bloomberg, a Stellantis est\u00e1 a nomear um novo CEO e Antonio Filosa, atualmente respons\u00e1vel pelas opera\u00e7\u00f5es na Am\u00e9rica do Norte, ser\u00e1 o respons\u00e1vel.","robots":{"index":"index","follow":"follow","max-snippet":"max-snippet:-1","max-image-preview":"max-image-preview:large","max-video-preview":"max-video-preview:-1"},"canonical":"https:\/\/www.italpassion.fr\/pt\/stellantis\/stellantis-tera-escolhido-o-substituto-de-carlos-tavares\/","og_locale":"pt_PT","og_type":"article","og_title":"Stellantis aurait choisi le rempla\u00e7ant de Carlos Tavares - ItalPassion","og_description":"Selon Bloomberg, Stellantis est sur le point de nommer un nouveau PDG, et c'est Antonio Filosa, actuel responsable des op\u00e9rations en Am\u00e9rique du Nord, qui","og_url":"https:\/\/www.italpassion.fr\/pt\/stellantis\/stellantis-tera-escolhido-o-substituto-de-carlos-tavares\/","og_site_name":"ItalPassion","article_publisher":"https:\/\/www.facebook.com\/italpassion","article_published_time":"2025-05-12T08:31:35+00:00","og_image":[{"width":1200,"height":800,"url":"https:\/\/www.italpassion.fr\/wp-content\/uploads\/2025\/01\/antonio-filosa.jpg","type":"image\/jpeg"}],"author":"Alexandre Filluzeau","twitter_card":"summary_large_image","twitter_creator":"@italpassion","twitter_site":"@italpassion","schema":{"@context":"https:\/\/schema.org","@graph":[{"@type":"NewsArticle","@id":"https:\/\/www.italpassion.fr\/pt\/stellantis\/stellantis-aurait-choisi-le-remplacant-de-carlos-tavares\/#article","isPartOf":{"@id":"https:\/\/www.italpassion.fr\/pt\/stellantis\/stellantis-aurait-choisi-le-remplacant-de-carlos-tavares\/"},"author":{"name":"Alexandre Filluzeau","@id":"https:\/\/www.italpassion.fr\/pt\/#\/schema\/person\/36f747b2a759ca202d847e85a9434ca0"},"headline":"Stellantis aurait choisi le rempla\u00e7ant de Carlos Tavares","datePublished":"2025-05-12T08:31:35+00:00","mainEntityOfPage":{"@id":"https:\/\/www.italpassion.fr\/pt\/stellantis\/stellantis-aurait-choisi-le-remplacant-de-carlos-tavares\/"},"wordCount":603,"commentCount":8,"publisher":{"@id":"https:\/\/www.italpassion.fr\/pt\/#organization"},"image":{"@id":"https:\/\/www.italpassion.fr\/pt\/stellantis\/stellantis-aurait-choisi-le-remplacant-de-carlos-tavares\/#primaryimage"},"thumbnailUrl":"https:\/\/www.italpassion.fr\/wp-content\/uploads\/2025\/01\/antonio-filosa.jpg","articleSection":["Stellantis"],"inLanguage":"pt-PT","potentialAction":[{"@type":"CommentAction","name":"Comment","target":["https:\/\/www.italpassion.fr\/pt\/stellantis\/stellantis-aurait-choisi-le-remplacant-de-carlos-tavares\/#respond"]}]},{"@type":"WebPage","@id":"https:\/\/www.italpassion.fr\/pt\/stellantis\/stellantis-aurait-choisi-le-remplacant-de-carlos-tavares\/","url":"https:\/\/www.italpassion.fr\/pt\/stellantis\/stellantis-aurait-choisi-le-remplacant-de-carlos-tavares\/","name":"Stellantis escolheu o substituto de Carlos Tavares - ItalPassion","isPartOf":{"@id":"https:\/\/www.italpassion.fr\/pt\/#website"},"primaryImageOfPage":{"@id":"https:\/\/www.italpassion.fr\/pt\/stellantis\/stellantis-aurait-choisi-le-remplacant-de-carlos-tavares\/#primaryimage"},"image":{"@id":"https:\/\/www.italpassion.fr\/pt\/stellantis\/stellantis-aurait-choisi-le-remplacant-de-carlos-tavares\/#primaryimage"},"thumbnailUrl":"https:\/\/www.italpassion.fr\/wp-content\/uploads\/2025\/01\/antonio-filosa.jpg","datePublished":"2025-05-12T08:31:35+00:00","description":"De acordo com a Bloomberg, a Stellantis est\u00e1 a nomear um novo CEO e Antonio Filosa, atualmente respons\u00e1vel pelas opera\u00e7\u00f5es na Am\u00e9rica do Norte, ser\u00e1 o respons\u00e1vel.","breadcrumb":{"@id":"https:\/\/www.italpassion.fr\/pt\/stellantis\/stellantis-aurait-choisi-le-remplacant-de-carlos-tavares\/#breadcrumb"},"inLanguage":"pt-PT","potentialAction":[{"@type":"ReadAction","target":["https:\/\/www.italpassion.fr\/pt\/stellantis\/stellantis-aurait-choisi-le-remplacant-de-carlos-tavares\/"]}]},{"@type":"ImageObject","inLanguage":"pt-PT","@id":"https:\/\/www.italpassion.fr\/pt\/stellantis\/stellantis-aurait-choisi-le-remplacant-de-carlos-tavares\/#primaryimage","url":"https:\/\/www.italpassion.fr\/wp-content\/uploads\/2025\/01\/antonio-filosa.jpg","contentUrl":"https:\/\/www.italpassion.fr\/wp-content\/uploads\/2025\/01\/antonio-filosa.jpg","width":1200,"height":800},{"@type":"BreadcrumbList","@id":"https:\/\/www.italpassion.fr\/pt\/stellantis\/stellantis-aurait-choisi-le-remplacant-de-carlos-tavares\/#breadcrumb","itemListElement":[{"@type":"ListItem","position":1,"name":"Accueil","item":"https:\/\/www.italpassion.fr\/pt\/"},{"@type":"ListItem","position":2,"name":"Stellantis aurait choisi le rempla\u00e7ant de Carlos Tavares"}]},{"@type":"WebSite","@id":"https:\/\/www.italpassion.fr\/pt\/#website","url":"https:\/\/www.italpassion.fr\/pt\/","name":"ItalPassion","description":"Entusiastas de autom\u00f3veis italianos","publisher":{"@id":"https:\/\/www.italpassion.fr\/pt\/#organization"},"potentialAction":[{"@type":"SearchAction","target":{"@type":"EntryPoint","urlTemplate":"https:\/\/www.italpassion.fr\/pt\/?s={search_term_string}"},"query-input":{"@type":"PropertyValueSpecification","valueRequired":true,"valueName":"search_term_string"}}],"inLanguage":"pt-PT"},{"@type":"Organization","@id":"https:\/\/www.italpassion.fr\/pt\/#organization","name":"Italpassion","url":"https:\/\/www.italpassion.fr\/pt\/","logo":{"@type":"ImageObject","inLanguage":"pt-PT","@id":"https:\/\/www.italpassion.fr\/pt\/#\/schema\/logo\/image\/","url":"https:\/\/www.italpassion.fr\/wp-content\/uploads\/2023\/07\/italpassion-yoast.jpg","contentUrl":"https:\/\/www.italpassion.fr\/wp-content\/uploads\/2023\/07\/italpassion-yoast.jpg","width":696,"height":696,"caption":"Italpassion"},"image":{"@id":"https:\/\/www.italpassion.fr\/pt\/#\/schema\/logo\/image\/"},"sameAs":["https:\/\/www.facebook.com\/italpassion","https:\/\/x.com\/italpassion","https:\/\/www.instagram.com\/italpassionfr\/","https:\/\/www.youtube.com\/channel\/UCleq-ByQaA42OjhopwevRjQ","https:\/\/www.facebook.com\/italpassion.en\/","https:\/\/www.facebook.com\/italpassion.it\/","https:\/\/www.facebook.com\/italpassion.de\/","https:\/\/www.facebook.com\/italpassion.ja\/"]},{"@type":"Person","@id":"https:\/\/www.italpassion.fr\/pt\/#\/schema\/person\/36f747b2a759ca202d847e85a9434ca0","name":"Alexandre Filluzeau","image":{"@type":"ImageObject","inLanguage":"pt-PT","@id":"https:\/\/www.italpassion.fr\/pt\/#\/schema\/person\/image\/","url":"https:\/\/www.italpassion.fr\/wp-content\/uploads\/2025\/04\/avatar-alexandre-160x160.jpg","contentUrl":"https:\/\/www.italpassion.fr\/wp-content\/uploads\/2025\/04\/avatar-alexandre-160x160.jpg","caption":"Alexandre Filluzeau"},"description":"Fundador do site ItalPassion, apaixonado por carros italianos e pela It\u00e1lia em geral. Trago um olhar cr\u00edtico e t\u00e9cnico \u00e0s not\u00edcias das marcas italianas, sempre que poss\u00edvel. Propriet\u00e1ria de um Maserati GranTurismo, Alfa Romeo MiTo, Lancia Fulvia e Ducati 695. Ex-propriet\u00e1rio de uma Alfa Romeo Giulia.","sameAs":["https:\/\/www.italpassion.fr\/"],"url":"https:\/\/www.italpassion.fr\/pt\/author\/alexandre\/"}]}},"_links":{"self":[{"href":"https:\/\/www.italpassion.fr\/pt\/wp-json\/wp\/v2\/posts\/38390","targetHints":{"allow":["GET"]}}],"collection":[{"href":"https:\/\/www.italpassion.fr\/pt\/wp-json\/wp\/v2\/posts"}],"about":[{"href":"https:\/\/www.italpassion.fr\/pt\/wp-json\/wp\/v2\/types\/post"}],"author":[{"embeddable":true,"href":"https:\/\/www.italpassion.fr\/pt\/wp-json\/wp\/v2\/users\/1"}],"replies":[{"embeddable":true,"href":"https:\/\/www.italpassion.fr\/pt\/wp-json\/wp\/v2\/comments?post=38390"}],"version-history":[{"count":1,"href":"https:\/\/www.italpassion.fr\/pt\/wp-json\/wp\/v2\/posts\/38390\/revisions"}],"predecessor-version":[{"id":38392,"href":"https:\/\/www.italpassion.fr\/pt\/wp-json\/wp\/v2\/posts\/38390\/revisions\/38392"}],"wp:featuredmedia":[{"embeddable":true,"href":"https:\/\/www.italpassion.fr\/pt\/wp-json\/wp\/v2\/media\/36056"}],"wp:attachment":[{"href":"https:\/\/www.italpassion.fr\/pt\/wp-json\/wp\/v2\/media?parent=38390"}],"wp:term":[{"taxonomy":"category","embeddable":true,"href":"https:\/\/www.italpassion.fr\/pt\/wp-json\/wp\/v2\/categories?post=38390"},{"taxonomy":"post_tag","embeddable":true,"href":"https:\/\/www.italpassion.fr\/pt\/wp-json\/wp\/v2\/tags?post=38390"}],"curies":[{"name":"wp","href":"https:\/\/api.w.org\/{rel}","templated":true}]}}