{"id":38223,"date":"2025-05-02T10:09:19","date_gmt":"2025-05-02T08:09:19","guid":{"rendered":"https:\/\/www.italpassion.fr\/?p=38223"},"modified":"2025-05-02T10:09:19","modified_gmt":"2025-05-02T08:09:19","slug":"stellantis-termoli-factory-assistimos-ao-funeral-do-carro-de-bombeiros-2","status":"publish","type":"post","link":"https:\/\/www.italpassion.fr\/pt\/stellantis\/usine-stellantis-termoli-nous-assistons-aux-funerailles-du-moteur-fire\/","title":{"rendered":"F\u00e1brica Stellantis Termoli: \"Estamos a assistir ao funeral do motor FIRE\"."},"content":{"rendered":"<figure class=\"wp-block-image size-large\"><img loading=\"lazy\" decoding=\"async\" width=\"1024\" height=\"683\" src=\"https:\/\/www.italpassion.fr\/wp-content\/uploads\/2024\/09\/firefly-1024x683.jpg\" alt=\"\" class=\"wp-image-34619\" srcset=\"https:\/\/www.italpassion.fr\/wp-content\/uploads\/2024\/09\/firefly-1024x683.jpg 1024w, https:\/\/www.italpassion.fr\/wp-content\/uploads\/2024\/09\/firefly-300x200.jpg 300w, https:\/\/www.italpassion.fr\/wp-content\/uploads\/2024\/09\/firefly-768x512.jpg 768w, https:\/\/www.italpassion.fr\/wp-content\/uploads\/2024\/09\/firefly-18x12.jpg 18w, https:\/\/www.italpassion.fr\/wp-content\/uploads\/2024\/09\/firefly-561x374.jpg 561w, https:\/\/www.italpassion.fr\/wp-content\/uploads\/2024\/09\/firefly-1122x748.jpg 1122w, https:\/\/www.italpassion.fr\/wp-content\/uploads\/2024\/09\/firefly-265x177.jpg 265w, https:\/\/www.italpassion.fr\/wp-content\/uploads\/2024\/09\/firefly-531x354.jpg 531w, https:\/\/www.italpassion.fr\/wp-content\/uploads\/2024\/09\/firefly-364x243.jpg 364w, https:\/\/www.italpassion.fr\/wp-content\/uploads\/2024\/09\/firefly-728x485.jpg 728w, https:\/\/www.italpassion.fr\/wp-content\/uploads\/2024\/09\/firefly-608x405.jpg 608w, https:\/\/www.italpassion.fr\/wp-content\/uploads\/2024\/09\/firefly-758x505.jpg 758w, https:\/\/www.italpassion.fr\/wp-content\/uploads\/2024\/09\/firefly-1152x768.jpg 1152w, https:\/\/www.italpassion.fr\/wp-content\/uploads\/2024\/09\/firefly-600x400.jpg 600w, https:\/\/www.italpassion.fr\/wp-content\/uploads\/2024\/09\/firefly.jpg 1200w\" sizes=\"auto, (max-width: 1024px) 100vw, 1024px\" \/><\/figure>\n\n\n\n<p><strong>Termoli, o s\u00edmbolo da ind\u00fastria autom\u00f3vel italiana, est\u00e1 a ficar cada vez mais isolada. <\/strong>E, desta vez, \u00e9 a hist\u00f3rica linha de motores FIRE que est\u00e1 a ser condenada. \"Estamos a assistir ao funeral do motor FIRE\", declarou amargamente o sindicato FIM CISL. E acrescentou: \"Est\u00e1 a ser apagado todo um sector da hist\u00f3ria industrial italiana, com a indiferen\u00e7a de Stellantis e o sil\u00eancio das institui\u00e7\u00f5es.<\/p>\n\n\n\n<h2 class=\"wp-block-heading\">O fim de um mito industrial<\/h2>\n\n\n\n<p>O motor FIRE equipou v\u00e1rias gera\u00e7\u00f5es de autom\u00f3veis Fiat e Alfa Romeo. Foi um dos \u00faltimos s\u00edmbolos da per\u00edcia italiana 100 % ainda produzidos em It\u00e1lia. Atualmente, a sua linha foi descontinuada. Os motores de 8 v\u00e1lvulas j\u00e1 deixaram de ser produzidos e os motores de 16 v\u00e1lvulas ser\u00e3o eliminados este ver\u00e3o. A produ\u00e7\u00e3o do GME 2.0L e do Nettuno V6 tamb\u00e9m est\u00e1 amea\u00e7ada. Ainda existem os motores GSE (FireFly) para o Fiat Panda e o Alfa Romeo Tonale.<\/p>\n\n\n\n<h2 class=\"wp-block-heading\">Um futuro em peda\u00e7os<\/h2>\n\n\n\n<p>O ambiente em Termoli \u00e9 sombrio. Os testemunhos s\u00e3o concordantes: <a href=\"https:\/\/www.italpassion.fr\/pt\/stellantis\/stellantis-a-fabrica-italiana-de-motores-fiat-vai-ser-desmantelada-a-partir-deste-verao-nao-havera-mais-nada-para-produzir\/\">os cami\u00f5es deixam a f\u00e1brica<\/a>As \u00faltimas caixas de eletricidade da linha de transmiss\u00e3o foram varridas. O local, outrora vibrante, est\u00e1 a ser gradualmente esvaziado. \"Segundo Gianluca Falcone, do FIOM Molise, o local est\u00e1 a ser alienado pe\u00e7a por pe\u00e7a. O projeto de transformar o local numa gigaf\u00e1brica atrav\u00e9s da ACC? Evaporou-se. A promessa foi abandonada. At\u00e9 John Elkann o admitiu em abril: \"muito dif\u00edcil\" de concretizar, demasiado dispendioso.<\/p>\n\n\n\n<p>Por outro lado, a Espanha est\u00e1 a atrair investidores e fabricantes com a sua <a href=\"https:\/\/www.italpassion.fr\/pt\/stellantis\/stellantis-catl-factory-porque-e-que-a-espanha-vence-a-franca-a-alemanha-e-a-italia\/\">4 mil milh\u00f5es e uma parceria estrat\u00e9gica com a empresa chinesa CATL<\/a>. Entretanto, os 370 milh\u00f5es de euros prometidos pela regi\u00e3o de Molise para a Gigafactory desapareceram de vista. O sentimento de abandono est\u00e1 a crescer.<\/p>\n\n\n\n<h2 class=\"wp-block-heading\">Revolta dos sindicatos, demiss\u00e3o de trabalhadores<\/h2>\n\n\n\n<p>H\u00e1 alguns dias, em 29 de abril, em Termoli, a FIM CISL realizou uma reuni\u00e3o crucial. <strong>O tom \u00e9 s\u00e9rio. \"Sem futuro concreto, sem garantias para os trabalhadores\",<\/strong> insiste Fabrizio Boschini, Secret\u00e1rio Nacional. O veredito \u00e9 claro: a dire\u00e7\u00e3o de Stellantis \u00e9 considerada \"cega, sem vis\u00e3o\", baseada na \"ren\u00fancia e n\u00e3o na reconstru\u00e7\u00e3o\".<\/p>\n\n\n\n<p>Atualmente, h\u00e1 menos de 2.000 trabalhadores nas oficinas, em compara\u00e7\u00e3o com mais de 3.500 no pico da atividade. <strong>A linha eDCT, que supostamente salvar\u00e1 alguns postos de trabalho, s\u00f3 estar\u00e1 totalmente operacional em 2026... e s\u00f3 criar\u00e1 300 postos de trabalho.<\/strong> Os trabalhadores fazem a pergunta que toda a gente evita: \"E at\u00e9 l\u00e1?<\/p>\n\n\n\n<p>A passagem \u00e0 energia el\u00e9ctrica, que deveria justificar toda a agita\u00e7\u00e3o, n\u00e3o foi seguida de uma estrat\u00e9gia clara para Termoli. Hoje, mesmo o futuro Fiat 500 h\u00edbrido previsto para novembro de 2025, que dever\u00e1 ser constru\u00eddo com motores 1.0 GSE, ainda n\u00e3o tem um roteiro claro para Termoli. Quanto \u00e0 Maserati e \u00e0 Alfa Romeo, a hibridiza\u00e7\u00e3o do V6 e do GME continua a ser um rumor.<\/p>\n\n\n\n<h2 class=\"wp-block-heading\">Um grito de alarme que ecoa no vazio<\/h2>\n\n\n\n<p><strong>A FIM CISL est\u00e1 agora a apelar a uma reuni\u00e3o ministerial urgente com Stellantis, a ACC e o governo italiano. <\/strong>O objetivo \u00e9 obter compromissos claros, investimentos concretos e, acima de tudo, um plano para evitar mais perdas de emprego e de compet\u00eancias. Porque na Termoli, n\u00e3o \u00e9 apenas uma transi\u00e7\u00e3o industrial que est\u00e1 a ocorrer. \"O futuro constr\u00f3i-se com escolhas corajosas, n\u00e3o com o sil\u00eancio\", resume a declara\u00e7\u00e3o do sindicato. Um sil\u00eancio cada vez mais ensurdecedor.<\/p>\n\n\n\n<figure class=\"wp-block-embed is-type-video is-provider-youtube wp-block-embed-youtube wp-embed-aspect-4-3 wp-has-aspect-ratio\"><div class=\"wp-block-embed__wrapper\">\n<iframe loading=\"lazy\" title=\"Como nasce o FIRE 1000 1985 ita\" width=\"1200\" height=\"900\" src=\"https:\/\/www.youtube-nocookie.com\/embed\/32TLXppDuzk?feature=oembed\" frameborder=\"0\" allow=\"accelerometer; autoplay; clipboard-write; encrypted-media; gyroscope; picture-in-picture; web-share\" referrerpolicy=\"strict-origin-when-cross-origin\" allowfullscreen><\/iframe>\n<\/div><\/figure>","protected":false},"excerpt":{"rendered":"","protected":false},"author":1,"featured_media":34619,"comment_status":"open","ping_status":"open","sticky":false,"template":"","format":"standard","meta":{"_acf_changed":false,"_sitemap_exclude":false,"_sitemap_priority":"","_sitemap_frequency":"","footnotes":""},"categories":[29],"tags":[449,412,386],"class_list":["post-38223","post","type-post","status-publish","format-standard","has-post-thumbnail","hentry","category-stellantis","tag-fire","tag-firefly","tag-termoli","generate-columns","tablet-grid-50","mobile-grid-100","grid-parent","grid-33"],"acf":[],"yoast_head":"<!-- This site is optimized with the Yoast SEO plugin v25.8 - https:\/\/yoast.com\/wordpress\/plugins\/seo\/ -->\n<title>Usine Stellantis Termoli : &quot;nous assistons aux fun\u00e9railles du moteur FIRE&quot; - ItalPassion<\/title>\n<meta name=\"description\" content=\"Le couperet tombe un peu plus chaque jour sur Termoli, symbole de l&#039;industrie automobile italienne. Et cette fois, c\u2019est la ligne historique du moteur\" \/>\n<meta name=\"robots\" content=\"index, follow, max-snippet:-1, max-image-preview:large, max-video-preview:-1\" \/>\n<link rel=\"canonical\" href=\"https:\/\/www.italpassion.fr\/pt\/stellantis\/stellantis-termoli-factory-assistimos-ao-funeral-do-carro-de-bombeiros-2\/\" \/>\n<meta property=\"og:locale\" content=\"pt_PT\" \/>\n<meta property=\"og:type\" content=\"article\" \/>\n<meta property=\"og:title\" content=\"Usine Stellantis Termoli : &quot;nous assistons aux fun\u00e9railles du moteur FIRE&quot; - ItalPassion\" \/>\n<meta property=\"og:description\" content=\"Le couperet tombe un peu plus chaque jour sur Termoli, symbole de l&#039;industrie automobile italienne. Et cette fois, c\u2019est la ligne historique du moteur\" \/>\n<meta property=\"og:url\" content=\"https:\/\/www.italpassion.fr\/pt\/stellantis\/stellantis-termoli-factory-assistimos-ao-funeral-do-carro-de-bombeiros-2\/\" \/>\n<meta property=\"og:site_name\" content=\"ItalPassion\" \/>\n<meta property=\"article:publisher\" content=\"https:\/\/www.facebook.com\/italpassion\" \/>\n<meta property=\"article:published_time\" content=\"2025-05-02T08:09:19+00:00\" \/>\n<meta property=\"og:image\" content=\"https:\/\/www.italpassion.fr\/wp-content\/uploads\/2024\/09\/firefly.jpg\" \/>\n\t<meta property=\"og:image:width\" content=\"1200\" \/>\n\t<meta property=\"og:image:height\" content=\"800\" \/>\n\t<meta property=\"og:image:type\" content=\"image\/jpeg\" \/>\n<meta name=\"author\" content=\"Alexandre Filluzeau\" \/>\n<meta name=\"twitter:card\" content=\"summary_large_image\" \/>\n<meta name=\"twitter:creator\" content=\"@italpassion\" \/>\n<meta name=\"twitter:site\" content=\"@italpassion\" \/>\n<script type=\"application\/ld+json\" class=\"yoast-schema-graph\">{\"@context\":\"https:\/\/schema.org\",\"@graph\":[{\"@type\":\"NewsArticle\",\"@id\":\"https:\/\/www.italpassion.fr\/pt\/stellantis\/usine-stellantis-termoli-nous-assistons-aux-funerailles-du-moteur-fire\/#article\",\"isPartOf\":{\"@id\":\"https:\/\/www.italpassion.fr\/pt\/stellantis\/usine-stellantis-termoli-nous-assistons-aux-funerailles-du-moteur-fire\/\"},\"author\":{\"name\":\"Alexandre Filluzeau\",\"@id\":\"https:\/\/www.italpassion.fr\/pt\/#\/schema\/person\/36f747b2a759ca202d847e85a9434ca0\"},\"headline\":\"Usine Stellantis Termoli : \u00ab\u00a0nous assistons aux fun\u00e9railles du moteur FIRE\u00a0\u00bb\",\"datePublished\":\"2025-05-02T08:09:19+00:00\",\"mainEntityOfPage\":{\"@id\":\"https:\/\/www.italpassion.fr\/pt\/stellantis\/usine-stellantis-termoli-nous-assistons-aux-funerailles-du-moteur-fire\/\"},\"wordCount\":595,\"commentCount\":19,\"publisher\":{\"@id\":\"https:\/\/www.italpassion.fr\/pt\/#organization\"},\"image\":{\"@id\":\"https:\/\/www.italpassion.fr\/pt\/stellantis\/usine-stellantis-termoli-nous-assistons-aux-funerailles-du-moteur-fire\/#primaryimage\"},\"thumbnailUrl\":\"https:\/\/www.italpassion.fr\/wp-content\/uploads\/2024\/09\/firefly.jpg\",\"keywords\":[\"FIRE\",\"Firefly\",\"Termoli\"],\"articleSection\":[\"Stellantis\"],\"inLanguage\":\"pt-PT\",\"potentialAction\":[{\"@type\":\"CommentAction\",\"name\":\"Comment\",\"target\":[\"https:\/\/www.italpassion.fr\/pt\/stellantis\/usine-stellantis-termoli-nous-assistons-aux-funerailles-du-moteur-fire\/#respond\"]}]},{\"@type\":\"WebPage\",\"@id\":\"https:\/\/www.italpassion.fr\/pt\/stellantis\/usine-stellantis-termoli-nous-assistons-aux-funerailles-du-moteur-fire\/\",\"url\":\"https:\/\/www.italpassion.fr\/pt\/stellantis\/usine-stellantis-termoli-nous-assistons-aux-funerailles-du-moteur-fire\/\",\"name\":\"Usine Stellantis Termoli : \\\"nous assistons aux fun\u00e9railles du moteur FIRE\\\" - ItalPassion\",\"isPartOf\":{\"@id\":\"https:\/\/www.italpassion.fr\/pt\/#website\"},\"primaryImageOfPage\":{\"@id\":\"https:\/\/www.italpassion.fr\/pt\/stellantis\/usine-stellantis-termoli-nous-assistons-aux-funerailles-du-moteur-fire\/#primaryimage\"},\"image\":{\"@id\":\"https:\/\/www.italpassion.fr\/pt\/stellantis\/usine-stellantis-termoli-nous-assistons-aux-funerailles-du-moteur-fire\/#primaryimage\"},\"thumbnailUrl\":\"https:\/\/www.italpassion.fr\/wp-content\/uploads\/2024\/09\/firefly.jpg\",\"datePublished\":\"2025-05-02T08:09:19+00:00\",\"description\":\"Le couperet tombe un peu plus chaque jour sur Termoli, symbole de l'industrie automobile italienne. Et cette fois, c\u2019est la ligne historique du moteur\",\"breadcrumb\":{\"@id\":\"https:\/\/www.italpassion.fr\/pt\/stellantis\/usine-stellantis-termoli-nous-assistons-aux-funerailles-du-moteur-fire\/#breadcrumb\"},\"inLanguage\":\"pt-PT\",\"potentialAction\":[{\"@type\":\"ReadAction\",\"target\":[\"https:\/\/www.italpassion.fr\/pt\/stellantis\/usine-stellantis-termoli-nous-assistons-aux-funerailles-du-moteur-fire\/\"]}]},{\"@type\":\"ImageObject\",\"inLanguage\":\"pt-PT\",\"@id\":\"https:\/\/www.italpassion.fr\/pt\/stellantis\/usine-stellantis-termoli-nous-assistons-aux-funerailles-du-moteur-fire\/#primaryimage\",\"url\":\"https:\/\/www.italpassion.fr\/wp-content\/uploads\/2024\/09\/firefly.jpg\",\"contentUrl\":\"https:\/\/www.italpassion.fr\/wp-content\/uploads\/2024\/09\/firefly.jpg\",\"width\":1200,\"height\":800},{\"@type\":\"BreadcrumbList\",\"@id\":\"https:\/\/www.italpassion.fr\/pt\/stellantis\/usine-stellantis-termoli-nous-assistons-aux-funerailles-du-moteur-fire\/#breadcrumb\",\"itemListElement\":[{\"@type\":\"ListItem\",\"position\":1,\"name\":\"Accueil\",\"item\":\"https:\/\/www.italpassion.fr\/pt\/\"},{\"@type\":\"ListItem\",\"position\":2,\"name\":\"Usine Stellantis Termoli : \u00ab\u00a0nous assistons aux fun\u00e9railles du moteur FIRE\u00a0\u00bb\"}]},{\"@type\":\"WebSite\",\"@id\":\"https:\/\/www.italpassion.fr\/pt\/#website\",\"url\":\"https:\/\/www.italpassion.fr\/pt\/\",\"name\":\"ItalPassion\",\"description\":\"Les Passionn\u00e9s d&#039;Automobiles Italiennes\",\"publisher\":{\"@id\":\"https:\/\/www.italpassion.fr\/pt\/#organization\"},\"potentialAction\":[{\"@type\":\"SearchAction\",\"target\":{\"@type\":\"EntryPoint\",\"urlTemplate\":\"https:\/\/www.italpassion.fr\/pt\/?s={search_term_string}\"},\"query-input\":{\"@type\":\"PropertyValueSpecification\",\"valueRequired\":true,\"valueName\":\"search_term_string\"}}],\"inLanguage\":\"pt-PT\"},{\"@type\":\"Organization\",\"@id\":\"https:\/\/www.italpassion.fr\/pt\/#organization\",\"name\":\"Italpassion\",\"url\":\"https:\/\/www.italpassion.fr\/pt\/\",\"logo\":{\"@type\":\"ImageObject\",\"inLanguage\":\"pt-PT\",\"@id\":\"https:\/\/www.italpassion.fr\/pt\/#\/schema\/logo\/image\/\",\"url\":\"https:\/\/www.italpassion.fr\/wp-content\/uploads\/2023\/07\/italpassion-yoast.jpg\",\"contentUrl\":\"https:\/\/www.italpassion.fr\/wp-content\/uploads\/2023\/07\/italpassion-yoast.jpg\",\"width\":696,\"height\":696,\"caption\":\"Italpassion\"},\"image\":{\"@id\":\"https:\/\/www.italpassion.fr\/pt\/#\/schema\/logo\/image\/\"},\"sameAs\":[\"https:\/\/www.facebook.com\/italpassion\",\"https:\/\/x.com\/italpassion\",\"https:\/\/www.instagram.com\/italpassionfr\/\",\"https:\/\/www.youtube.com\/channel\/UCleq-ByQaA42OjhopwevRjQ\",\"https:\/\/www.facebook.com\/italpassion.en\/\",\"https:\/\/www.facebook.com\/italpassion.it\/\",\"https:\/\/www.facebook.com\/italpassion.de\/\",\"https:\/\/www.facebook.com\/italpassion.ja\/\"]},{\"@type\":\"Person\",\"@id\":\"https:\/\/www.italpassion.fr\/pt\/#\/schema\/person\/36f747b2a759ca202d847e85a9434ca0\",\"name\":\"Alexandre Filluzeau\",\"image\":{\"@type\":\"ImageObject\",\"inLanguage\":\"pt-PT\",\"@id\":\"https:\/\/www.italpassion.fr\/pt\/#\/schema\/person\/image\/\",\"url\":\"https:\/\/www.italpassion.fr\/wp-content\/uploads\/2025\/04\/avatar-alexandre-160x160.jpg\",\"contentUrl\":\"https:\/\/www.italpassion.fr\/wp-content\/uploads\/2025\/04\/avatar-alexandre-160x160.jpg\",\"caption\":\"Alexandre Filluzeau\"},\"description\":\"Fondateur du site ItalPassion, passionn\u00e9 de voitures italiennes et de l'Italie en g\u00e9n\u00e9ral. J'apporte un regard critique et technique aux actualit\u00e9s des marques italiennes quand cela est possible. Propri\u00e9taire d'une Maserati GranTurismo, Alfa Romeo MiTo, Lancia Fulvia et Ducati 695. Ex-propri\u00e9taire d'une Alfa Romeo Giulia.\",\"sameAs\":[\"https:\/\/www.italpassion.fr\/\"],\"url\":\"https:\/\/www.italpassion.fr\/pt\/author\/alexandre\/\"}]}<\/script>\n<!-- \/ Yoast SEO plugin. -->","yoast_head_json":{"title":"F\u00e1brica Stellantis Termoli: \"Estamos a assistir ao funeral do motor FIRE\" - ItalPassion","description":"Cada dia que passa, o machado cai um pouco mais sobre Termoli, o s\u00edmbolo da ind\u00fastria autom\u00f3vel italiana. E, desta vez, \u00e9 a hist\u00f3rica linha de motores","robots":{"index":"index","follow":"follow","max-snippet":"max-snippet:-1","max-image-preview":"max-image-preview:large","max-video-preview":"max-video-preview:-1"},"canonical":"https:\/\/www.italpassion.fr\/pt\/stellantis\/stellantis-termoli-factory-assistimos-ao-funeral-do-carro-de-bombeiros-2\/","og_locale":"pt_PT","og_type":"article","og_title":"Usine Stellantis Termoli : \"nous assistons aux fun\u00e9railles du moteur FIRE\" - ItalPassion","og_description":"Le couperet tombe un peu plus chaque jour sur Termoli, symbole de l'industrie automobile italienne. Et cette fois, c\u2019est la ligne historique du moteur","og_url":"https:\/\/www.italpassion.fr\/pt\/stellantis\/stellantis-termoli-factory-assistimos-ao-funeral-do-carro-de-bombeiros-2\/","og_site_name":"ItalPassion","article_publisher":"https:\/\/www.facebook.com\/italpassion","article_published_time":"2025-05-02T08:09:19+00:00","og_image":[{"width":1200,"height":800,"url":"https:\/\/www.italpassion.fr\/wp-content\/uploads\/2024\/09\/firefly.jpg","type":"image\/jpeg"}],"author":"Alexandre Filluzeau","twitter_card":"summary_large_image","twitter_creator":"@italpassion","twitter_site":"@italpassion","schema":{"@context":"https:\/\/schema.org","@graph":[{"@type":"NewsArticle","@id":"https:\/\/www.italpassion.fr\/pt\/stellantis\/usine-stellantis-termoli-nous-assistons-aux-funerailles-du-moteur-fire\/#article","isPartOf":{"@id":"https:\/\/www.italpassion.fr\/pt\/stellantis\/usine-stellantis-termoli-nous-assistons-aux-funerailles-du-moteur-fire\/"},"author":{"name":"Alexandre Filluzeau","@id":"https:\/\/www.italpassion.fr\/pt\/#\/schema\/person\/36f747b2a759ca202d847e85a9434ca0"},"headline":"Usine Stellantis Termoli : \u00ab\u00a0nous assistons aux fun\u00e9railles du moteur FIRE\u00a0\u00bb","datePublished":"2025-05-02T08:09:19+00:00","mainEntityOfPage":{"@id":"https:\/\/www.italpassion.fr\/pt\/stellantis\/usine-stellantis-termoli-nous-assistons-aux-funerailles-du-moteur-fire\/"},"wordCount":595,"commentCount":19,"publisher":{"@id":"https:\/\/www.italpassion.fr\/pt\/#organization"},"image":{"@id":"https:\/\/www.italpassion.fr\/pt\/stellantis\/usine-stellantis-termoli-nous-assistons-aux-funerailles-du-moteur-fire\/#primaryimage"},"thumbnailUrl":"https:\/\/www.italpassion.fr\/wp-content\/uploads\/2024\/09\/firefly.jpg","keywords":["FIRE","Firefly","Termoli"],"articleSection":["Stellantis"],"inLanguage":"pt-PT","potentialAction":[{"@type":"CommentAction","name":"Comment","target":["https:\/\/www.italpassion.fr\/pt\/stellantis\/usine-stellantis-termoli-nous-assistons-aux-funerailles-du-moteur-fire\/#respond"]}]},{"@type":"WebPage","@id":"https:\/\/www.italpassion.fr\/pt\/stellantis\/usine-stellantis-termoli-nous-assistons-aux-funerailles-du-moteur-fire\/","url":"https:\/\/www.italpassion.fr\/pt\/stellantis\/usine-stellantis-termoli-nous-assistons-aux-funerailles-du-moteur-fire\/","name":"F\u00e1brica Stellantis Termoli: \"Estamos a assistir ao funeral do motor FIRE\" - ItalPassion","isPartOf":{"@id":"https:\/\/www.italpassion.fr\/pt\/#website"},"primaryImageOfPage":{"@id":"https:\/\/www.italpassion.fr\/pt\/stellantis\/usine-stellantis-termoli-nous-assistons-aux-funerailles-du-moteur-fire\/#primaryimage"},"image":{"@id":"https:\/\/www.italpassion.fr\/pt\/stellantis\/usine-stellantis-termoli-nous-assistons-aux-funerailles-du-moteur-fire\/#primaryimage"},"thumbnailUrl":"https:\/\/www.italpassion.fr\/wp-content\/uploads\/2024\/09\/firefly.jpg","datePublished":"2025-05-02T08:09:19+00:00","description":"Cada dia que passa, o machado cai um pouco mais sobre Termoli, o s\u00edmbolo da ind\u00fastria autom\u00f3vel italiana. E, desta vez, \u00e9 a hist\u00f3rica linha de motores","breadcrumb":{"@id":"https:\/\/www.italpassion.fr\/pt\/stellantis\/usine-stellantis-termoli-nous-assistons-aux-funerailles-du-moteur-fire\/#breadcrumb"},"inLanguage":"pt-PT","potentialAction":[{"@type":"ReadAction","target":["https:\/\/www.italpassion.fr\/pt\/stellantis\/usine-stellantis-termoli-nous-assistons-aux-funerailles-du-moteur-fire\/"]}]},{"@type":"ImageObject","inLanguage":"pt-PT","@id":"https:\/\/www.italpassion.fr\/pt\/stellantis\/usine-stellantis-termoli-nous-assistons-aux-funerailles-du-moteur-fire\/#primaryimage","url":"https:\/\/www.italpassion.fr\/wp-content\/uploads\/2024\/09\/firefly.jpg","contentUrl":"https:\/\/www.italpassion.fr\/wp-content\/uploads\/2024\/09\/firefly.jpg","width":1200,"height":800},{"@type":"BreadcrumbList","@id":"https:\/\/www.italpassion.fr\/pt\/stellantis\/usine-stellantis-termoli-nous-assistons-aux-funerailles-du-moteur-fire\/#breadcrumb","itemListElement":[{"@type":"ListItem","position":1,"name":"Accueil","item":"https:\/\/www.italpassion.fr\/pt\/"},{"@type":"ListItem","position":2,"name":"Usine Stellantis Termoli : \u00ab\u00a0nous assistons aux fun\u00e9railles du moteur FIRE\u00a0\u00bb"}]},{"@type":"WebSite","@id":"https:\/\/www.italpassion.fr\/pt\/#website","url":"https:\/\/www.italpassion.fr\/pt\/","name":"ItalPassion","description":"Entusiastas de autom\u00f3veis italianos","publisher":{"@id":"https:\/\/www.italpassion.fr\/pt\/#organization"},"potentialAction":[{"@type":"SearchAction","target":{"@type":"EntryPoint","urlTemplate":"https:\/\/www.italpassion.fr\/pt\/?s={search_term_string}"},"query-input":{"@type":"PropertyValueSpecification","valueRequired":true,"valueName":"search_term_string"}}],"inLanguage":"pt-PT"},{"@type":"Organization","@id":"https:\/\/www.italpassion.fr\/pt\/#organization","name":"Italpassion","url":"https:\/\/www.italpassion.fr\/pt\/","logo":{"@type":"ImageObject","inLanguage":"pt-PT","@id":"https:\/\/www.italpassion.fr\/pt\/#\/schema\/logo\/image\/","url":"https:\/\/www.italpassion.fr\/wp-content\/uploads\/2023\/07\/italpassion-yoast.jpg","contentUrl":"https:\/\/www.italpassion.fr\/wp-content\/uploads\/2023\/07\/italpassion-yoast.jpg","width":696,"height":696,"caption":"Italpassion"},"image":{"@id":"https:\/\/www.italpassion.fr\/pt\/#\/schema\/logo\/image\/"},"sameAs":["https:\/\/www.facebook.com\/italpassion","https:\/\/x.com\/italpassion","https:\/\/www.instagram.com\/italpassionfr\/","https:\/\/www.youtube.com\/channel\/UCleq-ByQaA42OjhopwevRjQ","https:\/\/www.facebook.com\/italpassion.en\/","https:\/\/www.facebook.com\/italpassion.it\/","https:\/\/www.facebook.com\/italpassion.de\/","https:\/\/www.facebook.com\/italpassion.ja\/"]},{"@type":"Person","@id":"https:\/\/www.italpassion.fr\/pt\/#\/schema\/person\/36f747b2a759ca202d847e85a9434ca0","name":"Alexandre Filluzeau","image":{"@type":"ImageObject","inLanguage":"pt-PT","@id":"https:\/\/www.italpassion.fr\/pt\/#\/schema\/person\/image\/","url":"https:\/\/www.italpassion.fr\/wp-content\/uploads\/2025\/04\/avatar-alexandre-160x160.jpg","contentUrl":"https:\/\/www.italpassion.fr\/wp-content\/uploads\/2025\/04\/avatar-alexandre-160x160.jpg","caption":"Alexandre Filluzeau"},"description":"Fundador do site ItalPassion, apaixonado por carros italianos e pela It\u00e1lia em geral. Trago um olhar cr\u00edtico e t\u00e9cnico \u00e0s not\u00edcias das marcas italianas, sempre que poss\u00edvel. Propriet\u00e1ria de um Maserati GranTurismo, Alfa Romeo MiTo, Lancia Fulvia e Ducati 695. Ex-propriet\u00e1rio de uma Alfa Romeo Giulia.","sameAs":["https:\/\/www.italpassion.fr\/"],"url":"https:\/\/www.italpassion.fr\/pt\/author\/alexandre\/"}]}},"_links":{"self":[{"href":"https:\/\/www.italpassion.fr\/pt\/wp-json\/wp\/v2\/posts\/38223","targetHints":{"allow":["GET"]}}],"collection":[{"href":"https:\/\/www.italpassion.fr\/pt\/wp-json\/wp\/v2\/posts"}],"about":[{"href":"https:\/\/www.italpassion.fr\/pt\/wp-json\/wp\/v2\/types\/post"}],"author":[{"embeddable":true,"href":"https:\/\/www.italpassion.fr\/pt\/wp-json\/wp\/v2\/users\/1"}],"replies":[{"embeddable":true,"href":"https:\/\/www.italpassion.fr\/pt\/wp-json\/wp\/v2\/comments?post=38223"}],"version-history":[{"count":1,"href":"https:\/\/www.italpassion.fr\/pt\/wp-json\/wp\/v2\/posts\/38223\/revisions"}],"predecessor-version":[{"id":38224,"href":"https:\/\/www.italpassion.fr\/pt\/wp-json\/wp\/v2\/posts\/38223\/revisions\/38224"}],"wp:featuredmedia":[{"embeddable":true,"href":"https:\/\/www.italpassion.fr\/pt\/wp-json\/wp\/v2\/media\/34619"}],"wp:attachment":[{"href":"https:\/\/www.italpassion.fr\/pt\/wp-json\/wp\/v2\/media?parent=38223"}],"wp:term":[{"taxonomy":"category","embeddable":true,"href":"https:\/\/www.italpassion.fr\/pt\/wp-json\/wp\/v2\/categories?post=38223"},{"taxonomy":"post_tag","embeddable":true,"href":"https:\/\/www.italpassion.fr\/pt\/wp-json\/wp\/v2\/tags?post=38223"}],"curies":[{"name":"wp","href":"https:\/\/api.w.org\/{rel}","templated":true}]}}