{"id":37004,"date":"2025-03-04T11:38:07","date_gmt":"2025-03-04T10:38:07","guid":{"rendered":"https:\/\/www.italpassion.fr\/?p=37004"},"modified":"2025-03-04T11:42:03","modified_gmt":"2025-03-04T10:42:03","slug":"f1-ferrari-em-disputa-legal-com-a-aston-martin-laurence-stroll-esta-furioso","status":"publish","type":"post","link":"https:\/\/www.italpassion.fr\/pt\/competition\/f1-ferrari-en-bras-de-fer-juridique-avec-aston-martin-laurence-stroll-est-furieux\/","title":{"rendered":"F1: Ferrari em conflito legal com a Aston Martin, Lawrence Stroll est\u00e1 furioso!"},"content":{"rendered":"<figure class=\"wp-block-image size-large\"><img loading=\"lazy\" decoding=\"async\" width=\"1024\" height=\"683\" src=\"https:\/\/www.italpassion.fr\/wp-content\/uploads\/2025\/03\/bras-de-fer-ferrari-aston-martin-1024x683.jpg\" alt=\"\" class=\"wp-image-37006\" srcset=\"https:\/\/www.italpassion.fr\/wp-content\/uploads\/2025\/03\/bras-de-fer-ferrari-aston-martin-1024x683.jpg 1024w, https:\/\/www.italpassion.fr\/wp-content\/uploads\/2025\/03\/bras-de-fer-ferrari-aston-martin-300x200.jpg 300w, https:\/\/www.italpassion.fr\/wp-content\/uploads\/2025\/03\/bras-de-fer-ferrari-aston-martin-768x512.jpg 768w, https:\/\/www.italpassion.fr\/wp-content\/uploads\/2025\/03\/bras-de-fer-ferrari-aston-martin-18x12.jpg 18w, https:\/\/www.italpassion.fr\/wp-content\/uploads\/2025\/03\/bras-de-fer-ferrari-aston-martin-561x374.jpg 561w, https:\/\/www.italpassion.fr\/wp-content\/uploads\/2025\/03\/bras-de-fer-ferrari-aston-martin-1122x748.jpg 1122w, https:\/\/www.italpassion.fr\/wp-content\/uploads\/2025\/03\/bras-de-fer-ferrari-aston-martin-265x177.jpg 265w, https:\/\/www.italpassion.fr\/wp-content\/uploads\/2025\/03\/bras-de-fer-ferrari-aston-martin-531x354.jpg 531w, https:\/\/www.italpassion.fr\/wp-content\/uploads\/2025\/03\/bras-de-fer-ferrari-aston-martin-364x243.jpg 364w, https:\/\/www.italpassion.fr\/wp-content\/uploads\/2025\/03\/bras-de-fer-ferrari-aston-martin-728x485.jpg 728w, https:\/\/www.italpassion.fr\/wp-content\/uploads\/2025\/03\/bras-de-fer-ferrari-aston-martin-608x405.jpg 608w, https:\/\/www.italpassion.fr\/wp-content\/uploads\/2025\/03\/bras-de-fer-ferrari-aston-martin-758x505.jpg 758w, https:\/\/www.italpassion.fr\/wp-content\/uploads\/2025\/03\/bras-de-fer-ferrari-aston-martin-1152x768.jpg 1152w, https:\/\/www.italpassion.fr\/wp-content\/uploads\/2025\/03\/bras-de-fer-ferrari-aston-martin.jpg 1200w\" sizes=\"auto, (max-width: 1024px) 100vw, 1024px\" \/><figcaption class=\"wp-element-caption\">Fr\u00e9d\u00e9ric Vasseur num bra\u00e7o de ferro com Lawrence Stroll. Ilustra\u00e7\u00e3o gerada com IA pela Italpassion.<\/figcaption><\/figure>\n\n\n\n<p><strong>A batalha entre <a href=\"https:\/\/www.italpassion.fr\/pt\/etiqueta\/scuderia-ferrari\/\">Scuderia Ferrari<\/a> e a Aston Martin F1 d\u00e1 uma volta inesperada, <\/strong>e o propriet\u00e1rio da equipa brit\u00e2nica, Lawrence Stroll, est\u00e1 visivelmente irritado. Os problemas n\u00e3o se limitam \u00e0 pista, onde a Aston Martin j\u00e1 encontrou dificuldades durante os testes no Bahrein, mas estendem-se tamb\u00e9m \u00e0 \u00e1rea jur\u00eddica e \u00e0 gest\u00e3o dos recursos humanos.<\/p>\n\n\n\n<p><strong>As primeiras semanas da \u00e9poca puseram em evid\u00eancia os problemas internos da Aston Martin. <\/strong>A equipa da <a href=\"https:\/\/www.italpassion.fr\/pt\/concurso\/formula-1\/\">F\u00f3rmula 1<\/a> n\u00e3o conduziu tanto quanto se esperava durante os testes no Bahrain e Fernando Alonso n\u00e3o escondeu as suas preocupa\u00e7\u00f5es relativamente ao projeto de 2026. \"Se estivermos a lutar pelo campeonato do mundo em 2025, isso \u00e9 outra hist\u00f3ria. Mas se isso n\u00e3o acontecer, n\u00e3o faz muita diferen\u00e7a estar numa situa\u00e7\u00e3o inst\u00e1vel. Se nos custar 2026, ser\u00e1 muito doloroso\", explicou, claramente preocupado com o rumo que a equipa est\u00e1 a tomar.<\/p>\n\n\n\n<p>Pedro de la Rosa, embaixador da equipa, continua a ser mais comedido, mas os seus coment\u00e1rios tamb\u00e9m reflectem um certo realismo. \"Prefiro ser realista e acho que vamos ter de trabalhar muito para melhorar\", disse \u00e0 Marca, reconhecendo, no entanto, que s\u00e3o necess\u00e1rios progressos no futuro imediato.<\/p>\n\n\n\n<h2 class=\"wp-block-heading\">Batalha jur\u00eddica entre a Ferrari e a Aston Martin<\/h2>\n\n\n\n<figure class=\"wp-block-image size-large\"><img loading=\"lazy\" decoding=\"async\" width=\"1024\" height=\"683\" src=\"https:\/\/www.italpassion.fr\/wp-content\/uploads\/2025\/03\/Enrico-Cardile-1024x683.jpg\" alt=\"\" class=\"wp-image-37009\" srcset=\"https:\/\/www.italpassion.fr\/wp-content\/uploads\/2025\/03\/Enrico-Cardile-1024x683.jpg 1024w, https:\/\/www.italpassion.fr\/wp-content\/uploads\/2025\/03\/Enrico-Cardile-300x200.jpg 300w, https:\/\/www.italpassion.fr\/wp-content\/uploads\/2025\/03\/Enrico-Cardile-768x512.jpg 768w, https:\/\/www.italpassion.fr\/wp-content\/uploads\/2025\/03\/Enrico-Cardile-18x12.jpg 18w, https:\/\/www.italpassion.fr\/wp-content\/uploads\/2025\/03\/Enrico-Cardile-561x374.jpg 561w, https:\/\/www.italpassion.fr\/wp-content\/uploads\/2025\/03\/Enrico-Cardile-1122x748.jpg 1122w, https:\/\/www.italpassion.fr\/wp-content\/uploads\/2025\/03\/Enrico-Cardile-265x177.jpg 265w, https:\/\/www.italpassion.fr\/wp-content\/uploads\/2025\/03\/Enrico-Cardile-531x354.jpg 531w, https:\/\/www.italpassion.fr\/wp-content\/uploads\/2025\/03\/Enrico-Cardile-364x243.jpg 364w, https:\/\/www.italpassion.fr\/wp-content\/uploads\/2025\/03\/Enrico-Cardile-728x485.jpg 728w, https:\/\/www.italpassion.fr\/wp-content\/uploads\/2025\/03\/Enrico-Cardile-608x405.jpg 608w, https:\/\/www.italpassion.fr\/wp-content\/uploads\/2025\/03\/Enrico-Cardile-758x505.jpg 758w, https:\/\/www.italpassion.fr\/wp-content\/uploads\/2025\/03\/Enrico-Cardile-1152x768.jpg 1152w, https:\/\/www.italpassion.fr\/wp-content\/uploads\/2025\/03\/Enrico-Cardile.jpg 1200w\" sizes=\"auto, (max-width: 1024px) 100vw, 1024px\" \/><figcaption class=\"wp-element-caption\">Enrico Cardile<\/figcaption><\/figure>\n\n\n\n<p><strong>As tens\u00f5es entre as duas equipas intensificaram-se com um lit\u00edgio jur\u00eddico que impede a Aston Martin de refor\u00e7ar a sua equipa t\u00e9cnica. Enrico Cardile,<\/strong> antigo diretor t\u00e9cnico da Ferrari, deveria juntar-se \u00e0 Aston Martin para supervisionar a arquitetura e o design do carro de 2026. No entanto, a Ferrari atrasou a sua chegada, invocando a \"licen\u00e7a de jardinagem\" que tirou depois de deixar Maranello.<\/p>\n\n\n\n<p><strong>Em 3 de mar\u00e7o, a data prevista para o in\u00edcio da atividade de Cardile na Aston Martin foi adiada na sequ\u00eancia de uma decis\u00e3o do tribunal de Modena. <\/strong>De acordo com o jornal <em>Corriere dello Sport<\/em>A Ferrari obteve uma injun\u00e7\u00e3o para impedir Cardile de se juntar \u00e0 Aston Martin antes de 17 de julho. O tribunal decidiu que Cardile tinha violado o seu acordo de n\u00e3o concorr\u00eancia com a Ferrari, irritando a Aston Martin e o seu propriet\u00e1rio, Lawrence Stroll.<\/p>\n\n\n\n<p>\"O propriet\u00e1rio Lawrence Stroll est\u00e1 furioso. A Aston Martin tinha reorganizado o seu departamento t\u00e9cnico para que Cardile se encarregasse da arquitetura e do design do autom\u00f3vel, mas num momento crucial esta figura-chave \u00e9 bloqueada\", diz <em>Corriere dello Sport<\/em>. A situa\u00e7\u00e3o torna-se ainda mais tensa devido ao facto de Cardile n\u00e3o ter honrado a sua notifica\u00e7\u00e3o de partida, um incumprimento que a Ferrari parece decidida a levar a tribunal.<\/p>\n\n\n\n<figure class=\"wp-block-image size-large\"><img loading=\"lazy\" decoding=\"async\" width=\"1024\" height=\"683\" src=\"https:\/\/www.italpassion.fr\/wp-content\/uploads\/2025\/03\/aston-martin-F1-1024x683.jpg\" alt=\"\" class=\"wp-image-37005\" srcset=\"https:\/\/www.italpassion.fr\/wp-content\/uploads\/2025\/03\/aston-martin-F1-1024x683.jpg 1024w, https:\/\/www.italpassion.fr\/wp-content\/uploads\/2025\/03\/aston-martin-F1-300x200.jpg 300w, https:\/\/www.italpassion.fr\/wp-content\/uploads\/2025\/03\/aston-martin-F1-768x512.jpg 768w, https:\/\/www.italpassion.fr\/wp-content\/uploads\/2025\/03\/aston-martin-F1-18x12.jpg 18w, https:\/\/www.italpassion.fr\/wp-content\/uploads\/2025\/03\/aston-martin-F1-561x374.jpg 561w, https:\/\/www.italpassion.fr\/wp-content\/uploads\/2025\/03\/aston-martin-F1-1122x748.jpg 1122w, https:\/\/www.italpassion.fr\/wp-content\/uploads\/2025\/03\/aston-martin-F1-265x177.jpg 265w, https:\/\/www.italpassion.fr\/wp-content\/uploads\/2025\/03\/aston-martin-F1-531x354.jpg 531w, https:\/\/www.italpassion.fr\/wp-content\/uploads\/2025\/03\/aston-martin-F1-364x243.jpg 364w, https:\/\/www.italpassion.fr\/wp-content\/uploads\/2025\/03\/aston-martin-F1-728x485.jpg 728w, https:\/\/www.italpassion.fr\/wp-content\/uploads\/2025\/03\/aston-martin-F1-608x405.jpg 608w, https:\/\/www.italpassion.fr\/wp-content\/uploads\/2025\/03\/aston-martin-F1-758x505.jpg 758w, https:\/\/www.italpassion.fr\/wp-content\/uploads\/2025\/03\/aston-martin-F1-1152x768.jpg 1152w, https:\/\/www.italpassion.fr\/wp-content\/uploads\/2025\/03\/aston-martin-F1.jpg 1200w\" sizes=\"auto, (max-width: 1024px) 100vw, 1024px\" \/><\/figure>\n\n\n\n<p><strong>Apesar desta complexa situa\u00e7\u00e3o jur\u00eddica, a Aston Martin est\u00e1 a tentar manter-se positiva. <\/strong>Adrian Newey come\u00e7ou finalmente a trabalhar com a equipa na segunda-feira. Esta chegada, ainda que tardia, \u00e9 vista como uma mais-valia para o projeto 2026, nomeadamente na perspetiva do desenvolvimento do novo carro. <strong>\u00c9 pouco prov\u00e1vel que a tens\u00e3o entre a Ferrari e a Aston Martin se limite \u00e0 esfera jur\u00eddica.<\/strong> Na pista, as consequ\u00eancias desta situa\u00e7\u00e3o podem ter um impacto no desempenho da equipa Aston Martin. A Ferrari, por seu lado, est\u00e1 a tentar capitalizar esta situa\u00e7\u00e3o para prejudicar o seu rival a longo prazo.<\/p>","protected":false},"excerpt":{"rendered":"","protected":false},"author":1,"featured_media":37006,"comment_status":"open","ping_status":"open","sticky":false,"template":"","format":"standard","meta":{"_acf_changed":false,"_sitemap_exclude":false,"_sitemap_priority":"","_sitemap_frequency":"","footnotes":""},"categories":[328,323],"tags":[370],"class_list":["post-37004","post","type-post","status-publish","format-standard","has-post-thumbnail","hentry","category-formule-1","category-competition","tag-scuderia-ferrari","generate-columns","tablet-grid-50","mobile-grid-100","grid-parent","grid-33"],"acf":[],"yoast_head":"<!-- This site is optimized with the Yoast SEO plugin v25.8 - https:\/\/yoast.com\/wordpress\/plugins\/seo\/ -->\n<title>F1 : Ferrari en bras de fer juridique avec Aston Martin, Lawrence Stroll est furieux ! - ItalPassion<\/title>\n<meta name=\"description\" content=\"Fr\u00e9d\u00e9ric Vasseur en bras de fer avec Lawrence Stroll. Illustration g\u00e9n\u00e9r\u00e9e avec IA par Italpassion. La bataille entre la Scuderia Ferrari et Aston Martin\" \/>\n<meta name=\"robots\" content=\"index, follow, max-snippet:-1, max-image-preview:large, max-video-preview:-1\" \/>\n<link rel=\"canonical\" href=\"https:\/\/www.italpassion.fr\/pt\/concurso\/f1-ferrari-em-disputa-legal-com-a-aston-martin-laurence-stroll-esta-furioso\/\" \/>\n<meta property=\"og:locale\" content=\"pt_PT\" \/>\n<meta property=\"og:type\" content=\"article\" \/>\n<meta property=\"og:title\" content=\"F1 : Ferrari en bras de fer juridique avec Aston Martin, Lawrence Stroll est furieux ! - ItalPassion\" \/>\n<meta property=\"og:description\" content=\"Fr\u00e9d\u00e9ric Vasseur en bras de fer avec Lawrence Stroll. Illustration g\u00e9n\u00e9r\u00e9e avec IA par Italpassion. La bataille entre la Scuderia Ferrari et Aston Martin\" \/>\n<meta property=\"og:url\" content=\"https:\/\/www.italpassion.fr\/pt\/concurso\/f1-ferrari-em-disputa-legal-com-a-aston-martin-laurence-stroll-esta-furioso\/\" \/>\n<meta property=\"og:site_name\" content=\"ItalPassion\" \/>\n<meta property=\"article:publisher\" content=\"https:\/\/www.facebook.com\/italpassion\" \/>\n<meta property=\"article:published_time\" content=\"2025-03-04T10:38:07+00:00\" \/>\n<meta property=\"article:modified_time\" content=\"2025-03-04T10:42:03+00:00\" \/>\n<meta property=\"og:image\" content=\"https:\/\/www.italpassion.fr\/wp-content\/uploads\/2025\/03\/bras-de-fer-ferrari-aston-martin.jpg\" \/>\n\t<meta property=\"og:image:width\" content=\"1200\" \/>\n\t<meta property=\"og:image:height\" content=\"800\" \/>\n\t<meta property=\"og:image:type\" content=\"image\/jpeg\" \/>\n<meta name=\"author\" content=\"Alexandre Filluzeau\" \/>\n<meta name=\"twitter:card\" content=\"summary_large_image\" \/>\n<meta name=\"twitter:creator\" content=\"@italpassion\" \/>\n<meta name=\"twitter:site\" content=\"@italpassion\" \/>\n<script type=\"application\/ld+json\" class=\"yoast-schema-graph\">{\"@context\":\"https:\/\/schema.org\",\"@graph\":[{\"@type\":\"NewsArticle\",\"@id\":\"https:\/\/www.italpassion.fr\/pt\/competition\/f1-ferrari-en-bras-de-fer-juridique-avec-aston-martin-laurence-stroll-est-furieux\/#article\",\"isPartOf\":{\"@id\":\"https:\/\/www.italpassion.fr\/pt\/competition\/f1-ferrari-en-bras-de-fer-juridique-avec-aston-martin-laurence-stroll-est-furieux\/\"},\"author\":{\"name\":\"Alexandre Filluzeau\",\"@id\":\"https:\/\/www.italpassion.fr\/pt\/#\/schema\/person\/36f747b2a759ca202d847e85a9434ca0\"},\"headline\":\"F1 : Ferrari en bras de fer juridique avec Aston Martin, Lawrence Stroll est furieux !\",\"datePublished\":\"2025-03-04T10:38:07+00:00\",\"dateModified\":\"2025-03-04T10:42:03+00:00\",\"mainEntityOfPage\":{\"@id\":\"https:\/\/www.italpassion.fr\/pt\/competition\/f1-ferrari-en-bras-de-fer-juridique-avec-aston-martin-laurence-stroll-est-furieux\/\"},\"wordCount\":599,\"commentCount\":1,\"publisher\":{\"@id\":\"https:\/\/www.italpassion.fr\/pt\/#organization\"},\"image\":{\"@id\":\"https:\/\/www.italpassion.fr\/pt\/competition\/f1-ferrari-en-bras-de-fer-juridique-avec-aston-martin-laurence-stroll-est-furieux\/#primaryimage\"},\"thumbnailUrl\":\"https:\/\/www.italpassion.fr\/wp-content\/uploads\/2025\/03\/bras-de-fer-ferrari-aston-martin.jpg\",\"keywords\":[\"Scuderia Ferrari\"],\"articleSection\":[\"Formule 1\",\"Sport Auto\"],\"inLanguage\":\"pt-PT\",\"potentialAction\":[{\"@type\":\"CommentAction\",\"name\":\"Comment\",\"target\":[\"https:\/\/www.italpassion.fr\/pt\/competition\/f1-ferrari-en-bras-de-fer-juridique-avec-aston-martin-laurence-stroll-est-furieux\/#respond\"]}]},{\"@type\":\"WebPage\",\"@id\":\"https:\/\/www.italpassion.fr\/pt\/competition\/f1-ferrari-en-bras-de-fer-juridique-avec-aston-martin-laurence-stroll-est-furieux\/\",\"url\":\"https:\/\/www.italpassion.fr\/pt\/competition\/f1-ferrari-en-bras-de-fer-juridique-avec-aston-martin-laurence-stroll-est-furieux\/\",\"name\":\"F1 : Ferrari en bras de fer juridique avec Aston Martin, Lawrence Stroll est furieux ! - ItalPassion\",\"isPartOf\":{\"@id\":\"https:\/\/www.italpassion.fr\/pt\/#website\"},\"primaryImageOfPage\":{\"@id\":\"https:\/\/www.italpassion.fr\/pt\/competition\/f1-ferrari-en-bras-de-fer-juridique-avec-aston-martin-laurence-stroll-est-furieux\/#primaryimage\"},\"image\":{\"@id\":\"https:\/\/www.italpassion.fr\/pt\/competition\/f1-ferrari-en-bras-de-fer-juridique-avec-aston-martin-laurence-stroll-est-furieux\/#primaryimage\"},\"thumbnailUrl\":\"https:\/\/www.italpassion.fr\/wp-content\/uploads\/2025\/03\/bras-de-fer-ferrari-aston-martin.jpg\",\"datePublished\":\"2025-03-04T10:38:07+00:00\",\"dateModified\":\"2025-03-04T10:42:03+00:00\",\"description\":\"Fr\u00e9d\u00e9ric Vasseur en bras de fer avec Lawrence Stroll. Illustration g\u00e9n\u00e9r\u00e9e avec IA par Italpassion. La bataille entre la Scuderia Ferrari et Aston Martin\",\"breadcrumb\":{\"@id\":\"https:\/\/www.italpassion.fr\/pt\/competition\/f1-ferrari-en-bras-de-fer-juridique-avec-aston-martin-laurence-stroll-est-furieux\/#breadcrumb\"},\"inLanguage\":\"pt-PT\",\"potentialAction\":[{\"@type\":\"ReadAction\",\"target\":[\"https:\/\/www.italpassion.fr\/pt\/competition\/f1-ferrari-en-bras-de-fer-juridique-avec-aston-martin-laurence-stroll-est-furieux\/\"]}]},{\"@type\":\"ImageObject\",\"inLanguage\":\"pt-PT\",\"@id\":\"https:\/\/www.italpassion.fr\/pt\/competition\/f1-ferrari-en-bras-de-fer-juridique-avec-aston-martin-laurence-stroll-est-furieux\/#primaryimage\",\"url\":\"https:\/\/www.italpassion.fr\/wp-content\/uploads\/2025\/03\/bras-de-fer-ferrari-aston-martin.jpg\",\"contentUrl\":\"https:\/\/www.italpassion.fr\/wp-content\/uploads\/2025\/03\/bras-de-fer-ferrari-aston-martin.jpg\",\"width\":1200,\"height\":800},{\"@type\":\"BreadcrumbList\",\"@id\":\"https:\/\/www.italpassion.fr\/pt\/competition\/f1-ferrari-en-bras-de-fer-juridique-avec-aston-martin-laurence-stroll-est-furieux\/#breadcrumb\",\"itemListElement\":[{\"@type\":\"ListItem\",\"position\":1,\"name\":\"Accueil\",\"item\":\"https:\/\/www.italpassion.fr\/pt\/\"},{\"@type\":\"ListItem\",\"position\":2,\"name\":\"F1 : Ferrari en bras de fer juridique avec Aston Martin, Lawrence Stroll est furieux !\"}]},{\"@type\":\"WebSite\",\"@id\":\"https:\/\/www.italpassion.fr\/pt\/#website\",\"url\":\"https:\/\/www.italpassion.fr\/pt\/\",\"name\":\"ItalPassion\",\"description\":\"Les Passionn\u00e9s d&#039;Automobiles Italiennes\",\"publisher\":{\"@id\":\"https:\/\/www.italpassion.fr\/pt\/#organization\"},\"potentialAction\":[{\"@type\":\"SearchAction\",\"target\":{\"@type\":\"EntryPoint\",\"urlTemplate\":\"https:\/\/www.italpassion.fr\/pt\/?s={search_term_string}\"},\"query-input\":{\"@type\":\"PropertyValueSpecification\",\"valueRequired\":true,\"valueName\":\"search_term_string\"}}],\"inLanguage\":\"pt-PT\"},{\"@type\":\"Organization\",\"@id\":\"https:\/\/www.italpassion.fr\/pt\/#organization\",\"name\":\"Italpassion\",\"url\":\"https:\/\/www.italpassion.fr\/pt\/\",\"logo\":{\"@type\":\"ImageObject\",\"inLanguage\":\"pt-PT\",\"@id\":\"https:\/\/www.italpassion.fr\/pt\/#\/schema\/logo\/image\/\",\"url\":\"https:\/\/www.italpassion.fr\/wp-content\/uploads\/2023\/07\/italpassion-yoast.jpg\",\"contentUrl\":\"https:\/\/www.italpassion.fr\/wp-content\/uploads\/2023\/07\/italpassion-yoast.jpg\",\"width\":696,\"height\":696,\"caption\":\"Italpassion\"},\"image\":{\"@id\":\"https:\/\/www.italpassion.fr\/pt\/#\/schema\/logo\/image\/\"},\"sameAs\":[\"https:\/\/www.facebook.com\/italpassion\",\"https:\/\/x.com\/italpassion\",\"https:\/\/www.instagram.com\/italpassionfr\/\",\"https:\/\/www.youtube.com\/channel\/UCleq-ByQaA42OjhopwevRjQ\",\"https:\/\/www.facebook.com\/italpassion.en\/\",\"https:\/\/www.facebook.com\/italpassion.it\/\",\"https:\/\/www.facebook.com\/italpassion.de\/\",\"https:\/\/www.facebook.com\/italpassion.ja\/\"]},{\"@type\":\"Person\",\"@id\":\"https:\/\/www.italpassion.fr\/pt\/#\/schema\/person\/36f747b2a759ca202d847e85a9434ca0\",\"name\":\"Alexandre Filluzeau\",\"image\":{\"@type\":\"ImageObject\",\"inLanguage\":\"pt-PT\",\"@id\":\"https:\/\/www.italpassion.fr\/pt\/#\/schema\/person\/image\/\",\"url\":\"https:\/\/www.italpassion.fr\/wp-content\/uploads\/2025\/04\/avatar-alexandre-160x160.jpg\",\"contentUrl\":\"https:\/\/www.italpassion.fr\/wp-content\/uploads\/2025\/04\/avatar-alexandre-160x160.jpg\",\"caption\":\"Alexandre Filluzeau\"},\"description\":\"Fondateur du site ItalPassion, passionn\u00e9 de voitures italiennes et de l'Italie en g\u00e9n\u00e9ral. J'apporte un regard critique et technique aux actualit\u00e9s des marques italiennes quand cela est possible. Propri\u00e9taire d'une Maserati GranTurismo, Alfa Romeo MiTo, Lancia Fulvia et Ducati 695. Ex-propri\u00e9taire d'une Alfa Romeo Giulia.\",\"sameAs\":[\"https:\/\/www.italpassion.fr\/\"],\"url\":\"https:\/\/www.italpassion.fr\/pt\/author\/alexandre\/\"}]}<\/script>\n<!-- \/ Yoast SEO plugin. -->","yoast_head_json":{"title":"F1: Ferrari em conflito legal com a Aston Martin, Lawrence Stroll est\u00e1 furioso! - ItalPassion","description":"Fr\u00e9d\u00e9ric Vasseur num bra\u00e7o de ferro com Lawrence Stroll. Ilustra\u00e7\u00e3o gerada com IA pela Italpassion. A batalha entre a Scuderia Ferrari e a Aston Martin","robots":{"index":"index","follow":"follow","max-snippet":"max-snippet:-1","max-image-preview":"max-image-preview:large","max-video-preview":"max-video-preview:-1"},"canonical":"https:\/\/www.italpassion.fr\/pt\/concurso\/f1-ferrari-em-disputa-legal-com-a-aston-martin-laurence-stroll-esta-furioso\/","og_locale":"pt_PT","og_type":"article","og_title":"F1 : Ferrari en bras de fer juridique avec Aston Martin, Lawrence Stroll est furieux ! - ItalPassion","og_description":"Fr\u00e9d\u00e9ric Vasseur en bras de fer avec Lawrence Stroll. Illustration g\u00e9n\u00e9r\u00e9e avec IA par Italpassion. La bataille entre la Scuderia Ferrari et Aston Martin","og_url":"https:\/\/www.italpassion.fr\/pt\/concurso\/f1-ferrari-em-disputa-legal-com-a-aston-martin-laurence-stroll-esta-furioso\/","og_site_name":"ItalPassion","article_publisher":"https:\/\/www.facebook.com\/italpassion","article_published_time":"2025-03-04T10:38:07+00:00","article_modified_time":"2025-03-04T10:42:03+00:00","og_image":[{"width":1200,"height":800,"url":"https:\/\/www.italpassion.fr\/wp-content\/uploads\/2025\/03\/bras-de-fer-ferrari-aston-martin.jpg","type":"image\/jpeg"}],"author":"Alexandre Filluzeau","twitter_card":"summary_large_image","twitter_creator":"@italpassion","twitter_site":"@italpassion","schema":{"@context":"https:\/\/schema.org","@graph":[{"@type":"NewsArticle","@id":"https:\/\/www.italpassion.fr\/pt\/competition\/f1-ferrari-en-bras-de-fer-juridique-avec-aston-martin-laurence-stroll-est-furieux\/#article","isPartOf":{"@id":"https:\/\/www.italpassion.fr\/pt\/competition\/f1-ferrari-en-bras-de-fer-juridique-avec-aston-martin-laurence-stroll-est-furieux\/"},"author":{"name":"Alexandre Filluzeau","@id":"https:\/\/www.italpassion.fr\/pt\/#\/schema\/person\/36f747b2a759ca202d847e85a9434ca0"},"headline":"F1 : Ferrari en bras de fer juridique avec Aston Martin, Lawrence Stroll est furieux !","datePublished":"2025-03-04T10:38:07+00:00","dateModified":"2025-03-04T10:42:03+00:00","mainEntityOfPage":{"@id":"https:\/\/www.italpassion.fr\/pt\/competition\/f1-ferrari-en-bras-de-fer-juridique-avec-aston-martin-laurence-stroll-est-furieux\/"},"wordCount":599,"commentCount":1,"publisher":{"@id":"https:\/\/www.italpassion.fr\/pt\/#organization"},"image":{"@id":"https:\/\/www.italpassion.fr\/pt\/competition\/f1-ferrari-en-bras-de-fer-juridique-avec-aston-martin-laurence-stroll-est-furieux\/#primaryimage"},"thumbnailUrl":"https:\/\/www.italpassion.fr\/wp-content\/uploads\/2025\/03\/bras-de-fer-ferrari-aston-martin.jpg","keywords":["Scuderia Ferrari"],"articleSection":["Formule 1","Sport Auto"],"inLanguage":"pt-PT","potentialAction":[{"@type":"CommentAction","name":"Comment","target":["https:\/\/www.italpassion.fr\/pt\/competition\/f1-ferrari-en-bras-de-fer-juridique-avec-aston-martin-laurence-stroll-est-furieux\/#respond"]}]},{"@type":"WebPage","@id":"https:\/\/www.italpassion.fr\/pt\/competition\/f1-ferrari-en-bras-de-fer-juridique-avec-aston-martin-laurence-stroll-est-furieux\/","url":"https:\/\/www.italpassion.fr\/pt\/competition\/f1-ferrari-en-bras-de-fer-juridique-avec-aston-martin-laurence-stroll-est-furieux\/","name":"F1: Ferrari em conflito legal com a Aston Martin, Lawrence Stroll est\u00e1 furioso! - ItalPassion","isPartOf":{"@id":"https:\/\/www.italpassion.fr\/pt\/#website"},"primaryImageOfPage":{"@id":"https:\/\/www.italpassion.fr\/pt\/competition\/f1-ferrari-en-bras-de-fer-juridique-avec-aston-martin-laurence-stroll-est-furieux\/#primaryimage"},"image":{"@id":"https:\/\/www.italpassion.fr\/pt\/competition\/f1-ferrari-en-bras-de-fer-juridique-avec-aston-martin-laurence-stroll-est-furieux\/#primaryimage"},"thumbnailUrl":"https:\/\/www.italpassion.fr\/wp-content\/uploads\/2025\/03\/bras-de-fer-ferrari-aston-martin.jpg","datePublished":"2025-03-04T10:38:07+00:00","dateModified":"2025-03-04T10:42:03+00:00","description":"Fr\u00e9d\u00e9ric Vasseur num bra\u00e7o de ferro com Lawrence Stroll. Ilustra\u00e7\u00e3o gerada com IA pela Italpassion. A batalha entre a Scuderia Ferrari e a Aston Martin","breadcrumb":{"@id":"https:\/\/www.italpassion.fr\/pt\/competition\/f1-ferrari-en-bras-de-fer-juridique-avec-aston-martin-laurence-stroll-est-furieux\/#breadcrumb"},"inLanguage":"pt-PT","potentialAction":[{"@type":"ReadAction","target":["https:\/\/www.italpassion.fr\/pt\/competition\/f1-ferrari-en-bras-de-fer-juridique-avec-aston-martin-laurence-stroll-est-furieux\/"]}]},{"@type":"ImageObject","inLanguage":"pt-PT","@id":"https:\/\/www.italpassion.fr\/pt\/competition\/f1-ferrari-en-bras-de-fer-juridique-avec-aston-martin-laurence-stroll-est-furieux\/#primaryimage","url":"https:\/\/www.italpassion.fr\/wp-content\/uploads\/2025\/03\/bras-de-fer-ferrari-aston-martin.jpg","contentUrl":"https:\/\/www.italpassion.fr\/wp-content\/uploads\/2025\/03\/bras-de-fer-ferrari-aston-martin.jpg","width":1200,"height":800},{"@type":"BreadcrumbList","@id":"https:\/\/www.italpassion.fr\/pt\/competition\/f1-ferrari-en-bras-de-fer-juridique-avec-aston-martin-laurence-stroll-est-furieux\/#breadcrumb","itemListElement":[{"@type":"ListItem","position":1,"name":"Accueil","item":"https:\/\/www.italpassion.fr\/pt\/"},{"@type":"ListItem","position":2,"name":"F1 : Ferrari en bras de fer juridique avec Aston Martin, Lawrence Stroll est furieux !"}]},{"@type":"WebSite","@id":"https:\/\/www.italpassion.fr\/pt\/#website","url":"https:\/\/www.italpassion.fr\/pt\/","name":"ItalPassion","description":"Entusiastas de autom\u00f3veis italianos","publisher":{"@id":"https:\/\/www.italpassion.fr\/pt\/#organization"},"potentialAction":[{"@type":"SearchAction","target":{"@type":"EntryPoint","urlTemplate":"https:\/\/www.italpassion.fr\/pt\/?s={search_term_string}"},"query-input":{"@type":"PropertyValueSpecification","valueRequired":true,"valueName":"search_term_string"}}],"inLanguage":"pt-PT"},{"@type":"Organization","@id":"https:\/\/www.italpassion.fr\/pt\/#organization","name":"Italpassion","url":"https:\/\/www.italpassion.fr\/pt\/","logo":{"@type":"ImageObject","inLanguage":"pt-PT","@id":"https:\/\/www.italpassion.fr\/pt\/#\/schema\/logo\/image\/","url":"https:\/\/www.italpassion.fr\/wp-content\/uploads\/2023\/07\/italpassion-yoast.jpg","contentUrl":"https:\/\/www.italpassion.fr\/wp-content\/uploads\/2023\/07\/italpassion-yoast.jpg","width":696,"height":696,"caption":"Italpassion"},"image":{"@id":"https:\/\/www.italpassion.fr\/pt\/#\/schema\/logo\/image\/"},"sameAs":["https:\/\/www.facebook.com\/italpassion","https:\/\/x.com\/italpassion","https:\/\/www.instagram.com\/italpassionfr\/","https:\/\/www.youtube.com\/channel\/UCleq-ByQaA42OjhopwevRjQ","https:\/\/www.facebook.com\/italpassion.en\/","https:\/\/www.facebook.com\/italpassion.it\/","https:\/\/www.facebook.com\/italpassion.de\/","https:\/\/www.facebook.com\/italpassion.ja\/"]},{"@type":"Person","@id":"https:\/\/www.italpassion.fr\/pt\/#\/schema\/person\/36f747b2a759ca202d847e85a9434ca0","name":"Alexandre Filluzeau","image":{"@type":"ImageObject","inLanguage":"pt-PT","@id":"https:\/\/www.italpassion.fr\/pt\/#\/schema\/person\/image\/","url":"https:\/\/www.italpassion.fr\/wp-content\/uploads\/2025\/04\/avatar-alexandre-160x160.jpg","contentUrl":"https:\/\/www.italpassion.fr\/wp-content\/uploads\/2025\/04\/avatar-alexandre-160x160.jpg","caption":"Alexandre Filluzeau"},"description":"Fundador do site ItalPassion, apaixonado por carros italianos e pela It\u00e1lia em geral. Trago um olhar cr\u00edtico e t\u00e9cnico \u00e0s not\u00edcias das marcas italianas, sempre que poss\u00edvel. Propriet\u00e1ria de um Maserati GranTurismo, Alfa Romeo MiTo, Lancia Fulvia e Ducati 695. Ex-propriet\u00e1rio de uma Alfa Romeo Giulia.","sameAs":["https:\/\/www.italpassion.fr\/"],"url":"https:\/\/www.italpassion.fr\/pt\/author\/alexandre\/"}]}},"_links":{"self":[{"href":"https:\/\/www.italpassion.fr\/pt\/wp-json\/wp\/v2\/posts\/37004","targetHints":{"allow":["GET"]}}],"collection":[{"href":"https:\/\/www.italpassion.fr\/pt\/wp-json\/wp\/v2\/posts"}],"about":[{"href":"https:\/\/www.italpassion.fr\/pt\/wp-json\/wp\/v2\/types\/post"}],"author":[{"embeddable":true,"href":"https:\/\/www.italpassion.fr\/pt\/wp-json\/wp\/v2\/users\/1"}],"replies":[{"embeddable":true,"href":"https:\/\/www.italpassion.fr\/pt\/wp-json\/wp\/v2\/comments?post=37004"}],"version-history":[{"count":5,"href":"https:\/\/www.italpassion.fr\/pt\/wp-json\/wp\/v2\/posts\/37004\/revisions"}],"predecessor-version":[{"id":37013,"href":"https:\/\/www.italpassion.fr\/pt\/wp-json\/wp\/v2\/posts\/37004\/revisions\/37013"}],"wp:featuredmedia":[{"embeddable":true,"href":"https:\/\/www.italpassion.fr\/pt\/wp-json\/wp\/v2\/media\/37006"}],"wp:attachment":[{"href":"https:\/\/www.italpassion.fr\/pt\/wp-json\/wp\/v2\/media?parent=37004"}],"wp:term":[{"taxonomy":"category","embeddable":true,"href":"https:\/\/www.italpassion.fr\/pt\/wp-json\/wp\/v2\/categories?post=37004"},{"taxonomy":"post_tag","embeddable":true,"href":"https:\/\/www.italpassion.fr\/pt\/wp-json\/wp\/v2\/tags?post=37004"}],"curies":[{"name":"wp","href":"https:\/\/api.w.org\/{rel}","templated":true}]}}