{"id":36442,"date":"2025-02-06T11:49:36","date_gmt":"2025-02-06T10:49:36","guid":{"rendered":"https:\/\/www.italpassion.fr\/?p=36442"},"modified":"2025-02-17T09:56:05","modified_gmt":"2025-02-17T08:56:05","slug":"a-alfa-romeo-comeca-bem-o-mes-de-janeiro-de-2025-gracas-sobretudo-ao-suv-junior","status":"publish","type":"post","link":"https:\/\/www.italpassion.fr\/pt\/alfa-romeo\/alfa-romeo-bon-demarrage-en-janvier-2025-principalement-grace-au-suv-junior\/","title":{"rendered":"Alfa Romeo: bom arranque para janeiro de 2025, gra\u00e7as sobretudo ao SUV Junior"},"content":{"rendered":"<figure class=\"wp-block-image size-large\"><img loading=\"lazy\" decoding=\"async\" width=\"1024\" height=\"683\" src=\"https:\/\/www.italpassion.fr\/wp-content\/uploads\/2025\/01\/alfa-romeo-junior-q4-2025-de-2-1024x683.jpg\" alt=\"\" class=\"wp-image-36153\" srcset=\"https:\/\/www.italpassion.fr\/wp-content\/uploads\/2025\/01\/alfa-romeo-junior-q4-2025-de-2-1024x683.jpg 1024w, https:\/\/www.italpassion.fr\/wp-content\/uploads\/2025\/01\/alfa-romeo-junior-q4-2025-de-2-300x200.jpg 300w, https:\/\/www.italpassion.fr\/wp-content\/uploads\/2025\/01\/alfa-romeo-junior-q4-2025-de-2-768x512.jpg 768w, https:\/\/www.italpassion.fr\/wp-content\/uploads\/2025\/01\/alfa-romeo-junior-q4-2025-de-2-18x12.jpg 18w, https:\/\/www.italpassion.fr\/wp-content\/uploads\/2025\/01\/alfa-romeo-junior-q4-2025-de-2-561x374.jpg 561w, https:\/\/www.italpassion.fr\/wp-content\/uploads\/2025\/01\/alfa-romeo-junior-q4-2025-de-2-1122x748.jpg 1122w, https:\/\/www.italpassion.fr\/wp-content\/uploads\/2025\/01\/alfa-romeo-junior-q4-2025-de-2-265x177.jpg 265w, https:\/\/www.italpassion.fr\/wp-content\/uploads\/2025\/01\/alfa-romeo-junior-q4-2025-de-2-531x354.jpg 531w, https:\/\/www.italpassion.fr\/wp-content\/uploads\/2025\/01\/alfa-romeo-junior-q4-2025-de-2-364x243.jpg 364w, https:\/\/www.italpassion.fr\/wp-content\/uploads\/2025\/01\/alfa-romeo-junior-q4-2025-de-2-728x485.jpg 728w, https:\/\/www.italpassion.fr\/wp-content\/uploads\/2025\/01\/alfa-romeo-junior-q4-2025-de-2-608x405.jpg 608w, https:\/\/www.italpassion.fr\/wp-content\/uploads\/2025\/01\/alfa-romeo-junior-q4-2025-de-2-758x505.jpg 758w, https:\/\/www.italpassion.fr\/wp-content\/uploads\/2025\/01\/alfa-romeo-junior-q4-2025-de-2-1152x768.jpg 1152w, https:\/\/www.italpassion.fr\/wp-content\/uploads\/2025\/01\/alfa-romeo-junior-q4-2025-de-2.jpg 1200w\" sizes=\"auto, (max-width: 1024px) 100vw, 1024px\" \/><\/figure>\n\n\n\n<p><strong>L'<a href=\"https:\/\/www.italpassion.fr\/pt\/carros\/alfa-romeo-junior\/\">Alfa Romeo J\u00fanior<\/a>lan\u00e7ado h\u00e1 alguns meses, provou o seu valor no in\u00edcio de 2025, especialmente em It\u00e1lia, onde representa agora uma parte significativa dos registos da marca. <\/strong>Embora tenha sido alvo de algumas cr\u00edticas aquando da sua apresenta\u00e7\u00e3o, parece ter encontrado o seu p\u00fablico. Os n\u00fameros relativos a janeiro de 2025 s\u00e3o muito promissores, indicando que o modelo est\u00e1 confortavelmente estabelecido entre os ve\u00edculos mais populares em<a href=\"https:\/\/www.italpassion.fr\/pt\/alfa-romeo\/\">Alfa Romeo<\/a>.<\/p>\n\n\n\n<h3 class=\"wp-block-heading\">Um bom desempenho a n\u00edvel europeu<\/h3>\n\n\n\n<p>Em janeiro de 2025, tendo em conta os 10 principais pa\u00edses, <strong>A Alfa Romeo registou um total de 4.702 matr\u00edculas, um aumento de 20 % em rela\u00e7\u00e3o a janeiro de 2024.<\/strong> Esta tend\u00eancia \u00e9 ainda mais acentuada do que em 2023, ano em que as vendas aumentaram 22 %. Embora n\u00e3o seja comercializado nos Estados Unidos, o Junior teve um desempenho brilhante na Europa, nomeadamente em It\u00e1lia, Fran\u00e7a e Espanha.<\/p>\n\n\n\n<figure class=\"wp-block-table\"><table class=\"has-fixed-layout\"><thead><tr><th><\/th><th>janeiro de 2024<\/th><th>janeiro de 2025<\/th><th>Evolu\u00e7\u00e3o<\/th><\/tr><\/thead><tbody><tr><td>It\u00e1lia<\/td><td>1933<\/td><td>2276<\/td><td>17%<\/td><\/tr><tr><td>EUA<\/td><td>655<\/td><td>460<\/td><td>-29%<\/td><\/tr><tr><td>Alemanha<\/td><td>629<\/td><td>572<\/td><td>-9%<\/td><\/tr><tr><td>Fran\u00e7a<\/td><td>386<\/td><td>656<\/td><td>70%<\/td><\/tr><tr><td>Espanha<\/td><td>201<\/td><td>335<\/td><td>66%<\/td><\/tr><tr><td>Turquia<\/td><td>106<\/td><td>113<\/td><td>6%<\/td><\/tr><tr><td>Jap\u00e3o<\/td><td>75<\/td><td>67<\/td><td>-10%<\/td><\/tr><tr><td>Reino Unido<\/td><td>73<\/td><td>69<\/td><td>-5%<\/td><\/tr><tr><td>Swisse<\/td><td>79<\/td><td>67<\/td><td>-15%<\/td><\/tr><tr><td>\u00c1ustria<\/td><td>65<\/td><td>87<\/td><td>33%<\/td><\/tr><\/tbody><\/table><figcaption class=\"wp-element-caption\">Fonte Italpassion<\/figcaption><\/figure>\n\n\n\n<p><strong>Os n\u00fameros relativos a janeiro de 2025 s\u00e3o, de facto, impressionantes, com um aumento acentuado de 17 % em It\u00e1lia, <\/strong>70 % em Fran\u00e7a e 66 % em Espanha. Estes resultados sugerem que o Junior est\u00e1 a corresponder \u00e0s expectativas dos consumidores nestes pa\u00edses. <strong>Em It\u00e1lia, por exemplo, o Junior representa atualmente 62 % das vendas da Alfa Romeo,<\/strong> um n\u00famero excecional que reflecte o interesse crescente por este modelo.<\/p>\n\n\n\n<figure class=\"wp-block-table\"><table class=\"has-fixed-layout\"><thead><tr><th><\/th><th>janeiro de 2025<\/th><th>J\u00fanior<\/th><th>% de vendas<\/th><\/tr><\/thead><tbody><tr><td>It\u00e1lia<\/td><td>2276<\/td><td>1402<\/td><td>62 %<\/td><\/tr><tr><td>Alemanha<\/td><td>572<\/td><td>318<\/td><td>55 %<\/td><\/tr><tr><td>Fran\u00e7a<\/td><td>656<\/td><td>488<\/td><td>74 %<\/td><\/tr><tr><td>Espanha<\/td><td>335<\/td><td>229<\/td><td>68 %<\/td><\/tr><\/tbody><\/table><figcaption class=\"wp-element-caption\">Ainda n\u00e3o dispomos dos dados relativos aos juniores na Alemanha.<\/figcaption><\/figure>\n\n\n\n<h2 class=\"wp-block-heading\">Diferen\u00e7as de mercado na Alemanha<\/h2>\n\n\n\n<p>No entanto, nem todos os mercados reagem da mesma forma. <strong>Na Alemanha, um pa\u00eds conhecido pela sua prefer\u00eancia por ve\u00edculos dos segmentos C e D, <\/strong>a atra\u00e7\u00e3o do J\u00fanior continua a ser mais moderada. Embora os n\u00fameros espec\u00edficos para o Junior ainda n\u00e3o estejam dispon\u00edveis, as tend\u00eancias dos meses anteriores indicam uma prefer\u00eancia por outros segmentos, o que explica os resultados mais d\u00edspares deste modelo neste pa\u00eds. \u00c9 por isso que este pa\u00eds regista uma descida de -9%, com uma maior procura de um Tonale ou de um Stelvio.<\/p>\n\n\n\n<p>ACTUALIZA\u00c7\u00c3O: temos os n\u00fameros relativos ao Junior, que ainda representa 55 % de matr\u00edculas na Alemanha em janeiro de 2025.<\/p>\n\n\n\n<h2 class=\"wp-block-heading\">A vers\u00e3o h\u00edbrida abre perspectivas no Reino Unido<\/h2>\n\n\n\n<figure class=\"wp-block-image size-large\"><img loading=\"lazy\" decoding=\"async\" width=\"1024\" height=\"512\" src=\"https:\/\/www.italpassion.fr\/wp-content\/uploads\/2025\/02\/alfa-romeo-junior-uk-1024x512.jpg\" alt=\"\" class=\"wp-image-36444\" srcset=\"https:\/\/www.italpassion.fr\/wp-content\/uploads\/2025\/02\/alfa-romeo-junior-uk-1024x512.jpg 1024w, https:\/\/www.italpassion.fr\/wp-content\/uploads\/2025\/02\/alfa-romeo-junior-uk-300x150.jpg 300w, https:\/\/www.italpassion.fr\/wp-content\/uploads\/2025\/02\/alfa-romeo-junior-uk-768x384.jpg 768w, https:\/\/www.italpassion.fr\/wp-content\/uploads\/2025\/02\/alfa-romeo-junior-uk-1536x768.jpg 1536w, https:\/\/www.italpassion.fr\/wp-content\/uploads\/2025\/02\/alfa-romeo-junior-uk-18x9.jpg 18w, https:\/\/www.italpassion.fr\/wp-content\/uploads\/2025\/02\/alfa-romeo-junior-uk-192x96.jpg 192w, https:\/\/www.italpassion.fr\/wp-content\/uploads\/2025\/02\/alfa-romeo-junior-uk-384x192.jpg 384w, https:\/\/www.italpassion.fr\/wp-content\/uploads\/2025\/02\/alfa-romeo-junior-uk-561x281.jpg 561w, https:\/\/www.italpassion.fr\/wp-content\/uploads\/2025\/02\/alfa-romeo-junior-uk-1122x561.jpg 1122w, https:\/\/www.italpassion.fr\/wp-content\/uploads\/2025\/02\/alfa-romeo-junior-uk-265x133.jpg 265w, https:\/\/www.italpassion.fr\/wp-content\/uploads\/2025\/02\/alfa-romeo-junior-uk-531x266.jpg 531w, https:\/\/www.italpassion.fr\/wp-content\/uploads\/2025\/02\/alfa-romeo-junior-uk-364x182.jpg 364w, https:\/\/www.italpassion.fr\/wp-content\/uploads\/2025\/02\/alfa-romeo-junior-uk-728x364.jpg 728w, https:\/\/www.italpassion.fr\/wp-content\/uploads\/2025\/02\/alfa-romeo-junior-uk-608x304.jpg 608w, https:\/\/www.italpassion.fr\/wp-content\/uploads\/2025\/02\/alfa-romeo-junior-uk-758x379.jpg 758w, https:\/\/www.italpassion.fr\/wp-content\/uploads\/2025\/02\/alfa-romeo-junior-uk-1152x576.jpg 1152w, https:\/\/www.italpassion.fr\/wp-content\/uploads\/2025\/02\/alfa-romeo-junior-uk.jpg 1600w\" sizes=\"auto, (max-width: 1024px) 100vw, 1024px\" \/><\/figure>\n\n\n\n<p>No Reino Unido, a situa\u00e7\u00e3o est\u00e1 a melhorar para o Junior, que anteriormente s\u00f3 estava dispon\u00edvel numa vers\u00e3o el\u00e9ctrica 100 %. <a href=\"https:\/\/www.italpassion.fr\/pt\/alfa-romeo\/alfa-romeo-junior-hybrid-precos-e-abertura-de-encomendas-no-reino-unido\/\">Desde o in\u00edcio de fevereiro de 2025, a vers\u00e3o h\u00edbrida est\u00e1 finalmente dispon\u00edvel para encomenda.<\/a>Este facto poder\u00e1 impulsionar as vendas do Junior nos pr\u00f3ximos meses.<\/p>\n\n\n\n<h2 class=\"wp-block-heading\">Boa din\u00e2mica, mas o tempo continua a ser a chave<\/h2>\n\n\n\n<p>Embora janeiro tenha sido um m\u00eas muito bom para a Alfa Romeo, \u00e9 importante manter a cautela. A marca registou um<a href=\"https:\/\/www.italpassion.fr\/pt\/alfa-romeo\/alfa-romeo-2024-vendas-em-baixa-ceo-quer-fazer-melhor-em-2025\/\">total de 62 000 registos at\u00e9 2024<\/a>Isto representa uma m\u00e9dia de 5.200 autom\u00f3veis vendidos por m\u00eas. Historicamente, <strong>Os meses de mar\u00e7o a junho foram fortes em termos de registos,<\/strong> e ser\u00e1 interessante ver se Junior continua a levar a marca a novos patamares durante este per\u00edodo.<\/p>\n\n\n\n<p><strong>Os primeiros resultados s\u00e3o, por conseguinte, muito encorajadores, <\/strong>mas o verdadeiro teste ser\u00e1 saber se a Alfa Romeo consegue manter esta din\u00e2mica. Pode ser que <a href=\"https:\/\/www.italpassion.fr\/pt\/alfa-romeo\/alfa-romeo-todas-as-novidades-que-vera-em-2025\/\">Novos produtos Alfa Romeo previstos para 2025<\/a> tamb\u00e9m poder\u00e1 apoiar as vendas.<\/p>","protected":false},"excerpt":{"rendered":"","protected":false},"author":1,"featured_media":36153,"comment_status":"open","ping_status":"open","sticky":false,"template":"","format":"standard","meta":{"_acf_changed":false,"_sitemap_exclude":false,"_sitemap_priority":"","_sitemap_frequency":"","footnotes":""},"categories":[22],"tags":[403],"class_list":["post-36442","post","type-post","status-publish","format-standard","has-post-thumbnail","hentry","category-alfa-romeo","tag-alfa-romeo-junior","generate-columns","tablet-grid-50","mobile-grid-100","grid-parent","grid-33"],"acf":[],"yoast_head":"<!-- This site is optimized with the Yoast SEO plugin v25.8 - https:\/\/yoast.com\/wordpress\/plugins\/seo\/ -->\n<title>Alfa Romeo : bon d\u00e9marrage en janvier 2025, principalement gr\u00e2ce au SUV Junior - ItalPassion<\/title>\n<meta name=\"description\" content=\"L&#039;Alfa Romeo Junior, lanc\u00e9 depuis plusieurs mois, a fait ses preuves en d\u00e9but 2025, surtout en Italie, o\u00f9 il repr\u00e9sente d\u00e9sormais une part significative\" \/>\n<meta name=\"robots\" content=\"index, follow, max-snippet:-1, max-image-preview:large, max-video-preview:-1\" \/>\n<link rel=\"canonical\" href=\"https:\/\/www.italpassion.fr\/pt\/alfa-romeo\/a-alfa-romeo-comeca-bem-o-mes-de-janeiro-de-2025-gracas-sobretudo-ao-suv-junior\/\" \/>\n<meta property=\"og:locale\" content=\"pt_PT\" \/>\n<meta property=\"og:type\" content=\"article\" \/>\n<meta property=\"og:title\" content=\"Alfa Romeo : bon d\u00e9marrage en janvier 2025, principalement gr\u00e2ce au SUV Junior - ItalPassion\" \/>\n<meta property=\"og:description\" content=\"L&#039;Alfa Romeo Junior, lanc\u00e9 depuis plusieurs mois, a fait ses preuves en d\u00e9but 2025, surtout en Italie, o\u00f9 il repr\u00e9sente d\u00e9sormais une part significative\" \/>\n<meta property=\"og:url\" content=\"https:\/\/www.italpassion.fr\/pt\/alfa-romeo\/a-alfa-romeo-comeca-bem-o-mes-de-janeiro-de-2025-gracas-sobretudo-ao-suv-junior\/\" \/>\n<meta property=\"og:site_name\" content=\"ItalPassion\" \/>\n<meta property=\"article:publisher\" content=\"https:\/\/www.facebook.com\/italpassion\" \/>\n<meta property=\"article:published_time\" content=\"2025-02-06T10:49:36+00:00\" \/>\n<meta property=\"article:modified_time\" content=\"2025-02-17T08:56:05+00:00\" \/>\n<meta property=\"og:image\" content=\"https:\/\/www.italpassion.fr\/wp-content\/uploads\/2025\/01\/alfa-romeo-junior-q4-2025-de-2.jpg\" \/>\n\t<meta property=\"og:image:width\" content=\"1200\" \/>\n\t<meta property=\"og:image:height\" content=\"800\" \/>\n\t<meta property=\"og:image:type\" content=\"image\/jpeg\" \/>\n<meta name=\"author\" content=\"Alexandre Filluzeau\" \/>\n<meta name=\"twitter:card\" content=\"summary_large_image\" \/>\n<meta name=\"twitter:creator\" content=\"@italpassion\" \/>\n<meta name=\"twitter:site\" content=\"@italpassion\" \/>\n<script type=\"application\/ld+json\" class=\"yoast-schema-graph\">{\"@context\":\"https:\/\/schema.org\",\"@graph\":[{\"@type\":\"NewsArticle\",\"@id\":\"https:\/\/www.italpassion.fr\/pt\/alfa-romeo\/alfa-romeo-bon-demarrage-en-janvier-2025-principalement-grace-au-suv-junior\/#article\",\"isPartOf\":{\"@id\":\"https:\/\/www.italpassion.fr\/pt\/alfa-romeo\/alfa-romeo-bon-demarrage-en-janvier-2025-principalement-grace-au-suv-junior\/\"},\"author\":{\"name\":\"Alexandre Filluzeau\",\"@id\":\"https:\/\/www.italpassion.fr\/pt\/#\/schema\/person\/36f747b2a759ca202d847e85a9434ca0\"},\"headline\":\"Alfa Romeo : bon d\u00e9marrage en janvier 2025, principalement gr\u00e2ce au SUV Junior\",\"datePublished\":\"2025-02-06T10:49:36+00:00\",\"dateModified\":\"2025-02-17T08:56:05+00:00\",\"mainEntityOfPage\":{\"@id\":\"https:\/\/www.italpassion.fr\/pt\/alfa-romeo\/alfa-romeo-bon-demarrage-en-janvier-2025-principalement-grace-au-suv-junior\/\"},\"wordCount\":575,\"commentCount\":9,\"publisher\":{\"@id\":\"https:\/\/www.italpassion.fr\/pt\/#organization\"},\"image\":{\"@id\":\"https:\/\/www.italpassion.fr\/pt\/alfa-romeo\/alfa-romeo-bon-demarrage-en-janvier-2025-principalement-grace-au-suv-junior\/#primaryimage\"},\"thumbnailUrl\":\"https:\/\/www.italpassion.fr\/wp-content\/uploads\/2025\/01\/alfa-romeo-junior-q4-2025-de-2.jpg\",\"keywords\":[\"Alfa Romeo Junior\"],\"articleSection\":[\"Alfa Romeo\"],\"inLanguage\":\"pt-PT\",\"potentialAction\":[{\"@type\":\"CommentAction\",\"name\":\"Comment\",\"target\":[\"https:\/\/www.italpassion.fr\/pt\/alfa-romeo\/alfa-romeo-bon-demarrage-en-janvier-2025-principalement-grace-au-suv-junior\/#respond\"]}]},{\"@type\":\"WebPage\",\"@id\":\"https:\/\/www.italpassion.fr\/pt\/alfa-romeo\/alfa-romeo-bon-demarrage-en-janvier-2025-principalement-grace-au-suv-junior\/\",\"url\":\"https:\/\/www.italpassion.fr\/pt\/alfa-romeo\/alfa-romeo-bon-demarrage-en-janvier-2025-principalement-grace-au-suv-junior\/\",\"name\":\"Alfa Romeo : bon d\u00e9marrage en janvier 2025, principalement gr\u00e2ce au SUV Junior - ItalPassion\",\"isPartOf\":{\"@id\":\"https:\/\/www.italpassion.fr\/pt\/#website\"},\"primaryImageOfPage\":{\"@id\":\"https:\/\/www.italpassion.fr\/pt\/alfa-romeo\/alfa-romeo-bon-demarrage-en-janvier-2025-principalement-grace-au-suv-junior\/#primaryimage\"},\"image\":{\"@id\":\"https:\/\/www.italpassion.fr\/pt\/alfa-romeo\/alfa-romeo-bon-demarrage-en-janvier-2025-principalement-grace-au-suv-junior\/#primaryimage\"},\"thumbnailUrl\":\"https:\/\/www.italpassion.fr\/wp-content\/uploads\/2025\/01\/alfa-romeo-junior-q4-2025-de-2.jpg\",\"datePublished\":\"2025-02-06T10:49:36+00:00\",\"dateModified\":\"2025-02-17T08:56:05+00:00\",\"description\":\"L'Alfa Romeo Junior, lanc\u00e9 depuis plusieurs mois, a fait ses preuves en d\u00e9but 2025, surtout en Italie, o\u00f9 il repr\u00e9sente d\u00e9sormais une part significative\",\"breadcrumb\":{\"@id\":\"https:\/\/www.italpassion.fr\/pt\/alfa-romeo\/alfa-romeo-bon-demarrage-en-janvier-2025-principalement-grace-au-suv-junior\/#breadcrumb\"},\"inLanguage\":\"pt-PT\",\"potentialAction\":[{\"@type\":\"ReadAction\",\"target\":[\"https:\/\/www.italpassion.fr\/pt\/alfa-romeo\/alfa-romeo-bon-demarrage-en-janvier-2025-principalement-grace-au-suv-junior\/\"]}]},{\"@type\":\"ImageObject\",\"inLanguage\":\"pt-PT\",\"@id\":\"https:\/\/www.italpassion.fr\/pt\/alfa-romeo\/alfa-romeo-bon-demarrage-en-janvier-2025-principalement-grace-au-suv-junior\/#primaryimage\",\"url\":\"https:\/\/www.italpassion.fr\/wp-content\/uploads\/2025\/01\/alfa-romeo-junior-q4-2025-de-2.jpg\",\"contentUrl\":\"https:\/\/www.italpassion.fr\/wp-content\/uploads\/2025\/01\/alfa-romeo-junior-q4-2025-de-2.jpg\",\"width\":1200,\"height\":800},{\"@type\":\"BreadcrumbList\",\"@id\":\"https:\/\/www.italpassion.fr\/pt\/alfa-romeo\/alfa-romeo-bon-demarrage-en-janvier-2025-principalement-grace-au-suv-junior\/#breadcrumb\",\"itemListElement\":[{\"@type\":\"ListItem\",\"position\":1,\"name\":\"Accueil\",\"item\":\"https:\/\/www.italpassion.fr\/pt\/\"},{\"@type\":\"ListItem\",\"position\":2,\"name\":\"Alfa Romeo : bon d\u00e9marrage en janvier 2025, principalement gr\u00e2ce au SUV Junior\"}]},{\"@type\":\"WebSite\",\"@id\":\"https:\/\/www.italpassion.fr\/pt\/#website\",\"url\":\"https:\/\/www.italpassion.fr\/pt\/\",\"name\":\"ItalPassion\",\"description\":\"Les Passionn\u00e9s d&#039;Automobiles Italiennes\",\"publisher\":{\"@id\":\"https:\/\/www.italpassion.fr\/pt\/#organization\"},\"potentialAction\":[{\"@type\":\"SearchAction\",\"target\":{\"@type\":\"EntryPoint\",\"urlTemplate\":\"https:\/\/www.italpassion.fr\/pt\/?s={search_term_string}\"},\"query-input\":{\"@type\":\"PropertyValueSpecification\",\"valueRequired\":true,\"valueName\":\"search_term_string\"}}],\"inLanguage\":\"pt-PT\"},{\"@type\":\"Organization\",\"@id\":\"https:\/\/www.italpassion.fr\/pt\/#organization\",\"name\":\"Italpassion\",\"url\":\"https:\/\/www.italpassion.fr\/pt\/\",\"logo\":{\"@type\":\"ImageObject\",\"inLanguage\":\"pt-PT\",\"@id\":\"https:\/\/www.italpassion.fr\/pt\/#\/schema\/logo\/image\/\",\"url\":\"https:\/\/www.italpassion.fr\/wp-content\/uploads\/2023\/07\/italpassion-yoast.jpg\",\"contentUrl\":\"https:\/\/www.italpassion.fr\/wp-content\/uploads\/2023\/07\/italpassion-yoast.jpg\",\"width\":696,\"height\":696,\"caption\":\"Italpassion\"},\"image\":{\"@id\":\"https:\/\/www.italpassion.fr\/pt\/#\/schema\/logo\/image\/\"},\"sameAs\":[\"https:\/\/www.facebook.com\/italpassion\",\"https:\/\/x.com\/italpassion\",\"https:\/\/www.instagram.com\/italpassionfr\/\",\"https:\/\/www.youtube.com\/channel\/UCleq-ByQaA42OjhopwevRjQ\",\"https:\/\/www.facebook.com\/italpassion.en\/\",\"https:\/\/www.facebook.com\/italpassion.it\/\",\"https:\/\/www.facebook.com\/italpassion.de\/\",\"https:\/\/www.facebook.com\/italpassion.ja\/\"]},{\"@type\":\"Person\",\"@id\":\"https:\/\/www.italpassion.fr\/pt\/#\/schema\/person\/36f747b2a759ca202d847e85a9434ca0\",\"name\":\"Alexandre Filluzeau\",\"image\":{\"@type\":\"ImageObject\",\"inLanguage\":\"pt-PT\",\"@id\":\"https:\/\/www.italpassion.fr\/pt\/#\/schema\/person\/image\/\",\"url\":\"https:\/\/www.italpassion.fr\/wp-content\/uploads\/2025\/04\/avatar-alexandre-160x160.jpg\",\"contentUrl\":\"https:\/\/www.italpassion.fr\/wp-content\/uploads\/2025\/04\/avatar-alexandre-160x160.jpg\",\"caption\":\"Alexandre Filluzeau\"},\"description\":\"Fondateur du site ItalPassion, passionn\u00e9 de voitures italiennes et de l'Italie en g\u00e9n\u00e9ral. J'apporte un regard critique et technique aux actualit\u00e9s des marques italiennes quand cela est possible. Propri\u00e9taire d'une Maserati GranTurismo, Alfa Romeo MiTo, Lancia Fulvia et Ducati 695. Ex-propri\u00e9taire d'une Alfa Romeo Giulia.\",\"sameAs\":[\"https:\/\/www.italpassion.fr\/\"],\"url\":\"https:\/\/www.italpassion.fr\/pt\/author\/alexandre\/\"}]}<\/script>\n<!-- \/ Yoast SEO plugin. -->","yoast_head_json":{"title":"A Alfa Romeo arranca bem em janeiro de 2025, gra\u00e7as sobretudo ao SUV Junior - ItalPassion","description":"Lan\u00e7ado h\u00e1 v\u00e1rios meses, o Alfa Romeo Junior provou o seu valor no in\u00edcio de 2025, especialmente em It\u00e1lia, onde representa atualmente uma parte significativa do mercado.","robots":{"index":"index","follow":"follow","max-snippet":"max-snippet:-1","max-image-preview":"max-image-preview:large","max-video-preview":"max-video-preview:-1"},"canonical":"https:\/\/www.italpassion.fr\/pt\/alfa-romeo\/a-alfa-romeo-comeca-bem-o-mes-de-janeiro-de-2025-gracas-sobretudo-ao-suv-junior\/","og_locale":"pt_PT","og_type":"article","og_title":"Alfa Romeo : bon d\u00e9marrage en janvier 2025, principalement gr\u00e2ce au SUV Junior - ItalPassion","og_description":"L'Alfa Romeo Junior, lanc\u00e9 depuis plusieurs mois, a fait ses preuves en d\u00e9but 2025, surtout en Italie, o\u00f9 il repr\u00e9sente d\u00e9sormais une part significative","og_url":"https:\/\/www.italpassion.fr\/pt\/alfa-romeo\/a-alfa-romeo-comeca-bem-o-mes-de-janeiro-de-2025-gracas-sobretudo-ao-suv-junior\/","og_site_name":"ItalPassion","article_publisher":"https:\/\/www.facebook.com\/italpassion","article_published_time":"2025-02-06T10:49:36+00:00","article_modified_time":"2025-02-17T08:56:05+00:00","og_image":[{"width":1200,"height":800,"url":"https:\/\/www.italpassion.fr\/wp-content\/uploads\/2025\/01\/alfa-romeo-junior-q4-2025-de-2.jpg","type":"image\/jpeg"}],"author":"Alexandre Filluzeau","twitter_card":"summary_large_image","twitter_creator":"@italpassion","twitter_site":"@italpassion","schema":{"@context":"https:\/\/schema.org","@graph":[{"@type":"NewsArticle","@id":"https:\/\/www.italpassion.fr\/pt\/alfa-romeo\/alfa-romeo-bon-demarrage-en-janvier-2025-principalement-grace-au-suv-junior\/#article","isPartOf":{"@id":"https:\/\/www.italpassion.fr\/pt\/alfa-romeo\/alfa-romeo-bon-demarrage-en-janvier-2025-principalement-grace-au-suv-junior\/"},"author":{"name":"Alexandre Filluzeau","@id":"https:\/\/www.italpassion.fr\/pt\/#\/schema\/person\/36f747b2a759ca202d847e85a9434ca0"},"headline":"Alfa Romeo : bon d\u00e9marrage en janvier 2025, principalement gr\u00e2ce au SUV Junior","datePublished":"2025-02-06T10:49:36+00:00","dateModified":"2025-02-17T08:56:05+00:00","mainEntityOfPage":{"@id":"https:\/\/www.italpassion.fr\/pt\/alfa-romeo\/alfa-romeo-bon-demarrage-en-janvier-2025-principalement-grace-au-suv-junior\/"},"wordCount":575,"commentCount":9,"publisher":{"@id":"https:\/\/www.italpassion.fr\/pt\/#organization"},"image":{"@id":"https:\/\/www.italpassion.fr\/pt\/alfa-romeo\/alfa-romeo-bon-demarrage-en-janvier-2025-principalement-grace-au-suv-junior\/#primaryimage"},"thumbnailUrl":"https:\/\/www.italpassion.fr\/wp-content\/uploads\/2025\/01\/alfa-romeo-junior-q4-2025-de-2.jpg","keywords":["Alfa Romeo Junior"],"articleSection":["Alfa Romeo"],"inLanguage":"pt-PT","potentialAction":[{"@type":"CommentAction","name":"Comment","target":["https:\/\/www.italpassion.fr\/pt\/alfa-romeo\/alfa-romeo-bon-demarrage-en-janvier-2025-principalement-grace-au-suv-junior\/#respond"]}]},{"@type":"WebPage","@id":"https:\/\/www.italpassion.fr\/pt\/alfa-romeo\/alfa-romeo-bon-demarrage-en-janvier-2025-principalement-grace-au-suv-junior\/","url":"https:\/\/www.italpassion.fr\/pt\/alfa-romeo\/alfa-romeo-bon-demarrage-en-janvier-2025-principalement-grace-au-suv-junior\/","name":"A Alfa Romeo arranca bem em janeiro de 2025, gra\u00e7as sobretudo ao SUV Junior - ItalPassion","isPartOf":{"@id":"https:\/\/www.italpassion.fr\/pt\/#website"},"primaryImageOfPage":{"@id":"https:\/\/www.italpassion.fr\/pt\/alfa-romeo\/alfa-romeo-bon-demarrage-en-janvier-2025-principalement-grace-au-suv-junior\/#primaryimage"},"image":{"@id":"https:\/\/www.italpassion.fr\/pt\/alfa-romeo\/alfa-romeo-bon-demarrage-en-janvier-2025-principalement-grace-au-suv-junior\/#primaryimage"},"thumbnailUrl":"https:\/\/www.italpassion.fr\/wp-content\/uploads\/2025\/01\/alfa-romeo-junior-q4-2025-de-2.jpg","datePublished":"2025-02-06T10:49:36+00:00","dateModified":"2025-02-17T08:56:05+00:00","description":"Lan\u00e7ado h\u00e1 v\u00e1rios meses, o Alfa Romeo Junior provou o seu valor no in\u00edcio de 2025, especialmente em It\u00e1lia, onde representa atualmente uma parte significativa do mercado.","breadcrumb":{"@id":"https:\/\/www.italpassion.fr\/pt\/alfa-romeo\/alfa-romeo-bon-demarrage-en-janvier-2025-principalement-grace-au-suv-junior\/#breadcrumb"},"inLanguage":"pt-PT","potentialAction":[{"@type":"ReadAction","target":["https:\/\/www.italpassion.fr\/pt\/alfa-romeo\/alfa-romeo-bon-demarrage-en-janvier-2025-principalement-grace-au-suv-junior\/"]}]},{"@type":"ImageObject","inLanguage":"pt-PT","@id":"https:\/\/www.italpassion.fr\/pt\/alfa-romeo\/alfa-romeo-bon-demarrage-en-janvier-2025-principalement-grace-au-suv-junior\/#primaryimage","url":"https:\/\/www.italpassion.fr\/wp-content\/uploads\/2025\/01\/alfa-romeo-junior-q4-2025-de-2.jpg","contentUrl":"https:\/\/www.italpassion.fr\/wp-content\/uploads\/2025\/01\/alfa-romeo-junior-q4-2025-de-2.jpg","width":1200,"height":800},{"@type":"BreadcrumbList","@id":"https:\/\/www.italpassion.fr\/pt\/alfa-romeo\/alfa-romeo-bon-demarrage-en-janvier-2025-principalement-grace-au-suv-junior\/#breadcrumb","itemListElement":[{"@type":"ListItem","position":1,"name":"Accueil","item":"https:\/\/www.italpassion.fr\/pt\/"},{"@type":"ListItem","position":2,"name":"Alfa Romeo : bon d\u00e9marrage en janvier 2025, principalement gr\u00e2ce au SUV Junior"}]},{"@type":"WebSite","@id":"https:\/\/www.italpassion.fr\/pt\/#website","url":"https:\/\/www.italpassion.fr\/pt\/","name":"ItalPassion","description":"Entusiastas de autom\u00f3veis italianos","publisher":{"@id":"https:\/\/www.italpassion.fr\/pt\/#organization"},"potentialAction":[{"@type":"SearchAction","target":{"@type":"EntryPoint","urlTemplate":"https:\/\/www.italpassion.fr\/pt\/?s={search_term_string}"},"query-input":{"@type":"PropertyValueSpecification","valueRequired":true,"valueName":"search_term_string"}}],"inLanguage":"pt-PT"},{"@type":"Organization","@id":"https:\/\/www.italpassion.fr\/pt\/#organization","name":"Italpassion","url":"https:\/\/www.italpassion.fr\/pt\/","logo":{"@type":"ImageObject","inLanguage":"pt-PT","@id":"https:\/\/www.italpassion.fr\/pt\/#\/schema\/logo\/image\/","url":"https:\/\/www.italpassion.fr\/wp-content\/uploads\/2023\/07\/italpassion-yoast.jpg","contentUrl":"https:\/\/www.italpassion.fr\/wp-content\/uploads\/2023\/07\/italpassion-yoast.jpg","width":696,"height":696,"caption":"Italpassion"},"image":{"@id":"https:\/\/www.italpassion.fr\/pt\/#\/schema\/logo\/image\/"},"sameAs":["https:\/\/www.facebook.com\/italpassion","https:\/\/x.com\/italpassion","https:\/\/www.instagram.com\/italpassionfr\/","https:\/\/www.youtube.com\/channel\/UCleq-ByQaA42OjhopwevRjQ","https:\/\/www.facebook.com\/italpassion.en\/","https:\/\/www.facebook.com\/italpassion.it\/","https:\/\/www.facebook.com\/italpassion.de\/","https:\/\/www.facebook.com\/italpassion.ja\/"]},{"@type":"Person","@id":"https:\/\/www.italpassion.fr\/pt\/#\/schema\/person\/36f747b2a759ca202d847e85a9434ca0","name":"Alexandre Filluzeau","image":{"@type":"ImageObject","inLanguage":"pt-PT","@id":"https:\/\/www.italpassion.fr\/pt\/#\/schema\/person\/image\/","url":"https:\/\/www.italpassion.fr\/wp-content\/uploads\/2025\/04\/avatar-alexandre-160x160.jpg","contentUrl":"https:\/\/www.italpassion.fr\/wp-content\/uploads\/2025\/04\/avatar-alexandre-160x160.jpg","caption":"Alexandre Filluzeau"},"description":"Fundador do site ItalPassion, apaixonado por carros italianos e pela It\u00e1lia em geral. Trago um olhar cr\u00edtico e t\u00e9cnico \u00e0s not\u00edcias das marcas italianas, sempre que poss\u00edvel. Propriet\u00e1ria de um Maserati GranTurismo, Alfa Romeo MiTo, Lancia Fulvia e Ducati 695. Ex-propriet\u00e1rio de uma Alfa Romeo Giulia.","sameAs":["https:\/\/www.italpassion.fr\/"],"url":"https:\/\/www.italpassion.fr\/pt\/author\/alexandre\/"}]}},"_links":{"self":[{"href":"https:\/\/www.italpassion.fr\/pt\/wp-json\/wp\/v2\/posts\/36442","targetHints":{"allow":["GET"]}}],"collection":[{"href":"https:\/\/www.italpassion.fr\/pt\/wp-json\/wp\/v2\/posts"}],"about":[{"href":"https:\/\/www.italpassion.fr\/pt\/wp-json\/wp\/v2\/types\/post"}],"author":[{"embeddable":true,"href":"https:\/\/www.italpassion.fr\/pt\/wp-json\/wp\/v2\/users\/1"}],"replies":[{"embeddable":true,"href":"https:\/\/www.italpassion.fr\/pt\/wp-json\/wp\/v2\/comments?post=36442"}],"version-history":[{"count":3,"href":"https:\/\/www.italpassion.fr\/pt\/wp-json\/wp\/v2\/posts\/36442\/revisions"}],"predecessor-version":[{"id":36680,"href":"https:\/\/www.italpassion.fr\/pt\/wp-json\/wp\/v2\/posts\/36442\/revisions\/36680"}],"wp:featuredmedia":[{"embeddable":true,"href":"https:\/\/www.italpassion.fr\/pt\/wp-json\/wp\/v2\/media\/36153"}],"wp:attachment":[{"href":"https:\/\/www.italpassion.fr\/pt\/wp-json\/wp\/v2\/media?parent=36442"}],"wp:term":[{"taxonomy":"category","embeddable":true,"href":"https:\/\/www.italpassion.fr\/pt\/wp-json\/wp\/v2\/categories?post=36442"},{"taxonomy":"post_tag","embeddable":true,"href":"https:\/\/www.italpassion.fr\/pt\/wp-json\/wp\/v2\/tags?post=36442"}],"curies":[{"name":"wp","href":"https:\/\/api.w.org\/{rel}","templated":true}]}}