{"id":36372,"date":"2025-02-02T15:27:07","date_gmt":"2025-02-02T14:27:07","guid":{"rendered":"https:\/\/www.italpassion.fr\/?p=36372"},"modified":"2025-02-02T15:27:09","modified_gmt":"2025-02-02T14:27:09","slug":"acidente-entre-um-lamborghini-urus-e-um-fiat-o-suv-incendeia-se","status":"publish","type":"post","link":"https:\/\/www.italpassion.fr\/pt\/fiat\/accident-entre-un-lamborghini-urus-et-une-fiat-le-suv-prend-feu\/","title":{"rendered":"Acidente entre um Lamborghini Urus e um FIAT: o SUV incendeia-se"},"content":{"rendered":"<figure class=\"wp-block-image size-large\"><img loading=\"lazy\" decoding=\"async\" width=\"1024\" height=\"683\" src=\"https:\/\/www.italpassion.fr\/wp-content\/uploads\/2025\/02\/lamborghini-urus-en-feu2-1024x683.jpg\" alt=\"\" class=\"wp-image-36374\" srcset=\"https:\/\/www.italpassion.fr\/wp-content\/uploads\/2025\/02\/lamborghini-urus-en-feu2-1024x683.jpg 1024w, https:\/\/www.italpassion.fr\/wp-content\/uploads\/2025\/02\/lamborghini-urus-en-feu2-300x200.jpg 300w, https:\/\/www.italpassion.fr\/wp-content\/uploads\/2025\/02\/lamborghini-urus-en-feu2-768x512.jpg 768w, https:\/\/www.italpassion.fr\/wp-content\/uploads\/2025\/02\/lamborghini-urus-en-feu2-18x12.jpg 18w, https:\/\/www.italpassion.fr\/wp-content\/uploads\/2025\/02\/lamborghini-urus-en-feu2-561x374.jpg 561w, https:\/\/www.italpassion.fr\/wp-content\/uploads\/2025\/02\/lamborghini-urus-en-feu2-1122x748.jpg 1122w, https:\/\/www.italpassion.fr\/wp-content\/uploads\/2025\/02\/lamborghini-urus-en-feu2-265x177.jpg 265w, https:\/\/www.italpassion.fr\/wp-content\/uploads\/2025\/02\/lamborghini-urus-en-feu2-531x354.jpg 531w, https:\/\/www.italpassion.fr\/wp-content\/uploads\/2025\/02\/lamborghini-urus-en-feu2-364x243.jpg 364w, https:\/\/www.italpassion.fr\/wp-content\/uploads\/2025\/02\/lamborghini-urus-en-feu2-728x485.jpg 728w, https:\/\/www.italpassion.fr\/wp-content\/uploads\/2025\/02\/lamborghini-urus-en-feu2-608x405.jpg 608w, https:\/\/www.italpassion.fr\/wp-content\/uploads\/2025\/02\/lamborghini-urus-en-feu2-758x505.jpg 758w, https:\/\/www.italpassion.fr\/wp-content\/uploads\/2025\/02\/lamborghini-urus-en-feu2-1152x768.jpg 1152w, https:\/\/www.italpassion.fr\/wp-content\/uploads\/2025\/02\/lamborghini-urus-en-feu2.jpg 1200w\" sizes=\"auto, (max-width: 1024px) 100vw, 1024px\" \/><figcaption class=\"wp-element-caption\">Imagem retirada do v\u00eddeo \"Scicli Video Notizie<\/figcaption><\/figure>\n\n\n\n<p>Um acidente espetacular ocorreu em Scicli, na prov\u00edncia de Ragusa, It\u00e1lia, entre um Lamborghini Urus e um FIAT Idea. Felizmente, este impressionante incidente n\u00e3o teve consequ\u00eancias graves. A cena, que chocou os presentes, foi rapidamente captada em v\u00eddeo e circulou nas redes sociais.<\/p>\n\n\n\n<h2 class=\"wp-block-heading\">Antecedentes do acidente<\/h2>\n\n\n\n<p>Tudo come\u00e7ou perto de uma esta\u00e7\u00e3o de servi\u00e7o em Barone. De acordo com testemunhas, o FIAT Idea, um autom\u00f3vel compacto com mais de 20 anos, estava prestes a entrar para abastecer. O Lamborghini Urus, um SUV de luxo que custa mais de 200 000 euros, vinha logo atr\u00e1s. O condutor do Lamborghini, aparentemente com demasiada pressa, tentou ultrapassar sem antecipar a manobra do FIAT.<\/p>\n\n\n\n<p>A colis\u00e3o entre os dois ve\u00edculos foi inevit\u00e1vel. Ap\u00f3s o contacto com o FIAT, <strong>o Lamborghini Urus capotou v\u00e1rias vezes antes de se incendiar.<\/strong><\/p>\n\n\n\n<h2 class=\"wp-block-heading\">Um incidente espetacular<\/h2>\n\n\n\n<figure class=\"wp-block-image size-large\"><img loading=\"lazy\" decoding=\"async\" width=\"1024\" height=\"683\" src=\"https:\/\/www.italpassion.fr\/wp-content\/uploads\/2025\/02\/lamborghini-urus-en-feu-1024x683.jpg\" alt=\"\" class=\"wp-image-36373\" srcset=\"https:\/\/www.italpassion.fr\/wp-content\/uploads\/2025\/02\/lamborghini-urus-en-feu-1024x683.jpg 1024w, https:\/\/www.italpassion.fr\/wp-content\/uploads\/2025\/02\/lamborghini-urus-en-feu-300x200.jpg 300w, https:\/\/www.italpassion.fr\/wp-content\/uploads\/2025\/02\/lamborghini-urus-en-feu-768x512.jpg 768w, https:\/\/www.italpassion.fr\/wp-content\/uploads\/2025\/02\/lamborghini-urus-en-feu-18x12.jpg 18w, https:\/\/www.italpassion.fr\/wp-content\/uploads\/2025\/02\/lamborghini-urus-en-feu-561x374.jpg 561w, https:\/\/www.italpassion.fr\/wp-content\/uploads\/2025\/02\/lamborghini-urus-en-feu-1122x748.jpg 1122w, https:\/\/www.italpassion.fr\/wp-content\/uploads\/2025\/02\/lamborghini-urus-en-feu-265x177.jpg 265w, https:\/\/www.italpassion.fr\/wp-content\/uploads\/2025\/02\/lamborghini-urus-en-feu-531x354.jpg 531w, https:\/\/www.italpassion.fr\/wp-content\/uploads\/2025\/02\/lamborghini-urus-en-feu-364x243.jpg 364w, https:\/\/www.italpassion.fr\/wp-content\/uploads\/2025\/02\/lamborghini-urus-en-feu-728x485.jpg 728w, https:\/\/www.italpassion.fr\/wp-content\/uploads\/2025\/02\/lamborghini-urus-en-feu-608x405.jpg 608w, https:\/\/www.italpassion.fr\/wp-content\/uploads\/2025\/02\/lamborghini-urus-en-feu-758x505.jpg 758w, https:\/\/www.italpassion.fr\/wp-content\/uploads\/2025\/02\/lamborghini-urus-en-feu-1152x768.jpg 1152w, https:\/\/www.italpassion.fr\/wp-content\/uploads\/2025\/02\/lamborghini-urus-en-feu.jpg 1200w\" sizes=\"auto, (max-width: 1024px) 100vw, 1024px\" \/><figcaption class=\"wp-element-caption\">Lamborghini Urus com o FIAT Idea em segundo plano. Imagem retirada do v\u00eddeo \"Scicli Video Notizie<\/figcaption><\/figure>\n\n\n\n<p>O impacto foi bastante violento. O Lamborghini embateu em pedras ou num muro baixo, lan\u00e7ando detritos para a estrada. Apesar da viol\u00eancia do acidente, <strong>o condutor do FIAT Idea, um carro muito mais pequeno do que o Urus, escapou ileso,<\/strong> com exce\u00e7\u00e3o de alguns danos na parte da frente do seu ve\u00edculo. Quanto \u00e0 condutora do Lamborghini, o seu ve\u00edculo incendiou-se,<strong> estava relativamente intacto, com apenas alguns arranh\u00f5es.<\/strong><\/p>\n\n\n\n<p>Os servi\u00e7os de emerg\u00eancia chegaram rapidamente ao local, prestando assist\u00eancia ao condutor do Lamborghini e protegendo a \u00e1rea. Felizmente, nenhum passageiro ou transeunte ficou ferido.<\/p>\n\n\n\n<h2 class=\"wp-block-heading\">Uma cena viral nas redes sociais<\/h2>\n\n\n\n<p><strong>As imagens do Lamborghini Urus SUV no tejadilho e em chamas ap\u00f3s o acidente circularam rapidamente nas redes sociais.<\/strong> Os utilizadores da Internet foram r\u00e1pidos a gozar com a robustez inesperada do FIAT Idea, que resistiu ao impacto com danos m\u00ednimos. O contraste entre os dois ve\u00edculos, um s\u00edmbolo de luxo e poder e o outro um ve\u00edculo utilit\u00e1rio muito mais modesto, tornou o incidente num t\u00f3pico viral.<\/p>\n\n\n\n<figure class=\"wp-block-embed is-type-video is-provider-youtube wp-block-embed-youtube wp-embed-aspect-16-9 wp-has-aspect-ratio\"><div class=\"wp-block-embed__wrapper\">\n<iframe loading=\"lazy\" title=\"SCICLI-AUTO IN FIAMME DOPO ESSERSI RIBALTATA\" width=\"1200\" height=\"675\" src=\"https:\/\/www.youtube-nocookie.com\/embed\/kaxbbhicrDQ?feature=oembed\" frameborder=\"0\" allow=\"accelerometer; autoplay; clipboard-write; encrypted-media; gyroscope; picture-in-picture; web-share\" referrerpolicy=\"strict-origin-when-cross-origin\" allowfullscreen><\/iframe>\n<\/div><\/figure>\n\n\n\n<p><\/p>","protected":false},"excerpt":{"rendered":"","protected":false},"author":1,"featured_media":36373,"comment_status":"open","ping_status":"open","sticky":false,"template":"","format":"standard","meta":{"_acf_changed":false,"_sitemap_exclude":false,"_sitemap_priority":"","_sitemap_frequency":"","footnotes":""},"categories":[24,413,25],"tags":[],"class_list":["post-36372","post","type-post","status-publish","format-standard","has-post-thumbnail","hentry","category-fiat","category-insolite","category-lamborghini","generate-columns","tablet-grid-50","mobile-grid-100","grid-parent","grid-33"],"acf":[],"yoast_head":"<!-- This site is optimized with the Yoast SEO plugin v25.8 - https:\/\/yoast.com\/wordpress\/plugins\/seo\/ -->\n<title>Accident entre un\u00a0Lamborghini Urus\u00a0et une\u00a0FIAT : le SUV prend feu - ItalPassion<\/title>\n<meta name=\"description\" content=\"Image extraite de la vid\u00e9o &quot;Scicli Video Notizie&quot; Un accident spectaculaire s\u2019est produit \u00e0 Scicli, dans la province de Ragusa, en Italie, entre une\" \/>\n<meta name=\"robots\" content=\"index, follow, max-snippet:-1, max-image-preview:large, max-video-preview:-1\" \/>\n<link rel=\"canonical\" href=\"https:\/\/www.italpassion.fr\/pt\/fiat\/acidente-entre-um-lamborghini-urus-e-um-fiat-o-suv-incendeia-se\/\" \/>\n<meta property=\"og:locale\" content=\"pt_PT\" \/>\n<meta property=\"og:type\" content=\"article\" \/>\n<meta property=\"og:title\" content=\"Accident entre un\u00a0Lamborghini Urus\u00a0et une\u00a0FIAT : le SUV prend feu - ItalPassion\" \/>\n<meta property=\"og:description\" content=\"Image extraite de la vid\u00e9o &quot;Scicli Video Notizie&quot; Un accident spectaculaire s\u2019est produit \u00e0 Scicli, dans la province de Ragusa, en Italie, entre une\" \/>\n<meta property=\"og:url\" content=\"https:\/\/www.italpassion.fr\/pt\/fiat\/acidente-entre-um-lamborghini-urus-e-um-fiat-o-suv-incendeia-se\/\" \/>\n<meta property=\"og:site_name\" content=\"ItalPassion\" \/>\n<meta property=\"article:publisher\" content=\"https:\/\/www.facebook.com\/italpassion\" \/>\n<meta property=\"article:published_time\" content=\"2025-02-02T14:27:07+00:00\" \/>\n<meta property=\"article:modified_time\" content=\"2025-02-02T14:27:09+00:00\" \/>\n<meta property=\"og:image\" content=\"https:\/\/www.italpassion.fr\/wp-content\/uploads\/2025\/02\/lamborghini-urus-en-feu.jpg\" \/>\n\t<meta property=\"og:image:width\" content=\"1200\" \/>\n\t<meta property=\"og:image:height\" content=\"800\" \/>\n\t<meta property=\"og:image:type\" content=\"image\/jpeg\" \/>\n<meta name=\"author\" content=\"Alexandre Filluzeau\" \/>\n<meta name=\"twitter:card\" content=\"summary_large_image\" \/>\n<meta name=\"twitter:creator\" content=\"@italpassion\" \/>\n<meta name=\"twitter:site\" content=\"@italpassion\" \/>\n<script type=\"application\/ld+json\" class=\"yoast-schema-graph\">{\"@context\":\"https:\/\/schema.org\",\"@graph\":[{\"@type\":\"NewsArticle\",\"@id\":\"https:\/\/www.italpassion.fr\/pt\/fiat\/accident-entre-un-lamborghini-urus-et-une-fiat-le-suv-prend-feu\/#article\",\"isPartOf\":{\"@id\":\"https:\/\/www.italpassion.fr\/pt\/fiat\/accident-entre-un-lamborghini-urus-et-une-fiat-le-suv-prend-feu\/\"},\"author\":{\"name\":\"Alexandre Filluzeau\",\"@id\":\"https:\/\/www.italpassion.fr\/pt\/#\/schema\/person\/36f747b2a759ca202d847e85a9434ca0\"},\"headline\":\"Accident entre un\u00a0Lamborghini Urus\u00a0et une\u00a0FIAT : le SUV prend feu\",\"datePublished\":\"2025-02-02T14:27:07+00:00\",\"dateModified\":\"2025-02-02T14:27:09+00:00\",\"mainEntityOfPage\":{\"@id\":\"https:\/\/www.italpassion.fr\/pt\/fiat\/accident-entre-un-lamborghini-urus-et-une-fiat-le-suv-prend-feu\/\"},\"wordCount\":420,\"commentCount\":0,\"publisher\":{\"@id\":\"https:\/\/www.italpassion.fr\/pt\/#organization\"},\"image\":{\"@id\":\"https:\/\/www.italpassion.fr\/pt\/fiat\/accident-entre-un-lamborghini-urus-et-une-fiat-le-suv-prend-feu\/#primaryimage\"},\"thumbnailUrl\":\"https:\/\/www.italpassion.fr\/wp-content\/uploads\/2025\/02\/lamborghini-urus-en-feu.jpg\",\"articleSection\":[\"Fiat\",\"Insolite\",\"Lamborghini\"],\"inLanguage\":\"pt-PT\",\"potentialAction\":[{\"@type\":\"CommentAction\",\"name\":\"Comment\",\"target\":[\"https:\/\/www.italpassion.fr\/pt\/fiat\/accident-entre-un-lamborghini-urus-et-une-fiat-le-suv-prend-feu\/#respond\"]}]},{\"@type\":\"WebPage\",\"@id\":\"https:\/\/www.italpassion.fr\/pt\/fiat\/accident-entre-un-lamborghini-urus-et-une-fiat-le-suv-prend-feu\/\",\"url\":\"https:\/\/www.italpassion.fr\/pt\/fiat\/accident-entre-un-lamborghini-urus-et-une-fiat-le-suv-prend-feu\/\",\"name\":\"Accident entre un\u00a0Lamborghini Urus\u00a0et une\u00a0FIAT : le SUV prend feu - ItalPassion\",\"isPartOf\":{\"@id\":\"https:\/\/www.italpassion.fr\/pt\/#website\"},\"primaryImageOfPage\":{\"@id\":\"https:\/\/www.italpassion.fr\/pt\/fiat\/accident-entre-un-lamborghini-urus-et-une-fiat-le-suv-prend-feu\/#primaryimage\"},\"image\":{\"@id\":\"https:\/\/www.italpassion.fr\/pt\/fiat\/accident-entre-un-lamborghini-urus-et-une-fiat-le-suv-prend-feu\/#primaryimage\"},\"thumbnailUrl\":\"https:\/\/www.italpassion.fr\/wp-content\/uploads\/2025\/02\/lamborghini-urus-en-feu.jpg\",\"datePublished\":\"2025-02-02T14:27:07+00:00\",\"dateModified\":\"2025-02-02T14:27:09+00:00\",\"description\":\"Image extraite de la vid\u00e9o \\\"Scicli Video Notizie\\\" Un accident spectaculaire s\u2019est produit \u00e0 Scicli, dans la province de Ragusa, en Italie, entre une\",\"breadcrumb\":{\"@id\":\"https:\/\/www.italpassion.fr\/pt\/fiat\/accident-entre-un-lamborghini-urus-et-une-fiat-le-suv-prend-feu\/#breadcrumb\"},\"inLanguage\":\"pt-PT\",\"potentialAction\":[{\"@type\":\"ReadAction\",\"target\":[\"https:\/\/www.italpassion.fr\/pt\/fiat\/accident-entre-un-lamborghini-urus-et-une-fiat-le-suv-prend-feu\/\"]}]},{\"@type\":\"ImageObject\",\"inLanguage\":\"pt-PT\",\"@id\":\"https:\/\/www.italpassion.fr\/pt\/fiat\/accident-entre-un-lamborghini-urus-et-une-fiat-le-suv-prend-feu\/#primaryimage\",\"url\":\"https:\/\/www.italpassion.fr\/wp-content\/uploads\/2025\/02\/lamborghini-urus-en-feu.jpg\",\"contentUrl\":\"https:\/\/www.italpassion.fr\/wp-content\/uploads\/2025\/02\/lamborghini-urus-en-feu.jpg\",\"width\":1200,\"height\":800},{\"@type\":\"BreadcrumbList\",\"@id\":\"https:\/\/www.italpassion.fr\/pt\/fiat\/accident-entre-un-lamborghini-urus-et-une-fiat-le-suv-prend-feu\/#breadcrumb\",\"itemListElement\":[{\"@type\":\"ListItem\",\"position\":1,\"name\":\"Accueil\",\"item\":\"https:\/\/www.italpassion.fr\/pt\/\"},{\"@type\":\"ListItem\",\"position\":2,\"name\":\"Accident entre un\u00a0Lamborghini Urus\u00a0et une\u00a0FIAT : le SUV prend feu\"}]},{\"@type\":\"WebSite\",\"@id\":\"https:\/\/www.italpassion.fr\/pt\/#website\",\"url\":\"https:\/\/www.italpassion.fr\/pt\/\",\"name\":\"ItalPassion\",\"description\":\"Les Passionn\u00e9s d&#039;Automobiles Italiennes\",\"publisher\":{\"@id\":\"https:\/\/www.italpassion.fr\/pt\/#organization\"},\"potentialAction\":[{\"@type\":\"SearchAction\",\"target\":{\"@type\":\"EntryPoint\",\"urlTemplate\":\"https:\/\/www.italpassion.fr\/pt\/?s={search_term_string}\"},\"query-input\":{\"@type\":\"PropertyValueSpecification\",\"valueRequired\":true,\"valueName\":\"search_term_string\"}}],\"inLanguage\":\"pt-PT\"},{\"@type\":\"Organization\",\"@id\":\"https:\/\/www.italpassion.fr\/pt\/#organization\",\"name\":\"Italpassion\",\"url\":\"https:\/\/www.italpassion.fr\/pt\/\",\"logo\":{\"@type\":\"ImageObject\",\"inLanguage\":\"pt-PT\",\"@id\":\"https:\/\/www.italpassion.fr\/pt\/#\/schema\/logo\/image\/\",\"url\":\"https:\/\/www.italpassion.fr\/wp-content\/uploads\/2023\/07\/italpassion-yoast.jpg\",\"contentUrl\":\"https:\/\/www.italpassion.fr\/wp-content\/uploads\/2023\/07\/italpassion-yoast.jpg\",\"width\":696,\"height\":696,\"caption\":\"Italpassion\"},\"image\":{\"@id\":\"https:\/\/www.italpassion.fr\/pt\/#\/schema\/logo\/image\/\"},\"sameAs\":[\"https:\/\/www.facebook.com\/italpassion\",\"https:\/\/x.com\/italpassion\",\"https:\/\/www.instagram.com\/italpassionfr\/\",\"https:\/\/www.youtube.com\/channel\/UCleq-ByQaA42OjhopwevRjQ\",\"https:\/\/www.facebook.com\/italpassion.en\/\",\"https:\/\/www.facebook.com\/italpassion.it\/\",\"https:\/\/www.facebook.com\/italpassion.de\/\",\"https:\/\/www.facebook.com\/italpassion.ja\/\"]},{\"@type\":\"Person\",\"@id\":\"https:\/\/www.italpassion.fr\/pt\/#\/schema\/person\/36f747b2a759ca202d847e85a9434ca0\",\"name\":\"Alexandre Filluzeau\",\"image\":{\"@type\":\"ImageObject\",\"inLanguage\":\"pt-PT\",\"@id\":\"https:\/\/www.italpassion.fr\/pt\/#\/schema\/person\/image\/\",\"url\":\"https:\/\/www.italpassion.fr\/wp-content\/uploads\/2025\/04\/avatar-alexandre-160x160.jpg\",\"contentUrl\":\"https:\/\/www.italpassion.fr\/wp-content\/uploads\/2025\/04\/avatar-alexandre-160x160.jpg\",\"caption\":\"Alexandre Filluzeau\"},\"description\":\"Fondateur du site ItalPassion, passionn\u00e9 de voitures italiennes et de l'Italie en g\u00e9n\u00e9ral. J'apporte un regard critique et technique aux actualit\u00e9s des marques italiennes quand cela est possible. Propri\u00e9taire d'une Maserati GranTurismo, Alfa Romeo MiTo, Lancia Fulvia et Ducati 695. Ex-propri\u00e9taire d'une Alfa Romeo Giulia.\",\"sameAs\":[\"https:\/\/www.italpassion.fr\/\"],\"url\":\"https:\/\/www.italpassion.fr\/pt\/author\/alexandre\/\"}]}<\/script>\n<!-- \/ Yoast SEO plugin. -->","yoast_head_json":{"title":"Acidente entre um Lamborghini Urus e um FIAT: o SUV incendeia-se - ItalPassion","description":"Imagem retirada do v\u00eddeo \"Scicli Video Notizie\" Um acidente espetacular ocorreu em Scicli, na prov\u00edncia de Ragusa, It\u00e1lia, entre um carro e um cami\u00e3o.","robots":{"index":"index","follow":"follow","max-snippet":"max-snippet:-1","max-image-preview":"max-image-preview:large","max-video-preview":"max-video-preview:-1"},"canonical":"https:\/\/www.italpassion.fr\/pt\/fiat\/acidente-entre-um-lamborghini-urus-e-um-fiat-o-suv-incendeia-se\/","og_locale":"pt_PT","og_type":"article","og_title":"Accident entre un\u00a0Lamborghini Urus\u00a0et une\u00a0FIAT : le SUV prend feu - ItalPassion","og_description":"Image extraite de la vid\u00e9o \"Scicli Video Notizie\" Un accident spectaculaire s\u2019est produit \u00e0 Scicli, dans la province de Ragusa, en Italie, entre une","og_url":"https:\/\/www.italpassion.fr\/pt\/fiat\/acidente-entre-um-lamborghini-urus-e-um-fiat-o-suv-incendeia-se\/","og_site_name":"ItalPassion","article_publisher":"https:\/\/www.facebook.com\/italpassion","article_published_time":"2025-02-02T14:27:07+00:00","article_modified_time":"2025-02-02T14:27:09+00:00","og_image":[{"width":1200,"height":800,"url":"https:\/\/www.italpassion.fr\/wp-content\/uploads\/2025\/02\/lamborghini-urus-en-feu.jpg","type":"image\/jpeg"}],"author":"Alexandre Filluzeau","twitter_card":"summary_large_image","twitter_creator":"@italpassion","twitter_site":"@italpassion","schema":{"@context":"https:\/\/schema.org","@graph":[{"@type":"NewsArticle","@id":"https:\/\/www.italpassion.fr\/pt\/fiat\/accident-entre-un-lamborghini-urus-et-une-fiat-le-suv-prend-feu\/#article","isPartOf":{"@id":"https:\/\/www.italpassion.fr\/pt\/fiat\/accident-entre-un-lamborghini-urus-et-une-fiat-le-suv-prend-feu\/"},"author":{"name":"Alexandre Filluzeau","@id":"https:\/\/www.italpassion.fr\/pt\/#\/schema\/person\/36f747b2a759ca202d847e85a9434ca0"},"headline":"Accident entre un\u00a0Lamborghini Urus\u00a0et une\u00a0FIAT : le SUV prend feu","datePublished":"2025-02-02T14:27:07+00:00","dateModified":"2025-02-02T14:27:09+00:00","mainEntityOfPage":{"@id":"https:\/\/www.italpassion.fr\/pt\/fiat\/accident-entre-un-lamborghini-urus-et-une-fiat-le-suv-prend-feu\/"},"wordCount":420,"commentCount":0,"publisher":{"@id":"https:\/\/www.italpassion.fr\/pt\/#organization"},"image":{"@id":"https:\/\/www.italpassion.fr\/pt\/fiat\/accident-entre-un-lamborghini-urus-et-une-fiat-le-suv-prend-feu\/#primaryimage"},"thumbnailUrl":"https:\/\/www.italpassion.fr\/wp-content\/uploads\/2025\/02\/lamborghini-urus-en-feu.jpg","articleSection":["Fiat","Insolite","Lamborghini"],"inLanguage":"pt-PT","potentialAction":[{"@type":"CommentAction","name":"Comment","target":["https:\/\/www.italpassion.fr\/pt\/fiat\/accident-entre-un-lamborghini-urus-et-une-fiat-le-suv-prend-feu\/#respond"]}]},{"@type":"WebPage","@id":"https:\/\/www.italpassion.fr\/pt\/fiat\/accident-entre-un-lamborghini-urus-et-une-fiat-le-suv-prend-feu\/","url":"https:\/\/www.italpassion.fr\/pt\/fiat\/accident-entre-un-lamborghini-urus-et-une-fiat-le-suv-prend-feu\/","name":"Acidente entre um Lamborghini Urus e um FIAT: o SUV incendeia-se - ItalPassion","isPartOf":{"@id":"https:\/\/www.italpassion.fr\/pt\/#website"},"primaryImageOfPage":{"@id":"https:\/\/www.italpassion.fr\/pt\/fiat\/accident-entre-un-lamborghini-urus-et-une-fiat-le-suv-prend-feu\/#primaryimage"},"image":{"@id":"https:\/\/www.italpassion.fr\/pt\/fiat\/accident-entre-un-lamborghini-urus-et-une-fiat-le-suv-prend-feu\/#primaryimage"},"thumbnailUrl":"https:\/\/www.italpassion.fr\/wp-content\/uploads\/2025\/02\/lamborghini-urus-en-feu.jpg","datePublished":"2025-02-02T14:27:07+00:00","dateModified":"2025-02-02T14:27:09+00:00","description":"Imagem retirada do v\u00eddeo \"Scicli Video Notizie\" Um acidente espetacular ocorreu em Scicli, na prov\u00edncia de Ragusa, It\u00e1lia, entre um carro e um cami\u00e3o.","breadcrumb":{"@id":"https:\/\/www.italpassion.fr\/pt\/fiat\/accident-entre-un-lamborghini-urus-et-une-fiat-le-suv-prend-feu\/#breadcrumb"},"inLanguage":"pt-PT","potentialAction":[{"@type":"ReadAction","target":["https:\/\/www.italpassion.fr\/pt\/fiat\/accident-entre-un-lamborghini-urus-et-une-fiat-le-suv-prend-feu\/"]}]},{"@type":"ImageObject","inLanguage":"pt-PT","@id":"https:\/\/www.italpassion.fr\/pt\/fiat\/accident-entre-un-lamborghini-urus-et-une-fiat-le-suv-prend-feu\/#primaryimage","url":"https:\/\/www.italpassion.fr\/wp-content\/uploads\/2025\/02\/lamborghini-urus-en-feu.jpg","contentUrl":"https:\/\/www.italpassion.fr\/wp-content\/uploads\/2025\/02\/lamborghini-urus-en-feu.jpg","width":1200,"height":800},{"@type":"BreadcrumbList","@id":"https:\/\/www.italpassion.fr\/pt\/fiat\/accident-entre-un-lamborghini-urus-et-une-fiat-le-suv-prend-feu\/#breadcrumb","itemListElement":[{"@type":"ListItem","position":1,"name":"Accueil","item":"https:\/\/www.italpassion.fr\/pt\/"},{"@type":"ListItem","position":2,"name":"Accident entre un\u00a0Lamborghini Urus\u00a0et une\u00a0FIAT : le SUV prend feu"}]},{"@type":"WebSite","@id":"https:\/\/www.italpassion.fr\/pt\/#website","url":"https:\/\/www.italpassion.fr\/pt\/","name":"ItalPassion","description":"Entusiastas de autom\u00f3veis italianos","publisher":{"@id":"https:\/\/www.italpassion.fr\/pt\/#organization"},"potentialAction":[{"@type":"SearchAction","target":{"@type":"EntryPoint","urlTemplate":"https:\/\/www.italpassion.fr\/pt\/?s={search_term_string}"},"query-input":{"@type":"PropertyValueSpecification","valueRequired":true,"valueName":"search_term_string"}}],"inLanguage":"pt-PT"},{"@type":"Organization","@id":"https:\/\/www.italpassion.fr\/pt\/#organization","name":"Italpassion","url":"https:\/\/www.italpassion.fr\/pt\/","logo":{"@type":"ImageObject","inLanguage":"pt-PT","@id":"https:\/\/www.italpassion.fr\/pt\/#\/schema\/logo\/image\/","url":"https:\/\/www.italpassion.fr\/wp-content\/uploads\/2023\/07\/italpassion-yoast.jpg","contentUrl":"https:\/\/www.italpassion.fr\/wp-content\/uploads\/2023\/07\/italpassion-yoast.jpg","width":696,"height":696,"caption":"Italpassion"},"image":{"@id":"https:\/\/www.italpassion.fr\/pt\/#\/schema\/logo\/image\/"},"sameAs":["https:\/\/www.facebook.com\/italpassion","https:\/\/x.com\/italpassion","https:\/\/www.instagram.com\/italpassionfr\/","https:\/\/www.youtube.com\/channel\/UCleq-ByQaA42OjhopwevRjQ","https:\/\/www.facebook.com\/italpassion.en\/","https:\/\/www.facebook.com\/italpassion.it\/","https:\/\/www.facebook.com\/italpassion.de\/","https:\/\/www.facebook.com\/italpassion.ja\/"]},{"@type":"Person","@id":"https:\/\/www.italpassion.fr\/pt\/#\/schema\/person\/36f747b2a759ca202d847e85a9434ca0","name":"Alexandre Filluzeau","image":{"@type":"ImageObject","inLanguage":"pt-PT","@id":"https:\/\/www.italpassion.fr\/pt\/#\/schema\/person\/image\/","url":"https:\/\/www.italpassion.fr\/wp-content\/uploads\/2025\/04\/avatar-alexandre-160x160.jpg","contentUrl":"https:\/\/www.italpassion.fr\/wp-content\/uploads\/2025\/04\/avatar-alexandre-160x160.jpg","caption":"Alexandre Filluzeau"},"description":"Fundador do site ItalPassion, apaixonado por carros italianos e pela It\u00e1lia em geral. Trago um olhar cr\u00edtico e t\u00e9cnico \u00e0s not\u00edcias das marcas italianas, sempre que poss\u00edvel. Propriet\u00e1ria de um Maserati GranTurismo, Alfa Romeo MiTo, Lancia Fulvia e Ducati 695. Ex-propriet\u00e1rio de uma Alfa Romeo Giulia.","sameAs":["https:\/\/www.italpassion.fr\/"],"url":"https:\/\/www.italpassion.fr\/pt\/author\/alexandre\/"}]}},"_links":{"self":[{"href":"https:\/\/www.italpassion.fr\/pt\/wp-json\/wp\/v2\/posts\/36372","targetHints":{"allow":["GET"]}}],"collection":[{"href":"https:\/\/www.italpassion.fr\/pt\/wp-json\/wp\/v2\/posts"}],"about":[{"href":"https:\/\/www.italpassion.fr\/pt\/wp-json\/wp\/v2\/types\/post"}],"author":[{"embeddable":true,"href":"https:\/\/www.italpassion.fr\/pt\/wp-json\/wp\/v2\/users\/1"}],"replies":[{"embeddable":true,"href":"https:\/\/www.italpassion.fr\/pt\/wp-json\/wp\/v2\/comments?post=36372"}],"version-history":[{"count":1,"href":"https:\/\/www.italpassion.fr\/pt\/wp-json\/wp\/v2\/posts\/36372\/revisions"}],"predecessor-version":[{"id":36375,"href":"https:\/\/www.italpassion.fr\/pt\/wp-json\/wp\/v2\/posts\/36372\/revisions\/36375"}],"wp:featuredmedia":[{"embeddable":true,"href":"https:\/\/www.italpassion.fr\/pt\/wp-json\/wp\/v2\/media\/36373"}],"wp:attachment":[{"href":"https:\/\/www.italpassion.fr\/pt\/wp-json\/wp\/v2\/media?parent=36372"}],"wp:term":[{"taxonomy":"category","embeddable":true,"href":"https:\/\/www.italpassion.fr\/pt\/wp-json\/wp\/v2\/categories?post=36372"},{"taxonomy":"post_tag","embeddable":true,"href":"https:\/\/www.italpassion.fr\/pt\/wp-json\/wp\/v2\/tags?post=36372"}],"curies":[{"name":"wp","href":"https:\/\/api.w.org\/{rel}","templated":true}]}}