{"id":36232,"date":"2025-01-27T14:28:01","date_gmt":"2025-01-27T13:28:01","guid":{"rendered":"https:\/\/www.italpassion.fr\/?p=36232"},"modified":"2025-01-27T14:28:03","modified_gmt":"2025-01-27T13:28:03","slug":"suv-maserati-grecale-esta-prevista-uma-atualizacao-para-aumentar-as-vendas-mas-apenas-para-os-veiculos-electricos","status":"publish","type":"post","link":"https:\/\/www.italpassion.fr\/pt\/maserati\/suv-maserati-grecale-une-mise-a-jour-est-prevue-pour-relancer-les-ventes-mais-uniquement-pour-lelectrique\/","title":{"rendered":"SUV Maserati Grecale: est\u00e1 prevista uma atualiza\u00e7\u00e3o para aumentar as vendas, mas apenas para a energia el\u00e9ctrica?"},"content":{"rendered":"<figure class=\"wp-block-image size-large\"><img loading=\"lazy\" decoding=\"async\" width=\"1024\" height=\"683\" src=\"https:\/\/www.italpassion.fr\/wp-content\/uploads\/2025\/01\/Small-23595-MaseratiGrecaleDarkAurora31-fotor-20250127141356-1024x683.jpg\" alt=\"\" class=\"wp-image-36235\" srcset=\"https:\/\/www.italpassion.fr\/wp-content\/uploads\/2025\/01\/Small-23595-MaseratiGrecaleDarkAurora31-fotor-20250127141356-1024x683.jpg 1024w, https:\/\/www.italpassion.fr\/wp-content\/uploads\/2025\/01\/Small-23595-MaseratiGrecaleDarkAurora31-fotor-20250127141356-300x200.jpg 300w, https:\/\/www.italpassion.fr\/wp-content\/uploads\/2025\/01\/Small-23595-MaseratiGrecaleDarkAurora31-fotor-20250127141356-768x512.jpg 768w, https:\/\/www.italpassion.fr\/wp-content\/uploads\/2025\/01\/Small-23595-MaseratiGrecaleDarkAurora31-fotor-20250127141356-18x12.jpg 18w, https:\/\/www.italpassion.fr\/wp-content\/uploads\/2025\/01\/Small-23595-MaseratiGrecaleDarkAurora31-fotor-20250127141356-561x374.jpg 561w, https:\/\/www.italpassion.fr\/wp-content\/uploads\/2025\/01\/Small-23595-MaseratiGrecaleDarkAurora31-fotor-20250127141356-1122x748.jpg 1122w, https:\/\/www.italpassion.fr\/wp-content\/uploads\/2025\/01\/Small-23595-MaseratiGrecaleDarkAurora31-fotor-20250127141356-265x177.jpg 265w, https:\/\/www.italpassion.fr\/wp-content\/uploads\/2025\/01\/Small-23595-MaseratiGrecaleDarkAurora31-fotor-20250127141356-531x354.jpg 531w, https:\/\/www.italpassion.fr\/wp-content\/uploads\/2025\/01\/Small-23595-MaseratiGrecaleDarkAurora31-fotor-20250127141356-364x243.jpg 364w, https:\/\/www.italpassion.fr\/wp-content\/uploads\/2025\/01\/Small-23595-MaseratiGrecaleDarkAurora31-fotor-20250127141356-728x485.jpg 728w, https:\/\/www.italpassion.fr\/wp-content\/uploads\/2025\/01\/Small-23595-MaseratiGrecaleDarkAurora31-fotor-20250127141356-608x405.jpg 608w, https:\/\/www.italpassion.fr\/wp-content\/uploads\/2025\/01\/Small-23595-MaseratiGrecaleDarkAurora31-fotor-20250127141356-758x505.jpg 758w, https:\/\/www.italpassion.fr\/wp-content\/uploads\/2025\/01\/Small-23595-MaseratiGrecaleDarkAurora31-fotor-20250127141356-1152x768.jpg 1152w, https:\/\/www.italpassion.fr\/wp-content\/uploads\/2025\/01\/Small-23595-MaseratiGrecaleDarkAurora31-fotor-20250127141356.jpg 1200w\" sizes=\"auto, (max-width: 1024px) 100vw, 1024px\" \/><\/figure>\n\n\n\n<p><strong>O SUV Maserati Grecale, que ser\u00e1 lan\u00e7ado em 2022, enfrenta uma queda significativa nos n\u00fameros da produ\u00e7\u00e3o<\/strong>. Entre 2023 e 2024, <a href=\"https:\/\/www.italpassion.fr\/pt\/maserati\/os-numeros-catastroficos-da-producao-da-maserati-em-2024\/\">a produ\u00e7\u00e3o deste SUV diminuiu 58%<\/a>De 17.242 para apenas 7.250 unidades produzidas na f\u00e1brica de Cassino, em It\u00e1lia. Esta queda \u00e9 particularmente not\u00e1vel quando comparada com modelos rivais como o Porsche Macan, que vendeu quase 83.000 unidades em 2024, incluindo mais de 18.000 vers\u00f5es el\u00e9ctricas.<\/p>\n\n\n\n<h2 class=\"wp-block-heading\">Grecale Folgore: um fracasso comercial?<\/h2>\n\n\n\n<p>O Grecale foi inicialmente proposto numa vers\u00e3o a combust\u00e3o, com um motor 2.0L de 4 cilindros e um V6 de 3.0L, antes do lan\u00e7amento do modelo el\u00e9trico, o <a href=\"https:\/\/www.italpassion.fr\/pt\/carros\/maserati-grecale-folgore\/\">Grecale Folgore<\/a>no final de 2023, tem sido bastante t\u00edmido. Tanto quanto sabemos, <strong>as vendas da vers\u00e3o el\u00e9ctrica n\u00e3o arrancaram<\/strong>Isto levanta a quest\u00e3o do posicionamento do <a href=\"https:\/\/www.italpassion.fr\/pt\/maserati\/\">Maserati<\/a> sobre o futuro do seu SUV. <strong>Por exemplo, na Alemanha, dos 541 Maseratis registados em 2024, apenas 25 eram Folgore. No mesmo per\u00edodo, em It\u00e1lia, de entre 2 242 matr\u00edculas, apenas 43 s\u00e3o Folgore.<\/strong><\/p>\n\n\n\n<p>Se olharmos para a Porsche, o Macan, um concorrente direto, parece estar a fazer uma transi\u00e7\u00e3o mais bem sucedida para a eletricidade, com uma vers\u00e3o totalmente el\u00e9ctrica a representar uma propor\u00e7\u00e3o mais significativa das suas vendas. No entanto, a Porsche parece estar a considerar trazer de volta uma vers\u00e3o a combust\u00e3o no novo Macan para a Europa, enquanto o antigo modelo a combust\u00e3o ainda est\u00e1 dispon\u00edvel para o mercado dos EUA. A quest\u00e3o que se coloca \u00e9: dever\u00e1 a Maserati seguir uma estrat\u00e9gia semelhante ou manter a sua vers\u00e3o exclusiva Folgore do Grecale?<\/p>\n\n\n\n<h2 class=\"wp-block-heading\">A atualiza\u00e7\u00e3o Grecale \u00e9 apenas para ve\u00edculos el\u00e9ctricos?<\/h2>\n\n\n\n<p><strong>De acordo com as nossas informa\u00e7\u00f5es, a Maserati est\u00e1 a planear uma atualiza\u00e7\u00e3o a meio da carreira (MCA) para o Grecale para aumentar as vendas.<\/strong> Embora os detalhes desta atualiza\u00e7\u00e3o permane\u00e7am pouco claros, v\u00e1rias altera\u00e7\u00f5es parecem prov\u00e1veis. Em primeiro lugar, a parte dianteira poder\u00e1 ser renovada, uma vez que muitos clientes consideraram o design atual demasiado conservador, com alguns a verem mesmo uma semelhan\u00e7a com o Ford Puma. Uma evolu\u00e7\u00e3o do design, particularmente na frente, daria ao Grecale um car\u00e1cter mais assertivo, como o do Levante, em linha com a imagem da marca Maserati.<\/p>\n\n\n\n<p><strong>No que diz respeito \u00e0 gama t\u00e9rmica, persistem as incertezas<\/strong>. Embora a Maserati tenha manifestado claramente o seu desejo de se tornar uma marca totalmente el\u00e9ctrica no futuro, perguntamo-nos se esta atualiza\u00e7\u00e3o se aplicar\u00e1 apenas \u00e0 vers\u00e3o Folgore ou se a vers\u00e3o a combust\u00e3o continuar\u00e1 a existir a par da vers\u00e3o el\u00e9ctrica. Poder\u00e1 o Grecale thermic, com os seus motores V6 2.0L e 3.0L, sobreviver na era da transi\u00e7\u00e3o energ\u00e9tica ou a Maserati decidir\u00e1 oferecer apenas o Grecale Folgore no futuro?<\/p>\n\n\n\n<h2 class=\"wp-block-heading\">Uma estrat\u00e9gia arriscada<\/h2>\n\n\n\n<p><strong>\u00c0 medida que a Europa e a China pressionam para uma eletrifica\u00e7\u00e3o cada vez maior, a Maserati tem de fazer malabarismos com esta press\u00e3o, mantendo a sua identidade.<\/strong>. Os clientes de luxo querem modelos com motor de combust\u00e3o. Ao mesmo tempo, a Maserati continua a preparar-se para o futuro com modelos como o novo SUV Levante, previsto para 2027, e o novo Quattroporte para 2028. Ser\u00e1 que a Maserati vai optar por se concentrar apenas na energia el\u00e9ctrica com o Folgore, ou vai optar por uma abordagem mais matizada, mantendo tamb\u00e9m uma vers\u00e3o a combust\u00e3o? <a href=\"https:\/\/www.italpassion.fr\/pt\/alfa-romeo\/a-alfa-romeo-adia-finalmente-a-sua-transicao-para-uma-gama-100-electrica\/\">A Alfa Romeo, a marca irm\u00e3, confirmou o regresso dos motores de combust\u00e3o aos futuros modelos da sua gama.<\/a> e a Porsche, a marca rival, tamb\u00e9m est\u00e1 a estud\u00e1-lo.<\/p>","protected":false},"excerpt":{"rendered":"","protected":false},"author":1,"featured_media":36235,"comment_status":"open","ping_status":"open","sticky":false,"template":"","format":"standard","meta":{"_acf_changed":false,"_sitemap_exclude":false,"_sitemap_priority":"","_sitemap_frequency":"","footnotes":""},"categories":[27],"tags":[285],"class_list":["post-36232","post","type-post","status-publish","format-standard","has-post-thumbnail","hentry","category-maserati","tag-maserati-grecale","generate-columns","tablet-grid-50","mobile-grid-100","grid-parent","grid-33"],"acf":[],"yoast_head":"<!-- This site is optimized with the Yoast SEO plugin v25.8 - https:\/\/yoast.com\/wordpress\/plugins\/seo\/ -->\n<title>SUV Maserati Grecale : une mise \u00e0 jour est pr\u00e9vue pour relancer les ventes, mais uniquement pour l&#039;\u00e9lectrique ? - ItalPassion<\/title>\n<meta name=\"description\" content=\"Le SUV Maserati Grecale, lanc\u00e9 en 2022, fait face \u00e0 une baisse importante de ses chiffres de production. En effet, entre 2023 et 2024, la production de ce\" \/>\n<meta name=\"robots\" content=\"index, follow, max-snippet:-1, max-image-preview:large, max-video-preview:-1\" \/>\n<link rel=\"canonical\" href=\"https:\/\/www.italpassion.fr\/pt\/maserati\/suv-maserati-grecale-esta-prevista-uma-atualizacao-para-aumentar-as-vendas-mas-apenas-para-os-veiculos-electricos\/\" \/>\n<meta property=\"og:locale\" content=\"pt_PT\" \/>\n<meta property=\"og:type\" content=\"article\" \/>\n<meta property=\"og:title\" content=\"SUV Maserati Grecale : une mise \u00e0 jour est pr\u00e9vue pour relancer les ventes, mais uniquement pour l&#039;\u00e9lectrique ? - ItalPassion\" \/>\n<meta property=\"og:description\" content=\"Le SUV Maserati Grecale, lanc\u00e9 en 2022, fait face \u00e0 une baisse importante de ses chiffres de production. En effet, entre 2023 et 2024, la production de ce\" \/>\n<meta property=\"og:url\" content=\"https:\/\/www.italpassion.fr\/pt\/maserati\/suv-maserati-grecale-esta-prevista-uma-atualizacao-para-aumentar-as-vendas-mas-apenas-para-os-veiculos-electricos\/\" \/>\n<meta property=\"og:site_name\" content=\"ItalPassion\" \/>\n<meta property=\"article:publisher\" content=\"https:\/\/www.facebook.com\/italpassion\" \/>\n<meta property=\"article:published_time\" content=\"2025-01-27T13:28:01+00:00\" \/>\n<meta property=\"article:modified_time\" content=\"2025-01-27T13:28:03+00:00\" \/>\n<meta property=\"og:image\" content=\"https:\/\/www.italpassion.fr\/wp-content\/uploads\/2025\/01\/Small-23595-MaseratiGrecaleDarkAurora31-fotor-20250127141356.jpg\" \/>\n\t<meta property=\"og:image:width\" content=\"1200\" \/>\n\t<meta property=\"og:image:height\" content=\"800\" \/>\n\t<meta property=\"og:image:type\" content=\"image\/jpeg\" \/>\n<meta name=\"author\" content=\"Alexandre Filluzeau\" \/>\n<meta name=\"twitter:card\" content=\"summary_large_image\" \/>\n<meta name=\"twitter:creator\" content=\"@italpassion\" \/>\n<meta name=\"twitter:site\" content=\"@italpassion\" \/>\n<script type=\"application\/ld+json\" class=\"yoast-schema-graph\">{\"@context\":\"https:\/\/schema.org\",\"@graph\":[{\"@type\":\"NewsArticle\",\"@id\":\"https:\/\/www.italpassion.fr\/pt\/maserati\/suv-maserati-grecale-une-mise-a-jour-est-prevue-pour-relancer-les-ventes-mais-uniquement-pour-lelectrique\/#article\",\"isPartOf\":{\"@id\":\"https:\/\/www.italpassion.fr\/pt\/maserati\/suv-maserati-grecale-une-mise-a-jour-est-prevue-pour-relancer-les-ventes-mais-uniquement-pour-lelectrique\/\"},\"author\":{\"name\":\"Alexandre Filluzeau\",\"@id\":\"https:\/\/www.italpassion.fr\/pt\/#\/schema\/person\/36f747b2a759ca202d847e85a9434ca0\"},\"headline\":\"SUV Maserati Grecale : une mise \u00e0 jour est pr\u00e9vue pour relancer les ventes, mais uniquement pour l&rsquo;\u00e9lectrique ?\",\"datePublished\":\"2025-01-27T13:28:01+00:00\",\"dateModified\":\"2025-01-27T13:28:03+00:00\",\"mainEntityOfPage\":{\"@id\":\"https:\/\/www.italpassion.fr\/pt\/maserati\/suv-maserati-grecale-une-mise-a-jour-est-prevue-pour-relancer-les-ventes-mais-uniquement-pour-lelectrique\/\"},\"wordCount\":598,\"commentCount\":4,\"publisher\":{\"@id\":\"https:\/\/www.italpassion.fr\/pt\/#organization\"},\"image\":{\"@id\":\"https:\/\/www.italpassion.fr\/pt\/maserati\/suv-maserati-grecale-une-mise-a-jour-est-prevue-pour-relancer-les-ventes-mais-uniquement-pour-lelectrique\/#primaryimage\"},\"thumbnailUrl\":\"https:\/\/www.italpassion.fr\/wp-content\/uploads\/2025\/01\/Small-23595-MaseratiGrecaleDarkAurora31-fotor-20250127141356.jpg\",\"keywords\":[\"Maserati Grecale\"],\"articleSection\":[\"Maserati\"],\"inLanguage\":\"pt-PT\",\"potentialAction\":[{\"@type\":\"CommentAction\",\"name\":\"Comment\",\"target\":[\"https:\/\/www.italpassion.fr\/pt\/maserati\/suv-maserati-grecale-une-mise-a-jour-est-prevue-pour-relancer-les-ventes-mais-uniquement-pour-lelectrique\/#respond\"]}]},{\"@type\":\"WebPage\",\"@id\":\"https:\/\/www.italpassion.fr\/pt\/maserati\/suv-maserati-grecale-une-mise-a-jour-est-prevue-pour-relancer-les-ventes-mais-uniquement-pour-lelectrique\/\",\"url\":\"https:\/\/www.italpassion.fr\/pt\/maserati\/suv-maserati-grecale-une-mise-a-jour-est-prevue-pour-relancer-les-ventes-mais-uniquement-pour-lelectrique\/\",\"name\":\"SUV Maserati Grecale : une mise \u00e0 jour est pr\u00e9vue pour relancer les ventes, mais uniquement pour l'\u00e9lectrique ? - ItalPassion\",\"isPartOf\":{\"@id\":\"https:\/\/www.italpassion.fr\/pt\/#website\"},\"primaryImageOfPage\":{\"@id\":\"https:\/\/www.italpassion.fr\/pt\/maserati\/suv-maserati-grecale-une-mise-a-jour-est-prevue-pour-relancer-les-ventes-mais-uniquement-pour-lelectrique\/#primaryimage\"},\"image\":{\"@id\":\"https:\/\/www.italpassion.fr\/pt\/maserati\/suv-maserati-grecale-une-mise-a-jour-est-prevue-pour-relancer-les-ventes-mais-uniquement-pour-lelectrique\/#primaryimage\"},\"thumbnailUrl\":\"https:\/\/www.italpassion.fr\/wp-content\/uploads\/2025\/01\/Small-23595-MaseratiGrecaleDarkAurora31-fotor-20250127141356.jpg\",\"datePublished\":\"2025-01-27T13:28:01+00:00\",\"dateModified\":\"2025-01-27T13:28:03+00:00\",\"description\":\"Le SUV Maserati Grecale, lanc\u00e9 en 2022, fait face \u00e0 une baisse importante de ses chiffres de production. En effet, entre 2023 et 2024, la production de ce\",\"breadcrumb\":{\"@id\":\"https:\/\/www.italpassion.fr\/pt\/maserati\/suv-maserati-grecale-une-mise-a-jour-est-prevue-pour-relancer-les-ventes-mais-uniquement-pour-lelectrique\/#breadcrumb\"},\"inLanguage\":\"pt-PT\",\"potentialAction\":[{\"@type\":\"ReadAction\",\"target\":[\"https:\/\/www.italpassion.fr\/pt\/maserati\/suv-maserati-grecale-une-mise-a-jour-est-prevue-pour-relancer-les-ventes-mais-uniquement-pour-lelectrique\/\"]}]},{\"@type\":\"ImageObject\",\"inLanguage\":\"pt-PT\",\"@id\":\"https:\/\/www.italpassion.fr\/pt\/maserati\/suv-maserati-grecale-une-mise-a-jour-est-prevue-pour-relancer-les-ventes-mais-uniquement-pour-lelectrique\/#primaryimage\",\"url\":\"https:\/\/www.italpassion.fr\/wp-content\/uploads\/2025\/01\/Small-23595-MaseratiGrecaleDarkAurora31-fotor-20250127141356.jpg\",\"contentUrl\":\"https:\/\/www.italpassion.fr\/wp-content\/uploads\/2025\/01\/Small-23595-MaseratiGrecaleDarkAurora31-fotor-20250127141356.jpg\",\"width\":1200,\"height\":800},{\"@type\":\"BreadcrumbList\",\"@id\":\"https:\/\/www.italpassion.fr\/pt\/maserati\/suv-maserati-grecale-une-mise-a-jour-est-prevue-pour-relancer-les-ventes-mais-uniquement-pour-lelectrique\/#breadcrumb\",\"itemListElement\":[{\"@type\":\"ListItem\",\"position\":1,\"name\":\"Accueil\",\"item\":\"https:\/\/www.italpassion.fr\/pt\/\"},{\"@type\":\"ListItem\",\"position\":2,\"name\":\"SUV Maserati Grecale : une mise \u00e0 jour est pr\u00e9vue pour relancer les ventes, mais uniquement pour l&rsquo;\u00e9lectrique ?\"}]},{\"@type\":\"WebSite\",\"@id\":\"https:\/\/www.italpassion.fr\/pt\/#website\",\"url\":\"https:\/\/www.italpassion.fr\/pt\/\",\"name\":\"ItalPassion\",\"description\":\"Les Passionn\u00e9s d&#039;Automobiles Italiennes\",\"publisher\":{\"@id\":\"https:\/\/www.italpassion.fr\/pt\/#organization\"},\"potentialAction\":[{\"@type\":\"SearchAction\",\"target\":{\"@type\":\"EntryPoint\",\"urlTemplate\":\"https:\/\/www.italpassion.fr\/pt\/?s={search_term_string}\"},\"query-input\":{\"@type\":\"PropertyValueSpecification\",\"valueRequired\":true,\"valueName\":\"search_term_string\"}}],\"inLanguage\":\"pt-PT\"},{\"@type\":\"Organization\",\"@id\":\"https:\/\/www.italpassion.fr\/pt\/#organization\",\"name\":\"Italpassion\",\"url\":\"https:\/\/www.italpassion.fr\/pt\/\",\"logo\":{\"@type\":\"ImageObject\",\"inLanguage\":\"pt-PT\",\"@id\":\"https:\/\/www.italpassion.fr\/pt\/#\/schema\/logo\/image\/\",\"url\":\"https:\/\/www.italpassion.fr\/wp-content\/uploads\/2023\/07\/italpassion-yoast.jpg\",\"contentUrl\":\"https:\/\/www.italpassion.fr\/wp-content\/uploads\/2023\/07\/italpassion-yoast.jpg\",\"width\":696,\"height\":696,\"caption\":\"Italpassion\"},\"image\":{\"@id\":\"https:\/\/www.italpassion.fr\/pt\/#\/schema\/logo\/image\/\"},\"sameAs\":[\"https:\/\/www.facebook.com\/italpassion\",\"https:\/\/x.com\/italpassion\",\"https:\/\/www.instagram.com\/italpassionfr\/\",\"https:\/\/www.youtube.com\/channel\/UCleq-ByQaA42OjhopwevRjQ\",\"https:\/\/www.facebook.com\/italpassion.en\/\",\"https:\/\/www.facebook.com\/italpassion.it\/\",\"https:\/\/www.facebook.com\/italpassion.de\/\",\"https:\/\/www.facebook.com\/italpassion.ja\/\"]},{\"@type\":\"Person\",\"@id\":\"https:\/\/www.italpassion.fr\/pt\/#\/schema\/person\/36f747b2a759ca202d847e85a9434ca0\",\"name\":\"Alexandre Filluzeau\",\"image\":{\"@type\":\"ImageObject\",\"inLanguage\":\"pt-PT\",\"@id\":\"https:\/\/www.italpassion.fr\/pt\/#\/schema\/person\/image\/\",\"url\":\"https:\/\/www.italpassion.fr\/wp-content\/uploads\/2025\/04\/avatar-alexandre-160x160.jpg\",\"contentUrl\":\"https:\/\/www.italpassion.fr\/wp-content\/uploads\/2025\/04\/avatar-alexandre-160x160.jpg\",\"caption\":\"Alexandre Filluzeau\"},\"description\":\"Fondateur du site ItalPassion, passionn\u00e9 de voitures italiennes et de l'Italie en g\u00e9n\u00e9ral. J'apporte un regard critique et technique aux actualit\u00e9s des marques italiennes quand cela est possible. Propri\u00e9taire d'une Maserati GranTurismo, Alfa Romeo MiTo, Lancia Fulvia et Ducati 695. Ex-propri\u00e9taire d'une Alfa Romeo Giulia.\",\"sameAs\":[\"https:\/\/www.italpassion.fr\/\"],\"url\":\"https:\/\/www.italpassion.fr\/pt\/author\/alexandre\/\"}]}<\/script>\n<!-- \/ Yoast SEO plugin. -->","yoast_head_json":{"title":"Maserati Grecale SUV: est\u00e1 prevista uma atualiza\u00e7\u00e3o para aumentar as vendas, mas apenas para a energia el\u00e9ctrica? - ItalPassion","description":"O SUV Maserati Grecale, que dever\u00e1 ser lan\u00e7ado em 2022, est\u00e1 a enfrentar uma queda significativa nos seus n\u00fameros de produ\u00e7\u00e3o. De facto, entre 2023 e 2024, a produ\u00e7\u00e3o deste","robots":{"index":"index","follow":"follow","max-snippet":"max-snippet:-1","max-image-preview":"max-image-preview:large","max-video-preview":"max-video-preview:-1"},"canonical":"https:\/\/www.italpassion.fr\/pt\/maserati\/suv-maserati-grecale-esta-prevista-uma-atualizacao-para-aumentar-as-vendas-mas-apenas-para-os-veiculos-electricos\/","og_locale":"pt_PT","og_type":"article","og_title":"SUV Maserati Grecale : une mise \u00e0 jour est pr\u00e9vue pour relancer les ventes, mais uniquement pour l'\u00e9lectrique ? - ItalPassion","og_description":"Le SUV Maserati Grecale, lanc\u00e9 en 2022, fait face \u00e0 une baisse importante de ses chiffres de production. En effet, entre 2023 et 2024, la production de ce","og_url":"https:\/\/www.italpassion.fr\/pt\/maserati\/suv-maserati-grecale-esta-prevista-uma-atualizacao-para-aumentar-as-vendas-mas-apenas-para-os-veiculos-electricos\/","og_site_name":"ItalPassion","article_publisher":"https:\/\/www.facebook.com\/italpassion","article_published_time":"2025-01-27T13:28:01+00:00","article_modified_time":"2025-01-27T13:28:03+00:00","og_image":[{"width":1200,"height":800,"url":"https:\/\/www.italpassion.fr\/wp-content\/uploads\/2025\/01\/Small-23595-MaseratiGrecaleDarkAurora31-fotor-20250127141356.jpg","type":"image\/jpeg"}],"author":"Alexandre Filluzeau","twitter_card":"summary_large_image","twitter_creator":"@italpassion","twitter_site":"@italpassion","schema":{"@context":"https:\/\/schema.org","@graph":[{"@type":"NewsArticle","@id":"https:\/\/www.italpassion.fr\/pt\/maserati\/suv-maserati-grecale-une-mise-a-jour-est-prevue-pour-relancer-les-ventes-mais-uniquement-pour-lelectrique\/#article","isPartOf":{"@id":"https:\/\/www.italpassion.fr\/pt\/maserati\/suv-maserati-grecale-une-mise-a-jour-est-prevue-pour-relancer-les-ventes-mais-uniquement-pour-lelectrique\/"},"author":{"name":"Alexandre Filluzeau","@id":"https:\/\/www.italpassion.fr\/pt\/#\/schema\/person\/36f747b2a759ca202d847e85a9434ca0"},"headline":"SUV Maserati Grecale : une mise \u00e0 jour est pr\u00e9vue pour relancer les ventes, mais uniquement pour l&rsquo;\u00e9lectrique ?","datePublished":"2025-01-27T13:28:01+00:00","dateModified":"2025-01-27T13:28:03+00:00","mainEntityOfPage":{"@id":"https:\/\/www.italpassion.fr\/pt\/maserati\/suv-maserati-grecale-une-mise-a-jour-est-prevue-pour-relancer-les-ventes-mais-uniquement-pour-lelectrique\/"},"wordCount":598,"commentCount":4,"publisher":{"@id":"https:\/\/www.italpassion.fr\/pt\/#organization"},"image":{"@id":"https:\/\/www.italpassion.fr\/pt\/maserati\/suv-maserati-grecale-une-mise-a-jour-est-prevue-pour-relancer-les-ventes-mais-uniquement-pour-lelectrique\/#primaryimage"},"thumbnailUrl":"https:\/\/www.italpassion.fr\/wp-content\/uploads\/2025\/01\/Small-23595-MaseratiGrecaleDarkAurora31-fotor-20250127141356.jpg","keywords":["Maserati Grecale"],"articleSection":["Maserati"],"inLanguage":"pt-PT","potentialAction":[{"@type":"CommentAction","name":"Comment","target":["https:\/\/www.italpassion.fr\/pt\/maserati\/suv-maserati-grecale-une-mise-a-jour-est-prevue-pour-relancer-les-ventes-mais-uniquement-pour-lelectrique\/#respond"]}]},{"@type":"WebPage","@id":"https:\/\/www.italpassion.fr\/pt\/maserati\/suv-maserati-grecale-une-mise-a-jour-est-prevue-pour-relancer-les-ventes-mais-uniquement-pour-lelectrique\/","url":"https:\/\/www.italpassion.fr\/pt\/maserati\/suv-maserati-grecale-une-mise-a-jour-est-prevue-pour-relancer-les-ventes-mais-uniquement-pour-lelectrique\/","name":"Maserati Grecale SUV: est\u00e1 prevista uma atualiza\u00e7\u00e3o para aumentar as vendas, mas apenas para a energia el\u00e9ctrica? - ItalPassion","isPartOf":{"@id":"https:\/\/www.italpassion.fr\/pt\/#website"},"primaryImageOfPage":{"@id":"https:\/\/www.italpassion.fr\/pt\/maserati\/suv-maserati-grecale-une-mise-a-jour-est-prevue-pour-relancer-les-ventes-mais-uniquement-pour-lelectrique\/#primaryimage"},"image":{"@id":"https:\/\/www.italpassion.fr\/pt\/maserati\/suv-maserati-grecale-une-mise-a-jour-est-prevue-pour-relancer-les-ventes-mais-uniquement-pour-lelectrique\/#primaryimage"},"thumbnailUrl":"https:\/\/www.italpassion.fr\/wp-content\/uploads\/2025\/01\/Small-23595-MaseratiGrecaleDarkAurora31-fotor-20250127141356.jpg","datePublished":"2025-01-27T13:28:01+00:00","dateModified":"2025-01-27T13:28:03+00:00","description":"O SUV Maserati Grecale, que dever\u00e1 ser lan\u00e7ado em 2022, est\u00e1 a enfrentar uma queda significativa nos seus n\u00fameros de produ\u00e7\u00e3o. De facto, entre 2023 e 2024, a produ\u00e7\u00e3o deste","breadcrumb":{"@id":"https:\/\/www.italpassion.fr\/pt\/maserati\/suv-maserati-grecale-une-mise-a-jour-est-prevue-pour-relancer-les-ventes-mais-uniquement-pour-lelectrique\/#breadcrumb"},"inLanguage":"pt-PT","potentialAction":[{"@type":"ReadAction","target":["https:\/\/www.italpassion.fr\/pt\/maserati\/suv-maserati-grecale-une-mise-a-jour-est-prevue-pour-relancer-les-ventes-mais-uniquement-pour-lelectrique\/"]}]},{"@type":"ImageObject","inLanguage":"pt-PT","@id":"https:\/\/www.italpassion.fr\/pt\/maserati\/suv-maserati-grecale-une-mise-a-jour-est-prevue-pour-relancer-les-ventes-mais-uniquement-pour-lelectrique\/#primaryimage","url":"https:\/\/www.italpassion.fr\/wp-content\/uploads\/2025\/01\/Small-23595-MaseratiGrecaleDarkAurora31-fotor-20250127141356.jpg","contentUrl":"https:\/\/www.italpassion.fr\/wp-content\/uploads\/2025\/01\/Small-23595-MaseratiGrecaleDarkAurora31-fotor-20250127141356.jpg","width":1200,"height":800},{"@type":"BreadcrumbList","@id":"https:\/\/www.italpassion.fr\/pt\/maserati\/suv-maserati-grecale-une-mise-a-jour-est-prevue-pour-relancer-les-ventes-mais-uniquement-pour-lelectrique\/#breadcrumb","itemListElement":[{"@type":"ListItem","position":1,"name":"Accueil","item":"https:\/\/www.italpassion.fr\/pt\/"},{"@type":"ListItem","position":2,"name":"SUV Maserati Grecale : une mise \u00e0 jour est pr\u00e9vue pour relancer les ventes, mais uniquement pour l&rsquo;\u00e9lectrique ?"}]},{"@type":"WebSite","@id":"https:\/\/www.italpassion.fr\/pt\/#website","url":"https:\/\/www.italpassion.fr\/pt\/","name":"ItalPassion","description":"Entusiastas de autom\u00f3veis italianos","publisher":{"@id":"https:\/\/www.italpassion.fr\/pt\/#organization"},"potentialAction":[{"@type":"SearchAction","target":{"@type":"EntryPoint","urlTemplate":"https:\/\/www.italpassion.fr\/pt\/?s={search_term_string}"},"query-input":{"@type":"PropertyValueSpecification","valueRequired":true,"valueName":"search_term_string"}}],"inLanguage":"pt-PT"},{"@type":"Organization","@id":"https:\/\/www.italpassion.fr\/pt\/#organization","name":"Italpassion","url":"https:\/\/www.italpassion.fr\/pt\/","logo":{"@type":"ImageObject","inLanguage":"pt-PT","@id":"https:\/\/www.italpassion.fr\/pt\/#\/schema\/logo\/image\/","url":"https:\/\/www.italpassion.fr\/wp-content\/uploads\/2023\/07\/italpassion-yoast.jpg","contentUrl":"https:\/\/www.italpassion.fr\/wp-content\/uploads\/2023\/07\/italpassion-yoast.jpg","width":696,"height":696,"caption":"Italpassion"},"image":{"@id":"https:\/\/www.italpassion.fr\/pt\/#\/schema\/logo\/image\/"},"sameAs":["https:\/\/www.facebook.com\/italpassion","https:\/\/x.com\/italpassion","https:\/\/www.instagram.com\/italpassionfr\/","https:\/\/www.youtube.com\/channel\/UCleq-ByQaA42OjhopwevRjQ","https:\/\/www.facebook.com\/italpassion.en\/","https:\/\/www.facebook.com\/italpassion.it\/","https:\/\/www.facebook.com\/italpassion.de\/","https:\/\/www.facebook.com\/italpassion.ja\/"]},{"@type":"Person","@id":"https:\/\/www.italpassion.fr\/pt\/#\/schema\/person\/36f747b2a759ca202d847e85a9434ca0","name":"Alexandre Filluzeau","image":{"@type":"ImageObject","inLanguage":"pt-PT","@id":"https:\/\/www.italpassion.fr\/pt\/#\/schema\/person\/image\/","url":"https:\/\/www.italpassion.fr\/wp-content\/uploads\/2025\/04\/avatar-alexandre-160x160.jpg","contentUrl":"https:\/\/www.italpassion.fr\/wp-content\/uploads\/2025\/04\/avatar-alexandre-160x160.jpg","caption":"Alexandre Filluzeau"},"description":"Fundador do site ItalPassion, apaixonado por carros italianos e pela It\u00e1lia em geral. Trago um olhar cr\u00edtico e t\u00e9cnico \u00e0s not\u00edcias das marcas italianas, sempre que poss\u00edvel. Propriet\u00e1ria de um Maserati GranTurismo, Alfa Romeo MiTo, Lancia Fulvia e Ducati 695. Ex-propriet\u00e1rio de uma Alfa Romeo Giulia.","sameAs":["https:\/\/www.italpassion.fr\/"],"url":"https:\/\/www.italpassion.fr\/pt\/author\/alexandre\/"}]}},"_links":{"self":[{"href":"https:\/\/www.italpassion.fr\/pt\/wp-json\/wp\/v2\/posts\/36232","targetHints":{"allow":["GET"]}}],"collection":[{"href":"https:\/\/www.italpassion.fr\/pt\/wp-json\/wp\/v2\/posts"}],"about":[{"href":"https:\/\/www.italpassion.fr\/pt\/wp-json\/wp\/v2\/types\/post"}],"author":[{"embeddable":true,"href":"https:\/\/www.italpassion.fr\/pt\/wp-json\/wp\/v2\/users\/1"}],"replies":[{"embeddable":true,"href":"https:\/\/www.italpassion.fr\/pt\/wp-json\/wp\/v2\/comments?post=36232"}],"version-history":[{"count":4,"href":"https:\/\/www.italpassion.fr\/pt\/wp-json\/wp\/v2\/posts\/36232\/revisions"}],"predecessor-version":[{"id":36237,"href":"https:\/\/www.italpassion.fr\/pt\/wp-json\/wp\/v2\/posts\/36232\/revisions\/36237"}],"wp:featuredmedia":[{"embeddable":true,"href":"https:\/\/www.italpassion.fr\/pt\/wp-json\/wp\/v2\/media\/36235"}],"wp:attachment":[{"href":"https:\/\/www.italpassion.fr\/pt\/wp-json\/wp\/v2\/media?parent=36232"}],"wp:term":[{"taxonomy":"category","embeddable":true,"href":"https:\/\/www.italpassion.fr\/pt\/wp-json\/wp\/v2\/categories?post=36232"},{"taxonomy":"post_tag","embeddable":true,"href":"https:\/\/www.italpassion.fr\/pt\/wp-json\/wp\/v2\/tags?post=36232"}],"curies":[{"name":"wp","href":"https:\/\/api.w.org\/{rel}","templated":true}]}}