{"id":36135,"date":"2025-01-22T13:54:34","date_gmt":"2025-01-22T12:54:34","guid":{"rendered":"https:\/\/www.italpassion.fr\/?p=36135"},"modified":"2025-01-22T13:54:36","modified_gmt":"2025-01-22T12:54:36","slug":"ferrari-f1-lewis-hamilton-ja-apelou-a-mudancas-apos-o-primeiro-dia","status":"publish","type":"post","link":"https:\/\/www.italpassion.fr\/pt\/competition\/ferrari-f1-lewis-hamilton-a-deja-demande-des-changements-apres-sa-premiere-journee\/","title":{"rendered":"Ferrari F1: Lewis Hamilton j\u00e1 pediu altera\u00e7\u00f5es ap\u00f3s o seu primeiro dia"},"content":{"rendered":"<figure class=\"wp-block-image size-large\"><img loading=\"lazy\" decoding=\"async\" width=\"1024\" height=\"683\" src=\"https:\/\/www.italpassion.fr\/wp-content\/uploads\/2025\/01\/lewis-hamilton-ferrari-f1-2-1024x683.jpg\" alt=\"\" class=\"wp-image-36137\" srcset=\"https:\/\/www.italpassion.fr\/wp-content\/uploads\/2025\/01\/lewis-hamilton-ferrari-f1-2-1024x683.jpg 1024w, https:\/\/www.italpassion.fr\/wp-content\/uploads\/2025\/01\/lewis-hamilton-ferrari-f1-2-300x200.jpg 300w, https:\/\/www.italpassion.fr\/wp-content\/uploads\/2025\/01\/lewis-hamilton-ferrari-f1-2-768x512.jpg 768w, https:\/\/www.italpassion.fr\/wp-content\/uploads\/2025\/01\/lewis-hamilton-ferrari-f1-2-18x12.jpg 18w, https:\/\/www.italpassion.fr\/wp-content\/uploads\/2025\/01\/lewis-hamilton-ferrari-f1-2-561x374.jpg 561w, https:\/\/www.italpassion.fr\/wp-content\/uploads\/2025\/01\/lewis-hamilton-ferrari-f1-2-1122x748.jpg 1122w, https:\/\/www.italpassion.fr\/wp-content\/uploads\/2025\/01\/lewis-hamilton-ferrari-f1-2-265x177.jpg 265w, https:\/\/www.italpassion.fr\/wp-content\/uploads\/2025\/01\/lewis-hamilton-ferrari-f1-2-531x354.jpg 531w, https:\/\/www.italpassion.fr\/wp-content\/uploads\/2025\/01\/lewis-hamilton-ferrari-f1-2-364x243.jpg 364w, https:\/\/www.italpassion.fr\/wp-content\/uploads\/2025\/01\/lewis-hamilton-ferrari-f1-2-728x485.jpg 728w, https:\/\/www.italpassion.fr\/wp-content\/uploads\/2025\/01\/lewis-hamilton-ferrari-f1-2-608x405.jpg 608w, https:\/\/www.italpassion.fr\/wp-content\/uploads\/2025\/01\/lewis-hamilton-ferrari-f1-2-758x505.jpg 758w, https:\/\/www.italpassion.fr\/wp-content\/uploads\/2025\/01\/lewis-hamilton-ferrari-f1-2-1152x768.jpg 1152w, https:\/\/www.italpassion.fr\/wp-content\/uploads\/2025\/01\/lewis-hamilton-ferrari-f1-2.jpg 1200w\" sizes=\"auto, (max-width: 1024px) 100vw, 1024px\" \/><\/figure>\n\n\n\n<p><a href=\"https:\/\/www.italpassion.fr\/pt\/etiqueta\/lewis-hamilton\/\">Lewis Hamilton<\/a> lan\u00e7ou oficialmente um novo cap\u00edtulo na sua carreira ao <a href=\"https:\/\/www.italpassion.fr\/pt\/concurso\/formula-1\/\">F\u00f3rmula 1<\/a> com a Ferrari, dando os seus primeiros passos na famosa f\u00e1brica de Maranello. \u00c0 sua chegada, na segunda-feira, o campe\u00e3o brit\u00e2nico de 40 anos foi saudado por uma multid\u00e3o de f\u00e3s entusiastas junto aos port\u00f5es da f\u00e1brica, ap\u00f3s v\u00e1rias semanas de provoca\u00e7\u00f5es nas redes sociais por parte de Hamilton e da equipa.<\/p>\n\n\n\n<h2 class=\"wp-block-heading\">Um primeiro dia memor\u00e1vel para Hamilton<\/h2>\n\n\n\n<figure class=\"wp-block-image size-large\"><img loading=\"lazy\" decoding=\"async\" width=\"1024\" height=\"683\" src=\"https:\/\/www.italpassion.fr\/wp-content\/uploads\/2025\/01\/lewis-hamilton-first-day-1024x683.jpg\" alt=\"\" class=\"wp-image-36138\" srcset=\"https:\/\/www.italpassion.fr\/wp-content\/uploads\/2025\/01\/lewis-hamilton-first-day-1024x683.jpg 1024w, https:\/\/www.italpassion.fr\/wp-content\/uploads\/2025\/01\/lewis-hamilton-first-day-300x200.jpg 300w, https:\/\/www.italpassion.fr\/wp-content\/uploads\/2025\/01\/lewis-hamilton-first-day-768x512.jpg 768w, https:\/\/www.italpassion.fr\/wp-content\/uploads\/2025\/01\/lewis-hamilton-first-day-18x12.jpg 18w, https:\/\/www.italpassion.fr\/wp-content\/uploads\/2025\/01\/lewis-hamilton-first-day-561x374.jpg 561w, https:\/\/www.italpassion.fr\/wp-content\/uploads\/2025\/01\/lewis-hamilton-first-day-1122x748.jpg 1122w, https:\/\/www.italpassion.fr\/wp-content\/uploads\/2025\/01\/lewis-hamilton-first-day-265x177.jpg 265w, https:\/\/www.italpassion.fr\/wp-content\/uploads\/2025\/01\/lewis-hamilton-first-day-531x354.jpg 531w, https:\/\/www.italpassion.fr\/wp-content\/uploads\/2025\/01\/lewis-hamilton-first-day-364x243.jpg 364w, https:\/\/www.italpassion.fr\/wp-content\/uploads\/2025\/01\/lewis-hamilton-first-day-728x485.jpg 728w, https:\/\/www.italpassion.fr\/wp-content\/uploads\/2025\/01\/lewis-hamilton-first-day-608x405.jpg 608w, https:\/\/www.italpassion.fr\/wp-content\/uploads\/2025\/01\/lewis-hamilton-first-day-758x505.jpg 758w, https:\/\/www.italpassion.fr\/wp-content\/uploads\/2025\/01\/lewis-hamilton-first-day-1152x768.jpg 1152w, https:\/\/www.italpassion.fr\/wp-content\/uploads\/2025\/01\/lewis-hamilton-first-day.jpg 1200w\" sizes=\"auto, (max-width: 1024px) 100vw, 1024px\" \/><\/figure>\n\n\n\n<p>Este primeiro dia no <a href=\"https:\/\/www.italpassion.fr\/pt\/etiqueta\/scuderia-ferrari\/\">Scuderia Ferrari<\/a> foi marcado por alguns marcos importantes. Para al\u00e9m <a href=\"https:\/\/www.italpassion.fr\/pt\/concurso\/f1-a-primeira-foto-oficial-de-lewis-hamilton-na-ferrari-e-o-seu-simbolo-escondido\/\">sess\u00f5es fotogr\u00e1ficas<\/a>Lewis Hamilton reuniu-se com os principais membros da equipa que desempenhar\u00e3o um papel central na sua busca pelo oitavo campeonato do mundo. <\/p>\n\n\n\n<p>Hamilton mergulhou imediatamente no seu papel de piloto da Ferrari, <strong>participando na sua primeira sess\u00e3o com o simulador da equipa. <\/strong>No entanto, como salientou, n\u00e3o h\u00e1 nada mais revelador do que a experi\u00eancia em pista. No entanto, devido \u00e0s restri\u00e7\u00f5es dos testes, os condutores ter\u00e3o de esperar at\u00e9 ao lan\u00e7amento oficial do autom\u00f3vel de 2025, em fevereiro, para poderem ir para a pista com o modelo. At\u00e9 l\u00e1, <a href=\"https:\/\/www.italpassion.fr\/pt\/concurso\/ferrari-f1-aqui-estao-os-dois-antigos-monolugares-disponibilizados-a-dhamilton-e-leclerc-para-testes\/\">Lewis e Charles v\u00e3o correr em dois monolugares antigos<\/a>.<\/p>\n\n\n\n<h2 class=\"wp-block-heading\">Os primeiros pedidos de altera\u00e7\u00e3o<\/h2>\n\n\n\n<figure class=\"wp-block-image size-large\"><img loading=\"lazy\" decoding=\"async\" width=\"1024\" height=\"683\" src=\"https:\/\/www.italpassion.fr\/wp-content\/uploads\/2025\/01\/lewis-hamilton-ferrari-F1-1024x683.jpg\" alt=\"\" class=\"wp-image-36136\" srcset=\"https:\/\/www.italpassion.fr\/wp-content\/uploads\/2025\/01\/lewis-hamilton-ferrari-F1-1024x683.jpg 1024w, https:\/\/www.italpassion.fr\/wp-content\/uploads\/2025\/01\/lewis-hamilton-ferrari-F1-300x200.jpg 300w, https:\/\/www.italpassion.fr\/wp-content\/uploads\/2025\/01\/lewis-hamilton-ferrari-F1-768x512.jpg 768w, https:\/\/www.italpassion.fr\/wp-content\/uploads\/2025\/01\/lewis-hamilton-ferrari-F1-18x12.jpg 18w, https:\/\/www.italpassion.fr\/wp-content\/uploads\/2025\/01\/lewis-hamilton-ferrari-F1-561x374.jpg 561w, https:\/\/www.italpassion.fr\/wp-content\/uploads\/2025\/01\/lewis-hamilton-ferrari-F1-1122x748.jpg 1122w, https:\/\/www.italpassion.fr\/wp-content\/uploads\/2025\/01\/lewis-hamilton-ferrari-F1-265x177.jpg 265w, https:\/\/www.italpassion.fr\/wp-content\/uploads\/2025\/01\/lewis-hamilton-ferrari-F1-531x354.jpg 531w, https:\/\/www.italpassion.fr\/wp-content\/uploads\/2025\/01\/lewis-hamilton-ferrari-F1-364x243.jpg 364w, https:\/\/www.italpassion.fr\/wp-content\/uploads\/2025\/01\/lewis-hamilton-ferrari-F1-728x485.jpg 728w, https:\/\/www.italpassion.fr\/wp-content\/uploads\/2025\/01\/lewis-hamilton-ferrari-F1-608x405.jpg 608w, https:\/\/www.italpassion.fr\/wp-content\/uploads\/2025\/01\/lewis-hamilton-ferrari-F1-758x505.jpg 758w, https:\/\/www.italpassion.fr\/wp-content\/uploads\/2025\/01\/lewis-hamilton-ferrari-F1-1152x768.jpg 1152w, https:\/\/www.italpassion.fr\/wp-content\/uploads\/2025\/01\/lewis-hamilton-ferrari-F1.jpg 1200w\" sizes=\"auto, (max-width: 1024px) 100vw, 1024px\" \/><\/figure>\n\n\n\n<p>Desde o seu primeiro dia em Maranello, <strong>Lewis Hamilton n\u00e3o hesitou em pedir ajustes no volante do carro<\/strong>Esta mudan\u00e7a marca o in\u00edcio da sua adapta\u00e7\u00e3o aos sistemas da Ferrari, que s\u00e3o muito diferentes dos da Mercedes. De acordo com um relat\u00f3rio da Autosport, Hamilton pediu especificamente mudan\u00e7as na configura\u00e7\u00e3o do volante. Embora os detalhes exactos destes ajustes n\u00e3o sejam claros, parece que <strong>estas altera\u00e7\u00f5es dizem respeito \u00e0 disposi\u00e7\u00e3o dos bot\u00f5es<\/strong>. Hamilton, que est\u00e1 habituado a um determinado modelo na Mercedes, procura uma configura\u00e7\u00e3o mais adaptada \u00e0s suas necessidades, especialmente em condi\u00e7\u00f5es de corrida a alta velocidade, onde precisa de poder alterar rapidamente a configura\u00e7\u00e3o do carro.<\/p>\n\n\n\n<h2 class=\"wp-block-heading\">Adapta\u00e7\u00e3o ao novo ambiente Ferrari<\/h2>\n\n\n\n<figure class=\"wp-block-image size-large\"><img loading=\"lazy\" decoding=\"async\" width=\"819\" height=\"1024\" src=\"https:\/\/www.italpassion.fr\/wp-content\/uploads\/2025\/01\/lewis-hamlton-ferrari-pilote-819x1024.jpg\" alt=\"\" class=\"wp-image-36139\" srcset=\"https:\/\/www.italpassion.fr\/wp-content\/uploads\/2025\/01\/lewis-hamlton-ferrari-pilote-819x1024.jpg 819w, https:\/\/www.italpassion.fr\/wp-content\/uploads\/2025\/01\/lewis-hamlton-ferrari-pilote-240x300.jpg 240w, https:\/\/www.italpassion.fr\/wp-content\/uploads\/2025\/01\/lewis-hamlton-ferrari-pilote-768x960.jpg 768w, https:\/\/www.italpassion.fr\/wp-content\/uploads\/2025\/01\/lewis-hamlton-ferrari-pilote-10x12.jpg 10w, https:\/\/www.italpassion.fr\/wp-content\/uploads\/2025\/01\/lewis-hamlton-ferrari-pilote-561x701.jpg 561w, https:\/\/www.italpassion.fr\/wp-content\/uploads\/2025\/01\/lewis-hamlton-ferrari-pilote-1122x1403.jpg 1122w, https:\/\/www.italpassion.fr\/wp-content\/uploads\/2025\/01\/lewis-hamlton-ferrari-pilote-265x331.jpg 265w, https:\/\/www.italpassion.fr\/wp-content\/uploads\/2025\/01\/lewis-hamlton-ferrari-pilote-531x664.jpg 531w, https:\/\/www.italpassion.fr\/wp-content\/uploads\/2025\/01\/lewis-hamlton-ferrari-pilote-364x455.jpg 364w, https:\/\/www.italpassion.fr\/wp-content\/uploads\/2025\/01\/lewis-hamlton-ferrari-pilote-728x910.jpg 728w, https:\/\/www.italpassion.fr\/wp-content\/uploads\/2025\/01\/lewis-hamlton-ferrari-pilote-608x760.jpg 608w, https:\/\/www.italpassion.fr\/wp-content\/uploads\/2025\/01\/lewis-hamlton-ferrari-pilote-758x948.jpg 758w, https:\/\/www.italpassion.fr\/wp-content\/uploads\/2025\/01\/lewis-hamlton-ferrari-pilote-1152x1440.jpg 1152w, https:\/\/www.italpassion.fr\/wp-content\/uploads\/2025\/01\/lewis-hamlton-ferrari-pilote.jpg 1200w\" sizes=\"auto, (max-width: 819px) 100vw, 819px\" \/><\/figure>\n\n\n\n<p>Outro desafio para Hamilton ser\u00e1 adaptar-se ao ambiente da Ferrari, enquanto constr\u00f3i uma rela\u00e7\u00e3o de trabalho efectiva com Riccardo Adami, o seu novo engenheiro de corrida. De facto, Peter Bonnington, o seu antigo engenheiro na Mercedes, ficou na sua antiga equipa para se concentrar em Andrea Kimi Antonelli. A transi\u00e7\u00e3o est\u00e1, portanto, a ter lugar num contexto de mudan\u00e7a, em que todos os pormenores contam para que Hamilton corresponda \u00e0s expectativas da Ferrari. <\/p>\n\n\n\n<h2 class=\"wp-block-heading\">Reencontrar um velho amigo?<\/h2>\n\n\n\n<p>No entanto, Lewis Hamilton conseguiu reencontrar o seu rumo.<strong> H\u00e1 rumores de que o piloto ir\u00e1 reencontrar a sua antiga fisioterapeuta, Angela Cullen.<\/strong>Angela Cullen, que trabalhou com o sete vezes campe\u00e3o do mundo durante 6 anos. Lewis criou uma empresa chamada Project 44 para gerir todas as suas actividades desportivas e Angela Cullen foi recentemente recrutada. Por conseguinte, \u00e9 muito prov\u00e1vel que ela volte a estar ao seu lado durante os fins-de-semana dos Grandes Pr\u00e9mios.<\/p>\n\n\n\n<blockquote class=\"twitter-tweet\" data-media-max-width=\"560\"><p lang=\"en\" dir=\"ltr\">Entrar numa nova era \ud83d\udc4a <br><br>Lewis Hamilton d\u00e1 a sua primeira volta num Ferrari! <a href=\"https:\/\/t.co\/LCOws2haSn\">pic.twitter.com\/LCOws2haSn<\/a><\/p>- Scuderia Ferrari HP (@ScuderiaFerrari) <a href=\"https:\/\/twitter.com\/ScuderiaFerrari\/status\/1882000950157844701?ref_src=twsrc%5Etfw\">22 de janeiro de 2025<\/a><\/blockquote> <script async src=\"https:\/\/platform.twitter.com\/widgets.js\" charset=\"utf-8\"><\/script>","protected":false},"excerpt":{"rendered":"","protected":false},"author":1,"featured_media":36137,"comment_status":"open","ping_status":"open","sticky":false,"template":"","format":"standard","meta":{"_acf_changed":false,"_sitemap_exclude":false,"_sitemap_priority":"","_sitemap_frequency":"","footnotes":""},"categories":[328,323],"tags":[397,370],"class_list":["post-36135","post","type-post","status-publish","format-standard","has-post-thumbnail","hentry","category-formule-1","category-competition","tag-lewis-hamilton","tag-scuderia-ferrari","generate-columns","tablet-grid-50","mobile-grid-100","grid-parent","grid-33"],"acf":[],"yoast_head":"<!-- This site is optimized with the Yoast SEO plugin v25.8 - https:\/\/yoast.com\/wordpress\/plugins\/seo\/ -->\n<title>Ferrari F1 : Lewis Hamilton a d\u00e9j\u00e0 demand\u00e9 des changements apr\u00e8s sa premi\u00e8re journ\u00e9e - ItalPassion<\/title>\n<meta name=\"description\" content=\"Lewis Hamilton a officiellement entam\u00e9 un nouveau chapitre de sa carri\u00e8re en Formule 1 avec Ferrari, en prenant ses marques \u00e0 la c\u00e9l\u00e8bre usine de\" \/>\n<meta name=\"robots\" content=\"index, follow, max-snippet:-1, max-image-preview:large, max-video-preview:-1\" \/>\n<link rel=\"canonical\" href=\"https:\/\/www.italpassion.fr\/pt\/concurso\/ferrari-f1-lewis-hamilton-ja-apelou-a-mudancas-apos-o-primeiro-dia\/\" \/>\n<meta property=\"og:locale\" content=\"pt_PT\" \/>\n<meta property=\"og:type\" content=\"article\" \/>\n<meta property=\"og:title\" content=\"Ferrari F1 : Lewis Hamilton a d\u00e9j\u00e0 demand\u00e9 des changements apr\u00e8s sa premi\u00e8re journ\u00e9e - ItalPassion\" \/>\n<meta property=\"og:description\" content=\"Lewis Hamilton a officiellement entam\u00e9 un nouveau chapitre de sa carri\u00e8re en Formule 1 avec Ferrari, en prenant ses marques \u00e0 la c\u00e9l\u00e8bre usine de\" \/>\n<meta property=\"og:url\" content=\"https:\/\/www.italpassion.fr\/pt\/concurso\/ferrari-f1-lewis-hamilton-ja-apelou-a-mudancas-apos-o-primeiro-dia\/\" \/>\n<meta property=\"og:site_name\" content=\"ItalPassion\" \/>\n<meta property=\"article:publisher\" content=\"https:\/\/www.facebook.com\/italpassion\" \/>\n<meta property=\"article:published_time\" content=\"2025-01-22T12:54:34+00:00\" \/>\n<meta property=\"article:modified_time\" content=\"2025-01-22T12:54:36+00:00\" \/>\n<meta property=\"og:image\" content=\"https:\/\/www.italpassion.fr\/wp-content\/uploads\/2025\/01\/lewis-hamilton-ferrari-f1-2.jpg\" \/>\n\t<meta property=\"og:image:width\" content=\"1200\" \/>\n\t<meta property=\"og:image:height\" content=\"800\" \/>\n\t<meta property=\"og:image:type\" content=\"image\/jpeg\" \/>\n<meta name=\"author\" content=\"Alexandre Filluzeau\" \/>\n<meta name=\"twitter:card\" content=\"summary_large_image\" \/>\n<meta name=\"twitter:creator\" content=\"@italpassion\" \/>\n<meta name=\"twitter:site\" content=\"@italpassion\" \/>\n<script type=\"application\/ld+json\" class=\"yoast-schema-graph\">{\"@context\":\"https:\/\/schema.org\",\"@graph\":[{\"@type\":\"NewsArticle\",\"@id\":\"https:\/\/www.italpassion.fr\/pt\/competition\/ferrari-f1-lewis-hamilton-a-deja-demande-des-changements-apres-sa-premiere-journee\/#article\",\"isPartOf\":{\"@id\":\"https:\/\/www.italpassion.fr\/pt\/competition\/ferrari-f1-lewis-hamilton-a-deja-demande-des-changements-apres-sa-premiere-journee\/\"},\"author\":{\"name\":\"Alexandre Filluzeau\",\"@id\":\"https:\/\/www.italpassion.fr\/pt\/#\/schema\/person\/36f747b2a759ca202d847e85a9434ca0\"},\"headline\":\"Ferrari F1 : Lewis Hamilton a d\u00e9j\u00e0 demand\u00e9 des changements apr\u00e8s sa premi\u00e8re journ\u00e9e\",\"datePublished\":\"2025-01-22T12:54:34+00:00\",\"dateModified\":\"2025-01-22T12:54:36+00:00\",\"mainEntityOfPage\":{\"@id\":\"https:\/\/www.italpassion.fr\/pt\/competition\/ferrari-f1-lewis-hamilton-a-deja-demande-des-changements-apres-sa-premiere-journee\/\"},\"wordCount\":554,\"commentCount\":0,\"publisher\":{\"@id\":\"https:\/\/www.italpassion.fr\/pt\/#organization\"},\"image\":{\"@id\":\"https:\/\/www.italpassion.fr\/pt\/competition\/ferrari-f1-lewis-hamilton-a-deja-demande-des-changements-apres-sa-premiere-journee\/#primaryimage\"},\"thumbnailUrl\":\"https:\/\/www.italpassion.fr\/wp-content\/uploads\/2025\/01\/lewis-hamilton-ferrari-f1-2.jpg\",\"keywords\":[\"Lewis Hamilton\",\"Scuderia Ferrari\"],\"articleSection\":[\"Formule 1\",\"Sport Auto\"],\"inLanguage\":\"pt-PT\",\"potentialAction\":[{\"@type\":\"CommentAction\",\"name\":\"Comment\",\"target\":[\"https:\/\/www.italpassion.fr\/pt\/competition\/ferrari-f1-lewis-hamilton-a-deja-demande-des-changements-apres-sa-premiere-journee\/#respond\"]}]},{\"@type\":\"WebPage\",\"@id\":\"https:\/\/www.italpassion.fr\/pt\/competition\/ferrari-f1-lewis-hamilton-a-deja-demande-des-changements-apres-sa-premiere-journee\/\",\"url\":\"https:\/\/www.italpassion.fr\/pt\/competition\/ferrari-f1-lewis-hamilton-a-deja-demande-des-changements-apres-sa-premiere-journee\/\",\"name\":\"Ferrari F1 : Lewis Hamilton a d\u00e9j\u00e0 demand\u00e9 des changements apr\u00e8s sa premi\u00e8re journ\u00e9e - ItalPassion\",\"isPartOf\":{\"@id\":\"https:\/\/www.italpassion.fr\/pt\/#website\"},\"primaryImageOfPage\":{\"@id\":\"https:\/\/www.italpassion.fr\/pt\/competition\/ferrari-f1-lewis-hamilton-a-deja-demande-des-changements-apres-sa-premiere-journee\/#primaryimage\"},\"image\":{\"@id\":\"https:\/\/www.italpassion.fr\/pt\/competition\/ferrari-f1-lewis-hamilton-a-deja-demande-des-changements-apres-sa-premiere-journee\/#primaryimage\"},\"thumbnailUrl\":\"https:\/\/www.italpassion.fr\/wp-content\/uploads\/2025\/01\/lewis-hamilton-ferrari-f1-2.jpg\",\"datePublished\":\"2025-01-22T12:54:34+00:00\",\"dateModified\":\"2025-01-22T12:54:36+00:00\",\"description\":\"Lewis Hamilton a officiellement entam\u00e9 un nouveau chapitre de sa carri\u00e8re en Formule 1 avec Ferrari, en prenant ses marques \u00e0 la c\u00e9l\u00e8bre usine de\",\"breadcrumb\":{\"@id\":\"https:\/\/www.italpassion.fr\/pt\/competition\/ferrari-f1-lewis-hamilton-a-deja-demande-des-changements-apres-sa-premiere-journee\/#breadcrumb\"},\"inLanguage\":\"pt-PT\",\"potentialAction\":[{\"@type\":\"ReadAction\",\"target\":[\"https:\/\/www.italpassion.fr\/pt\/competition\/ferrari-f1-lewis-hamilton-a-deja-demande-des-changements-apres-sa-premiere-journee\/\"]}]},{\"@type\":\"ImageObject\",\"inLanguage\":\"pt-PT\",\"@id\":\"https:\/\/www.italpassion.fr\/pt\/competition\/ferrari-f1-lewis-hamilton-a-deja-demande-des-changements-apres-sa-premiere-journee\/#primaryimage\",\"url\":\"https:\/\/www.italpassion.fr\/wp-content\/uploads\/2025\/01\/lewis-hamilton-ferrari-f1-2.jpg\",\"contentUrl\":\"https:\/\/www.italpassion.fr\/wp-content\/uploads\/2025\/01\/lewis-hamilton-ferrari-f1-2.jpg\",\"width\":1200,\"height\":800},{\"@type\":\"BreadcrumbList\",\"@id\":\"https:\/\/www.italpassion.fr\/pt\/competition\/ferrari-f1-lewis-hamilton-a-deja-demande-des-changements-apres-sa-premiere-journee\/#breadcrumb\",\"itemListElement\":[{\"@type\":\"ListItem\",\"position\":1,\"name\":\"Accueil\",\"item\":\"https:\/\/www.italpassion.fr\/pt\/\"},{\"@type\":\"ListItem\",\"position\":2,\"name\":\"Ferrari F1 : Lewis Hamilton a d\u00e9j\u00e0 demand\u00e9 des changements apr\u00e8s sa premi\u00e8re journ\u00e9e\"}]},{\"@type\":\"WebSite\",\"@id\":\"https:\/\/www.italpassion.fr\/pt\/#website\",\"url\":\"https:\/\/www.italpassion.fr\/pt\/\",\"name\":\"ItalPassion\",\"description\":\"Les Passionn\u00e9s d&#039;Automobiles Italiennes\",\"publisher\":{\"@id\":\"https:\/\/www.italpassion.fr\/pt\/#organization\"},\"potentialAction\":[{\"@type\":\"SearchAction\",\"target\":{\"@type\":\"EntryPoint\",\"urlTemplate\":\"https:\/\/www.italpassion.fr\/pt\/?s={search_term_string}\"},\"query-input\":{\"@type\":\"PropertyValueSpecification\",\"valueRequired\":true,\"valueName\":\"search_term_string\"}}],\"inLanguage\":\"pt-PT\"},{\"@type\":\"Organization\",\"@id\":\"https:\/\/www.italpassion.fr\/pt\/#organization\",\"name\":\"Italpassion\",\"url\":\"https:\/\/www.italpassion.fr\/pt\/\",\"logo\":{\"@type\":\"ImageObject\",\"inLanguage\":\"pt-PT\",\"@id\":\"https:\/\/www.italpassion.fr\/pt\/#\/schema\/logo\/image\/\",\"url\":\"https:\/\/www.italpassion.fr\/wp-content\/uploads\/2023\/07\/italpassion-yoast.jpg\",\"contentUrl\":\"https:\/\/www.italpassion.fr\/wp-content\/uploads\/2023\/07\/italpassion-yoast.jpg\",\"width\":696,\"height\":696,\"caption\":\"Italpassion\"},\"image\":{\"@id\":\"https:\/\/www.italpassion.fr\/pt\/#\/schema\/logo\/image\/\"},\"sameAs\":[\"https:\/\/www.facebook.com\/italpassion\",\"https:\/\/x.com\/italpassion\",\"https:\/\/www.instagram.com\/italpassionfr\/\",\"https:\/\/www.youtube.com\/channel\/UCleq-ByQaA42OjhopwevRjQ\",\"https:\/\/www.facebook.com\/italpassion.en\/\",\"https:\/\/www.facebook.com\/italpassion.it\/\",\"https:\/\/www.facebook.com\/italpassion.de\/\",\"https:\/\/www.facebook.com\/italpassion.ja\/\"]},{\"@type\":\"Person\",\"@id\":\"https:\/\/www.italpassion.fr\/pt\/#\/schema\/person\/36f747b2a759ca202d847e85a9434ca0\",\"name\":\"Alexandre Filluzeau\",\"image\":{\"@type\":\"ImageObject\",\"inLanguage\":\"pt-PT\",\"@id\":\"https:\/\/www.italpassion.fr\/pt\/#\/schema\/person\/image\/\",\"url\":\"https:\/\/www.italpassion.fr\/wp-content\/uploads\/2025\/04\/avatar-alexandre-160x160.jpg\",\"contentUrl\":\"https:\/\/www.italpassion.fr\/wp-content\/uploads\/2025\/04\/avatar-alexandre-160x160.jpg\",\"caption\":\"Alexandre Filluzeau\"},\"description\":\"Fondateur du site ItalPassion, passionn\u00e9 de voitures italiennes et de l'Italie en g\u00e9n\u00e9ral. J'apporte un regard critique et technique aux actualit\u00e9s des marques italiennes quand cela est possible. Propri\u00e9taire d'une Maserati GranTurismo, Alfa Romeo MiTo, Lancia Fulvia et Ducati 695. Ex-propri\u00e9taire d'une Alfa Romeo Giulia.\",\"sameAs\":[\"https:\/\/www.italpassion.fr\/\"],\"url\":\"https:\/\/www.italpassion.fr\/pt\/author\/alexandre\/\"}]}<\/script>\n<!-- \/ Yoast SEO plugin. -->","yoast_head_json":{"title":"Ferrari F1: Lewis Hamilton j\u00e1 pediu altera\u00e7\u00f5es ap\u00f3s o seu primeiro dia - ItalPassion","description":"Lewis Hamilton iniciou oficialmente um novo cap\u00edtulo na sua carreira na F\u00f3rmula 1 com a Ferrari, passando a residir no mundialmente famoso","robots":{"index":"index","follow":"follow","max-snippet":"max-snippet:-1","max-image-preview":"max-image-preview:large","max-video-preview":"max-video-preview:-1"},"canonical":"https:\/\/www.italpassion.fr\/pt\/concurso\/ferrari-f1-lewis-hamilton-ja-apelou-a-mudancas-apos-o-primeiro-dia\/","og_locale":"pt_PT","og_type":"article","og_title":"Ferrari F1 : Lewis Hamilton a d\u00e9j\u00e0 demand\u00e9 des changements apr\u00e8s sa premi\u00e8re journ\u00e9e - ItalPassion","og_description":"Lewis Hamilton a officiellement entam\u00e9 un nouveau chapitre de sa carri\u00e8re en Formule 1 avec Ferrari, en prenant ses marques \u00e0 la c\u00e9l\u00e8bre usine de","og_url":"https:\/\/www.italpassion.fr\/pt\/concurso\/ferrari-f1-lewis-hamilton-ja-apelou-a-mudancas-apos-o-primeiro-dia\/","og_site_name":"ItalPassion","article_publisher":"https:\/\/www.facebook.com\/italpassion","article_published_time":"2025-01-22T12:54:34+00:00","article_modified_time":"2025-01-22T12:54:36+00:00","og_image":[{"width":1200,"height":800,"url":"https:\/\/www.italpassion.fr\/wp-content\/uploads\/2025\/01\/lewis-hamilton-ferrari-f1-2.jpg","type":"image\/jpeg"}],"author":"Alexandre Filluzeau","twitter_card":"summary_large_image","twitter_creator":"@italpassion","twitter_site":"@italpassion","schema":{"@context":"https:\/\/schema.org","@graph":[{"@type":"NewsArticle","@id":"https:\/\/www.italpassion.fr\/pt\/competition\/ferrari-f1-lewis-hamilton-a-deja-demande-des-changements-apres-sa-premiere-journee\/#article","isPartOf":{"@id":"https:\/\/www.italpassion.fr\/pt\/competition\/ferrari-f1-lewis-hamilton-a-deja-demande-des-changements-apres-sa-premiere-journee\/"},"author":{"name":"Alexandre Filluzeau","@id":"https:\/\/www.italpassion.fr\/pt\/#\/schema\/person\/36f747b2a759ca202d847e85a9434ca0"},"headline":"Ferrari F1 : Lewis Hamilton a d\u00e9j\u00e0 demand\u00e9 des changements apr\u00e8s sa premi\u00e8re journ\u00e9e","datePublished":"2025-01-22T12:54:34+00:00","dateModified":"2025-01-22T12:54:36+00:00","mainEntityOfPage":{"@id":"https:\/\/www.italpassion.fr\/pt\/competition\/ferrari-f1-lewis-hamilton-a-deja-demande-des-changements-apres-sa-premiere-journee\/"},"wordCount":554,"commentCount":0,"publisher":{"@id":"https:\/\/www.italpassion.fr\/pt\/#organization"},"image":{"@id":"https:\/\/www.italpassion.fr\/pt\/competition\/ferrari-f1-lewis-hamilton-a-deja-demande-des-changements-apres-sa-premiere-journee\/#primaryimage"},"thumbnailUrl":"https:\/\/www.italpassion.fr\/wp-content\/uploads\/2025\/01\/lewis-hamilton-ferrari-f1-2.jpg","keywords":["Lewis Hamilton","Scuderia Ferrari"],"articleSection":["Formule 1","Sport Auto"],"inLanguage":"pt-PT","potentialAction":[{"@type":"CommentAction","name":"Comment","target":["https:\/\/www.italpassion.fr\/pt\/competition\/ferrari-f1-lewis-hamilton-a-deja-demande-des-changements-apres-sa-premiere-journee\/#respond"]}]},{"@type":"WebPage","@id":"https:\/\/www.italpassion.fr\/pt\/competition\/ferrari-f1-lewis-hamilton-a-deja-demande-des-changements-apres-sa-premiere-journee\/","url":"https:\/\/www.italpassion.fr\/pt\/competition\/ferrari-f1-lewis-hamilton-a-deja-demande-des-changements-apres-sa-premiere-journee\/","name":"Ferrari F1: Lewis Hamilton j\u00e1 pediu altera\u00e7\u00f5es ap\u00f3s o seu primeiro dia - ItalPassion","isPartOf":{"@id":"https:\/\/www.italpassion.fr\/pt\/#website"},"primaryImageOfPage":{"@id":"https:\/\/www.italpassion.fr\/pt\/competition\/ferrari-f1-lewis-hamilton-a-deja-demande-des-changements-apres-sa-premiere-journee\/#primaryimage"},"image":{"@id":"https:\/\/www.italpassion.fr\/pt\/competition\/ferrari-f1-lewis-hamilton-a-deja-demande-des-changements-apres-sa-premiere-journee\/#primaryimage"},"thumbnailUrl":"https:\/\/www.italpassion.fr\/wp-content\/uploads\/2025\/01\/lewis-hamilton-ferrari-f1-2.jpg","datePublished":"2025-01-22T12:54:34+00:00","dateModified":"2025-01-22T12:54:36+00:00","description":"Lewis Hamilton iniciou oficialmente um novo cap\u00edtulo na sua carreira na F\u00f3rmula 1 com a Ferrari, passando a residir no mundialmente famoso","breadcrumb":{"@id":"https:\/\/www.italpassion.fr\/pt\/competition\/ferrari-f1-lewis-hamilton-a-deja-demande-des-changements-apres-sa-premiere-journee\/#breadcrumb"},"inLanguage":"pt-PT","potentialAction":[{"@type":"ReadAction","target":["https:\/\/www.italpassion.fr\/pt\/competition\/ferrari-f1-lewis-hamilton-a-deja-demande-des-changements-apres-sa-premiere-journee\/"]}]},{"@type":"ImageObject","inLanguage":"pt-PT","@id":"https:\/\/www.italpassion.fr\/pt\/competition\/ferrari-f1-lewis-hamilton-a-deja-demande-des-changements-apres-sa-premiere-journee\/#primaryimage","url":"https:\/\/www.italpassion.fr\/wp-content\/uploads\/2025\/01\/lewis-hamilton-ferrari-f1-2.jpg","contentUrl":"https:\/\/www.italpassion.fr\/wp-content\/uploads\/2025\/01\/lewis-hamilton-ferrari-f1-2.jpg","width":1200,"height":800},{"@type":"BreadcrumbList","@id":"https:\/\/www.italpassion.fr\/pt\/competition\/ferrari-f1-lewis-hamilton-a-deja-demande-des-changements-apres-sa-premiere-journee\/#breadcrumb","itemListElement":[{"@type":"ListItem","position":1,"name":"Accueil","item":"https:\/\/www.italpassion.fr\/pt\/"},{"@type":"ListItem","position":2,"name":"Ferrari F1 : Lewis Hamilton a d\u00e9j\u00e0 demand\u00e9 des changements apr\u00e8s sa premi\u00e8re journ\u00e9e"}]},{"@type":"WebSite","@id":"https:\/\/www.italpassion.fr\/pt\/#website","url":"https:\/\/www.italpassion.fr\/pt\/","name":"ItalPassion","description":"Entusiastas de autom\u00f3veis italianos","publisher":{"@id":"https:\/\/www.italpassion.fr\/pt\/#organization"},"potentialAction":[{"@type":"SearchAction","target":{"@type":"EntryPoint","urlTemplate":"https:\/\/www.italpassion.fr\/pt\/?s={search_term_string}"},"query-input":{"@type":"PropertyValueSpecification","valueRequired":true,"valueName":"search_term_string"}}],"inLanguage":"pt-PT"},{"@type":"Organization","@id":"https:\/\/www.italpassion.fr\/pt\/#organization","name":"Italpassion","url":"https:\/\/www.italpassion.fr\/pt\/","logo":{"@type":"ImageObject","inLanguage":"pt-PT","@id":"https:\/\/www.italpassion.fr\/pt\/#\/schema\/logo\/image\/","url":"https:\/\/www.italpassion.fr\/wp-content\/uploads\/2023\/07\/italpassion-yoast.jpg","contentUrl":"https:\/\/www.italpassion.fr\/wp-content\/uploads\/2023\/07\/italpassion-yoast.jpg","width":696,"height":696,"caption":"Italpassion"},"image":{"@id":"https:\/\/www.italpassion.fr\/pt\/#\/schema\/logo\/image\/"},"sameAs":["https:\/\/www.facebook.com\/italpassion","https:\/\/x.com\/italpassion","https:\/\/www.instagram.com\/italpassionfr\/","https:\/\/www.youtube.com\/channel\/UCleq-ByQaA42OjhopwevRjQ","https:\/\/www.facebook.com\/italpassion.en\/","https:\/\/www.facebook.com\/italpassion.it\/","https:\/\/www.facebook.com\/italpassion.de\/","https:\/\/www.facebook.com\/italpassion.ja\/"]},{"@type":"Person","@id":"https:\/\/www.italpassion.fr\/pt\/#\/schema\/person\/36f747b2a759ca202d847e85a9434ca0","name":"Alexandre Filluzeau","image":{"@type":"ImageObject","inLanguage":"pt-PT","@id":"https:\/\/www.italpassion.fr\/pt\/#\/schema\/person\/image\/","url":"https:\/\/www.italpassion.fr\/wp-content\/uploads\/2025\/04\/avatar-alexandre-160x160.jpg","contentUrl":"https:\/\/www.italpassion.fr\/wp-content\/uploads\/2025\/04\/avatar-alexandre-160x160.jpg","caption":"Alexandre Filluzeau"},"description":"Fundador do site ItalPassion, apaixonado por carros italianos e pela It\u00e1lia em geral. Trago um olhar cr\u00edtico e t\u00e9cnico \u00e0s not\u00edcias das marcas italianas, sempre que poss\u00edvel. Propriet\u00e1ria de um Maserati GranTurismo, Alfa Romeo MiTo, Lancia Fulvia e Ducati 695. Ex-propriet\u00e1rio de uma Alfa Romeo Giulia.","sameAs":["https:\/\/www.italpassion.fr\/"],"url":"https:\/\/www.italpassion.fr\/pt\/author\/alexandre\/"}]}},"_links":{"self":[{"href":"https:\/\/www.italpassion.fr\/pt\/wp-json\/wp\/v2\/posts\/36135","targetHints":{"allow":["GET"]}}],"collection":[{"href":"https:\/\/www.italpassion.fr\/pt\/wp-json\/wp\/v2\/posts"}],"about":[{"href":"https:\/\/www.italpassion.fr\/pt\/wp-json\/wp\/v2\/types\/post"}],"author":[{"embeddable":true,"href":"https:\/\/www.italpassion.fr\/pt\/wp-json\/wp\/v2\/users\/1"}],"replies":[{"embeddable":true,"href":"https:\/\/www.italpassion.fr\/pt\/wp-json\/wp\/v2\/comments?post=36135"}],"version-history":[{"count":1,"href":"https:\/\/www.italpassion.fr\/pt\/wp-json\/wp\/v2\/posts\/36135\/revisions"}],"predecessor-version":[{"id":36140,"href":"https:\/\/www.italpassion.fr\/pt\/wp-json\/wp\/v2\/posts\/36135\/revisions\/36140"}],"wp:featuredmedia":[{"embeddable":true,"href":"https:\/\/www.italpassion.fr\/pt\/wp-json\/wp\/v2\/media\/36137"}],"wp:attachment":[{"href":"https:\/\/www.italpassion.fr\/pt\/wp-json\/wp\/v2\/media?parent=36135"}],"wp:term":[{"taxonomy":"category","embeddable":true,"href":"https:\/\/www.italpassion.fr\/pt\/wp-json\/wp\/v2\/categories?post=36135"},{"taxonomy":"post_tag","embeddable":true,"href":"https:\/\/www.italpassion.fr\/pt\/wp-json\/wp\/v2\/tags?post=36135"}],"curies":[{"name":"wp","href":"https:\/\/api.w.org\/{rel}","templated":true}]}}