{"id":36087,"date":"2025-01-20T11:20:10","date_gmt":"2025-01-20T10:20:10","guid":{"rendered":"https:\/\/www.italpassion.fr\/?p=36087"},"modified":"2025-01-20T11:20:12","modified_gmt":"2025-01-20T10:20:12","slug":"tesla-made-in-italia-o-sindicato-italiano-que-pediu-a-meloni-para-falar-com-musk","status":"publish","type":"post","link":"https:\/\/www.italpassion.fr\/pt\/voiture-electrique\/des-tesla-fabriquees-en-italie-ce-syndicat-italien-qui-demande-a-meloni-den-discuter-avec-musk\/","title":{"rendered":"Carros Tesla fabricados em It\u00e1lia: o sindicato italiano pede a Meloni que discuta o assunto com Musk"},"content":{"rendered":"<figure class=\"wp-block-image size-large\"><img loading=\"lazy\" decoding=\"async\" width=\"1024\" height=\"683\" src=\"https:\/\/www.italpassion.fr\/wp-content\/uploads\/2025\/01\/tesla-italie-1024x683.jpg\" alt=\"\" class=\"wp-image-36088\" srcset=\"https:\/\/www.italpassion.fr\/wp-content\/uploads\/2025\/01\/tesla-italie-1024x683.jpg 1024w, https:\/\/www.italpassion.fr\/wp-content\/uploads\/2025\/01\/tesla-italie-300x200.jpg 300w, https:\/\/www.italpassion.fr\/wp-content\/uploads\/2025\/01\/tesla-italie-768x512.jpg 768w, https:\/\/www.italpassion.fr\/wp-content\/uploads\/2025\/01\/tesla-italie-18x12.jpg 18w, https:\/\/www.italpassion.fr\/wp-content\/uploads\/2025\/01\/tesla-italie-561x374.jpg 561w, https:\/\/www.italpassion.fr\/wp-content\/uploads\/2025\/01\/tesla-italie-1122x748.jpg 1122w, https:\/\/www.italpassion.fr\/wp-content\/uploads\/2025\/01\/tesla-italie-265x177.jpg 265w, https:\/\/www.italpassion.fr\/wp-content\/uploads\/2025\/01\/tesla-italie-531x354.jpg 531w, https:\/\/www.italpassion.fr\/wp-content\/uploads\/2025\/01\/tesla-italie-364x243.jpg 364w, https:\/\/www.italpassion.fr\/wp-content\/uploads\/2025\/01\/tesla-italie-728x485.jpg 728w, https:\/\/www.italpassion.fr\/wp-content\/uploads\/2025\/01\/tesla-italie-608x405.jpg 608w, https:\/\/www.italpassion.fr\/wp-content\/uploads\/2025\/01\/tesla-italie-758x505.jpg 758w, https:\/\/www.italpassion.fr\/wp-content\/uploads\/2025\/01\/tesla-italie-1152x768.jpg 1152w, https:\/\/www.italpassion.fr\/wp-content\/uploads\/2025\/01\/tesla-italie.jpg 1200w\" sizes=\"auto, (max-width: 1024px) 100vw, 1024px\" \/><\/figure>\n\n\n\n<p>A ind\u00fastria autom\u00f3vel italiana est\u00e1 em crise. Em 2024, a produ\u00e7\u00e3o de autom\u00f3veis no pa\u00eds caiu para menos de 500 000 unidades, uma situa\u00e7\u00e3o preocupante para os sindicatos e as autarquias locais, que lamentam a excessiva depend\u00eancia da It\u00e1lia em rela\u00e7\u00e3o ao sector autom\u00f3vel. <a href=\"https:\/\/www.italpassion.fr\/pt\/stellantis\/\">Stellantis<\/a>. Este gigante autom\u00f3vel, que domina o sector, n\u00e3o consegue dar uma resposta suficiente \u00e0s necessidades dos trabalhadores e das regi\u00f5es, nomeadamente do Piemonte. <strong>Giorgio Airaudo, secret\u00e1rio da CGIL Piemonte, est\u00e1 farto e lan\u00e7ou um apelo ousado \u00e0 primeira-ministra italiana, Giorgia Meloni, pedindo-lhe que fale diretamente com Elon Musk para que a Tesla invista em It\u00e1lia.<\/strong><\/p>\n\n\n\n<p>A situa\u00e7\u00e3o \u00e9 tanto mais preocupante quanto as promessas do Stellantis, como o famoso \"cluster de luxo\" de Mirafiori, parecem n\u00e3o ter dado em nada. Airaudo critica duramente as autoridades locais, acusando-as de terem sido \"enganadas\" pelo Stellantis que, na sua opini\u00e3o, n\u00e3o cumpre os seus compromissos em mat\u00e9ria de investimentos industriais em It\u00e1lia. <a href=\"https:\/\/www.italpassion.fr\/pt\/maserati\/os-numeros-catastroficos-da-producao-da-maserati-em-2024\/\">Produ\u00e7\u00e3o Maserati<\/a>A capacidade de produ\u00e7\u00e3o da Stellantis, por exemplo, est\u00e1 muito aqu\u00e9m das suas ambi\u00e7\u00f5es declaradas, com apenas tr\u00eas autom\u00f3veis produzidos por dia em alguns meses. Perante esta situa\u00e7\u00e3o, o sindicato apela a uma mudan\u00e7a radical, sugerindo que a cidade de Turim e a regi\u00e3o do Piemonte reavaliem a sua parceria com a Stellantis e utilizem as suas alavancas pol\u00edticas para atrair outros investidores.<\/p>\n\n\n\n<p><strong>Uma possibilidade concreta poder\u00e1 ser a chegada da Tesla<\/strong>A empresa de constru\u00e7\u00e3o civil da Alemanha, cuja procura de um novo local de produ\u00e7\u00e3o na Europa \u00e9 bem conhecida. No in\u00edcio de 2024, Adolfo Urso, Ministro da Economia, anunciou que estavam em curso conversa\u00e7\u00f5es com v\u00e1rios fabricantes, incluindo empresas localizadas no Leste e no Oeste do mundo. De acordo com Airaudo, esta seria uma oportunidade de ouro para a regi\u00e3o do Piemonte tirar partido da sua posi\u00e7\u00e3o estrat\u00e9gica na Europa e atrair a Tesla para Turim.<\/p>\n\n\n\n<p><strong>O momento parece ainda mais prop\u00edcio para que Giorgia Meloni, que foi convidada para a tomada de posse do Presidente Donald Trump em 20 de janeiro de 2025<\/strong>poder\u00e1 ter a oportunidade de falar com Musk. Este \u00faltimo, que est\u00e1 constantemente a expandir o seu imp\u00e9rio industrial na Europa, poderia ver a It\u00e1lia como um destino ideal para a sua segunda gigaf\u00e1brica europeia, um projeto que daria esperan\u00e7a a toda uma regi\u00e3o em busca de novos empregos e investimentos.<\/p>","protected":false},"excerpt":{"rendered":"","protected":false},"author":1,"featured_media":36088,"comment_status":"open","ping_status":"open","sticky":false,"template":"","format":"standard","meta":{"_acf_changed":false,"_sitemap_exclude":false,"_sitemap_priority":"","_sitemap_frequency":"","footnotes":""},"categories":[371],"tags":[],"class_list":["post-36087","post","type-post","status-publish","format-standard","has-post-thumbnail","hentry","category-voiture-electrique","generate-columns","tablet-grid-50","mobile-grid-100","grid-parent","grid-33"],"acf":[],"yoast_head":"<!-- This site is optimized with the Yoast SEO plugin v25.8 - https:\/\/yoast.com\/wordpress\/plugins\/seo\/ -->\n<title>Des Tesla fabriqu\u00e9es en Italie : ce syndicat italien qui demande \u00e0 Meloni d&#039;en discuter avec Musk - ItalPassion<\/title>\n<meta name=\"description\" content=\"L\u2019industrie automobile italienne est en crise. En 2024, la production de voitures dans le pays a chut\u00e9 sous les 500 000 unit\u00e9s, une situation pr\u00e9occupante\" \/>\n<meta name=\"robots\" content=\"index, follow, max-snippet:-1, max-image-preview:large, max-video-preview:-1\" \/>\n<link rel=\"canonical\" href=\"https:\/\/www.italpassion.fr\/pt\/carro-eletrico\/tesla-made-in-italia-o-sindicato-italiano-que-pediu-a-meloni-para-falar-com-musk\/\" \/>\n<meta property=\"og:locale\" content=\"pt_PT\" \/>\n<meta property=\"og:type\" content=\"article\" \/>\n<meta property=\"og:title\" content=\"Des Tesla fabriqu\u00e9es en Italie : ce syndicat italien qui demande \u00e0 Meloni d&#039;en discuter avec Musk - ItalPassion\" \/>\n<meta property=\"og:description\" content=\"L\u2019industrie automobile italienne est en crise. En 2024, la production de voitures dans le pays a chut\u00e9 sous les 500 000 unit\u00e9s, une situation pr\u00e9occupante\" \/>\n<meta property=\"og:url\" content=\"https:\/\/www.italpassion.fr\/pt\/carro-eletrico\/tesla-made-in-italia-o-sindicato-italiano-que-pediu-a-meloni-para-falar-com-musk\/\" \/>\n<meta property=\"og:site_name\" content=\"ItalPassion\" \/>\n<meta property=\"article:publisher\" content=\"https:\/\/www.facebook.com\/italpassion\" \/>\n<meta property=\"article:published_time\" content=\"2025-01-20T10:20:10+00:00\" \/>\n<meta property=\"article:modified_time\" content=\"2025-01-20T10:20:12+00:00\" \/>\n<meta property=\"og:image\" content=\"https:\/\/www.italpassion.fr\/wp-content\/uploads\/2025\/01\/tesla-italie.jpg\" \/>\n\t<meta property=\"og:image:width\" content=\"1200\" \/>\n\t<meta property=\"og:image:height\" content=\"800\" \/>\n\t<meta property=\"og:image:type\" content=\"image\/jpeg\" \/>\n<meta name=\"author\" content=\"Alexandre Filluzeau\" \/>\n<meta name=\"twitter:card\" content=\"summary_large_image\" \/>\n<meta name=\"twitter:creator\" content=\"@italpassion\" \/>\n<meta name=\"twitter:site\" content=\"@italpassion\" \/>\n<script type=\"application\/ld+json\" class=\"yoast-schema-graph\">{\"@context\":\"https:\/\/schema.org\",\"@graph\":[{\"@type\":\"NewsArticle\",\"@id\":\"https:\/\/www.italpassion.fr\/pt\/voiture-electrique\/des-tesla-fabriquees-en-italie-ce-syndicat-italien-qui-demande-a-meloni-den-discuter-avec-musk\/#article\",\"isPartOf\":{\"@id\":\"https:\/\/www.italpassion.fr\/pt\/voiture-electrique\/des-tesla-fabriquees-en-italie-ce-syndicat-italien-qui-demande-a-meloni-den-discuter-avec-musk\/\"},\"author\":{\"name\":\"Alexandre Filluzeau\",\"@id\":\"https:\/\/www.italpassion.fr\/pt\/#\/schema\/person\/36f747b2a759ca202d847e85a9434ca0\"},\"headline\":\"Des Tesla fabriqu\u00e9es en Italie : ce syndicat italien qui demande \u00e0 Meloni d&rsquo;en discuter avec Musk\",\"datePublished\":\"2025-01-20T10:20:10+00:00\",\"dateModified\":\"2025-01-20T10:20:12+00:00\",\"mainEntityOfPage\":{\"@id\":\"https:\/\/www.italpassion.fr\/pt\/voiture-electrique\/des-tesla-fabriquees-en-italie-ce-syndicat-italien-qui-demande-a-meloni-den-discuter-avec-musk\/\"},\"wordCount\":426,\"commentCount\":3,\"publisher\":{\"@id\":\"https:\/\/www.italpassion.fr\/pt\/#organization\"},\"image\":{\"@id\":\"https:\/\/www.italpassion.fr\/pt\/voiture-electrique\/des-tesla-fabriquees-en-italie-ce-syndicat-italien-qui-demande-a-meloni-den-discuter-avec-musk\/#primaryimage\"},\"thumbnailUrl\":\"https:\/\/www.italpassion.fr\/wp-content\/uploads\/2025\/01\/tesla-italie.jpg\",\"articleSection\":[\"Voiture \u00e9lectrique\"],\"inLanguage\":\"pt-PT\",\"potentialAction\":[{\"@type\":\"CommentAction\",\"name\":\"Comment\",\"target\":[\"https:\/\/www.italpassion.fr\/pt\/voiture-electrique\/des-tesla-fabriquees-en-italie-ce-syndicat-italien-qui-demande-a-meloni-den-discuter-avec-musk\/#respond\"]}]},{\"@type\":\"WebPage\",\"@id\":\"https:\/\/www.italpassion.fr\/pt\/voiture-electrique\/des-tesla-fabriquees-en-italie-ce-syndicat-italien-qui-demande-a-meloni-den-discuter-avec-musk\/\",\"url\":\"https:\/\/www.italpassion.fr\/pt\/voiture-electrique\/des-tesla-fabriquees-en-italie-ce-syndicat-italien-qui-demande-a-meloni-den-discuter-avec-musk\/\",\"name\":\"Des Tesla fabriqu\u00e9es en Italie : ce syndicat italien qui demande \u00e0 Meloni d'en discuter avec Musk - ItalPassion\",\"isPartOf\":{\"@id\":\"https:\/\/www.italpassion.fr\/pt\/#website\"},\"primaryImageOfPage\":{\"@id\":\"https:\/\/www.italpassion.fr\/pt\/voiture-electrique\/des-tesla-fabriquees-en-italie-ce-syndicat-italien-qui-demande-a-meloni-den-discuter-avec-musk\/#primaryimage\"},\"image\":{\"@id\":\"https:\/\/www.italpassion.fr\/pt\/voiture-electrique\/des-tesla-fabriquees-en-italie-ce-syndicat-italien-qui-demande-a-meloni-den-discuter-avec-musk\/#primaryimage\"},\"thumbnailUrl\":\"https:\/\/www.italpassion.fr\/wp-content\/uploads\/2025\/01\/tesla-italie.jpg\",\"datePublished\":\"2025-01-20T10:20:10+00:00\",\"dateModified\":\"2025-01-20T10:20:12+00:00\",\"description\":\"L\u2019industrie automobile italienne est en crise. En 2024, la production de voitures dans le pays a chut\u00e9 sous les 500 000 unit\u00e9s, une situation pr\u00e9occupante\",\"breadcrumb\":{\"@id\":\"https:\/\/www.italpassion.fr\/pt\/voiture-electrique\/des-tesla-fabriquees-en-italie-ce-syndicat-italien-qui-demande-a-meloni-den-discuter-avec-musk\/#breadcrumb\"},\"inLanguage\":\"pt-PT\",\"potentialAction\":[{\"@type\":\"ReadAction\",\"target\":[\"https:\/\/www.italpassion.fr\/pt\/voiture-electrique\/des-tesla-fabriquees-en-italie-ce-syndicat-italien-qui-demande-a-meloni-den-discuter-avec-musk\/\"]}]},{\"@type\":\"ImageObject\",\"inLanguage\":\"pt-PT\",\"@id\":\"https:\/\/www.italpassion.fr\/pt\/voiture-electrique\/des-tesla-fabriquees-en-italie-ce-syndicat-italien-qui-demande-a-meloni-den-discuter-avec-musk\/#primaryimage\",\"url\":\"https:\/\/www.italpassion.fr\/wp-content\/uploads\/2025\/01\/tesla-italie.jpg\",\"contentUrl\":\"https:\/\/www.italpassion.fr\/wp-content\/uploads\/2025\/01\/tesla-italie.jpg\",\"width\":1200,\"height\":800},{\"@type\":\"BreadcrumbList\",\"@id\":\"https:\/\/www.italpassion.fr\/pt\/voiture-electrique\/des-tesla-fabriquees-en-italie-ce-syndicat-italien-qui-demande-a-meloni-den-discuter-avec-musk\/#breadcrumb\",\"itemListElement\":[{\"@type\":\"ListItem\",\"position\":1,\"name\":\"Accueil\",\"item\":\"https:\/\/www.italpassion.fr\/pt\/\"},{\"@type\":\"ListItem\",\"position\":2,\"name\":\"Des Tesla fabriqu\u00e9es en Italie : ce syndicat italien qui demande \u00e0 Meloni d&rsquo;en discuter avec Musk\"}]},{\"@type\":\"WebSite\",\"@id\":\"https:\/\/www.italpassion.fr\/pt\/#website\",\"url\":\"https:\/\/www.italpassion.fr\/pt\/\",\"name\":\"ItalPassion\",\"description\":\"Les Passionn\u00e9s d&#039;Automobiles Italiennes\",\"publisher\":{\"@id\":\"https:\/\/www.italpassion.fr\/pt\/#organization\"},\"potentialAction\":[{\"@type\":\"SearchAction\",\"target\":{\"@type\":\"EntryPoint\",\"urlTemplate\":\"https:\/\/www.italpassion.fr\/pt\/?s={search_term_string}\"},\"query-input\":{\"@type\":\"PropertyValueSpecification\",\"valueRequired\":true,\"valueName\":\"search_term_string\"}}],\"inLanguage\":\"pt-PT\"},{\"@type\":\"Organization\",\"@id\":\"https:\/\/www.italpassion.fr\/pt\/#organization\",\"name\":\"Italpassion\",\"url\":\"https:\/\/www.italpassion.fr\/pt\/\",\"logo\":{\"@type\":\"ImageObject\",\"inLanguage\":\"pt-PT\",\"@id\":\"https:\/\/www.italpassion.fr\/pt\/#\/schema\/logo\/image\/\",\"url\":\"https:\/\/www.italpassion.fr\/wp-content\/uploads\/2023\/07\/italpassion-yoast.jpg\",\"contentUrl\":\"https:\/\/www.italpassion.fr\/wp-content\/uploads\/2023\/07\/italpassion-yoast.jpg\",\"width\":696,\"height\":696,\"caption\":\"Italpassion\"},\"image\":{\"@id\":\"https:\/\/www.italpassion.fr\/pt\/#\/schema\/logo\/image\/\"},\"sameAs\":[\"https:\/\/www.facebook.com\/italpassion\",\"https:\/\/x.com\/italpassion\",\"https:\/\/www.instagram.com\/italpassionfr\/\",\"https:\/\/www.youtube.com\/channel\/UCleq-ByQaA42OjhopwevRjQ\",\"https:\/\/www.facebook.com\/italpassion.en\/\",\"https:\/\/www.facebook.com\/italpassion.it\/\",\"https:\/\/www.facebook.com\/italpassion.de\/\",\"https:\/\/www.facebook.com\/italpassion.ja\/\"]},{\"@type\":\"Person\",\"@id\":\"https:\/\/www.italpassion.fr\/pt\/#\/schema\/person\/36f747b2a759ca202d847e85a9434ca0\",\"name\":\"Alexandre Filluzeau\",\"image\":{\"@type\":\"ImageObject\",\"inLanguage\":\"pt-PT\",\"@id\":\"https:\/\/www.italpassion.fr\/pt\/#\/schema\/person\/image\/\",\"url\":\"https:\/\/www.italpassion.fr\/wp-content\/uploads\/2025\/04\/avatar-alexandre-160x160.jpg\",\"contentUrl\":\"https:\/\/www.italpassion.fr\/wp-content\/uploads\/2025\/04\/avatar-alexandre-160x160.jpg\",\"caption\":\"Alexandre Filluzeau\"},\"description\":\"Fondateur du site ItalPassion, passionn\u00e9 de voitures italiennes et de l'Italie en g\u00e9n\u00e9ral. J'apporte un regard critique et technique aux actualit\u00e9s des marques italiennes quand cela est possible. Propri\u00e9taire d'une Maserati GranTurismo, Alfa Romeo MiTo, Lancia Fulvia et Ducati 695. Ex-propri\u00e9taire d'une Alfa Romeo Giulia.\",\"sameAs\":[\"https:\/\/www.italpassion.fr\/\"],\"url\":\"https:\/\/www.italpassion.fr\/pt\/author\/alexandre\/\"}]}<\/script>\n<!-- \/ Yoast SEO plugin. -->","yoast_head_json":{"title":"Tesla made in Italy: sindicato italiano pede a Meloni para discutir o assunto com Musk - ItalPassion","description":"A ind\u00fastria autom\u00f3vel italiana est\u00e1 em crise. Em 2024, a produ\u00e7\u00e3o autom\u00f3vel no pa\u00eds caiu para menos de 500 000 unidades, uma situa\u00e7\u00e3o preocupante.","robots":{"index":"index","follow":"follow","max-snippet":"max-snippet:-1","max-image-preview":"max-image-preview:large","max-video-preview":"max-video-preview:-1"},"canonical":"https:\/\/www.italpassion.fr\/pt\/carro-eletrico\/tesla-made-in-italia-o-sindicato-italiano-que-pediu-a-meloni-para-falar-com-musk\/","og_locale":"pt_PT","og_type":"article","og_title":"Des Tesla fabriqu\u00e9es en Italie : ce syndicat italien qui demande \u00e0 Meloni d'en discuter avec Musk - ItalPassion","og_description":"L\u2019industrie automobile italienne est en crise. En 2024, la production de voitures dans le pays a chut\u00e9 sous les 500 000 unit\u00e9s, une situation pr\u00e9occupante","og_url":"https:\/\/www.italpassion.fr\/pt\/carro-eletrico\/tesla-made-in-italia-o-sindicato-italiano-que-pediu-a-meloni-para-falar-com-musk\/","og_site_name":"ItalPassion","article_publisher":"https:\/\/www.facebook.com\/italpassion","article_published_time":"2025-01-20T10:20:10+00:00","article_modified_time":"2025-01-20T10:20:12+00:00","og_image":[{"width":1200,"height":800,"url":"https:\/\/www.italpassion.fr\/wp-content\/uploads\/2025\/01\/tesla-italie.jpg","type":"image\/jpeg"}],"author":"Alexandre Filluzeau","twitter_card":"summary_large_image","twitter_creator":"@italpassion","twitter_site":"@italpassion","schema":{"@context":"https:\/\/schema.org","@graph":[{"@type":"NewsArticle","@id":"https:\/\/www.italpassion.fr\/pt\/voiture-electrique\/des-tesla-fabriquees-en-italie-ce-syndicat-italien-qui-demande-a-meloni-den-discuter-avec-musk\/#article","isPartOf":{"@id":"https:\/\/www.italpassion.fr\/pt\/voiture-electrique\/des-tesla-fabriquees-en-italie-ce-syndicat-italien-qui-demande-a-meloni-den-discuter-avec-musk\/"},"author":{"name":"Alexandre Filluzeau","@id":"https:\/\/www.italpassion.fr\/pt\/#\/schema\/person\/36f747b2a759ca202d847e85a9434ca0"},"headline":"Des Tesla fabriqu\u00e9es en Italie : ce syndicat italien qui demande \u00e0 Meloni d&rsquo;en discuter avec Musk","datePublished":"2025-01-20T10:20:10+00:00","dateModified":"2025-01-20T10:20:12+00:00","mainEntityOfPage":{"@id":"https:\/\/www.italpassion.fr\/pt\/voiture-electrique\/des-tesla-fabriquees-en-italie-ce-syndicat-italien-qui-demande-a-meloni-den-discuter-avec-musk\/"},"wordCount":426,"commentCount":3,"publisher":{"@id":"https:\/\/www.italpassion.fr\/pt\/#organization"},"image":{"@id":"https:\/\/www.italpassion.fr\/pt\/voiture-electrique\/des-tesla-fabriquees-en-italie-ce-syndicat-italien-qui-demande-a-meloni-den-discuter-avec-musk\/#primaryimage"},"thumbnailUrl":"https:\/\/www.italpassion.fr\/wp-content\/uploads\/2025\/01\/tesla-italie.jpg","articleSection":["Voiture \u00e9lectrique"],"inLanguage":"pt-PT","potentialAction":[{"@type":"CommentAction","name":"Comment","target":["https:\/\/www.italpassion.fr\/pt\/voiture-electrique\/des-tesla-fabriquees-en-italie-ce-syndicat-italien-qui-demande-a-meloni-den-discuter-avec-musk\/#respond"]}]},{"@type":"WebPage","@id":"https:\/\/www.italpassion.fr\/pt\/voiture-electrique\/des-tesla-fabriquees-en-italie-ce-syndicat-italien-qui-demande-a-meloni-den-discuter-avec-musk\/","url":"https:\/\/www.italpassion.fr\/pt\/voiture-electrique\/des-tesla-fabriquees-en-italie-ce-syndicat-italien-qui-demande-a-meloni-den-discuter-avec-musk\/","name":"Tesla made in Italy: sindicato italiano pede a Meloni para discutir o assunto com Musk - ItalPassion","isPartOf":{"@id":"https:\/\/www.italpassion.fr\/pt\/#website"},"primaryImageOfPage":{"@id":"https:\/\/www.italpassion.fr\/pt\/voiture-electrique\/des-tesla-fabriquees-en-italie-ce-syndicat-italien-qui-demande-a-meloni-den-discuter-avec-musk\/#primaryimage"},"image":{"@id":"https:\/\/www.italpassion.fr\/pt\/voiture-electrique\/des-tesla-fabriquees-en-italie-ce-syndicat-italien-qui-demande-a-meloni-den-discuter-avec-musk\/#primaryimage"},"thumbnailUrl":"https:\/\/www.italpassion.fr\/wp-content\/uploads\/2025\/01\/tesla-italie.jpg","datePublished":"2025-01-20T10:20:10+00:00","dateModified":"2025-01-20T10:20:12+00:00","description":"A ind\u00fastria autom\u00f3vel italiana est\u00e1 em crise. Em 2024, a produ\u00e7\u00e3o autom\u00f3vel no pa\u00eds caiu para menos de 500 000 unidades, uma situa\u00e7\u00e3o preocupante.","breadcrumb":{"@id":"https:\/\/www.italpassion.fr\/pt\/voiture-electrique\/des-tesla-fabriquees-en-italie-ce-syndicat-italien-qui-demande-a-meloni-den-discuter-avec-musk\/#breadcrumb"},"inLanguage":"pt-PT","potentialAction":[{"@type":"ReadAction","target":["https:\/\/www.italpassion.fr\/pt\/voiture-electrique\/des-tesla-fabriquees-en-italie-ce-syndicat-italien-qui-demande-a-meloni-den-discuter-avec-musk\/"]}]},{"@type":"ImageObject","inLanguage":"pt-PT","@id":"https:\/\/www.italpassion.fr\/pt\/voiture-electrique\/des-tesla-fabriquees-en-italie-ce-syndicat-italien-qui-demande-a-meloni-den-discuter-avec-musk\/#primaryimage","url":"https:\/\/www.italpassion.fr\/wp-content\/uploads\/2025\/01\/tesla-italie.jpg","contentUrl":"https:\/\/www.italpassion.fr\/wp-content\/uploads\/2025\/01\/tesla-italie.jpg","width":1200,"height":800},{"@type":"BreadcrumbList","@id":"https:\/\/www.italpassion.fr\/pt\/voiture-electrique\/des-tesla-fabriquees-en-italie-ce-syndicat-italien-qui-demande-a-meloni-den-discuter-avec-musk\/#breadcrumb","itemListElement":[{"@type":"ListItem","position":1,"name":"Accueil","item":"https:\/\/www.italpassion.fr\/pt\/"},{"@type":"ListItem","position":2,"name":"Des Tesla fabriqu\u00e9es en Italie : ce syndicat italien qui demande \u00e0 Meloni d&rsquo;en discuter avec Musk"}]},{"@type":"WebSite","@id":"https:\/\/www.italpassion.fr\/pt\/#website","url":"https:\/\/www.italpassion.fr\/pt\/","name":"ItalPassion","description":"Entusiastas de autom\u00f3veis italianos","publisher":{"@id":"https:\/\/www.italpassion.fr\/pt\/#organization"},"potentialAction":[{"@type":"SearchAction","target":{"@type":"EntryPoint","urlTemplate":"https:\/\/www.italpassion.fr\/pt\/?s={search_term_string}"},"query-input":{"@type":"PropertyValueSpecification","valueRequired":true,"valueName":"search_term_string"}}],"inLanguage":"pt-PT"},{"@type":"Organization","@id":"https:\/\/www.italpassion.fr\/pt\/#organization","name":"Italpassion","url":"https:\/\/www.italpassion.fr\/pt\/","logo":{"@type":"ImageObject","inLanguage":"pt-PT","@id":"https:\/\/www.italpassion.fr\/pt\/#\/schema\/logo\/image\/","url":"https:\/\/www.italpassion.fr\/wp-content\/uploads\/2023\/07\/italpassion-yoast.jpg","contentUrl":"https:\/\/www.italpassion.fr\/wp-content\/uploads\/2023\/07\/italpassion-yoast.jpg","width":696,"height":696,"caption":"Italpassion"},"image":{"@id":"https:\/\/www.italpassion.fr\/pt\/#\/schema\/logo\/image\/"},"sameAs":["https:\/\/www.facebook.com\/italpassion","https:\/\/x.com\/italpassion","https:\/\/www.instagram.com\/italpassionfr\/","https:\/\/www.youtube.com\/channel\/UCleq-ByQaA42OjhopwevRjQ","https:\/\/www.facebook.com\/italpassion.en\/","https:\/\/www.facebook.com\/italpassion.it\/","https:\/\/www.facebook.com\/italpassion.de\/","https:\/\/www.facebook.com\/italpassion.ja\/"]},{"@type":"Person","@id":"https:\/\/www.italpassion.fr\/pt\/#\/schema\/person\/36f747b2a759ca202d847e85a9434ca0","name":"Alexandre Filluzeau","image":{"@type":"ImageObject","inLanguage":"pt-PT","@id":"https:\/\/www.italpassion.fr\/pt\/#\/schema\/person\/image\/","url":"https:\/\/www.italpassion.fr\/wp-content\/uploads\/2025\/04\/avatar-alexandre-160x160.jpg","contentUrl":"https:\/\/www.italpassion.fr\/wp-content\/uploads\/2025\/04\/avatar-alexandre-160x160.jpg","caption":"Alexandre Filluzeau"},"description":"Fundador do site ItalPassion, apaixonado por carros italianos e pela It\u00e1lia em geral. Trago um olhar cr\u00edtico e t\u00e9cnico \u00e0s not\u00edcias das marcas italianas, sempre que poss\u00edvel. Propriet\u00e1ria de um Maserati GranTurismo, Alfa Romeo MiTo, Lancia Fulvia e Ducati 695. Ex-propriet\u00e1rio de uma Alfa Romeo Giulia.","sameAs":["https:\/\/www.italpassion.fr\/"],"url":"https:\/\/www.italpassion.fr\/pt\/author\/alexandre\/"}]}},"_links":{"self":[{"href":"https:\/\/www.italpassion.fr\/pt\/wp-json\/wp\/v2\/posts\/36087","targetHints":{"allow":["GET"]}}],"collection":[{"href":"https:\/\/www.italpassion.fr\/pt\/wp-json\/wp\/v2\/posts"}],"about":[{"href":"https:\/\/www.italpassion.fr\/pt\/wp-json\/wp\/v2\/types\/post"}],"author":[{"embeddable":true,"href":"https:\/\/www.italpassion.fr\/pt\/wp-json\/wp\/v2\/users\/1"}],"replies":[{"embeddable":true,"href":"https:\/\/www.italpassion.fr\/pt\/wp-json\/wp\/v2\/comments?post=36087"}],"version-history":[{"count":1,"href":"https:\/\/www.italpassion.fr\/pt\/wp-json\/wp\/v2\/posts\/36087\/revisions"}],"predecessor-version":[{"id":36089,"href":"https:\/\/www.italpassion.fr\/pt\/wp-json\/wp\/v2\/posts\/36087\/revisions\/36089"}],"wp:featuredmedia":[{"embeddable":true,"href":"https:\/\/www.italpassion.fr\/pt\/wp-json\/wp\/v2\/media\/36088"}],"wp:attachment":[{"href":"https:\/\/www.italpassion.fr\/pt\/wp-json\/wp\/v2\/media?parent=36087"}],"wp:term":[{"taxonomy":"category","embeddable":true,"href":"https:\/\/www.italpassion.fr\/pt\/wp-json\/wp\/v2\/categories?post=36087"},{"taxonomy":"post_tag","embeddable":true,"href":"https:\/\/www.italpassion.fr\/pt\/wp-json\/wp\/v2\/tags?post=36087"}],"curies":[{"name":"wp","href":"https:\/\/api.w.org\/{rel}","templated":true}]}}