{"id":35864,"date":"2025-01-06T12:35:25","date_gmt":"2025-01-06T11:35:25","guid":{"rendered":"https:\/\/www.italpassion.fr\/?p=35864"},"modified":"2025-01-06T12:35:26","modified_gmt":"2025-01-06T11:35:26","slug":"producao-automovel-italiana-da-alfa-romeo-reduzida-para-metade-ate-2024","status":"publish","type":"post","link":"https:\/\/www.italpassion.fr\/pt\/alfa-romeo\/alfa-romeo-la-production-de-voitures-italiennes-a-ete-divisee-par-deux-en-2024\/","title":{"rendered":"Alfa Romeo: Produ\u00e7\u00e3o autom\u00f3vel italiana reduzida para metade at\u00e9 2024"},"content":{"rendered":"<figure class=\"wp-block-image size-large\"><img loading=\"lazy\" decoding=\"async\" width=\"1024\" height=\"683\" src=\"https:\/\/www.italpassion.fr\/wp-content\/uploads\/2025\/01\/alfa-romeo-log-1024x683.jpg\" alt=\"\" class=\"wp-image-35865\" srcset=\"https:\/\/www.italpassion.fr\/wp-content\/uploads\/2025\/01\/alfa-romeo-log-1024x683.jpg 1024w, https:\/\/www.italpassion.fr\/wp-content\/uploads\/2025\/01\/alfa-romeo-log-300x200.jpg 300w, https:\/\/www.italpassion.fr\/wp-content\/uploads\/2025\/01\/alfa-romeo-log-768x512.jpg 768w, https:\/\/www.italpassion.fr\/wp-content\/uploads\/2025\/01\/alfa-romeo-log-18x12.jpg 18w, https:\/\/www.italpassion.fr\/wp-content\/uploads\/2025\/01\/alfa-romeo-log-561x374.jpg 561w, https:\/\/www.italpassion.fr\/wp-content\/uploads\/2025\/01\/alfa-romeo-log-1122x748.jpg 1122w, https:\/\/www.italpassion.fr\/wp-content\/uploads\/2025\/01\/alfa-romeo-log-265x177.jpg 265w, https:\/\/www.italpassion.fr\/wp-content\/uploads\/2025\/01\/alfa-romeo-log-531x354.jpg 531w, https:\/\/www.italpassion.fr\/wp-content\/uploads\/2025\/01\/alfa-romeo-log-364x243.jpg 364w, https:\/\/www.italpassion.fr\/wp-content\/uploads\/2025\/01\/alfa-romeo-log-728x485.jpg 728w, https:\/\/www.italpassion.fr\/wp-content\/uploads\/2025\/01\/alfa-romeo-log-608x405.jpg 608w, https:\/\/www.italpassion.fr\/wp-content\/uploads\/2025\/01\/alfa-romeo-log-758x505.jpg 758w, https:\/\/www.italpassion.fr\/wp-content\/uploads\/2025\/01\/alfa-romeo-log-1152x768.jpg 1152w, https:\/\/www.italpassion.fr\/wp-content\/uploads\/2025\/01\/alfa-romeo-log.jpg 1200w\" sizes=\"auto, (max-width: 1024px) 100vw, 1024px\" \/><\/figure>\n\n\n\n<p>2024 est\u00e1 a revelar-se mais dif\u00edcil do que o previsto para <a href=\"https:\/\/www.italpassion.fr\/pt\/alfa-romeo\/\">Alfa Romeo<\/a>com <strong>a produ\u00e7\u00e3o diminuiu para metade em rela\u00e7\u00e3o ao ano anterior<\/strong>. Na sequ\u00eancia da publica\u00e7\u00e3o do <a href=\"https:\/\/www.italpassion.fr\/pt\/fiat\/fiat-500-electric-a-uniao-confirma-uma-queda-impressionante-da-producao-em-2024\/\">Produ\u00e7\u00e3o Fiat<\/a> e <a href=\"https:\/\/www.italpassion.fr\/pt\/maserati\/os-numeros-catastroficos-da-producao-da-maserati-em-2024\/\">Maserati<\/a>Chegou o momento de analisar a marca Biscione. Dados recentes confirmam que <strong>A produ\u00e7\u00e3o dos modelos ic\u00f3nicos da Alfa Romeo, o Giulia, o Stelvio e o Tonale, diminuiu significativamente em 2024.<\/strong><\/p>\n\n\n\n<h2 class=\"wp-block-heading\">Quedas significativas, a come\u00e7ar por Cassino<\/h2>\n\n\n\n<p>A f\u00e1brica de Cassino, que produz principalmente o Giulia e o Stelvio (e tamb\u00e9m o Maserati Grecale, que foi retirado dos nossos n\u00fameros), viu <strong>uma queda de 38 % na produ\u00e7\u00e3o da Alfa Romeo, de 31 558 unidades em 2023 para apenas 19 600 unidades em 2024<\/strong>. O Stelvio continua a dominar a produ\u00e7\u00e3o em Cassino com 72 % de volumes, enquanto o Giulia continua a ser respons\u00e1vel por 28 % de produ\u00e7\u00e3o. Este decl\u00ednio n\u00e3o \u00e9 surpreendente para os ve\u00edculos lan\u00e7ados em 2015 e 2016, cujas novas vers\u00f5es est\u00e3o previstas para 2025 e 2026.<\/p>\n\n\n\n<h2 class=\"wp-block-heading\">O Tonale, um novo modelo j\u00e1 em decl\u00ednio<\/h2>\n\n\n\n<p>Pomigliano, a f\u00e1brica onde o Tonale SUV \u00e9 fabricado desde 2022, tem alguns n\u00fameros alarmantes. <strong>Em 2024, a produ\u00e7\u00e3o deste modelo passar\u00e1 de 55 %<\/strong>De 82.300 unidades em 2023 para apenas 36.980 este ano. Esta queda \u00e9 tanto mais not\u00f3ria quanto o Tonale \u00e9 uma parte importante da estrat\u00e9gia da Alfa Romeo para relan\u00e7ar o segmento C-SUV, e estes resultados s\u00e3o uma bofetada nas ambi\u00e7\u00f5es de crescimento da marca.<\/p>\n\n\n\n<h2 class=\"wp-block-heading\">2024 poderia ter sido um ano muito pior sem o J\u00fanior<\/h2>\n\n\n\n<p>Estes n\u00fameros confirmam a nossa <a href=\"https:\/\/www.italpassion.fr\/pt\/alfa-romeo\/numeros-da-alfa-romeo-para-o-3o-trimestre-de-2024-varios-paises-no-vermelho\/\">previs\u00f5es para o terceiro trimestre de 2024<\/a>depois <a href=\"https:\/\/www.italpassion.fr\/pt\/alfa-romeo\/alfa-romeo-le-junior-salva-a-marca-le-tonale-sem-folego-numeros-de-novembro-de-2024\/\">novembro de 2024<\/a>Isto apesar da introdu\u00e7\u00e3o do novo SUV Alfa Romeo Junior. Este modelo, lan\u00e7ado em meados de 2024 e produzido em Tychy, na Pol\u00f3nia, salvar\u00e1 o ano de 2024 de uma queda ainda mais dram\u00e1tica. <strong>Sem Junior, a Alfa Romeo teria registado uma queda ainda maior da produ\u00e7\u00e3o, atingindo -50 %<\/strong>. Embora os n\u00fameros de produ\u00e7\u00e3o do B-SUV ainda n\u00e3o sejam conhecidos, Junior est\u00e1 l\u00e1 para aliviar a fatura onde <strong>j\u00e1 representa 50 % das vendas em Fran\u00e7a e It\u00e1lia<\/strong>Mas os sinais continuam a ser preocupantes. Se o Junior n\u00e3o atingir um recorde de vendas em 2025, ser\u00e1 um ano dif\u00edcil para a Alfa Romeo.<\/p>\n\n\n\n<figure class=\"wp-block-table\"><table class=\"has-fixed-layout\"><thead><tr><th>F\u00e1brica<\/th><th>2023<\/th><th>2024<\/th><th>Evolu\u00e7\u00e3o<\/th><\/tr><\/thead><tbody><tr><td>Cassino (Giulia\/Stelvio)<\/td><td>31558<\/td><td>19600<\/td><td>-38 %<\/td><\/tr><tr><td>Pomigliano (Tonale)<\/td><td>82300<\/td><td>36980<\/td><td>-55 %<\/td><\/tr><tr><td>Total<\/td><td>113858<\/td><td>56580<\/td><td>-50 %<\/td><\/tr><\/tbody><\/table><\/figure>\n\n\n\n<h2 class=\"wp-block-heading\">Objectivos de vendas: miss\u00e3o imposs\u00edvel?<\/h2>\n\n\n\n<p>Com os resultados da produ\u00e7\u00e3o em queda livre, \u00e9 muito prov\u00e1vel que<a href=\"https:\/\/www.italpassion.fr\/pt\/alfa-romeo\/o-presidente-da-dalfa-romeo-confirma-o-objetivo-para-2024\/\">A Alfa Romeo n\u00e3o atingir\u00e1 o objetivo de vendas de 80 000 a 90 000 ve\u00edculos at\u00e9 2024<\/a>. De acordo com as nossas estimativas, <strong>a marca poder\u00e1 mesmo registar uma quebra em rela\u00e7\u00e3o \u00e0s 70 000 unidades vendidas em 2023<\/strong>com base em dados dos cinco principais pa\u00edses europeus. Enquanto espera pela apresenta\u00e7\u00e3o de um novo Stelvio em 2025, a Alfa Romeo deve concentrar os seus esfor\u00e7os no Tonale e no Junior, dois SUV com potencial para gerar volume.<\/p>","protected":false},"excerpt":{"rendered":"","protected":false},"author":1,"featured_media":35865,"comment_status":"open","ping_status":"open","sticky":false,"template":"","format":"standard","meta":{"_acf_changed":false,"_sitemap_exclude":false,"_sitemap_priority":"","_sitemap_frequency":"","footnotes":""},"categories":[22],"tags":[],"class_list":["post-35864","post","type-post","status-publish","format-standard","has-post-thumbnail","hentry","category-alfa-romeo","generate-columns","tablet-grid-50","mobile-grid-100","grid-parent","grid-33"],"acf":[],"yoast_head":"<!-- This site is optimized with the Yoast SEO plugin v25.8 - https:\/\/yoast.com\/wordpress\/plugins\/seo\/ -->\n<title>Alfa Romeo : la production de voitures italiennes a \u00e9t\u00e9 divis\u00e9e par deux en 2024 - ItalPassion<\/title>\n<meta name=\"description\" content=\"L&#039;ann\u00e9e 2024 s&#039;annonce plus difficile que pr\u00e9vu pour Alfa Romeo, avec une production divis\u00e9e par deux par rapport \u00e0 l&#039;ann\u00e9e pr\u00e9c\u00e9dente. Apr\u00e8s la\" \/>\n<meta name=\"robots\" content=\"index, follow, max-snippet:-1, max-image-preview:large, max-video-preview:-1\" \/>\n<link rel=\"canonical\" href=\"https:\/\/www.italpassion.fr\/pt\/alfa-romeo\/producao-automovel-italiana-da-alfa-romeo-reduzida-para-metade-ate-2024\/\" \/>\n<meta property=\"og:locale\" content=\"pt_PT\" \/>\n<meta property=\"og:type\" content=\"article\" \/>\n<meta property=\"og:title\" content=\"Alfa Romeo : la production de voitures italiennes a \u00e9t\u00e9 divis\u00e9e par deux en 2024 - ItalPassion\" \/>\n<meta property=\"og:description\" content=\"L&#039;ann\u00e9e 2024 s&#039;annonce plus difficile que pr\u00e9vu pour Alfa Romeo, avec une production divis\u00e9e par deux par rapport \u00e0 l&#039;ann\u00e9e pr\u00e9c\u00e9dente. Apr\u00e8s la\" \/>\n<meta property=\"og:url\" content=\"https:\/\/www.italpassion.fr\/pt\/alfa-romeo\/producao-automovel-italiana-da-alfa-romeo-reduzida-para-metade-ate-2024\/\" \/>\n<meta property=\"og:site_name\" content=\"ItalPassion\" \/>\n<meta property=\"article:publisher\" content=\"https:\/\/www.facebook.com\/italpassion\" \/>\n<meta property=\"article:published_time\" content=\"2025-01-06T11:35:25+00:00\" \/>\n<meta property=\"article:modified_time\" content=\"2025-01-06T11:35:26+00:00\" \/>\n<meta property=\"og:image\" content=\"https:\/\/www.italpassion.fr\/wp-content\/uploads\/2025\/01\/alfa-romeo-log.jpg\" \/>\n\t<meta property=\"og:image:width\" content=\"1200\" \/>\n\t<meta property=\"og:image:height\" content=\"800\" \/>\n\t<meta property=\"og:image:type\" content=\"image\/jpeg\" \/>\n<meta name=\"author\" content=\"Alexandre Filluzeau\" \/>\n<meta name=\"twitter:card\" content=\"summary_large_image\" \/>\n<meta name=\"twitter:creator\" content=\"@italpassion\" \/>\n<meta name=\"twitter:site\" content=\"@italpassion\" \/>\n<script type=\"application\/ld+json\" class=\"yoast-schema-graph\">{\"@context\":\"https:\/\/schema.org\",\"@graph\":[{\"@type\":\"NewsArticle\",\"@id\":\"https:\/\/www.italpassion.fr\/pt\/alfa-romeo\/alfa-romeo-la-production-de-voitures-italiennes-a-ete-divisee-par-deux-en-2024\/#article\",\"isPartOf\":{\"@id\":\"https:\/\/www.italpassion.fr\/pt\/alfa-romeo\/alfa-romeo-la-production-de-voitures-italiennes-a-ete-divisee-par-deux-en-2024\/\"},\"author\":{\"name\":\"Alexandre Filluzeau\",\"@id\":\"https:\/\/www.italpassion.fr\/pt\/#\/schema\/person\/36f747b2a759ca202d847e85a9434ca0\"},\"headline\":\"Alfa Romeo : la production de voitures italiennes a \u00e9t\u00e9 divis\u00e9e par deux en 2024\",\"datePublished\":\"2025-01-06T11:35:25+00:00\",\"dateModified\":\"2025-01-06T11:35:26+00:00\",\"mainEntityOfPage\":{\"@id\":\"https:\/\/www.italpassion.fr\/pt\/alfa-romeo\/alfa-romeo-la-production-de-voitures-italiennes-a-ete-divisee-par-deux-en-2024\/\"},\"wordCount\":517,\"commentCount\":20,\"publisher\":{\"@id\":\"https:\/\/www.italpassion.fr\/pt\/#organization\"},\"image\":{\"@id\":\"https:\/\/www.italpassion.fr\/pt\/alfa-romeo\/alfa-romeo-la-production-de-voitures-italiennes-a-ete-divisee-par-deux-en-2024\/#primaryimage\"},\"thumbnailUrl\":\"https:\/\/www.italpassion.fr\/wp-content\/uploads\/2025\/01\/alfa-romeo-log.jpg\",\"articleSection\":[\"Alfa Romeo\"],\"inLanguage\":\"pt-PT\",\"potentialAction\":[{\"@type\":\"CommentAction\",\"name\":\"Comment\",\"target\":[\"https:\/\/www.italpassion.fr\/pt\/alfa-romeo\/alfa-romeo-la-production-de-voitures-italiennes-a-ete-divisee-par-deux-en-2024\/#respond\"]}]},{\"@type\":\"WebPage\",\"@id\":\"https:\/\/www.italpassion.fr\/pt\/alfa-romeo\/alfa-romeo-la-production-de-voitures-italiennes-a-ete-divisee-par-deux-en-2024\/\",\"url\":\"https:\/\/www.italpassion.fr\/pt\/alfa-romeo\/alfa-romeo-la-production-de-voitures-italiennes-a-ete-divisee-par-deux-en-2024\/\",\"name\":\"Alfa Romeo : la production de voitures italiennes a \u00e9t\u00e9 divis\u00e9e par deux en 2024 - ItalPassion\",\"isPartOf\":{\"@id\":\"https:\/\/www.italpassion.fr\/pt\/#website\"},\"primaryImageOfPage\":{\"@id\":\"https:\/\/www.italpassion.fr\/pt\/alfa-romeo\/alfa-romeo-la-production-de-voitures-italiennes-a-ete-divisee-par-deux-en-2024\/#primaryimage\"},\"image\":{\"@id\":\"https:\/\/www.italpassion.fr\/pt\/alfa-romeo\/alfa-romeo-la-production-de-voitures-italiennes-a-ete-divisee-par-deux-en-2024\/#primaryimage\"},\"thumbnailUrl\":\"https:\/\/www.italpassion.fr\/wp-content\/uploads\/2025\/01\/alfa-romeo-log.jpg\",\"datePublished\":\"2025-01-06T11:35:25+00:00\",\"dateModified\":\"2025-01-06T11:35:26+00:00\",\"description\":\"L'ann\u00e9e 2024 s'annonce plus difficile que pr\u00e9vu pour Alfa Romeo, avec une production divis\u00e9e par deux par rapport \u00e0 l'ann\u00e9e pr\u00e9c\u00e9dente. Apr\u00e8s la\",\"breadcrumb\":{\"@id\":\"https:\/\/www.italpassion.fr\/pt\/alfa-romeo\/alfa-romeo-la-production-de-voitures-italiennes-a-ete-divisee-par-deux-en-2024\/#breadcrumb\"},\"inLanguage\":\"pt-PT\",\"potentialAction\":[{\"@type\":\"ReadAction\",\"target\":[\"https:\/\/www.italpassion.fr\/pt\/alfa-romeo\/alfa-romeo-la-production-de-voitures-italiennes-a-ete-divisee-par-deux-en-2024\/\"]}]},{\"@type\":\"ImageObject\",\"inLanguage\":\"pt-PT\",\"@id\":\"https:\/\/www.italpassion.fr\/pt\/alfa-romeo\/alfa-romeo-la-production-de-voitures-italiennes-a-ete-divisee-par-deux-en-2024\/#primaryimage\",\"url\":\"https:\/\/www.italpassion.fr\/wp-content\/uploads\/2025\/01\/alfa-romeo-log.jpg\",\"contentUrl\":\"https:\/\/www.italpassion.fr\/wp-content\/uploads\/2025\/01\/alfa-romeo-log.jpg\",\"width\":1200,\"height\":800},{\"@type\":\"BreadcrumbList\",\"@id\":\"https:\/\/www.italpassion.fr\/pt\/alfa-romeo\/alfa-romeo-la-production-de-voitures-italiennes-a-ete-divisee-par-deux-en-2024\/#breadcrumb\",\"itemListElement\":[{\"@type\":\"ListItem\",\"position\":1,\"name\":\"Accueil\",\"item\":\"https:\/\/www.italpassion.fr\/pt\/\"},{\"@type\":\"ListItem\",\"position\":2,\"name\":\"Alfa Romeo : la production de voitures italiennes a \u00e9t\u00e9 divis\u00e9e par deux en 2024\"}]},{\"@type\":\"WebSite\",\"@id\":\"https:\/\/www.italpassion.fr\/pt\/#website\",\"url\":\"https:\/\/www.italpassion.fr\/pt\/\",\"name\":\"ItalPassion\",\"description\":\"Les Passionn\u00e9s d&#039;Automobiles Italiennes\",\"publisher\":{\"@id\":\"https:\/\/www.italpassion.fr\/pt\/#organization\"},\"potentialAction\":[{\"@type\":\"SearchAction\",\"target\":{\"@type\":\"EntryPoint\",\"urlTemplate\":\"https:\/\/www.italpassion.fr\/pt\/?s={search_term_string}\"},\"query-input\":{\"@type\":\"PropertyValueSpecification\",\"valueRequired\":true,\"valueName\":\"search_term_string\"}}],\"inLanguage\":\"pt-PT\"},{\"@type\":\"Organization\",\"@id\":\"https:\/\/www.italpassion.fr\/pt\/#organization\",\"name\":\"Italpassion\",\"url\":\"https:\/\/www.italpassion.fr\/pt\/\",\"logo\":{\"@type\":\"ImageObject\",\"inLanguage\":\"pt-PT\",\"@id\":\"https:\/\/www.italpassion.fr\/pt\/#\/schema\/logo\/image\/\",\"url\":\"https:\/\/www.italpassion.fr\/wp-content\/uploads\/2023\/07\/italpassion-yoast.jpg\",\"contentUrl\":\"https:\/\/www.italpassion.fr\/wp-content\/uploads\/2023\/07\/italpassion-yoast.jpg\",\"width\":696,\"height\":696,\"caption\":\"Italpassion\"},\"image\":{\"@id\":\"https:\/\/www.italpassion.fr\/pt\/#\/schema\/logo\/image\/\"},\"sameAs\":[\"https:\/\/www.facebook.com\/italpassion\",\"https:\/\/x.com\/italpassion\",\"https:\/\/www.instagram.com\/italpassionfr\/\",\"https:\/\/www.youtube.com\/channel\/UCleq-ByQaA42OjhopwevRjQ\",\"https:\/\/www.facebook.com\/italpassion.en\/\",\"https:\/\/www.facebook.com\/italpassion.it\/\",\"https:\/\/www.facebook.com\/italpassion.de\/\",\"https:\/\/www.facebook.com\/italpassion.ja\/\"]},{\"@type\":\"Person\",\"@id\":\"https:\/\/www.italpassion.fr\/pt\/#\/schema\/person\/36f747b2a759ca202d847e85a9434ca0\",\"name\":\"Alexandre Filluzeau\",\"image\":{\"@type\":\"ImageObject\",\"inLanguage\":\"pt-PT\",\"@id\":\"https:\/\/www.italpassion.fr\/pt\/#\/schema\/person\/image\/\",\"url\":\"https:\/\/www.italpassion.fr\/wp-content\/uploads\/2025\/04\/avatar-alexandre-160x160.jpg\",\"contentUrl\":\"https:\/\/www.italpassion.fr\/wp-content\/uploads\/2025\/04\/avatar-alexandre-160x160.jpg\",\"caption\":\"Alexandre Filluzeau\"},\"description\":\"Fondateur du site ItalPassion, passionn\u00e9 de voitures italiennes et de l'Italie en g\u00e9n\u00e9ral. J'apporte un regard critique et technique aux actualit\u00e9s des marques italiennes quand cela est possible. Propri\u00e9taire d'une Maserati GranTurismo, Alfa Romeo MiTo, Lancia Fulvia et Ducati 695. Ex-propri\u00e9taire d'une Alfa Romeo Giulia.\",\"sameAs\":[\"https:\/\/www.italpassion.fr\/\"],\"url\":\"https:\/\/www.italpassion.fr\/pt\/author\/alexandre\/\"}]}<\/script>\n<!-- \/ Yoast SEO plugin. -->","yoast_head_json":{"title":"Alfa Romeo: produ\u00e7\u00e3o autom\u00f3vel italiana reduzida para metade at\u00e9 2024 - ItalPassion","description":"O ano de 2024 est\u00e1 a revelar-se mais dif\u00edcil do que o esperado para a Alfa Romeo, com a produ\u00e7\u00e3o reduzida para metade em compara\u00e7\u00e3o com o ano anterior. Ap\u00f3s o","robots":{"index":"index","follow":"follow","max-snippet":"max-snippet:-1","max-image-preview":"max-image-preview:large","max-video-preview":"max-video-preview:-1"},"canonical":"https:\/\/www.italpassion.fr\/pt\/alfa-romeo\/producao-automovel-italiana-da-alfa-romeo-reduzida-para-metade-ate-2024\/","og_locale":"pt_PT","og_type":"article","og_title":"Alfa Romeo : la production de voitures italiennes a \u00e9t\u00e9 divis\u00e9e par deux en 2024 - ItalPassion","og_description":"L'ann\u00e9e 2024 s'annonce plus difficile que pr\u00e9vu pour Alfa Romeo, avec une production divis\u00e9e par deux par rapport \u00e0 l'ann\u00e9e pr\u00e9c\u00e9dente. Apr\u00e8s la","og_url":"https:\/\/www.italpassion.fr\/pt\/alfa-romeo\/producao-automovel-italiana-da-alfa-romeo-reduzida-para-metade-ate-2024\/","og_site_name":"ItalPassion","article_publisher":"https:\/\/www.facebook.com\/italpassion","article_published_time":"2025-01-06T11:35:25+00:00","article_modified_time":"2025-01-06T11:35:26+00:00","og_image":[{"width":1200,"height":800,"url":"https:\/\/www.italpassion.fr\/wp-content\/uploads\/2025\/01\/alfa-romeo-log.jpg","type":"image\/jpeg"}],"author":"Alexandre Filluzeau","twitter_card":"summary_large_image","twitter_creator":"@italpassion","twitter_site":"@italpassion","schema":{"@context":"https:\/\/schema.org","@graph":[{"@type":"NewsArticle","@id":"https:\/\/www.italpassion.fr\/pt\/alfa-romeo\/alfa-romeo-la-production-de-voitures-italiennes-a-ete-divisee-par-deux-en-2024\/#article","isPartOf":{"@id":"https:\/\/www.italpassion.fr\/pt\/alfa-romeo\/alfa-romeo-la-production-de-voitures-italiennes-a-ete-divisee-par-deux-en-2024\/"},"author":{"name":"Alexandre Filluzeau","@id":"https:\/\/www.italpassion.fr\/pt\/#\/schema\/person\/36f747b2a759ca202d847e85a9434ca0"},"headline":"Alfa Romeo : la production de voitures italiennes a \u00e9t\u00e9 divis\u00e9e par deux en 2024","datePublished":"2025-01-06T11:35:25+00:00","dateModified":"2025-01-06T11:35:26+00:00","mainEntityOfPage":{"@id":"https:\/\/www.italpassion.fr\/pt\/alfa-romeo\/alfa-romeo-la-production-de-voitures-italiennes-a-ete-divisee-par-deux-en-2024\/"},"wordCount":517,"commentCount":20,"publisher":{"@id":"https:\/\/www.italpassion.fr\/pt\/#organization"},"image":{"@id":"https:\/\/www.italpassion.fr\/pt\/alfa-romeo\/alfa-romeo-la-production-de-voitures-italiennes-a-ete-divisee-par-deux-en-2024\/#primaryimage"},"thumbnailUrl":"https:\/\/www.italpassion.fr\/wp-content\/uploads\/2025\/01\/alfa-romeo-log.jpg","articleSection":["Alfa Romeo"],"inLanguage":"pt-PT","potentialAction":[{"@type":"CommentAction","name":"Comment","target":["https:\/\/www.italpassion.fr\/pt\/alfa-romeo\/alfa-romeo-la-production-de-voitures-italiennes-a-ete-divisee-par-deux-en-2024\/#respond"]}]},{"@type":"WebPage","@id":"https:\/\/www.italpassion.fr\/pt\/alfa-romeo\/alfa-romeo-la-production-de-voitures-italiennes-a-ete-divisee-par-deux-en-2024\/","url":"https:\/\/www.italpassion.fr\/pt\/alfa-romeo\/alfa-romeo-la-production-de-voitures-italiennes-a-ete-divisee-par-deux-en-2024\/","name":"Alfa Romeo: produ\u00e7\u00e3o autom\u00f3vel italiana reduzida para metade at\u00e9 2024 - ItalPassion","isPartOf":{"@id":"https:\/\/www.italpassion.fr\/pt\/#website"},"primaryImageOfPage":{"@id":"https:\/\/www.italpassion.fr\/pt\/alfa-romeo\/alfa-romeo-la-production-de-voitures-italiennes-a-ete-divisee-par-deux-en-2024\/#primaryimage"},"image":{"@id":"https:\/\/www.italpassion.fr\/pt\/alfa-romeo\/alfa-romeo-la-production-de-voitures-italiennes-a-ete-divisee-par-deux-en-2024\/#primaryimage"},"thumbnailUrl":"https:\/\/www.italpassion.fr\/wp-content\/uploads\/2025\/01\/alfa-romeo-log.jpg","datePublished":"2025-01-06T11:35:25+00:00","dateModified":"2025-01-06T11:35:26+00:00","description":"O ano de 2024 est\u00e1 a revelar-se mais dif\u00edcil do que o esperado para a Alfa Romeo, com a produ\u00e7\u00e3o reduzida para metade em compara\u00e7\u00e3o com o ano anterior. Ap\u00f3s o","breadcrumb":{"@id":"https:\/\/www.italpassion.fr\/pt\/alfa-romeo\/alfa-romeo-la-production-de-voitures-italiennes-a-ete-divisee-par-deux-en-2024\/#breadcrumb"},"inLanguage":"pt-PT","potentialAction":[{"@type":"ReadAction","target":["https:\/\/www.italpassion.fr\/pt\/alfa-romeo\/alfa-romeo-la-production-de-voitures-italiennes-a-ete-divisee-par-deux-en-2024\/"]}]},{"@type":"ImageObject","inLanguage":"pt-PT","@id":"https:\/\/www.italpassion.fr\/pt\/alfa-romeo\/alfa-romeo-la-production-de-voitures-italiennes-a-ete-divisee-par-deux-en-2024\/#primaryimage","url":"https:\/\/www.italpassion.fr\/wp-content\/uploads\/2025\/01\/alfa-romeo-log.jpg","contentUrl":"https:\/\/www.italpassion.fr\/wp-content\/uploads\/2025\/01\/alfa-romeo-log.jpg","width":1200,"height":800},{"@type":"BreadcrumbList","@id":"https:\/\/www.italpassion.fr\/pt\/alfa-romeo\/alfa-romeo-la-production-de-voitures-italiennes-a-ete-divisee-par-deux-en-2024\/#breadcrumb","itemListElement":[{"@type":"ListItem","position":1,"name":"Accueil","item":"https:\/\/www.italpassion.fr\/pt\/"},{"@type":"ListItem","position":2,"name":"Alfa Romeo : la production de voitures italiennes a \u00e9t\u00e9 divis\u00e9e par deux en 2024"}]},{"@type":"WebSite","@id":"https:\/\/www.italpassion.fr\/pt\/#website","url":"https:\/\/www.italpassion.fr\/pt\/","name":"ItalPassion","description":"Entusiastas de autom\u00f3veis italianos","publisher":{"@id":"https:\/\/www.italpassion.fr\/pt\/#organization"},"potentialAction":[{"@type":"SearchAction","target":{"@type":"EntryPoint","urlTemplate":"https:\/\/www.italpassion.fr\/pt\/?s={search_term_string}"},"query-input":{"@type":"PropertyValueSpecification","valueRequired":true,"valueName":"search_term_string"}}],"inLanguage":"pt-PT"},{"@type":"Organization","@id":"https:\/\/www.italpassion.fr\/pt\/#organization","name":"Italpassion","url":"https:\/\/www.italpassion.fr\/pt\/","logo":{"@type":"ImageObject","inLanguage":"pt-PT","@id":"https:\/\/www.italpassion.fr\/pt\/#\/schema\/logo\/image\/","url":"https:\/\/www.italpassion.fr\/wp-content\/uploads\/2023\/07\/italpassion-yoast.jpg","contentUrl":"https:\/\/www.italpassion.fr\/wp-content\/uploads\/2023\/07\/italpassion-yoast.jpg","width":696,"height":696,"caption":"Italpassion"},"image":{"@id":"https:\/\/www.italpassion.fr\/pt\/#\/schema\/logo\/image\/"},"sameAs":["https:\/\/www.facebook.com\/italpassion","https:\/\/x.com\/italpassion","https:\/\/www.instagram.com\/italpassionfr\/","https:\/\/www.youtube.com\/channel\/UCleq-ByQaA42OjhopwevRjQ","https:\/\/www.facebook.com\/italpassion.en\/","https:\/\/www.facebook.com\/italpassion.it\/","https:\/\/www.facebook.com\/italpassion.de\/","https:\/\/www.facebook.com\/italpassion.ja\/"]},{"@type":"Person","@id":"https:\/\/www.italpassion.fr\/pt\/#\/schema\/person\/36f747b2a759ca202d847e85a9434ca0","name":"Alexandre Filluzeau","image":{"@type":"ImageObject","inLanguage":"pt-PT","@id":"https:\/\/www.italpassion.fr\/pt\/#\/schema\/person\/image\/","url":"https:\/\/www.italpassion.fr\/wp-content\/uploads\/2025\/04\/avatar-alexandre-160x160.jpg","contentUrl":"https:\/\/www.italpassion.fr\/wp-content\/uploads\/2025\/04\/avatar-alexandre-160x160.jpg","caption":"Alexandre Filluzeau"},"description":"Fundador do site ItalPassion, apaixonado por carros italianos e pela It\u00e1lia em geral. Trago um olhar cr\u00edtico e t\u00e9cnico \u00e0s not\u00edcias das marcas italianas, sempre que poss\u00edvel. Propriet\u00e1ria de um Maserati GranTurismo, Alfa Romeo MiTo, Lancia Fulvia e Ducati 695. Ex-propriet\u00e1rio de uma Alfa Romeo Giulia.","sameAs":["https:\/\/www.italpassion.fr\/"],"url":"https:\/\/www.italpassion.fr\/pt\/author\/alexandre\/"}]}},"_links":{"self":[{"href":"https:\/\/www.italpassion.fr\/pt\/wp-json\/wp\/v2\/posts\/35864","targetHints":{"allow":["GET"]}}],"collection":[{"href":"https:\/\/www.italpassion.fr\/pt\/wp-json\/wp\/v2\/posts"}],"about":[{"href":"https:\/\/www.italpassion.fr\/pt\/wp-json\/wp\/v2\/types\/post"}],"author":[{"embeddable":true,"href":"https:\/\/www.italpassion.fr\/pt\/wp-json\/wp\/v2\/users\/1"}],"replies":[{"embeddable":true,"href":"https:\/\/www.italpassion.fr\/pt\/wp-json\/wp\/v2\/comments?post=35864"}],"version-history":[{"count":1,"href":"https:\/\/www.italpassion.fr\/pt\/wp-json\/wp\/v2\/posts\/35864\/revisions"}],"predecessor-version":[{"id":35866,"href":"https:\/\/www.italpassion.fr\/pt\/wp-json\/wp\/v2\/posts\/35864\/revisions\/35866"}],"wp:featuredmedia":[{"embeddable":true,"href":"https:\/\/www.italpassion.fr\/pt\/wp-json\/wp\/v2\/media\/35865"}],"wp:attachment":[{"href":"https:\/\/www.italpassion.fr\/pt\/wp-json\/wp\/v2\/media?parent=35864"}],"wp:term":[{"taxonomy":"category","embeddable":true,"href":"https:\/\/www.italpassion.fr\/pt\/wp-json\/wp\/v2\/categories?post=35864"},{"taxonomy":"post_tag","embeddable":true,"href":"https:\/\/www.italpassion.fr\/pt\/wp-json\/wp\/v2\/tags?post=35864"}],"curies":[{"name":"wp","href":"https:\/\/api.w.org\/{rel}","templated":true}]}}