{"id":34640,"date":"2024-09-06T20:56:57","date_gmt":"2024-09-06T18:56:57","guid":{"rendered":"https:\/\/www.italpassion.fr\/?p=34640"},"modified":"2024-09-06T20:56:59","modified_gmt":"2024-09-06T18:56:59","slug":"alfa-romeo-33-stradale-onde-e-quando-o-pode-ver-em-franca","status":"publish","type":"post","link":"https:\/\/www.italpassion.fr\/pt\/alfa-romeo\/alfa-romeo-33-stradale-voici-ou-et-quand-vous-pourrez-la-voir-en-france\/","title":{"rendered":"Alfa Romeo 33 Stradale: onde e quando o pode ver em Fran\u00e7a"},"content":{"rendered":"<p>O mundo dos autom\u00f3veis de luxo est\u00e1 prestes a receber um \u00edcone, reinterpretado para o s\u00e9culo XXI:<strong> o novo Alfa Romeo 33 Stradale<\/strong>. Verdadeiro testemunho da per\u00edcia italiana, este supercarro far\u00e1 a sua estreia em Fran\u00e7a num local de grande prest\u00edgio. <strong>De 12 a 15 de setembro de 2024,<\/strong> Os f\u00e3s de autom\u00f3veis e de eleg\u00e2ncia ter\u00e3o o privil\u00e9gio de descobrir esta comovente obra de arte na <strong>\"Chantilly Arts &amp; \u00c9l\u00e9gance Richard Mille.<\/strong><\/p>\n\n\n\n<figure class=\"wp-block-image size-large\"><img loading=\"lazy\" decoding=\"async\" width=\"1024\" height=\"683\" src=\"https:\/\/www.italpassion.fr\/wp-content\/uploads\/2024\/09\/alfa-romeo-33-chantily-1024x683.jpg\" alt=\"\" class=\"wp-image-34641\" srcset=\"https:\/\/www.italpassion.fr\/wp-content\/uploads\/2024\/09\/alfa-romeo-33-chantily-1024x683.jpg 1024w, https:\/\/www.italpassion.fr\/wp-content\/uploads\/2024\/09\/alfa-romeo-33-chantily-300x200.jpg 300w, https:\/\/www.italpassion.fr\/wp-content\/uploads\/2024\/09\/alfa-romeo-33-chantily-768x512.jpg 768w, https:\/\/www.italpassion.fr\/wp-content\/uploads\/2024\/09\/alfa-romeo-33-chantily-18x12.jpg 18w, https:\/\/www.italpassion.fr\/wp-content\/uploads\/2024\/09\/alfa-romeo-33-chantily-561x374.jpg 561w, https:\/\/www.italpassion.fr\/wp-content\/uploads\/2024\/09\/alfa-romeo-33-chantily-1122x748.jpg 1122w, https:\/\/www.italpassion.fr\/wp-content\/uploads\/2024\/09\/alfa-romeo-33-chantily-265x177.jpg 265w, https:\/\/www.italpassion.fr\/wp-content\/uploads\/2024\/09\/alfa-romeo-33-chantily-531x354.jpg 531w, https:\/\/www.italpassion.fr\/wp-content\/uploads\/2024\/09\/alfa-romeo-33-chantily-364x243.jpg 364w, https:\/\/www.italpassion.fr\/wp-content\/uploads\/2024\/09\/alfa-romeo-33-chantily-728x485.jpg 728w, https:\/\/www.italpassion.fr\/wp-content\/uploads\/2024\/09\/alfa-romeo-33-chantily-608x405.jpg 608w, https:\/\/www.italpassion.fr\/wp-content\/uploads\/2024\/09\/alfa-romeo-33-chantily-758x505.jpg 758w, https:\/\/www.italpassion.fr\/wp-content\/uploads\/2024\/09\/alfa-romeo-33-chantily-1152x768.jpg 1152w, https:\/\/www.italpassion.fr\/wp-content\/uploads\/2024\/09\/alfa-romeo-33-chantily-600x400.jpg 600w, https:\/\/www.italpassion.fr\/wp-content\/uploads\/2024\/09\/alfa-romeo-33-chantily.jpg 1200w\" sizes=\"auto, (max-width: 1024px) 100vw, 1024px\" \/><\/figure>\n\n\n\n<h2 class=\"wp-block-heading\">Uma homenagem \u00e0 hist\u00f3ria e \u00e0 arte<\/h2>\n\n\n\n<p>O Ch\u00e2teau de Chantilly, uma montra de requinte, acolhe a s\u00e9tima edi\u00e7\u00e3o deste imperd\u00edvel Concours d'\u00c9l\u00e9gance. Este evento, que combina o mundo dos autom\u00f3veis com o da moda e da arte, \u00e9 o local ideal para a <strong>apresenta\u00e7\u00e3o do 33 Stradale.<\/strong> Inspirada no original de 1967, esta nova vers\u00e3o combina tecnologia de ponta com uma est\u00e9tica intemporal - uma proeza da Alfa Romeo.<\/p>\n\n\n\n<figure class=\"wp-block-image size-large\"><img loading=\"lazy\" decoding=\"async\" width=\"1024\" height=\"577\" src=\"https:\/\/www.italpassion.fr\/wp-content\/uploads\/2023\/08\/alfa-romeo-33-principal-1024x577.jpg\" alt=\"alfa-romeo-33-principal\" class=\"wp-image-31872\" srcset=\"https:\/\/www.italpassion.fr\/wp-content\/uploads\/2023\/08\/alfa-romeo-33-principal-1024x577.jpg 1024w, https:\/\/www.italpassion.fr\/wp-content\/uploads\/2023\/08\/alfa-romeo-33-principal-300x169.jpg 300w, https:\/\/www.italpassion.fr\/wp-content\/uploads\/2023\/08\/alfa-romeo-33-principal-768x433.jpg 768w, https:\/\/www.italpassion.fr\/wp-content\/uploads\/2023\/08\/alfa-romeo-33-principal-18x10.jpg 18w, https:\/\/www.italpassion.fr\/wp-content\/uploads\/2023\/08\/alfa-romeo-33-principal-192x108.jpg 192w, https:\/\/www.italpassion.fr\/wp-content\/uploads\/2023\/08\/alfa-romeo-33-principal-384x216.jpg 384w, https:\/\/www.italpassion.fr\/wp-content\/uploads\/2023\/08\/alfa-romeo-33-principal-364x205.jpg 364w, https:\/\/www.italpassion.fr\/wp-content\/uploads\/2023\/08\/alfa-romeo-33-principal-728x409.jpg 728w, https:\/\/www.italpassion.fr\/wp-content\/uploads\/2023\/08\/alfa-romeo-33-principal-561x316.jpg 561w, https:\/\/www.italpassion.fr\/wp-content\/uploads\/2023\/08\/alfa-romeo-33-principal-1122x632.jpg 1122w, https:\/\/www.italpassion.fr\/wp-content\/uploads\/2023\/08\/alfa-romeo-33-principal-265x149.jpg 265w, https:\/\/www.italpassion.fr\/wp-content\/uploads\/2023\/08\/alfa-romeo-33-principal-531x299.jpg 531w, https:\/\/www.italpassion.fr\/wp-content\/uploads\/2023\/08\/alfa-romeo-33-principal-608x343.jpg 608w, https:\/\/www.italpassion.fr\/wp-content\/uploads\/2023\/08\/alfa-romeo-33-principal-758x426.jpg 758w, https:\/\/www.italpassion.fr\/wp-content\/uploads\/2023\/08\/alfa-romeo-33-principal-1152x648.jpg 1152w, https:\/\/www.italpassion.fr\/wp-content\/uploads\/2023\/08\/alfa-romeo-33-principal-600x338.jpg 600w, https:\/\/www.italpassion.fr\/wp-content\/uploads\/2023\/08\/alfa-romeo-33-principal.jpg 1200w\" sizes=\"auto, (max-width: 1024px) 100vw, 1024px\" \/><\/figure>\n\n\n\n<p>O p\u00fablico franc\u00eas ter\u00e1 a oportunidade de<strong> veja de perto este modelo excecional<\/strong>O prot\u00f3tipo 33 Spider Cuneo de 1971 e o nov\u00edssimo Alfa Romeo Junior.<\/p>\n\n\n\n<p>Se o Ch\u00e2teau de Chantilly \u00e9 famoso pelos seus jardins concebidos por Andr\u00e9 Le N\u00f4tre, \u00e9 neste cen\u00e1rio encantador que <strong>o Alfa Romeo 33 Stradale ser\u00e1 apresentado ao p\u00fablico pela primeira vez em Fran\u00e7a<\/strong>. Recorde-se que apenas ser\u00e3o produzidos 33 exemplares deste supercarro exclusivo, o que torna cada ve\u00edculo \u00fanico e personalizado de acordo com os desejos dos seus propriet\u00e1rios.<\/p>\n\n\n\n<p>Os f\u00e3s tamb\u00e9m poder\u00e3o admirar a <strong>prot\u00f3tipo hist\u00f3rico 33 Spider Cuneo<\/strong>que est\u00e1 normalmente em exposi\u00e7\u00e3o no Museu Alfa Romeo em Arese. Este modelo de 1971, desenhado por Pininfarina, personifica uma era em que a Alfa Romeo estava a ultrapassar os limites do design autom\u00f3vel.<\/p>\n\n\n\n<figure class=\"wp-block-image size-full\"><img loading=\"lazy\" decoding=\"async\" width=\"820\" height=\"500\" src=\"https:\/\/www.italpassion.fr\/wp-content\/uploads\/2024\/09\/33-Spider-Cuneo.jpg\" alt=\"\" class=\"wp-image-34642\" srcset=\"https:\/\/www.italpassion.fr\/wp-content\/uploads\/2024\/09\/33-Spider-Cuneo.jpg 820w, https:\/\/www.italpassion.fr\/wp-content\/uploads\/2024\/09\/33-Spider-Cuneo-300x183.jpg 300w, https:\/\/www.italpassion.fr\/wp-content\/uploads\/2024\/09\/33-Spider-Cuneo-768x468.jpg 768w, https:\/\/www.italpassion.fr\/wp-content\/uploads\/2024\/09\/33-Spider-Cuneo-18x12.jpg 18w, https:\/\/www.italpassion.fr\/wp-content\/uploads\/2024\/09\/33-Spider-Cuneo-561x342.jpg 561w, https:\/\/www.italpassion.fr\/wp-content\/uploads\/2024\/09\/33-Spider-Cuneo-265x162.jpg 265w, https:\/\/www.italpassion.fr\/wp-content\/uploads\/2024\/09\/33-Spider-Cuneo-531x324.jpg 531w, https:\/\/www.italpassion.fr\/wp-content\/uploads\/2024\/09\/33-Spider-Cuneo-364x222.jpg 364w, https:\/\/www.italpassion.fr\/wp-content\/uploads\/2024\/09\/33-Spider-Cuneo-728x444.jpg 728w, https:\/\/www.italpassion.fr\/wp-content\/uploads\/2024\/09\/33-Spider-Cuneo-608x371.jpg 608w, https:\/\/www.italpassion.fr\/wp-content\/uploads\/2024\/09\/33-Spider-Cuneo-758x462.jpg 758w, https:\/\/www.italpassion.fr\/wp-content\/uploads\/2024\/09\/33-Spider-Cuneo-600x366.jpg 600w\" sizes=\"auto, (max-width: 820px) 100vw, 820px\" \/><\/figure>\n\n\n\n<h2 class=\"wp-block-heading\">Ensaios para entusiastas<\/h2>\n\n\n\n<p>Os visitantes do Concours d'\u00c9l\u00e9gance n\u00e3o se limitar\u00e3o a contemplar estas obras de arte. <strong>A Alfa Romeo tamb\u00e9m disponibilizar\u00e1 uma gama completa de produtos para test-drive.<\/strong>incluindo o Giulia, Stelvio, Tonale e os nov\u00edssimos modelos Junior (mas n\u00e3o o 33 Stradale, que pena!). Uma oportunidade \u00fanica para experimentar o ADN desportivo da marca Biscione num cen\u00e1rio majestoso.<\/p>\n\n\n\n<h2 class=\"wp-block-heading\">Uma homenagem \u00e0 tradi\u00e7\u00e3o do Concours d'\u00c9l\u00e9gance<\/h2>\n\n\n\n<p>O evento \"Chantilly Arts &amp; \u00c9l\u00e9gance Richard Mille\" perpetua a <strong>Tradi\u00e7\u00e3o do concurso de eleg\u00e2ncia dos anos 20<\/strong>Este ano, a Alfa Romeo participou no \"Best of Show\", onde os autom\u00f3veis de luxo foram apresentados com modelos vestidos por casas de moda. A Alfa Romeo, que tem brilhado frequentemente neste tipo de evento, nomeadamente ao vencer o \"Best of Show\" em 2016, presta homenagem a esta heran\u00e7a com autom\u00f3veis que combinam cada vez mais eleg\u00e2ncia, desempenho e inova\u00e7\u00e3o. Os bilhetes est\u00e3o dispon\u00edveis para o p\u00fablico em geral a partir de 50 euros, sendo necess\u00e1rio um c\u00f3digo de vestu\u00e1rio!<\/p>\n\n\n\n<figure class=\"wp-block-embed is-type-video is-provider-youtube wp-block-embed-youtube wp-embed-aspect-16-9 wp-has-aspect-ratio\"><div class=\"wp-block-embed__wrapper\">\n<iframe loading=\"lazy\" title=\"Chantilly Arts &amp; Elegance 2022 - Destaques\" width=\"1200\" height=\"675\" src=\"https:\/\/www.youtube-nocookie.com\/embed\/ugVvxHKccW8?feature=oembed\" frameborder=\"0\" allow=\"accelerometer; autoplay; clipboard-write; encrypted-media; gyroscope; picture-in-picture; web-share\" referrerpolicy=\"strict-origin-when-cross-origin\" allowfullscreen><\/iframe>\n<\/div><\/figure>","protected":false},"excerpt":{"rendered":"","protected":false},"author":1,"featured_media":34641,"comment_status":"open","ping_status":"open","sticky":false,"template":"","format":"standard","meta":{"_acf_changed":false,"_sitemap_exclude":false,"_sitemap_priority":"","_sitemap_frequency":"","footnotes":""},"categories":[22],"tags":[],"class_list":["post-34640","post","type-post","status-publish","format-standard","has-post-thumbnail","hentry","category-alfa-romeo","generate-columns","tablet-grid-50","mobile-grid-100","grid-parent","grid-33"],"acf":[],"yoast_head":"<!-- This site is optimized with the Yoast SEO plugin v25.8 - https:\/\/yoast.com\/wordpress\/plugins\/seo\/ -->\n<title>Alfa Romeo 33 Stradale : voici o\u00f9 et quand vous pourrez la voir en France - ItalPassion<\/title>\n<meta name=\"description\" content=\"L&#039;univers de l&#039;automobile de luxe s&#039;appr\u00eate \u00e0 accueillir une ic\u00f4ne, r\u00e9interpr\u00e9t\u00e9e pour le XXIe si\u00e8cle : la nouvelle Alfa Romeo 33 Stradale. V\u00e9ritable\" \/>\n<meta name=\"robots\" content=\"index, follow, max-snippet:-1, max-image-preview:large, max-video-preview:-1\" \/>\n<link rel=\"canonical\" href=\"https:\/\/www.italpassion.fr\/pt\/alfa-romeo\/alfa-romeo-33-stradale-onde-e-quando-o-pode-ver-em-franca\/\" \/>\n<meta property=\"og:locale\" content=\"pt_PT\" \/>\n<meta property=\"og:type\" content=\"article\" \/>\n<meta property=\"og:title\" content=\"Alfa Romeo 33 Stradale : voici o\u00f9 et quand vous pourrez la voir en France - ItalPassion\" \/>\n<meta property=\"og:description\" content=\"L&#039;univers de l&#039;automobile de luxe s&#039;appr\u00eate \u00e0 accueillir une ic\u00f4ne, r\u00e9interpr\u00e9t\u00e9e pour le XXIe si\u00e8cle : la nouvelle Alfa Romeo 33 Stradale. V\u00e9ritable\" \/>\n<meta property=\"og:url\" content=\"https:\/\/www.italpassion.fr\/pt\/alfa-romeo\/alfa-romeo-33-stradale-onde-e-quando-o-pode-ver-em-franca\/\" \/>\n<meta property=\"og:site_name\" content=\"ItalPassion\" \/>\n<meta property=\"article:publisher\" content=\"https:\/\/www.facebook.com\/italpassion\" \/>\n<meta property=\"article:published_time\" content=\"2024-09-06T18:56:57+00:00\" \/>\n<meta property=\"article:modified_time\" content=\"2024-09-06T18:56:59+00:00\" \/>\n<meta property=\"og:image\" content=\"https:\/\/www.italpassion.fr\/wp-content\/uploads\/2024\/09\/alfa-romeo-33-chantily.jpg\" \/>\n\t<meta property=\"og:image:width\" content=\"1200\" \/>\n\t<meta property=\"og:image:height\" content=\"800\" \/>\n\t<meta property=\"og:image:type\" content=\"image\/jpeg\" \/>\n<meta name=\"author\" content=\"Alexandre Filluzeau\" \/>\n<meta name=\"twitter:card\" content=\"summary_large_image\" \/>\n<meta name=\"twitter:creator\" content=\"@italpassion\" \/>\n<meta name=\"twitter:site\" content=\"@italpassion\" \/>\n<script type=\"application\/ld+json\" class=\"yoast-schema-graph\">{\"@context\":\"https:\/\/schema.org\",\"@graph\":[{\"@type\":\"NewsArticle\",\"@id\":\"https:\/\/www.italpassion.fr\/pt\/alfa-romeo\/alfa-romeo-33-stradale-voici-ou-et-quand-vous-pourrez-la-voir-en-france\/#article\",\"isPartOf\":{\"@id\":\"https:\/\/www.italpassion.fr\/pt\/alfa-romeo\/alfa-romeo-33-stradale-voici-ou-et-quand-vous-pourrez-la-voir-en-france\/\"},\"author\":{\"name\":\"Alexandre Filluzeau\",\"@id\":\"https:\/\/www.italpassion.fr\/pt\/#\/schema\/person\/36f747b2a759ca202d847e85a9434ca0\"},\"headline\":\"Alfa Romeo 33 Stradale : voici o\u00f9 et quand vous pourrez la voir en France\",\"datePublished\":\"2024-09-06T18:56:57+00:00\",\"dateModified\":\"2024-09-06T18:56:59+00:00\",\"mainEntityOfPage\":{\"@id\":\"https:\/\/www.italpassion.fr\/pt\/alfa-romeo\/alfa-romeo-33-stradale-voici-ou-et-quand-vous-pourrez-la-voir-en-france\/\"},\"wordCount\":501,\"commentCount\":0,\"publisher\":{\"@id\":\"https:\/\/www.italpassion.fr\/pt\/#organization\"},\"image\":{\"@id\":\"https:\/\/www.italpassion.fr\/pt\/alfa-romeo\/alfa-romeo-33-stradale-voici-ou-et-quand-vous-pourrez-la-voir-en-france\/#primaryimage\"},\"thumbnailUrl\":\"https:\/\/www.italpassion.fr\/wp-content\/uploads\/2024\/09\/alfa-romeo-33-chantily.jpg\",\"articleSection\":[\"Alfa Romeo\"],\"inLanguage\":\"pt-PT\",\"potentialAction\":[{\"@type\":\"CommentAction\",\"name\":\"Comment\",\"target\":[\"https:\/\/www.italpassion.fr\/pt\/alfa-romeo\/alfa-romeo-33-stradale-voici-ou-et-quand-vous-pourrez-la-voir-en-france\/#respond\"]}]},{\"@type\":\"WebPage\",\"@id\":\"https:\/\/www.italpassion.fr\/pt\/alfa-romeo\/alfa-romeo-33-stradale-voici-ou-et-quand-vous-pourrez-la-voir-en-france\/\",\"url\":\"https:\/\/www.italpassion.fr\/pt\/alfa-romeo\/alfa-romeo-33-stradale-voici-ou-et-quand-vous-pourrez-la-voir-en-france\/\",\"name\":\"Alfa Romeo 33 Stradale : voici o\u00f9 et quand vous pourrez la voir en France - ItalPassion\",\"isPartOf\":{\"@id\":\"https:\/\/www.italpassion.fr\/pt\/#website\"},\"primaryImageOfPage\":{\"@id\":\"https:\/\/www.italpassion.fr\/pt\/alfa-romeo\/alfa-romeo-33-stradale-voici-ou-et-quand-vous-pourrez-la-voir-en-france\/#primaryimage\"},\"image\":{\"@id\":\"https:\/\/www.italpassion.fr\/pt\/alfa-romeo\/alfa-romeo-33-stradale-voici-ou-et-quand-vous-pourrez-la-voir-en-france\/#primaryimage\"},\"thumbnailUrl\":\"https:\/\/www.italpassion.fr\/wp-content\/uploads\/2024\/09\/alfa-romeo-33-chantily.jpg\",\"datePublished\":\"2024-09-06T18:56:57+00:00\",\"dateModified\":\"2024-09-06T18:56:59+00:00\",\"description\":\"L'univers de l'automobile de luxe s'appr\u00eate \u00e0 accueillir une ic\u00f4ne, r\u00e9interpr\u00e9t\u00e9e pour le XXIe si\u00e8cle : la nouvelle Alfa Romeo 33 Stradale. V\u00e9ritable\",\"breadcrumb\":{\"@id\":\"https:\/\/www.italpassion.fr\/pt\/alfa-romeo\/alfa-romeo-33-stradale-voici-ou-et-quand-vous-pourrez-la-voir-en-france\/#breadcrumb\"},\"inLanguage\":\"pt-PT\",\"potentialAction\":[{\"@type\":\"ReadAction\",\"target\":[\"https:\/\/www.italpassion.fr\/pt\/alfa-romeo\/alfa-romeo-33-stradale-voici-ou-et-quand-vous-pourrez-la-voir-en-france\/\"]}]},{\"@type\":\"ImageObject\",\"inLanguage\":\"pt-PT\",\"@id\":\"https:\/\/www.italpassion.fr\/pt\/alfa-romeo\/alfa-romeo-33-stradale-voici-ou-et-quand-vous-pourrez-la-voir-en-france\/#primaryimage\",\"url\":\"https:\/\/www.italpassion.fr\/wp-content\/uploads\/2024\/09\/alfa-romeo-33-chantily.jpg\",\"contentUrl\":\"https:\/\/www.italpassion.fr\/wp-content\/uploads\/2024\/09\/alfa-romeo-33-chantily.jpg\",\"width\":1200,\"height\":800},{\"@type\":\"BreadcrumbList\",\"@id\":\"https:\/\/www.italpassion.fr\/pt\/alfa-romeo\/alfa-romeo-33-stradale-voici-ou-et-quand-vous-pourrez-la-voir-en-france\/#breadcrumb\",\"itemListElement\":[{\"@type\":\"ListItem\",\"position\":1,\"name\":\"Accueil\",\"item\":\"https:\/\/www.italpassion.fr\/pt\/\"},{\"@type\":\"ListItem\",\"position\":2,\"name\":\"Alfa Romeo 33 Stradale : voici o\u00f9 et quand vous pourrez la voir en France\"}]},{\"@type\":\"WebSite\",\"@id\":\"https:\/\/www.italpassion.fr\/pt\/#website\",\"url\":\"https:\/\/www.italpassion.fr\/pt\/\",\"name\":\"ItalPassion\",\"description\":\"Les Passionn\u00e9s d&#039;Automobiles Italiennes\",\"publisher\":{\"@id\":\"https:\/\/www.italpassion.fr\/pt\/#organization\"},\"potentialAction\":[{\"@type\":\"SearchAction\",\"target\":{\"@type\":\"EntryPoint\",\"urlTemplate\":\"https:\/\/www.italpassion.fr\/pt\/?s={search_term_string}\"},\"query-input\":{\"@type\":\"PropertyValueSpecification\",\"valueRequired\":true,\"valueName\":\"search_term_string\"}}],\"inLanguage\":\"pt-PT\"},{\"@type\":\"Organization\",\"@id\":\"https:\/\/www.italpassion.fr\/pt\/#organization\",\"name\":\"Italpassion\",\"url\":\"https:\/\/www.italpassion.fr\/pt\/\",\"logo\":{\"@type\":\"ImageObject\",\"inLanguage\":\"pt-PT\",\"@id\":\"https:\/\/www.italpassion.fr\/pt\/#\/schema\/logo\/image\/\",\"url\":\"https:\/\/www.italpassion.fr\/wp-content\/uploads\/2023\/07\/italpassion-yoast.jpg\",\"contentUrl\":\"https:\/\/www.italpassion.fr\/wp-content\/uploads\/2023\/07\/italpassion-yoast.jpg\",\"width\":696,\"height\":696,\"caption\":\"Italpassion\"},\"image\":{\"@id\":\"https:\/\/www.italpassion.fr\/pt\/#\/schema\/logo\/image\/\"},\"sameAs\":[\"https:\/\/www.facebook.com\/italpassion\",\"https:\/\/x.com\/italpassion\",\"https:\/\/www.instagram.com\/italpassionfr\/\",\"https:\/\/www.youtube.com\/channel\/UCleq-ByQaA42OjhopwevRjQ\",\"https:\/\/www.facebook.com\/italpassion.en\/\",\"https:\/\/www.facebook.com\/italpassion.it\/\",\"https:\/\/www.facebook.com\/italpassion.de\/\",\"https:\/\/www.facebook.com\/italpassion.ja\/\"]},{\"@type\":\"Person\",\"@id\":\"https:\/\/www.italpassion.fr\/pt\/#\/schema\/person\/36f747b2a759ca202d847e85a9434ca0\",\"name\":\"Alexandre Filluzeau\",\"image\":{\"@type\":\"ImageObject\",\"inLanguage\":\"pt-PT\",\"@id\":\"https:\/\/www.italpassion.fr\/pt\/#\/schema\/person\/image\/\",\"url\":\"https:\/\/www.italpassion.fr\/wp-content\/uploads\/2025\/04\/avatar-alexandre-160x160.jpg\",\"contentUrl\":\"https:\/\/www.italpassion.fr\/wp-content\/uploads\/2025\/04\/avatar-alexandre-160x160.jpg\",\"caption\":\"Alexandre Filluzeau\"},\"description\":\"Fondateur du site ItalPassion, passionn\u00e9 de voitures italiennes et de l'Italie en g\u00e9n\u00e9ral. J'apporte un regard critique et technique aux actualit\u00e9s des marques italiennes quand cela est possible. Propri\u00e9taire d'une Maserati GranTurismo, Alfa Romeo MiTo, Lancia Fulvia et Ducati 695. Ex-propri\u00e9taire d'une Alfa Romeo Giulia.\",\"sameAs\":[\"https:\/\/www.italpassion.fr\/\"],\"url\":\"https:\/\/www.italpassion.fr\/pt\/author\/alexandre\/\"}]}<\/script>\n<!-- \/ Yoast SEO plugin. -->","yoast_head_json":{"title":"Alfa Romeo 33 Stradale: onde e quando pode ser visto em Fran\u00e7a - ItalPassion","description":"O mundo dos autom\u00f3veis de luxo est\u00e1 prestes a receber um \u00edcone, reinterpretado para o s\u00e9culo XXI: o novo Alfa Romeo 33 Stradale. Um verdadeiro","robots":{"index":"index","follow":"follow","max-snippet":"max-snippet:-1","max-image-preview":"max-image-preview:large","max-video-preview":"max-video-preview:-1"},"canonical":"https:\/\/www.italpassion.fr\/pt\/alfa-romeo\/alfa-romeo-33-stradale-onde-e-quando-o-pode-ver-em-franca\/","og_locale":"pt_PT","og_type":"article","og_title":"Alfa Romeo 33 Stradale : voici o\u00f9 et quand vous pourrez la voir en France - ItalPassion","og_description":"L'univers de l'automobile de luxe s'appr\u00eate \u00e0 accueillir une ic\u00f4ne, r\u00e9interpr\u00e9t\u00e9e pour le XXIe si\u00e8cle : la nouvelle Alfa Romeo 33 Stradale. V\u00e9ritable","og_url":"https:\/\/www.italpassion.fr\/pt\/alfa-romeo\/alfa-romeo-33-stradale-onde-e-quando-o-pode-ver-em-franca\/","og_site_name":"ItalPassion","article_publisher":"https:\/\/www.facebook.com\/italpassion","article_published_time":"2024-09-06T18:56:57+00:00","article_modified_time":"2024-09-06T18:56:59+00:00","og_image":[{"width":1200,"height":800,"url":"https:\/\/www.italpassion.fr\/wp-content\/uploads\/2024\/09\/alfa-romeo-33-chantily.jpg","type":"image\/jpeg"}],"author":"Alexandre Filluzeau","twitter_card":"summary_large_image","twitter_creator":"@italpassion","twitter_site":"@italpassion","schema":{"@context":"https:\/\/schema.org","@graph":[{"@type":"NewsArticle","@id":"https:\/\/www.italpassion.fr\/pt\/alfa-romeo\/alfa-romeo-33-stradale-voici-ou-et-quand-vous-pourrez-la-voir-en-france\/#article","isPartOf":{"@id":"https:\/\/www.italpassion.fr\/pt\/alfa-romeo\/alfa-romeo-33-stradale-voici-ou-et-quand-vous-pourrez-la-voir-en-france\/"},"author":{"name":"Alexandre Filluzeau","@id":"https:\/\/www.italpassion.fr\/pt\/#\/schema\/person\/36f747b2a759ca202d847e85a9434ca0"},"headline":"Alfa Romeo 33 Stradale : voici o\u00f9 et quand vous pourrez la voir en France","datePublished":"2024-09-06T18:56:57+00:00","dateModified":"2024-09-06T18:56:59+00:00","mainEntityOfPage":{"@id":"https:\/\/www.italpassion.fr\/pt\/alfa-romeo\/alfa-romeo-33-stradale-voici-ou-et-quand-vous-pourrez-la-voir-en-france\/"},"wordCount":501,"commentCount":0,"publisher":{"@id":"https:\/\/www.italpassion.fr\/pt\/#organization"},"image":{"@id":"https:\/\/www.italpassion.fr\/pt\/alfa-romeo\/alfa-romeo-33-stradale-voici-ou-et-quand-vous-pourrez-la-voir-en-france\/#primaryimage"},"thumbnailUrl":"https:\/\/www.italpassion.fr\/wp-content\/uploads\/2024\/09\/alfa-romeo-33-chantily.jpg","articleSection":["Alfa Romeo"],"inLanguage":"pt-PT","potentialAction":[{"@type":"CommentAction","name":"Comment","target":["https:\/\/www.italpassion.fr\/pt\/alfa-romeo\/alfa-romeo-33-stradale-voici-ou-et-quand-vous-pourrez-la-voir-en-france\/#respond"]}]},{"@type":"WebPage","@id":"https:\/\/www.italpassion.fr\/pt\/alfa-romeo\/alfa-romeo-33-stradale-voici-ou-et-quand-vous-pourrez-la-voir-en-france\/","url":"https:\/\/www.italpassion.fr\/pt\/alfa-romeo\/alfa-romeo-33-stradale-voici-ou-et-quand-vous-pourrez-la-voir-en-france\/","name":"Alfa Romeo 33 Stradale: onde e quando pode ser visto em Fran\u00e7a - ItalPassion","isPartOf":{"@id":"https:\/\/www.italpassion.fr\/pt\/#website"},"primaryImageOfPage":{"@id":"https:\/\/www.italpassion.fr\/pt\/alfa-romeo\/alfa-romeo-33-stradale-voici-ou-et-quand-vous-pourrez-la-voir-en-france\/#primaryimage"},"image":{"@id":"https:\/\/www.italpassion.fr\/pt\/alfa-romeo\/alfa-romeo-33-stradale-voici-ou-et-quand-vous-pourrez-la-voir-en-france\/#primaryimage"},"thumbnailUrl":"https:\/\/www.italpassion.fr\/wp-content\/uploads\/2024\/09\/alfa-romeo-33-chantily.jpg","datePublished":"2024-09-06T18:56:57+00:00","dateModified":"2024-09-06T18:56:59+00:00","description":"O mundo dos autom\u00f3veis de luxo est\u00e1 prestes a receber um \u00edcone, reinterpretado para o s\u00e9culo XXI: o novo Alfa Romeo 33 Stradale. Um verdadeiro","breadcrumb":{"@id":"https:\/\/www.italpassion.fr\/pt\/alfa-romeo\/alfa-romeo-33-stradale-voici-ou-et-quand-vous-pourrez-la-voir-en-france\/#breadcrumb"},"inLanguage":"pt-PT","potentialAction":[{"@type":"ReadAction","target":["https:\/\/www.italpassion.fr\/pt\/alfa-romeo\/alfa-romeo-33-stradale-voici-ou-et-quand-vous-pourrez-la-voir-en-france\/"]}]},{"@type":"ImageObject","inLanguage":"pt-PT","@id":"https:\/\/www.italpassion.fr\/pt\/alfa-romeo\/alfa-romeo-33-stradale-voici-ou-et-quand-vous-pourrez-la-voir-en-france\/#primaryimage","url":"https:\/\/www.italpassion.fr\/wp-content\/uploads\/2024\/09\/alfa-romeo-33-chantily.jpg","contentUrl":"https:\/\/www.italpassion.fr\/wp-content\/uploads\/2024\/09\/alfa-romeo-33-chantily.jpg","width":1200,"height":800},{"@type":"BreadcrumbList","@id":"https:\/\/www.italpassion.fr\/pt\/alfa-romeo\/alfa-romeo-33-stradale-voici-ou-et-quand-vous-pourrez-la-voir-en-france\/#breadcrumb","itemListElement":[{"@type":"ListItem","position":1,"name":"Accueil","item":"https:\/\/www.italpassion.fr\/pt\/"},{"@type":"ListItem","position":2,"name":"Alfa Romeo 33 Stradale : voici o\u00f9 et quand vous pourrez la voir en France"}]},{"@type":"WebSite","@id":"https:\/\/www.italpassion.fr\/pt\/#website","url":"https:\/\/www.italpassion.fr\/pt\/","name":"ItalPassion","description":"Entusiastas de autom\u00f3veis italianos","publisher":{"@id":"https:\/\/www.italpassion.fr\/pt\/#organization"},"potentialAction":[{"@type":"SearchAction","target":{"@type":"EntryPoint","urlTemplate":"https:\/\/www.italpassion.fr\/pt\/?s={search_term_string}"},"query-input":{"@type":"PropertyValueSpecification","valueRequired":true,"valueName":"search_term_string"}}],"inLanguage":"pt-PT"},{"@type":"Organization","@id":"https:\/\/www.italpassion.fr\/pt\/#organization","name":"Italpassion","url":"https:\/\/www.italpassion.fr\/pt\/","logo":{"@type":"ImageObject","inLanguage":"pt-PT","@id":"https:\/\/www.italpassion.fr\/pt\/#\/schema\/logo\/image\/","url":"https:\/\/www.italpassion.fr\/wp-content\/uploads\/2023\/07\/italpassion-yoast.jpg","contentUrl":"https:\/\/www.italpassion.fr\/wp-content\/uploads\/2023\/07\/italpassion-yoast.jpg","width":696,"height":696,"caption":"Italpassion"},"image":{"@id":"https:\/\/www.italpassion.fr\/pt\/#\/schema\/logo\/image\/"},"sameAs":["https:\/\/www.facebook.com\/italpassion","https:\/\/x.com\/italpassion","https:\/\/www.instagram.com\/italpassionfr\/","https:\/\/www.youtube.com\/channel\/UCleq-ByQaA42OjhopwevRjQ","https:\/\/www.facebook.com\/italpassion.en\/","https:\/\/www.facebook.com\/italpassion.it\/","https:\/\/www.facebook.com\/italpassion.de\/","https:\/\/www.facebook.com\/italpassion.ja\/"]},{"@type":"Person","@id":"https:\/\/www.italpassion.fr\/pt\/#\/schema\/person\/36f747b2a759ca202d847e85a9434ca0","name":"Alexandre Filluzeau","image":{"@type":"ImageObject","inLanguage":"pt-PT","@id":"https:\/\/www.italpassion.fr\/pt\/#\/schema\/person\/image\/","url":"https:\/\/www.italpassion.fr\/wp-content\/uploads\/2025\/04\/avatar-alexandre-160x160.jpg","contentUrl":"https:\/\/www.italpassion.fr\/wp-content\/uploads\/2025\/04\/avatar-alexandre-160x160.jpg","caption":"Alexandre Filluzeau"},"description":"Fundador do site ItalPassion, apaixonado por carros italianos e pela It\u00e1lia em geral. Trago um olhar cr\u00edtico e t\u00e9cnico \u00e0s not\u00edcias das marcas italianas, sempre que poss\u00edvel. Propriet\u00e1ria de um Maserati GranTurismo, Alfa Romeo MiTo, Lancia Fulvia e Ducati 695. Ex-propriet\u00e1rio de uma Alfa Romeo Giulia.","sameAs":["https:\/\/www.italpassion.fr\/"],"url":"https:\/\/www.italpassion.fr\/pt\/author\/alexandre\/"}]}},"_links":{"self":[{"href":"https:\/\/www.italpassion.fr\/pt\/wp-json\/wp\/v2\/posts\/34640","targetHints":{"allow":["GET"]}}],"collection":[{"href":"https:\/\/www.italpassion.fr\/pt\/wp-json\/wp\/v2\/posts"}],"about":[{"href":"https:\/\/www.italpassion.fr\/pt\/wp-json\/wp\/v2\/types\/post"}],"author":[{"embeddable":true,"href":"https:\/\/www.italpassion.fr\/pt\/wp-json\/wp\/v2\/users\/1"}],"replies":[{"embeddable":true,"href":"https:\/\/www.italpassion.fr\/pt\/wp-json\/wp\/v2\/comments?post=34640"}],"version-history":[{"count":1,"href":"https:\/\/www.italpassion.fr\/pt\/wp-json\/wp\/v2\/posts\/34640\/revisions"}],"predecessor-version":[{"id":34643,"href":"https:\/\/www.italpassion.fr\/pt\/wp-json\/wp\/v2\/posts\/34640\/revisions\/34643"}],"wp:featuredmedia":[{"embeddable":true,"href":"https:\/\/www.italpassion.fr\/pt\/wp-json\/wp\/v2\/media\/34641"}],"wp:attachment":[{"href":"https:\/\/www.italpassion.fr\/pt\/wp-json\/wp\/v2\/media?parent=34640"}],"wp:term":[{"taxonomy":"category","embeddable":true,"href":"https:\/\/www.italpassion.fr\/pt\/wp-json\/wp\/v2\/categories?post=34640"},{"taxonomy":"post_tag","embeddable":true,"href":"https:\/\/www.italpassion.fr\/pt\/wp-json\/wp\/v2\/tags?post=34640"}],"curies":[{"name":"wp","href":"https:\/\/api.w.org\/{rel}","templated":true}]}}