{"id":34533,"date":"2024-08-12T21:45:15","date_gmt":"2024-08-12T19:45:15","guid":{"rendered":"https:\/\/www.italpassion.fr\/?p=34533"},"modified":"2024-08-22T14:57:09","modified_gmt":"2024-08-22T12:57:09","slug":"mesa-redonda-automovel-em-italia-stellantis-pronto-para-reabrir-as-conversacoes-apos-a-pausa-de-verao","status":"publish","type":"post","link":"https:\/\/www.italpassion.fr\/pt\/stellantis\/table-ronde-automobile-en-italie-stellantis-dispose-a-rouvrir-le-dialogue-apres-les-vacances-dete\/","title":{"rendered":"Mesa Redonda Autom\u00f3vel em It\u00e1lia: Stellantis pronto para reabrir as conversa\u00e7\u00f5es ap\u00f3s a pausa de ver\u00e3o"},"content":{"rendered":"<figure class=\"wp-block-image size-large\"><img loading=\"lazy\" decoding=\"async\" width=\"1024\" height=\"683\" src=\"https:\/\/www.italpassion.fr\/wp-content\/uploads\/2024\/08\/table-ronde-mimit-1024x683.jpg\" alt=\"\" class=\"wp-image-34534\" srcset=\"https:\/\/www.italpassion.fr\/wp-content\/uploads\/2024\/08\/table-ronde-mimit-1024x683.jpg 1024w, https:\/\/www.italpassion.fr\/wp-content\/uploads\/2024\/08\/table-ronde-mimit-300x200.jpg 300w, https:\/\/www.italpassion.fr\/wp-content\/uploads\/2024\/08\/table-ronde-mimit-768x512.jpg 768w, https:\/\/www.italpassion.fr\/wp-content\/uploads\/2024\/08\/table-ronde-mimit-18x12.jpg 18w, https:\/\/www.italpassion.fr\/wp-content\/uploads\/2024\/08\/table-ronde-mimit-561x374.jpg 561w, https:\/\/www.italpassion.fr\/wp-content\/uploads\/2024\/08\/table-ronde-mimit-1122x748.jpg 1122w, https:\/\/www.italpassion.fr\/wp-content\/uploads\/2024\/08\/table-ronde-mimit-265x177.jpg 265w, https:\/\/www.italpassion.fr\/wp-content\/uploads\/2024\/08\/table-ronde-mimit-531x354.jpg 531w, https:\/\/www.italpassion.fr\/wp-content\/uploads\/2024\/08\/table-ronde-mimit-364x243.jpg 364w, https:\/\/www.italpassion.fr\/wp-content\/uploads\/2024\/08\/table-ronde-mimit-728x485.jpg 728w, https:\/\/www.italpassion.fr\/wp-content\/uploads\/2024\/08\/table-ronde-mimit-608x405.jpg 608w, https:\/\/www.italpassion.fr\/wp-content\/uploads\/2024\/08\/table-ronde-mimit-758x505.jpg 758w, https:\/\/www.italpassion.fr\/wp-content\/uploads\/2024\/08\/table-ronde-mimit-1152x768.jpg 1152w, https:\/\/www.italpassion.fr\/wp-content\/uploads\/2024\/08\/table-ronde-mimit-600x400.jpg 600w, https:\/\/www.italpassion.fr\/wp-content\/uploads\/2024\/08\/table-ronde-mimit.jpg 1200w\" sizes=\"auto, (max-width: 1024px) 100vw, 1024px\" \/><\/figure>\n\n\n\n<p>Em 7 de agosto de 2024, realizou-se no Palazzo Piacentini, em Roma, um importante \"tavolo automotive\", organizado pelo Minist\u00e9rio das Empresas e do Made in Italy (MIMIT) e presidido pelo Ministro Adolfo Urso. Este encontro crucial reuniu os principais intervenientes do sector autom\u00f3vel italiano, incluindo a Stellantis, os sindicatos e os representantes das regi\u00f5es em causa. <strong>O objetivo era fazer um balan\u00e7o do futuro da ind\u00fastria autom\u00f3vel italiana,<\/strong> est\u00e1 a enfrentar uma s\u00e9rie de desafios sem precedentes.<\/p>\n\n\n\n<h2 class=\"wp-block-heading\">Resultados mistos para os incentivos governamentais<\/h2>\n\n\n\n<p>O Ministro Urso come\u00e7ou por fazer um balan\u00e7o dos incentivos introduzidos em junho para apoiar a produ\u00e7\u00e3o autom\u00f3vel nacional. Embora alguns objectivos tenham sido alcan\u00e7ados, como a renova\u00e7\u00e3o do parque autom\u00f3vel, com 83 % dos ve\u00edculos adquiridos a beneficiarem do regime de abate, outros n\u00e3o o foram. O Ministro admitiu que os incentivos ecol\u00f3gicos n\u00e3o tiveram o efeito desejado no aumento da produ\u00e7\u00e3o em It\u00e1lia. Em resposta a esta situa\u00e7\u00e3o,<strong> est\u00e1 a ser estudado um novo plano de incentivos trienal<\/strong>O plano de a\u00e7\u00e3o prev\u00ea um investimento de 750 milh\u00f5es de euros at\u00e9 2025 e de mil milh\u00f5es de euros por ano de 2026 a 2030. Este plano tem como objetivo dar prioridade \u00e0 produ\u00e7\u00e3o com um elevado teor de componentes europeus, garantindo assim uma produ\u00e7\u00e3o mais sustent\u00e1vel em conformidade com as prioridades europeias.<\/p>\n\n\n\n<h2 class=\"wp-block-heading\">Stellantis pronto para reabrir as negocia\u00e7\u00f5es ap\u00f3s o ver\u00e3o<\/h2>\n\n\n\n<p>No que diz respeito \u00e0 Stellantis, a reuni\u00e3o constituiu uma oportunidade para discutir a situa\u00e7\u00e3o nos locais de produ\u00e7\u00e3o italianos e, em particular, a situa\u00e7\u00e3o da Stellantis em It\u00e1lia.<strong>r a f\u00e1brica de Termoli, cujo futuro permanece incerto<\/strong> devido a atrasos nos investimentos previstos para a cria\u00e7\u00e3o de uma gigaf\u00e1brica pela empresa comum ACC. O Ministro Urso sublinhou a import\u00e2ncia estrat\u00e9gica destes investimentos para a economia local e a necessidade de manter uma produ\u00e7\u00e3o competitiva em It\u00e1lia.<\/p>\n\n\n\n<p>Giuseppe Manca e Daniela Poggio, representantes da Stellantis, declararam que <strong>o Grupo estava disposto a reabrir as discuss\u00f5es ap\u00f3s a pausa de ver\u00e3o,<\/strong> em setembro. O objetivo ser\u00e1 atualizar o plano industrial em conformidade com as novas pol\u00edticas europeias em mat\u00e9ria de transi\u00e7\u00e3o energ\u00e9tica e com as realidades do mercado autom\u00f3vel. Este an\u00fancio \u00e9 visto como uma abertura para um di\u00e1logo construtivo entre o governo e a Stellantis, embora subsistam diferen\u00e7as de opini\u00e3o.<\/p>\n\n\n\n<h2 class=\"wp-block-heading\">O resgate da Magneti Marelli e a chegada da Dongfeng<\/h2>\n\n\n\n<p>Para al\u00e9m das discuss\u00f5es sobre os incentivos, o Ministro Urso anunciou tamb\u00e9m o seguinte <strong>a recupera\u00e7\u00e3o bem sucedida da f\u00e1brica Magneti Marelli<\/strong> para a Crevalcore, um \u00eaxito alcan\u00e7ado gra\u00e7as \u00e0 estreita colabora\u00e7\u00e3o entre todas as partes interessadas. Este resgate faz parte de uma s\u00e9rie de interven\u00e7\u00f5es governamentais destinadas a preservar o emprego industrial em It\u00e1lia.<\/p>\n\n\n\n<p>O Ministro confirmou ainda que <strong>as discuss\u00f5es estavam em curso <\/strong>para a cria\u00e7\u00e3o de novas empresas do sector autom\u00f3vel em It\u00e1lia, nomeadamente com<strong> o construtor autom\u00f3vel chin\u00eas Dongfeng<\/strong>. Est\u00e1 prevista para o final de agosto uma miss\u00e3o t\u00e9cnica \u00e0 China para explorar novas colabora\u00e7\u00f5es industriais, nomeadamente no dom\u00ednio da tecnologia h\u00edbrida e da mobilidade el\u00e9ctrica.<\/p>\n\n\n\n<h2 class=\"wp-block-heading\">Sindicatos preocupados com um futuro incerto<\/h2>\n\n\n\n<p>Os sindicatos, por seu lado, manifestaram a sua preocupa\u00e7\u00e3o com a situa\u00e7\u00e3o atual. Rocco Palombella, Secret\u00e1rio-Geral da Uilm, declarou que \"este tavolo criou outras d\u00favidas e preocupa\u00e7\u00f5es\", sublinhando que <strong>uma aparente fratura entre o governo e Stellantis<\/strong>. Sublinhou ainda a necessidade de retomar as discuss\u00f5es com Stellantis para garantir o futuro dos milhares de trabalhadores do sector em It\u00e1lia.<\/p>\n\n\n\n<p>Ferdinando Uliano, da Fim-Cisl, apelou a pol\u00edticas industriais mais inclusivas, enquanto Michele De Palma, da Fiom-Cgil, apelou a um plano estrat\u00e9gico e extraordin\u00e1rio para a ind\u00fastria autom\u00f3vel italiana, sublinhando a import\u00e2ncia da inova\u00e7\u00e3o e de uma transi\u00e7\u00e3o justa para os trabalhadores.<\/p>\n\n\n\n<h2 class=\"wp-block-heading\">Um encontro europeu no horizonte<\/h2>\n\n\n\n<p>Por fim, o Ministro Urso anunciou <strong>Uma reuni\u00e3o europeia prevista para novembro <\/strong>para debater a introdu\u00e7\u00e3o de<strong> direitos aduaneiros sobre os autom\u00f3veis produzidos na China<\/strong>um assunto que poder\u00e1 ter repercuss\u00f5es importantes para a ind\u00fastria autom\u00f3vel em It\u00e1lia. Esta iniciativa faz parte de uma estrat\u00e9gia mais alargada para proteger a produ\u00e7\u00e3o europeia da concorr\u00eancia chinesa.<\/p>","protected":false},"excerpt":{"rendered":"","protected":false},"author":1,"featured_media":34534,"comment_status":"open","ping_status":"open","sticky":false,"template":"","format":"standard","meta":{"_acf_changed":false,"_sitemap_exclude":false,"_sitemap_priority":"","_sitemap_frequency":"","footnotes":""},"categories":[29],"tags":[388],"class_list":["post-34533","post","type-post","status-publish","format-standard","has-post-thumbnail","hentry","category-stellantis","tag-adolfo-urso","generate-columns","tablet-grid-50","mobile-grid-100","grid-parent","grid-33"],"acf":[],"yoast_head":"<!-- This site is optimized with the Yoast SEO plugin v25.8 - https:\/\/yoast.com\/wordpress\/plugins\/seo\/ -->\n<title>Table ronde automobile en Italie : Stellantis dispos\u00e9 \u00e0 rouvrir le dialogue\u00a0apr\u00e8s les vacances d&#039;\u00e9t\u00e9 - ItalPassion<\/title>\n<meta name=\"description\" content=\"Le 7 ao\u00fbt 2024, s&#039;est tenu au Palazzo Piacentini de Rome un important \u00ab\u00a0tavolo automotive\u00a0\u00bb organis\u00e9 par le minist\u00e8re des Entreprises et du Made in Italy\" \/>\n<meta name=\"robots\" content=\"index, follow, max-snippet:-1, max-image-preview:large, max-video-preview:-1\" \/>\n<link rel=\"canonical\" href=\"https:\/\/www.italpassion.fr\/pt\/stellantis\/mesa-redonda-automovel-em-italia-stellantis-pronto-para-reabrir-as-conversacoes-apos-a-pausa-de-verao\/\" \/>\n<meta property=\"og:locale\" content=\"pt_PT\" \/>\n<meta property=\"og:type\" content=\"article\" \/>\n<meta property=\"og:title\" content=\"Table ronde automobile en Italie : Stellantis dispos\u00e9 \u00e0 rouvrir le dialogue\u00a0apr\u00e8s les vacances d&#039;\u00e9t\u00e9 - ItalPassion\" \/>\n<meta property=\"og:description\" content=\"Le 7 ao\u00fbt 2024, s&#039;est tenu au Palazzo Piacentini de Rome un important \u00ab\u00a0tavolo automotive\u00a0\u00bb organis\u00e9 par le minist\u00e8re des Entreprises et du Made in Italy\" \/>\n<meta property=\"og:url\" content=\"https:\/\/www.italpassion.fr\/pt\/stellantis\/mesa-redonda-automovel-em-italia-stellantis-pronto-para-reabrir-as-conversacoes-apos-a-pausa-de-verao\/\" \/>\n<meta property=\"og:site_name\" content=\"ItalPassion\" \/>\n<meta property=\"article:publisher\" content=\"https:\/\/www.facebook.com\/italpassion\" \/>\n<meta property=\"article:published_time\" content=\"2024-08-12T19:45:15+00:00\" \/>\n<meta property=\"article:modified_time\" content=\"2024-08-22T12:57:09+00:00\" \/>\n<meta property=\"og:image\" content=\"https:\/\/www.italpassion.fr\/wp-content\/uploads\/2024\/08\/table-ronde-mimit.jpg\" \/>\n\t<meta property=\"og:image:width\" content=\"1200\" \/>\n\t<meta property=\"og:image:height\" content=\"800\" \/>\n\t<meta property=\"og:image:type\" content=\"image\/jpeg\" \/>\n<meta name=\"author\" content=\"Alexandre Filluzeau\" \/>\n<meta name=\"twitter:card\" content=\"summary_large_image\" \/>\n<meta name=\"twitter:creator\" content=\"@italpassion\" \/>\n<meta name=\"twitter:site\" content=\"@italpassion\" \/>\n<script type=\"application\/ld+json\" class=\"yoast-schema-graph\">{\"@context\":\"https:\/\/schema.org\",\"@graph\":[{\"@type\":\"NewsArticle\",\"@id\":\"https:\/\/www.italpassion.fr\/pt\/stellantis\/table-ronde-automobile-en-italie-stellantis-dispose-a-rouvrir-le-dialogue-apres-les-vacances-dete\/#article\",\"isPartOf\":{\"@id\":\"https:\/\/www.italpassion.fr\/pt\/stellantis\/table-ronde-automobile-en-italie-stellantis-dispose-a-rouvrir-le-dialogue-apres-les-vacances-dete\/\"},\"author\":{\"name\":\"Alexandre Filluzeau\",\"@id\":\"https:\/\/www.italpassion.fr\/pt\/#\/schema\/person\/36f747b2a759ca202d847e85a9434ca0\"},\"headline\":\"Table ronde automobile en Italie : Stellantis dispos\u00e9 \u00e0 rouvrir le dialogue\u00a0apr\u00e8s les vacances d&rsquo;\u00e9t\u00e9\",\"datePublished\":\"2024-08-12T19:45:15+00:00\",\"dateModified\":\"2024-08-22T12:57:09+00:00\",\"mainEntityOfPage\":{\"@id\":\"https:\/\/www.italpassion.fr\/pt\/stellantis\/table-ronde-automobile-en-italie-stellantis-dispose-a-rouvrir-le-dialogue-apres-les-vacances-dete\/\"},\"wordCount\":749,\"commentCount\":3,\"publisher\":{\"@id\":\"https:\/\/www.italpassion.fr\/pt\/#organization\"},\"image\":{\"@id\":\"https:\/\/www.italpassion.fr\/pt\/stellantis\/table-ronde-automobile-en-italie-stellantis-dispose-a-rouvrir-le-dialogue-apres-les-vacances-dete\/#primaryimage\"},\"thumbnailUrl\":\"https:\/\/www.italpassion.fr\/wp-content\/uploads\/2024\/08\/table-ronde-mimit.jpg\",\"keywords\":[\"Adolfo Urso\"],\"articleSection\":[\"Stellantis\"],\"inLanguage\":\"pt-PT\",\"potentialAction\":[{\"@type\":\"CommentAction\",\"name\":\"Comment\",\"target\":[\"https:\/\/www.italpassion.fr\/pt\/stellantis\/table-ronde-automobile-en-italie-stellantis-dispose-a-rouvrir-le-dialogue-apres-les-vacances-dete\/#respond\"]}]},{\"@type\":\"WebPage\",\"@id\":\"https:\/\/www.italpassion.fr\/pt\/stellantis\/table-ronde-automobile-en-italie-stellantis-dispose-a-rouvrir-le-dialogue-apres-les-vacances-dete\/\",\"url\":\"https:\/\/www.italpassion.fr\/pt\/stellantis\/table-ronde-automobile-en-italie-stellantis-dispose-a-rouvrir-le-dialogue-apres-les-vacances-dete\/\",\"name\":\"Table ronde automobile en Italie : Stellantis dispos\u00e9 \u00e0 rouvrir le dialogue\u00a0apr\u00e8s les vacances d'\u00e9t\u00e9 - ItalPassion\",\"isPartOf\":{\"@id\":\"https:\/\/www.italpassion.fr\/pt\/#website\"},\"primaryImageOfPage\":{\"@id\":\"https:\/\/www.italpassion.fr\/pt\/stellantis\/table-ronde-automobile-en-italie-stellantis-dispose-a-rouvrir-le-dialogue-apres-les-vacances-dete\/#primaryimage\"},\"image\":{\"@id\":\"https:\/\/www.italpassion.fr\/pt\/stellantis\/table-ronde-automobile-en-italie-stellantis-dispose-a-rouvrir-le-dialogue-apres-les-vacances-dete\/#primaryimage\"},\"thumbnailUrl\":\"https:\/\/www.italpassion.fr\/wp-content\/uploads\/2024\/08\/table-ronde-mimit.jpg\",\"datePublished\":\"2024-08-12T19:45:15+00:00\",\"dateModified\":\"2024-08-22T12:57:09+00:00\",\"description\":\"Le 7 ao\u00fbt 2024, s'est tenu au Palazzo Piacentini de Rome un important \u00ab\u00a0tavolo automotive\u00a0\u00bb organis\u00e9 par le minist\u00e8re des Entreprises et du Made in Italy\",\"breadcrumb\":{\"@id\":\"https:\/\/www.italpassion.fr\/pt\/stellantis\/table-ronde-automobile-en-italie-stellantis-dispose-a-rouvrir-le-dialogue-apres-les-vacances-dete\/#breadcrumb\"},\"inLanguage\":\"pt-PT\",\"potentialAction\":[{\"@type\":\"ReadAction\",\"target\":[\"https:\/\/www.italpassion.fr\/pt\/stellantis\/table-ronde-automobile-en-italie-stellantis-dispose-a-rouvrir-le-dialogue-apres-les-vacances-dete\/\"]}]},{\"@type\":\"ImageObject\",\"inLanguage\":\"pt-PT\",\"@id\":\"https:\/\/www.italpassion.fr\/pt\/stellantis\/table-ronde-automobile-en-italie-stellantis-dispose-a-rouvrir-le-dialogue-apres-les-vacances-dete\/#primaryimage\",\"url\":\"https:\/\/www.italpassion.fr\/wp-content\/uploads\/2024\/08\/table-ronde-mimit.jpg\",\"contentUrl\":\"https:\/\/www.italpassion.fr\/wp-content\/uploads\/2024\/08\/table-ronde-mimit.jpg\",\"width\":1200,\"height\":800},{\"@type\":\"BreadcrumbList\",\"@id\":\"https:\/\/www.italpassion.fr\/pt\/stellantis\/table-ronde-automobile-en-italie-stellantis-dispose-a-rouvrir-le-dialogue-apres-les-vacances-dete\/#breadcrumb\",\"itemListElement\":[{\"@type\":\"ListItem\",\"position\":1,\"name\":\"Accueil\",\"item\":\"https:\/\/www.italpassion.fr\/pt\/\"},{\"@type\":\"ListItem\",\"position\":2,\"name\":\"Table ronde automobile en Italie : Stellantis dispos\u00e9 \u00e0 rouvrir le dialogue\u00a0apr\u00e8s les vacances d&rsquo;\u00e9t\u00e9\"}]},{\"@type\":\"WebSite\",\"@id\":\"https:\/\/www.italpassion.fr\/pt\/#website\",\"url\":\"https:\/\/www.italpassion.fr\/pt\/\",\"name\":\"ItalPassion\",\"description\":\"Les Passionn\u00e9s d&#039;Automobiles Italiennes\",\"publisher\":{\"@id\":\"https:\/\/www.italpassion.fr\/pt\/#organization\"},\"potentialAction\":[{\"@type\":\"SearchAction\",\"target\":{\"@type\":\"EntryPoint\",\"urlTemplate\":\"https:\/\/www.italpassion.fr\/pt\/?s={search_term_string}\"},\"query-input\":{\"@type\":\"PropertyValueSpecification\",\"valueRequired\":true,\"valueName\":\"search_term_string\"}}],\"inLanguage\":\"pt-PT\"},{\"@type\":\"Organization\",\"@id\":\"https:\/\/www.italpassion.fr\/pt\/#organization\",\"name\":\"Italpassion\",\"url\":\"https:\/\/www.italpassion.fr\/pt\/\",\"logo\":{\"@type\":\"ImageObject\",\"inLanguage\":\"pt-PT\",\"@id\":\"https:\/\/www.italpassion.fr\/pt\/#\/schema\/logo\/image\/\",\"url\":\"https:\/\/www.italpassion.fr\/wp-content\/uploads\/2023\/07\/italpassion-yoast.jpg\",\"contentUrl\":\"https:\/\/www.italpassion.fr\/wp-content\/uploads\/2023\/07\/italpassion-yoast.jpg\",\"width\":696,\"height\":696,\"caption\":\"Italpassion\"},\"image\":{\"@id\":\"https:\/\/www.italpassion.fr\/pt\/#\/schema\/logo\/image\/\"},\"sameAs\":[\"https:\/\/www.facebook.com\/italpassion\",\"https:\/\/x.com\/italpassion\",\"https:\/\/www.instagram.com\/italpassionfr\/\",\"https:\/\/www.youtube.com\/channel\/UCleq-ByQaA42OjhopwevRjQ\",\"https:\/\/www.facebook.com\/italpassion.en\/\",\"https:\/\/www.facebook.com\/italpassion.it\/\",\"https:\/\/www.facebook.com\/italpassion.de\/\",\"https:\/\/www.facebook.com\/italpassion.ja\/\"]},{\"@type\":\"Person\",\"@id\":\"https:\/\/www.italpassion.fr\/pt\/#\/schema\/person\/36f747b2a759ca202d847e85a9434ca0\",\"name\":\"Alexandre Filluzeau\",\"image\":{\"@type\":\"ImageObject\",\"inLanguage\":\"pt-PT\",\"@id\":\"https:\/\/www.italpassion.fr\/pt\/#\/schema\/person\/image\/\",\"url\":\"https:\/\/www.italpassion.fr\/wp-content\/uploads\/2025\/04\/avatar-alexandre-160x160.jpg\",\"contentUrl\":\"https:\/\/www.italpassion.fr\/wp-content\/uploads\/2025\/04\/avatar-alexandre-160x160.jpg\",\"caption\":\"Alexandre Filluzeau\"},\"description\":\"Fondateur du site ItalPassion, passionn\u00e9 de voitures italiennes et de l'Italie en g\u00e9n\u00e9ral. J'apporte un regard critique et technique aux actualit\u00e9s des marques italiennes quand cela est possible. Propri\u00e9taire d'une Maserati GranTurismo, Alfa Romeo MiTo, Lancia Fulvia et Ducati 695. Ex-propri\u00e9taire d'une Alfa Romeo Giulia.\",\"sameAs\":[\"https:\/\/www.italpassion.fr\/\"],\"url\":\"https:\/\/www.italpassion.fr\/pt\/author\/alexandre\/\"}]}<\/script>\n<!-- \/ Yoast SEO plugin. -->","yoast_head_json":{"title":"Mesa-redonda autom\u00f3vel em It\u00e1lia: Stellantis pronto a reabrir as negocia\u00e7\u00f5es ap\u00f3s as f\u00e9rias de ver\u00e3o - ItalPassion","description":"Em 7 de agosto de 2024, realizou-se um grande \"tavolo automotive\" no Palazzo Piacentini, em Roma, organizado pelo Minist\u00e9rio das Empresas e do Made in Italy.","robots":{"index":"index","follow":"follow","max-snippet":"max-snippet:-1","max-image-preview":"max-image-preview:large","max-video-preview":"max-video-preview:-1"},"canonical":"https:\/\/www.italpassion.fr\/pt\/stellantis\/mesa-redonda-automovel-em-italia-stellantis-pronto-para-reabrir-as-conversacoes-apos-a-pausa-de-verao\/","og_locale":"pt_PT","og_type":"article","og_title":"Table ronde automobile en Italie : Stellantis dispos\u00e9 \u00e0 rouvrir le dialogue\u00a0apr\u00e8s les vacances d'\u00e9t\u00e9 - ItalPassion","og_description":"Le 7 ao\u00fbt 2024, s'est tenu au Palazzo Piacentini de Rome un important \u00ab\u00a0tavolo automotive\u00a0\u00bb organis\u00e9 par le minist\u00e8re des Entreprises et du Made in Italy","og_url":"https:\/\/www.italpassion.fr\/pt\/stellantis\/mesa-redonda-automovel-em-italia-stellantis-pronto-para-reabrir-as-conversacoes-apos-a-pausa-de-verao\/","og_site_name":"ItalPassion","article_publisher":"https:\/\/www.facebook.com\/italpassion","article_published_time":"2024-08-12T19:45:15+00:00","article_modified_time":"2024-08-22T12:57:09+00:00","og_image":[{"width":1200,"height":800,"url":"https:\/\/www.italpassion.fr\/wp-content\/uploads\/2024\/08\/table-ronde-mimit.jpg","type":"image\/jpeg"}],"author":"Alexandre Filluzeau","twitter_card":"summary_large_image","twitter_creator":"@italpassion","twitter_site":"@italpassion","schema":{"@context":"https:\/\/schema.org","@graph":[{"@type":"NewsArticle","@id":"https:\/\/www.italpassion.fr\/pt\/stellantis\/table-ronde-automobile-en-italie-stellantis-dispose-a-rouvrir-le-dialogue-apres-les-vacances-dete\/#article","isPartOf":{"@id":"https:\/\/www.italpassion.fr\/pt\/stellantis\/table-ronde-automobile-en-italie-stellantis-dispose-a-rouvrir-le-dialogue-apres-les-vacances-dete\/"},"author":{"name":"Alexandre Filluzeau","@id":"https:\/\/www.italpassion.fr\/pt\/#\/schema\/person\/36f747b2a759ca202d847e85a9434ca0"},"headline":"Table ronde automobile en Italie : Stellantis dispos\u00e9 \u00e0 rouvrir le dialogue\u00a0apr\u00e8s les vacances d&rsquo;\u00e9t\u00e9","datePublished":"2024-08-12T19:45:15+00:00","dateModified":"2024-08-22T12:57:09+00:00","mainEntityOfPage":{"@id":"https:\/\/www.italpassion.fr\/pt\/stellantis\/table-ronde-automobile-en-italie-stellantis-dispose-a-rouvrir-le-dialogue-apres-les-vacances-dete\/"},"wordCount":749,"commentCount":3,"publisher":{"@id":"https:\/\/www.italpassion.fr\/pt\/#organization"},"image":{"@id":"https:\/\/www.italpassion.fr\/pt\/stellantis\/table-ronde-automobile-en-italie-stellantis-dispose-a-rouvrir-le-dialogue-apres-les-vacances-dete\/#primaryimage"},"thumbnailUrl":"https:\/\/www.italpassion.fr\/wp-content\/uploads\/2024\/08\/table-ronde-mimit.jpg","keywords":["Adolfo Urso"],"articleSection":["Stellantis"],"inLanguage":"pt-PT","potentialAction":[{"@type":"CommentAction","name":"Comment","target":["https:\/\/www.italpassion.fr\/pt\/stellantis\/table-ronde-automobile-en-italie-stellantis-dispose-a-rouvrir-le-dialogue-apres-les-vacances-dete\/#respond"]}]},{"@type":"WebPage","@id":"https:\/\/www.italpassion.fr\/pt\/stellantis\/table-ronde-automobile-en-italie-stellantis-dispose-a-rouvrir-le-dialogue-apres-les-vacances-dete\/","url":"https:\/\/www.italpassion.fr\/pt\/stellantis\/table-ronde-automobile-en-italie-stellantis-dispose-a-rouvrir-le-dialogue-apres-les-vacances-dete\/","name":"Mesa-redonda autom\u00f3vel em It\u00e1lia: Stellantis pronto a reabrir as negocia\u00e7\u00f5es ap\u00f3s as f\u00e9rias de ver\u00e3o - ItalPassion","isPartOf":{"@id":"https:\/\/www.italpassion.fr\/pt\/#website"},"primaryImageOfPage":{"@id":"https:\/\/www.italpassion.fr\/pt\/stellantis\/table-ronde-automobile-en-italie-stellantis-dispose-a-rouvrir-le-dialogue-apres-les-vacances-dete\/#primaryimage"},"image":{"@id":"https:\/\/www.italpassion.fr\/pt\/stellantis\/table-ronde-automobile-en-italie-stellantis-dispose-a-rouvrir-le-dialogue-apres-les-vacances-dete\/#primaryimage"},"thumbnailUrl":"https:\/\/www.italpassion.fr\/wp-content\/uploads\/2024\/08\/table-ronde-mimit.jpg","datePublished":"2024-08-12T19:45:15+00:00","dateModified":"2024-08-22T12:57:09+00:00","description":"Em 7 de agosto de 2024, realizou-se um grande \"tavolo automotive\" no Palazzo Piacentini, em Roma, organizado pelo Minist\u00e9rio das Empresas e do Made in Italy.","breadcrumb":{"@id":"https:\/\/www.italpassion.fr\/pt\/stellantis\/table-ronde-automobile-en-italie-stellantis-dispose-a-rouvrir-le-dialogue-apres-les-vacances-dete\/#breadcrumb"},"inLanguage":"pt-PT","potentialAction":[{"@type":"ReadAction","target":["https:\/\/www.italpassion.fr\/pt\/stellantis\/table-ronde-automobile-en-italie-stellantis-dispose-a-rouvrir-le-dialogue-apres-les-vacances-dete\/"]}]},{"@type":"ImageObject","inLanguage":"pt-PT","@id":"https:\/\/www.italpassion.fr\/pt\/stellantis\/table-ronde-automobile-en-italie-stellantis-dispose-a-rouvrir-le-dialogue-apres-les-vacances-dete\/#primaryimage","url":"https:\/\/www.italpassion.fr\/wp-content\/uploads\/2024\/08\/table-ronde-mimit.jpg","contentUrl":"https:\/\/www.italpassion.fr\/wp-content\/uploads\/2024\/08\/table-ronde-mimit.jpg","width":1200,"height":800},{"@type":"BreadcrumbList","@id":"https:\/\/www.italpassion.fr\/pt\/stellantis\/table-ronde-automobile-en-italie-stellantis-dispose-a-rouvrir-le-dialogue-apres-les-vacances-dete\/#breadcrumb","itemListElement":[{"@type":"ListItem","position":1,"name":"Accueil","item":"https:\/\/www.italpassion.fr\/pt\/"},{"@type":"ListItem","position":2,"name":"Table ronde automobile en Italie : Stellantis dispos\u00e9 \u00e0 rouvrir le dialogue\u00a0apr\u00e8s les vacances d&rsquo;\u00e9t\u00e9"}]},{"@type":"WebSite","@id":"https:\/\/www.italpassion.fr\/pt\/#website","url":"https:\/\/www.italpassion.fr\/pt\/","name":"ItalPassion","description":"Entusiastas de autom\u00f3veis italianos","publisher":{"@id":"https:\/\/www.italpassion.fr\/pt\/#organization"},"potentialAction":[{"@type":"SearchAction","target":{"@type":"EntryPoint","urlTemplate":"https:\/\/www.italpassion.fr\/pt\/?s={search_term_string}"},"query-input":{"@type":"PropertyValueSpecification","valueRequired":true,"valueName":"search_term_string"}}],"inLanguage":"pt-PT"},{"@type":"Organization","@id":"https:\/\/www.italpassion.fr\/pt\/#organization","name":"Italpassion","url":"https:\/\/www.italpassion.fr\/pt\/","logo":{"@type":"ImageObject","inLanguage":"pt-PT","@id":"https:\/\/www.italpassion.fr\/pt\/#\/schema\/logo\/image\/","url":"https:\/\/www.italpassion.fr\/wp-content\/uploads\/2023\/07\/italpassion-yoast.jpg","contentUrl":"https:\/\/www.italpassion.fr\/wp-content\/uploads\/2023\/07\/italpassion-yoast.jpg","width":696,"height":696,"caption":"Italpassion"},"image":{"@id":"https:\/\/www.italpassion.fr\/pt\/#\/schema\/logo\/image\/"},"sameAs":["https:\/\/www.facebook.com\/italpassion","https:\/\/x.com\/italpassion","https:\/\/www.instagram.com\/italpassionfr\/","https:\/\/www.youtube.com\/channel\/UCleq-ByQaA42OjhopwevRjQ","https:\/\/www.facebook.com\/italpassion.en\/","https:\/\/www.facebook.com\/italpassion.it\/","https:\/\/www.facebook.com\/italpassion.de\/","https:\/\/www.facebook.com\/italpassion.ja\/"]},{"@type":"Person","@id":"https:\/\/www.italpassion.fr\/pt\/#\/schema\/person\/36f747b2a759ca202d847e85a9434ca0","name":"Alexandre Filluzeau","image":{"@type":"ImageObject","inLanguage":"pt-PT","@id":"https:\/\/www.italpassion.fr\/pt\/#\/schema\/person\/image\/","url":"https:\/\/www.italpassion.fr\/wp-content\/uploads\/2025\/04\/avatar-alexandre-160x160.jpg","contentUrl":"https:\/\/www.italpassion.fr\/wp-content\/uploads\/2025\/04\/avatar-alexandre-160x160.jpg","caption":"Alexandre Filluzeau"},"description":"Fundador do site ItalPassion, apaixonado por carros italianos e pela It\u00e1lia em geral. Trago um olhar cr\u00edtico e t\u00e9cnico \u00e0s not\u00edcias das marcas italianas, sempre que poss\u00edvel. Propriet\u00e1ria de um Maserati GranTurismo, Alfa Romeo MiTo, Lancia Fulvia e Ducati 695. Ex-propriet\u00e1rio de uma Alfa Romeo Giulia.","sameAs":["https:\/\/www.italpassion.fr\/"],"url":"https:\/\/www.italpassion.fr\/pt\/author\/alexandre\/"}]}},"_links":{"self":[{"href":"https:\/\/www.italpassion.fr\/pt\/wp-json\/wp\/v2\/posts\/34533","targetHints":{"allow":["GET"]}}],"collection":[{"href":"https:\/\/www.italpassion.fr\/pt\/wp-json\/wp\/v2\/posts"}],"about":[{"href":"https:\/\/www.italpassion.fr\/pt\/wp-json\/wp\/v2\/types\/post"}],"author":[{"embeddable":true,"href":"https:\/\/www.italpassion.fr\/pt\/wp-json\/wp\/v2\/users\/1"}],"replies":[{"embeddable":true,"href":"https:\/\/www.italpassion.fr\/pt\/wp-json\/wp\/v2\/comments?post=34533"}],"version-history":[{"count":2,"href":"https:\/\/www.italpassion.fr\/pt\/wp-json\/wp\/v2\/posts\/34533\/revisions"}],"predecessor-version":[{"id":34587,"href":"https:\/\/www.italpassion.fr\/pt\/wp-json\/wp\/v2\/posts\/34533\/revisions\/34587"}],"wp:featuredmedia":[{"embeddable":true,"href":"https:\/\/www.italpassion.fr\/pt\/wp-json\/wp\/v2\/media\/34534"}],"wp:attachment":[{"href":"https:\/\/www.italpassion.fr\/pt\/wp-json\/wp\/v2\/media?parent=34533"}],"wp:term":[{"taxonomy":"category","embeddable":true,"href":"https:\/\/www.italpassion.fr\/pt\/wp-json\/wp\/v2\/categories?post=34533"},{"taxonomy":"post_tag","embeddable":true,"href":"https:\/\/www.italpassion.fr\/pt\/wp-json\/wp\/v2\/tags?post=34533"}],"curies":[{"name":"wp","href":"https:\/\/api.w.org\/{rel}","templated":true}]}}