{"id":34398,"date":"2024-07-12T19:21:57","date_gmt":"2024-07-12T17:21:57","guid":{"rendered":"https:\/\/www.italpassion.fr\/?p=34398"},"modified":"2024-08-22T14:57:58","modified_gmt":"2024-08-22T12:57:58","slug":"aniversario-da-fiat-o-ministro-italiano-adolfo-urso-e-convidado-para-a-festa-para-aliviar-as-tensoes","status":"publish","type":"post","link":"https:\/\/www.italpassion.fr\/pt\/fiat\/anniversaire-fiat-le-ministre-italien-adolfo-urso-invite-a-la-fete-pour-appaiser-les-tensions\/","title":{"rendered":"Anivers\u00e1rio da Fiat: o ministro italiano Adolfo Urso foi convidado para a festa para aliviar as tens\u00f5es?"},"content":{"rendered":"<p>No dia 11 de julho, a Fiat convidou-nos a ir a Turim, e mais concretamente ao Lingotto, para celebrar um duplo acontecimento: a apresenta\u00e7\u00e3o do novo <a href=\"https:\/\/www.italpassion.fr\/pt\/fiat\/a-fiat-revela-o-seu-novo-grande-panda-um-pouco-mais-cedo\/\">o novo Fiat Grande Panda<\/a> e o 125\u00ba anivers\u00e1rio da marca italiana. O tema era \"Sorrir para o futuro\", <strong>esta celebra\u00e7\u00e3o reuniu muitas figuras influentes<\/strong>Entre eles, John Elkann, Presidente da Stellantis, Carlos Tavares, Diretor Executivo da Stellantis, e Olivier Fran\u00e7ois, Diretor Executivo da FIAT. Entre os ilustres convidados encontravam-se tamb\u00e9m importantes pol\u00edticos italianos. Diz-se que o Stellantis retirou ensinamentos do lan\u00e7amento do <s>Mil\u00e3o<\/s> J\u00fanior?<\/p>\n\n\n\n<figure class=\"wp-block-image size-large\"><img loading=\"lazy\" decoding=\"async\" width=\"1024\" height=\"683\" src=\"https:\/\/www.italpassion.fr\/wp-content\/uploads\/2024\/07\/anniversaire-125-fiat-1024x683.jpg\" alt=\"\" class=\"wp-image-34402\" srcset=\"https:\/\/www.italpassion.fr\/wp-content\/uploads\/2024\/07\/anniversaire-125-fiat-1024x683.jpg 1024w, https:\/\/www.italpassion.fr\/wp-content\/uploads\/2024\/07\/anniversaire-125-fiat-300x200.jpg 300w, https:\/\/www.italpassion.fr\/wp-content\/uploads\/2024\/07\/anniversaire-125-fiat-768x512.jpg 768w, https:\/\/www.italpassion.fr\/wp-content\/uploads\/2024\/07\/anniversaire-125-fiat-18x12.jpg 18w, https:\/\/www.italpassion.fr\/wp-content\/uploads\/2024\/07\/anniversaire-125-fiat-561x374.jpg 561w, https:\/\/www.italpassion.fr\/wp-content\/uploads\/2024\/07\/anniversaire-125-fiat-1122x748.jpg 1122w, https:\/\/www.italpassion.fr\/wp-content\/uploads\/2024\/07\/anniversaire-125-fiat-265x177.jpg 265w, https:\/\/www.italpassion.fr\/wp-content\/uploads\/2024\/07\/anniversaire-125-fiat-531x354.jpg 531w, https:\/\/www.italpassion.fr\/wp-content\/uploads\/2024\/07\/anniversaire-125-fiat-364x243.jpg 364w, https:\/\/www.italpassion.fr\/wp-content\/uploads\/2024\/07\/anniversaire-125-fiat-728x485.jpg 728w, https:\/\/www.italpassion.fr\/wp-content\/uploads\/2024\/07\/anniversaire-125-fiat-608x405.jpg 608w, https:\/\/www.italpassion.fr\/wp-content\/uploads\/2024\/07\/anniversaire-125-fiat-758x505.jpg 758w, https:\/\/www.italpassion.fr\/wp-content\/uploads\/2024\/07\/anniversaire-125-fiat-1152x768.jpg 1152w, https:\/\/www.italpassion.fr\/wp-content\/uploads\/2024\/07\/anniversaire-125-fiat-600x400.jpg 600w, https:\/\/www.italpassion.fr\/wp-content\/uploads\/2024\/07\/anniversaire-125-fiat.jpg 1200w\" sizes=\"auto, (max-width: 1024px) 100vw, 1024px\" \/><\/figure>\n\n\n\n<h2 class=\"wp-block-heading\">Uma s\u00e9rie de VIPs<\/h2>\n\n\n\n<p>A cerim\u00f3nia contou com a presen\u00e7a do Ministro das Empresas e do Made in Italy, Senador Adolfo Urso, e da Vice-Presidente do Senado, Senadora Licia Ronzulli. Estiveram tamb\u00e9m presentes Alberto Luigi Gusmeroli, Presidente da Comiss\u00e3o das Actividades Produtivas, do Com\u00e9rcio e do Turismo da C\u00e2mara dos Deputados, Alberto Cirio, Presidente da Regi\u00e3o, e Stefano Lo Russo, Presidente da C\u00e2mara de Turim. O mundo autom\u00f3vel n\u00e3o ficou de fora, com figuras como Lapo Elkann, Diretor-Geral da Garage Italia, Jean-Philippe Imparato, Diretor-Geral da Alfa Romeo, e Luca Napolitano, Diretor-Geral da Lancia.<\/p>\n\n\n\n<h2 class=\"wp-block-heading\">Uma festa de anivers\u00e1rio com um duplo objetivo<\/h2>\n\n\n\n<p>Esta celebra\u00e7\u00e3o parecia ter <strong>dois objectivos principais.<\/strong> O primeiro foi <strong>para aliviar as tens\u00f5es com os pol\u00edticos italianos.<\/strong> A Fiat tem estado recentemente no centro de uma s\u00e9rie de tens\u00f5es com o Governo italiano, nomeadamente no que se refere \u00e0 <a href=\"https:\/\/www.italpassion.fr\/pt\/alfa-romeo\/lalfa-romeo-milano-oficial-muda-o-seu-nome-para-junior\/\">Alfa Romeo Milano rebaptizado Junior<\/a>a <a href=\"https:\/\/www.italpassion.fr\/pt\/fiat\/fiat-500-electric-mirafiori-fabrica-encerrada-ate-setembro\/\">menor produ\u00e7\u00e3o em Mirafiori<\/a>e <a href=\"https:\/\/www.italpassion.fr\/pt\/maserati\/stellantis-fecha-o-laboratorio-de-inovacao-maserati-em-modena\/\">Encerramento do Laborat\u00f3rio de Inova\u00e7\u00e3o Maserati<\/a>. O segundo objetivo, mais estrat\u00e9gico, era provavelmente <strong>obter apoio pol\u00edtico<\/strong> sobre o novo Fiat Grande Panda, um modelo ic\u00f3nico que, no entanto, ser\u00e1 produzido... na S\u00e9rvia!<\/p>\n\n\n\n<h2 class=\"wp-block-heading\">Urso vs Taveres - ronda 1<\/h2>\n\n\n\n<p><strong>O Ministro Adolfo Urso toma a palavra <\/strong>para um discurso de 15 minutos, <strong>que sublinha a import\u00e2ncia hist\u00f3rica da Fiat para a It\u00e1lia<\/strong>. \"A Fiat \u00e9 uma marca que acompanha o crescimento econ\u00f3mico e social da It\u00e1lia h\u00e1 d\u00e9cadas. Quando foi inaugurado, o Lingotto de Turim era o maior complexo industrial da Europa. N\u00e3o quero que Turim se torne um museu industrial. O sucesso da Fiat \u00e9 o sucesso de It\u00e1lia. Stellantis deve continuar a encarnar o estilo e a eleg\u00e2ncia italianos. A Fiat \u00e9 feita pelas pessoas e n\u00e3o pelos mercados. Atualmente, temos de redescobrir a coes\u00e3o e a responsabilidade social\".<\/p>\n\n\n\n<p>Lembrou que entregou a Carlos Tavares o artigo 1\u00ba da Constitui\u00e7\u00e3o italiana, que estipula que o pa\u00eds \u00e9 fundado no trabalho e n\u00e3o no lucro. \"O lucro \u00e9 leg\u00edtimo, mas n\u00e3o a qualquer pre\u00e7o. A Fiat deve assumir a responsabilidade social, honrando o sacrif\u00edcio de gera\u00e7\u00f5es de italianos que trabalharam para esta marca.\"<\/p>\n\n\n\n<h2 class=\"wp-block-heading\">Urso vs Taveres - 2\u00aa ronda<\/h2>\n\n\n\n<p><strong>Carlos Tavares, Diretor Executivo da Stellantis, respondeu <\/strong>com um discurso de contra-ataque, sublinhando a capacidade de resist\u00eancia da Fiat. \"Adoramos as 14 marcas do nosso portef\u00f3lio. A Fiat sobreviveu a diferentes entidades jur\u00eddicas, regimes pol\u00edticos e guerras. O seu cora\u00e7\u00e3o bate aqui h\u00e1 125 anos e continuar\u00e1 a bater no futuro. A Fiat \u00e9 a nossa marca n\u00famero um em termos de volumes globais. O Fiat 500 \u00e9 vendido em 48 pa\u00edses e \u00e9 l\u00edder em 4: It\u00e1lia, Brasil, Turquia e Arg\u00e9lia. 70 % dos autom\u00f3veis Fiat vendidos em It\u00e1lia s\u00e3o produzidos no pa\u00eds. A Fiat \u00e9 um her\u00f3i italiano com sucesso mundial e \u00e9 um dos maiores empregadores de It\u00e1lia, com mais de 40 000 trabalhadores. \u00c0 medida que a concorr\u00eancia global se intensifica, temos de nos adaptar ou desaparecer, e essa n\u00e3o \u00e9 uma op\u00e7\u00e3o.<\/p>\n\n\n\n<p>As celebra\u00e7\u00f5es do 125\u00ba anivers\u00e1rio da Fiat em Turim foram marcadas por discursos fortes e objectivos claros. Houve tamb\u00e9m um discurso de John Elkann e ficou claro que a Presidente de It\u00e1lia, Giorgia Meloni, tinha sido convidada. Ser\u00e1 suficiente? Mais informa\u00e7\u00f5es no pr\u00f3ximo epis\u00f3dio!<\/p>\n\n\n\n<figure class=\"wp-block-embed is-type-video is-provider-youtube wp-block-embed-youtube wp-embed-aspect-16-9 wp-has-aspect-ratio\"><div class=\"wp-block-embed__wrapper\">\n<iframe loading=\"lazy\" title=\"125\u00ba anivers\u00e1rio da FIAT - Confer\u00eancia de imprensa &quot;Sorrindo para o futuro\" width=\"1200\" height=\"675\" src=\"https:\/\/www.youtube-nocookie.com\/embed\/tSn3l0GYUW8?feature=oembed\" frameborder=\"0\" allow=\"accelerometer; autoplay; clipboard-write; encrypted-media; gyroscope; picture-in-picture; web-share\" referrerpolicy=\"strict-origin-when-cross-origin\" allowfullscreen><\/iframe>\n<\/div><\/figure>","protected":false},"excerpt":{"rendered":"","protected":false},"author":1,"featured_media":34402,"comment_status":"open","ping_status":"open","sticky":false,"template":"","format":"standard","meta":{"_acf_changed":false,"_sitemap_exclude":false,"_sitemap_priority":"","_sitemap_frequency":"","footnotes":""},"categories":[24],"tags":[388],"class_list":["post-34398","post","type-post","status-publish","format-standard","has-post-thumbnail","hentry","category-fiat","tag-adolfo-urso","generate-columns","tablet-grid-50","mobile-grid-100","grid-parent","grid-33"],"acf":[],"yoast_head":"<!-- This site is optimized with the Yoast SEO plugin v25.8 - https:\/\/yoast.com\/wordpress\/plugins\/seo\/ -->\n<title>Anniversaire Fiat : le ministre italien Adolfo Urso invit\u00e9 \u00e0 la f\u00eate pour apaiser les tensions ? - ItalPassion<\/title>\n<meta name=\"description\" content=\"Le 11 juillet, nous \u00e9tions convi\u00e9s par Fiat \u00e0 Turin, plus pr\u00e9cisement au Lingotto, pour c\u00e9l\u00e9brer un double \u00e9v\u00e9nement : la pr\u00e9sentation de la nouvelle Fiat\" \/>\n<meta name=\"robots\" content=\"index, follow, max-snippet:-1, max-image-preview:large, max-video-preview:-1\" \/>\n<link rel=\"canonical\" href=\"https:\/\/www.italpassion.fr\/pt\/fiat\/aniversario-da-fiat-o-ministro-italiano-adolfo-urso-e-convidado-para-a-festa-para-aliviar-as-tensoes\/\" \/>\n<meta property=\"og:locale\" content=\"pt_PT\" \/>\n<meta property=\"og:type\" content=\"article\" \/>\n<meta property=\"og:title\" content=\"Anniversaire Fiat : le ministre italien Adolfo Urso invit\u00e9 \u00e0 la f\u00eate pour apaiser les tensions ? - ItalPassion\" \/>\n<meta property=\"og:description\" content=\"Le 11 juillet, nous \u00e9tions convi\u00e9s par Fiat \u00e0 Turin, plus pr\u00e9cisement au Lingotto, pour c\u00e9l\u00e9brer un double \u00e9v\u00e9nement : la pr\u00e9sentation de la nouvelle Fiat\" \/>\n<meta property=\"og:url\" content=\"https:\/\/www.italpassion.fr\/pt\/fiat\/aniversario-da-fiat-o-ministro-italiano-adolfo-urso-e-convidado-para-a-festa-para-aliviar-as-tensoes\/\" \/>\n<meta property=\"og:site_name\" content=\"ItalPassion\" \/>\n<meta property=\"article:publisher\" content=\"https:\/\/www.facebook.com\/italpassion\" \/>\n<meta property=\"article:published_time\" content=\"2024-07-12T17:21:57+00:00\" \/>\n<meta property=\"article:modified_time\" content=\"2024-08-22T12:57:58+00:00\" \/>\n<meta property=\"og:image\" content=\"https:\/\/www.italpassion.fr\/wp-content\/uploads\/2024\/07\/anniversaire-125-fiat.jpg\" \/>\n\t<meta property=\"og:image:width\" content=\"1200\" \/>\n\t<meta property=\"og:image:height\" content=\"800\" \/>\n\t<meta property=\"og:image:type\" content=\"image\/jpeg\" \/>\n<meta name=\"author\" content=\"Alexandre Filluzeau\" \/>\n<meta name=\"twitter:card\" content=\"summary_large_image\" \/>\n<meta name=\"twitter:creator\" content=\"@italpassion\" \/>\n<meta name=\"twitter:site\" content=\"@italpassion\" \/>\n<script type=\"application\/ld+json\" class=\"yoast-schema-graph\">{\"@context\":\"https:\/\/schema.org\",\"@graph\":[{\"@type\":\"NewsArticle\",\"@id\":\"https:\/\/www.italpassion.fr\/pt\/fiat\/anniversaire-fiat-le-ministre-italien-adolfo-urso-invite-a-la-fete-pour-appaiser-les-tensions\/#article\",\"isPartOf\":{\"@id\":\"https:\/\/www.italpassion.fr\/pt\/fiat\/anniversaire-fiat-le-ministre-italien-adolfo-urso-invite-a-la-fete-pour-appaiser-les-tensions\/\"},\"author\":{\"name\":\"Alexandre Filluzeau\",\"@id\":\"https:\/\/www.italpassion.fr\/pt\/#\/schema\/person\/36f747b2a759ca202d847e85a9434ca0\"},\"headline\":\"Anniversaire Fiat : le ministre italien Adolfo Urso invit\u00e9 \u00e0 la f\u00eate pour apaiser les tensions ?\",\"datePublished\":\"2024-07-12T17:21:57+00:00\",\"dateModified\":\"2024-08-22T12:57:58+00:00\",\"mainEntityOfPage\":{\"@id\":\"https:\/\/www.italpassion.fr\/pt\/fiat\/anniversaire-fiat-le-ministre-italien-adolfo-urso-invite-a-la-fete-pour-appaiser-les-tensions\/\"},\"wordCount\":735,\"commentCount\":0,\"publisher\":{\"@id\":\"https:\/\/www.italpassion.fr\/pt\/#organization\"},\"image\":{\"@id\":\"https:\/\/www.italpassion.fr\/pt\/fiat\/anniversaire-fiat-le-ministre-italien-adolfo-urso-invite-a-la-fete-pour-appaiser-les-tensions\/#primaryimage\"},\"thumbnailUrl\":\"https:\/\/www.italpassion.fr\/wp-content\/uploads\/2024\/07\/anniversaire-125-fiat.jpg\",\"keywords\":[\"Adolfo Urso\"],\"articleSection\":[\"Fiat\"],\"inLanguage\":\"pt-PT\",\"potentialAction\":[{\"@type\":\"CommentAction\",\"name\":\"Comment\",\"target\":[\"https:\/\/www.italpassion.fr\/pt\/fiat\/anniversaire-fiat-le-ministre-italien-adolfo-urso-invite-a-la-fete-pour-appaiser-les-tensions\/#respond\"]}]},{\"@type\":\"WebPage\",\"@id\":\"https:\/\/www.italpassion.fr\/pt\/fiat\/anniversaire-fiat-le-ministre-italien-adolfo-urso-invite-a-la-fete-pour-appaiser-les-tensions\/\",\"url\":\"https:\/\/www.italpassion.fr\/pt\/fiat\/anniversaire-fiat-le-ministre-italien-adolfo-urso-invite-a-la-fete-pour-appaiser-les-tensions\/\",\"name\":\"Anniversaire Fiat : le ministre italien Adolfo Urso invit\u00e9 \u00e0 la f\u00eate pour apaiser les tensions ? - ItalPassion\",\"isPartOf\":{\"@id\":\"https:\/\/www.italpassion.fr\/pt\/#website\"},\"primaryImageOfPage\":{\"@id\":\"https:\/\/www.italpassion.fr\/pt\/fiat\/anniversaire-fiat-le-ministre-italien-adolfo-urso-invite-a-la-fete-pour-appaiser-les-tensions\/#primaryimage\"},\"image\":{\"@id\":\"https:\/\/www.italpassion.fr\/pt\/fiat\/anniversaire-fiat-le-ministre-italien-adolfo-urso-invite-a-la-fete-pour-appaiser-les-tensions\/#primaryimage\"},\"thumbnailUrl\":\"https:\/\/www.italpassion.fr\/wp-content\/uploads\/2024\/07\/anniversaire-125-fiat.jpg\",\"datePublished\":\"2024-07-12T17:21:57+00:00\",\"dateModified\":\"2024-08-22T12:57:58+00:00\",\"description\":\"Le 11 juillet, nous \u00e9tions convi\u00e9s par Fiat \u00e0 Turin, plus pr\u00e9cisement au Lingotto, pour c\u00e9l\u00e9brer un double \u00e9v\u00e9nement : la pr\u00e9sentation de la nouvelle Fiat\",\"breadcrumb\":{\"@id\":\"https:\/\/www.italpassion.fr\/pt\/fiat\/anniversaire-fiat-le-ministre-italien-adolfo-urso-invite-a-la-fete-pour-appaiser-les-tensions\/#breadcrumb\"},\"inLanguage\":\"pt-PT\",\"potentialAction\":[{\"@type\":\"ReadAction\",\"target\":[\"https:\/\/www.italpassion.fr\/pt\/fiat\/anniversaire-fiat-le-ministre-italien-adolfo-urso-invite-a-la-fete-pour-appaiser-les-tensions\/\"]}]},{\"@type\":\"ImageObject\",\"inLanguage\":\"pt-PT\",\"@id\":\"https:\/\/www.italpassion.fr\/pt\/fiat\/anniversaire-fiat-le-ministre-italien-adolfo-urso-invite-a-la-fete-pour-appaiser-les-tensions\/#primaryimage\",\"url\":\"https:\/\/www.italpassion.fr\/wp-content\/uploads\/2024\/07\/anniversaire-125-fiat.jpg\",\"contentUrl\":\"https:\/\/www.italpassion.fr\/wp-content\/uploads\/2024\/07\/anniversaire-125-fiat.jpg\",\"width\":1200,\"height\":800},{\"@type\":\"BreadcrumbList\",\"@id\":\"https:\/\/www.italpassion.fr\/pt\/fiat\/anniversaire-fiat-le-ministre-italien-adolfo-urso-invite-a-la-fete-pour-appaiser-les-tensions\/#breadcrumb\",\"itemListElement\":[{\"@type\":\"ListItem\",\"position\":1,\"name\":\"Accueil\",\"item\":\"https:\/\/www.italpassion.fr\/pt\/\"},{\"@type\":\"ListItem\",\"position\":2,\"name\":\"Anniversaire Fiat : le ministre italien Adolfo Urso invit\u00e9 \u00e0 la f\u00eate pour apaiser les tensions ?\"}]},{\"@type\":\"WebSite\",\"@id\":\"https:\/\/www.italpassion.fr\/pt\/#website\",\"url\":\"https:\/\/www.italpassion.fr\/pt\/\",\"name\":\"ItalPassion\",\"description\":\"Les Passionn\u00e9s d&#039;Automobiles Italiennes\",\"publisher\":{\"@id\":\"https:\/\/www.italpassion.fr\/pt\/#organization\"},\"potentialAction\":[{\"@type\":\"SearchAction\",\"target\":{\"@type\":\"EntryPoint\",\"urlTemplate\":\"https:\/\/www.italpassion.fr\/pt\/?s={search_term_string}\"},\"query-input\":{\"@type\":\"PropertyValueSpecification\",\"valueRequired\":true,\"valueName\":\"search_term_string\"}}],\"inLanguage\":\"pt-PT\"},{\"@type\":\"Organization\",\"@id\":\"https:\/\/www.italpassion.fr\/pt\/#organization\",\"name\":\"Italpassion\",\"url\":\"https:\/\/www.italpassion.fr\/pt\/\",\"logo\":{\"@type\":\"ImageObject\",\"inLanguage\":\"pt-PT\",\"@id\":\"https:\/\/www.italpassion.fr\/pt\/#\/schema\/logo\/image\/\",\"url\":\"https:\/\/www.italpassion.fr\/wp-content\/uploads\/2023\/07\/italpassion-yoast.jpg\",\"contentUrl\":\"https:\/\/www.italpassion.fr\/wp-content\/uploads\/2023\/07\/italpassion-yoast.jpg\",\"width\":696,\"height\":696,\"caption\":\"Italpassion\"},\"image\":{\"@id\":\"https:\/\/www.italpassion.fr\/pt\/#\/schema\/logo\/image\/\"},\"sameAs\":[\"https:\/\/www.facebook.com\/italpassion\",\"https:\/\/x.com\/italpassion\",\"https:\/\/www.instagram.com\/italpassionfr\/\",\"https:\/\/www.youtube.com\/channel\/UCleq-ByQaA42OjhopwevRjQ\",\"https:\/\/www.facebook.com\/italpassion.en\/\",\"https:\/\/www.facebook.com\/italpassion.it\/\",\"https:\/\/www.facebook.com\/italpassion.de\/\",\"https:\/\/www.facebook.com\/italpassion.ja\/\"]},{\"@type\":\"Person\",\"@id\":\"https:\/\/www.italpassion.fr\/pt\/#\/schema\/person\/36f747b2a759ca202d847e85a9434ca0\",\"name\":\"Alexandre Filluzeau\",\"image\":{\"@type\":\"ImageObject\",\"inLanguage\":\"pt-PT\",\"@id\":\"https:\/\/www.italpassion.fr\/pt\/#\/schema\/person\/image\/\",\"url\":\"https:\/\/www.italpassion.fr\/wp-content\/uploads\/2025\/04\/avatar-alexandre-160x160.jpg\",\"contentUrl\":\"https:\/\/www.italpassion.fr\/wp-content\/uploads\/2025\/04\/avatar-alexandre-160x160.jpg\",\"caption\":\"Alexandre Filluzeau\"},\"description\":\"Fondateur du site ItalPassion, passionn\u00e9 de voitures italiennes et de l'Italie en g\u00e9n\u00e9ral. J'apporte un regard critique et technique aux actualit\u00e9s des marques italiennes quand cela est possible. Propri\u00e9taire d'une Maserati GranTurismo, Alfa Romeo MiTo, Lancia Fulvia et Ducati 695. Ex-propri\u00e9taire d'une Alfa Romeo Giulia.\",\"sameAs\":[\"https:\/\/www.italpassion.fr\/\"],\"url\":\"https:\/\/www.italpassion.fr\/pt\/author\/alexandre\/\"}]}<\/script>\n<!-- \/ Yoast SEO plugin. -->","yoast_head_json":{"title":"Anivers\u00e1rio da Fiat: o ministro italiano Adolfo Urso foi convidado para a festa para aliviar as tens\u00f5es? - ItalPassion","description":"No dia 11 de julho, fomos convidados pela Fiat para ir a Turim, mais precisamente ao Lingotto, para celebrar um duplo evento: a apresenta\u00e7\u00e3o do novo Fiat","robots":{"index":"index","follow":"follow","max-snippet":"max-snippet:-1","max-image-preview":"max-image-preview:large","max-video-preview":"max-video-preview:-1"},"canonical":"https:\/\/www.italpassion.fr\/pt\/fiat\/aniversario-da-fiat-o-ministro-italiano-adolfo-urso-e-convidado-para-a-festa-para-aliviar-as-tensoes\/","og_locale":"pt_PT","og_type":"article","og_title":"Anniversaire Fiat : le ministre italien Adolfo Urso invit\u00e9 \u00e0 la f\u00eate pour apaiser les tensions ? - ItalPassion","og_description":"Le 11 juillet, nous \u00e9tions convi\u00e9s par Fiat \u00e0 Turin, plus pr\u00e9cisement au Lingotto, pour c\u00e9l\u00e9brer un double \u00e9v\u00e9nement : la pr\u00e9sentation de la nouvelle Fiat","og_url":"https:\/\/www.italpassion.fr\/pt\/fiat\/aniversario-da-fiat-o-ministro-italiano-adolfo-urso-e-convidado-para-a-festa-para-aliviar-as-tensoes\/","og_site_name":"ItalPassion","article_publisher":"https:\/\/www.facebook.com\/italpassion","article_published_time":"2024-07-12T17:21:57+00:00","article_modified_time":"2024-08-22T12:57:58+00:00","og_image":[{"width":1200,"height":800,"url":"https:\/\/www.italpassion.fr\/wp-content\/uploads\/2024\/07\/anniversaire-125-fiat.jpg","type":"image\/jpeg"}],"author":"Alexandre Filluzeau","twitter_card":"summary_large_image","twitter_creator":"@italpassion","twitter_site":"@italpassion","schema":{"@context":"https:\/\/schema.org","@graph":[{"@type":"NewsArticle","@id":"https:\/\/www.italpassion.fr\/pt\/fiat\/anniversaire-fiat-le-ministre-italien-adolfo-urso-invite-a-la-fete-pour-appaiser-les-tensions\/#article","isPartOf":{"@id":"https:\/\/www.italpassion.fr\/pt\/fiat\/anniversaire-fiat-le-ministre-italien-adolfo-urso-invite-a-la-fete-pour-appaiser-les-tensions\/"},"author":{"name":"Alexandre Filluzeau","@id":"https:\/\/www.italpassion.fr\/pt\/#\/schema\/person\/36f747b2a759ca202d847e85a9434ca0"},"headline":"Anniversaire Fiat : le ministre italien Adolfo Urso invit\u00e9 \u00e0 la f\u00eate pour apaiser les tensions ?","datePublished":"2024-07-12T17:21:57+00:00","dateModified":"2024-08-22T12:57:58+00:00","mainEntityOfPage":{"@id":"https:\/\/www.italpassion.fr\/pt\/fiat\/anniversaire-fiat-le-ministre-italien-adolfo-urso-invite-a-la-fete-pour-appaiser-les-tensions\/"},"wordCount":735,"commentCount":0,"publisher":{"@id":"https:\/\/www.italpassion.fr\/pt\/#organization"},"image":{"@id":"https:\/\/www.italpassion.fr\/pt\/fiat\/anniversaire-fiat-le-ministre-italien-adolfo-urso-invite-a-la-fete-pour-appaiser-les-tensions\/#primaryimage"},"thumbnailUrl":"https:\/\/www.italpassion.fr\/wp-content\/uploads\/2024\/07\/anniversaire-125-fiat.jpg","keywords":["Adolfo Urso"],"articleSection":["Fiat"],"inLanguage":"pt-PT","potentialAction":[{"@type":"CommentAction","name":"Comment","target":["https:\/\/www.italpassion.fr\/pt\/fiat\/anniversaire-fiat-le-ministre-italien-adolfo-urso-invite-a-la-fete-pour-appaiser-les-tensions\/#respond"]}]},{"@type":"WebPage","@id":"https:\/\/www.italpassion.fr\/pt\/fiat\/anniversaire-fiat-le-ministre-italien-adolfo-urso-invite-a-la-fete-pour-appaiser-les-tensions\/","url":"https:\/\/www.italpassion.fr\/pt\/fiat\/anniversaire-fiat-le-ministre-italien-adolfo-urso-invite-a-la-fete-pour-appaiser-les-tensions\/","name":"Anivers\u00e1rio da Fiat: o ministro italiano Adolfo Urso foi convidado para a festa para aliviar as tens\u00f5es? - ItalPassion","isPartOf":{"@id":"https:\/\/www.italpassion.fr\/pt\/#website"},"primaryImageOfPage":{"@id":"https:\/\/www.italpassion.fr\/pt\/fiat\/anniversaire-fiat-le-ministre-italien-adolfo-urso-invite-a-la-fete-pour-appaiser-les-tensions\/#primaryimage"},"image":{"@id":"https:\/\/www.italpassion.fr\/pt\/fiat\/anniversaire-fiat-le-ministre-italien-adolfo-urso-invite-a-la-fete-pour-appaiser-les-tensions\/#primaryimage"},"thumbnailUrl":"https:\/\/www.italpassion.fr\/wp-content\/uploads\/2024\/07\/anniversaire-125-fiat.jpg","datePublished":"2024-07-12T17:21:57+00:00","dateModified":"2024-08-22T12:57:58+00:00","description":"No dia 11 de julho, fomos convidados pela Fiat para ir a Turim, mais precisamente ao Lingotto, para celebrar um duplo evento: a apresenta\u00e7\u00e3o do novo Fiat","breadcrumb":{"@id":"https:\/\/www.italpassion.fr\/pt\/fiat\/anniversaire-fiat-le-ministre-italien-adolfo-urso-invite-a-la-fete-pour-appaiser-les-tensions\/#breadcrumb"},"inLanguage":"pt-PT","potentialAction":[{"@type":"ReadAction","target":["https:\/\/www.italpassion.fr\/pt\/fiat\/anniversaire-fiat-le-ministre-italien-adolfo-urso-invite-a-la-fete-pour-appaiser-les-tensions\/"]}]},{"@type":"ImageObject","inLanguage":"pt-PT","@id":"https:\/\/www.italpassion.fr\/pt\/fiat\/anniversaire-fiat-le-ministre-italien-adolfo-urso-invite-a-la-fete-pour-appaiser-les-tensions\/#primaryimage","url":"https:\/\/www.italpassion.fr\/wp-content\/uploads\/2024\/07\/anniversaire-125-fiat.jpg","contentUrl":"https:\/\/www.italpassion.fr\/wp-content\/uploads\/2024\/07\/anniversaire-125-fiat.jpg","width":1200,"height":800},{"@type":"BreadcrumbList","@id":"https:\/\/www.italpassion.fr\/pt\/fiat\/anniversaire-fiat-le-ministre-italien-adolfo-urso-invite-a-la-fete-pour-appaiser-les-tensions\/#breadcrumb","itemListElement":[{"@type":"ListItem","position":1,"name":"Accueil","item":"https:\/\/www.italpassion.fr\/pt\/"},{"@type":"ListItem","position":2,"name":"Anniversaire Fiat : le ministre italien Adolfo Urso invit\u00e9 \u00e0 la f\u00eate pour apaiser les tensions ?"}]},{"@type":"WebSite","@id":"https:\/\/www.italpassion.fr\/pt\/#website","url":"https:\/\/www.italpassion.fr\/pt\/","name":"ItalPassion","description":"Entusiastas de autom\u00f3veis italianos","publisher":{"@id":"https:\/\/www.italpassion.fr\/pt\/#organization"},"potentialAction":[{"@type":"SearchAction","target":{"@type":"EntryPoint","urlTemplate":"https:\/\/www.italpassion.fr\/pt\/?s={search_term_string}"},"query-input":{"@type":"PropertyValueSpecification","valueRequired":true,"valueName":"search_term_string"}}],"inLanguage":"pt-PT"},{"@type":"Organization","@id":"https:\/\/www.italpassion.fr\/pt\/#organization","name":"Italpassion","url":"https:\/\/www.italpassion.fr\/pt\/","logo":{"@type":"ImageObject","inLanguage":"pt-PT","@id":"https:\/\/www.italpassion.fr\/pt\/#\/schema\/logo\/image\/","url":"https:\/\/www.italpassion.fr\/wp-content\/uploads\/2023\/07\/italpassion-yoast.jpg","contentUrl":"https:\/\/www.italpassion.fr\/wp-content\/uploads\/2023\/07\/italpassion-yoast.jpg","width":696,"height":696,"caption":"Italpassion"},"image":{"@id":"https:\/\/www.italpassion.fr\/pt\/#\/schema\/logo\/image\/"},"sameAs":["https:\/\/www.facebook.com\/italpassion","https:\/\/x.com\/italpassion","https:\/\/www.instagram.com\/italpassionfr\/","https:\/\/www.youtube.com\/channel\/UCleq-ByQaA42OjhopwevRjQ","https:\/\/www.facebook.com\/italpassion.en\/","https:\/\/www.facebook.com\/italpassion.it\/","https:\/\/www.facebook.com\/italpassion.de\/","https:\/\/www.facebook.com\/italpassion.ja\/"]},{"@type":"Person","@id":"https:\/\/www.italpassion.fr\/pt\/#\/schema\/person\/36f747b2a759ca202d847e85a9434ca0","name":"Alexandre Filluzeau","image":{"@type":"ImageObject","inLanguage":"pt-PT","@id":"https:\/\/www.italpassion.fr\/pt\/#\/schema\/person\/image\/","url":"https:\/\/www.italpassion.fr\/wp-content\/uploads\/2025\/04\/avatar-alexandre-160x160.jpg","contentUrl":"https:\/\/www.italpassion.fr\/wp-content\/uploads\/2025\/04\/avatar-alexandre-160x160.jpg","caption":"Alexandre Filluzeau"},"description":"Fundador do site ItalPassion, apaixonado por carros italianos e pela It\u00e1lia em geral. Trago um olhar cr\u00edtico e t\u00e9cnico \u00e0s not\u00edcias das marcas italianas, sempre que poss\u00edvel. Propriet\u00e1ria de um Maserati GranTurismo, Alfa Romeo MiTo, Lancia Fulvia e Ducati 695. Ex-propriet\u00e1rio de uma Alfa Romeo Giulia.","sameAs":["https:\/\/www.italpassion.fr\/"],"url":"https:\/\/www.italpassion.fr\/pt\/author\/alexandre\/"}]}},"_links":{"self":[{"href":"https:\/\/www.italpassion.fr\/pt\/wp-json\/wp\/v2\/posts\/34398","targetHints":{"allow":["GET"]}}],"collection":[{"href":"https:\/\/www.italpassion.fr\/pt\/wp-json\/wp\/v2\/posts"}],"about":[{"href":"https:\/\/www.italpassion.fr\/pt\/wp-json\/wp\/v2\/types\/post"}],"author":[{"embeddable":true,"href":"https:\/\/www.italpassion.fr\/pt\/wp-json\/wp\/v2\/users\/1"}],"replies":[{"embeddable":true,"href":"https:\/\/www.italpassion.fr\/pt\/wp-json\/wp\/v2\/comments?post=34398"}],"version-history":[{"count":3,"href":"https:\/\/www.italpassion.fr\/pt\/wp-json\/wp\/v2\/posts\/34398\/revisions"}],"predecessor-version":[{"id":34405,"href":"https:\/\/www.italpassion.fr\/pt\/wp-json\/wp\/v2\/posts\/34398\/revisions\/34405"}],"wp:featuredmedia":[{"embeddable":true,"href":"https:\/\/www.italpassion.fr\/pt\/wp-json\/wp\/v2\/media\/34402"}],"wp:attachment":[{"href":"https:\/\/www.italpassion.fr\/pt\/wp-json\/wp\/v2\/media?parent=34398"}],"wp:term":[{"taxonomy":"category","embeddable":true,"href":"https:\/\/www.italpassion.fr\/pt\/wp-json\/wp\/v2\/categories?post=34398"},{"taxonomy":"post_tag","embeddable":true,"href":"https:\/\/www.italpassion.fr\/pt\/wp-json\/wp\/v2\/tags?post=34398"}],"curies":[{"name":"wp","href":"https:\/\/api.w.org\/{rel}","templated":true}]}}