{"id":33743,"date":"2024-04-15T19:29:36","date_gmt":"2024-04-15T17:29:36","guid":{"rendered":"https:\/\/www.italpassion.fr\/?p=33743"},"modified":"2024-04-15T19:30:29","modified_gmt":"2024-04-15T17:30:29","slug":"lalfa-romeo-milano-oficial-muda-o-seu-nome-para-junior","status":"publish","type":"post","link":"https:\/\/www.italpassion.fr\/pt\/alfa-romeo\/officiel-lalfa-romeo-milano-change-de-nom-pour-junior\/","title":{"rendered":"Oficial: o Alfa Romeo Milano muda o seu nome para Junior!"},"content":{"rendered":"<figure class=\"wp-block-image size-large\"><img loading=\"lazy\" decoding=\"async\" width=\"1024\" height=\"683\" src=\"https:\/\/www.italpassion.fr\/wp-content\/uploads\/2023\/11\/alfa-romeo-junior-1024x683.jpg\" alt=\"alfa-romeo-junior\" class=\"wp-image-32612\" srcset=\"https:\/\/www.italpassion.fr\/wp-content\/uploads\/2023\/11\/alfa-romeo-junior-1024x683.jpg 1024w, https:\/\/www.italpassion.fr\/wp-content\/uploads\/2023\/11\/alfa-romeo-junior-300x200.jpg 300w, https:\/\/www.italpassion.fr\/wp-content\/uploads\/2023\/11\/alfa-romeo-junior-768x512.jpg 768w, https:\/\/www.italpassion.fr\/wp-content\/uploads\/2023\/11\/alfa-romeo-junior-18x12.jpg 18w, https:\/\/www.italpassion.fr\/wp-content\/uploads\/2023\/11\/alfa-romeo-junior-561x374.jpg 561w, https:\/\/www.italpassion.fr\/wp-content\/uploads\/2023\/11\/alfa-romeo-junior-1122x748.jpg 1122w, https:\/\/www.italpassion.fr\/wp-content\/uploads\/2023\/11\/alfa-romeo-junior-265x177.jpg 265w, https:\/\/www.italpassion.fr\/wp-content\/uploads\/2023\/11\/alfa-romeo-junior-531x354.jpg 531w, https:\/\/www.italpassion.fr\/wp-content\/uploads\/2023\/11\/alfa-romeo-junior-364x243.jpg 364w, https:\/\/www.italpassion.fr\/wp-content\/uploads\/2023\/11\/alfa-romeo-junior-728x485.jpg 728w, https:\/\/www.italpassion.fr\/wp-content\/uploads\/2023\/11\/alfa-romeo-junior-608x405.jpg 608w, https:\/\/www.italpassion.fr\/wp-content\/uploads\/2023\/11\/alfa-romeo-junior-758x505.jpg 758w, https:\/\/www.italpassion.fr\/wp-content\/uploads\/2023\/11\/alfa-romeo-junior-1152x768.jpg 1152w, https:\/\/www.italpassion.fr\/wp-content\/uploads\/2023\/11\/alfa-romeo-junior-600x400.jpg 600w, https:\/\/www.italpassion.fr\/wp-content\/uploads\/2023\/11\/alfa-romeo-junior.jpg 1200w\" sizes=\"auto, (max-width: 1024px) 100vw, 1024px\" \/><\/figure>\n\n\n\n<p><strong>ALFA ROMEO: O NOME MILANO N\u00c3O FUNCIONA? ENT\u00c3O \u00c9 J\u00daNIOR!<\/strong> Fal\u00e1mos sobre isto h\u00e1 alguns dias, <a href=\"https:\/\/www.italpassion.fr\/pt\/alfa-romeo\/alfa-romeo-milano-o-nome-nao-agrada-ao-ministro-do-made-in-italy\/\">o Ministro do Made in Italy tinha declarado que a utiliza\u00e7\u00e3o da denomina\u00e7\u00e3o \"Milano<\/a>escolhido para o novo compacto desportivo recentemente revelado, era contra a lei. No entanto, o nome foi escolhido como uma homenagem \u00e0 cidade onde a Alfa Romeo foi fundada em 1910.<\/p>\n\n\n\n<p>Historicamente, <a href=\"https:\/\/www.italpassion.fr\/pt\/alfa-romeo\/\">Alfa Romeo<\/a> tem frequentemente solicitado a opini\u00e3o p\u00fablica para dar nome aos seus modelos, como foi o caso em 1966 com o Spider 1600, batizado \"Duetto\" pelos seus f\u00e3s. No entanto, apesar de cumprir os requisitos legais e de ter problemas mais prementes para resolver, <strong>A Alfa Romeo optou rapidamente por mudar o seu nome para \"Junior\",<\/strong> com o objetivo de manter um clima de serenidade e de compreens\u00e3o m\u00fatua. O nome de Junior j\u00e1 devia estar na lista de sele\u00e7\u00e3o, porque <a href=\"https:\/\/www.italpassion.fr\/pt\/alfa-romeo\/alfa-romeo-b-suv-o-seu-nome-a-ser-revelado-em-breve-seria-este\/\">\u00e9 o que previmos h\u00e1 v\u00e1rios meses<\/a>.<\/p>\n\n\n\n<p>Por comunicado de imprensa,<strong> a equipa Alfa Romeo expressa a sua gratid\u00e3o<\/strong> Ao p\u00fablico pelo seu caloroso acolhimento, aos comerciantes pelo seu apoio, aos jornalistas pela sua intensa cobertura medi\u00e1tica e at\u00e9 ao Governo italiano, cujas interven\u00e7\u00f5es deram uma publicidade inesperada a este debate.<\/p>\n\n\n\n<p>Jean-Philippe Imparato, CEO da Alfa Romeo, afirmou: \"Estamos conscientes de que este momento marcar\u00e1 a hist\u00f3ria da marca. A escolha de 'Junior' pareceu-nos uma escolha natural, dada a sua profunda liga\u00e7\u00e3o com o nosso patrim\u00f3nio e a sua popularidade junto do nosso p\u00fablico. Como equipa, continuamos a colocar a nossa paix\u00e3o ao servi\u00e7o da marca, colocando sempre o produto e os nossos clientes em primeiro lugar.<strong> A decis\u00e3o de mudar de nome, embora n\u00e3o seja obrigat\u00f3ria, destina-se a preservar a emo\u00e7\u00e3o positiva que os nossos ve\u00edculos t\u00eam tradicionalmente gerado e a evitar qualquer controv\u00e9rsia.<\/strong>\"\u00a0<\/p>\n\n\n\n<p>Stefano Odorici, Presidente da Associa\u00e7\u00e3o Italiana de Concession\u00e1rios Alfa Romeo, acrescentou: \"A Alfa Romeo \u00e9 uma marca que gera paix\u00e3o e emo\u00e7\u00f5es positivas. As \u00faltimas not\u00edcias, que provavelmente influenciar\u00e3o o entusiasmo em torno do novo autom\u00f3vel, fazem-nos pensar que \u00e9 altura de olhar mais de perto para a Alfa Romeo.<strong> aplaudir a decis\u00e3o de mudar o nome do modelo de Milano para Junior<\/strong>. Estes dois nomes, que fazem parte da hist\u00f3ria da marca, estavam j\u00e1 entre os preferidos do p\u00fablico.<\/p>\n\n\n\n<p>\"Junior n\u00e3o \u00e9 novidade no l\u00e9xico da Alfa Romeo. O nome remonta a 1966 com o GT 1300 Junior, um autom\u00f3vel concebido para atrair um p\u00fablico jovem gra\u00e7as \u00e0 sua eleg\u00e2ncia e exclusividade a um pre\u00e7o acess\u00edvel. Equipado com um potente motor de 1290cc, o modelo foi um sucesso absoluto, vendendo mais de 92.000 unidades e tornando-se um s\u00edmbolo da sua \u00e9poca.<\/p>\n\n\n\n<p>Esta situa\u00e7\u00e3o continua a ser absurda e \u00e9 mais um sinal do bra\u00e7o de ferro entre Stellantis e o Governo italiano que se arrasta h\u00e1 v\u00e1rios meses.<\/p>","protected":false},"excerpt":{"rendered":"","protected":false},"author":1,"featured_media":32612,"comment_status":"open","ping_status":"open","sticky":false,"template":"","format":"standard","meta":{"_acf_changed":false,"_sitemap_exclude":false,"_sitemap_priority":"","_sitemap_frequency":"","footnotes":""},"categories":[22],"tags":[364],"class_list":["post-33743","post","type-post","status-publish","format-standard","has-post-thumbnail","hentry","category-alfa-romeo","tag-alfa-romeo-milano","generate-columns","tablet-grid-50","mobile-grid-100","grid-parent","grid-33"],"acf":[],"yoast_head":"<!-- This site is optimized with the Yoast SEO plugin v25.8 - https:\/\/yoast.com\/wordpress\/plugins\/seo\/ -->\n<title>Officiel : l&#039;Alfa Romeo Milano change de nom pour Junior ! - ItalPassion<\/title>\n<meta name=\"description\" content=\"ALFA ROMEO : LE NOM MILANO NE CONVIENT PAS ? ALORS CE SERA JUNIOR ! Nous en parlions il y a quelques jours, le ministre du Made in Italy avait d\u00e9clar\u00e9 que\" \/>\n<meta name=\"robots\" content=\"index, follow, max-snippet:-1, max-image-preview:large, max-video-preview:-1\" \/>\n<link rel=\"canonical\" href=\"https:\/\/www.italpassion.fr\/pt\/alfa-romeo\/lalfa-romeo-milano-oficial-muda-o-seu-nome-para-junior\/\" \/>\n<meta property=\"og:locale\" content=\"pt_PT\" \/>\n<meta property=\"og:type\" content=\"article\" \/>\n<meta property=\"og:title\" content=\"Officiel : l&#039;Alfa Romeo Milano change de nom pour Junior ! - ItalPassion\" \/>\n<meta property=\"og:description\" content=\"ALFA ROMEO : LE NOM MILANO NE CONVIENT PAS ? ALORS CE SERA JUNIOR ! Nous en parlions il y a quelques jours, le ministre du Made in Italy avait d\u00e9clar\u00e9 que\" \/>\n<meta property=\"og:url\" content=\"https:\/\/www.italpassion.fr\/pt\/alfa-romeo\/lalfa-romeo-milano-oficial-muda-o-seu-nome-para-junior\/\" \/>\n<meta property=\"og:site_name\" content=\"ItalPassion\" \/>\n<meta property=\"article:publisher\" content=\"https:\/\/www.facebook.com\/italpassion\" \/>\n<meta property=\"article:published_time\" content=\"2024-04-15T17:29:36+00:00\" \/>\n<meta property=\"article:modified_time\" content=\"2024-04-15T17:30:29+00:00\" \/>\n<meta property=\"og:image\" content=\"https:\/\/www.italpassion.fr\/wp-content\/uploads\/2023\/11\/alfa-romeo-junior.jpg\" \/>\n\t<meta property=\"og:image:width\" content=\"1200\" \/>\n\t<meta property=\"og:image:height\" content=\"800\" \/>\n\t<meta property=\"og:image:type\" content=\"image\/jpeg\" \/>\n<meta name=\"author\" content=\"Alexandre Filluzeau\" \/>\n<meta name=\"twitter:card\" content=\"summary_large_image\" \/>\n<meta name=\"twitter:creator\" content=\"@italpassion\" \/>\n<meta name=\"twitter:site\" content=\"@italpassion\" \/>\n<script type=\"application\/ld+json\" class=\"yoast-schema-graph\">{\"@context\":\"https:\/\/schema.org\",\"@graph\":[{\"@type\":\"NewsArticle\",\"@id\":\"https:\/\/www.italpassion.fr\/pt\/alfa-romeo\/officiel-lalfa-romeo-milano-change-de-nom-pour-junior\/#article\",\"isPartOf\":{\"@id\":\"https:\/\/www.italpassion.fr\/pt\/alfa-romeo\/officiel-lalfa-romeo-milano-change-de-nom-pour-junior\/\"},\"author\":{\"name\":\"Alexandre Filluzeau\",\"@id\":\"https:\/\/www.italpassion.fr\/pt\/#\/schema\/person\/36f747b2a759ca202d847e85a9434ca0\"},\"headline\":\"Officiel : l&rsquo;Alfa Romeo Milano change de nom pour Junior !\",\"datePublished\":\"2024-04-15T17:29:36+00:00\",\"dateModified\":\"2024-04-15T17:30:29+00:00\",\"mainEntityOfPage\":{\"@id\":\"https:\/\/www.italpassion.fr\/pt\/alfa-romeo\/officiel-lalfa-romeo-milano-change-de-nom-pour-junior\/\"},\"wordCount\":474,\"commentCount\":16,\"publisher\":{\"@id\":\"https:\/\/www.italpassion.fr\/pt\/#organization\"},\"image\":{\"@id\":\"https:\/\/www.italpassion.fr\/pt\/alfa-romeo\/officiel-lalfa-romeo-milano-change-de-nom-pour-junior\/#primaryimage\"},\"thumbnailUrl\":\"https:\/\/www.italpassion.fr\/wp-content\/uploads\/2023\/11\/alfa-romeo-junior.jpg\",\"keywords\":[\"Alfa Romeo Milano\"],\"articleSection\":[\"Alfa Romeo\"],\"inLanguage\":\"pt-PT\",\"potentialAction\":[{\"@type\":\"CommentAction\",\"name\":\"Comment\",\"target\":[\"https:\/\/www.italpassion.fr\/pt\/alfa-romeo\/officiel-lalfa-romeo-milano-change-de-nom-pour-junior\/#respond\"]}]},{\"@type\":\"WebPage\",\"@id\":\"https:\/\/www.italpassion.fr\/pt\/alfa-romeo\/officiel-lalfa-romeo-milano-change-de-nom-pour-junior\/\",\"url\":\"https:\/\/www.italpassion.fr\/pt\/alfa-romeo\/officiel-lalfa-romeo-milano-change-de-nom-pour-junior\/\",\"name\":\"Officiel : l'Alfa Romeo Milano change de nom pour Junior ! - ItalPassion\",\"isPartOf\":{\"@id\":\"https:\/\/www.italpassion.fr\/pt\/#website\"},\"primaryImageOfPage\":{\"@id\":\"https:\/\/www.italpassion.fr\/pt\/alfa-romeo\/officiel-lalfa-romeo-milano-change-de-nom-pour-junior\/#primaryimage\"},\"image\":{\"@id\":\"https:\/\/www.italpassion.fr\/pt\/alfa-romeo\/officiel-lalfa-romeo-milano-change-de-nom-pour-junior\/#primaryimage\"},\"thumbnailUrl\":\"https:\/\/www.italpassion.fr\/wp-content\/uploads\/2023\/11\/alfa-romeo-junior.jpg\",\"datePublished\":\"2024-04-15T17:29:36+00:00\",\"dateModified\":\"2024-04-15T17:30:29+00:00\",\"description\":\"ALFA ROMEO : LE NOM MILANO NE CONVIENT PAS ? ALORS CE SERA JUNIOR ! Nous en parlions il y a quelques jours, le ministre du Made in Italy avait d\u00e9clar\u00e9 que\",\"breadcrumb\":{\"@id\":\"https:\/\/www.italpassion.fr\/pt\/alfa-romeo\/officiel-lalfa-romeo-milano-change-de-nom-pour-junior\/#breadcrumb\"},\"inLanguage\":\"pt-PT\",\"potentialAction\":[{\"@type\":\"ReadAction\",\"target\":[\"https:\/\/www.italpassion.fr\/pt\/alfa-romeo\/officiel-lalfa-romeo-milano-change-de-nom-pour-junior\/\"]}]},{\"@type\":\"ImageObject\",\"inLanguage\":\"pt-PT\",\"@id\":\"https:\/\/www.italpassion.fr\/pt\/alfa-romeo\/officiel-lalfa-romeo-milano-change-de-nom-pour-junior\/#primaryimage\",\"url\":\"https:\/\/www.italpassion.fr\/wp-content\/uploads\/2023\/11\/alfa-romeo-junior.jpg\",\"contentUrl\":\"https:\/\/www.italpassion.fr\/wp-content\/uploads\/2023\/11\/alfa-romeo-junior.jpg\",\"width\":1200,\"height\":800,\"caption\":\"alfa-romeo-junior\"},{\"@type\":\"BreadcrumbList\",\"@id\":\"https:\/\/www.italpassion.fr\/pt\/alfa-romeo\/officiel-lalfa-romeo-milano-change-de-nom-pour-junior\/#breadcrumb\",\"itemListElement\":[{\"@type\":\"ListItem\",\"position\":1,\"name\":\"Accueil\",\"item\":\"https:\/\/www.italpassion.fr\/pt\/\"},{\"@type\":\"ListItem\",\"position\":2,\"name\":\"Officiel : l&rsquo;Alfa Romeo Milano change de nom pour Junior !\"}]},{\"@type\":\"WebSite\",\"@id\":\"https:\/\/www.italpassion.fr\/pt\/#website\",\"url\":\"https:\/\/www.italpassion.fr\/pt\/\",\"name\":\"ItalPassion\",\"description\":\"Les Passionn\u00e9s d&#039;Automobiles Italiennes\",\"publisher\":{\"@id\":\"https:\/\/www.italpassion.fr\/pt\/#organization\"},\"potentialAction\":[{\"@type\":\"SearchAction\",\"target\":{\"@type\":\"EntryPoint\",\"urlTemplate\":\"https:\/\/www.italpassion.fr\/pt\/?s={search_term_string}\"},\"query-input\":{\"@type\":\"PropertyValueSpecification\",\"valueRequired\":true,\"valueName\":\"search_term_string\"}}],\"inLanguage\":\"pt-PT\"},{\"@type\":\"Organization\",\"@id\":\"https:\/\/www.italpassion.fr\/pt\/#organization\",\"name\":\"Italpassion\",\"url\":\"https:\/\/www.italpassion.fr\/pt\/\",\"logo\":{\"@type\":\"ImageObject\",\"inLanguage\":\"pt-PT\",\"@id\":\"https:\/\/www.italpassion.fr\/pt\/#\/schema\/logo\/image\/\",\"url\":\"https:\/\/www.italpassion.fr\/wp-content\/uploads\/2023\/07\/italpassion-yoast.jpg\",\"contentUrl\":\"https:\/\/www.italpassion.fr\/wp-content\/uploads\/2023\/07\/italpassion-yoast.jpg\",\"width\":696,\"height\":696,\"caption\":\"Italpassion\"},\"image\":{\"@id\":\"https:\/\/www.italpassion.fr\/pt\/#\/schema\/logo\/image\/\"},\"sameAs\":[\"https:\/\/www.facebook.com\/italpassion\",\"https:\/\/x.com\/italpassion\",\"https:\/\/www.instagram.com\/italpassionfr\/\",\"https:\/\/www.youtube.com\/channel\/UCleq-ByQaA42OjhopwevRjQ\",\"https:\/\/www.facebook.com\/italpassion.en\/\",\"https:\/\/www.facebook.com\/italpassion.it\/\",\"https:\/\/www.facebook.com\/italpassion.de\/\",\"https:\/\/www.facebook.com\/italpassion.ja\/\"]},{\"@type\":\"Person\",\"@id\":\"https:\/\/www.italpassion.fr\/pt\/#\/schema\/person\/36f747b2a759ca202d847e85a9434ca0\",\"name\":\"Alexandre Filluzeau\",\"image\":{\"@type\":\"ImageObject\",\"inLanguage\":\"pt-PT\",\"@id\":\"https:\/\/www.italpassion.fr\/pt\/#\/schema\/person\/image\/\",\"url\":\"https:\/\/www.italpassion.fr\/wp-content\/uploads\/2025\/04\/avatar-alexandre-160x160.jpg\",\"contentUrl\":\"https:\/\/www.italpassion.fr\/wp-content\/uploads\/2025\/04\/avatar-alexandre-160x160.jpg\",\"caption\":\"Alexandre Filluzeau\"},\"description\":\"Fondateur du site ItalPassion, passionn\u00e9 de voitures italiennes et de l'Italie en g\u00e9n\u00e9ral. J'apporte un regard critique et technique aux actualit\u00e9s des marques italiennes quand cela est possible. Propri\u00e9taire d'une Maserati GranTurismo, Alfa Romeo MiTo, Lancia Fulvia et Ducati 695. Ex-propri\u00e9taire d'une Alfa Romeo Giulia.\",\"sameAs\":[\"https:\/\/www.italpassion.fr\/\"],\"url\":\"https:\/\/www.italpassion.fr\/pt\/author\/alexandre\/\"}]}<\/script>\n<!-- \/ Yoast SEO plugin. -->","yoast_head_json":{"title":"Oficial: o Alfa Romeo Milano muda o seu nome para Junior! - ItalPassion","description":"ALFA ROMEO: O NOME MILANO N\u00c3O FUNCIONA? ENT\u00c3O \u00c9 J\u00daNIOR! Como notici\u00e1mos h\u00e1 alguns dias, o Ministro do Made in Italy declarou que","robots":{"index":"index","follow":"follow","max-snippet":"max-snippet:-1","max-image-preview":"max-image-preview:large","max-video-preview":"max-video-preview:-1"},"canonical":"https:\/\/www.italpassion.fr\/pt\/alfa-romeo\/lalfa-romeo-milano-oficial-muda-o-seu-nome-para-junior\/","og_locale":"pt_PT","og_type":"article","og_title":"Officiel : l'Alfa Romeo Milano change de nom pour Junior ! - ItalPassion","og_description":"ALFA ROMEO : LE NOM MILANO NE CONVIENT PAS ? ALORS CE SERA JUNIOR ! Nous en parlions il y a quelques jours, le ministre du Made in Italy avait d\u00e9clar\u00e9 que","og_url":"https:\/\/www.italpassion.fr\/pt\/alfa-romeo\/lalfa-romeo-milano-oficial-muda-o-seu-nome-para-junior\/","og_site_name":"ItalPassion","article_publisher":"https:\/\/www.facebook.com\/italpassion","article_published_time":"2024-04-15T17:29:36+00:00","article_modified_time":"2024-04-15T17:30:29+00:00","og_image":[{"width":1200,"height":800,"url":"https:\/\/www.italpassion.fr\/wp-content\/uploads\/2023\/11\/alfa-romeo-junior.jpg","type":"image\/jpeg"}],"author":"Alexandre Filluzeau","twitter_card":"summary_large_image","twitter_creator":"@italpassion","twitter_site":"@italpassion","schema":{"@context":"https:\/\/schema.org","@graph":[{"@type":"NewsArticle","@id":"https:\/\/www.italpassion.fr\/pt\/alfa-romeo\/officiel-lalfa-romeo-milano-change-de-nom-pour-junior\/#article","isPartOf":{"@id":"https:\/\/www.italpassion.fr\/pt\/alfa-romeo\/officiel-lalfa-romeo-milano-change-de-nom-pour-junior\/"},"author":{"name":"Alexandre Filluzeau","@id":"https:\/\/www.italpassion.fr\/pt\/#\/schema\/person\/36f747b2a759ca202d847e85a9434ca0"},"headline":"Officiel : l&rsquo;Alfa Romeo Milano change de nom pour Junior !","datePublished":"2024-04-15T17:29:36+00:00","dateModified":"2024-04-15T17:30:29+00:00","mainEntityOfPage":{"@id":"https:\/\/www.italpassion.fr\/pt\/alfa-romeo\/officiel-lalfa-romeo-milano-change-de-nom-pour-junior\/"},"wordCount":474,"commentCount":16,"publisher":{"@id":"https:\/\/www.italpassion.fr\/pt\/#organization"},"image":{"@id":"https:\/\/www.italpassion.fr\/pt\/alfa-romeo\/officiel-lalfa-romeo-milano-change-de-nom-pour-junior\/#primaryimage"},"thumbnailUrl":"https:\/\/www.italpassion.fr\/wp-content\/uploads\/2023\/11\/alfa-romeo-junior.jpg","keywords":["Alfa Romeo Milano"],"articleSection":["Alfa Romeo"],"inLanguage":"pt-PT","potentialAction":[{"@type":"CommentAction","name":"Comment","target":["https:\/\/www.italpassion.fr\/pt\/alfa-romeo\/officiel-lalfa-romeo-milano-change-de-nom-pour-junior\/#respond"]}]},{"@type":"WebPage","@id":"https:\/\/www.italpassion.fr\/pt\/alfa-romeo\/officiel-lalfa-romeo-milano-change-de-nom-pour-junior\/","url":"https:\/\/www.italpassion.fr\/pt\/alfa-romeo\/officiel-lalfa-romeo-milano-change-de-nom-pour-junior\/","name":"Oficial: o Alfa Romeo Milano muda o seu nome para Junior! - ItalPassion","isPartOf":{"@id":"https:\/\/www.italpassion.fr\/pt\/#website"},"primaryImageOfPage":{"@id":"https:\/\/www.italpassion.fr\/pt\/alfa-romeo\/officiel-lalfa-romeo-milano-change-de-nom-pour-junior\/#primaryimage"},"image":{"@id":"https:\/\/www.italpassion.fr\/pt\/alfa-romeo\/officiel-lalfa-romeo-milano-change-de-nom-pour-junior\/#primaryimage"},"thumbnailUrl":"https:\/\/www.italpassion.fr\/wp-content\/uploads\/2023\/11\/alfa-romeo-junior.jpg","datePublished":"2024-04-15T17:29:36+00:00","dateModified":"2024-04-15T17:30:29+00:00","description":"ALFA ROMEO: O NOME MILANO N\u00c3O FUNCIONA? ENT\u00c3O \u00c9 J\u00daNIOR! Como notici\u00e1mos h\u00e1 alguns dias, o Ministro do Made in Italy declarou que","breadcrumb":{"@id":"https:\/\/www.italpassion.fr\/pt\/alfa-romeo\/officiel-lalfa-romeo-milano-change-de-nom-pour-junior\/#breadcrumb"},"inLanguage":"pt-PT","potentialAction":[{"@type":"ReadAction","target":["https:\/\/www.italpassion.fr\/pt\/alfa-romeo\/officiel-lalfa-romeo-milano-change-de-nom-pour-junior\/"]}]},{"@type":"ImageObject","inLanguage":"pt-PT","@id":"https:\/\/www.italpassion.fr\/pt\/alfa-romeo\/officiel-lalfa-romeo-milano-change-de-nom-pour-junior\/#primaryimage","url":"https:\/\/www.italpassion.fr\/wp-content\/uploads\/2023\/11\/alfa-romeo-junior.jpg","contentUrl":"https:\/\/www.italpassion.fr\/wp-content\/uploads\/2023\/11\/alfa-romeo-junior.jpg","width":1200,"height":800,"caption":"alfa-romeo-junior"},{"@type":"BreadcrumbList","@id":"https:\/\/www.italpassion.fr\/pt\/alfa-romeo\/officiel-lalfa-romeo-milano-change-de-nom-pour-junior\/#breadcrumb","itemListElement":[{"@type":"ListItem","position":1,"name":"Accueil","item":"https:\/\/www.italpassion.fr\/pt\/"},{"@type":"ListItem","position":2,"name":"Officiel : l&rsquo;Alfa Romeo Milano change de nom pour Junior !"}]},{"@type":"WebSite","@id":"https:\/\/www.italpassion.fr\/pt\/#website","url":"https:\/\/www.italpassion.fr\/pt\/","name":"ItalPassion","description":"Entusiastas de autom\u00f3veis italianos","publisher":{"@id":"https:\/\/www.italpassion.fr\/pt\/#organization"},"potentialAction":[{"@type":"SearchAction","target":{"@type":"EntryPoint","urlTemplate":"https:\/\/www.italpassion.fr\/pt\/?s={search_term_string}"},"query-input":{"@type":"PropertyValueSpecification","valueRequired":true,"valueName":"search_term_string"}}],"inLanguage":"pt-PT"},{"@type":"Organization","@id":"https:\/\/www.italpassion.fr\/pt\/#organization","name":"Italpassion","url":"https:\/\/www.italpassion.fr\/pt\/","logo":{"@type":"ImageObject","inLanguage":"pt-PT","@id":"https:\/\/www.italpassion.fr\/pt\/#\/schema\/logo\/image\/","url":"https:\/\/www.italpassion.fr\/wp-content\/uploads\/2023\/07\/italpassion-yoast.jpg","contentUrl":"https:\/\/www.italpassion.fr\/wp-content\/uploads\/2023\/07\/italpassion-yoast.jpg","width":696,"height":696,"caption":"Italpassion"},"image":{"@id":"https:\/\/www.italpassion.fr\/pt\/#\/schema\/logo\/image\/"},"sameAs":["https:\/\/www.facebook.com\/italpassion","https:\/\/x.com\/italpassion","https:\/\/www.instagram.com\/italpassionfr\/","https:\/\/www.youtube.com\/channel\/UCleq-ByQaA42OjhopwevRjQ","https:\/\/www.facebook.com\/italpassion.en\/","https:\/\/www.facebook.com\/italpassion.it\/","https:\/\/www.facebook.com\/italpassion.de\/","https:\/\/www.facebook.com\/italpassion.ja\/"]},{"@type":"Person","@id":"https:\/\/www.italpassion.fr\/pt\/#\/schema\/person\/36f747b2a759ca202d847e85a9434ca0","name":"Alexandre Filluzeau","image":{"@type":"ImageObject","inLanguage":"pt-PT","@id":"https:\/\/www.italpassion.fr\/pt\/#\/schema\/person\/image\/","url":"https:\/\/www.italpassion.fr\/wp-content\/uploads\/2025\/04\/avatar-alexandre-160x160.jpg","contentUrl":"https:\/\/www.italpassion.fr\/wp-content\/uploads\/2025\/04\/avatar-alexandre-160x160.jpg","caption":"Alexandre Filluzeau"},"description":"Fundador do site ItalPassion, apaixonado por carros italianos e pela It\u00e1lia em geral. Trago um olhar cr\u00edtico e t\u00e9cnico \u00e0s not\u00edcias das marcas italianas, sempre que poss\u00edvel. Propriet\u00e1ria de um Maserati GranTurismo, Alfa Romeo MiTo, Lancia Fulvia e Ducati 695. Ex-propriet\u00e1rio de uma Alfa Romeo Giulia.","sameAs":["https:\/\/www.italpassion.fr\/"],"url":"https:\/\/www.italpassion.fr\/pt\/author\/alexandre\/"}]}},"_links":{"self":[{"href":"https:\/\/www.italpassion.fr\/pt\/wp-json\/wp\/v2\/posts\/33743","targetHints":{"allow":["GET"]}}],"collection":[{"href":"https:\/\/www.italpassion.fr\/pt\/wp-json\/wp\/v2\/posts"}],"about":[{"href":"https:\/\/www.italpassion.fr\/pt\/wp-json\/wp\/v2\/types\/post"}],"author":[{"embeddable":true,"href":"https:\/\/www.italpassion.fr\/pt\/wp-json\/wp\/v2\/users\/1"}],"replies":[{"embeddable":true,"href":"https:\/\/www.italpassion.fr\/pt\/wp-json\/wp\/v2\/comments?post=33743"}],"version-history":[{"count":3,"href":"https:\/\/www.italpassion.fr\/pt\/wp-json\/wp\/v2\/posts\/33743\/revisions"}],"predecessor-version":[{"id":33747,"href":"https:\/\/www.italpassion.fr\/pt\/wp-json\/wp\/v2\/posts\/33743\/revisions\/33747"}],"wp:featuredmedia":[{"embeddable":true,"href":"https:\/\/www.italpassion.fr\/pt\/wp-json\/wp\/v2\/media\/32612"}],"wp:attachment":[{"href":"https:\/\/www.italpassion.fr\/pt\/wp-json\/wp\/v2\/media?parent=33743"}],"wp:term":[{"taxonomy":"category","embeddable":true,"href":"https:\/\/www.italpassion.fr\/pt\/wp-json\/wp\/v2\/categories?post=33743"},{"taxonomy":"post_tag","embeddable":true,"href":"https:\/\/www.italpassion.fr\/pt\/wp-json\/wp\/v2\/tags?post=33743"}],"curies":[{"name":"wp","href":"https:\/\/api.w.org\/{rel}","templated":true}]}}