{"id":33664,"date":"2024-04-05T20:57:54","date_gmt":"2024-04-05T18:57:54","guid":{"rendered":"https:\/\/www.italpassion.fr\/?p=33664"},"modified":"2024-04-05T20:57:56","modified_gmt":"2024-04-05T18:57:56","slug":"a-producao-do-fiat-500-eletrico-sera-reduzida-para-metade-no-primeiro-trimestre-de-2024","status":"publish","type":"post","link":"https:\/\/www.italpassion.fr\/pt\/fiat\/fiat-500-electrique-production-reduite-de-moitie-au-premier-trimestre-2024\/","title":{"rendered":"Fiat 500 el\u00e9trico: a produ\u00e7\u00e3o ser\u00e1 reduzida para metade no primeiro trimestre de 2024"},"content":{"rendered":"<figure class=\"wp-block-image size-large\"><img loading=\"lazy\" decoding=\"async\" width=\"1024\" height=\"683\" src=\"https:\/\/www.italpassion.fr\/wp-content\/uploads\/2024\/04\/mirafiori-500-electrique-1024x683.jpg\" alt=\"\" class=\"wp-image-33665\" srcset=\"https:\/\/www.italpassion.fr\/wp-content\/uploads\/2024\/04\/mirafiori-500-electrique-1024x683.jpg 1024w, https:\/\/www.italpassion.fr\/wp-content\/uploads\/2024\/04\/mirafiori-500-electrique-300x200.jpg 300w, https:\/\/www.italpassion.fr\/wp-content\/uploads\/2024\/04\/mirafiori-500-electrique-768x512.jpg 768w, https:\/\/www.italpassion.fr\/wp-content\/uploads\/2024\/04\/mirafiori-500-electrique-18x12.jpg 18w, https:\/\/www.italpassion.fr\/wp-content\/uploads\/2024\/04\/mirafiori-500-electrique-561x374.jpg 561w, https:\/\/www.italpassion.fr\/wp-content\/uploads\/2024\/04\/mirafiori-500-electrique-1122x748.jpg 1122w, https:\/\/www.italpassion.fr\/wp-content\/uploads\/2024\/04\/mirafiori-500-electrique-265x177.jpg 265w, https:\/\/www.italpassion.fr\/wp-content\/uploads\/2024\/04\/mirafiori-500-electrique-531x354.jpg 531w, https:\/\/www.italpassion.fr\/wp-content\/uploads\/2024\/04\/mirafiori-500-electrique-364x243.jpg 364w, https:\/\/www.italpassion.fr\/wp-content\/uploads\/2024\/04\/mirafiori-500-electrique-728x485.jpg 728w, https:\/\/www.italpassion.fr\/wp-content\/uploads\/2024\/04\/mirafiori-500-electrique-608x405.jpg 608w, https:\/\/www.italpassion.fr\/wp-content\/uploads\/2024\/04\/mirafiori-500-electrique-758x505.jpg 758w, https:\/\/www.italpassion.fr\/wp-content\/uploads\/2024\/04\/mirafiori-500-electrique-1152x768.jpg 1152w, https:\/\/www.italpassion.fr\/wp-content\/uploads\/2024\/04\/mirafiori-500-electrique-600x400.jpg 600w, https:\/\/www.italpassion.fr\/wp-content\/uploads\/2024\/04\/mirafiori-500-electrique.jpg 1200w\" sizes=\"auto, (max-width: 1024px) 100vw, 1024px\" \/><\/figure>\n\n\n\n<p>A situa\u00e7\u00e3o atual da f\u00e1brica de Mirafiori, em Turim, da Stellantis, continua a ser objeto de aten\u00e7\u00e3o e de preocupa\u00e7\u00e3o por parte da ind\u00fastria autom\u00f3vel italiana. De acordo com as \u00faltimas an\u00e1lises do Fim Cisl, um sindicato italiano, a produ\u00e7\u00e3o nesta f\u00e1brica registou uma queda alarmante, marcando um <strong>51% em rela\u00e7\u00e3o ao ano anterior.<\/strong> Este decl\u00ednio teria levado \u00e0 produ\u00e7\u00e3o de apenas <strong>12 000 ve\u00edculos no primeiro trimestre de 2024<\/strong>Isto representa uma queda dr\u00e1stica em rela\u00e7\u00e3o \u00e0s 25.900 unidades produzidas no mesmo per\u00edodo em 2023.<\/p>\n\n\n\n<p>Este abrandamento \u00e9 ainda mais not\u00f3rio se se tiver em conta que a f\u00e1brica de Mirafiori foi a que registou a redu\u00e7\u00e3o de produ\u00e7\u00e3o mais significativa de todas as unidades italianas da Stellantis, tendo o Grupo registado uma desacelera\u00e7\u00e3o m\u00e9dia da produ\u00e7\u00e3o autom\u00f3vel em It\u00e1lia de 9,8 %. A produ\u00e7\u00e3o em <strong>o Fiat 500 el\u00e9trico representa 90 % dos volumes da f\u00e1brica<\/strong>Com 11.360 unidades, o restante foi atribu\u00eddo \u00e0 produ\u00e7\u00e3o de modelos Maserati, que representaram apenas 1.320 unidades.<\/p>\n\n\n\n<p>Perante esta situa\u00e7\u00e3o prec\u00e1ria, <strong>Fim Cisl sublinha a necessidade urgente de diversificar a produ\u00e7\u00e3o <\/strong>da f\u00e1brica atrav\u00e9s da introdu\u00e7\u00e3o de novos modelos de ve\u00edculos com volumes elevados e n\u00e3o apenas modelos de nicho. Esta estrat\u00e9gia \u00e9 crucial para a sobreviv\u00eancia de Mirafiori enquanto unidade de produ\u00e7\u00e3o autom\u00f3vel de refer\u00eancia. Nesta perspetiva, est\u00e1 previsto um dia de a\u00e7\u00e3o, incluindo greves e manifesta\u00e7\u00f5es, para 12 de abril, em Turim.<\/p>\n\n\n\n<p>Numa recente reuni\u00e3o governamental sobre a ind\u00fastria autom\u00f3vel, <a href=\"https:\/\/www.italpassion.fr\/pt\/stellantis\/fabrica-electrica-fiat-500-em-crise-sindicatos-dizem-que-reuniao-com-stellantis-e-inutil\/\">a dire\u00e7\u00e3o da Stellantis reafirmou a import\u00e2ncia estrat\u00e9gica da f\u00e1brica de Mirafiori<\/a>. No entanto, apesar deste reconhecimento, n\u00e3o est\u00e1 atualmente prevista a afeta\u00e7\u00e3o de novos modelos de autom\u00f3veis \u00e0 produ\u00e7\u00e3o em Turim. Na reuni\u00e3o, Stellantis afirmou que estava \"a estudar um mecanismo que tornasse o 500 el\u00e9trico mais barato, de modo a podermos tamb\u00e9m produzir mais\".<\/p>\n\n\n\n<p>A \u00fanica esperan\u00e7a permanece <a href=\"https:\/\/www.italpassion.fr\/pt\/fiat\/os-fornecedores-do-fiat-500-thermal-em-italia-recebem-uma-carta-de-stellantis\/\">a introdu\u00e7\u00e3o de uma vers\u00e3o h\u00edbrida t\u00e9rmica<\/a> para complementar a vers\u00e3o el\u00e9ctrica do 500. Portanto, a hist\u00f3ria ainda n\u00e3o acabou...<\/p>","protected":false},"excerpt":{"rendered":"","protected":false},"author":1,"featured_media":33665,"comment_status":"open","ping_status":"open","sticky":false,"template":"","format":"standard","meta":{"_acf_changed":false,"_sitemap_exclude":false,"_sitemap_priority":"","_sitemap_frequency":"","footnotes":""},"categories":[24],"tags":[],"class_list":["post-33664","post","type-post","status-publish","format-standard","has-post-thumbnail","hentry","category-fiat","generate-columns","tablet-grid-50","mobile-grid-100","grid-parent","grid-33"],"acf":[],"yoast_head":"<!-- This site is optimized with the Yoast SEO plugin v25.8 - https:\/\/yoast.com\/wordpress\/plugins\/seo\/ -->\n<title>Fiat 500 \u00e9lectrique : production r\u00e9duite de moiti\u00e9 au premier trimestre 2024 - ItalPassion<\/title>\n<meta name=\"description\" content=\"Toujours au c\u0153ur de l&#039;actualit\u00e9 automobile italienne, la situation actuelle de l&#039;usine Mirafiori de Stellantis \u00e0 Turin capture l&#039;attention et suscite\" \/>\n<meta name=\"robots\" content=\"index, follow, max-snippet:-1, max-image-preview:large, max-video-preview:-1\" \/>\n<link rel=\"canonical\" href=\"https:\/\/www.italpassion.fr\/pt\/fiat\/a-producao-do-fiat-500-eletrico-sera-reduzida-para-metade-no-primeiro-trimestre-de-2024\/\" \/>\n<meta property=\"og:locale\" content=\"pt_PT\" \/>\n<meta property=\"og:type\" content=\"article\" \/>\n<meta property=\"og:title\" content=\"Fiat 500 \u00e9lectrique : production r\u00e9duite de moiti\u00e9 au premier trimestre 2024 - ItalPassion\" \/>\n<meta property=\"og:description\" content=\"Toujours au c\u0153ur de l&#039;actualit\u00e9 automobile italienne, la situation actuelle de l&#039;usine Mirafiori de Stellantis \u00e0 Turin capture l&#039;attention et suscite\" \/>\n<meta property=\"og:url\" content=\"https:\/\/www.italpassion.fr\/pt\/fiat\/a-producao-do-fiat-500-eletrico-sera-reduzida-para-metade-no-primeiro-trimestre-de-2024\/\" \/>\n<meta property=\"og:site_name\" content=\"ItalPassion\" \/>\n<meta property=\"article:publisher\" content=\"https:\/\/www.facebook.com\/italpassion\" \/>\n<meta property=\"article:published_time\" content=\"2024-04-05T18:57:54+00:00\" \/>\n<meta property=\"article:modified_time\" content=\"2024-04-05T18:57:56+00:00\" \/>\n<meta property=\"og:image\" content=\"https:\/\/www.italpassion.fr\/wp-content\/uploads\/2024\/04\/mirafiori-500-electrique.jpg\" \/>\n\t<meta property=\"og:image:width\" content=\"1200\" \/>\n\t<meta property=\"og:image:height\" content=\"800\" \/>\n\t<meta property=\"og:image:type\" content=\"image\/jpeg\" \/>\n<meta name=\"author\" content=\"Alexandre Filluzeau\" \/>\n<meta name=\"twitter:card\" content=\"summary_large_image\" \/>\n<meta name=\"twitter:creator\" content=\"@italpassion\" \/>\n<meta name=\"twitter:site\" content=\"@italpassion\" \/>\n<script type=\"application\/ld+json\" class=\"yoast-schema-graph\">{\"@context\":\"https:\/\/schema.org\",\"@graph\":[{\"@type\":\"NewsArticle\",\"@id\":\"https:\/\/www.italpassion.fr\/pt\/fiat\/fiat-500-electrique-production-reduite-de-moitie-au-premier-trimestre-2024\/#article\",\"isPartOf\":{\"@id\":\"https:\/\/www.italpassion.fr\/pt\/fiat\/fiat-500-electrique-production-reduite-de-moitie-au-premier-trimestre-2024\/\"},\"author\":{\"name\":\"Alexandre Filluzeau\",\"@id\":\"https:\/\/www.italpassion.fr\/pt\/#\/schema\/person\/36f747b2a759ca202d847e85a9434ca0\"},\"headline\":\"Fiat 500 \u00e9lectrique : production r\u00e9duite de moiti\u00e9 au premier trimestre 2024\",\"datePublished\":\"2024-04-05T18:57:54+00:00\",\"dateModified\":\"2024-04-05T18:57:56+00:00\",\"mainEntityOfPage\":{\"@id\":\"https:\/\/www.italpassion.fr\/pt\/fiat\/fiat-500-electrique-production-reduite-de-moitie-au-premier-trimestre-2024\/\"},\"wordCount\":379,\"commentCount\":6,\"publisher\":{\"@id\":\"https:\/\/www.italpassion.fr\/pt\/#organization\"},\"image\":{\"@id\":\"https:\/\/www.italpassion.fr\/pt\/fiat\/fiat-500-electrique-production-reduite-de-moitie-au-premier-trimestre-2024\/#primaryimage\"},\"thumbnailUrl\":\"https:\/\/www.italpassion.fr\/wp-content\/uploads\/2024\/04\/mirafiori-500-electrique.jpg\",\"articleSection\":[\"Fiat\"],\"inLanguage\":\"pt-PT\",\"potentialAction\":[{\"@type\":\"CommentAction\",\"name\":\"Comment\",\"target\":[\"https:\/\/www.italpassion.fr\/pt\/fiat\/fiat-500-electrique-production-reduite-de-moitie-au-premier-trimestre-2024\/#respond\"]}]},{\"@type\":\"WebPage\",\"@id\":\"https:\/\/www.italpassion.fr\/pt\/fiat\/fiat-500-electrique-production-reduite-de-moitie-au-premier-trimestre-2024\/\",\"url\":\"https:\/\/www.italpassion.fr\/pt\/fiat\/fiat-500-electrique-production-reduite-de-moitie-au-premier-trimestre-2024\/\",\"name\":\"Fiat 500 \u00e9lectrique : production r\u00e9duite de moiti\u00e9 au premier trimestre 2024 - ItalPassion\",\"isPartOf\":{\"@id\":\"https:\/\/www.italpassion.fr\/pt\/#website\"},\"primaryImageOfPage\":{\"@id\":\"https:\/\/www.italpassion.fr\/pt\/fiat\/fiat-500-electrique-production-reduite-de-moitie-au-premier-trimestre-2024\/#primaryimage\"},\"image\":{\"@id\":\"https:\/\/www.italpassion.fr\/pt\/fiat\/fiat-500-electrique-production-reduite-de-moitie-au-premier-trimestre-2024\/#primaryimage\"},\"thumbnailUrl\":\"https:\/\/www.italpassion.fr\/wp-content\/uploads\/2024\/04\/mirafiori-500-electrique.jpg\",\"datePublished\":\"2024-04-05T18:57:54+00:00\",\"dateModified\":\"2024-04-05T18:57:56+00:00\",\"description\":\"Toujours au c\u0153ur de l'actualit\u00e9 automobile italienne, la situation actuelle de l'usine Mirafiori de Stellantis \u00e0 Turin capture l'attention et suscite\",\"breadcrumb\":{\"@id\":\"https:\/\/www.italpassion.fr\/pt\/fiat\/fiat-500-electrique-production-reduite-de-moitie-au-premier-trimestre-2024\/#breadcrumb\"},\"inLanguage\":\"pt-PT\",\"potentialAction\":[{\"@type\":\"ReadAction\",\"target\":[\"https:\/\/www.italpassion.fr\/pt\/fiat\/fiat-500-electrique-production-reduite-de-moitie-au-premier-trimestre-2024\/\"]}]},{\"@type\":\"ImageObject\",\"inLanguage\":\"pt-PT\",\"@id\":\"https:\/\/www.italpassion.fr\/pt\/fiat\/fiat-500-electrique-production-reduite-de-moitie-au-premier-trimestre-2024\/#primaryimage\",\"url\":\"https:\/\/www.italpassion.fr\/wp-content\/uploads\/2024\/04\/mirafiori-500-electrique.jpg\",\"contentUrl\":\"https:\/\/www.italpassion.fr\/wp-content\/uploads\/2024\/04\/mirafiori-500-electrique.jpg\",\"width\":1200,\"height\":800},{\"@type\":\"BreadcrumbList\",\"@id\":\"https:\/\/www.italpassion.fr\/pt\/fiat\/fiat-500-electrique-production-reduite-de-moitie-au-premier-trimestre-2024\/#breadcrumb\",\"itemListElement\":[{\"@type\":\"ListItem\",\"position\":1,\"name\":\"Accueil\",\"item\":\"https:\/\/www.italpassion.fr\/pt\/\"},{\"@type\":\"ListItem\",\"position\":2,\"name\":\"Fiat 500 \u00e9lectrique : production r\u00e9duite de moiti\u00e9 au premier trimestre 2024\"}]},{\"@type\":\"WebSite\",\"@id\":\"https:\/\/www.italpassion.fr\/pt\/#website\",\"url\":\"https:\/\/www.italpassion.fr\/pt\/\",\"name\":\"ItalPassion\",\"description\":\"Les Passionn\u00e9s d&#039;Automobiles Italiennes\",\"publisher\":{\"@id\":\"https:\/\/www.italpassion.fr\/pt\/#organization\"},\"potentialAction\":[{\"@type\":\"SearchAction\",\"target\":{\"@type\":\"EntryPoint\",\"urlTemplate\":\"https:\/\/www.italpassion.fr\/pt\/?s={search_term_string}\"},\"query-input\":{\"@type\":\"PropertyValueSpecification\",\"valueRequired\":true,\"valueName\":\"search_term_string\"}}],\"inLanguage\":\"pt-PT\"},{\"@type\":\"Organization\",\"@id\":\"https:\/\/www.italpassion.fr\/pt\/#organization\",\"name\":\"Italpassion\",\"url\":\"https:\/\/www.italpassion.fr\/pt\/\",\"logo\":{\"@type\":\"ImageObject\",\"inLanguage\":\"pt-PT\",\"@id\":\"https:\/\/www.italpassion.fr\/pt\/#\/schema\/logo\/image\/\",\"url\":\"https:\/\/www.italpassion.fr\/wp-content\/uploads\/2023\/07\/italpassion-yoast.jpg\",\"contentUrl\":\"https:\/\/www.italpassion.fr\/wp-content\/uploads\/2023\/07\/italpassion-yoast.jpg\",\"width\":696,\"height\":696,\"caption\":\"Italpassion\"},\"image\":{\"@id\":\"https:\/\/www.italpassion.fr\/pt\/#\/schema\/logo\/image\/\"},\"sameAs\":[\"https:\/\/www.facebook.com\/italpassion\",\"https:\/\/x.com\/italpassion\",\"https:\/\/www.instagram.com\/italpassionfr\/\",\"https:\/\/www.youtube.com\/channel\/UCleq-ByQaA42OjhopwevRjQ\",\"https:\/\/www.facebook.com\/italpassion.en\/\",\"https:\/\/www.facebook.com\/italpassion.it\/\",\"https:\/\/www.facebook.com\/italpassion.de\/\",\"https:\/\/www.facebook.com\/italpassion.ja\/\"]},{\"@type\":\"Person\",\"@id\":\"https:\/\/www.italpassion.fr\/pt\/#\/schema\/person\/36f747b2a759ca202d847e85a9434ca0\",\"name\":\"Alexandre Filluzeau\",\"image\":{\"@type\":\"ImageObject\",\"inLanguage\":\"pt-PT\",\"@id\":\"https:\/\/www.italpassion.fr\/pt\/#\/schema\/person\/image\/\",\"url\":\"https:\/\/www.italpassion.fr\/wp-content\/uploads\/2025\/04\/avatar-alexandre-160x160.jpg\",\"contentUrl\":\"https:\/\/www.italpassion.fr\/wp-content\/uploads\/2025\/04\/avatar-alexandre-160x160.jpg\",\"caption\":\"Alexandre Filluzeau\"},\"description\":\"Fondateur du site ItalPassion, passionn\u00e9 de voitures italiennes et de l'Italie en g\u00e9n\u00e9ral. J'apporte un regard critique et technique aux actualit\u00e9s des marques italiennes quand cela est possible. Propri\u00e9taire d'une Maserati GranTurismo, Alfa Romeo MiTo, Lancia Fulvia et Ducati 695. Ex-propri\u00e9taire d'une Alfa Romeo Giulia.\",\"sameAs\":[\"https:\/\/www.italpassion.fr\/\"],\"url\":\"https:\/\/www.italpassion.fr\/pt\/author\/alexandre\/\"}]}<\/script>\n<!-- \/ Yoast SEO plugin. -->","yoast_head_json":{"title":"Fiat 500 el\u00e9trico: produ\u00e7\u00e3o reduzida para metade no primeiro trimestre de 2024 - ItalPassion","description":"A situa\u00e7\u00e3o atual da f\u00e1brica de Mirafiori, em Turim, da Stellantis, continua a estar no centro da atualidade autom\u00f3vel italiana e a suscitar grande aten\u00e7\u00e3o.","robots":{"index":"index","follow":"follow","max-snippet":"max-snippet:-1","max-image-preview":"max-image-preview:large","max-video-preview":"max-video-preview:-1"},"canonical":"https:\/\/www.italpassion.fr\/pt\/fiat\/a-producao-do-fiat-500-eletrico-sera-reduzida-para-metade-no-primeiro-trimestre-de-2024\/","og_locale":"pt_PT","og_type":"article","og_title":"Fiat 500 \u00e9lectrique : production r\u00e9duite de moiti\u00e9 au premier trimestre 2024 - ItalPassion","og_description":"Toujours au c\u0153ur de l'actualit\u00e9 automobile italienne, la situation actuelle de l'usine Mirafiori de Stellantis \u00e0 Turin capture l'attention et suscite","og_url":"https:\/\/www.italpassion.fr\/pt\/fiat\/a-producao-do-fiat-500-eletrico-sera-reduzida-para-metade-no-primeiro-trimestre-de-2024\/","og_site_name":"ItalPassion","article_publisher":"https:\/\/www.facebook.com\/italpassion","article_published_time":"2024-04-05T18:57:54+00:00","article_modified_time":"2024-04-05T18:57:56+00:00","og_image":[{"width":1200,"height":800,"url":"https:\/\/www.italpassion.fr\/wp-content\/uploads\/2024\/04\/mirafiori-500-electrique.jpg","type":"image\/jpeg"}],"author":"Alexandre Filluzeau","twitter_card":"summary_large_image","twitter_creator":"@italpassion","twitter_site":"@italpassion","schema":{"@context":"https:\/\/schema.org","@graph":[{"@type":"NewsArticle","@id":"https:\/\/www.italpassion.fr\/pt\/fiat\/fiat-500-electrique-production-reduite-de-moitie-au-premier-trimestre-2024\/#article","isPartOf":{"@id":"https:\/\/www.italpassion.fr\/pt\/fiat\/fiat-500-electrique-production-reduite-de-moitie-au-premier-trimestre-2024\/"},"author":{"name":"Alexandre Filluzeau","@id":"https:\/\/www.italpassion.fr\/pt\/#\/schema\/person\/36f747b2a759ca202d847e85a9434ca0"},"headline":"Fiat 500 \u00e9lectrique : production r\u00e9duite de moiti\u00e9 au premier trimestre 2024","datePublished":"2024-04-05T18:57:54+00:00","dateModified":"2024-04-05T18:57:56+00:00","mainEntityOfPage":{"@id":"https:\/\/www.italpassion.fr\/pt\/fiat\/fiat-500-electrique-production-reduite-de-moitie-au-premier-trimestre-2024\/"},"wordCount":379,"commentCount":6,"publisher":{"@id":"https:\/\/www.italpassion.fr\/pt\/#organization"},"image":{"@id":"https:\/\/www.italpassion.fr\/pt\/fiat\/fiat-500-electrique-production-reduite-de-moitie-au-premier-trimestre-2024\/#primaryimage"},"thumbnailUrl":"https:\/\/www.italpassion.fr\/wp-content\/uploads\/2024\/04\/mirafiori-500-electrique.jpg","articleSection":["Fiat"],"inLanguage":"pt-PT","potentialAction":[{"@type":"CommentAction","name":"Comment","target":["https:\/\/www.italpassion.fr\/pt\/fiat\/fiat-500-electrique-production-reduite-de-moitie-au-premier-trimestre-2024\/#respond"]}]},{"@type":"WebPage","@id":"https:\/\/www.italpassion.fr\/pt\/fiat\/fiat-500-electrique-production-reduite-de-moitie-au-premier-trimestre-2024\/","url":"https:\/\/www.italpassion.fr\/pt\/fiat\/fiat-500-electrique-production-reduite-de-moitie-au-premier-trimestre-2024\/","name":"Fiat 500 el\u00e9trico: produ\u00e7\u00e3o reduzida para metade no primeiro trimestre de 2024 - ItalPassion","isPartOf":{"@id":"https:\/\/www.italpassion.fr\/pt\/#website"},"primaryImageOfPage":{"@id":"https:\/\/www.italpassion.fr\/pt\/fiat\/fiat-500-electrique-production-reduite-de-moitie-au-premier-trimestre-2024\/#primaryimage"},"image":{"@id":"https:\/\/www.italpassion.fr\/pt\/fiat\/fiat-500-electrique-production-reduite-de-moitie-au-premier-trimestre-2024\/#primaryimage"},"thumbnailUrl":"https:\/\/www.italpassion.fr\/wp-content\/uploads\/2024\/04\/mirafiori-500-electrique.jpg","datePublished":"2024-04-05T18:57:54+00:00","dateModified":"2024-04-05T18:57:56+00:00","description":"A situa\u00e7\u00e3o atual da f\u00e1brica de Mirafiori, em Turim, da Stellantis, continua a estar no centro da atualidade autom\u00f3vel italiana e a suscitar grande aten\u00e7\u00e3o.","breadcrumb":{"@id":"https:\/\/www.italpassion.fr\/pt\/fiat\/fiat-500-electrique-production-reduite-de-moitie-au-premier-trimestre-2024\/#breadcrumb"},"inLanguage":"pt-PT","potentialAction":[{"@type":"ReadAction","target":["https:\/\/www.italpassion.fr\/pt\/fiat\/fiat-500-electrique-production-reduite-de-moitie-au-premier-trimestre-2024\/"]}]},{"@type":"ImageObject","inLanguage":"pt-PT","@id":"https:\/\/www.italpassion.fr\/pt\/fiat\/fiat-500-electrique-production-reduite-de-moitie-au-premier-trimestre-2024\/#primaryimage","url":"https:\/\/www.italpassion.fr\/wp-content\/uploads\/2024\/04\/mirafiori-500-electrique.jpg","contentUrl":"https:\/\/www.italpassion.fr\/wp-content\/uploads\/2024\/04\/mirafiori-500-electrique.jpg","width":1200,"height":800},{"@type":"BreadcrumbList","@id":"https:\/\/www.italpassion.fr\/pt\/fiat\/fiat-500-electrique-production-reduite-de-moitie-au-premier-trimestre-2024\/#breadcrumb","itemListElement":[{"@type":"ListItem","position":1,"name":"Accueil","item":"https:\/\/www.italpassion.fr\/pt\/"},{"@type":"ListItem","position":2,"name":"Fiat 500 \u00e9lectrique : production r\u00e9duite de moiti\u00e9 au premier trimestre 2024"}]},{"@type":"WebSite","@id":"https:\/\/www.italpassion.fr\/pt\/#website","url":"https:\/\/www.italpassion.fr\/pt\/","name":"ItalPassion","description":"Entusiastas de autom\u00f3veis italianos","publisher":{"@id":"https:\/\/www.italpassion.fr\/pt\/#organization"},"potentialAction":[{"@type":"SearchAction","target":{"@type":"EntryPoint","urlTemplate":"https:\/\/www.italpassion.fr\/pt\/?s={search_term_string}"},"query-input":{"@type":"PropertyValueSpecification","valueRequired":true,"valueName":"search_term_string"}}],"inLanguage":"pt-PT"},{"@type":"Organization","@id":"https:\/\/www.italpassion.fr\/pt\/#organization","name":"Italpassion","url":"https:\/\/www.italpassion.fr\/pt\/","logo":{"@type":"ImageObject","inLanguage":"pt-PT","@id":"https:\/\/www.italpassion.fr\/pt\/#\/schema\/logo\/image\/","url":"https:\/\/www.italpassion.fr\/wp-content\/uploads\/2023\/07\/italpassion-yoast.jpg","contentUrl":"https:\/\/www.italpassion.fr\/wp-content\/uploads\/2023\/07\/italpassion-yoast.jpg","width":696,"height":696,"caption":"Italpassion"},"image":{"@id":"https:\/\/www.italpassion.fr\/pt\/#\/schema\/logo\/image\/"},"sameAs":["https:\/\/www.facebook.com\/italpassion","https:\/\/x.com\/italpassion","https:\/\/www.instagram.com\/italpassionfr\/","https:\/\/www.youtube.com\/channel\/UCleq-ByQaA42OjhopwevRjQ","https:\/\/www.facebook.com\/italpassion.en\/","https:\/\/www.facebook.com\/italpassion.it\/","https:\/\/www.facebook.com\/italpassion.de\/","https:\/\/www.facebook.com\/italpassion.ja\/"]},{"@type":"Person","@id":"https:\/\/www.italpassion.fr\/pt\/#\/schema\/person\/36f747b2a759ca202d847e85a9434ca0","name":"Alexandre Filluzeau","image":{"@type":"ImageObject","inLanguage":"pt-PT","@id":"https:\/\/www.italpassion.fr\/pt\/#\/schema\/person\/image\/","url":"https:\/\/www.italpassion.fr\/wp-content\/uploads\/2025\/04\/avatar-alexandre-160x160.jpg","contentUrl":"https:\/\/www.italpassion.fr\/wp-content\/uploads\/2025\/04\/avatar-alexandre-160x160.jpg","caption":"Alexandre Filluzeau"},"description":"Fundador do site ItalPassion, apaixonado por carros italianos e pela It\u00e1lia em geral. Trago um olhar cr\u00edtico e t\u00e9cnico \u00e0s not\u00edcias das marcas italianas, sempre que poss\u00edvel. Propriet\u00e1ria de um Maserati GranTurismo, Alfa Romeo MiTo, Lancia Fulvia e Ducati 695. Ex-propriet\u00e1rio de uma Alfa Romeo Giulia.","sameAs":["https:\/\/www.italpassion.fr\/"],"url":"https:\/\/www.italpassion.fr\/pt\/author\/alexandre\/"}]}},"_links":{"self":[{"href":"https:\/\/www.italpassion.fr\/pt\/wp-json\/wp\/v2\/posts\/33664","targetHints":{"allow":["GET"]}}],"collection":[{"href":"https:\/\/www.italpassion.fr\/pt\/wp-json\/wp\/v2\/posts"}],"about":[{"href":"https:\/\/www.italpassion.fr\/pt\/wp-json\/wp\/v2\/types\/post"}],"author":[{"embeddable":true,"href":"https:\/\/www.italpassion.fr\/pt\/wp-json\/wp\/v2\/users\/1"}],"replies":[{"embeddable":true,"href":"https:\/\/www.italpassion.fr\/pt\/wp-json\/wp\/v2\/comments?post=33664"}],"version-history":[{"count":1,"href":"https:\/\/www.italpassion.fr\/pt\/wp-json\/wp\/v2\/posts\/33664\/revisions"}],"predecessor-version":[{"id":33666,"href":"https:\/\/www.italpassion.fr\/pt\/wp-json\/wp\/v2\/posts\/33664\/revisions\/33666"}],"wp:featuredmedia":[{"embeddable":true,"href":"https:\/\/www.italpassion.fr\/pt\/wp-json\/wp\/v2\/media\/33665"}],"wp:attachment":[{"href":"https:\/\/www.italpassion.fr\/pt\/wp-json\/wp\/v2\/media?parent=33664"}],"wp:term":[{"taxonomy":"category","embeddable":true,"href":"https:\/\/www.italpassion.fr\/pt\/wp-json\/wp\/v2\/categories?post=33664"},{"taxonomy":"post_tag","embeddable":true,"href":"https:\/\/www.italpassion.fr\/pt\/wp-json\/wp\/v2\/tags?post=33664"}],"curies":[{"name":"wp","href":"https:\/\/api.w.org\/{rel}","templated":true}]}}