{"id":31918,"date":"2023-09-04T14:12:01","date_gmt":"2023-09-04T12:12:01","guid":{"rendered":"https:\/\/www.italpassion.fr\/?p=31918"},"modified":"2023-09-04T14:13:29","modified_gmt":"2023-09-04T12:13:29","slug":"the-pilot-ferrari-carols-sainz-victim-of-an-attempted-robbery-after-the-monza-grand-prix-video","status":"publish","type":"post","link":"https:\/\/www.italpassion.fr\/pt\/competition\/le-pilote-ferrari-carols-sainz-victime-dune-tentative-de-vol-apres-le-grand-prix-de-monza-video\/","title":{"rendered":"Carlos Sainz, piloto da Ferrari, \u00e9 v\u00edtima de uma tentativa de assalto ap\u00f3s o Grande Pr\u00e9mio de Monza (v\u00eddeo)"},"content":{"rendered":"<figure class=\"wp-block-image size-large\"><img loading=\"lazy\" decoding=\"async\" width=\"1024\" height=\"597\" src=\"https:\/\/www.italpassion.fr\/wp-content\/uploads\/2023\/09\/sainz-montre-1024x597.jpg\" alt=\"\" class=\"wp-image-31919\" srcset=\"https:\/\/www.italpassion.fr\/wp-content\/uploads\/2023\/09\/sainz-montre-1024x597.jpg 1024w, https:\/\/www.italpassion.fr\/wp-content\/uploads\/2023\/09\/sainz-montre-300x175.jpg 300w, https:\/\/www.italpassion.fr\/wp-content\/uploads\/2023\/09\/sainz-montre-768x448.jpg 768w, https:\/\/www.italpassion.fr\/wp-content\/uploads\/2023\/09\/sainz-montre-561x327.jpg 561w, https:\/\/www.italpassion.fr\/wp-content\/uploads\/2023\/09\/sainz-montre-1122x655.jpg 1122w, https:\/\/www.italpassion.fr\/wp-content\/uploads\/2023\/09\/sainz-montre-265x155.jpg 265w, https:\/\/www.italpassion.fr\/wp-content\/uploads\/2023\/09\/sainz-montre-531x310.jpg 531w, https:\/\/www.italpassion.fr\/wp-content\/uploads\/2023\/09\/sainz-montre-364x212.jpg 364w, https:\/\/www.italpassion.fr\/wp-content\/uploads\/2023\/09\/sainz-montre-728x425.jpg 728w, https:\/\/www.italpassion.fr\/wp-content\/uploads\/2023\/09\/sainz-montre-608x355.jpg 608w, https:\/\/www.italpassion.fr\/wp-content\/uploads\/2023\/09\/sainz-montre-758x442.jpg 758w, https:\/\/www.italpassion.fr\/wp-content\/uploads\/2023\/09\/sainz-montre-1152x672.jpg 1152w, https:\/\/www.italpassion.fr\/wp-content\/uploads\/2023\/09\/sainz-montre-600x350.jpg 600w, https:\/\/www.italpassion.fr\/wp-content\/uploads\/2023\/09\/sainz-montre.jpg 1200w\" sizes=\"auto, (max-width: 1024px) 100vw, 1024px\" \/><\/figure>\n\n\n\n<p>Seguindo os passos de Charles Leclerc h\u00e1 mais de um ano, \u00e9 agora a vez do piloto de <a href=\"https:\/\/www.italpassion.fr\/pt\/concurso\/formula-1\/\">F1<\/a> <strong>Carlos Sainz foi v\u00edtima de uma tentativa de roubo do seu rel\u00f3gio. <\/strong>Os eventos tiveram lugar no domingo \u00e0 tarde em Mil\u00e3o, ap\u00f3s o Grande Pr\u00e9mio de Monza.<\/p>\n\n\n\n<p>Carlos Sainz possui um rel\u00f3gio Richard Mille avaliado em 500 000 euros. A sair do seu hotel Armani ao fim da tarde, <strong>dois assaltantes aproximaram-se dele para lhe roubar o rel\u00f3gio<\/strong>.<\/p>\n\n\n\n<p>O condutor p\u00f4s-se ent\u00e3o em persegui\u00e7\u00e3o dos dois ladr\u00f5es, ajudado pelo seu guarda-costas. Acabaram por ser detidos na Via Montenapoleone pela pol\u00edcia, que interveio rapidamente. <strong>Carlos Sainz conseguiu recuperar o seu rel\u00f3gio.<\/strong><\/p>\n\n\n\n<blockquote class=\"twitter-tweet\"><p lang=\"es\" dir=\"ltr\">Aqui est\u00e3o algumas imagens do incidente, captadas por <a href=\"https:\/\/twitter.com\/Adnkronos?ref_src=twsrc%5Etfw\">@Adnkronos<\/a>. <a href=\"https:\/\/t.co\/KPdod1RGui\">pic.twitter.com\/KPdod1RGui<\/a><\/p>- V\u00edctor Abad (@victorabadf1) <a href=\"https:\/\/twitter.com\/victorabadf1\/status\/1698440682686300512?ref_src=twsrc%5Etfw\">3 de setembro de 2023<\/a><\/blockquote> <script async src=\"https:\/\/platform.twitter.com\/widgets.js\" charset=\"utf-8\"><\/script>\n\n\n\n<p><strong>Um dia emotivo para o piloto de F1<\/strong> que tinha acabado de conquistar o 3\u00ba lugar do p\u00f3dio no Grande Pr\u00e9mio de Monza, algumas horas antes!<\/p>\n\n\n\n<p>Carlos Sainz apelou a uma maior seguran\u00e7a para os pilotos nas cidades onde se realizam os Grandes Pr\u00e9mios. Em abril de 2022, Charles Leclerc viu o seu rel\u00f3gio, no valor de 300 000 euros, ser roubado alguns dias antes do Grande Pr\u00e9mio de Imola.<\/p>","protected":false},"excerpt":{"rendered":"","protected":false},"author":1,"featured_media":31919,"comment_status":"open","ping_status":"open","sticky":false,"template":"","format":"standard","meta":{"_acf_changed":false,"_sitemap_exclude":false,"_sitemap_priority":"","_sitemap_frequency":"","footnotes":""},"categories":[328,323],"tags":[],"class_list":["post-31918","post","type-post","status-publish","format-standard","has-post-thumbnail","hentry","category-formule-1","category-competition","generate-columns","tablet-grid-50","mobile-grid-100","grid-parent","grid-33"],"acf":[],"yoast_head":"<!-- This site is optimized with the Yoast SEO plugin v25.8 - https:\/\/yoast.com\/wordpress\/plugins\/seo\/ -->\n<title>Le pilote Ferrari, Carlos Sainz, victime d&#039;une tentative de vol apr\u00e8s le Grand Prix de Monza (vid\u00e9o) - ItalPassion<\/title>\n<meta name=\"description\" content=\"Comme Charles Leclerc il y a plus d&#039;un an, c&#039;est au tour du pilote de F1 Carlos Sainz d&#039;\u00eatre victime d&#039;une tentative de vol de sa montre. Les faits se\" \/>\n<meta name=\"robots\" content=\"index, follow, max-snippet:-1, max-image-preview:large, max-video-preview:-1\" \/>\n<link rel=\"canonical\" href=\"https:\/\/www.italpassion.fr\/pt\/concurso\/the-pilot-ferrari-carols-sainz-victim-of-an-attempted-robbery-after-the-monza-grand-prix-video\/\" \/>\n<meta property=\"og:locale\" content=\"pt_PT\" \/>\n<meta property=\"og:type\" content=\"article\" \/>\n<meta property=\"og:title\" content=\"Le pilote Ferrari, Carlos Sainz, victime d&#039;une tentative de vol apr\u00e8s le Grand Prix de Monza (vid\u00e9o) - ItalPassion\" \/>\n<meta property=\"og:description\" content=\"Comme Charles Leclerc il y a plus d&#039;un an, c&#039;est au tour du pilote de F1 Carlos Sainz d&#039;\u00eatre victime d&#039;une tentative de vol de sa montre. Les faits se\" \/>\n<meta property=\"og:url\" content=\"https:\/\/www.italpassion.fr\/pt\/concurso\/the-pilot-ferrari-carols-sainz-victim-of-an-attempted-robbery-after-the-monza-grand-prix-video\/\" \/>\n<meta property=\"og:site_name\" content=\"ItalPassion\" \/>\n<meta property=\"article:publisher\" content=\"https:\/\/www.facebook.com\/italpassion\" \/>\n<meta property=\"article:published_time\" content=\"2023-09-04T12:12:01+00:00\" \/>\n<meta property=\"article:modified_time\" content=\"2023-09-04T12:13:29+00:00\" \/>\n<meta property=\"og:image\" content=\"https:\/\/www.italpassion.fr\/wp-content\/uploads\/2023\/09\/sainz-montre.jpg\" \/>\n\t<meta property=\"og:image:width\" content=\"1200\" \/>\n\t<meta property=\"og:image:height\" content=\"700\" \/>\n\t<meta property=\"og:image:type\" content=\"image\/jpeg\" \/>\n<meta name=\"author\" content=\"Alexandre Filluzeau\" \/>\n<meta name=\"twitter:card\" content=\"summary_large_image\" \/>\n<meta name=\"twitter:creator\" content=\"@italpassion\" \/>\n<meta name=\"twitter:site\" content=\"@italpassion\" \/>\n<script type=\"application\/ld+json\" class=\"yoast-schema-graph\">{\"@context\":\"https:\/\/schema.org\",\"@graph\":[{\"@type\":\"NewsArticle\",\"@id\":\"https:\/\/www.italpassion.fr\/pt\/competition\/le-pilote-ferrari-carols-sainz-victime-dune-tentative-de-vol-apres-le-grand-prix-de-monza-video\/#article\",\"isPartOf\":{\"@id\":\"https:\/\/www.italpassion.fr\/pt\/competition\/le-pilote-ferrari-carols-sainz-victime-dune-tentative-de-vol-apres-le-grand-prix-de-monza-video\/\"},\"author\":{\"name\":\"Alexandre Filluzeau\",\"@id\":\"https:\/\/www.italpassion.fr\/pt\/#\/schema\/person\/36f747b2a759ca202d847e85a9434ca0\"},\"headline\":\"Le pilote Ferrari, Carlos Sainz, victime d&rsquo;une tentative de vol apr\u00e8s le Grand Prix de Monza (vid\u00e9o)\",\"datePublished\":\"2023-09-04T12:12:01+00:00\",\"dateModified\":\"2023-09-04T12:13:29+00:00\",\"mainEntityOfPage\":{\"@id\":\"https:\/\/www.italpassion.fr\/pt\/competition\/le-pilote-ferrari-carols-sainz-victime-dune-tentative-de-vol-apres-le-grand-prix-de-monza-video\/\"},\"wordCount\":251,\"commentCount\":1,\"publisher\":{\"@id\":\"https:\/\/www.italpassion.fr\/pt\/#organization\"},\"image\":{\"@id\":\"https:\/\/www.italpassion.fr\/pt\/competition\/le-pilote-ferrari-carols-sainz-victime-dune-tentative-de-vol-apres-le-grand-prix-de-monza-video\/#primaryimage\"},\"thumbnailUrl\":\"https:\/\/www.italpassion.fr\/wp-content\/uploads\/2023\/09\/sainz-montre.jpg\",\"articleSection\":[\"Formule 1\",\"Sport Auto\"],\"inLanguage\":\"pt-PT\",\"potentialAction\":[{\"@type\":\"CommentAction\",\"name\":\"Comment\",\"target\":[\"https:\/\/www.italpassion.fr\/pt\/competition\/le-pilote-ferrari-carols-sainz-victime-dune-tentative-de-vol-apres-le-grand-prix-de-monza-video\/#respond\"]}]},{\"@type\":\"WebPage\",\"@id\":\"https:\/\/www.italpassion.fr\/pt\/competition\/le-pilote-ferrari-carols-sainz-victime-dune-tentative-de-vol-apres-le-grand-prix-de-monza-video\/\",\"url\":\"https:\/\/www.italpassion.fr\/pt\/competition\/le-pilote-ferrari-carols-sainz-victime-dune-tentative-de-vol-apres-le-grand-prix-de-monza-video\/\",\"name\":\"Le pilote Ferrari, Carlos Sainz, victime d'une tentative de vol apr\u00e8s le Grand Prix de Monza (vid\u00e9o) - ItalPassion\",\"isPartOf\":{\"@id\":\"https:\/\/www.italpassion.fr\/pt\/#website\"},\"primaryImageOfPage\":{\"@id\":\"https:\/\/www.italpassion.fr\/pt\/competition\/le-pilote-ferrari-carols-sainz-victime-dune-tentative-de-vol-apres-le-grand-prix-de-monza-video\/#primaryimage\"},\"image\":{\"@id\":\"https:\/\/www.italpassion.fr\/pt\/competition\/le-pilote-ferrari-carols-sainz-victime-dune-tentative-de-vol-apres-le-grand-prix-de-monza-video\/#primaryimage\"},\"thumbnailUrl\":\"https:\/\/www.italpassion.fr\/wp-content\/uploads\/2023\/09\/sainz-montre.jpg\",\"datePublished\":\"2023-09-04T12:12:01+00:00\",\"dateModified\":\"2023-09-04T12:13:29+00:00\",\"description\":\"Comme Charles Leclerc il y a plus d'un an, c'est au tour du pilote de F1 Carlos Sainz d'\u00eatre victime d'une tentative de vol de sa montre. Les faits se\",\"breadcrumb\":{\"@id\":\"https:\/\/www.italpassion.fr\/pt\/competition\/le-pilote-ferrari-carols-sainz-victime-dune-tentative-de-vol-apres-le-grand-prix-de-monza-video\/#breadcrumb\"},\"inLanguage\":\"pt-PT\",\"potentialAction\":[{\"@type\":\"ReadAction\",\"target\":[\"https:\/\/www.italpassion.fr\/pt\/competition\/le-pilote-ferrari-carols-sainz-victime-dune-tentative-de-vol-apres-le-grand-prix-de-monza-video\/\"]}]},{\"@type\":\"ImageObject\",\"inLanguage\":\"pt-PT\",\"@id\":\"https:\/\/www.italpassion.fr\/pt\/competition\/le-pilote-ferrari-carols-sainz-victime-dune-tentative-de-vol-apres-le-grand-prix-de-monza-video\/#primaryimage\",\"url\":\"https:\/\/www.italpassion.fr\/wp-content\/uploads\/2023\/09\/sainz-montre.jpg\",\"contentUrl\":\"https:\/\/www.italpassion.fr\/wp-content\/uploads\/2023\/09\/sainz-montre.jpg\",\"width\":1200,\"height\":700,\"caption\":\"sainz montre\"},{\"@type\":\"BreadcrumbList\",\"@id\":\"https:\/\/www.italpassion.fr\/pt\/competition\/le-pilote-ferrari-carols-sainz-victime-dune-tentative-de-vol-apres-le-grand-prix-de-monza-video\/#breadcrumb\",\"itemListElement\":[{\"@type\":\"ListItem\",\"position\":1,\"name\":\"Accueil\",\"item\":\"https:\/\/www.italpassion.fr\/pt\/\"},{\"@type\":\"ListItem\",\"position\":2,\"name\":\"Le pilote Ferrari, Carlos Sainz, victime d&rsquo;une tentative de vol apr\u00e8s le Grand Prix de Monza (vid\u00e9o)\"}]},{\"@type\":\"WebSite\",\"@id\":\"https:\/\/www.italpassion.fr\/pt\/#website\",\"url\":\"https:\/\/www.italpassion.fr\/pt\/\",\"name\":\"ItalPassion\",\"description\":\"Les Passionn\u00e9s d&#039;Automobiles Italiennes\",\"publisher\":{\"@id\":\"https:\/\/www.italpassion.fr\/pt\/#organization\"},\"potentialAction\":[{\"@type\":\"SearchAction\",\"target\":{\"@type\":\"EntryPoint\",\"urlTemplate\":\"https:\/\/www.italpassion.fr\/pt\/?s={search_term_string}\"},\"query-input\":{\"@type\":\"PropertyValueSpecification\",\"valueRequired\":true,\"valueName\":\"search_term_string\"}}],\"inLanguage\":\"pt-PT\"},{\"@type\":\"Organization\",\"@id\":\"https:\/\/www.italpassion.fr\/pt\/#organization\",\"name\":\"Italpassion\",\"url\":\"https:\/\/www.italpassion.fr\/pt\/\",\"logo\":{\"@type\":\"ImageObject\",\"inLanguage\":\"pt-PT\",\"@id\":\"https:\/\/www.italpassion.fr\/pt\/#\/schema\/logo\/image\/\",\"url\":\"https:\/\/www.italpassion.fr\/wp-content\/uploads\/2023\/07\/italpassion-yoast.jpg\",\"contentUrl\":\"https:\/\/www.italpassion.fr\/wp-content\/uploads\/2023\/07\/italpassion-yoast.jpg\",\"width\":696,\"height\":696,\"caption\":\"Italpassion\"},\"image\":{\"@id\":\"https:\/\/www.italpassion.fr\/pt\/#\/schema\/logo\/image\/\"},\"sameAs\":[\"https:\/\/www.facebook.com\/italpassion\",\"https:\/\/x.com\/italpassion\",\"https:\/\/www.instagram.com\/italpassionfr\/\",\"https:\/\/www.youtube.com\/channel\/UCleq-ByQaA42OjhopwevRjQ\",\"https:\/\/www.facebook.com\/italpassion.en\/\",\"https:\/\/www.facebook.com\/italpassion.it\/\",\"https:\/\/www.facebook.com\/italpassion.de\/\",\"https:\/\/www.facebook.com\/italpassion.ja\/\"]},{\"@type\":\"Person\",\"@id\":\"https:\/\/www.italpassion.fr\/pt\/#\/schema\/person\/36f747b2a759ca202d847e85a9434ca0\",\"name\":\"Alexandre Filluzeau\",\"image\":{\"@type\":\"ImageObject\",\"inLanguage\":\"pt-PT\",\"@id\":\"https:\/\/www.italpassion.fr\/pt\/#\/schema\/person\/image\/\",\"url\":\"https:\/\/www.italpassion.fr\/wp-content\/uploads\/2025\/04\/avatar-alexandre-160x160.jpg\",\"contentUrl\":\"https:\/\/www.italpassion.fr\/wp-content\/uploads\/2025\/04\/avatar-alexandre-160x160.jpg\",\"caption\":\"Alexandre Filluzeau\"},\"description\":\"Fondateur du site ItalPassion, passionn\u00e9 de voitures italiennes et de l'Italie en g\u00e9n\u00e9ral. J'apporte un regard critique et technique aux actualit\u00e9s des marques italiennes quand cela est possible. Propri\u00e9taire d'une Maserati GranTurismo, Alfa Romeo MiTo, Lancia Fulvia et Ducati 695. Ex-propri\u00e9taire d'une Alfa Romeo Giulia.\",\"sameAs\":[\"https:\/\/www.italpassion.fr\/\"],\"url\":\"https:\/\/www.italpassion.fr\/pt\/author\/alexandre\/\"}]}<\/script>\n<!-- \/ Yoast SEO plugin. -->","yoast_head_json":{"title":"Carlos Sainz, piloto da Ferrari, \u00e9 assaltado ap\u00f3s o Grande Pr\u00e9mio de Monza (v\u00eddeo) - ItalPassion","description":"Tal como Charles Leclerc h\u00e1 mais de um ano, \u00e9 agora a vez do piloto de F1 Carlos Sainz ser v\u00edtima de uma tentativa de roubo do seu rel\u00f3gio. Os factos s\u00e3o os seguintes","robots":{"index":"index","follow":"follow","max-snippet":"max-snippet:-1","max-image-preview":"max-image-preview:large","max-video-preview":"max-video-preview:-1"},"canonical":"https:\/\/www.italpassion.fr\/pt\/concurso\/the-pilot-ferrari-carols-sainz-victim-of-an-attempted-robbery-after-the-monza-grand-prix-video\/","og_locale":"pt_PT","og_type":"article","og_title":"Le pilote Ferrari, Carlos Sainz, victime d'une tentative de vol apr\u00e8s le Grand Prix de Monza (vid\u00e9o) - ItalPassion","og_description":"Comme Charles Leclerc il y a plus d'un an, c'est au tour du pilote de F1 Carlos Sainz d'\u00eatre victime d'une tentative de vol de sa montre. Les faits se","og_url":"https:\/\/www.italpassion.fr\/pt\/concurso\/the-pilot-ferrari-carols-sainz-victim-of-an-attempted-robbery-after-the-monza-grand-prix-video\/","og_site_name":"ItalPassion","article_publisher":"https:\/\/www.facebook.com\/italpassion","article_published_time":"2023-09-04T12:12:01+00:00","article_modified_time":"2023-09-04T12:13:29+00:00","og_image":[{"width":1200,"height":700,"url":"https:\/\/www.italpassion.fr\/wp-content\/uploads\/2023\/09\/sainz-montre.jpg","type":"image\/jpeg"}],"author":"Alexandre Filluzeau","twitter_card":"summary_large_image","twitter_creator":"@italpassion","twitter_site":"@italpassion","schema":{"@context":"https:\/\/schema.org","@graph":[{"@type":"NewsArticle","@id":"https:\/\/www.italpassion.fr\/pt\/competition\/le-pilote-ferrari-carols-sainz-victime-dune-tentative-de-vol-apres-le-grand-prix-de-monza-video\/#article","isPartOf":{"@id":"https:\/\/www.italpassion.fr\/pt\/competition\/le-pilote-ferrari-carols-sainz-victime-dune-tentative-de-vol-apres-le-grand-prix-de-monza-video\/"},"author":{"name":"Alexandre Filluzeau","@id":"https:\/\/www.italpassion.fr\/pt\/#\/schema\/person\/36f747b2a759ca202d847e85a9434ca0"},"headline":"Le pilote Ferrari, Carlos Sainz, victime d&rsquo;une tentative de vol apr\u00e8s le Grand Prix de Monza (vid\u00e9o)","datePublished":"2023-09-04T12:12:01+00:00","dateModified":"2023-09-04T12:13:29+00:00","mainEntityOfPage":{"@id":"https:\/\/www.italpassion.fr\/pt\/competition\/le-pilote-ferrari-carols-sainz-victime-dune-tentative-de-vol-apres-le-grand-prix-de-monza-video\/"},"wordCount":251,"commentCount":1,"publisher":{"@id":"https:\/\/www.italpassion.fr\/pt\/#organization"},"image":{"@id":"https:\/\/www.italpassion.fr\/pt\/competition\/le-pilote-ferrari-carols-sainz-victime-dune-tentative-de-vol-apres-le-grand-prix-de-monza-video\/#primaryimage"},"thumbnailUrl":"https:\/\/www.italpassion.fr\/wp-content\/uploads\/2023\/09\/sainz-montre.jpg","articleSection":["Formule 1","Sport Auto"],"inLanguage":"pt-PT","potentialAction":[{"@type":"CommentAction","name":"Comment","target":["https:\/\/www.italpassion.fr\/pt\/competition\/le-pilote-ferrari-carols-sainz-victime-dune-tentative-de-vol-apres-le-grand-prix-de-monza-video\/#respond"]}]},{"@type":"WebPage","@id":"https:\/\/www.italpassion.fr\/pt\/competition\/le-pilote-ferrari-carols-sainz-victime-dune-tentative-de-vol-apres-le-grand-prix-de-monza-video\/","url":"https:\/\/www.italpassion.fr\/pt\/competition\/le-pilote-ferrari-carols-sainz-victime-dune-tentative-de-vol-apres-le-grand-prix-de-monza-video\/","name":"Carlos Sainz, piloto da Ferrari, \u00e9 assaltado ap\u00f3s o Grande Pr\u00e9mio de Monza (v\u00eddeo) - ItalPassion","isPartOf":{"@id":"https:\/\/www.italpassion.fr\/pt\/#website"},"primaryImageOfPage":{"@id":"https:\/\/www.italpassion.fr\/pt\/competition\/le-pilote-ferrari-carols-sainz-victime-dune-tentative-de-vol-apres-le-grand-prix-de-monza-video\/#primaryimage"},"image":{"@id":"https:\/\/www.italpassion.fr\/pt\/competition\/le-pilote-ferrari-carols-sainz-victime-dune-tentative-de-vol-apres-le-grand-prix-de-monza-video\/#primaryimage"},"thumbnailUrl":"https:\/\/www.italpassion.fr\/wp-content\/uploads\/2023\/09\/sainz-montre.jpg","datePublished":"2023-09-04T12:12:01+00:00","dateModified":"2023-09-04T12:13:29+00:00","description":"Tal como Charles Leclerc h\u00e1 mais de um ano, \u00e9 agora a vez do piloto de F1 Carlos Sainz ser v\u00edtima de uma tentativa de roubo do seu rel\u00f3gio. Os factos s\u00e3o os seguintes","breadcrumb":{"@id":"https:\/\/www.italpassion.fr\/pt\/competition\/le-pilote-ferrari-carols-sainz-victime-dune-tentative-de-vol-apres-le-grand-prix-de-monza-video\/#breadcrumb"},"inLanguage":"pt-PT","potentialAction":[{"@type":"ReadAction","target":["https:\/\/www.italpassion.fr\/pt\/competition\/le-pilote-ferrari-carols-sainz-victime-dune-tentative-de-vol-apres-le-grand-prix-de-monza-video\/"]}]},{"@type":"ImageObject","inLanguage":"pt-PT","@id":"https:\/\/www.italpassion.fr\/pt\/competition\/le-pilote-ferrari-carols-sainz-victime-dune-tentative-de-vol-apres-le-grand-prix-de-monza-video\/#primaryimage","url":"https:\/\/www.italpassion.fr\/wp-content\/uploads\/2023\/09\/sainz-montre.jpg","contentUrl":"https:\/\/www.italpassion.fr\/wp-content\/uploads\/2023\/09\/sainz-montre.jpg","width":1200,"height":700,"caption":"sainz montre"},{"@type":"BreadcrumbList","@id":"https:\/\/www.italpassion.fr\/pt\/competition\/le-pilote-ferrari-carols-sainz-victime-dune-tentative-de-vol-apres-le-grand-prix-de-monza-video\/#breadcrumb","itemListElement":[{"@type":"ListItem","position":1,"name":"Accueil","item":"https:\/\/www.italpassion.fr\/pt\/"},{"@type":"ListItem","position":2,"name":"Le pilote Ferrari, Carlos Sainz, victime d&rsquo;une tentative de vol apr\u00e8s le Grand Prix de Monza (vid\u00e9o)"}]},{"@type":"WebSite","@id":"https:\/\/www.italpassion.fr\/pt\/#website","url":"https:\/\/www.italpassion.fr\/pt\/","name":"ItalPassion","description":"Entusiastas de autom\u00f3veis italianos","publisher":{"@id":"https:\/\/www.italpassion.fr\/pt\/#organization"},"potentialAction":[{"@type":"SearchAction","target":{"@type":"EntryPoint","urlTemplate":"https:\/\/www.italpassion.fr\/pt\/?s={search_term_string}"},"query-input":{"@type":"PropertyValueSpecification","valueRequired":true,"valueName":"search_term_string"}}],"inLanguage":"pt-PT"},{"@type":"Organization","@id":"https:\/\/www.italpassion.fr\/pt\/#organization","name":"Italpassion","url":"https:\/\/www.italpassion.fr\/pt\/","logo":{"@type":"ImageObject","inLanguage":"pt-PT","@id":"https:\/\/www.italpassion.fr\/pt\/#\/schema\/logo\/image\/","url":"https:\/\/www.italpassion.fr\/wp-content\/uploads\/2023\/07\/italpassion-yoast.jpg","contentUrl":"https:\/\/www.italpassion.fr\/wp-content\/uploads\/2023\/07\/italpassion-yoast.jpg","width":696,"height":696,"caption":"Italpassion"},"image":{"@id":"https:\/\/www.italpassion.fr\/pt\/#\/schema\/logo\/image\/"},"sameAs":["https:\/\/www.facebook.com\/italpassion","https:\/\/x.com\/italpassion","https:\/\/www.instagram.com\/italpassionfr\/","https:\/\/www.youtube.com\/channel\/UCleq-ByQaA42OjhopwevRjQ","https:\/\/www.facebook.com\/italpassion.en\/","https:\/\/www.facebook.com\/italpassion.it\/","https:\/\/www.facebook.com\/italpassion.de\/","https:\/\/www.facebook.com\/italpassion.ja\/"]},{"@type":"Person","@id":"https:\/\/www.italpassion.fr\/pt\/#\/schema\/person\/36f747b2a759ca202d847e85a9434ca0","name":"Alexandre Filluzeau","image":{"@type":"ImageObject","inLanguage":"pt-PT","@id":"https:\/\/www.italpassion.fr\/pt\/#\/schema\/person\/image\/","url":"https:\/\/www.italpassion.fr\/wp-content\/uploads\/2025\/04\/avatar-alexandre-160x160.jpg","contentUrl":"https:\/\/www.italpassion.fr\/wp-content\/uploads\/2025\/04\/avatar-alexandre-160x160.jpg","caption":"Alexandre Filluzeau"},"description":"Fundador do site ItalPassion, apaixonado por carros italianos e pela It\u00e1lia em geral. Trago um olhar cr\u00edtico e t\u00e9cnico \u00e0s not\u00edcias das marcas italianas, sempre que poss\u00edvel. Propriet\u00e1ria de um Maserati GranTurismo, Alfa Romeo MiTo, Lancia Fulvia e Ducati 695. Ex-propriet\u00e1rio de uma Alfa Romeo Giulia.","sameAs":["https:\/\/www.italpassion.fr\/"],"url":"https:\/\/www.italpassion.fr\/pt\/author\/alexandre\/"}]}},"_links":{"self":[{"href":"https:\/\/www.italpassion.fr\/pt\/wp-json\/wp\/v2\/posts\/31918","targetHints":{"allow":["GET"]}}],"collection":[{"href":"https:\/\/www.italpassion.fr\/pt\/wp-json\/wp\/v2\/posts"}],"about":[{"href":"https:\/\/www.italpassion.fr\/pt\/wp-json\/wp\/v2\/types\/post"}],"author":[{"embeddable":true,"href":"https:\/\/www.italpassion.fr\/pt\/wp-json\/wp\/v2\/users\/1"}],"replies":[{"embeddable":true,"href":"https:\/\/www.italpassion.fr\/pt\/wp-json\/wp\/v2\/comments?post=31918"}],"version-history":[{"count":2,"href":"https:\/\/www.italpassion.fr\/pt\/wp-json\/wp\/v2\/posts\/31918\/revisions"}],"predecessor-version":[{"id":31921,"href":"https:\/\/www.italpassion.fr\/pt\/wp-json\/wp\/v2\/posts\/31918\/revisions\/31921"}],"wp:featuredmedia":[{"embeddable":true,"href":"https:\/\/www.italpassion.fr\/pt\/wp-json\/wp\/v2\/media\/31919"}],"wp:attachment":[{"href":"https:\/\/www.italpassion.fr\/pt\/wp-json\/wp\/v2\/media?parent=31918"}],"wp:term":[{"taxonomy":"category","embeddable":true,"href":"https:\/\/www.italpassion.fr\/pt\/wp-json\/wp\/v2\/categories?post=31918"},{"taxonomy":"post_tag","embeddable":true,"href":"https:\/\/www.italpassion.fr\/pt\/wp-json\/wp\/v2\/tags?post=31918"}],"curies":[{"name":"wp","href":"https:\/\/api.w.org\/{rel}","templated":true}]}}