{"id":31262,"date":"2023-02-23T16:28:14","date_gmt":"2023-02-23T15:28:14","guid":{"rendered":"https:\/\/www.italpassion.fr\/?p=31262"},"modified":"2023-02-23T20:30:38","modified_gmt":"2023-02-23T19:30:38","slug":"fiat-2-electric-models-present-in-2023","status":"publish","type":"post","link":"https:\/\/www.italpassion.fr\/pt\/fiat\/fiat-2-modeles-electriques-presentes-en-2023\/","title":{"rendered":"Fiat: 2 modelos el\u00e9ctricos a serem apresentados em 2023"},"content":{"rendered":"<figure class=\"wp-block-image size-large\"><img loading=\"lazy\" decoding=\"async\" width=\"1024\" height=\"480\" src=\"https:\/\/www.italpassion.fr\/wp-content\/uploads\/2022\/08\/Fiat-Centoventi-Concept-1024x480.jpg\" alt=\"\" class=\"wp-image-30582\" srcset=\"https:\/\/www.italpassion.fr\/wp-content\/uploads\/2022\/08\/Fiat-Centoventi-Concept-1024x480.jpg 1024w, https:\/\/www.italpassion.fr\/wp-content\/uploads\/2022\/08\/Fiat-Centoventi-Concept-300x141.jpg 300w, https:\/\/www.italpassion.fr\/wp-content\/uploads\/2022\/08\/Fiat-Centoventi-Concept-768x360.jpg 768w, https:\/\/www.italpassion.fr\/wp-content\/uploads\/2022\/08\/Fiat-Centoventi-Concept-561x263.jpg 561w, https:\/\/www.italpassion.fr\/wp-content\/uploads\/2022\/08\/Fiat-Centoventi-Concept-1122x526.jpg 1122w, https:\/\/www.italpassion.fr\/wp-content\/uploads\/2022\/08\/Fiat-Centoventi-Concept-265x124.jpg 265w, https:\/\/www.italpassion.fr\/wp-content\/uploads\/2022\/08\/Fiat-Centoventi-Concept-531x249.jpg 531w, https:\/\/www.italpassion.fr\/wp-content\/uploads\/2022\/08\/Fiat-Centoventi-Concept-364x171.jpg 364w, https:\/\/www.italpassion.fr\/wp-content\/uploads\/2022\/08\/Fiat-Centoventi-Concept-728x341.jpg 728w, https:\/\/www.italpassion.fr\/wp-content\/uploads\/2022\/08\/Fiat-Centoventi-Concept-608x285.jpg 608w, https:\/\/www.italpassion.fr\/wp-content\/uploads\/2022\/08\/Fiat-Centoventi-Concept-758x355.jpg 758w, https:\/\/www.italpassion.fr\/wp-content\/uploads\/2022\/08\/Fiat-Centoventi-Concept-1152x540.jpg 1152w, https:\/\/www.italpassion.fr\/wp-content\/uploads\/2022\/08\/Fiat-Centoventi-Concept-600x281.jpg 600w, https:\/\/www.italpassion.fr\/wp-content\/uploads\/2022\/08\/Fiat-Centoventi-Concept.jpg 1280w\" sizes=\"auto, (max-width: 1024px) 100vw, 1024px\" \/><\/figure>\n\n\n\n<p>Durante a apresenta\u00e7\u00e3o dos resultados (recorde!) de Stellantis, Carlos Tavares confirmou que <strong>2 modelos el\u00e9ctricos deviam ser apresentados na Fiat em 2023<\/strong>. Uma breve panor\u00e2mica das possibilidades...<\/p>\n\n\n\n<h2 class=\"has-medium-font-size wp-block-heading\">Fiat 600: o novo SUV de bolso <\/h2>\n\n\n\n<p>Ele \u00e9 esperado como o Messias na Fiat. Ele \u00e9 o <strong>novo Fiat 600 SUV<\/strong> (nome ainda n\u00e3o confirmado), a <strong>SUV Urbano<\/strong> posicionado sob o 500X (que existe h\u00e1 mais de 8 anos). De acordo com os primeiros elementos, seria a contraparte de perna alta do novo 500e. Devemos, portanto, imaginar o mesmo<strong> estilo neo-retro<\/strong>. <\/p>\n\n\n\n<p>Constru\u00eddo em Tychy, Pol\u00f3nia, ao lado do seu irm\u00e3o Jeep Avenger, diz-se que est\u00e1 um passo \u00e0 frente do seu predecessor.<strong>cerca de 4,10m<\/strong> (i.e. um grande Clio). \u00c9 prov\u00e1vel que seja oferecido com o novo <strong>Motor el\u00e9ctrico de 156 cv<\/strong> o jipe, tamb\u00e9m poderia ser vendido com um <strong>motor micro-h\u00edbrido por um pre\u00e7o mais acess\u00edvel. <\/strong><\/p>\n\n\n\n<figure class=\"wp-block-image size-large\"><img loading=\"lazy\" decoding=\"async\" width=\"1024\" height=\"436\" src=\"https:\/\/www.italpassion.fr\/wp-content\/uploads\/2022\/11\/fiat-600-1024x436.jpg\" alt=\"\" class=\"wp-image-30943\" srcset=\"https:\/\/www.italpassion.fr\/wp-content\/uploads\/2022\/11\/fiat-600-1024x436.jpg 1024w, https:\/\/www.italpassion.fr\/wp-content\/uploads\/2022\/11\/fiat-600-300x128.jpg 300w, https:\/\/www.italpassion.fr\/wp-content\/uploads\/2022\/11\/fiat-600-768x327.jpg 768w, https:\/\/www.italpassion.fr\/wp-content\/uploads\/2022\/11\/fiat-600-18x8.jpg 18w, https:\/\/www.italpassion.fr\/wp-content\/uploads\/2022\/11\/fiat-600-561x239.jpg 561w, https:\/\/www.italpassion.fr\/wp-content\/uploads\/2022\/11\/fiat-600-1122x478.jpg 1122w, https:\/\/www.italpassion.fr\/wp-content\/uploads\/2022\/11\/fiat-600-265x113.jpg 265w, https:\/\/www.italpassion.fr\/wp-content\/uploads\/2022\/11\/fiat-600-531x226.jpg 531w, https:\/\/www.italpassion.fr\/wp-content\/uploads\/2022\/11\/fiat-600-364x156.jpg 364w, https:\/\/www.italpassion.fr\/wp-content\/uploads\/2022\/11\/fiat-600-728x310.jpg 728w, https:\/\/www.italpassion.fr\/wp-content\/uploads\/2022\/11\/fiat-600-608x259.jpg 608w, https:\/\/www.italpassion.fr\/wp-content\/uploads\/2022\/11\/fiat-600-758x323.jpg 758w, https:\/\/www.italpassion.fr\/wp-content\/uploads\/2022\/11\/fiat-600-1152x491.jpg 1152w, https:\/\/www.italpassion.fr\/wp-content\/uploads\/2022\/11\/fiat-600.jpg 1366w\" sizes=\"auto, (max-width: 1024px) 100vw, 1024px\" \/><figcaption class=\"wp-element-caption\">A nova B-SUV... Uma verdadeira novidade... Finalmente! <\/figcaption><\/figure>\n\n\n\n<h2 class=\"has-medium-font-size wp-block-heading\">Fiat Panda 4: o \"Arlesienne <\/h2>\n\n\n\n<p>Apresentado como um <strong>conceito em 2019<\/strong> O conceito de Centoventi, que foi apresentado no Sal\u00e3o Autom\u00f3vel de Genebra e que era suposto prenunciar o novo Panda, era muito popular. Mas os anos passam e nada vem... Al\u00e9m disso, parece que a nova direc\u00e7\u00e3o estil\u00edstica da Fiat decidiu (como se tivessem dinheiro para isso!) abandonar o estilo bem sucedido, s\u00f3brio e moderno, simples sem ser simplista, deste conceito t\u00e3o esperado para encontrar formas mais simples, mais no esp\u00edrito minimalista do Panda original, lan\u00e7ado em 1980! <\/p>\n\n\n\n<p>Como \u00e9 habitual, com a Fiat, o projecto de segunda-feira j\u00e1 n\u00e3o \u00e9 de quinta-feira... Uma coisa \u00e9 certa: <strong>A Fiat precisa de um novo modelo do segmento B (cerca de 4 m de comprimento) que seja simples, n\u00e3o demasiado caro e inovador. <\/strong>Um golpe de Estado \u00e9 obrigat\u00f3rio. Ent\u00e3o, ser\u00e1 o \u00fanico? <\/p>\n\n\n\n<figure class=\"wp-block-image size-full\"><img loading=\"lazy\" decoding=\"async\" width=\"940\" height=\"626\" src=\"https:\/\/www.italpassion.fr\/wp-content\/uploads\/2022\/01\/Fiat-Centoventi-Concept.jpg\" alt=\"\" class=\"wp-image-29900\" srcset=\"https:\/\/www.italpassion.fr\/wp-content\/uploads\/2022\/01\/Fiat-Centoventi-Concept.jpg 940w, https:\/\/www.italpassion.fr\/wp-content\/uploads\/2022\/01\/Fiat-Centoventi-Concept-300x200.jpg 300w, https:\/\/www.italpassion.fr\/wp-content\/uploads\/2022\/01\/Fiat-Centoventi-Concept-768x511.jpg 768w, https:\/\/www.italpassion.fr\/wp-content\/uploads\/2022\/01\/Fiat-Centoventi-Concept-561x374.jpg 561w, https:\/\/www.italpassion.fr\/wp-content\/uploads\/2022\/01\/Fiat-Centoventi-Concept-265x176.jpg 265w, https:\/\/www.italpassion.fr\/wp-content\/uploads\/2022\/01\/Fiat-Centoventi-Concept-531x354.jpg 531w, https:\/\/www.italpassion.fr\/wp-content\/uploads\/2022\/01\/Fiat-Centoventi-Concept-364x242.jpg 364w, https:\/\/www.italpassion.fr\/wp-content\/uploads\/2022\/01\/Fiat-Centoventi-Concept-728x485.jpg 728w, https:\/\/www.italpassion.fr\/wp-content\/uploads\/2022\/01\/Fiat-Centoventi-Concept-608x405.jpg 608w, https:\/\/www.italpassion.fr\/wp-content\/uploads\/2022\/01\/Fiat-Centoventi-Concept-758x505.jpg 758w, https:\/\/www.italpassion.fr\/wp-content\/uploads\/2022\/01\/Fiat-Centoventi-Concept-600x400.jpg 600w\" sizes=\"auto, (max-width: 940px) 100vw, 940px\" \/><figcaption class=\"wp-element-caption\">Ser\u00e1 que os Centoventi ver\u00e3o a luz do dia?<\/figcaption><\/figure>\n\n\n\n<h2 class=\"has-medium-font-size wp-block-heading\">Fiat Topolino: \u00fatil? <\/h2>\n\n\n\n<p>Para outros, o segundo modelo de 2023, para al\u00e9m do B-SUV, seria <strong>simplesmente o novo Topolino! <\/strong>Por \"novo\", quero dizer uma simples mudan\u00e7a de logotipo para o Citro\u00ebn Ami, um simples quadriciclo (nem sequer \u00e9 um carro!) limitado a 45 km\/h. Um carro de bolso b\u00e1sico, de baixo custo, pr\u00e1tico para os citadinos que n\u00e3o querem um ve\u00edculo de 2 rodas. <\/p>\n\n\n\n<p>Mas a partir da\u00ed, para fazer dela uma \"grande novidade\", quando n\u00e3o deveria demorar mais de 3 meses a rebadgear este modelo, a entregar algum equipamento espec\u00edfico e a construir uma campanha de comunica\u00e7\u00e3o provavelmente destinada principalmente a It\u00e1lia, eu acharia isso um pouco rico! Especialmente porque pessoalmente considero este conceito Ami t\u00e3o terr\u00edvel como in\u00fatil e espero melhor da Fiat do que rebadgear os modelos de outras pessoas por pouco dinheiro. J\u00e1 temos o suficiente disso com as carrinhas... Tenha cuidado para n\u00e3o perder a sua imagem embrulhando tudo isto em nomes gloriosos do passado...<\/p>\n\n\n\n<figure class=\"wp-block-image size-full\"><img loading=\"lazy\" decoding=\"async\" width=\"700\" height=\"400\" src=\"https:\/\/www.italpassion.fr\/wp-content\/uploads\/2023\/02\/Ami.jpg\" alt=\"\" class=\"wp-image-31263\" srcset=\"https:\/\/www.italpassion.fr\/wp-content\/uploads\/2023\/02\/Ami.jpg 700w, https:\/\/www.italpassion.fr\/wp-content\/uploads\/2023\/02\/Ami-300x171.jpg 300w, https:\/\/www.italpassion.fr\/wp-content\/uploads\/2023\/02\/Ami-18x10.jpg 18w, https:\/\/www.italpassion.fr\/wp-content\/uploads\/2023\/02\/Ami-561x321.jpg 561w, https:\/\/www.italpassion.fr\/wp-content\/uploads\/2023\/02\/Ami-265x151.jpg 265w, https:\/\/www.italpassion.fr\/wp-content\/uploads\/2023\/02\/Ami-531x303.jpg 531w, https:\/\/www.italpassion.fr\/wp-content\/uploads\/2023\/02\/Ami-364x208.jpg 364w, https:\/\/www.italpassion.fr\/wp-content\/uploads\/2023\/02\/Ami-608x347.jpg 608w, https:\/\/www.italpassion.fr\/wp-content\/uploads\/2023\/02\/Ami-600x343.jpg 600w\" sizes=\"auto, (max-width: 700px) 100vw, 700px\" \/><figcaption class=\"wp-element-caption\">O Amigo...futuro Topolino? <\/figcaption><\/figure>\n\n\n\n<p>O que pensa? O que \u00e9 que pensa? <\/p>","protected":false},"excerpt":{"rendered":"","protected":false},"author":3,"featured_media":30582,"comment_status":"open","ping_status":"open","sticky":false,"template":"","format":"standard","meta":{"_acf_changed":false,"_sitemap_exclude":false,"_sitemap_priority":"","_sitemap_frequency":"","footnotes":""},"categories":[24],"tags":[],"class_list":["post-31262","post","type-post","status-publish","format-standard","has-post-thumbnail","hentry","category-fiat","generate-columns","tablet-grid-50","mobile-grid-100","grid-parent","grid-33"],"acf":[],"yoast_head":"<!-- This site is optimized with the Yoast SEO plugin v25.8 - https:\/\/yoast.com\/wordpress\/plugins\/seo\/ -->\n<title>Fiat : 2 mod\u00e8les \u00e9lectriques pr\u00e9sent\u00e9s en 2023 - ItalPassion<\/title>\n<meta name=\"description\" content=\"Lors de la pr\u00e9sentation des r\u00e9sultats (record !) de Stellantis, Carlos Tavares a bel et bien confirm\u00e9 que 2 mod\u00e8les \u00e9lectriques allaient \u00eatre pr\u00e9sent\u00e9s\" \/>\n<meta name=\"robots\" content=\"index, follow, max-snippet:-1, max-image-preview:large, max-video-preview:-1\" \/>\n<link rel=\"canonical\" href=\"https:\/\/www.italpassion.fr\/pt\/fiat\/fiat-2-electric-models-present-in-2023\/\" \/>\n<meta property=\"og:locale\" content=\"pt_PT\" \/>\n<meta property=\"og:type\" content=\"article\" \/>\n<meta property=\"og:title\" content=\"Fiat : 2 mod\u00e8les \u00e9lectriques pr\u00e9sent\u00e9s en 2023 - ItalPassion\" \/>\n<meta property=\"og:description\" content=\"Lors de la pr\u00e9sentation des r\u00e9sultats (record !) de Stellantis, Carlos Tavares a bel et bien confirm\u00e9 que 2 mod\u00e8les \u00e9lectriques allaient \u00eatre pr\u00e9sent\u00e9s\" \/>\n<meta property=\"og:url\" content=\"https:\/\/www.italpassion.fr\/pt\/fiat\/fiat-2-electric-models-present-in-2023\/\" \/>\n<meta property=\"og:site_name\" content=\"ItalPassion\" \/>\n<meta property=\"article:publisher\" content=\"https:\/\/www.facebook.com\/italpassion\" \/>\n<meta property=\"article:published_time\" content=\"2023-02-23T15:28:14+00:00\" \/>\n<meta property=\"article:modified_time\" content=\"2023-02-23T19:30:38+00:00\" \/>\n<meta property=\"og:image\" content=\"https:\/\/www.italpassion.fr\/wp-content\/uploads\/2022\/08\/Fiat-Centoventi-Concept.jpg\" \/>\n\t<meta property=\"og:image:width\" content=\"1280\" \/>\n\t<meta property=\"og:image:height\" content=\"600\" \/>\n\t<meta property=\"og:image:type\" content=\"image\/jpeg\" \/>\n<meta name=\"author\" content=\"Fr\u00e9d\u00e9ric\" \/>\n<meta name=\"twitter:card\" content=\"summary_large_image\" \/>\n<meta name=\"twitter:creator\" content=\"@italpassion\" \/>\n<meta name=\"twitter:site\" content=\"@italpassion\" \/>\n<script type=\"application\/ld+json\" class=\"yoast-schema-graph\">{\"@context\":\"https:\/\/schema.org\",\"@graph\":[{\"@type\":\"NewsArticle\",\"@id\":\"https:\/\/www.italpassion.fr\/pt\/fiat\/fiat-2-modeles-electriques-presentes-en-2023\/#article\",\"isPartOf\":{\"@id\":\"https:\/\/www.italpassion.fr\/pt\/fiat\/fiat-2-modeles-electriques-presentes-en-2023\/\"},\"author\":{\"name\":\"Fr\u00e9d\u00e9ric\",\"@id\":\"https:\/\/www.italpassion.fr\/pt\/#\/schema\/person\/83078a8e5b488fb83a150b239d669914\"},\"headline\":\"Fiat : 2 mod\u00e8les \u00e9lectriques pr\u00e9sent\u00e9s en 2023\",\"datePublished\":\"2023-02-23T15:28:14+00:00\",\"dateModified\":\"2023-02-23T19:30:38+00:00\",\"mainEntityOfPage\":{\"@id\":\"https:\/\/www.italpassion.fr\/pt\/fiat\/fiat-2-modeles-electriques-presentes-en-2023\/\"},\"wordCount\":522,\"commentCount\":11,\"publisher\":{\"@id\":\"https:\/\/www.italpassion.fr\/pt\/#organization\"},\"image\":{\"@id\":\"https:\/\/www.italpassion.fr\/pt\/fiat\/fiat-2-modeles-electriques-presentes-en-2023\/#primaryimage\"},\"thumbnailUrl\":\"https:\/\/www.italpassion.fr\/wp-content\/uploads\/2022\/08\/Fiat-Centoventi-Concept.jpg\",\"articleSection\":[\"Fiat\"],\"inLanguage\":\"pt-PT\",\"potentialAction\":[{\"@type\":\"CommentAction\",\"name\":\"Comment\",\"target\":[\"https:\/\/www.italpassion.fr\/pt\/fiat\/fiat-2-modeles-electriques-presentes-en-2023\/#respond\"]}]},{\"@type\":\"WebPage\",\"@id\":\"https:\/\/www.italpassion.fr\/pt\/fiat\/fiat-2-modeles-electriques-presentes-en-2023\/\",\"url\":\"https:\/\/www.italpassion.fr\/pt\/fiat\/fiat-2-modeles-electriques-presentes-en-2023\/\",\"name\":\"Fiat : 2 mod\u00e8les \u00e9lectriques pr\u00e9sent\u00e9s en 2023 - ItalPassion\",\"isPartOf\":{\"@id\":\"https:\/\/www.italpassion.fr\/pt\/#website\"},\"primaryImageOfPage\":{\"@id\":\"https:\/\/www.italpassion.fr\/pt\/fiat\/fiat-2-modeles-electriques-presentes-en-2023\/#primaryimage\"},\"image\":{\"@id\":\"https:\/\/www.italpassion.fr\/pt\/fiat\/fiat-2-modeles-electriques-presentes-en-2023\/#primaryimage\"},\"thumbnailUrl\":\"https:\/\/www.italpassion.fr\/wp-content\/uploads\/2022\/08\/Fiat-Centoventi-Concept.jpg\",\"datePublished\":\"2023-02-23T15:28:14+00:00\",\"dateModified\":\"2023-02-23T19:30:38+00:00\",\"description\":\"Lors de la pr\u00e9sentation des r\u00e9sultats (record !) de Stellantis, Carlos Tavares a bel et bien confirm\u00e9 que 2 mod\u00e8les \u00e9lectriques allaient \u00eatre pr\u00e9sent\u00e9s\",\"breadcrumb\":{\"@id\":\"https:\/\/www.italpassion.fr\/pt\/fiat\/fiat-2-modeles-electriques-presentes-en-2023\/#breadcrumb\"},\"inLanguage\":\"pt-PT\",\"potentialAction\":[{\"@type\":\"ReadAction\",\"target\":[\"https:\/\/www.italpassion.fr\/pt\/fiat\/fiat-2-modeles-electriques-presentes-en-2023\/\"]}]},{\"@type\":\"ImageObject\",\"inLanguage\":\"pt-PT\",\"@id\":\"https:\/\/www.italpassion.fr\/pt\/fiat\/fiat-2-modeles-electriques-presentes-en-2023\/#primaryimage\",\"url\":\"https:\/\/www.italpassion.fr\/wp-content\/uploads\/2022\/08\/Fiat-Centoventi-Concept.jpg\",\"contentUrl\":\"https:\/\/www.italpassion.fr\/wp-content\/uploads\/2022\/08\/Fiat-Centoventi-Concept.jpg\",\"width\":1280,\"height\":600},{\"@type\":\"BreadcrumbList\",\"@id\":\"https:\/\/www.italpassion.fr\/pt\/fiat\/fiat-2-modeles-electriques-presentes-en-2023\/#breadcrumb\",\"itemListElement\":[{\"@type\":\"ListItem\",\"position\":1,\"name\":\"Accueil\",\"item\":\"https:\/\/www.italpassion.fr\/pt\/\"},{\"@type\":\"ListItem\",\"position\":2,\"name\":\"Fiat : 2 mod\u00e8les \u00e9lectriques pr\u00e9sent\u00e9s en 2023\"}]},{\"@type\":\"WebSite\",\"@id\":\"https:\/\/www.italpassion.fr\/pt\/#website\",\"url\":\"https:\/\/www.italpassion.fr\/pt\/\",\"name\":\"ItalPassion\",\"description\":\"Les Passionn\u00e9s d&#039;Automobiles Italiennes\",\"publisher\":{\"@id\":\"https:\/\/www.italpassion.fr\/pt\/#organization\"},\"potentialAction\":[{\"@type\":\"SearchAction\",\"target\":{\"@type\":\"EntryPoint\",\"urlTemplate\":\"https:\/\/www.italpassion.fr\/pt\/?s={search_term_string}\"},\"query-input\":{\"@type\":\"PropertyValueSpecification\",\"valueRequired\":true,\"valueName\":\"search_term_string\"}}],\"inLanguage\":\"pt-PT\"},{\"@type\":\"Organization\",\"@id\":\"https:\/\/www.italpassion.fr\/pt\/#organization\",\"name\":\"Italpassion\",\"url\":\"https:\/\/www.italpassion.fr\/pt\/\",\"logo\":{\"@type\":\"ImageObject\",\"inLanguage\":\"pt-PT\",\"@id\":\"https:\/\/www.italpassion.fr\/pt\/#\/schema\/logo\/image\/\",\"url\":\"https:\/\/www.italpassion.fr\/wp-content\/uploads\/2023\/07\/italpassion-yoast.jpg\",\"contentUrl\":\"https:\/\/www.italpassion.fr\/wp-content\/uploads\/2023\/07\/italpassion-yoast.jpg\",\"width\":696,\"height\":696,\"caption\":\"Italpassion\"},\"image\":{\"@id\":\"https:\/\/www.italpassion.fr\/pt\/#\/schema\/logo\/image\/\"},\"sameAs\":[\"https:\/\/www.facebook.com\/italpassion\",\"https:\/\/x.com\/italpassion\",\"https:\/\/www.instagram.com\/italpassionfr\/\",\"https:\/\/www.youtube.com\/channel\/UCleq-ByQaA42OjhopwevRjQ\",\"https:\/\/www.facebook.com\/italpassion.en\/\",\"https:\/\/www.facebook.com\/italpassion.it\/\",\"https:\/\/www.facebook.com\/italpassion.de\/\",\"https:\/\/www.facebook.com\/italpassion.ja\/\"]},{\"@type\":\"Person\",\"@id\":\"https:\/\/www.italpassion.fr\/pt\/#\/schema\/person\/83078a8e5b488fb83a150b239d669914\",\"name\":\"Fr\u00e9d\u00e9ric\",\"image\":{\"@type\":\"ImageObject\",\"inLanguage\":\"pt-PT\",\"@id\":\"https:\/\/www.italpassion.fr\/pt\/#\/schema\/person\/image\/\",\"url\":\"https:\/\/www.italpassion.fr\/wp-content\/plugins\/generateperf\/images\/icons\/avatar.svg\",\"contentUrl\":\"https:\/\/www.italpassion.fr\/wp-content\/plugins\/generateperf\/images\/icons\/avatar.svg\",\"caption\":\"Fr\u00e9d\u00e9ric\"},\"description\":\"C'est avec plaisir que je vous r\u00e9digerai des articles sur l'actualit\u00e9 de nos marques italiennes. Sp\u00e9cialis\u00e9 sur l'actualit\u00e9 du groupe Stellantis, la strat\u00e9gie face \u00e0 la concurrence, les plans-produits, les bilans financiers, les succ\u00e8s, atouts ou \u00e9checs, j'esp\u00e8re vous contenter sur le nombre et la qualit\u00e9 des articles, que je r\u00e9digerai sans parti pris, sans \u00e9viter les questions qui f\u00e2chent, dans un souci d'objectivit\u00e9.\",\"url\":\"https:\/\/www.italpassion.fr\/pt\/author\/frederic\/\"}]}<\/script>\n<!-- \/ Yoast SEO plugin. -->","yoast_head_json":{"title":"Fiat introduz 2 modelos el\u00e9ctricos em 2023 - ItalPassion","description":"Durante a apresenta\u00e7\u00e3o dos resultados (recorde!) do Stellantis, Carlos Tavares confirmou que seriam apresentados 2 modelos el\u00e9ctricos","robots":{"index":"index","follow":"follow","max-snippet":"max-snippet:-1","max-image-preview":"max-image-preview:large","max-video-preview":"max-video-preview:-1"},"canonical":"https:\/\/www.italpassion.fr\/pt\/fiat\/fiat-2-electric-models-present-in-2023\/","og_locale":"pt_PT","og_type":"article","og_title":"Fiat : 2 mod\u00e8les \u00e9lectriques pr\u00e9sent\u00e9s en 2023 - ItalPassion","og_description":"Lors de la pr\u00e9sentation des r\u00e9sultats (record !) de Stellantis, Carlos Tavares a bel et bien confirm\u00e9 que 2 mod\u00e8les \u00e9lectriques allaient \u00eatre pr\u00e9sent\u00e9s","og_url":"https:\/\/www.italpassion.fr\/pt\/fiat\/fiat-2-electric-models-present-in-2023\/","og_site_name":"ItalPassion","article_publisher":"https:\/\/www.facebook.com\/italpassion","article_published_time":"2023-02-23T15:28:14+00:00","article_modified_time":"2023-02-23T19:30:38+00:00","og_image":[{"width":1280,"height":600,"url":"https:\/\/www.italpassion.fr\/wp-content\/uploads\/2022\/08\/Fiat-Centoventi-Concept.jpg","type":"image\/jpeg"}],"author":"Fr\u00e9d\u00e9ric","twitter_card":"summary_large_image","twitter_creator":"@italpassion","twitter_site":"@italpassion","schema":{"@context":"https:\/\/schema.org","@graph":[{"@type":"NewsArticle","@id":"https:\/\/www.italpassion.fr\/pt\/fiat\/fiat-2-modeles-electriques-presentes-en-2023\/#article","isPartOf":{"@id":"https:\/\/www.italpassion.fr\/pt\/fiat\/fiat-2-modeles-electriques-presentes-en-2023\/"},"author":{"name":"Fr\u00e9d\u00e9ric","@id":"https:\/\/www.italpassion.fr\/pt\/#\/schema\/person\/83078a8e5b488fb83a150b239d669914"},"headline":"Fiat : 2 mod\u00e8les \u00e9lectriques pr\u00e9sent\u00e9s en 2023","datePublished":"2023-02-23T15:28:14+00:00","dateModified":"2023-02-23T19:30:38+00:00","mainEntityOfPage":{"@id":"https:\/\/www.italpassion.fr\/pt\/fiat\/fiat-2-modeles-electriques-presentes-en-2023\/"},"wordCount":522,"commentCount":11,"publisher":{"@id":"https:\/\/www.italpassion.fr\/pt\/#organization"},"image":{"@id":"https:\/\/www.italpassion.fr\/pt\/fiat\/fiat-2-modeles-electriques-presentes-en-2023\/#primaryimage"},"thumbnailUrl":"https:\/\/www.italpassion.fr\/wp-content\/uploads\/2022\/08\/Fiat-Centoventi-Concept.jpg","articleSection":["Fiat"],"inLanguage":"pt-PT","potentialAction":[{"@type":"CommentAction","name":"Comment","target":["https:\/\/www.italpassion.fr\/pt\/fiat\/fiat-2-modeles-electriques-presentes-en-2023\/#respond"]}]},{"@type":"WebPage","@id":"https:\/\/www.italpassion.fr\/pt\/fiat\/fiat-2-modeles-electriques-presentes-en-2023\/","url":"https:\/\/www.italpassion.fr\/pt\/fiat\/fiat-2-modeles-electriques-presentes-en-2023\/","name":"Fiat introduz 2 modelos el\u00e9ctricos em 2023 - ItalPassion","isPartOf":{"@id":"https:\/\/www.italpassion.fr\/pt\/#website"},"primaryImageOfPage":{"@id":"https:\/\/www.italpassion.fr\/pt\/fiat\/fiat-2-modeles-electriques-presentes-en-2023\/#primaryimage"},"image":{"@id":"https:\/\/www.italpassion.fr\/pt\/fiat\/fiat-2-modeles-electriques-presentes-en-2023\/#primaryimage"},"thumbnailUrl":"https:\/\/www.italpassion.fr\/wp-content\/uploads\/2022\/08\/Fiat-Centoventi-Concept.jpg","datePublished":"2023-02-23T15:28:14+00:00","dateModified":"2023-02-23T19:30:38+00:00","description":"Durante a apresenta\u00e7\u00e3o dos resultados (recorde!) do Stellantis, Carlos Tavares confirmou que seriam apresentados 2 modelos el\u00e9ctricos","breadcrumb":{"@id":"https:\/\/www.italpassion.fr\/pt\/fiat\/fiat-2-modeles-electriques-presentes-en-2023\/#breadcrumb"},"inLanguage":"pt-PT","potentialAction":[{"@type":"ReadAction","target":["https:\/\/www.italpassion.fr\/pt\/fiat\/fiat-2-modeles-electriques-presentes-en-2023\/"]}]},{"@type":"ImageObject","inLanguage":"pt-PT","@id":"https:\/\/www.italpassion.fr\/pt\/fiat\/fiat-2-modeles-electriques-presentes-en-2023\/#primaryimage","url":"https:\/\/www.italpassion.fr\/wp-content\/uploads\/2022\/08\/Fiat-Centoventi-Concept.jpg","contentUrl":"https:\/\/www.italpassion.fr\/wp-content\/uploads\/2022\/08\/Fiat-Centoventi-Concept.jpg","width":1280,"height":600},{"@type":"BreadcrumbList","@id":"https:\/\/www.italpassion.fr\/pt\/fiat\/fiat-2-modeles-electriques-presentes-en-2023\/#breadcrumb","itemListElement":[{"@type":"ListItem","position":1,"name":"Accueil","item":"https:\/\/www.italpassion.fr\/pt\/"},{"@type":"ListItem","position":2,"name":"Fiat : 2 mod\u00e8les \u00e9lectriques pr\u00e9sent\u00e9s en 2023"}]},{"@type":"WebSite","@id":"https:\/\/www.italpassion.fr\/pt\/#website","url":"https:\/\/www.italpassion.fr\/pt\/","name":"ItalPassion","description":"Entusiastas de autom\u00f3veis italianos","publisher":{"@id":"https:\/\/www.italpassion.fr\/pt\/#organization"},"potentialAction":[{"@type":"SearchAction","target":{"@type":"EntryPoint","urlTemplate":"https:\/\/www.italpassion.fr\/pt\/?s={search_term_string}"},"query-input":{"@type":"PropertyValueSpecification","valueRequired":true,"valueName":"search_term_string"}}],"inLanguage":"pt-PT"},{"@type":"Organization","@id":"https:\/\/www.italpassion.fr\/pt\/#organization","name":"Italpassion","url":"https:\/\/www.italpassion.fr\/pt\/","logo":{"@type":"ImageObject","inLanguage":"pt-PT","@id":"https:\/\/www.italpassion.fr\/pt\/#\/schema\/logo\/image\/","url":"https:\/\/www.italpassion.fr\/wp-content\/uploads\/2023\/07\/italpassion-yoast.jpg","contentUrl":"https:\/\/www.italpassion.fr\/wp-content\/uploads\/2023\/07\/italpassion-yoast.jpg","width":696,"height":696,"caption":"Italpassion"},"image":{"@id":"https:\/\/www.italpassion.fr\/pt\/#\/schema\/logo\/image\/"},"sameAs":["https:\/\/www.facebook.com\/italpassion","https:\/\/x.com\/italpassion","https:\/\/www.instagram.com\/italpassionfr\/","https:\/\/www.youtube.com\/channel\/UCleq-ByQaA42OjhopwevRjQ","https:\/\/www.facebook.com\/italpassion.en\/","https:\/\/www.facebook.com\/italpassion.it\/","https:\/\/www.facebook.com\/italpassion.de\/","https:\/\/www.facebook.com\/italpassion.ja\/"]},{"@type":"Person","@id":"https:\/\/www.italpassion.fr\/pt\/#\/schema\/person\/83078a8e5b488fb83a150b239d669914","name":"Fr\u00e9d\u00e9ric","image":{"@type":"ImageObject","inLanguage":"pt-PT","@id":"https:\/\/www.italpassion.fr\/pt\/#\/schema\/person\/image\/","url":"https:\/\/www.italpassion.fr\/wp-content\/plugins\/generateperf\/images\/icons\/avatar.svg","contentUrl":"https:\/\/www.italpassion.fr\/wp-content\/plugins\/generateperf\/images\/icons\/avatar.svg","caption":"Fr\u00e9d\u00e9ric"},"description":"\u00c9 com prazer que vou escrever artigos sobre as not\u00edcias das nossas marcas italianas. Especializado nas not\u00edcias do grupo Stellantis, na estrat\u00e9gia contra a concorr\u00eancia, nos planos de produtos, nos balan\u00e7os financeiros, nos sucessos, activos ou fracassos, espero satisfazer-vos sobre o n\u00famero e a qualidade dos artigos, que escreverei sem preconceitos, sem evitar as quest\u00f5es que enfurecem as pessoas, numa preocupa\u00e7\u00e3o de objectividade.","url":"https:\/\/www.italpassion.fr\/pt\/author\/frederic\/"}]}},"_links":{"self":[{"href":"https:\/\/www.italpassion.fr\/pt\/wp-json\/wp\/v2\/posts\/31262","targetHints":{"allow":["GET"]}}],"collection":[{"href":"https:\/\/www.italpassion.fr\/pt\/wp-json\/wp\/v2\/posts"}],"about":[{"href":"https:\/\/www.italpassion.fr\/pt\/wp-json\/wp\/v2\/types\/post"}],"author":[{"embeddable":true,"href":"https:\/\/www.italpassion.fr\/pt\/wp-json\/wp\/v2\/users\/3"}],"replies":[{"embeddable":true,"href":"https:\/\/www.italpassion.fr\/pt\/wp-json\/wp\/v2\/comments?post=31262"}],"version-history":[{"count":2,"href":"https:\/\/www.italpassion.fr\/pt\/wp-json\/wp\/v2\/posts\/31262\/revisions"}],"predecessor-version":[{"id":31266,"href":"https:\/\/www.italpassion.fr\/pt\/wp-json\/wp\/v2\/posts\/31262\/revisions\/31266"}],"wp:featuredmedia":[{"embeddable":true,"href":"https:\/\/www.italpassion.fr\/pt\/wp-json\/wp\/v2\/media\/30582"}],"wp:attachment":[{"href":"https:\/\/www.italpassion.fr\/pt\/wp-json\/wp\/v2\/media?parent=31262"}],"wp:term":[{"taxonomy":"category","embeddable":true,"href":"https:\/\/www.italpassion.fr\/pt\/wp-json\/wp\/v2\/categories?post=31262"},{"taxonomy":"post_tag","embeddable":true,"href":"https:\/\/www.italpassion.fr\/pt\/wp-json\/wp\/v2\/tags?post=31262"}],"curies":[{"name":"wp","href":"https:\/\/api.w.org\/{rel}","templated":true}]}}