{"id":53925,"date":"2026-09-03T15:20:46","date_gmt":"2026-09-03T13:20:46","guid":{"rendered":"https:\/\/www.italpassion.fr\/?p=53925"},"modified":"2026-09-03T14:38:36","modified_gmt":"2026-09-03T12:38:36","slug":"met-zijn-nieuwe-ferrari-f40-heeft-lewis-hamilton-zijn-allereerste-foto-bij-ferrari-nagebootst-mijn-eigen-f40","status":"publish","type":"post","link":"https:\/\/www.italpassion.fr\/nl\/ferrari\/avec-sa-nouvelle-ferrari-f40-lewis-hamilton-a-recree-sa-toute-premiere-photo-chez-ferrari-ma-f40-a-moi\/","title":{"rendered":"Met zijn nieuwe Ferrari F40 heeft Lewis Hamilton zijn allereerste foto bij Ferrari nagespeeld: \u00abMijn eigen F40\u00bb"},"content":{"rendered":"<figure class=\"wp-block-image size-full\"><img loading=\"lazy\" decoding=\"async\" width=\"1200\" height=\"800\" src=\"https:\/\/www.italpassion.fr\/wp-content\/uploads\/2026\/09\/lewis-0.jpg\" alt=\"\" class=\"wp-image-53931\" srcset=\"https:\/\/www.italpassion.fr\/wp-content\/uploads\/2026\/09\/lewis-0.jpg 1200w, https:\/\/www.italpassion.fr\/wp-content\/uploads\/2026\/09\/lewis-0-18x12.jpg 18w, https:\/\/www.italpassion.fr\/wp-content\/uploads\/2026\/09\/lewis-0-420x280.jpg 420w, https:\/\/www.italpassion.fr\/wp-content\/uploads\/2026\/09\/lewis-0-768x512.jpg 768w\" sizes=\"auto, (max-width: 1200px) 100vw, 1200px\" \/><\/figure>\n\n\n\n<p class=\"wp-block-paragraph\">Slechts twee dagen nadat hij had onthuld dat hij <a href=\"https:\/\/www.italpassion.fr\/nl\/ferrari\/lewis-hamilton-is-bezig-deze-ferrari-f40-te-redden-die-al-30-jaar-in-de-steek-is-gelaten-hij-heeft-er-nog-nooit-mee-gereden\/\">eigenaar geworden van een Ferrari F40<\/a> met een uitzonderlijke geschiedenis, <a href=\"https:\/\/www.italpassion.fr\/nl\/tag\/lewis-hamilton\/\">Lewis Hamilton<\/a> heeft hem zojuist een bijzonder opvallend debuut bezorgd. Op 3 september arriveerde de Ferrari-coureur in Monza achter het stuur van zijn nieuwe <a href=\"https:\/\/www.italpassion.fr\/nl\/autos\/ferrari-f40\/\">F40<\/a>. Daarna stapte hij uit en nam hij naast haar plaats in. Een beeld dat meteen doet denken aan dat van zijn eerste dag bij <a href=\"https:\/\/www.italpassion.fr\/nl\/ferrari\/\">Ferrari<\/a>, in januari 2025.<\/p>\n\n\n\n<h2 class=\"wp-block-heading\">Lewis Hamilton komt naar Monza met zijn nieuwe F40<\/h2>\n\n\n\n<p class=\"wp-block-paragraph\">Om in Monza aan te komen had Lewis Hamilton een van de moderne Ferrari\u2019s kunnen kiezen die hem ter beschikking waren gesteld. Hij gaf er echter de voorkeur aan om zijn rode F40 tevoorschijn te halen, onder het toeziend oog van de fotografen en toeschouwers langs het circuit.<\/p>\n\n\n\n<figure class=\"wp-block-image size-full\"><img loading=\"lazy\" decoding=\"async\" width=\"1200\" height=\"800\" src=\"https:\/\/www.italpassion.fr\/wp-content\/uploads\/2026\/09\/lewis-f40.jpg\" alt=\"\" class=\"wp-image-53926\" srcset=\"https:\/\/www.italpassion.fr\/wp-content\/uploads\/2026\/09\/lewis-f40.jpg 1200w, https:\/\/www.italpassion.fr\/wp-content\/uploads\/2026\/09\/lewis-f40-768x512.jpg 768w, https:\/\/www.italpassion.fr\/wp-content\/uploads\/2026\/09\/lewis-f40-18x12.jpg 18w, https:\/\/www.italpassion.fr\/wp-content\/uploads\/2026\/09\/lewis-f40-420x280.jpg 420w\" sizes=\"auto, (max-width: 1200px) 100vw, 1200px\" \/><figcaption class=\"wp-element-caption\">Foto Ferrari<\/figcaption><\/figure>\n\n\n\n<p class=\"wp-block-paragraph\">En deze F40 is geen onbekende. Het is de auto die de zevenvoudig wereldkampioen zojuist als de zijne heeft voorgesteld, met de woorden: \u00abMijn eigen F40\u00bb. Ter herinnering: het verhaal ervan is nogal ongelooflijk. De auto werd in 1991 nieuw geleverd in Modena, maar zou slechts enkele dagen later al in de stalling zijn gezet en meer dan 30 jaar stil hebben gestaan. Toen hij werd teruggevonden, zat de Ferrari onder het stof, maar verkeerde hij nog steeds in een opmerkelijke staat die vrijwel overeenkwam met die bij aflevering.<\/p>\n\n\n\n<figure class=\"wp-block-image size-full\"><img loading=\"lazy\" decoding=\"async\" width=\"1200\" height=\"800\" src=\"https:\/\/www.italpassion.fr\/wp-content\/uploads\/2026\/09\/f40-hamilton-00.jpg\" alt=\"\" class=\"wp-image-53826\" srcset=\"https:\/\/www.italpassion.fr\/wp-content\/uploads\/2026\/09\/f40-hamilton-00.jpg 1200w, https:\/\/www.italpassion.fr\/wp-content\/uploads\/2026\/09\/f40-hamilton-00-768x512.jpg 768w, https:\/\/www.italpassion.fr\/wp-content\/uploads\/2026\/09\/f40-hamilton-00-18x12.jpg 18w, https:\/\/www.italpassion.fr\/wp-content\/uploads\/2026\/09\/f40-hamilton-00-420x280.jpg 420w\" sizes=\"auto, (max-width: 1200px) 100vw, 1200px\" \/><\/figure>\n\n\n\n<p class=\"wp-block-paragraph\">Lewis Hamilton heeft hem uiteindelijk in 2026 aangekocht, waarna hij hem direct aan Ferrari heeft toevertrouwd. In Maranello hebben de monteurs een grondige mechanische revisie uitgevoerd om deze F40 weer rijklaar te maken. Enkele dagen nadat beelden van deze werkzaamheden waren getoond, is hij nu te zien op Monza, met Lewis Hamilton achter het stuur.<\/p>\n\n\n\n<blockquote class=\"twitter-tweet\"><p lang=\"en\" dir=\"ltr\">Iconisch. \u2728<br><br>Bij aankomst voor de Media Day in Itali\u00eb, <a href=\"https:\/\/x.com\/LewisHamilton?ref_src=twsrc%5Etfw\">@LewisHamilton<\/a> stijl \ud83e\udd29<a href=\"https:\/\/x.com\/hashtag\/F1?src=hash&amp;ref_src=twsrc%5Etfw\">#F1<\/a> <a href=\"https:\/\/x.com\/hashtag\/ItalianGP?src=hash&amp;ref_src=twsrc%5Etfw\">#Italiaanse GP<\/a> <a href=\"https:\/\/t.co\/5JbMhgMzis\">pic.twitter.com\/5JbMhgMzis<\/a><\/p>- Formule 1 (@F1) <a href=\"https:\/\/x.com\/F1\/status\/2095431681221992488?ref_src=twsrc%5Etfw\">3 september 2026<\/a><\/blockquote> <script async src=\"https:\/\/platform.x.com\/widgets.js\" charset=\"utf-8\"><\/script>\n\n\n\n<h2 class=\"wp-block-heading\">Een pose die onvermijdelijk doet denken aan zijn eerste foto bij Ferrari<\/h2>\n\n\n\n<p class=\"wp-block-paragraph\">Maar het meest interessante beeld kwam misschien pas toen de auto eenmaal tot stilstand was gekomen. Hamilton, gekleed in een donker pak, een stropdas, een lange camelkleurige jas en een zonnebril, nam plaats vlak voor zijn F40. Het is moeilijk om hierin geen knipoog te zien naar <a href=\"https:\/\/www.italpassion.fr\/nl\/wedstrijd\/f1-de-eerste-officiele-foto-van-lewis-hamilton-bij-ferrari-en-zijn-verborgen-symbool\/\">zijn eerste offici\u00eble foto in januari 2025<\/a>.<\/p>\n\n\n\n<figure class=\"wp-block-image size-full\"><img loading=\"lazy\" decoding=\"async\" width=\"1200\" height=\"800\" src=\"https:\/\/www.italpassion.fr\/wp-content\/uploads\/2026\/09\/lewis-f40-3.jpg\" alt=\"\" class=\"wp-image-53927\" srcset=\"https:\/\/www.italpassion.fr\/wp-content\/uploads\/2026\/09\/lewis-f40-3.jpg 1200w, https:\/\/www.italpassion.fr\/wp-content\/uploads\/2026\/09\/lewis-f40-3-420x280.jpg 420w, https:\/\/www.italpassion.fr\/wp-content\/uploads\/2026\/09\/lewis-f40-3-18x12.jpg 18w, https:\/\/www.italpassion.fr\/wp-content\/uploads\/2026\/09\/lewis-f40-3-768x512.jpg 768w\" sizes=\"auto, (max-width: 1200px) 100vw, 1200px\" \/><figcaption class=\"wp-element-caption\">Foto F1<\/figcaption><\/figure>\n\n\n\n<figure class=\"wp-block-image size-full\"><img loading=\"lazy\" decoding=\"async\" width=\"1200\" height=\"800\" src=\"https:\/\/www.italpassion.fr\/wp-content\/uploads\/2026\/09\/lewis-f40-4.jpg\" alt=\"\" class=\"wp-image-53929\" srcset=\"https:\/\/www.italpassion.fr\/wp-content\/uploads\/2026\/09\/lewis-f40-4.jpg 1200w, https:\/\/www.italpassion.fr\/wp-content\/uploads\/2026\/09\/lewis-f40-4-18x12.jpg 18w, https:\/\/www.italpassion.fr\/wp-content\/uploads\/2026\/09\/lewis-f40-4-768x512.jpg 768w, https:\/\/www.italpassion.fr\/wp-content\/uploads\/2026\/09\/lewis-f40-4-420x280.jpg 420w\" sizes=\"auto, (max-width: 1200px) 100vw, 1200px\" \/><figcaption class=\"wp-element-caption\">Foto F1<\/figcaption><\/figure>\n\n\n\n<p class=\"wp-block-paragraph\">Op zijn allereerste offici\u00eble dag als Ferrari-coureur had Lewis Hamilton een foto gepost die viraal ging. Hij stond voor de Casa Ferrari, het voormalige huis en kantoor van Enzo Ferrari in Fiorano, in een zeer elegante outfit en met een rode Ferrari F40 naast zich.<\/p>\n\n\n\n<figure class=\"wp-block-image size-large\"><img loading=\"lazy\" decoding=\"async\" width=\"1024\" height=\"683\" src=\"https:\/\/www.italpassion.fr\/wp-content\/uploads\/2025\/01\/lewis-hamilton-ferrari-scuderia-ferrari-1024x683.jpg\" alt=\"\" class=\"wp-image-36099\" srcset=\"https:\/\/www.italpassion.fr\/wp-content\/uploads\/2025\/01\/lewis-hamilton-ferrari-scuderia-ferrari-1024x683.jpg 1024w, https:\/\/www.italpassion.fr\/wp-content\/uploads\/2025\/01\/lewis-hamilton-ferrari-scuderia-ferrari-300x200.jpg 300w, https:\/\/www.italpassion.fr\/wp-content\/uploads\/2025\/01\/lewis-hamilton-ferrari-scuderia-ferrari-768x512.jpg 768w, https:\/\/www.italpassion.fr\/wp-content\/uploads\/2025\/01\/lewis-hamilton-ferrari-scuderia-ferrari-18x12.jpg 18w, https:\/\/www.italpassion.fr\/wp-content\/uploads\/2025\/01\/lewis-hamilton-ferrari-scuderia-ferrari-561x374.jpg 561w, https:\/\/www.italpassion.fr\/wp-content\/uploads\/2025\/01\/lewis-hamilton-ferrari-scuderia-ferrari-1122x748.jpg 1122w, https:\/\/www.italpassion.fr\/wp-content\/uploads\/2025\/01\/lewis-hamilton-ferrari-scuderia-ferrari-265x177.jpg 265w, https:\/\/www.italpassion.fr\/wp-content\/uploads\/2025\/01\/lewis-hamilton-ferrari-scuderia-ferrari-531x354.jpg 531w, https:\/\/www.italpassion.fr\/wp-content\/uploads\/2025\/01\/lewis-hamilton-ferrari-scuderia-ferrari-364x243.jpg 364w, https:\/\/www.italpassion.fr\/wp-content\/uploads\/2025\/01\/lewis-hamilton-ferrari-scuderia-ferrari-728x485.jpg 728w, https:\/\/www.italpassion.fr\/wp-content\/uploads\/2025\/01\/lewis-hamilton-ferrari-scuderia-ferrari-608x405.jpg 608w, https:\/\/www.italpassion.fr\/wp-content\/uploads\/2025\/01\/lewis-hamilton-ferrari-scuderia-ferrari-758x505.jpg 758w, https:\/\/www.italpassion.fr\/wp-content\/uploads\/2025\/01\/lewis-hamilton-ferrari-scuderia-ferrari-1152x768.jpg 1152w, https:\/\/www.italpassion.fr\/wp-content\/uploads\/2025\/01\/lewis-hamilton-ferrari-scuderia-ferrari.jpg 1200w\" sizes=\"auto, (max-width: 1024px) 100vw, 1024px\" \/><figcaption class=\"wp-element-caption\">Januari 2025<\/figcaption><\/figure>\n\n\n\n<p class=\"wp-block-paragraph\">De foto ging de hele wereld rond. En inmiddels weten we dat de keuze voor die auto absoluut niet toevallig was. Lewis Hamilton vertelde onlangs dat de F40 al sinds zijn kindertijd zijn droom-Ferrari was en dat hij zelf had gevraagd of er een exemplaar aanwezig kon zijn voor deze eerste offici\u00eble foto.<\/p>\n\n\n\n<h2 class=\"wp-block-heading\">Deze keer is de Ferrari F40 echt van hem<\/h2>\n\n\n\n<p class=\"wp-block-paragraph\">Anderhalf jaar later: dezelfde coureur, dezelfde zorgvuldig ge\u00ebnsceneerde uitstraling, dezelfde rode Ferrari F40 en een pose die sterk lijkt op die waarmee hij zijn komst naar Maranello markeerde. Lewis Hamilton heeft niet aangegeven of hij bewust heeft geprobeerd deze foto na te bootsen, maar de gelijkenis is moeilijk te ontkennen. In januari 2025 poseerde Hamilton naast een F40 die was uitgekozen om zijn Ferrari-droom te symboliseren. In september 2026 poseert hij naast zijn eigen F40, die hij zojuist heeft gered na meer dan drie decennia stilstand. De cirkel is bijna rond.<\/p>\n\n\n\n<figure class=\"wp-block-image size-full\"><img loading=\"lazy\" decoding=\"async\" width=\"1200\" height=\"800\" src=\"https:\/\/www.italpassion.fr\/wp-content\/uploads\/2026\/09\/lewis-f40-5.jpg\" alt=\"\" class=\"wp-image-53930\" srcset=\"https:\/\/www.italpassion.fr\/wp-content\/uploads\/2026\/09\/lewis-f40-5.jpg 1200w, https:\/\/www.italpassion.fr\/wp-content\/uploads\/2026\/09\/lewis-f40-5-420x280.jpg 420w, https:\/\/www.italpassion.fr\/wp-content\/uploads\/2026\/09\/lewis-f40-5-18x12.jpg 18w, https:\/\/www.italpassion.fr\/wp-content\/uploads\/2026\/09\/lewis-f40-5-768x512.jpg 768w\" sizes=\"auto, (max-width: 1200px) 100vw, 1200px\" \/><figcaption class=\"wp-element-caption\">Foto F1<\/figcaption><\/figure>","protected":false},"excerpt":{"rendered":"","protected":false},"author":1,"featured_media":53931,"comment_status":"open","ping_status":"open","sticky":false,"template":"","format":"standard","meta":{"_acf_changed":false,"_sitemap_exclude":false,"_sitemap_priority":"","_sitemap_frequency":"","footnotes":""},"categories":[23],"tags":[461,397],"class_list":["post-53925","post","type-post","status-publish","format-standard","has-post-thumbnail","hentry","category-ferrari","tag-ferrari-f40","tag-lewis-hamilton","generate-columns","tablet-grid-50","mobile-grid-100","grid-parent","grid-33"],"acf":[],"yoast_head":"<!-- This site is optimized with the Yoast SEO plugin v25.8 - https:\/\/yoast.com\/wordpress\/plugins\/seo\/ -->\n<title>Avec sa nouvelle Ferrari F40, Lewis Hamilton a recr\u00e9\u00e9 sa toute premi\u00e8re photo chez Ferrari : &quot;Ma F40 \u00e0 moi&quot; - ItalPassion<\/title>\n<meta name=\"description\" content=\"Deux jours seulement apr\u00e8s avoir r\u00e9v\u00e9l\u00e9 \u00eatre devenu propri\u00e9taire d\u2019une Ferrari F40 \u00e0 l\u2019histoire exceptionnelle, Lewis Hamilton vient de lui offrir une\" \/>\n<meta name=\"robots\" content=\"index, follow, max-snippet:-1, max-image-preview:large, max-video-preview:-1\" \/>\n<link rel=\"canonical\" href=\"https:\/\/www.italpassion.fr\/nl\/ferrari\/met-zijn-nieuwe-ferrari-f40-heeft-lewis-hamilton-zijn-allereerste-foto-bij-ferrari-nagebootst-mijn-eigen-f40\/\" \/>\n<meta property=\"og:locale\" content=\"nl_NL\" \/>\n<meta property=\"og:type\" content=\"article\" \/>\n<meta property=\"og:title\" content=\"Avec sa nouvelle Ferrari F40, Lewis Hamilton a recr\u00e9\u00e9 sa toute premi\u00e8re photo chez Ferrari : &quot;Ma F40 \u00e0 moi&quot; - ItalPassion\" \/>\n<meta property=\"og:description\" content=\"Deux jours seulement apr\u00e8s avoir r\u00e9v\u00e9l\u00e9 \u00eatre devenu propri\u00e9taire d\u2019une Ferrari F40 \u00e0 l\u2019histoire exceptionnelle, Lewis Hamilton vient de lui offrir une\" \/>\n<meta property=\"og:url\" content=\"https:\/\/www.italpassion.fr\/nl\/ferrari\/met-zijn-nieuwe-ferrari-f40-heeft-lewis-hamilton-zijn-allereerste-foto-bij-ferrari-nagebootst-mijn-eigen-f40\/\" \/>\n<meta property=\"og:site_name\" content=\"ItalPassion\" \/>\n<meta property=\"article:publisher\" content=\"https:\/\/www.facebook.com\/italpassion\" \/>\n<meta property=\"article:published_time\" content=\"2026-09-03T13:20:46+00:00\" \/>\n<meta property=\"og:image\" content=\"https:\/\/www.italpassion.fr\/wp-content\/uploads\/2026\/09\/lewis-0.jpg\" \/>\n\t<meta property=\"og:image:width\" content=\"1200\" \/>\n\t<meta property=\"og:image:height\" content=\"800\" \/>\n\t<meta property=\"og:image:type\" content=\"image\/jpeg\" \/>\n<meta name=\"author\" content=\"Alexandre Filluzeau\" \/>\n<meta name=\"twitter:card\" content=\"summary_large_image\" \/>\n<meta name=\"twitter:creator\" content=\"@italpassion\" \/>\n<meta name=\"twitter:site\" content=\"@italpassion\" \/>\n<script type=\"application\/ld+json\" class=\"yoast-schema-graph\">{\"@context\":\"https:\/\/schema.org\",\"@graph\":[{\"@type\":\"NewsArticle\",\"@id\":\"https:\/\/www.italpassion.fr\/nl\/ferrari\/avec-sa-nouvelle-ferrari-f40-lewis-hamilton-a-recree-sa-toute-premiere-photo-chez-ferrari-ma-f40-a-moi\/#article\",\"isPartOf\":{\"@id\":\"https:\/\/www.italpassion.fr\/nl\/ferrari\/avec-sa-nouvelle-ferrari-f40-lewis-hamilton-a-recree-sa-toute-premiere-photo-chez-ferrari-ma-f40-a-moi\/\"},\"author\":{\"name\":\"Alexandre Filluzeau\",\"@id\":\"https:\/\/www.italpassion.fr\/nl\/#\/schema\/person\/36f747b2a759ca202d847e85a9434ca0\"},\"headline\":\"Avec sa nouvelle Ferrari F40, Lewis Hamilton a recr\u00e9\u00e9 sa toute premi\u00e8re photo chez Ferrari : \u00ab\u00a0Ma F40 \u00e0 moi\u00a0\u00bb\",\"datePublished\":\"2026-09-03T13:20:46+00:00\",\"mainEntityOfPage\":{\"@id\":\"https:\/\/www.italpassion.fr\/nl\/ferrari\/avec-sa-nouvelle-ferrari-f40-lewis-hamilton-a-recree-sa-toute-premiere-photo-chez-ferrari-ma-f40-a-moi\/\"},\"wordCount\":623,\"commentCount\":0,\"publisher\":{\"@id\":\"https:\/\/www.italpassion.fr\/nl\/#organization\"},\"image\":{\"@id\":\"https:\/\/www.italpassion.fr\/nl\/ferrari\/avec-sa-nouvelle-ferrari-f40-lewis-hamilton-a-recree-sa-toute-premiere-photo-chez-ferrari-ma-f40-a-moi\/#primaryimage\"},\"thumbnailUrl\":\"https:\/\/www.italpassion.fr\/wp-content\/uploads\/2026\/09\/lewis-0.jpg\",\"keywords\":[\"Ferrari F40\",\"Lewis Hamilton\"],\"articleSection\":[\"Ferrari\"],\"inLanguage\":\"nl-NL\",\"potentialAction\":[{\"@type\":\"CommentAction\",\"name\":\"Comment\",\"target\":[\"https:\/\/www.italpassion.fr\/nl\/ferrari\/avec-sa-nouvelle-ferrari-f40-lewis-hamilton-a-recree-sa-toute-premiere-photo-chez-ferrari-ma-f40-a-moi\/#respond\"]}]},{\"@type\":\"WebPage\",\"@id\":\"https:\/\/www.italpassion.fr\/nl\/ferrari\/avec-sa-nouvelle-ferrari-f40-lewis-hamilton-a-recree-sa-toute-premiere-photo-chez-ferrari-ma-f40-a-moi\/\",\"url\":\"https:\/\/www.italpassion.fr\/nl\/ferrari\/avec-sa-nouvelle-ferrari-f40-lewis-hamilton-a-recree-sa-toute-premiere-photo-chez-ferrari-ma-f40-a-moi\/\",\"name\":\"Avec sa nouvelle Ferrari F40, Lewis Hamilton a recr\u00e9\u00e9 sa toute premi\u00e8re photo chez Ferrari : \\\"Ma F40 \u00e0 moi\\\" - ItalPassion\",\"isPartOf\":{\"@id\":\"https:\/\/www.italpassion.fr\/nl\/#website\"},\"primaryImageOfPage\":{\"@id\":\"https:\/\/www.italpassion.fr\/nl\/ferrari\/avec-sa-nouvelle-ferrari-f40-lewis-hamilton-a-recree-sa-toute-premiere-photo-chez-ferrari-ma-f40-a-moi\/#primaryimage\"},\"image\":{\"@id\":\"https:\/\/www.italpassion.fr\/nl\/ferrari\/avec-sa-nouvelle-ferrari-f40-lewis-hamilton-a-recree-sa-toute-premiere-photo-chez-ferrari-ma-f40-a-moi\/#primaryimage\"},\"thumbnailUrl\":\"https:\/\/www.italpassion.fr\/wp-content\/uploads\/2026\/09\/lewis-0.jpg\",\"datePublished\":\"2026-09-03T13:20:46+00:00\",\"description\":\"Deux jours seulement apr\u00e8s avoir r\u00e9v\u00e9l\u00e9 \u00eatre devenu propri\u00e9taire d\u2019une Ferrari F40 \u00e0 l\u2019histoire exceptionnelle, Lewis Hamilton vient de lui offrir une\",\"breadcrumb\":{\"@id\":\"https:\/\/www.italpassion.fr\/nl\/ferrari\/avec-sa-nouvelle-ferrari-f40-lewis-hamilton-a-recree-sa-toute-premiere-photo-chez-ferrari-ma-f40-a-moi\/#breadcrumb\"},\"inLanguage\":\"nl-NL\",\"potentialAction\":[{\"@type\":\"ReadAction\",\"target\":[\"https:\/\/www.italpassion.fr\/nl\/ferrari\/avec-sa-nouvelle-ferrari-f40-lewis-hamilton-a-recree-sa-toute-premiere-photo-chez-ferrari-ma-f40-a-moi\/\"]}]},{\"@type\":\"ImageObject\",\"inLanguage\":\"nl-NL\",\"@id\":\"https:\/\/www.italpassion.fr\/nl\/ferrari\/avec-sa-nouvelle-ferrari-f40-lewis-hamilton-a-recree-sa-toute-premiere-photo-chez-ferrari-ma-f40-a-moi\/#primaryimage\",\"url\":\"https:\/\/www.italpassion.fr\/wp-content\/uploads\/2026\/09\/lewis-0.jpg\",\"contentUrl\":\"https:\/\/www.italpassion.fr\/wp-content\/uploads\/2026\/09\/lewis-0.jpg\",\"width\":1200,\"height\":800},{\"@type\":\"BreadcrumbList\",\"@id\":\"https:\/\/www.italpassion.fr\/nl\/ferrari\/avec-sa-nouvelle-ferrari-f40-lewis-hamilton-a-recree-sa-toute-premiere-photo-chez-ferrari-ma-f40-a-moi\/#breadcrumb\",\"itemListElement\":[{\"@type\":\"ListItem\",\"position\":1,\"name\":\"Accueil\",\"item\":\"https:\/\/www.italpassion.fr\/nl\/\"},{\"@type\":\"ListItem\",\"position\":2,\"name\":\"Avec sa nouvelle Ferrari F40, Lewis Hamilton a recr\u00e9\u00e9 sa toute premi\u00e8re photo chez Ferrari : \u00ab\u00a0Ma F40 \u00e0 moi\u00a0\u00bb\"}]},{\"@type\":\"WebSite\",\"@id\":\"https:\/\/www.italpassion.fr\/nl\/#website\",\"url\":\"https:\/\/www.italpassion.fr\/nl\/\",\"name\":\"ItalPassion\",\"description\":\"Les Passionn\u00e9s d&#039;Automobiles Italiennes\",\"publisher\":{\"@id\":\"https:\/\/www.italpassion.fr\/nl\/#organization\"},\"potentialAction\":[{\"@type\":\"SearchAction\",\"target\":{\"@type\":\"EntryPoint\",\"urlTemplate\":\"https:\/\/www.italpassion.fr\/nl\/?s={search_term_string}\"},\"query-input\":{\"@type\":\"PropertyValueSpecification\",\"valueRequired\":true,\"valueName\":\"search_term_string\"}}],\"inLanguage\":\"nl-NL\"},{\"@type\":\"Organization\",\"@id\":\"https:\/\/www.italpassion.fr\/nl\/#organization\",\"name\":\"Italpassion\",\"url\":\"https:\/\/www.italpassion.fr\/nl\/\",\"logo\":{\"@type\":\"ImageObject\",\"inLanguage\":\"nl-NL\",\"@id\":\"https:\/\/www.italpassion.fr\/nl\/#\/schema\/logo\/image\/\",\"url\":\"https:\/\/www.italpassion.fr\/wp-content\/uploads\/2023\/07\/italpassion-yoast.jpg\",\"contentUrl\":\"https:\/\/www.italpassion.fr\/wp-content\/uploads\/2023\/07\/italpassion-yoast.jpg\",\"width\":696,\"height\":696,\"caption\":\"Italpassion\"},\"image\":{\"@id\":\"https:\/\/www.italpassion.fr\/nl\/#\/schema\/logo\/image\/\"},\"sameAs\":[\"https:\/\/www.facebook.com\/italpassion\",\"https:\/\/x.com\/italpassion\",\"https:\/\/www.instagram.com\/italpassionfr\/\",\"https:\/\/www.youtube.com\/channel\/UCleq-ByQaA42OjhopwevRjQ\",\"https:\/\/www.facebook.com\/italpassion.en\/\",\"https:\/\/www.facebook.com\/italpassion.it\/\",\"https:\/\/www.facebook.com\/italpassion.de\/\",\"https:\/\/www.facebook.com\/italpassion.ja\/\"]},{\"@type\":\"Person\",\"@id\":\"https:\/\/www.italpassion.fr\/nl\/#\/schema\/person\/36f747b2a759ca202d847e85a9434ca0\",\"name\":\"Alexandre Filluzeau\",\"image\":{\"@type\":\"ImageObject\",\"inLanguage\":\"nl-NL\",\"@id\":\"https:\/\/www.italpassion.fr\/nl\/#\/schema\/person\/image\/\",\"url\":\"https:\/\/www.italpassion.fr\/wp-content\/uploads\/2025\/04\/avatar-alexandre-160x160.jpg\",\"contentUrl\":\"https:\/\/www.italpassion.fr\/wp-content\/uploads\/2025\/04\/avatar-alexandre-160x160.jpg\",\"caption\":\"Alexandre Filluzeau\"},\"description\":\"Fondateur du site ItalPassion, passionn\u00e9 de voitures italiennes et de l'Italie en g\u00e9n\u00e9ral. J'apporte un regard critique et technique aux actualit\u00e9s des marques italiennes quand cela est possible. Propri\u00e9taire d'une Maserati GranTurismo, Alfa Romeo MiTo, Lancia Fulvia et Ducati 695. Ex-propri\u00e9taire d'une Alfa Romeo Giulia.\",\"sameAs\":[\"https:\/\/www.italpassion.fr\/\"],\"url\":\"https:\/\/www.italpassion.fr\/nl\/author\/alexandre\/\"}]}<\/script>\n<!-- \/ Yoast SEO plugin. -->","yoast_head_json":{"title":"Met zijn nieuwe Ferrari F40 heeft Lewis Hamilton zijn allereerste foto bij Ferrari nagebootst: \"Mijn eigen F40\" - ItalPassion","description":"Slechts twee dagen nadat hij had onthuld dat hij eigenaar was geworden van een Ferrari F40 met een uitzonderlijke geschiedenis, heeft Lewis Hamilton hem zojuist een","robots":{"index":"index","follow":"follow","max-snippet":"max-snippet:-1","max-image-preview":"max-image-preview:large","max-video-preview":"max-video-preview:-1"},"canonical":"https:\/\/www.italpassion.fr\/nl\/ferrari\/met-zijn-nieuwe-ferrari-f40-heeft-lewis-hamilton-zijn-allereerste-foto-bij-ferrari-nagebootst-mijn-eigen-f40\/","og_locale":"nl_NL","og_type":"article","og_title":"Avec sa nouvelle Ferrari F40, Lewis Hamilton a recr\u00e9\u00e9 sa toute premi\u00e8re photo chez Ferrari : \"Ma F40 \u00e0 moi\" - ItalPassion","og_description":"Deux jours seulement apr\u00e8s avoir r\u00e9v\u00e9l\u00e9 \u00eatre devenu propri\u00e9taire d\u2019une Ferrari F40 \u00e0 l\u2019histoire exceptionnelle, Lewis Hamilton vient de lui offrir une","og_url":"https:\/\/www.italpassion.fr\/nl\/ferrari\/met-zijn-nieuwe-ferrari-f40-heeft-lewis-hamilton-zijn-allereerste-foto-bij-ferrari-nagebootst-mijn-eigen-f40\/","og_site_name":"ItalPassion","article_publisher":"https:\/\/www.facebook.com\/italpassion","article_published_time":"2026-09-03T13:20:46+00:00","og_image":[{"width":1200,"height":800,"url":"https:\/\/www.italpassion.fr\/wp-content\/uploads\/2026\/09\/lewis-0.jpg","type":"image\/jpeg"}],"author":"Alexandre Filluzeau","twitter_card":"summary_large_image","twitter_creator":"@italpassion","twitter_site":"@italpassion","schema":{"@context":"https:\/\/schema.org","@graph":[{"@type":"NewsArticle","@id":"https:\/\/www.italpassion.fr\/nl\/ferrari\/avec-sa-nouvelle-ferrari-f40-lewis-hamilton-a-recree-sa-toute-premiere-photo-chez-ferrari-ma-f40-a-moi\/#article","isPartOf":{"@id":"https:\/\/www.italpassion.fr\/nl\/ferrari\/avec-sa-nouvelle-ferrari-f40-lewis-hamilton-a-recree-sa-toute-premiere-photo-chez-ferrari-ma-f40-a-moi\/"},"author":{"name":"Alexandre Filluzeau","@id":"https:\/\/www.italpassion.fr\/nl\/#\/schema\/person\/36f747b2a759ca202d847e85a9434ca0"},"headline":"Avec sa nouvelle Ferrari F40, Lewis Hamilton a recr\u00e9\u00e9 sa toute premi\u00e8re photo chez Ferrari : \u00ab\u00a0Ma F40 \u00e0 moi\u00a0\u00bb","datePublished":"2026-09-03T13:20:46+00:00","mainEntityOfPage":{"@id":"https:\/\/www.italpassion.fr\/nl\/ferrari\/avec-sa-nouvelle-ferrari-f40-lewis-hamilton-a-recree-sa-toute-premiere-photo-chez-ferrari-ma-f40-a-moi\/"},"wordCount":623,"commentCount":0,"publisher":{"@id":"https:\/\/www.italpassion.fr\/nl\/#organization"},"image":{"@id":"https:\/\/www.italpassion.fr\/nl\/ferrari\/avec-sa-nouvelle-ferrari-f40-lewis-hamilton-a-recree-sa-toute-premiere-photo-chez-ferrari-ma-f40-a-moi\/#primaryimage"},"thumbnailUrl":"https:\/\/www.italpassion.fr\/wp-content\/uploads\/2026\/09\/lewis-0.jpg","keywords":["Ferrari F40","Lewis Hamilton"],"articleSection":["Ferrari"],"inLanguage":"nl-NL","potentialAction":[{"@type":"CommentAction","name":"Comment","target":["https:\/\/www.italpassion.fr\/nl\/ferrari\/avec-sa-nouvelle-ferrari-f40-lewis-hamilton-a-recree-sa-toute-premiere-photo-chez-ferrari-ma-f40-a-moi\/#respond"]}]},{"@type":"WebPage","@id":"https:\/\/www.italpassion.fr\/nl\/ferrari\/avec-sa-nouvelle-ferrari-f40-lewis-hamilton-a-recree-sa-toute-premiere-photo-chez-ferrari-ma-f40-a-moi\/","url":"https:\/\/www.italpassion.fr\/nl\/ferrari\/avec-sa-nouvelle-ferrari-f40-lewis-hamilton-a-recree-sa-toute-premiere-photo-chez-ferrari-ma-f40-a-moi\/","name":"Met zijn nieuwe Ferrari F40 heeft Lewis Hamilton zijn allereerste foto bij Ferrari nagebootst: \"Mijn eigen F40\" - ItalPassion","isPartOf":{"@id":"https:\/\/www.italpassion.fr\/nl\/#website"},"primaryImageOfPage":{"@id":"https:\/\/www.italpassion.fr\/nl\/ferrari\/avec-sa-nouvelle-ferrari-f40-lewis-hamilton-a-recree-sa-toute-premiere-photo-chez-ferrari-ma-f40-a-moi\/#primaryimage"},"image":{"@id":"https:\/\/www.italpassion.fr\/nl\/ferrari\/avec-sa-nouvelle-ferrari-f40-lewis-hamilton-a-recree-sa-toute-premiere-photo-chez-ferrari-ma-f40-a-moi\/#primaryimage"},"thumbnailUrl":"https:\/\/www.italpassion.fr\/wp-content\/uploads\/2026\/09\/lewis-0.jpg","datePublished":"2026-09-03T13:20:46+00:00","description":"Slechts twee dagen nadat hij had onthuld dat hij eigenaar was geworden van een Ferrari F40 met een uitzonderlijke geschiedenis, heeft Lewis Hamilton hem zojuist een","breadcrumb":{"@id":"https:\/\/www.italpassion.fr\/nl\/ferrari\/avec-sa-nouvelle-ferrari-f40-lewis-hamilton-a-recree-sa-toute-premiere-photo-chez-ferrari-ma-f40-a-moi\/#breadcrumb"},"inLanguage":"nl-NL","potentialAction":[{"@type":"ReadAction","target":["https:\/\/www.italpassion.fr\/nl\/ferrari\/avec-sa-nouvelle-ferrari-f40-lewis-hamilton-a-recree-sa-toute-premiere-photo-chez-ferrari-ma-f40-a-moi\/"]}]},{"@type":"ImageObject","inLanguage":"nl-NL","@id":"https:\/\/www.italpassion.fr\/nl\/ferrari\/avec-sa-nouvelle-ferrari-f40-lewis-hamilton-a-recree-sa-toute-premiere-photo-chez-ferrari-ma-f40-a-moi\/#primaryimage","url":"https:\/\/www.italpassion.fr\/wp-content\/uploads\/2026\/09\/lewis-0.jpg","contentUrl":"https:\/\/www.italpassion.fr\/wp-content\/uploads\/2026\/09\/lewis-0.jpg","width":1200,"height":800},{"@type":"BreadcrumbList","@id":"https:\/\/www.italpassion.fr\/nl\/ferrari\/avec-sa-nouvelle-ferrari-f40-lewis-hamilton-a-recree-sa-toute-premiere-photo-chez-ferrari-ma-f40-a-moi\/#breadcrumb","itemListElement":[{"@type":"ListItem","position":1,"name":"Accueil","item":"https:\/\/www.italpassion.fr\/nl\/"},{"@type":"ListItem","position":2,"name":"Avec sa nouvelle Ferrari F40, Lewis Hamilton a recr\u00e9\u00e9 sa toute premi\u00e8re photo chez Ferrari : \u00ab\u00a0Ma F40 \u00e0 moi\u00a0\u00bb"}]},{"@type":"WebSite","@id":"https:\/\/www.italpassion.fr\/nl\/#website","url":"https:\/\/www.italpassion.fr\/nl\/","name":"ItalPassion","description":"Italiaanse autoliefhebbers","publisher":{"@id":"https:\/\/www.italpassion.fr\/nl\/#organization"},"potentialAction":[{"@type":"SearchAction","target":{"@type":"EntryPoint","urlTemplate":"https:\/\/www.italpassion.fr\/nl\/?s={search_term_string}"},"query-input":{"@type":"PropertyValueSpecification","valueRequired":true,"valueName":"search_term_string"}}],"inLanguage":"nl-NL"},{"@type":"Organization","@id":"https:\/\/www.italpassion.fr\/nl\/#organization","name":"Italpassion","url":"https:\/\/www.italpassion.fr\/nl\/","logo":{"@type":"ImageObject","inLanguage":"nl-NL","@id":"https:\/\/www.italpassion.fr\/nl\/#\/schema\/logo\/image\/","url":"https:\/\/www.italpassion.fr\/wp-content\/uploads\/2023\/07\/italpassion-yoast.jpg","contentUrl":"https:\/\/www.italpassion.fr\/wp-content\/uploads\/2023\/07\/italpassion-yoast.jpg","width":696,"height":696,"caption":"Italpassion"},"image":{"@id":"https:\/\/www.italpassion.fr\/nl\/#\/schema\/logo\/image\/"},"sameAs":["https:\/\/www.facebook.com\/italpassion","https:\/\/x.com\/italpassion","https:\/\/www.instagram.com\/italpassionfr\/","https:\/\/www.youtube.com\/channel\/UCleq-ByQaA42OjhopwevRjQ","https:\/\/www.facebook.com\/italpassion.en\/","https:\/\/www.facebook.com\/italpassion.it\/","https:\/\/www.facebook.com\/italpassion.de\/","https:\/\/www.facebook.com\/italpassion.ja\/"]},{"@type":"Person","@id":"https:\/\/www.italpassion.fr\/nl\/#\/schema\/person\/36f747b2a759ca202d847e85a9434ca0","name":"Alexandre Filluzeau","image":{"@type":"ImageObject","inLanguage":"nl-NL","@id":"https:\/\/www.italpassion.fr\/nl\/#\/schema\/person\/image\/","url":"https:\/\/www.italpassion.fr\/wp-content\/uploads\/2025\/04\/avatar-alexandre-160x160.jpg","contentUrl":"https:\/\/www.italpassion.fr\/wp-content\/uploads\/2025\/04\/avatar-alexandre-160x160.jpg","caption":"Alexandre Filluzeau"},"description":"Oprichter van de website ItalPassion, gepassioneerd door Italiaanse auto's en Itali\u00eb in het algemeen. Waar mogelijk breng ik een kritisch en technisch oog naar nieuws over Italiaanse merken. Eigenaar van een Maserati GranTurismo, Alfa Romeo MiTo, Lancia Fulvia en Ducati 695. Ex-eigenaar van een Alfa Romeo Giulia.","sameAs":["https:\/\/www.italpassion.fr\/"],"url":"https:\/\/www.italpassion.fr\/nl\/author\/alexandre\/"}]}},"_links":{"self":[{"href":"https:\/\/www.italpassion.fr\/nl\/wp-json\/wp\/v2\/posts\/53925","targetHints":{"allow":["GET"]}}],"collection":[{"href":"https:\/\/www.italpassion.fr\/nl\/wp-json\/wp\/v2\/posts"}],"about":[{"href":"https:\/\/www.italpassion.fr\/nl\/wp-json\/wp\/v2\/types\/post"}],"author":[{"embeddable":true,"href":"https:\/\/www.italpassion.fr\/nl\/wp-json\/wp\/v2\/users\/1"}],"replies":[{"embeddable":true,"href":"https:\/\/www.italpassion.fr\/nl\/wp-json\/wp\/v2\/comments?post=53925"}],"version-history":[{"count":3,"href":"https:\/\/www.italpassion.fr\/nl\/wp-json\/wp\/v2\/posts\/53925\/revisions"}],"predecessor-version":[{"id":53935,"href":"https:\/\/www.italpassion.fr\/nl\/wp-json\/wp\/v2\/posts\/53925\/revisions\/53935"}],"wp:featuredmedia":[{"embeddable":true,"href":"https:\/\/www.italpassion.fr\/nl\/wp-json\/wp\/v2\/media\/53931"}],"wp:attachment":[{"href":"https:\/\/www.italpassion.fr\/nl\/wp-json\/wp\/v2\/media?parent=53925"}],"wp:term":[{"taxonomy":"category","embeddable":true,"href":"https:\/\/www.italpassion.fr\/nl\/wp-json\/wp\/v2\/categories?post=53925"},{"taxonomy":"post_tag","embeddable":true,"href":"https:\/\/www.italpassion.fr\/nl\/wp-json\/wp\/v2\/tags?post=53925"}],"curies":[{"name":"wp","href":"https:\/\/api.w.org\/{rel}","templated":true}]}}