{"id":49328,"date":"2026-04-28T15:24:37","date_gmt":"2026-04-28T13:24:37","guid":{"rendered":"https:\/\/www.italpassion.fr\/?p=49328"},"modified":"2026-04-28T15:24:15","modified_gmt":"2026-04-28T13:24:15","slug":"de-ferrari-348-werd-door-de-pers-met-de-grond-gelijk-gemaakt-toen-hij-uitkwam-degenen-die-er-echt-verstand-van-hebben-hebben-er-een","status":"publish","type":"post","link":"https:\/\/www.italpassion.fr\/nl\/ferrari\/la-ferrari-348-sest-fait-detruire-par-la-presse-a-sa-sortie-ceux-qui-sy-connaissent-vraiment-en-ont-tous-une\/","title":{"rendered":"De Ferrari 348 werd vernietigd door de pers bij zijn introductie... \u00abdegenen die echt verstand van zaken hebben, hebben er allemaal een\u00bb"},"content":{"rendered":"<figure class=\"wp-block-image size-full\"><img loading=\"lazy\" decoding=\"async\" width=\"1200\" height=\"800\" src=\"https:\/\/www.italpassion.fr\/wp-content\/uploads\/2026\/04\/348-jaune.jpg\" alt=\"\" class=\"wp-image-49422\" srcset=\"https:\/\/www.italpassion.fr\/wp-content\/uploads\/2026\/04\/348-jaune.jpg 1200w, https:\/\/www.italpassion.fr\/wp-content\/uploads\/2026\/04\/348-jaune-420x280.jpg 420w, https:\/\/www.italpassion.fr\/wp-content\/uploads\/2026\/04\/348-jaune-768x512.jpg 768w, https:\/\/www.italpassion.fr\/wp-content\/uploads\/2026\/04\/348-jaune-18x12.jpg 18w\" sizes=\"auto, (max-width: 1200px) 100vw, 1200px\" \/><\/figure>\n\n\n\n<p>Toen het begin jaren negentig verscheen, was de <a href=\"https:\/\/www.italpassion.fr\/nl\/autos\/ferrari-348\/\">Ferrari 348<\/a> heeft het niet gemakkelijk. De zeer elegante <a href=\"https:\/\/www.italpassion.fr\/nl\/autos\/ferrari-412\/\">Ferrari 328<\/a>, Hij valt meteen op. Het hoekigere, radicalere ontwerp contrasteerde met de vloeiende lijnen van zijn voorganger. Destijds deed de vakpers hem geen plezier. Kritiek regende het, maar het ging niet echt om de prestaties. Het ging vooral om de stijl, die te ver af stond van de codes van die tijd. <a href=\"https:\/\/www.italpassion.fr\/nl\/ferrari\/\">Ferrari<\/a>, en zijn veeleisende aard. Sommige journalisten wezen er ook op dat zijn gedrag, dat als delicaat op de grens werd beschouwd, een reputatie voedde die lang aan hem zou blijven kleven. Toch wordt deze mening nu op grote schaal betwist.<\/p>\n\n\n\n<h2 class=\"wp-block-heading\">Een Ferrari nog steeds \u201cgevalideerd\u201d door Enzo<\/h2>\n\n\n\n<p>De 348 heeft echter een sterk argument in de geschiedenis van het merk. Het was een van de laatste Ferrari's die tijdens het tijdperk van Enzo Ferrari werd ontwikkeld. Een detail dat logischerwijs vanaf het begin in zijn voordeel had moeten spelen... maar dat destijds niet genoeg was om iemand te overtuigen. Pas na verloop van tijd krijgt dit erfgoed een meerwaarde in de ogen van liefhebbers.<\/p>\n\n\n\n<figure class=\"wp-block-image size-full\"><img loading=\"lazy\" decoding=\"async\" width=\"1200\" height=\"800\" src=\"https:\/\/www.italpassion.fr\/wp-content\/uploads\/2026\/04\/348-jaune-1.jpg\" alt=\"\" class=\"wp-image-49423\" srcset=\"https:\/\/www.italpassion.fr\/wp-content\/uploads\/2026\/04\/348-jaune-1.jpg 1200w, https:\/\/www.italpassion.fr\/wp-content\/uploads\/2026\/04\/348-jaune-1-420x280.jpg 420w, https:\/\/www.italpassion.fr\/wp-content\/uploads\/2026\/04\/348-jaune-1-768x512.jpg 768w, https:\/\/www.italpassion.fr\/wp-content\/uploads\/2026\/04\/348-jaune-1-18x12.jpg 18w\" sizes=\"auto, (max-width: 1200px) 100vw, 1200px\" \/><\/figure>\n\n\n\n<h2 class=\"wp-block-heading\">Ouderwetse rijervaring<\/h2>\n\n\n\n<p>Wat vandaag de dag opvalt aan de Ferrari 348 is precies waar hij om werd bekritiseerd. Waar moderne Ferrari's eenvoudiger zijn geworden, meer geholpen, vraagt de 348 om betrokkenheid. Geen stuurbekrachtiging, heel weinig elektronica, een handgeschakelde versnellingsbak en alleen ABS als rijhulp. De bestuurder staat overal centraal. Elke bocht, elke remmanoeuvre, elke acceleratie vraagt om aandacht.<\/p>\n\n\n\n<figure class=\"wp-block-image size-full\"><img loading=\"lazy\" decoding=\"async\" width=\"1200\" height=\"800\" src=\"https:\/\/www.italpassion.fr\/wp-content\/uploads\/2026\/04\/348-jaune-2.jpg\" alt=\"\" class=\"wp-image-49424\" srcset=\"https:\/\/www.italpassion.fr\/wp-content\/uploads\/2026\/04\/348-jaune-2.jpg 1200w, https:\/\/www.italpassion.fr\/wp-content\/uploads\/2026\/04\/348-jaune-2-420x280.jpg 420w, https:\/\/www.italpassion.fr\/wp-content\/uploads\/2026\/04\/348-jaune-2-768x512.jpg 768w, https:\/\/www.italpassion.fr\/wp-content\/uploads\/2026\/04\/348-jaune-2-18x12.jpg 18w\" sizes=\"auto, (max-width: 1200px) 100vw, 1200px\" \/><\/figure>\n\n\n\n<figure class=\"wp-block-image size-full\"><img loading=\"lazy\" decoding=\"async\" width=\"1200\" height=\"800\" src=\"https:\/\/www.italpassion.fr\/wp-content\/uploads\/2026\/04\/348-jaune-3.jpg\" alt=\"\" class=\"wp-image-49425\" srcset=\"https:\/\/www.italpassion.fr\/wp-content\/uploads\/2026\/04\/348-jaune-3.jpg 1200w, https:\/\/www.italpassion.fr\/wp-content\/uploads\/2026\/04\/348-jaune-3-420x280.jpg 420w, https:\/\/www.italpassion.fr\/wp-content\/uploads\/2026\/04\/348-jaune-3-768x512.jpg 768w, https:\/\/www.italpassion.fr\/wp-content\/uploads\/2026\/04\/348-jaune-3-18x12.jpg 18w\" sizes=\"auto, (max-width: 1200px) 100vw, 1200px\" \/><\/figure>\n\n\n\n<figure class=\"wp-block-image size-full\"><img loading=\"lazy\" decoding=\"async\" width=\"1200\" height=\"800\" src=\"https:\/\/www.italpassion.fr\/wp-content\/uploads\/2026\/04\/348-jaune-4.jpg\" alt=\"\" class=\"wp-image-49426\" srcset=\"https:\/\/www.italpassion.fr\/wp-content\/uploads\/2026\/04\/348-jaune-4.jpg 1200w, https:\/\/www.italpassion.fr\/wp-content\/uploads\/2026\/04\/348-jaune-4-420x280.jpg 420w, https:\/\/www.italpassion.fr\/wp-content\/uploads\/2026\/04\/348-jaune-4-768x512.jpg 768w, https:\/\/www.italpassion.fr\/wp-content\/uploads\/2026\/04\/348-jaune-4-18x12.jpg 18w\" sizes=\"auto, (max-width: 1200px) 100vw, 1200px\" \/><\/figure>\n\n\n\n<p>Maar dat is juist zijn charme. Het gevoel is rauw, mechanisch, bijna analoog. Het stuur geeft elke hobbel in de weg door, tot op het punt dat het lijkt alsof je het asfalt \u201cleest\u201d. Een gevoel dat volgens velen verloren is gegaan bij moderne modellen.<\/p>\n\n\n\n<h2 class=\"wp-block-heading\">Gebreken die kwaliteiten worden<\/h2>\n\n\n\n<p>Ja, de Ferrari 348 is niet perfect. Hij is niet de snelste, noch de meest comfortabele, noch de gemakkelijkste om op de limiet te rijden. Maar het is juist deze imperfectie die vandaag de dag zo aantrekkelijk is. In tegenstelling tot moderne supercars, die vaak als \u201cte perfect\u201d worden beschouwd, dwingt de 348 je om mee te doen. Je moet hem leren begrijpen, in het reine komen met zijn karakter. En daar begint het plezier. Zoals een eigenaar het perfect samenvatte: een perfecte auto is niet per definitie een interessante auto.<\/p>\n\n\n\n<figure class=\"wp-block-image size-full\"><img loading=\"lazy\" decoding=\"async\" width=\"1200\" height=\"800\" src=\"https:\/\/www.italpassion.fr\/wp-content\/uploads\/2026\/04\/348-jaune-5.jpg\" alt=\"\" class=\"wp-image-49427\" srcset=\"https:\/\/www.italpassion.fr\/wp-content\/uploads\/2026\/04\/348-jaune-5.jpg 1200w, https:\/\/www.italpassion.fr\/wp-content\/uploads\/2026\/04\/348-jaune-5-420x280.jpg 420w, https:\/\/www.italpassion.fr\/wp-content\/uploads\/2026\/04\/348-jaune-5-768x512.jpg 768w, https:\/\/www.italpassion.fr\/wp-content\/uploads\/2026\/04\/348-jaune-5-18x12.jpg 18w\" sizes=\"auto, (max-width: 1200px) 100vw, 1200px\" \/><\/figure>\n\n\n\n<h2 class=\"wp-block-heading\">Een eenvoudige Ferrari... en uiteindelijk geruststellend<\/h2>\n\n\n\n<p>Een andere verrassing was zijn mechanische eenvoud. In een tijd waarin Ferrari's steeds complexer worden, blijft de 348 relatief toegankelijk voor een sportwagen uit Maranello. Geen overdadige sensoren, geen opdringerige elektronica, geen ingewikkelde systemen. Daardoor is onderhoud eenvoudiger te begrijpen en vaak minder belastend dan bij recentere modellen. Een jaarlijkse onderhoudsbeurt is nog steeds redelijk voor dit type auto en zelfs de zwaardere werkzaamheden, zoals het onderhoud, blijven onder controle. Dit is een argument dat vandaag de dag telt voor liefhebbers die willen rijden... en niet alleen verzamelen.<\/p>\n\n\n\n<figure class=\"wp-block-image size-full\"><img loading=\"lazy\" decoding=\"async\" width=\"1200\" height=\"800\" src=\"https:\/\/www.italpassion.fr\/wp-content\/uploads\/2026\/04\/348-jaune-8.jpg\" alt=\"\" class=\"wp-image-49429\" srcset=\"https:\/\/www.italpassion.fr\/wp-content\/uploads\/2026\/04\/348-jaune-8.jpg 1200w, https:\/\/www.italpassion.fr\/wp-content\/uploads\/2026\/04\/348-jaune-8-420x280.jpg 420w, https:\/\/www.italpassion.fr\/wp-content\/uploads\/2026\/04\/348-jaune-8-768x512.jpg 768w, https:\/\/www.italpassion.fr\/wp-content\/uploads\/2026\/04\/348-jaune-8-18x12.jpg 18w\" sizes=\"auto, (max-width: 1200px) 100vw, 1200px\" \/><\/figure>\n\n\n\n<figure class=\"wp-block-image size-full\"><img loading=\"lazy\" decoding=\"async\" width=\"1200\" height=\"800\" src=\"https:\/\/www.italpassion.fr\/wp-content\/uploads\/2026\/04\/moteur-ferrari-348.jpg\" alt=\"\" class=\"wp-image-49428\" srcset=\"https:\/\/www.italpassion.fr\/wp-content\/uploads\/2026\/04\/moteur-ferrari-348.jpg 1200w, https:\/\/www.italpassion.fr\/wp-content\/uploads\/2026\/04\/moteur-ferrari-348-420x280.jpg 420w, https:\/\/www.italpassion.fr\/wp-content\/uploads\/2026\/04\/moteur-ferrari-348-768x512.jpg 768w, https:\/\/www.italpassion.fr\/wp-content\/uploads\/2026\/04\/moteur-ferrari-348-18x12.jpg 18w\" sizes=\"auto, (max-width: 1200px) 100vw, 1200px\" \/><\/figure>\n\n\n\n<h2 class=\"wp-block-heading\">Ratings eindelijk in de lift<\/h2>\n\n\n\n<p>De Ferrari 348, die lange tijd werd gemeden, zit nu weer in de lift. Waar hij een paar jaar geleden nog relatief betaalbaar was, brengen mooie exemplaren nu meer dan \u20ac 100.000 op. Een logische stijging voor een model dat aan een aantal voorwaarden voldoet: zeldzaamheid, een zeer gewaardeerd ontwerp, analoog rijden en een sleutelpositie in de geschiedenis van Ferrari.<\/p>\n\n\n\n<figure class=\"wp-block-image size-full\"><img loading=\"lazy\" decoding=\"async\" width=\"1200\" height=\"800\" src=\"https:\/\/www.italpassion.fr\/wp-content\/uploads\/2026\/04\/348-jaune-10.jpg\" alt=\"\" class=\"wp-image-49430\" srcset=\"https:\/\/www.italpassion.fr\/wp-content\/uploads\/2026\/04\/348-jaune-10.jpg 1200w, https:\/\/www.italpassion.fr\/wp-content\/uploads\/2026\/04\/348-jaune-10-420x280.jpg 420w, https:\/\/www.italpassion.fr\/wp-content\/uploads\/2026\/04\/348-jaune-10-768x512.jpg 768w, https:\/\/www.italpassion.fr\/wp-content\/uploads\/2026\/04\/348-jaune-10-18x12.jpg 18w\" sizes=\"auto, (max-width: 1200px) 100vw, 1200px\" \/><\/figure>\n\n\n\n<h2 class=\"wp-block-heading\">\u201cDegenen die echt verstand van zaken hebben, hebben er allemaal een\u201d.\u201d<\/h2>\n\n\n\n<p>Dit is waarschijnlijk de zin die de wraak van de Ferrari 348 het beste samenvat. Vandaag de dag zijn het vaak ervaren verzamelaars die hem opzoeken. Velen bezitten recentere, krachtigere modellen... maar ze hebben nog steeds een 348 in hun garage staan. Niet voor de cijfers, maar voor wat hij biedt. Per slot van rekening belichaamt de Ferrari 348 een vervlogen tijdperk: een tijd waarin rijden met een Ferrari toewijding vereiste, waarin elk uitstapje een evenement was en waarin de machine geen compromissen sloot. Een imperfecte auto, dat is zeker. Maar zeer vertederend. En bovenal, nu erkend voor zijn ware waarde.<\/p>\n\n\n\n<figure class=\"wp-block-embed is-type-video is-provider-youtube wp-block-embed-youtube wp-embed-aspect-16-9 wp-has-aspect-ratio\"><div class=\"wp-block-embed__wrapper\">\n<iframe loading=\"lazy\" title=\"Ferrari 348 Spider, Ervaring als eigenaar + Is hij goed?\" width=\"1200\" height=\"675\" src=\"https:\/\/www.youtube-nocookie.com\/embed\/9Jj843oO5EE?feature=oembed\" frameborder=\"0\" allow=\"accelerometer; autoplay; clipboard-write; encrypted-media; gyroscope; picture-in-picture; web-share\" referrerpolicy=\"strict-origin-when-cross-origin\" allowfullscreen><\/iframe>\n<\/div><\/figure>\n\n\n\n<p><\/p>","protected":false},"excerpt":{"rendered":"","protected":false},"author":1,"featured_media":49422,"comment_status":"open","ping_status":"open","sticky":false,"template":"","format":"standard","meta":{"_acf_changed":false,"_sitemap_exclude":false,"_sitemap_priority":"","_sitemap_frequency":"","footnotes":""},"categories":[23],"tags":[443],"class_list":["post-49328","post","type-post","status-publish","format-standard","has-post-thumbnail","hentry","category-ferrari","tag-ferrari-348","generate-columns","tablet-grid-50","mobile-grid-100","grid-parent","grid-33"],"acf":[],"yoast_head":"<!-- This site is optimized with the Yoast SEO plugin v25.8 - https:\/\/yoast.com\/wordpress\/plugins\/seo\/ -->\n<title>La Ferrari 348 s&#039;est fait d\u00e9truire par la presse \u00e0 sa sortie\u2026 &quot;ceux qui s&#039;y connaissent vraiment en ont tous une&quot; - ItalPassion<\/title>\n<meta name=\"description\" content=\"Lorsqu\u2019elle appara\u00eet au d\u00e9but des ann\u00e9es 1990, la Ferrari 348 n\u2019a pas la vie facile. Succ\u00e9dant \u00e0 la tr\u00e8s \u00e9l\u00e9gante Ferrari 328, elle choque imm\u00e9diatement.\" \/>\n<meta name=\"robots\" content=\"index, follow, max-snippet:-1, max-image-preview:large, max-video-preview:-1\" \/>\n<link rel=\"canonical\" href=\"https:\/\/www.italpassion.fr\/nl\/ferrari\/de-ferrari-348-werd-door-de-pers-met-de-grond-gelijk-gemaakt-toen-hij-uitkwam-degenen-die-er-echt-verstand-van-hebben-hebben-er-een\/\" \/>\n<meta property=\"og:locale\" content=\"nl_NL\" \/>\n<meta property=\"og:type\" content=\"article\" \/>\n<meta property=\"og:title\" content=\"La Ferrari 348 s&#039;est fait d\u00e9truire par la presse \u00e0 sa sortie\u2026 &quot;ceux qui s&#039;y connaissent vraiment en ont tous une&quot; - ItalPassion\" \/>\n<meta property=\"og:description\" content=\"Lorsqu\u2019elle appara\u00eet au d\u00e9but des ann\u00e9es 1990, la Ferrari 348 n\u2019a pas la vie facile. Succ\u00e9dant \u00e0 la tr\u00e8s \u00e9l\u00e9gante Ferrari 328, elle choque imm\u00e9diatement.\" \/>\n<meta property=\"og:url\" content=\"https:\/\/www.italpassion.fr\/nl\/ferrari\/de-ferrari-348-werd-door-de-pers-met-de-grond-gelijk-gemaakt-toen-hij-uitkwam-degenen-die-er-echt-verstand-van-hebben-hebben-er-een\/\" \/>\n<meta property=\"og:site_name\" content=\"ItalPassion\" \/>\n<meta property=\"article:publisher\" content=\"https:\/\/www.facebook.com\/italpassion\" \/>\n<meta property=\"article:published_time\" content=\"2026-04-28T13:24:37+00:00\" \/>\n<meta property=\"og:image\" content=\"https:\/\/www.italpassion.fr\/wp-content\/uploads\/2026\/04\/348-jaune.jpg\" \/>\n\t<meta property=\"og:image:width\" content=\"1200\" \/>\n\t<meta property=\"og:image:height\" content=\"800\" \/>\n\t<meta property=\"og:image:type\" content=\"image\/jpeg\" \/>\n<meta name=\"author\" content=\"Alexandre Filluzeau\" \/>\n<meta name=\"twitter:card\" content=\"summary_large_image\" \/>\n<meta name=\"twitter:creator\" content=\"@italpassion\" \/>\n<meta name=\"twitter:site\" content=\"@italpassion\" \/>\n<script type=\"application\/ld+json\" class=\"yoast-schema-graph\">{\"@context\":\"https:\/\/schema.org\",\"@graph\":[{\"@type\":\"NewsArticle\",\"@id\":\"https:\/\/www.italpassion.fr\/nl\/ferrari\/la-ferrari-348-sest-fait-detruire-par-la-presse-a-sa-sortie-ceux-qui-sy-connaissent-vraiment-en-ont-tous-une\/#article\",\"isPartOf\":{\"@id\":\"https:\/\/www.italpassion.fr\/nl\/ferrari\/la-ferrari-348-sest-fait-detruire-par-la-presse-a-sa-sortie-ceux-qui-sy-connaissent-vraiment-en-ont-tous-une\/\"},\"author\":{\"name\":\"Alexandre Filluzeau\",\"@id\":\"https:\/\/www.italpassion.fr\/nl\/#\/schema\/person\/36f747b2a759ca202d847e85a9434ca0\"},\"headline\":\"La Ferrari 348 s&rsquo;est fait d\u00e9truire par la presse \u00e0 sa sortie\u2026 \u00ab\u00a0ceux qui s&rsquo;y connaissent vraiment en ont tous une\u00a0\u00bb\",\"datePublished\":\"2026-04-28T13:24:37+00:00\",\"mainEntityOfPage\":{\"@id\":\"https:\/\/www.italpassion.fr\/nl\/ferrari\/la-ferrari-348-sest-fait-detruire-par-la-presse-a-sa-sortie-ceux-qui-sy-connaissent-vraiment-en-ont-tous-une\/\"},\"wordCount\":753,\"commentCount\":0,\"publisher\":{\"@id\":\"https:\/\/www.italpassion.fr\/nl\/#organization\"},\"image\":{\"@id\":\"https:\/\/www.italpassion.fr\/nl\/ferrari\/la-ferrari-348-sest-fait-detruire-par-la-presse-a-sa-sortie-ceux-qui-sy-connaissent-vraiment-en-ont-tous-une\/#primaryimage\"},\"thumbnailUrl\":\"https:\/\/www.italpassion.fr\/wp-content\/uploads\/2026\/04\/348-jaune.jpg\",\"keywords\":[\"Ferrari 348\"],\"articleSection\":[\"Ferrari\"],\"inLanguage\":\"nl-NL\",\"potentialAction\":[{\"@type\":\"CommentAction\",\"name\":\"Comment\",\"target\":[\"https:\/\/www.italpassion.fr\/nl\/ferrari\/la-ferrari-348-sest-fait-detruire-par-la-presse-a-sa-sortie-ceux-qui-sy-connaissent-vraiment-en-ont-tous-une\/#respond\"]}]},{\"@type\":\"WebPage\",\"@id\":\"https:\/\/www.italpassion.fr\/nl\/ferrari\/la-ferrari-348-sest-fait-detruire-par-la-presse-a-sa-sortie-ceux-qui-sy-connaissent-vraiment-en-ont-tous-une\/\",\"url\":\"https:\/\/www.italpassion.fr\/nl\/ferrari\/la-ferrari-348-sest-fait-detruire-par-la-presse-a-sa-sortie-ceux-qui-sy-connaissent-vraiment-en-ont-tous-une\/\",\"name\":\"La Ferrari 348 s'est fait d\u00e9truire par la presse \u00e0 sa sortie\u2026 \\\"ceux qui s'y connaissent vraiment en ont tous une\\\" - ItalPassion\",\"isPartOf\":{\"@id\":\"https:\/\/www.italpassion.fr\/nl\/#website\"},\"primaryImageOfPage\":{\"@id\":\"https:\/\/www.italpassion.fr\/nl\/ferrari\/la-ferrari-348-sest-fait-detruire-par-la-presse-a-sa-sortie-ceux-qui-sy-connaissent-vraiment-en-ont-tous-une\/#primaryimage\"},\"image\":{\"@id\":\"https:\/\/www.italpassion.fr\/nl\/ferrari\/la-ferrari-348-sest-fait-detruire-par-la-presse-a-sa-sortie-ceux-qui-sy-connaissent-vraiment-en-ont-tous-une\/#primaryimage\"},\"thumbnailUrl\":\"https:\/\/www.italpassion.fr\/wp-content\/uploads\/2026\/04\/348-jaune.jpg\",\"datePublished\":\"2026-04-28T13:24:37+00:00\",\"description\":\"Lorsqu\u2019elle appara\u00eet au d\u00e9but des ann\u00e9es 1990, la Ferrari 348 n\u2019a pas la vie facile. Succ\u00e9dant \u00e0 la tr\u00e8s \u00e9l\u00e9gante Ferrari 328, elle choque imm\u00e9diatement.\",\"breadcrumb\":{\"@id\":\"https:\/\/www.italpassion.fr\/nl\/ferrari\/la-ferrari-348-sest-fait-detruire-par-la-presse-a-sa-sortie-ceux-qui-sy-connaissent-vraiment-en-ont-tous-une\/#breadcrumb\"},\"inLanguage\":\"nl-NL\",\"potentialAction\":[{\"@type\":\"ReadAction\",\"target\":[\"https:\/\/www.italpassion.fr\/nl\/ferrari\/la-ferrari-348-sest-fait-detruire-par-la-presse-a-sa-sortie-ceux-qui-sy-connaissent-vraiment-en-ont-tous-une\/\"]}]},{\"@type\":\"ImageObject\",\"inLanguage\":\"nl-NL\",\"@id\":\"https:\/\/www.italpassion.fr\/nl\/ferrari\/la-ferrari-348-sest-fait-detruire-par-la-presse-a-sa-sortie-ceux-qui-sy-connaissent-vraiment-en-ont-tous-une\/#primaryimage\",\"url\":\"https:\/\/www.italpassion.fr\/wp-content\/uploads\/2026\/04\/348-jaune.jpg\",\"contentUrl\":\"https:\/\/www.italpassion.fr\/wp-content\/uploads\/2026\/04\/348-jaune.jpg\",\"width\":1200,\"height\":800},{\"@type\":\"BreadcrumbList\",\"@id\":\"https:\/\/www.italpassion.fr\/nl\/ferrari\/la-ferrari-348-sest-fait-detruire-par-la-presse-a-sa-sortie-ceux-qui-sy-connaissent-vraiment-en-ont-tous-une\/#breadcrumb\",\"itemListElement\":[{\"@type\":\"ListItem\",\"position\":1,\"name\":\"Accueil\",\"item\":\"https:\/\/www.italpassion.fr\/nl\/\"},{\"@type\":\"ListItem\",\"position\":2,\"name\":\"La Ferrari 348 s&rsquo;est fait d\u00e9truire par la presse \u00e0 sa sortie\u2026 \u00ab\u00a0ceux qui s&rsquo;y connaissent vraiment en ont tous une\u00a0\u00bb\"}]},{\"@type\":\"WebSite\",\"@id\":\"https:\/\/www.italpassion.fr\/nl\/#website\",\"url\":\"https:\/\/www.italpassion.fr\/nl\/\",\"name\":\"ItalPassion\",\"description\":\"Les Passionn\u00e9s d&#039;Automobiles Italiennes\",\"publisher\":{\"@id\":\"https:\/\/www.italpassion.fr\/nl\/#organization\"},\"potentialAction\":[{\"@type\":\"SearchAction\",\"target\":{\"@type\":\"EntryPoint\",\"urlTemplate\":\"https:\/\/www.italpassion.fr\/nl\/?s={search_term_string}\"},\"query-input\":{\"@type\":\"PropertyValueSpecification\",\"valueRequired\":true,\"valueName\":\"search_term_string\"}}],\"inLanguage\":\"nl-NL\"},{\"@type\":\"Organization\",\"@id\":\"https:\/\/www.italpassion.fr\/nl\/#organization\",\"name\":\"Italpassion\",\"url\":\"https:\/\/www.italpassion.fr\/nl\/\",\"logo\":{\"@type\":\"ImageObject\",\"inLanguage\":\"nl-NL\",\"@id\":\"https:\/\/www.italpassion.fr\/nl\/#\/schema\/logo\/image\/\",\"url\":\"https:\/\/www.italpassion.fr\/wp-content\/uploads\/2023\/07\/italpassion-yoast.jpg\",\"contentUrl\":\"https:\/\/www.italpassion.fr\/wp-content\/uploads\/2023\/07\/italpassion-yoast.jpg\",\"width\":696,\"height\":696,\"caption\":\"Italpassion\"},\"image\":{\"@id\":\"https:\/\/www.italpassion.fr\/nl\/#\/schema\/logo\/image\/\"},\"sameAs\":[\"https:\/\/www.facebook.com\/italpassion\",\"https:\/\/x.com\/italpassion\",\"https:\/\/www.instagram.com\/italpassionfr\/\",\"https:\/\/www.youtube.com\/channel\/UCleq-ByQaA42OjhopwevRjQ\",\"https:\/\/www.facebook.com\/italpassion.en\/\",\"https:\/\/www.facebook.com\/italpassion.it\/\",\"https:\/\/www.facebook.com\/italpassion.de\/\",\"https:\/\/www.facebook.com\/italpassion.ja\/\"]},{\"@type\":\"Person\",\"@id\":\"https:\/\/www.italpassion.fr\/nl\/#\/schema\/person\/36f747b2a759ca202d847e85a9434ca0\",\"name\":\"Alexandre Filluzeau\",\"image\":{\"@type\":\"ImageObject\",\"inLanguage\":\"nl-NL\",\"@id\":\"https:\/\/www.italpassion.fr\/nl\/#\/schema\/person\/image\/\",\"url\":\"https:\/\/www.italpassion.fr\/wp-content\/uploads\/2025\/04\/avatar-alexandre-160x160.jpg\",\"contentUrl\":\"https:\/\/www.italpassion.fr\/wp-content\/uploads\/2025\/04\/avatar-alexandre-160x160.jpg\",\"caption\":\"Alexandre Filluzeau\"},\"description\":\"Fondateur du site ItalPassion, passionn\u00e9 de voitures italiennes et de l'Italie en g\u00e9n\u00e9ral. J'apporte un regard critique et technique aux actualit\u00e9s des marques italiennes quand cela est possible. Propri\u00e9taire d'une Maserati GranTurismo, Alfa Romeo MiTo, Lancia Fulvia et Ducati 695. Ex-propri\u00e9taire d'une Alfa Romeo Giulia.\",\"sameAs\":[\"https:\/\/www.italpassion.fr\/\"],\"url\":\"https:\/\/www.italpassion.fr\/nl\/author\/alexandre\/\"}]}<\/script>\n<!-- \/ Yoast SEO plugin. -->","yoast_head_json":{"title":"De Ferrari 348 werd vernietigd door de pers bij zijn introductie... \"degenen die echt verstand van zaken hebben, hebben er allemaal een\" - ItalPassion","description":"Toen de Ferrari 348 begin jaren negentig verscheen, had hij het niet gemakkelijk. Als opvolger van de zeer elegante Ferrari 328 was hij meteen een schok.","robots":{"index":"index","follow":"follow","max-snippet":"max-snippet:-1","max-image-preview":"max-image-preview:large","max-video-preview":"max-video-preview:-1"},"canonical":"https:\/\/www.italpassion.fr\/nl\/ferrari\/de-ferrari-348-werd-door-de-pers-met-de-grond-gelijk-gemaakt-toen-hij-uitkwam-degenen-die-er-echt-verstand-van-hebben-hebben-er-een\/","og_locale":"nl_NL","og_type":"article","og_title":"La Ferrari 348 s'est fait d\u00e9truire par la presse \u00e0 sa sortie\u2026 \"ceux qui s'y connaissent vraiment en ont tous une\" - ItalPassion","og_description":"Lorsqu\u2019elle appara\u00eet au d\u00e9but des ann\u00e9es 1990, la Ferrari 348 n\u2019a pas la vie facile. Succ\u00e9dant \u00e0 la tr\u00e8s \u00e9l\u00e9gante Ferrari 328, elle choque imm\u00e9diatement.","og_url":"https:\/\/www.italpassion.fr\/nl\/ferrari\/de-ferrari-348-werd-door-de-pers-met-de-grond-gelijk-gemaakt-toen-hij-uitkwam-degenen-die-er-echt-verstand-van-hebben-hebben-er-een\/","og_site_name":"ItalPassion","article_publisher":"https:\/\/www.facebook.com\/italpassion","article_published_time":"2026-04-28T13:24:37+00:00","og_image":[{"width":1200,"height":800,"url":"https:\/\/www.italpassion.fr\/wp-content\/uploads\/2026\/04\/348-jaune.jpg","type":"image\/jpeg"}],"author":"Alexandre Filluzeau","twitter_card":"summary_large_image","twitter_creator":"@italpassion","twitter_site":"@italpassion","schema":{"@context":"https:\/\/schema.org","@graph":[{"@type":"NewsArticle","@id":"https:\/\/www.italpassion.fr\/nl\/ferrari\/la-ferrari-348-sest-fait-detruire-par-la-presse-a-sa-sortie-ceux-qui-sy-connaissent-vraiment-en-ont-tous-une\/#article","isPartOf":{"@id":"https:\/\/www.italpassion.fr\/nl\/ferrari\/la-ferrari-348-sest-fait-detruire-par-la-presse-a-sa-sortie-ceux-qui-sy-connaissent-vraiment-en-ont-tous-une\/"},"author":{"name":"Alexandre Filluzeau","@id":"https:\/\/www.italpassion.fr\/nl\/#\/schema\/person\/36f747b2a759ca202d847e85a9434ca0"},"headline":"La Ferrari 348 s&rsquo;est fait d\u00e9truire par la presse \u00e0 sa sortie\u2026 \u00ab\u00a0ceux qui s&rsquo;y connaissent vraiment en ont tous une\u00a0\u00bb","datePublished":"2026-04-28T13:24:37+00:00","mainEntityOfPage":{"@id":"https:\/\/www.italpassion.fr\/nl\/ferrari\/la-ferrari-348-sest-fait-detruire-par-la-presse-a-sa-sortie-ceux-qui-sy-connaissent-vraiment-en-ont-tous-une\/"},"wordCount":753,"commentCount":0,"publisher":{"@id":"https:\/\/www.italpassion.fr\/nl\/#organization"},"image":{"@id":"https:\/\/www.italpassion.fr\/nl\/ferrari\/la-ferrari-348-sest-fait-detruire-par-la-presse-a-sa-sortie-ceux-qui-sy-connaissent-vraiment-en-ont-tous-une\/#primaryimage"},"thumbnailUrl":"https:\/\/www.italpassion.fr\/wp-content\/uploads\/2026\/04\/348-jaune.jpg","keywords":["Ferrari 348"],"articleSection":["Ferrari"],"inLanguage":"nl-NL","potentialAction":[{"@type":"CommentAction","name":"Comment","target":["https:\/\/www.italpassion.fr\/nl\/ferrari\/la-ferrari-348-sest-fait-detruire-par-la-presse-a-sa-sortie-ceux-qui-sy-connaissent-vraiment-en-ont-tous-une\/#respond"]}]},{"@type":"WebPage","@id":"https:\/\/www.italpassion.fr\/nl\/ferrari\/la-ferrari-348-sest-fait-detruire-par-la-presse-a-sa-sortie-ceux-qui-sy-connaissent-vraiment-en-ont-tous-une\/","url":"https:\/\/www.italpassion.fr\/nl\/ferrari\/la-ferrari-348-sest-fait-detruire-par-la-presse-a-sa-sortie-ceux-qui-sy-connaissent-vraiment-en-ont-tous-une\/","name":"De Ferrari 348 werd vernietigd door de pers bij zijn introductie... \"degenen die echt verstand van zaken hebben, hebben er allemaal een\" - ItalPassion","isPartOf":{"@id":"https:\/\/www.italpassion.fr\/nl\/#website"},"primaryImageOfPage":{"@id":"https:\/\/www.italpassion.fr\/nl\/ferrari\/la-ferrari-348-sest-fait-detruire-par-la-presse-a-sa-sortie-ceux-qui-sy-connaissent-vraiment-en-ont-tous-une\/#primaryimage"},"image":{"@id":"https:\/\/www.italpassion.fr\/nl\/ferrari\/la-ferrari-348-sest-fait-detruire-par-la-presse-a-sa-sortie-ceux-qui-sy-connaissent-vraiment-en-ont-tous-une\/#primaryimage"},"thumbnailUrl":"https:\/\/www.italpassion.fr\/wp-content\/uploads\/2026\/04\/348-jaune.jpg","datePublished":"2026-04-28T13:24:37+00:00","description":"Toen de Ferrari 348 begin jaren negentig verscheen, had hij het niet gemakkelijk. Als opvolger van de zeer elegante Ferrari 328 was hij meteen een schok.","breadcrumb":{"@id":"https:\/\/www.italpassion.fr\/nl\/ferrari\/la-ferrari-348-sest-fait-detruire-par-la-presse-a-sa-sortie-ceux-qui-sy-connaissent-vraiment-en-ont-tous-une\/#breadcrumb"},"inLanguage":"nl-NL","potentialAction":[{"@type":"ReadAction","target":["https:\/\/www.italpassion.fr\/nl\/ferrari\/la-ferrari-348-sest-fait-detruire-par-la-presse-a-sa-sortie-ceux-qui-sy-connaissent-vraiment-en-ont-tous-une\/"]}]},{"@type":"ImageObject","inLanguage":"nl-NL","@id":"https:\/\/www.italpassion.fr\/nl\/ferrari\/la-ferrari-348-sest-fait-detruire-par-la-presse-a-sa-sortie-ceux-qui-sy-connaissent-vraiment-en-ont-tous-une\/#primaryimage","url":"https:\/\/www.italpassion.fr\/wp-content\/uploads\/2026\/04\/348-jaune.jpg","contentUrl":"https:\/\/www.italpassion.fr\/wp-content\/uploads\/2026\/04\/348-jaune.jpg","width":1200,"height":800},{"@type":"BreadcrumbList","@id":"https:\/\/www.italpassion.fr\/nl\/ferrari\/la-ferrari-348-sest-fait-detruire-par-la-presse-a-sa-sortie-ceux-qui-sy-connaissent-vraiment-en-ont-tous-une\/#breadcrumb","itemListElement":[{"@type":"ListItem","position":1,"name":"Accueil","item":"https:\/\/www.italpassion.fr\/nl\/"},{"@type":"ListItem","position":2,"name":"La Ferrari 348 s&rsquo;est fait d\u00e9truire par la presse \u00e0 sa sortie\u2026 \u00ab\u00a0ceux qui s&rsquo;y connaissent vraiment en ont tous une\u00a0\u00bb"}]},{"@type":"WebSite","@id":"https:\/\/www.italpassion.fr\/nl\/#website","url":"https:\/\/www.italpassion.fr\/nl\/","name":"ItalPassion","description":"Italiaanse autoliefhebbers","publisher":{"@id":"https:\/\/www.italpassion.fr\/nl\/#organization"},"potentialAction":[{"@type":"SearchAction","target":{"@type":"EntryPoint","urlTemplate":"https:\/\/www.italpassion.fr\/nl\/?s={search_term_string}"},"query-input":{"@type":"PropertyValueSpecification","valueRequired":true,"valueName":"search_term_string"}}],"inLanguage":"nl-NL"},{"@type":"Organization","@id":"https:\/\/www.italpassion.fr\/nl\/#organization","name":"Italpassion","url":"https:\/\/www.italpassion.fr\/nl\/","logo":{"@type":"ImageObject","inLanguage":"nl-NL","@id":"https:\/\/www.italpassion.fr\/nl\/#\/schema\/logo\/image\/","url":"https:\/\/www.italpassion.fr\/wp-content\/uploads\/2023\/07\/italpassion-yoast.jpg","contentUrl":"https:\/\/www.italpassion.fr\/wp-content\/uploads\/2023\/07\/italpassion-yoast.jpg","width":696,"height":696,"caption":"Italpassion"},"image":{"@id":"https:\/\/www.italpassion.fr\/nl\/#\/schema\/logo\/image\/"},"sameAs":["https:\/\/www.facebook.com\/italpassion","https:\/\/x.com\/italpassion","https:\/\/www.instagram.com\/italpassionfr\/","https:\/\/www.youtube.com\/channel\/UCleq-ByQaA42OjhopwevRjQ","https:\/\/www.facebook.com\/italpassion.en\/","https:\/\/www.facebook.com\/italpassion.it\/","https:\/\/www.facebook.com\/italpassion.de\/","https:\/\/www.facebook.com\/italpassion.ja\/"]},{"@type":"Person","@id":"https:\/\/www.italpassion.fr\/nl\/#\/schema\/person\/36f747b2a759ca202d847e85a9434ca0","name":"Alexandre Filluzeau","image":{"@type":"ImageObject","inLanguage":"nl-NL","@id":"https:\/\/www.italpassion.fr\/nl\/#\/schema\/person\/image\/","url":"https:\/\/www.italpassion.fr\/wp-content\/uploads\/2025\/04\/avatar-alexandre-160x160.jpg","contentUrl":"https:\/\/www.italpassion.fr\/wp-content\/uploads\/2025\/04\/avatar-alexandre-160x160.jpg","caption":"Alexandre Filluzeau"},"description":"Oprichter van de website ItalPassion, gepassioneerd door Italiaanse auto's en Itali\u00eb in het algemeen. Waar mogelijk breng ik een kritisch en technisch oog naar nieuws over Italiaanse merken. Eigenaar van een Maserati GranTurismo, Alfa Romeo MiTo, Lancia Fulvia en Ducati 695. Ex-eigenaar van een Alfa Romeo Giulia.","sameAs":["https:\/\/www.italpassion.fr\/"],"url":"https:\/\/www.italpassion.fr\/nl\/author\/alexandre\/"}]}},"_links":{"self":[{"href":"https:\/\/www.italpassion.fr\/nl\/wp-json\/wp\/v2\/posts\/49328","targetHints":{"allow":["GET"]}}],"collection":[{"href":"https:\/\/www.italpassion.fr\/nl\/wp-json\/wp\/v2\/posts"}],"about":[{"href":"https:\/\/www.italpassion.fr\/nl\/wp-json\/wp\/v2\/types\/post"}],"author":[{"embeddable":true,"href":"https:\/\/www.italpassion.fr\/nl\/wp-json\/wp\/v2\/users\/1"}],"replies":[{"embeddable":true,"href":"https:\/\/www.italpassion.fr\/nl\/wp-json\/wp\/v2\/comments?post=49328"}],"version-history":[{"count":2,"href":"https:\/\/www.italpassion.fr\/nl\/wp-json\/wp\/v2\/posts\/49328\/revisions"}],"predecessor-version":[{"id":49431,"href":"https:\/\/www.italpassion.fr\/nl\/wp-json\/wp\/v2\/posts\/49328\/revisions\/49431"}],"wp:featuredmedia":[{"embeddable":true,"href":"https:\/\/www.italpassion.fr\/nl\/wp-json\/wp\/v2\/media\/49422"}],"wp:attachment":[{"href":"https:\/\/www.italpassion.fr\/nl\/wp-json\/wp\/v2\/media?parent=49328"}],"wp:term":[{"taxonomy":"category","embeddable":true,"href":"https:\/\/www.italpassion.fr\/nl\/wp-json\/wp\/v2\/categories?post=49328"},{"taxonomy":"post_tag","embeddable":true,"href":"https:\/\/www.italpassion.fr\/nl\/wp-json\/wp\/v2\/tags?post=49328"}],"curies":[{"name":"wp","href":"https:\/\/api.w.org\/{rel}","templated":true}]}}