{"id":47525,"date":"2026-03-16T14:08:13","date_gmt":"2026-03-16T13:08:13","guid":{"rendered":"https:\/\/www.italpassion.fr\/?p=47525"},"modified":"2026-03-16T10:59:27","modified_gmt":"2026-03-16T09:59:27","slug":"de-eerste-elektrische-ferrari-moet-misschien-zijn-naam-al-veranderen-vanwege-mazda","status":"publish","type":"post","link":"https:\/\/www.italpassion.fr\/nl\/ferrari\/la-premiere-ferrari-electrique-pourrait-deja-devoir-changer-de-nom-a-cause-de-mazda\/","title":{"rendered":"De eerste elektrische Ferrari moet misschien zijn naam al veranderen... vanwege Mazda"},"content":{"rendered":"<figure class=\"wp-block-image size-full\"><img loading=\"lazy\" decoding=\"async\" width=\"1200\" height=\"800\" src=\"https:\/\/www.italpassion.fr\/wp-content\/uploads\/2026\/03\/ferrari-luce.jpg\" alt=\"\" class=\"wp-image-47398\" srcset=\"https:\/\/www.italpassion.fr\/wp-content\/uploads\/2026\/03\/ferrari-luce.jpg 1200w, https:\/\/www.italpassion.fr\/wp-content\/uploads\/2026\/03\/ferrari-luce-420x280.jpg 420w, https:\/\/www.italpassion.fr\/wp-content\/uploads\/2026\/03\/ferrari-luce-768x512.jpg 768w, https:\/\/www.italpassion.fr\/wp-content\/uploads\/2026\/03\/ferrari-luce-18x12.jpg 18w\" sizes=\"auto, (max-width: 1200px) 100vw, 1200px\" \/><figcaption class=\"wp-element-caption\">Ferrari Luce<\/figcaption><\/figure>\n\n\n\n<p>Het eerste 100 % elektrische model van <a href=\"https:\/\/www.italpassion.fr\/nl\/ferrari\/\">Ferrari<\/a> is nog niet eens officieel onthuld, maar kan nu al voor een onverwacht probleem komen te staan. Het merk uit Maranello onthulde onlangs de naam Luce voor zijn toekomstige elektrische model, maar deze keuze kan in twijfel worden getrokken. De reden? De Japanse autofabrikant Mazda heeft net een aanvraag ingediend om exact dezelfde naam te beschermen.<\/p>\n\n\n\n<p>Deze situatie kan een onverwacht juridisch conflict veroorzaken en <a href=\"https:\/\/www.italpassion.fr\/nl\/ferrari\/\">Ferrari<\/a> haar plannen te herzien in het licht van de ontwikkelingen in de procedures voor de registratie van handelsmerken.<\/p>\n\n\n\n<h2 class=\"wp-block-heading\">Ferrari onthult de naam Luce voor haar eerste elektrische model<\/h2>\n\n\n\n<p>Begin februari 2026 begon Ferrari met het teasen van zijn allereerste volledig elektrische model door het onthullen van <a href=\"https:\/\/www.italpassion.fr\/nl\/ferrari\/ferrari-heeft-de-naam-en-het-ontwerp-van-zijn-eerste-elektrische-auto-onthuld\/\">met name het interieur van het voertuig<\/a>. Bij deze gelegenheid noemde het Italiaanse merk voor het eerst de naam <a href=\"https:\/\/www.italpassion.fr\/nl\/autos\/ferrari-luce\/\">Luce<\/a>.<\/p>\n\n\n\n<p>Kort na deze aankondiging registreerde Ferrari het merk officieel in Itali\u00eb op 9 februari. De naam, die \u00ablicht\u00bb betekent in het Italiaans, leek perfect te passen in de strategie van het merk: een nieuw technologisch tijdperk symboliseren met behoud van een sterke Italiaanse identiteit.<\/p>\n\n\n\n<p>Ferrari's toekomstige elektrische model belooft bijzonder ambitieus te worden. Volgens de eerste berichten wordt hij uitgerust met vier elektromotoren, die in staat zijn om in ongeveer 2,5 seconden van 0 naar 100 km\/u te accelereren en een topsnelheid van bijna 310 km\/u te halen. De energie zou worden geleverd door een accu van 122 kWh, wat een geschatte actieradius van 530 km oplevert, met de mogelijkheid om snel op te laden tot 350 kW.<\/p>\n\n\n\n<h2 class=\"wp-block-heading\">Mazda registreert ook het merk Luce<\/h2>\n\n\n\n<p>Maar slechts een paar weken na Ferrari's stap, nodigde een andere fabrikant zichzelf uit in het verhaal. Op 4 maart 2026 diende Mazda ook een aanvraag in om de naam Luce te beschermen, dit keer bij het Japanse octrooibureau.<\/p>\n\n\n\n<p>Deze aanvraag kan het gebruik van de naam door Ferrari in bepaalde markten bemoeilijken, afhankelijk van hoe de autoriteiten beslissen over de verschillende aanvragen.<\/p>\n\n\n\n<p>Voor fans van het Japanse merk is deze keuze geen toeval. De naam Luce maakt deel uit van de geschiedenis van Mazda: hij werd gebruikt voor een grote luxe sedan die van de jaren zestig tot begin jaren negentig werd geproduceerd. In sommige landen stond dit model ook bekend als de Mazda 929, maar de naam Luce behoudt zijn historische waarde voor de fabrikant.<\/p>\n\n\n\n<p>Mazda had de naam in 2017 al terug op de voorgrond gebracht met de <strong>Vision Coup\u00e9<\/strong>, Het ontwerp was een eerbetoon aan de Luce Rotary Coup\u00e9 uit 1969.<\/p>\n\n\n\n<h2 class=\"wp-block-heading\">Timing is een probleem<\/h2>\n\n\n\n<p>In de auto-industrie is het niet ongewoon dat fabrikanten oude merken registreren of vernieuwen, simpelweg om hun erfgoed te beschermen en te voorkomen dat andere merken ze gebruiken.<\/p>\n\n\n\n<p>Mazda zou dus gewoon op zoek kunnen zijn naar een historische naam. Maar de timing van deze aanvraag zal zeker de aandacht trekken: hij werd ingediend vlak nadat Ferrari de naam van zijn toekomstige elektrische model onthulde.<\/p>\n\n\n\n<p>Als Mazda de rechten zou krijgen in bepaalde markten, zou Ferrari gedwongen kunnen worden om een andere naam te gebruiken voor haar elektrische auto in die regio's, of zelfs de naam volledig te veranderen voor de commerci\u00eble lancering.<\/p>\n\n\n\n<h2 class=\"wp-block-heading\">Naamsveranderingen zijn niet ongewoon in de auto-industrie<\/h2>\n\n\n\n<p>Dit soort situaties heeft zich al verschillende keren voorgedaan in de geschiedenis van de auto. Meer recentelijk moest Alfa Romeo <a href=\"https:\/\/www.italpassion.fr\/nl\/alfa-romeo\/officieel-lalfa-romeo-milano-verandert-zijn-naam-in-junior\/\">zijn Milano crossover Junior hernoemen<\/a> kort na de presentatie, onder politieke druk vanwege het feit dat het model niet in Itali\u00eb werd geproduceerd.<\/p>\n\n\n\n<p>Een ander beroemd geval dateert uit 1963, toen Porsche de naam 901 moest opgeven voor zijn nieuwe sportmodel. Peugeot bezat al de rechten op de driecijferige namen met een nul in het midden, waaruit uiteindelijk de beroemde naam 911 ontstond.<\/p>\n\n\n\n<p>Het valt nog te bezien of Ferrari en Mazda elkaar zullen vinden, of dat het Italiaanse merk een nieuwe identiteit zal moeten vinden voor zijn eerste elektrische auto. E\u00e9n ding is zeker: nog voor de offici\u00eble lancering in de komende maanden is deze elektrische Ferrari al het gesprek van de dag.<\/p>","protected":false},"excerpt":{"rendered":"","protected":false},"author":1,"featured_media":47398,"comment_status":"open","ping_status":"open","sticky":false,"template":"","format":"standard","meta":{"_acf_changed":false,"_sitemap_exclude":false,"_sitemap_priority":"","_sitemap_frequency":"","footnotes":""},"categories":[23],"tags":[448],"class_list":["post-47525","post","type-post","status-publish","format-standard","has-post-thumbnail","hentry","category-ferrari","tag-ferrari-elettrica","generate-columns","tablet-grid-50","mobile-grid-100","grid-parent","grid-33"],"acf":[],"yoast_head":"<!-- This site is optimized with the Yoast SEO plugin v25.8 - https:\/\/yoast.com\/wordpress\/plugins\/seo\/ -->\n<title>La premi\u00e8re Ferrari \u00e9lectrique pourrait d\u00e9j\u00e0 devoir changer de nom\u2026 \u00e0 cause de Mazda - ItalPassion<\/title>\n<meta name=\"description\" content=\"Ferrari Luce Le premier mod\u00e8le 100 % \u00e9lectrique de Ferrari n\u2019est m\u00eame pas encore officiellement pr\u00e9sent\u00e9 qu\u2019il pourrait d\u00e9j\u00e0 rencontrer un probl\u00e8me\" \/>\n<meta name=\"robots\" content=\"index, follow, max-snippet:-1, max-image-preview:large, max-video-preview:-1\" \/>\n<link rel=\"canonical\" href=\"https:\/\/www.italpassion.fr\/nl\/ferrari\/de-eerste-elektrische-ferrari-moet-misschien-zijn-naam-al-veranderen-vanwege-mazda\/\" \/>\n<meta property=\"og:locale\" content=\"nl_NL\" \/>\n<meta property=\"og:type\" content=\"article\" \/>\n<meta property=\"og:title\" content=\"La premi\u00e8re Ferrari \u00e9lectrique pourrait d\u00e9j\u00e0 devoir changer de nom\u2026 \u00e0 cause de Mazda - ItalPassion\" \/>\n<meta property=\"og:description\" content=\"Ferrari Luce Le premier mod\u00e8le 100 % \u00e9lectrique de Ferrari n\u2019est m\u00eame pas encore officiellement pr\u00e9sent\u00e9 qu\u2019il pourrait d\u00e9j\u00e0 rencontrer un probl\u00e8me\" \/>\n<meta property=\"og:url\" content=\"https:\/\/www.italpassion.fr\/nl\/ferrari\/de-eerste-elektrische-ferrari-moet-misschien-zijn-naam-al-veranderen-vanwege-mazda\/\" \/>\n<meta property=\"og:site_name\" content=\"ItalPassion\" \/>\n<meta property=\"article:publisher\" content=\"https:\/\/www.facebook.com\/italpassion\" \/>\n<meta property=\"article:published_time\" content=\"2026-03-16T13:08:13+00:00\" \/>\n<meta property=\"og:image\" content=\"https:\/\/www.italpassion.fr\/wp-content\/uploads\/2026\/03\/ferrari-luce.jpg\" \/>\n\t<meta property=\"og:image:width\" content=\"1200\" \/>\n\t<meta property=\"og:image:height\" content=\"800\" \/>\n\t<meta property=\"og:image:type\" content=\"image\/jpeg\" \/>\n<meta name=\"author\" content=\"Alexandre Filluzeau\" \/>\n<meta name=\"twitter:card\" content=\"summary_large_image\" \/>\n<meta name=\"twitter:creator\" content=\"@italpassion\" \/>\n<meta name=\"twitter:site\" content=\"@italpassion\" \/>\n<script type=\"application\/ld+json\" class=\"yoast-schema-graph\">{\"@context\":\"https:\/\/schema.org\",\"@graph\":[{\"@type\":\"NewsArticle\",\"@id\":\"https:\/\/www.italpassion.fr\/nl\/ferrari\/la-premiere-ferrari-electrique-pourrait-deja-devoir-changer-de-nom-a-cause-de-mazda\/#article\",\"isPartOf\":{\"@id\":\"https:\/\/www.italpassion.fr\/nl\/ferrari\/la-premiere-ferrari-electrique-pourrait-deja-devoir-changer-de-nom-a-cause-de-mazda\/\"},\"author\":{\"name\":\"Alexandre Filluzeau\",\"@id\":\"https:\/\/www.italpassion.fr\/nl\/#\/schema\/person\/36f747b2a759ca202d847e85a9434ca0\"},\"headline\":\"La premi\u00e8re Ferrari \u00e9lectrique pourrait d\u00e9j\u00e0 devoir changer de nom\u2026 \u00e0 cause de Mazda\",\"datePublished\":\"2026-03-16T13:08:13+00:00\",\"mainEntityOfPage\":{\"@id\":\"https:\/\/www.italpassion.fr\/nl\/ferrari\/la-premiere-ferrari-electrique-pourrait-deja-devoir-changer-de-nom-a-cause-de-mazda\/\"},\"wordCount\":764,\"commentCount\":7,\"publisher\":{\"@id\":\"https:\/\/www.italpassion.fr\/nl\/#organization\"},\"image\":{\"@id\":\"https:\/\/www.italpassion.fr\/nl\/ferrari\/la-premiere-ferrari-electrique-pourrait-deja-devoir-changer-de-nom-a-cause-de-mazda\/#primaryimage\"},\"thumbnailUrl\":\"https:\/\/www.italpassion.fr\/wp-content\/uploads\/2026\/03\/ferrari-luce.jpg\",\"keywords\":[\"Ferrari Elettrica\"],\"articleSection\":[\"Ferrari\"],\"inLanguage\":\"nl-NL\",\"potentialAction\":[{\"@type\":\"CommentAction\",\"name\":\"Comment\",\"target\":[\"https:\/\/www.italpassion.fr\/nl\/ferrari\/la-premiere-ferrari-electrique-pourrait-deja-devoir-changer-de-nom-a-cause-de-mazda\/#respond\"]}]},{\"@type\":\"WebPage\",\"@id\":\"https:\/\/www.italpassion.fr\/nl\/ferrari\/la-premiere-ferrari-electrique-pourrait-deja-devoir-changer-de-nom-a-cause-de-mazda\/\",\"url\":\"https:\/\/www.italpassion.fr\/nl\/ferrari\/la-premiere-ferrari-electrique-pourrait-deja-devoir-changer-de-nom-a-cause-de-mazda\/\",\"name\":\"La premi\u00e8re Ferrari \u00e9lectrique pourrait d\u00e9j\u00e0 devoir changer de nom\u2026 \u00e0 cause de Mazda - ItalPassion\",\"isPartOf\":{\"@id\":\"https:\/\/www.italpassion.fr\/nl\/#website\"},\"primaryImageOfPage\":{\"@id\":\"https:\/\/www.italpassion.fr\/nl\/ferrari\/la-premiere-ferrari-electrique-pourrait-deja-devoir-changer-de-nom-a-cause-de-mazda\/#primaryimage\"},\"image\":{\"@id\":\"https:\/\/www.italpassion.fr\/nl\/ferrari\/la-premiere-ferrari-electrique-pourrait-deja-devoir-changer-de-nom-a-cause-de-mazda\/#primaryimage\"},\"thumbnailUrl\":\"https:\/\/www.italpassion.fr\/wp-content\/uploads\/2026\/03\/ferrari-luce.jpg\",\"datePublished\":\"2026-03-16T13:08:13+00:00\",\"description\":\"Ferrari Luce Le premier mod\u00e8le 100 % \u00e9lectrique de Ferrari n\u2019est m\u00eame pas encore officiellement pr\u00e9sent\u00e9 qu\u2019il pourrait d\u00e9j\u00e0 rencontrer un probl\u00e8me\",\"breadcrumb\":{\"@id\":\"https:\/\/www.italpassion.fr\/nl\/ferrari\/la-premiere-ferrari-electrique-pourrait-deja-devoir-changer-de-nom-a-cause-de-mazda\/#breadcrumb\"},\"inLanguage\":\"nl-NL\",\"potentialAction\":[{\"@type\":\"ReadAction\",\"target\":[\"https:\/\/www.italpassion.fr\/nl\/ferrari\/la-premiere-ferrari-electrique-pourrait-deja-devoir-changer-de-nom-a-cause-de-mazda\/\"]}]},{\"@type\":\"ImageObject\",\"inLanguage\":\"nl-NL\",\"@id\":\"https:\/\/www.italpassion.fr\/nl\/ferrari\/la-premiere-ferrari-electrique-pourrait-deja-devoir-changer-de-nom-a-cause-de-mazda\/#primaryimage\",\"url\":\"https:\/\/www.italpassion.fr\/wp-content\/uploads\/2026\/03\/ferrari-luce.jpg\",\"contentUrl\":\"https:\/\/www.italpassion.fr\/wp-content\/uploads\/2026\/03\/ferrari-luce.jpg\",\"width\":1200,\"height\":800,\"caption\":\"Ferrari Luce\"},{\"@type\":\"BreadcrumbList\",\"@id\":\"https:\/\/www.italpassion.fr\/nl\/ferrari\/la-premiere-ferrari-electrique-pourrait-deja-devoir-changer-de-nom-a-cause-de-mazda\/#breadcrumb\",\"itemListElement\":[{\"@type\":\"ListItem\",\"position\":1,\"name\":\"Accueil\",\"item\":\"https:\/\/www.italpassion.fr\/nl\/\"},{\"@type\":\"ListItem\",\"position\":2,\"name\":\"La premi\u00e8re Ferrari \u00e9lectrique pourrait d\u00e9j\u00e0 devoir changer de nom\u2026 \u00e0 cause de Mazda\"}]},{\"@type\":\"WebSite\",\"@id\":\"https:\/\/www.italpassion.fr\/nl\/#website\",\"url\":\"https:\/\/www.italpassion.fr\/nl\/\",\"name\":\"ItalPassion\",\"description\":\"Les Passionn\u00e9s d&#039;Automobiles Italiennes\",\"publisher\":{\"@id\":\"https:\/\/www.italpassion.fr\/nl\/#organization\"},\"potentialAction\":[{\"@type\":\"SearchAction\",\"target\":{\"@type\":\"EntryPoint\",\"urlTemplate\":\"https:\/\/www.italpassion.fr\/nl\/?s={search_term_string}\"},\"query-input\":{\"@type\":\"PropertyValueSpecification\",\"valueRequired\":true,\"valueName\":\"search_term_string\"}}],\"inLanguage\":\"nl-NL\"},{\"@type\":\"Organization\",\"@id\":\"https:\/\/www.italpassion.fr\/nl\/#organization\",\"name\":\"Italpassion\",\"url\":\"https:\/\/www.italpassion.fr\/nl\/\",\"logo\":{\"@type\":\"ImageObject\",\"inLanguage\":\"nl-NL\",\"@id\":\"https:\/\/www.italpassion.fr\/nl\/#\/schema\/logo\/image\/\",\"url\":\"https:\/\/www.italpassion.fr\/wp-content\/uploads\/2023\/07\/italpassion-yoast.jpg\",\"contentUrl\":\"https:\/\/www.italpassion.fr\/wp-content\/uploads\/2023\/07\/italpassion-yoast.jpg\",\"width\":696,\"height\":696,\"caption\":\"Italpassion\"},\"image\":{\"@id\":\"https:\/\/www.italpassion.fr\/nl\/#\/schema\/logo\/image\/\"},\"sameAs\":[\"https:\/\/www.facebook.com\/italpassion\",\"https:\/\/x.com\/italpassion\",\"https:\/\/www.instagram.com\/italpassionfr\/\",\"https:\/\/www.youtube.com\/channel\/UCleq-ByQaA42OjhopwevRjQ\",\"https:\/\/www.facebook.com\/italpassion.en\/\",\"https:\/\/www.facebook.com\/italpassion.it\/\",\"https:\/\/www.facebook.com\/italpassion.de\/\",\"https:\/\/www.facebook.com\/italpassion.ja\/\"]},{\"@type\":\"Person\",\"@id\":\"https:\/\/www.italpassion.fr\/nl\/#\/schema\/person\/36f747b2a759ca202d847e85a9434ca0\",\"name\":\"Alexandre Filluzeau\",\"image\":{\"@type\":\"ImageObject\",\"inLanguage\":\"nl-NL\",\"@id\":\"https:\/\/www.italpassion.fr\/nl\/#\/schema\/person\/image\/\",\"url\":\"https:\/\/www.italpassion.fr\/wp-content\/uploads\/2025\/04\/avatar-alexandre-160x160.jpg\",\"contentUrl\":\"https:\/\/www.italpassion.fr\/wp-content\/uploads\/2025\/04\/avatar-alexandre-160x160.jpg\",\"caption\":\"Alexandre Filluzeau\"},\"description\":\"Fondateur du site ItalPassion, passionn\u00e9 de voitures italiennes et de l'Italie en g\u00e9n\u00e9ral. J'apporte un regard critique et technique aux actualit\u00e9s des marques italiennes quand cela est possible. Propri\u00e9taire d'une Maserati GranTurismo, Alfa Romeo MiTo, Lancia Fulvia et Ducati 695. Ex-propri\u00e9taire d'une Alfa Romeo Giulia.\",\"sameAs\":[\"https:\/\/www.italpassion.fr\/\"],\"url\":\"https:\/\/www.italpassion.fr\/nl\/author\/alexandre\/\"}]}<\/script>\n<!-- \/ Yoast SEO plugin. -->","yoast_head_json":{"title":"De eerste elektrische Ferrari moet misschien zijn naam al veranderen... vanwege Mazda - ItalPassion","description":"Ferrari Luce Ferrari's eerste elektrische 100 % model is nog niet eens officieel onthuld, maar het zou al een probleem kunnen hebben.","robots":{"index":"index","follow":"follow","max-snippet":"max-snippet:-1","max-image-preview":"max-image-preview:large","max-video-preview":"max-video-preview:-1"},"canonical":"https:\/\/www.italpassion.fr\/nl\/ferrari\/de-eerste-elektrische-ferrari-moet-misschien-zijn-naam-al-veranderen-vanwege-mazda\/","og_locale":"nl_NL","og_type":"article","og_title":"La premi\u00e8re Ferrari \u00e9lectrique pourrait d\u00e9j\u00e0 devoir changer de nom\u2026 \u00e0 cause de Mazda - ItalPassion","og_description":"Ferrari Luce Le premier mod\u00e8le 100 % \u00e9lectrique de Ferrari n\u2019est m\u00eame pas encore officiellement pr\u00e9sent\u00e9 qu\u2019il pourrait d\u00e9j\u00e0 rencontrer un probl\u00e8me","og_url":"https:\/\/www.italpassion.fr\/nl\/ferrari\/de-eerste-elektrische-ferrari-moet-misschien-zijn-naam-al-veranderen-vanwege-mazda\/","og_site_name":"ItalPassion","article_publisher":"https:\/\/www.facebook.com\/italpassion","article_published_time":"2026-03-16T13:08:13+00:00","og_image":[{"width":1200,"height":800,"url":"https:\/\/www.italpassion.fr\/wp-content\/uploads\/2026\/03\/ferrari-luce.jpg","type":"image\/jpeg"}],"author":"Alexandre Filluzeau","twitter_card":"summary_large_image","twitter_creator":"@italpassion","twitter_site":"@italpassion","schema":{"@context":"https:\/\/schema.org","@graph":[{"@type":"NewsArticle","@id":"https:\/\/www.italpassion.fr\/nl\/ferrari\/la-premiere-ferrari-electrique-pourrait-deja-devoir-changer-de-nom-a-cause-de-mazda\/#article","isPartOf":{"@id":"https:\/\/www.italpassion.fr\/nl\/ferrari\/la-premiere-ferrari-electrique-pourrait-deja-devoir-changer-de-nom-a-cause-de-mazda\/"},"author":{"name":"Alexandre Filluzeau","@id":"https:\/\/www.italpassion.fr\/nl\/#\/schema\/person\/36f747b2a759ca202d847e85a9434ca0"},"headline":"La premi\u00e8re Ferrari \u00e9lectrique pourrait d\u00e9j\u00e0 devoir changer de nom\u2026 \u00e0 cause de Mazda","datePublished":"2026-03-16T13:08:13+00:00","mainEntityOfPage":{"@id":"https:\/\/www.italpassion.fr\/nl\/ferrari\/la-premiere-ferrari-electrique-pourrait-deja-devoir-changer-de-nom-a-cause-de-mazda\/"},"wordCount":764,"commentCount":7,"publisher":{"@id":"https:\/\/www.italpassion.fr\/nl\/#organization"},"image":{"@id":"https:\/\/www.italpassion.fr\/nl\/ferrari\/la-premiere-ferrari-electrique-pourrait-deja-devoir-changer-de-nom-a-cause-de-mazda\/#primaryimage"},"thumbnailUrl":"https:\/\/www.italpassion.fr\/wp-content\/uploads\/2026\/03\/ferrari-luce.jpg","keywords":["Ferrari Elettrica"],"articleSection":["Ferrari"],"inLanguage":"nl-NL","potentialAction":[{"@type":"CommentAction","name":"Comment","target":["https:\/\/www.italpassion.fr\/nl\/ferrari\/la-premiere-ferrari-electrique-pourrait-deja-devoir-changer-de-nom-a-cause-de-mazda\/#respond"]}]},{"@type":"WebPage","@id":"https:\/\/www.italpassion.fr\/nl\/ferrari\/la-premiere-ferrari-electrique-pourrait-deja-devoir-changer-de-nom-a-cause-de-mazda\/","url":"https:\/\/www.italpassion.fr\/nl\/ferrari\/la-premiere-ferrari-electrique-pourrait-deja-devoir-changer-de-nom-a-cause-de-mazda\/","name":"De eerste elektrische Ferrari moet misschien zijn naam al veranderen... vanwege Mazda - ItalPassion","isPartOf":{"@id":"https:\/\/www.italpassion.fr\/nl\/#website"},"primaryImageOfPage":{"@id":"https:\/\/www.italpassion.fr\/nl\/ferrari\/la-premiere-ferrari-electrique-pourrait-deja-devoir-changer-de-nom-a-cause-de-mazda\/#primaryimage"},"image":{"@id":"https:\/\/www.italpassion.fr\/nl\/ferrari\/la-premiere-ferrari-electrique-pourrait-deja-devoir-changer-de-nom-a-cause-de-mazda\/#primaryimage"},"thumbnailUrl":"https:\/\/www.italpassion.fr\/wp-content\/uploads\/2026\/03\/ferrari-luce.jpg","datePublished":"2026-03-16T13:08:13+00:00","description":"Ferrari Luce Ferrari's eerste elektrische 100 % model is nog niet eens officieel onthuld, maar het zou al een probleem kunnen hebben.","breadcrumb":{"@id":"https:\/\/www.italpassion.fr\/nl\/ferrari\/la-premiere-ferrari-electrique-pourrait-deja-devoir-changer-de-nom-a-cause-de-mazda\/#breadcrumb"},"inLanguage":"nl-NL","potentialAction":[{"@type":"ReadAction","target":["https:\/\/www.italpassion.fr\/nl\/ferrari\/la-premiere-ferrari-electrique-pourrait-deja-devoir-changer-de-nom-a-cause-de-mazda\/"]}]},{"@type":"ImageObject","inLanguage":"nl-NL","@id":"https:\/\/www.italpassion.fr\/nl\/ferrari\/la-premiere-ferrari-electrique-pourrait-deja-devoir-changer-de-nom-a-cause-de-mazda\/#primaryimage","url":"https:\/\/www.italpassion.fr\/wp-content\/uploads\/2026\/03\/ferrari-luce.jpg","contentUrl":"https:\/\/www.italpassion.fr\/wp-content\/uploads\/2026\/03\/ferrari-luce.jpg","width":1200,"height":800,"caption":"Ferrari Luce"},{"@type":"BreadcrumbList","@id":"https:\/\/www.italpassion.fr\/nl\/ferrari\/la-premiere-ferrari-electrique-pourrait-deja-devoir-changer-de-nom-a-cause-de-mazda\/#breadcrumb","itemListElement":[{"@type":"ListItem","position":1,"name":"Accueil","item":"https:\/\/www.italpassion.fr\/nl\/"},{"@type":"ListItem","position":2,"name":"La premi\u00e8re Ferrari \u00e9lectrique pourrait d\u00e9j\u00e0 devoir changer de nom\u2026 \u00e0 cause de Mazda"}]},{"@type":"WebSite","@id":"https:\/\/www.italpassion.fr\/nl\/#website","url":"https:\/\/www.italpassion.fr\/nl\/","name":"ItalPassion","description":"Italiaanse autoliefhebbers","publisher":{"@id":"https:\/\/www.italpassion.fr\/nl\/#organization"},"potentialAction":[{"@type":"SearchAction","target":{"@type":"EntryPoint","urlTemplate":"https:\/\/www.italpassion.fr\/nl\/?s={search_term_string}"},"query-input":{"@type":"PropertyValueSpecification","valueRequired":true,"valueName":"search_term_string"}}],"inLanguage":"nl-NL"},{"@type":"Organization","@id":"https:\/\/www.italpassion.fr\/nl\/#organization","name":"Italpassion","url":"https:\/\/www.italpassion.fr\/nl\/","logo":{"@type":"ImageObject","inLanguage":"nl-NL","@id":"https:\/\/www.italpassion.fr\/nl\/#\/schema\/logo\/image\/","url":"https:\/\/www.italpassion.fr\/wp-content\/uploads\/2023\/07\/italpassion-yoast.jpg","contentUrl":"https:\/\/www.italpassion.fr\/wp-content\/uploads\/2023\/07\/italpassion-yoast.jpg","width":696,"height":696,"caption":"Italpassion"},"image":{"@id":"https:\/\/www.italpassion.fr\/nl\/#\/schema\/logo\/image\/"},"sameAs":["https:\/\/www.facebook.com\/italpassion","https:\/\/x.com\/italpassion","https:\/\/www.instagram.com\/italpassionfr\/","https:\/\/www.youtube.com\/channel\/UCleq-ByQaA42OjhopwevRjQ","https:\/\/www.facebook.com\/italpassion.en\/","https:\/\/www.facebook.com\/italpassion.it\/","https:\/\/www.facebook.com\/italpassion.de\/","https:\/\/www.facebook.com\/italpassion.ja\/"]},{"@type":"Person","@id":"https:\/\/www.italpassion.fr\/nl\/#\/schema\/person\/36f747b2a759ca202d847e85a9434ca0","name":"Alexandre Filluzeau","image":{"@type":"ImageObject","inLanguage":"nl-NL","@id":"https:\/\/www.italpassion.fr\/nl\/#\/schema\/person\/image\/","url":"https:\/\/www.italpassion.fr\/wp-content\/uploads\/2025\/04\/avatar-alexandre-160x160.jpg","contentUrl":"https:\/\/www.italpassion.fr\/wp-content\/uploads\/2025\/04\/avatar-alexandre-160x160.jpg","caption":"Alexandre Filluzeau"},"description":"Oprichter van de website ItalPassion, gepassioneerd door Italiaanse auto's en Itali\u00eb in het algemeen. Waar mogelijk breng ik een kritisch en technisch oog naar nieuws over Italiaanse merken. Eigenaar van een Maserati GranTurismo, Alfa Romeo MiTo, Lancia Fulvia en Ducati 695. Ex-eigenaar van een Alfa Romeo Giulia.","sameAs":["https:\/\/www.italpassion.fr\/"],"url":"https:\/\/www.italpassion.fr\/nl\/author\/alexandre\/"}]}},"_links":{"self":[{"href":"https:\/\/www.italpassion.fr\/nl\/wp-json\/wp\/v2\/posts\/47525","targetHints":{"allow":["GET"]}}],"collection":[{"href":"https:\/\/www.italpassion.fr\/nl\/wp-json\/wp\/v2\/posts"}],"about":[{"href":"https:\/\/www.italpassion.fr\/nl\/wp-json\/wp\/v2\/types\/post"}],"author":[{"embeddable":true,"href":"https:\/\/www.italpassion.fr\/nl\/wp-json\/wp\/v2\/users\/1"}],"replies":[{"embeddable":true,"href":"https:\/\/www.italpassion.fr\/nl\/wp-json\/wp\/v2\/comments?post=47525"}],"version-history":[{"count":2,"href":"https:\/\/www.italpassion.fr\/nl\/wp-json\/wp\/v2\/posts\/47525\/revisions"}],"predecessor-version":[{"id":47571,"href":"https:\/\/www.italpassion.fr\/nl\/wp-json\/wp\/v2\/posts\/47525\/revisions\/47571"}],"wp:featuredmedia":[{"embeddable":true,"href":"https:\/\/www.italpassion.fr\/nl\/wp-json\/wp\/v2\/media\/47398"}],"wp:attachment":[{"href":"https:\/\/www.italpassion.fr\/nl\/wp-json\/wp\/v2\/media?parent=47525"}],"wp:term":[{"taxonomy":"category","embeddable":true,"href":"https:\/\/www.italpassion.fr\/nl\/wp-json\/wp\/v2\/categories?post=47525"},{"taxonomy":"post_tag","embeddable":true,"href":"https:\/\/www.italpassion.fr\/nl\/wp-json\/wp\/v2\/tags?post=47525"}],"curies":[{"name":"wp","href":"https:\/\/api.w.org\/{rel}","templated":true}]}}