{"id":47458,"date":"2026-03-13T10:36:02","date_gmt":"2026-03-13T09:36:02","guid":{"rendered":"https:\/\/www.italpassion.fr\/?p=47458"},"modified":"2026-03-13T10:36:02","modified_gmt":"2026-03-13T09:36:02","slug":"ferrari-onthult-de-lamalfi-spider-en-verhelpt-eindelijk-de-belangrijkste-fout-waarover-eigenaren-hebben-geklaagd-met-de-roma-spider","status":"publish","type":"post","link":"https:\/\/www.italpassion.fr\/nl\/ferrari\/ferrari-devoile-lamalfi-spider-et-corrige-enfin-le-principal-defaut-que-les-proprietaires-reprochaient-a-la-roma-spider\/","title":{"rendered":"Ferrari onthult de Amalfi Spider... en corrigeert eindelijk de belangrijkste fout die eigenaars hadden met de Roma Spider"},"content":{"rendered":"<figure class=\"wp-block-image size-large\"><img loading=\"lazy\" decoding=\"async\" width=\"1200\" height=\"800\" src=\"https:\/\/www.italpassion.fr\/wp-content\/uploads\/2026\/03\/ferrari-amalfi-spider-0-1200x800.jpg\" alt=\"\" class=\"wp-image-47459\" srcset=\"https:\/\/www.italpassion.fr\/wp-content\/uploads\/2026\/03\/ferrari-amalfi-spider-0-scaled.jpg 1200w, https:\/\/www.italpassion.fr\/wp-content\/uploads\/2026\/03\/ferrari-amalfi-spider-0-420x280.jpg 420w, https:\/\/www.italpassion.fr\/wp-content\/uploads\/2026\/03\/ferrari-amalfi-spider-0-768x512.jpg 768w, https:\/\/www.italpassion.fr\/wp-content\/uploads\/2026\/03\/ferrari-amalfi-spider-0-18x12.jpg 18w\" sizes=\"auto, (max-width: 1200px) 100vw, 1200px\" \/><\/figure>\n\n\n\n<p>In Maranello komen sommige nieuwe producten niet als een verrassing... maar ze zijn altijd een evenement. Minder dan een jaar na de presentatie van de <a href=\"https:\/\/www.italpassion.fr\/nl\/autos\/ferrari-amalfi-amalfi-spider\/\">Ferrari Amalfi<\/a>, onthult het Italiaanse merk nu zijn Spider-versie. Een logische evolutie, aangezien de vorige <a href=\"https:\/\/www.italpassion.fr\/nl\/autos\/ferrari-roma-roma-spider\/\">Ferrari Roma<\/a> was al verkrijgbaar als coup\u00e9 en cabriolet.<\/p>\n\n\n\n<p>Maar deze Amalfi Spider verwijdert niet alleen het dak. Hij corrigeert ook een veel bekritiseerd ontwerpdetail van de Roma Spider, verbetert de lay-out van het interieur en behoudt de indrukwekkende prestaties van de twin-turbo V8.<\/p>\n\n\n\n<h2 class=\"wp-block-heading\">Een ontwerp dat eindelijk het zwakke punt van de Roma Spider corrigeert<\/h2>\n\n\n\n<p>Toen de Roma Spider werd onthuld, was de gespleten styling het onderwerp van veel discussie. Hoewel de algemene lijnen elegant waren, lokte de voorkant, en dan vooral de grille die in de bumper was ge\u00efntegreerd, gemengde reacties uit. Met de Amalfi Spider, <a href=\"https:\/\/www.italpassion.fr\/nl\/ferrari\/\">Ferrari<\/a> lijkt deze kritiek te hebben gehoord.<\/p>\n\n\n\n<figure class=\"wp-block-image size-large\"><img loading=\"lazy\" decoding=\"async\" width=\"1200\" height=\"800\" src=\"https:\/\/www.italpassion.fr\/wp-content\/uploads\/2026\/03\/ferrari-amalfi-spider-10-1200x800.jpg\" alt=\"\" class=\"wp-image-47462\" srcset=\"https:\/\/www.italpassion.fr\/wp-content\/uploads\/2026\/03\/ferrari-amalfi-spider-10-scaled.jpg 1200w, https:\/\/www.italpassion.fr\/wp-content\/uploads\/2026\/03\/ferrari-amalfi-spider-10-420x280.jpg 420w, https:\/\/www.italpassion.fr\/wp-content\/uploads\/2026\/03\/ferrari-amalfi-spider-10-768x512.jpg 768w, https:\/\/www.italpassion.fr\/wp-content\/uploads\/2026\/03\/ferrari-amalfi-spider-10-18x12.jpg 18w\" sizes=\"auto, (max-width: 1200px) 100vw, 1200px\" \/><figcaption class=\"wp-element-caption\">Ferrari Amalfi Spider<\/figcaption><\/figure>\n\n\n\n<figure class=\"wp-block-image size-full\"><img loading=\"lazy\" decoding=\"async\" width=\"1200\" height=\"800\" src=\"https:\/\/www.italpassion.fr\/wp-content\/uploads\/2026\/01\/roma-spider.jpg\" alt=\"\" class=\"wp-image-45393\" srcset=\"https:\/\/www.italpassion.fr\/wp-content\/uploads\/2026\/01\/roma-spider.jpg 1200w, https:\/\/www.italpassion.fr\/wp-content\/uploads\/2026\/01\/roma-spider-420x280.jpg 420w, https:\/\/www.italpassion.fr\/wp-content\/uploads\/2026\/01\/roma-spider-768x512.jpg 768w, https:\/\/www.italpassion.fr\/wp-content\/uploads\/2026\/01\/roma-spider-18x12.jpg 18w\" sizes=\"auto, (max-width: 1200px) 100vw, 1200px\" \/><figcaption class=\"wp-element-caption\">Ferrari Roma Spider<\/figcaption><\/figure>\n\n\n\n<p>De nieuwe voorkant heeft een schoner, meer conventioneel ontwerp, met een slanke zwarte band en een opnieuw ontworpen bumper die de visuele handtekening vereenvoudigt. Het resultaat is tijdlozer en minder verdeeld dan dat van de Roma Spider, waarvan het frontdesign niet unaniem werd goedgekeurd.<\/p>\n\n\n\n<figure class=\"wp-block-image size-large\"><img loading=\"lazy\" decoding=\"async\" width=\"1200\" height=\"800\" src=\"https:\/\/www.italpassion.fr\/wp-content\/uploads\/2026\/03\/ferrari-amalfi-spider-8-1200x800.jpg\" alt=\"\" class=\"wp-image-47463\" srcset=\"https:\/\/www.italpassion.fr\/wp-content\/uploads\/2026\/03\/ferrari-amalfi-spider-8-scaled.jpg 1200w, https:\/\/www.italpassion.fr\/wp-content\/uploads\/2026\/03\/ferrari-amalfi-spider-8-420x280.jpg 420w, https:\/\/www.italpassion.fr\/wp-content\/uploads\/2026\/03\/ferrari-amalfi-spider-8-768x512.jpg 768w, https:\/\/www.italpassion.fr\/wp-content\/uploads\/2026\/03\/ferrari-amalfi-spider-8-18x12.jpg 18w\" sizes=\"auto, (max-width: 1200px) 100vw, 1200px\" \/><\/figure>\n\n\n\n<p>De rest van het koetswerk is duidelijk verwant. De algemene proporties, zoals de positie van de wielen, voorruit, deuren en zelfs het gebied achter de hoofdsteunen, zijn grotendeels gebaseerd op de architectuur van de Roma Spider. Maar Ferrari heeft een aantal elementen herwerkt: de zijkanten hebben nu een golvende lijn rond de deuren en de achterkant behoudt het hoge silhouet dat kenmerkend is voor moderne Ferrari cabriolets.<\/p>\n\n\n\n<h2 class=\"wp-block-heading\">Een Spider ontworpen voor het plezier van autorijden in de open lucht<\/h2>\n\n\n\n<p>Zoals bij alle Ferrari cabrio's is het dak natuurlijk het centrale element. De Amalfi Spider heeft een stoffen softtop, verkrijgbaar in diverse kleuren, die in 13,5 seconden kan worden geopend of gesloten. Bovendien kan de handeling worden uitgevoerd bij snelheden tot 60 km\/u, zodat je kunt genieten van de zon of jezelf snel kunt beschermen in het geval van slecht weer. Ondanks het flexibele dak claimt Ferrari een niveau van thermische en akoestische isolatie dat vergelijkbaar is met dat van haar intrekbare hardtopmodellen.<\/p>\n\n\n\n<figure class=\"wp-block-image size-large\"><img loading=\"lazy\" decoding=\"async\" width=\"1200\" height=\"800\" src=\"https:\/\/www.italpassion.fr\/wp-content\/uploads\/2026\/03\/ferrari-amalfi-spider-7-1200x800.jpg\" alt=\"\" class=\"wp-image-47464\" srcset=\"https:\/\/www.italpassion.fr\/wp-content\/uploads\/2026\/03\/ferrari-amalfi-spider-7-scaled.jpg 1200w, https:\/\/www.italpassion.fr\/wp-content\/uploads\/2026\/03\/ferrari-amalfi-spider-7-420x280.jpg 420w, https:\/\/www.italpassion.fr\/wp-content\/uploads\/2026\/03\/ferrari-amalfi-spider-7-768x512.jpg 768w, https:\/\/www.italpassion.fr\/wp-content\/uploads\/2026\/03\/ferrari-amalfi-spider-7-18x12.jpg 18w\" sizes=\"auto, (max-width: 1200px) 100vw, 1200px\" \/><\/figure>\n\n\n\n<figure class=\"wp-block-image size-large\"><img loading=\"lazy\" decoding=\"async\" width=\"1200\" height=\"800\" src=\"https:\/\/www.italpassion.fr\/wp-content\/uploads\/2026\/03\/ferrari-amalfi-spider-4-1200x800.jpg\" alt=\"\" class=\"wp-image-47465\" srcset=\"https:\/\/www.italpassion.fr\/wp-content\/uploads\/2026\/03\/ferrari-amalfi-spider-4-scaled.jpg 1200w, https:\/\/www.italpassion.fr\/wp-content\/uploads\/2026\/03\/ferrari-amalfi-spider-4-420x280.jpg 420w, https:\/\/www.italpassion.fr\/wp-content\/uploads\/2026\/03\/ferrari-amalfi-spider-4-768x512.jpg 768w, https:\/\/www.italpassion.fr\/wp-content\/uploads\/2026\/03\/ferrari-amalfi-spider-4-18x12.jpg 18w\" sizes=\"auto, (max-width: 1200px) 100vw, 1200px\" \/><\/figure>\n\n\n\n<p>De architectuur blijft die van een \u00ab2+\u00bb configuratie. De twee kleine achterstoelen zijn er nog steeds, meer voor het gemak of om bagage te vervoeren dan om daadwerkelijk plaats te bieden aan volwassen passagiers. Het is een compromis dat we al kennen van de Roma Spider, maar dat extra opbergruimte oplevert. De bagageruimte is 255 liter met gesloten dak en 172 liter met opgevouwen softtop.<\/p>\n\n\n\n<figure class=\"wp-block-image size-large\"><img loading=\"lazy\" decoding=\"async\" width=\"1200\" height=\"800\" src=\"https:\/\/www.italpassion.fr\/wp-content\/uploads\/2026\/03\/ferrari-amalfi-spider-5-1200x800.jpg\" alt=\"\" class=\"wp-image-47466\" srcset=\"https:\/\/www.italpassion.fr\/wp-content\/uploads\/2026\/03\/ferrari-amalfi-spider-5-scaled.jpg 1200w, https:\/\/www.italpassion.fr\/wp-content\/uploads\/2026\/03\/ferrari-amalfi-spider-5-420x280.jpg 420w, https:\/\/www.italpassion.fr\/wp-content\/uploads\/2026\/03\/ferrari-amalfi-spider-5-768x512.jpg 768w, https:\/\/www.italpassion.fr\/wp-content\/uploads\/2026\/03\/ferrari-amalfi-spider-5-18x12.jpg 18w\" sizes=\"auto, (max-width: 1200px) 100vw, 1200px\" \/><\/figure>\n\n\n\n<h2 class=\"wp-block-heading\">Een twin-turbo V8 die er altijd is<\/h2>\n\n\n\n<p>Onder de motorkap blijft Ferrari trouw aan zijn beproefde recept. De Amalfi Spider wordt aangedreven door de 3,9-liter V8 met dubbele turbo uit de F154-familie. Deze motor ontwikkelt 640 pk en 760 Nm koppel, een lichte stijging ten opzichte van de Roma Spider.<\/p>\n\n\n\n<figure class=\"wp-block-image size-large\"><img loading=\"lazy\" decoding=\"async\" width=\"1200\" height=\"800\" src=\"https:\/\/www.italpassion.fr\/wp-content\/uploads\/2026\/03\/ferrari-amalfi-spider-1-1200x800.jpg\" alt=\"\" class=\"wp-image-47461\" srcset=\"https:\/\/www.italpassion.fr\/wp-content\/uploads\/2026\/03\/ferrari-amalfi-spider-1-scaled.jpg 1200w, https:\/\/www.italpassion.fr\/wp-content\/uploads\/2026\/03\/ferrari-amalfi-spider-1-420x280.jpg 420w, https:\/\/www.italpassion.fr\/wp-content\/uploads\/2026\/03\/ferrari-amalfi-spider-1-768x512.jpg 768w, https:\/\/www.italpassion.fr\/wp-content\/uploads\/2026\/03\/ferrari-amalfi-spider-1-18x12.jpg 18w\" sizes=\"auto, (max-width: 1200px) 100vw, 1200px\" \/><\/figure>\n\n\n\n<figure class=\"wp-block-image size-large\"><img loading=\"lazy\" decoding=\"async\" width=\"1200\" height=\"800\" src=\"https:\/\/www.italpassion.fr\/wp-content\/uploads\/2026\/03\/ferrari-amalfi-spider-3-1200x800.jpg\" alt=\"\" class=\"wp-image-47460\" srcset=\"https:\/\/www.italpassion.fr\/wp-content\/uploads\/2026\/03\/ferrari-amalfi-spider-3-scaled.jpg 1200w, https:\/\/www.italpassion.fr\/wp-content\/uploads\/2026\/03\/ferrari-amalfi-spider-3-420x280.jpg 420w, https:\/\/www.italpassion.fr\/wp-content\/uploads\/2026\/03\/ferrari-amalfi-spider-3-768x512.jpg 768w, https:\/\/www.italpassion.fr\/wp-content\/uploads\/2026\/03\/ferrari-amalfi-spider-3-18x12.jpg 18w\" sizes=\"auto, (max-width: 1200px) 100vw, 1200px\" \/><\/figure>\n\n\n\n<p>In combinatie met een achttraps automaat met dubbele koppeling, afgeleid van de SF90 Stradale, levert deze motor prestaties die een echte supercar waardig zijn: 0 tot 100 km\/u wordt afgelegd in ongeveer 3,3 seconden, terwijl de topsnelheid 320 km\/u bereikt. Zelfs in het Ferrari-gamma is de Amalfi Spider verre van een \u201cstille\u201d auto.<\/p>\n\n\n\n<h2 class=\"wp-block-heading\">Een grondig gemoderniseerd interieur<\/h2>\n\n\n\n<p>Aan boord zijn de veranderingen het duidelijkst. De Amalfi Spider heeft het volledig opnieuw ontworpen interieur van de coup\u00e9versie. De cockpit heeft een minimalistische architectuur met drie schermen: een 15,6-inch digitaal instrumentenpaneel voor de bestuurder, een 10,25-inch centraal scherm voor het multimediasysteem en een 8,8-inch scherm voor de passagier.<\/p>\n\n\n\n<figure class=\"wp-block-image size-large\"><img loading=\"lazy\" decoding=\"async\" width=\"1200\" height=\"800\" src=\"https:\/\/www.italpassion.fr\/wp-content\/uploads\/2026\/03\/ferrari-amalfi-spider-6-1200x800.jpg\" alt=\"\" class=\"wp-image-47467\" srcset=\"https:\/\/www.italpassion.fr\/wp-content\/uploads\/2026\/03\/ferrari-amalfi-spider-6-scaled.jpg 1200w, https:\/\/www.italpassion.fr\/wp-content\/uploads\/2026\/03\/ferrari-amalfi-spider-6-420x280.jpg 420w, https:\/\/www.italpassion.fr\/wp-content\/uploads\/2026\/03\/ferrari-amalfi-spider-6-768x512.jpg 768w, https:\/\/www.italpassion.fr\/wp-content\/uploads\/2026\/03\/ferrari-amalfi-spider-6-18x12.jpg 18w\" sizes=\"auto, (max-width: 1200px) 100vw, 1200px\" \/><\/figure>\n\n\n\n<p>Ferrari maakt ook een welkome terugkeer naar de fysieke knoppen op het stuurwiel en de aluminium startknop. Dit is een indirecte reactie op de kritiek op de ergonomie van Ferrari's vorige modellen met aanraakscherm. Het algehele ontwerp behoudt de \u00abdubbele cockpit\u00bb-filosofie die het merk zo dierbaar is, waarbij het bestuurdersgedeelte visueel wordt gescheiden van dat van de passagier.<\/p>\n\n\n\n<h2 class=\"wp-block-heading\">Een Ferrari ontworpen voor grand touring... de dolce vita versie<\/h2>\n\n\n\n<p>De Ferrari Amalfi Spider behoort tot een vrij unieke categorie: die van de cabriolet sport-GT's met een V8-motor die centraal voorin is geplaatst. Tot dit segment behoren modellen als de Porsche 911 Turbo S Cabriolet, de Aston Martin V8 Vantage Roadster en de Bentley Continental GTC. Maar Ferrari's benadering is hier exotischer en emotioneler.<\/p>\n\n\n\n<p>De prijs moet nog officieel worden bevestigd, maar schattingen wijzen op een prijsklasse tussen \u20ac 270.000 en \u20ac 300.000, ongeveer \u20ac 30.000 meer dan de coup\u00e9versie.<\/p>\n\n\n\n<p>Met de Amalfi Spider brengt Ferrari geen revolutie teweeg in het recept van de Roma... maar verbetert het wel waar het telt. Het design van de voorkant is minder controversieel, het interieur is gemoderniseerd en de twin-turbo V8 maakt van elke rit nog steeds een belevenis.<\/p>\n\n\n\n<figure class=\"wp-block-embed is-type-video is-provider-youtube wp-block-embed-youtube wp-embed-aspect-16-9 wp-has-aspect-ratio\"><div class=\"wp-block-embed__wrapper\">\n<iframe loading=\"lazy\" title=\"Begroet de Ferrari Amalfi Spider\" width=\"1200\" height=\"675\" src=\"https:\/\/www.youtube-nocookie.com\/embed\/TY_icXkd0oI?feature=oembed\" frameborder=\"0\" allow=\"accelerometer; autoplay; clipboard-write; encrypted-media; gyroscope; picture-in-picture; web-share\" referrerpolicy=\"strict-origin-when-cross-origin\" allowfullscreen><\/iframe>\n<\/div><\/figure>","protected":false},"excerpt":{"rendered":"","protected":false},"author":1,"featured_media":47459,"comment_status":"open","ping_status":"open","sticky":false,"template":"","format":"standard","meta":{"_acf_changed":false,"_sitemap_exclude":false,"_sitemap_priority":"","_sitemap_frequency":"","footnotes":""},"categories":[23],"tags":[455,479],"class_list":["post-47458","post","type-post","status-publish","format-standard","has-post-thumbnail","hentry","category-ferrari","tag-ferrari-amalfi","tag-ferrari-amalfi-spider","generate-columns","tablet-grid-50","mobile-grid-100","grid-parent","grid-33"],"acf":[],"yoast_head":"<!-- This site is optimized with the Yoast SEO plugin v25.8 - https:\/\/yoast.com\/wordpress\/plugins\/seo\/ -->\n<title>Ferrari d\u00e9voile l&#039;Amalfi Spider\u2026 et corrige enfin le principal d\u00e9faut que les propri\u00e9taires reprochaient \u00e0 la Roma Spider - ItalPassion<\/title>\n<meta name=\"description\" content=\"\u00c0 Maranello, certaines nouveaut\u00e9s n\u2019ont rien d\u2019une surprise\u2026 mais elles restent toujours un \u00e9v\u00e9nement. Moins d\u2019un an apr\u00e8s la pr\u00e9sentation de la Ferrari\" \/>\n<meta name=\"robots\" content=\"index, follow, max-snippet:-1, max-image-preview:large, max-video-preview:-1\" \/>\n<link rel=\"canonical\" href=\"https:\/\/www.italpassion.fr\/nl\/ferrari\/ferrari-onthult-de-lamalfi-spider-en-verhelpt-eindelijk-de-belangrijkste-fout-waarover-eigenaren-hebben-geklaagd-met-de-roma-spider\/\" \/>\n<meta property=\"og:locale\" content=\"nl_NL\" \/>\n<meta property=\"og:type\" content=\"article\" \/>\n<meta property=\"og:title\" content=\"Ferrari d\u00e9voile l&#039;Amalfi Spider\u2026 et corrige enfin le principal d\u00e9faut que les propri\u00e9taires reprochaient \u00e0 la Roma Spider - ItalPassion\" \/>\n<meta property=\"og:description\" content=\"\u00c0 Maranello, certaines nouveaut\u00e9s n\u2019ont rien d\u2019une surprise\u2026 mais elles restent toujours un \u00e9v\u00e9nement. Moins d\u2019un an apr\u00e8s la pr\u00e9sentation de la Ferrari\" \/>\n<meta property=\"og:url\" content=\"https:\/\/www.italpassion.fr\/nl\/ferrari\/ferrari-onthult-de-lamalfi-spider-en-verhelpt-eindelijk-de-belangrijkste-fout-waarover-eigenaren-hebben-geklaagd-met-de-roma-spider\/\" \/>\n<meta property=\"og:site_name\" content=\"ItalPassion\" \/>\n<meta property=\"article:publisher\" content=\"https:\/\/www.facebook.com\/italpassion\" \/>\n<meta property=\"article:published_time\" content=\"2026-03-13T09:36:02+00:00\" \/>\n<meta property=\"og:image\" content=\"https:\/\/www.italpassion.fr\/wp-content\/uploads\/2026\/03\/ferrari-amalfi-spider-0-scaled.jpg\" \/>\n\t<meta property=\"og:image:width\" content=\"1200\" \/>\n\t<meta property=\"og:image:height\" content=\"800\" \/>\n\t<meta property=\"og:image:type\" content=\"image\/jpeg\" \/>\n<meta name=\"author\" content=\"Alexandre Filluzeau\" \/>\n<meta name=\"twitter:card\" content=\"summary_large_image\" \/>\n<meta name=\"twitter:creator\" content=\"@italpassion\" \/>\n<meta name=\"twitter:site\" content=\"@italpassion\" \/>\n<script type=\"application\/ld+json\" class=\"yoast-schema-graph\">{\"@context\":\"https:\/\/schema.org\",\"@graph\":[{\"@type\":\"NewsArticle\",\"@id\":\"https:\/\/www.italpassion.fr\/nl\/ferrari\/ferrari-devoile-lamalfi-spider-et-corrige-enfin-le-principal-defaut-que-les-proprietaires-reprochaient-a-la-roma-spider\/#article\",\"isPartOf\":{\"@id\":\"https:\/\/www.italpassion.fr\/nl\/ferrari\/ferrari-devoile-lamalfi-spider-et-corrige-enfin-le-principal-defaut-que-les-proprietaires-reprochaient-a-la-roma-spider\/\"},\"author\":{\"name\":\"Alexandre Filluzeau\",\"@id\":\"https:\/\/www.italpassion.fr\/nl\/#\/schema\/person\/36f747b2a759ca202d847e85a9434ca0\"},\"headline\":\"Ferrari d\u00e9voile l&rsquo;Amalfi Spider\u2026 et corrige enfin le principal d\u00e9faut que les propri\u00e9taires reprochaient \u00e0 la Roma Spider\",\"datePublished\":\"2026-03-13T09:36:02+00:00\",\"mainEntityOfPage\":{\"@id\":\"https:\/\/www.italpassion.fr\/nl\/ferrari\/ferrari-devoile-lamalfi-spider-et-corrige-enfin-le-principal-defaut-que-les-proprietaires-reprochaient-a-la-roma-spider\/\"},\"wordCount\":882,\"commentCount\":2,\"publisher\":{\"@id\":\"https:\/\/www.italpassion.fr\/nl\/#organization\"},\"image\":{\"@id\":\"https:\/\/www.italpassion.fr\/nl\/ferrari\/ferrari-devoile-lamalfi-spider-et-corrige-enfin-le-principal-defaut-que-les-proprietaires-reprochaient-a-la-roma-spider\/#primaryimage\"},\"thumbnailUrl\":\"https:\/\/www.italpassion.fr\/wp-content\/uploads\/2026\/03\/ferrari-amalfi-spider-0-scaled.jpg\",\"keywords\":[\"Ferrari Amalfi\",\"Ferrari Amalfi Spider\"],\"articleSection\":[\"Ferrari\"],\"inLanguage\":\"nl-NL\",\"potentialAction\":[{\"@type\":\"CommentAction\",\"name\":\"Comment\",\"target\":[\"https:\/\/www.italpassion.fr\/nl\/ferrari\/ferrari-devoile-lamalfi-spider-et-corrige-enfin-le-principal-defaut-que-les-proprietaires-reprochaient-a-la-roma-spider\/#respond\"]}]},{\"@type\":\"WebPage\",\"@id\":\"https:\/\/www.italpassion.fr\/nl\/ferrari\/ferrari-devoile-lamalfi-spider-et-corrige-enfin-le-principal-defaut-que-les-proprietaires-reprochaient-a-la-roma-spider\/\",\"url\":\"https:\/\/www.italpassion.fr\/nl\/ferrari\/ferrari-devoile-lamalfi-spider-et-corrige-enfin-le-principal-defaut-que-les-proprietaires-reprochaient-a-la-roma-spider\/\",\"name\":\"Ferrari d\u00e9voile l'Amalfi Spider\u2026 et corrige enfin le principal d\u00e9faut que les propri\u00e9taires reprochaient \u00e0 la Roma Spider - ItalPassion\",\"isPartOf\":{\"@id\":\"https:\/\/www.italpassion.fr\/nl\/#website\"},\"primaryImageOfPage\":{\"@id\":\"https:\/\/www.italpassion.fr\/nl\/ferrari\/ferrari-devoile-lamalfi-spider-et-corrige-enfin-le-principal-defaut-que-les-proprietaires-reprochaient-a-la-roma-spider\/#primaryimage\"},\"image\":{\"@id\":\"https:\/\/www.italpassion.fr\/nl\/ferrari\/ferrari-devoile-lamalfi-spider-et-corrige-enfin-le-principal-defaut-que-les-proprietaires-reprochaient-a-la-roma-spider\/#primaryimage\"},\"thumbnailUrl\":\"https:\/\/www.italpassion.fr\/wp-content\/uploads\/2026\/03\/ferrari-amalfi-spider-0-scaled.jpg\",\"datePublished\":\"2026-03-13T09:36:02+00:00\",\"description\":\"\u00c0 Maranello, certaines nouveaut\u00e9s n\u2019ont rien d\u2019une surprise\u2026 mais elles restent toujours un \u00e9v\u00e9nement. Moins d\u2019un an apr\u00e8s la pr\u00e9sentation de la Ferrari\",\"breadcrumb\":{\"@id\":\"https:\/\/www.italpassion.fr\/nl\/ferrari\/ferrari-devoile-lamalfi-spider-et-corrige-enfin-le-principal-defaut-que-les-proprietaires-reprochaient-a-la-roma-spider\/#breadcrumb\"},\"inLanguage\":\"nl-NL\",\"potentialAction\":[{\"@type\":\"ReadAction\",\"target\":[\"https:\/\/www.italpassion.fr\/nl\/ferrari\/ferrari-devoile-lamalfi-spider-et-corrige-enfin-le-principal-defaut-que-les-proprietaires-reprochaient-a-la-roma-spider\/\"]}]},{\"@type\":\"ImageObject\",\"inLanguage\":\"nl-NL\",\"@id\":\"https:\/\/www.italpassion.fr\/nl\/ferrari\/ferrari-devoile-lamalfi-spider-et-corrige-enfin-le-principal-defaut-que-les-proprietaires-reprochaient-a-la-roma-spider\/#primaryimage\",\"url\":\"https:\/\/www.italpassion.fr\/wp-content\/uploads\/2026\/03\/ferrari-amalfi-spider-0-scaled.jpg\",\"contentUrl\":\"https:\/\/www.italpassion.fr\/wp-content\/uploads\/2026\/03\/ferrari-amalfi-spider-0-scaled.jpg\",\"width\":1200,\"height\":800},{\"@type\":\"BreadcrumbList\",\"@id\":\"https:\/\/www.italpassion.fr\/nl\/ferrari\/ferrari-devoile-lamalfi-spider-et-corrige-enfin-le-principal-defaut-que-les-proprietaires-reprochaient-a-la-roma-spider\/#breadcrumb\",\"itemListElement\":[{\"@type\":\"ListItem\",\"position\":1,\"name\":\"Accueil\",\"item\":\"https:\/\/www.italpassion.fr\/nl\/\"},{\"@type\":\"ListItem\",\"position\":2,\"name\":\"Ferrari d\u00e9voile l&rsquo;Amalfi Spider\u2026 et corrige enfin le principal d\u00e9faut que les propri\u00e9taires reprochaient \u00e0 la Roma Spider\"}]},{\"@type\":\"WebSite\",\"@id\":\"https:\/\/www.italpassion.fr\/nl\/#website\",\"url\":\"https:\/\/www.italpassion.fr\/nl\/\",\"name\":\"ItalPassion\",\"description\":\"Les Passionn\u00e9s d&#039;Automobiles Italiennes\",\"publisher\":{\"@id\":\"https:\/\/www.italpassion.fr\/nl\/#organization\"},\"potentialAction\":[{\"@type\":\"SearchAction\",\"target\":{\"@type\":\"EntryPoint\",\"urlTemplate\":\"https:\/\/www.italpassion.fr\/nl\/?s={search_term_string}\"},\"query-input\":{\"@type\":\"PropertyValueSpecification\",\"valueRequired\":true,\"valueName\":\"search_term_string\"}}],\"inLanguage\":\"nl-NL\"},{\"@type\":\"Organization\",\"@id\":\"https:\/\/www.italpassion.fr\/nl\/#organization\",\"name\":\"Italpassion\",\"url\":\"https:\/\/www.italpassion.fr\/nl\/\",\"logo\":{\"@type\":\"ImageObject\",\"inLanguage\":\"nl-NL\",\"@id\":\"https:\/\/www.italpassion.fr\/nl\/#\/schema\/logo\/image\/\",\"url\":\"https:\/\/www.italpassion.fr\/wp-content\/uploads\/2023\/07\/italpassion-yoast.jpg\",\"contentUrl\":\"https:\/\/www.italpassion.fr\/wp-content\/uploads\/2023\/07\/italpassion-yoast.jpg\",\"width\":696,\"height\":696,\"caption\":\"Italpassion\"},\"image\":{\"@id\":\"https:\/\/www.italpassion.fr\/nl\/#\/schema\/logo\/image\/\"},\"sameAs\":[\"https:\/\/www.facebook.com\/italpassion\",\"https:\/\/x.com\/italpassion\",\"https:\/\/www.instagram.com\/italpassionfr\/\",\"https:\/\/www.youtube.com\/channel\/UCleq-ByQaA42OjhopwevRjQ\",\"https:\/\/www.facebook.com\/italpassion.en\/\",\"https:\/\/www.facebook.com\/italpassion.it\/\",\"https:\/\/www.facebook.com\/italpassion.de\/\",\"https:\/\/www.facebook.com\/italpassion.ja\/\"]},{\"@type\":\"Person\",\"@id\":\"https:\/\/www.italpassion.fr\/nl\/#\/schema\/person\/36f747b2a759ca202d847e85a9434ca0\",\"name\":\"Alexandre Filluzeau\",\"image\":{\"@type\":\"ImageObject\",\"inLanguage\":\"nl-NL\",\"@id\":\"https:\/\/www.italpassion.fr\/nl\/#\/schema\/person\/image\/\",\"url\":\"https:\/\/www.italpassion.fr\/wp-content\/uploads\/2025\/04\/avatar-alexandre-160x160.jpg\",\"contentUrl\":\"https:\/\/www.italpassion.fr\/wp-content\/uploads\/2025\/04\/avatar-alexandre-160x160.jpg\",\"caption\":\"Alexandre Filluzeau\"},\"description\":\"Fondateur du site ItalPassion, passionn\u00e9 de voitures italiennes et de l'Italie en g\u00e9n\u00e9ral. J'apporte un regard critique et technique aux actualit\u00e9s des marques italiennes quand cela est possible. Propri\u00e9taire d'une Maserati GranTurismo, Alfa Romeo MiTo, Lancia Fulvia et Ducati 695. Ex-propri\u00e9taire d'une Alfa Romeo Giulia.\",\"sameAs\":[\"https:\/\/www.italpassion.fr\/\"],\"url\":\"https:\/\/www.italpassion.fr\/nl\/author\/alexandre\/\"}]}<\/script>\n<!-- \/ Yoast SEO plugin. -->","yoast_head_json":{"title":"Ferrari onthult de Amalfi Spider... en corrigeert eindelijk de belangrijkste fout van de Roma Spider - ItalPassion","description":"In Maranello zijn sommige nieuwe modellen geen verrassing... maar ze zijn altijd een evenement. Minder dan een jaar na de presentatie van de Ferrari","robots":{"index":"index","follow":"follow","max-snippet":"max-snippet:-1","max-image-preview":"max-image-preview:large","max-video-preview":"max-video-preview:-1"},"canonical":"https:\/\/www.italpassion.fr\/nl\/ferrari\/ferrari-onthult-de-lamalfi-spider-en-verhelpt-eindelijk-de-belangrijkste-fout-waarover-eigenaren-hebben-geklaagd-met-de-roma-spider\/","og_locale":"nl_NL","og_type":"article","og_title":"Ferrari d\u00e9voile l'Amalfi Spider\u2026 et corrige enfin le principal d\u00e9faut que les propri\u00e9taires reprochaient \u00e0 la Roma Spider - ItalPassion","og_description":"\u00c0 Maranello, certaines nouveaut\u00e9s n\u2019ont rien d\u2019une surprise\u2026 mais elles restent toujours un \u00e9v\u00e9nement. Moins d\u2019un an apr\u00e8s la pr\u00e9sentation de la Ferrari","og_url":"https:\/\/www.italpassion.fr\/nl\/ferrari\/ferrari-onthult-de-lamalfi-spider-en-verhelpt-eindelijk-de-belangrijkste-fout-waarover-eigenaren-hebben-geklaagd-met-de-roma-spider\/","og_site_name":"ItalPassion","article_publisher":"https:\/\/www.facebook.com\/italpassion","article_published_time":"2026-03-13T09:36:02+00:00","og_image":[{"width":1200,"height":800,"url":"https:\/\/www.italpassion.fr\/wp-content\/uploads\/2026\/03\/ferrari-amalfi-spider-0-scaled.jpg","type":"image\/jpeg"}],"author":"Alexandre Filluzeau","twitter_card":"summary_large_image","twitter_creator":"@italpassion","twitter_site":"@italpassion","schema":{"@context":"https:\/\/schema.org","@graph":[{"@type":"NewsArticle","@id":"https:\/\/www.italpassion.fr\/nl\/ferrari\/ferrari-devoile-lamalfi-spider-et-corrige-enfin-le-principal-defaut-que-les-proprietaires-reprochaient-a-la-roma-spider\/#article","isPartOf":{"@id":"https:\/\/www.italpassion.fr\/nl\/ferrari\/ferrari-devoile-lamalfi-spider-et-corrige-enfin-le-principal-defaut-que-les-proprietaires-reprochaient-a-la-roma-spider\/"},"author":{"name":"Alexandre Filluzeau","@id":"https:\/\/www.italpassion.fr\/nl\/#\/schema\/person\/36f747b2a759ca202d847e85a9434ca0"},"headline":"Ferrari d\u00e9voile l&rsquo;Amalfi Spider\u2026 et corrige enfin le principal d\u00e9faut que les propri\u00e9taires reprochaient \u00e0 la Roma Spider","datePublished":"2026-03-13T09:36:02+00:00","mainEntityOfPage":{"@id":"https:\/\/www.italpassion.fr\/nl\/ferrari\/ferrari-devoile-lamalfi-spider-et-corrige-enfin-le-principal-defaut-que-les-proprietaires-reprochaient-a-la-roma-spider\/"},"wordCount":882,"commentCount":2,"publisher":{"@id":"https:\/\/www.italpassion.fr\/nl\/#organization"},"image":{"@id":"https:\/\/www.italpassion.fr\/nl\/ferrari\/ferrari-devoile-lamalfi-spider-et-corrige-enfin-le-principal-defaut-que-les-proprietaires-reprochaient-a-la-roma-spider\/#primaryimage"},"thumbnailUrl":"https:\/\/www.italpassion.fr\/wp-content\/uploads\/2026\/03\/ferrari-amalfi-spider-0-scaled.jpg","keywords":["Ferrari Amalfi","Ferrari Amalfi Spider"],"articleSection":["Ferrari"],"inLanguage":"nl-NL","potentialAction":[{"@type":"CommentAction","name":"Comment","target":["https:\/\/www.italpassion.fr\/nl\/ferrari\/ferrari-devoile-lamalfi-spider-et-corrige-enfin-le-principal-defaut-que-les-proprietaires-reprochaient-a-la-roma-spider\/#respond"]}]},{"@type":"WebPage","@id":"https:\/\/www.italpassion.fr\/nl\/ferrari\/ferrari-devoile-lamalfi-spider-et-corrige-enfin-le-principal-defaut-que-les-proprietaires-reprochaient-a-la-roma-spider\/","url":"https:\/\/www.italpassion.fr\/nl\/ferrari\/ferrari-devoile-lamalfi-spider-et-corrige-enfin-le-principal-defaut-que-les-proprietaires-reprochaient-a-la-roma-spider\/","name":"Ferrari onthult de Amalfi Spider... en corrigeert eindelijk de belangrijkste fout van de Roma Spider - ItalPassion","isPartOf":{"@id":"https:\/\/www.italpassion.fr\/nl\/#website"},"primaryImageOfPage":{"@id":"https:\/\/www.italpassion.fr\/nl\/ferrari\/ferrari-devoile-lamalfi-spider-et-corrige-enfin-le-principal-defaut-que-les-proprietaires-reprochaient-a-la-roma-spider\/#primaryimage"},"image":{"@id":"https:\/\/www.italpassion.fr\/nl\/ferrari\/ferrari-devoile-lamalfi-spider-et-corrige-enfin-le-principal-defaut-que-les-proprietaires-reprochaient-a-la-roma-spider\/#primaryimage"},"thumbnailUrl":"https:\/\/www.italpassion.fr\/wp-content\/uploads\/2026\/03\/ferrari-amalfi-spider-0-scaled.jpg","datePublished":"2026-03-13T09:36:02+00:00","description":"In Maranello zijn sommige nieuwe modellen geen verrassing... maar ze zijn altijd een evenement. Minder dan een jaar na de presentatie van de Ferrari","breadcrumb":{"@id":"https:\/\/www.italpassion.fr\/nl\/ferrari\/ferrari-devoile-lamalfi-spider-et-corrige-enfin-le-principal-defaut-que-les-proprietaires-reprochaient-a-la-roma-spider\/#breadcrumb"},"inLanguage":"nl-NL","potentialAction":[{"@type":"ReadAction","target":["https:\/\/www.italpassion.fr\/nl\/ferrari\/ferrari-devoile-lamalfi-spider-et-corrige-enfin-le-principal-defaut-que-les-proprietaires-reprochaient-a-la-roma-spider\/"]}]},{"@type":"ImageObject","inLanguage":"nl-NL","@id":"https:\/\/www.italpassion.fr\/nl\/ferrari\/ferrari-devoile-lamalfi-spider-et-corrige-enfin-le-principal-defaut-que-les-proprietaires-reprochaient-a-la-roma-spider\/#primaryimage","url":"https:\/\/www.italpassion.fr\/wp-content\/uploads\/2026\/03\/ferrari-amalfi-spider-0-scaled.jpg","contentUrl":"https:\/\/www.italpassion.fr\/wp-content\/uploads\/2026\/03\/ferrari-amalfi-spider-0-scaled.jpg","width":1200,"height":800},{"@type":"BreadcrumbList","@id":"https:\/\/www.italpassion.fr\/nl\/ferrari\/ferrari-devoile-lamalfi-spider-et-corrige-enfin-le-principal-defaut-que-les-proprietaires-reprochaient-a-la-roma-spider\/#breadcrumb","itemListElement":[{"@type":"ListItem","position":1,"name":"Accueil","item":"https:\/\/www.italpassion.fr\/nl\/"},{"@type":"ListItem","position":2,"name":"Ferrari d\u00e9voile l&rsquo;Amalfi Spider\u2026 et corrige enfin le principal d\u00e9faut que les propri\u00e9taires reprochaient \u00e0 la Roma Spider"}]},{"@type":"WebSite","@id":"https:\/\/www.italpassion.fr\/nl\/#website","url":"https:\/\/www.italpassion.fr\/nl\/","name":"ItalPassion","description":"Italiaanse autoliefhebbers","publisher":{"@id":"https:\/\/www.italpassion.fr\/nl\/#organization"},"potentialAction":[{"@type":"SearchAction","target":{"@type":"EntryPoint","urlTemplate":"https:\/\/www.italpassion.fr\/nl\/?s={search_term_string}"},"query-input":{"@type":"PropertyValueSpecification","valueRequired":true,"valueName":"search_term_string"}}],"inLanguage":"nl-NL"},{"@type":"Organization","@id":"https:\/\/www.italpassion.fr\/nl\/#organization","name":"Italpassion","url":"https:\/\/www.italpassion.fr\/nl\/","logo":{"@type":"ImageObject","inLanguage":"nl-NL","@id":"https:\/\/www.italpassion.fr\/nl\/#\/schema\/logo\/image\/","url":"https:\/\/www.italpassion.fr\/wp-content\/uploads\/2023\/07\/italpassion-yoast.jpg","contentUrl":"https:\/\/www.italpassion.fr\/wp-content\/uploads\/2023\/07\/italpassion-yoast.jpg","width":696,"height":696,"caption":"Italpassion"},"image":{"@id":"https:\/\/www.italpassion.fr\/nl\/#\/schema\/logo\/image\/"},"sameAs":["https:\/\/www.facebook.com\/italpassion","https:\/\/x.com\/italpassion","https:\/\/www.instagram.com\/italpassionfr\/","https:\/\/www.youtube.com\/channel\/UCleq-ByQaA42OjhopwevRjQ","https:\/\/www.facebook.com\/italpassion.en\/","https:\/\/www.facebook.com\/italpassion.it\/","https:\/\/www.facebook.com\/italpassion.de\/","https:\/\/www.facebook.com\/italpassion.ja\/"]},{"@type":"Person","@id":"https:\/\/www.italpassion.fr\/nl\/#\/schema\/person\/36f747b2a759ca202d847e85a9434ca0","name":"Alexandre Filluzeau","image":{"@type":"ImageObject","inLanguage":"nl-NL","@id":"https:\/\/www.italpassion.fr\/nl\/#\/schema\/person\/image\/","url":"https:\/\/www.italpassion.fr\/wp-content\/uploads\/2025\/04\/avatar-alexandre-160x160.jpg","contentUrl":"https:\/\/www.italpassion.fr\/wp-content\/uploads\/2025\/04\/avatar-alexandre-160x160.jpg","caption":"Alexandre Filluzeau"},"description":"Oprichter van de website ItalPassion, gepassioneerd door Italiaanse auto's en Itali\u00eb in het algemeen. Waar mogelijk breng ik een kritisch en technisch oog naar nieuws over Italiaanse merken. Eigenaar van een Maserati GranTurismo, Alfa Romeo MiTo, Lancia Fulvia en Ducati 695. Ex-eigenaar van een Alfa Romeo Giulia.","sameAs":["https:\/\/www.italpassion.fr\/"],"url":"https:\/\/www.italpassion.fr\/nl\/author\/alexandre\/"}]}},"_links":{"self":[{"href":"https:\/\/www.italpassion.fr\/nl\/wp-json\/wp\/v2\/posts\/47458","targetHints":{"allow":["GET"]}}],"collection":[{"href":"https:\/\/www.italpassion.fr\/nl\/wp-json\/wp\/v2\/posts"}],"about":[{"href":"https:\/\/www.italpassion.fr\/nl\/wp-json\/wp\/v2\/types\/post"}],"author":[{"embeddable":true,"href":"https:\/\/www.italpassion.fr\/nl\/wp-json\/wp\/v2\/users\/1"}],"replies":[{"embeddable":true,"href":"https:\/\/www.italpassion.fr\/nl\/wp-json\/wp\/v2\/comments?post=47458"}],"version-history":[{"count":1,"href":"https:\/\/www.italpassion.fr\/nl\/wp-json\/wp\/v2\/posts\/47458\/revisions"}],"predecessor-version":[{"id":47468,"href":"https:\/\/www.italpassion.fr\/nl\/wp-json\/wp\/v2\/posts\/47458\/revisions\/47468"}],"wp:featuredmedia":[{"embeddable":true,"href":"https:\/\/www.italpassion.fr\/nl\/wp-json\/wp\/v2\/media\/47459"}],"wp:attachment":[{"href":"https:\/\/www.italpassion.fr\/nl\/wp-json\/wp\/v2\/media?parent=47458"}],"wp:term":[{"taxonomy":"category","embeddable":true,"href":"https:\/\/www.italpassion.fr\/nl\/wp-json\/wp\/v2\/categories?post=47458"},{"taxonomy":"post_tag","embeddable":true,"href":"https:\/\/www.italpassion.fr\/nl\/wp-json\/wp\/v2\/tags?post=47458"}],"curies":[{"name":"wp","href":"https:\/\/api.w.org\/{rel}","templated":true}]}}