{"id":47364,"date":"2026-03-12T17:33:14","date_gmt":"2026-03-12T16:33:14","guid":{"rendered":"https:\/\/www.italpassion.fr\/?p=47364"},"modified":"2026-03-10T14:50:21","modified_gmt":"2026-03-10T13:50:21","slug":"ik-neem-mijn-petje-af-voor-chinese-autos-de-zoon-van-de-oprichter-van-lamborghini-kondigt-aan-dat-hij-er-een-gaat-kopen","status":"publish","type":"post","link":"https:\/\/www.italpassion.fr\/nl\/lamborghini\/je-me-tire-mon-chapeau-devant-les-voitures-chinoises-le-fils-du-fondateur-de-lamborghini-annonce-quil-va-en-acheter-une\/","title":{"rendered":"\u00abIk neem mijn hoed af voor Chinese auto's\u00bb: de zoon van de oprichter van Lamborghini kondigt aan dat hij er een gaat kopen"},"content":{"rendered":"<figure class=\"wp-block-image size-full\"><img loading=\"lazy\" decoding=\"async\" width=\"1200\" height=\"800\" src=\"https:\/\/www.italpassion.fr\/wp-content\/uploads\/2026\/03\/tonino-lamborghini.jpg\" alt=\"\" class=\"wp-image-47365\" srcset=\"https:\/\/www.italpassion.fr\/wp-content\/uploads\/2026\/03\/tonino-lamborghini.jpg 1200w, https:\/\/www.italpassion.fr\/wp-content\/uploads\/2026\/03\/tonino-lamborghini-420x280.jpg 420w, https:\/\/www.italpassion.fr\/wp-content\/uploads\/2026\/03\/tonino-lamborghini-768x512.jpg 768w, https:\/\/www.italpassion.fr\/wp-content\/uploads\/2026\/03\/tonino-lamborghini-18x12.jpg 18w\" sizes=\"auto, (max-width: 1200px) 100vw, 1200px\" \/><\/figure>\n\n\n\n<p>De automarkt ontwikkelt zich razendsnel en Chinese fabrikanten zijn zich aan het vestigen als belangrijke spelers. Dit is een realiteit die zelfs enkele van de meest emblematische figuren in de Italiaanse auto-industrie openlijk erkennen. Dit geldt met name voor Tonino <a href=\"https:\/\/www.italpassion.fr\/nl\/lamborghini\/\">Lamborghini<\/a>, zoon van de oprichter van het beroemde superautomerk, die al snel de indrukwekkende vooruitgang van Chinese fabrikanten prees... tot het punt dat hij overweegt er een te kopen.<\/p>\n\n\n\n<p>Deze uitspraken werden gedaan op de Automotoretr\u00f3 show in Parma, een evenement gewijd aan traditionele, luxe en sportauto's. Tonino Lamborghini nam deel aan een conferentie samen met ingenieur Giampaolo Dallara en content creator Noah Cooks F1, om de evolutie van de automarkt, nieuwe technologie\u00ebn en de opkomst van Chinese merken te bespreken.<\/p>\n\n\n\n<h2 class=\"wp-block-heading\">\u00abZeer geavanceerde auto's\u00bb<\/h2>\n\n\n\n<p>Gevraagd naar de massale komst van Chinese autofabrikanten op de Europese markt, gaf Tonino Lamborghini een openhartige analyse. Volgens hem zijn de dagen dat Chinese merken simpelweg Westerse fabrikanten kopieerden voorbij.<\/p>\n\n\n\n<blockquote class=\"wp-block-quote is-layout-flow wp-block-quote-is-layout-flow\"><svg aria-hidden=\"true\" focusable=\"false\" class=\"icon icon-quote\" width=\"48\" height=\"48\"><use xlink:href=\"#icon-quote\"><\/use><\/svg>\n<p>\u00abChinese fabrikanten maken nu zeer respectabele, technologisch geavanceerde auto's. Vroeger werd gezegd dat ze eerst kopieerden, maar nu produceren ze steeds mooiere en concurrerendere modellen\u00bb, verklaarde hij. Vroeger werd gezegd dat ze eerst kopieerden, maar nu produceren ze steeds mooiere en competitievere modellen\", verklaarde hij.<\/p>\n<\/blockquote>\n\n\n\n<p>Voor de zoon van Lamborghini's oprichter combineren deze auto's een aantal grote voordelen: prijzen die vaak lager liggen dan die van hun Europese rivalen en bijzonder geavanceerde technologie. Een combinatie die hun snelle opkomst op de internationale markt voor een groot deel verklaart.<\/p>\n\n\n\n<p>Gezien deze vooruitgang maakte Tonino Lamborghini geen geheim van zijn bewondering: \u00abIk neem mijn petje voor ze af\u00bb.<\/p>\n\n\n\n<h2 class=\"wp-block-heading\">Tonino Lamborghini zou een Chinese hybride kunnen kopen<\/h2>\n\n\n\n<p>De Italiaanse zakenman ging zelfs nog verder en onthulde dat hij zelf overwoog om klant te worden van een Chinese fabrikant.<\/p>\n\n\n\n<p>Volgens hem hebben deze merken nog niet het prestige en imago van de grote Europese merken, maar maken ze dat ruimschoots goed met hun technische kwaliteit en concurrerende prijzen.<\/p>\n\n\n\n<p>\u00abZe hebben nog niet de reputatie van de Europese merken, maar ze hebben de kwaliteit, de prijs en de technologie aan hun kant\u00bb, legt hij uit, voordat hij eraan toevoegt: \u00abIk neem waarschijnlijk een Chinese hybride\u00bb.<\/p>\n\n\n\n<p>Tonino Lamborghini was er echter op gebrand om het argument dat vaak geassocieerd wordt met ge\u00eblektrificeerde voertuigen te nuanceren. Hij is van mening dat de echte ecologische impact van deze auto's discutabel blijft als we de hele productie- en levenscyclus van het voertuig in ogenschouw nemen.<\/p>\n\n\n\n<p>\u00abLaten we niet doen alsof ze echt \u201cgroen\u201d zijn. Vandaag de dag is dat niet het geval\u00bb, beweerde hij, terwijl hij toegaf dat dit meer zijn persoonlijke overtuiging was dan een analyse op basis van precieze gegevens.<\/p>\n\n\n\n<h2 class=\"wp-block-heading\">De toekomst van de auto volgens Dallara<\/h2>\n\n\n\n<p>Op dezelfde conferentie ging Giampaolo Dallara nog een stap verder door te praten over de toekomst van de auto en de veranderende relatie met de auto.<\/p>\n\n\n\n<p>Volgens de oprichter van het Italiaanse ingenieursbedrijf zouden toekomstige generaties wel eens heel anders tegen mobiliteit kunnen aankijken.<\/p>\n\n\n\n<blockquote class=\"wp-block-quote is-layout-flow wp-block-quote-is-layout-flow\"><svg aria-hidden=\"true\" focusable=\"false\" class=\"icon icon-quote\" width=\"48\" height=\"48\"><use xlink:href=\"#icon-quote\"><\/use><\/svg>\n<p>\u00abIk ben niet enthousiast over het idee, maar ik denk dat mijn kleinkinderen zullen reizen in elektrische auto's, misschien autonome auto's, en ze waarschijnlijk niet eens zullen bezitten,\u00bb legde hij uit.<\/p>\n<\/blockquote>\n\n\n\n<p>Volgens hem zou de toekomst gekenmerkt kunnen worden door een scheiding tussen twee zeer verschillende gebruiksmogelijkheden van de auto. Aan de ene kant zou de dagelijkse mobiliteit kunnen worden verzorgd door autonome, gedeelde voertuigen, mogelijk geproduceerd in China. Aan de andere kant zouden liefhebbers traditionele auto's blijven bezitten, die gebruikt worden voor plezier en ontspanning.<\/p>\n\n\n\n<p>E\u00e9n ding blijft zeker voor Dallara: zelfs in een toekomst die gedomineerd wordt door nieuwe vormen van mobiliteit, zullen supercars altijd hun plaats hebben.<\/p>","protected":false},"excerpt":{"rendered":"","protected":false},"author":1,"featured_media":47365,"comment_status":"open","ping_status":"open","sticky":false,"template":"","format":"standard","meta":{"_acf_changed":false,"_sitemap_exclude":false,"_sitemap_priority":"","_sitemap_frequency":"","footnotes":""},"categories":[25],"tags":[732],"class_list":["post-47364","post","type-post","status-publish","format-standard","has-post-thumbnail","hentry","category-lamborghini","tag-tonino-lamborghini","generate-columns","tablet-grid-50","mobile-grid-100","grid-parent","grid-33"],"acf":[],"yoast_head":"<!-- This site is optimized with the Yoast SEO plugin v25.8 - https:\/\/yoast.com\/wordpress\/plugins\/seo\/ -->\n<title>\u00ab Je me tire mon chapeau devant les voitures chinoises \u00bb : le fils du fondateur de Lamborghini annonce qu&#039;il va en acheter une - ItalPassion<\/title>\n<meta name=\"description\" content=\"Le march\u00e9 automobile \u00e9volue \u00e0 grande vitesse et les constructeurs chinois s\u2019imposent d\u00e9sormais comme des acteurs incontournables. Une r\u00e9alit\u00e9 que m\u00eame\" \/>\n<meta name=\"robots\" content=\"index, follow, max-snippet:-1, max-image-preview:large, max-video-preview:-1\" \/>\n<link rel=\"canonical\" href=\"https:\/\/www.italpassion.fr\/nl\/lamborghini\/ik-neem-mijn-petje-af-voor-chinese-autos-de-zoon-van-de-oprichter-van-lamborghini-kondigt-aan-dat-hij-er-een-gaat-kopen\/\" \/>\n<meta property=\"og:locale\" content=\"nl_NL\" \/>\n<meta property=\"og:type\" content=\"article\" \/>\n<meta property=\"og:title\" content=\"\u00ab Je me tire mon chapeau devant les voitures chinoises \u00bb : le fils du fondateur de Lamborghini annonce qu&#039;il va en acheter une - ItalPassion\" \/>\n<meta property=\"og:description\" content=\"Le march\u00e9 automobile \u00e9volue \u00e0 grande vitesse et les constructeurs chinois s\u2019imposent d\u00e9sormais comme des acteurs incontournables. Une r\u00e9alit\u00e9 que m\u00eame\" \/>\n<meta property=\"og:url\" content=\"https:\/\/www.italpassion.fr\/nl\/lamborghini\/ik-neem-mijn-petje-af-voor-chinese-autos-de-zoon-van-de-oprichter-van-lamborghini-kondigt-aan-dat-hij-er-een-gaat-kopen\/\" \/>\n<meta property=\"og:site_name\" content=\"ItalPassion\" \/>\n<meta property=\"article:publisher\" content=\"https:\/\/www.facebook.com\/italpassion\" \/>\n<meta property=\"article:published_time\" content=\"2026-03-12T16:33:14+00:00\" \/>\n<meta property=\"og:image\" content=\"https:\/\/www.italpassion.fr\/wp-content\/uploads\/2026\/03\/tonino-lamborghini.jpg\" \/>\n\t<meta property=\"og:image:width\" content=\"1200\" \/>\n\t<meta property=\"og:image:height\" content=\"800\" \/>\n\t<meta property=\"og:image:type\" content=\"image\/jpeg\" \/>\n<meta name=\"author\" content=\"Alexandre Filluzeau\" \/>\n<meta name=\"twitter:card\" content=\"summary_large_image\" \/>\n<meta name=\"twitter:creator\" content=\"@italpassion\" \/>\n<meta name=\"twitter:site\" content=\"@italpassion\" \/>\n<script type=\"application\/ld+json\" class=\"yoast-schema-graph\">{\"@context\":\"https:\/\/schema.org\",\"@graph\":[{\"@type\":\"NewsArticle\",\"@id\":\"https:\/\/www.italpassion.fr\/nl\/lamborghini\/je-me-tire-mon-chapeau-devant-les-voitures-chinoises-le-fils-du-fondateur-de-lamborghini-annonce-quil-va-en-acheter-une\/#article\",\"isPartOf\":{\"@id\":\"https:\/\/www.italpassion.fr\/nl\/lamborghini\/je-me-tire-mon-chapeau-devant-les-voitures-chinoises-le-fils-du-fondateur-de-lamborghini-annonce-quil-va-en-acheter-une\/\"},\"author\":{\"name\":\"Alexandre Filluzeau\",\"@id\":\"https:\/\/www.italpassion.fr\/nl\/#\/schema\/person\/36f747b2a759ca202d847e85a9434ca0\"},\"headline\":\"\u00ab Je me tire mon chapeau devant les voitures chinoises \u00bb : le fils du fondateur de Lamborghini annonce qu&rsquo;il va en acheter une\",\"datePublished\":\"2026-03-12T16:33:14+00:00\",\"mainEntityOfPage\":{\"@id\":\"https:\/\/www.italpassion.fr\/nl\/lamborghini\/je-me-tire-mon-chapeau-devant-les-voitures-chinoises-le-fils-du-fondateur-de-lamborghini-annonce-quil-va-en-acheter-une\/\"},\"wordCount\":701,\"commentCount\":2,\"publisher\":{\"@id\":\"https:\/\/www.italpassion.fr\/nl\/#organization\"},\"image\":{\"@id\":\"https:\/\/www.italpassion.fr\/nl\/lamborghini\/je-me-tire-mon-chapeau-devant-les-voitures-chinoises-le-fils-du-fondateur-de-lamborghini-annonce-quil-va-en-acheter-une\/#primaryimage\"},\"thumbnailUrl\":\"https:\/\/www.italpassion.fr\/wp-content\/uploads\/2026\/03\/tonino-lamborghini.jpg\",\"keywords\":[\"Tonino Lamborghini\"],\"articleSection\":[\"Lamborghini\"],\"inLanguage\":\"nl-NL\",\"potentialAction\":[{\"@type\":\"CommentAction\",\"name\":\"Comment\",\"target\":[\"https:\/\/www.italpassion.fr\/nl\/lamborghini\/je-me-tire-mon-chapeau-devant-les-voitures-chinoises-le-fils-du-fondateur-de-lamborghini-annonce-quil-va-en-acheter-une\/#respond\"]}]},{\"@type\":\"WebPage\",\"@id\":\"https:\/\/www.italpassion.fr\/nl\/lamborghini\/je-me-tire-mon-chapeau-devant-les-voitures-chinoises-le-fils-du-fondateur-de-lamborghini-annonce-quil-va-en-acheter-une\/\",\"url\":\"https:\/\/www.italpassion.fr\/nl\/lamborghini\/je-me-tire-mon-chapeau-devant-les-voitures-chinoises-le-fils-du-fondateur-de-lamborghini-annonce-quil-va-en-acheter-une\/\",\"name\":\"\u00ab Je me tire mon chapeau devant les voitures chinoises \u00bb : le fils du fondateur de Lamborghini annonce qu'il va en acheter une - ItalPassion\",\"isPartOf\":{\"@id\":\"https:\/\/www.italpassion.fr\/nl\/#website\"},\"primaryImageOfPage\":{\"@id\":\"https:\/\/www.italpassion.fr\/nl\/lamborghini\/je-me-tire-mon-chapeau-devant-les-voitures-chinoises-le-fils-du-fondateur-de-lamborghini-annonce-quil-va-en-acheter-une\/#primaryimage\"},\"image\":{\"@id\":\"https:\/\/www.italpassion.fr\/nl\/lamborghini\/je-me-tire-mon-chapeau-devant-les-voitures-chinoises-le-fils-du-fondateur-de-lamborghini-annonce-quil-va-en-acheter-une\/#primaryimage\"},\"thumbnailUrl\":\"https:\/\/www.italpassion.fr\/wp-content\/uploads\/2026\/03\/tonino-lamborghini.jpg\",\"datePublished\":\"2026-03-12T16:33:14+00:00\",\"description\":\"Le march\u00e9 automobile \u00e9volue \u00e0 grande vitesse et les constructeurs chinois s\u2019imposent d\u00e9sormais comme des acteurs incontournables. Une r\u00e9alit\u00e9 que m\u00eame\",\"breadcrumb\":{\"@id\":\"https:\/\/www.italpassion.fr\/nl\/lamborghini\/je-me-tire-mon-chapeau-devant-les-voitures-chinoises-le-fils-du-fondateur-de-lamborghini-annonce-quil-va-en-acheter-une\/#breadcrumb\"},\"inLanguage\":\"nl-NL\",\"potentialAction\":[{\"@type\":\"ReadAction\",\"target\":[\"https:\/\/www.italpassion.fr\/nl\/lamborghini\/je-me-tire-mon-chapeau-devant-les-voitures-chinoises-le-fils-du-fondateur-de-lamborghini-annonce-quil-va-en-acheter-une\/\"]}]},{\"@type\":\"ImageObject\",\"inLanguage\":\"nl-NL\",\"@id\":\"https:\/\/www.italpassion.fr\/nl\/lamborghini\/je-me-tire-mon-chapeau-devant-les-voitures-chinoises-le-fils-du-fondateur-de-lamborghini-annonce-quil-va-en-acheter-une\/#primaryimage\",\"url\":\"https:\/\/www.italpassion.fr\/wp-content\/uploads\/2026\/03\/tonino-lamborghini.jpg\",\"contentUrl\":\"https:\/\/www.italpassion.fr\/wp-content\/uploads\/2026\/03\/tonino-lamborghini.jpg\",\"width\":1200,\"height\":800},{\"@type\":\"BreadcrumbList\",\"@id\":\"https:\/\/www.italpassion.fr\/nl\/lamborghini\/je-me-tire-mon-chapeau-devant-les-voitures-chinoises-le-fils-du-fondateur-de-lamborghini-annonce-quil-va-en-acheter-une\/#breadcrumb\",\"itemListElement\":[{\"@type\":\"ListItem\",\"position\":1,\"name\":\"Accueil\",\"item\":\"https:\/\/www.italpassion.fr\/nl\/\"},{\"@type\":\"ListItem\",\"position\":2,\"name\":\"\u00ab Je me tire mon chapeau devant les voitures chinoises \u00bb : le fils du fondateur de Lamborghini annonce qu&rsquo;il va en acheter une\"}]},{\"@type\":\"WebSite\",\"@id\":\"https:\/\/www.italpassion.fr\/nl\/#website\",\"url\":\"https:\/\/www.italpassion.fr\/nl\/\",\"name\":\"ItalPassion\",\"description\":\"Les Passionn\u00e9s d&#039;Automobiles Italiennes\",\"publisher\":{\"@id\":\"https:\/\/www.italpassion.fr\/nl\/#organization\"},\"potentialAction\":[{\"@type\":\"SearchAction\",\"target\":{\"@type\":\"EntryPoint\",\"urlTemplate\":\"https:\/\/www.italpassion.fr\/nl\/?s={search_term_string}\"},\"query-input\":{\"@type\":\"PropertyValueSpecification\",\"valueRequired\":true,\"valueName\":\"search_term_string\"}}],\"inLanguage\":\"nl-NL\"},{\"@type\":\"Organization\",\"@id\":\"https:\/\/www.italpassion.fr\/nl\/#organization\",\"name\":\"Italpassion\",\"url\":\"https:\/\/www.italpassion.fr\/nl\/\",\"logo\":{\"@type\":\"ImageObject\",\"inLanguage\":\"nl-NL\",\"@id\":\"https:\/\/www.italpassion.fr\/nl\/#\/schema\/logo\/image\/\",\"url\":\"https:\/\/www.italpassion.fr\/wp-content\/uploads\/2023\/07\/italpassion-yoast.jpg\",\"contentUrl\":\"https:\/\/www.italpassion.fr\/wp-content\/uploads\/2023\/07\/italpassion-yoast.jpg\",\"width\":696,\"height\":696,\"caption\":\"Italpassion\"},\"image\":{\"@id\":\"https:\/\/www.italpassion.fr\/nl\/#\/schema\/logo\/image\/\"},\"sameAs\":[\"https:\/\/www.facebook.com\/italpassion\",\"https:\/\/x.com\/italpassion\",\"https:\/\/www.instagram.com\/italpassionfr\/\",\"https:\/\/www.youtube.com\/channel\/UCleq-ByQaA42OjhopwevRjQ\",\"https:\/\/www.facebook.com\/italpassion.en\/\",\"https:\/\/www.facebook.com\/italpassion.it\/\",\"https:\/\/www.facebook.com\/italpassion.de\/\",\"https:\/\/www.facebook.com\/italpassion.ja\/\"]},{\"@type\":\"Person\",\"@id\":\"https:\/\/www.italpassion.fr\/nl\/#\/schema\/person\/36f747b2a759ca202d847e85a9434ca0\",\"name\":\"Alexandre Filluzeau\",\"image\":{\"@type\":\"ImageObject\",\"inLanguage\":\"nl-NL\",\"@id\":\"https:\/\/www.italpassion.fr\/nl\/#\/schema\/person\/image\/\",\"url\":\"https:\/\/www.italpassion.fr\/wp-content\/uploads\/2025\/04\/avatar-alexandre-160x160.jpg\",\"contentUrl\":\"https:\/\/www.italpassion.fr\/wp-content\/uploads\/2025\/04\/avatar-alexandre-160x160.jpg\",\"caption\":\"Alexandre Filluzeau\"},\"description\":\"Fondateur du site ItalPassion, passionn\u00e9 de voitures italiennes et de l'Italie en g\u00e9n\u00e9ral. J'apporte un regard critique et technique aux actualit\u00e9s des marques italiennes quand cela est possible. Propri\u00e9taire d'une Maserati GranTurismo, Alfa Romeo MiTo, Lancia Fulvia et Ducati 695. Ex-propri\u00e9taire d'une Alfa Romeo Giulia.\",\"sameAs\":[\"https:\/\/www.italpassion.fr\/\"],\"url\":\"https:\/\/www.italpassion.fr\/nl\/author\/alexandre\/\"}]}<\/script>\n<!-- \/ Yoast SEO plugin. -->","yoast_head_json":{"title":"\u00abIk neem mijn hoed af voor Chinese auto's\u00bb: de zoon van Lamborghini's oprichter kondigt aan dat hij er een gaat kopen - ItalPassion","description":"De automobielmarkt ontwikkelt zich razendsnel en Chinese fabrikanten zijn zich aan het vestigen als belangrijke spelers. Een realiteit die zelfs","robots":{"index":"index","follow":"follow","max-snippet":"max-snippet:-1","max-image-preview":"max-image-preview:large","max-video-preview":"max-video-preview:-1"},"canonical":"https:\/\/www.italpassion.fr\/nl\/lamborghini\/ik-neem-mijn-petje-af-voor-chinese-autos-de-zoon-van-de-oprichter-van-lamborghini-kondigt-aan-dat-hij-er-een-gaat-kopen\/","og_locale":"nl_NL","og_type":"article","og_title":"\u00ab Je me tire mon chapeau devant les voitures chinoises \u00bb : le fils du fondateur de Lamborghini annonce qu'il va en acheter une - ItalPassion","og_description":"Le march\u00e9 automobile \u00e9volue \u00e0 grande vitesse et les constructeurs chinois s\u2019imposent d\u00e9sormais comme des acteurs incontournables. Une r\u00e9alit\u00e9 que m\u00eame","og_url":"https:\/\/www.italpassion.fr\/nl\/lamborghini\/ik-neem-mijn-petje-af-voor-chinese-autos-de-zoon-van-de-oprichter-van-lamborghini-kondigt-aan-dat-hij-er-een-gaat-kopen\/","og_site_name":"ItalPassion","article_publisher":"https:\/\/www.facebook.com\/italpassion","article_published_time":"2026-03-12T16:33:14+00:00","og_image":[{"width":1200,"height":800,"url":"https:\/\/www.italpassion.fr\/wp-content\/uploads\/2026\/03\/tonino-lamborghini.jpg","type":"image\/jpeg"}],"author":"Alexandre Filluzeau","twitter_card":"summary_large_image","twitter_creator":"@italpassion","twitter_site":"@italpassion","schema":{"@context":"https:\/\/schema.org","@graph":[{"@type":"NewsArticle","@id":"https:\/\/www.italpassion.fr\/nl\/lamborghini\/je-me-tire-mon-chapeau-devant-les-voitures-chinoises-le-fils-du-fondateur-de-lamborghini-annonce-quil-va-en-acheter-une\/#article","isPartOf":{"@id":"https:\/\/www.italpassion.fr\/nl\/lamborghini\/je-me-tire-mon-chapeau-devant-les-voitures-chinoises-le-fils-du-fondateur-de-lamborghini-annonce-quil-va-en-acheter-une\/"},"author":{"name":"Alexandre Filluzeau","@id":"https:\/\/www.italpassion.fr\/nl\/#\/schema\/person\/36f747b2a759ca202d847e85a9434ca0"},"headline":"\u00ab Je me tire mon chapeau devant les voitures chinoises \u00bb : le fils du fondateur de Lamborghini annonce qu&rsquo;il va en acheter une","datePublished":"2026-03-12T16:33:14+00:00","mainEntityOfPage":{"@id":"https:\/\/www.italpassion.fr\/nl\/lamborghini\/je-me-tire-mon-chapeau-devant-les-voitures-chinoises-le-fils-du-fondateur-de-lamborghini-annonce-quil-va-en-acheter-une\/"},"wordCount":701,"commentCount":2,"publisher":{"@id":"https:\/\/www.italpassion.fr\/nl\/#organization"},"image":{"@id":"https:\/\/www.italpassion.fr\/nl\/lamborghini\/je-me-tire-mon-chapeau-devant-les-voitures-chinoises-le-fils-du-fondateur-de-lamborghini-annonce-quil-va-en-acheter-une\/#primaryimage"},"thumbnailUrl":"https:\/\/www.italpassion.fr\/wp-content\/uploads\/2026\/03\/tonino-lamborghini.jpg","keywords":["Tonino Lamborghini"],"articleSection":["Lamborghini"],"inLanguage":"nl-NL","potentialAction":[{"@type":"CommentAction","name":"Comment","target":["https:\/\/www.italpassion.fr\/nl\/lamborghini\/je-me-tire-mon-chapeau-devant-les-voitures-chinoises-le-fils-du-fondateur-de-lamborghini-annonce-quil-va-en-acheter-une\/#respond"]}]},{"@type":"WebPage","@id":"https:\/\/www.italpassion.fr\/nl\/lamborghini\/je-me-tire-mon-chapeau-devant-les-voitures-chinoises-le-fils-du-fondateur-de-lamborghini-annonce-quil-va-en-acheter-une\/","url":"https:\/\/www.italpassion.fr\/nl\/lamborghini\/je-me-tire-mon-chapeau-devant-les-voitures-chinoises-le-fils-du-fondateur-de-lamborghini-annonce-quil-va-en-acheter-une\/","name":"\u00abIk neem mijn hoed af voor Chinese auto's\u00bb: de zoon van Lamborghini's oprichter kondigt aan dat hij er een gaat kopen - ItalPassion","isPartOf":{"@id":"https:\/\/www.italpassion.fr\/nl\/#website"},"primaryImageOfPage":{"@id":"https:\/\/www.italpassion.fr\/nl\/lamborghini\/je-me-tire-mon-chapeau-devant-les-voitures-chinoises-le-fils-du-fondateur-de-lamborghini-annonce-quil-va-en-acheter-une\/#primaryimage"},"image":{"@id":"https:\/\/www.italpassion.fr\/nl\/lamborghini\/je-me-tire-mon-chapeau-devant-les-voitures-chinoises-le-fils-du-fondateur-de-lamborghini-annonce-quil-va-en-acheter-une\/#primaryimage"},"thumbnailUrl":"https:\/\/www.italpassion.fr\/wp-content\/uploads\/2026\/03\/tonino-lamborghini.jpg","datePublished":"2026-03-12T16:33:14+00:00","description":"De automobielmarkt ontwikkelt zich razendsnel en Chinese fabrikanten zijn zich aan het vestigen als belangrijke spelers. Een realiteit die zelfs","breadcrumb":{"@id":"https:\/\/www.italpassion.fr\/nl\/lamborghini\/je-me-tire-mon-chapeau-devant-les-voitures-chinoises-le-fils-du-fondateur-de-lamborghini-annonce-quil-va-en-acheter-une\/#breadcrumb"},"inLanguage":"nl-NL","potentialAction":[{"@type":"ReadAction","target":["https:\/\/www.italpassion.fr\/nl\/lamborghini\/je-me-tire-mon-chapeau-devant-les-voitures-chinoises-le-fils-du-fondateur-de-lamborghini-annonce-quil-va-en-acheter-une\/"]}]},{"@type":"ImageObject","inLanguage":"nl-NL","@id":"https:\/\/www.italpassion.fr\/nl\/lamborghini\/je-me-tire-mon-chapeau-devant-les-voitures-chinoises-le-fils-du-fondateur-de-lamborghini-annonce-quil-va-en-acheter-une\/#primaryimage","url":"https:\/\/www.italpassion.fr\/wp-content\/uploads\/2026\/03\/tonino-lamborghini.jpg","contentUrl":"https:\/\/www.italpassion.fr\/wp-content\/uploads\/2026\/03\/tonino-lamborghini.jpg","width":1200,"height":800},{"@type":"BreadcrumbList","@id":"https:\/\/www.italpassion.fr\/nl\/lamborghini\/je-me-tire-mon-chapeau-devant-les-voitures-chinoises-le-fils-du-fondateur-de-lamborghini-annonce-quil-va-en-acheter-une\/#breadcrumb","itemListElement":[{"@type":"ListItem","position":1,"name":"Accueil","item":"https:\/\/www.italpassion.fr\/nl\/"},{"@type":"ListItem","position":2,"name":"\u00ab Je me tire mon chapeau devant les voitures chinoises \u00bb : le fils du fondateur de Lamborghini annonce qu&rsquo;il va en acheter une"}]},{"@type":"WebSite","@id":"https:\/\/www.italpassion.fr\/nl\/#website","url":"https:\/\/www.italpassion.fr\/nl\/","name":"ItalPassion","description":"Italiaanse autoliefhebbers","publisher":{"@id":"https:\/\/www.italpassion.fr\/nl\/#organization"},"potentialAction":[{"@type":"SearchAction","target":{"@type":"EntryPoint","urlTemplate":"https:\/\/www.italpassion.fr\/nl\/?s={search_term_string}"},"query-input":{"@type":"PropertyValueSpecification","valueRequired":true,"valueName":"search_term_string"}}],"inLanguage":"nl-NL"},{"@type":"Organization","@id":"https:\/\/www.italpassion.fr\/nl\/#organization","name":"Italpassion","url":"https:\/\/www.italpassion.fr\/nl\/","logo":{"@type":"ImageObject","inLanguage":"nl-NL","@id":"https:\/\/www.italpassion.fr\/nl\/#\/schema\/logo\/image\/","url":"https:\/\/www.italpassion.fr\/wp-content\/uploads\/2023\/07\/italpassion-yoast.jpg","contentUrl":"https:\/\/www.italpassion.fr\/wp-content\/uploads\/2023\/07\/italpassion-yoast.jpg","width":696,"height":696,"caption":"Italpassion"},"image":{"@id":"https:\/\/www.italpassion.fr\/nl\/#\/schema\/logo\/image\/"},"sameAs":["https:\/\/www.facebook.com\/italpassion","https:\/\/x.com\/italpassion","https:\/\/www.instagram.com\/italpassionfr\/","https:\/\/www.youtube.com\/channel\/UCleq-ByQaA42OjhopwevRjQ","https:\/\/www.facebook.com\/italpassion.en\/","https:\/\/www.facebook.com\/italpassion.it\/","https:\/\/www.facebook.com\/italpassion.de\/","https:\/\/www.facebook.com\/italpassion.ja\/"]},{"@type":"Person","@id":"https:\/\/www.italpassion.fr\/nl\/#\/schema\/person\/36f747b2a759ca202d847e85a9434ca0","name":"Alexandre Filluzeau","image":{"@type":"ImageObject","inLanguage":"nl-NL","@id":"https:\/\/www.italpassion.fr\/nl\/#\/schema\/person\/image\/","url":"https:\/\/www.italpassion.fr\/wp-content\/uploads\/2025\/04\/avatar-alexandre-160x160.jpg","contentUrl":"https:\/\/www.italpassion.fr\/wp-content\/uploads\/2025\/04\/avatar-alexandre-160x160.jpg","caption":"Alexandre Filluzeau"},"description":"Oprichter van de website ItalPassion, gepassioneerd door Italiaanse auto's en Itali\u00eb in het algemeen. Waar mogelijk breng ik een kritisch en technisch oog naar nieuws over Italiaanse merken. Eigenaar van een Maserati GranTurismo, Alfa Romeo MiTo, Lancia Fulvia en Ducati 695. Ex-eigenaar van een Alfa Romeo Giulia.","sameAs":["https:\/\/www.italpassion.fr\/"],"url":"https:\/\/www.italpassion.fr\/nl\/author\/alexandre\/"}]}},"_links":{"self":[{"href":"https:\/\/www.italpassion.fr\/nl\/wp-json\/wp\/v2\/posts\/47364","targetHints":{"allow":["GET"]}}],"collection":[{"href":"https:\/\/www.italpassion.fr\/nl\/wp-json\/wp\/v2\/posts"}],"about":[{"href":"https:\/\/www.italpassion.fr\/nl\/wp-json\/wp\/v2\/types\/post"}],"author":[{"embeddable":true,"href":"https:\/\/www.italpassion.fr\/nl\/wp-json\/wp\/v2\/users\/1"}],"replies":[{"embeddable":true,"href":"https:\/\/www.italpassion.fr\/nl\/wp-json\/wp\/v2\/comments?post=47364"}],"version-history":[{"count":1,"href":"https:\/\/www.italpassion.fr\/nl\/wp-json\/wp\/v2\/posts\/47364\/revisions"}],"predecessor-version":[{"id":47366,"href":"https:\/\/www.italpassion.fr\/nl\/wp-json\/wp\/v2\/posts\/47364\/revisions\/47366"}],"wp:featuredmedia":[{"embeddable":true,"href":"https:\/\/www.italpassion.fr\/nl\/wp-json\/wp\/v2\/media\/47365"}],"wp:attachment":[{"href":"https:\/\/www.italpassion.fr\/nl\/wp-json\/wp\/v2\/media?parent=47364"}],"wp:term":[{"taxonomy":"category","embeddable":true,"href":"https:\/\/www.italpassion.fr\/nl\/wp-json\/wp\/v2\/categories?post=47364"},{"taxonomy":"post_tag","embeddable":true,"href":"https:\/\/www.italpassion.fr\/nl\/wp-json\/wp\/v2\/tags?post=47364"}],"curies":[{"name":"wp","href":"https:\/\/api.w.org\/{rel}","templated":true}]}}