{"id":45891,"date":"2026-01-29T15:17:59","date_gmt":"2026-01-29T14:17:59","guid":{"rendered":"https:\/\/www.italpassion.fr\/?p=45891"},"modified":"2026-01-29T15:17:59","modified_gmt":"2026-01-29T14:17:59","slug":"ferrari-296-gt3-evo-geen-gemakkelijke-start-op-daytona","status":"publish","type":"post","link":"https:\/\/www.italpassion.fr\/nl\/competition\/imsa\/ferrari-296-gt3-evo-des-debuts-pas-faciles-a-daytona\/","title":{"rendered":"Ferrari 296 GT3 Evo: een (niet gemakkelijk) debuut op Daytona!"},"content":{"rendered":"<figure class=\"wp-block-image size-full\"><img loading=\"lazy\" decoding=\"async\" width=\"1200\" height=\"800\" src=\"https:\/\/www.italpassion.fr\/wp-content\/uploads\/2026\/01\/296-GT3-EVO.jpg\" alt=\"\" class=\"wp-image-45892\" srcset=\"https:\/\/www.italpassion.fr\/wp-content\/uploads\/2026\/01\/296-GT3-EVO.jpg 1200w, https:\/\/www.italpassion.fr\/wp-content\/uploads\/2026\/01\/296-GT3-EVO-420x280.jpg 420w, https:\/\/www.italpassion.fr\/wp-content\/uploads\/2026\/01\/296-GT3-EVO-768x512.jpg 768w, https:\/\/www.italpassion.fr\/wp-content\/uploads\/2026\/01\/296-GT3-EVO-18x12.jpg 18w\" sizes=\"auto, (max-width: 1200px) 100vw, 1200px\" \/><\/figure>\n\n\n\n<p>Vijf auto's finishten, maar geen overwinning of podium. De allereerste wedstrijd voor de nieuwe Ferrari 296 GT3 Evo vond dit weekend plaats tijdens de 24 uur van Daytona, de openingsronde van het IMSA North American Endurance Championship. \"Zoals voor de race voorspeld, bleek de eerste ronde van het IMSA SportsCar 2026-kampioenschap een moeilijke te zijn voor de auto's uit Maranello\", verklaarde Ferrari in een persbericht na de klassieker in Florida.<\/p>\n\n\n\n<p>Uiteindelijk kon Maranello een aantal ereplaatsen opeisen. In de GTD-categorie stond de N\u00b021 Ferrari van het AF Corse-team na twee ronden op de 5e plaats. In GTD Pro eindigde de 296 GT3 Evo van het Triarsi Competizione-team als 8e. <\/p>\n\n\n\n<h2 class=\"wp-block-heading\">Teleurstellend in GTD Pro<\/h2>\n\n\n\n<p>In deze zwaar bevochten klasse leken de Ferrari's zich niet te kunnen mengen in de strijd om de eerste plaats tegen de Chevrolet Corvettes, Ford Mustangs, Mercedes-AMG GT3's en BMW M4's. Vergeet niet dat de Balance of Performance (BOP), verantwoordelijk voor het uitbalanceren van de auto's, de 296 GT3 Evo dit weekend de lichtste auto op de grid maakte (1.323 kg). Maar het vermogen was beperkt, met 88,9 % aan beschikbare cavalerie onder 190 km\/u en 85 % boven 200 km\/u.<\/p>\n\n\n\n<p>De taak was niet gemakkelijk in de snelle secties van de beroemde \"banking\" of bij het zoeken naar een opening in het verkeer. Dit aspect is altijd cruciaal in een race die vaak in de laatste twee uur wordt beslist. \"Zoals we in de kwalificatie zagen, zijn we er in \u00e9\u00e9n ronde. In de race,<br>het is moeilijker,\" vertelde Lilou Wadoux, de offici\u00eble coureur van het merk hier in de GTD #21, aan Auto Hebdo.<\/p>\n\n\n\n<p>Pech kwam tussenbeide toen twee auto's van de Prancing Horse met elkaar in botsing kwamen. Twee uur na de race stak Daniel Serra (#62 Risi Ferrari) het gras langs het circuit over en botste daarbij op een andere 296 GT3 van het Triarsi-team. \"We moesten ons terugtrekken uit de race vanwege een aanraking die een ongeluk veroorzaakte\", verklaarde de Braziliaan op zijn sociale netwerken.<\/p>\n\n\n\n<p>Ook in de GTD Pro-categorie deed de Ferrari nr. 033 (Triarsi Competizione) een aantal strategische zetten om mee te doen in de strijd om de leiding. Dit was het geval tijdens de laatste neutralisatie, met nog 2u30 te gaan. James Calado bleef op de baan toen het peloton ging tanken. De regerend wereldkampioen lag 2e bij de groene vlag. Toen de wagens werden vrijgegeven, was de 296 GT3<br>was desondanks betrokken bij een omstreden actie met de nr. 4 Corvette van Nico Varrone. Calado werd schuldig bevonden en kreeg een drive-through penalty, wat een einde maakte aan de kansen van de Ferrari op een podiumplaats.<\/p>\n\n\n\n<h2 class=\"wp-block-heading\">Veelbelovend in GTD<\/h2>\n\n\n\n<p>Voor Ferrari waren er echter een paar lichtpuntjes in een race die werd gekenmerkt door een neutralisatie van meer dan 6 uur achter de safety cars, veroorzaakt door dichte nachtmist. Dit was met name het geval in de GTD-categorie. De nr. 70 van het Inception-team, bestuurd door Frederik Schandorff, ging aan de leiding in de GTD-categorie.<br>Tijdens de eerste twee uur nam de auto meerdere keren de leiding. Daarna bleef de nr. 21, ingeschreven door AF Corse, in de top 5 op zondagochtend.<\/p>\n\n\n\n<p>Lilou Wadoux presteerde ook goed. De Fran\u00e7aise - die deze winter haar contract als offici\u00eble Ferrari-coureur verlengde - behoort tot de topcoureurs die door de internationale federatie als 'zilver' zijn geclassificeerd in de nauwlettend in de gaten gehouden B-Pillar-index. We zullen dus moeten wachten op gunstiger omstandigheden.<br>om het potentieel van de Ferrari 296 GT3 Evo te beoordelen. Misschien al tijdens de 12 uur van Sebring, half maart.<\/p>\n\n\n\n<blockquote class=\"wp-block-quote is-layout-flow wp-block-quote-is-layout-flow\"><svg aria-hidden=\"true\" focusable=\"false\" class=\"icon icon-quote\" width=\"48\" height=\"48\"><use xlink:href=\"#icon-quote\"><\/use><\/svg>\n<p><strong>Eerste feedback van Michelin<\/strong><\/p>\n\n\n\n<p>Hier is nog een onderwerp dat Ferrari interesseert. Michelin, de offici\u00eble fabrikant van IMSA, debuteerde twee nieuwe bandenreeksen op Daytona. In GTD en GTD Pro bood het weekend de gelegenheid om de eerste lessen te leren over de uitgebreid herziene Pilot Sport Pro GT H1+-banden. Hun correcte gebruik zal doorslaggevend zijn in IMSA.<\/p>\n\n\n\n<p>Tegelijkertijd maakte de Michelin-man zijn debuut in de hoofdklasse (bekend als GTP) met zijn nieuwe Pilot Sport Endurance. Deze band zal vanaf maart ook worden gebruikt in het wereldkampioenschap (WEC). Deze band wordt binnenkort gemonteerd op de Ferrari 499P, die uitkomt in de categorie Hypercar.<\/p>\n\n\n\n<p>De belangrijkste verandering betreft de eerste koude ronden, volgens de technici van de fabrikant uit Clermont-Ferrand: \"De nieuwe serie biedt een buitengewone verbetering wat betreft het op snelheid komen\", legt Matthieu Bonardel, Michelin Motorsport Director, uit. De gemiddelde ronde vanuit de pits is 5 tot 8 seconden sneller met de 2026 medium band dan met de vorige generatie.<br>alle auto's samen\". In het hoofdkwartier van het uithoudingsprogramma van het Prancing Horse zijn we<br>voeren dit soort informatie waarschijnlijk al in de database in...<\/p>\n<\/blockquote>","protected":false},"excerpt":{"rendered":"","protected":false},"author":6,"featured_media":45892,"comment_status":"open","ping_status":"open","sticky":false,"template":"","format":"standard","meta":{"_acf_changed":false,"_sitemap_exclude":false,"_sitemap_priority":"","_sitemap_frequency":"","footnotes":""},"categories":[584,408,323],"tags":[],"class_list":["post-45891","post","type-post","status-publish","format-standard","has-post-thumbnail","hentry","category-gt3","category-imsa","category-competition","generate-columns","tablet-grid-50","mobile-grid-100","grid-parent","grid-33"],"acf":[],"yoast_head":"<!-- This site is optimized with the Yoast SEO plugin v25.8 - https:\/\/yoast.com\/wordpress\/plugins\/seo\/ -->\n<title>Ferrari 296 GT3\u00a0Evo : des d\u00e9buts (pas faciles) \u00e0 Daytona ! - ItalPassion<\/title>\n<meta name=\"description\" content=\"Cinq voitures \u00e0 l\u2019arriv\u00e9e, mais pas de victoire ou de podium. La toute premi\u00e8re sortie en comp\u00e9tition de la nouvelle Ferrari 296 GT3 Evo a eu lieu ce\" \/>\n<meta name=\"robots\" content=\"index, follow, max-snippet:-1, max-image-preview:large, max-video-preview:-1\" \/>\n<link rel=\"canonical\" href=\"https:\/\/www.italpassion.fr\/nl\/wedstrijd\/imsa\/ferrari-296-gt3-evo-geen-gemakkelijke-start-op-daytona\/\" \/>\n<meta property=\"og:locale\" content=\"nl_NL\" \/>\n<meta property=\"og:type\" content=\"article\" \/>\n<meta property=\"og:title\" content=\"Ferrari 296 GT3\u00a0Evo : des d\u00e9buts (pas faciles) \u00e0 Daytona ! - ItalPassion\" \/>\n<meta property=\"og:description\" content=\"Cinq voitures \u00e0 l\u2019arriv\u00e9e, mais pas de victoire ou de podium. La toute premi\u00e8re sortie en comp\u00e9tition de la nouvelle Ferrari 296 GT3 Evo a eu lieu ce\" \/>\n<meta property=\"og:url\" content=\"https:\/\/www.italpassion.fr\/nl\/wedstrijd\/imsa\/ferrari-296-gt3-evo-geen-gemakkelijke-start-op-daytona\/\" \/>\n<meta property=\"og:site_name\" content=\"ItalPassion\" \/>\n<meta property=\"article:publisher\" content=\"https:\/\/www.facebook.com\/italpassion\" \/>\n<meta property=\"article:published_time\" content=\"2026-01-29T14:17:59+00:00\" \/>\n<meta property=\"og:image\" content=\"https:\/\/www.italpassion.fr\/wp-content\/uploads\/2026\/01\/296-GT3-EVO.jpg\" \/>\n\t<meta property=\"og:image:width\" content=\"1200\" \/>\n\t<meta property=\"og:image:height\" content=\"800\" \/>\n\t<meta property=\"og:image:type\" content=\"image\/jpeg\" \/>\n<meta name=\"author\" content=\"Andy David (Auto Press Club)\" \/>\n<meta name=\"twitter:card\" content=\"summary_large_image\" \/>\n<meta name=\"twitter:creator\" content=\"@italpassion\" \/>\n<meta name=\"twitter:site\" content=\"@italpassion\" \/>\n<script type=\"application\/ld+json\" class=\"yoast-schema-graph\">{\"@context\":\"https:\/\/schema.org\",\"@graph\":[{\"@type\":\"NewsArticle\",\"@id\":\"https:\/\/www.italpassion.fr\/nl\/competition\/imsa\/ferrari-296-gt3-evo-des-debuts-pas-faciles-a-daytona\/#article\",\"isPartOf\":{\"@id\":\"https:\/\/www.italpassion.fr\/nl\/competition\/imsa\/ferrari-296-gt3-evo-des-debuts-pas-faciles-a-daytona\/\"},\"author\":{\"name\":\"Andy David (Auto Press Club)\",\"@id\":\"https:\/\/www.italpassion.fr\/nl\/#\/schema\/person\/567af3a713ef4402a30af608feb37b67\"},\"headline\":\"Ferrari 296 GT3\u00a0Evo : des d\u00e9buts (pas faciles) \u00e0 Daytona !\",\"datePublished\":\"2026-01-29T14:17:59+00:00\",\"mainEntityOfPage\":{\"@id\":\"https:\/\/www.italpassion.fr\/nl\/competition\/imsa\/ferrari-296-gt3-evo-des-debuts-pas-faciles-a-daytona\/\"},\"wordCount\":875,\"commentCount\":0,\"publisher\":{\"@id\":\"https:\/\/www.italpassion.fr\/nl\/#organization\"},\"image\":{\"@id\":\"https:\/\/www.italpassion.fr\/nl\/competition\/imsa\/ferrari-296-gt3-evo-des-debuts-pas-faciles-a-daytona\/#primaryimage\"},\"thumbnailUrl\":\"https:\/\/www.italpassion.fr\/wp-content\/uploads\/2026\/01\/296-GT3-EVO.jpg\",\"articleSection\":[\"GT3\",\"IMSA\",\"Sport Auto\"],\"inLanguage\":\"nl-NL\",\"potentialAction\":[{\"@type\":\"CommentAction\",\"name\":\"Comment\",\"target\":[\"https:\/\/www.italpassion.fr\/nl\/competition\/imsa\/ferrari-296-gt3-evo-des-debuts-pas-faciles-a-daytona\/#respond\"]}]},{\"@type\":\"WebPage\",\"@id\":\"https:\/\/www.italpassion.fr\/nl\/competition\/imsa\/ferrari-296-gt3-evo-des-debuts-pas-faciles-a-daytona\/\",\"url\":\"https:\/\/www.italpassion.fr\/nl\/competition\/imsa\/ferrari-296-gt3-evo-des-debuts-pas-faciles-a-daytona\/\",\"name\":\"Ferrari 296 GT3\u00a0Evo : des d\u00e9buts (pas faciles) \u00e0 Daytona ! - ItalPassion\",\"isPartOf\":{\"@id\":\"https:\/\/www.italpassion.fr\/nl\/#website\"},\"primaryImageOfPage\":{\"@id\":\"https:\/\/www.italpassion.fr\/nl\/competition\/imsa\/ferrari-296-gt3-evo-des-debuts-pas-faciles-a-daytona\/#primaryimage\"},\"image\":{\"@id\":\"https:\/\/www.italpassion.fr\/nl\/competition\/imsa\/ferrari-296-gt3-evo-des-debuts-pas-faciles-a-daytona\/#primaryimage\"},\"thumbnailUrl\":\"https:\/\/www.italpassion.fr\/wp-content\/uploads\/2026\/01\/296-GT3-EVO.jpg\",\"datePublished\":\"2026-01-29T14:17:59+00:00\",\"description\":\"Cinq voitures \u00e0 l\u2019arriv\u00e9e, mais pas de victoire ou de podium. La toute premi\u00e8re sortie en comp\u00e9tition de la nouvelle Ferrari 296 GT3 Evo a eu lieu ce\",\"breadcrumb\":{\"@id\":\"https:\/\/www.italpassion.fr\/nl\/competition\/imsa\/ferrari-296-gt3-evo-des-debuts-pas-faciles-a-daytona\/#breadcrumb\"},\"inLanguage\":\"nl-NL\",\"potentialAction\":[{\"@type\":\"ReadAction\",\"target\":[\"https:\/\/www.italpassion.fr\/nl\/competition\/imsa\/ferrari-296-gt3-evo-des-debuts-pas-faciles-a-daytona\/\"]}]},{\"@type\":\"ImageObject\",\"inLanguage\":\"nl-NL\",\"@id\":\"https:\/\/www.italpassion.fr\/nl\/competition\/imsa\/ferrari-296-gt3-evo-des-debuts-pas-faciles-a-daytona\/#primaryimage\",\"url\":\"https:\/\/www.italpassion.fr\/wp-content\/uploads\/2026\/01\/296-GT3-EVO.jpg\",\"contentUrl\":\"https:\/\/www.italpassion.fr\/wp-content\/uploads\/2026\/01\/296-GT3-EVO.jpg\",\"width\":1200,\"height\":800},{\"@type\":\"BreadcrumbList\",\"@id\":\"https:\/\/www.italpassion.fr\/nl\/competition\/imsa\/ferrari-296-gt3-evo-des-debuts-pas-faciles-a-daytona\/#breadcrumb\",\"itemListElement\":[{\"@type\":\"ListItem\",\"position\":1,\"name\":\"Accueil\",\"item\":\"https:\/\/www.italpassion.fr\/nl\/\"},{\"@type\":\"ListItem\",\"position\":2,\"name\":\"Ferrari 296 GT3\u00a0Evo : des d\u00e9buts (pas faciles) \u00e0 Daytona !\"}]},{\"@type\":\"WebSite\",\"@id\":\"https:\/\/www.italpassion.fr\/nl\/#website\",\"url\":\"https:\/\/www.italpassion.fr\/nl\/\",\"name\":\"ItalPassion\",\"description\":\"Les Passionn\u00e9s d&#039;Automobiles Italiennes\",\"publisher\":{\"@id\":\"https:\/\/www.italpassion.fr\/nl\/#organization\"},\"potentialAction\":[{\"@type\":\"SearchAction\",\"target\":{\"@type\":\"EntryPoint\",\"urlTemplate\":\"https:\/\/www.italpassion.fr\/nl\/?s={search_term_string}\"},\"query-input\":{\"@type\":\"PropertyValueSpecification\",\"valueRequired\":true,\"valueName\":\"search_term_string\"}}],\"inLanguage\":\"nl-NL\"},{\"@type\":\"Organization\",\"@id\":\"https:\/\/www.italpassion.fr\/nl\/#organization\",\"name\":\"Italpassion\",\"url\":\"https:\/\/www.italpassion.fr\/nl\/\",\"logo\":{\"@type\":\"ImageObject\",\"inLanguage\":\"nl-NL\",\"@id\":\"https:\/\/www.italpassion.fr\/nl\/#\/schema\/logo\/image\/\",\"url\":\"https:\/\/www.italpassion.fr\/wp-content\/uploads\/2023\/07\/italpassion-yoast.jpg\",\"contentUrl\":\"https:\/\/www.italpassion.fr\/wp-content\/uploads\/2023\/07\/italpassion-yoast.jpg\",\"width\":696,\"height\":696,\"caption\":\"Italpassion\"},\"image\":{\"@id\":\"https:\/\/www.italpassion.fr\/nl\/#\/schema\/logo\/image\/\"},\"sameAs\":[\"https:\/\/www.facebook.com\/italpassion\",\"https:\/\/x.com\/italpassion\",\"https:\/\/www.instagram.com\/italpassionfr\/\",\"https:\/\/www.youtube.com\/channel\/UCleq-ByQaA42OjhopwevRjQ\",\"https:\/\/www.facebook.com\/italpassion.en\/\",\"https:\/\/www.facebook.com\/italpassion.it\/\",\"https:\/\/www.facebook.com\/italpassion.de\/\",\"https:\/\/www.facebook.com\/italpassion.ja\/\"]},{\"@type\":\"Person\",\"@id\":\"https:\/\/www.italpassion.fr\/nl\/#\/schema\/person\/567af3a713ef4402a30af608feb37b67\",\"name\":\"Andy David (Auto Press Club)\",\"image\":{\"@type\":\"ImageObject\",\"inLanguage\":\"nl-NL\",\"@id\":\"https:\/\/www.italpassion.fr\/nl\/#\/schema\/person\/image\/\",\"url\":\"https:\/\/www.italpassion.fr\/wp-content\/plugins\/generateperf\/images\/icons\/avatar.svg\",\"contentUrl\":\"https:\/\/www.italpassion.fr\/wp-content\/plugins\/generateperf\/images\/icons\/avatar.svg\",\"caption\":\"Andy David (Auto Press Club)\"},\"description\":\"Andy David est journaliste sp\u00e9cialis\u00e9 en sport automobile pour Auto Press Club\",\"url\":\"https:\/\/www.italpassion.fr\/nl\/author\/andy\/\"}]}<\/script>\n<!-- \/ Yoast SEO plugin. -->","yoast_head_json":{"title":"Ferrari 296 GT3 Evo: geen gemakkelijk debuut op Daytona! - Itali\u00eb Passie","description":"Vijf auto's finishten, maar geen overwinning of podium. Het allereerste competitieoptreden van de nieuwe Ferrari 296 GT3 Evo vond deze week plaats.","robots":{"index":"index","follow":"follow","max-snippet":"max-snippet:-1","max-image-preview":"max-image-preview:large","max-video-preview":"max-video-preview:-1"},"canonical":"https:\/\/www.italpassion.fr\/nl\/wedstrijd\/imsa\/ferrari-296-gt3-evo-geen-gemakkelijke-start-op-daytona\/","og_locale":"nl_NL","og_type":"article","og_title":"Ferrari 296 GT3\u00a0Evo : des d\u00e9buts (pas faciles) \u00e0 Daytona ! - ItalPassion","og_description":"Cinq voitures \u00e0 l\u2019arriv\u00e9e, mais pas de victoire ou de podium. La toute premi\u00e8re sortie en comp\u00e9tition de la nouvelle Ferrari 296 GT3 Evo a eu lieu ce","og_url":"https:\/\/www.italpassion.fr\/nl\/wedstrijd\/imsa\/ferrari-296-gt3-evo-geen-gemakkelijke-start-op-daytona\/","og_site_name":"ItalPassion","article_publisher":"https:\/\/www.facebook.com\/italpassion","article_published_time":"2026-01-29T14:17:59+00:00","og_image":[{"width":1200,"height":800,"url":"https:\/\/www.italpassion.fr\/wp-content\/uploads\/2026\/01\/296-GT3-EVO.jpg","type":"image\/jpeg"}],"author":"Andy David (Auto Press Club)","twitter_card":"summary_large_image","twitter_creator":"@italpassion","twitter_site":"@italpassion","schema":{"@context":"https:\/\/schema.org","@graph":[{"@type":"NewsArticle","@id":"https:\/\/www.italpassion.fr\/nl\/competition\/imsa\/ferrari-296-gt3-evo-des-debuts-pas-faciles-a-daytona\/#article","isPartOf":{"@id":"https:\/\/www.italpassion.fr\/nl\/competition\/imsa\/ferrari-296-gt3-evo-des-debuts-pas-faciles-a-daytona\/"},"author":{"name":"Andy David (Auto Press Club)","@id":"https:\/\/www.italpassion.fr\/nl\/#\/schema\/person\/567af3a713ef4402a30af608feb37b67"},"headline":"Ferrari 296 GT3\u00a0Evo : des d\u00e9buts (pas faciles) \u00e0 Daytona !","datePublished":"2026-01-29T14:17:59+00:00","mainEntityOfPage":{"@id":"https:\/\/www.italpassion.fr\/nl\/competition\/imsa\/ferrari-296-gt3-evo-des-debuts-pas-faciles-a-daytona\/"},"wordCount":875,"commentCount":0,"publisher":{"@id":"https:\/\/www.italpassion.fr\/nl\/#organization"},"image":{"@id":"https:\/\/www.italpassion.fr\/nl\/competition\/imsa\/ferrari-296-gt3-evo-des-debuts-pas-faciles-a-daytona\/#primaryimage"},"thumbnailUrl":"https:\/\/www.italpassion.fr\/wp-content\/uploads\/2026\/01\/296-GT3-EVO.jpg","articleSection":["GT3","IMSA","Sport Auto"],"inLanguage":"nl-NL","potentialAction":[{"@type":"CommentAction","name":"Comment","target":["https:\/\/www.italpassion.fr\/nl\/competition\/imsa\/ferrari-296-gt3-evo-des-debuts-pas-faciles-a-daytona\/#respond"]}]},{"@type":"WebPage","@id":"https:\/\/www.italpassion.fr\/nl\/competition\/imsa\/ferrari-296-gt3-evo-des-debuts-pas-faciles-a-daytona\/","url":"https:\/\/www.italpassion.fr\/nl\/competition\/imsa\/ferrari-296-gt3-evo-des-debuts-pas-faciles-a-daytona\/","name":"Ferrari 296 GT3 Evo: geen gemakkelijk debuut op Daytona! - Itali\u00eb Passie","isPartOf":{"@id":"https:\/\/www.italpassion.fr\/nl\/#website"},"primaryImageOfPage":{"@id":"https:\/\/www.italpassion.fr\/nl\/competition\/imsa\/ferrari-296-gt3-evo-des-debuts-pas-faciles-a-daytona\/#primaryimage"},"image":{"@id":"https:\/\/www.italpassion.fr\/nl\/competition\/imsa\/ferrari-296-gt3-evo-des-debuts-pas-faciles-a-daytona\/#primaryimage"},"thumbnailUrl":"https:\/\/www.italpassion.fr\/wp-content\/uploads\/2026\/01\/296-GT3-EVO.jpg","datePublished":"2026-01-29T14:17:59+00:00","description":"Vijf auto's finishten, maar geen overwinning of podium. Het allereerste competitieoptreden van de nieuwe Ferrari 296 GT3 Evo vond deze week plaats.","breadcrumb":{"@id":"https:\/\/www.italpassion.fr\/nl\/competition\/imsa\/ferrari-296-gt3-evo-des-debuts-pas-faciles-a-daytona\/#breadcrumb"},"inLanguage":"nl-NL","potentialAction":[{"@type":"ReadAction","target":["https:\/\/www.italpassion.fr\/nl\/competition\/imsa\/ferrari-296-gt3-evo-des-debuts-pas-faciles-a-daytona\/"]}]},{"@type":"ImageObject","inLanguage":"nl-NL","@id":"https:\/\/www.italpassion.fr\/nl\/competition\/imsa\/ferrari-296-gt3-evo-des-debuts-pas-faciles-a-daytona\/#primaryimage","url":"https:\/\/www.italpassion.fr\/wp-content\/uploads\/2026\/01\/296-GT3-EVO.jpg","contentUrl":"https:\/\/www.italpassion.fr\/wp-content\/uploads\/2026\/01\/296-GT3-EVO.jpg","width":1200,"height":800},{"@type":"BreadcrumbList","@id":"https:\/\/www.italpassion.fr\/nl\/competition\/imsa\/ferrari-296-gt3-evo-des-debuts-pas-faciles-a-daytona\/#breadcrumb","itemListElement":[{"@type":"ListItem","position":1,"name":"Accueil","item":"https:\/\/www.italpassion.fr\/nl\/"},{"@type":"ListItem","position":2,"name":"Ferrari 296 GT3\u00a0Evo : des d\u00e9buts (pas faciles) \u00e0 Daytona !"}]},{"@type":"WebSite","@id":"https:\/\/www.italpassion.fr\/nl\/#website","url":"https:\/\/www.italpassion.fr\/nl\/","name":"ItalPassion","description":"Italiaanse autoliefhebbers","publisher":{"@id":"https:\/\/www.italpassion.fr\/nl\/#organization"},"potentialAction":[{"@type":"SearchAction","target":{"@type":"EntryPoint","urlTemplate":"https:\/\/www.italpassion.fr\/nl\/?s={search_term_string}"},"query-input":{"@type":"PropertyValueSpecification","valueRequired":true,"valueName":"search_term_string"}}],"inLanguage":"nl-NL"},{"@type":"Organization","@id":"https:\/\/www.italpassion.fr\/nl\/#organization","name":"Italpassion","url":"https:\/\/www.italpassion.fr\/nl\/","logo":{"@type":"ImageObject","inLanguage":"nl-NL","@id":"https:\/\/www.italpassion.fr\/nl\/#\/schema\/logo\/image\/","url":"https:\/\/www.italpassion.fr\/wp-content\/uploads\/2023\/07\/italpassion-yoast.jpg","contentUrl":"https:\/\/www.italpassion.fr\/wp-content\/uploads\/2023\/07\/italpassion-yoast.jpg","width":696,"height":696,"caption":"Italpassion"},"image":{"@id":"https:\/\/www.italpassion.fr\/nl\/#\/schema\/logo\/image\/"},"sameAs":["https:\/\/www.facebook.com\/italpassion","https:\/\/x.com\/italpassion","https:\/\/www.instagram.com\/italpassionfr\/","https:\/\/www.youtube.com\/channel\/UCleq-ByQaA42OjhopwevRjQ","https:\/\/www.facebook.com\/italpassion.en\/","https:\/\/www.facebook.com\/italpassion.it\/","https:\/\/www.facebook.com\/italpassion.de\/","https:\/\/www.facebook.com\/italpassion.ja\/"]},{"@type":"Person","@id":"https:\/\/www.italpassion.fr\/nl\/#\/schema\/person\/567af3a713ef4402a30af608feb37b67","name":"Andy David (Auto Press Club)","image":{"@type":"ImageObject","inLanguage":"nl-NL","@id":"https:\/\/www.italpassion.fr\/nl\/#\/schema\/person\/image\/","url":"https:\/\/www.italpassion.fr\/wp-content\/plugins\/generateperf\/images\/icons\/avatar.svg","contentUrl":"https:\/\/www.italpassion.fr\/wp-content\/plugins\/generateperf\/images\/icons\/avatar.svg","caption":"Andy David (Auto Press Club)"},"description":"Andy David is autosportjournalist voor Auto Press Club.","url":"https:\/\/www.italpassion.fr\/nl\/author\/andy\/"}]}},"_links":{"self":[{"href":"https:\/\/www.italpassion.fr\/nl\/wp-json\/wp\/v2\/posts\/45891","targetHints":{"allow":["GET"]}}],"collection":[{"href":"https:\/\/www.italpassion.fr\/nl\/wp-json\/wp\/v2\/posts"}],"about":[{"href":"https:\/\/www.italpassion.fr\/nl\/wp-json\/wp\/v2\/types\/post"}],"author":[{"embeddable":true,"href":"https:\/\/www.italpassion.fr\/nl\/wp-json\/wp\/v2\/users\/6"}],"replies":[{"embeddable":true,"href":"https:\/\/www.italpassion.fr\/nl\/wp-json\/wp\/v2\/comments?post=45891"}],"version-history":[{"count":1,"href":"https:\/\/www.italpassion.fr\/nl\/wp-json\/wp\/v2\/posts\/45891\/revisions"}],"predecessor-version":[{"id":45893,"href":"https:\/\/www.italpassion.fr\/nl\/wp-json\/wp\/v2\/posts\/45891\/revisions\/45893"}],"wp:featuredmedia":[{"embeddable":true,"href":"https:\/\/www.italpassion.fr\/nl\/wp-json\/wp\/v2\/media\/45892"}],"wp:attachment":[{"href":"https:\/\/www.italpassion.fr\/nl\/wp-json\/wp\/v2\/media?parent=45891"}],"wp:term":[{"taxonomy":"category","embeddable":true,"href":"https:\/\/www.italpassion.fr\/nl\/wp-json\/wp\/v2\/categories?post=45891"},{"taxonomy":"post_tag","embeddable":true,"href":"https:\/\/www.italpassion.fr\/nl\/wp-json\/wp\/v2\/tags?post=45891"}],"curies":[{"name":"wp","href":"https:\/\/api.w.org\/{rel}","templated":true}]}}