{"id":45799,"date":"2026-01-27T16:57:45","date_gmt":"2026-01-27T15:57:45","guid":{"rendered":"https:\/\/www.italpassion.fr\/?p=45799"},"modified":"2026-01-27T16:57:45","modified_gmt":"2026-01-27T15:57:45","slug":"f1-de-ferrari-sf-26-maakt-indruk-bij-zijn-debuut-charles-leclerc-ik-hoop-dat-wij-het-team-zijn-dat-het-verschil-maakt","status":"publish","type":"post","link":"https:\/\/www.italpassion.fr\/nl\/competition\/formule-1\/f1-la-ferrari-sf-26-impressionne-pour-ses-debuts-charles-leclerc-jespere-que-nous-serons-lequipe-qui-reussira-a-faire-la-difference\/","title":{"rendered":"F1: de Ferrari SF-26 maakt indruk bij zijn debuut, Charles Leclerc: \"Ik hoop dat wij het team zijn dat het verschil maakt\"."},"content":{"rendered":"<figure class=\"wp-block-image size-full\"><img loading=\"lazy\" decoding=\"async\" width=\"1200\" height=\"800\" src=\"https:\/\/www.italpassion.fr\/wp-content\/uploads\/2026\/01\/charles-sf26.jpg\" alt=\"\" class=\"wp-image-45802\" srcset=\"https:\/\/www.italpassion.fr\/wp-content\/uploads\/2026\/01\/charles-sf26.jpg 1200w, https:\/\/www.italpassion.fr\/wp-content\/uploads\/2026\/01\/charles-sf26-420x280.jpg 420w, https:\/\/www.italpassion.fr\/wp-content\/uploads\/2026\/01\/charles-sf26-768x512.jpg 768w, https:\/\/www.italpassion.fr\/wp-content\/uploads\/2026\/01\/charles-sf26-18x12.jpg 18w\" sizes=\"auto, (max-width: 1200px) 100vw, 1200px\" \/><\/figure>\n\n\n\n<p>La <a href=\"https:\/\/www.italpassion.fr\/nl\/tag\/scuderia-ferrari\/\">Scuderia Ferrari<\/a> begon de eerste dag van de priv\u00e9tests in Barcelona met een resoluut methodische aanpak. Hoewel de weersomstandigheden niet ideaal waren, met lichte regen in de ochtend, verstoorde dit geenszins het programma dat het Italiaanse team had gepland. Aan het stuur van de gloednieuwe Ferrari SF-26 kon Charles Leclerc zijn eerste ronden achter gesloten deuren afleggen, met een duidelijk doel: de auto begrijpen en niet op zoek gaan naar onmiddellijke prestaties. Ge\u00efnterviewd door <a href=\"https:\/\/www.italpassion.fr\/nl\/wedstrijd\/formule-1\/\">F1<\/a>De Monegask was erop gebrand om de situatie in perspectief te plaatsen: ondanks een bij vlagen natte baan kon Ferrari haar plan zonder problemen uitvoeren. Het belangrijkste was volgens hem elders. Het belangrijkste doel van deze eerste test was om te controleren of de vele nieuwe systemen die in de SF-26 zijn ge\u00efntegreerd goed werken, een noodzakelijke stap in deze vroege fase van het seizoen.<\/p>\n\n\n\n<h2 class=\"wp-block-heading\">Een Ferrari SF-26 zonder onaangename verrassingen<\/h2>\n\n\n\n<p>In dat opzicht waren de resultaten bemoedigend. Charles Leclerc was tevreden over de algehele wegligging van de auto en bevestigde dat alles werkte zoals gepland. Er waren geen noemenswaardige technische problemen tijdens de ochtend, wat een positief teken is voor Ferrari in dit stadium van ontwikkeling. Op het droge circuit zette Leclerc een onoffici\u00eble tijd neer van 1'20.8, iets achter Max Verstappen en de Red Bull RB22, die een 1'20.0 klokte. Deze tijden moeten met veel perspectief worden bekeken, aangezien de teams zich voornamelijk concentreren op het verzamelen van gegevens, aerodynamica en het beheer van de nieuwe aandrijflijnen, in plaats van op pure snelheid. De sessie werd kort onderbroken door een spin van Verstappen, het enige noemenswaardige incident van de ochtend. Zonder gevolgen voor de Red Bull werd de test snel hervat.<\/p>\n\n\n\n<h2 class=\"wp-block-heading\">Regen, een test op ware grootte<\/h2>\n\n\n\n<p>Zoals voorspeld door de weersvoorspellingen, begon het rond 10.30 uur te regenen. Het was een nieuwe kans voor Ferrari om het gedrag van de SF-26 in lastige omstandigheden te testen. Charles Leclerc, die was uitgerust met regenbanden die herkenbaar zijn aan hun brede groeven en blauwe strepen, zag zijn tijden aanvankelijk omhoog schieten, maar zag ze geleidelijk teruglopen naarmate het circuit opdroogde. In totaal legde de Monegaskische coureur ongeveer 50 ronden af, waarmee hij in de buurt kwam van een volledige Grand Prix-afstand op het circuit van Montmel\u00f3. Het grote aantal ronden stelde Ferrari in staat om waardevolle informatie te verzamelen, des te belangrijker omdat Leclerc de eerste was die deze week met de SF-26 reed.<\/p>\n\n\n\n<figure class=\"wp-block-image size-full\"><img loading=\"lazy\" decoding=\"async\" width=\"1200\" height=\"800\" src=\"https:\/\/www.italpassion.fr\/wp-content\/uploads\/2026\/01\/sf26-barcelona.jpg\" alt=\"\" class=\"wp-image-45800\" srcset=\"https:\/\/www.italpassion.fr\/wp-content\/uploads\/2026\/01\/sf26-barcelona.jpg 1200w, https:\/\/www.italpassion.fr\/wp-content\/uploads\/2026\/01\/sf26-barcelona-420x280.jpg 420w, https:\/\/www.italpassion.fr\/wp-content\/uploads\/2026\/01\/sf26-barcelona-768x512.jpg 768w, https:\/\/www.italpassion.fr\/wp-content\/uploads\/2026\/01\/sf26-barcelona-18x12.jpg 18w\" sizes=\"auto, (max-width: 1200px) 100vw, 1200px\" \/><\/figure>\n\n\n\n<h2 class=\"wp-block-heading\">Een seizoen vol kansen volgens Leclerc<\/h2>\n\n\n\n<p>Naast de cijfers en de afgelegde ronden is het vooral de speech van Charles Leclerc die in het oog springt. De Ferrari-coureur kijkt al met een zekere spanning vooruit naar wat komen gaat. Hij kan niet wachten om te zien wat de andere teams in petto hebben wanneer het testen representatiever wordt en iedereen harder gaat pushen. Voor Leclerc kan het komende seizoen de kaarten opnieuw schudden. Hij gelooft dat de huidige context elk team een echte kans biedt om het verschil te maken, misschien zelfs om grotere gaten te slaan dan in de afgelopen jaren. Een uitspraak die een voorzichtig maar zeer re\u00ebel optimisme weerspiegelt.<\/p>\n\n\n\n<h2 class=\"wp-block-heading\">\"Breng Ferrari terug naar de top<\/h2>\n\n\n\n<p>Tot slot maakte de Monegask geen geheim van zijn ambitie. Wat Ferrari's startpositie dit seizoen ook is, het doel blijft onveranderd: zo hard mogelijk pushen om de Scuderia terug te brengen naar de top van de Formule 1. <\/p>\n\n\n\n<blockquote class=\"wp-block-quote is-layout-flow wp-block-quote-is-layout-flow\"><svg aria-hidden=\"true\" focusable=\"false\" class=\"icon icon-quote\" width=\"48\" height=\"48\"><use xlink:href=\"#icon-quote\"><\/use><\/svg>\n<p>\"Ik ben erg enthousiast. Ik kan niet wachten om te zien wat de anderen in petto hebben en, wanneer we wat meer gaan pushen, om te zien waar we staan ten opzichte van de anderen. Ik denk dat dit jaar een geweldige kans is voor alle teams om iets anders te doen en misschien een groter voordeel te behalen dan we de afgelopen jaren hebben gezien. Ik hoop dat wij het team zijn dat het verschil kan maken, maar wat onze start ook wordt, we zullen zo hard mogelijk pushen om te proberen Ferrari terug aan de top te krijgen. Het is al een paar jaar geleden, dus ik hoop dat dit jaar het onze wordt.\"<\/p>\n<\/blockquote>\n\n\n\n<blockquote class=\"twitter-tweet\" data-media-max-width=\"560\"><p lang=\"en\" dir=\"ltr\">Het steigerende paard strekt zijn benen in Barcelona! \ud83d\udc0e<br><br>Ferrari rijdt voor het eerst dit jaar rondjes op Circuit de Barcelona-Catalunya \ud83d\udca8<a href=\"https:\/\/twitter.com\/hashtag\/F1?src=hash&amp;ref_src=twsrc%5Etfw\">#F1<\/a> <a href=\"https:\/\/t.co\/xLPKEA7ahp\">pic.twitter.com\/xLPKEA7ahp<\/a><\/p>- Formule 1 (@F1) <a href=\"https:\/\/twitter.com\/F1\/status\/2016156993464254912?ref_src=twsrc%5Etfw\">27 januari 2026<\/a><\/blockquote> <script async src=\"https:\/\/platform.twitter.com\/widgets.js\" charset=\"utf-8\"><\/script>","protected":false},"excerpt":{"rendered":"","protected":false},"author":1,"featured_media":45802,"comment_status":"open","ping_status":"open","sticky":false,"template":"","format":"standard","meta":{"_acf_changed":false,"_sitemap_exclude":false,"_sitemap_priority":"","_sitemap_frequency":"","footnotes":""},"categories":[328,323],"tags":[346,370],"class_list":["post-45799","post","type-post","status-publish","format-standard","has-post-thumbnail","hentry","category-formule-1","category-competition","tag-charles-leclerc","tag-scuderia-ferrari","generate-columns","tablet-grid-50","mobile-grid-100","grid-parent","grid-33"],"acf":[],"yoast_head":"<!-- This site is optimized with the Yoast SEO plugin v25.8 - https:\/\/yoast.com\/wordpress\/plugins\/seo\/ -->\n<title>F1 : la Ferrari SF-26 impressionne pour ses d\u00e9buts, Charles Leclerc : &quot;J&#039;\u00e9sp\u00e8re que nous serons l&#039;\u00e9quipe qui r\u00e9ussira \u00e0 faire la diff\u00e9rence&quot; - ItalPassion<\/title>\n<meta name=\"description\" content=\"La Scuderia Ferrari a entam\u00e9 sa premi\u00e8re journ\u00e9e d\u2019essais priv\u00e9s \u00e0 Barcelone avec une approche r\u00e9solument m\u00e9thodique. Si la m\u00e9t\u00e9o n\u2019a pas offert des\" \/>\n<meta name=\"robots\" content=\"index, follow, max-snippet:-1, max-image-preview:large, max-video-preview:-1\" \/>\n<link rel=\"canonical\" href=\"https:\/\/www.italpassion.fr\/nl\/wedstrijd\/formule-1\/f1-de-ferrari-sf-26-maakt-indruk-bij-zijn-debuut-charles-leclerc-ik-hoop-dat-wij-het-team-zijn-dat-het-verschil-maakt\/\" \/>\n<meta property=\"og:locale\" content=\"nl_NL\" \/>\n<meta property=\"og:type\" content=\"article\" \/>\n<meta property=\"og:title\" content=\"F1 : la Ferrari SF-26 impressionne pour ses d\u00e9buts, Charles Leclerc : &quot;J&#039;\u00e9sp\u00e8re que nous serons l&#039;\u00e9quipe qui r\u00e9ussira \u00e0 faire la diff\u00e9rence&quot; - ItalPassion\" \/>\n<meta property=\"og:description\" content=\"La Scuderia Ferrari a entam\u00e9 sa premi\u00e8re journ\u00e9e d\u2019essais priv\u00e9s \u00e0 Barcelone avec une approche r\u00e9solument m\u00e9thodique. Si la m\u00e9t\u00e9o n\u2019a pas offert des\" \/>\n<meta property=\"og:url\" content=\"https:\/\/www.italpassion.fr\/nl\/wedstrijd\/formule-1\/f1-de-ferrari-sf-26-maakt-indruk-bij-zijn-debuut-charles-leclerc-ik-hoop-dat-wij-het-team-zijn-dat-het-verschil-maakt\/\" \/>\n<meta property=\"og:site_name\" content=\"ItalPassion\" \/>\n<meta property=\"article:publisher\" content=\"https:\/\/www.facebook.com\/italpassion\" \/>\n<meta property=\"article:published_time\" content=\"2026-01-27T15:57:45+00:00\" \/>\n<meta property=\"og:image\" content=\"https:\/\/www.italpassion.fr\/wp-content\/uploads\/2026\/01\/charles-sf26.jpg\" \/>\n\t<meta property=\"og:image:width\" content=\"1200\" \/>\n\t<meta property=\"og:image:height\" content=\"800\" \/>\n\t<meta property=\"og:image:type\" content=\"image\/jpeg\" \/>\n<meta name=\"author\" content=\"Alexandre Filluzeau\" \/>\n<meta name=\"twitter:card\" content=\"summary_large_image\" \/>\n<meta name=\"twitter:creator\" content=\"@italpassion\" \/>\n<meta name=\"twitter:site\" content=\"@italpassion\" \/>\n<script type=\"application\/ld+json\" class=\"yoast-schema-graph\">{\"@context\":\"https:\/\/schema.org\",\"@graph\":[{\"@type\":\"NewsArticle\",\"@id\":\"https:\/\/www.italpassion.fr\/nl\/competition\/formule-1\/f1-la-ferrari-sf-26-impressionne-pour-ses-debuts-charles-leclerc-jespere-que-nous-serons-lequipe-qui-reussira-a-faire-la-difference\/#article\",\"isPartOf\":{\"@id\":\"https:\/\/www.italpassion.fr\/nl\/competition\/formule-1\/f1-la-ferrari-sf-26-impressionne-pour-ses-debuts-charles-leclerc-jespere-que-nous-serons-lequipe-qui-reussira-a-faire-la-difference\/\"},\"author\":{\"name\":\"Alexandre Filluzeau\",\"@id\":\"https:\/\/www.italpassion.fr\/nl\/#\/schema\/person\/36f747b2a759ca202d847e85a9434ca0\"},\"headline\":\"F1 : la Ferrari SF-26 impressionne pour ses d\u00e9buts, Charles Leclerc : \u00ab\u00a0J&rsquo;\u00e9sp\u00e8re que nous serons l&rsquo;\u00e9quipe qui r\u00e9ussira \u00e0 faire la diff\u00e9rence\u00a0\u00bb\",\"datePublished\":\"2026-01-27T15:57:45+00:00\",\"mainEntityOfPage\":{\"@id\":\"https:\/\/www.italpassion.fr\/nl\/competition\/formule-1\/f1-la-ferrari-sf-26-impressionne-pour-ses-debuts-charles-leclerc-jespere-que-nous-serons-lequipe-qui-reussira-a-faire-la-difference\/\"},\"wordCount\":812,\"commentCount\":0,\"publisher\":{\"@id\":\"https:\/\/www.italpassion.fr\/nl\/#organization\"},\"image\":{\"@id\":\"https:\/\/www.italpassion.fr\/nl\/competition\/formule-1\/f1-la-ferrari-sf-26-impressionne-pour-ses-debuts-charles-leclerc-jespere-que-nous-serons-lequipe-qui-reussira-a-faire-la-difference\/#primaryimage\"},\"thumbnailUrl\":\"https:\/\/www.italpassion.fr\/wp-content\/uploads\/2026\/01\/charles-sf26.jpg\",\"keywords\":[\"Charles Leclerc\",\"Scuderia Ferrari\"],\"articleSection\":[\"Formule 1\",\"Sport Auto\"],\"inLanguage\":\"nl-NL\",\"potentialAction\":[{\"@type\":\"CommentAction\",\"name\":\"Comment\",\"target\":[\"https:\/\/www.italpassion.fr\/nl\/competition\/formule-1\/f1-la-ferrari-sf-26-impressionne-pour-ses-debuts-charles-leclerc-jespere-que-nous-serons-lequipe-qui-reussira-a-faire-la-difference\/#respond\"]}]},{\"@type\":\"WebPage\",\"@id\":\"https:\/\/www.italpassion.fr\/nl\/competition\/formule-1\/f1-la-ferrari-sf-26-impressionne-pour-ses-debuts-charles-leclerc-jespere-que-nous-serons-lequipe-qui-reussira-a-faire-la-difference\/\",\"url\":\"https:\/\/www.italpassion.fr\/nl\/competition\/formule-1\/f1-la-ferrari-sf-26-impressionne-pour-ses-debuts-charles-leclerc-jespere-que-nous-serons-lequipe-qui-reussira-a-faire-la-difference\/\",\"name\":\"F1 : la Ferrari SF-26 impressionne pour ses d\u00e9buts, Charles Leclerc : \\\"J'\u00e9sp\u00e8re que nous serons l'\u00e9quipe qui r\u00e9ussira \u00e0 faire la diff\u00e9rence\\\" - ItalPassion\",\"isPartOf\":{\"@id\":\"https:\/\/www.italpassion.fr\/nl\/#website\"},\"primaryImageOfPage\":{\"@id\":\"https:\/\/www.italpassion.fr\/nl\/competition\/formule-1\/f1-la-ferrari-sf-26-impressionne-pour-ses-debuts-charles-leclerc-jespere-que-nous-serons-lequipe-qui-reussira-a-faire-la-difference\/#primaryimage\"},\"image\":{\"@id\":\"https:\/\/www.italpassion.fr\/nl\/competition\/formule-1\/f1-la-ferrari-sf-26-impressionne-pour-ses-debuts-charles-leclerc-jespere-que-nous-serons-lequipe-qui-reussira-a-faire-la-difference\/#primaryimage\"},\"thumbnailUrl\":\"https:\/\/www.italpassion.fr\/wp-content\/uploads\/2026\/01\/charles-sf26.jpg\",\"datePublished\":\"2026-01-27T15:57:45+00:00\",\"description\":\"La Scuderia Ferrari a entam\u00e9 sa premi\u00e8re journ\u00e9e d\u2019essais priv\u00e9s \u00e0 Barcelone avec une approche r\u00e9solument m\u00e9thodique. Si la m\u00e9t\u00e9o n\u2019a pas offert des\",\"breadcrumb\":{\"@id\":\"https:\/\/www.italpassion.fr\/nl\/competition\/formule-1\/f1-la-ferrari-sf-26-impressionne-pour-ses-debuts-charles-leclerc-jespere-que-nous-serons-lequipe-qui-reussira-a-faire-la-difference\/#breadcrumb\"},\"inLanguage\":\"nl-NL\",\"potentialAction\":[{\"@type\":\"ReadAction\",\"target\":[\"https:\/\/www.italpassion.fr\/nl\/competition\/formule-1\/f1-la-ferrari-sf-26-impressionne-pour-ses-debuts-charles-leclerc-jespere-que-nous-serons-lequipe-qui-reussira-a-faire-la-difference\/\"]}]},{\"@type\":\"ImageObject\",\"inLanguage\":\"nl-NL\",\"@id\":\"https:\/\/www.italpassion.fr\/nl\/competition\/formule-1\/f1-la-ferrari-sf-26-impressionne-pour-ses-debuts-charles-leclerc-jespere-que-nous-serons-lequipe-qui-reussira-a-faire-la-difference\/#primaryimage\",\"url\":\"https:\/\/www.italpassion.fr\/wp-content\/uploads\/2026\/01\/charles-sf26.jpg\",\"contentUrl\":\"https:\/\/www.italpassion.fr\/wp-content\/uploads\/2026\/01\/charles-sf26.jpg\",\"width\":1200,\"height\":800},{\"@type\":\"BreadcrumbList\",\"@id\":\"https:\/\/www.italpassion.fr\/nl\/competition\/formule-1\/f1-la-ferrari-sf-26-impressionne-pour-ses-debuts-charles-leclerc-jespere-que-nous-serons-lequipe-qui-reussira-a-faire-la-difference\/#breadcrumb\",\"itemListElement\":[{\"@type\":\"ListItem\",\"position\":1,\"name\":\"Accueil\",\"item\":\"https:\/\/www.italpassion.fr\/nl\/\"},{\"@type\":\"ListItem\",\"position\":2,\"name\":\"F1 : la Ferrari SF-26 impressionne pour ses d\u00e9buts, Charles Leclerc : \u00ab\u00a0J&rsquo;\u00e9sp\u00e8re que nous serons l&rsquo;\u00e9quipe qui r\u00e9ussira \u00e0 faire la diff\u00e9rence\u00a0\u00bb\"}]},{\"@type\":\"WebSite\",\"@id\":\"https:\/\/www.italpassion.fr\/nl\/#website\",\"url\":\"https:\/\/www.italpassion.fr\/nl\/\",\"name\":\"ItalPassion\",\"description\":\"Les Passionn\u00e9s d&#039;Automobiles Italiennes\",\"publisher\":{\"@id\":\"https:\/\/www.italpassion.fr\/nl\/#organization\"},\"potentialAction\":[{\"@type\":\"SearchAction\",\"target\":{\"@type\":\"EntryPoint\",\"urlTemplate\":\"https:\/\/www.italpassion.fr\/nl\/?s={search_term_string}\"},\"query-input\":{\"@type\":\"PropertyValueSpecification\",\"valueRequired\":true,\"valueName\":\"search_term_string\"}}],\"inLanguage\":\"nl-NL\"},{\"@type\":\"Organization\",\"@id\":\"https:\/\/www.italpassion.fr\/nl\/#organization\",\"name\":\"Italpassion\",\"url\":\"https:\/\/www.italpassion.fr\/nl\/\",\"logo\":{\"@type\":\"ImageObject\",\"inLanguage\":\"nl-NL\",\"@id\":\"https:\/\/www.italpassion.fr\/nl\/#\/schema\/logo\/image\/\",\"url\":\"https:\/\/www.italpassion.fr\/wp-content\/uploads\/2023\/07\/italpassion-yoast.jpg\",\"contentUrl\":\"https:\/\/www.italpassion.fr\/wp-content\/uploads\/2023\/07\/italpassion-yoast.jpg\",\"width\":696,\"height\":696,\"caption\":\"Italpassion\"},\"image\":{\"@id\":\"https:\/\/www.italpassion.fr\/nl\/#\/schema\/logo\/image\/\"},\"sameAs\":[\"https:\/\/www.facebook.com\/italpassion\",\"https:\/\/x.com\/italpassion\",\"https:\/\/www.instagram.com\/italpassionfr\/\",\"https:\/\/www.youtube.com\/channel\/UCleq-ByQaA42OjhopwevRjQ\",\"https:\/\/www.facebook.com\/italpassion.en\/\",\"https:\/\/www.facebook.com\/italpassion.it\/\",\"https:\/\/www.facebook.com\/italpassion.de\/\",\"https:\/\/www.facebook.com\/italpassion.ja\/\"]},{\"@type\":\"Person\",\"@id\":\"https:\/\/www.italpassion.fr\/nl\/#\/schema\/person\/36f747b2a759ca202d847e85a9434ca0\",\"name\":\"Alexandre Filluzeau\",\"image\":{\"@type\":\"ImageObject\",\"inLanguage\":\"nl-NL\",\"@id\":\"https:\/\/www.italpassion.fr\/nl\/#\/schema\/person\/image\/\",\"url\":\"https:\/\/www.italpassion.fr\/wp-content\/uploads\/2025\/04\/avatar-alexandre-160x160.jpg\",\"contentUrl\":\"https:\/\/www.italpassion.fr\/wp-content\/uploads\/2025\/04\/avatar-alexandre-160x160.jpg\",\"caption\":\"Alexandre Filluzeau\"},\"description\":\"Fondateur du site ItalPassion, passionn\u00e9 de voitures italiennes et de l'Italie en g\u00e9n\u00e9ral. J'apporte un regard critique et technique aux actualit\u00e9s des marques italiennes quand cela est possible. Propri\u00e9taire d'une Maserati GranTurismo, Alfa Romeo MiTo, Lancia Fulvia et Ducati 695. Ex-propri\u00e9taire d'une Alfa Romeo Giulia.\",\"sameAs\":[\"https:\/\/www.italpassion.fr\/\"],\"url\":\"https:\/\/www.italpassion.fr\/nl\/author\/alexandre\/\"}]}<\/script>\n<!-- \/ Yoast SEO plugin. -->","yoast_head_json":{"title":"F1: de Ferrari SF-26 maakt indruk bij zijn debuut, Charles Leclerc: \"Ik hoop dat wij het team zijn dat het verschil maakt\" - ItalPassion","description":"Scuderia Ferrari begon de eerste dag van de priv\u00e9tests in Barcelona met een resoluut methodische aanpak. Hoewel het weer","robots":{"index":"index","follow":"follow","max-snippet":"max-snippet:-1","max-image-preview":"max-image-preview:large","max-video-preview":"max-video-preview:-1"},"canonical":"https:\/\/www.italpassion.fr\/nl\/wedstrijd\/formule-1\/f1-de-ferrari-sf-26-maakt-indruk-bij-zijn-debuut-charles-leclerc-ik-hoop-dat-wij-het-team-zijn-dat-het-verschil-maakt\/","og_locale":"nl_NL","og_type":"article","og_title":"F1 : la Ferrari SF-26 impressionne pour ses d\u00e9buts, Charles Leclerc : \"J'\u00e9sp\u00e8re que nous serons l'\u00e9quipe qui r\u00e9ussira \u00e0 faire la diff\u00e9rence\" - ItalPassion","og_description":"La Scuderia Ferrari a entam\u00e9 sa premi\u00e8re journ\u00e9e d\u2019essais priv\u00e9s \u00e0 Barcelone avec une approche r\u00e9solument m\u00e9thodique. Si la m\u00e9t\u00e9o n\u2019a pas offert des","og_url":"https:\/\/www.italpassion.fr\/nl\/wedstrijd\/formule-1\/f1-de-ferrari-sf-26-maakt-indruk-bij-zijn-debuut-charles-leclerc-ik-hoop-dat-wij-het-team-zijn-dat-het-verschil-maakt\/","og_site_name":"ItalPassion","article_publisher":"https:\/\/www.facebook.com\/italpassion","article_published_time":"2026-01-27T15:57:45+00:00","og_image":[{"width":1200,"height":800,"url":"https:\/\/www.italpassion.fr\/wp-content\/uploads\/2026\/01\/charles-sf26.jpg","type":"image\/jpeg"}],"author":"Alexandre Filluzeau","twitter_card":"summary_large_image","twitter_creator":"@italpassion","twitter_site":"@italpassion","schema":{"@context":"https:\/\/schema.org","@graph":[{"@type":"NewsArticle","@id":"https:\/\/www.italpassion.fr\/nl\/competition\/formule-1\/f1-la-ferrari-sf-26-impressionne-pour-ses-debuts-charles-leclerc-jespere-que-nous-serons-lequipe-qui-reussira-a-faire-la-difference\/#article","isPartOf":{"@id":"https:\/\/www.italpassion.fr\/nl\/competition\/formule-1\/f1-la-ferrari-sf-26-impressionne-pour-ses-debuts-charles-leclerc-jespere-que-nous-serons-lequipe-qui-reussira-a-faire-la-difference\/"},"author":{"name":"Alexandre Filluzeau","@id":"https:\/\/www.italpassion.fr\/nl\/#\/schema\/person\/36f747b2a759ca202d847e85a9434ca0"},"headline":"F1 : la Ferrari SF-26 impressionne pour ses d\u00e9buts, Charles Leclerc : \u00ab\u00a0J&rsquo;\u00e9sp\u00e8re que nous serons l&rsquo;\u00e9quipe qui r\u00e9ussira \u00e0 faire la diff\u00e9rence\u00a0\u00bb","datePublished":"2026-01-27T15:57:45+00:00","mainEntityOfPage":{"@id":"https:\/\/www.italpassion.fr\/nl\/competition\/formule-1\/f1-la-ferrari-sf-26-impressionne-pour-ses-debuts-charles-leclerc-jespere-que-nous-serons-lequipe-qui-reussira-a-faire-la-difference\/"},"wordCount":812,"commentCount":0,"publisher":{"@id":"https:\/\/www.italpassion.fr\/nl\/#organization"},"image":{"@id":"https:\/\/www.italpassion.fr\/nl\/competition\/formule-1\/f1-la-ferrari-sf-26-impressionne-pour-ses-debuts-charles-leclerc-jespere-que-nous-serons-lequipe-qui-reussira-a-faire-la-difference\/#primaryimage"},"thumbnailUrl":"https:\/\/www.italpassion.fr\/wp-content\/uploads\/2026\/01\/charles-sf26.jpg","keywords":["Charles Leclerc","Scuderia Ferrari"],"articleSection":["Formule 1","Sport Auto"],"inLanguage":"nl-NL","potentialAction":[{"@type":"CommentAction","name":"Comment","target":["https:\/\/www.italpassion.fr\/nl\/competition\/formule-1\/f1-la-ferrari-sf-26-impressionne-pour-ses-debuts-charles-leclerc-jespere-que-nous-serons-lequipe-qui-reussira-a-faire-la-difference\/#respond"]}]},{"@type":"WebPage","@id":"https:\/\/www.italpassion.fr\/nl\/competition\/formule-1\/f1-la-ferrari-sf-26-impressionne-pour-ses-debuts-charles-leclerc-jespere-que-nous-serons-lequipe-qui-reussira-a-faire-la-difference\/","url":"https:\/\/www.italpassion.fr\/nl\/competition\/formule-1\/f1-la-ferrari-sf-26-impressionne-pour-ses-debuts-charles-leclerc-jespere-que-nous-serons-lequipe-qui-reussira-a-faire-la-difference\/","name":"F1: de Ferrari SF-26 maakt indruk bij zijn debuut, Charles Leclerc: \"Ik hoop dat wij het team zijn dat het verschil maakt\" - ItalPassion","isPartOf":{"@id":"https:\/\/www.italpassion.fr\/nl\/#website"},"primaryImageOfPage":{"@id":"https:\/\/www.italpassion.fr\/nl\/competition\/formule-1\/f1-la-ferrari-sf-26-impressionne-pour-ses-debuts-charles-leclerc-jespere-que-nous-serons-lequipe-qui-reussira-a-faire-la-difference\/#primaryimage"},"image":{"@id":"https:\/\/www.italpassion.fr\/nl\/competition\/formule-1\/f1-la-ferrari-sf-26-impressionne-pour-ses-debuts-charles-leclerc-jespere-que-nous-serons-lequipe-qui-reussira-a-faire-la-difference\/#primaryimage"},"thumbnailUrl":"https:\/\/www.italpassion.fr\/wp-content\/uploads\/2026\/01\/charles-sf26.jpg","datePublished":"2026-01-27T15:57:45+00:00","description":"Scuderia Ferrari begon de eerste dag van de priv\u00e9tests in Barcelona met een resoluut methodische aanpak. Hoewel het weer","breadcrumb":{"@id":"https:\/\/www.italpassion.fr\/nl\/competition\/formule-1\/f1-la-ferrari-sf-26-impressionne-pour-ses-debuts-charles-leclerc-jespere-que-nous-serons-lequipe-qui-reussira-a-faire-la-difference\/#breadcrumb"},"inLanguage":"nl-NL","potentialAction":[{"@type":"ReadAction","target":["https:\/\/www.italpassion.fr\/nl\/competition\/formule-1\/f1-la-ferrari-sf-26-impressionne-pour-ses-debuts-charles-leclerc-jespere-que-nous-serons-lequipe-qui-reussira-a-faire-la-difference\/"]}]},{"@type":"ImageObject","inLanguage":"nl-NL","@id":"https:\/\/www.italpassion.fr\/nl\/competition\/formule-1\/f1-la-ferrari-sf-26-impressionne-pour-ses-debuts-charles-leclerc-jespere-que-nous-serons-lequipe-qui-reussira-a-faire-la-difference\/#primaryimage","url":"https:\/\/www.italpassion.fr\/wp-content\/uploads\/2026\/01\/charles-sf26.jpg","contentUrl":"https:\/\/www.italpassion.fr\/wp-content\/uploads\/2026\/01\/charles-sf26.jpg","width":1200,"height":800},{"@type":"BreadcrumbList","@id":"https:\/\/www.italpassion.fr\/nl\/competition\/formule-1\/f1-la-ferrari-sf-26-impressionne-pour-ses-debuts-charles-leclerc-jespere-que-nous-serons-lequipe-qui-reussira-a-faire-la-difference\/#breadcrumb","itemListElement":[{"@type":"ListItem","position":1,"name":"Accueil","item":"https:\/\/www.italpassion.fr\/nl\/"},{"@type":"ListItem","position":2,"name":"F1 : la Ferrari SF-26 impressionne pour ses d\u00e9buts, Charles Leclerc : \u00ab\u00a0J&rsquo;\u00e9sp\u00e8re que nous serons l&rsquo;\u00e9quipe qui r\u00e9ussira \u00e0 faire la diff\u00e9rence\u00a0\u00bb"}]},{"@type":"WebSite","@id":"https:\/\/www.italpassion.fr\/nl\/#website","url":"https:\/\/www.italpassion.fr\/nl\/","name":"ItalPassion","description":"Italiaanse autoliefhebbers","publisher":{"@id":"https:\/\/www.italpassion.fr\/nl\/#organization"},"potentialAction":[{"@type":"SearchAction","target":{"@type":"EntryPoint","urlTemplate":"https:\/\/www.italpassion.fr\/nl\/?s={search_term_string}"},"query-input":{"@type":"PropertyValueSpecification","valueRequired":true,"valueName":"search_term_string"}}],"inLanguage":"nl-NL"},{"@type":"Organization","@id":"https:\/\/www.italpassion.fr\/nl\/#organization","name":"Italpassion","url":"https:\/\/www.italpassion.fr\/nl\/","logo":{"@type":"ImageObject","inLanguage":"nl-NL","@id":"https:\/\/www.italpassion.fr\/nl\/#\/schema\/logo\/image\/","url":"https:\/\/www.italpassion.fr\/wp-content\/uploads\/2023\/07\/italpassion-yoast.jpg","contentUrl":"https:\/\/www.italpassion.fr\/wp-content\/uploads\/2023\/07\/italpassion-yoast.jpg","width":696,"height":696,"caption":"Italpassion"},"image":{"@id":"https:\/\/www.italpassion.fr\/nl\/#\/schema\/logo\/image\/"},"sameAs":["https:\/\/www.facebook.com\/italpassion","https:\/\/x.com\/italpassion","https:\/\/www.instagram.com\/italpassionfr\/","https:\/\/www.youtube.com\/channel\/UCleq-ByQaA42OjhopwevRjQ","https:\/\/www.facebook.com\/italpassion.en\/","https:\/\/www.facebook.com\/italpassion.it\/","https:\/\/www.facebook.com\/italpassion.de\/","https:\/\/www.facebook.com\/italpassion.ja\/"]},{"@type":"Person","@id":"https:\/\/www.italpassion.fr\/nl\/#\/schema\/person\/36f747b2a759ca202d847e85a9434ca0","name":"Alexandre Filluzeau","image":{"@type":"ImageObject","inLanguage":"nl-NL","@id":"https:\/\/www.italpassion.fr\/nl\/#\/schema\/person\/image\/","url":"https:\/\/www.italpassion.fr\/wp-content\/uploads\/2025\/04\/avatar-alexandre-160x160.jpg","contentUrl":"https:\/\/www.italpassion.fr\/wp-content\/uploads\/2025\/04\/avatar-alexandre-160x160.jpg","caption":"Alexandre Filluzeau"},"description":"Oprichter van de website ItalPassion, gepassioneerd door Italiaanse auto's en Itali\u00eb in het algemeen. Waar mogelijk breng ik een kritisch en technisch oog naar nieuws over Italiaanse merken. Eigenaar van een Maserati GranTurismo, Alfa Romeo MiTo, Lancia Fulvia en Ducati 695. Ex-eigenaar van een Alfa Romeo Giulia.","sameAs":["https:\/\/www.italpassion.fr\/"],"url":"https:\/\/www.italpassion.fr\/nl\/author\/alexandre\/"}]}},"_links":{"self":[{"href":"https:\/\/www.italpassion.fr\/nl\/wp-json\/wp\/v2\/posts\/45799","targetHints":{"allow":["GET"]}}],"collection":[{"href":"https:\/\/www.italpassion.fr\/nl\/wp-json\/wp\/v2\/posts"}],"about":[{"href":"https:\/\/www.italpassion.fr\/nl\/wp-json\/wp\/v2\/types\/post"}],"author":[{"embeddable":true,"href":"https:\/\/www.italpassion.fr\/nl\/wp-json\/wp\/v2\/users\/1"}],"replies":[{"embeddable":true,"href":"https:\/\/www.italpassion.fr\/nl\/wp-json\/wp\/v2\/comments?post=45799"}],"version-history":[{"count":1,"href":"https:\/\/www.italpassion.fr\/nl\/wp-json\/wp\/v2\/posts\/45799\/revisions"}],"predecessor-version":[{"id":45803,"href":"https:\/\/www.italpassion.fr\/nl\/wp-json\/wp\/v2\/posts\/45799\/revisions\/45803"}],"wp:featuredmedia":[{"embeddable":true,"href":"https:\/\/www.italpassion.fr\/nl\/wp-json\/wp\/v2\/media\/45802"}],"wp:attachment":[{"href":"https:\/\/www.italpassion.fr\/nl\/wp-json\/wp\/v2\/media?parent=45799"}],"wp:term":[{"taxonomy":"category","embeddable":true,"href":"https:\/\/www.italpassion.fr\/nl\/wp-json\/wp\/v2\/categories?post=45799"},{"taxonomy":"post_tag","embeddable":true,"href":"https:\/\/www.italpassion.fr\/nl\/wp-json\/wp\/v2\/tags?post=45799"}],"curies":[{"name":"wp","href":"https:\/\/api.w.org\/{rel}","templated":true}]}}