{"id":45676,"date":"2026-01-23T10:02:26","date_gmt":"2026-01-23T09:02:26","guid":{"rendered":"https:\/\/www.italpassion.fr\/?p=45676"},"modified":"2026-01-23T10:02:26","modified_gmt":"2026-01-23T09:02:26","slug":"f1-de-fia-heeft-een-uitspraak-gedaan-over-de-legaliteit-van-de-mercedes-we-willen-niet-na-de-eerste-race-in-de-rechtszaal-belanden","status":"publish","type":"post","link":"https:\/\/www.italpassion.fr\/nl\/competition\/formule-1\/f1-la-fia-sest-prononce-sur-la-legalite-du-mercedes-nous-ne-voulons-pas-nous-retrouver-devant-les-tribunaux-apres-la-premiere-course\/","title":{"rendered":"F1: De FIA spreekt zich uit over de legaliteit van de Mercedes \"we willen niet na de eerste race voor de rechter komen\"."},"content":{"rendered":"<figure class=\"wp-block-image size-large\"><img loading=\"lazy\" decoding=\"async\" width=\"1200\" height=\"750\" src=\"https:\/\/www.italpassion.fr\/wp-content\/uploads\/2025\/12\/mercedes-F2-enginr-1200x750.jpg\" alt=\"\" class=\"wp-image-44756\" srcset=\"https:\/\/www.italpassion.fr\/wp-content\/uploads\/2025\/12\/mercedes-F2-enginr-scaled.jpg 1200w, https:\/\/www.italpassion.fr\/wp-content\/uploads\/2025\/12\/mercedes-F2-enginr-420x263.jpg 420w, https:\/\/www.italpassion.fr\/wp-content\/uploads\/2025\/12\/mercedes-F2-enginr-768x480.jpg 768w, https:\/\/www.italpassion.fr\/wp-content\/uploads\/2025\/12\/mercedes-F2-enginr-18x12.jpg 18w\" sizes=\"auto, (max-width: 1200px) 100vw, 1200px\" \/><\/figure>\n\n\n\n<p>De eerste grote technische slag van de <a href=\"https:\/\/www.italpassion.fr\/nl\/wedstrijd\/formule-1\/\">Formule 1<\/a> e 2026-versie wachtte niet eens tot de eenzitters het circuit op gingen. Het vond plaats in de kantoren van de FIA, rond een Mercedes-motor die al de kern vormde van alle verdenkingen. Na weken van spanning, politieke druk en geruchten in de paddock heeft de F\u00e9d\u00e9ration Internationale de l'Automobile een besluit genomen: de door Mercedes ontwikkelde oplossing wordt legaal geacht. Het is een beslissing die een bittere smaak achterlaat in de mond van Ferrari, Audi en Honda... en die het vuur niet helemaal dooft.<\/p>\n\n\n\n<h2 class=\"wp-block-heading\">De controverse<\/h2>\n\n\n\n<p>Sinds eind 2025 gonst het in de paddock over hetzelfde onderwerp: de compressieverhouding van de toekomstige Mercedes V6 hybride. De reglementen voor 2026 zijn duidelijk op papier: de maximale compressie is vastgesteld op 16:1. Maar in werkelijkheid heeft de manier waarop deze verhouding wordt gemeten de deur opengezet voor een gewaagde interpretatie. Volgens uitgelekte informatie controleert de FIA de compressieverhouding van de motor wanneer de auto koud is en stilstaat, tijdens de technische keuring. Echter, wanneer de motor eenmaal in bedrijf is en hoge temperaturen bereikt, zetten bepaalde interne componenten uit. Als gevolg daarvan verandert de interne geometrie van de motor, waardoor de zuiger dichter bij de cilinderkop komt te zitten en de compressie mechanisch toeneemt... tot waarden die worden geschat op ongeveer 18:1 op het circuit. Een aanzienlijke potenti\u00eble winst op het gebied van effici\u00ebntie, brandstofverbruik en pure prestaties.<\/p>\n\n\n\n<h2 class=\"wp-block-heading\">Ferrari, Audi en Honda gaan de straat op<\/h2>\n\n\n\n<p>Ferrari, Audi en Honda uitten al snel hun zorgen. Niet alleen over de legaliteit van de oplossing, maar vooral over de overeenstemming met de geest van de regelgeving. Voor deze motorfabrikanten komt het toestaan dat een motor bij stilstand aan de regels voldoet, maar anders is zodra deze met volle belasting draait, neer op het goedkeuren van een grote maas in de regelgeving. Het protest werd officieel met <a href=\"https:\/\/www.italpassion.fr\/nl\/wedstrijd\/formule-1\/geen-cadeaus-in-f1-ferrari-audi-en-honda-hebben-de-fia-geschreven-over-de-voordelen-van-de-nieuwe-mercedes-motor\/\">een gezamenlijke brief sturen naar de FIA<\/a>. Het doel was duidelijk: snelle opheldering of zelfs een volledig verbod voor de start van het seizoen 2026. Deze politieke druk werd geaccepteerd, maar was moeilijk te ondersteunen op technisch niveau, gezien het gebrek aan praktische inspectiefaciliteiten voor concurrerende motoren. Mattia Binotto vatte het ronduit samen: als er een voordeel is, is het aanzienlijk, maar het kan alleen worden aangetoond door de FIA.<\/p>\n\n\n\n<h2 class=\"wp-block-heading\">De laatste kans<\/h2>\n\n\n\n<p>Het was tegen deze explosieve achtergrond dat de langverwachte bijeenkomst tussen de FIA en alle motorfabrikanten plaatsvond, slechts een paar dagen voor de start van de eerste wintertests in Barcelona. Velen hoopten op een krachtige beslissing. Het mocht niet zo zijn. De federatie koos ervoor om de status quo te handhaven. Geen onmiddellijk verbod, geen wijzigingen in de regelgeving voor de start van het seizoen. De Mercedes-motor, zoals die nu is ontworpen, blijft voldoen aan de regels van 2026.<\/p>\n\n\n\n<p>Nicholas Tombazis, directeur Single Seater Design van de FIA, had het voorbereidende werk vooraf gedaan:<br>\"We willen racen, niet na de eerste race in de rechtszaal zitten.\" Een duidelijke boodschap. Als we nu met de regels gaan knoeien, zetten we de deur open voor juridische stappen, slechts een paar weken voor een verandering in de regelgeving die industrieel gezien al extreem complex is.<\/p>\n\n\n\n<h2 class=\"wp-block-heading\">Waarom de FIA niet wilde terugkrabbelen<\/h2>\n\n\n\n<p>Vanuit het oogpunt van de federatie is de positie coherent. Mercedes is vanaf het begin transparant geweest. Het concept werd in een zeer vroeg stadium aan de FIA gepresenteerd, besproken, geanalyseerd en vervolgens gevalideerd. Toto Wolff en zijn team zouden nooit zoveel middelen hebben ge\u00efnvesteerd in een oplossing die waarschijnlijk verboden zou worden aan de vooravond van een nieuw technisch tijdperk. Strikt reglementair gezien is het argument eenvoudig: zolang de motor de verhouding 16:1 respecteert tijdens offici\u00eble controles, voldoet hij aan de regels. Het feit dat deze verhouding verandert als de motor warm is, wordt in dit stadium niet expliciet verboden door de tekst. <\/p>\n\n\n\n<p>In de paddock doen schattingen de ronde. De potenti\u00eble winst van deze oplossing zou volgens sommige bronnen tussen de twee en drie tienden per ronde zijn, of meer dan tien paardenkracht. Maar de FIA is voorzichtig. De motor is slechts \u00e9\u00e9n stukje van een extreem complexe legpuzzel voor 2026, tussen actieve aerodynamica, herziene energieterugwinning en nieuwe gewichts- en balansbeperkingen. Er is geen garantie dat dit voordeel zich mechanisch vertaalt in dominantie op het circuit.<\/p>\n\n\n\n<h2 class=\"wp-block-heading\">Een deur op een kier voor de toekomst<\/h2>\n\n\n\n<p>Hoewel de FIA zich niet heeft uitgesproken voor een onmiddellijk verbod, is het debat nog lang niet voorbij. Tijdens de vergadering werden verschillende mogelijkheden onderzocht, waaronder het idee om de compressieverhouding grondiger te controleren onder operationele omstandigheden, of zelfs de installatie van specifieke sensoren. Maar deze oplossingen brengen technische problemen, kosten en politieke eensgezindheid met zich mee. Kortom, zelfs als er een verandering wordt doorgevoerd, is het onwaarschijnlijk dat deze voor 2027 wordt ge\u00efmplementeerd. In de tussentijd is er nog een andere hefboom beschikbaar: de ADUO, het hulpmechanisme dat is gepland voor motorfabrikanten in moeilijkheden, dat de kaarten opnieuw zou kunnen schudden na de eerste prestatie-evaluaties die zijn gepland voor de zesde Grand Prix van het seizoen.<\/p>","protected":false},"excerpt":{"rendered":"","protected":false},"author":1,"featured_media":44756,"comment_status":"open","ping_status":"open","sticky":false,"template":"","format":"standard","meta":{"_acf_changed":false,"_sitemap_exclude":false,"_sitemap_priority":"","_sitemap_frequency":"","footnotes":""},"categories":[328,323],"tags":[],"class_list":["post-45676","post","type-post","status-publish","format-standard","has-post-thumbnail","hentry","category-formule-1","category-competition","generate-columns","tablet-grid-50","mobile-grid-100","grid-parent","grid-33"],"acf":[],"yoast_head":"<!-- This site is optimized with the Yoast SEO plugin v25.8 - https:\/\/yoast.com\/wordpress\/plugins\/seo\/ -->\n<title>F1 : la FIA donne son verdict sur la l\u00e9galit\u00e9 du Mercedes &quot;nous ne voulons pas nous retrouver devant les tribunaux apr\u00e8s la premi\u00e8re course&quot; - ItalPassion<\/title>\n<meta name=\"description\" content=\"La premi\u00e8re grande bataille technique de la Formule 1 version 2026 n\u2019a m\u00eame pas attendu que les monoplaces prennent la piste. Elle s\u2019est jou\u00e9e dans les\" \/>\n<meta name=\"robots\" content=\"index, follow, max-snippet:-1, max-image-preview:large, max-video-preview:-1\" \/>\n<link rel=\"canonical\" href=\"https:\/\/www.italpassion.fr\/nl\/wedstrijd\/formule-1\/f1-de-fia-heeft-een-uitspraak-gedaan-over-de-legaliteit-van-de-mercedes-we-willen-niet-na-de-eerste-race-in-de-rechtszaal-belanden\/\" \/>\n<meta property=\"og:locale\" content=\"nl_NL\" \/>\n<meta property=\"og:type\" content=\"article\" \/>\n<meta property=\"og:title\" content=\"F1 : la FIA donne son verdict sur la l\u00e9galit\u00e9 du Mercedes &quot;nous ne voulons pas nous retrouver devant les tribunaux apr\u00e8s la premi\u00e8re course&quot; - ItalPassion\" \/>\n<meta property=\"og:description\" content=\"La premi\u00e8re grande bataille technique de la Formule 1 version 2026 n\u2019a m\u00eame pas attendu que les monoplaces prennent la piste. Elle s\u2019est jou\u00e9e dans les\" \/>\n<meta property=\"og:url\" content=\"https:\/\/www.italpassion.fr\/nl\/wedstrijd\/formule-1\/f1-de-fia-heeft-een-uitspraak-gedaan-over-de-legaliteit-van-de-mercedes-we-willen-niet-na-de-eerste-race-in-de-rechtszaal-belanden\/\" \/>\n<meta property=\"og:site_name\" content=\"ItalPassion\" \/>\n<meta property=\"article:publisher\" content=\"https:\/\/www.facebook.com\/italpassion\" \/>\n<meta property=\"article:published_time\" content=\"2026-01-23T09:02:26+00:00\" \/>\n<meta property=\"og:image\" content=\"https:\/\/www.italpassion.fr\/wp-content\/uploads\/2025\/12\/mercedes-F2-enginr-scaled.jpg\" \/>\n\t<meta property=\"og:image:width\" content=\"1200\" \/>\n\t<meta property=\"og:image:height\" content=\"750\" \/>\n\t<meta property=\"og:image:type\" content=\"image\/jpeg\" \/>\n<meta name=\"author\" content=\"Alexandre Filluzeau\" \/>\n<meta name=\"twitter:card\" content=\"summary_large_image\" \/>\n<meta name=\"twitter:creator\" content=\"@italpassion\" \/>\n<meta name=\"twitter:site\" content=\"@italpassion\" \/>\n<script type=\"application\/ld+json\" class=\"yoast-schema-graph\">{\"@context\":\"https:\/\/schema.org\",\"@graph\":[{\"@type\":\"NewsArticle\",\"@id\":\"https:\/\/www.italpassion.fr\/nl\/competition\/formule-1\/f1-la-fia-sest-prononce-sur-la-legalite-du-mercedes-nous-ne-voulons-pas-nous-retrouver-devant-les-tribunaux-apres-la-premiere-course\/#article\",\"isPartOf\":{\"@id\":\"https:\/\/www.italpassion.fr\/nl\/competition\/formule-1\/f1-la-fia-sest-prononce-sur-la-legalite-du-mercedes-nous-ne-voulons-pas-nous-retrouver-devant-les-tribunaux-apres-la-premiere-course\/\"},\"author\":{\"name\":\"Alexandre Filluzeau\",\"@id\":\"https:\/\/www.italpassion.fr\/nl\/#\/schema\/person\/36f747b2a759ca202d847e85a9434ca0\"},\"headline\":\"F1 : la FIA donne son verdict sur la l\u00e9galit\u00e9 du Mercedes \u00ab\u00a0nous ne voulons pas nous retrouver devant les tribunaux apr\u00e8s la premi\u00e8re course\u00a0\u00bb\",\"datePublished\":\"2026-01-23T09:02:26+00:00\",\"mainEntityOfPage\":{\"@id\":\"https:\/\/www.italpassion.fr\/nl\/competition\/formule-1\/f1-la-fia-sest-prononce-sur-la-legalite-du-mercedes-nous-ne-voulons-pas-nous-retrouver-devant-les-tribunaux-apres-la-premiere-course\/\"},\"wordCount\":946,\"commentCount\":7,\"publisher\":{\"@id\":\"https:\/\/www.italpassion.fr\/nl\/#organization\"},\"image\":{\"@id\":\"https:\/\/www.italpassion.fr\/nl\/competition\/formule-1\/f1-la-fia-sest-prononce-sur-la-legalite-du-mercedes-nous-ne-voulons-pas-nous-retrouver-devant-les-tribunaux-apres-la-premiere-course\/#primaryimage\"},\"thumbnailUrl\":\"https:\/\/www.italpassion.fr\/wp-content\/uploads\/2025\/12\/mercedes-F2-enginr-scaled.jpg\",\"articleSection\":[\"Formule 1\",\"Sport Auto\"],\"inLanguage\":\"nl-NL\",\"potentialAction\":[{\"@type\":\"CommentAction\",\"name\":\"Comment\",\"target\":[\"https:\/\/www.italpassion.fr\/nl\/competition\/formule-1\/f1-la-fia-sest-prononce-sur-la-legalite-du-mercedes-nous-ne-voulons-pas-nous-retrouver-devant-les-tribunaux-apres-la-premiere-course\/#respond\"]}]},{\"@type\":\"WebPage\",\"@id\":\"https:\/\/www.italpassion.fr\/nl\/competition\/formule-1\/f1-la-fia-sest-prononce-sur-la-legalite-du-mercedes-nous-ne-voulons-pas-nous-retrouver-devant-les-tribunaux-apres-la-premiere-course\/\",\"url\":\"https:\/\/www.italpassion.fr\/nl\/competition\/formule-1\/f1-la-fia-sest-prononce-sur-la-legalite-du-mercedes-nous-ne-voulons-pas-nous-retrouver-devant-les-tribunaux-apres-la-premiere-course\/\",\"name\":\"F1 : la FIA donne son verdict sur la l\u00e9galit\u00e9 du Mercedes \\\"nous ne voulons pas nous retrouver devant les tribunaux apr\u00e8s la premi\u00e8re course\\\" - ItalPassion\",\"isPartOf\":{\"@id\":\"https:\/\/www.italpassion.fr\/nl\/#website\"},\"primaryImageOfPage\":{\"@id\":\"https:\/\/www.italpassion.fr\/nl\/competition\/formule-1\/f1-la-fia-sest-prononce-sur-la-legalite-du-mercedes-nous-ne-voulons-pas-nous-retrouver-devant-les-tribunaux-apres-la-premiere-course\/#primaryimage\"},\"image\":{\"@id\":\"https:\/\/www.italpassion.fr\/nl\/competition\/formule-1\/f1-la-fia-sest-prononce-sur-la-legalite-du-mercedes-nous-ne-voulons-pas-nous-retrouver-devant-les-tribunaux-apres-la-premiere-course\/#primaryimage\"},\"thumbnailUrl\":\"https:\/\/www.italpassion.fr\/wp-content\/uploads\/2025\/12\/mercedes-F2-enginr-scaled.jpg\",\"datePublished\":\"2026-01-23T09:02:26+00:00\",\"description\":\"La premi\u00e8re grande bataille technique de la Formule 1 version 2026 n\u2019a m\u00eame pas attendu que les monoplaces prennent la piste. Elle s\u2019est jou\u00e9e dans les\",\"breadcrumb\":{\"@id\":\"https:\/\/www.italpassion.fr\/nl\/competition\/formule-1\/f1-la-fia-sest-prononce-sur-la-legalite-du-mercedes-nous-ne-voulons-pas-nous-retrouver-devant-les-tribunaux-apres-la-premiere-course\/#breadcrumb\"},\"inLanguage\":\"nl-NL\",\"potentialAction\":[{\"@type\":\"ReadAction\",\"target\":[\"https:\/\/www.italpassion.fr\/nl\/competition\/formule-1\/f1-la-fia-sest-prononce-sur-la-legalite-du-mercedes-nous-ne-voulons-pas-nous-retrouver-devant-les-tribunaux-apres-la-premiere-course\/\"]}]},{\"@type\":\"ImageObject\",\"inLanguage\":\"nl-NL\",\"@id\":\"https:\/\/www.italpassion.fr\/nl\/competition\/formule-1\/f1-la-fia-sest-prononce-sur-la-legalite-du-mercedes-nous-ne-voulons-pas-nous-retrouver-devant-les-tribunaux-apres-la-premiere-course\/#primaryimage\",\"url\":\"https:\/\/www.italpassion.fr\/wp-content\/uploads\/2025\/12\/mercedes-F2-enginr-scaled.jpg\",\"contentUrl\":\"https:\/\/www.italpassion.fr\/wp-content\/uploads\/2025\/12\/mercedes-F2-enginr-scaled.jpg\",\"width\":1200,\"height\":750},{\"@type\":\"BreadcrumbList\",\"@id\":\"https:\/\/www.italpassion.fr\/nl\/competition\/formule-1\/f1-la-fia-sest-prononce-sur-la-legalite-du-mercedes-nous-ne-voulons-pas-nous-retrouver-devant-les-tribunaux-apres-la-premiere-course\/#breadcrumb\",\"itemListElement\":[{\"@type\":\"ListItem\",\"position\":1,\"name\":\"Accueil\",\"item\":\"https:\/\/www.italpassion.fr\/nl\/\"},{\"@type\":\"ListItem\",\"position\":2,\"name\":\"F1 : la FIA donne son verdict sur la l\u00e9galit\u00e9 du Mercedes \u00ab\u00a0nous ne voulons pas nous retrouver devant les tribunaux apr\u00e8s la premi\u00e8re course\u00a0\u00bb\"}]},{\"@type\":\"WebSite\",\"@id\":\"https:\/\/www.italpassion.fr\/nl\/#website\",\"url\":\"https:\/\/www.italpassion.fr\/nl\/\",\"name\":\"ItalPassion\",\"description\":\"Les Passionn\u00e9s d&#039;Automobiles Italiennes\",\"publisher\":{\"@id\":\"https:\/\/www.italpassion.fr\/nl\/#organization\"},\"potentialAction\":[{\"@type\":\"SearchAction\",\"target\":{\"@type\":\"EntryPoint\",\"urlTemplate\":\"https:\/\/www.italpassion.fr\/nl\/?s={search_term_string}\"},\"query-input\":{\"@type\":\"PropertyValueSpecification\",\"valueRequired\":true,\"valueName\":\"search_term_string\"}}],\"inLanguage\":\"nl-NL\"},{\"@type\":\"Organization\",\"@id\":\"https:\/\/www.italpassion.fr\/nl\/#organization\",\"name\":\"Italpassion\",\"url\":\"https:\/\/www.italpassion.fr\/nl\/\",\"logo\":{\"@type\":\"ImageObject\",\"inLanguage\":\"nl-NL\",\"@id\":\"https:\/\/www.italpassion.fr\/nl\/#\/schema\/logo\/image\/\",\"url\":\"https:\/\/www.italpassion.fr\/wp-content\/uploads\/2023\/07\/italpassion-yoast.jpg\",\"contentUrl\":\"https:\/\/www.italpassion.fr\/wp-content\/uploads\/2023\/07\/italpassion-yoast.jpg\",\"width\":696,\"height\":696,\"caption\":\"Italpassion\"},\"image\":{\"@id\":\"https:\/\/www.italpassion.fr\/nl\/#\/schema\/logo\/image\/\"},\"sameAs\":[\"https:\/\/www.facebook.com\/italpassion\",\"https:\/\/x.com\/italpassion\",\"https:\/\/www.instagram.com\/italpassionfr\/\",\"https:\/\/www.youtube.com\/channel\/UCleq-ByQaA42OjhopwevRjQ\",\"https:\/\/www.facebook.com\/italpassion.en\/\",\"https:\/\/www.facebook.com\/italpassion.it\/\",\"https:\/\/www.facebook.com\/italpassion.de\/\",\"https:\/\/www.facebook.com\/italpassion.ja\/\"]},{\"@type\":\"Person\",\"@id\":\"https:\/\/www.italpassion.fr\/nl\/#\/schema\/person\/36f747b2a759ca202d847e85a9434ca0\",\"name\":\"Alexandre Filluzeau\",\"image\":{\"@type\":\"ImageObject\",\"inLanguage\":\"nl-NL\",\"@id\":\"https:\/\/www.italpassion.fr\/nl\/#\/schema\/person\/image\/\",\"url\":\"https:\/\/www.italpassion.fr\/wp-content\/uploads\/2025\/04\/avatar-alexandre-160x160.jpg\",\"contentUrl\":\"https:\/\/www.italpassion.fr\/wp-content\/uploads\/2025\/04\/avatar-alexandre-160x160.jpg\",\"caption\":\"Alexandre Filluzeau\"},\"description\":\"Fondateur du site ItalPassion, passionn\u00e9 de voitures italiennes et de l'Italie en g\u00e9n\u00e9ral. J'apporte un regard critique et technique aux actualit\u00e9s des marques italiennes quand cela est possible. Propri\u00e9taire d'une Maserati GranTurismo, Alfa Romeo MiTo, Lancia Fulvia et Ducati 695. Ex-propri\u00e9taire d'une Alfa Romeo Giulia.\",\"sameAs\":[\"https:\/\/www.italpassion.fr\/\"],\"url\":\"https:\/\/www.italpassion.fr\/nl\/author\/alexandre\/\"}]}<\/script>\n<!-- \/ Yoast SEO plugin. -->","yoast_head_json":{"title":"F1: FIA spreekt zich uit over de legaliteit van de Mercedes \"we willen niet na de eerste race voor de rechter komen\" - ItalPassion","description":"De eerste grote technische strijd van de Formule 1-versie van 2026 wachtte niet eens tot de eenzitters het circuit op gingen. Het vond plaats in de","robots":{"index":"index","follow":"follow","max-snippet":"max-snippet:-1","max-image-preview":"max-image-preview:large","max-video-preview":"max-video-preview:-1"},"canonical":"https:\/\/www.italpassion.fr\/nl\/wedstrijd\/formule-1\/f1-de-fia-heeft-een-uitspraak-gedaan-over-de-legaliteit-van-de-mercedes-we-willen-niet-na-de-eerste-race-in-de-rechtszaal-belanden\/","og_locale":"nl_NL","og_type":"article","og_title":"F1 : la FIA donne son verdict sur la l\u00e9galit\u00e9 du Mercedes \"nous ne voulons pas nous retrouver devant les tribunaux apr\u00e8s la premi\u00e8re course\" - ItalPassion","og_description":"La premi\u00e8re grande bataille technique de la Formule 1 version 2026 n\u2019a m\u00eame pas attendu que les monoplaces prennent la piste. Elle s\u2019est jou\u00e9e dans les","og_url":"https:\/\/www.italpassion.fr\/nl\/wedstrijd\/formule-1\/f1-de-fia-heeft-een-uitspraak-gedaan-over-de-legaliteit-van-de-mercedes-we-willen-niet-na-de-eerste-race-in-de-rechtszaal-belanden\/","og_site_name":"ItalPassion","article_publisher":"https:\/\/www.facebook.com\/italpassion","article_published_time":"2026-01-23T09:02:26+00:00","og_image":[{"width":1200,"height":750,"url":"https:\/\/www.italpassion.fr\/wp-content\/uploads\/2025\/12\/mercedes-F2-enginr-scaled.jpg","type":"image\/jpeg"}],"author":"Alexandre Filluzeau","twitter_card":"summary_large_image","twitter_creator":"@italpassion","twitter_site":"@italpassion","schema":{"@context":"https:\/\/schema.org","@graph":[{"@type":"NewsArticle","@id":"https:\/\/www.italpassion.fr\/nl\/competition\/formule-1\/f1-la-fia-sest-prononce-sur-la-legalite-du-mercedes-nous-ne-voulons-pas-nous-retrouver-devant-les-tribunaux-apres-la-premiere-course\/#article","isPartOf":{"@id":"https:\/\/www.italpassion.fr\/nl\/competition\/formule-1\/f1-la-fia-sest-prononce-sur-la-legalite-du-mercedes-nous-ne-voulons-pas-nous-retrouver-devant-les-tribunaux-apres-la-premiere-course\/"},"author":{"name":"Alexandre Filluzeau","@id":"https:\/\/www.italpassion.fr\/nl\/#\/schema\/person\/36f747b2a759ca202d847e85a9434ca0"},"headline":"F1 : la FIA donne son verdict sur la l\u00e9galit\u00e9 du Mercedes \u00ab\u00a0nous ne voulons pas nous retrouver devant les tribunaux apr\u00e8s la premi\u00e8re course\u00a0\u00bb","datePublished":"2026-01-23T09:02:26+00:00","mainEntityOfPage":{"@id":"https:\/\/www.italpassion.fr\/nl\/competition\/formule-1\/f1-la-fia-sest-prononce-sur-la-legalite-du-mercedes-nous-ne-voulons-pas-nous-retrouver-devant-les-tribunaux-apres-la-premiere-course\/"},"wordCount":946,"commentCount":7,"publisher":{"@id":"https:\/\/www.italpassion.fr\/nl\/#organization"},"image":{"@id":"https:\/\/www.italpassion.fr\/nl\/competition\/formule-1\/f1-la-fia-sest-prononce-sur-la-legalite-du-mercedes-nous-ne-voulons-pas-nous-retrouver-devant-les-tribunaux-apres-la-premiere-course\/#primaryimage"},"thumbnailUrl":"https:\/\/www.italpassion.fr\/wp-content\/uploads\/2025\/12\/mercedes-F2-enginr-scaled.jpg","articleSection":["Formule 1","Sport Auto"],"inLanguage":"nl-NL","potentialAction":[{"@type":"CommentAction","name":"Comment","target":["https:\/\/www.italpassion.fr\/nl\/competition\/formule-1\/f1-la-fia-sest-prononce-sur-la-legalite-du-mercedes-nous-ne-voulons-pas-nous-retrouver-devant-les-tribunaux-apres-la-premiere-course\/#respond"]}]},{"@type":"WebPage","@id":"https:\/\/www.italpassion.fr\/nl\/competition\/formule-1\/f1-la-fia-sest-prononce-sur-la-legalite-du-mercedes-nous-ne-voulons-pas-nous-retrouver-devant-les-tribunaux-apres-la-premiere-course\/","url":"https:\/\/www.italpassion.fr\/nl\/competition\/formule-1\/f1-la-fia-sest-prononce-sur-la-legalite-du-mercedes-nous-ne-voulons-pas-nous-retrouver-devant-les-tribunaux-apres-la-premiere-course\/","name":"F1: FIA spreekt zich uit over de legaliteit van de Mercedes \"we willen niet na de eerste race voor de rechter komen\" - ItalPassion","isPartOf":{"@id":"https:\/\/www.italpassion.fr\/nl\/#website"},"primaryImageOfPage":{"@id":"https:\/\/www.italpassion.fr\/nl\/competition\/formule-1\/f1-la-fia-sest-prononce-sur-la-legalite-du-mercedes-nous-ne-voulons-pas-nous-retrouver-devant-les-tribunaux-apres-la-premiere-course\/#primaryimage"},"image":{"@id":"https:\/\/www.italpassion.fr\/nl\/competition\/formule-1\/f1-la-fia-sest-prononce-sur-la-legalite-du-mercedes-nous-ne-voulons-pas-nous-retrouver-devant-les-tribunaux-apres-la-premiere-course\/#primaryimage"},"thumbnailUrl":"https:\/\/www.italpassion.fr\/wp-content\/uploads\/2025\/12\/mercedes-F2-enginr-scaled.jpg","datePublished":"2026-01-23T09:02:26+00:00","description":"De eerste grote technische strijd van de Formule 1-versie van 2026 wachtte niet eens tot de eenzitters het circuit op gingen. Het vond plaats in de","breadcrumb":{"@id":"https:\/\/www.italpassion.fr\/nl\/competition\/formule-1\/f1-la-fia-sest-prononce-sur-la-legalite-du-mercedes-nous-ne-voulons-pas-nous-retrouver-devant-les-tribunaux-apres-la-premiere-course\/#breadcrumb"},"inLanguage":"nl-NL","potentialAction":[{"@type":"ReadAction","target":["https:\/\/www.italpassion.fr\/nl\/competition\/formule-1\/f1-la-fia-sest-prononce-sur-la-legalite-du-mercedes-nous-ne-voulons-pas-nous-retrouver-devant-les-tribunaux-apres-la-premiere-course\/"]}]},{"@type":"ImageObject","inLanguage":"nl-NL","@id":"https:\/\/www.italpassion.fr\/nl\/competition\/formule-1\/f1-la-fia-sest-prononce-sur-la-legalite-du-mercedes-nous-ne-voulons-pas-nous-retrouver-devant-les-tribunaux-apres-la-premiere-course\/#primaryimage","url":"https:\/\/www.italpassion.fr\/wp-content\/uploads\/2025\/12\/mercedes-F2-enginr-scaled.jpg","contentUrl":"https:\/\/www.italpassion.fr\/wp-content\/uploads\/2025\/12\/mercedes-F2-enginr-scaled.jpg","width":1200,"height":750},{"@type":"BreadcrumbList","@id":"https:\/\/www.italpassion.fr\/nl\/competition\/formule-1\/f1-la-fia-sest-prononce-sur-la-legalite-du-mercedes-nous-ne-voulons-pas-nous-retrouver-devant-les-tribunaux-apres-la-premiere-course\/#breadcrumb","itemListElement":[{"@type":"ListItem","position":1,"name":"Accueil","item":"https:\/\/www.italpassion.fr\/nl\/"},{"@type":"ListItem","position":2,"name":"F1 : la FIA donne son verdict sur la l\u00e9galit\u00e9 du Mercedes \u00ab\u00a0nous ne voulons pas nous retrouver devant les tribunaux apr\u00e8s la premi\u00e8re course\u00a0\u00bb"}]},{"@type":"WebSite","@id":"https:\/\/www.italpassion.fr\/nl\/#website","url":"https:\/\/www.italpassion.fr\/nl\/","name":"ItalPassion","description":"Italiaanse autoliefhebbers","publisher":{"@id":"https:\/\/www.italpassion.fr\/nl\/#organization"},"potentialAction":[{"@type":"SearchAction","target":{"@type":"EntryPoint","urlTemplate":"https:\/\/www.italpassion.fr\/nl\/?s={search_term_string}"},"query-input":{"@type":"PropertyValueSpecification","valueRequired":true,"valueName":"search_term_string"}}],"inLanguage":"nl-NL"},{"@type":"Organization","@id":"https:\/\/www.italpassion.fr\/nl\/#organization","name":"Italpassion","url":"https:\/\/www.italpassion.fr\/nl\/","logo":{"@type":"ImageObject","inLanguage":"nl-NL","@id":"https:\/\/www.italpassion.fr\/nl\/#\/schema\/logo\/image\/","url":"https:\/\/www.italpassion.fr\/wp-content\/uploads\/2023\/07\/italpassion-yoast.jpg","contentUrl":"https:\/\/www.italpassion.fr\/wp-content\/uploads\/2023\/07\/italpassion-yoast.jpg","width":696,"height":696,"caption":"Italpassion"},"image":{"@id":"https:\/\/www.italpassion.fr\/nl\/#\/schema\/logo\/image\/"},"sameAs":["https:\/\/www.facebook.com\/italpassion","https:\/\/x.com\/italpassion","https:\/\/www.instagram.com\/italpassionfr\/","https:\/\/www.youtube.com\/channel\/UCleq-ByQaA42OjhopwevRjQ","https:\/\/www.facebook.com\/italpassion.en\/","https:\/\/www.facebook.com\/italpassion.it\/","https:\/\/www.facebook.com\/italpassion.de\/","https:\/\/www.facebook.com\/italpassion.ja\/"]},{"@type":"Person","@id":"https:\/\/www.italpassion.fr\/nl\/#\/schema\/person\/36f747b2a759ca202d847e85a9434ca0","name":"Alexandre Filluzeau","image":{"@type":"ImageObject","inLanguage":"nl-NL","@id":"https:\/\/www.italpassion.fr\/nl\/#\/schema\/person\/image\/","url":"https:\/\/www.italpassion.fr\/wp-content\/uploads\/2025\/04\/avatar-alexandre-160x160.jpg","contentUrl":"https:\/\/www.italpassion.fr\/wp-content\/uploads\/2025\/04\/avatar-alexandre-160x160.jpg","caption":"Alexandre Filluzeau"},"description":"Oprichter van de website ItalPassion, gepassioneerd door Italiaanse auto's en Itali\u00eb in het algemeen. Waar mogelijk breng ik een kritisch en technisch oog naar nieuws over Italiaanse merken. Eigenaar van een Maserati GranTurismo, Alfa Romeo MiTo, Lancia Fulvia en Ducati 695. Ex-eigenaar van een Alfa Romeo Giulia.","sameAs":["https:\/\/www.italpassion.fr\/"],"url":"https:\/\/www.italpassion.fr\/nl\/author\/alexandre\/"}]}},"_links":{"self":[{"href":"https:\/\/www.italpassion.fr\/nl\/wp-json\/wp\/v2\/posts\/45676","targetHints":{"allow":["GET"]}}],"collection":[{"href":"https:\/\/www.italpassion.fr\/nl\/wp-json\/wp\/v2\/posts"}],"about":[{"href":"https:\/\/www.italpassion.fr\/nl\/wp-json\/wp\/v2\/types\/post"}],"author":[{"embeddable":true,"href":"https:\/\/www.italpassion.fr\/nl\/wp-json\/wp\/v2\/users\/1"}],"replies":[{"embeddable":true,"href":"https:\/\/www.italpassion.fr\/nl\/wp-json\/wp\/v2\/comments?post=45676"}],"version-history":[{"count":2,"href":"https:\/\/www.italpassion.fr\/nl\/wp-json\/wp\/v2\/posts\/45676\/revisions"}],"predecessor-version":[{"id":45678,"href":"https:\/\/www.italpassion.fr\/nl\/wp-json\/wp\/v2\/posts\/45676\/revisions\/45678"}],"wp:featuredmedia":[{"embeddable":true,"href":"https:\/\/www.italpassion.fr\/nl\/wp-json\/wp\/v2\/media\/44756"}],"wp:attachment":[{"href":"https:\/\/www.italpassion.fr\/nl\/wp-json\/wp\/v2\/media?parent=45676"}],"wp:term":[{"taxonomy":"category","embeddable":true,"href":"https:\/\/www.italpassion.fr\/nl\/wp-json\/wp\/v2\/categories?post=45676"},{"taxonomy":"post_tag","embeddable":true,"href":"https:\/\/www.italpassion.fr\/nl\/wp-json\/wp\/v2\/tags?post=45676"}],"curies":[{"name":"wp","href":"https:\/\/api.w.org\/{rel}","templated":true}]}}