{"id":45657,"date":"2026-01-22T17:22:26","date_gmt":"2026-01-22T16:22:26","guid":{"rendered":"https:\/\/www.italpassion.fr\/?p=45657"},"modified":"2026-01-22T17:22:26","modified_gmt":"2026-01-22T16:22:26","slug":"f1-ferrari-zal-naar-verwachting-niet-deelnemen-aan-de-eerste-testdag-in-bercelona-hier-is-het-programma","status":"publish","type":"post","link":"https:\/\/www.italpassion.fr\/nl\/competition\/formule-1\/f1-ferrari-ne-devrait-pas-participer-au-premier-jour-des-essais-de-bercelone-voici-le-programme\/","title":{"rendered":"F1: Ferrari zal naar verwachting niet deelnemen aan de eerste testdag in Barcelona, dit is het programma"},"content":{"rendered":"<figure class=\"wp-block-image size-full\"><img loading=\"lazy\" decoding=\"async\" width=\"1200\" height=\"800\" src=\"https:\/\/www.italpassion.fr\/wp-content\/uploads\/2026\/01\/charles-leclerc-sf26.jpg\" alt=\"\" class=\"wp-image-45658\" srcset=\"https:\/\/www.italpassion.fr\/wp-content\/uploads\/2026\/01\/charles-leclerc-sf26.jpg 1200w, https:\/\/www.italpassion.fr\/wp-content\/uploads\/2026\/01\/charles-leclerc-sf26-420x280.jpg 420w, https:\/\/www.italpassion.fr\/wp-content\/uploads\/2026\/01\/charles-leclerc-sf26-768x512.jpg 768w, https:\/\/www.italpassion.fr\/wp-content\/uploads\/2026\/01\/charles-leclerc-sf26-18x12.jpg 18w\" sizes=\"auto, (max-width: 1200px) 100vw, 1200px\" \/><\/figure>\n\n\n\n<p>La <a href=\"https:\/\/www.italpassion.fr\/nl\/wedstrijd\/formule-1\/\">Formule 1<\/a> De Formule 1-versie van 2026 maakt zich klaar om het circuit op te gaan, maar zonder het grote mediaspektakel waar fans aan gewend zijn geraakt. De eerste offici\u00eble race van de nieuwe generatie eenzitters, achter gesloten deuren georganiseerd op het Circuit de Barcelona, vindt plaats in een bijna clandestiene sfeer. Geen live-uitzendingen, geen toegang voor de pers en strikt gecontroleerde communicatie: de teams hebben gekozen voor maximale voorzichtigheid bij deze start van een totaal nieuw technisch tijdperk. Er deden al snel geruchten de ronde over een mogelijke afwezigheid van <a href=\"https:\/\/www.italpassion.fr\/nl\/tag\/scuderia-ferrari\/\">Scuderia Ferrari<\/a> op de eerste testdag. Deze informatie is in zijn context op geen enkele manier alarmerend.<\/p>\n\n\n\n<h2 class=\"wp-block-heading\">Een streng maar flexibel regelgevend kader<\/h2>\n\n\n\n<p>De test in Barcelona duurt van maandag 26 tot en met vrijdag 30 januari, maar elk team kan maximaal drie rijdagen gebruiken. Deelname op de eerste dag is daarom geenszins verplicht en Ferrari heeft deze tests nooit gezien als een showcase. Net als alle andere teams heeft Scuderia Ferrari zich gericht op het optimaliseren van de tijd op het circuit, omdat de betrouwbaarheid van de nieuwe eenzitters en de nieuwe 2026-motoren de absolute prioriteit is. De beslissing om maandag niet te racen was daarom vooral strategisch en niet het gevolg van technische vertragingen.<\/p>\n\n\n\n<h2 class=\"wp-block-heading\">Fiorano voor Barcelona<\/h2>\n\n\n\n<p>Zelfs voordat hij naar Cataloni\u00eb vertrok, <a href=\"https:\/\/www.italpassion.fr\/nl\/wedstrijd\/formule-1\/f1-waar-en-wanneer-live-te-zien-bij-de-presentatie-van-de-nieuwe-ferrari-sf-26-door-leclerc-en-hamilton\/\">Ferrari onthult officieel zijn nieuwe SF-26 op vrijdag 23 januari<\/a> in Maranello, gevolgd door een test op het priv\u00e9circuit van Fiorano. Dit eerste uitstapje, bewust beperkt tot een paar kilometer, wordt alleen gebruikt om te controleren of de essenti\u00eble systemen goed werken: motor, versnellingsbak, elektronica en hydraulica. Dit bezoek aan Fiorano is een belangrijke stap, maar vervangt in geen geval het grondige werk dat gepland staat in Barcelona. Het belangrijkste doel is om te controleren of alles naar behoren werkt voordat we beginnen aan een intensiever testprogramma.<\/p>\n\n\n\n<h2 class=\"wp-block-heading\">Ferrari dinsdag weer op schema<\/h2>\n\n\n\n<p>Volgens berichten uit Itali\u00eb begint Ferrari op dinsdag 27 januari met testen in Cataloni\u00eb, net als McLaren. Het team heeft dan drie opeenvolgende dagen, tot donderdagavond, om de reglementaire quota volledig te benutten. De twee vaste coureurs, Charles Leclerc en Lewis Hamilton, zullen afwisselend een halve dag achter het stuur van de SF-26 zitten. De Monegaski\u00ebr gaat dinsdagochtend als eerste de baan op en geeft 's middags het stuur over aan zijn teamgenoot. Deze rotatie zal gedurende de drie dagen doorgaan om een evenwichtige rijtijd en optimale gegevensverzameling te garanderen. Er moet ook worden opgemerkt dat Ferrari heeft gekozen voor een strakkere organisatie in Barcelona, met \u00e9\u00e9n race-ingenieur die toezicht houdt op beide coureurs, gezien het feit dat <a href=\"https:\/\/www.italpassion.fr\/nl\/wedstrijd\/formule-1\/f1-ferrari-bevestigt-het-vertrek-van-lewis-hamiltons-race-lingenieur-het-is-een-lang-seizoen-geweest-jongens\/\">Hamilton's nieuwe ingenieur is nog steeds niet aangekondigd<\/a>.<\/p>\n\n\n\n<h2 class=\"wp-block-heading\">Geen zoektocht naar prestaties<\/h2>\n\n\n\n<p>In Barcelona zal er geen sprake zijn van rondetijden of hi\u00ebrarchie\u00ebn. De rondetijden blijven vertrouwelijk en niet representatief, vooral omdat de weersomstandigheden en de gebruikte banden elke zinvolle vergelijking zullen beperken. Het belangrijkste doel is om te bevestigen dat de technische keuzes die in Maranello zijn gemaakt de goede kant op gaan. Chassis, aandrijflijn, <a href=\"https:\/\/www.italpassion.fr\/nl\/wedstrijd\/formule-1\/ferrari-f1-2026-wijzigingen-geinspireerd-door-technische-bijdragen-van-charles-leclerc-en-lewis-hamilton\/\">stuurwiel<\/a>Deze drie cruciale dagen, die als basis zullen dienen voor de ontwikkeling van de toekomstige 'B'-versie van de SF-26 die wordt verwacht voor de offici\u00eble tests in Bahrein, zullen zich richten op procedures op het circuit en algehele betrouwbaarheid.<\/p>","protected":false},"excerpt":{"rendered":"","protected":false},"author":1,"featured_media":45658,"comment_status":"open","ping_status":"open","sticky":false,"template":"","format":"standard","meta":{"_acf_changed":false,"_sitemap_exclude":false,"_sitemap_priority":"","_sitemap_frequency":"","footnotes":""},"categories":[328,323],"tags":[370],"class_list":["post-45657","post","type-post","status-publish","format-standard","has-post-thumbnail","hentry","category-formule-1","category-competition","tag-scuderia-ferrari","generate-columns","tablet-grid-50","mobile-grid-100","grid-parent","grid-33"],"acf":[],"yoast_head":"<!-- This site is optimized with the Yoast SEO plugin v25.8 - https:\/\/yoast.com\/wordpress\/plugins\/seo\/ -->\n<title>F1 : Ferrari ne devrait pas participer au premier jour des essais de Barcelone, voici le programme - ItalPassion<\/title>\n<meta name=\"description\" content=\"La Formule 1 version 2026 s\u2019appr\u00eate \u00e0 entrer en piste, mais sans le grand spectacle m\u00e9diatique auquel les fans \u00e9taient habitu\u00e9s. Le premier roulage\" \/>\n<meta name=\"robots\" content=\"index, follow, max-snippet:-1, max-image-preview:large, max-video-preview:-1\" \/>\n<link rel=\"canonical\" href=\"https:\/\/www.italpassion.fr\/nl\/wedstrijd\/formule-1\/f1-ferrari-zal-naar-verwachting-niet-deelnemen-aan-de-eerste-testdag-in-bercelona-hier-is-het-programma\/\" \/>\n<meta property=\"og:locale\" content=\"nl_NL\" \/>\n<meta property=\"og:type\" content=\"article\" \/>\n<meta property=\"og:title\" content=\"F1 : Ferrari ne devrait pas participer au premier jour des essais de Barcelone, voici le programme - ItalPassion\" \/>\n<meta property=\"og:description\" content=\"La Formule 1 version 2026 s\u2019appr\u00eate \u00e0 entrer en piste, mais sans le grand spectacle m\u00e9diatique auquel les fans \u00e9taient habitu\u00e9s. Le premier roulage\" \/>\n<meta property=\"og:url\" content=\"https:\/\/www.italpassion.fr\/nl\/wedstrijd\/formule-1\/f1-ferrari-zal-naar-verwachting-niet-deelnemen-aan-de-eerste-testdag-in-bercelona-hier-is-het-programma\/\" \/>\n<meta property=\"og:site_name\" content=\"ItalPassion\" \/>\n<meta property=\"article:publisher\" content=\"https:\/\/www.facebook.com\/italpassion\" \/>\n<meta property=\"article:published_time\" content=\"2026-01-22T16:22:26+00:00\" \/>\n<meta property=\"og:image\" content=\"https:\/\/www.italpassion.fr\/wp-content\/uploads\/2026\/01\/charles-leclerc-sf26.jpg\" \/>\n\t<meta property=\"og:image:width\" content=\"1200\" \/>\n\t<meta property=\"og:image:height\" content=\"800\" \/>\n\t<meta property=\"og:image:type\" content=\"image\/jpeg\" \/>\n<meta name=\"author\" content=\"Alexandre Filluzeau\" \/>\n<meta name=\"twitter:card\" content=\"summary_large_image\" \/>\n<meta name=\"twitter:creator\" content=\"@italpassion\" \/>\n<meta name=\"twitter:site\" content=\"@italpassion\" \/>\n<script type=\"application\/ld+json\" class=\"yoast-schema-graph\">{\"@context\":\"https:\/\/schema.org\",\"@graph\":[{\"@type\":\"NewsArticle\",\"@id\":\"https:\/\/www.italpassion.fr\/nl\/competition\/formule-1\/f1-ferrari-ne-devrait-pas-participer-au-premier-jour-des-essais-de-bercelone-voici-le-programme\/#article\",\"isPartOf\":{\"@id\":\"https:\/\/www.italpassion.fr\/nl\/competition\/formule-1\/f1-ferrari-ne-devrait-pas-participer-au-premier-jour-des-essais-de-bercelone-voici-le-programme\/\"},\"author\":{\"name\":\"Alexandre Filluzeau\",\"@id\":\"https:\/\/www.italpassion.fr\/nl\/#\/schema\/person\/36f747b2a759ca202d847e85a9434ca0\"},\"headline\":\"F1 : Ferrari ne devrait pas participer au premier jour des essais de Barcelone, voici le programme\",\"datePublished\":\"2026-01-22T16:22:26+00:00\",\"mainEntityOfPage\":{\"@id\":\"https:\/\/www.italpassion.fr\/nl\/competition\/formule-1\/f1-ferrari-ne-devrait-pas-participer-au-premier-jour-des-essais-de-bercelone-voici-le-programme\/\"},\"wordCount\":607,\"commentCount\":0,\"publisher\":{\"@id\":\"https:\/\/www.italpassion.fr\/nl\/#organization\"},\"image\":{\"@id\":\"https:\/\/www.italpassion.fr\/nl\/competition\/formule-1\/f1-ferrari-ne-devrait-pas-participer-au-premier-jour-des-essais-de-bercelone-voici-le-programme\/#primaryimage\"},\"thumbnailUrl\":\"https:\/\/www.italpassion.fr\/wp-content\/uploads\/2026\/01\/charles-leclerc-sf26.jpg\",\"keywords\":[\"Scuderia Ferrari\"],\"articleSection\":[\"Formule 1\",\"Sport Auto\"],\"inLanguage\":\"nl-NL\",\"potentialAction\":[{\"@type\":\"CommentAction\",\"name\":\"Comment\",\"target\":[\"https:\/\/www.italpassion.fr\/nl\/competition\/formule-1\/f1-ferrari-ne-devrait-pas-participer-au-premier-jour-des-essais-de-bercelone-voici-le-programme\/#respond\"]}]},{\"@type\":\"WebPage\",\"@id\":\"https:\/\/www.italpassion.fr\/nl\/competition\/formule-1\/f1-ferrari-ne-devrait-pas-participer-au-premier-jour-des-essais-de-bercelone-voici-le-programme\/\",\"url\":\"https:\/\/www.italpassion.fr\/nl\/competition\/formule-1\/f1-ferrari-ne-devrait-pas-participer-au-premier-jour-des-essais-de-bercelone-voici-le-programme\/\",\"name\":\"F1 : Ferrari ne devrait pas participer au premier jour des essais de Barcelone, voici le programme - ItalPassion\",\"isPartOf\":{\"@id\":\"https:\/\/www.italpassion.fr\/nl\/#website\"},\"primaryImageOfPage\":{\"@id\":\"https:\/\/www.italpassion.fr\/nl\/competition\/formule-1\/f1-ferrari-ne-devrait-pas-participer-au-premier-jour-des-essais-de-bercelone-voici-le-programme\/#primaryimage\"},\"image\":{\"@id\":\"https:\/\/www.italpassion.fr\/nl\/competition\/formule-1\/f1-ferrari-ne-devrait-pas-participer-au-premier-jour-des-essais-de-bercelone-voici-le-programme\/#primaryimage\"},\"thumbnailUrl\":\"https:\/\/www.italpassion.fr\/wp-content\/uploads\/2026\/01\/charles-leclerc-sf26.jpg\",\"datePublished\":\"2026-01-22T16:22:26+00:00\",\"description\":\"La Formule 1 version 2026 s\u2019appr\u00eate \u00e0 entrer en piste, mais sans le grand spectacle m\u00e9diatique auquel les fans \u00e9taient habitu\u00e9s. Le premier roulage\",\"breadcrumb\":{\"@id\":\"https:\/\/www.italpassion.fr\/nl\/competition\/formule-1\/f1-ferrari-ne-devrait-pas-participer-au-premier-jour-des-essais-de-bercelone-voici-le-programme\/#breadcrumb\"},\"inLanguage\":\"nl-NL\",\"potentialAction\":[{\"@type\":\"ReadAction\",\"target\":[\"https:\/\/www.italpassion.fr\/nl\/competition\/formule-1\/f1-ferrari-ne-devrait-pas-participer-au-premier-jour-des-essais-de-bercelone-voici-le-programme\/\"]}]},{\"@type\":\"ImageObject\",\"inLanguage\":\"nl-NL\",\"@id\":\"https:\/\/www.italpassion.fr\/nl\/competition\/formule-1\/f1-ferrari-ne-devrait-pas-participer-au-premier-jour-des-essais-de-bercelone-voici-le-programme\/#primaryimage\",\"url\":\"https:\/\/www.italpassion.fr\/wp-content\/uploads\/2026\/01\/charles-leclerc-sf26.jpg\",\"contentUrl\":\"https:\/\/www.italpassion.fr\/wp-content\/uploads\/2026\/01\/charles-leclerc-sf26.jpg\",\"width\":1200,\"height\":800},{\"@type\":\"BreadcrumbList\",\"@id\":\"https:\/\/www.italpassion.fr\/nl\/competition\/formule-1\/f1-ferrari-ne-devrait-pas-participer-au-premier-jour-des-essais-de-bercelone-voici-le-programme\/#breadcrumb\",\"itemListElement\":[{\"@type\":\"ListItem\",\"position\":1,\"name\":\"Accueil\",\"item\":\"https:\/\/www.italpassion.fr\/nl\/\"},{\"@type\":\"ListItem\",\"position\":2,\"name\":\"F1 : Ferrari ne devrait pas participer au premier jour des essais de Barcelone, voici le programme\"}]},{\"@type\":\"WebSite\",\"@id\":\"https:\/\/www.italpassion.fr\/nl\/#website\",\"url\":\"https:\/\/www.italpassion.fr\/nl\/\",\"name\":\"ItalPassion\",\"description\":\"Les Passionn\u00e9s d&#039;Automobiles Italiennes\",\"publisher\":{\"@id\":\"https:\/\/www.italpassion.fr\/nl\/#organization\"},\"potentialAction\":[{\"@type\":\"SearchAction\",\"target\":{\"@type\":\"EntryPoint\",\"urlTemplate\":\"https:\/\/www.italpassion.fr\/nl\/?s={search_term_string}\"},\"query-input\":{\"@type\":\"PropertyValueSpecification\",\"valueRequired\":true,\"valueName\":\"search_term_string\"}}],\"inLanguage\":\"nl-NL\"},{\"@type\":\"Organization\",\"@id\":\"https:\/\/www.italpassion.fr\/nl\/#organization\",\"name\":\"Italpassion\",\"url\":\"https:\/\/www.italpassion.fr\/nl\/\",\"logo\":{\"@type\":\"ImageObject\",\"inLanguage\":\"nl-NL\",\"@id\":\"https:\/\/www.italpassion.fr\/nl\/#\/schema\/logo\/image\/\",\"url\":\"https:\/\/www.italpassion.fr\/wp-content\/uploads\/2023\/07\/italpassion-yoast.jpg\",\"contentUrl\":\"https:\/\/www.italpassion.fr\/wp-content\/uploads\/2023\/07\/italpassion-yoast.jpg\",\"width\":696,\"height\":696,\"caption\":\"Italpassion\"},\"image\":{\"@id\":\"https:\/\/www.italpassion.fr\/nl\/#\/schema\/logo\/image\/\"},\"sameAs\":[\"https:\/\/www.facebook.com\/italpassion\",\"https:\/\/x.com\/italpassion\",\"https:\/\/www.instagram.com\/italpassionfr\/\",\"https:\/\/www.youtube.com\/channel\/UCleq-ByQaA42OjhopwevRjQ\",\"https:\/\/www.facebook.com\/italpassion.en\/\",\"https:\/\/www.facebook.com\/italpassion.it\/\",\"https:\/\/www.facebook.com\/italpassion.de\/\",\"https:\/\/www.facebook.com\/italpassion.ja\/\"]},{\"@type\":\"Person\",\"@id\":\"https:\/\/www.italpassion.fr\/nl\/#\/schema\/person\/36f747b2a759ca202d847e85a9434ca0\",\"name\":\"Alexandre Filluzeau\",\"image\":{\"@type\":\"ImageObject\",\"inLanguage\":\"nl-NL\",\"@id\":\"https:\/\/www.italpassion.fr\/nl\/#\/schema\/person\/image\/\",\"url\":\"https:\/\/www.italpassion.fr\/wp-content\/uploads\/2025\/04\/avatar-alexandre-160x160.jpg\",\"contentUrl\":\"https:\/\/www.italpassion.fr\/wp-content\/uploads\/2025\/04\/avatar-alexandre-160x160.jpg\",\"caption\":\"Alexandre Filluzeau\"},\"description\":\"Fondateur du site ItalPassion, passionn\u00e9 de voitures italiennes et de l'Italie en g\u00e9n\u00e9ral. J'apporte un regard critique et technique aux actualit\u00e9s des marques italiennes quand cela est possible. Propri\u00e9taire d'une Maserati GranTurismo, Alfa Romeo MiTo, Lancia Fulvia et Ducati 695. Ex-propri\u00e9taire d'une Alfa Romeo Giulia.\",\"sameAs\":[\"https:\/\/www.italpassion.fr\/\"],\"url\":\"https:\/\/www.italpassion.fr\/nl\/author\/alexandre\/\"}]}<\/script>\n<!-- \/ Yoast SEO plugin. -->","yoast_head_json":{"title":"F1: Ferrari doet naar verwachting niet mee aan eerste testdag Barcelona - ItalPassion","description":"De Formule 1-versie van 2026 maakt zich klaar om het circuit op te gaan, maar zonder het grote mediaspektakel waar fans aan gewend zijn. De eerste rit","robots":{"index":"index","follow":"follow","max-snippet":"max-snippet:-1","max-image-preview":"max-image-preview:large","max-video-preview":"max-video-preview:-1"},"canonical":"https:\/\/www.italpassion.fr\/nl\/wedstrijd\/formule-1\/f1-ferrari-zal-naar-verwachting-niet-deelnemen-aan-de-eerste-testdag-in-bercelona-hier-is-het-programma\/","og_locale":"nl_NL","og_type":"article","og_title":"F1 : Ferrari ne devrait pas participer au premier jour des essais de Barcelone, voici le programme - ItalPassion","og_description":"La Formule 1 version 2026 s\u2019appr\u00eate \u00e0 entrer en piste, mais sans le grand spectacle m\u00e9diatique auquel les fans \u00e9taient habitu\u00e9s. Le premier roulage","og_url":"https:\/\/www.italpassion.fr\/nl\/wedstrijd\/formule-1\/f1-ferrari-zal-naar-verwachting-niet-deelnemen-aan-de-eerste-testdag-in-bercelona-hier-is-het-programma\/","og_site_name":"ItalPassion","article_publisher":"https:\/\/www.facebook.com\/italpassion","article_published_time":"2026-01-22T16:22:26+00:00","og_image":[{"width":1200,"height":800,"url":"https:\/\/www.italpassion.fr\/wp-content\/uploads\/2026\/01\/charles-leclerc-sf26.jpg","type":"image\/jpeg"}],"author":"Alexandre Filluzeau","twitter_card":"summary_large_image","twitter_creator":"@italpassion","twitter_site":"@italpassion","schema":{"@context":"https:\/\/schema.org","@graph":[{"@type":"NewsArticle","@id":"https:\/\/www.italpassion.fr\/nl\/competition\/formule-1\/f1-ferrari-ne-devrait-pas-participer-au-premier-jour-des-essais-de-bercelone-voici-le-programme\/#article","isPartOf":{"@id":"https:\/\/www.italpassion.fr\/nl\/competition\/formule-1\/f1-ferrari-ne-devrait-pas-participer-au-premier-jour-des-essais-de-bercelone-voici-le-programme\/"},"author":{"name":"Alexandre Filluzeau","@id":"https:\/\/www.italpassion.fr\/nl\/#\/schema\/person\/36f747b2a759ca202d847e85a9434ca0"},"headline":"F1 : Ferrari ne devrait pas participer au premier jour des essais de Barcelone, voici le programme","datePublished":"2026-01-22T16:22:26+00:00","mainEntityOfPage":{"@id":"https:\/\/www.italpassion.fr\/nl\/competition\/formule-1\/f1-ferrari-ne-devrait-pas-participer-au-premier-jour-des-essais-de-bercelone-voici-le-programme\/"},"wordCount":607,"commentCount":0,"publisher":{"@id":"https:\/\/www.italpassion.fr\/nl\/#organization"},"image":{"@id":"https:\/\/www.italpassion.fr\/nl\/competition\/formule-1\/f1-ferrari-ne-devrait-pas-participer-au-premier-jour-des-essais-de-bercelone-voici-le-programme\/#primaryimage"},"thumbnailUrl":"https:\/\/www.italpassion.fr\/wp-content\/uploads\/2026\/01\/charles-leclerc-sf26.jpg","keywords":["Scuderia Ferrari"],"articleSection":["Formule 1","Sport Auto"],"inLanguage":"nl-NL","potentialAction":[{"@type":"CommentAction","name":"Comment","target":["https:\/\/www.italpassion.fr\/nl\/competition\/formule-1\/f1-ferrari-ne-devrait-pas-participer-au-premier-jour-des-essais-de-bercelone-voici-le-programme\/#respond"]}]},{"@type":"WebPage","@id":"https:\/\/www.italpassion.fr\/nl\/competition\/formule-1\/f1-ferrari-ne-devrait-pas-participer-au-premier-jour-des-essais-de-bercelone-voici-le-programme\/","url":"https:\/\/www.italpassion.fr\/nl\/competition\/formule-1\/f1-ferrari-ne-devrait-pas-participer-au-premier-jour-des-essais-de-bercelone-voici-le-programme\/","name":"F1: Ferrari doet naar verwachting niet mee aan eerste testdag Barcelona - ItalPassion","isPartOf":{"@id":"https:\/\/www.italpassion.fr\/nl\/#website"},"primaryImageOfPage":{"@id":"https:\/\/www.italpassion.fr\/nl\/competition\/formule-1\/f1-ferrari-ne-devrait-pas-participer-au-premier-jour-des-essais-de-bercelone-voici-le-programme\/#primaryimage"},"image":{"@id":"https:\/\/www.italpassion.fr\/nl\/competition\/formule-1\/f1-ferrari-ne-devrait-pas-participer-au-premier-jour-des-essais-de-bercelone-voici-le-programme\/#primaryimage"},"thumbnailUrl":"https:\/\/www.italpassion.fr\/wp-content\/uploads\/2026\/01\/charles-leclerc-sf26.jpg","datePublished":"2026-01-22T16:22:26+00:00","description":"De Formule 1-versie van 2026 maakt zich klaar om het circuit op te gaan, maar zonder het grote mediaspektakel waar fans aan gewend zijn. De eerste rit","breadcrumb":{"@id":"https:\/\/www.italpassion.fr\/nl\/competition\/formule-1\/f1-ferrari-ne-devrait-pas-participer-au-premier-jour-des-essais-de-bercelone-voici-le-programme\/#breadcrumb"},"inLanguage":"nl-NL","potentialAction":[{"@type":"ReadAction","target":["https:\/\/www.italpassion.fr\/nl\/competition\/formule-1\/f1-ferrari-ne-devrait-pas-participer-au-premier-jour-des-essais-de-bercelone-voici-le-programme\/"]}]},{"@type":"ImageObject","inLanguage":"nl-NL","@id":"https:\/\/www.italpassion.fr\/nl\/competition\/formule-1\/f1-ferrari-ne-devrait-pas-participer-au-premier-jour-des-essais-de-bercelone-voici-le-programme\/#primaryimage","url":"https:\/\/www.italpassion.fr\/wp-content\/uploads\/2026\/01\/charles-leclerc-sf26.jpg","contentUrl":"https:\/\/www.italpassion.fr\/wp-content\/uploads\/2026\/01\/charles-leclerc-sf26.jpg","width":1200,"height":800},{"@type":"BreadcrumbList","@id":"https:\/\/www.italpassion.fr\/nl\/competition\/formule-1\/f1-ferrari-ne-devrait-pas-participer-au-premier-jour-des-essais-de-bercelone-voici-le-programme\/#breadcrumb","itemListElement":[{"@type":"ListItem","position":1,"name":"Accueil","item":"https:\/\/www.italpassion.fr\/nl\/"},{"@type":"ListItem","position":2,"name":"F1 : Ferrari ne devrait pas participer au premier jour des essais de Barcelone, voici le programme"}]},{"@type":"WebSite","@id":"https:\/\/www.italpassion.fr\/nl\/#website","url":"https:\/\/www.italpassion.fr\/nl\/","name":"ItalPassion","description":"Italiaanse autoliefhebbers","publisher":{"@id":"https:\/\/www.italpassion.fr\/nl\/#organization"},"potentialAction":[{"@type":"SearchAction","target":{"@type":"EntryPoint","urlTemplate":"https:\/\/www.italpassion.fr\/nl\/?s={search_term_string}"},"query-input":{"@type":"PropertyValueSpecification","valueRequired":true,"valueName":"search_term_string"}}],"inLanguage":"nl-NL"},{"@type":"Organization","@id":"https:\/\/www.italpassion.fr\/nl\/#organization","name":"Italpassion","url":"https:\/\/www.italpassion.fr\/nl\/","logo":{"@type":"ImageObject","inLanguage":"nl-NL","@id":"https:\/\/www.italpassion.fr\/nl\/#\/schema\/logo\/image\/","url":"https:\/\/www.italpassion.fr\/wp-content\/uploads\/2023\/07\/italpassion-yoast.jpg","contentUrl":"https:\/\/www.italpassion.fr\/wp-content\/uploads\/2023\/07\/italpassion-yoast.jpg","width":696,"height":696,"caption":"Italpassion"},"image":{"@id":"https:\/\/www.italpassion.fr\/nl\/#\/schema\/logo\/image\/"},"sameAs":["https:\/\/www.facebook.com\/italpassion","https:\/\/x.com\/italpassion","https:\/\/www.instagram.com\/italpassionfr\/","https:\/\/www.youtube.com\/channel\/UCleq-ByQaA42OjhopwevRjQ","https:\/\/www.facebook.com\/italpassion.en\/","https:\/\/www.facebook.com\/italpassion.it\/","https:\/\/www.facebook.com\/italpassion.de\/","https:\/\/www.facebook.com\/italpassion.ja\/"]},{"@type":"Person","@id":"https:\/\/www.italpassion.fr\/nl\/#\/schema\/person\/36f747b2a759ca202d847e85a9434ca0","name":"Alexandre Filluzeau","image":{"@type":"ImageObject","inLanguage":"nl-NL","@id":"https:\/\/www.italpassion.fr\/nl\/#\/schema\/person\/image\/","url":"https:\/\/www.italpassion.fr\/wp-content\/uploads\/2025\/04\/avatar-alexandre-160x160.jpg","contentUrl":"https:\/\/www.italpassion.fr\/wp-content\/uploads\/2025\/04\/avatar-alexandre-160x160.jpg","caption":"Alexandre Filluzeau"},"description":"Oprichter van de website ItalPassion, gepassioneerd door Italiaanse auto's en Itali\u00eb in het algemeen. Waar mogelijk breng ik een kritisch en technisch oog naar nieuws over Italiaanse merken. Eigenaar van een Maserati GranTurismo, Alfa Romeo MiTo, Lancia Fulvia en Ducati 695. Ex-eigenaar van een Alfa Romeo Giulia.","sameAs":["https:\/\/www.italpassion.fr\/"],"url":"https:\/\/www.italpassion.fr\/nl\/author\/alexandre\/"}]}},"_links":{"self":[{"href":"https:\/\/www.italpassion.fr\/nl\/wp-json\/wp\/v2\/posts\/45657","targetHints":{"allow":["GET"]}}],"collection":[{"href":"https:\/\/www.italpassion.fr\/nl\/wp-json\/wp\/v2\/posts"}],"about":[{"href":"https:\/\/www.italpassion.fr\/nl\/wp-json\/wp\/v2\/types\/post"}],"author":[{"embeddable":true,"href":"https:\/\/www.italpassion.fr\/nl\/wp-json\/wp\/v2\/users\/1"}],"replies":[{"embeddable":true,"href":"https:\/\/www.italpassion.fr\/nl\/wp-json\/wp\/v2\/comments?post=45657"}],"version-history":[{"count":2,"href":"https:\/\/www.italpassion.fr\/nl\/wp-json\/wp\/v2\/posts\/45657\/revisions"}],"predecessor-version":[{"id":45660,"href":"https:\/\/www.italpassion.fr\/nl\/wp-json\/wp\/v2\/posts\/45657\/revisions\/45660"}],"wp:featuredmedia":[{"embeddable":true,"href":"https:\/\/www.italpassion.fr\/nl\/wp-json\/wp\/v2\/media\/45658"}],"wp:attachment":[{"href":"https:\/\/www.italpassion.fr\/nl\/wp-json\/wp\/v2\/media?parent=45657"}],"wp:term":[{"taxonomy":"category","embeddable":true,"href":"https:\/\/www.italpassion.fr\/nl\/wp-json\/wp\/v2\/categories?post=45657"},{"taxonomy":"post_tag","embeddable":true,"href":"https:\/\/www.italpassion.fr\/nl\/wp-json\/wp\/v2\/tags?post=45657"}],"curies":[{"name":"wp","href":"https:\/\/api.w.org\/{rel}","templated":true}]}}