{"id":45502,"date":"2026-01-20T11:25:42","date_gmt":"2026-01-20T10:25:42","guid":{"rendered":"https:\/\/www.italpassion.fr\/?p=45502"},"modified":"2026-01-20T11:25:42","modified_gmt":"2026-01-20T10:25:42","slug":"f1-ferrari-onthult-de-eerste-aanwijzingen-met-betrekking-tot-de-kleuren-van-zijn-sf-26-historische-kleuren-terug-voor-2026","status":"publish","type":"post","link":"https:\/\/www.italpassion.fr\/nl\/competition\/formule-1\/f1-ferrari-devoile-les-premiers-indices-concernant-les-couleurs-de-sa-sf-26-des-couleurs-historiques-de-retour-pour-2026\/","title":{"rendered":"F1: Ferrari onthult de eerste aanwijzingen voor de kleuren van de SF-26 - historische kleuren terug voor 2026?"},"content":{"rendered":"<figure class=\"wp-block-image size-full\"><img loading=\"lazy\" decoding=\"async\" width=\"1200\" height=\"862\" src=\"https:\/\/www.italpassion.fr\/wp-content\/uploads\/2026\/01\/sf16-0.jpg\" alt=\"\" class=\"wp-image-45507\" srcset=\"https:\/\/www.italpassion.fr\/wp-content\/uploads\/2026\/01\/sf16-0.jpg 1200w, https:\/\/www.italpassion.fr\/wp-content\/uploads\/2026\/01\/sf16-0-420x302.jpg 420w, https:\/\/www.italpassion.fr\/wp-content\/uploads\/2026\/01\/sf16-0-768x552.jpg 768w, https:\/\/www.italpassion.fr\/wp-content\/uploads\/2026\/01\/sf16-0-18x12.jpg 18w\" sizes=\"auto, (max-width: 1200px) 100vw, 1200px\" \/><\/figure>\n\n\n\n<p>Al enkele dagen doen geruchten de ronde over de toekomstige 2026 eenzitter van <a href=\"https:\/\/www.italpassion.fr\/nl\/tag\/scuderia-ferrari\/\">Scuderia Ferrari<\/a>. Met nog maar een paar dagen te gaan voor de offici\u00eble presentatie van de SF-26, lijkt het Italiaanse merk bewust de eerste hints te geven over de visuele identiteit van zijn volgende model. <a href=\"https:\/\/www.italpassion.fr\/nl\/wedstrijd\/formule-1\/\">Formule 1<\/a>. En \u00e9\u00e9n detail is niemand ontgaan: wit, de emblematische kleur uit het verleden, zou wel eens een comeback kunnen maken.<\/p>\n\n\n\n<h2 class=\"wp-block-heading\">Wanneer merchandising een boodschap wordt<\/h2>\n\n\n\n<p>In de moderne Formule 1 wordt niets aan het toeval overgelaten. De kleuren worden niet langer alleen onthuld bij de lancering van de auto; ze worden ruim van tevoren verteld via merchandising, offici\u00eble video's en vakkundig georkestreerde communicatie op sociale netwerken. Ferrari beheerst deze kunst perfect. In de afgelopen uren begonnen beelden van een mogelijke offici\u00eble cap voor het seizoen 2026 te circuleren. Zonder offici\u00eble bevestiging was dit simpele accessoire al genoeg om een golf van analyse te ontketenen onder de tifosi. Waar het om gaat: een duidelijke aanwezigheid van wit, gecombineerd met een lichter, helderder rood dan dat van de afgelopen seizoenen. Een keuze die contrasteert met de donkere trend van de afgelopen jaren.<\/p>\n\n\n\n<figure class=\"wp-block-image size-full\"><img loading=\"lazy\" decoding=\"async\" width=\"1200\" height=\"862\" src=\"https:\/\/www.italpassion.fr\/wp-content\/uploads\/2026\/01\/casquette-ferrari-2026.jpg\" alt=\"\" class=\"wp-image-45503\" srcset=\"https:\/\/www.italpassion.fr\/wp-content\/uploads\/2026\/01\/casquette-ferrari-2026.jpg 1200w, https:\/\/www.italpassion.fr\/wp-content\/uploads\/2026\/01\/casquette-ferrari-2026-420x302.jpg 420w, https:\/\/www.italpassion.fr\/wp-content\/uploads\/2026\/01\/casquette-ferrari-2026-768x552.jpg 768w, https:\/\/www.italpassion.fr\/wp-content\/uploads\/2026\/01\/casquette-ferrari-2026-18x12.jpg 18w\" sizes=\"auto, (max-width: 1200px) 100vw, 1200px\" \/><\/figure>\n\n\n\n<h2 class=\"wp-block-heading\">Chauffeurspakken bevestigen de trend<\/h2>\n\n\n\n<p>De laatste aanwijzing hiervoor is de presentatie van de nieuwe pakken voor de Ferrari-coureurs. Deze geven een nog prominentere rol aan wit, met name op de zijkanten, mouwen en bepaalde verticale gebieden, waar rood voorheen bijna onbetwist domineerde. Dit is waarschijnlijk geen toeval. Historisch gezien zijn overalls voor coureurs vaak ontworpen als een direct verlengstuk van de kleurstelling van de eenzitter. Door het wit op de pakken zo te accentueren, lijkt het team de mensen voor te bereiden op een visueel contrastrijker SF-26, waarin wit niet langer slechts een secundair element is.<\/p>\n\n\n\n<figure class=\"wp-block-image size-large\"><img loading=\"lazy\" decoding=\"async\" width=\"960\" height=\"1200\" src=\"https:\/\/www.italpassion.fr\/wp-content\/uploads\/2026\/01\/combinaison-pilote-f1-2026-960x1200.jpg\" alt=\"\" class=\"wp-image-45542\" srcset=\"https:\/\/www.italpassion.fr\/wp-content\/uploads\/2026\/01\/combinaison-pilote-f1-2026-scaled.jpg 960w, https:\/\/www.italpassion.fr\/wp-content\/uploads\/2026\/01\/combinaison-pilote-f1-2026-336x420.jpg 336w, https:\/\/www.italpassion.fr\/wp-content\/uploads\/2026\/01\/combinaison-pilote-f1-2026-768x960.jpg 768w, https:\/\/www.italpassion.fr\/wp-content\/uploads\/2026\/01\/combinaison-pilote-f1-2026-10x12.jpg 10w\" sizes=\"auto, (max-width: 960px) 100vw, 960px\" \/><\/figure>\n\n\n\n<h2 class=\"wp-block-heading\">Wit, een knipoog naar de geschiedenis van Ferrari<\/h2>\n\n\n\n<p>De terugkeer van wit is zeker niet onbelangrijk. Het werd lang gebruikt door Ferrari, met name in de jaren 1970 en 1990, maar was vanaf 2019 volledig verdwenen uit de moderne livery. In 2025 dook het voorzichtig weer op als achtergrond voor het HP-logo, de nieuwe titelpartner van het team, maar zonder een echte visuele rol op de carrosserie. De huidige aanwijzingen duiden op een veel ingrijpender verandering. Wit zou opnieuw een structurerend element van de SF-26 kunnen worden en doen denken aan legendarische eenzitters zoals de 312T of, recenter, de SF16-H, die al grote lichtvlakken aan de achterkant had. Het is een manier om het merk weer in contact te brengen met zijn erfgoed en tegelijkertijd zijn imago te moderniseren. Het zou het ook makkelijker maken om het logo van sponsor HP te integreren.<\/p>\n\n\n\n<figure class=\"wp-block-image size-full\"><img loading=\"lazy\" decoding=\"async\" width=\"1200\" height=\"862\" src=\"https:\/\/www.italpassion.fr\/wp-content\/uploads\/2026\/01\/ferrari-312-T.jpg\" alt=\"\" class=\"wp-image-45505\" srcset=\"https:\/\/www.italpassion.fr\/wp-content\/uploads\/2026\/01\/ferrari-312-T.jpg 1200w, https:\/\/www.italpassion.fr\/wp-content\/uploads\/2026\/01\/ferrari-312-T-420x302.jpg 420w, https:\/\/www.italpassion.fr\/wp-content\/uploads\/2026\/01\/ferrari-312-T-768x552.jpg 768w, https:\/\/www.italpassion.fr\/wp-content\/uploads\/2026\/01\/ferrari-312-T-18x12.jpg 18w\" sizes=\"auto, (max-width: 1200px) 100vw, 1200px\" \/><figcaption class=\"wp-element-caption\">1976 Ferrari 312T2<\/figcaption><\/figure>\n\n\n\n<figure class=\"wp-block-image size-full\"><img loading=\"lazy\" decoding=\"async\" width=\"1200\" height=\"862\" src=\"https:\/\/www.italpassion.fr\/wp-content\/uploads\/2026\/01\/ferrari-1992.jpg\" alt=\"\" class=\"wp-image-45504\" srcset=\"https:\/\/www.italpassion.fr\/wp-content\/uploads\/2026\/01\/ferrari-1992.jpg 1200w, https:\/\/www.italpassion.fr\/wp-content\/uploads\/2026\/01\/ferrari-1992-420x302.jpg 420w, https:\/\/www.italpassion.fr\/wp-content\/uploads\/2026\/01\/ferrari-1992-768x552.jpg 768w, https:\/\/www.italpassion.fr\/wp-content\/uploads\/2026\/01\/ferrari-1992-18x12.jpg 18w\" sizes=\"auto, (max-width: 1200px) 100vw, 1200px\" \/><figcaption class=\"wp-element-caption\">Ferrari F93A 1993<\/figcaption><\/figure>\n\n\n\n<figure class=\"wp-block-image size-full\"><img loading=\"lazy\" decoding=\"async\" width=\"1200\" height=\"862\" src=\"https:\/\/www.italpassion.fr\/wp-content\/uploads\/2026\/01\/ferrari-sf16-h.jpg\" alt=\"\" class=\"wp-image-45506\" srcset=\"https:\/\/www.italpassion.fr\/wp-content\/uploads\/2026\/01\/ferrari-sf16-h.jpg 1200w, https:\/\/www.italpassion.fr\/wp-content\/uploads\/2026\/01\/ferrari-sf16-h-420x302.jpg 420w, https:\/\/www.italpassion.fr\/wp-content\/uploads\/2026\/01\/ferrari-sf16-h-768x552.jpg 768w, https:\/\/www.italpassion.fr\/wp-content\/uploads\/2026\/01\/ferrari-sf16-h-18x12.jpg 18w\" sizes=\"auto, (max-width: 1200px) 100vw, 1200px\" \/><figcaption class=\"wp-element-caption\">Ferrari SF16-H 2016<\/figcaption><\/figure>\n\n\n\n<p>Een ander detail: de kleur rood. Op de foto's en video's die Ferrari heeft gepubliceerd, is een helderdere, lichtere kleur te zien, in tegenstelling tot het donkere rood van de afgelopen jaren.<\/p>\n\n\n\n<blockquote class=\"instagram-media\" data-instgrm-permalink=\"https:\/\/www.instagram.com\/reel\/DTqUyMmiAHP\/?utm_source=ig_embed&amp;utm_campaign=loading\" data-instgrm-version=\"14\" style=\" background:#FFF; border:0; border-radius:3px; box-shadow:0 0 1px 0 rgba(0,0,0,0.5),0 1px 10px 0 rgba(0,0,0,0.15); margin: 1px; max-width:540px; min-width:326px; padding:0; width:99.375%; width:-webkit-calc(100% - 2px); width:calc(100% - 2px);\"><div style=\"padding:16px;\"> <a href=\"https:\/\/www.instagram.com\/reel\/DTqUyMmiAHP\/?utm_source=ig_embed&amp;utm_campaign=loading\" style=\" background:#FFFFFF; line-height:0; padding:0 0; text-align:center; text-decoration:none; width:100%;\" target=\"_blank\"> <div style=\" display: flex; flex-direction: row; align-items: center;\"> <div style=\"background-color: #F4F4F4; border-radius: 50%; flex-grow: 0; height: 40px; margin-right: 14px; width: 40px;\"><\/div> <div style=\"display: flex; flex-direction: column; flex-grow: 1; justify-content: center;\"> <div style=\" background-color: #F4F4F4; border-radius: 4px; flex-grow: 0; height: 14px; margin-bottom: 6px; width: 100px;\"><\/div> <div style=\" background-color: #F4F4F4; border-radius: 4px; flex-grow: 0; height: 14px; width: 60px;\"><\/div><\/div><\/div><div style=\"padding: 19% 0;\"><\/div> <div style=\"display:block; height:50px; margin:0 auto 12px; width:50px;\"><svg width=\"50px\" height=\"50px\" viewbox=\"0 0 60 60\" version=\"1.1\" xmlns=\"https:\/\/www.w3.org\/2000\/svg\" xmlns:xlink=\"https:\/\/www.w3.org\/1999\/xlink\"><g stroke=\"none\" stroke-width=\"1\" fill=\"none\" fill-rule=\"evenodd\"><g transform=\"translate(-511.000000, -20.000000)\" fill=\"#000000\"><g><path d=\"M556.869,30.41 C554.814,30.41 553.148,32.076 553.148,34.131 C553.148,36.186 554.814,37.852 556.869,37.852 C558.924,37.852 560.59,36.186 560.59,34.131 C560.59,32.076 558.924,30.41 556.869,30.41 M541,60.657 C535.114,60.657 530.342,55.887 530.342,50 C530.342,44.114 535.114,39.342 541,39.342 C546.887,39.342 551.658,44.114 551.658,50 C551.658,55.887 546.887,60.657 541,60.657 M541,33.886 C532.1,33.886 524.886,41.1 524.886,50 C524.886,58.899 532.1,66.113 541,66.113 C549.9,66.113 557.115,58.899 557.115,50 C557.115,41.1 549.9,33.886 541,33.886 M565.378,62.101 C565.244,65.022 564.756,66.606 564.346,67.663 C563.803,69.06 563.154,70.057 562.106,71.106 C561.058,72.155 560.06,72.803 558.662,73.347 C557.607,73.757 556.021,74.244 553.102,74.378 C549.944,74.521 548.997,74.552 541,74.552 C533.003,74.552 532.056,74.521 528.898,74.378 C525.979,74.244 524.393,73.757 523.338,73.347 C521.94,72.803 520.942,72.155 519.894,71.106 C518.846,70.057 518.197,69.06 517.654,67.663 C517.244,66.606 516.755,65.022 516.623,62.101 C516.479,58.943 516.448,57.996 516.448,50 C516.448,42.003 516.479,41.056 516.623,37.899 C516.755,34.978 517.244,33.391 517.654,32.338 C518.197,30.938 518.846,29.942 519.894,28.894 C520.942,27.846 521.94,27.196 523.338,26.654 C524.393,26.244 525.979,25.756 528.898,25.623 C532.057,25.479 533.004,25.448 541,25.448 C548.997,25.448 549.943,25.479 553.102,25.623 C556.021,25.756 557.607,26.244 558.662,26.654 C560.06,27.196 561.058,27.846 562.106,28.894 C563.154,29.942 563.803,30.938 564.346,32.338 C564.756,33.391 565.244,34.978 565.378,37.899 C565.522,41.056 565.552,42.003 565.552,50 C565.552,57.996 565.522,58.943 565.378,62.101 M570.82,37.631 C570.674,34.438 570.167,32.258 569.425,30.349 C568.659,28.377 567.633,26.702 565.965,25.035 C564.297,23.368 562.623,22.342 560.652,21.575 C558.743,20.834 556.562,20.326 553.369,20.18 C550.169,20.033 549.148,20 541,20 C532.853,20 531.831,20.033 528.631,20.18 C525.438,20.326 523.257,20.834 521.349,21.575 C519.376,22.342 517.703,23.368 516.035,25.035 C514.368,26.702 513.342,28.377 512.574,30.349 C511.834,32.258 511.326,34.438 511.181,37.631 C511.035,40.831 511,41.851 511,50 C511,58.147 511.035,59.17 511.181,62.369 C511.326,65.562 511.834,67.743 512.574,69.651 C513.342,71.625 514.368,73.296 516.035,74.965 C517.703,76.634 519.376,77.658 521.349,78.425 C523.257,79.167 525.438,79.673 528.631,79.82 C531.831,79.965 532.853,80.001 541,80.001 C549.148,80.001 550.169,79.965 553.369,79.82 C556.562,79.673 558.743,79.167 560.652,78.425 C562.623,77.658 564.297,76.634 565.965,74.965 C567.633,73.296 568.659,71.625 569.425,69.651 C570.167,67.743 570.674,65.562 570.82,62.369 C570.966,59.17 571,58.147 571,50 C571,41.851 570.966,40.831 570.82,37.631\"><\/path><\/g><\/g><\/g><\/svg><\/div><div style=\"padding-top: 8px;\"> <div style=\" color:#3897f0; font-family:Arial,sans-serif; font-size:14px; font-style:normal; font-weight:550; line-height:18px;\">Bekijk dit bericht op Instagram<\/div><\/div><div style=\"padding: 12.5% 0;\"><\/div> <div style=\"display: flex; flex-direction: row; margin-bottom: 14px; align-items: center;\"><div> <div style=\"background-color: #F4F4F4; border-radius: 50%; height: 12.5px; width: 12.5px; transform: translateX(0px) translateY(7px);\"><\/div> <div style=\"background-color: #F4F4F4; height: 12.5px; transform: rotate(-45deg) translateX(3px) translateY(1px); width: 12.5px; flex-grow: 0; margin-right: 14px; margin-left: 2px;\"><\/div> <div style=\"background-color: #F4F4F4; border-radius: 50%; height: 12.5px; width: 12.5px; transform: translateX(9px) translateY(-18px);\"><\/div><\/div><div style=\"margin-left: 8px;\"> <div style=\" background-color: #F4F4F4; border-radius: 50%; flex-grow: 0; height: 20px; width: 20px;\"><\/div> <div style=\" width: 0; height: 0; border-top: 2px solid transparent; border-left: 6px solid #f4f4f4; border-bottom: 2px solid transparent; transform: translateX(16px) translateY(-4px) rotate(30deg)\"><\/div><\/div><div style=\"margin-left: auto;\"> <div style=\" width: 0px; border-top: 8px solid #F4F4F4; border-right: 8px solid transparent; transform: translateY(16px);\"><\/div> <div style=\" background-color: #F4F4F4; flex-grow: 0; height: 12px; width: 16px; transform: translateY(-4px);\"><\/div> <div style=\" width: 0; height: 0; border-top: 8px solid #F4F4F4; border-left: 8px solid transparent; transform: translateY(-4px) translateX(8px);\"><\/div><\/div><\/div> <div style=\"display: flex; flex-direction: column; flex-grow: 1; justify-content: center; margin-bottom: 24px;\"> <div style=\" background-color: #F4F4F4; border-radius: 4px; flex-grow: 0; height: 14px; margin-bottom: 6px; width: 224px;\"><\/div> <div style=\" background-color: #F4F4F4; border-radius: 4px; flex-grow: 0; height: 14px; width: 144px;\"><\/div><\/div><\/a><p style=\" color:#c9c8cd; font-family:Arial,sans-serif; font-size:14px; line-height:17px; margin-bottom:0; margin-top:8px; overflow:hidden; padding:8px 0 7px; text-align:center; text-overflow:ellipsis; white-space:nowrap;\"><a href=\"https:\/\/www.instagram.com\/reel\/DTqUyMmiAHP\/?utm_source=ig_embed&amp;utm_campaign=loading\" style=\" color:#c9c8cd; font-family:Arial,sans-serif; font-size:14px; font-style:normal; font-weight:normal; line-height:17px; text-decoration:none;\" target=\"_blank\">Een bericht gedeeld door Scuderia Ferrari HP (@scuderiaferrari)<\/a><\/p><\/div><\/blockquote>\n<script async src=\"\/\/www.instagram.com\/embed.js\"><\/script>\n\n\n\n<p>Het wachten is nu voorbij. Op 23 januari onthult Ferrari officieel de SF-26 op de<a href=\"https:\/\/www.italpassion.fr\/nl\/wedstrijd\/formule-1\/f1-waar-en-wanneer-live-te-zien-bij-de-presentatie-van-de-nieuwe-ferrari-sf-26-door-leclerc-en-hamilton\/\">een presentatie over het circuit van Fiorano<\/a>. De eerste beelden van het circuit zullen uiteindelijk bevestigen of deze visuele aanwijzingen slechts hints waren... of een echte intentieverklaring.<\/p>","protected":false},"excerpt":{"rendered":"","protected":false},"author":1,"featured_media":45507,"comment_status":"open","ping_status":"open","sticky":false,"template":"","format":"standard","meta":{"_acf_changed":false,"_sitemap_exclude":false,"_sitemap_priority":"","_sitemap_frequency":"","footnotes":""},"categories":[328,323],"tags":[370],"class_list":["post-45502","post","type-post","status-publish","format-standard","has-post-thumbnail","hentry","category-formule-1","category-competition","tag-scuderia-ferrari","generate-columns","tablet-grid-50","mobile-grid-100","grid-parent","grid-33"],"acf":[],"yoast_head":"<!-- This site is optimized with the Yoast SEO plugin v25.8 - https:\/\/yoast.com\/wordpress\/plugins\/seo\/ -->\n<title>F1 : Ferrari d\u00e9voile les premiers indices concernant les couleurs de sa SF-26, des couleurs historiques de retour pour 2026 ? - ItalPassion<\/title>\n<meta name=\"description\" content=\"Depuis plusieurs jours, la rumeur enfle autour de la future monoplace 2026 de Scuderia Ferrari. \u00c0 quelques jours de la pr\u00e9sentation officielle de la\" \/>\n<meta name=\"robots\" content=\"index, follow, max-snippet:-1, max-image-preview:large, max-video-preview:-1\" \/>\n<link rel=\"canonical\" href=\"https:\/\/www.italpassion.fr\/nl\/wedstrijd\/formule-1\/f1-ferrari-onthult-de-eerste-aanwijzingen-met-betrekking-tot-de-kleuren-van-zijn-sf-26-historische-kleuren-terug-voor-2026\/\" \/>\n<meta property=\"og:locale\" content=\"nl_NL\" \/>\n<meta property=\"og:type\" content=\"article\" \/>\n<meta property=\"og:title\" content=\"F1 : Ferrari d\u00e9voile les premiers indices concernant les couleurs de sa SF-26, des couleurs historiques de retour pour 2026 ? - ItalPassion\" \/>\n<meta property=\"og:description\" content=\"Depuis plusieurs jours, la rumeur enfle autour de la future monoplace 2026 de Scuderia Ferrari. \u00c0 quelques jours de la pr\u00e9sentation officielle de la\" \/>\n<meta property=\"og:url\" content=\"https:\/\/www.italpassion.fr\/nl\/wedstrijd\/formule-1\/f1-ferrari-onthult-de-eerste-aanwijzingen-met-betrekking-tot-de-kleuren-van-zijn-sf-26-historische-kleuren-terug-voor-2026\/\" \/>\n<meta property=\"og:site_name\" content=\"ItalPassion\" \/>\n<meta property=\"article:publisher\" content=\"https:\/\/www.facebook.com\/italpassion\" \/>\n<meta property=\"article:published_time\" content=\"2026-01-20T10:25:42+00:00\" \/>\n<meta property=\"og:image\" content=\"https:\/\/www.italpassion.fr\/wp-content\/uploads\/2026\/01\/sf16-0.jpg\" \/>\n\t<meta property=\"og:image:width\" content=\"1200\" \/>\n\t<meta property=\"og:image:height\" content=\"862\" \/>\n\t<meta property=\"og:image:type\" content=\"image\/jpeg\" \/>\n<meta name=\"author\" content=\"Alexandre Filluzeau\" \/>\n<meta name=\"twitter:card\" content=\"summary_large_image\" \/>\n<meta name=\"twitter:creator\" content=\"@italpassion\" \/>\n<meta name=\"twitter:site\" content=\"@italpassion\" \/>\n<script type=\"application\/ld+json\" class=\"yoast-schema-graph\">{\"@context\":\"https:\/\/schema.org\",\"@graph\":[{\"@type\":\"NewsArticle\",\"@id\":\"https:\/\/www.italpassion.fr\/nl\/competition\/formule-1\/f1-ferrari-devoile-les-premiers-indices-concernant-les-couleurs-de-sa-sf-26-des-couleurs-historiques-de-retour-pour-2026\/#article\",\"isPartOf\":{\"@id\":\"https:\/\/www.italpassion.fr\/nl\/competition\/formule-1\/f1-ferrari-devoile-les-premiers-indices-concernant-les-couleurs-de-sa-sf-26-des-couleurs-historiques-de-retour-pour-2026\/\"},\"author\":{\"name\":\"Alexandre Filluzeau\",\"@id\":\"https:\/\/www.italpassion.fr\/nl\/#\/schema\/person\/36f747b2a759ca202d847e85a9434ca0\"},\"headline\":\"F1 : Ferrari d\u00e9voile les premiers indices concernant les couleurs de sa SF-26, des couleurs historiques de retour pour 2026 ?\",\"datePublished\":\"2026-01-20T10:25:42+00:00\",\"mainEntityOfPage\":{\"@id\":\"https:\/\/www.italpassion.fr\/nl\/competition\/formule-1\/f1-ferrari-devoile-les-premiers-indices-concernant-les-couleurs-de-sa-sf-26-des-couleurs-historiques-de-retour-pour-2026\/\"},\"wordCount\":577,\"commentCount\":0,\"publisher\":{\"@id\":\"https:\/\/www.italpassion.fr\/nl\/#organization\"},\"image\":{\"@id\":\"https:\/\/www.italpassion.fr\/nl\/competition\/formule-1\/f1-ferrari-devoile-les-premiers-indices-concernant-les-couleurs-de-sa-sf-26-des-couleurs-historiques-de-retour-pour-2026\/#primaryimage\"},\"thumbnailUrl\":\"https:\/\/www.italpassion.fr\/wp-content\/uploads\/2026\/01\/sf16-0.jpg\",\"keywords\":[\"Scuderia Ferrari\"],\"articleSection\":[\"Formule 1\",\"Sport Auto\"],\"inLanguage\":\"nl-NL\",\"potentialAction\":[{\"@type\":\"CommentAction\",\"name\":\"Comment\",\"target\":[\"https:\/\/www.italpassion.fr\/nl\/competition\/formule-1\/f1-ferrari-devoile-les-premiers-indices-concernant-les-couleurs-de-sa-sf-26-des-couleurs-historiques-de-retour-pour-2026\/#respond\"]}]},{\"@type\":\"WebPage\",\"@id\":\"https:\/\/www.italpassion.fr\/nl\/competition\/formule-1\/f1-ferrari-devoile-les-premiers-indices-concernant-les-couleurs-de-sa-sf-26-des-couleurs-historiques-de-retour-pour-2026\/\",\"url\":\"https:\/\/www.italpassion.fr\/nl\/competition\/formule-1\/f1-ferrari-devoile-les-premiers-indices-concernant-les-couleurs-de-sa-sf-26-des-couleurs-historiques-de-retour-pour-2026\/\",\"name\":\"F1 : Ferrari d\u00e9voile les premiers indices concernant les couleurs de sa SF-26, des couleurs historiques de retour pour 2026 ? - ItalPassion\",\"isPartOf\":{\"@id\":\"https:\/\/www.italpassion.fr\/nl\/#website\"},\"primaryImageOfPage\":{\"@id\":\"https:\/\/www.italpassion.fr\/nl\/competition\/formule-1\/f1-ferrari-devoile-les-premiers-indices-concernant-les-couleurs-de-sa-sf-26-des-couleurs-historiques-de-retour-pour-2026\/#primaryimage\"},\"image\":{\"@id\":\"https:\/\/www.italpassion.fr\/nl\/competition\/formule-1\/f1-ferrari-devoile-les-premiers-indices-concernant-les-couleurs-de-sa-sf-26-des-couleurs-historiques-de-retour-pour-2026\/#primaryimage\"},\"thumbnailUrl\":\"https:\/\/www.italpassion.fr\/wp-content\/uploads\/2026\/01\/sf16-0.jpg\",\"datePublished\":\"2026-01-20T10:25:42+00:00\",\"description\":\"Depuis plusieurs jours, la rumeur enfle autour de la future monoplace 2026 de Scuderia Ferrari. \u00c0 quelques jours de la pr\u00e9sentation officielle de la\",\"breadcrumb\":{\"@id\":\"https:\/\/www.italpassion.fr\/nl\/competition\/formule-1\/f1-ferrari-devoile-les-premiers-indices-concernant-les-couleurs-de-sa-sf-26-des-couleurs-historiques-de-retour-pour-2026\/#breadcrumb\"},\"inLanguage\":\"nl-NL\",\"potentialAction\":[{\"@type\":\"ReadAction\",\"target\":[\"https:\/\/www.italpassion.fr\/nl\/competition\/formule-1\/f1-ferrari-devoile-les-premiers-indices-concernant-les-couleurs-de-sa-sf-26-des-couleurs-historiques-de-retour-pour-2026\/\"]}]},{\"@type\":\"ImageObject\",\"inLanguage\":\"nl-NL\",\"@id\":\"https:\/\/www.italpassion.fr\/nl\/competition\/formule-1\/f1-ferrari-devoile-les-premiers-indices-concernant-les-couleurs-de-sa-sf-26-des-couleurs-historiques-de-retour-pour-2026\/#primaryimage\",\"url\":\"https:\/\/www.italpassion.fr\/wp-content\/uploads\/2026\/01\/sf16-0.jpg\",\"contentUrl\":\"https:\/\/www.italpassion.fr\/wp-content\/uploads\/2026\/01\/sf16-0.jpg\",\"width\":1200,\"height\":862},{\"@type\":\"BreadcrumbList\",\"@id\":\"https:\/\/www.italpassion.fr\/nl\/competition\/formule-1\/f1-ferrari-devoile-les-premiers-indices-concernant-les-couleurs-de-sa-sf-26-des-couleurs-historiques-de-retour-pour-2026\/#breadcrumb\",\"itemListElement\":[{\"@type\":\"ListItem\",\"position\":1,\"name\":\"Accueil\",\"item\":\"https:\/\/www.italpassion.fr\/nl\/\"},{\"@type\":\"ListItem\",\"position\":2,\"name\":\"F1 : Ferrari d\u00e9voile les premiers indices concernant les couleurs de sa SF-26, des couleurs historiques de retour pour 2026 ?\"}]},{\"@type\":\"WebSite\",\"@id\":\"https:\/\/www.italpassion.fr\/nl\/#website\",\"url\":\"https:\/\/www.italpassion.fr\/nl\/\",\"name\":\"ItalPassion\",\"description\":\"Les Passionn\u00e9s d&#039;Automobiles Italiennes\",\"publisher\":{\"@id\":\"https:\/\/www.italpassion.fr\/nl\/#organization\"},\"potentialAction\":[{\"@type\":\"SearchAction\",\"target\":{\"@type\":\"EntryPoint\",\"urlTemplate\":\"https:\/\/www.italpassion.fr\/nl\/?s={search_term_string}\"},\"query-input\":{\"@type\":\"PropertyValueSpecification\",\"valueRequired\":true,\"valueName\":\"search_term_string\"}}],\"inLanguage\":\"nl-NL\"},{\"@type\":\"Organization\",\"@id\":\"https:\/\/www.italpassion.fr\/nl\/#organization\",\"name\":\"Italpassion\",\"url\":\"https:\/\/www.italpassion.fr\/nl\/\",\"logo\":{\"@type\":\"ImageObject\",\"inLanguage\":\"nl-NL\",\"@id\":\"https:\/\/www.italpassion.fr\/nl\/#\/schema\/logo\/image\/\",\"url\":\"https:\/\/www.italpassion.fr\/wp-content\/uploads\/2023\/07\/italpassion-yoast.jpg\",\"contentUrl\":\"https:\/\/www.italpassion.fr\/wp-content\/uploads\/2023\/07\/italpassion-yoast.jpg\",\"width\":696,\"height\":696,\"caption\":\"Italpassion\"},\"image\":{\"@id\":\"https:\/\/www.italpassion.fr\/nl\/#\/schema\/logo\/image\/\"},\"sameAs\":[\"https:\/\/www.facebook.com\/italpassion\",\"https:\/\/x.com\/italpassion\",\"https:\/\/www.instagram.com\/italpassionfr\/\",\"https:\/\/www.youtube.com\/channel\/UCleq-ByQaA42OjhopwevRjQ\",\"https:\/\/www.facebook.com\/italpassion.en\/\",\"https:\/\/www.facebook.com\/italpassion.it\/\",\"https:\/\/www.facebook.com\/italpassion.de\/\",\"https:\/\/www.facebook.com\/italpassion.ja\/\"]},{\"@type\":\"Person\",\"@id\":\"https:\/\/www.italpassion.fr\/nl\/#\/schema\/person\/36f747b2a759ca202d847e85a9434ca0\",\"name\":\"Alexandre Filluzeau\",\"image\":{\"@type\":\"ImageObject\",\"inLanguage\":\"nl-NL\",\"@id\":\"https:\/\/www.italpassion.fr\/nl\/#\/schema\/person\/image\/\",\"url\":\"https:\/\/www.italpassion.fr\/wp-content\/uploads\/2025\/04\/avatar-alexandre-160x160.jpg\",\"contentUrl\":\"https:\/\/www.italpassion.fr\/wp-content\/uploads\/2025\/04\/avatar-alexandre-160x160.jpg\",\"caption\":\"Alexandre Filluzeau\"},\"description\":\"Fondateur du site ItalPassion, passionn\u00e9 de voitures italiennes et de l'Italie en g\u00e9n\u00e9ral. J'apporte un regard critique et technique aux actualit\u00e9s des marques italiennes quand cela est possible. Propri\u00e9taire d'une Maserati GranTurismo, Alfa Romeo MiTo, Lancia Fulvia et Ducati 695. Ex-propri\u00e9taire d'une Alfa Romeo Giulia.\",\"sameAs\":[\"https:\/\/www.italpassion.fr\/\"],\"url\":\"https:\/\/www.italpassion.fr\/nl\/author\/alexandre\/\"}]}<\/script>\n<!-- \/ Yoast SEO plugin. -->","yoast_head_json":{"title":"F1: Ferrari onthult de eerste aanwijzingen over de kleuren van haar SF-26, historische kleuren terug voor 2026? - Italiaanse passie","description":"Al enkele dagen doen geruchten de ronde over de toekomstige eenzitter van Scuderia Ferrari voor 2026. Met nog maar een paar dagen te gaan voor de offici\u00eble presentatie van de","robots":{"index":"index","follow":"follow","max-snippet":"max-snippet:-1","max-image-preview":"max-image-preview:large","max-video-preview":"max-video-preview:-1"},"canonical":"https:\/\/www.italpassion.fr\/nl\/wedstrijd\/formule-1\/f1-ferrari-onthult-de-eerste-aanwijzingen-met-betrekking-tot-de-kleuren-van-zijn-sf-26-historische-kleuren-terug-voor-2026\/","og_locale":"nl_NL","og_type":"article","og_title":"F1 : Ferrari d\u00e9voile les premiers indices concernant les couleurs de sa SF-26, des couleurs historiques de retour pour 2026 ? - ItalPassion","og_description":"Depuis plusieurs jours, la rumeur enfle autour de la future monoplace 2026 de Scuderia Ferrari. \u00c0 quelques jours de la pr\u00e9sentation officielle de la","og_url":"https:\/\/www.italpassion.fr\/nl\/wedstrijd\/formule-1\/f1-ferrari-onthult-de-eerste-aanwijzingen-met-betrekking-tot-de-kleuren-van-zijn-sf-26-historische-kleuren-terug-voor-2026\/","og_site_name":"ItalPassion","article_publisher":"https:\/\/www.facebook.com\/italpassion","article_published_time":"2026-01-20T10:25:42+00:00","og_image":[{"width":1200,"height":862,"url":"https:\/\/www.italpassion.fr\/wp-content\/uploads\/2026\/01\/sf16-0.jpg","type":"image\/jpeg"}],"author":"Alexandre Filluzeau","twitter_card":"summary_large_image","twitter_creator":"@italpassion","twitter_site":"@italpassion","schema":{"@context":"https:\/\/schema.org","@graph":[{"@type":"NewsArticle","@id":"https:\/\/www.italpassion.fr\/nl\/competition\/formule-1\/f1-ferrari-devoile-les-premiers-indices-concernant-les-couleurs-de-sa-sf-26-des-couleurs-historiques-de-retour-pour-2026\/#article","isPartOf":{"@id":"https:\/\/www.italpassion.fr\/nl\/competition\/formule-1\/f1-ferrari-devoile-les-premiers-indices-concernant-les-couleurs-de-sa-sf-26-des-couleurs-historiques-de-retour-pour-2026\/"},"author":{"name":"Alexandre Filluzeau","@id":"https:\/\/www.italpassion.fr\/nl\/#\/schema\/person\/36f747b2a759ca202d847e85a9434ca0"},"headline":"F1 : Ferrari d\u00e9voile les premiers indices concernant les couleurs de sa SF-26, des couleurs historiques de retour pour 2026 ?","datePublished":"2026-01-20T10:25:42+00:00","mainEntityOfPage":{"@id":"https:\/\/www.italpassion.fr\/nl\/competition\/formule-1\/f1-ferrari-devoile-les-premiers-indices-concernant-les-couleurs-de-sa-sf-26-des-couleurs-historiques-de-retour-pour-2026\/"},"wordCount":577,"commentCount":0,"publisher":{"@id":"https:\/\/www.italpassion.fr\/nl\/#organization"},"image":{"@id":"https:\/\/www.italpassion.fr\/nl\/competition\/formule-1\/f1-ferrari-devoile-les-premiers-indices-concernant-les-couleurs-de-sa-sf-26-des-couleurs-historiques-de-retour-pour-2026\/#primaryimage"},"thumbnailUrl":"https:\/\/www.italpassion.fr\/wp-content\/uploads\/2026\/01\/sf16-0.jpg","keywords":["Scuderia Ferrari"],"articleSection":["Formule 1","Sport Auto"],"inLanguage":"nl-NL","potentialAction":[{"@type":"CommentAction","name":"Comment","target":["https:\/\/www.italpassion.fr\/nl\/competition\/formule-1\/f1-ferrari-devoile-les-premiers-indices-concernant-les-couleurs-de-sa-sf-26-des-couleurs-historiques-de-retour-pour-2026\/#respond"]}]},{"@type":"WebPage","@id":"https:\/\/www.italpassion.fr\/nl\/competition\/formule-1\/f1-ferrari-devoile-les-premiers-indices-concernant-les-couleurs-de-sa-sf-26-des-couleurs-historiques-de-retour-pour-2026\/","url":"https:\/\/www.italpassion.fr\/nl\/competition\/formule-1\/f1-ferrari-devoile-les-premiers-indices-concernant-les-couleurs-de-sa-sf-26-des-couleurs-historiques-de-retour-pour-2026\/","name":"F1: Ferrari onthult de eerste aanwijzingen over de kleuren van haar SF-26, historische kleuren terug voor 2026? - Italiaanse passie","isPartOf":{"@id":"https:\/\/www.italpassion.fr\/nl\/#website"},"primaryImageOfPage":{"@id":"https:\/\/www.italpassion.fr\/nl\/competition\/formule-1\/f1-ferrari-devoile-les-premiers-indices-concernant-les-couleurs-de-sa-sf-26-des-couleurs-historiques-de-retour-pour-2026\/#primaryimage"},"image":{"@id":"https:\/\/www.italpassion.fr\/nl\/competition\/formule-1\/f1-ferrari-devoile-les-premiers-indices-concernant-les-couleurs-de-sa-sf-26-des-couleurs-historiques-de-retour-pour-2026\/#primaryimage"},"thumbnailUrl":"https:\/\/www.italpassion.fr\/wp-content\/uploads\/2026\/01\/sf16-0.jpg","datePublished":"2026-01-20T10:25:42+00:00","description":"Al enkele dagen doen geruchten de ronde over de toekomstige eenzitter van Scuderia Ferrari voor 2026. Met nog maar een paar dagen te gaan voor de offici\u00eble presentatie van de","breadcrumb":{"@id":"https:\/\/www.italpassion.fr\/nl\/competition\/formule-1\/f1-ferrari-devoile-les-premiers-indices-concernant-les-couleurs-de-sa-sf-26-des-couleurs-historiques-de-retour-pour-2026\/#breadcrumb"},"inLanguage":"nl-NL","potentialAction":[{"@type":"ReadAction","target":["https:\/\/www.italpassion.fr\/nl\/competition\/formule-1\/f1-ferrari-devoile-les-premiers-indices-concernant-les-couleurs-de-sa-sf-26-des-couleurs-historiques-de-retour-pour-2026\/"]}]},{"@type":"ImageObject","inLanguage":"nl-NL","@id":"https:\/\/www.italpassion.fr\/nl\/competition\/formule-1\/f1-ferrari-devoile-les-premiers-indices-concernant-les-couleurs-de-sa-sf-26-des-couleurs-historiques-de-retour-pour-2026\/#primaryimage","url":"https:\/\/www.italpassion.fr\/wp-content\/uploads\/2026\/01\/sf16-0.jpg","contentUrl":"https:\/\/www.italpassion.fr\/wp-content\/uploads\/2026\/01\/sf16-0.jpg","width":1200,"height":862},{"@type":"BreadcrumbList","@id":"https:\/\/www.italpassion.fr\/nl\/competition\/formule-1\/f1-ferrari-devoile-les-premiers-indices-concernant-les-couleurs-de-sa-sf-26-des-couleurs-historiques-de-retour-pour-2026\/#breadcrumb","itemListElement":[{"@type":"ListItem","position":1,"name":"Accueil","item":"https:\/\/www.italpassion.fr\/nl\/"},{"@type":"ListItem","position":2,"name":"F1 : Ferrari d\u00e9voile les premiers indices concernant les couleurs de sa SF-26, des couleurs historiques de retour pour 2026 ?"}]},{"@type":"WebSite","@id":"https:\/\/www.italpassion.fr\/nl\/#website","url":"https:\/\/www.italpassion.fr\/nl\/","name":"ItalPassion","description":"Italiaanse autoliefhebbers","publisher":{"@id":"https:\/\/www.italpassion.fr\/nl\/#organization"},"potentialAction":[{"@type":"SearchAction","target":{"@type":"EntryPoint","urlTemplate":"https:\/\/www.italpassion.fr\/nl\/?s={search_term_string}"},"query-input":{"@type":"PropertyValueSpecification","valueRequired":true,"valueName":"search_term_string"}}],"inLanguage":"nl-NL"},{"@type":"Organization","@id":"https:\/\/www.italpassion.fr\/nl\/#organization","name":"Italpassion","url":"https:\/\/www.italpassion.fr\/nl\/","logo":{"@type":"ImageObject","inLanguage":"nl-NL","@id":"https:\/\/www.italpassion.fr\/nl\/#\/schema\/logo\/image\/","url":"https:\/\/www.italpassion.fr\/wp-content\/uploads\/2023\/07\/italpassion-yoast.jpg","contentUrl":"https:\/\/www.italpassion.fr\/wp-content\/uploads\/2023\/07\/italpassion-yoast.jpg","width":696,"height":696,"caption":"Italpassion"},"image":{"@id":"https:\/\/www.italpassion.fr\/nl\/#\/schema\/logo\/image\/"},"sameAs":["https:\/\/www.facebook.com\/italpassion","https:\/\/x.com\/italpassion","https:\/\/www.instagram.com\/italpassionfr\/","https:\/\/www.youtube.com\/channel\/UCleq-ByQaA42OjhopwevRjQ","https:\/\/www.facebook.com\/italpassion.en\/","https:\/\/www.facebook.com\/italpassion.it\/","https:\/\/www.facebook.com\/italpassion.de\/","https:\/\/www.facebook.com\/italpassion.ja\/"]},{"@type":"Person","@id":"https:\/\/www.italpassion.fr\/nl\/#\/schema\/person\/36f747b2a759ca202d847e85a9434ca0","name":"Alexandre Filluzeau","image":{"@type":"ImageObject","inLanguage":"nl-NL","@id":"https:\/\/www.italpassion.fr\/nl\/#\/schema\/person\/image\/","url":"https:\/\/www.italpassion.fr\/wp-content\/uploads\/2025\/04\/avatar-alexandre-160x160.jpg","contentUrl":"https:\/\/www.italpassion.fr\/wp-content\/uploads\/2025\/04\/avatar-alexandre-160x160.jpg","caption":"Alexandre Filluzeau"},"description":"Oprichter van de website ItalPassion, gepassioneerd door Italiaanse auto's en Itali\u00eb in het algemeen. Waar mogelijk breng ik een kritisch en technisch oog naar nieuws over Italiaanse merken. Eigenaar van een Maserati GranTurismo, Alfa Romeo MiTo, Lancia Fulvia en Ducati 695. Ex-eigenaar van een Alfa Romeo Giulia.","sameAs":["https:\/\/www.italpassion.fr\/"],"url":"https:\/\/www.italpassion.fr\/nl\/author\/alexandre\/"}]}},"_links":{"self":[{"href":"https:\/\/www.italpassion.fr\/nl\/wp-json\/wp\/v2\/posts\/45502","targetHints":{"allow":["GET"]}}],"collection":[{"href":"https:\/\/www.italpassion.fr\/nl\/wp-json\/wp\/v2\/posts"}],"about":[{"href":"https:\/\/www.italpassion.fr\/nl\/wp-json\/wp\/v2\/types\/post"}],"author":[{"embeddable":true,"href":"https:\/\/www.italpassion.fr\/nl\/wp-json\/wp\/v2\/users\/1"}],"replies":[{"embeddable":true,"href":"https:\/\/www.italpassion.fr\/nl\/wp-json\/wp\/v2\/comments?post=45502"}],"version-history":[{"count":2,"href":"https:\/\/www.italpassion.fr\/nl\/wp-json\/wp\/v2\/posts\/45502\/revisions"}],"predecessor-version":[{"id":45543,"href":"https:\/\/www.italpassion.fr\/nl\/wp-json\/wp\/v2\/posts\/45502\/revisions\/45543"}],"wp:featuredmedia":[{"embeddable":true,"href":"https:\/\/www.italpassion.fr\/nl\/wp-json\/wp\/v2\/media\/45507"}],"wp:attachment":[{"href":"https:\/\/www.italpassion.fr\/nl\/wp-json\/wp\/v2\/media?parent=45502"}],"wp:term":[{"taxonomy":"category","embeddable":true,"href":"https:\/\/www.italpassion.fr\/nl\/wp-json\/wp\/v2\/categories?post=45502"},{"taxonomy":"post_tag","embeddable":true,"href":"https:\/\/www.italpassion.fr\/nl\/wp-json\/wp\/v2\/tags?post=45502"}],"curies":[{"name":"wp","href":"https:\/\/api.w.org\/{rel}","templated":true}]}}