{"id":45382,"date":"2026-01-15T16:23:26","date_gmt":"2026-01-15T15:23:26","guid":{"rendered":"https:\/\/www.italpassion.fr\/?p=45382"},"modified":"2026-01-15T12:27:22","modified_gmt":"2026-01-15T11:27:22","slug":"f1-ferrari-zeer-agressief-en-achter-op-de-ontwikkeling-van-zijn-sf-26-zullen-we-niet-klaar-zijn-voor-de-23","status":"publish","type":"post","link":"https:\/\/www.italpassion.fr\/nl\/competition\/formule-1\/f1-ferrari-tres-aggressif-et-en-retard-sur-le-developpement-de-sa-sf-26-nous-ne-serons-pas-prets-pour-le-23\/","title":{"rendered":"F1: Ferrari erg agressief en achter op schema met de ontwikkeling van zijn SF-26? \"We zullen niet klaar zijn voor de 23e\"."},"content":{"rendered":"<figure class=\"wp-block-image size-full\"><img loading=\"lazy\" decoding=\"async\" width=\"1200\" height=\"800\" src=\"https:\/\/www.italpassion.fr\/wp-content\/uploads\/2025\/05\/frederic-vasseur-00.jpg\" alt=\"\" class=\"wp-image-38406\" srcset=\"https:\/\/www.italpassion.fr\/wp-content\/uploads\/2025\/05\/frederic-vasseur-00.jpg 1200w, https:\/\/www.italpassion.fr\/wp-content\/uploads\/2025\/05\/frederic-vasseur-00-420x280.jpg 420w, https:\/\/www.italpassion.fr\/wp-content\/uploads\/2025\/05\/frederic-vasseur-00-768x512.jpg 768w, https:\/\/www.italpassion.fr\/wp-content\/uploads\/2025\/05\/frederic-vasseur-00-18x12.jpg 18w\" sizes=\"auto, (max-width: 1200px) 100vw, 1200px\" \/><\/figure>\n\n\n\n<p>Nu de regelgevingsrevolutie van 2026 nadert, is de <a href=\"https:\/\/www.italpassion.fr\/nl\/wedstrijd\/formule-1\/\">Formule 1<\/a> staat al onder druk. En zoals wel vaker het geval is, staat Ferrari in het middelpunt van de belangstelling. In Maranello zullen de komende weken beslissend zijn voor de SF-26, de eenzitter die de heropleving van de Cavallino moet belichamen. Volgens een aantal gelijkluidende bronnen in Itali\u00eb ligt het project echter zo ver achter op schema dat teambaas Fred Vasseur zijn geduld verliest.<\/p>\n\n\n\n<h2 class=\"wp-block-heading\">Een symbolische datum die een bron van spanning is geworden<\/h2>\n\n\n\n<p>Ferrari is van plan om de F1 2026 officieel te onthullen op 23 januari, vlak voor de eerste priv\u00e9tests in Barcelona. Een ogenschijnlijk klassieke datum, maar een die een speciale dimensie krijgt in een context van maximale druk. De Scuderia begint aan een nieuwe technische cyclus na een zeer teleurstellend seizoen 2025, dat eindigde zonder overwinning en op de vierde plaats in het constructeurskampioenschap. Volgens Umberto Zapelloni, die doorgaans over goede bronnen beschikt, komt de voortgang van de SF-26 niet overeen met de oorspronkelijke planning. Zozeer zelfs dat een interne verklaring viral ging: \"We zullen niet klaar zijn voor de 23e\". Deze uitspraak zou de woede hebben opgewekt van Fred Vasseur, voor wie elke vertraging in dit stadium onacceptabel is.<\/p>\n\n\n\n<h2 class=\"wp-block-heading\">Maranello onder druk, coureurs paraat<\/h2>\n\n\n\n<p>Deze nervositeit betreft niet alleen het technisch management. Ferrari speelt voorgoed met zijn rijdersbezetting. Charles Leclerc, die al enkele seizoenen een steunpilaar van het project is, ziet de tijd verstrijken zonder echte kans op een titel. Lewis Hamilton, die aankwam met de duidelijke ambitie om een achtste wereldtitel te winnen, kan het zich niet veroorloven om een jaar in technische onzekerheid te verkeren. Beide coureurs hebben hun stoel al aangepast, het chassis is gevalideerd en er wordt nu prioriteit gegeven aan de betrouwbaarheid van de gloednieuwe 2026 aandrijflijn. Maar het ongebruikelijke ontbreken van een video van de eerste motorontsteking voedt de speculaties en versterkt het idee dat het programma tot het uiterste wordt gedreven.<\/p>\n\n\n\n<h2 class=\"wp-block-heading\">Echte vertraging of agressieve werkwijze?<\/h2>\n\n\n\n<p>Niet alle bronnen schetsen echter zo'n somber beeld. Anderen verklaren deze moeilijkheden door de methode van Vasseur: de teams tot het uiterste drijven, oplossingen vermenigvuldigen tot het laatste moment, zelfs als dat betekent dat de auto aan de vooravond van zijn presentatie wordt geassembleerd. Daardoor kon de SF-26 op 22 januari worden geassembleerd, slechts 24 uur voor de offici\u00eble lancering. Intern is Ferrari ervan overtuigd dat het op 26 januari aanwezig zal zijn in Barcelona, zelfs met een bewust conservatieve configuratie en 'verborgen' carrosserie, wat nu gebruikelijk is in de paddock. In dit stadium is het vooral de bedoeling om de basis te valideren, voor de offici\u00eble tests in Bahrein in februari.<\/p>\n\n\n\n<h2 class=\"wp-block-heading\">Een mediastorm om in perspectief te plaatsen?<\/h2>\n\n\n\n<p>Tegelijkertijd boeken de concurrenten vooruitgang. Audi heeft zijn motor al aan de tand gevoeld, Red Bull maakt zich op om zijn samenwerking met Ford aan te kondigen en Mercedes en McLaren zijn allebei van plan om met hun eerste tests van start te gaan. Elk gerucht over Ferrari wordt opgeblazen. Daarom moeten we voorzichtig blijven. Maranello is altijd al een fabriek van geruchten geweest, die soms opzettelijk of anderszins worden gebruikt om verwarring te zaaien of te destabiliseren. Aan de vooravond van het cruciale seizoen 2026 is het niet uitgesloten dat deze 'lekken' ook worden gebruikt om de werkelijke voortgang van het project te verhullen. De waarheid zal, zoals zo vaak in de Formule 1, pas bij de eerste Grand Prix aan het licht komen. Tot die tijd blijft de SF-26 het middelpunt van alle speculaties.<\/p>\n\n\n\n<figure class=\"wp-block-image size-large\"><img loading=\"lazy\" decoding=\"async\" width=\"960\" height=\"1200\" src=\"https:\/\/www.italpassion.fr\/wp-content\/uploads\/2026\/01\/calendrier-f1-960x1200.jpg\" alt=\"\" class=\"wp-image-45384\" srcset=\"https:\/\/www.italpassion.fr\/wp-content\/uploads\/2026\/01\/calendrier-f1-scaled.jpg 960w, https:\/\/www.italpassion.fr\/wp-content\/uploads\/2026\/01\/calendrier-f1-336x420.jpg 336w, https:\/\/www.italpassion.fr\/wp-content\/uploads\/2026\/01\/calendrier-f1-768x960.jpg 768w, https:\/\/www.italpassion.fr\/wp-content\/uploads\/2026\/01\/calendrier-f1-10x12.jpg 10w\" sizes=\"auto, (max-width: 960px) 100vw, 960px\" \/><figcaption class=\"wp-element-caption\">F1 2026 presentatiekalender. Bron Formule 1.<\/figcaption><\/figure>","protected":false},"excerpt":{"rendered":"","protected":false},"author":1,"featured_media":38407,"comment_status":"open","ping_status":"open","sticky":false,"template":"","format":"standard","meta":{"_acf_changed":false,"_sitemap_exclude":false,"_sitemap_priority":"","_sitemap_frequency":"","footnotes":""},"categories":[328,323],"tags":[370],"class_list":["post-45382","post","type-post","status-publish","format-standard","has-post-thumbnail","hentry","category-formule-1","category-competition","tag-scuderia-ferrari","generate-columns","tablet-grid-50","mobile-grid-100","grid-parent","grid-33"],"acf":[],"yoast_head":"<!-- This site is optimized with the Yoast SEO plugin v25.8 - https:\/\/yoast.com\/wordpress\/plugins\/seo\/ -->\n<title>F1 : Ferrari tr\u00e8s aggressif et en retard sur le d\u00e9veloppement de sa SF-26 ? \u00ab\u00a0Nous ne serons pas pr\u00eats pour le 23\u00a0\u00bb - ItalPassion<\/title>\n<meta name=\"description\" content=\"\u00c0 l\u2019approche de la r\u00e9volution r\u00e9glementaire de 2026, la Formule 1 vit d\u00e9j\u00e0 sous tension. Et comme souvent, c\u2019est Ferrari qui cristallise toutes les\" \/>\n<meta name=\"robots\" content=\"index, follow, max-snippet:-1, max-image-preview:large, max-video-preview:-1\" \/>\n<link rel=\"canonical\" href=\"https:\/\/www.italpassion.fr\/nl\/wedstrijd\/formule-1\/f1-ferrari-zeer-agressief-en-achter-op-de-ontwikkeling-van-zijn-sf-26-zullen-we-niet-klaar-zijn-voor-de-23\/\" \/>\n<meta property=\"og:locale\" content=\"nl_NL\" \/>\n<meta property=\"og:type\" content=\"article\" \/>\n<meta property=\"og:title\" content=\"F1 : Ferrari tr\u00e8s aggressif et en retard sur le d\u00e9veloppement de sa SF-26 ? \u00ab\u00a0Nous ne serons pas pr\u00eats pour le 23\u00a0\u00bb - ItalPassion\" \/>\n<meta property=\"og:description\" content=\"\u00c0 l\u2019approche de la r\u00e9volution r\u00e9glementaire de 2026, la Formule 1 vit d\u00e9j\u00e0 sous tension. Et comme souvent, c\u2019est Ferrari qui cristallise toutes les\" \/>\n<meta property=\"og:url\" content=\"https:\/\/www.italpassion.fr\/nl\/wedstrijd\/formule-1\/f1-ferrari-zeer-agressief-en-achter-op-de-ontwikkeling-van-zijn-sf-26-zullen-we-niet-klaar-zijn-voor-de-23\/\" \/>\n<meta property=\"og:site_name\" content=\"ItalPassion\" \/>\n<meta property=\"article:publisher\" content=\"https:\/\/www.facebook.com\/italpassion\" \/>\n<meta property=\"article:published_time\" content=\"2026-01-15T15:23:26+00:00\" \/>\n<meta property=\"og:image\" content=\"https:\/\/www.italpassion.fr\/wp-content\/uploads\/2025\/05\/frederic-vasseur-001.jpg\" \/>\n\t<meta property=\"og:image:width\" content=\"1200\" \/>\n\t<meta property=\"og:image:height\" content=\"800\" \/>\n\t<meta property=\"og:image:type\" content=\"image\/jpeg\" \/>\n<meta name=\"author\" content=\"Alexandre Filluzeau\" \/>\n<meta name=\"twitter:card\" content=\"summary_large_image\" \/>\n<meta name=\"twitter:creator\" content=\"@italpassion\" \/>\n<meta name=\"twitter:site\" content=\"@italpassion\" \/>\n<script type=\"application\/ld+json\" class=\"yoast-schema-graph\">{\"@context\":\"https:\/\/schema.org\",\"@graph\":[{\"@type\":\"NewsArticle\",\"@id\":\"https:\/\/www.italpassion.fr\/nl\/competition\/formule-1\/f1-ferrari-tres-aggressif-et-en-retard-sur-le-developpement-de-sa-sf-26-nous-ne-serons-pas-prets-pour-le-23\/#article\",\"isPartOf\":{\"@id\":\"https:\/\/www.italpassion.fr\/nl\/competition\/formule-1\/f1-ferrari-tres-aggressif-et-en-retard-sur-le-developpement-de-sa-sf-26-nous-ne-serons-pas-prets-pour-le-23\/\"},\"author\":{\"name\":\"Alexandre Filluzeau\",\"@id\":\"https:\/\/www.italpassion.fr\/nl\/#\/schema\/person\/36f747b2a759ca202d847e85a9434ca0\"},\"headline\":\"F1 : Ferrari tr\u00e8s aggressif et en retard sur le d\u00e9veloppement de sa SF-26 ? \u00ab\u00a0Nous ne serons pas pr\u00eats pour le 23\u00a0\u00bb\",\"datePublished\":\"2026-01-15T15:23:26+00:00\",\"mainEntityOfPage\":{\"@id\":\"https:\/\/www.italpassion.fr\/nl\/competition\/formule-1\/f1-ferrari-tres-aggressif-et-en-retard-sur-le-developpement-de-sa-sf-26-nous-ne-serons-pas-prets-pour-le-23\/\"},\"wordCount\":638,\"commentCount\":1,\"publisher\":{\"@id\":\"https:\/\/www.italpassion.fr\/nl\/#organization\"},\"image\":{\"@id\":\"https:\/\/www.italpassion.fr\/nl\/competition\/formule-1\/f1-ferrari-tres-aggressif-et-en-retard-sur-le-developpement-de-sa-sf-26-nous-ne-serons-pas-prets-pour-le-23\/#primaryimage\"},\"thumbnailUrl\":\"https:\/\/www.italpassion.fr\/wp-content\/uploads\/2025\/05\/frederic-vasseur-001.jpg\",\"keywords\":[\"Scuderia Ferrari\"],\"articleSection\":[\"Formule 1\",\"Sport Auto\"],\"inLanguage\":\"nl-NL\",\"potentialAction\":[{\"@type\":\"CommentAction\",\"name\":\"Comment\",\"target\":[\"https:\/\/www.italpassion.fr\/nl\/competition\/formule-1\/f1-ferrari-tres-aggressif-et-en-retard-sur-le-developpement-de-sa-sf-26-nous-ne-serons-pas-prets-pour-le-23\/#respond\"]}]},{\"@type\":\"WebPage\",\"@id\":\"https:\/\/www.italpassion.fr\/nl\/competition\/formule-1\/f1-ferrari-tres-aggressif-et-en-retard-sur-le-developpement-de-sa-sf-26-nous-ne-serons-pas-prets-pour-le-23\/\",\"url\":\"https:\/\/www.italpassion.fr\/nl\/competition\/formule-1\/f1-ferrari-tres-aggressif-et-en-retard-sur-le-developpement-de-sa-sf-26-nous-ne-serons-pas-prets-pour-le-23\/\",\"name\":\"F1 : Ferrari tr\u00e8s aggressif et en retard sur le d\u00e9veloppement de sa SF-26 ? \u00ab\u00a0Nous ne serons pas pr\u00eats pour le 23\u00a0\u00bb - ItalPassion\",\"isPartOf\":{\"@id\":\"https:\/\/www.italpassion.fr\/nl\/#website\"},\"primaryImageOfPage\":{\"@id\":\"https:\/\/www.italpassion.fr\/nl\/competition\/formule-1\/f1-ferrari-tres-aggressif-et-en-retard-sur-le-developpement-de-sa-sf-26-nous-ne-serons-pas-prets-pour-le-23\/#primaryimage\"},\"image\":{\"@id\":\"https:\/\/www.italpassion.fr\/nl\/competition\/formule-1\/f1-ferrari-tres-aggressif-et-en-retard-sur-le-developpement-de-sa-sf-26-nous-ne-serons-pas-prets-pour-le-23\/#primaryimage\"},\"thumbnailUrl\":\"https:\/\/www.italpassion.fr\/wp-content\/uploads\/2025\/05\/frederic-vasseur-001.jpg\",\"datePublished\":\"2026-01-15T15:23:26+00:00\",\"description\":\"\u00c0 l\u2019approche de la r\u00e9volution r\u00e9glementaire de 2026, la Formule 1 vit d\u00e9j\u00e0 sous tension. Et comme souvent, c\u2019est Ferrari qui cristallise toutes les\",\"breadcrumb\":{\"@id\":\"https:\/\/www.italpassion.fr\/nl\/competition\/formule-1\/f1-ferrari-tres-aggressif-et-en-retard-sur-le-developpement-de-sa-sf-26-nous-ne-serons-pas-prets-pour-le-23\/#breadcrumb\"},\"inLanguage\":\"nl-NL\",\"potentialAction\":[{\"@type\":\"ReadAction\",\"target\":[\"https:\/\/www.italpassion.fr\/nl\/competition\/formule-1\/f1-ferrari-tres-aggressif-et-en-retard-sur-le-developpement-de-sa-sf-26-nous-ne-serons-pas-prets-pour-le-23\/\"]}]},{\"@type\":\"ImageObject\",\"inLanguage\":\"nl-NL\",\"@id\":\"https:\/\/www.italpassion.fr\/nl\/competition\/formule-1\/f1-ferrari-tres-aggressif-et-en-retard-sur-le-developpement-de-sa-sf-26-nous-ne-serons-pas-prets-pour-le-23\/#primaryimage\",\"url\":\"https:\/\/www.italpassion.fr\/wp-content\/uploads\/2025\/05\/frederic-vasseur-001.jpg\",\"contentUrl\":\"https:\/\/www.italpassion.fr\/wp-content\/uploads\/2025\/05\/frederic-vasseur-001.jpg\",\"width\":1200,\"height\":800},{\"@type\":\"BreadcrumbList\",\"@id\":\"https:\/\/www.italpassion.fr\/nl\/competition\/formule-1\/f1-ferrari-tres-aggressif-et-en-retard-sur-le-developpement-de-sa-sf-26-nous-ne-serons-pas-prets-pour-le-23\/#breadcrumb\",\"itemListElement\":[{\"@type\":\"ListItem\",\"position\":1,\"name\":\"Accueil\",\"item\":\"https:\/\/www.italpassion.fr\/nl\/\"},{\"@type\":\"ListItem\",\"position\":2,\"name\":\"F1 : Ferrari tr\u00e8s aggressif et en retard sur le d\u00e9veloppement de sa SF-26 ? \u00ab\u00a0Nous ne serons pas pr\u00eats pour le 23\u00a0\u00bb\"}]},{\"@type\":\"WebSite\",\"@id\":\"https:\/\/www.italpassion.fr\/nl\/#website\",\"url\":\"https:\/\/www.italpassion.fr\/nl\/\",\"name\":\"ItalPassion\",\"description\":\"Les Passionn\u00e9s d&#039;Automobiles Italiennes\",\"publisher\":{\"@id\":\"https:\/\/www.italpassion.fr\/nl\/#organization\"},\"potentialAction\":[{\"@type\":\"SearchAction\",\"target\":{\"@type\":\"EntryPoint\",\"urlTemplate\":\"https:\/\/www.italpassion.fr\/nl\/?s={search_term_string}\"},\"query-input\":{\"@type\":\"PropertyValueSpecification\",\"valueRequired\":true,\"valueName\":\"search_term_string\"}}],\"inLanguage\":\"nl-NL\"},{\"@type\":\"Organization\",\"@id\":\"https:\/\/www.italpassion.fr\/nl\/#organization\",\"name\":\"Italpassion\",\"url\":\"https:\/\/www.italpassion.fr\/nl\/\",\"logo\":{\"@type\":\"ImageObject\",\"inLanguage\":\"nl-NL\",\"@id\":\"https:\/\/www.italpassion.fr\/nl\/#\/schema\/logo\/image\/\",\"url\":\"https:\/\/www.italpassion.fr\/wp-content\/uploads\/2023\/07\/italpassion-yoast.jpg\",\"contentUrl\":\"https:\/\/www.italpassion.fr\/wp-content\/uploads\/2023\/07\/italpassion-yoast.jpg\",\"width\":696,\"height\":696,\"caption\":\"Italpassion\"},\"image\":{\"@id\":\"https:\/\/www.italpassion.fr\/nl\/#\/schema\/logo\/image\/\"},\"sameAs\":[\"https:\/\/www.facebook.com\/italpassion\",\"https:\/\/x.com\/italpassion\",\"https:\/\/www.instagram.com\/italpassionfr\/\",\"https:\/\/www.youtube.com\/channel\/UCleq-ByQaA42OjhopwevRjQ\",\"https:\/\/www.facebook.com\/italpassion.en\/\",\"https:\/\/www.facebook.com\/italpassion.it\/\",\"https:\/\/www.facebook.com\/italpassion.de\/\",\"https:\/\/www.facebook.com\/italpassion.ja\/\"]},{\"@type\":\"Person\",\"@id\":\"https:\/\/www.italpassion.fr\/nl\/#\/schema\/person\/36f747b2a759ca202d847e85a9434ca0\",\"name\":\"Alexandre Filluzeau\",\"image\":{\"@type\":\"ImageObject\",\"inLanguage\":\"nl-NL\",\"@id\":\"https:\/\/www.italpassion.fr\/nl\/#\/schema\/person\/image\/\",\"url\":\"https:\/\/www.italpassion.fr\/wp-content\/uploads\/2025\/04\/avatar-alexandre-160x160.jpg\",\"contentUrl\":\"https:\/\/www.italpassion.fr\/wp-content\/uploads\/2025\/04\/avatar-alexandre-160x160.jpg\",\"caption\":\"Alexandre Filluzeau\"},\"description\":\"Fondateur du site ItalPassion, passionn\u00e9 de voitures italiennes et de l'Italie en g\u00e9n\u00e9ral. J'apporte un regard critique et technique aux actualit\u00e9s des marques italiennes quand cela est possible. Propri\u00e9taire d'une Maserati GranTurismo, Alfa Romeo MiTo, Lancia Fulvia et Ducati 695. Ex-propri\u00e9taire d'une Alfa Romeo Giulia.\",\"sameAs\":[\"https:\/\/www.italpassion.fr\/\"],\"url\":\"https:\/\/www.italpassion.fr\/nl\/author\/alexandre\/\"}]}<\/script>\n<!-- \/ Yoast SEO plugin. -->","yoast_head_json":{"title":"F1: Ferrari erg agressief en achter op schema met de ontwikkeling van zijn SF-26? \"We zullen niet klaar zijn voor de 23e\" - ItalPassion","description":"Met de regelgevingsrevolutie van 2026 voor de deur staat de Formule 1 nu al onder druk. En zoals zo vaak het geval is, is het Ferrari dat alle controverse kristalliseert.","robots":{"index":"index","follow":"follow","max-snippet":"max-snippet:-1","max-image-preview":"max-image-preview:large","max-video-preview":"max-video-preview:-1"},"canonical":"https:\/\/www.italpassion.fr\/nl\/wedstrijd\/formule-1\/f1-ferrari-zeer-agressief-en-achter-op-de-ontwikkeling-van-zijn-sf-26-zullen-we-niet-klaar-zijn-voor-de-23\/","og_locale":"nl_NL","og_type":"article","og_title":"F1 : Ferrari tr\u00e8s aggressif et en retard sur le d\u00e9veloppement de sa SF-26 ? \u00ab\u00a0Nous ne serons pas pr\u00eats pour le 23\u00a0\u00bb - ItalPassion","og_description":"\u00c0 l\u2019approche de la r\u00e9volution r\u00e9glementaire de 2026, la Formule 1 vit d\u00e9j\u00e0 sous tension. Et comme souvent, c\u2019est Ferrari qui cristallise toutes les","og_url":"https:\/\/www.italpassion.fr\/nl\/wedstrijd\/formule-1\/f1-ferrari-zeer-agressief-en-achter-op-de-ontwikkeling-van-zijn-sf-26-zullen-we-niet-klaar-zijn-voor-de-23\/","og_site_name":"ItalPassion","article_publisher":"https:\/\/www.facebook.com\/italpassion","article_published_time":"2026-01-15T15:23:26+00:00","og_image":[{"width":1200,"height":800,"url":"https:\/\/www.italpassion.fr\/wp-content\/uploads\/2025\/05\/frederic-vasseur-001.jpg","type":"image\/jpeg"}],"author":"Alexandre Filluzeau","twitter_card":"summary_large_image","twitter_creator":"@italpassion","twitter_site":"@italpassion","schema":{"@context":"https:\/\/schema.org","@graph":[{"@type":"NewsArticle","@id":"https:\/\/www.italpassion.fr\/nl\/competition\/formule-1\/f1-ferrari-tres-aggressif-et-en-retard-sur-le-developpement-de-sa-sf-26-nous-ne-serons-pas-prets-pour-le-23\/#article","isPartOf":{"@id":"https:\/\/www.italpassion.fr\/nl\/competition\/formule-1\/f1-ferrari-tres-aggressif-et-en-retard-sur-le-developpement-de-sa-sf-26-nous-ne-serons-pas-prets-pour-le-23\/"},"author":{"name":"Alexandre Filluzeau","@id":"https:\/\/www.italpassion.fr\/nl\/#\/schema\/person\/36f747b2a759ca202d847e85a9434ca0"},"headline":"F1 : Ferrari tr\u00e8s aggressif et en retard sur le d\u00e9veloppement de sa SF-26 ? \u00ab\u00a0Nous ne serons pas pr\u00eats pour le 23\u00a0\u00bb","datePublished":"2026-01-15T15:23:26+00:00","mainEntityOfPage":{"@id":"https:\/\/www.italpassion.fr\/nl\/competition\/formule-1\/f1-ferrari-tres-aggressif-et-en-retard-sur-le-developpement-de-sa-sf-26-nous-ne-serons-pas-prets-pour-le-23\/"},"wordCount":638,"commentCount":1,"publisher":{"@id":"https:\/\/www.italpassion.fr\/nl\/#organization"},"image":{"@id":"https:\/\/www.italpassion.fr\/nl\/competition\/formule-1\/f1-ferrari-tres-aggressif-et-en-retard-sur-le-developpement-de-sa-sf-26-nous-ne-serons-pas-prets-pour-le-23\/#primaryimage"},"thumbnailUrl":"https:\/\/www.italpassion.fr\/wp-content\/uploads\/2025\/05\/frederic-vasseur-001.jpg","keywords":["Scuderia Ferrari"],"articleSection":["Formule 1","Sport Auto"],"inLanguage":"nl-NL","potentialAction":[{"@type":"CommentAction","name":"Comment","target":["https:\/\/www.italpassion.fr\/nl\/competition\/formule-1\/f1-ferrari-tres-aggressif-et-en-retard-sur-le-developpement-de-sa-sf-26-nous-ne-serons-pas-prets-pour-le-23\/#respond"]}]},{"@type":"WebPage","@id":"https:\/\/www.italpassion.fr\/nl\/competition\/formule-1\/f1-ferrari-tres-aggressif-et-en-retard-sur-le-developpement-de-sa-sf-26-nous-ne-serons-pas-prets-pour-le-23\/","url":"https:\/\/www.italpassion.fr\/nl\/competition\/formule-1\/f1-ferrari-tres-aggressif-et-en-retard-sur-le-developpement-de-sa-sf-26-nous-ne-serons-pas-prets-pour-le-23\/","name":"F1: Ferrari erg agressief en achter op schema met de ontwikkeling van zijn SF-26? \"We zullen niet klaar zijn voor de 23e\" - ItalPassion","isPartOf":{"@id":"https:\/\/www.italpassion.fr\/nl\/#website"},"primaryImageOfPage":{"@id":"https:\/\/www.italpassion.fr\/nl\/competition\/formule-1\/f1-ferrari-tres-aggressif-et-en-retard-sur-le-developpement-de-sa-sf-26-nous-ne-serons-pas-prets-pour-le-23\/#primaryimage"},"image":{"@id":"https:\/\/www.italpassion.fr\/nl\/competition\/formule-1\/f1-ferrari-tres-aggressif-et-en-retard-sur-le-developpement-de-sa-sf-26-nous-ne-serons-pas-prets-pour-le-23\/#primaryimage"},"thumbnailUrl":"https:\/\/www.italpassion.fr\/wp-content\/uploads\/2025\/05\/frederic-vasseur-001.jpg","datePublished":"2026-01-15T15:23:26+00:00","description":"Met de regelgevingsrevolutie van 2026 voor de deur staat de Formule 1 nu al onder druk. En zoals zo vaak het geval is, is het Ferrari dat alle controverse kristalliseert.","breadcrumb":{"@id":"https:\/\/www.italpassion.fr\/nl\/competition\/formule-1\/f1-ferrari-tres-aggressif-et-en-retard-sur-le-developpement-de-sa-sf-26-nous-ne-serons-pas-prets-pour-le-23\/#breadcrumb"},"inLanguage":"nl-NL","potentialAction":[{"@type":"ReadAction","target":["https:\/\/www.italpassion.fr\/nl\/competition\/formule-1\/f1-ferrari-tres-aggressif-et-en-retard-sur-le-developpement-de-sa-sf-26-nous-ne-serons-pas-prets-pour-le-23\/"]}]},{"@type":"ImageObject","inLanguage":"nl-NL","@id":"https:\/\/www.italpassion.fr\/nl\/competition\/formule-1\/f1-ferrari-tres-aggressif-et-en-retard-sur-le-developpement-de-sa-sf-26-nous-ne-serons-pas-prets-pour-le-23\/#primaryimage","url":"https:\/\/www.italpassion.fr\/wp-content\/uploads\/2025\/05\/frederic-vasseur-001.jpg","contentUrl":"https:\/\/www.italpassion.fr\/wp-content\/uploads\/2025\/05\/frederic-vasseur-001.jpg","width":1200,"height":800},{"@type":"BreadcrumbList","@id":"https:\/\/www.italpassion.fr\/nl\/competition\/formule-1\/f1-ferrari-tres-aggressif-et-en-retard-sur-le-developpement-de-sa-sf-26-nous-ne-serons-pas-prets-pour-le-23\/#breadcrumb","itemListElement":[{"@type":"ListItem","position":1,"name":"Accueil","item":"https:\/\/www.italpassion.fr\/nl\/"},{"@type":"ListItem","position":2,"name":"F1 : Ferrari tr\u00e8s aggressif et en retard sur le d\u00e9veloppement de sa SF-26 ? \u00ab\u00a0Nous ne serons pas pr\u00eats pour le 23\u00a0\u00bb"}]},{"@type":"WebSite","@id":"https:\/\/www.italpassion.fr\/nl\/#website","url":"https:\/\/www.italpassion.fr\/nl\/","name":"ItalPassion","description":"Italiaanse autoliefhebbers","publisher":{"@id":"https:\/\/www.italpassion.fr\/nl\/#organization"},"potentialAction":[{"@type":"SearchAction","target":{"@type":"EntryPoint","urlTemplate":"https:\/\/www.italpassion.fr\/nl\/?s={search_term_string}"},"query-input":{"@type":"PropertyValueSpecification","valueRequired":true,"valueName":"search_term_string"}}],"inLanguage":"nl-NL"},{"@type":"Organization","@id":"https:\/\/www.italpassion.fr\/nl\/#organization","name":"Italpassion","url":"https:\/\/www.italpassion.fr\/nl\/","logo":{"@type":"ImageObject","inLanguage":"nl-NL","@id":"https:\/\/www.italpassion.fr\/nl\/#\/schema\/logo\/image\/","url":"https:\/\/www.italpassion.fr\/wp-content\/uploads\/2023\/07\/italpassion-yoast.jpg","contentUrl":"https:\/\/www.italpassion.fr\/wp-content\/uploads\/2023\/07\/italpassion-yoast.jpg","width":696,"height":696,"caption":"Italpassion"},"image":{"@id":"https:\/\/www.italpassion.fr\/nl\/#\/schema\/logo\/image\/"},"sameAs":["https:\/\/www.facebook.com\/italpassion","https:\/\/x.com\/italpassion","https:\/\/www.instagram.com\/italpassionfr\/","https:\/\/www.youtube.com\/channel\/UCleq-ByQaA42OjhopwevRjQ","https:\/\/www.facebook.com\/italpassion.en\/","https:\/\/www.facebook.com\/italpassion.it\/","https:\/\/www.facebook.com\/italpassion.de\/","https:\/\/www.facebook.com\/italpassion.ja\/"]},{"@type":"Person","@id":"https:\/\/www.italpassion.fr\/nl\/#\/schema\/person\/36f747b2a759ca202d847e85a9434ca0","name":"Alexandre Filluzeau","image":{"@type":"ImageObject","inLanguage":"nl-NL","@id":"https:\/\/www.italpassion.fr\/nl\/#\/schema\/person\/image\/","url":"https:\/\/www.italpassion.fr\/wp-content\/uploads\/2025\/04\/avatar-alexandre-160x160.jpg","contentUrl":"https:\/\/www.italpassion.fr\/wp-content\/uploads\/2025\/04\/avatar-alexandre-160x160.jpg","caption":"Alexandre Filluzeau"},"description":"Oprichter van de website ItalPassion, gepassioneerd door Italiaanse auto's en Itali\u00eb in het algemeen. Waar mogelijk breng ik een kritisch en technisch oog naar nieuws over Italiaanse merken. Eigenaar van een Maserati GranTurismo, Alfa Romeo MiTo, Lancia Fulvia en Ducati 695. Ex-eigenaar van een Alfa Romeo Giulia.","sameAs":["https:\/\/www.italpassion.fr\/"],"url":"https:\/\/www.italpassion.fr\/nl\/author\/alexandre\/"}]}},"_links":{"self":[{"href":"https:\/\/www.italpassion.fr\/nl\/wp-json\/wp\/v2\/posts\/45382","targetHints":{"allow":["GET"]}}],"collection":[{"href":"https:\/\/www.italpassion.fr\/nl\/wp-json\/wp\/v2\/posts"}],"about":[{"href":"https:\/\/www.italpassion.fr\/nl\/wp-json\/wp\/v2\/types\/post"}],"author":[{"embeddable":true,"href":"https:\/\/www.italpassion.fr\/nl\/wp-json\/wp\/v2\/users\/1"}],"replies":[{"embeddable":true,"href":"https:\/\/www.italpassion.fr\/nl\/wp-json\/wp\/v2\/comments?post=45382"}],"version-history":[{"count":2,"href":"https:\/\/www.italpassion.fr\/nl\/wp-json\/wp\/v2\/posts\/45382\/revisions"}],"predecessor-version":[{"id":45385,"href":"https:\/\/www.italpassion.fr\/nl\/wp-json\/wp\/v2\/posts\/45382\/revisions\/45385"}],"wp:featuredmedia":[{"embeddable":true,"href":"https:\/\/www.italpassion.fr\/nl\/wp-json\/wp\/v2\/media\/38407"}],"wp:attachment":[{"href":"https:\/\/www.italpassion.fr\/nl\/wp-json\/wp\/v2\/media?parent=45382"}],"wp:term":[{"taxonomy":"category","embeddable":true,"href":"https:\/\/www.italpassion.fr\/nl\/wp-json\/wp\/v2\/categories?post=45382"},{"taxonomy":"post_tag","embeddable":true,"href":"https:\/\/www.italpassion.fr\/nl\/wp-json\/wp\/v2\/tags?post=45382"}],"curies":[{"name":"wp","href":"https:\/\/api.w.org\/{rel}","templated":true}]}}