{"id":45176,"date":"2026-01-09T14:21:33","date_gmt":"2026-01-09T13:21:33","guid":{"rendered":"https:\/\/www.italpassion.fr\/?p=45176"},"modified":"2026-01-09T14:21:33","modified_gmt":"2026-01-09T13:21:33","slug":"f1-we-weten-wanneer-de-bijeenkomst-tussen-de-motorfabrikanten-en-de-fia-zal-plaatsvinden-ferrari-honda-en-audi-houden-de-druk-op-de-mercedes-motor-hoog","status":"publish","type":"post","link":"https:\/\/www.italpassion.fr\/nl\/competition\/formule-1\/f1-on-sait-quand-aura-lieu-la-reunion-entre-les-motorisistes-et-la-fia-ferrari-honda-et-audi-maintiennent-la-pression-sur-le-moteur-mercedes\/","title":{"rendered":"F1: we weten nu wanneer de bijeenkomst tussen de motorfabrikanten en de FIA zal plaatsvinden. Ferrari, Honda en Audi houden de druk op de Mercedes-motor hoog"},"content":{"rendered":"<figure class=\"wp-block-image size-large\"><img loading=\"lazy\" decoding=\"async\" width=\"1200\" height=\"750\" src=\"https:\/\/www.italpassion.fr\/wp-content\/uploads\/2025\/12\/mercedes-F2-enginr-1200x750.jpg\" alt=\"\" class=\"wp-image-44756\" srcset=\"https:\/\/www.italpassion.fr\/wp-content\/uploads\/2025\/12\/mercedes-F2-enginr-scaled.jpg 1200w, https:\/\/www.italpassion.fr\/wp-content\/uploads\/2025\/12\/mercedes-F2-enginr-420x263.jpg 420w, https:\/\/www.italpassion.fr\/wp-content\/uploads\/2025\/12\/mercedes-F2-enginr-768x480.jpg 768w, https:\/\/www.italpassion.fr\/wp-content\/uploads\/2025\/12\/mercedes-F2-enginr-18x12.jpg 18w\" sizes=\"auto, (max-width: 1200px) 100vw, 1200px\" \/><\/figure>\n\n\n\n<p>Terwijl de <a href=\"https:\/\/www.italpassion.fr\/nl\/wedstrijd\/formule-1\/\">Formule 1<\/a> Terwijl de FIA zich opmaakt om het meest radicale tijdperk van regelgeving in haar recente geschiedenis in te gaan, heeft de strijd om de motoren voor 2026 een nieuw breekpunt bereikt. Na weken van spanningen, offici\u00eble brieven en steeds hardere standpunten is er nu een datum vastgesteld: de motorfabrikanten en de FIA komen op 22 januari bijeen om te proberen de explosieve kwestie van de Mercedes-motor op te lossen.<\/p>\n\n\n\n<h2 class=\"wp-block-heading\">De controverse duurt voort ondanks het aanvankelijke groene licht<\/h2>\n\n\n\n<p>Sinds de onthulling van de technische truc die te maken heeft met de compressieverhouding, gonst het in de paddock van een verstilde maar beslissende confrontatie. Door gebruik te maken van de manier waarop de FIA de compressieverhouding controleert, die wordt gemeten wanneer de motor koud is, zou Mercedes een krachtbron hebben ontwikkeld die in staat is om de voorgeschreven limiet van 16:1 te overschrijden wanneer de motor eenmaal draait. Deze interpretatie werd in eerste instantie bevestigd door de FIA, maar blijft schokgolven door de competitie sturen. Volgens Corriere dello Sport was de FIA volledig op de hoogte van het project dat werd geleid door het team onder leiding van Toto Wolff en had ze in eerste instantie haar goedkeuring gegeven aan deze oplossing. Een groen licht dat op dat moment een einde leek te maken aan het debat. Maar dat mocht niet zo zijn.<\/p>\n\n\n\n<h2 class=\"wp-block-heading\">Ferrari, Audi en Honda weigeren de status quo te accepteren<\/h2>\n\n\n\n<p>De ontvangst van<a href=\"https:\/\/www.italpassion.fr\/nl\/wedstrijd\/formule-1\/geen-cadeaus-in-f1-ferrari-audi-en-honda-hebben-de-fia-geschreven-over-de-voordelen-van-de-nieuwe-mercedes-motor\/\">een gezamenlijke brief van Ferrari, Audi en Honda<\/a> heeft de situatie ingrijpend veranderd. De drie motorfabrikanten betwisten niet alleen de legaliteit van de oplossing, maar vooral de overeenstemming met de geest van de reglementen. In hun ogen komt het toestaan van een motor die legaal is bij stilstand, maar anders op de baan, neer op het institutionaliseren van een grote maas in de regelgeving. Geconfronteerd met deze toenemende druk heeft de FIA naar verluidt een compromis overwogen: deze interpretatie alleen toestaan voor het seizoen 2026, terwijl de deur wordt opengezet voor een wijziging van de regelgeving tijdens het kampioenschap.<\/p>\n\n\n\n<h2 class=\"wp-block-heading\">Twee duidelijk ge\u00efdentificeerde kampen... en Red Bull op de achtergrond<\/h2>\n\n\n\n<p>De scheidslijn is nu duidelijk. Aan de ene kant Mercedes en haar klantenteams (McLaren, Williams en Alpine), die direct profiteren van deze interpretatie van de reglementen. Aan de andere kant Ferrari, Audi en Honda, samen met hun gelieerde structuren Haas, Cadillac en Aston Martin, die vastbesloten zijn om te voorkomen dat het seizoen van 2026 al wordt opgevouwen voordat het is begonnen. In dit elektrische klimaat neemt Red Bull Racing een meer discrete houding aan. Volgens de Italiaanse pers is de groep uit Milton Keynes er nog niet in geslaagd om de oplossing van Mercedes te kopi\u00ebren en is het niet van plan om een open politieke oorlog te beginnen.<\/p>\n\n\n\n<h2 class=\"wp-block-heading\">Een hoogspanningsbijeenkomst op 22 januari<\/h2>\n\n\n\n<p>Tegen deze achtergrond is 22 januari vastgesteld als datum voor een beslissende top tussen de FIA en alle motorfabrikanten. Het doel is duidelijk: de impasse doorbreken voordat de wintertests het seizoen 2026 definitief beginnen. Volgens Corriere dello Sport zullen Ferrari, Honda en Audi expliciet vragen om deze motor zo vroeg mogelijk in het seizoen te verbieden, als de FIA weigert om haar interpretatie onmiddellijk te herzien. De mogelijkheid van een wijziging in de regelgeving tijdens het kampioenschap ligt nu officieel op tafel. Het kampioenschap van 2026 is nog niet begonnen, maar de eerste grote confrontatie speelt zich al af... rond een tafel, op 22 januari.<\/p>","protected":false},"excerpt":{"rendered":"","protected":false},"author":1,"featured_media":44756,"comment_status":"open","ping_status":"open","sticky":false,"template":"","format":"standard","meta":{"_acf_changed":false,"_sitemap_exclude":false,"_sitemap_priority":"","_sitemap_frequency":"","footnotes":""},"categories":[328,323],"tags":[],"class_list":["post-45176","post","type-post","status-publish","format-standard","has-post-thumbnail","hentry","category-formule-1","category-competition","generate-columns","tablet-grid-50","mobile-grid-100","grid-parent","grid-33"],"acf":[],"yoast_head":"<!-- This site is optimized with the Yoast SEO plugin v25.8 - https:\/\/yoast.com\/wordpress\/plugins\/seo\/ -->\n<title>F1 : on sait quand aura lieu la r\u00e9union entre les motorisistes et la FIA. Ferrari, Honda et Audi maintiennent la pression sur le moteur Mercedes - ItalPassion<\/title>\n<meta name=\"description\" content=\"Alors que la Formule 1 s\u2019appr\u00eate \u00e0 basculer dans l\u2019\u00e8re r\u00e9glementaire la plus radicale de son histoire r\u00e9cente, la bataille autour des moteurs 2026 atteint\" \/>\n<meta name=\"robots\" content=\"index, follow, max-snippet:-1, max-image-preview:large, max-video-preview:-1\" \/>\n<link rel=\"canonical\" href=\"https:\/\/www.italpassion.fr\/nl\/wedstrijd\/formule-1\/f1-we-weten-wanneer-de-bijeenkomst-tussen-de-motorfabrikanten-en-de-fia-zal-plaatsvinden-ferrari-honda-en-audi-houden-de-druk-op-de-mercedes-motor-hoog\/\" \/>\n<meta property=\"og:locale\" content=\"nl_NL\" \/>\n<meta property=\"og:type\" content=\"article\" \/>\n<meta property=\"og:title\" content=\"F1 : on sait quand aura lieu la r\u00e9union entre les motorisistes et la FIA. Ferrari, Honda et Audi maintiennent la pression sur le moteur Mercedes - ItalPassion\" \/>\n<meta property=\"og:description\" content=\"Alors que la Formule 1 s\u2019appr\u00eate \u00e0 basculer dans l\u2019\u00e8re r\u00e9glementaire la plus radicale de son histoire r\u00e9cente, la bataille autour des moteurs 2026 atteint\" \/>\n<meta property=\"og:url\" content=\"https:\/\/www.italpassion.fr\/nl\/wedstrijd\/formule-1\/f1-we-weten-wanneer-de-bijeenkomst-tussen-de-motorfabrikanten-en-de-fia-zal-plaatsvinden-ferrari-honda-en-audi-houden-de-druk-op-de-mercedes-motor-hoog\/\" \/>\n<meta property=\"og:site_name\" content=\"ItalPassion\" \/>\n<meta property=\"article:publisher\" content=\"https:\/\/www.facebook.com\/italpassion\" \/>\n<meta property=\"article:published_time\" content=\"2026-01-09T13:21:33+00:00\" \/>\n<meta property=\"og:image\" content=\"https:\/\/www.italpassion.fr\/wp-content\/uploads\/2025\/12\/mercedes-F2-enginr-scaled.jpg\" \/>\n\t<meta property=\"og:image:width\" content=\"1200\" \/>\n\t<meta property=\"og:image:height\" content=\"750\" \/>\n\t<meta property=\"og:image:type\" content=\"image\/jpeg\" \/>\n<meta name=\"author\" content=\"Alexandre Filluzeau\" \/>\n<meta name=\"twitter:card\" content=\"summary_large_image\" \/>\n<meta name=\"twitter:creator\" content=\"@italpassion\" \/>\n<meta name=\"twitter:site\" content=\"@italpassion\" \/>\n<script type=\"application\/ld+json\" class=\"yoast-schema-graph\">{\"@context\":\"https:\/\/schema.org\",\"@graph\":[{\"@type\":\"NewsArticle\",\"@id\":\"https:\/\/www.italpassion.fr\/nl\/competition\/formule-1\/f1-on-sait-quand-aura-lieu-la-reunion-entre-les-motorisistes-et-la-fia-ferrari-honda-et-audi-maintiennent-la-pression-sur-le-moteur-mercedes\/#article\",\"isPartOf\":{\"@id\":\"https:\/\/www.italpassion.fr\/nl\/competition\/formule-1\/f1-on-sait-quand-aura-lieu-la-reunion-entre-les-motorisistes-et-la-fia-ferrari-honda-et-audi-maintiennent-la-pression-sur-le-moteur-mercedes\/\"},\"author\":{\"name\":\"Alexandre Filluzeau\",\"@id\":\"https:\/\/www.italpassion.fr\/nl\/#\/schema\/person\/36f747b2a759ca202d847e85a9434ca0\"},\"headline\":\"F1 : on sait quand aura lieu la r\u00e9union entre les motorisistes et la FIA. Ferrari, Honda et Audi maintiennent la pression sur le moteur Mercedes\",\"datePublished\":\"2026-01-09T13:21:33+00:00\",\"mainEntityOfPage\":{\"@id\":\"https:\/\/www.italpassion.fr\/nl\/competition\/formule-1\/f1-on-sait-quand-aura-lieu-la-reunion-entre-les-motorisistes-et-la-fia-ferrari-honda-et-audi-maintiennent-la-pression-sur-le-moteur-mercedes\/\"},\"wordCount\":608,\"commentCount\":0,\"publisher\":{\"@id\":\"https:\/\/www.italpassion.fr\/nl\/#organization\"},\"image\":{\"@id\":\"https:\/\/www.italpassion.fr\/nl\/competition\/formule-1\/f1-on-sait-quand-aura-lieu-la-reunion-entre-les-motorisistes-et-la-fia-ferrari-honda-et-audi-maintiennent-la-pression-sur-le-moteur-mercedes\/#primaryimage\"},\"thumbnailUrl\":\"https:\/\/www.italpassion.fr\/wp-content\/uploads\/2025\/12\/mercedes-F2-enginr-scaled.jpg\",\"articleSection\":[\"Formule 1\",\"Sport Auto\"],\"inLanguage\":\"nl-NL\",\"potentialAction\":[{\"@type\":\"CommentAction\",\"name\":\"Comment\",\"target\":[\"https:\/\/www.italpassion.fr\/nl\/competition\/formule-1\/f1-on-sait-quand-aura-lieu-la-reunion-entre-les-motorisistes-et-la-fia-ferrari-honda-et-audi-maintiennent-la-pression-sur-le-moteur-mercedes\/#respond\"]}]},{\"@type\":\"WebPage\",\"@id\":\"https:\/\/www.italpassion.fr\/nl\/competition\/formule-1\/f1-on-sait-quand-aura-lieu-la-reunion-entre-les-motorisistes-et-la-fia-ferrari-honda-et-audi-maintiennent-la-pression-sur-le-moteur-mercedes\/\",\"url\":\"https:\/\/www.italpassion.fr\/nl\/competition\/formule-1\/f1-on-sait-quand-aura-lieu-la-reunion-entre-les-motorisistes-et-la-fia-ferrari-honda-et-audi-maintiennent-la-pression-sur-le-moteur-mercedes\/\",\"name\":\"F1 : on sait quand aura lieu la r\u00e9union entre les motorisistes et la FIA. Ferrari, Honda et Audi maintiennent la pression sur le moteur Mercedes - ItalPassion\",\"isPartOf\":{\"@id\":\"https:\/\/www.italpassion.fr\/nl\/#website\"},\"primaryImageOfPage\":{\"@id\":\"https:\/\/www.italpassion.fr\/nl\/competition\/formule-1\/f1-on-sait-quand-aura-lieu-la-reunion-entre-les-motorisistes-et-la-fia-ferrari-honda-et-audi-maintiennent-la-pression-sur-le-moteur-mercedes\/#primaryimage\"},\"image\":{\"@id\":\"https:\/\/www.italpassion.fr\/nl\/competition\/formule-1\/f1-on-sait-quand-aura-lieu-la-reunion-entre-les-motorisistes-et-la-fia-ferrari-honda-et-audi-maintiennent-la-pression-sur-le-moteur-mercedes\/#primaryimage\"},\"thumbnailUrl\":\"https:\/\/www.italpassion.fr\/wp-content\/uploads\/2025\/12\/mercedes-F2-enginr-scaled.jpg\",\"datePublished\":\"2026-01-09T13:21:33+00:00\",\"description\":\"Alors que la Formule 1 s\u2019appr\u00eate \u00e0 basculer dans l\u2019\u00e8re r\u00e9glementaire la plus radicale de son histoire r\u00e9cente, la bataille autour des moteurs 2026 atteint\",\"breadcrumb\":{\"@id\":\"https:\/\/www.italpassion.fr\/nl\/competition\/formule-1\/f1-on-sait-quand-aura-lieu-la-reunion-entre-les-motorisistes-et-la-fia-ferrari-honda-et-audi-maintiennent-la-pression-sur-le-moteur-mercedes\/#breadcrumb\"},\"inLanguage\":\"nl-NL\",\"potentialAction\":[{\"@type\":\"ReadAction\",\"target\":[\"https:\/\/www.italpassion.fr\/nl\/competition\/formule-1\/f1-on-sait-quand-aura-lieu-la-reunion-entre-les-motorisistes-et-la-fia-ferrari-honda-et-audi-maintiennent-la-pression-sur-le-moteur-mercedes\/\"]}]},{\"@type\":\"ImageObject\",\"inLanguage\":\"nl-NL\",\"@id\":\"https:\/\/www.italpassion.fr\/nl\/competition\/formule-1\/f1-on-sait-quand-aura-lieu-la-reunion-entre-les-motorisistes-et-la-fia-ferrari-honda-et-audi-maintiennent-la-pression-sur-le-moteur-mercedes\/#primaryimage\",\"url\":\"https:\/\/www.italpassion.fr\/wp-content\/uploads\/2025\/12\/mercedes-F2-enginr-scaled.jpg\",\"contentUrl\":\"https:\/\/www.italpassion.fr\/wp-content\/uploads\/2025\/12\/mercedes-F2-enginr-scaled.jpg\",\"width\":1200,\"height\":750},{\"@type\":\"BreadcrumbList\",\"@id\":\"https:\/\/www.italpassion.fr\/nl\/competition\/formule-1\/f1-on-sait-quand-aura-lieu-la-reunion-entre-les-motorisistes-et-la-fia-ferrari-honda-et-audi-maintiennent-la-pression-sur-le-moteur-mercedes\/#breadcrumb\",\"itemListElement\":[{\"@type\":\"ListItem\",\"position\":1,\"name\":\"Accueil\",\"item\":\"https:\/\/www.italpassion.fr\/nl\/\"},{\"@type\":\"ListItem\",\"position\":2,\"name\":\"F1 : on sait quand aura lieu la r\u00e9union entre les motorisistes et la FIA. Ferrari, Honda et Audi maintiennent la pression sur le moteur Mercedes\"}]},{\"@type\":\"WebSite\",\"@id\":\"https:\/\/www.italpassion.fr\/nl\/#website\",\"url\":\"https:\/\/www.italpassion.fr\/nl\/\",\"name\":\"ItalPassion\",\"description\":\"Les Passionn\u00e9s d&#039;Automobiles Italiennes\",\"publisher\":{\"@id\":\"https:\/\/www.italpassion.fr\/nl\/#organization\"},\"potentialAction\":[{\"@type\":\"SearchAction\",\"target\":{\"@type\":\"EntryPoint\",\"urlTemplate\":\"https:\/\/www.italpassion.fr\/nl\/?s={search_term_string}\"},\"query-input\":{\"@type\":\"PropertyValueSpecification\",\"valueRequired\":true,\"valueName\":\"search_term_string\"}}],\"inLanguage\":\"nl-NL\"},{\"@type\":\"Organization\",\"@id\":\"https:\/\/www.italpassion.fr\/nl\/#organization\",\"name\":\"Italpassion\",\"url\":\"https:\/\/www.italpassion.fr\/nl\/\",\"logo\":{\"@type\":\"ImageObject\",\"inLanguage\":\"nl-NL\",\"@id\":\"https:\/\/www.italpassion.fr\/nl\/#\/schema\/logo\/image\/\",\"url\":\"https:\/\/www.italpassion.fr\/wp-content\/uploads\/2023\/07\/italpassion-yoast.jpg\",\"contentUrl\":\"https:\/\/www.italpassion.fr\/wp-content\/uploads\/2023\/07\/italpassion-yoast.jpg\",\"width\":696,\"height\":696,\"caption\":\"Italpassion\"},\"image\":{\"@id\":\"https:\/\/www.italpassion.fr\/nl\/#\/schema\/logo\/image\/\"},\"sameAs\":[\"https:\/\/www.facebook.com\/italpassion\",\"https:\/\/x.com\/italpassion\",\"https:\/\/www.instagram.com\/italpassionfr\/\",\"https:\/\/www.youtube.com\/channel\/UCleq-ByQaA42OjhopwevRjQ\",\"https:\/\/www.facebook.com\/italpassion.en\/\",\"https:\/\/www.facebook.com\/italpassion.it\/\",\"https:\/\/www.facebook.com\/italpassion.de\/\",\"https:\/\/www.facebook.com\/italpassion.ja\/\"]},{\"@type\":\"Person\",\"@id\":\"https:\/\/www.italpassion.fr\/nl\/#\/schema\/person\/36f747b2a759ca202d847e85a9434ca0\",\"name\":\"Alexandre Filluzeau\",\"image\":{\"@type\":\"ImageObject\",\"inLanguage\":\"nl-NL\",\"@id\":\"https:\/\/www.italpassion.fr\/nl\/#\/schema\/person\/image\/\",\"url\":\"https:\/\/www.italpassion.fr\/wp-content\/uploads\/2025\/04\/avatar-alexandre-160x160.jpg\",\"contentUrl\":\"https:\/\/www.italpassion.fr\/wp-content\/uploads\/2025\/04\/avatar-alexandre-160x160.jpg\",\"caption\":\"Alexandre Filluzeau\"},\"description\":\"Fondateur du site ItalPassion, passionn\u00e9 de voitures italiennes et de l'Italie en g\u00e9n\u00e9ral. J'apporte un regard critique et technique aux actualit\u00e9s des marques italiennes quand cela est possible. Propri\u00e9taire d'une Maserati GranTurismo, Alfa Romeo MiTo, Lancia Fulvia et Ducati 695. Ex-propri\u00e9taire d'une Alfa Romeo Giulia.\",\"sameAs\":[\"https:\/\/www.italpassion.fr\/\"],\"url\":\"https:\/\/www.italpassion.fr\/nl\/author\/alexandre\/\"}]}<\/script>\n<!-- \/ Yoast SEO plugin. -->","yoast_head_json":{"title":"F1: we weten wanneer de bijeenkomst tussen de motorfabrikanten en de FIA plaatsvindt. Ferrari, Honda en Audi houden de druk op Mercedes' motor hoog - ItalPassion","description":"Terwijl de Formule 1 zich voorbereidt op het meest radicale tijdperk van regelgeving in zijn recente geschiedenis, bereikt de strijd om de motoren voor 2026 zijn hoogtepunt.","robots":{"index":"index","follow":"follow","max-snippet":"max-snippet:-1","max-image-preview":"max-image-preview:large","max-video-preview":"max-video-preview:-1"},"canonical":"https:\/\/www.italpassion.fr\/nl\/wedstrijd\/formule-1\/f1-we-weten-wanneer-de-bijeenkomst-tussen-de-motorfabrikanten-en-de-fia-zal-plaatsvinden-ferrari-honda-en-audi-houden-de-druk-op-de-mercedes-motor-hoog\/","og_locale":"nl_NL","og_type":"article","og_title":"F1 : on sait quand aura lieu la r\u00e9union entre les motorisistes et la FIA. Ferrari, Honda et Audi maintiennent la pression sur le moteur Mercedes - ItalPassion","og_description":"Alors que la Formule 1 s\u2019appr\u00eate \u00e0 basculer dans l\u2019\u00e8re r\u00e9glementaire la plus radicale de son histoire r\u00e9cente, la bataille autour des moteurs 2026 atteint","og_url":"https:\/\/www.italpassion.fr\/nl\/wedstrijd\/formule-1\/f1-we-weten-wanneer-de-bijeenkomst-tussen-de-motorfabrikanten-en-de-fia-zal-plaatsvinden-ferrari-honda-en-audi-houden-de-druk-op-de-mercedes-motor-hoog\/","og_site_name":"ItalPassion","article_publisher":"https:\/\/www.facebook.com\/italpassion","article_published_time":"2026-01-09T13:21:33+00:00","og_image":[{"width":1200,"height":750,"url":"https:\/\/www.italpassion.fr\/wp-content\/uploads\/2025\/12\/mercedes-F2-enginr-scaled.jpg","type":"image\/jpeg"}],"author":"Alexandre Filluzeau","twitter_card":"summary_large_image","twitter_creator":"@italpassion","twitter_site":"@italpassion","schema":{"@context":"https:\/\/schema.org","@graph":[{"@type":"NewsArticle","@id":"https:\/\/www.italpassion.fr\/nl\/competition\/formule-1\/f1-on-sait-quand-aura-lieu-la-reunion-entre-les-motorisistes-et-la-fia-ferrari-honda-et-audi-maintiennent-la-pression-sur-le-moteur-mercedes\/#article","isPartOf":{"@id":"https:\/\/www.italpassion.fr\/nl\/competition\/formule-1\/f1-on-sait-quand-aura-lieu-la-reunion-entre-les-motorisistes-et-la-fia-ferrari-honda-et-audi-maintiennent-la-pression-sur-le-moteur-mercedes\/"},"author":{"name":"Alexandre Filluzeau","@id":"https:\/\/www.italpassion.fr\/nl\/#\/schema\/person\/36f747b2a759ca202d847e85a9434ca0"},"headline":"F1 : on sait quand aura lieu la r\u00e9union entre les motorisistes et la FIA. Ferrari, Honda et Audi maintiennent la pression sur le moteur Mercedes","datePublished":"2026-01-09T13:21:33+00:00","mainEntityOfPage":{"@id":"https:\/\/www.italpassion.fr\/nl\/competition\/formule-1\/f1-on-sait-quand-aura-lieu-la-reunion-entre-les-motorisistes-et-la-fia-ferrari-honda-et-audi-maintiennent-la-pression-sur-le-moteur-mercedes\/"},"wordCount":608,"commentCount":0,"publisher":{"@id":"https:\/\/www.italpassion.fr\/nl\/#organization"},"image":{"@id":"https:\/\/www.italpassion.fr\/nl\/competition\/formule-1\/f1-on-sait-quand-aura-lieu-la-reunion-entre-les-motorisistes-et-la-fia-ferrari-honda-et-audi-maintiennent-la-pression-sur-le-moteur-mercedes\/#primaryimage"},"thumbnailUrl":"https:\/\/www.italpassion.fr\/wp-content\/uploads\/2025\/12\/mercedes-F2-enginr-scaled.jpg","articleSection":["Formule 1","Sport Auto"],"inLanguage":"nl-NL","potentialAction":[{"@type":"CommentAction","name":"Comment","target":["https:\/\/www.italpassion.fr\/nl\/competition\/formule-1\/f1-on-sait-quand-aura-lieu-la-reunion-entre-les-motorisistes-et-la-fia-ferrari-honda-et-audi-maintiennent-la-pression-sur-le-moteur-mercedes\/#respond"]}]},{"@type":"WebPage","@id":"https:\/\/www.italpassion.fr\/nl\/competition\/formule-1\/f1-on-sait-quand-aura-lieu-la-reunion-entre-les-motorisistes-et-la-fia-ferrari-honda-et-audi-maintiennent-la-pression-sur-le-moteur-mercedes\/","url":"https:\/\/www.italpassion.fr\/nl\/competition\/formule-1\/f1-on-sait-quand-aura-lieu-la-reunion-entre-les-motorisistes-et-la-fia-ferrari-honda-et-audi-maintiennent-la-pression-sur-le-moteur-mercedes\/","name":"F1: we weten wanneer de bijeenkomst tussen de motorfabrikanten en de FIA plaatsvindt. Ferrari, Honda en Audi houden de druk op Mercedes' motor hoog - ItalPassion","isPartOf":{"@id":"https:\/\/www.italpassion.fr\/nl\/#website"},"primaryImageOfPage":{"@id":"https:\/\/www.italpassion.fr\/nl\/competition\/formule-1\/f1-on-sait-quand-aura-lieu-la-reunion-entre-les-motorisistes-et-la-fia-ferrari-honda-et-audi-maintiennent-la-pression-sur-le-moteur-mercedes\/#primaryimage"},"image":{"@id":"https:\/\/www.italpassion.fr\/nl\/competition\/formule-1\/f1-on-sait-quand-aura-lieu-la-reunion-entre-les-motorisistes-et-la-fia-ferrari-honda-et-audi-maintiennent-la-pression-sur-le-moteur-mercedes\/#primaryimage"},"thumbnailUrl":"https:\/\/www.italpassion.fr\/wp-content\/uploads\/2025\/12\/mercedes-F2-enginr-scaled.jpg","datePublished":"2026-01-09T13:21:33+00:00","description":"Terwijl de Formule 1 zich voorbereidt op het meest radicale tijdperk van regelgeving in zijn recente geschiedenis, bereikt de strijd om de motoren voor 2026 zijn hoogtepunt.","breadcrumb":{"@id":"https:\/\/www.italpassion.fr\/nl\/competition\/formule-1\/f1-on-sait-quand-aura-lieu-la-reunion-entre-les-motorisistes-et-la-fia-ferrari-honda-et-audi-maintiennent-la-pression-sur-le-moteur-mercedes\/#breadcrumb"},"inLanguage":"nl-NL","potentialAction":[{"@type":"ReadAction","target":["https:\/\/www.italpassion.fr\/nl\/competition\/formule-1\/f1-on-sait-quand-aura-lieu-la-reunion-entre-les-motorisistes-et-la-fia-ferrari-honda-et-audi-maintiennent-la-pression-sur-le-moteur-mercedes\/"]}]},{"@type":"ImageObject","inLanguage":"nl-NL","@id":"https:\/\/www.italpassion.fr\/nl\/competition\/formule-1\/f1-on-sait-quand-aura-lieu-la-reunion-entre-les-motorisistes-et-la-fia-ferrari-honda-et-audi-maintiennent-la-pression-sur-le-moteur-mercedes\/#primaryimage","url":"https:\/\/www.italpassion.fr\/wp-content\/uploads\/2025\/12\/mercedes-F2-enginr-scaled.jpg","contentUrl":"https:\/\/www.italpassion.fr\/wp-content\/uploads\/2025\/12\/mercedes-F2-enginr-scaled.jpg","width":1200,"height":750},{"@type":"BreadcrumbList","@id":"https:\/\/www.italpassion.fr\/nl\/competition\/formule-1\/f1-on-sait-quand-aura-lieu-la-reunion-entre-les-motorisistes-et-la-fia-ferrari-honda-et-audi-maintiennent-la-pression-sur-le-moteur-mercedes\/#breadcrumb","itemListElement":[{"@type":"ListItem","position":1,"name":"Accueil","item":"https:\/\/www.italpassion.fr\/nl\/"},{"@type":"ListItem","position":2,"name":"F1 : on sait quand aura lieu la r\u00e9union entre les motorisistes et la FIA. Ferrari, Honda et Audi maintiennent la pression sur le moteur Mercedes"}]},{"@type":"WebSite","@id":"https:\/\/www.italpassion.fr\/nl\/#website","url":"https:\/\/www.italpassion.fr\/nl\/","name":"ItalPassion","description":"Italiaanse autoliefhebbers","publisher":{"@id":"https:\/\/www.italpassion.fr\/nl\/#organization"},"potentialAction":[{"@type":"SearchAction","target":{"@type":"EntryPoint","urlTemplate":"https:\/\/www.italpassion.fr\/nl\/?s={search_term_string}"},"query-input":{"@type":"PropertyValueSpecification","valueRequired":true,"valueName":"search_term_string"}}],"inLanguage":"nl-NL"},{"@type":"Organization","@id":"https:\/\/www.italpassion.fr\/nl\/#organization","name":"Italpassion","url":"https:\/\/www.italpassion.fr\/nl\/","logo":{"@type":"ImageObject","inLanguage":"nl-NL","@id":"https:\/\/www.italpassion.fr\/nl\/#\/schema\/logo\/image\/","url":"https:\/\/www.italpassion.fr\/wp-content\/uploads\/2023\/07\/italpassion-yoast.jpg","contentUrl":"https:\/\/www.italpassion.fr\/wp-content\/uploads\/2023\/07\/italpassion-yoast.jpg","width":696,"height":696,"caption":"Italpassion"},"image":{"@id":"https:\/\/www.italpassion.fr\/nl\/#\/schema\/logo\/image\/"},"sameAs":["https:\/\/www.facebook.com\/italpassion","https:\/\/x.com\/italpassion","https:\/\/www.instagram.com\/italpassionfr\/","https:\/\/www.youtube.com\/channel\/UCleq-ByQaA42OjhopwevRjQ","https:\/\/www.facebook.com\/italpassion.en\/","https:\/\/www.facebook.com\/italpassion.it\/","https:\/\/www.facebook.com\/italpassion.de\/","https:\/\/www.facebook.com\/italpassion.ja\/"]},{"@type":"Person","@id":"https:\/\/www.italpassion.fr\/nl\/#\/schema\/person\/36f747b2a759ca202d847e85a9434ca0","name":"Alexandre Filluzeau","image":{"@type":"ImageObject","inLanguage":"nl-NL","@id":"https:\/\/www.italpassion.fr\/nl\/#\/schema\/person\/image\/","url":"https:\/\/www.italpassion.fr\/wp-content\/uploads\/2025\/04\/avatar-alexandre-160x160.jpg","contentUrl":"https:\/\/www.italpassion.fr\/wp-content\/uploads\/2025\/04\/avatar-alexandre-160x160.jpg","caption":"Alexandre Filluzeau"},"description":"Oprichter van de website ItalPassion, gepassioneerd door Italiaanse auto's en Itali\u00eb in het algemeen. Waar mogelijk breng ik een kritisch en technisch oog naar nieuws over Italiaanse merken. Eigenaar van een Maserati GranTurismo, Alfa Romeo MiTo, Lancia Fulvia en Ducati 695. Ex-eigenaar van een Alfa Romeo Giulia.","sameAs":["https:\/\/www.italpassion.fr\/"],"url":"https:\/\/www.italpassion.fr\/nl\/author\/alexandre\/"}]}},"_links":{"self":[{"href":"https:\/\/www.italpassion.fr\/nl\/wp-json\/wp\/v2\/posts\/45176","targetHints":{"allow":["GET"]}}],"collection":[{"href":"https:\/\/www.italpassion.fr\/nl\/wp-json\/wp\/v2\/posts"}],"about":[{"href":"https:\/\/www.italpassion.fr\/nl\/wp-json\/wp\/v2\/types\/post"}],"author":[{"embeddable":true,"href":"https:\/\/www.italpassion.fr\/nl\/wp-json\/wp\/v2\/users\/1"}],"replies":[{"embeddable":true,"href":"https:\/\/www.italpassion.fr\/nl\/wp-json\/wp\/v2\/comments?post=45176"}],"version-history":[{"count":1,"href":"https:\/\/www.italpassion.fr\/nl\/wp-json\/wp\/v2\/posts\/45176\/revisions"}],"predecessor-version":[{"id":45177,"href":"https:\/\/www.italpassion.fr\/nl\/wp-json\/wp\/v2\/posts\/45176\/revisions\/45177"}],"wp:featuredmedia":[{"embeddable":true,"href":"https:\/\/www.italpassion.fr\/nl\/wp-json\/wp\/v2\/media\/44756"}],"wp:attachment":[{"href":"https:\/\/www.italpassion.fr\/nl\/wp-json\/wp\/v2\/media?parent=45176"}],"wp:term":[{"taxonomy":"category","embeddable":true,"href":"https:\/\/www.italpassion.fr\/nl\/wp-json\/wp\/v2\/categories?post=45176"},{"taxonomy":"post_tag","embeddable":true,"href":"https:\/\/www.italpassion.fr\/nl\/wp-json\/wp\/v2\/tags?post=45176"}],"curies":[{"name":"wp","href":"https:\/\/api.w.org\/{rel}","templated":true}]}}