{"id":44330,"date":"2025-12-12T11:03:36","date_gmt":"2025-12-12T10:03:36","guid":{"rendered":"https:\/\/www.italpassion.fr\/?p=44330"},"modified":"2025-12-12T11:03:36","modified_gmt":"2025-12-12T10:03:36","slug":"maserati-verlaagt-de-prijs-van-zijn-v6-suv-voor-de-prijs-van-een-viercilinder-en-verhoogt-de-prijs-van-het-elektrische-model","status":"publish","type":"post","link":"https:\/\/www.italpassion.fr\/nl\/maserati\/maserati-baisse-le-prix-de-son-suv-v6-au-prix-dun-quatre-cylindres-et-augmente-le-prix-du-modele-electrique\/","title":{"rendered":"Maserati verlaagt de prijs van zijn V6 SUV tot de prijs van een viercilinder (en verhoogt de prijs van het elektrische model)"},"content":{"rendered":"<figure class=\"wp-block-image size-full\"><img loading=\"lazy\" decoding=\"async\" width=\"1200\" height=\"800\" src=\"https:\/\/www.italpassion.fr\/wp-content\/uploads\/2025\/12\/maserati-grecale-v6.jpg\" alt=\"\" class=\"wp-image-44332\" srcset=\"https:\/\/www.italpassion.fr\/wp-content\/uploads\/2025\/12\/maserati-grecale-v6.jpg 1200w, https:\/\/www.italpassion.fr\/wp-content\/uploads\/2025\/12\/maserati-grecale-v6-420x280.jpg 420w, https:\/\/www.italpassion.fr\/wp-content\/uploads\/2025\/12\/maserati-grecale-v6-768x512.jpg 768w, https:\/\/www.italpassion.fr\/wp-content\/uploads\/2025\/12\/maserati-grecale-v6-18x12.jpg 18w\" sizes=\"auto, (max-width: 1200px) 100vw, 1200px\" \/><\/figure>\n\n\n\n<p><a href=\"https:\/\/www.italpassion.fr\/nl\/maserati\/\">Maserati<\/a> heeft geen opzienbarende aankondigingen gedaan. Als je echter goed naar de Amerikaanse configurators kijkt, zie je een belangrijke ontwikkeling van de afgelopen weken: de SUV <a href=\"https:\/\/www.italpassion.fr\/nl\/autos\/maserati-grecale\/\">Schaal<\/a> is nu in de Verenigde Staten verkrijgbaar in een Modena V6-versie, voor precies dezelfde prijs als de viercilinder Modena. Deze beslissing is verre van onbeduidend, vooral in een tijd waarin het Italiaanse merk een van de moeilijkste periodes in zijn recente geschiedenis doormaakt.<\/p>\n\n\n\n<h3 class=\"wp-block-heading\">Een Maserati V6 voor de prijs van een viercilinder<\/h3>\n\n\n\n<p>Tot nu toe was voor toegang tot de V6-motor van de Maserati Grecale een directe upgrade naar de Grecale Trofeo nodig, die $ 110.200 kostte. Dat is een fors prijskaartje, waardoor de zescilinder motor is voorbehouden aan de rijkste klanten in een land waar V6 en V8 motoren koning zijn! De situatie is nu radicaal anders op de Amerikaanse markt.<\/p>\n\n\n\n<figure class=\"wp-block-image size-full\"><img loading=\"lazy\" decoding=\"async\" width=\"1200\" height=\"1184\" src=\"https:\/\/www.italpassion.fr\/wp-content\/uploads\/2025\/12\/tarif-maserati-us-2026.jpg\" alt=\"\" class=\"wp-image-44331\" srcset=\"https:\/\/www.italpassion.fr\/wp-content\/uploads\/2025\/12\/tarif-maserati-us-2026.jpg 1200w, https:\/\/www.italpassion.fr\/wp-content\/uploads\/2025\/12\/tarif-maserati-us-2026-420x414.jpg 420w, https:\/\/www.italpassion.fr\/wp-content\/uploads\/2025\/12\/tarif-maserati-us-2026-768x758.jpg 768w, https:\/\/www.italpassion.fr\/wp-content\/uploads\/2025\/12\/tarif-maserati-us-2026-12x12.jpg 12w\" sizes=\"auto, (max-width: 1200px) 100vw, 1200px\" \/><\/figure>\n\n\n\n<p>De 2026 Grecale Modena V6 begint bij 84.500 dollar, precies dezelfde prijs als de viercilinder Grecale Modena. Onder de motorkap ligt de eigen 3,0-liter V6, afgeleid van de Nettuno, maar hier teruggebracht tot 385 pk, vergeleken met 523 pk op de Trofeo (550 pk in Europa). De prestaties blijven solide, met een topsnelheid die is verhoogd tot 260 km\/u, terwijl de vierwielaandrijving en de algehele prestaties van het uitstekende Giorgio-platform behouden blijven. Deze vermogensreductie is geen toeval. Het stelt Maserati in staat om zijn V6 te herpositioneren als een toegankelijker alternatief, zonder de Trofeo volledig te kannibaliseren, die een duidelijk voordeel behoudt op het gebied van pure prestaties.<\/p>\n\n\n\n<h2 class=\"wp-block-heading\">Een Amerikaans exclusief...<\/h2>\n\n\n\n<p>Het is vermeldenswaard dat deze Modena V6-versie niet bestaat in Europa. Noch de Franse, noch de Duitse, noch de Italiaanse configurators bieden hem op dit moment aan. Op deze markten blijft de Grecale op de traditionele manier gestructureerd, met een viercilindermotor op de instap- en middenversies, en de V6 gereserveerd voor de Trofeo. Deze keuze versterkt het idee van een gerichte keuze, specifiek ontworpen voor de Verenigde Staten. Een land dat niet alleen Maserati's nummer \u00e9\u00e9n markt is, maar ook degene waar de teruggang op dit moment het meest zorgwekkend is.<\/p>\n\n\n\n<h2 class=\"wp-block-heading\">Een direct antwoord op Maserati's Amerikaanse crisis<\/h2>\n\n\n\n<p>De cijfers spreken voor zich. Over de periode januari-november 2025, <a href=\"https:\/\/www.italpassion.fr\/nl\/maserati\/maserati-geen-verrassing-geen-positieve-tekenen-voor-2025-behalve-in-duitsland\/\">Maserati rapporteert een daling van 39 % in verkopen in de VS<\/a>zijn belangrijkste markt. De restvoorraden van de Ghibli, Quattroporte en Levante blijven zwaar wegen, terwijl de Grecale, ondanks het feit dat hij de steunpilaar van het gamma is geworden, moeite heeft om de geleidelijke verdwijning van oudere modellen te compenseren. Tegen deze achtergrond lijkt het aanbieden van een Maserati SUV met een V6-motor voor de prijs van een viercilindermodel duidelijk op een gerichte poging om het merk nieuw leven in te blazen. De boodschap is simpel: wek opnieuw verlangen op, cre\u00eber opnieuw verlangen en bied vooral een onderscheidend argument ten opzichte van de concurrentie.<\/p>\n\n\n\n<p>Blijft deze strategie beperkt tot de Verenigde Staten of is het een voorbode van een meer wereldwijde evolutie van het Grecale-gamma? Voorlopig heeft Maserati nog geen plannen voor Europa bekendgemaakt. Het Duitse voorbeeld toont echter aan dat de Grecale een echte groeimotor kan worden als de positionering goed is.<\/p>\n\n\n\n<p>Deze nieuwe versie van de Grecale Modena V6 is geen industri\u00eble revolutie, maar zou wel een commercieel keerpunt kunnen betekenen. Door de V6 opnieuw te introduceren tegen een toegankelijker prijsniveau, test Maserati duidelijk het water voor de Amerikaanse markt, waar de urgentie het grootst is. Het valt nog te bezien of deze prijsverlaging, die gepaard gaat met een afgemeten vermindering van de prestaties, genoeg zal zijn om de neerwaartse spiraal van meer dan een jaar te stoppen. Het antwoord komt in 2026, met cijfers om het te bewijzen. Maar \u00e9\u00e9n ding is zeker: voor het eerst in lange tijd lijkt Maserati zijn gamma niet aan te passen uit ideologie, maar uit pragmatisme.<\/p>\n\n\n\n<figure class=\"wp-block-table\"><table class=\"has-fixed-layout\"><thead><tr><th><\/th><th>2025<\/th><th>2026<\/th><\/tr><\/thead><tbody><tr><td>Maserati grijs<\/td><td>$69,900<\/td><td>$77,900<\/td><\/tr><tr><td>Maserati Grijze Modena<\/td><td>$78,500<\/td><td>$84,500<\/td><\/tr><tr><td>Maserati Grecale Modena V6<\/td><td><\/td><td>$84,500<\/td><\/tr><tr><td>Maserati Grecale Trofeo<\/td><td>$110,200<\/td><td>$117,500<\/td><\/tr><tr><td>Maserati Grecale Folgore<\/td><td>$109,000<\/td><td>$119,900<\/td><\/tr><\/tbody><\/table><\/figure>","protected":false},"excerpt":{"rendered":"","protected":false},"author":1,"featured_media":44332,"comment_status":"open","ping_status":"open","sticky":false,"template":"","format":"standard","meta":{"_acf_changed":false,"_sitemap_exclude":false,"_sitemap_priority":"","_sitemap_frequency":"","footnotes":""},"categories":[27],"tags":[285],"class_list":["post-44330","post","type-post","status-publish","format-standard","has-post-thumbnail","hentry","category-maserati","tag-maserati-grecale","generate-columns","tablet-grid-50","mobile-grid-100","grid-parent","grid-33"],"acf":[],"yoast_head":"<!-- This site is optimized with the Yoast SEO plugin v25.8 - https:\/\/yoast.com\/wordpress\/plugins\/seo\/ -->\n<title>Maserati baisse le prix de son SUV V6 au prix d\u2019un quatre-cylindres (et augmente le prix du mod\u00e8le \u00e9lectrique) - ItalPassion<\/title>\n<meta name=\"description\" content=\"Maserati n\u2019a pas fait de communiqu\u00e9 tonitruant. Pourtant, en scrutant attentivement les configurateurs am\u00e9ricains, une \u00e9volution majeure est apparue ces\" \/>\n<meta name=\"robots\" content=\"index, follow, max-snippet:-1, max-image-preview:large, max-video-preview:-1\" \/>\n<link rel=\"canonical\" href=\"https:\/\/www.italpassion.fr\/nl\/maserati\/maserati-verlaagt-de-prijs-van-zijn-v6-suv-voor-de-prijs-van-een-viercilinder-en-verhoogt-de-prijs-van-het-elektrische-model\/\" \/>\n<meta property=\"og:locale\" content=\"nl_NL\" \/>\n<meta property=\"og:type\" content=\"article\" \/>\n<meta property=\"og:title\" content=\"Maserati baisse le prix de son SUV V6 au prix d\u2019un quatre-cylindres (et augmente le prix du mod\u00e8le \u00e9lectrique) - ItalPassion\" \/>\n<meta property=\"og:description\" content=\"Maserati n\u2019a pas fait de communiqu\u00e9 tonitruant. Pourtant, en scrutant attentivement les configurateurs am\u00e9ricains, une \u00e9volution majeure est apparue ces\" \/>\n<meta property=\"og:url\" content=\"https:\/\/www.italpassion.fr\/nl\/maserati\/maserati-verlaagt-de-prijs-van-zijn-v6-suv-voor-de-prijs-van-een-viercilinder-en-verhoogt-de-prijs-van-het-elektrische-model\/\" \/>\n<meta property=\"og:site_name\" content=\"ItalPassion\" \/>\n<meta property=\"article:publisher\" content=\"https:\/\/www.facebook.com\/italpassion\" \/>\n<meta property=\"article:published_time\" content=\"2025-12-12T10:03:36+00:00\" \/>\n<meta property=\"og:image\" content=\"https:\/\/www.italpassion.fr\/wp-content\/uploads\/2025\/12\/maserati-grecale-v6.jpg\" \/>\n\t<meta property=\"og:image:width\" content=\"1200\" \/>\n\t<meta property=\"og:image:height\" content=\"800\" \/>\n\t<meta property=\"og:image:type\" content=\"image\/jpeg\" \/>\n<meta name=\"author\" content=\"Alexandre Filluzeau\" \/>\n<meta name=\"twitter:card\" content=\"summary_large_image\" \/>\n<meta name=\"twitter:creator\" content=\"@italpassion\" \/>\n<meta name=\"twitter:site\" content=\"@italpassion\" \/>\n<script type=\"application\/ld+json\" class=\"yoast-schema-graph\">{\"@context\":\"https:\/\/schema.org\",\"@graph\":[{\"@type\":\"NewsArticle\",\"@id\":\"https:\/\/www.italpassion.fr\/nl\/maserati\/maserati-baisse-le-prix-de-son-suv-v6-au-prix-dun-quatre-cylindres-et-augmente-le-prix-du-modele-electrique\/#article\",\"isPartOf\":{\"@id\":\"https:\/\/www.italpassion.fr\/nl\/maserati\/maserati-baisse-le-prix-de-son-suv-v6-au-prix-dun-quatre-cylindres-et-augmente-le-prix-du-modele-electrique\/\"},\"author\":{\"name\":\"Alexandre Filluzeau\",\"@id\":\"https:\/\/www.italpassion.fr\/nl\/#\/schema\/person\/36f747b2a759ca202d847e85a9434ca0\"},\"headline\":\"Maserati baisse le prix de son SUV V6 au prix d\u2019un quatre-cylindres (et augmente le prix du mod\u00e8le \u00e9lectrique)\",\"datePublished\":\"2025-12-12T10:03:36+00:00\",\"mainEntityOfPage\":{\"@id\":\"https:\/\/www.italpassion.fr\/nl\/maserati\/maserati-baisse-le-prix-de-son-suv-v6-au-prix-dun-quatre-cylindres-et-augmente-le-prix-du-modele-electrique\/\"},\"wordCount\":675,\"commentCount\":2,\"publisher\":{\"@id\":\"https:\/\/www.italpassion.fr\/nl\/#organization\"},\"image\":{\"@id\":\"https:\/\/www.italpassion.fr\/nl\/maserati\/maserati-baisse-le-prix-de-son-suv-v6-au-prix-dun-quatre-cylindres-et-augmente-le-prix-du-modele-electrique\/#primaryimage\"},\"thumbnailUrl\":\"https:\/\/www.italpassion.fr\/wp-content\/uploads\/2025\/12\/maserati-grecale-v6.jpg\",\"keywords\":[\"Maserati Grecale\"],\"articleSection\":[\"Maserati\"],\"inLanguage\":\"nl-NL\",\"potentialAction\":[{\"@type\":\"CommentAction\",\"name\":\"Comment\",\"target\":[\"https:\/\/www.italpassion.fr\/nl\/maserati\/maserati-baisse-le-prix-de-son-suv-v6-au-prix-dun-quatre-cylindres-et-augmente-le-prix-du-modele-electrique\/#respond\"]}]},{\"@type\":\"WebPage\",\"@id\":\"https:\/\/www.italpassion.fr\/nl\/maserati\/maserati-baisse-le-prix-de-son-suv-v6-au-prix-dun-quatre-cylindres-et-augmente-le-prix-du-modele-electrique\/\",\"url\":\"https:\/\/www.italpassion.fr\/nl\/maserati\/maserati-baisse-le-prix-de-son-suv-v6-au-prix-dun-quatre-cylindres-et-augmente-le-prix-du-modele-electrique\/\",\"name\":\"Maserati baisse le prix de son SUV V6 au prix d\u2019un quatre-cylindres (et augmente le prix du mod\u00e8le \u00e9lectrique) - ItalPassion\",\"isPartOf\":{\"@id\":\"https:\/\/www.italpassion.fr\/nl\/#website\"},\"primaryImageOfPage\":{\"@id\":\"https:\/\/www.italpassion.fr\/nl\/maserati\/maserati-baisse-le-prix-de-son-suv-v6-au-prix-dun-quatre-cylindres-et-augmente-le-prix-du-modele-electrique\/#primaryimage\"},\"image\":{\"@id\":\"https:\/\/www.italpassion.fr\/nl\/maserati\/maserati-baisse-le-prix-de-son-suv-v6-au-prix-dun-quatre-cylindres-et-augmente-le-prix-du-modele-electrique\/#primaryimage\"},\"thumbnailUrl\":\"https:\/\/www.italpassion.fr\/wp-content\/uploads\/2025\/12\/maserati-grecale-v6.jpg\",\"datePublished\":\"2025-12-12T10:03:36+00:00\",\"description\":\"Maserati n\u2019a pas fait de communiqu\u00e9 tonitruant. Pourtant, en scrutant attentivement les configurateurs am\u00e9ricains, une \u00e9volution majeure est apparue ces\",\"breadcrumb\":{\"@id\":\"https:\/\/www.italpassion.fr\/nl\/maserati\/maserati-baisse-le-prix-de-son-suv-v6-au-prix-dun-quatre-cylindres-et-augmente-le-prix-du-modele-electrique\/#breadcrumb\"},\"inLanguage\":\"nl-NL\",\"potentialAction\":[{\"@type\":\"ReadAction\",\"target\":[\"https:\/\/www.italpassion.fr\/nl\/maserati\/maserati-baisse-le-prix-de-son-suv-v6-au-prix-dun-quatre-cylindres-et-augmente-le-prix-du-modele-electrique\/\"]}]},{\"@type\":\"ImageObject\",\"inLanguage\":\"nl-NL\",\"@id\":\"https:\/\/www.italpassion.fr\/nl\/maserati\/maserati-baisse-le-prix-de-son-suv-v6-au-prix-dun-quatre-cylindres-et-augmente-le-prix-du-modele-electrique\/#primaryimage\",\"url\":\"https:\/\/www.italpassion.fr\/wp-content\/uploads\/2025\/12\/maserati-grecale-v6.jpg\",\"contentUrl\":\"https:\/\/www.italpassion.fr\/wp-content\/uploads\/2025\/12\/maserati-grecale-v6.jpg\",\"width\":1200,\"height\":800},{\"@type\":\"BreadcrumbList\",\"@id\":\"https:\/\/www.italpassion.fr\/nl\/maserati\/maserati-baisse-le-prix-de-son-suv-v6-au-prix-dun-quatre-cylindres-et-augmente-le-prix-du-modele-electrique\/#breadcrumb\",\"itemListElement\":[{\"@type\":\"ListItem\",\"position\":1,\"name\":\"Accueil\",\"item\":\"https:\/\/www.italpassion.fr\/nl\/\"},{\"@type\":\"ListItem\",\"position\":2,\"name\":\"Maserati baisse le prix de son SUV V6 au prix d\u2019un quatre-cylindres (et augmente le prix du mod\u00e8le \u00e9lectrique)\"}]},{\"@type\":\"WebSite\",\"@id\":\"https:\/\/www.italpassion.fr\/nl\/#website\",\"url\":\"https:\/\/www.italpassion.fr\/nl\/\",\"name\":\"ItalPassion\",\"description\":\"Les Passionn\u00e9s d&#039;Automobiles Italiennes\",\"publisher\":{\"@id\":\"https:\/\/www.italpassion.fr\/nl\/#organization\"},\"potentialAction\":[{\"@type\":\"SearchAction\",\"target\":{\"@type\":\"EntryPoint\",\"urlTemplate\":\"https:\/\/www.italpassion.fr\/nl\/?s={search_term_string}\"},\"query-input\":{\"@type\":\"PropertyValueSpecification\",\"valueRequired\":true,\"valueName\":\"search_term_string\"}}],\"inLanguage\":\"nl-NL\"},{\"@type\":\"Organization\",\"@id\":\"https:\/\/www.italpassion.fr\/nl\/#organization\",\"name\":\"Italpassion\",\"url\":\"https:\/\/www.italpassion.fr\/nl\/\",\"logo\":{\"@type\":\"ImageObject\",\"inLanguage\":\"nl-NL\",\"@id\":\"https:\/\/www.italpassion.fr\/nl\/#\/schema\/logo\/image\/\",\"url\":\"https:\/\/www.italpassion.fr\/wp-content\/uploads\/2023\/07\/italpassion-yoast.jpg\",\"contentUrl\":\"https:\/\/www.italpassion.fr\/wp-content\/uploads\/2023\/07\/italpassion-yoast.jpg\",\"width\":696,\"height\":696,\"caption\":\"Italpassion\"},\"image\":{\"@id\":\"https:\/\/www.italpassion.fr\/nl\/#\/schema\/logo\/image\/\"},\"sameAs\":[\"https:\/\/www.facebook.com\/italpassion\",\"https:\/\/x.com\/italpassion\",\"https:\/\/www.instagram.com\/italpassionfr\/\",\"https:\/\/www.youtube.com\/channel\/UCleq-ByQaA42OjhopwevRjQ\",\"https:\/\/www.facebook.com\/italpassion.en\/\",\"https:\/\/www.facebook.com\/italpassion.it\/\",\"https:\/\/www.facebook.com\/italpassion.de\/\",\"https:\/\/www.facebook.com\/italpassion.ja\/\"]},{\"@type\":\"Person\",\"@id\":\"https:\/\/www.italpassion.fr\/nl\/#\/schema\/person\/36f747b2a759ca202d847e85a9434ca0\",\"name\":\"Alexandre Filluzeau\",\"image\":{\"@type\":\"ImageObject\",\"inLanguage\":\"nl-NL\",\"@id\":\"https:\/\/www.italpassion.fr\/nl\/#\/schema\/person\/image\/\",\"url\":\"https:\/\/www.italpassion.fr\/wp-content\/uploads\/2025\/04\/avatar-alexandre-160x160.jpg\",\"contentUrl\":\"https:\/\/www.italpassion.fr\/wp-content\/uploads\/2025\/04\/avatar-alexandre-160x160.jpg\",\"caption\":\"Alexandre Filluzeau\"},\"description\":\"Fondateur du site ItalPassion, passionn\u00e9 de voitures italiennes et de l'Italie en g\u00e9n\u00e9ral. J'apporte un regard critique et technique aux actualit\u00e9s des marques italiennes quand cela est possible. Propri\u00e9taire d'une Maserati GranTurismo, Alfa Romeo MiTo, Lancia Fulvia et Ducati 695. Ex-propri\u00e9taire d'une Alfa Romeo Giulia.\",\"sameAs\":[\"https:\/\/www.italpassion.fr\/\"],\"url\":\"https:\/\/www.italpassion.fr\/nl\/author\/alexandre\/\"}]}<\/script>\n<!-- \/ Yoast SEO plugin. -->","yoast_head_json":{"title":"Maserati verlaagt prijs van V6 SUV naar viercilinder (en verhoogt prijs van elektrisch model) - ItalPassion","description":"Maserati heeft geen denderend persbericht uitgegeven. Als je echter goed naar de Amerikaanse configurators kijkt, zie je een grote verandering in de afgelopen maanden.","robots":{"index":"index","follow":"follow","max-snippet":"max-snippet:-1","max-image-preview":"max-image-preview:large","max-video-preview":"max-video-preview:-1"},"canonical":"https:\/\/www.italpassion.fr\/nl\/maserati\/maserati-verlaagt-de-prijs-van-zijn-v6-suv-voor-de-prijs-van-een-viercilinder-en-verhoogt-de-prijs-van-het-elektrische-model\/","og_locale":"nl_NL","og_type":"article","og_title":"Maserati baisse le prix de son SUV V6 au prix d\u2019un quatre-cylindres (et augmente le prix du mod\u00e8le \u00e9lectrique) - ItalPassion","og_description":"Maserati n\u2019a pas fait de communiqu\u00e9 tonitruant. Pourtant, en scrutant attentivement les configurateurs am\u00e9ricains, une \u00e9volution majeure est apparue ces","og_url":"https:\/\/www.italpassion.fr\/nl\/maserati\/maserati-verlaagt-de-prijs-van-zijn-v6-suv-voor-de-prijs-van-een-viercilinder-en-verhoogt-de-prijs-van-het-elektrische-model\/","og_site_name":"ItalPassion","article_publisher":"https:\/\/www.facebook.com\/italpassion","article_published_time":"2025-12-12T10:03:36+00:00","og_image":[{"width":1200,"height":800,"url":"https:\/\/www.italpassion.fr\/wp-content\/uploads\/2025\/12\/maserati-grecale-v6.jpg","type":"image\/jpeg"}],"author":"Alexandre Filluzeau","twitter_card":"summary_large_image","twitter_creator":"@italpassion","twitter_site":"@italpassion","schema":{"@context":"https:\/\/schema.org","@graph":[{"@type":"NewsArticle","@id":"https:\/\/www.italpassion.fr\/nl\/maserati\/maserati-baisse-le-prix-de-son-suv-v6-au-prix-dun-quatre-cylindres-et-augmente-le-prix-du-modele-electrique\/#article","isPartOf":{"@id":"https:\/\/www.italpassion.fr\/nl\/maserati\/maserati-baisse-le-prix-de-son-suv-v6-au-prix-dun-quatre-cylindres-et-augmente-le-prix-du-modele-electrique\/"},"author":{"name":"Alexandre Filluzeau","@id":"https:\/\/www.italpassion.fr\/nl\/#\/schema\/person\/36f747b2a759ca202d847e85a9434ca0"},"headline":"Maserati baisse le prix de son SUV V6 au prix d\u2019un quatre-cylindres (et augmente le prix du mod\u00e8le \u00e9lectrique)","datePublished":"2025-12-12T10:03:36+00:00","mainEntityOfPage":{"@id":"https:\/\/www.italpassion.fr\/nl\/maserati\/maserati-baisse-le-prix-de-son-suv-v6-au-prix-dun-quatre-cylindres-et-augmente-le-prix-du-modele-electrique\/"},"wordCount":675,"commentCount":2,"publisher":{"@id":"https:\/\/www.italpassion.fr\/nl\/#organization"},"image":{"@id":"https:\/\/www.italpassion.fr\/nl\/maserati\/maserati-baisse-le-prix-de-son-suv-v6-au-prix-dun-quatre-cylindres-et-augmente-le-prix-du-modele-electrique\/#primaryimage"},"thumbnailUrl":"https:\/\/www.italpassion.fr\/wp-content\/uploads\/2025\/12\/maserati-grecale-v6.jpg","keywords":["Maserati Grecale"],"articleSection":["Maserati"],"inLanguage":"nl-NL","potentialAction":[{"@type":"CommentAction","name":"Comment","target":["https:\/\/www.italpassion.fr\/nl\/maserati\/maserati-baisse-le-prix-de-son-suv-v6-au-prix-dun-quatre-cylindres-et-augmente-le-prix-du-modele-electrique\/#respond"]}]},{"@type":"WebPage","@id":"https:\/\/www.italpassion.fr\/nl\/maserati\/maserati-baisse-le-prix-de-son-suv-v6-au-prix-dun-quatre-cylindres-et-augmente-le-prix-du-modele-electrique\/","url":"https:\/\/www.italpassion.fr\/nl\/maserati\/maserati-baisse-le-prix-de-son-suv-v6-au-prix-dun-quatre-cylindres-et-augmente-le-prix-du-modele-electrique\/","name":"Maserati verlaagt prijs van V6 SUV naar viercilinder (en verhoogt prijs van elektrisch model) - ItalPassion","isPartOf":{"@id":"https:\/\/www.italpassion.fr\/nl\/#website"},"primaryImageOfPage":{"@id":"https:\/\/www.italpassion.fr\/nl\/maserati\/maserati-baisse-le-prix-de-son-suv-v6-au-prix-dun-quatre-cylindres-et-augmente-le-prix-du-modele-electrique\/#primaryimage"},"image":{"@id":"https:\/\/www.italpassion.fr\/nl\/maserati\/maserati-baisse-le-prix-de-son-suv-v6-au-prix-dun-quatre-cylindres-et-augmente-le-prix-du-modele-electrique\/#primaryimage"},"thumbnailUrl":"https:\/\/www.italpassion.fr\/wp-content\/uploads\/2025\/12\/maserati-grecale-v6.jpg","datePublished":"2025-12-12T10:03:36+00:00","description":"Maserati heeft geen denderend persbericht uitgegeven. Als je echter goed naar de Amerikaanse configurators kijkt, zie je een grote verandering in de afgelopen maanden.","breadcrumb":{"@id":"https:\/\/www.italpassion.fr\/nl\/maserati\/maserati-baisse-le-prix-de-son-suv-v6-au-prix-dun-quatre-cylindres-et-augmente-le-prix-du-modele-electrique\/#breadcrumb"},"inLanguage":"nl-NL","potentialAction":[{"@type":"ReadAction","target":["https:\/\/www.italpassion.fr\/nl\/maserati\/maserati-baisse-le-prix-de-son-suv-v6-au-prix-dun-quatre-cylindres-et-augmente-le-prix-du-modele-electrique\/"]}]},{"@type":"ImageObject","inLanguage":"nl-NL","@id":"https:\/\/www.italpassion.fr\/nl\/maserati\/maserati-baisse-le-prix-de-son-suv-v6-au-prix-dun-quatre-cylindres-et-augmente-le-prix-du-modele-electrique\/#primaryimage","url":"https:\/\/www.italpassion.fr\/wp-content\/uploads\/2025\/12\/maserati-grecale-v6.jpg","contentUrl":"https:\/\/www.italpassion.fr\/wp-content\/uploads\/2025\/12\/maserati-grecale-v6.jpg","width":1200,"height":800},{"@type":"BreadcrumbList","@id":"https:\/\/www.italpassion.fr\/nl\/maserati\/maserati-baisse-le-prix-de-son-suv-v6-au-prix-dun-quatre-cylindres-et-augmente-le-prix-du-modele-electrique\/#breadcrumb","itemListElement":[{"@type":"ListItem","position":1,"name":"Accueil","item":"https:\/\/www.italpassion.fr\/nl\/"},{"@type":"ListItem","position":2,"name":"Maserati baisse le prix de son SUV V6 au prix d\u2019un quatre-cylindres (et augmente le prix du mod\u00e8le \u00e9lectrique)"}]},{"@type":"WebSite","@id":"https:\/\/www.italpassion.fr\/nl\/#website","url":"https:\/\/www.italpassion.fr\/nl\/","name":"ItalPassion","description":"Italiaanse autoliefhebbers","publisher":{"@id":"https:\/\/www.italpassion.fr\/nl\/#organization"},"potentialAction":[{"@type":"SearchAction","target":{"@type":"EntryPoint","urlTemplate":"https:\/\/www.italpassion.fr\/nl\/?s={search_term_string}"},"query-input":{"@type":"PropertyValueSpecification","valueRequired":true,"valueName":"search_term_string"}}],"inLanguage":"nl-NL"},{"@type":"Organization","@id":"https:\/\/www.italpassion.fr\/nl\/#organization","name":"Italpassion","url":"https:\/\/www.italpassion.fr\/nl\/","logo":{"@type":"ImageObject","inLanguage":"nl-NL","@id":"https:\/\/www.italpassion.fr\/nl\/#\/schema\/logo\/image\/","url":"https:\/\/www.italpassion.fr\/wp-content\/uploads\/2023\/07\/italpassion-yoast.jpg","contentUrl":"https:\/\/www.italpassion.fr\/wp-content\/uploads\/2023\/07\/italpassion-yoast.jpg","width":696,"height":696,"caption":"Italpassion"},"image":{"@id":"https:\/\/www.italpassion.fr\/nl\/#\/schema\/logo\/image\/"},"sameAs":["https:\/\/www.facebook.com\/italpassion","https:\/\/x.com\/italpassion","https:\/\/www.instagram.com\/italpassionfr\/","https:\/\/www.youtube.com\/channel\/UCleq-ByQaA42OjhopwevRjQ","https:\/\/www.facebook.com\/italpassion.en\/","https:\/\/www.facebook.com\/italpassion.it\/","https:\/\/www.facebook.com\/italpassion.de\/","https:\/\/www.facebook.com\/italpassion.ja\/"]},{"@type":"Person","@id":"https:\/\/www.italpassion.fr\/nl\/#\/schema\/person\/36f747b2a759ca202d847e85a9434ca0","name":"Alexandre Filluzeau","image":{"@type":"ImageObject","inLanguage":"nl-NL","@id":"https:\/\/www.italpassion.fr\/nl\/#\/schema\/person\/image\/","url":"https:\/\/www.italpassion.fr\/wp-content\/uploads\/2025\/04\/avatar-alexandre-160x160.jpg","contentUrl":"https:\/\/www.italpassion.fr\/wp-content\/uploads\/2025\/04\/avatar-alexandre-160x160.jpg","caption":"Alexandre Filluzeau"},"description":"Oprichter van de website ItalPassion, gepassioneerd door Italiaanse auto's en Itali\u00eb in het algemeen. Waar mogelijk breng ik een kritisch en technisch oog naar nieuws over Italiaanse merken. Eigenaar van een Maserati GranTurismo, Alfa Romeo MiTo, Lancia Fulvia en Ducati 695. Ex-eigenaar van een Alfa Romeo Giulia.","sameAs":["https:\/\/www.italpassion.fr\/"],"url":"https:\/\/www.italpassion.fr\/nl\/author\/alexandre\/"}]}},"_links":{"self":[{"href":"https:\/\/www.italpassion.fr\/nl\/wp-json\/wp\/v2\/posts\/44330","targetHints":{"allow":["GET"]}}],"collection":[{"href":"https:\/\/www.italpassion.fr\/nl\/wp-json\/wp\/v2\/posts"}],"about":[{"href":"https:\/\/www.italpassion.fr\/nl\/wp-json\/wp\/v2\/types\/post"}],"author":[{"embeddable":true,"href":"https:\/\/www.italpassion.fr\/nl\/wp-json\/wp\/v2\/users\/1"}],"replies":[{"embeddable":true,"href":"https:\/\/www.italpassion.fr\/nl\/wp-json\/wp\/v2\/comments?post=44330"}],"version-history":[{"count":1,"href":"https:\/\/www.italpassion.fr\/nl\/wp-json\/wp\/v2\/posts\/44330\/revisions"}],"predecessor-version":[{"id":44333,"href":"https:\/\/www.italpassion.fr\/nl\/wp-json\/wp\/v2\/posts\/44330\/revisions\/44333"}],"wp:featuredmedia":[{"embeddable":true,"href":"https:\/\/www.italpassion.fr\/nl\/wp-json\/wp\/v2\/media\/44332"}],"wp:attachment":[{"href":"https:\/\/www.italpassion.fr\/nl\/wp-json\/wp\/v2\/media?parent=44330"}],"wp:term":[{"taxonomy":"category","embeddable":true,"href":"https:\/\/www.italpassion.fr\/nl\/wp-json\/wp\/v2\/categories?post=44330"},{"taxonomy":"post_tag","embeddable":true,"href":"https:\/\/www.italpassion.fr\/nl\/wp-json\/wp\/v2\/tags?post=44330"}],"curies":[{"name":"wp","href":"https:\/\/api.w.org\/{rel}","templated":true}]}}