{"id":44247,"date":"2025-12-11T10:54:37","date_gmt":"2025-12-11T09:54:37","guid":{"rendered":"https:\/\/www.italpassion.fr\/?p=44247"},"modified":"2025-12-11T10:54:37","modified_gmt":"2025-12-11T09:54:37","slug":"de-alfa-romeo-75-viert-zijn-40e-verjaardag-lang-onderschat-is-hij-steeds-meer-gewild-als-verzamelaarsauto","status":"publish","type":"post","link":"https:\/\/www.italpassion.fr\/nl\/alfa-romeo\/alfa-romeo-75-fete-ses-40-ans-longtemps-sous-estimee-elle-est-de-plus-en-plus-recherchee-comme-voiture-de-collection\/","title":{"rendered":"Alfa Romeo 75 viert zijn 40e verjaardag: lang onderschat, is hij steeds meer gewild als verzamelauto"},"content":{"rendered":"<figure class=\"wp-block-image size-full\"><img loading=\"lazy\" decoding=\"async\" width=\"1200\" height=\"800\" src=\"https:\/\/www.italpassion.fr\/wp-content\/uploads\/2025\/12\/alfa-romeo-75-000.jpg\" alt=\"\" class=\"wp-image-44273\" srcset=\"https:\/\/www.italpassion.fr\/wp-content\/uploads\/2025\/12\/alfa-romeo-75-000.jpg 1200w, https:\/\/www.italpassion.fr\/wp-content\/uploads\/2025\/12\/alfa-romeo-75-000-420x280.jpg 420w, https:\/\/www.italpassion.fr\/wp-content\/uploads\/2025\/12\/alfa-romeo-75-000-768x512.jpg 768w, https:\/\/www.italpassion.fr\/wp-content\/uploads\/2025\/12\/alfa-romeo-75-000-18x12.jpg 18w\" sizes=\"auto, (max-width: 1200px) 100vw, 1200px\" \/><\/figure>\n\n\n\n<p>In 2025 viert de Alfa Romeo 75 zijn veertigste verjaardag. Een symbolische verjaardag voor een sedan die lang is gemeden, vaak verkeerd begrepen en soms bespot vanwege zijn gedurfde technische keuzes... maar nu volledig is gerestaureerd. De tijd heeft zijn tol ge\u00ebist: de nieuwste <a href=\"https:\/\/www.italpassion.fr\/nl\/alfa-romeo\/\">Alfa Romeo<\/a> ontworpen v\u00f3\u00f3r de overname door Fiat, en de laatste auto met Transaxle-architectuur, is een van de meest gewilde Italiaanse youngtimers van dit moment geworden. De perfecte gelegenheid om hulde te brengen.<\/p>\n\n\n\n<h2 class=\"wp-block-heading\">1985: een saloon geboren om een jubileum te vieren... en een bladzijde om te slaan<\/h2>\n\n\n\n<p>Op 17 mei 1985 vierde Alfa Romeo zijn 75e verjaardag. In plaats van de kaarsjes uit te blazen met een symbolisch model, besloot het merk een nieuwe sedan te onthullen. De naam lag voor de hand: de 75.<br>Hij verving de Giulietta en had veel gemeen met de Alfa 90, maar positioneerde zichzelf radicaal anders. De 90 nam de rol van comfortabele grand tourer op zich. De 75 was de sportieve gezinsauto.<\/p>\n\n\n\n<figure class=\"wp-block-image size-full\"><img loading=\"lazy\" decoding=\"async\" width=\"1200\" height=\"800\" src=\"https:\/\/www.italpassion.fr\/wp-content\/uploads\/2025\/12\/alfa-romeo-75-00.jpg\" alt=\"\" class=\"wp-image-44270\" srcset=\"https:\/\/www.italpassion.fr\/wp-content\/uploads\/2025\/12\/alfa-romeo-75-00.jpg 1200w, https:\/\/www.italpassion.fr\/wp-content\/uploads\/2025\/12\/alfa-romeo-75-00-420x280.jpg 420w, https:\/\/www.italpassion.fr\/wp-content\/uploads\/2025\/12\/alfa-romeo-75-00-768x512.jpg 768w, https:\/\/www.italpassion.fr\/wp-content\/uploads\/2025\/12\/alfa-romeo-75-00-18x12.jpg 18w\" sizes=\"auto, (max-width: 1200px) 100vw, 1200px\" \/><\/figure>\n\n\n\n<figure class=\"wp-block-image size-full\"><img loading=\"lazy\" decoding=\"async\" width=\"1200\" height=\"800\" src=\"https:\/\/www.italpassion.fr\/wp-content\/uploads\/2025\/12\/alfa-romeo-75-03.jpg\" alt=\"\" class=\"wp-image-44271\" srcset=\"https:\/\/www.italpassion.fr\/wp-content\/uploads\/2025\/12\/alfa-romeo-75-03.jpg 1200w, https:\/\/www.italpassion.fr\/wp-content\/uploads\/2025\/12\/alfa-romeo-75-03-420x280.jpg 420w, https:\/\/www.italpassion.fr\/wp-content\/uploads\/2025\/12\/alfa-romeo-75-03-768x512.jpg 768w, https:\/\/www.italpassion.fr\/wp-content\/uploads\/2025\/12\/alfa-romeo-75-03-18x12.jpg 18w\" sizes=\"auto, (max-width: 1200px) 100vw, 1200px\" \/><\/figure>\n\n\n\n<figure class=\"wp-block-image size-full\"><img loading=\"lazy\" decoding=\"async\" width=\"1200\" height=\"800\" src=\"https:\/\/www.italpassion.fr\/wp-content\/uploads\/2025\/12\/alfa-romeo-75-04.jpg\" alt=\"\" class=\"wp-image-44272\" srcset=\"https:\/\/www.italpassion.fr\/wp-content\/uploads\/2025\/12\/alfa-romeo-75-04.jpg 1200w, https:\/\/www.italpassion.fr\/wp-content\/uploads\/2025\/12\/alfa-romeo-75-04-420x280.jpg 420w, https:\/\/www.italpassion.fr\/wp-content\/uploads\/2025\/12\/alfa-romeo-75-04-768x512.jpg 768w, https:\/\/www.italpassion.fr\/wp-content\/uploads\/2025\/12\/alfa-romeo-75-04-18x12.jpg 18w\" sizes=\"auto, (max-width: 1200px) 100vw, 1200px\" \/><\/figure>\n\n\n\n<p>Domenico Chirico leidde het project en Ermanno Cressoni, hoofd van het Centro Stile, durfde het aan om een diep hoekig, bijna brutalistisch ontwerp te cre\u00ebren dat helemaal jaren 80 was. Aerodynamica was minder belangrijk dan persoonlijkheid en dit wigvormige silhouet werd een van de meest herkenbare handtekeningen in de geschiedenis van Alfa. Met een lengte van 4,33 tot 4,42 meter, afhankelijk van de versie, heeft hij een immense bagageruimte van 500 liter, wat verbazingwekkend is voor zo'n compacte achterwielaangedreven auto. Maar het zijn de 50\/50 gewichtsverdeling en de Transaxle-configuratie (versnellingsbak en koppeling achterin) die de auto zijn karakter geven. Een karakter dat zowel particuliere klanten als de Italiaanse overheidsdiensten zal aanspreken: carabinieri, brandweermannen, ambulancechauffeurs en speciale eenheden zullen er hun offici\u00eble uitrusting van maken.<\/p>\n\n\n\n<figure class=\"wp-block-image size-full\"><img loading=\"lazy\" decoding=\"async\" width=\"1200\" height=\"800\" src=\"https:\/\/www.italpassion.fr\/wp-content\/uploads\/2025\/12\/alfa-romeo-75-carabineri.jpg\" alt=\"\" class=\"wp-image-44274\" srcset=\"https:\/\/www.italpassion.fr\/wp-content\/uploads\/2025\/12\/alfa-romeo-75-carabineri.jpg 1200w, https:\/\/www.italpassion.fr\/wp-content\/uploads\/2025\/12\/alfa-romeo-75-carabineri-420x280.jpg 420w, https:\/\/www.italpassion.fr\/wp-content\/uploads\/2025\/12\/alfa-romeo-75-carabineri-768x512.jpg 768w, https:\/\/www.italpassion.fr\/wp-content\/uploads\/2025\/12\/alfa-romeo-75-carabineri-18x12.jpg 18w\" sizes=\"auto, (max-width: 1200px) 100vw, 1200px\" \/><\/figure>\n\n\n\n<h2 class=\"wp-block-heading\">Motoren, innovaties en karakter<\/h2>\n\n\n\n<p>Vanaf de introductie bood de berline een breed scala aan motoren: van de 1.6L met 110 pk, die in bijna 100.000 exemplaren werd geproduceerd, tot de verschillende 2.0 Twin Sparks waarmee Alfa Romeo dubbele ontsteking introduceerde, via de 2.5 en vervolgens 3.0 Busso V6, en niet te vergeten een turbodiesel die verrassend krachtig was voor die tijd.<\/p>\n\n\n\n<figure class=\"wp-block-image size-full\"><img loading=\"lazy\" decoding=\"async\" width=\"1200\" height=\"800\" src=\"https:\/\/www.italpassion.fr\/wp-content\/uploads\/2025\/12\/alfa-romeo-75-moteur-16.jpg\" alt=\"\" class=\"wp-image-44276\" srcset=\"https:\/\/www.italpassion.fr\/wp-content\/uploads\/2025\/12\/alfa-romeo-75-moteur-16.jpg 1200w, https:\/\/www.italpassion.fr\/wp-content\/uploads\/2025\/12\/alfa-romeo-75-moteur-16-420x280.jpg 420w, https:\/\/www.italpassion.fr\/wp-content\/uploads\/2025\/12\/alfa-romeo-75-moteur-16-768x512.jpg 768w, https:\/\/www.italpassion.fr\/wp-content\/uploads\/2025\/12\/alfa-romeo-75-moteur-16-18x12.jpg 18w\" sizes=\"auto, (max-width: 1200px) 100vw, 1200px\" \/><figcaption class=\"wp-element-caption\">1.6L motor<\/figcaption><\/figure>\n\n\n\n<figure class=\"wp-block-image size-full\"><img loading=\"lazy\" decoding=\"async\" width=\"1200\" height=\"800\" src=\"https:\/\/www.italpassion.fr\/wp-content\/uploads\/2025\/12\/alfa-romeo-75-moteur-20.jpg\" alt=\"\" class=\"wp-image-44277\" srcset=\"https:\/\/www.italpassion.fr\/wp-content\/uploads\/2025\/12\/alfa-romeo-75-moteur-20.jpg 1200w, https:\/\/www.italpassion.fr\/wp-content\/uploads\/2025\/12\/alfa-romeo-75-moteur-20-420x280.jpg 420w, https:\/\/www.italpassion.fr\/wp-content\/uploads\/2025\/12\/alfa-romeo-75-moteur-20-768x512.jpg 768w, https:\/\/www.italpassion.fr\/wp-content\/uploads\/2025\/12\/alfa-romeo-75-moteur-20-18x12.jpg 18w\" sizes=\"auto, (max-width: 1200px) 100vw, 1200px\" \/><figcaption class=\"wp-element-caption\">2.0L motor<\/figcaption><\/figure>\n\n\n\n<figure class=\"wp-block-image size-full\"><img loading=\"lazy\" decoding=\"async\" width=\"1200\" height=\"800\" src=\"https:\/\/www.italpassion.fr\/wp-content\/uploads\/2025\/12\/alfa-romeo-75-v6.jpg\" alt=\"\" class=\"wp-image-44278\" srcset=\"https:\/\/www.italpassion.fr\/wp-content\/uploads\/2025\/12\/alfa-romeo-75-v6.jpg 1200w, https:\/\/www.italpassion.fr\/wp-content\/uploads\/2025\/12\/alfa-romeo-75-v6-420x280.jpg 420w, https:\/\/www.italpassion.fr\/wp-content\/uploads\/2025\/12\/alfa-romeo-75-v6-768x512.jpg 768w, https:\/\/www.italpassion.fr\/wp-content\/uploads\/2025\/12\/alfa-romeo-75-v6-18x12.jpg 18w\" sizes=\"auto, (max-width: 1200px) 100vw, 1200px\" \/><figcaption class=\"wp-element-caption\">V6-motor<\/figcaption><\/figure>\n\n\n\n<p>De komst van de 1.8 Turbo in 1986 betekende een keerpunt. Met zijn grote Garrett turbo, zijn zorgvuldige koeling en de brutaliteit die typisch was voor de supercharged motoren van de jaren 80, legde hij de basis voor een echte sportieve carri\u00e8re. De 75 Turbo Evoluzione, gehomologeerd in 1987, ging nog een stap verder in deze ambitie.<\/p>\n\n\n\n<figure class=\"wp-block-image size-full\"><img loading=\"lazy\" decoding=\"async\" width=\"1200\" height=\"800\" src=\"https:\/\/www.italpassion.fr\/wp-content\/uploads\/2025\/12\/alfa-romeo-75-moteur-18l.jpg\" alt=\"\" class=\"wp-image-44275\" srcset=\"https:\/\/www.italpassion.fr\/wp-content\/uploads\/2025\/12\/alfa-romeo-75-moteur-18l.jpg 1200w, https:\/\/www.italpassion.fr\/wp-content\/uploads\/2025\/12\/alfa-romeo-75-moteur-18l-420x280.jpg 420w, https:\/\/www.italpassion.fr\/wp-content\/uploads\/2025\/12\/alfa-romeo-75-moteur-18l-768x512.jpg 768w, https:\/\/www.italpassion.fr\/wp-content\/uploads\/2025\/12\/alfa-romeo-75-moteur-18l-18x12.jpg 18w\" sizes=\"auto, (max-width: 1200px) 100vw, 1200px\" \/><figcaption class=\"wp-element-caption\">1.8L motor<\/figcaption><\/figure>\n\n\n\n<p>De top van het gamma kreeg vorm met de 3.0 America V6, opgevoerd tot 185 pk, in staat om 220 km\/u te halen in een plots luxueuze omgeving dankzij de introductie van ABS, airconditioning, cruisecontrol en een voor die tijd opmerkelijke uitrusting. In 1992 kwam er een einde aan de commerci\u00eble carri\u00e8re van de auto, ten voordele van de 155. Er werden in totaal 387.000 Alfa 75's geproduceerd, waarvan iets meer dan 21.000 V6-modellen. Voor velen was de laatste Transaxle achterwielaangedreven auto de 'echte' laatste Alfa Romeo.<\/p>\n\n\n\n<h2 class=\"wp-block-heading\">Een onderschatte sportvrouw... maar nooit vergeten door liefhebbers<\/h2>\n\n\n\n<p>De 75 heeft nooit internationale kampioenschappen gedomineerd, maar hij heeft zijn stempel gedrukt op degenen die erin reden. In de rallysport, met name in Frankrijk, behaalde hij vele klasseoverwinningen, vooral in handen van Yves Loubet. In de jaren 80 belichaamde hij een bepaalde geest van Alfa Romeo: rauw, toegewijd, veeleisend, soms grillig, maar vreselijk innemend.<\/p>\n\n\n\n<figure class=\"wp-block-image size-full\"><img loading=\"lazy\" decoding=\"async\" width=\"1200\" height=\"800\" src=\"https:\/\/www.italpassion.fr\/wp-content\/uploads\/2025\/08\/alfa-75-turbo-evoluzione-2.jpg\" alt=\"\" class=\"wp-image-40800\" srcset=\"https:\/\/www.italpassion.fr\/wp-content\/uploads\/2025\/08\/alfa-75-turbo-evoluzione-2.jpg 1200w, https:\/\/www.italpassion.fr\/wp-content\/uploads\/2025\/08\/alfa-75-turbo-evoluzione-2-420x280.jpg 420w, https:\/\/www.italpassion.fr\/wp-content\/uploads\/2025\/08\/alfa-75-turbo-evoluzione-2-768x512.jpg 768w, https:\/\/www.italpassion.fr\/wp-content\/uploads\/2025\/08\/alfa-75-turbo-evoluzione-2-18x12.jpg 18w\" sizes=\"auto, (max-width: 1200px) 100vw, 1200px\" \/><\/figure>\n\n\n\n<p>Sommigen blijven racen... en soms winnen ze. Zoals <a href=\"https:\/\/www.italpassion.fr\/nl\/alfa-romeo\/een-410-pk-sterke-alfa-romeo-75-turbo-geeft-een-show-in-griekenland\/\">deze 75 met turbo en 410 pk<\/a> gespot in een heuvelklimrace in Griekenland, de <a href=\"https:\/\/www.italpassion.fr\/nl\/alfa-romeo\/deze-alfa-romeo-75-turbo-evoluzione-met-320-pk-wint-nog-steeds-in-de-competitie\/\">75 Turbo Evoluzione nr. 239<\/a>, l'<a href=\"https:\/\/www.italpassion.fr\/nl\/alfa-romeo\/deze-alfa-romeo-75-wordt-aangedreven-door-een-v6-busso-met-500-pk-bij-9000-tpm-de-krachtigste-ter-wereld\/\">Alfa Romeo 75 met Busso motor<\/a> met meer dan 500 pk, of <a href=\"https:\/\/www.italpassion.fr\/nl\/alfa-romeo\/alfa-romeo-75-turbo-prototech-350-pk-met-bialbero-motor-voorzien-van-een-zeldzaam-mechanisch-onderdeel\/\">de 350 pk Alfa Romeo 75 Turbo Prototech<\/a>.<\/p>\n\n\n\n<h2 class=\"wp-block-heading\">Een bloeiende markt: terug in de gunst<\/h2>\n\n\n\n<p>Tegen 2025 rezen de prijzen de pan uit. Een nette 75 Twin Spark kost nu meer dan \u20ac 12.000, een Turbo meer dan \u20ac 25.000 en een Evoluzione... meer dan \u20ac 80.000, aangezien exemplaren zeldzaam zijn. De trend wordt sterker dankzij Europese tuners die de mythe nieuw leven inblazen. Lange tijd had de Alfa Romeo 75 het imago van een haastig in elkaar geflanste sedan, het symbool van een ingewikkeld tijdperk voor het merk. Vandaag lijkt het meer op een zwanenzang, een van de laatste 100 % Alfa Romeo creaties, vurig, onvolmaakt, maar diep oprecht in zijn filosofie.<\/p>\n\n\n\n<figure class=\"wp-block-embed is-type-video is-provider-youtube wp-block-embed-youtube wp-embed-aspect-9-16 wp-has-aspect-ratio\"><div class=\"wp-block-embed__wrapper\">\n<iframe loading=\"lazy\" title=\"Gefeliciteerd met de 40e verjaardag van de Alfa Romeo 75\" width=\"563\" height=\"1000\" src=\"https:\/\/www.youtube-nocookie.com\/embed\/vv6dbTKvdJU?feature=oembed\" frameborder=\"0\" allow=\"accelerometer; autoplay; clipboard-write; encrypted-media; gyroscope; picture-in-picture; web-share\" referrerpolicy=\"strict-origin-when-cross-origin\" allowfullscreen><\/iframe>\n<\/div><\/figure>","protected":false},"excerpt":{"rendered":"","protected":false},"author":1,"featured_media":44273,"comment_status":"open","ping_status":"open","sticky":false,"template":"","format":"standard","meta":{"_acf_changed":false,"_sitemap_exclude":false,"_sitemap_priority":"","_sitemap_frequency":"","footnotes":""},"categories":[22],"tags":[511],"class_list":["post-44247","post","type-post","status-publish","format-standard","has-post-thumbnail","hentry","category-alfa-romeo","tag-alfa-romeo-75","generate-columns","tablet-grid-50","mobile-grid-100","grid-parent","grid-33"],"acf":[],"yoast_head":"<!-- This site is optimized with the Yoast SEO plugin v25.8 - https:\/\/yoast.com\/wordpress\/plugins\/seo\/ -->\n<title>Alfa Romeo 75 f\u00eate ses 40 ans : longtemps sous-estim\u00e9e, elle est de plus en plus recherch\u00e9e comme voiture de collection - ItalPassion<\/title>\n<meta name=\"description\" content=\"En 2025, l\u2019Alfa Romeo 75 souffle ses quarante bougies. Un anniversaire symbolique pour une berline longtemps boud\u00e9e, souvent mal comprise, parfois moqu\u00e9e\" \/>\n<meta name=\"robots\" content=\"index, follow, max-snippet:-1, max-image-preview:large, max-video-preview:-1\" \/>\n<link rel=\"canonical\" href=\"https:\/\/www.italpassion.fr\/nl\/alfa-romeo\/de-alfa-romeo-75-viert-zijn-40e-verjaardag-lang-onderschat-is-hij-steeds-meer-gewild-als-verzamelaarsauto\/\" \/>\n<meta property=\"og:locale\" content=\"nl_NL\" \/>\n<meta property=\"og:type\" content=\"article\" \/>\n<meta property=\"og:title\" content=\"Alfa Romeo 75 f\u00eate ses 40 ans : longtemps sous-estim\u00e9e, elle est de plus en plus recherch\u00e9e comme voiture de collection - ItalPassion\" \/>\n<meta property=\"og:description\" content=\"En 2025, l\u2019Alfa Romeo 75 souffle ses quarante bougies. Un anniversaire symbolique pour une berline longtemps boud\u00e9e, souvent mal comprise, parfois moqu\u00e9e\" \/>\n<meta property=\"og:url\" content=\"https:\/\/www.italpassion.fr\/nl\/alfa-romeo\/de-alfa-romeo-75-viert-zijn-40e-verjaardag-lang-onderschat-is-hij-steeds-meer-gewild-als-verzamelaarsauto\/\" \/>\n<meta property=\"og:site_name\" content=\"ItalPassion\" \/>\n<meta property=\"article:publisher\" content=\"https:\/\/www.facebook.com\/italpassion\" \/>\n<meta property=\"article:published_time\" content=\"2025-12-11T09:54:37+00:00\" \/>\n<meta property=\"og:image\" content=\"https:\/\/www.italpassion.fr\/wp-content\/uploads\/2025\/12\/alfa-romeo-75-000.jpg\" \/>\n\t<meta property=\"og:image:width\" content=\"1200\" \/>\n\t<meta property=\"og:image:height\" content=\"800\" \/>\n\t<meta property=\"og:image:type\" content=\"image\/jpeg\" \/>\n<meta name=\"author\" content=\"Alexandre Filluzeau\" \/>\n<meta name=\"twitter:card\" content=\"summary_large_image\" \/>\n<meta name=\"twitter:creator\" content=\"@italpassion\" \/>\n<meta name=\"twitter:site\" content=\"@italpassion\" \/>\n<script type=\"application\/ld+json\" class=\"yoast-schema-graph\">{\"@context\":\"https:\/\/schema.org\",\"@graph\":[{\"@type\":\"NewsArticle\",\"@id\":\"https:\/\/www.italpassion.fr\/nl\/alfa-romeo\/alfa-romeo-75-fete-ses-40-ans-longtemps-sous-estimee-elle-est-de-plus-en-plus-recherchee-comme-voiture-de-collection\/#article\",\"isPartOf\":{\"@id\":\"https:\/\/www.italpassion.fr\/nl\/alfa-romeo\/alfa-romeo-75-fete-ses-40-ans-longtemps-sous-estimee-elle-est-de-plus-en-plus-recherchee-comme-voiture-de-collection\/\"},\"author\":{\"name\":\"Alexandre Filluzeau\",\"@id\":\"https:\/\/www.italpassion.fr\/nl\/#\/schema\/person\/36f747b2a759ca202d847e85a9434ca0\"},\"headline\":\"Alfa Romeo 75 f\u00eate ses 40 ans : longtemps sous-estim\u00e9e, elle est de plus en plus recherch\u00e9e comme voiture de collection\",\"datePublished\":\"2025-12-11T09:54:37+00:00\",\"mainEntityOfPage\":{\"@id\":\"https:\/\/www.italpassion.fr\/nl\/alfa-romeo\/alfa-romeo-75-fete-ses-40-ans-longtemps-sous-estimee-elle-est-de-plus-en-plus-recherchee-comme-voiture-de-collection\/\"},\"wordCount\":750,\"commentCount\":10,\"publisher\":{\"@id\":\"https:\/\/www.italpassion.fr\/nl\/#organization\"},\"image\":{\"@id\":\"https:\/\/www.italpassion.fr\/nl\/alfa-romeo\/alfa-romeo-75-fete-ses-40-ans-longtemps-sous-estimee-elle-est-de-plus-en-plus-recherchee-comme-voiture-de-collection\/#primaryimage\"},\"thumbnailUrl\":\"https:\/\/www.italpassion.fr\/wp-content\/uploads\/2025\/12\/alfa-romeo-75-000.jpg\",\"keywords\":[\"Alfa Romeo 75\"],\"articleSection\":[\"Alfa Romeo\"],\"inLanguage\":\"nl-NL\",\"potentialAction\":[{\"@type\":\"CommentAction\",\"name\":\"Comment\",\"target\":[\"https:\/\/www.italpassion.fr\/nl\/alfa-romeo\/alfa-romeo-75-fete-ses-40-ans-longtemps-sous-estimee-elle-est-de-plus-en-plus-recherchee-comme-voiture-de-collection\/#respond\"]}]},{\"@type\":\"WebPage\",\"@id\":\"https:\/\/www.italpassion.fr\/nl\/alfa-romeo\/alfa-romeo-75-fete-ses-40-ans-longtemps-sous-estimee-elle-est-de-plus-en-plus-recherchee-comme-voiture-de-collection\/\",\"url\":\"https:\/\/www.italpassion.fr\/nl\/alfa-romeo\/alfa-romeo-75-fete-ses-40-ans-longtemps-sous-estimee-elle-est-de-plus-en-plus-recherchee-comme-voiture-de-collection\/\",\"name\":\"Alfa Romeo 75 f\u00eate ses 40 ans : longtemps sous-estim\u00e9e, elle est de plus en plus recherch\u00e9e comme voiture de collection - ItalPassion\",\"isPartOf\":{\"@id\":\"https:\/\/www.italpassion.fr\/nl\/#website\"},\"primaryImageOfPage\":{\"@id\":\"https:\/\/www.italpassion.fr\/nl\/alfa-romeo\/alfa-romeo-75-fete-ses-40-ans-longtemps-sous-estimee-elle-est-de-plus-en-plus-recherchee-comme-voiture-de-collection\/#primaryimage\"},\"image\":{\"@id\":\"https:\/\/www.italpassion.fr\/nl\/alfa-romeo\/alfa-romeo-75-fete-ses-40-ans-longtemps-sous-estimee-elle-est-de-plus-en-plus-recherchee-comme-voiture-de-collection\/#primaryimage\"},\"thumbnailUrl\":\"https:\/\/www.italpassion.fr\/wp-content\/uploads\/2025\/12\/alfa-romeo-75-000.jpg\",\"datePublished\":\"2025-12-11T09:54:37+00:00\",\"description\":\"En 2025, l\u2019Alfa Romeo 75 souffle ses quarante bougies. Un anniversaire symbolique pour une berline longtemps boud\u00e9e, souvent mal comprise, parfois moqu\u00e9e\",\"breadcrumb\":{\"@id\":\"https:\/\/www.italpassion.fr\/nl\/alfa-romeo\/alfa-romeo-75-fete-ses-40-ans-longtemps-sous-estimee-elle-est-de-plus-en-plus-recherchee-comme-voiture-de-collection\/#breadcrumb\"},\"inLanguage\":\"nl-NL\",\"potentialAction\":[{\"@type\":\"ReadAction\",\"target\":[\"https:\/\/www.italpassion.fr\/nl\/alfa-romeo\/alfa-romeo-75-fete-ses-40-ans-longtemps-sous-estimee-elle-est-de-plus-en-plus-recherchee-comme-voiture-de-collection\/\"]}]},{\"@type\":\"ImageObject\",\"inLanguage\":\"nl-NL\",\"@id\":\"https:\/\/www.italpassion.fr\/nl\/alfa-romeo\/alfa-romeo-75-fete-ses-40-ans-longtemps-sous-estimee-elle-est-de-plus-en-plus-recherchee-comme-voiture-de-collection\/#primaryimage\",\"url\":\"https:\/\/www.italpassion.fr\/wp-content\/uploads\/2025\/12\/alfa-romeo-75-000.jpg\",\"contentUrl\":\"https:\/\/www.italpassion.fr\/wp-content\/uploads\/2025\/12\/alfa-romeo-75-000.jpg\",\"width\":1200,\"height\":800},{\"@type\":\"BreadcrumbList\",\"@id\":\"https:\/\/www.italpassion.fr\/nl\/alfa-romeo\/alfa-romeo-75-fete-ses-40-ans-longtemps-sous-estimee-elle-est-de-plus-en-plus-recherchee-comme-voiture-de-collection\/#breadcrumb\",\"itemListElement\":[{\"@type\":\"ListItem\",\"position\":1,\"name\":\"Accueil\",\"item\":\"https:\/\/www.italpassion.fr\/nl\/\"},{\"@type\":\"ListItem\",\"position\":2,\"name\":\"Alfa Romeo 75 f\u00eate ses 40 ans : longtemps sous-estim\u00e9e, elle est de plus en plus recherch\u00e9e comme voiture de collection\"}]},{\"@type\":\"WebSite\",\"@id\":\"https:\/\/www.italpassion.fr\/nl\/#website\",\"url\":\"https:\/\/www.italpassion.fr\/nl\/\",\"name\":\"ItalPassion\",\"description\":\"Les Passionn\u00e9s d&#039;Automobiles Italiennes\",\"publisher\":{\"@id\":\"https:\/\/www.italpassion.fr\/nl\/#organization\"},\"potentialAction\":[{\"@type\":\"SearchAction\",\"target\":{\"@type\":\"EntryPoint\",\"urlTemplate\":\"https:\/\/www.italpassion.fr\/nl\/?s={search_term_string}\"},\"query-input\":{\"@type\":\"PropertyValueSpecification\",\"valueRequired\":true,\"valueName\":\"search_term_string\"}}],\"inLanguage\":\"nl-NL\"},{\"@type\":\"Organization\",\"@id\":\"https:\/\/www.italpassion.fr\/nl\/#organization\",\"name\":\"Italpassion\",\"url\":\"https:\/\/www.italpassion.fr\/nl\/\",\"logo\":{\"@type\":\"ImageObject\",\"inLanguage\":\"nl-NL\",\"@id\":\"https:\/\/www.italpassion.fr\/nl\/#\/schema\/logo\/image\/\",\"url\":\"https:\/\/www.italpassion.fr\/wp-content\/uploads\/2023\/07\/italpassion-yoast.jpg\",\"contentUrl\":\"https:\/\/www.italpassion.fr\/wp-content\/uploads\/2023\/07\/italpassion-yoast.jpg\",\"width\":696,\"height\":696,\"caption\":\"Italpassion\"},\"image\":{\"@id\":\"https:\/\/www.italpassion.fr\/nl\/#\/schema\/logo\/image\/\"},\"sameAs\":[\"https:\/\/www.facebook.com\/italpassion\",\"https:\/\/x.com\/italpassion\",\"https:\/\/www.instagram.com\/italpassionfr\/\",\"https:\/\/www.youtube.com\/channel\/UCleq-ByQaA42OjhopwevRjQ\",\"https:\/\/www.facebook.com\/italpassion.en\/\",\"https:\/\/www.facebook.com\/italpassion.it\/\",\"https:\/\/www.facebook.com\/italpassion.de\/\",\"https:\/\/www.facebook.com\/italpassion.ja\/\"]},{\"@type\":\"Person\",\"@id\":\"https:\/\/www.italpassion.fr\/nl\/#\/schema\/person\/36f747b2a759ca202d847e85a9434ca0\",\"name\":\"Alexandre Filluzeau\",\"image\":{\"@type\":\"ImageObject\",\"inLanguage\":\"nl-NL\",\"@id\":\"https:\/\/www.italpassion.fr\/nl\/#\/schema\/person\/image\/\",\"url\":\"https:\/\/www.italpassion.fr\/wp-content\/uploads\/2025\/04\/avatar-alexandre-160x160.jpg\",\"contentUrl\":\"https:\/\/www.italpassion.fr\/wp-content\/uploads\/2025\/04\/avatar-alexandre-160x160.jpg\",\"caption\":\"Alexandre Filluzeau\"},\"description\":\"Fondateur du site ItalPassion, passionn\u00e9 de voitures italiennes et de l'Italie en g\u00e9n\u00e9ral. J'apporte un regard critique et technique aux actualit\u00e9s des marques italiennes quand cela est possible. Propri\u00e9taire d'une Maserati GranTurismo, Alfa Romeo MiTo, Lancia Fulvia et Ducati 695. Ex-propri\u00e9taire d'une Alfa Romeo Giulia.\",\"sameAs\":[\"https:\/\/www.italpassion.fr\/\"],\"url\":\"https:\/\/www.italpassion.fr\/nl\/author\/alexandre\/\"}]}<\/script>\n<!-- \/ Yoast SEO plugin. -->","yoast_head_json":{"title":"Alfa Romeo 75 viert zijn 40e verjaardag: lang onderschat, is hij steeds meer gewild als verzamelauto - ItalPassion","description":"In 2025 viert de Alfa Romeo 75 zijn veertigste verjaardag. Een symbolische verjaardag voor een sedan die lange tijd werd gemeden, vaak verkeerd begrepen en soms bespot.","robots":{"index":"index","follow":"follow","max-snippet":"max-snippet:-1","max-image-preview":"max-image-preview:large","max-video-preview":"max-video-preview:-1"},"canonical":"https:\/\/www.italpassion.fr\/nl\/alfa-romeo\/de-alfa-romeo-75-viert-zijn-40e-verjaardag-lang-onderschat-is-hij-steeds-meer-gewild-als-verzamelaarsauto\/","og_locale":"nl_NL","og_type":"article","og_title":"Alfa Romeo 75 f\u00eate ses 40 ans : longtemps sous-estim\u00e9e, elle est de plus en plus recherch\u00e9e comme voiture de collection - ItalPassion","og_description":"En 2025, l\u2019Alfa Romeo 75 souffle ses quarante bougies. Un anniversaire symbolique pour une berline longtemps boud\u00e9e, souvent mal comprise, parfois moqu\u00e9e","og_url":"https:\/\/www.italpassion.fr\/nl\/alfa-romeo\/de-alfa-romeo-75-viert-zijn-40e-verjaardag-lang-onderschat-is-hij-steeds-meer-gewild-als-verzamelaarsauto\/","og_site_name":"ItalPassion","article_publisher":"https:\/\/www.facebook.com\/italpassion","article_published_time":"2025-12-11T09:54:37+00:00","og_image":[{"width":1200,"height":800,"url":"https:\/\/www.italpassion.fr\/wp-content\/uploads\/2025\/12\/alfa-romeo-75-000.jpg","type":"image\/jpeg"}],"author":"Alexandre Filluzeau","twitter_card":"summary_large_image","twitter_creator":"@italpassion","twitter_site":"@italpassion","schema":{"@context":"https:\/\/schema.org","@graph":[{"@type":"NewsArticle","@id":"https:\/\/www.italpassion.fr\/nl\/alfa-romeo\/alfa-romeo-75-fete-ses-40-ans-longtemps-sous-estimee-elle-est-de-plus-en-plus-recherchee-comme-voiture-de-collection\/#article","isPartOf":{"@id":"https:\/\/www.italpassion.fr\/nl\/alfa-romeo\/alfa-romeo-75-fete-ses-40-ans-longtemps-sous-estimee-elle-est-de-plus-en-plus-recherchee-comme-voiture-de-collection\/"},"author":{"name":"Alexandre Filluzeau","@id":"https:\/\/www.italpassion.fr\/nl\/#\/schema\/person\/36f747b2a759ca202d847e85a9434ca0"},"headline":"Alfa Romeo 75 f\u00eate ses 40 ans : longtemps sous-estim\u00e9e, elle est de plus en plus recherch\u00e9e comme voiture de collection","datePublished":"2025-12-11T09:54:37+00:00","mainEntityOfPage":{"@id":"https:\/\/www.italpassion.fr\/nl\/alfa-romeo\/alfa-romeo-75-fete-ses-40-ans-longtemps-sous-estimee-elle-est-de-plus-en-plus-recherchee-comme-voiture-de-collection\/"},"wordCount":750,"commentCount":10,"publisher":{"@id":"https:\/\/www.italpassion.fr\/nl\/#organization"},"image":{"@id":"https:\/\/www.italpassion.fr\/nl\/alfa-romeo\/alfa-romeo-75-fete-ses-40-ans-longtemps-sous-estimee-elle-est-de-plus-en-plus-recherchee-comme-voiture-de-collection\/#primaryimage"},"thumbnailUrl":"https:\/\/www.italpassion.fr\/wp-content\/uploads\/2025\/12\/alfa-romeo-75-000.jpg","keywords":["Alfa Romeo 75"],"articleSection":["Alfa Romeo"],"inLanguage":"nl-NL","potentialAction":[{"@type":"CommentAction","name":"Comment","target":["https:\/\/www.italpassion.fr\/nl\/alfa-romeo\/alfa-romeo-75-fete-ses-40-ans-longtemps-sous-estimee-elle-est-de-plus-en-plus-recherchee-comme-voiture-de-collection\/#respond"]}]},{"@type":"WebPage","@id":"https:\/\/www.italpassion.fr\/nl\/alfa-romeo\/alfa-romeo-75-fete-ses-40-ans-longtemps-sous-estimee-elle-est-de-plus-en-plus-recherchee-comme-voiture-de-collection\/","url":"https:\/\/www.italpassion.fr\/nl\/alfa-romeo\/alfa-romeo-75-fete-ses-40-ans-longtemps-sous-estimee-elle-est-de-plus-en-plus-recherchee-comme-voiture-de-collection\/","name":"Alfa Romeo 75 viert zijn 40e verjaardag: lang onderschat, is hij steeds meer gewild als verzamelauto - ItalPassion","isPartOf":{"@id":"https:\/\/www.italpassion.fr\/nl\/#website"},"primaryImageOfPage":{"@id":"https:\/\/www.italpassion.fr\/nl\/alfa-romeo\/alfa-romeo-75-fete-ses-40-ans-longtemps-sous-estimee-elle-est-de-plus-en-plus-recherchee-comme-voiture-de-collection\/#primaryimage"},"image":{"@id":"https:\/\/www.italpassion.fr\/nl\/alfa-romeo\/alfa-romeo-75-fete-ses-40-ans-longtemps-sous-estimee-elle-est-de-plus-en-plus-recherchee-comme-voiture-de-collection\/#primaryimage"},"thumbnailUrl":"https:\/\/www.italpassion.fr\/wp-content\/uploads\/2025\/12\/alfa-romeo-75-000.jpg","datePublished":"2025-12-11T09:54:37+00:00","description":"In 2025 viert de Alfa Romeo 75 zijn veertigste verjaardag. Een symbolische verjaardag voor een sedan die lange tijd werd gemeden, vaak verkeerd begrepen en soms bespot.","breadcrumb":{"@id":"https:\/\/www.italpassion.fr\/nl\/alfa-romeo\/alfa-romeo-75-fete-ses-40-ans-longtemps-sous-estimee-elle-est-de-plus-en-plus-recherchee-comme-voiture-de-collection\/#breadcrumb"},"inLanguage":"nl-NL","potentialAction":[{"@type":"ReadAction","target":["https:\/\/www.italpassion.fr\/nl\/alfa-romeo\/alfa-romeo-75-fete-ses-40-ans-longtemps-sous-estimee-elle-est-de-plus-en-plus-recherchee-comme-voiture-de-collection\/"]}]},{"@type":"ImageObject","inLanguage":"nl-NL","@id":"https:\/\/www.italpassion.fr\/nl\/alfa-romeo\/alfa-romeo-75-fete-ses-40-ans-longtemps-sous-estimee-elle-est-de-plus-en-plus-recherchee-comme-voiture-de-collection\/#primaryimage","url":"https:\/\/www.italpassion.fr\/wp-content\/uploads\/2025\/12\/alfa-romeo-75-000.jpg","contentUrl":"https:\/\/www.italpassion.fr\/wp-content\/uploads\/2025\/12\/alfa-romeo-75-000.jpg","width":1200,"height":800},{"@type":"BreadcrumbList","@id":"https:\/\/www.italpassion.fr\/nl\/alfa-romeo\/alfa-romeo-75-fete-ses-40-ans-longtemps-sous-estimee-elle-est-de-plus-en-plus-recherchee-comme-voiture-de-collection\/#breadcrumb","itemListElement":[{"@type":"ListItem","position":1,"name":"Accueil","item":"https:\/\/www.italpassion.fr\/nl\/"},{"@type":"ListItem","position":2,"name":"Alfa Romeo 75 f\u00eate ses 40 ans : longtemps sous-estim\u00e9e, elle est de plus en plus recherch\u00e9e comme voiture de collection"}]},{"@type":"WebSite","@id":"https:\/\/www.italpassion.fr\/nl\/#website","url":"https:\/\/www.italpassion.fr\/nl\/","name":"ItalPassion","description":"Italiaanse autoliefhebbers","publisher":{"@id":"https:\/\/www.italpassion.fr\/nl\/#organization"},"potentialAction":[{"@type":"SearchAction","target":{"@type":"EntryPoint","urlTemplate":"https:\/\/www.italpassion.fr\/nl\/?s={search_term_string}"},"query-input":{"@type":"PropertyValueSpecification","valueRequired":true,"valueName":"search_term_string"}}],"inLanguage":"nl-NL"},{"@type":"Organization","@id":"https:\/\/www.italpassion.fr\/nl\/#organization","name":"Italpassion","url":"https:\/\/www.italpassion.fr\/nl\/","logo":{"@type":"ImageObject","inLanguage":"nl-NL","@id":"https:\/\/www.italpassion.fr\/nl\/#\/schema\/logo\/image\/","url":"https:\/\/www.italpassion.fr\/wp-content\/uploads\/2023\/07\/italpassion-yoast.jpg","contentUrl":"https:\/\/www.italpassion.fr\/wp-content\/uploads\/2023\/07\/italpassion-yoast.jpg","width":696,"height":696,"caption":"Italpassion"},"image":{"@id":"https:\/\/www.italpassion.fr\/nl\/#\/schema\/logo\/image\/"},"sameAs":["https:\/\/www.facebook.com\/italpassion","https:\/\/x.com\/italpassion","https:\/\/www.instagram.com\/italpassionfr\/","https:\/\/www.youtube.com\/channel\/UCleq-ByQaA42OjhopwevRjQ","https:\/\/www.facebook.com\/italpassion.en\/","https:\/\/www.facebook.com\/italpassion.it\/","https:\/\/www.facebook.com\/italpassion.de\/","https:\/\/www.facebook.com\/italpassion.ja\/"]},{"@type":"Person","@id":"https:\/\/www.italpassion.fr\/nl\/#\/schema\/person\/36f747b2a759ca202d847e85a9434ca0","name":"Alexandre Filluzeau","image":{"@type":"ImageObject","inLanguage":"nl-NL","@id":"https:\/\/www.italpassion.fr\/nl\/#\/schema\/person\/image\/","url":"https:\/\/www.italpassion.fr\/wp-content\/uploads\/2025\/04\/avatar-alexandre-160x160.jpg","contentUrl":"https:\/\/www.italpassion.fr\/wp-content\/uploads\/2025\/04\/avatar-alexandre-160x160.jpg","caption":"Alexandre Filluzeau"},"description":"Oprichter van de website ItalPassion, gepassioneerd door Italiaanse auto's en Itali\u00eb in het algemeen. Waar mogelijk breng ik een kritisch en technisch oog naar nieuws over Italiaanse merken. Eigenaar van een Maserati GranTurismo, Alfa Romeo MiTo, Lancia Fulvia en Ducati 695. Ex-eigenaar van een Alfa Romeo Giulia.","sameAs":["https:\/\/www.italpassion.fr\/"],"url":"https:\/\/www.italpassion.fr\/nl\/author\/alexandre\/"}]}},"_links":{"self":[{"href":"https:\/\/www.italpassion.fr\/nl\/wp-json\/wp\/v2\/posts\/44247","targetHints":{"allow":["GET"]}}],"collection":[{"href":"https:\/\/www.italpassion.fr\/nl\/wp-json\/wp\/v2\/posts"}],"about":[{"href":"https:\/\/www.italpassion.fr\/nl\/wp-json\/wp\/v2\/types\/post"}],"author":[{"embeddable":true,"href":"https:\/\/www.italpassion.fr\/nl\/wp-json\/wp\/v2\/users\/1"}],"replies":[{"embeddable":true,"href":"https:\/\/www.italpassion.fr\/nl\/wp-json\/wp\/v2\/comments?post=44247"}],"version-history":[{"count":2,"href":"https:\/\/www.italpassion.fr\/nl\/wp-json\/wp\/v2\/posts\/44247\/revisions"}],"predecessor-version":[{"id":44279,"href":"https:\/\/www.italpassion.fr\/nl\/wp-json\/wp\/v2\/posts\/44247\/revisions\/44279"}],"wp:featuredmedia":[{"embeddable":true,"href":"https:\/\/www.italpassion.fr\/nl\/wp-json\/wp\/v2\/media\/44273"}],"wp:attachment":[{"href":"https:\/\/www.italpassion.fr\/nl\/wp-json\/wp\/v2\/media?parent=44247"}],"wp:term":[{"taxonomy":"category","embeddable":true,"href":"https:\/\/www.italpassion.fr\/nl\/wp-json\/wp\/v2\/categories?post=44247"},{"taxonomy":"post_tag","embeddable":true,"href":"https:\/\/www.italpassion.fr\/nl\/wp-json\/wp\/v2\/tags?post=44247"}],"curies":[{"name":"wp","href":"https:\/\/api.w.org\/{rel}","templated":true}]}}