{"id":44176,"date":"2025-12-09T09:45:55","date_gmt":"2025-12-09T08:45:55","guid":{"rendered":"https:\/\/www.italpassion.fr\/?p=44176"},"modified":"2025-12-09T11:33:15","modified_gmt":"2025-12-09T10:33:15","slug":"de-ferrari-296-challenge-is-al-aan-het-racen-en-wint-een-buitengewone-auto","status":"publish","type":"post","link":"https:\/\/www.italpassion.fr\/nl\/ferrari\/la-ferrari-296-challenge-est-deja-en-course-de-cote-et-gagne-une-voiture-extraordinaire\/","title":{"rendered":"De Ferrari 296 Challenge racet al bergop en wint! \"Een buitengewone auto"},"content":{"rendered":"<figure class=\"wp-block-image size-full\"><img loading=\"lazy\" decoding=\"async\" width=\"1200\" height=\"800\" src=\"https:\/\/www.italpassion.fr\/wp-content\/uploads\/2025\/12\/ferrari-296-challenge-00.jpg\" alt=\"\" class=\"wp-image-44186\" srcset=\"https:\/\/www.italpassion.fr\/wp-content\/uploads\/2025\/12\/ferrari-296-challenge-00.jpg 1200w, https:\/\/www.italpassion.fr\/wp-content\/uploads\/2025\/12\/ferrari-296-challenge-00-420x280.jpg 420w, https:\/\/www.italpassion.fr\/wp-content\/uploads\/2025\/12\/ferrari-296-challenge-00-768x512.jpg 768w, https:\/\/www.italpassion.fr\/wp-content\/uploads\/2025\/12\/ferrari-296-challenge-00-18x12.jpg 18w\" sizes=\"auto, (max-width: 1200px) 100vw, 1200px\" \/><figcaption class=\"wp-element-caption\">Foto Giuseppe Garrone voor Mattiperlecorse<\/figcaption><\/figure>\n\n\n\n<p>Hillclimbs bieden de mogelijkheid om oude glorietjes te zien die al lang niet meer in offici\u00eble kampioenschappen worden verreden, zoals de Lancia Delta HF, Alfa Romeo 155\/156 en Fiat X1\/9. Voor anderen zijn het echter de nieuwste machines die op de voorgrond treden. Voor anderen zijn het echter de nieuwste machines die op de voorgrond treden: waarom wachten om een GT3-racer te lanceren op de 'cronoscalate'? De modellen <a href=\"https:\/\/www.italpassion.fr\/nl\/ferrari\/\">Ferrari<\/a>Lamborghini's en Porsches van het GT3- of Challenge \/ Trofeo \/ Cup-type zijn meer geschikt voor circuits dan voor de bochtige wegen van Itali\u00eb, maar de uitmuntendheid van hun chassis en motoren kan een grote troef zijn!<\/p>\n\n\n\n<h2 class=\"wp-block-heading\">Koning van Itali\u00eb<\/h2>\n\n\n\n<p>Lucio Peruggini is een Italiaanse coureur uit Foggia die gespecialiseerd is in bergraces. Peruggini won de titel al in 2016, 2017 en 2018 in een Ferrari 458 GT3. In 2019 ruilde hij zijn \"buiten adem\" geraakte 458 in voor een Huracan GT3, waarmee hij zijn titel in 2019 en 2020 kon behouden. In 2022 keerde hij terug naar Ferrari en won hij de Italiaanse heuvelklimkampioenschappen in de GT-categorie in een Ferrari 488 Challenge Evo. Tussen 2000 en 2010 nam hij ook af en toe deel aan historische rally's in een Lancia Delta S4.<\/p>\n\n\n\n<h2 class=\"wp-block-heading\">AF Corse ter ondersteuning<\/h2>\n\n\n\n<p>In 2025 heeft Peruggini zijn nieuwe wapen gelanceerd, een volledig zwarte Ferrari 296 Challenge. Een formidabele auto, des te meer omdat Peruggini bijna de status van offici\u00eble coureur heeft: de auto is puur en alleen geprepareerd door AF Corse, de entiteit die Ferrari's betrokkenheid in GT en WEC overziet.\u00a0<\/p>\n\n\n\n<figure class=\"wp-block-image size-full\"><img loading=\"lazy\" decoding=\"async\" width=\"1200\" height=\"800\" src=\"https:\/\/www.italpassion.fr\/wp-content\/uploads\/2025\/12\/ferrari-296-challenge-2.jpg\" alt=\"\" class=\"wp-image-44178\" srcset=\"https:\/\/www.italpassion.fr\/wp-content\/uploads\/2025\/12\/ferrari-296-challenge-2.jpg 1200w, https:\/\/www.italpassion.fr\/wp-content\/uploads\/2025\/12\/ferrari-296-challenge-2-420x280.jpg 420w, https:\/\/www.italpassion.fr\/wp-content\/uploads\/2025\/12\/ferrari-296-challenge-2-768x512.jpg 768w, https:\/\/www.italpassion.fr\/wp-content\/uploads\/2025\/12\/ferrari-296-challenge-2-18x12.jpg 18w\" sizes=\"auto, (max-width: 1200px) 100vw, 1200px\" \/><\/figure>\n\n\n\n<figure class=\"wp-block-image size-full\"><img loading=\"lazy\" decoding=\"async\" width=\"1200\" height=\"800\" src=\"https:\/\/www.italpassion.fr\/wp-content\/uploads\/2025\/12\/ferrari-296-challenge-3.jpg\" alt=\"\" class=\"wp-image-44179\" srcset=\"https:\/\/www.italpassion.fr\/wp-content\/uploads\/2025\/12\/ferrari-296-challenge-3.jpg 1200w, https:\/\/www.italpassion.fr\/wp-content\/uploads\/2025\/12\/ferrari-296-challenge-3-420x280.jpg 420w, https:\/\/www.italpassion.fr\/wp-content\/uploads\/2025\/12\/ferrari-296-challenge-3-768x512.jpg 768w, https:\/\/www.italpassion.fr\/wp-content\/uploads\/2025\/12\/ferrari-296-challenge-3-18x12.jpg 18w\" sizes=\"auto, (max-width: 1200px) 100vw, 1200px\" \/><\/figure>\n\n\n\n<figure class=\"wp-block-image size-full\"><img loading=\"lazy\" decoding=\"async\" width=\"1200\" height=\"800\" src=\"https:\/\/www.italpassion.fr\/wp-content\/uploads\/2025\/12\/ferrari-296-challenge-4.jpg\" alt=\"\" class=\"wp-image-44180\" srcset=\"https:\/\/www.italpassion.fr\/wp-content\/uploads\/2025\/12\/ferrari-296-challenge-4.jpg 1200w, https:\/\/www.italpassion.fr\/wp-content\/uploads\/2025\/12\/ferrari-296-challenge-4-420x280.jpg 420w, https:\/\/www.italpassion.fr\/wp-content\/uploads\/2025\/12\/ferrari-296-challenge-4-768x512.jpg 768w, https:\/\/www.italpassion.fr\/wp-content\/uploads\/2025\/12\/ferrari-296-challenge-4-18x12.jpg 18w\" sizes=\"auto, (max-width: 1200px) 100vw, 1200px\" \/><\/figure>\n\n\n\n<p>Volgens Peruggini zelf betekent de overstap naar de 296 Challenge \"een duidelijke sprong voorwaarts\" ten opzichte van de 488 waarin hij voorheen reed. De eerste tests in Cremona hebben het enthousiasme van zijn coureur duidelijk gemaakt: \"Het is een veel betere auto dan de 488 waar ik normaal mee rijd. Meer vermogen, beter remmen, een preciezere versnellingsbak en een opmerkelijke wendbaarheid in de bochten. Een buitengewone auto. Op het circuit is het een duidelijke verbetering; op de heuvel wordt het een echte uitdaging\".<\/p>\n\n\n\n<h2 class=\"wp-block-heading\">Een optimale Ferrari-uitdaging<\/h2>\n\n\n\n<p>La <a href=\"https:\/\/www.italpassion.fr\/nl\/ferrari\/ferrari-296-challenge-de-raceauto-die-niet-wil-toegeven-aan-hybrides\/\">296 Challenge verscheen in 2024<\/a>na de lancering van de GT3 (sindsdien vervangen door de <a href=\"https:\/\/www.italpassion.fr\/nl\/ferrari\/ferrari-onthult-de-angstaanjagende-296-gt3-evo-een-monster-geboren-om-te-domineren\/\">de 296 GT3 Evo<\/a>). Dit negende model in de geschiedenis van de Ferrari Challenge Trofeo Pirelli wordt aangedreven door een 2.992 cm3 twin-turbo motor die al werd gebruikt in de 296 GT3. Net als de GT3 heeft de Challenge geen hybride systeem, in tegenstelling tot de 'civiele' versie. De architectuur ontketent 700 pk en 740 Nm koppel, oftewel meer dan 240 pk per liter! Alleen al het wegvallen van de hybride betekent een besparing van 130 kilo op de weegschaal.<\/p>\n\n\n\n<figure class=\"wp-block-image size-full\"><img loading=\"lazy\" decoding=\"async\" width=\"1200\" height=\"800\" src=\"https:\/\/www.italpassion.fr\/wp-content\/uploads\/2025\/12\/ferrari-296-challenge-5.jpg\" alt=\"\" class=\"wp-image-44181\" srcset=\"https:\/\/www.italpassion.fr\/wp-content\/uploads\/2025\/12\/ferrari-296-challenge-5.jpg 1200w, https:\/\/www.italpassion.fr\/wp-content\/uploads\/2025\/12\/ferrari-296-challenge-5-420x280.jpg 420w, https:\/\/www.italpassion.fr\/wp-content\/uploads\/2025\/12\/ferrari-296-challenge-5-768x512.jpg 768w, https:\/\/www.italpassion.fr\/wp-content\/uploads\/2025\/12\/ferrari-296-challenge-5-18x12.jpg 18w\" sizes=\"auto, (max-width: 1200px) 100vw, 1200px\" \/><\/figure>\n\n\n\n<p>Op aerodynamisch gebied biedt de 296 Challenge een ongekende downforce in de geschiedenis van de serie, met meer dan 870 kg downforce bij 250 km\/u met de spoiler in zijn maximale invalshoek. Andere kenmerken zijn Evo Track ABS, een aanpassing van het innovatieve systeem dat werd ge\u00efntroduceerd op de 296 GTB, een 'brake-by-wire'-remsysteem, nieuwe CCM-R Plus-remschijven en speciaal ontwikkelde 19\u2033 Pirelli-banden.<\/p>\n\n\n\n<h2 class=\"wp-block-heading\">Een titel die gevolgd zal worden door nog veel meer!<\/h2>\n\n\n\n<p>De resultaten maakten de hype waar. De Ferrari 296 Challenge maakte zijn debuut tijdens de 74\u1d43 editie van de Trento-Bondone race (6-8 juni 2025). In deze openingsronde streefde hij enkele opmerkelijke concurrenten voorbij (GT3's, andere supercars) en won hij de GT-groep. De successen volgden elkaar op en Peruggini won nog een titel in 2025, de 8e uit zijn carri\u00e8re, de 1e in de 296 Hillclimb.&nbsp;<\/p>\n\n\n\n<figure class=\"wp-block-embed is-type-video is-provider-youtube wp-block-embed-youtube wp-embed-aspect-16-9 wp-has-aspect-ratio\"><div class=\"wp-block-embed__wrapper\">\n<iframe loading=\"lazy\" title=\"SALITA TRENTO - BONDONE 2025 | LUCIO PERUGGINI | FERRARI 296 CHALLENGE | DOOR BELLUNOVIDEO\" width=\"1200\" height=\"675\" src=\"https:\/\/www.youtube-nocookie.com\/embed\/l5WunylLCFw?feature=oembed\" frameborder=\"0\" allow=\"accelerometer; autoplay; clipboard-write; encrypted-media; gyroscope; picture-in-picture; web-share\" referrerpolicy=\"strict-origin-when-cross-origin\" allowfullscreen><\/iframe>\n<\/div><\/figure>","protected":false},"excerpt":{"rendered":"","protected":false},"author":8,"featured_media":44186,"comment_status":"open","ping_status":"open","sticky":false,"template":"","format":"standard","meta":{"_acf_changed":false,"_sitemap_exclude":false,"_sitemap_priority":"","_sitemap_frequency":"","footnotes":""},"categories":[23],"tags":[439,647],"class_list":["post-44176","post","type-post","status-publish","format-standard","has-post-thumbnail","hentry","category-ferrari","tag-ferrari-296","tag-ferrari-296-challenge","generate-columns","tablet-grid-50","mobile-grid-100","grid-parent","grid-33"],"acf":[],"yoast_head":"<!-- This site is optimized with the Yoast SEO plugin v25.8 - https:\/\/yoast.com\/wordpress\/plugins\/seo\/ -->\n<title>La Ferrari 296 Challenge est d\u00e9j\u00e0 en course de c\u00f4te et gagne ! &quot;Une voiture extraordinaire&quot; - ItalPassion<\/title>\n<meta name=\"description\" content=\"Photo Giuseppe Garrone pour Mattiperlecorse Les courses de c\u00f4te sont l\u2019occasion de voir encore en action de vieilles gloires retir\u00e9es depuis longtemps des\" \/>\n<meta name=\"robots\" content=\"index, follow, max-snippet:-1, max-image-preview:large, max-video-preview:-1\" \/>\n<link rel=\"canonical\" href=\"https:\/\/www.italpassion.fr\/nl\/ferrari\/de-ferrari-296-challenge-is-al-aan-het-racen-en-wint-een-buitengewone-auto\/\" \/>\n<meta property=\"og:locale\" content=\"nl_NL\" \/>\n<meta property=\"og:type\" content=\"article\" \/>\n<meta property=\"og:title\" content=\"La Ferrari 296 Challenge est d\u00e9j\u00e0 en course de c\u00f4te et gagne ! &quot;Une voiture extraordinaire&quot; - ItalPassion\" \/>\n<meta property=\"og:description\" content=\"Photo Giuseppe Garrone pour Mattiperlecorse Les courses de c\u00f4te sont l\u2019occasion de voir encore en action de vieilles gloires retir\u00e9es depuis longtemps des\" \/>\n<meta property=\"og:url\" content=\"https:\/\/www.italpassion.fr\/nl\/ferrari\/de-ferrari-296-challenge-is-al-aan-het-racen-en-wint-een-buitengewone-auto\/\" \/>\n<meta property=\"og:site_name\" content=\"ItalPassion\" \/>\n<meta property=\"article:publisher\" content=\"https:\/\/www.facebook.com\/italpassion\" \/>\n<meta property=\"article:published_time\" content=\"2025-12-09T08:45:55+00:00\" \/>\n<meta property=\"article:modified_time\" content=\"2025-12-09T10:33:15+00:00\" \/>\n<meta property=\"og:image\" content=\"https:\/\/www.italpassion.fr\/wp-content\/uploads\/2025\/12\/ferrari-296-challenge-00.jpg\" \/>\n\t<meta property=\"og:image:width\" content=\"1200\" \/>\n\t<meta property=\"og:image:height\" content=\"800\" \/>\n\t<meta property=\"og:image:type\" content=\"image\/jpeg\" \/>\n<meta name=\"author\" content=\"Nicolas Anderbegani\" \/>\n<meta name=\"twitter:card\" content=\"summary_large_image\" \/>\n<meta name=\"twitter:creator\" content=\"@italpassion\" \/>\n<meta name=\"twitter:site\" content=\"@italpassion\" \/>\n<script type=\"application\/ld+json\" class=\"yoast-schema-graph\">{\"@context\":\"https:\/\/schema.org\",\"@graph\":[{\"@type\":\"NewsArticle\",\"@id\":\"https:\/\/www.italpassion.fr\/nl\/ferrari\/la-ferrari-296-challenge-est-deja-en-course-de-cote-et-gagne-une-voiture-extraordinaire\/#article\",\"isPartOf\":{\"@id\":\"https:\/\/www.italpassion.fr\/nl\/ferrari\/la-ferrari-296-challenge-est-deja-en-course-de-cote-et-gagne-une-voiture-extraordinaire\/\"},\"author\":{\"name\":\"Nicolas Anderbegani\",\"@id\":\"https:\/\/www.italpassion.fr\/nl\/#\/schema\/person\/efd63d72fc8007741c5836a896805b04\"},\"headline\":\"La Ferrari 296 Challenge est d\u00e9j\u00e0 en course de c\u00f4te et gagne ! \u00ab\u00a0Une voiture extraordinaire\u00a0\u00bb\",\"datePublished\":\"2025-12-09T08:45:55+00:00\",\"dateModified\":\"2025-12-09T10:33:15+00:00\",\"mainEntityOfPage\":{\"@id\":\"https:\/\/www.italpassion.fr\/nl\/ferrari\/la-ferrari-296-challenge-est-deja-en-course-de-cote-et-gagne-une-voiture-extraordinaire\/\"},\"wordCount\":650,\"commentCount\":19,\"publisher\":{\"@id\":\"https:\/\/www.italpassion.fr\/nl\/#organization\"},\"image\":{\"@id\":\"https:\/\/www.italpassion.fr\/nl\/ferrari\/la-ferrari-296-challenge-est-deja-en-course-de-cote-et-gagne-une-voiture-extraordinaire\/#primaryimage\"},\"thumbnailUrl\":\"https:\/\/www.italpassion.fr\/wp-content\/uploads\/2025\/12\/ferrari-296-challenge-00.jpg\",\"keywords\":[\"Ferrari 296\",\"Ferrari 296 Challenge\"],\"articleSection\":[\"Ferrari\"],\"inLanguage\":\"nl-NL\",\"potentialAction\":[{\"@type\":\"CommentAction\",\"name\":\"Comment\",\"target\":[\"https:\/\/www.italpassion.fr\/nl\/ferrari\/la-ferrari-296-challenge-est-deja-en-course-de-cote-et-gagne-une-voiture-extraordinaire\/#respond\"]}]},{\"@type\":\"WebPage\",\"@id\":\"https:\/\/www.italpassion.fr\/nl\/ferrari\/la-ferrari-296-challenge-est-deja-en-course-de-cote-et-gagne-une-voiture-extraordinaire\/\",\"url\":\"https:\/\/www.italpassion.fr\/nl\/ferrari\/la-ferrari-296-challenge-est-deja-en-course-de-cote-et-gagne-une-voiture-extraordinaire\/\",\"name\":\"La Ferrari 296 Challenge est d\u00e9j\u00e0 en course de c\u00f4te et gagne ! \\\"Une voiture extraordinaire\\\" - ItalPassion\",\"isPartOf\":{\"@id\":\"https:\/\/www.italpassion.fr\/nl\/#website\"},\"primaryImageOfPage\":{\"@id\":\"https:\/\/www.italpassion.fr\/nl\/ferrari\/la-ferrari-296-challenge-est-deja-en-course-de-cote-et-gagne-une-voiture-extraordinaire\/#primaryimage\"},\"image\":{\"@id\":\"https:\/\/www.italpassion.fr\/nl\/ferrari\/la-ferrari-296-challenge-est-deja-en-course-de-cote-et-gagne-une-voiture-extraordinaire\/#primaryimage\"},\"thumbnailUrl\":\"https:\/\/www.italpassion.fr\/wp-content\/uploads\/2025\/12\/ferrari-296-challenge-00.jpg\",\"datePublished\":\"2025-12-09T08:45:55+00:00\",\"dateModified\":\"2025-12-09T10:33:15+00:00\",\"description\":\"Photo Giuseppe Garrone pour Mattiperlecorse Les courses de c\u00f4te sont l\u2019occasion de voir encore en action de vieilles gloires retir\u00e9es depuis longtemps des\",\"breadcrumb\":{\"@id\":\"https:\/\/www.italpassion.fr\/nl\/ferrari\/la-ferrari-296-challenge-est-deja-en-course-de-cote-et-gagne-une-voiture-extraordinaire\/#breadcrumb\"},\"inLanguage\":\"nl-NL\",\"potentialAction\":[{\"@type\":\"ReadAction\",\"target\":[\"https:\/\/www.italpassion.fr\/nl\/ferrari\/la-ferrari-296-challenge-est-deja-en-course-de-cote-et-gagne-une-voiture-extraordinaire\/\"]}]},{\"@type\":\"ImageObject\",\"inLanguage\":\"nl-NL\",\"@id\":\"https:\/\/www.italpassion.fr\/nl\/ferrari\/la-ferrari-296-challenge-est-deja-en-course-de-cote-et-gagne-une-voiture-extraordinaire\/#primaryimage\",\"url\":\"https:\/\/www.italpassion.fr\/wp-content\/uploads\/2025\/12\/ferrari-296-challenge-00.jpg\",\"contentUrl\":\"https:\/\/www.italpassion.fr\/wp-content\/uploads\/2025\/12\/ferrari-296-challenge-00.jpg\",\"width\":1200,\"height\":800},{\"@type\":\"BreadcrumbList\",\"@id\":\"https:\/\/www.italpassion.fr\/nl\/ferrari\/la-ferrari-296-challenge-est-deja-en-course-de-cote-et-gagne-une-voiture-extraordinaire\/#breadcrumb\",\"itemListElement\":[{\"@type\":\"ListItem\",\"position\":1,\"name\":\"Accueil\",\"item\":\"https:\/\/www.italpassion.fr\/nl\/\"},{\"@type\":\"ListItem\",\"position\":2,\"name\":\"La Ferrari 296 Challenge est d\u00e9j\u00e0 en course de c\u00f4te et gagne ! \u00ab\u00a0Une voiture extraordinaire\u00a0\u00bb\"}]},{\"@type\":\"WebSite\",\"@id\":\"https:\/\/www.italpassion.fr\/nl\/#website\",\"url\":\"https:\/\/www.italpassion.fr\/nl\/\",\"name\":\"ItalPassion\",\"description\":\"Les Passionn\u00e9s d&#039;Automobiles Italiennes\",\"publisher\":{\"@id\":\"https:\/\/www.italpassion.fr\/nl\/#organization\"},\"potentialAction\":[{\"@type\":\"SearchAction\",\"target\":{\"@type\":\"EntryPoint\",\"urlTemplate\":\"https:\/\/www.italpassion.fr\/nl\/?s={search_term_string}\"},\"query-input\":{\"@type\":\"PropertyValueSpecification\",\"valueRequired\":true,\"valueName\":\"search_term_string\"}}],\"inLanguage\":\"nl-NL\"},{\"@type\":\"Organization\",\"@id\":\"https:\/\/www.italpassion.fr\/nl\/#organization\",\"name\":\"Italpassion\",\"url\":\"https:\/\/www.italpassion.fr\/nl\/\",\"logo\":{\"@type\":\"ImageObject\",\"inLanguage\":\"nl-NL\",\"@id\":\"https:\/\/www.italpassion.fr\/nl\/#\/schema\/logo\/image\/\",\"url\":\"https:\/\/www.italpassion.fr\/wp-content\/uploads\/2023\/07\/italpassion-yoast.jpg\",\"contentUrl\":\"https:\/\/www.italpassion.fr\/wp-content\/uploads\/2023\/07\/italpassion-yoast.jpg\",\"width\":696,\"height\":696,\"caption\":\"Italpassion\"},\"image\":{\"@id\":\"https:\/\/www.italpassion.fr\/nl\/#\/schema\/logo\/image\/\"},\"sameAs\":[\"https:\/\/www.facebook.com\/italpassion\",\"https:\/\/x.com\/italpassion\",\"https:\/\/www.instagram.com\/italpassionfr\/\",\"https:\/\/www.youtube.com\/channel\/UCleq-ByQaA42OjhopwevRjQ\",\"https:\/\/www.facebook.com\/italpassion.en\/\",\"https:\/\/www.facebook.com\/italpassion.it\/\",\"https:\/\/www.facebook.com\/italpassion.de\/\",\"https:\/\/www.facebook.com\/italpassion.ja\/\"]},{\"@type\":\"Person\",\"@id\":\"https:\/\/www.italpassion.fr\/nl\/#\/schema\/person\/efd63d72fc8007741c5836a896805b04\",\"name\":\"Nicolas Anderbegani\",\"image\":{\"@type\":\"ImageObject\",\"inLanguage\":\"nl-NL\",\"@id\":\"https:\/\/www.italpassion.fr\/nl\/#\/schema\/person\/image\/\",\"url\":\"https:\/\/www.italpassion.fr\/wp-content\/uploads\/2025\/05\/nicolas-anderbegani-160x160.jpg\",\"contentUrl\":\"https:\/\/www.italpassion.fr\/wp-content\/uploads\/2025\/05\/nicolas-anderbegani-160x160.jpg\",\"caption\":\"Nicolas Anderbegani\"},\"description\":\"Nicolas est passionn\u00e9 d\u2019histoire et de sport automobile. Il roule en Alfa Romeo Giulietta et vous partagera avec vous sa passion de l\u2019automobile italienne.\",\"url\":\"https:\/\/www.italpassion.fr\/nl\/author\/nicolas\/\"}]}<\/script>\n<!-- \/ Yoast SEO plugin. -->","yoast_head_json":{"title":"De Ferrari 296 Challenge racet al bergop en wint! \"Een buitengewone auto\" - ItalPassion","description":"Foto Giuseppe Garrone voor Mattiperlecorse Heuvelklimwedstrijden zijn een kans om oude glorie in actie te zien, die al lang uit de sport is verdwenen.","robots":{"index":"index","follow":"follow","max-snippet":"max-snippet:-1","max-image-preview":"max-image-preview:large","max-video-preview":"max-video-preview:-1"},"canonical":"https:\/\/www.italpassion.fr\/nl\/ferrari\/de-ferrari-296-challenge-is-al-aan-het-racen-en-wint-een-buitengewone-auto\/","og_locale":"nl_NL","og_type":"article","og_title":"La Ferrari 296 Challenge est d\u00e9j\u00e0 en course de c\u00f4te et gagne ! \"Une voiture extraordinaire\" - ItalPassion","og_description":"Photo Giuseppe Garrone pour Mattiperlecorse Les courses de c\u00f4te sont l\u2019occasion de voir encore en action de vieilles gloires retir\u00e9es depuis longtemps des","og_url":"https:\/\/www.italpassion.fr\/nl\/ferrari\/de-ferrari-296-challenge-is-al-aan-het-racen-en-wint-een-buitengewone-auto\/","og_site_name":"ItalPassion","article_publisher":"https:\/\/www.facebook.com\/italpassion","article_published_time":"2025-12-09T08:45:55+00:00","article_modified_time":"2025-12-09T10:33:15+00:00","og_image":[{"width":1200,"height":800,"url":"https:\/\/www.italpassion.fr\/wp-content\/uploads\/2025\/12\/ferrari-296-challenge-00.jpg","type":"image\/jpeg"}],"author":"Nicolas Anderbegani","twitter_card":"summary_large_image","twitter_creator":"@italpassion","twitter_site":"@italpassion","schema":{"@context":"https:\/\/schema.org","@graph":[{"@type":"NewsArticle","@id":"https:\/\/www.italpassion.fr\/nl\/ferrari\/la-ferrari-296-challenge-est-deja-en-course-de-cote-et-gagne-une-voiture-extraordinaire\/#article","isPartOf":{"@id":"https:\/\/www.italpassion.fr\/nl\/ferrari\/la-ferrari-296-challenge-est-deja-en-course-de-cote-et-gagne-une-voiture-extraordinaire\/"},"author":{"name":"Nicolas Anderbegani","@id":"https:\/\/www.italpassion.fr\/nl\/#\/schema\/person\/efd63d72fc8007741c5836a896805b04"},"headline":"La Ferrari 296 Challenge est d\u00e9j\u00e0 en course de c\u00f4te et gagne ! \u00ab\u00a0Une voiture extraordinaire\u00a0\u00bb","datePublished":"2025-12-09T08:45:55+00:00","dateModified":"2025-12-09T10:33:15+00:00","mainEntityOfPage":{"@id":"https:\/\/www.italpassion.fr\/nl\/ferrari\/la-ferrari-296-challenge-est-deja-en-course-de-cote-et-gagne-une-voiture-extraordinaire\/"},"wordCount":650,"commentCount":19,"publisher":{"@id":"https:\/\/www.italpassion.fr\/nl\/#organization"},"image":{"@id":"https:\/\/www.italpassion.fr\/nl\/ferrari\/la-ferrari-296-challenge-est-deja-en-course-de-cote-et-gagne-une-voiture-extraordinaire\/#primaryimage"},"thumbnailUrl":"https:\/\/www.italpassion.fr\/wp-content\/uploads\/2025\/12\/ferrari-296-challenge-00.jpg","keywords":["Ferrari 296","Ferrari 296 Challenge"],"articleSection":["Ferrari"],"inLanguage":"nl-NL","potentialAction":[{"@type":"CommentAction","name":"Comment","target":["https:\/\/www.italpassion.fr\/nl\/ferrari\/la-ferrari-296-challenge-est-deja-en-course-de-cote-et-gagne-une-voiture-extraordinaire\/#respond"]}]},{"@type":"WebPage","@id":"https:\/\/www.italpassion.fr\/nl\/ferrari\/la-ferrari-296-challenge-est-deja-en-course-de-cote-et-gagne-une-voiture-extraordinaire\/","url":"https:\/\/www.italpassion.fr\/nl\/ferrari\/la-ferrari-296-challenge-est-deja-en-course-de-cote-et-gagne-une-voiture-extraordinaire\/","name":"De Ferrari 296 Challenge racet al bergop en wint! \"Een buitengewone auto\" - ItalPassion","isPartOf":{"@id":"https:\/\/www.italpassion.fr\/nl\/#website"},"primaryImageOfPage":{"@id":"https:\/\/www.italpassion.fr\/nl\/ferrari\/la-ferrari-296-challenge-est-deja-en-course-de-cote-et-gagne-une-voiture-extraordinaire\/#primaryimage"},"image":{"@id":"https:\/\/www.italpassion.fr\/nl\/ferrari\/la-ferrari-296-challenge-est-deja-en-course-de-cote-et-gagne-une-voiture-extraordinaire\/#primaryimage"},"thumbnailUrl":"https:\/\/www.italpassion.fr\/wp-content\/uploads\/2025\/12\/ferrari-296-challenge-00.jpg","datePublished":"2025-12-09T08:45:55+00:00","dateModified":"2025-12-09T10:33:15+00:00","description":"Foto Giuseppe Garrone voor Mattiperlecorse Heuvelklimwedstrijden zijn een kans om oude glorie in actie te zien, die al lang uit de sport is verdwenen.","breadcrumb":{"@id":"https:\/\/www.italpassion.fr\/nl\/ferrari\/la-ferrari-296-challenge-est-deja-en-course-de-cote-et-gagne-une-voiture-extraordinaire\/#breadcrumb"},"inLanguage":"nl-NL","potentialAction":[{"@type":"ReadAction","target":["https:\/\/www.italpassion.fr\/nl\/ferrari\/la-ferrari-296-challenge-est-deja-en-course-de-cote-et-gagne-une-voiture-extraordinaire\/"]}]},{"@type":"ImageObject","inLanguage":"nl-NL","@id":"https:\/\/www.italpassion.fr\/nl\/ferrari\/la-ferrari-296-challenge-est-deja-en-course-de-cote-et-gagne-une-voiture-extraordinaire\/#primaryimage","url":"https:\/\/www.italpassion.fr\/wp-content\/uploads\/2025\/12\/ferrari-296-challenge-00.jpg","contentUrl":"https:\/\/www.italpassion.fr\/wp-content\/uploads\/2025\/12\/ferrari-296-challenge-00.jpg","width":1200,"height":800},{"@type":"BreadcrumbList","@id":"https:\/\/www.italpassion.fr\/nl\/ferrari\/la-ferrari-296-challenge-est-deja-en-course-de-cote-et-gagne-une-voiture-extraordinaire\/#breadcrumb","itemListElement":[{"@type":"ListItem","position":1,"name":"Accueil","item":"https:\/\/www.italpassion.fr\/nl\/"},{"@type":"ListItem","position":2,"name":"La Ferrari 296 Challenge est d\u00e9j\u00e0 en course de c\u00f4te et gagne ! \u00ab\u00a0Une voiture extraordinaire\u00a0\u00bb"}]},{"@type":"WebSite","@id":"https:\/\/www.italpassion.fr\/nl\/#website","url":"https:\/\/www.italpassion.fr\/nl\/","name":"ItalPassion","description":"Italiaanse autoliefhebbers","publisher":{"@id":"https:\/\/www.italpassion.fr\/nl\/#organization"},"potentialAction":[{"@type":"SearchAction","target":{"@type":"EntryPoint","urlTemplate":"https:\/\/www.italpassion.fr\/nl\/?s={search_term_string}"},"query-input":{"@type":"PropertyValueSpecification","valueRequired":true,"valueName":"search_term_string"}}],"inLanguage":"nl-NL"},{"@type":"Organization","@id":"https:\/\/www.italpassion.fr\/nl\/#organization","name":"Italpassion","url":"https:\/\/www.italpassion.fr\/nl\/","logo":{"@type":"ImageObject","inLanguage":"nl-NL","@id":"https:\/\/www.italpassion.fr\/nl\/#\/schema\/logo\/image\/","url":"https:\/\/www.italpassion.fr\/wp-content\/uploads\/2023\/07\/italpassion-yoast.jpg","contentUrl":"https:\/\/www.italpassion.fr\/wp-content\/uploads\/2023\/07\/italpassion-yoast.jpg","width":696,"height":696,"caption":"Italpassion"},"image":{"@id":"https:\/\/www.italpassion.fr\/nl\/#\/schema\/logo\/image\/"},"sameAs":["https:\/\/www.facebook.com\/italpassion","https:\/\/x.com\/italpassion","https:\/\/www.instagram.com\/italpassionfr\/","https:\/\/www.youtube.com\/channel\/UCleq-ByQaA42OjhopwevRjQ","https:\/\/www.facebook.com\/italpassion.en\/","https:\/\/www.facebook.com\/italpassion.it\/","https:\/\/www.facebook.com\/italpassion.de\/","https:\/\/www.facebook.com\/italpassion.ja\/"]},{"@type":"Person","@id":"https:\/\/www.italpassion.fr\/nl\/#\/schema\/person\/efd63d72fc8007741c5836a896805b04","name":"Nicolas Anderbegani","image":{"@type":"ImageObject","inLanguage":"nl-NL","@id":"https:\/\/www.italpassion.fr\/nl\/#\/schema\/person\/image\/","url":"https:\/\/www.italpassion.fr\/wp-content\/uploads\/2025\/05\/nicolas-anderbegani-160x160.jpg","contentUrl":"https:\/\/www.italpassion.fr\/wp-content\/uploads\/2025\/05\/nicolas-anderbegani-160x160.jpg","caption":"Nicolas Anderbegani"},"description":"Nicolas heeft een passie voor geschiedenis en motorsport. Hij rijdt in een Alfa Romeo Giulietta en deelt zijn passie voor Italiaanse auto's graag met je.","url":"https:\/\/www.italpassion.fr\/nl\/author\/nicolas\/"}]}},"_links":{"self":[{"href":"https:\/\/www.italpassion.fr\/nl\/wp-json\/wp\/v2\/posts\/44176","targetHints":{"allow":["GET"]}}],"collection":[{"href":"https:\/\/www.italpassion.fr\/nl\/wp-json\/wp\/v2\/posts"}],"about":[{"href":"https:\/\/www.italpassion.fr\/nl\/wp-json\/wp\/v2\/types\/post"}],"author":[{"embeddable":true,"href":"https:\/\/www.italpassion.fr\/nl\/wp-json\/wp\/v2\/users\/8"}],"replies":[{"embeddable":true,"href":"https:\/\/www.italpassion.fr\/nl\/wp-json\/wp\/v2\/comments?post=44176"}],"version-history":[{"count":2,"href":"https:\/\/www.italpassion.fr\/nl\/wp-json\/wp\/v2\/posts\/44176\/revisions"}],"predecessor-version":[{"id":44187,"href":"https:\/\/www.italpassion.fr\/nl\/wp-json\/wp\/v2\/posts\/44176\/revisions\/44187"}],"wp:featuredmedia":[{"embeddable":true,"href":"https:\/\/www.italpassion.fr\/nl\/wp-json\/wp\/v2\/media\/44186"}],"wp:attachment":[{"href":"https:\/\/www.italpassion.fr\/nl\/wp-json\/wp\/v2\/media?parent=44176"}],"wp:term":[{"taxonomy":"category","embeddable":true,"href":"https:\/\/www.italpassion.fr\/nl\/wp-json\/wp\/v2\/categories?post=44176"},{"taxonomy":"post_tag","embeddable":true,"href":"https:\/\/www.italpassion.fr\/nl\/wp-json\/wp\/v2\/tags?post=44176"}],"curies":[{"name":"wp","href":"https:\/\/api.w.org\/{rel}","templated":true}]}}