{"id":44115,"date":"2025-12-08T09:20:07","date_gmt":"2025-12-08T08:20:07","guid":{"rendered":"https:\/\/www.italpassion.fr\/?p=44115"},"modified":"2025-12-08T09:20:07","modified_gmt":"2025-12-08T08:20:07","slug":"de-voormalige-ceo-van-stellantis-waarschuwt-dat-europese-autofabrieken-zullen-worden-gesloten-of-overgenomen-door-de-chinezen-waarbij-demonstraties-banden-en-pallets-in-brand-worden-gestoken","status":"publish","type":"post","link":"https:\/\/www.italpassion.fr\/nl\/stellantis\/lancien-ceo-de-stellantis-previent-les-usines-automobiles-europeennes-seront-fermees-ou-rachetees-par-les-chinois-avec-des-manifestations-des-incendies-de-pneus-et-de-palettes\/","title":{"rendered":"De voormalige CEO van Stellantis waarschuwt dat Europese autofabrieken zullen worden gesloten of overgenomen door de Chinezen, met \"demonstraties, brandende banden en pallets\"."},"content":{"rendered":"<figure class=\"wp-block-image size-full\"><img loading=\"lazy\" decoding=\"async\" width=\"1200\" height=\"800\" src=\"https:\/\/www.italpassion.fr\/wp-content\/uploads\/2025\/12\/carlos-tavares-manifestation.jpg\" alt=\"\" class=\"wp-image-44116\" srcset=\"https:\/\/www.italpassion.fr\/wp-content\/uploads\/2025\/12\/carlos-tavares-manifestation.jpg 1200w, https:\/\/www.italpassion.fr\/wp-content\/uploads\/2025\/12\/carlos-tavares-manifestation-420x280.jpg 420w, https:\/\/www.italpassion.fr\/wp-content\/uploads\/2025\/12\/carlos-tavares-manifestation-768x512.jpg 768w, https:\/\/www.italpassion.fr\/wp-content\/uploads\/2025\/12\/carlos-tavares-manifestation-18x12.jpg 18w\" sizes=\"auto, (max-width: 1200px) 100vw, 1200px\" \/><\/figure>\n\n\n\n<p>De recente opmerkingen van Carlos Tavares zullen waarschijnlijk schokgolven door Europa sturen. Een jaar na <a href=\"https:\/\/www.italpassion.fr\/nl\/stellantis\/donderslag-bij-heldere-hemel-bij-stellantis-ceo-carlos-tavares-neemt-ontslag\/\">na het verlaten van het management van Stellantis<\/a>De voormalige baas, nu vrij van alle communicatiebeperkingen, geeft een brute analyse: \"Europa gaat zijn auto-industrie aan de Chinezen geven\". Een zin die des te meer weerklank vindt omdat hij komt op een moment dat de fabrieken van de Groep in de verschillende landen zich in een radicaal verschillend tempo ontwikkelen.<\/p>\n\n\n\n<h2 class=\"wp-block-heading\">Een gebroken continent<\/h2>\n\n\n\n<p>Je hoeft alleen maar naar de huidige staat van de Stellantis-fabrieken te kijken om te begrijpen waarom Tavares' waarschuwing niet in een vacu\u00fcm wordt uitgesproken. In Spanje beleeft de fabriek in Vigo een historisch jaar: meer dan 600.000 voertuigen geproduceerd tegen 2025, een productiesnelheid van \u00e9\u00e9n voertuig per minuut, vier teams dag en nacht gemobiliseerd. Vigo is het echte industri\u00eble powerhouse van de Groep in Europa geworden, gedreven door concurrerende energiekosten.<\/p>\n\n\n\n<p>In Frankrijk is de dynamiek al minder gunstig. De vijf vestigingen in Frankrijk zullen naar verwachting binnen drie jaar onder de grens van 600.000 zakken. De daling is geleidelijk, maar re\u00ebel. Poissy is het centrum van zorg, met een verzwakte activiteit en een onzekere zichtbaarheid. Antonio Filosa, de nieuwe CEO, probeert de strategie opnieuw in evenwicht te brengen tussen verbranding, hybride en elektrisch, maar deze pivot laat Europa in een grijs gebied achter.<\/p>\n\n\n\n<p>In Itali\u00eb lijkt de situatie echter op een industri\u00eble bloeding. De productie is gedaald tot 310.000 voertuigen, een daling van 31 % in het derde kwartaal van 2025, fabrieken zijn gedeeltelijk gesloten en het vooruitzicht van een productie van personenauto's onder de 200.000 eenheden dreigt. De helft van de Italiaanse werknemers van de groep heeft nu te maken met werktijdverkorting.<\/p>\n\n\n\n<h2 class=\"wp-block-heading\">Terwijl Filosa de strategie van Stellantis herziet, waarschuwt Tavares Europa<\/h2>\n\n\n\n<p>Terwijl de Europese fabrieken het moeilijk hebben in een onzeker economisch klimaat, heeft Antonio Filosa besloten om de strategie van de groep radicaal te herori\u00ebnteren. In een toespraak tijdens de Goldman Sachs Industrials &amp; Autos Week gaf hij toe dat <a href=\"https:\/\/www.italpassion.fr\/nl\/stellantis\/de-ceo-van-stellantis-de-aannames-over-elektrische-autos-waren-verkeerd-we-hebben-naar-de-markt-geluisterd-en-onze-strategie-herzien\/\">de elektrische projecties waren verkeerd<\/a> en dat de overgang geleidelijker moet verlopen. In de Verenigde Staten, <a href=\"https:\/\/www.italpassion.fr\/nl\/stellantis\/\">Stellantis<\/a> herontdekt de commerci\u00eble doeltreffendheid van hybrides en zelfs V8's, terwijl de Europese markt wanhopig wacht op een versoepeling van de regelgeving.<\/p>\n\n\n\n<p>Maar voor Carlos Tavares is Stellantis niet het grootste probleem. Het is veel breder, systemisch, bijna ideologisch. De voormalige CEO beschuldigt de Europese Unie ervan een \"ernstige fout\" te hebben gemaakt: het opleggen van een technologie in plaats van een doelstelling. Door fabrikanten te dwingen zich te richten op de 100 % elektrische auto's zou Europa een grote kwetsbaarheid hebben gecre\u00eberd en de weg hebben vrijgemaakt voor Chinese merken, die al twintig jaar bezig zijn met elektromobiliteit, om het continent te veroveren.<\/p>\n\n\n\n<h2 class=\"wp-block-heading\">\"Tien fabrieken zullen verdwijnen<\/h2>\n\n\n\n<p>In een gesprek met verschillende Portugese media deed Tavares een huiveringwekkende voorspelling. Chinese merken, zei hij, zullen binnen vijf jaar 10 % van de Europese markt in handen krijgen. Op basis van 15 miljoen voertuigen per jaar zou dat neerkomen op 1,5 miljoen ge\u00efmporteerde auto's, of het equivalent van tien grote Europese fabrieken die gedoemd zijn hun bestaansrecht te verliezen.<\/p>\n\n\n\n<p>En dit is waar zijn waarschuwing profetisch en bijna filmisch wordt: \"Wanneer er demonstraties zijn, brandende banden en brandende pallets, zal een Chinese investeerder aanbieden om de fabriek voor een symbolisch bedrag te kopen, met de belofte om banen te behouden. En de regeringen zullen akkoord gaan. Voor Tavares is er niets fictiefs aan dit scenario. Het is het directe gevolg van een \"intellectueel arrogant\" en te bureaucratisch Europa, dat liever technologische dogma's oplegt dan ingenieurs de vrijheid te geven om de \"schoonste, veiligste en meest toegankelijke\" oplossingen te vinden.<\/p>\n\n\n\n<p>De voormalige baas levert ook harde kritiek op de Europese bureaucratie, die hij omschrijft als een \"kankergezwel\". Volgens hem loopt Europa het risico gediskwalificeerd te worden in de tweestrijd tussen de Verenigde Staten en China, door een gebrek aan concurrentievermogen, productiviteit en langetermijnvisie. Terwijl Washington zijn normen vereenvoudigt en Beijing massaal investeert, vermenigvuldigt Brussel de regelgeving en verbruikt het middelen die in innovatie hadden kunnen worden ge\u00efnvesteerd.<\/p>\n\n\n\n<p>Tavares benadrukt dat als Europa zijn levensstandaard wil behouden, het meer en vooral beter zal moeten werken. Anders wordt het de \"lont\" in de Chinees-Amerikaanse spanning.<\/p>\n\n\n\n<p><\/p>","protected":false},"excerpt":{"rendered":"","protected":false},"author":1,"featured_media":44116,"comment_status":"open","ping_status":"open","sticky":false,"template":"","format":"standard","meta":{"_acf_changed":false,"_sitemap_exclude":false,"_sitemap_priority":"","_sitemap_frequency":"","footnotes":""},"categories":[29],"tags":[398],"class_list":["post-44115","post","type-post","status-publish","format-standard","has-post-thumbnail","hentry","category-stellantis","tag-carlos-tavares","generate-columns","tablet-grid-50","mobile-grid-100","grid-parent","grid-33"],"acf":[],"yoast_head":"<!-- This site is optimized with the Yoast SEO plugin v25.8 - https:\/\/yoast.com\/wordpress\/plugins\/seo\/ -->\n<title>L&#039;ancien CEO de Stellantis pr\u00e9vient : les usines automobiles europ\u00e9ennes seront ferm\u00e9es ou rachet\u00e9es par les Chinois avec &quot;des manifestations, des incendies de pneus et de palettes&quot; - ItalPassion<\/title>\n<meta name=\"description\" content=\"Les r\u00e9cents propos de Carlos Tavares auraient de quoi provoquer une onde de choc dans toute l\u2019Europe. Un an apr\u00e8s avoir quitt\u00e9 la direction de Stellantis,\" \/>\n<meta name=\"robots\" content=\"index, follow, max-snippet:-1, max-image-preview:large, max-video-preview:-1\" \/>\n<link rel=\"canonical\" href=\"https:\/\/www.italpassion.fr\/nl\/stellantis\/de-voormalige-ceo-van-stellantis-waarschuwt-dat-europese-autofabrieken-zullen-worden-gesloten-of-overgenomen-door-de-chinezen-waarbij-demonstraties-banden-en-pallets-in-brand-worden-gestoken\/\" \/>\n<meta property=\"og:locale\" content=\"nl_NL\" \/>\n<meta property=\"og:type\" content=\"article\" \/>\n<meta property=\"og:title\" content=\"L&#039;ancien CEO de Stellantis pr\u00e9vient : les usines automobiles europ\u00e9ennes seront ferm\u00e9es ou rachet\u00e9es par les Chinois avec &quot;des manifestations, des incendies de pneus et de palettes&quot; - ItalPassion\" \/>\n<meta property=\"og:description\" content=\"Les r\u00e9cents propos de Carlos Tavares auraient de quoi provoquer une onde de choc dans toute l\u2019Europe. Un an apr\u00e8s avoir quitt\u00e9 la direction de Stellantis,\" \/>\n<meta property=\"og:url\" content=\"https:\/\/www.italpassion.fr\/nl\/stellantis\/de-voormalige-ceo-van-stellantis-waarschuwt-dat-europese-autofabrieken-zullen-worden-gesloten-of-overgenomen-door-de-chinezen-waarbij-demonstraties-banden-en-pallets-in-brand-worden-gestoken\/\" \/>\n<meta property=\"og:site_name\" content=\"ItalPassion\" \/>\n<meta property=\"article:publisher\" content=\"https:\/\/www.facebook.com\/italpassion\" \/>\n<meta property=\"article:published_time\" content=\"2025-12-08T08:20:07+00:00\" \/>\n<meta property=\"og:image\" content=\"https:\/\/www.italpassion.fr\/wp-content\/uploads\/2025\/12\/carlos-tavares-manifestation.jpg\" \/>\n\t<meta property=\"og:image:width\" content=\"1200\" \/>\n\t<meta property=\"og:image:height\" content=\"800\" \/>\n\t<meta property=\"og:image:type\" content=\"image\/jpeg\" \/>\n<meta name=\"author\" content=\"Alexandre Filluzeau\" \/>\n<meta name=\"twitter:card\" content=\"summary_large_image\" \/>\n<meta name=\"twitter:creator\" content=\"@italpassion\" \/>\n<meta name=\"twitter:site\" content=\"@italpassion\" \/>\n<script type=\"application\/ld+json\" class=\"yoast-schema-graph\">{\"@context\":\"https:\/\/schema.org\",\"@graph\":[{\"@type\":\"NewsArticle\",\"@id\":\"https:\/\/www.italpassion.fr\/nl\/stellantis\/lancien-ceo-de-stellantis-previent-les-usines-automobiles-europeennes-seront-fermees-ou-rachetees-par-les-chinois-avec-des-manifestations-des-incendies-de-pneus-et-de-palettes\/#article\",\"isPartOf\":{\"@id\":\"https:\/\/www.italpassion.fr\/nl\/stellantis\/lancien-ceo-de-stellantis-previent-les-usines-automobiles-europeennes-seront-fermees-ou-rachetees-par-les-chinois-avec-des-manifestations-des-incendies-de-pneus-et-de-palettes\/\"},\"author\":{\"name\":\"Alexandre Filluzeau\",\"@id\":\"https:\/\/www.italpassion.fr\/nl\/#\/schema\/person\/36f747b2a759ca202d847e85a9434ca0\"},\"headline\":\"L&rsquo;ancien CEO de Stellantis pr\u00e9vient : les usines automobiles europ\u00e9ennes seront ferm\u00e9es ou rachet\u00e9es par les Chinois avec \u00ab\u00a0des manifestations, des incendies de pneus et de palettes\u00a0\u00bb\",\"datePublished\":\"2025-12-08T08:20:07+00:00\",\"mainEntityOfPage\":{\"@id\":\"https:\/\/www.italpassion.fr\/nl\/stellantis\/lancien-ceo-de-stellantis-previent-les-usines-automobiles-europeennes-seront-fermees-ou-rachetees-par-les-chinois-avec-des-manifestations-des-incendies-de-pneus-et-de-palettes\/\"},\"wordCount\":792,\"commentCount\":19,\"publisher\":{\"@id\":\"https:\/\/www.italpassion.fr\/nl\/#organization\"},\"image\":{\"@id\":\"https:\/\/www.italpassion.fr\/nl\/stellantis\/lancien-ceo-de-stellantis-previent-les-usines-automobiles-europeennes-seront-fermees-ou-rachetees-par-les-chinois-avec-des-manifestations-des-incendies-de-pneus-et-de-palettes\/#primaryimage\"},\"thumbnailUrl\":\"https:\/\/www.italpassion.fr\/wp-content\/uploads\/2025\/12\/carlos-tavares-manifestation.jpg\",\"keywords\":[\"Carlos Tavares\"],\"articleSection\":[\"Stellantis\"],\"inLanguage\":\"nl-NL\",\"potentialAction\":[{\"@type\":\"CommentAction\",\"name\":\"Comment\",\"target\":[\"https:\/\/www.italpassion.fr\/nl\/stellantis\/lancien-ceo-de-stellantis-previent-les-usines-automobiles-europeennes-seront-fermees-ou-rachetees-par-les-chinois-avec-des-manifestations-des-incendies-de-pneus-et-de-palettes\/#respond\"]}]},{\"@type\":\"WebPage\",\"@id\":\"https:\/\/www.italpassion.fr\/nl\/stellantis\/lancien-ceo-de-stellantis-previent-les-usines-automobiles-europeennes-seront-fermees-ou-rachetees-par-les-chinois-avec-des-manifestations-des-incendies-de-pneus-et-de-palettes\/\",\"url\":\"https:\/\/www.italpassion.fr\/nl\/stellantis\/lancien-ceo-de-stellantis-previent-les-usines-automobiles-europeennes-seront-fermees-ou-rachetees-par-les-chinois-avec-des-manifestations-des-incendies-de-pneus-et-de-palettes\/\",\"name\":\"L'ancien CEO de Stellantis pr\u00e9vient : les usines automobiles europ\u00e9ennes seront ferm\u00e9es ou rachet\u00e9es par les Chinois avec \\\"des manifestations, des incendies de pneus et de palettes\\\" - ItalPassion\",\"isPartOf\":{\"@id\":\"https:\/\/www.italpassion.fr\/nl\/#website\"},\"primaryImageOfPage\":{\"@id\":\"https:\/\/www.italpassion.fr\/nl\/stellantis\/lancien-ceo-de-stellantis-previent-les-usines-automobiles-europeennes-seront-fermees-ou-rachetees-par-les-chinois-avec-des-manifestations-des-incendies-de-pneus-et-de-palettes\/#primaryimage\"},\"image\":{\"@id\":\"https:\/\/www.italpassion.fr\/nl\/stellantis\/lancien-ceo-de-stellantis-previent-les-usines-automobiles-europeennes-seront-fermees-ou-rachetees-par-les-chinois-avec-des-manifestations-des-incendies-de-pneus-et-de-palettes\/#primaryimage\"},\"thumbnailUrl\":\"https:\/\/www.italpassion.fr\/wp-content\/uploads\/2025\/12\/carlos-tavares-manifestation.jpg\",\"datePublished\":\"2025-12-08T08:20:07+00:00\",\"description\":\"Les r\u00e9cents propos de Carlos Tavares auraient de quoi provoquer une onde de choc dans toute l\u2019Europe. Un an apr\u00e8s avoir quitt\u00e9 la direction de Stellantis,\",\"breadcrumb\":{\"@id\":\"https:\/\/www.italpassion.fr\/nl\/stellantis\/lancien-ceo-de-stellantis-previent-les-usines-automobiles-europeennes-seront-fermees-ou-rachetees-par-les-chinois-avec-des-manifestations-des-incendies-de-pneus-et-de-palettes\/#breadcrumb\"},\"inLanguage\":\"nl-NL\",\"potentialAction\":[{\"@type\":\"ReadAction\",\"target\":[\"https:\/\/www.italpassion.fr\/nl\/stellantis\/lancien-ceo-de-stellantis-previent-les-usines-automobiles-europeennes-seront-fermees-ou-rachetees-par-les-chinois-avec-des-manifestations-des-incendies-de-pneus-et-de-palettes\/\"]}]},{\"@type\":\"ImageObject\",\"inLanguage\":\"nl-NL\",\"@id\":\"https:\/\/www.italpassion.fr\/nl\/stellantis\/lancien-ceo-de-stellantis-previent-les-usines-automobiles-europeennes-seront-fermees-ou-rachetees-par-les-chinois-avec-des-manifestations-des-incendies-de-pneus-et-de-palettes\/#primaryimage\",\"url\":\"https:\/\/www.italpassion.fr\/wp-content\/uploads\/2025\/12\/carlos-tavares-manifestation.jpg\",\"contentUrl\":\"https:\/\/www.italpassion.fr\/wp-content\/uploads\/2025\/12\/carlos-tavares-manifestation.jpg\",\"width\":1200,\"height\":800},{\"@type\":\"BreadcrumbList\",\"@id\":\"https:\/\/www.italpassion.fr\/nl\/stellantis\/lancien-ceo-de-stellantis-previent-les-usines-automobiles-europeennes-seront-fermees-ou-rachetees-par-les-chinois-avec-des-manifestations-des-incendies-de-pneus-et-de-palettes\/#breadcrumb\",\"itemListElement\":[{\"@type\":\"ListItem\",\"position\":1,\"name\":\"Accueil\",\"item\":\"https:\/\/www.italpassion.fr\/nl\/\"},{\"@type\":\"ListItem\",\"position\":2,\"name\":\"L&rsquo;ancien CEO de Stellantis pr\u00e9vient : les usines automobiles europ\u00e9ennes seront ferm\u00e9es ou rachet\u00e9es par les Chinois avec \u00ab\u00a0des manifestations, des incendies de pneus et de palettes\u00a0\u00bb\"}]},{\"@type\":\"WebSite\",\"@id\":\"https:\/\/www.italpassion.fr\/nl\/#website\",\"url\":\"https:\/\/www.italpassion.fr\/nl\/\",\"name\":\"ItalPassion\",\"description\":\"Les Passionn\u00e9s d&#039;Automobiles Italiennes\",\"publisher\":{\"@id\":\"https:\/\/www.italpassion.fr\/nl\/#organization\"},\"potentialAction\":[{\"@type\":\"SearchAction\",\"target\":{\"@type\":\"EntryPoint\",\"urlTemplate\":\"https:\/\/www.italpassion.fr\/nl\/?s={search_term_string}\"},\"query-input\":{\"@type\":\"PropertyValueSpecification\",\"valueRequired\":true,\"valueName\":\"search_term_string\"}}],\"inLanguage\":\"nl-NL\"},{\"@type\":\"Organization\",\"@id\":\"https:\/\/www.italpassion.fr\/nl\/#organization\",\"name\":\"Italpassion\",\"url\":\"https:\/\/www.italpassion.fr\/nl\/\",\"logo\":{\"@type\":\"ImageObject\",\"inLanguage\":\"nl-NL\",\"@id\":\"https:\/\/www.italpassion.fr\/nl\/#\/schema\/logo\/image\/\",\"url\":\"https:\/\/www.italpassion.fr\/wp-content\/uploads\/2023\/07\/italpassion-yoast.jpg\",\"contentUrl\":\"https:\/\/www.italpassion.fr\/wp-content\/uploads\/2023\/07\/italpassion-yoast.jpg\",\"width\":696,\"height\":696,\"caption\":\"Italpassion\"},\"image\":{\"@id\":\"https:\/\/www.italpassion.fr\/nl\/#\/schema\/logo\/image\/\"},\"sameAs\":[\"https:\/\/www.facebook.com\/italpassion\",\"https:\/\/x.com\/italpassion\",\"https:\/\/www.instagram.com\/italpassionfr\/\",\"https:\/\/www.youtube.com\/channel\/UCleq-ByQaA42OjhopwevRjQ\",\"https:\/\/www.facebook.com\/italpassion.en\/\",\"https:\/\/www.facebook.com\/italpassion.it\/\",\"https:\/\/www.facebook.com\/italpassion.de\/\",\"https:\/\/www.facebook.com\/italpassion.ja\/\"]},{\"@type\":\"Person\",\"@id\":\"https:\/\/www.italpassion.fr\/nl\/#\/schema\/person\/36f747b2a759ca202d847e85a9434ca0\",\"name\":\"Alexandre Filluzeau\",\"image\":{\"@type\":\"ImageObject\",\"inLanguage\":\"nl-NL\",\"@id\":\"https:\/\/www.italpassion.fr\/nl\/#\/schema\/person\/image\/\",\"url\":\"https:\/\/www.italpassion.fr\/wp-content\/uploads\/2025\/04\/avatar-alexandre-160x160.jpg\",\"contentUrl\":\"https:\/\/www.italpassion.fr\/wp-content\/uploads\/2025\/04\/avatar-alexandre-160x160.jpg\",\"caption\":\"Alexandre Filluzeau\"},\"description\":\"Fondateur du site ItalPassion, passionn\u00e9 de voitures italiennes et de l'Italie en g\u00e9n\u00e9ral. J'apporte un regard critique et technique aux actualit\u00e9s des marques italiennes quand cela est possible. Propri\u00e9taire d'une Maserati GranTurismo, Alfa Romeo MiTo, Lancia Fulvia et Ducati 695. Ex-propri\u00e9taire d'une Alfa Romeo Giulia.\",\"sameAs\":[\"https:\/\/www.italpassion.fr\/\"],\"url\":\"https:\/\/www.italpassion.fr\/nl\/author\/alexandre\/\"}]}<\/script>\n<!-- \/ Yoast SEO plugin. -->","yoast_head_json":{"title":"De voormalige CEO van Stellantis waarschuwt dat Europese autofabrieken zullen worden gesloten of overgenomen door de Chinezen, met \"demonstraties, brandende banden en pallets\" - ItalPassion","description":"De recente opmerkingen van Carlos Tavares zullen waarschijnlijk schokgolven door Europa sturen. Een jaar nadat hij het management van Stellantis verliet,","robots":{"index":"index","follow":"follow","max-snippet":"max-snippet:-1","max-image-preview":"max-image-preview:large","max-video-preview":"max-video-preview:-1"},"canonical":"https:\/\/www.italpassion.fr\/nl\/stellantis\/de-voormalige-ceo-van-stellantis-waarschuwt-dat-europese-autofabrieken-zullen-worden-gesloten-of-overgenomen-door-de-chinezen-waarbij-demonstraties-banden-en-pallets-in-brand-worden-gestoken\/","og_locale":"nl_NL","og_type":"article","og_title":"L'ancien CEO de Stellantis pr\u00e9vient : les usines automobiles europ\u00e9ennes seront ferm\u00e9es ou rachet\u00e9es par les Chinois avec \"des manifestations, des incendies de pneus et de palettes\" - ItalPassion","og_description":"Les r\u00e9cents propos de Carlos Tavares auraient de quoi provoquer une onde de choc dans toute l\u2019Europe. Un an apr\u00e8s avoir quitt\u00e9 la direction de Stellantis,","og_url":"https:\/\/www.italpassion.fr\/nl\/stellantis\/de-voormalige-ceo-van-stellantis-waarschuwt-dat-europese-autofabrieken-zullen-worden-gesloten-of-overgenomen-door-de-chinezen-waarbij-demonstraties-banden-en-pallets-in-brand-worden-gestoken\/","og_site_name":"ItalPassion","article_publisher":"https:\/\/www.facebook.com\/italpassion","article_published_time":"2025-12-08T08:20:07+00:00","og_image":[{"width":1200,"height":800,"url":"https:\/\/www.italpassion.fr\/wp-content\/uploads\/2025\/12\/carlos-tavares-manifestation.jpg","type":"image\/jpeg"}],"author":"Alexandre Filluzeau","twitter_card":"summary_large_image","twitter_creator":"@italpassion","twitter_site":"@italpassion","schema":{"@context":"https:\/\/schema.org","@graph":[{"@type":"NewsArticle","@id":"https:\/\/www.italpassion.fr\/nl\/stellantis\/lancien-ceo-de-stellantis-previent-les-usines-automobiles-europeennes-seront-fermees-ou-rachetees-par-les-chinois-avec-des-manifestations-des-incendies-de-pneus-et-de-palettes\/#article","isPartOf":{"@id":"https:\/\/www.italpassion.fr\/nl\/stellantis\/lancien-ceo-de-stellantis-previent-les-usines-automobiles-europeennes-seront-fermees-ou-rachetees-par-les-chinois-avec-des-manifestations-des-incendies-de-pneus-et-de-palettes\/"},"author":{"name":"Alexandre Filluzeau","@id":"https:\/\/www.italpassion.fr\/nl\/#\/schema\/person\/36f747b2a759ca202d847e85a9434ca0"},"headline":"L&rsquo;ancien CEO de Stellantis pr\u00e9vient : les usines automobiles europ\u00e9ennes seront ferm\u00e9es ou rachet\u00e9es par les Chinois avec \u00ab\u00a0des manifestations, des incendies de pneus et de palettes\u00a0\u00bb","datePublished":"2025-12-08T08:20:07+00:00","mainEntityOfPage":{"@id":"https:\/\/www.italpassion.fr\/nl\/stellantis\/lancien-ceo-de-stellantis-previent-les-usines-automobiles-europeennes-seront-fermees-ou-rachetees-par-les-chinois-avec-des-manifestations-des-incendies-de-pneus-et-de-palettes\/"},"wordCount":792,"commentCount":19,"publisher":{"@id":"https:\/\/www.italpassion.fr\/nl\/#organization"},"image":{"@id":"https:\/\/www.italpassion.fr\/nl\/stellantis\/lancien-ceo-de-stellantis-previent-les-usines-automobiles-europeennes-seront-fermees-ou-rachetees-par-les-chinois-avec-des-manifestations-des-incendies-de-pneus-et-de-palettes\/#primaryimage"},"thumbnailUrl":"https:\/\/www.italpassion.fr\/wp-content\/uploads\/2025\/12\/carlos-tavares-manifestation.jpg","keywords":["Carlos Tavares"],"articleSection":["Stellantis"],"inLanguage":"nl-NL","potentialAction":[{"@type":"CommentAction","name":"Comment","target":["https:\/\/www.italpassion.fr\/nl\/stellantis\/lancien-ceo-de-stellantis-previent-les-usines-automobiles-europeennes-seront-fermees-ou-rachetees-par-les-chinois-avec-des-manifestations-des-incendies-de-pneus-et-de-palettes\/#respond"]}]},{"@type":"WebPage","@id":"https:\/\/www.italpassion.fr\/nl\/stellantis\/lancien-ceo-de-stellantis-previent-les-usines-automobiles-europeennes-seront-fermees-ou-rachetees-par-les-chinois-avec-des-manifestations-des-incendies-de-pneus-et-de-palettes\/","url":"https:\/\/www.italpassion.fr\/nl\/stellantis\/lancien-ceo-de-stellantis-previent-les-usines-automobiles-europeennes-seront-fermees-ou-rachetees-par-les-chinois-avec-des-manifestations-des-incendies-de-pneus-et-de-palettes\/","name":"De voormalige CEO van Stellantis waarschuwt dat Europese autofabrieken zullen worden gesloten of overgenomen door de Chinezen, met \"demonstraties, brandende banden en pallets\" - ItalPassion","isPartOf":{"@id":"https:\/\/www.italpassion.fr\/nl\/#website"},"primaryImageOfPage":{"@id":"https:\/\/www.italpassion.fr\/nl\/stellantis\/lancien-ceo-de-stellantis-previent-les-usines-automobiles-europeennes-seront-fermees-ou-rachetees-par-les-chinois-avec-des-manifestations-des-incendies-de-pneus-et-de-palettes\/#primaryimage"},"image":{"@id":"https:\/\/www.italpassion.fr\/nl\/stellantis\/lancien-ceo-de-stellantis-previent-les-usines-automobiles-europeennes-seront-fermees-ou-rachetees-par-les-chinois-avec-des-manifestations-des-incendies-de-pneus-et-de-palettes\/#primaryimage"},"thumbnailUrl":"https:\/\/www.italpassion.fr\/wp-content\/uploads\/2025\/12\/carlos-tavares-manifestation.jpg","datePublished":"2025-12-08T08:20:07+00:00","description":"De recente opmerkingen van Carlos Tavares zullen waarschijnlijk schokgolven door Europa sturen. Een jaar nadat hij het management van Stellantis verliet,","breadcrumb":{"@id":"https:\/\/www.italpassion.fr\/nl\/stellantis\/lancien-ceo-de-stellantis-previent-les-usines-automobiles-europeennes-seront-fermees-ou-rachetees-par-les-chinois-avec-des-manifestations-des-incendies-de-pneus-et-de-palettes\/#breadcrumb"},"inLanguage":"nl-NL","potentialAction":[{"@type":"ReadAction","target":["https:\/\/www.italpassion.fr\/nl\/stellantis\/lancien-ceo-de-stellantis-previent-les-usines-automobiles-europeennes-seront-fermees-ou-rachetees-par-les-chinois-avec-des-manifestations-des-incendies-de-pneus-et-de-palettes\/"]}]},{"@type":"ImageObject","inLanguage":"nl-NL","@id":"https:\/\/www.italpassion.fr\/nl\/stellantis\/lancien-ceo-de-stellantis-previent-les-usines-automobiles-europeennes-seront-fermees-ou-rachetees-par-les-chinois-avec-des-manifestations-des-incendies-de-pneus-et-de-palettes\/#primaryimage","url":"https:\/\/www.italpassion.fr\/wp-content\/uploads\/2025\/12\/carlos-tavares-manifestation.jpg","contentUrl":"https:\/\/www.italpassion.fr\/wp-content\/uploads\/2025\/12\/carlos-tavares-manifestation.jpg","width":1200,"height":800},{"@type":"BreadcrumbList","@id":"https:\/\/www.italpassion.fr\/nl\/stellantis\/lancien-ceo-de-stellantis-previent-les-usines-automobiles-europeennes-seront-fermees-ou-rachetees-par-les-chinois-avec-des-manifestations-des-incendies-de-pneus-et-de-palettes\/#breadcrumb","itemListElement":[{"@type":"ListItem","position":1,"name":"Accueil","item":"https:\/\/www.italpassion.fr\/nl\/"},{"@type":"ListItem","position":2,"name":"L&rsquo;ancien CEO de Stellantis pr\u00e9vient : les usines automobiles europ\u00e9ennes seront ferm\u00e9es ou rachet\u00e9es par les Chinois avec \u00ab\u00a0des manifestations, des incendies de pneus et de palettes\u00a0\u00bb"}]},{"@type":"WebSite","@id":"https:\/\/www.italpassion.fr\/nl\/#website","url":"https:\/\/www.italpassion.fr\/nl\/","name":"ItalPassion","description":"Italiaanse autoliefhebbers","publisher":{"@id":"https:\/\/www.italpassion.fr\/nl\/#organization"},"potentialAction":[{"@type":"SearchAction","target":{"@type":"EntryPoint","urlTemplate":"https:\/\/www.italpassion.fr\/nl\/?s={search_term_string}"},"query-input":{"@type":"PropertyValueSpecification","valueRequired":true,"valueName":"search_term_string"}}],"inLanguage":"nl-NL"},{"@type":"Organization","@id":"https:\/\/www.italpassion.fr\/nl\/#organization","name":"Italpassion","url":"https:\/\/www.italpassion.fr\/nl\/","logo":{"@type":"ImageObject","inLanguage":"nl-NL","@id":"https:\/\/www.italpassion.fr\/nl\/#\/schema\/logo\/image\/","url":"https:\/\/www.italpassion.fr\/wp-content\/uploads\/2023\/07\/italpassion-yoast.jpg","contentUrl":"https:\/\/www.italpassion.fr\/wp-content\/uploads\/2023\/07\/italpassion-yoast.jpg","width":696,"height":696,"caption":"Italpassion"},"image":{"@id":"https:\/\/www.italpassion.fr\/nl\/#\/schema\/logo\/image\/"},"sameAs":["https:\/\/www.facebook.com\/italpassion","https:\/\/x.com\/italpassion","https:\/\/www.instagram.com\/italpassionfr\/","https:\/\/www.youtube.com\/channel\/UCleq-ByQaA42OjhopwevRjQ","https:\/\/www.facebook.com\/italpassion.en\/","https:\/\/www.facebook.com\/italpassion.it\/","https:\/\/www.facebook.com\/italpassion.de\/","https:\/\/www.facebook.com\/italpassion.ja\/"]},{"@type":"Person","@id":"https:\/\/www.italpassion.fr\/nl\/#\/schema\/person\/36f747b2a759ca202d847e85a9434ca0","name":"Alexandre Filluzeau","image":{"@type":"ImageObject","inLanguage":"nl-NL","@id":"https:\/\/www.italpassion.fr\/nl\/#\/schema\/person\/image\/","url":"https:\/\/www.italpassion.fr\/wp-content\/uploads\/2025\/04\/avatar-alexandre-160x160.jpg","contentUrl":"https:\/\/www.italpassion.fr\/wp-content\/uploads\/2025\/04\/avatar-alexandre-160x160.jpg","caption":"Alexandre Filluzeau"},"description":"Oprichter van de website ItalPassion, gepassioneerd door Italiaanse auto's en Itali\u00eb in het algemeen. Waar mogelijk breng ik een kritisch en technisch oog naar nieuws over Italiaanse merken. Eigenaar van een Maserati GranTurismo, Alfa Romeo MiTo, Lancia Fulvia en Ducati 695. Ex-eigenaar van een Alfa Romeo Giulia.","sameAs":["https:\/\/www.italpassion.fr\/"],"url":"https:\/\/www.italpassion.fr\/nl\/author\/alexandre\/"}]}},"_links":{"self":[{"href":"https:\/\/www.italpassion.fr\/nl\/wp-json\/wp\/v2\/posts\/44115","targetHints":{"allow":["GET"]}}],"collection":[{"href":"https:\/\/www.italpassion.fr\/nl\/wp-json\/wp\/v2\/posts"}],"about":[{"href":"https:\/\/www.italpassion.fr\/nl\/wp-json\/wp\/v2\/types\/post"}],"author":[{"embeddable":true,"href":"https:\/\/www.italpassion.fr\/nl\/wp-json\/wp\/v2\/users\/1"}],"replies":[{"embeddable":true,"href":"https:\/\/www.italpassion.fr\/nl\/wp-json\/wp\/v2\/comments?post=44115"}],"version-history":[{"count":1,"href":"https:\/\/www.italpassion.fr\/nl\/wp-json\/wp\/v2\/posts\/44115\/revisions"}],"predecessor-version":[{"id":44117,"href":"https:\/\/www.italpassion.fr\/nl\/wp-json\/wp\/v2\/posts\/44115\/revisions\/44117"}],"wp:featuredmedia":[{"embeddable":true,"href":"https:\/\/www.italpassion.fr\/nl\/wp-json\/wp\/v2\/media\/44116"}],"wp:attachment":[{"href":"https:\/\/www.italpassion.fr\/nl\/wp-json\/wp\/v2\/media?parent=44115"}],"wp:term":[{"taxonomy":"category","embeddable":true,"href":"https:\/\/www.italpassion.fr\/nl\/wp-json\/wp\/v2\/categories?post=44115"},{"taxonomy":"post_tag","embeddable":true,"href":"https:\/\/www.italpassion.fr\/nl\/wp-json\/wp\/v2\/tags?post=44115"}],"curies":[{"name":"wp","href":"https:\/\/api.w.org\/{rel}","templated":true}]}}