{"id":44023,"date":"2025-12-05T09:29:18","date_gmt":"2025-12-05T08:29:18","guid":{"rendered":"https:\/\/www.italpassion.fr\/?p=44023"},"modified":"2025-12-05T09:29:18","modified_gmt":"2025-12-05T08:29:18","slug":"de-ceo-van-stellantis-de-aannames-over-elektrische-autos-waren-verkeerd-we-hebben-naar-de-markt-geluisterd-en-onze-strategie-herzien","status":"publish","type":"post","link":"https:\/\/www.italpassion.fr\/nl\/stellantis\/le-ceo-de-stellantis-les-hypotheses-sur-les-voitures-electriques-etaient-erronees-nous-avons-ecoute-le-marche-et-revu-notre-strategie\/","title":{"rendered":"Stellantis CEO: \"De veronderstellingen over elektrische auto's waren verkeerd, dus hebben we naar de markt geluisterd en onze strategie herzien\"."},"content":{"rendered":"<figure class=\"wp-block-image size-large\"><img loading=\"lazy\" decoding=\"async\" width=\"1024\" height=\"683\" src=\"https:\/\/www.italpassion.fr\/wp-content\/uploads\/2025\/01\/antonio-filosa-1024x683.jpg\" alt=\"\" class=\"wp-image-36056\" srcset=\"https:\/\/www.italpassion.fr\/wp-content\/uploads\/2025\/01\/antonio-filosa-1024x683.jpg 1024w, https:\/\/www.italpassion.fr\/wp-content\/uploads\/2025\/01\/antonio-filosa-300x200.jpg 300w, https:\/\/www.italpassion.fr\/wp-content\/uploads\/2025\/01\/antonio-filosa-768x512.jpg 768w, https:\/\/www.italpassion.fr\/wp-content\/uploads\/2025\/01\/antonio-filosa-18x12.jpg 18w, https:\/\/www.italpassion.fr\/wp-content\/uploads\/2025\/01\/antonio-filosa-561x374.jpg 561w, https:\/\/www.italpassion.fr\/wp-content\/uploads\/2025\/01\/antonio-filosa-1122x748.jpg 1122w, https:\/\/www.italpassion.fr\/wp-content\/uploads\/2025\/01\/antonio-filosa-265x177.jpg 265w, https:\/\/www.italpassion.fr\/wp-content\/uploads\/2025\/01\/antonio-filosa-531x354.jpg 531w, https:\/\/www.italpassion.fr\/wp-content\/uploads\/2025\/01\/antonio-filosa-364x243.jpg 364w, https:\/\/www.italpassion.fr\/wp-content\/uploads\/2025\/01\/antonio-filosa-728x485.jpg 728w, https:\/\/www.italpassion.fr\/wp-content\/uploads\/2025\/01\/antonio-filosa-608x405.jpg 608w, https:\/\/www.italpassion.fr\/wp-content\/uploads\/2025\/01\/antonio-filosa-758x505.jpg 758w, https:\/\/www.italpassion.fr\/wp-content\/uploads\/2025\/01\/antonio-filosa-1152x768.jpg 1152w, https:\/\/www.italpassion.fr\/wp-content\/uploads\/2025\/01\/antonio-filosa.jpg 1200w\" sizes=\"auto, (max-width: 1024px) 100vw, 1024px\" \/><\/figure>\n\n\n\n<p>Antonio Filosa neemt absoluut geen blad voor de mond. Een maand na zijn kritiek op <a href=\"https:\/\/www.italpassion.fr\/nl\/stellantis\/de-ceo-van-stellantis-heeft-opnieuw-kritiek-op-europa-de-regels-van-brussel-zijn-niet-onvolmaakt-ze-zijn-slecht\/\">europese regels \"slecht\" voor de auto-industrie<\/a>de CEO van <a href=\"https:\/\/www.italpassion.fr\/nl\/stellantis\/\">Stellantis<\/a> profiteerde van de Goldman Sachs Industrials &amp; Autos Week om duidelijk toe te geven wat veel fabrikanten al dachten zonder het te durven zeggen: interne voorspellingen over de overgang naar elektrische voertuigen waren gewoon verkeerd. En het concern heeft zijn strategie al grondig bijgesteld.<\/p>\n\n\n\n<h2 class=\"wp-block-heading\">\"Sommige aannames waren verkeerd<\/h2>\n\n\n\n<p>Gevraagd naar het Amerikaanse en Europese traject van Stellantis, erkende Antonio Filosa dat er een grote discrepantie bestaat tussen de interne projecties van de afgelopen jaren en de realiteit van de markt. In het verleden voorzag de Groep een penetratie van 50 % elektrische voertuigen op de Amerikaanse markt tegen 2030. Vandaag heeft de markt de kaap van 6 % nog niet overschreden. Voor Europa lijkt het idee van 100 % elektrische voertuigen tegen 2035 nu te optimistisch, gezien de re\u00eble vraag en koopkracht. \"Sommige aannames waren verkeerd, maar we hebben naar de markt geluisterd\", gaat hij ervan uit. In vier maanden tijd heeft Stellantis naar eigen zeggen zijn product- en investeringsstrategie herzien.<\/p>\n\n\n\n<h2 class=\"wp-block-heading\">Hybrides worden opnieuw een strategisch wapen<\/h2>\n\n\n\n<p>En het duidelijkste voorbeeld komt uit de Verenigde Staten. Lang beschouwd als de natuurlijke thuisbasis van elektrische voertuigen voor Stellantis, herontdekt de Noord-Amerikaanse markt hybrides... en zelfs V8's. De terugkeer van de Hemi-motor in de Ram pick-ups veroorzaakte een commerci\u00eble aardbeving: tienduizend bestellingen in vierentwintig uur, vijftigduizend in zes weken, tot het punt waarop de productie moest worden verdubbeld. Filosa is er nu van overtuigd dat hybrides, en in het bijzonder eenvoudige hybrides, een van de favoriete technologie\u00ebn van Amerikaanse automobilisten zullen worden.<\/p>\n\n\n\n<figure class=\"wp-block-image size-full\"><img loading=\"lazy\" decoding=\"async\" width=\"1200\" height=\"800\" src=\"https:\/\/www.italpassion.fr\/wp-content\/uploads\/2025\/12\/ram-v8-hybride.jpg\" alt=\"\" class=\"wp-image-44024\" srcset=\"https:\/\/www.italpassion.fr\/wp-content\/uploads\/2025\/12\/ram-v8-hybride.jpg 1200w, https:\/\/www.italpassion.fr\/wp-content\/uploads\/2025\/12\/ram-v8-hybride-420x280.jpg 420w, https:\/\/www.italpassion.fr\/wp-content\/uploads\/2025\/12\/ram-v8-hybride-768x512.jpg 768w, https:\/\/www.italpassion.fr\/wp-content\/uploads\/2025\/12\/ram-v8-hybride-18x12.jpg 18w\" sizes=\"auto, (max-width: 1200px) 100vw, 1200px\" \/><\/figure>\n\n\n\n<p>Het succes van de Ram V8 is geen toevalstreffer. De nieuwe Jeep Cherokee, volledig herontworpen na \"te hebben geluisterd naar de consument\", arriveert in het op \u00e9\u00e9n na grootste segment in de Verenigde Staten, waar hij een structurerende rol wil gaan spelen. Stellantis ziet het als een perfect voorbeeld van productherori\u00ebntatie gedreven door de vraag, niet door regelgeving of marketingdogma.<\/p>\n\n\n\n<h2 class=\"wp-block-heading\">De Verenigde Staten versoepelen, Europa vraagt zich af<\/h2>\n\n\n\n<p>De Amerikaanse dynamiek is des te veelbelovender omdat ze gepaard gaat met een grote politieke verandering. De regering Trump heeft net de CAFE-normen versoepeld, waardoor fabrikanten meer flexibiliteit krijgen. Filosa ziet dit als een kans om de productmix opnieuw in evenwicht te brengen en nieuwe vraag aan te trekken die tien maanden geleden nog niet bestond.<\/p>\n\n\n\n<p>In Europa is de stemming heel anders. Brussel bereidt een langverwacht nieuw regelgevend pakket voor, maar er is nog geen teken van een onmiddellijke versoepeling. Filosa roept opnieuw op tot een \"evenwichtige en zachte\" energietransitie en wijst erop dat een redelijke vergelijking rekening moet houden met drie pijlers: milieubescherming, behoud van werkgelegenheid en betaalbaarheid.<\/p>\n\n\n\n<p>Het benadrukt ook een feit dat vaak over het hoofd wordt gezien: de behoeften van lichte bedrijfsvoertuigen verschillen grondig van die van personenwagens. De hoge gebruikskosten van elektrische voertuigen in dit segment maken het essentieel om de normen aan te passen en tegelijkertijd open te staan voor alternatieve technologie\u00ebn zoals synthetische brandstoffen. Dit staat in contrast met de meer rigide standpunten van de afgelopen jaren (100 % elektrisch, waterstof, enz.).<\/p>\n\n\n\n<h2 class=\"wp-block-heading\">Verandering van methode en herziene strategie<\/h2>\n\n\n\n<p>Terwijl Filosa een offensief standpunt lijkt in te nemen over de technologische richting van het bedrijf, is hij veel voorzichtiger over de financi\u00eble situatie. De CEO beweert dat Stellantis eind november in grote lijnen in lijn is met de prognoses, maar erkent dat de prioriteit ligt bij de terugkeer naar een positieve kasstroomgeneratie. Er zullen nog een paar maanden van kwartaal-op-kwartaal vooruitgang nodig zijn om de fundamenten te verstevigen.<\/p>\n\n\n\n<p>De Capital Market Day, nu gepland tussen mei en juni 2026, zal het nieuwe strategische plan van de Groep onthullen. Deze extra tijd toont de vastberadenheid van het management om opnieuw een realistisch plan op te stellen, gebaseerd op herziene aannames en een duidelijker inzicht in de markt. Een betere discipline bij introducties, een betere beheersing van de voorraden en een verschuiving naar hogere marktsegmenten in winstgevende segmenten zouden de belangrijkste hefbomen moeten zijn voor dit herstel.<\/p>\n\n\n\n<h2 class=\"wp-block-heading\">Een nieuw tijdperk voor Stellantis?<\/h2>\n\n\n\n<p>In een paar weken tijd zal Antonio Filosa een duidelijke koerswijziging hebben opgelegd: Stellantis keert terug naar een strategie die is afgestemd op de re\u00eble vraag, de diversiteit van de markten en de economische vereisten van het moment. Een aanpak die in schril contrast staat met die van zijn voorganger Carlos Tavares, die zich meer richtte op een versnelde elektrische transitie.<\/p>\n\n\n\n<p>Door publiekelijk toe te geven dat bepaalde aannames fout waren, geeft de CEO een zeldzaam signaal af in de sector: dat van een bedrijf dat bereid is om zijn koers snel bij te stellen in plaats van de gevolgen te ondergaan van een rigide strategie. De Amerikaanse markt reageert al positief. Europa wacht daarentegen nog steeds op het kader dat het weer op adem laat komen. Als Brussel zijn visie versoepelt, belooft Stellantis meer te investeren op het continent. Zo niet, dan zou het spel elders gespeeld kunnen worden... waar de consument het tempo dicteert, niet de regelgeving.<\/p>","protected":false},"excerpt":{"rendered":"","protected":false},"author":1,"featured_media":36056,"comment_status":"open","ping_status":"open","sticky":false,"template":"","format":"standard","meta":{"_acf_changed":false,"_sitemap_exclude":false,"_sitemap_priority":"","_sitemap_frequency":"","footnotes":""},"categories":[29],"tags":[565],"class_list":["post-44023","post","type-post","status-publish","format-standard","has-post-thumbnail","hentry","category-stellantis","tag-antonio-filosa","generate-columns","tablet-grid-50","mobile-grid-100","grid-parent","grid-33"],"acf":[],"yoast_head":"<!-- This site is optimized with the Yoast SEO plugin v25.8 - https:\/\/yoast.com\/wordpress\/plugins\/seo\/ -->\n<title>Le CEO de Stellantis : &quot;les hypoth\u00e8ses sur les voitures \u00e9lectriques \u00e9taient erron\u00e9es, nous avons \u00e9cout\u00e9 le march\u00e9 et revu notre strat\u00e9gie&quot; - ItalPassion<\/title>\n<meta name=\"description\" content=\"Antonio Filosa n\u2019est d\u00e9cid\u00e9ment pas un dirigeant qui parle \u00e0 demi-mot. Un mois apr\u00e8s avoir fustig\u00e9 \u00e0 Paris les r\u00e8gles europ\u00e9ennes jug\u00e9es \u00ab mauvaises \u00bb\" \/>\n<meta name=\"robots\" content=\"index, follow, max-snippet:-1, max-image-preview:large, max-video-preview:-1\" \/>\n<link rel=\"canonical\" href=\"https:\/\/www.italpassion.fr\/nl\/stellantis\/de-ceo-van-stellantis-de-aannames-over-elektrische-autos-waren-verkeerd-we-hebben-naar-de-markt-geluisterd-en-onze-strategie-herzien\/\" \/>\n<meta property=\"og:locale\" content=\"nl_NL\" \/>\n<meta property=\"og:type\" content=\"article\" \/>\n<meta property=\"og:title\" content=\"Le CEO de Stellantis : &quot;les hypoth\u00e8ses sur les voitures \u00e9lectriques \u00e9taient erron\u00e9es, nous avons \u00e9cout\u00e9 le march\u00e9 et revu notre strat\u00e9gie&quot; - ItalPassion\" \/>\n<meta property=\"og:description\" content=\"Antonio Filosa n\u2019est d\u00e9cid\u00e9ment pas un dirigeant qui parle \u00e0 demi-mot. Un mois apr\u00e8s avoir fustig\u00e9 \u00e0 Paris les r\u00e8gles europ\u00e9ennes jug\u00e9es \u00ab mauvaises \u00bb\" \/>\n<meta property=\"og:url\" content=\"https:\/\/www.italpassion.fr\/nl\/stellantis\/de-ceo-van-stellantis-de-aannames-over-elektrische-autos-waren-verkeerd-we-hebben-naar-de-markt-geluisterd-en-onze-strategie-herzien\/\" \/>\n<meta property=\"og:site_name\" content=\"ItalPassion\" \/>\n<meta property=\"article:publisher\" content=\"https:\/\/www.facebook.com\/italpassion\" \/>\n<meta property=\"article:published_time\" content=\"2025-12-05T08:29:18+00:00\" \/>\n<meta property=\"og:image\" content=\"https:\/\/www.italpassion.fr\/wp-content\/uploads\/2025\/01\/antonio-filosa.jpg\" \/>\n\t<meta property=\"og:image:width\" content=\"1200\" \/>\n\t<meta property=\"og:image:height\" content=\"800\" \/>\n\t<meta property=\"og:image:type\" content=\"image\/jpeg\" \/>\n<meta name=\"author\" content=\"Alexandre Filluzeau\" \/>\n<meta name=\"twitter:card\" content=\"summary_large_image\" \/>\n<meta name=\"twitter:creator\" content=\"@italpassion\" \/>\n<meta name=\"twitter:site\" content=\"@italpassion\" \/>\n<script type=\"application\/ld+json\" class=\"yoast-schema-graph\">{\"@context\":\"https:\/\/schema.org\",\"@graph\":[{\"@type\":\"NewsArticle\",\"@id\":\"https:\/\/www.italpassion.fr\/nl\/stellantis\/le-ceo-de-stellantis-les-hypotheses-sur-les-voitures-electriques-etaient-erronees-nous-avons-ecoute-le-marche-et-revu-notre-strategie\/#article\",\"isPartOf\":{\"@id\":\"https:\/\/www.italpassion.fr\/nl\/stellantis\/le-ceo-de-stellantis-les-hypotheses-sur-les-voitures-electriques-etaient-erronees-nous-avons-ecoute-le-marche-et-revu-notre-strategie\/\"},\"author\":{\"name\":\"Alexandre Filluzeau\",\"@id\":\"https:\/\/www.italpassion.fr\/nl\/#\/schema\/person\/36f747b2a759ca202d847e85a9434ca0\"},\"headline\":\"Le CEO de Stellantis : \u00ab\u00a0les hypoth\u00e8ses sur les voitures \u00e9lectriques \u00e9taient erron\u00e9es, nous avons \u00e9cout\u00e9 le march\u00e9 et revu notre strat\u00e9gie\u00a0\u00bb\",\"datePublished\":\"2025-12-05T08:29:18+00:00\",\"mainEntityOfPage\":{\"@id\":\"https:\/\/www.italpassion.fr\/nl\/stellantis\/le-ceo-de-stellantis-les-hypotheses-sur-les-voitures-electriques-etaient-erronees-nous-avons-ecoute-le-marche-et-revu-notre-strategie\/\"},\"wordCount\":924,\"commentCount\":22,\"publisher\":{\"@id\":\"https:\/\/www.italpassion.fr\/nl\/#organization\"},\"image\":{\"@id\":\"https:\/\/www.italpassion.fr\/nl\/stellantis\/le-ceo-de-stellantis-les-hypotheses-sur-les-voitures-electriques-etaient-erronees-nous-avons-ecoute-le-marche-et-revu-notre-strategie\/#primaryimage\"},\"thumbnailUrl\":\"https:\/\/www.italpassion.fr\/wp-content\/uploads\/2025\/01\/antonio-filosa.jpg\",\"keywords\":[\"Antonio Filosa\"],\"articleSection\":[\"Stellantis\"],\"inLanguage\":\"nl-NL\",\"potentialAction\":[{\"@type\":\"CommentAction\",\"name\":\"Comment\",\"target\":[\"https:\/\/www.italpassion.fr\/nl\/stellantis\/le-ceo-de-stellantis-les-hypotheses-sur-les-voitures-electriques-etaient-erronees-nous-avons-ecoute-le-marche-et-revu-notre-strategie\/#respond\"]}]},{\"@type\":\"WebPage\",\"@id\":\"https:\/\/www.italpassion.fr\/nl\/stellantis\/le-ceo-de-stellantis-les-hypotheses-sur-les-voitures-electriques-etaient-erronees-nous-avons-ecoute-le-marche-et-revu-notre-strategie\/\",\"url\":\"https:\/\/www.italpassion.fr\/nl\/stellantis\/le-ceo-de-stellantis-les-hypotheses-sur-les-voitures-electriques-etaient-erronees-nous-avons-ecoute-le-marche-et-revu-notre-strategie\/\",\"name\":\"Le CEO de Stellantis : \\\"les hypoth\u00e8ses sur les voitures \u00e9lectriques \u00e9taient erron\u00e9es, nous avons \u00e9cout\u00e9 le march\u00e9 et revu notre strat\u00e9gie\\\" - ItalPassion\",\"isPartOf\":{\"@id\":\"https:\/\/www.italpassion.fr\/nl\/#website\"},\"primaryImageOfPage\":{\"@id\":\"https:\/\/www.italpassion.fr\/nl\/stellantis\/le-ceo-de-stellantis-les-hypotheses-sur-les-voitures-electriques-etaient-erronees-nous-avons-ecoute-le-marche-et-revu-notre-strategie\/#primaryimage\"},\"image\":{\"@id\":\"https:\/\/www.italpassion.fr\/nl\/stellantis\/le-ceo-de-stellantis-les-hypotheses-sur-les-voitures-electriques-etaient-erronees-nous-avons-ecoute-le-marche-et-revu-notre-strategie\/#primaryimage\"},\"thumbnailUrl\":\"https:\/\/www.italpassion.fr\/wp-content\/uploads\/2025\/01\/antonio-filosa.jpg\",\"datePublished\":\"2025-12-05T08:29:18+00:00\",\"description\":\"Antonio Filosa n\u2019est d\u00e9cid\u00e9ment pas un dirigeant qui parle \u00e0 demi-mot. Un mois apr\u00e8s avoir fustig\u00e9 \u00e0 Paris les r\u00e8gles europ\u00e9ennes jug\u00e9es \u00ab mauvaises \u00bb\",\"breadcrumb\":{\"@id\":\"https:\/\/www.italpassion.fr\/nl\/stellantis\/le-ceo-de-stellantis-les-hypotheses-sur-les-voitures-electriques-etaient-erronees-nous-avons-ecoute-le-marche-et-revu-notre-strategie\/#breadcrumb\"},\"inLanguage\":\"nl-NL\",\"potentialAction\":[{\"@type\":\"ReadAction\",\"target\":[\"https:\/\/www.italpassion.fr\/nl\/stellantis\/le-ceo-de-stellantis-les-hypotheses-sur-les-voitures-electriques-etaient-erronees-nous-avons-ecoute-le-marche-et-revu-notre-strategie\/\"]}]},{\"@type\":\"ImageObject\",\"inLanguage\":\"nl-NL\",\"@id\":\"https:\/\/www.italpassion.fr\/nl\/stellantis\/le-ceo-de-stellantis-les-hypotheses-sur-les-voitures-electriques-etaient-erronees-nous-avons-ecoute-le-marche-et-revu-notre-strategie\/#primaryimage\",\"url\":\"https:\/\/www.italpassion.fr\/wp-content\/uploads\/2025\/01\/antonio-filosa.jpg\",\"contentUrl\":\"https:\/\/www.italpassion.fr\/wp-content\/uploads\/2025\/01\/antonio-filosa.jpg\",\"width\":1200,\"height\":800},{\"@type\":\"BreadcrumbList\",\"@id\":\"https:\/\/www.italpassion.fr\/nl\/stellantis\/le-ceo-de-stellantis-les-hypotheses-sur-les-voitures-electriques-etaient-erronees-nous-avons-ecoute-le-marche-et-revu-notre-strategie\/#breadcrumb\",\"itemListElement\":[{\"@type\":\"ListItem\",\"position\":1,\"name\":\"Accueil\",\"item\":\"https:\/\/www.italpassion.fr\/nl\/\"},{\"@type\":\"ListItem\",\"position\":2,\"name\":\"Le CEO de Stellantis : \u00ab\u00a0les hypoth\u00e8ses sur les voitures \u00e9lectriques \u00e9taient erron\u00e9es, nous avons \u00e9cout\u00e9 le march\u00e9 et revu notre strat\u00e9gie\u00a0\u00bb\"}]},{\"@type\":\"WebSite\",\"@id\":\"https:\/\/www.italpassion.fr\/nl\/#website\",\"url\":\"https:\/\/www.italpassion.fr\/nl\/\",\"name\":\"ItalPassion\",\"description\":\"Les Passionn\u00e9s d&#039;Automobiles Italiennes\",\"publisher\":{\"@id\":\"https:\/\/www.italpassion.fr\/nl\/#organization\"},\"potentialAction\":[{\"@type\":\"SearchAction\",\"target\":{\"@type\":\"EntryPoint\",\"urlTemplate\":\"https:\/\/www.italpassion.fr\/nl\/?s={search_term_string}\"},\"query-input\":{\"@type\":\"PropertyValueSpecification\",\"valueRequired\":true,\"valueName\":\"search_term_string\"}}],\"inLanguage\":\"nl-NL\"},{\"@type\":\"Organization\",\"@id\":\"https:\/\/www.italpassion.fr\/nl\/#organization\",\"name\":\"Italpassion\",\"url\":\"https:\/\/www.italpassion.fr\/nl\/\",\"logo\":{\"@type\":\"ImageObject\",\"inLanguage\":\"nl-NL\",\"@id\":\"https:\/\/www.italpassion.fr\/nl\/#\/schema\/logo\/image\/\",\"url\":\"https:\/\/www.italpassion.fr\/wp-content\/uploads\/2023\/07\/italpassion-yoast.jpg\",\"contentUrl\":\"https:\/\/www.italpassion.fr\/wp-content\/uploads\/2023\/07\/italpassion-yoast.jpg\",\"width\":696,\"height\":696,\"caption\":\"Italpassion\"},\"image\":{\"@id\":\"https:\/\/www.italpassion.fr\/nl\/#\/schema\/logo\/image\/\"},\"sameAs\":[\"https:\/\/www.facebook.com\/italpassion\",\"https:\/\/x.com\/italpassion\",\"https:\/\/www.instagram.com\/italpassionfr\/\",\"https:\/\/www.youtube.com\/channel\/UCleq-ByQaA42OjhopwevRjQ\",\"https:\/\/www.facebook.com\/italpassion.en\/\",\"https:\/\/www.facebook.com\/italpassion.it\/\",\"https:\/\/www.facebook.com\/italpassion.de\/\",\"https:\/\/www.facebook.com\/italpassion.ja\/\"]},{\"@type\":\"Person\",\"@id\":\"https:\/\/www.italpassion.fr\/nl\/#\/schema\/person\/36f747b2a759ca202d847e85a9434ca0\",\"name\":\"Alexandre Filluzeau\",\"image\":{\"@type\":\"ImageObject\",\"inLanguage\":\"nl-NL\",\"@id\":\"https:\/\/www.italpassion.fr\/nl\/#\/schema\/person\/image\/\",\"url\":\"https:\/\/www.italpassion.fr\/wp-content\/uploads\/2025\/04\/avatar-alexandre-160x160.jpg\",\"contentUrl\":\"https:\/\/www.italpassion.fr\/wp-content\/uploads\/2025\/04\/avatar-alexandre-160x160.jpg\",\"caption\":\"Alexandre Filluzeau\"},\"description\":\"Fondateur du site ItalPassion, passionn\u00e9 de voitures italiennes et de l'Italie en g\u00e9n\u00e9ral. J'apporte un regard critique et technique aux actualit\u00e9s des marques italiennes quand cela est possible. Propri\u00e9taire d'une Maserati GranTurismo, Alfa Romeo MiTo, Lancia Fulvia et Ducati 695. Ex-propri\u00e9taire d'une Alfa Romeo Giulia.\",\"sameAs\":[\"https:\/\/www.italpassion.fr\/\"],\"url\":\"https:\/\/www.italpassion.fr\/nl\/author\/alexandre\/\"}]}<\/script>\n<!-- \/ Yoast SEO plugin. -->","yoast_head_json":{"title":"Stellantis CEO: \"De aannames over elektrische auto's waren verkeerd, dus we hebben naar de markt geluisterd en onze strategie herzien\" - ItalPassion","description":"Antonio Filosa is zeker geen leider die in twee\u00ebn spreekt. Een maand na zijn kritiek op de \"slechte\" Europese regels in Parijs","robots":{"index":"index","follow":"follow","max-snippet":"max-snippet:-1","max-image-preview":"max-image-preview:large","max-video-preview":"max-video-preview:-1"},"canonical":"https:\/\/www.italpassion.fr\/nl\/stellantis\/de-ceo-van-stellantis-de-aannames-over-elektrische-autos-waren-verkeerd-we-hebben-naar-de-markt-geluisterd-en-onze-strategie-herzien\/","og_locale":"nl_NL","og_type":"article","og_title":"Le CEO de Stellantis : \"les hypoth\u00e8ses sur les voitures \u00e9lectriques \u00e9taient erron\u00e9es, nous avons \u00e9cout\u00e9 le march\u00e9 et revu notre strat\u00e9gie\" - ItalPassion","og_description":"Antonio Filosa n\u2019est d\u00e9cid\u00e9ment pas un dirigeant qui parle \u00e0 demi-mot. Un mois apr\u00e8s avoir fustig\u00e9 \u00e0 Paris les r\u00e8gles europ\u00e9ennes jug\u00e9es \u00ab mauvaises \u00bb","og_url":"https:\/\/www.italpassion.fr\/nl\/stellantis\/de-ceo-van-stellantis-de-aannames-over-elektrische-autos-waren-verkeerd-we-hebben-naar-de-markt-geluisterd-en-onze-strategie-herzien\/","og_site_name":"ItalPassion","article_publisher":"https:\/\/www.facebook.com\/italpassion","article_published_time":"2025-12-05T08:29:18+00:00","og_image":[{"width":1200,"height":800,"url":"https:\/\/www.italpassion.fr\/wp-content\/uploads\/2025\/01\/antonio-filosa.jpg","type":"image\/jpeg"}],"author":"Alexandre Filluzeau","twitter_card":"summary_large_image","twitter_creator":"@italpassion","twitter_site":"@italpassion","schema":{"@context":"https:\/\/schema.org","@graph":[{"@type":"NewsArticle","@id":"https:\/\/www.italpassion.fr\/nl\/stellantis\/le-ceo-de-stellantis-les-hypotheses-sur-les-voitures-electriques-etaient-erronees-nous-avons-ecoute-le-marche-et-revu-notre-strategie\/#article","isPartOf":{"@id":"https:\/\/www.italpassion.fr\/nl\/stellantis\/le-ceo-de-stellantis-les-hypotheses-sur-les-voitures-electriques-etaient-erronees-nous-avons-ecoute-le-marche-et-revu-notre-strategie\/"},"author":{"name":"Alexandre Filluzeau","@id":"https:\/\/www.italpassion.fr\/nl\/#\/schema\/person\/36f747b2a759ca202d847e85a9434ca0"},"headline":"Le CEO de Stellantis : \u00ab\u00a0les hypoth\u00e8ses sur les voitures \u00e9lectriques \u00e9taient erron\u00e9es, nous avons \u00e9cout\u00e9 le march\u00e9 et revu notre strat\u00e9gie\u00a0\u00bb","datePublished":"2025-12-05T08:29:18+00:00","mainEntityOfPage":{"@id":"https:\/\/www.italpassion.fr\/nl\/stellantis\/le-ceo-de-stellantis-les-hypotheses-sur-les-voitures-electriques-etaient-erronees-nous-avons-ecoute-le-marche-et-revu-notre-strategie\/"},"wordCount":924,"commentCount":22,"publisher":{"@id":"https:\/\/www.italpassion.fr\/nl\/#organization"},"image":{"@id":"https:\/\/www.italpassion.fr\/nl\/stellantis\/le-ceo-de-stellantis-les-hypotheses-sur-les-voitures-electriques-etaient-erronees-nous-avons-ecoute-le-marche-et-revu-notre-strategie\/#primaryimage"},"thumbnailUrl":"https:\/\/www.italpassion.fr\/wp-content\/uploads\/2025\/01\/antonio-filosa.jpg","keywords":["Antonio Filosa"],"articleSection":["Stellantis"],"inLanguage":"nl-NL","potentialAction":[{"@type":"CommentAction","name":"Comment","target":["https:\/\/www.italpassion.fr\/nl\/stellantis\/le-ceo-de-stellantis-les-hypotheses-sur-les-voitures-electriques-etaient-erronees-nous-avons-ecoute-le-marche-et-revu-notre-strategie\/#respond"]}]},{"@type":"WebPage","@id":"https:\/\/www.italpassion.fr\/nl\/stellantis\/le-ceo-de-stellantis-les-hypotheses-sur-les-voitures-electriques-etaient-erronees-nous-avons-ecoute-le-marche-et-revu-notre-strategie\/","url":"https:\/\/www.italpassion.fr\/nl\/stellantis\/le-ceo-de-stellantis-les-hypotheses-sur-les-voitures-electriques-etaient-erronees-nous-avons-ecoute-le-marche-et-revu-notre-strategie\/","name":"Stellantis CEO: \"De aannames over elektrische auto's waren verkeerd, dus we hebben naar de markt geluisterd en onze strategie herzien\" - ItalPassion","isPartOf":{"@id":"https:\/\/www.italpassion.fr\/nl\/#website"},"primaryImageOfPage":{"@id":"https:\/\/www.italpassion.fr\/nl\/stellantis\/le-ceo-de-stellantis-les-hypotheses-sur-les-voitures-electriques-etaient-erronees-nous-avons-ecoute-le-marche-et-revu-notre-strategie\/#primaryimage"},"image":{"@id":"https:\/\/www.italpassion.fr\/nl\/stellantis\/le-ceo-de-stellantis-les-hypotheses-sur-les-voitures-electriques-etaient-erronees-nous-avons-ecoute-le-marche-et-revu-notre-strategie\/#primaryimage"},"thumbnailUrl":"https:\/\/www.italpassion.fr\/wp-content\/uploads\/2025\/01\/antonio-filosa.jpg","datePublished":"2025-12-05T08:29:18+00:00","description":"Antonio Filosa is zeker geen leider die in twee\u00ebn spreekt. Een maand na zijn kritiek op de \"slechte\" Europese regels in Parijs","breadcrumb":{"@id":"https:\/\/www.italpassion.fr\/nl\/stellantis\/le-ceo-de-stellantis-les-hypotheses-sur-les-voitures-electriques-etaient-erronees-nous-avons-ecoute-le-marche-et-revu-notre-strategie\/#breadcrumb"},"inLanguage":"nl-NL","potentialAction":[{"@type":"ReadAction","target":["https:\/\/www.italpassion.fr\/nl\/stellantis\/le-ceo-de-stellantis-les-hypotheses-sur-les-voitures-electriques-etaient-erronees-nous-avons-ecoute-le-marche-et-revu-notre-strategie\/"]}]},{"@type":"ImageObject","inLanguage":"nl-NL","@id":"https:\/\/www.italpassion.fr\/nl\/stellantis\/le-ceo-de-stellantis-les-hypotheses-sur-les-voitures-electriques-etaient-erronees-nous-avons-ecoute-le-marche-et-revu-notre-strategie\/#primaryimage","url":"https:\/\/www.italpassion.fr\/wp-content\/uploads\/2025\/01\/antonio-filosa.jpg","contentUrl":"https:\/\/www.italpassion.fr\/wp-content\/uploads\/2025\/01\/antonio-filosa.jpg","width":1200,"height":800},{"@type":"BreadcrumbList","@id":"https:\/\/www.italpassion.fr\/nl\/stellantis\/le-ceo-de-stellantis-les-hypotheses-sur-les-voitures-electriques-etaient-erronees-nous-avons-ecoute-le-marche-et-revu-notre-strategie\/#breadcrumb","itemListElement":[{"@type":"ListItem","position":1,"name":"Accueil","item":"https:\/\/www.italpassion.fr\/nl\/"},{"@type":"ListItem","position":2,"name":"Le CEO de Stellantis : \u00ab\u00a0les hypoth\u00e8ses sur les voitures \u00e9lectriques \u00e9taient erron\u00e9es, nous avons \u00e9cout\u00e9 le march\u00e9 et revu notre strat\u00e9gie\u00a0\u00bb"}]},{"@type":"WebSite","@id":"https:\/\/www.italpassion.fr\/nl\/#website","url":"https:\/\/www.italpassion.fr\/nl\/","name":"ItalPassion","description":"Italiaanse autoliefhebbers","publisher":{"@id":"https:\/\/www.italpassion.fr\/nl\/#organization"},"potentialAction":[{"@type":"SearchAction","target":{"@type":"EntryPoint","urlTemplate":"https:\/\/www.italpassion.fr\/nl\/?s={search_term_string}"},"query-input":{"@type":"PropertyValueSpecification","valueRequired":true,"valueName":"search_term_string"}}],"inLanguage":"nl-NL"},{"@type":"Organization","@id":"https:\/\/www.italpassion.fr\/nl\/#organization","name":"Italpassion","url":"https:\/\/www.italpassion.fr\/nl\/","logo":{"@type":"ImageObject","inLanguage":"nl-NL","@id":"https:\/\/www.italpassion.fr\/nl\/#\/schema\/logo\/image\/","url":"https:\/\/www.italpassion.fr\/wp-content\/uploads\/2023\/07\/italpassion-yoast.jpg","contentUrl":"https:\/\/www.italpassion.fr\/wp-content\/uploads\/2023\/07\/italpassion-yoast.jpg","width":696,"height":696,"caption":"Italpassion"},"image":{"@id":"https:\/\/www.italpassion.fr\/nl\/#\/schema\/logo\/image\/"},"sameAs":["https:\/\/www.facebook.com\/italpassion","https:\/\/x.com\/italpassion","https:\/\/www.instagram.com\/italpassionfr\/","https:\/\/www.youtube.com\/channel\/UCleq-ByQaA42OjhopwevRjQ","https:\/\/www.facebook.com\/italpassion.en\/","https:\/\/www.facebook.com\/italpassion.it\/","https:\/\/www.facebook.com\/italpassion.de\/","https:\/\/www.facebook.com\/italpassion.ja\/"]},{"@type":"Person","@id":"https:\/\/www.italpassion.fr\/nl\/#\/schema\/person\/36f747b2a759ca202d847e85a9434ca0","name":"Alexandre Filluzeau","image":{"@type":"ImageObject","inLanguage":"nl-NL","@id":"https:\/\/www.italpassion.fr\/nl\/#\/schema\/person\/image\/","url":"https:\/\/www.italpassion.fr\/wp-content\/uploads\/2025\/04\/avatar-alexandre-160x160.jpg","contentUrl":"https:\/\/www.italpassion.fr\/wp-content\/uploads\/2025\/04\/avatar-alexandre-160x160.jpg","caption":"Alexandre Filluzeau"},"description":"Oprichter van de website ItalPassion, gepassioneerd door Italiaanse auto's en Itali\u00eb in het algemeen. Waar mogelijk breng ik een kritisch en technisch oog naar nieuws over Italiaanse merken. Eigenaar van een Maserati GranTurismo, Alfa Romeo MiTo, Lancia Fulvia en Ducati 695. Ex-eigenaar van een Alfa Romeo Giulia.","sameAs":["https:\/\/www.italpassion.fr\/"],"url":"https:\/\/www.italpassion.fr\/nl\/author\/alexandre\/"}]}},"_links":{"self":[{"href":"https:\/\/www.italpassion.fr\/nl\/wp-json\/wp\/v2\/posts\/44023","targetHints":{"allow":["GET"]}}],"collection":[{"href":"https:\/\/www.italpassion.fr\/nl\/wp-json\/wp\/v2\/posts"}],"about":[{"href":"https:\/\/www.italpassion.fr\/nl\/wp-json\/wp\/v2\/types\/post"}],"author":[{"embeddable":true,"href":"https:\/\/www.italpassion.fr\/nl\/wp-json\/wp\/v2\/users\/1"}],"replies":[{"embeddable":true,"href":"https:\/\/www.italpassion.fr\/nl\/wp-json\/wp\/v2\/comments?post=44023"}],"version-history":[{"count":1,"href":"https:\/\/www.italpassion.fr\/nl\/wp-json\/wp\/v2\/posts\/44023\/revisions"}],"predecessor-version":[{"id":44025,"href":"https:\/\/www.italpassion.fr\/nl\/wp-json\/wp\/v2\/posts\/44023\/revisions\/44025"}],"wp:featuredmedia":[{"embeddable":true,"href":"https:\/\/www.italpassion.fr\/nl\/wp-json\/wp\/v2\/media\/36056"}],"wp:attachment":[{"href":"https:\/\/www.italpassion.fr\/nl\/wp-json\/wp\/v2\/media?parent=44023"}],"wp:term":[{"taxonomy":"category","embeddable":true,"href":"https:\/\/www.italpassion.fr\/nl\/wp-json\/wp\/v2\/categories?post=44023"},{"taxonomy":"post_tag","embeddable":true,"href":"https:\/\/www.italpassion.fr\/nl\/wp-json\/wp\/v2\/tags?post=44023"}],"curies":[{"name":"wp","href":"https:\/\/api.w.org\/{rel}","templated":true}]}}