{"id":42514,"date":"2025-10-28T08:01:54","date_gmt":"2025-10-28T07:01:54","guid":{"rendered":"https:\/\/www.italpassion.fr\/?p=42514"},"modified":"2025-10-27T21:50:40","modified_gmt":"2025-10-27T20:50:40","slug":"carlos-tavares-mijn-eerste-raceauto-een-alfa-romeo-alfasud-sprint-gelast-met-kauwgom","status":"publish","type":"post","link":"https:\/\/www.italpassion.fr\/nl\/alfa-romeo\/carlos-tavares-ma-premiere-voiture-de-course-une-alfa-romeo-alfasud-sprint-soudee-au-chewing-gum\/","title":{"rendered":"Carlos Tavares: mijn eerste raceauto, een Alfa Romeo Alfasud Sprint, gelast met kauwgom"},"content":{"rendered":"<figure class=\"wp-block-image size-full\"><img loading=\"lazy\" decoding=\"async\" width=\"1200\" height=\"800\" src=\"https:\/\/www.italpassion.fr\/wp-content\/uploads\/2025\/10\/alfa-romeo-alfasud.jpg\" alt=\"\" class=\"wp-image-42529\" srcset=\"https:\/\/www.italpassion.fr\/wp-content\/uploads\/2025\/10\/alfa-romeo-alfasud.jpg 1200w, https:\/\/www.italpassion.fr\/wp-content\/uploads\/2025\/10\/alfa-romeo-alfasud-420x280.jpg 420w, https:\/\/www.italpassion.fr\/wp-content\/uploads\/2025\/10\/alfa-romeo-alfasud-768x512.jpg 768w, https:\/\/www.italpassion.fr\/wp-content\/uploads\/2025\/10\/alfa-romeo-alfasud-18x12.jpg 18w\" sizes=\"auto, (max-width: 1200px) 100vw, 1200px\" \/><figcaption class=\"wp-element-caption\">Afbeelding gegenereerd door AI van Italpassion<\/figcaption><\/figure>\n\n\n\n<p>Bijna een jaar na <a href=\"https:\/\/www.italpassion.fr\/nl\/stellantis\/donderslag-bij-heldere-hemel-bij-stellantis-ceo-carlos-tavares-neemt-ontslag\/\">zijn ontslag als CEO van Stellantis<\/a>Carlos Tavares is terug in het nieuws, nadat hij in juni 2025 werd vervangen door Antonio Filosa. De Portugese topman heeft net een boek gepubliceerd met de titel Un pilote dans la temp\u00eate, dat we hebben gelezen en waarin hij terugblikt op zijn leven, zijn carri\u00e8re en zijn passie voor auto's. En onder de vele anekdotes die hij deelt, is er \u00e9\u00e9n die Alfistas zal doen glimlachen: die van zijn allereerste raceauto, een Alfasud Sprint 1.5L... gedeeltelijk gelast met kauwgom.<\/p>\n\n\n\n<h2 class=\"wp-block-heading\">De Alfa Romeo van het begin<\/h2>\n\n\n\n<figure class=\"wp-block-image size-full\"><img loading=\"lazy\" decoding=\"async\" width=\"1200\" height=\"800\" src=\"https:\/\/www.italpassion.fr\/wp-content\/uploads\/2025\/10\/alfa-romeo-alfasud-2.jpg\" alt=\"\" class=\"wp-image-42530\" srcset=\"https:\/\/www.italpassion.fr\/wp-content\/uploads\/2025\/10\/alfa-romeo-alfasud-2.jpg 1200w, https:\/\/www.italpassion.fr\/wp-content\/uploads\/2025\/10\/alfa-romeo-alfasud-2-420x280.jpg 420w, https:\/\/www.italpassion.fr\/wp-content\/uploads\/2025\/10\/alfa-romeo-alfasud-2-768x512.jpg 768w, https:\/\/www.italpassion.fr\/wp-content\/uploads\/2025\/10\/alfa-romeo-alfasud-2-18x12.jpg 18w\" sizes=\"auto, (max-width: 1200px) 100vw, 1200px\" \/><\/figure>\n\n\n\n<p>In hoofdstuk 15, met de nuchtere titel \"De coureur\", vertelt Carlos Tavares hoe zijn passie voor motorsport begon toen hij nog een tiener was. Zijn eerste offici\u00eble race was in juli 1980, achter het stuur van zijn eigen auto: een Alfa Romeo Alfasud Sprint 1.5L, gekregen van zijn ouders. Maar voordat hij ermee aan een wedstrijd kon deelnemen, moest hij hem ombouwen. Brandblusser, stroomonderbreker, rolbeugel... alles moest worden gemonteerd. De jonge Tavares had geen budget en geen infrastructuur, dus hij prepareerde zijn auto zo goed als hij kon.<\/p>\n\n\n\n<h2 class=\"wp-block-heading\">De zelfgemaakte hoepel<\/h2>\n\n\n\n<p>De rolbeugel, die verplicht is tijdens het hardlopen, wordt op maat gemaakt... bij een fabrikant van poorten aan de voet van het flatgebouw waar hij woont. Het gebruikte staal? Bij benadering. Dikte? Onzeker. De lasnaden zijn, in zijn eigen woorden, \"alles behalve reglementair\". <\/p>\n\n\n\n<p>Hij herinnert zich dat hij het tapijt in het passagierscompartiment uitknipte om de buizen te bevestigen en vervolgens improviseerde waar toegang te moeilijk was. Op deze plekken, die onmogelijk goed te lassen waren, gebruikte hij... kauwgom, die hij vervolgens in dezelfde kleur verfde als de rest van de rolbeugel, gewoon om de controleurs voor de gek te houden.<\/p>\n\n\n\n<h2 class=\"wp-block-heading\">Een onverwacht podium<\/h2>\n\n\n\n<p>Tegen alle verwachtingen in slaagde de auto voor de test en nam hij de start. Deze gewaagde DIY-move weerhield Tavares er niet van om een goede prestatie neer te zetten: hij eindigde als 2e in zijn klasse en als 10e algemeen.<br>Die dag won de toekomstige ex-patroon van Stellantis zijn allereerste trofee.<\/p>","protected":false},"excerpt":{"rendered":"","protected":false},"author":1,"featured_media":42529,"comment_status":"open","ping_status":"open","sticky":false,"template":"","format":"standard","meta":{"_acf_changed":false,"_sitemap_exclude":false,"_sitemap_priority":"","_sitemap_frequency":"","footnotes":""},"categories":[22],"tags":[398],"class_list":["post-42514","post","type-post","status-publish","format-standard","has-post-thumbnail","hentry","category-alfa-romeo","tag-carlos-tavares","generate-columns","tablet-grid-50","mobile-grid-100","grid-parent","grid-33"],"acf":[],"yoast_head":"<!-- This site is optimized with the Yoast SEO plugin v25.8 - https:\/\/yoast.com\/wordpress\/plugins\/seo\/ -->\n<title>Carlos Tavares : ma premi\u00e8re voiture de course, une Alfa Romeo Alfasud Sprint, soud\u00e9e au chewing-gum - ItalPassion<\/title>\n<meta name=\"description\" content=\"Image illustration g\u00e9n\u00e9r\u00e9e par IA par Italpassion Pr\u00e8s d\u2019un an apr\u00e8s sa d\u00e9mission de la direction g\u00e9n\u00e9rale de Stellantis, remplac\u00e9 depuis juin 2025 par\" \/>\n<meta name=\"robots\" content=\"index, follow, max-snippet:-1, max-image-preview:large, max-video-preview:-1\" \/>\n<link rel=\"canonical\" href=\"https:\/\/www.italpassion.fr\/nl\/alfa-romeo\/carlos-tavares-mijn-eerste-raceauto-een-alfa-romeo-alfasud-sprint-gelast-met-kauwgom\/\" \/>\n<meta property=\"og:locale\" content=\"nl_NL\" \/>\n<meta property=\"og:type\" content=\"article\" \/>\n<meta property=\"og:title\" content=\"Carlos Tavares : ma premi\u00e8re voiture de course, une Alfa Romeo Alfasud Sprint, soud\u00e9e au chewing-gum - ItalPassion\" \/>\n<meta property=\"og:description\" content=\"Image illustration g\u00e9n\u00e9r\u00e9e par IA par Italpassion Pr\u00e8s d\u2019un an apr\u00e8s sa d\u00e9mission de la direction g\u00e9n\u00e9rale de Stellantis, remplac\u00e9 depuis juin 2025 par\" \/>\n<meta property=\"og:url\" content=\"https:\/\/www.italpassion.fr\/nl\/alfa-romeo\/carlos-tavares-mijn-eerste-raceauto-een-alfa-romeo-alfasud-sprint-gelast-met-kauwgom\/\" \/>\n<meta property=\"og:site_name\" content=\"ItalPassion\" \/>\n<meta property=\"article:publisher\" content=\"https:\/\/www.facebook.com\/italpassion\" \/>\n<meta property=\"article:published_time\" content=\"2025-10-28T07:01:54+00:00\" \/>\n<meta property=\"og:image\" content=\"https:\/\/www.italpassion.fr\/wp-content\/uploads\/2025\/10\/alfa-romeo-alfasud.jpg\" \/>\n\t<meta property=\"og:image:width\" content=\"1200\" \/>\n\t<meta property=\"og:image:height\" content=\"800\" \/>\n\t<meta property=\"og:image:type\" content=\"image\/jpeg\" \/>\n<meta name=\"author\" content=\"Alexandre Filluzeau\" \/>\n<meta name=\"twitter:card\" content=\"summary_large_image\" \/>\n<meta name=\"twitter:creator\" content=\"@italpassion\" \/>\n<meta name=\"twitter:site\" content=\"@italpassion\" \/>\n<script type=\"application\/ld+json\" class=\"yoast-schema-graph\">{\"@context\":\"https:\/\/schema.org\",\"@graph\":[{\"@type\":\"NewsArticle\",\"@id\":\"https:\/\/www.italpassion.fr\/nl\/alfa-romeo\/carlos-tavares-ma-premiere-voiture-de-course-une-alfa-romeo-alfasud-sprint-soudee-au-chewing-gum\/#article\",\"isPartOf\":{\"@id\":\"https:\/\/www.italpassion.fr\/nl\/alfa-romeo\/carlos-tavares-ma-premiere-voiture-de-course-une-alfa-romeo-alfasud-sprint-soudee-au-chewing-gum\/\"},\"author\":{\"name\":\"Alexandre Filluzeau\",\"@id\":\"https:\/\/www.italpassion.fr\/nl\/#\/schema\/person\/36f747b2a759ca202d847e85a9434ca0\"},\"headline\":\"Carlos Tavares : ma premi\u00e8re voiture de course, une Alfa Romeo Alfasud Sprint, soud\u00e9e au chewing-gum\",\"datePublished\":\"2025-10-28T07:01:54+00:00\",\"mainEntityOfPage\":{\"@id\":\"https:\/\/www.italpassion.fr\/nl\/alfa-romeo\/carlos-tavares-ma-premiere-voiture-de-course-une-alfa-romeo-alfasud-sprint-soudee-au-chewing-gum\/\"},\"wordCount\":397,\"commentCount\":7,\"publisher\":{\"@id\":\"https:\/\/www.italpassion.fr\/nl\/#organization\"},\"image\":{\"@id\":\"https:\/\/www.italpassion.fr\/nl\/alfa-romeo\/carlos-tavares-ma-premiere-voiture-de-course-une-alfa-romeo-alfasud-sprint-soudee-au-chewing-gum\/#primaryimage\"},\"thumbnailUrl\":\"https:\/\/www.italpassion.fr\/wp-content\/uploads\/2025\/10\/alfa-romeo-alfasud.jpg\",\"keywords\":[\"Carlos Tavares\"],\"articleSection\":[\"Alfa Romeo\"],\"inLanguage\":\"nl-NL\",\"potentialAction\":[{\"@type\":\"CommentAction\",\"name\":\"Comment\",\"target\":[\"https:\/\/www.italpassion.fr\/nl\/alfa-romeo\/carlos-tavares-ma-premiere-voiture-de-course-une-alfa-romeo-alfasud-sprint-soudee-au-chewing-gum\/#respond\"]}]},{\"@type\":\"WebPage\",\"@id\":\"https:\/\/www.italpassion.fr\/nl\/alfa-romeo\/carlos-tavares-ma-premiere-voiture-de-course-une-alfa-romeo-alfasud-sprint-soudee-au-chewing-gum\/\",\"url\":\"https:\/\/www.italpassion.fr\/nl\/alfa-romeo\/carlos-tavares-ma-premiere-voiture-de-course-une-alfa-romeo-alfasud-sprint-soudee-au-chewing-gum\/\",\"name\":\"Carlos Tavares : ma premi\u00e8re voiture de course, une Alfa Romeo Alfasud Sprint, soud\u00e9e au chewing-gum - ItalPassion\",\"isPartOf\":{\"@id\":\"https:\/\/www.italpassion.fr\/nl\/#website\"},\"primaryImageOfPage\":{\"@id\":\"https:\/\/www.italpassion.fr\/nl\/alfa-romeo\/carlos-tavares-ma-premiere-voiture-de-course-une-alfa-romeo-alfasud-sprint-soudee-au-chewing-gum\/#primaryimage\"},\"image\":{\"@id\":\"https:\/\/www.italpassion.fr\/nl\/alfa-romeo\/carlos-tavares-ma-premiere-voiture-de-course-une-alfa-romeo-alfasud-sprint-soudee-au-chewing-gum\/#primaryimage\"},\"thumbnailUrl\":\"https:\/\/www.italpassion.fr\/wp-content\/uploads\/2025\/10\/alfa-romeo-alfasud.jpg\",\"datePublished\":\"2025-10-28T07:01:54+00:00\",\"description\":\"Image illustration g\u00e9n\u00e9r\u00e9e par IA par Italpassion Pr\u00e8s d\u2019un an apr\u00e8s sa d\u00e9mission de la direction g\u00e9n\u00e9rale de Stellantis, remplac\u00e9 depuis juin 2025 par\",\"breadcrumb\":{\"@id\":\"https:\/\/www.italpassion.fr\/nl\/alfa-romeo\/carlos-tavares-ma-premiere-voiture-de-course-une-alfa-romeo-alfasud-sprint-soudee-au-chewing-gum\/#breadcrumb\"},\"inLanguage\":\"nl-NL\",\"potentialAction\":[{\"@type\":\"ReadAction\",\"target\":[\"https:\/\/www.italpassion.fr\/nl\/alfa-romeo\/carlos-tavares-ma-premiere-voiture-de-course-une-alfa-romeo-alfasud-sprint-soudee-au-chewing-gum\/\"]}]},{\"@type\":\"ImageObject\",\"inLanguage\":\"nl-NL\",\"@id\":\"https:\/\/www.italpassion.fr\/nl\/alfa-romeo\/carlos-tavares-ma-premiere-voiture-de-course-une-alfa-romeo-alfasud-sprint-soudee-au-chewing-gum\/#primaryimage\",\"url\":\"https:\/\/www.italpassion.fr\/wp-content\/uploads\/2025\/10\/alfa-romeo-alfasud.jpg\",\"contentUrl\":\"https:\/\/www.italpassion.fr\/wp-content\/uploads\/2025\/10\/alfa-romeo-alfasud.jpg\",\"width\":1200,\"height\":800},{\"@type\":\"BreadcrumbList\",\"@id\":\"https:\/\/www.italpassion.fr\/nl\/alfa-romeo\/carlos-tavares-ma-premiere-voiture-de-course-une-alfa-romeo-alfasud-sprint-soudee-au-chewing-gum\/#breadcrumb\",\"itemListElement\":[{\"@type\":\"ListItem\",\"position\":1,\"name\":\"Accueil\",\"item\":\"https:\/\/www.italpassion.fr\/nl\/\"},{\"@type\":\"ListItem\",\"position\":2,\"name\":\"Carlos Tavares : ma premi\u00e8re voiture de course, une Alfa Romeo Alfasud Sprint, soud\u00e9e au chewing-gum\"}]},{\"@type\":\"WebSite\",\"@id\":\"https:\/\/www.italpassion.fr\/nl\/#website\",\"url\":\"https:\/\/www.italpassion.fr\/nl\/\",\"name\":\"ItalPassion\",\"description\":\"Les Passionn\u00e9s d&#039;Automobiles Italiennes\",\"publisher\":{\"@id\":\"https:\/\/www.italpassion.fr\/nl\/#organization\"},\"potentialAction\":[{\"@type\":\"SearchAction\",\"target\":{\"@type\":\"EntryPoint\",\"urlTemplate\":\"https:\/\/www.italpassion.fr\/nl\/?s={search_term_string}\"},\"query-input\":{\"@type\":\"PropertyValueSpecification\",\"valueRequired\":true,\"valueName\":\"search_term_string\"}}],\"inLanguage\":\"nl-NL\"},{\"@type\":\"Organization\",\"@id\":\"https:\/\/www.italpassion.fr\/nl\/#organization\",\"name\":\"Italpassion\",\"url\":\"https:\/\/www.italpassion.fr\/nl\/\",\"logo\":{\"@type\":\"ImageObject\",\"inLanguage\":\"nl-NL\",\"@id\":\"https:\/\/www.italpassion.fr\/nl\/#\/schema\/logo\/image\/\",\"url\":\"https:\/\/www.italpassion.fr\/wp-content\/uploads\/2023\/07\/italpassion-yoast.jpg\",\"contentUrl\":\"https:\/\/www.italpassion.fr\/wp-content\/uploads\/2023\/07\/italpassion-yoast.jpg\",\"width\":696,\"height\":696,\"caption\":\"Italpassion\"},\"image\":{\"@id\":\"https:\/\/www.italpassion.fr\/nl\/#\/schema\/logo\/image\/\"},\"sameAs\":[\"https:\/\/www.facebook.com\/italpassion\",\"https:\/\/x.com\/italpassion\",\"https:\/\/www.instagram.com\/italpassionfr\/\",\"https:\/\/www.youtube.com\/channel\/UCleq-ByQaA42OjhopwevRjQ\",\"https:\/\/www.facebook.com\/italpassion.en\/\",\"https:\/\/www.facebook.com\/italpassion.it\/\",\"https:\/\/www.facebook.com\/italpassion.de\/\",\"https:\/\/www.facebook.com\/italpassion.ja\/\"]},{\"@type\":\"Person\",\"@id\":\"https:\/\/www.italpassion.fr\/nl\/#\/schema\/person\/36f747b2a759ca202d847e85a9434ca0\",\"name\":\"Alexandre Filluzeau\",\"image\":{\"@type\":\"ImageObject\",\"inLanguage\":\"nl-NL\",\"@id\":\"https:\/\/www.italpassion.fr\/nl\/#\/schema\/person\/image\/\",\"url\":\"https:\/\/www.italpassion.fr\/wp-content\/uploads\/2025\/04\/avatar-alexandre-160x160.jpg\",\"contentUrl\":\"https:\/\/www.italpassion.fr\/wp-content\/uploads\/2025\/04\/avatar-alexandre-160x160.jpg\",\"caption\":\"Alexandre Filluzeau\"},\"description\":\"Fondateur du site ItalPassion, passionn\u00e9 de voitures italiennes et de l'Italie en g\u00e9n\u00e9ral. J'apporte un regard critique et technique aux actualit\u00e9s des marques italiennes quand cela est possible. Propri\u00e9taire d'une Maserati GranTurismo, Alfa Romeo MiTo, Lancia Fulvia et Ducati 695. Ex-propri\u00e9taire d'une Alfa Romeo Giulia.\",\"sameAs\":[\"https:\/\/www.italpassion.fr\/\"],\"url\":\"https:\/\/www.italpassion.fr\/nl\/author\/alexandre\/\"}]}<\/script>\n<!-- \/ Yoast SEO plugin. -->","yoast_head_json":{"title":"Carlos Tavares: mijn eerste raceauto, een Alfa Romeo Alfasud Sprint, gelast met kauwgom - ItalPassion","description":"Afbeelding gegenereerd door AI by Italpassion Bijna een jaar na zijn ontslag als CEO van Stellantis, sinds juni 2025 vervangen door","robots":{"index":"index","follow":"follow","max-snippet":"max-snippet:-1","max-image-preview":"max-image-preview:large","max-video-preview":"max-video-preview:-1"},"canonical":"https:\/\/www.italpassion.fr\/nl\/alfa-romeo\/carlos-tavares-mijn-eerste-raceauto-een-alfa-romeo-alfasud-sprint-gelast-met-kauwgom\/","og_locale":"nl_NL","og_type":"article","og_title":"Carlos Tavares : ma premi\u00e8re voiture de course, une Alfa Romeo Alfasud Sprint, soud\u00e9e au chewing-gum - ItalPassion","og_description":"Image illustration g\u00e9n\u00e9r\u00e9e par IA par Italpassion Pr\u00e8s d\u2019un an apr\u00e8s sa d\u00e9mission de la direction g\u00e9n\u00e9rale de Stellantis, remplac\u00e9 depuis juin 2025 par","og_url":"https:\/\/www.italpassion.fr\/nl\/alfa-romeo\/carlos-tavares-mijn-eerste-raceauto-een-alfa-romeo-alfasud-sprint-gelast-met-kauwgom\/","og_site_name":"ItalPassion","article_publisher":"https:\/\/www.facebook.com\/italpassion","article_published_time":"2025-10-28T07:01:54+00:00","og_image":[{"width":1200,"height":800,"url":"https:\/\/www.italpassion.fr\/wp-content\/uploads\/2025\/10\/alfa-romeo-alfasud.jpg","type":"image\/jpeg"}],"author":"Alexandre Filluzeau","twitter_card":"summary_large_image","twitter_creator":"@italpassion","twitter_site":"@italpassion","schema":{"@context":"https:\/\/schema.org","@graph":[{"@type":"NewsArticle","@id":"https:\/\/www.italpassion.fr\/nl\/alfa-romeo\/carlos-tavares-ma-premiere-voiture-de-course-une-alfa-romeo-alfasud-sprint-soudee-au-chewing-gum\/#article","isPartOf":{"@id":"https:\/\/www.italpassion.fr\/nl\/alfa-romeo\/carlos-tavares-ma-premiere-voiture-de-course-une-alfa-romeo-alfasud-sprint-soudee-au-chewing-gum\/"},"author":{"name":"Alexandre Filluzeau","@id":"https:\/\/www.italpassion.fr\/nl\/#\/schema\/person\/36f747b2a759ca202d847e85a9434ca0"},"headline":"Carlos Tavares : ma premi\u00e8re voiture de course, une Alfa Romeo Alfasud Sprint, soud\u00e9e au chewing-gum","datePublished":"2025-10-28T07:01:54+00:00","mainEntityOfPage":{"@id":"https:\/\/www.italpassion.fr\/nl\/alfa-romeo\/carlos-tavares-ma-premiere-voiture-de-course-une-alfa-romeo-alfasud-sprint-soudee-au-chewing-gum\/"},"wordCount":397,"commentCount":7,"publisher":{"@id":"https:\/\/www.italpassion.fr\/nl\/#organization"},"image":{"@id":"https:\/\/www.italpassion.fr\/nl\/alfa-romeo\/carlos-tavares-ma-premiere-voiture-de-course-une-alfa-romeo-alfasud-sprint-soudee-au-chewing-gum\/#primaryimage"},"thumbnailUrl":"https:\/\/www.italpassion.fr\/wp-content\/uploads\/2025\/10\/alfa-romeo-alfasud.jpg","keywords":["Carlos Tavares"],"articleSection":["Alfa Romeo"],"inLanguage":"nl-NL","potentialAction":[{"@type":"CommentAction","name":"Comment","target":["https:\/\/www.italpassion.fr\/nl\/alfa-romeo\/carlos-tavares-ma-premiere-voiture-de-course-une-alfa-romeo-alfasud-sprint-soudee-au-chewing-gum\/#respond"]}]},{"@type":"WebPage","@id":"https:\/\/www.italpassion.fr\/nl\/alfa-romeo\/carlos-tavares-ma-premiere-voiture-de-course-une-alfa-romeo-alfasud-sprint-soudee-au-chewing-gum\/","url":"https:\/\/www.italpassion.fr\/nl\/alfa-romeo\/carlos-tavares-ma-premiere-voiture-de-course-une-alfa-romeo-alfasud-sprint-soudee-au-chewing-gum\/","name":"Carlos Tavares: mijn eerste raceauto, een Alfa Romeo Alfasud Sprint, gelast met kauwgom - ItalPassion","isPartOf":{"@id":"https:\/\/www.italpassion.fr\/nl\/#website"},"primaryImageOfPage":{"@id":"https:\/\/www.italpassion.fr\/nl\/alfa-romeo\/carlos-tavares-ma-premiere-voiture-de-course-une-alfa-romeo-alfasud-sprint-soudee-au-chewing-gum\/#primaryimage"},"image":{"@id":"https:\/\/www.italpassion.fr\/nl\/alfa-romeo\/carlos-tavares-ma-premiere-voiture-de-course-une-alfa-romeo-alfasud-sprint-soudee-au-chewing-gum\/#primaryimage"},"thumbnailUrl":"https:\/\/www.italpassion.fr\/wp-content\/uploads\/2025\/10\/alfa-romeo-alfasud.jpg","datePublished":"2025-10-28T07:01:54+00:00","description":"Afbeelding gegenereerd door AI by Italpassion Bijna een jaar na zijn ontslag als CEO van Stellantis, sinds juni 2025 vervangen door","breadcrumb":{"@id":"https:\/\/www.italpassion.fr\/nl\/alfa-romeo\/carlos-tavares-ma-premiere-voiture-de-course-une-alfa-romeo-alfasud-sprint-soudee-au-chewing-gum\/#breadcrumb"},"inLanguage":"nl-NL","potentialAction":[{"@type":"ReadAction","target":["https:\/\/www.italpassion.fr\/nl\/alfa-romeo\/carlos-tavares-ma-premiere-voiture-de-course-une-alfa-romeo-alfasud-sprint-soudee-au-chewing-gum\/"]}]},{"@type":"ImageObject","inLanguage":"nl-NL","@id":"https:\/\/www.italpassion.fr\/nl\/alfa-romeo\/carlos-tavares-ma-premiere-voiture-de-course-une-alfa-romeo-alfasud-sprint-soudee-au-chewing-gum\/#primaryimage","url":"https:\/\/www.italpassion.fr\/wp-content\/uploads\/2025\/10\/alfa-romeo-alfasud.jpg","contentUrl":"https:\/\/www.italpassion.fr\/wp-content\/uploads\/2025\/10\/alfa-romeo-alfasud.jpg","width":1200,"height":800},{"@type":"BreadcrumbList","@id":"https:\/\/www.italpassion.fr\/nl\/alfa-romeo\/carlos-tavares-ma-premiere-voiture-de-course-une-alfa-romeo-alfasud-sprint-soudee-au-chewing-gum\/#breadcrumb","itemListElement":[{"@type":"ListItem","position":1,"name":"Accueil","item":"https:\/\/www.italpassion.fr\/nl\/"},{"@type":"ListItem","position":2,"name":"Carlos Tavares : ma premi\u00e8re voiture de course, une Alfa Romeo Alfasud Sprint, soud\u00e9e au chewing-gum"}]},{"@type":"WebSite","@id":"https:\/\/www.italpassion.fr\/nl\/#website","url":"https:\/\/www.italpassion.fr\/nl\/","name":"ItalPassion","description":"Italiaanse autoliefhebbers","publisher":{"@id":"https:\/\/www.italpassion.fr\/nl\/#organization"},"potentialAction":[{"@type":"SearchAction","target":{"@type":"EntryPoint","urlTemplate":"https:\/\/www.italpassion.fr\/nl\/?s={search_term_string}"},"query-input":{"@type":"PropertyValueSpecification","valueRequired":true,"valueName":"search_term_string"}}],"inLanguage":"nl-NL"},{"@type":"Organization","@id":"https:\/\/www.italpassion.fr\/nl\/#organization","name":"Italpassion","url":"https:\/\/www.italpassion.fr\/nl\/","logo":{"@type":"ImageObject","inLanguage":"nl-NL","@id":"https:\/\/www.italpassion.fr\/nl\/#\/schema\/logo\/image\/","url":"https:\/\/www.italpassion.fr\/wp-content\/uploads\/2023\/07\/italpassion-yoast.jpg","contentUrl":"https:\/\/www.italpassion.fr\/wp-content\/uploads\/2023\/07\/italpassion-yoast.jpg","width":696,"height":696,"caption":"Italpassion"},"image":{"@id":"https:\/\/www.italpassion.fr\/nl\/#\/schema\/logo\/image\/"},"sameAs":["https:\/\/www.facebook.com\/italpassion","https:\/\/x.com\/italpassion","https:\/\/www.instagram.com\/italpassionfr\/","https:\/\/www.youtube.com\/channel\/UCleq-ByQaA42OjhopwevRjQ","https:\/\/www.facebook.com\/italpassion.en\/","https:\/\/www.facebook.com\/italpassion.it\/","https:\/\/www.facebook.com\/italpassion.de\/","https:\/\/www.facebook.com\/italpassion.ja\/"]},{"@type":"Person","@id":"https:\/\/www.italpassion.fr\/nl\/#\/schema\/person\/36f747b2a759ca202d847e85a9434ca0","name":"Alexandre Filluzeau","image":{"@type":"ImageObject","inLanguage":"nl-NL","@id":"https:\/\/www.italpassion.fr\/nl\/#\/schema\/person\/image\/","url":"https:\/\/www.italpassion.fr\/wp-content\/uploads\/2025\/04\/avatar-alexandre-160x160.jpg","contentUrl":"https:\/\/www.italpassion.fr\/wp-content\/uploads\/2025\/04\/avatar-alexandre-160x160.jpg","caption":"Alexandre Filluzeau"},"description":"Oprichter van de website ItalPassion, gepassioneerd door Italiaanse auto's en Itali\u00eb in het algemeen. Waar mogelijk breng ik een kritisch en technisch oog naar nieuws over Italiaanse merken. Eigenaar van een Maserati GranTurismo, Alfa Romeo MiTo, Lancia Fulvia en Ducati 695. Ex-eigenaar van een Alfa Romeo Giulia.","sameAs":["https:\/\/www.italpassion.fr\/"],"url":"https:\/\/www.italpassion.fr\/nl\/author\/alexandre\/"}]}},"_links":{"self":[{"href":"https:\/\/www.italpassion.fr\/nl\/wp-json\/wp\/v2\/posts\/42514","targetHints":{"allow":["GET"]}}],"collection":[{"href":"https:\/\/www.italpassion.fr\/nl\/wp-json\/wp\/v2\/posts"}],"about":[{"href":"https:\/\/www.italpassion.fr\/nl\/wp-json\/wp\/v2\/types\/post"}],"author":[{"embeddable":true,"href":"https:\/\/www.italpassion.fr\/nl\/wp-json\/wp\/v2\/users\/1"}],"replies":[{"embeddable":true,"href":"https:\/\/www.italpassion.fr\/nl\/wp-json\/wp\/v2\/comments?post=42514"}],"version-history":[{"count":3,"href":"https:\/\/www.italpassion.fr\/nl\/wp-json\/wp\/v2\/posts\/42514\/revisions"}],"predecessor-version":[{"id":42547,"href":"https:\/\/www.italpassion.fr\/nl\/wp-json\/wp\/v2\/posts\/42514\/revisions\/42547"}],"wp:featuredmedia":[{"embeddable":true,"href":"https:\/\/www.italpassion.fr\/nl\/wp-json\/wp\/v2\/media\/42529"}],"wp:attachment":[{"href":"https:\/\/www.italpassion.fr\/nl\/wp-json\/wp\/v2\/media?parent=42514"}],"wp:term":[{"taxonomy":"category","embeddable":true,"href":"https:\/\/www.italpassion.fr\/nl\/wp-json\/wp\/v2\/categories?post=42514"},{"taxonomy":"post_tag","embeddable":true,"href":"https:\/\/www.italpassion.fr\/nl\/wp-json\/wp\/v2\/tags?post=42514"}],"curies":[{"name":"wp","href":"https:\/\/api.w.org\/{rel}","templated":true}]}}